{"id":7433,"date":"2022-05-11T19:32:30","date_gmt":"2022-05-11T17:32:30","guid":{"rendered":"http:\/\/just-now.news\/de\/deutschland\/hat-das-ukrainische-establishment-die-entscheidungshoheit-ueber-deutsche-sanktionen\/"},"modified":"2022-05-11T19:32:30","modified_gmt":"2022-05-11T17:32:30","slug":"hat-das-ukrainische-establishment-die-entscheidungshoheit-ueber-deutsche-sanktionen","status":"publish","type":"post","link":"https:\/\/now-news.de\/de\/deutschland\/hat-das-ukrainische-establishment-die-entscheidungshoheit-ueber-deutsche-sanktionen\/","title":{"rendered":"Hat das ukrainische Establishment die Entscheidungshoheit \u00fcber deutsche Sanktionen?"},"content":{"rendered":"<div class=\"Text-root Text-type_5 ArticleView-text ViewText-root \">\n<p><em>Eine Analyse von Igor Malzew<\/em><\/p>\n<div class=\"ReadMore-root Section-root Section-is1to3-xs_is1to1\" data-widgets=\"ReadMore\" data-has-alias>\n<div class=\"Section-container Section-isRow-isTop-isWrap\">\n<article class=\"Card-root Card-is1to1 \">\n<div class=\"Card-imageWrap\">\n<div class=\"Card-picture\">\n<picture class=\"Picture-root Picture-default\"><!--[if IE 9]><video style=\"display: none;\"><![endif]--><source media=\"(-webkit-min-device-pixel-ratio: 2) and (min-resolution: 120dpi)\" data-srcset=\" \nhttp:\/\/just-now.news\/de\/wp-content\/uploads\/sites\/3\/2022\/05\/627a923548fbef0eb10cee5d.jpg 850w,\n                http:\/\/just-now.news\/de\/wp-content\/uploads\/sites\/3\/2022\/05\/Die-Ukraine-die-Deutschen-und-der-Faschismus-Von-einer-wechselseitigen.jpg 1960w,\n            \" ><source data-srcset=\" \nhttp:\/\/just-now.news\/de\/wp-content\/uploads\/sites\/3\/2022\/05\/627a923548fbef0eb10cee5d.jpg 460w,\n              http:\/\/just-now.news\/de\/wp-content\/uploads\/sites\/3\/2022\/05\/Die-Ukraine-die-Deutschen-und-der-Faschismus-Von-einer-wechselseitigen.jpg 980w,\n            \" ><!--[if IE 9]><\/video><![endif]--><\/source><\/source><\/picture><!-- noscript pattern --><noscript><img decoding=\"async\" src=\"http:\/\/just-now.news\/de\/wp-content\/uploads\/sites\/3\/2022\/05\/Die-Ukraine-die-Deutschen-und-der-Faschismus-Von-einer-wechselseitigen.jpg\" alt=\"Die Ukraine, die Deutschen und der Faschismus. Von einer wechselseitigen Beziehung\"><\/noscript>    <\/div><\/div>\n<div class=\"Card-contentWrap\">\n<div class=\"Card-label\">\n            <span class=\"Label-root\"><br \/>\n                Meinung<br \/>\n            <\/span>\n        <\/div>\n<div class=\"Card-content\">\n<div class=\"Card-title\">\n<div class=\"HeaderNews-root HeaderNews-type_6 \">\n<p>            <a rel=\"nofollow noopener\" target=\"_blank\" href=\"https:\/\/de.rt.com\/meinung\/138105-ukraine-deutschen-und-faschismus-von\/\" class=\"Link-root Link-isFullCard \"><br \/>\n                Die Ukraine, die Deutschen und der Faschismus. Von einer wechselseitigen Beziehung<br \/>\n            <\/a><\/p><\/div><\/div><\/div><\/div>\n<\/article>\n<\/div><\/div>\n<p>Am 5. Mai\u00a0wurde auf der Webseite der Bundesregierung ein <a rel=\"nofollow noopener\" target=\"_blank\" href=\"https:\/\/www.bundesregierung.de\/breg-de\/suche\/interview-bundeskanzler-stern-2030338\">Interview<\/a> mit Bundeskanzler Olaf Scholz f\u00fcr das Magazin <em>Stern<\/em> ver\u00f6ffentlicht. Und ich sage Ihnen: Es ist ein sehr eigenartiges Interview, voller innerer Widerspr\u00fcche bez\u00fcglich milit\u00e4rischer Ma\u00dfnahmen und der europ\u00e4ischen Verh\u00e4ltnisse. Zun\u00e4chst wird daraus ersichtlich, wie sehr sich die Sozialdemokratie in Europa ver\u00e4ndert hat, wie sehr sie ihre eigenen Programme und Ideale verraten hat.<\/p>\n<p>Prompt\u00a0erinnert der Interviewer Scholz daran, dass\u00a0dieser als junger Politiker im Jahr 1981 in Bonn an der Organisation einer Gro\u00dfdemonstration von 300.000 Menschen gegen die Aufr\u00fcstung der NATO beteiligt war \u2013 die erste von insgesamt drei in der BRD. Der Kanzler antwortet:<\/p>\n<blockquote>\n<p>&#8220;<em>Ich habe den Kriegsdienst mit der Waffe Ende der 1970er Jahre aus einer Reihe von Gr\u00fcnden verweigert, die mich damals umgetrieben haben. Heute betrachte ich die Dinge anders. Seit 1998 habe ich als Bundestagsabgeordneter vielen Auslandseins\u00e4tzen der Bundeswehr aus \u00dcberzeugung zugestimmt. Das h\u00e4tte ich nicht machen k\u00f6nnen, wenn ich noch die gleichen Vorstellungen gehabt h\u00e4tte wie 20 Jahre davor<\/em>.&#8221;<\/p>\n<\/blockquote>\n<p>Der <em>Stern<\/em> provoziert:<\/p>\n<blockquote>\n<p>&#8220;<em>Der russische Pr\u00e4sident Wladimir Putin soll Ihnen in einem Telefonat sogar direkt mit einem atomaren Schlag gegen Deutschland gedroht haben<\/em>.&#8221;<\/p>\n<\/blockquote>\n<p>Scholz:<\/p>\n<blockquote>\n<p>&#8220;<em>Das ist Unfug<\/em>.&#8221;<\/p>\n<\/blockquote>\n<p>Stern:<\/p>\n<blockquote>\n<p>&#8220;<em>Wann haben Sie das letzte Mal mit Putin gesprochen?<\/em>&#8220;<\/p>\n<\/blockquote>\n<p>Scholz:<\/p>\n<blockquote>\n<p>&#8220;<em>Vor vier Wochen. Wenn es etwas zu bereden gibt, werde ich den Kontakt wieder aufnehmen. Unsere Priorit\u00e4t ist eindeutig: Die Kampfhandlungen m\u00fcssen sofort beendet werden<\/em>.&#8221;<\/p>\n<\/blockquote>\n<p>Stern:<\/p>\n<blockquote>\n<p>&#8220;<em>Das geht doch aber nur mit Putin. Ist er erreichbar f\u00fcr Argumente?<\/em>&#8220;<\/p>\n<\/blockquote>\n<p>Scholz:<\/p>\n<blockquote>\n<p>&#8220;<em>Er h\u00f6rte sich jedenfalls an, was wir alle ihm in den Telefonaten und Gespr\u00e4chen zu sagen hatten<\/em>.&#8221;<\/p>\n<\/blockquote>\n<p>Der Bundeskanzler weiter:<\/p>\n<blockquote>\n<p>&#8220;<em>Wenn es zu einer Vereinbarung kommt, wird der ukrainische Pr\u00e4sident wohl mit dem russischen an einem Tisch sitzen, um sie zu unterzeichnen. Das eigentliche Problem ist doch, dass wir davon noch viel zu weit entfernt sind. (&#8230;) Ganz klar ist: Die Ukraine verhandelt mit Russland, niemand sonst. Wir beraten und unterst\u00fctzen die Ukraine dabei, auch diplomatisch, gemeinsam mit anderen L\u00e4ndern. Aber es darf nicht sein, dass andere f\u00fcr die Ukraine oder \u00fcber die Ukraine entscheiden<\/em>.&#8221;<\/p>\n<\/blockquote>\n<p>Hier ist der Kanzler schlichtweg unaufrichtig. Schon die Entscheidung schwere R\u00fcstungsg\u00fcter in die Ukraine zu liefern an sich, darunter 50 Exemplare der Flugabwehrpanzer Gepard, ist nicht nur ein Versto\u00df gegen die bisherigen Prinzipien deutscher Politik, sondern eine direkte Einmischung in das Schicksal der Ukraine, nicht wahr?<\/p>\n<p>Dann\u00a0erlaubt sich Scholz einen erstaunlichen Fauxpas:<\/p>\n<blockquote>\n<p>&#8220;<em>Er (Putin) wird sich aber mit der Ukraine einigen m\u00fcssen. Wir werden unsere Sanktionen doch nur im Einvernehmen mit der Ukraine zur\u00fccknehmen k\u00f6nnen und wollen. Ich glaube, im Kreml haben das viele noch nicht begriffen. F\u00fcr Russland hat das verheerende Folgen<\/em>.&#8221;<\/p>\n<\/blockquote>\n<div class=\"ReadMore-root Section-root Section-is1to3-xs_is1to1\" data-widgets=\"ReadMore\" data-has-alias>\n<div class=\"Section-container Section-isRow-isTop-isWrap\">\n<article class=\"Card-root Card-is1to1 \">\n<div class=\"Card-imageWrap\">\n<div class=\"Card-picture\">\n<picture class=\"Picture-root Picture-default\"><!--[if IE 9]><video style=\"display: none;\"><![endif]--><source media=\"(-webkit-min-device-pixel-ratio: 2) and (min-resolution: 120dpi)\" data-srcset=\" \nhttp:\/\/just-now.news\/de\/wp-content\/uploads\/sites\/3\/2022\/04\/Die-Dreistigkeit-der-Bellizisten.jpg 850w,\n                http:\/\/just-now.news\/de\/wp-content\/uploads\/sites\/3\/2022\/05\/626252b048fbef2967184368.jpg 1960w,\n            \" ><source data-srcset=\" \nhttp:\/\/just-now.news\/de\/wp-content\/uploads\/sites\/3\/2022\/04\/Die-Dreistigkeit-der-Bellizisten.jpg 460w,\n              http:\/\/just-now.news\/de\/wp-content\/uploads\/sites\/3\/2022\/05\/626252b048fbef2967184368.jpg 980w,\n            \" ><!--[if IE 9]><\/video><![endif]--><img decoding=\"async\" data- src=\"data:image\/png;base64,iVBORw0KGgoAAAANSUhEUgAAABAAAAAJCAQAAACRI2S5AAAAEElEQVR42mNkIAAYRxWAAQAG9gAKqv6+AwAAAABJRU5ErkJggg==\" class=\"Picture-root Picture-default lazyload\" data-src=\"http:\/\/just-now.news\/de\/wp-content\/uploads\/sites\/3\/2022\/04\/Die-Dreistigkeit-der-Bellizisten.jpg\" alt=\"Die Dreistigkeit der Bellizisten\"><\/source><\/source><\/picture><!-- noscript pattern --><noscript><img decoding=\"async\" src=\"http:\/\/just-now.news\/de\/wp-content\/uploads\/sites\/3\/2022\/05\/626252b048fbef2967184368.jpg\" alt=\"Die Dreistigkeit der Bellizisten\"><\/noscript>    <\/div><\/div>\n<div class=\"Card-contentWrap\">\n<div class=\"Card-label\">\n            <span class=\"Label-root\"><br \/>\n                Meinung<br \/>\n            <\/span>\n        <\/div>\n<div class=\"Card-content\">\n<div class=\"Card-title\">\n<div class=\"HeaderNews-root HeaderNews-type_6 \">\n<p>            <a rel=\"nofollow noopener\" target=\"_blank\" href=\"https:\/\/de.rt.com\/meinung\/136729-dreistigkeit-bellizisten\/\" class=\"Link-root Link-isFullCard \"><br \/>\n                Die Dreistigkeit der Bellizisten<br \/>\n            <\/a><\/p><\/div><\/div><\/div><\/div>\n<\/article>\n<\/div><\/div>\n<p>Das hei\u00dft, das Schicksal der deutschen (europ\u00e4ischen) Sanktionen wird nun vom ukrainischen &#8220;Establishment&#8221; und nicht von der deutschen Regierung entschieden. Hervorragend. Dies bedeutet in erster Linie, dass alles von den Amerikanern entschieden wird, und der Traum der Ukrainer ist, dass die Sanktionen f\u00fcr immer bestehen bleiben. Noch ein Grund, warum es n\u00f6tig ist, dass es kein ukrainisches &#8220;Establishment&#8221; mehr gibt. Anderenfalls wird Botschafter Melnyk f\u00fcr immer mit einem Portr\u00e4t seines geliebten Bandera \u00fcber dem Bundestag schweben. Und dies w\u00e4re eine ziemliche Dem\u00fctigung f\u00fcr den deutschen Staat.<\/p>\n<p><em>\u00dcbersetzt aus dem <a rel=\"nofollow noopener\" target=\"_blank\" href=\"https:\/\/russian.rt.com\/opinion\/999385-malcev-germaniya-sholc-intervyu-sankcii-rossiya-ukraina\">Russischen<\/a><\/em><em>.\u00a0<\/em><\/p>\n<p><em><strong>Igor Malzew<\/strong>\u00a0ist ein russischer Journalist und Schriftsteller, war und ist teils noch immer Kolumnist, politischer Kommentator und Beobachter f\u00fcr zahlreiche russische Bl\u00e4tter, stellvertretender Chefredakteur\u00a0der Iswestija,\u00a0erster Chefredakteur der Medwed, Chefredakteur und Gr\u00fcnder des Automobilressorts beim Kommersant. Er ist regelm\u00e4\u00dfiger Kolumnist beim russischen Zweig von RT.<\/em><\/p>\n<p><strong>Mehr zum Thema<\/strong> &#8211; <a rel=\"nofollow noopener\" target=\"_blank\" href=\"https:\/\/de.rt.com\/meinung\/137600-melnyk-bezeichnet-scholz-als-beleidigte-leberwurst\/\">Melnyk bezeichnet Scholz als &#8220;beleidigte Leberwurst&#8221; \u2013 Darf ein Botschafter sowas?<\/a><\/p>\n<\/div>\n<p><br \/>\n<br \/><a href=\"https:\/\/de.rt.com\/europa\/138155-hat-ukrainische-establishment-entscheidungshoheit\/\">Source link <\/a><\/p>\n","protected":false},"excerpt":{"rendered":"<p>Eine Analyse von Igor Malzew Meinung Die Ukraine, die Deutschen und der Faschismus. Von einer wechselseitigen Beziehung Am 5. Mai\u00a0wurde auf der Webseite der Bundesregierung ein Interview mit Bundeskanzler Olaf Scholz f\u00fcr das Magazin Stern ver\u00f6ffentlicht. Und ich sage Ihnen: Es ist ein sehr eigenartiges Interview, voller innerer Widerspr\u00fcche bez\u00fcglich milit\u00e4rischer Ma\u00dfnahmen und der europ\u00e4ischen [&hellip;]<\/p>\n","protected":false},"author":3,"featured_media":7434,"comment_status":"open","ping_status":"open","sticky":false,"template":"","format":"standard","meta":{"wp_automatic_camp":["217"],"61a4919b46f992f084f5b93fa0077427":["Hat das ukrainische Establishment die Entscheidungshoheit \u00fcber deutsche Sanktionen?"],"original_link":["https:\/\/de.rt.com\/europa\/138155-hat-ukrainische-establishment-entscheidungshoheit\/"],"_thumbnail_id":["7434"],"wp_automatic_remove_first_image":["yes"],"jnews_social_counter_last_update":["1777232780"]},"categories":[19,23],"tags":[427,2374,45,19703,9079,423,713,139,905],"yoast_head":"<!-- This site is optimized with the Yoast SEO Premium plugin v22.7 (Yoast SEO v22.7) - https:\/\/yoast.com\/wordpress\/plugins\/seo\/ -->\n<title>Hat das ukrainische Establishment die Entscheidungshoheit \u00fcber deutsche Sanktionen? - just-now.NEWS Deutschland<\/title>\n<meta name=\"robots\" content=\"index, follow, max-snippet:-1, max-image-preview:large, max-video-preview:-1\" \/>\n<link rel=\"canonical\" href=\"https:\/\/now-news.de\/de\/deutschland\/hat-das-ukrainische-establishment-die-entscheidungshoheit-ueber-deutsche-sanktionen\/\" \/>\n<meta property=\"og:locale\" content=\"de_DE\" \/>\n<meta property=\"og:type\" content=\"article\" \/>\n<meta property=\"og:title\" content=\"Hat das ukrainische Establishment die Entscheidungshoheit \u00fcber deutsche Sanktionen?\" \/>\n<meta property=\"og:description\" content=\"Eine Analyse von Igor Malzew Meinung Die Ukraine, die Deutschen und der Faschismus. Von einer wechselseitigen Beziehung Am 5. Mai\u00a0wurde auf der Webseite der Bundesregierung ein Interview mit Bundeskanzler Olaf Scholz f\u00fcr das Magazin Stern ver\u00f6ffentlicht. Und ich sage Ihnen: Es ist ein sehr eigenartiges Interview, voller innerer Widerspr\u00fcche bez\u00fcglich milit\u00e4rischer Ma\u00dfnahmen und der europ\u00e4ischen [&hellip;]\" \/>\n<meta property=\"og:url\" content=\"https:\/\/now-news.de\/de\/deutschland\/hat-das-ukrainische-establishment-die-entscheidungshoheit-ueber-deutsche-sanktionen\/\" \/>\n<meta property=\"og:site_name\" content=\"just-now.NEWS Deutschland\" \/>\n<meta property=\"article:publisher\" content=\"https:\/\/www.facebook.com\/wirmachenauf\" \/>\n<meta property=\"article:published_time\" content=\"2022-05-11T17:32:30+00:00\" \/>\n<meta property=\"og:image\" content=\"https:\/\/now-news.de\/de\/wp-content\/uploads\/sites\/3\/2022\/05\/Hat-das-ukrainische-Establishment-die-Entscheidungshoheit-ueber-deutsche-Sanktionen.jpeg\" \/>\n\t<meta property=\"og:image:width\" content=\"1104\" \/>\n\t<meta property=\"og:image:height\" content=\"622\" \/>\n\t<meta property=\"og:image:type\" content=\"image\/jpeg\" \/>\n<meta name=\"author\" content=\"rtnews\" \/>\n<meta name=\"twitter:card\" content=\"summary_large_image\" \/>\n<meta name=\"twitter:creator\" content=\"@WirMachenAuf_de\" \/>\n<meta name=\"twitter:site\" content=\"@WirMachenAuf_de\" \/>\n<meta name=\"twitter:label1\" content=\"Verfasst von\" \/>\n\t<meta name=\"twitter:data1\" content=\"rtnews\" \/>\n\t<meta name=\"twitter:label2\" content=\"Gesch\u00e4tzte Lesezeit\" \/>\n\t<meta name=\"twitter:data2\" content=\"3\u00a0Minuten\" \/>\n<script type=\"application\/ld+json\" class=\"yoast-schema-graph\">{\"@context\":\"https:\/\/schema.org\",\"@graph\":[{\"@type\":\"Article\",\"@id\":\"https:\/\/now-news.de\/de\/deutschland\/hat-das-ukrainische-establishment-die-entscheidungshoheit-ueber-deutsche-sanktionen\/#article\",\"isPartOf\":{\"@id\":\"https:\/\/now-news.de\/de\/deutschland\/hat-das-ukrainische-establishment-die-entscheidungshoheit-ueber-deutsche-sanktionen\/\"},\"author\":{\"name\":\"rtnews\",\"@id\":\"https:\/\/now-news.de\/de\/#\/schema\/person\/fb534a4e865501d8b3285208df34a9b5\"},\"headline\":\"Hat das ukrainische Establishment die Entscheidungshoheit \u00fcber deutsche Sanktionen?\",\"datePublished\":\"2022-05-11T17:32:30+00:00\",\"dateModified\":\"2022-05-11T17:32:30+00:00\",\"mainEntityOfPage\":{\"@id\":\"https:\/\/now-news.de\/de\/deutschland\/hat-das-ukrainische-establishment-die-entscheidungshoheit-ueber-deutsche-sanktionen\/\"},\"wordCount\":654,\"commentCount\":0,\"publisher\":{\"@id\":\"https:\/\/now-news.de\/de\/#organization\"},\"image\":{\"@id\":\"https:\/\/now-news.de\/de\/deutschland\/hat-das-ukrainische-establishment-die-entscheidungshoheit-ueber-deutsche-sanktionen\/#primaryimage\"},\"thumbnailUrl\":\"https:\/\/now-news.de\/de\/wp-content\/uploads\/sites\/3\/2022\/05\/Hat-das-ukrainische-Establishment-die-Entscheidungshoheit-ueber-deutsche-Sanktionen.jpeg\",\"keywords\":[\"das\",\"Deutsche\",\"die\",\"Entscheidungshoheit\",\"Establishment\",\"hat\",\"Sanktionen\",\"\u00fcber\",\"Ukrainische\"],\"articleSection\":[\"Deutschland\",\"Russland\"],\"inLanguage\":\"de\",\"potentialAction\":[{\"@type\":\"CommentAction\",\"name\":\"Comment\",\"target\":[\"https:\/\/now-news.de\/de\/deutschland\/hat-das-ukrainische-establishment-die-entscheidungshoheit-ueber-deutsche-sanktionen\/#respond\"]}]},{\"@type\":\"WebPage\",\"@id\":\"https:\/\/now-news.de\/de\/deutschland\/hat-das-ukrainische-establishment-die-entscheidungshoheit-ueber-deutsche-sanktionen\/\",\"url\":\"https:\/\/now-news.de\/de\/deutschland\/hat-das-ukrainische-establishment-die-entscheidungshoheit-ueber-deutsche-sanktionen\/\",\"name\":\"Hat das ukrainische Establishment die Entscheidungshoheit \u00fcber deutsche Sanktionen? - just-now.NEWS Deutschland\",\"isPartOf\":{\"@id\":\"https:\/\/now-news.de\/de\/#website\"},\"primaryImageOfPage\":{\"@id\":\"https:\/\/now-news.de\/de\/deutschland\/hat-das-ukrainische-establishment-die-entscheidungshoheit-ueber-deutsche-sanktionen\/#primaryimage\"},\"image\":{\"@id\":\"https:\/\/now-news.de\/de\/deutschland\/hat-das-ukrainische-establishment-die-entscheidungshoheit-ueber-deutsche-sanktionen\/#primaryimage\"},\"thumbnailUrl\":\"https:\/\/now-news.de\/de\/wp-content\/uploads\/sites\/3\/2022\/05\/Hat-das-ukrainische-Establishment-die-Entscheidungshoheit-ueber-deutsche-Sanktionen.jpeg\",\"datePublished\":\"2022-05-11T17:32:30+00:00\",\"dateModified\":\"2022-05-11T17:32:30+00:00\",\"breadcrumb\":{\"@id\":\"https:\/\/now-news.de\/de\/deutschland\/hat-das-ukrainische-establishment-die-entscheidungshoheit-ueber-deutsche-sanktionen\/#breadcrumb\"},\"inLanguage\":\"de\",\"potentialAction\":[{\"@type\":\"ReadAction\",\"target\":[\"https:\/\/now-news.de\/de\/deutschland\/hat-das-ukrainische-establishment-die-entscheidungshoheit-ueber-deutsche-sanktionen\/\"]}]},{\"@type\":\"ImageObject\",\"inLanguage\":\"de\",\"@id\":\"https:\/\/now-news.de\/de\/deutschland\/hat-das-ukrainische-establishment-die-entscheidungshoheit-ueber-deutsche-sanktionen\/#primaryimage\",\"url\":\"https:\/\/now-news.de\/de\/wp-content\/uploads\/sites\/3\/2022\/05\/Hat-das-ukrainische-Establishment-die-Entscheidungshoheit-ueber-deutsche-Sanktionen.jpeg\",\"contentUrl\":\"https:\/\/now-news.de\/de\/wp-content\/uploads\/sites\/3\/2022\/05\/Hat-das-ukrainische-Establishment-die-Entscheidungshoheit-ueber-deutsche-Sanktionen.jpeg\",\"width\":1104,\"height\":622},{\"@type\":\"BreadcrumbList\",\"@id\":\"https:\/\/now-news.de\/de\/deutschland\/hat-das-ukrainische-establishment-die-entscheidungshoheit-ueber-deutsche-sanktionen\/#breadcrumb\",\"itemListElement\":[{\"@type\":\"ListItem\",\"position\":1,\"name\":\"Home\",\"item\":\"https:\/\/now-news.de\/de\/\"},{\"@type\":\"ListItem\",\"position\":2,\"name\":\"Hat das ukrainische Establishment die Entscheidungshoheit \u00fcber deutsche Sanktionen?\"}]},{\"@type\":\"WebSite\",\"@id\":\"https:\/\/now-news.de\/de\/#website\",\"url\":\"https:\/\/now-news.de\/de\/\",\"name\":\"just-now.NEWS Deutschland\",\"description\":\"Das Portal f\u00fcr unzensierte Nachrichten aus der Welt\",\"publisher\":{\"@id\":\"https:\/\/now-news.de\/de\/#organization\"},\"potentialAction\":[{\"@type\":\"SearchAction\",\"target\":{\"@type\":\"EntryPoint\",\"urlTemplate\":\"https:\/\/now-news.de\/de\/?s={search_term_string}\"},\"query-input\":\"required name=search_term_string\"}],\"inLanguage\":\"de\"},{\"@type\":\"Organization\",\"@id\":\"https:\/\/now-news.de\/de\/#organization\",\"name\":\"Just Now News\",\"url\":\"https:\/\/now-news.de\/de\/\",\"logo\":{\"@type\":\"ImageObject\",\"inLanguage\":\"de\",\"@id\":\"https:\/\/now-news.de\/de\/#\/schema\/logo\/image\/\",\"url\":\"http:\/\/just-now.news\/de\/wp-content\/uploads\/sites\/3\/2022\/04\/logo500x500.jpg\",\"contentUrl\":\"http:\/\/just-now.news\/de\/wp-content\/uploads\/sites\/3\/2022\/04\/logo500x500.jpg\",\"width\":500,\"height\":500,\"caption\":\"Just Now News\"},\"image\":{\"@id\":\"https:\/\/now-news.de\/de\/#\/schema\/logo\/image\/\"},\"sameAs\":[\"https:\/\/www.facebook.com\/wirmachenauf\",\"https:\/\/x.com\/WirMachenAuf_de\"]},{\"@type\":\"Person\",\"@id\":\"https:\/\/now-news.de\/de\/#\/schema\/person\/fb534a4e865501d8b3285208df34a9b5\",\"name\":\"rtnews\",\"image\":{\"@type\":\"ImageObject\",\"inLanguage\":\"de\",\"@id\":\"https:\/\/now-news.de\/de\/#\/schema\/person\/image\/\",\"url\":\"https:\/\/secure.gravatar.com\/avatar\/82aafea7d8127119dd649515f56e2117?s=96&d=mm&r=g\",\"contentUrl\":\"https:\/\/secure.gravatar.com\/avatar\/82aafea7d8127119dd649515f56e2117?s=96&d=mm&r=g\",\"caption\":\"rtnews\"},\"url\":\"https:\/\/now-news.de\/de\/author\/rnews\/\"}]}<\/script>\n<!-- \/ Yoast SEO Premium plugin. -->","yoast_head_json":{"title":"Hat das ukrainische Establishment die Entscheidungshoheit \u00fcber deutsche Sanktionen? - just-now.NEWS Deutschland","robots":{"index":"index","follow":"follow","max-snippet":"max-snippet:-1","max-image-preview":"max-image-preview:large","max-video-preview":"max-video-preview:-1"},"canonical":"https:\/\/now-news.de\/de\/deutschland\/hat-das-ukrainische-establishment-die-entscheidungshoheit-ueber-deutsche-sanktionen\/","og_locale":"de_DE","og_type":"article","og_title":"Hat das ukrainische Establishment die Entscheidungshoheit \u00fcber deutsche Sanktionen?","og_description":"Eine Analyse von Igor Malzew Meinung Die Ukraine, die Deutschen und der Faschismus. Von einer wechselseitigen Beziehung Am 5. Mai\u00a0wurde auf der Webseite der Bundesregierung ein Interview mit Bundeskanzler Olaf Scholz f\u00fcr das Magazin Stern ver\u00f6ffentlicht. Und ich sage Ihnen: Es ist ein sehr eigenartiges Interview, voller innerer Widerspr\u00fcche bez\u00fcglich milit\u00e4rischer Ma\u00dfnahmen und der europ\u00e4ischen [&hellip;]","og_url":"https:\/\/now-news.de\/de\/deutschland\/hat-das-ukrainische-establishment-die-entscheidungshoheit-ueber-deutsche-sanktionen\/","og_site_name":"just-now.NEWS Deutschland","article_publisher":"https:\/\/www.facebook.com\/wirmachenauf","article_published_time":"2022-05-11T17:32:30+00:00","og_image":[{"width":1104,"height":622,"url":"https:\/\/now-news.de\/de\/wp-content\/uploads\/sites\/3\/2022\/05\/Hat-das-ukrainische-Establishment-die-Entscheidungshoheit-ueber-deutsche-Sanktionen.jpeg","type":"image\/jpeg"}],"author":"rtnews","twitter_card":"summary_large_image","twitter_creator":"@WirMachenAuf_de","twitter_site":"@WirMachenAuf_de","twitter_misc":{"Verfasst von":"rtnews","Gesch\u00e4tzte Lesezeit":"3\u00a0Minuten"},"schema":{"@context":"https:\/\/schema.org","@graph":[{"@type":"Article","@id":"https:\/\/now-news.de\/de\/deutschland\/hat-das-ukrainische-establishment-die-entscheidungshoheit-ueber-deutsche-sanktionen\/#article","isPartOf":{"@id":"https:\/\/now-news.de\/de\/deutschland\/hat-das-ukrainische-establishment-die-entscheidungshoheit-ueber-deutsche-sanktionen\/"},"author":{"name":"rtnews","@id":"https:\/\/now-news.de\/de\/#\/schema\/person\/fb534a4e865501d8b3285208df34a9b5"},"headline":"Hat das ukrainische Establishment die Entscheidungshoheit \u00fcber deutsche Sanktionen?","datePublished":"2022-05-11T17:32:30+00:00","dateModified":"2022-05-11T17:32:30+00:00","mainEntityOfPage":{"@id":"https:\/\/now-news.de\/de\/deutschland\/hat-das-ukrainische-establishment-die-entscheidungshoheit-ueber-deutsche-sanktionen\/"},"wordCount":654,"commentCount":0,"publisher":{"@id":"https:\/\/now-news.de\/de\/#organization"},"image":{"@id":"https:\/\/now-news.de\/de\/deutschland\/hat-das-ukrainische-establishment-die-entscheidungshoheit-ueber-deutsche-sanktionen\/#primaryimage"},"thumbnailUrl":"https:\/\/now-news.de\/de\/wp-content\/uploads\/sites\/3\/2022\/05\/Hat-das-ukrainische-Establishment-die-Entscheidungshoheit-ueber-deutsche-Sanktionen.jpeg","keywords":["das","Deutsche","die","Entscheidungshoheit","Establishment","hat","Sanktionen","\u00fcber","Ukrainische"],"articleSection":["Deutschland","Russland"],"inLanguage":"de","potentialAction":[{"@type":"CommentAction","name":"Comment","target":["https:\/\/now-news.de\/de\/deutschland\/hat-das-ukrainische-establishment-die-entscheidungshoheit-ueber-deutsche-sanktionen\/#respond"]}]},{"@type":"WebPage","@id":"https:\/\/now-news.de\/de\/deutschland\/hat-das-ukrainische-establishment-die-entscheidungshoheit-ueber-deutsche-sanktionen\/","url":"https:\/\/now-news.de\/de\/deutschland\/hat-das-ukrainische-establishment-die-entscheidungshoheit-ueber-deutsche-sanktionen\/","name":"Hat das ukrainische Establishment die Entscheidungshoheit \u00fcber deutsche Sanktionen? - just-now.NEWS Deutschland","isPartOf":{"@id":"https:\/\/now-news.de\/de\/#website"},"primaryImageOfPage":{"@id":"https:\/\/now-news.de\/de\/deutschland\/hat-das-ukrainische-establishment-die-entscheidungshoheit-ueber-deutsche-sanktionen\/#primaryimage"},"image":{"@id":"https:\/\/now-news.de\/de\/deutschland\/hat-das-ukrainische-establishment-die-entscheidungshoheit-ueber-deutsche-sanktionen\/#primaryimage"},"thumbnailUrl":"https:\/\/now-news.de\/de\/wp-content\/uploads\/sites\/3\/2022\/05\/Hat-das-ukrainische-Establishment-die-Entscheidungshoheit-ueber-deutsche-Sanktionen.jpeg","datePublished":"2022-05-11T17:32:30+00:00","dateModified":"2022-05-11T17:32:30+00:00","breadcrumb":{"@id":"https:\/\/now-news.de\/de\/deutschland\/hat-das-ukrainische-establishment-die-entscheidungshoheit-ueber-deutsche-sanktionen\/#breadcrumb"},"inLanguage":"de","potentialAction":[{"@type":"ReadAction","target":["https:\/\/now-news.de\/de\/deutschland\/hat-das-ukrainische-establishment-die-entscheidungshoheit-ueber-deutsche-sanktionen\/"]}]},{"@type":"ImageObject","inLanguage":"de","@id":"https:\/\/now-news.de\/de\/deutschland\/hat-das-ukrainische-establishment-die-entscheidungshoheit-ueber-deutsche-sanktionen\/#primaryimage","url":"https:\/\/now-news.de\/de\/wp-content\/uploads\/sites\/3\/2022\/05\/Hat-das-ukrainische-Establishment-die-Entscheidungshoheit-ueber-deutsche-Sanktionen.jpeg","contentUrl":"https:\/\/now-news.de\/de\/wp-content\/uploads\/sites\/3\/2022\/05\/Hat-das-ukrainische-Establishment-die-Entscheidungshoheit-ueber-deutsche-Sanktionen.jpeg","width":1104,"height":622},{"@type":"BreadcrumbList","@id":"https:\/\/now-news.de\/de\/deutschland\/hat-das-ukrainische-establishment-die-entscheidungshoheit-ueber-deutsche-sanktionen\/#breadcrumb","itemListElement":[{"@type":"ListItem","position":1,"name":"Home","item":"https:\/\/now-news.de\/de\/"},{"@type":"ListItem","position":2,"name":"Hat das ukrainische Establishment die Entscheidungshoheit \u00fcber deutsche Sanktionen?"}]},{"@type":"WebSite","@id":"https:\/\/now-news.de\/de\/#website","url":"https:\/\/now-news.de\/de\/","name":"just-now.NEWS Deutschland","description":"Das Portal f\u00fcr unzensierte Nachrichten aus der Welt","publisher":{"@id":"https:\/\/now-news.de\/de\/#organization"},"potentialAction":[{"@type":"SearchAction","target":{"@type":"EntryPoint","urlTemplate":"https:\/\/now-news.de\/de\/?s={search_term_string}"},"query-input":"required name=search_term_string"}],"inLanguage":"de"},{"@type":"Organization","@id":"https:\/\/now-news.de\/de\/#organization","name":"Just Now News","url":"https:\/\/now-news.de\/de\/","logo":{"@type":"ImageObject","inLanguage":"de","@id":"https:\/\/now-news.de\/de\/#\/schema\/logo\/image\/","url":"http:\/\/just-now.news\/de\/wp-content\/uploads\/sites\/3\/2022\/04\/logo500x500.jpg","contentUrl":"http:\/\/just-now.news\/de\/wp-content\/uploads\/sites\/3\/2022\/04\/logo500x500.jpg","width":500,"height":500,"caption":"Just Now News"},"image":{"@id":"https:\/\/now-news.de\/de\/#\/schema\/logo\/image\/"},"sameAs":["https:\/\/www.facebook.com\/wirmachenauf","https:\/\/x.com\/WirMachenAuf_de"]},{"@type":"Person","@id":"https:\/\/now-news.de\/de\/#\/schema\/person\/fb534a4e865501d8b3285208df34a9b5","name":"rtnews","image":{"@type":"ImageObject","inLanguage":"de","@id":"https:\/\/now-news.de\/de\/#\/schema\/person\/image\/","url":"https:\/\/secure.gravatar.com\/avatar\/82aafea7d8127119dd649515f56e2117?s=96&d=mm&r=g","contentUrl":"https:\/\/secure.gravatar.com\/avatar\/82aafea7d8127119dd649515f56e2117?s=96&d=mm&r=g","caption":"rtnews"},"url":"https:\/\/now-news.de\/de\/author\/rnews\/"}]}},"_links":{"self":[{"href":"https:\/\/now-news.de\/de\/wp-json\/wp\/v2\/posts\/7433"}],"collection":[{"href":"https:\/\/now-news.de\/de\/wp-json\/wp\/v2\/posts"}],"about":[{"href":"https:\/\/now-news.de\/de\/wp-json\/wp\/v2\/types\/post"}],"author":[{"embeddable":true,"href":"https:\/\/now-news.de\/de\/wp-json\/wp\/v2\/users\/3"}],"replies":[{"embeddable":true,"href":"https:\/\/now-news.de\/de\/wp-json\/wp\/v2\/comments?post=7433"}],"version-history":[{"count":0,"href":"https:\/\/now-news.de\/de\/wp-json\/wp\/v2\/posts\/7433\/revisions"}],"wp:featuredmedia":[{"embeddable":true,"href":"https:\/\/now-news.de\/de\/wp-json\/wp\/v2\/media\/7434"}],"wp:attachment":[{"href":"https:\/\/now-news.de\/de\/wp-json\/wp\/v2\/media?parent=7433"}],"wp:term":[{"taxonomy":"category","embeddable":true,"href":"https:\/\/now-news.de\/de\/wp-json\/wp\/v2\/categories?post=7433"},{"taxonomy":"post_tag","embeddable":true,"href":"https:\/\/now-news.de\/de\/wp-json\/wp\/v2\/tags?post=7433"}],"curies":[{"name":"wp","href":"https:\/\/api.w.org\/{rel}","templated":true}]}}