{"id":74324,"date":"2024-12-12T07:15:00","date_gmt":"2024-12-12T05:15:00","guid":{"rendered":"https:\/\/now-news.de\/de\/deutschland\/die-tagesschau-und-der-voelkerrechtswidrige-angriffskrieg\/"},"modified":"2024-12-12T07:15:00","modified_gmt":"2024-12-12T05:15:00","slug":"die-tagesschau-und-der-voelkerrechtswidrige-angriffskrieg","status":"publish","type":"post","link":"https:\/\/now-news.de\/de\/deutschland\/die-tagesschau-und-der-voelkerrechtswidrige-angriffskrieg\/","title":{"rendered":"Die &quot;Tagesschau&quot; und der v\u00f6lkerrechtswidrige Angriffskrieg"},"content":{"rendered":"<p><img decoding=\"async\" src=\"https:\/\/now-news.de\/de\/wp-content\/uploads\/sites\/3\/2024\/12\/675987eeb480cc55ea4d3ea1.jpg\" \/><\/p>\n<div class=\"Text-root Text-type_1 \">\n                Man ist ja Leid gew\u00f6hnt, wenn man einen Blick auf die Darstellung der deutschen Leitmedien wirft. Aber immer wieder mal gibt es einzelne Beispiele, die selbst in diesem Umfeld noch durch besondere Schlagseite auffallen. Wie die &#8220;Tagesschau&#8221;-Darstellung zum israelischen Einmarsch in Syrien.\n            <\/div>\n<p><\/p>\n<div class=\"Text-root Text-type_5 ArticleView-text ViewText-root \">\n<p><em>Von Dagmar Henn<\/em><\/p>\n<p>Die &#8220;Analyse&#8221;, die die <em>Tagesschau<\/em> zum v\u00f6lkerrechtswidrigen Einmarsch Israels in Syrien <a rel=\"nofollow noopener\" target=\"_blank\" href=\"https:\/\/www.tagesschau.de\/ausland\/asien\/israel-syrien-folgen-sturz-assad-100.html\">liefert<\/a>, k\u00f6nnte als Lehrbuchbeispiel f\u00fcr Propaganda dienen. Das lie\u00dfe sich sogar grafisch darstellen \u2013 von 71 Textzeilen widmen sich gerade 14 der Benennung der Wirklichkeit. Die verbliebenen 57 Zeilen dienen nur der Rechtfertigung des israelischen Handelns.<\/p>\n<p>Betrachten wir zuerst einmal die Aussagen, in denen die wirklichen Ereignisse dargestellt werden. Da ist ein Satz in der Einleitung:<\/p>\n<p><em>&#8220;Nach dem Sturz des Assad-Regimes in Syrien fliegt Israel weiter Luftangriffe und r\u00fcckt augenscheinlich im Nachbarland vor.&#8221;<\/em><\/p>\n<p>Selbst das geht nicht, ohne schon im n\u00e4chsten Satz zu l\u00fcgen:<\/p>\n<p><em>&#8220;Geht es dabei nur um Verteidigung?&#8221;<\/em><\/p>\n<p>Das unterstellt bereits, dass es \u00fcberhaupt um Verteidigung ginge, und tut das auf eine Art und Weise, die die Behauptung der &#8220;Verteidigung&#8221; als schon akzeptiert voraussetzt.<\/p>\n<p>Im Text selbst findet sich als n\u00e4chstes zwei S\u00e4tze, von denen der zweite in sich selbst bereits aufgehoben wird:<\/p>\n<p><em>&#8220;Die israelische Luftwaffe flog am Dienstag weitere Angriffe in Syrien. Berichte, wonach Truppen noch tiefer in das Landesinnere vorgedrungen seien, sogar Panzer 25 Kilometer vor Damaskus gestanden h\u00e4tten, dementierte ein Armeesprecher aber.&#8221;<\/em><\/p>\n<p>Ja, die Berichte gibt es. Mehrfach. Und sie lauten nicht darauf, dass die israelischen Panzer 25 Kilometer vor Damaskus gestanden h\u00e4tten, sondern dass sie noch immer 20 Kilometer vor Damaskus stehen. Selbst hier schafft es die <em>ARD-<\/em>Korrespondentin Anne Armbrecht, der dieses Schmuckst\u00fcck zu verdanken ist, die Tatsache erst durch die Verwendung einer falschen Zeit, die suggeriert, dass es sich in diesen Berichten um ein vor\u00fcbergehendes Vordringen gehandelt h\u00e4tte, abzuschw\u00e4chen, um dann den Armeesprecher als Zeugen einzuf\u00fchren, der diese &#8220;Behauptung&#8221; widerlegt. Der dann in indirekter Rede weiter behaupten darf:<\/p>\n<p><em>&#8220;Israelische Truppen bef\u00e4nden sich lediglich in der Pufferzone am Golan und an &#8216;Verteidigungspunkten&#8217; nahe der Grenze.&#8221;<\/em><\/p>\n<p>Moment, denkt man da als unbescholtener Leser, das ist immerhin ein anderes Land. Nicht einmal der Golan ist israelisches Gebiet, auch wenn er seit Jahrzehnten widerrechtlich von Israel besetzt ist. Und gegen wen oder was gedenkt Israel sich in Syrien zu &#8220;verteidigen&#8221;? Seit langem ist es Syrien, das regelm\u00e4\u00dfig von Israel angegriffen wird, vorzugsweise mit Bombenflugzeugen, und nicht Syrien, das Israel angreift.<\/p>\n<p>Dann gibt es noch ein Br\u00f6ckchen Wirklichkeit.<\/p>\n<p><em>&#8220;Die entmilitarisierte Zone befindet sich zwischen Syrien und den von Israel annektierten Golanh\u00f6hen. Sie wurde nach dem Nahostkrieg vor 50 Jahren von den Vereinten Nationen eingerichtet.&#8221;<\/em><\/p>\n<p>So weit, so gut. Es findet sich sogar das Wort &#8220;annektiert&#8221;. Es wird also wenigstens einen Moment lang anerkannt, dass es sich hier um einen fortgesetzten Versto\u00df gegen das V\u00f6lkerrecht handelt. Aber nur keine falschen Hoffnungen, der n\u00e4chste Satz verkr\u00fcppelt dieses St\u00fcckchen Realit\u00e4t sogleich wieder:<\/p>\n<p><em>&#8220;Israel hatte nach dem Sturz des syrischen Machthabers Bashar al-Assad durch Rebellen am Sonntag Truppen dorthin verlegt \u2013 laut Premierminister Benjamin Netanyahu nur eine vor\u00fcbergehende Ma\u00dfnahme.&#8221;<\/em><\/p>\n<p>Vermutlich, wenn man die Rhetorik in der israelischen Politik kennt, vor\u00fcbergehend wie die Besetzung des Gazastreifens und des Westjordanlandes. Die Einwohner d\u00fcrfen sich jetzt schon auf ein Leben unter der Apartheid freuen. Abgesehen davon ist eigentlich klar, dass Israel mit einem Vorr\u00fccken in besagte &#8220;entmilitarisierte Zone&#8221; auch gleich noch gegen V\u00f6lkerrecht in Gestalt von Resolutionen des UN-Sicherheitsrats versto\u00dfen hat. Kein Punkt, der der <em>ARD-<\/em>Korrespondentin gr\u00f6\u00dferer Beachtung wert scheint.<\/p>\n<p>Im Gegenteil. Es gibt weiter unten genau einen Absatz, der die Frage des V\u00f6lkerrechts ber\u00fchrt, und auch dieser wird sogleich abgeschw\u00e4cht \u2013 und damit ist dann auch Schluss mit Wirklichkeit, V\u00f6lkerrecht und all dem Ged\u00f6ns:<\/p>\n<p><em>&#8220;\u00c4gypten, Jordanien und Saudi-Arabien verurteilten das Vorgehen. Sie werfen\u00a0Israel\u00a0den Bruch von V\u00f6lkerrecht\u00a0vor. Kritik kommt auch von den Vereinten Nationen. Der UN-Syrienbeauftragte Geir Pedersen\u00a0mahnt. &#8216;Wir sehen weiterhin israelische Bewegungen und Bombardierungen auf syrischem Gebiet&#8217;, sagte er in Genf. &#8216;Das muss aufh\u00f6ren.&#8217; Nach Angaben von Israels Armee sollen mehr als 350 Ziele angegriffen worden sein.&#8221;<\/em><\/p>\n<p>Raffiniert. Es wird n\u00e4mlich implizit behauptet, nur \u00c4gypten, Jordanien und Saudi-Arabien s\u00e4hen hier einen Bruch des V\u00f6lkerrechts. Die Araber halt wieder, wei\u00df man doch, dass die Israel nicht m\u00f6gen&#8230; Sicher, die Vereinigten Staaten haben bisher ebenso wie die Bundesregierung noch jeden V\u00f6lkerrechtsbruch Israels hingenommen, wenn nicht gar begr\u00fc\u00dft oder materiell \u00fcberhaupt erst erm\u00f6glicht. Um von der chinesischen Reaktion zu erfahren, muss man mindestens bis zu einer t\u00fcrkischen Nachrichtenagentur <a rel=\"nofollow noopener\" target=\"_blank\" href=\"https:\/\/www.aa.com.tr\/en\/asia-pacific\/china-urges-for-respect-for-syrias-sovereignty-amid-israeli-attacks\/3418743\">gehen<\/a>, wenn nicht gar gleich auf die Seite des chinesischen Au\u00dfenministeriums selbst. Die lautet, \u00fcberbracht durch Sprecherin Mao Ning, mit Blick auf den israelischen Einmarsch, China &#8220;betont, dass die Souver\u00e4nit\u00e4t und territoriale Integrit\u00e4t Syriens respektiert werden muss.&#8221;<\/p>\n<p>F\u00fcr Anne Armbrecht muss man das vermutlich \u00fcbersetzen. &#8220;Sie werfen Israel den Bruch von V\u00f6lkerrecht vor.&#8221; China. Das ist im globalen Zusammenhang doch eine andere Hausnummer als \u00c4gypten, Jordanien und Saudi-Arabien, n\u00e4mlich ein st\u00e4ndiges Mitglied im UN-Sicherheitsrat.<\/p>\n<p>Die Aussage des UN-Syrienbeauftragten wurde auch geschickt abgeschw\u00e4cht. Denn &#8220;mahnen&#8221; ist nicht &#8220;fordern&#8221;. So verpackt, f\u00e4llt die deutliche Aussage &#8220;Das muss aufh\u00f6ren&#8221; gar nicht mehr auf. Die Bombardierungen sind massiv, und sie geschehen nicht nur durch die israelische Armee, sondern auch durch US-Flugzeuge. Aber das ist selbstverst\u00e4ndlich viel zu viel Wirklichkeit.<\/p>\n<p>Der gr\u00f6\u00dfte Trick besteht \u00fcbrigens in der Platzierung dieses Absatzes. St\u00fcnde er am Ende des Artikels, h\u00e4tte er noch einigerma\u00dfen Gewicht. Tut er aber nicht. Er steht ziemlich genau in der Mitte, eingerahmt von Aussagen des zweiten israelischen Zeugen, Eyal Zisser, Professor f\u00fcr Arabistik und Afrikanistik an der Universit\u00e4t Tel Aviv und\u00a0\u2013 eine Information, die die\u00a0<em>Tagesschau<\/em> gerne unterschl\u00e4gt, weil sie \u00fcblicherweise N\u00e4he zur Regierung signalisiert\u00a0\u2013 Vizerektor dieser Universit\u00e4t.<\/p>\n<p>Es gibt \u00fcbrigens noch zwei weitere Israelis, die zitiert werden, Verteidigungsminister Israel Katz und Au\u00dfenminister Gideon Saar. Noch so ein etwas subtilerer Trick \u2013 beim Leser haben jene Personen, deren Aussagen w\u00f6rtlich zitiert werden, ein h\u00f6heres Gewicht als jene, die nur in indirekter Rede auftauchen. Ganz zu schweigen von &#8220;\u00c4gypten, Jordanien und Saudi-Arabien&#8221;.<\/p>\n<p>Zisser jedoch geh\u00f6rt die Show. Er hat allen Raum, um die israelische Sicht darzustellen, und es gibt seitens Frau Armbrecht nicht einmal den Versuch, eine andere Sichtweise daneben zu stellen. Im Gegenteil. Zisser selbst greift zu propagandistischen Tricks, und noch die zaghaftesten Mittel, sich vom zitierten Sprecher zu distanzieren, werden von Frau Armbrecht nicht ergriffen. Wie war das noch einmal mit den Aufgaben des \u00f6ffentlich-rechtlichen Rundfunks?<\/p>\n<p><em>&#8220;Der Politikwissenschaftler Zisser aus Tel Aviv sieht in dem Vorgehen auch eine Konsequenz aus dem Trauma des 7. Oktober. Israels Armee und die Regierung seien damals \u00fcberrascht worden. Nun wolle niemand ein Risiko eingehen. Die Besetzung der Pufferzone sei dahingehend ein &#8216;logischer Schritt&#8217;, meint er \u2013 &#8216;etwas, das Israel ein Gef\u00fchl von Sicherheit gibt.'&#8221;<\/em><\/p>\n<p>Ja, kann man irgendwie nicht richtig b\u00f6se sein, oder, wenn das arme verfolgte Israel, das nach der Ermordung von \u00fcber 40.000 pal\u00e4stinensischen Zivilisten und noch ein paar Tausend libanesischen, nach einer ganzen, atemberaubenden Orgie genozidaler Gewalt immer noch nicht sein &#8220;Trauma des 7. Oktober&#8221; bew\u00e4ltigen konnte. Und mal eben in ein Nachbarland einzumarschieren, ist ein &#8220;logischer Schritt&#8221;&#8230; Eine Darstellung, die vor dem Hintergrund, dass die russische Sonderoperation in der Ukraine, der immerhin jahrelange Bombardierungen des Donbass, ein von der Ukraine gebrochener v\u00f6lkerrechtlicher Vertrag und ein Beistandspakt mit den Donbassrepubliken zu Grunde lagen, st\u00e4ndig ein &#8220;unprovizierter v\u00f6lkerrechtswidriger Angriff&#8221; genannt wird, einen besonderen Charme gewinnt.<\/p>\n<p>Zugegeben, die \u00f6ffentlich-rechtlichen Medien haben in Deutschland schon lange einen Schlag weg, was Israel angeht. Aber fr\u00fcher wurde eine Gegenposition zumindest noch angemessen dargestellt, auch wenn am Schluss immer der Schlenker kam, der aus den Verbrechern die Guten machte. Aber dieses St\u00fcck h\u00e4tte sich die <em>ARD<\/em> gleich vom Pressedienst der israelischen Armee schreiben lassen k\u00f6nnen. F\u00fcr so etwas eine Korrespondentin in Tel Aviv zu unterhalten, ist reine Geldverschwendung.<\/p>\n<p>Immerhin, eines verr\u00e4t dieser Text, ganz nebenbei. Niemand in Deutschland muss sich Hoffnungen machen, dass nach dem Genozid in Gaza (der, inzwischen kaum noch bemerkt, ungebrochen weitergeht, Bombardierungen von Zeltlagern eingeschlossen) und dem \u00dcberfall auf den Libanon zumindest bei einem Einmarsch in Syrien Schluss sei und das deutsche politisch-mediale Amalgam es doch f\u00fcr angebracht hielte, irgendwo einen Schlussstrich zu ziehen. Den wird es nicht geben. Nicht einmal, wenn Israel halb Syrien besetzte und danach \u2013 wie es Politiker wie Bezalel Smotrich schon angek\u00fcndigt haben \u2013 anschlie\u00dfend mit israelischen Siedlungen best\u00fcckte.<\/p>\n<p>Auch daf\u00fcr d\u00fcrfte die <em>ARD<\/em> wieder Entschuldigungen liefern.<\/p>\n<p><strong>Mehr zum Thema<\/strong> &#8211; <a rel=\"nofollow noopener\" target=\"_blank\" href=\"https:\/\/freedert.online\/meinung\/229072-eu-aussenbeauftragte-keine-klare-haltung-zu-syrien\/\">EU-Au\u00dfenbeauftragte: Keine klare Haltung zu Syrien<\/a><\/p>\n<div class=\"EmbedBlock-root EmbedBlock-externalVideo EmbedBlock-rumble\">\n<div class=\"VkEmbed\"><iframe class=\"lazyload\" data-src=\"https:\/\/rumble.com\/embed\/v5vt20n\" frameborder=\"0\" width=\"853\" height=\"480\" allowfullscreen><\/iframe><\/div>\n<\/div>\n<\/div>\n<p><br \/>\n<br \/><a href=\"https:\/\/de.rt.com\/meinung\/229156-tagesschau-und-voelkerrechtswidrige-angriffskrieg\/\">Source link <\/a><\/p>\n","protected":false},"excerpt":{"rendered":"<p>Man ist ja Leid gew\u00f6hnt, wenn man einen Blick auf die Darstellung der deutschen Leitmedien wirft. Aber immer wieder mal gibt es einzelne Beispiele, die selbst in diesem Umfeld noch durch besondere Schlagseite auffallen. Wie die &#8220;Tagesschau&#8221;-Darstellung zum israelischen Einmarsch in Syrien. Von Dagmar Henn Die &#8220;Analyse&#8221;, die die Tagesschau zum v\u00f6lkerrechtswidrigen Einmarsch Israels in [&hellip;]<\/p>\n","protected":false},"author":3,"featured_media":74325,"comment_status":"open","ping_status":"open","sticky":false,"template":"","format":"standard","meta":{"_yoast_indexnow_last_ping":["1733981001"],"wp_automatic_camp":["217"],"b969e18dbd92cb1938412a1686399b83":["Die &quot;Tagesschau&quot; und der v\u00f6lkerrechtswidrige Angriffskrieg"],"original_link":["https:\/\/de.rt.com\/meinung\/229156-tagesschau-und-voelkerrechtswidrige-angriffskrieg\/"],"_thumbnail_id":["74325"],"jnews_social_counter_last_update":["1777353697"],"_wptgpro_p2tg_sent2tg":["a:1:{i:23737;s:19:\"2024-12-12 07:24:37\";}"]},"categories":[19,23],"tags":[11444,82,45,33041,140,39347],"yoast_head":"<!-- This site is optimized with the Yoast SEO Premium plugin v22.7 (Yoast SEO v22.7) - https:\/\/yoast.com\/wordpress\/plugins\/seo\/ -->\n<title>Die &quot;Tagesschau&quot; und der v\u00f6lkerrechtswidrige Angriffskrieg - just-now.NEWS Deutschland<\/title>\n<meta name=\"robots\" content=\"index, follow, max-snippet:-1, max-image-preview:large, max-video-preview:-1\" \/>\n<link rel=\"canonical\" href=\"https:\/\/now-news.de\/de\/deutschland\/die-tagesschau-und-der-voelkerrechtswidrige-angriffskrieg\/\" \/>\n<meta property=\"og:locale\" content=\"de_DE\" \/>\n<meta property=\"og:type\" content=\"article\" \/>\n<meta property=\"og:title\" content=\"Die &quot;Tagesschau&quot; und der v\u00f6lkerrechtswidrige Angriffskrieg\" \/>\n<meta property=\"og:description\" content=\"Man ist ja Leid gew\u00f6hnt, wenn man einen Blick auf die Darstellung der deutschen Leitmedien wirft. Aber immer wieder mal gibt es einzelne Beispiele, die selbst in diesem Umfeld noch durch besondere Schlagseite auffallen. Wie die &#8220;Tagesschau&#8221;-Darstellung zum israelischen Einmarsch in Syrien. Von Dagmar Henn Die &#8220;Analyse&#8221;, die die Tagesschau zum v\u00f6lkerrechtswidrigen Einmarsch Israels in [&hellip;]\" \/>\n<meta property=\"og:url\" content=\"https:\/\/now-news.de\/de\/deutschland\/die-tagesschau-und-der-voelkerrechtswidrige-angriffskrieg\/\" \/>\n<meta property=\"og:site_name\" content=\"just-now.NEWS Deutschland\" \/>\n<meta property=\"article:publisher\" content=\"https:\/\/www.facebook.com\/wirmachenauf\" \/>\n<meta property=\"article:published_time\" content=\"2024-12-12T05:15:00+00:00\" \/>\n<meta property=\"og:image\" content=\"https:\/\/now-news.de\/de\/wp-content\/uploads\/sites\/3\/2024\/12\/675987eeb480cc55ea4d3ea1.jpg\" \/>\n<meta name=\"author\" content=\"rtnews\" \/>\n<meta name=\"twitter:card\" content=\"summary_large_image\" \/>\n<meta name=\"twitter:creator\" content=\"@WirMachenAuf_de\" \/>\n<meta name=\"twitter:site\" content=\"@WirMachenAuf_de\" \/>\n<meta name=\"twitter:label1\" content=\"Verfasst von\" \/>\n\t<meta name=\"twitter:data1\" content=\"rtnews\" \/>\n\t<meta name=\"twitter:label2\" content=\"Gesch\u00e4tzte Lesezeit\" \/>\n\t<meta name=\"twitter:data2\" content=\"7\u00a0Minuten\" \/>\n<script type=\"application\/ld+json\" class=\"yoast-schema-graph\">{\"@context\":\"https:\/\/schema.org\",\"@graph\":[{\"@type\":\"Article\",\"@id\":\"https:\/\/now-news.de\/de\/deutschland\/die-tagesschau-und-der-voelkerrechtswidrige-angriffskrieg\/#article\",\"isPartOf\":{\"@id\":\"https:\/\/now-news.de\/de\/deutschland\/die-tagesschau-und-der-voelkerrechtswidrige-angriffskrieg\/\"},\"author\":{\"name\":\"rtnews\",\"@id\":\"https:\/\/now-news.de\/de\/#\/schema\/person\/fb534a4e865501d8b3285208df34a9b5\"},\"headline\":\"Die &quot;Tagesschau&quot; und der v\u00f6lkerrechtswidrige Angriffskrieg\",\"datePublished\":\"2024-12-12T05:15:00+00:00\",\"dateModified\":\"2024-12-12T05:15:00+00:00\",\"mainEntityOfPage\":{\"@id\":\"https:\/\/now-news.de\/de\/deutschland\/die-tagesschau-und-der-voelkerrechtswidrige-angriffskrieg\/\"},\"wordCount\":1456,\"commentCount\":0,\"publisher\":{\"@id\":\"https:\/\/now-news.de\/de\/#organization\"},\"image\":{\"@id\":\"https:\/\/now-news.de\/de\/deutschland\/die-tagesschau-und-der-voelkerrechtswidrige-angriffskrieg\/#primaryimage\"},\"thumbnailUrl\":\"https:\/\/now-news.de\/de\/wp-content\/uploads\/sites\/3\/2024\/12\/Die-quotTagesschauquot-und-der-voelkerrechtswidrige-Angriffskrieg.jpg\",\"keywords\":[\"angriffskrieg\",\"der\",\"die\",\"quotTagesschauquot\",\"und\",\"V\u00f6lkerrechtswidrige\"],\"articleSection\":[\"Deutschland\",\"Russland\"],\"inLanguage\":\"de\",\"potentialAction\":[{\"@type\":\"CommentAction\",\"name\":\"Comment\",\"target\":[\"https:\/\/now-news.de\/de\/deutschland\/die-tagesschau-und-der-voelkerrechtswidrige-angriffskrieg\/#respond\"]}]},{\"@type\":\"WebPage\",\"@id\":\"https:\/\/now-news.de\/de\/deutschland\/die-tagesschau-und-der-voelkerrechtswidrige-angriffskrieg\/\",\"url\":\"https:\/\/now-news.de\/de\/deutschland\/die-tagesschau-und-der-voelkerrechtswidrige-angriffskrieg\/\",\"name\":\"Die &quot;Tagesschau&quot; und der v\u00f6lkerrechtswidrige Angriffskrieg - just-now.NEWS Deutschland\",\"isPartOf\":{\"@id\":\"https:\/\/now-news.de\/de\/#website\"},\"primaryImageOfPage\":{\"@id\":\"https:\/\/now-news.de\/de\/deutschland\/die-tagesschau-und-der-voelkerrechtswidrige-angriffskrieg\/#primaryimage\"},\"image\":{\"@id\":\"https:\/\/now-news.de\/de\/deutschland\/die-tagesschau-und-der-voelkerrechtswidrige-angriffskrieg\/#primaryimage\"},\"thumbnailUrl\":\"https:\/\/now-news.de\/de\/wp-content\/uploads\/sites\/3\/2024\/12\/Die-quotTagesschauquot-und-der-voelkerrechtswidrige-Angriffskrieg.jpg\",\"datePublished\":\"2024-12-12T05:15:00+00:00\",\"dateModified\":\"2024-12-12T05:15:00+00:00\",\"breadcrumb\":{\"@id\":\"https:\/\/now-news.de\/de\/deutschland\/die-tagesschau-und-der-voelkerrechtswidrige-angriffskrieg\/#breadcrumb\"},\"inLanguage\":\"de\",\"potentialAction\":[{\"@type\":\"ReadAction\",\"target\":[\"https:\/\/now-news.de\/de\/deutschland\/die-tagesschau-und-der-voelkerrechtswidrige-angriffskrieg\/\"]}]},{\"@type\":\"ImageObject\",\"inLanguage\":\"de\",\"@id\":\"https:\/\/now-news.de\/de\/deutschland\/die-tagesschau-und-der-voelkerrechtswidrige-angriffskrieg\/#primaryimage\",\"url\":\"https:\/\/now-news.de\/de\/wp-content\/uploads\/sites\/3\/2024\/12\/Die-quotTagesschauquot-und-der-voelkerrechtswidrige-Angriffskrieg.jpg\",\"contentUrl\":\"https:\/\/now-news.de\/de\/wp-content\/uploads\/sites\/3\/2024\/12\/Die-quotTagesschauquot-und-der-voelkerrechtswidrige-Angriffskrieg.jpg\",\"width\":460,\"height\":259,\"caption\":\"Die &quot;Tagesschau&quot; und der v\u00f6lkerrechtswidrige Angriffskrieg\"},{\"@type\":\"BreadcrumbList\",\"@id\":\"https:\/\/now-news.de\/de\/deutschland\/die-tagesschau-und-der-voelkerrechtswidrige-angriffskrieg\/#breadcrumb\",\"itemListElement\":[{\"@type\":\"ListItem\",\"position\":1,\"name\":\"Home\",\"item\":\"https:\/\/now-news.de\/de\/\"},{\"@type\":\"ListItem\",\"position\":2,\"name\":\"Die &quot;Tagesschau&quot; und der v\u00f6lkerrechtswidrige Angriffskrieg\"}]},{\"@type\":\"WebSite\",\"@id\":\"https:\/\/now-news.de\/de\/#website\",\"url\":\"https:\/\/now-news.de\/de\/\",\"name\":\"just-now.NEWS Deutschland\",\"description\":\"Das Portal f\u00fcr unzensierte Nachrichten aus der Welt\",\"publisher\":{\"@id\":\"https:\/\/now-news.de\/de\/#organization\"},\"potentialAction\":[{\"@type\":\"SearchAction\",\"target\":{\"@type\":\"EntryPoint\",\"urlTemplate\":\"https:\/\/now-news.de\/de\/?s={search_term_string}\"},\"query-input\":\"required name=search_term_string\"}],\"inLanguage\":\"de\"},{\"@type\":\"Organization\",\"@id\":\"https:\/\/now-news.de\/de\/#organization\",\"name\":\"Just Now News\",\"url\":\"https:\/\/now-news.de\/de\/\",\"logo\":{\"@type\":\"ImageObject\",\"inLanguage\":\"de\",\"@id\":\"https:\/\/now-news.de\/de\/#\/schema\/logo\/image\/\",\"url\":\"http:\/\/just-now.news\/de\/wp-content\/uploads\/sites\/3\/2022\/04\/logo500x500.jpg\",\"contentUrl\":\"http:\/\/just-now.news\/de\/wp-content\/uploads\/sites\/3\/2022\/04\/logo500x500.jpg\",\"width\":500,\"height\":500,\"caption\":\"Just Now News\"},\"image\":{\"@id\":\"https:\/\/now-news.de\/de\/#\/schema\/logo\/image\/\"},\"sameAs\":[\"https:\/\/www.facebook.com\/wirmachenauf\",\"https:\/\/x.com\/WirMachenAuf_de\"]},{\"@type\":\"Person\",\"@id\":\"https:\/\/now-news.de\/de\/#\/schema\/person\/fb534a4e865501d8b3285208df34a9b5\",\"name\":\"rtnews\",\"image\":{\"@type\":\"ImageObject\",\"inLanguage\":\"de\",\"@id\":\"https:\/\/now-news.de\/de\/#\/schema\/person\/image\/\",\"url\":\"https:\/\/secure.gravatar.com\/avatar\/82aafea7d8127119dd649515f56e2117?s=96&d=mm&r=g\",\"contentUrl\":\"https:\/\/secure.gravatar.com\/avatar\/82aafea7d8127119dd649515f56e2117?s=96&d=mm&r=g\",\"caption\":\"rtnews\"},\"url\":\"https:\/\/now-news.de\/de\/author\/rnews\/\"}]}<\/script>\n<!-- \/ Yoast SEO Premium plugin. -->","yoast_head_json":{"title":"Die &quot;Tagesschau&quot; und der v\u00f6lkerrechtswidrige Angriffskrieg - just-now.NEWS Deutschland","robots":{"index":"index","follow":"follow","max-snippet":"max-snippet:-1","max-image-preview":"max-image-preview:large","max-video-preview":"max-video-preview:-1"},"canonical":"https:\/\/now-news.de\/de\/deutschland\/die-tagesschau-und-der-voelkerrechtswidrige-angriffskrieg\/","og_locale":"de_DE","og_type":"article","og_title":"Die &quot;Tagesschau&quot; und der v\u00f6lkerrechtswidrige Angriffskrieg","og_description":"Man ist ja Leid gew\u00f6hnt, wenn man einen Blick auf die Darstellung der deutschen Leitmedien wirft. Aber immer wieder mal gibt es einzelne Beispiele, die selbst in diesem Umfeld noch durch besondere Schlagseite auffallen. Wie die &#8220;Tagesschau&#8221;-Darstellung zum israelischen Einmarsch in Syrien. Von Dagmar Henn Die &#8220;Analyse&#8221;, die die Tagesschau zum v\u00f6lkerrechtswidrigen Einmarsch Israels in [&hellip;]","og_url":"https:\/\/now-news.de\/de\/deutschland\/die-tagesschau-und-der-voelkerrechtswidrige-angriffskrieg\/","og_site_name":"just-now.NEWS Deutschland","article_publisher":"https:\/\/www.facebook.com\/wirmachenauf","article_published_time":"2024-12-12T05:15:00+00:00","og_image":[{"url":"https:\/\/now-news.de\/de\/wp-content\/uploads\/sites\/3\/2024\/12\/675987eeb480cc55ea4d3ea1.jpg"}],"author":"rtnews","twitter_card":"summary_large_image","twitter_creator":"@WirMachenAuf_de","twitter_site":"@WirMachenAuf_de","twitter_misc":{"Verfasst von":"rtnews","Gesch\u00e4tzte Lesezeit":"7\u00a0Minuten"},"schema":{"@context":"https:\/\/schema.org","@graph":[{"@type":"Article","@id":"https:\/\/now-news.de\/de\/deutschland\/die-tagesschau-und-der-voelkerrechtswidrige-angriffskrieg\/#article","isPartOf":{"@id":"https:\/\/now-news.de\/de\/deutschland\/die-tagesschau-und-der-voelkerrechtswidrige-angriffskrieg\/"},"author":{"name":"rtnews","@id":"https:\/\/now-news.de\/de\/#\/schema\/person\/fb534a4e865501d8b3285208df34a9b5"},"headline":"Die &quot;Tagesschau&quot; und der v\u00f6lkerrechtswidrige Angriffskrieg","datePublished":"2024-12-12T05:15:00+00:00","dateModified":"2024-12-12T05:15:00+00:00","mainEntityOfPage":{"@id":"https:\/\/now-news.de\/de\/deutschland\/die-tagesschau-und-der-voelkerrechtswidrige-angriffskrieg\/"},"wordCount":1456,"commentCount":0,"publisher":{"@id":"https:\/\/now-news.de\/de\/#organization"},"image":{"@id":"https:\/\/now-news.de\/de\/deutschland\/die-tagesschau-und-der-voelkerrechtswidrige-angriffskrieg\/#primaryimage"},"thumbnailUrl":"https:\/\/now-news.de\/de\/wp-content\/uploads\/sites\/3\/2024\/12\/Die-quotTagesschauquot-und-der-voelkerrechtswidrige-Angriffskrieg.jpg","keywords":["angriffskrieg","der","die","quotTagesschauquot","und","V\u00f6lkerrechtswidrige"],"articleSection":["Deutschland","Russland"],"inLanguage":"de","potentialAction":[{"@type":"CommentAction","name":"Comment","target":["https:\/\/now-news.de\/de\/deutschland\/die-tagesschau-und-der-voelkerrechtswidrige-angriffskrieg\/#respond"]}]},{"@type":"WebPage","@id":"https:\/\/now-news.de\/de\/deutschland\/die-tagesschau-und-der-voelkerrechtswidrige-angriffskrieg\/","url":"https:\/\/now-news.de\/de\/deutschland\/die-tagesschau-und-der-voelkerrechtswidrige-angriffskrieg\/","name":"Die &quot;Tagesschau&quot; und der v\u00f6lkerrechtswidrige Angriffskrieg - just-now.NEWS Deutschland","isPartOf":{"@id":"https:\/\/now-news.de\/de\/#website"},"primaryImageOfPage":{"@id":"https:\/\/now-news.de\/de\/deutschland\/die-tagesschau-und-der-voelkerrechtswidrige-angriffskrieg\/#primaryimage"},"image":{"@id":"https:\/\/now-news.de\/de\/deutschland\/die-tagesschau-und-der-voelkerrechtswidrige-angriffskrieg\/#primaryimage"},"thumbnailUrl":"https:\/\/now-news.de\/de\/wp-content\/uploads\/sites\/3\/2024\/12\/Die-quotTagesschauquot-und-der-voelkerrechtswidrige-Angriffskrieg.jpg","datePublished":"2024-12-12T05:15:00+00:00","dateModified":"2024-12-12T05:15:00+00:00","breadcrumb":{"@id":"https:\/\/now-news.de\/de\/deutschland\/die-tagesschau-und-der-voelkerrechtswidrige-angriffskrieg\/#breadcrumb"},"inLanguage":"de","potentialAction":[{"@type":"ReadAction","target":["https:\/\/now-news.de\/de\/deutschland\/die-tagesschau-und-der-voelkerrechtswidrige-angriffskrieg\/"]}]},{"@type":"ImageObject","inLanguage":"de","@id":"https:\/\/now-news.de\/de\/deutschland\/die-tagesschau-und-der-voelkerrechtswidrige-angriffskrieg\/#primaryimage","url":"https:\/\/now-news.de\/de\/wp-content\/uploads\/sites\/3\/2024\/12\/Die-quotTagesschauquot-und-der-voelkerrechtswidrige-Angriffskrieg.jpg","contentUrl":"https:\/\/now-news.de\/de\/wp-content\/uploads\/sites\/3\/2024\/12\/Die-quotTagesschauquot-und-der-voelkerrechtswidrige-Angriffskrieg.jpg","width":460,"height":259,"caption":"Die &quot;Tagesschau&quot; und der v\u00f6lkerrechtswidrige Angriffskrieg"},{"@type":"BreadcrumbList","@id":"https:\/\/now-news.de\/de\/deutschland\/die-tagesschau-und-der-voelkerrechtswidrige-angriffskrieg\/#breadcrumb","itemListElement":[{"@type":"ListItem","position":1,"name":"Home","item":"https:\/\/now-news.de\/de\/"},{"@type":"ListItem","position":2,"name":"Die &quot;Tagesschau&quot; und der v\u00f6lkerrechtswidrige Angriffskrieg"}]},{"@type":"WebSite","@id":"https:\/\/now-news.de\/de\/#website","url":"https:\/\/now-news.de\/de\/","name":"just-now.NEWS Deutschland","description":"Das Portal f\u00fcr unzensierte Nachrichten aus der Welt","publisher":{"@id":"https:\/\/now-news.de\/de\/#organization"},"potentialAction":[{"@type":"SearchAction","target":{"@type":"EntryPoint","urlTemplate":"https:\/\/now-news.de\/de\/?s={search_term_string}"},"query-input":"required name=search_term_string"}],"inLanguage":"de"},{"@type":"Organization","@id":"https:\/\/now-news.de\/de\/#organization","name":"Just Now News","url":"https:\/\/now-news.de\/de\/","logo":{"@type":"ImageObject","inLanguage":"de","@id":"https:\/\/now-news.de\/de\/#\/schema\/logo\/image\/","url":"http:\/\/just-now.news\/de\/wp-content\/uploads\/sites\/3\/2022\/04\/logo500x500.jpg","contentUrl":"http:\/\/just-now.news\/de\/wp-content\/uploads\/sites\/3\/2022\/04\/logo500x500.jpg","width":500,"height":500,"caption":"Just Now News"},"image":{"@id":"https:\/\/now-news.de\/de\/#\/schema\/logo\/image\/"},"sameAs":["https:\/\/www.facebook.com\/wirmachenauf","https:\/\/x.com\/WirMachenAuf_de"]},{"@type":"Person","@id":"https:\/\/now-news.de\/de\/#\/schema\/person\/fb534a4e865501d8b3285208df34a9b5","name":"rtnews","image":{"@type":"ImageObject","inLanguage":"de","@id":"https:\/\/now-news.de\/de\/#\/schema\/person\/image\/","url":"https:\/\/secure.gravatar.com\/avatar\/82aafea7d8127119dd649515f56e2117?s=96&d=mm&r=g","contentUrl":"https:\/\/secure.gravatar.com\/avatar\/82aafea7d8127119dd649515f56e2117?s=96&d=mm&r=g","caption":"rtnews"},"url":"https:\/\/now-news.de\/de\/author\/rnews\/"}]}},"_links":{"self":[{"href":"https:\/\/now-news.de\/de\/wp-json\/wp\/v2\/posts\/74324"}],"collection":[{"href":"https:\/\/now-news.de\/de\/wp-json\/wp\/v2\/posts"}],"about":[{"href":"https:\/\/now-news.de\/de\/wp-json\/wp\/v2\/types\/post"}],"author":[{"embeddable":true,"href":"https:\/\/now-news.de\/de\/wp-json\/wp\/v2\/users\/3"}],"replies":[{"embeddable":true,"href":"https:\/\/now-news.de\/de\/wp-json\/wp\/v2\/comments?post=74324"}],"version-history":[{"count":0,"href":"https:\/\/now-news.de\/de\/wp-json\/wp\/v2\/posts\/74324\/revisions"}],"wp:featuredmedia":[{"embeddable":true,"href":"https:\/\/now-news.de\/de\/wp-json\/wp\/v2\/media\/74325"}],"wp:attachment":[{"href":"https:\/\/now-news.de\/de\/wp-json\/wp\/v2\/media?parent=74324"}],"wp:term":[{"taxonomy":"category","embeddable":true,"href":"https:\/\/now-news.de\/de\/wp-json\/wp\/v2\/categories?post=74324"},{"taxonomy":"post_tag","embeddable":true,"href":"https:\/\/now-news.de\/de\/wp-json\/wp\/v2\/tags?post=74324"}],"curies":[{"name":"wp","href":"https:\/\/api.w.org\/{rel}","templated":true}]}}