{"id":74300,"date":"2024-12-11T21:10:52","date_gmt":"2024-12-11T19:10:52","guid":{"rendered":"https:\/\/now-news.de\/de\/deutschland\/orban-ruft-putin-nach-treffen-mit-trump-an\/"},"modified":"2024-12-11T21:10:52","modified_gmt":"2024-12-11T19:10:52","slug":"orban-ruft-putin-nach-treffen-mit-trump-an","status":"publish","type":"post","link":"https:\/\/now-news.de\/de\/deutschland\/orban-ruft-putin-nach-treffen-mit-trump-an\/","title":{"rendered":"Orb\u00e1n ruft Putin nach Treffen mit Trump an"},"content":{"rendered":"<p><img decoding=\"async\" src=\"https:\/\/now-news.de\/de\/wp-content\/uploads\/sites\/3\/2024\/12\/6759a0dab480cc2883209378.jpg\" \/><\/p>\n<div class=\"Text-root Text-type_1 \">\n                Wladimir Putin und Viktor Orb\u00e1n haben auf Initiative Budapests ein Telefongespr\u00e4ch gef\u00fchrt. Sie haben sich \u00fcber den Ukraine-Krieg ausgetauscht.  Putin bezeichnete die Haltung Kiews als destruktiv, denn sie gebe keine M\u00f6glichkeit einer friedlichen Beilegung des Konflikts.\n            <\/div>\n<p><\/p>\n<div class=\"Text-root Text-type_5 ArticleView-text ViewText-root \">\n<p><strong><\/strong>Der ungarische Ministerpr\u00e4sident Viktor Orb\u00e1n hat am Mittwoch ein Telefongespr\u00e4ch mit dem russischen Pr\u00e4sidenten Wladimir Putin gef\u00fchrt und damit seine diplomatischen Aktivit\u00e4ten nach einem Treffen mit dem designierten US-Pr\u00e4sidenten Donald Trump am Montag fortgesetzt.<\/p>\n<p>In dem Telefongespr\u00e4ch haben die Politiker sowohl die bilateralen Beziehungen, vor allem im Energiebereich, als auch die au\u00dfenpolitische Agenda besprochen, wie der Pressedienst des Kremls <a rel=\"nofollow noopener\" target=\"_blank\" href=\"http:\/\/kremlin.ru\/events\/president\/news\/75824\">mitteilt<\/a>.<\/p>\n<p>Orb\u00e1n bekundete sein Interesse, die Suche nach einer L\u00f6sung des milit\u00e4rischen Konflikts zwischen Moskau und Kiew zu f\u00f6rdern. Er\u00a0er\u00f6rterte\u00a0mit Putin M\u00f6glichkeiten zur Beilegung des Krieges, wobei auch &#8220;Kontakte des ungarischen Ministerpr\u00e4sidenten mit einer Reihe westlicher Staats- und Regierungschefs&#8221; ber\u00fccksichtigt werden k\u00f6nnten, hei\u00dft es in einer Erkl\u00e4rung.<\/p>\n<p>Putin hat seinerseits seine Einsch\u00e4tzung der aktuellen Situation um die Ukraine zum Ausdruck gebracht. Er\u00a0bezeichnete\u00a0die Haltung Kiews als destruktiv und wies darauf hin, dass die Ukraine &#8220;weiterhin die M\u00f6glichkeit einer friedlichen L\u00f6sung des Konflikts ausschlie\u00dft.&#8221;<\/p>\n<p>Orb\u00e1n und Putin haben auch \u00fcber die Lage im Nahen Osten gesprochen.\u00a0<\/p>\n<p>Ungarn, das in diesem Monat seine rotierende EU-Pr\u00e4sidentschaft beendet, hat mit Orb\u00e1ns &#8220;Friedensmissionen&#8221; viele westliche Politiker ver\u00e4rgert. Gleich zu Beginn der ungarischen EU-Pr\u00e4sidentschaft im Juli war Orb\u00e1n nach Kiew, Moskau und in die USA gereist. Trotz der anhaltenden Kritik seitens der NATO und der EU setzte er seine Reisediplomatie fort.<\/p>\n<p>Am Montag hatte sich Orb\u00e1n mit dem designierten US-Pr\u00e4sidenten in Florida getroffen. An dem Treffen nahmen auch Milliard\u00e4r Elon Musk und Trumps k\u00fcnftiger Nationaler Sicherheitsberater Mike Waltz teil.<\/p>\n<p><strong>Mehr zum Thema<\/strong>\u00a0\u2013 <a rel=\"nofollow noopener\" target=\"_blank\" href=\"https:\/\/freedert.online\/international\/228588-orban-ukrainer-setzten-2022-mit-verzicht-auf-frieden-auf-das-falsche-pferd\/\">Orb\u00e1n: &#8220;Ukrainer setzten 2022 mit Verzicht auf Frieden auf das falsche Pferd&#8221;<\/a><\/p>\n<div class=\"EmbedBlock-root EmbedBlock-externalVideo EmbedBlock-rumble\">\n<div class=\"VkEmbed\"><iframe class=\"lazyload\" data-src=\"https:\/\/rumble.com\/embed\/v5qo03w\" frameborder=\"0\" width=\"853\" height=\"480\" allowfullscreen><\/iframe><\/div>\n<\/div>\n<\/div>\n<p><br \/>\n<br \/><a href=\"https:\/\/de.rt.com\/international\/229181-orban-ruft-putin-nach-treffen\/\">Source link <\/a><\/p>\n","protected":false},"excerpt":{"rendered":"<p>Wladimir Putin und Viktor Orb\u00e1n haben auf Initiative Budapests ein Telefongespr\u00e4ch gef\u00fchrt. Sie haben sich \u00fcber den Ukraine-Krieg ausgetauscht. Putin bezeichnete die Haltung Kiews als destruktiv, denn sie gebe keine M\u00f6glichkeit einer friedlichen Beilegung des Konflikts. Der ungarische Ministerpr\u00e4sident Viktor Orb\u00e1n hat am Mittwoch ein Telefongespr\u00e4ch mit dem russischen Pr\u00e4sidenten Wladimir Putin gef\u00fchrt und damit [&hellip;]<\/p>\n","protected":false},"author":3,"featured_media":74301,"comment_status":"open","ping_status":"open","sticky":false,"template":"","format":"standard","meta":{"_yoast_indexnow_last_ping":["1733945039"],"wp_automatic_camp":["217"],"f9dc13e0b46bb123af54c34a0477ceac":["Orb\u00e1n ruft Putin nach Treffen mit Trump an"],"original_link":["https:\/\/de.rt.com\/international\/229181-orban-ruft-putin-nach-treffen\/"],"_thumbnail_id":["74301"],"_wptgpro_p2tg_sent2tg":["a:1:{i:23737;s:19:\"2024-12-11 21:27:25\";}"],"jnews_social_counter_last_update":["1777485184"]},"categories":[19,23],"tags":[419,979,6397,125,6183,354,1639],"yoast_head":"<!-- This site is optimized with the Yoast SEO Premium plugin v22.7 (Yoast SEO v22.7) - https:\/\/yoast.com\/wordpress\/plugins\/seo\/ -->\n<title>Orb\u00e1n ruft Putin nach Treffen mit Trump an - just-now.NEWS Deutschland<\/title>\n<meta name=\"robots\" content=\"index, follow, max-snippet:-1, max-image-preview:large, max-video-preview:-1\" \/>\n<link rel=\"canonical\" href=\"https:\/\/now-news.de\/de\/deutschland\/orban-ruft-putin-nach-treffen-mit-trump-an\/\" \/>\n<meta property=\"og:locale\" content=\"de_DE\" \/>\n<meta property=\"og:type\" content=\"article\" \/>\n<meta property=\"og:title\" content=\"Orb\u00e1n ruft Putin nach Treffen mit Trump an\" \/>\n<meta property=\"og:description\" content=\"Wladimir Putin und Viktor Orb\u00e1n haben auf Initiative Budapests ein Telefongespr\u00e4ch gef\u00fchrt. Sie haben sich \u00fcber den Ukraine-Krieg ausgetauscht. Putin bezeichnete die Haltung Kiews als destruktiv, denn sie gebe keine M\u00f6glichkeit einer friedlichen Beilegung des Konflikts. Der ungarische Ministerpr\u00e4sident Viktor Orb\u00e1n hat am Mittwoch ein Telefongespr\u00e4ch mit dem russischen Pr\u00e4sidenten Wladimir Putin gef\u00fchrt und damit [&hellip;]\" \/>\n<meta property=\"og:url\" content=\"https:\/\/now-news.de\/de\/deutschland\/orban-ruft-putin-nach-treffen-mit-trump-an\/\" \/>\n<meta property=\"og:site_name\" content=\"just-now.NEWS Deutschland\" \/>\n<meta property=\"article:publisher\" content=\"https:\/\/www.facebook.com\/wirmachenauf\" \/>\n<meta property=\"article:published_time\" content=\"2024-12-11T19:10:52+00:00\" \/>\n<meta property=\"og:image\" content=\"https:\/\/now-news.de\/de\/wp-content\/uploads\/sites\/3\/2024\/12\/6759a0dab480cc2883209378.jpg\" \/>\n<meta name=\"author\" content=\"rtnews\" \/>\n<meta name=\"twitter:card\" content=\"summary_large_image\" \/>\n<meta name=\"twitter:creator\" content=\"@WirMachenAuf_de\" \/>\n<meta name=\"twitter:site\" content=\"@WirMachenAuf_de\" \/>\n<meta name=\"twitter:label1\" content=\"Verfasst von\" \/>\n\t<meta name=\"twitter:data1\" content=\"rtnews\" \/>\n\t<meta name=\"twitter:label2\" content=\"Gesch\u00e4tzte Lesezeit\" \/>\n\t<meta name=\"twitter:data2\" content=\"2\u00a0Minuten\" \/>\n<script type=\"application\/ld+json\" class=\"yoast-schema-graph\">{\"@context\":\"https:\/\/schema.org\",\"@graph\":[{\"@type\":\"Article\",\"@id\":\"https:\/\/now-news.de\/de\/deutschland\/orban-ruft-putin-nach-treffen-mit-trump-an\/#article\",\"isPartOf\":{\"@id\":\"https:\/\/now-news.de\/de\/deutschland\/orban-ruft-putin-nach-treffen-mit-trump-an\/\"},\"author\":{\"name\":\"rtnews\",\"@id\":\"https:\/\/now-news.de\/de\/#\/schema\/person\/fb534a4e865501d8b3285208df34a9b5\"},\"headline\":\"Orb\u00e1n ruft Putin nach Treffen mit Trump an\",\"datePublished\":\"2024-12-11T19:10:52+00:00\",\"dateModified\":\"2024-12-11T19:10:52+00:00\",\"mainEntityOfPage\":{\"@id\":\"https:\/\/now-news.de\/de\/deutschland\/orban-ruft-putin-nach-treffen-mit-trump-an\/\"},\"wordCount\":336,\"commentCount\":0,\"publisher\":{\"@id\":\"https:\/\/now-news.de\/de\/#organization\"},\"image\":{\"@id\":\"https:\/\/now-news.de\/de\/deutschland\/orban-ruft-putin-nach-treffen-mit-trump-an\/#primaryimage\"},\"thumbnailUrl\":\"https:\/\/now-news.de\/de\/wp-content\/uploads\/sites\/3\/2024\/12\/Orban-ruft-Putin-nach-Treffen-mit-Trump-an.jpg\",\"keywords\":[\"mit\",\"nach\",\"Orb\u00e1n\",\"putin\",\"ruft\",\"Treffen\",\"trump\"],\"articleSection\":[\"Deutschland\",\"Russland\"],\"inLanguage\":\"de\",\"potentialAction\":[{\"@type\":\"CommentAction\",\"name\":\"Comment\",\"target\":[\"https:\/\/now-news.de\/de\/deutschland\/orban-ruft-putin-nach-treffen-mit-trump-an\/#respond\"]}]},{\"@type\":\"WebPage\",\"@id\":\"https:\/\/now-news.de\/de\/deutschland\/orban-ruft-putin-nach-treffen-mit-trump-an\/\",\"url\":\"https:\/\/now-news.de\/de\/deutschland\/orban-ruft-putin-nach-treffen-mit-trump-an\/\",\"name\":\"Orb\u00e1n ruft Putin nach Treffen mit Trump an - just-now.NEWS Deutschland\",\"isPartOf\":{\"@id\":\"https:\/\/now-news.de\/de\/#website\"},\"primaryImageOfPage\":{\"@id\":\"https:\/\/now-news.de\/de\/deutschland\/orban-ruft-putin-nach-treffen-mit-trump-an\/#primaryimage\"},\"image\":{\"@id\":\"https:\/\/now-news.de\/de\/deutschland\/orban-ruft-putin-nach-treffen-mit-trump-an\/#primaryimage\"},\"thumbnailUrl\":\"https:\/\/now-news.de\/de\/wp-content\/uploads\/sites\/3\/2024\/12\/Orban-ruft-Putin-nach-Treffen-mit-Trump-an.jpg\",\"datePublished\":\"2024-12-11T19:10:52+00:00\",\"dateModified\":\"2024-12-11T19:10:52+00:00\",\"breadcrumb\":{\"@id\":\"https:\/\/now-news.de\/de\/deutschland\/orban-ruft-putin-nach-treffen-mit-trump-an\/#breadcrumb\"},\"inLanguage\":\"de\",\"potentialAction\":[{\"@type\":\"ReadAction\",\"target\":[\"https:\/\/now-news.de\/de\/deutschland\/orban-ruft-putin-nach-treffen-mit-trump-an\/\"]}]},{\"@type\":\"ImageObject\",\"inLanguage\":\"de\",\"@id\":\"https:\/\/now-news.de\/de\/deutschland\/orban-ruft-putin-nach-treffen-mit-trump-an\/#primaryimage\",\"url\":\"https:\/\/now-news.de\/de\/wp-content\/uploads\/sites\/3\/2024\/12\/Orban-ruft-Putin-nach-Treffen-mit-Trump-an.jpg\",\"contentUrl\":\"https:\/\/now-news.de\/de\/wp-content\/uploads\/sites\/3\/2024\/12\/Orban-ruft-Putin-nach-Treffen-mit-Trump-an.jpg\",\"width\":460,\"height\":259,\"caption\":\"Orb\u00e1n ruft Putin nach Treffen mit Trump an\"},{\"@type\":\"BreadcrumbList\",\"@id\":\"https:\/\/now-news.de\/de\/deutschland\/orban-ruft-putin-nach-treffen-mit-trump-an\/#breadcrumb\",\"itemListElement\":[{\"@type\":\"ListItem\",\"position\":1,\"name\":\"Home\",\"item\":\"https:\/\/now-news.de\/de\/\"},{\"@type\":\"ListItem\",\"position\":2,\"name\":\"Orb\u00e1n ruft Putin nach Treffen mit Trump an\"}]},{\"@type\":\"WebSite\",\"@id\":\"https:\/\/now-news.de\/de\/#website\",\"url\":\"https:\/\/now-news.de\/de\/\",\"name\":\"just-now.NEWS Deutschland\",\"description\":\"Das Portal f\u00fcr unzensierte Nachrichten aus der Welt\",\"publisher\":{\"@id\":\"https:\/\/now-news.de\/de\/#organization\"},\"potentialAction\":[{\"@type\":\"SearchAction\",\"target\":{\"@type\":\"EntryPoint\",\"urlTemplate\":\"https:\/\/now-news.de\/de\/?s={search_term_string}\"},\"query-input\":\"required name=search_term_string\"}],\"inLanguage\":\"de\"},{\"@type\":\"Organization\",\"@id\":\"https:\/\/now-news.de\/de\/#organization\",\"name\":\"Just Now News\",\"url\":\"https:\/\/now-news.de\/de\/\",\"logo\":{\"@type\":\"ImageObject\",\"inLanguage\":\"de\",\"@id\":\"https:\/\/now-news.de\/de\/#\/schema\/logo\/image\/\",\"url\":\"http:\/\/just-now.news\/de\/wp-content\/uploads\/sites\/3\/2022\/04\/logo500x500.jpg\",\"contentUrl\":\"http:\/\/just-now.news\/de\/wp-content\/uploads\/sites\/3\/2022\/04\/logo500x500.jpg\",\"width\":500,\"height\":500,\"caption\":\"Just Now News\"},\"image\":{\"@id\":\"https:\/\/now-news.de\/de\/#\/schema\/logo\/image\/\"},\"sameAs\":[\"https:\/\/www.facebook.com\/wirmachenauf\",\"https:\/\/x.com\/WirMachenAuf_de\"]},{\"@type\":\"Person\",\"@id\":\"https:\/\/now-news.de\/de\/#\/schema\/person\/fb534a4e865501d8b3285208df34a9b5\",\"name\":\"rtnews\",\"image\":{\"@type\":\"ImageObject\",\"inLanguage\":\"de\",\"@id\":\"https:\/\/now-news.de\/de\/#\/schema\/person\/image\/\",\"url\":\"https:\/\/secure.gravatar.com\/avatar\/82aafea7d8127119dd649515f56e2117?s=96&d=mm&r=g\",\"contentUrl\":\"https:\/\/secure.gravatar.com\/avatar\/82aafea7d8127119dd649515f56e2117?s=96&d=mm&r=g\",\"caption\":\"rtnews\"},\"url\":\"https:\/\/now-news.de\/de\/author\/rnews\/\"}]}<\/script>\n<!-- \/ Yoast SEO Premium plugin. -->","yoast_head_json":{"title":"Orb\u00e1n ruft Putin nach Treffen mit Trump an - just-now.NEWS Deutschland","robots":{"index":"index","follow":"follow","max-snippet":"max-snippet:-1","max-image-preview":"max-image-preview:large","max-video-preview":"max-video-preview:-1"},"canonical":"https:\/\/now-news.de\/de\/deutschland\/orban-ruft-putin-nach-treffen-mit-trump-an\/","og_locale":"de_DE","og_type":"article","og_title":"Orb\u00e1n ruft Putin nach Treffen mit Trump an","og_description":"Wladimir Putin und Viktor Orb\u00e1n haben auf Initiative Budapests ein Telefongespr\u00e4ch gef\u00fchrt. Sie haben sich \u00fcber den Ukraine-Krieg ausgetauscht. Putin bezeichnete die Haltung Kiews als destruktiv, denn sie gebe keine M\u00f6glichkeit einer friedlichen Beilegung des Konflikts. Der ungarische Ministerpr\u00e4sident Viktor Orb\u00e1n hat am Mittwoch ein Telefongespr\u00e4ch mit dem russischen Pr\u00e4sidenten Wladimir Putin gef\u00fchrt und damit [&hellip;]","og_url":"https:\/\/now-news.de\/de\/deutschland\/orban-ruft-putin-nach-treffen-mit-trump-an\/","og_site_name":"just-now.NEWS Deutschland","article_publisher":"https:\/\/www.facebook.com\/wirmachenauf","article_published_time":"2024-12-11T19:10:52+00:00","og_image":[{"url":"https:\/\/now-news.de\/de\/wp-content\/uploads\/sites\/3\/2024\/12\/6759a0dab480cc2883209378.jpg"}],"author":"rtnews","twitter_card":"summary_large_image","twitter_creator":"@WirMachenAuf_de","twitter_site":"@WirMachenAuf_de","twitter_misc":{"Verfasst von":"rtnews","Gesch\u00e4tzte Lesezeit":"2\u00a0Minuten"},"schema":{"@context":"https:\/\/schema.org","@graph":[{"@type":"Article","@id":"https:\/\/now-news.de\/de\/deutschland\/orban-ruft-putin-nach-treffen-mit-trump-an\/#article","isPartOf":{"@id":"https:\/\/now-news.de\/de\/deutschland\/orban-ruft-putin-nach-treffen-mit-trump-an\/"},"author":{"name":"rtnews","@id":"https:\/\/now-news.de\/de\/#\/schema\/person\/fb534a4e865501d8b3285208df34a9b5"},"headline":"Orb\u00e1n ruft Putin nach Treffen mit Trump an","datePublished":"2024-12-11T19:10:52+00:00","dateModified":"2024-12-11T19:10:52+00:00","mainEntityOfPage":{"@id":"https:\/\/now-news.de\/de\/deutschland\/orban-ruft-putin-nach-treffen-mit-trump-an\/"},"wordCount":336,"commentCount":0,"publisher":{"@id":"https:\/\/now-news.de\/de\/#organization"},"image":{"@id":"https:\/\/now-news.de\/de\/deutschland\/orban-ruft-putin-nach-treffen-mit-trump-an\/#primaryimage"},"thumbnailUrl":"https:\/\/now-news.de\/de\/wp-content\/uploads\/sites\/3\/2024\/12\/Orban-ruft-Putin-nach-Treffen-mit-Trump-an.jpg","keywords":["mit","nach","Orb\u00e1n","putin","ruft","Treffen","trump"],"articleSection":["Deutschland","Russland"],"inLanguage":"de","potentialAction":[{"@type":"CommentAction","name":"Comment","target":["https:\/\/now-news.de\/de\/deutschland\/orban-ruft-putin-nach-treffen-mit-trump-an\/#respond"]}]},{"@type":"WebPage","@id":"https:\/\/now-news.de\/de\/deutschland\/orban-ruft-putin-nach-treffen-mit-trump-an\/","url":"https:\/\/now-news.de\/de\/deutschland\/orban-ruft-putin-nach-treffen-mit-trump-an\/","name":"Orb\u00e1n ruft Putin nach Treffen mit Trump an - just-now.NEWS Deutschland","isPartOf":{"@id":"https:\/\/now-news.de\/de\/#website"},"primaryImageOfPage":{"@id":"https:\/\/now-news.de\/de\/deutschland\/orban-ruft-putin-nach-treffen-mit-trump-an\/#primaryimage"},"image":{"@id":"https:\/\/now-news.de\/de\/deutschland\/orban-ruft-putin-nach-treffen-mit-trump-an\/#primaryimage"},"thumbnailUrl":"https:\/\/now-news.de\/de\/wp-content\/uploads\/sites\/3\/2024\/12\/Orban-ruft-Putin-nach-Treffen-mit-Trump-an.jpg","datePublished":"2024-12-11T19:10:52+00:00","dateModified":"2024-12-11T19:10:52+00:00","breadcrumb":{"@id":"https:\/\/now-news.de\/de\/deutschland\/orban-ruft-putin-nach-treffen-mit-trump-an\/#breadcrumb"},"inLanguage":"de","potentialAction":[{"@type":"ReadAction","target":["https:\/\/now-news.de\/de\/deutschland\/orban-ruft-putin-nach-treffen-mit-trump-an\/"]}]},{"@type":"ImageObject","inLanguage":"de","@id":"https:\/\/now-news.de\/de\/deutschland\/orban-ruft-putin-nach-treffen-mit-trump-an\/#primaryimage","url":"https:\/\/now-news.de\/de\/wp-content\/uploads\/sites\/3\/2024\/12\/Orban-ruft-Putin-nach-Treffen-mit-Trump-an.jpg","contentUrl":"https:\/\/now-news.de\/de\/wp-content\/uploads\/sites\/3\/2024\/12\/Orban-ruft-Putin-nach-Treffen-mit-Trump-an.jpg","width":460,"height":259,"caption":"Orb\u00e1n ruft Putin nach Treffen mit Trump an"},{"@type":"BreadcrumbList","@id":"https:\/\/now-news.de\/de\/deutschland\/orban-ruft-putin-nach-treffen-mit-trump-an\/#breadcrumb","itemListElement":[{"@type":"ListItem","position":1,"name":"Home","item":"https:\/\/now-news.de\/de\/"},{"@type":"ListItem","position":2,"name":"Orb\u00e1n ruft Putin nach Treffen mit Trump an"}]},{"@type":"WebSite","@id":"https:\/\/now-news.de\/de\/#website","url":"https:\/\/now-news.de\/de\/","name":"just-now.NEWS Deutschland","description":"Das Portal f\u00fcr unzensierte Nachrichten aus der Welt","publisher":{"@id":"https:\/\/now-news.de\/de\/#organization"},"potentialAction":[{"@type":"SearchAction","target":{"@type":"EntryPoint","urlTemplate":"https:\/\/now-news.de\/de\/?s={search_term_string}"},"query-input":"required name=search_term_string"}],"inLanguage":"de"},{"@type":"Organization","@id":"https:\/\/now-news.de\/de\/#organization","name":"Just Now News","url":"https:\/\/now-news.de\/de\/","logo":{"@type":"ImageObject","inLanguage":"de","@id":"https:\/\/now-news.de\/de\/#\/schema\/logo\/image\/","url":"http:\/\/just-now.news\/de\/wp-content\/uploads\/sites\/3\/2022\/04\/logo500x500.jpg","contentUrl":"http:\/\/just-now.news\/de\/wp-content\/uploads\/sites\/3\/2022\/04\/logo500x500.jpg","width":500,"height":500,"caption":"Just Now News"},"image":{"@id":"https:\/\/now-news.de\/de\/#\/schema\/logo\/image\/"},"sameAs":["https:\/\/www.facebook.com\/wirmachenauf","https:\/\/x.com\/WirMachenAuf_de"]},{"@type":"Person","@id":"https:\/\/now-news.de\/de\/#\/schema\/person\/fb534a4e865501d8b3285208df34a9b5","name":"rtnews","image":{"@type":"ImageObject","inLanguage":"de","@id":"https:\/\/now-news.de\/de\/#\/schema\/person\/image\/","url":"https:\/\/secure.gravatar.com\/avatar\/82aafea7d8127119dd649515f56e2117?s=96&d=mm&r=g","contentUrl":"https:\/\/secure.gravatar.com\/avatar\/82aafea7d8127119dd649515f56e2117?s=96&d=mm&r=g","caption":"rtnews"},"url":"https:\/\/now-news.de\/de\/author\/rnews\/"}]}},"_links":{"self":[{"href":"https:\/\/now-news.de\/de\/wp-json\/wp\/v2\/posts\/74300"}],"collection":[{"href":"https:\/\/now-news.de\/de\/wp-json\/wp\/v2\/posts"}],"about":[{"href":"https:\/\/now-news.de\/de\/wp-json\/wp\/v2\/types\/post"}],"author":[{"embeddable":true,"href":"https:\/\/now-news.de\/de\/wp-json\/wp\/v2\/users\/3"}],"replies":[{"embeddable":true,"href":"https:\/\/now-news.de\/de\/wp-json\/wp\/v2\/comments?post=74300"}],"version-history":[{"count":0,"href":"https:\/\/now-news.de\/de\/wp-json\/wp\/v2\/posts\/74300\/revisions"}],"wp:featuredmedia":[{"embeddable":true,"href":"https:\/\/now-news.de\/de\/wp-json\/wp\/v2\/media\/74301"}],"wp:attachment":[{"href":"https:\/\/now-news.de\/de\/wp-json\/wp\/v2\/media?parent=74300"}],"wp:term":[{"taxonomy":"category","embeddable":true,"href":"https:\/\/now-news.de\/de\/wp-json\/wp\/v2\/categories?post=74300"},{"taxonomy":"post_tag","embeddable":true,"href":"https:\/\/now-news.de\/de\/wp-json\/wp\/v2\/tags?post=74300"}],"curies":[{"name":"wp","href":"https:\/\/api.w.org\/{rel}","templated":true}]}}