{"id":74275,"date":"2024-12-11T16:26:47","date_gmt":"2024-12-11T14:26:47","guid":{"rendered":"https:\/\/now-news.de\/de\/deutschland\/karin-keller-sutter-wird-2025-bundespraesidentin\/"},"modified":"2024-12-11T16:26:47","modified_gmt":"2024-12-11T14:26:47","slug":"karin-keller-sutter-wird-2025-bundespraesidentin","status":"publish","type":"post","link":"https:\/\/now-news.de\/de\/deutschland\/karin-keller-sutter-wird-2025-bundespraesidentin\/","title":{"rendered":"Karin Keller-Sutter wird 2025 Bundespr\u00e4sidentin"},"content":{"rendered":"<div class=\"Text-root Text-type_1 \">\n                FDP-Bundesr\u00e4tin Karin Keller-Sutter wird 2025 Bundespr\u00e4sidentin und folgt auf Viola Amherd. Bei ihrer Wahl erhielt sie 168 Stimmen, was unter dem Durchschnitt der letzten Jahre liegt. Ihre Ernennung erfolgt zeitgleich zur Ver\u00f6ffentlichung des PUK-Berichts zur Credit Suisse, der Keller-Sutters Rolle im Finanzbereich erneut in den Fokus r\u00fcckt.\n            <\/div>\n<p><\/p>\n<div class=\"Text-root Text-type_5 ArticleView-text ViewText-root \">\n<p>Die Schweiz bekommt eine neue Bundespr\u00e4sidentin: Karin Keller-Sutter, die derzeitige Finanzministerin und FDP-Bundesr\u00e4tin, wurde am Mittwoch von der Vereinigten Bundesversammlung mit 168 Stimmen in ihr neues Amt gew\u00e4hlt.<\/p>\n<p>Sie folgt auf Viola Amherd, die das Amt noch bis Ende 2024 innehat. In ihrer neuen Rolle \u00fcbernimmt Keller-Sutter Aufgaben wie das Leiten der Bundesratssitzungen und das Empfangen ausl\u00e4ndischer Staatsoberh\u00e4upter bei offiziellen Staatsbesuchen. Zudem wird sie in dringlichen F\u00e4llen Entscheidungen im Namen des Bundesrates treffen.<\/p>\n<p><strong>Politische Karriere und Herausforderungen<\/strong><\/p>\n<p>Keller-Sutter ist seit 2019 im Bundesrat und wurde besonders durch ihre Rolle bei der \u00dcbernahme der Credit Suisse durch die UBS im Jahr 2023 bekannt. Ihre harten Sparma\u00dfnahmen und die angedrohte Reduzierung von Steuervorteilen bei Kapitalbez\u00fcgen stie\u00dfen besonders in b\u00fcrgerlichen Kreisen auf heftige Kritik. Diese Vorschl\u00e4ge wurden als Angriff auf den Mittelstand und gutverdienende Personen wahrgenommen.<\/p>\n<figure class=\"RTImage-root\">\n<div class=\"RTImage-image RTImage-original\"><picture class=\"Picture-root Picture-original\"><!--[if IE 9]><video style=\"display: none;\"><![endif]--><source media=\"(-webkit-min-device-pixel-ratio: 2) and (min-resolution: 120dpi)\" data-srcset=\" \nhttps:\/\/now-news.de\/de\/wp-content\/uploads\/sites\/3\/2024\/12\/67597a1148fbef75c8623161.jpg 850w,\n                https:\/\/now-news.de\/de\/wp-content\/uploads\/sites\/3\/2024\/12\/67597a1148fbef75c8623161.jpg 1960w,            \" ><source data-srcset=\" \nhttps:\/\/now-news.de\/de\/wp-content\/uploads\/sites\/3\/2024\/12\/67597a1148fbef75c8623161.jpg 460w,\n              https:\/\/now-news.de\/de\/wp-content\/uploads\/sites\/3\/2024\/12\/67597a1148fbef75c8623161.jpg 980w,\n            \" ><!--[if IE 9]><\/video><![endif]--><img decoding=\"async\" data- src=\"data:image\/png;base64,iVBORw0KGgoAAAANSUhEUgAAABAAAAAJCAQAAACRI2S5AAAAEElEQVR42mNkIAAYRxWAAQAG9gAKqv6+AwAAAABJRU5ErkJggg==\" class=\"Picture-root Picture-original lazyload\" data-src=\"https:\/\/now-news.de\/de\/wp-content\/uploads\/sites\/3\/2024\/12\/67597a1148fbef75c8623161.jpg\" alt=\"\"><\/source><\/source><\/picture><!-- noscript pattern --><noscript><img decoding=\"async\" src=\"https:\/\/now-news.de\/de\/wp-content\/uploads\/sites\/3\/2024\/12\/67597a1148fbef75c8623161.jpg\" alt=\"\"><\/noscript><\/div>\n<\/figure>\n<p>Trotz der teils negativen Reaktionen wurde Keller-Sutter 2024 von der Finanzzeitschrift <em>The Banker<\/em> als &#8220;Europ\u00e4ische Finanzministerin des Jahres&#8221; ausgezeichnet. Sie wurde zudem von der <em>Financial Times<\/em> zu einer der 25 einflussreichsten Frauen des Jahres 2023 gek\u00fcrt.<\/p>\n<p><strong>Die Rolle der Bundespr\u00e4sidentin<\/strong><\/p>\n<p>Die Bundespr\u00e4sidentin hat nicht mehr Macht als die anderen Mitglieder des Bundesrates, wird jedoch als &#8220;Primus inter Pares&#8221; angesehen, als &#8220;Erste unter Gleichen&#8221;. Ihre Aufgaben beinhalten vor allem repr\u00e4sentative Pflichten und das F\u00fchren von Bundesratssitzungen.<\/p>\n<p>Am 1. Januar 2025 wird Keller-Sutter traditionell in ihrer Ansprache an das Volk ihre Amtszeit beginnen.<\/p>\n<p>Mit\u00a0der FDP-Politikerin an der Spitze des Bundesrats wird erwartet, dass ihre strikte Finanzpolitik weiterhin eine zentrale Rolle in der schweizerischen Politik spielen wird, auch wenn ihre Vorschl\u00e4ge und Entscheidungen nicht \u00fcberall auf Zustimmung sto\u00dfen.<\/p>\n<p><strong>Mehr zum Thema<\/strong>\u00a0\u2012\u00a0<a rel=\"nofollow noopener\" target=\"_blank\" href=\"https:\/\/freedert.online\/schweiz\/195522-bevoelkerungsexplosion-in-zuerich-aussergewoehnlich-starke\/\">Z\u00fcrich platzt aus den N\u00e4hten \u2013 durch Zuwanderung vor allem aus der Ukraine<\/a><\/p>\n<div class=\"EmbedBlock-root EmbedBlock-externalVideo EmbedBlock-rumble\">\n<div class=\"VkEmbed\"><iframe class=\"lazyload\" data-src=\"https:\/\/rumble.com\/embed\/v5adi1x\" frameborder=\"0\" width=\"853\" height=\"480\" allowfullscreen><\/iframe><\/div>\n<\/div>\n<\/div>\n<p><br \/>\n<br \/><a href=\"https:\/\/de.rt.com\/schweiz\/229152-karin-keller-sutter-wird-2025\/\">Source link <\/a><\/p>\n","protected":false},"excerpt":{"rendered":"<p>FDP-Bundesr\u00e4tin Karin Keller-Sutter wird 2025 Bundespr\u00e4sidentin und folgt auf Viola Amherd. Bei ihrer Wahl erhielt sie 168 Stimmen, was unter dem Durchschnitt der letzten Jahre liegt. Ihre Ernennung erfolgt zeitgleich zur Ver\u00f6ffentlichung des PUK-Berichts zur Credit Suisse, der Keller-Sutters Rolle im Finanzbereich erneut in den Fokus r\u00fcckt. Die Schweiz bekommt eine neue Bundespr\u00e4sidentin: Karin Keller-Sutter, [&hellip;]<\/p>\n","protected":false},"author":3,"featured_media":74276,"comment_status":"open","ping_status":"open","sticky":false,"template":"","format":"standard","meta":{"_yoast_indexnow_last_ping":["1733929623"],"wp_automatic_camp":["217"],"627b1c0f077dc31dd3c27192c5487723":["Karin Keller-Sutter wird 2025 Bundespr\u00e4sidentin"],"original_link":["https:\/\/de.rt.com\/schweiz\/229152-karin-keller-sutter-wird-2025\/"],"_thumbnail_id":["74276"],"_wptgpro_p2tg_sent2tg":["a:1:{i:23737;s:19:\"2024-12-11 17:08:49\";}"],"jnews_social_counter_last_update":["1776897008"]},"categories":[19,23],"tags":[54831,1604,60919,374],"yoast_head":"<!-- This site is optimized with the Yoast SEO Premium plugin v22.7 (Yoast SEO v22.7) - https:\/\/yoast.com\/wordpress\/plugins\/seo\/ -->\n<title>Karin Keller-Sutter wird 2025 Bundespr\u00e4sidentin - just-now.NEWS Deutschland<\/title>\n<meta name=\"robots\" content=\"index, follow, max-snippet:-1, max-image-preview:large, max-video-preview:-1\" \/>\n<link rel=\"canonical\" href=\"https:\/\/now-news.de\/de\/deutschland\/karin-keller-sutter-wird-2025-bundespraesidentin\/\" \/>\n<meta property=\"og:locale\" content=\"de_DE\" \/>\n<meta property=\"og:type\" content=\"article\" \/>\n<meta property=\"og:title\" content=\"Karin Keller-Sutter wird 2025 Bundespr\u00e4sidentin\" \/>\n<meta property=\"og:description\" content=\"FDP-Bundesr\u00e4tin Karin Keller-Sutter wird 2025 Bundespr\u00e4sidentin und folgt auf Viola Amherd. Bei ihrer Wahl erhielt sie 168 Stimmen, was unter dem Durchschnitt der letzten Jahre liegt. Ihre Ernennung erfolgt zeitgleich zur Ver\u00f6ffentlichung des PUK-Berichts zur Credit Suisse, der Keller-Sutters Rolle im Finanzbereich erneut in den Fokus r\u00fcckt. Die Schweiz bekommt eine neue Bundespr\u00e4sidentin: Karin Keller-Sutter, [&hellip;]\" \/>\n<meta property=\"og:url\" content=\"https:\/\/now-news.de\/de\/deutschland\/karin-keller-sutter-wird-2025-bundespraesidentin\/\" \/>\n<meta property=\"og:site_name\" content=\"just-now.NEWS Deutschland\" \/>\n<meta property=\"article:publisher\" content=\"https:\/\/www.facebook.com\/wirmachenauf\" \/>\n<meta property=\"article:published_time\" content=\"2024-12-11T14:26:47+00:00\" \/>\n<meta property=\"og:image\" content=\"https:\/\/now-news.de\/de\/wp-content\/uploads\/sites\/3\/2024\/12\/67597a1148fbef75c8623161.jpg\" \/>\n<meta name=\"author\" content=\"rtnews\" \/>\n<meta name=\"twitter:card\" content=\"summary_large_image\" \/>\n<meta name=\"twitter:creator\" content=\"@WirMachenAuf_de\" \/>\n<meta name=\"twitter:site\" content=\"@WirMachenAuf_de\" \/>\n<meta name=\"twitter:label1\" content=\"Verfasst von\" \/>\n\t<meta name=\"twitter:data1\" content=\"rtnews\" \/>\n\t<meta name=\"twitter:label2\" content=\"Gesch\u00e4tzte Lesezeit\" \/>\n\t<meta name=\"twitter:data2\" content=\"2\u00a0Minuten\" \/>\n<script type=\"application\/ld+json\" class=\"yoast-schema-graph\">{\"@context\":\"https:\/\/schema.org\",\"@graph\":[{\"@type\":\"Article\",\"@id\":\"https:\/\/now-news.de\/de\/deutschland\/karin-keller-sutter-wird-2025-bundespraesidentin\/#article\",\"isPartOf\":{\"@id\":\"https:\/\/now-news.de\/de\/deutschland\/karin-keller-sutter-wird-2025-bundespraesidentin\/\"},\"author\":{\"name\":\"rtnews\",\"@id\":\"https:\/\/now-news.de\/de\/#\/schema\/person\/fb534a4e865501d8b3285208df34a9b5\"},\"headline\":\"Karin Keller-Sutter wird 2025 Bundespr\u00e4sidentin\",\"datePublished\":\"2024-12-11T14:26:47+00:00\",\"dateModified\":\"2024-12-11T14:26:47+00:00\",\"mainEntityOfPage\":{\"@id\":\"https:\/\/now-news.de\/de\/deutschland\/karin-keller-sutter-wird-2025-bundespraesidentin\/\"},\"wordCount\":343,\"commentCount\":0,\"publisher\":{\"@id\":\"https:\/\/now-news.de\/de\/#organization\"},\"image\":{\"@id\":\"https:\/\/now-news.de\/de\/deutschland\/karin-keller-sutter-wird-2025-bundespraesidentin\/#primaryimage\"},\"thumbnailUrl\":\"https:\/\/now-news.de\/de\/wp-content\/uploads\/sites\/3\/2024\/12\/Karin-Keller-Sutter-wird-2025-Bundespraesidentin.jpg\",\"keywords\":[\"Bundespr\u00e4sidentin\",\"Karin\",\"KellerSutter\",\"wird\"],\"articleSection\":[\"Deutschland\",\"Russland\"],\"inLanguage\":\"de\",\"potentialAction\":[{\"@type\":\"CommentAction\",\"name\":\"Comment\",\"target\":[\"https:\/\/now-news.de\/de\/deutschland\/karin-keller-sutter-wird-2025-bundespraesidentin\/#respond\"]}]},{\"@type\":\"WebPage\",\"@id\":\"https:\/\/now-news.de\/de\/deutschland\/karin-keller-sutter-wird-2025-bundespraesidentin\/\",\"url\":\"https:\/\/now-news.de\/de\/deutschland\/karin-keller-sutter-wird-2025-bundespraesidentin\/\",\"name\":\"Karin Keller-Sutter wird 2025 Bundespr\u00e4sidentin - just-now.NEWS Deutschland\",\"isPartOf\":{\"@id\":\"https:\/\/now-news.de\/de\/#website\"},\"primaryImageOfPage\":{\"@id\":\"https:\/\/now-news.de\/de\/deutschland\/karin-keller-sutter-wird-2025-bundespraesidentin\/#primaryimage\"},\"image\":{\"@id\":\"https:\/\/now-news.de\/de\/deutschland\/karin-keller-sutter-wird-2025-bundespraesidentin\/#primaryimage\"},\"thumbnailUrl\":\"https:\/\/now-news.de\/de\/wp-content\/uploads\/sites\/3\/2024\/12\/Karin-Keller-Sutter-wird-2025-Bundespraesidentin.jpg\",\"datePublished\":\"2024-12-11T14:26:47+00:00\",\"dateModified\":\"2024-12-11T14:26:47+00:00\",\"breadcrumb\":{\"@id\":\"https:\/\/now-news.de\/de\/deutschland\/karin-keller-sutter-wird-2025-bundespraesidentin\/#breadcrumb\"},\"inLanguage\":\"de\",\"potentialAction\":[{\"@type\":\"ReadAction\",\"target\":[\"https:\/\/now-news.de\/de\/deutschland\/karin-keller-sutter-wird-2025-bundespraesidentin\/\"]}]},{\"@type\":\"ImageObject\",\"inLanguage\":\"de\",\"@id\":\"https:\/\/now-news.de\/de\/deutschland\/karin-keller-sutter-wird-2025-bundespraesidentin\/#primaryimage\",\"url\":\"https:\/\/now-news.de\/de\/wp-content\/uploads\/sites\/3\/2024\/12\/Karin-Keller-Sutter-wird-2025-Bundespraesidentin.jpg\",\"contentUrl\":\"https:\/\/now-news.de\/de\/wp-content\/uploads\/sites\/3\/2024\/12\/Karin-Keller-Sutter-wird-2025-Bundespraesidentin.jpg\",\"width\":1599,\"height\":1080,\"caption\":\"Karin Keller-Sutter wird 2025 Bundespr\u00e4sidentin\"},{\"@type\":\"BreadcrumbList\",\"@id\":\"https:\/\/now-news.de\/de\/deutschland\/karin-keller-sutter-wird-2025-bundespraesidentin\/#breadcrumb\",\"itemListElement\":[{\"@type\":\"ListItem\",\"position\":1,\"name\":\"Home\",\"item\":\"https:\/\/now-news.de\/de\/\"},{\"@type\":\"ListItem\",\"position\":2,\"name\":\"Karin Keller-Sutter wird 2025 Bundespr\u00e4sidentin\"}]},{\"@type\":\"WebSite\",\"@id\":\"https:\/\/now-news.de\/de\/#website\",\"url\":\"https:\/\/now-news.de\/de\/\",\"name\":\"just-now.NEWS Deutschland\",\"description\":\"Das Portal f\u00fcr unzensierte Nachrichten aus der Welt\",\"publisher\":{\"@id\":\"https:\/\/now-news.de\/de\/#organization\"},\"potentialAction\":[{\"@type\":\"SearchAction\",\"target\":{\"@type\":\"EntryPoint\",\"urlTemplate\":\"https:\/\/now-news.de\/de\/?s={search_term_string}\"},\"query-input\":\"required name=search_term_string\"}],\"inLanguage\":\"de\"},{\"@type\":\"Organization\",\"@id\":\"https:\/\/now-news.de\/de\/#organization\",\"name\":\"Just Now News\",\"url\":\"https:\/\/now-news.de\/de\/\",\"logo\":{\"@type\":\"ImageObject\",\"inLanguage\":\"de\",\"@id\":\"https:\/\/now-news.de\/de\/#\/schema\/logo\/image\/\",\"url\":\"http:\/\/just-now.news\/de\/wp-content\/uploads\/sites\/3\/2022\/04\/logo500x500.jpg\",\"contentUrl\":\"http:\/\/just-now.news\/de\/wp-content\/uploads\/sites\/3\/2022\/04\/logo500x500.jpg\",\"width\":500,\"height\":500,\"caption\":\"Just Now News\"},\"image\":{\"@id\":\"https:\/\/now-news.de\/de\/#\/schema\/logo\/image\/\"},\"sameAs\":[\"https:\/\/www.facebook.com\/wirmachenauf\",\"https:\/\/x.com\/WirMachenAuf_de\"]},{\"@type\":\"Person\",\"@id\":\"https:\/\/now-news.de\/de\/#\/schema\/person\/fb534a4e865501d8b3285208df34a9b5\",\"name\":\"rtnews\",\"image\":{\"@type\":\"ImageObject\",\"inLanguage\":\"de\",\"@id\":\"https:\/\/now-news.de\/de\/#\/schema\/person\/image\/\",\"url\":\"https:\/\/secure.gravatar.com\/avatar\/82aafea7d8127119dd649515f56e2117?s=96&d=mm&r=g\",\"contentUrl\":\"https:\/\/secure.gravatar.com\/avatar\/82aafea7d8127119dd649515f56e2117?s=96&d=mm&r=g\",\"caption\":\"rtnews\"},\"url\":\"https:\/\/now-news.de\/de\/author\/rnews\/\"}]}<\/script>\n<!-- \/ Yoast SEO Premium plugin. -->","yoast_head_json":{"title":"Karin Keller-Sutter wird 2025 Bundespr\u00e4sidentin - just-now.NEWS Deutschland","robots":{"index":"index","follow":"follow","max-snippet":"max-snippet:-1","max-image-preview":"max-image-preview:large","max-video-preview":"max-video-preview:-1"},"canonical":"https:\/\/now-news.de\/de\/deutschland\/karin-keller-sutter-wird-2025-bundespraesidentin\/","og_locale":"de_DE","og_type":"article","og_title":"Karin Keller-Sutter wird 2025 Bundespr\u00e4sidentin","og_description":"FDP-Bundesr\u00e4tin Karin Keller-Sutter wird 2025 Bundespr\u00e4sidentin und folgt auf Viola Amherd. Bei ihrer Wahl erhielt sie 168 Stimmen, was unter dem Durchschnitt der letzten Jahre liegt. Ihre Ernennung erfolgt zeitgleich zur Ver\u00f6ffentlichung des PUK-Berichts zur Credit Suisse, der Keller-Sutters Rolle im Finanzbereich erneut in den Fokus r\u00fcckt. Die Schweiz bekommt eine neue Bundespr\u00e4sidentin: Karin Keller-Sutter, [&hellip;]","og_url":"https:\/\/now-news.de\/de\/deutschland\/karin-keller-sutter-wird-2025-bundespraesidentin\/","og_site_name":"just-now.NEWS Deutschland","article_publisher":"https:\/\/www.facebook.com\/wirmachenauf","article_published_time":"2024-12-11T14:26:47+00:00","og_image":[{"url":"https:\/\/now-news.de\/de\/wp-content\/uploads\/sites\/3\/2024\/12\/67597a1148fbef75c8623161.jpg"}],"author":"rtnews","twitter_card":"summary_large_image","twitter_creator":"@WirMachenAuf_de","twitter_site":"@WirMachenAuf_de","twitter_misc":{"Verfasst von":"rtnews","Gesch\u00e4tzte Lesezeit":"2\u00a0Minuten"},"schema":{"@context":"https:\/\/schema.org","@graph":[{"@type":"Article","@id":"https:\/\/now-news.de\/de\/deutschland\/karin-keller-sutter-wird-2025-bundespraesidentin\/#article","isPartOf":{"@id":"https:\/\/now-news.de\/de\/deutschland\/karin-keller-sutter-wird-2025-bundespraesidentin\/"},"author":{"name":"rtnews","@id":"https:\/\/now-news.de\/de\/#\/schema\/person\/fb534a4e865501d8b3285208df34a9b5"},"headline":"Karin Keller-Sutter wird 2025 Bundespr\u00e4sidentin","datePublished":"2024-12-11T14:26:47+00:00","dateModified":"2024-12-11T14:26:47+00:00","mainEntityOfPage":{"@id":"https:\/\/now-news.de\/de\/deutschland\/karin-keller-sutter-wird-2025-bundespraesidentin\/"},"wordCount":343,"commentCount":0,"publisher":{"@id":"https:\/\/now-news.de\/de\/#organization"},"image":{"@id":"https:\/\/now-news.de\/de\/deutschland\/karin-keller-sutter-wird-2025-bundespraesidentin\/#primaryimage"},"thumbnailUrl":"https:\/\/now-news.de\/de\/wp-content\/uploads\/sites\/3\/2024\/12\/Karin-Keller-Sutter-wird-2025-Bundespraesidentin.jpg","keywords":["Bundespr\u00e4sidentin","Karin","KellerSutter","wird"],"articleSection":["Deutschland","Russland"],"inLanguage":"de","potentialAction":[{"@type":"CommentAction","name":"Comment","target":["https:\/\/now-news.de\/de\/deutschland\/karin-keller-sutter-wird-2025-bundespraesidentin\/#respond"]}]},{"@type":"WebPage","@id":"https:\/\/now-news.de\/de\/deutschland\/karin-keller-sutter-wird-2025-bundespraesidentin\/","url":"https:\/\/now-news.de\/de\/deutschland\/karin-keller-sutter-wird-2025-bundespraesidentin\/","name":"Karin Keller-Sutter wird 2025 Bundespr\u00e4sidentin - just-now.NEWS Deutschland","isPartOf":{"@id":"https:\/\/now-news.de\/de\/#website"},"primaryImageOfPage":{"@id":"https:\/\/now-news.de\/de\/deutschland\/karin-keller-sutter-wird-2025-bundespraesidentin\/#primaryimage"},"image":{"@id":"https:\/\/now-news.de\/de\/deutschland\/karin-keller-sutter-wird-2025-bundespraesidentin\/#primaryimage"},"thumbnailUrl":"https:\/\/now-news.de\/de\/wp-content\/uploads\/sites\/3\/2024\/12\/Karin-Keller-Sutter-wird-2025-Bundespraesidentin.jpg","datePublished":"2024-12-11T14:26:47+00:00","dateModified":"2024-12-11T14:26:47+00:00","breadcrumb":{"@id":"https:\/\/now-news.de\/de\/deutschland\/karin-keller-sutter-wird-2025-bundespraesidentin\/#breadcrumb"},"inLanguage":"de","potentialAction":[{"@type":"ReadAction","target":["https:\/\/now-news.de\/de\/deutschland\/karin-keller-sutter-wird-2025-bundespraesidentin\/"]}]},{"@type":"ImageObject","inLanguage":"de","@id":"https:\/\/now-news.de\/de\/deutschland\/karin-keller-sutter-wird-2025-bundespraesidentin\/#primaryimage","url":"https:\/\/now-news.de\/de\/wp-content\/uploads\/sites\/3\/2024\/12\/Karin-Keller-Sutter-wird-2025-Bundespraesidentin.jpg","contentUrl":"https:\/\/now-news.de\/de\/wp-content\/uploads\/sites\/3\/2024\/12\/Karin-Keller-Sutter-wird-2025-Bundespraesidentin.jpg","width":1599,"height":1080,"caption":"Karin Keller-Sutter wird 2025 Bundespr\u00e4sidentin"},{"@type":"BreadcrumbList","@id":"https:\/\/now-news.de\/de\/deutschland\/karin-keller-sutter-wird-2025-bundespraesidentin\/#breadcrumb","itemListElement":[{"@type":"ListItem","position":1,"name":"Home","item":"https:\/\/now-news.de\/de\/"},{"@type":"ListItem","position":2,"name":"Karin Keller-Sutter wird 2025 Bundespr\u00e4sidentin"}]},{"@type":"WebSite","@id":"https:\/\/now-news.de\/de\/#website","url":"https:\/\/now-news.de\/de\/","name":"just-now.NEWS Deutschland","description":"Das Portal f\u00fcr unzensierte Nachrichten aus der Welt","publisher":{"@id":"https:\/\/now-news.de\/de\/#organization"},"potentialAction":[{"@type":"SearchAction","target":{"@type":"EntryPoint","urlTemplate":"https:\/\/now-news.de\/de\/?s={search_term_string}"},"query-input":"required name=search_term_string"}],"inLanguage":"de"},{"@type":"Organization","@id":"https:\/\/now-news.de\/de\/#organization","name":"Just Now News","url":"https:\/\/now-news.de\/de\/","logo":{"@type":"ImageObject","inLanguage":"de","@id":"https:\/\/now-news.de\/de\/#\/schema\/logo\/image\/","url":"http:\/\/just-now.news\/de\/wp-content\/uploads\/sites\/3\/2022\/04\/logo500x500.jpg","contentUrl":"http:\/\/just-now.news\/de\/wp-content\/uploads\/sites\/3\/2022\/04\/logo500x500.jpg","width":500,"height":500,"caption":"Just Now News"},"image":{"@id":"https:\/\/now-news.de\/de\/#\/schema\/logo\/image\/"},"sameAs":["https:\/\/www.facebook.com\/wirmachenauf","https:\/\/x.com\/WirMachenAuf_de"]},{"@type":"Person","@id":"https:\/\/now-news.de\/de\/#\/schema\/person\/fb534a4e865501d8b3285208df34a9b5","name":"rtnews","image":{"@type":"ImageObject","inLanguage":"de","@id":"https:\/\/now-news.de\/de\/#\/schema\/person\/image\/","url":"https:\/\/secure.gravatar.com\/avatar\/82aafea7d8127119dd649515f56e2117?s=96&d=mm&r=g","contentUrl":"https:\/\/secure.gravatar.com\/avatar\/82aafea7d8127119dd649515f56e2117?s=96&d=mm&r=g","caption":"rtnews"},"url":"https:\/\/now-news.de\/de\/author\/rnews\/"}]}},"_links":{"self":[{"href":"https:\/\/now-news.de\/de\/wp-json\/wp\/v2\/posts\/74275"}],"collection":[{"href":"https:\/\/now-news.de\/de\/wp-json\/wp\/v2\/posts"}],"about":[{"href":"https:\/\/now-news.de\/de\/wp-json\/wp\/v2\/types\/post"}],"author":[{"embeddable":true,"href":"https:\/\/now-news.de\/de\/wp-json\/wp\/v2\/users\/3"}],"replies":[{"embeddable":true,"href":"https:\/\/now-news.de\/de\/wp-json\/wp\/v2\/comments?post=74275"}],"version-history":[{"count":0,"href":"https:\/\/now-news.de\/de\/wp-json\/wp\/v2\/posts\/74275\/revisions"}],"wp:featuredmedia":[{"embeddable":true,"href":"https:\/\/now-news.de\/de\/wp-json\/wp\/v2\/media\/74276"}],"wp:attachment":[{"href":"https:\/\/now-news.de\/de\/wp-json\/wp\/v2\/media?parent=74275"}],"wp:term":[{"taxonomy":"category","embeddable":true,"href":"https:\/\/now-news.de\/de\/wp-json\/wp\/v2\/categories?post=74275"},{"taxonomy":"post_tag","embeddable":true,"href":"https:\/\/now-news.de\/de\/wp-json\/wp\/v2\/tags?post=74275"}],"curies":[{"name":"wp","href":"https:\/\/api.w.org\/{rel}","templated":true}]}}