{"id":74171,"date":"2024-12-09T22:26:54","date_gmt":"2024-12-09T20:26:54","guid":{"rendered":"https:\/\/now-news.de\/de\/deutschland\/syrien-die-chance-der-minderheiten-auf-teilhabe-ist-vorbei\/"},"modified":"2024-12-09T22:26:54","modified_gmt":"2024-12-09T20:26:54","slug":"syrien-die-chance-der-minderheiten-auf-teilhabe-ist-vorbei","status":"publish","type":"post","link":"https:\/\/now-news.de\/de\/deutschland\/syrien-die-chance-der-minderheiten-auf-teilhabe-ist-vorbei\/","title":{"rendered":"Syrien: Die Chance der Minderheiten auf Teilhabe ist vorbei"},"content":{"rendered":"<p><img decoding=\"async\" src=\"https:\/\/now-news.de\/de\/wp-content\/uploads\/sites\/3\/2024\/12\/6757036eb480cc7738263323.jpg\" \/><\/p>\n<div class=\"Text-root Text-type_1 \">\n                Nach dem Sturz von Assad fordern westliche Politiker, die Rechte von Minderheiten m\u00fcsse eine k\u00fcnftige Regierung sch\u00fctzen. Das ist paradox. Der F\u00fchrer, der den gesellschaftlichen Ausgleich suchte, wurde gerade in ihrem Auftrag weggeputscht. Islamismus steht nicht f\u00fcr Minderheitenschutz.\n            <\/div>\n<p><\/p>\n<div class=\"Text-root Text-type_5 ArticleView-text ViewText-root \">\n<p><em>Von Gert Ewen Ungar<\/em><\/p>\n<p>Die Regierung von Baschar al-Assad ist zusammengebrochen. Unterst\u00fctzung hatte er zuletzt keine mehr, macht einerseits der schnelle Zusammenbruch des Widerstands gegen den Vormarsch der Islamisten deutlich. Auch die Bilder aus Syrien nach seinem Fall lassen kaum einen anderen Schluss zu, als den, dass die Zeit Assads abgelaufen war. Die Gr\u00fcnde daf\u00fcr sind vielf\u00e4ltig. Einer davon ist, dass aufgrund der westlichen Sanktionen 67 Prozent der Syrer in Armut leben. Das Ziel des Westens, \u00fcber k\u00fcnstlich herbeigef\u00fchrten Mangel einen Umsturz zu erzwingen, wurde erreicht.\u00a0<\/p>\n<p>Assad ist weg. Ein gro\u00dfer Wunsch westlicher Politik ging in Erf\u00fcllung. Doch was kommt jetzt? Daf\u00fcr gibt es offensichtlich keinen Plan au\u00dfer ein bisschen im Voraus abgesprochenen Text, den westliche Politiker weitgehend gleichlautend in die sozialen Netzwerke raushauen. Stellvertretend sei hier die Nachricht von Bundeskanzler Olaf Scholz\u00a0bei dem\u00a0Kurznachrichtendienst X zitiert.\u00a0<\/p>\n<div class=\"EmbedBlock-root EmbedBlock-twitter\">\n<div class=\"TwitterEmbed\">\n<blockquote class=\"twitter-tweet lazyload\" data-twitter=\"twitter-tweet\">\n<p lang=\"de\" dir=\"ltr\">Das Ende der Assad-Herrschaft \u00fcber Syrien ist eine gute Nachricht. Jetzt kommt es darauf an, dass in Syrien schnell Recht und Ordnung wieder hergestellt werden. Alle Religionsgemeinschaften, alle Minderheiten m\u00fcssen jetzt und in Zukunft Schutz genie\u00dfen.<\/p>\n<p>\u2014 Bundeskanzler Olaf Scholz (@Bundeskanzler) <a rel=\"nofollow noopener\" target=\"_blank\" href=\"https:\/\/twitter.com\/Bundeskanzler\/status\/1865739438263054842?ref_src=twsrc%5Etfw\">December 8, 2024<\/a><\/p><\/blockquote>\n<\/div>\n<\/div>\n<p>Man kann sich damit begn\u00fcgen, denn die Wortmeldungen anderer deutscher und westlicher Politiker sind bis in die Wortwahl identisch. Alle sind gl\u00fccklich, dass Assad weg ist. Jetzt muss eine Regierung her, die die Rechte von Minderheiten wahrt.\u00a0<\/p>\n<p>Wie bitte? Derjenige, der das Zusammenleben der unterschiedlichen gesellschaftlichen und religi\u00f6sen Gruppen in Syrien \u00fcber Jahrzehnte gew\u00e4hrleistet hat, wurde gerade weggeputscht. Nach dem Sturz Assads soll jetzt eine Regierung eingesetzt werden, die sich f\u00fcr den gesellschaftlichen Ausgleich starkmacht. Das muss ein schlechter Witz sein.\u00a0<\/p>\n<p>Noch schlechter ist der Witz, dass sich westliche Politiker mit diesem Anliegen nun ausgerechnet an eine Nachfolgeorganisation des Islamischen Staats wenden. Das islamistische B\u00fcndnis HTS wird international als Terrororganisation gef\u00fchrt. In Syrien haben sich gerade die Islamisten an die Macht geschossen.<\/p>\n<p>Vielleicht sagt das jemand Scholz, Baerbock und Co.? Islamisten und der Islamische Staat sind nicht f\u00fcr ihr Engagement beim Minderheitenschutz bekannt. Islamisten hei\u00dfen so, weil sie im Islam eine \u00dcberlegenheit gegen\u00fcber allen anderen Weltanschauungen erkennen, die es radikal durchzusetzen gilt \u2013 gern auch mit roher Gewalt.<\/p>\n<p>Was deutsche und westliche Politiker fordern ist entweder v\u00f6llig naiv oder durchtrieben zynisch. Wie auch immer man sich entscheidet, f\u00fcr den weiteren Fortgang und f\u00fcr Syrien verhei\u00dft es nichts Gutes.<\/p>\n<p>Die Hoffnungen auf einen friedlichen \u00dcbergang werden sich aber auch noch aus anderen Gr\u00fcnden zerschlagen. Die T\u00fcrkei wird keine Regierung zulassen, in der die Interessen der Minderheit der Kurden vertreten werden. Die T\u00fcrkei h\u00e4lt nach wie vor Gebiete im Norden besetzt. Ihr\u00a0Motiv ist, die Entstehung eines Kurdenstaates zu verhindern.<\/p>\n<p>Israel weitet unterdessen seine Besatzung aus. Vorgeblich, um eine &#8220;Pufferzone&#8221; zu schaffen, annektiert Israel weiteres syrisches Territorium.\u00a0Der j\u00fcdische Staat verfolgt das Projekt, ein Gro\u00dfisrael durch Landnahme zu verwirklichen. Das Land hat imperialistische Ambitionen auf Kosten seiner Nachbarn.<\/p>\n<p>In einem an politischer Naivit\u00e4t kaum zu toppenden <a rel=\"nofollow noopener\" target=\"_blank\" href=\"https:\/\/www.welt.de\/politik\/ausland\/video254809502\/Machtwechsel-in-Syrien-Arabische-Staaten-muessen-mithelfen-dass-es-nicht-ein-islamistischer-Staat-wird.html?icid=search.product.onsitesearch\">Statement<\/a> fordert der CDU-Au\u00dfenpolitiker Roderich Kiesewetter in einem Interview mit der <em>Welt<\/em>, die arabischen Staaten m\u00fcssten nun daf\u00fcr sorgen, dass kein Islamischer Staat in Syrien entstehe und die Rechte von Minderheiten respektiert w\u00fcrden. Sie m\u00fcssten zudem gew\u00e4hrleisten, dass der Staat nicht aufgeteilt werde. Beides aber wird absehbar passieren. Der Westen hat mit seinem Streben nach einem Sturz Assads daf\u00fcr\u00a0die besten Voraussetzungen geschaffen.\u00a0<\/p>\n<p>Der Westen und mit ihm deutsche Politik haben ihr Ziel erreicht. Assad ist weg. Und wie im Kater, nachdem der Rausch einer durchzechten Nacht ausgeklungen ist, wird pl\u00f6tzlich die Realit\u00e4t sichtbar. F\u00fcr das Danach gibt es keinen Plan, schlimmer noch, es gibt noch nicht einmal im Ansatz ernstzunehmende \u00dcberlegungen.\u00a0<\/p>\n<p>F\u00fcr Syrien und die Syrer ist das keine gute Nachricht. Das Land wird zerfallen. Wer von ihnen die Hoffnung hat, dass jetzt die Sanktionen aufgehoben werden, wird sich get\u00e4uscht sehen. Dieses Druckmittel wird der Westen so schnell nicht aus der Hand legen. Es gibt vielleicht ein paar Lockerungen, die bei n\u00e4chster Gelegenheit wieder versch\u00e4rft werden, mehr aber nicht. Das Land bleibt unter der westlichen Knute.\u00a0Syrien wird weiter sanktioniert, unter anderem mit dem hochmoralischen Ziel, die Rechte von Minderheiten zu sch\u00fctzen. Der Westen und steht schlie\u00dflich f\u00fcr Werte.<\/p>\n<p>Auch diejenigen, die glauben, die syrischen Fl\u00fcchtlinge w\u00fcrden jetzt aus Deutschland massenhaft in ihre Heimat zur\u00fcckkehren, werden entt\u00e4uscht werden. Nach zehn Jahren Krieg und Sanktionen ist da nicht viel zum Zur\u00fcckkehren. In Syrien gibt es keine Perspektive. Die Situation ist zudem, dass die neuen Machthaber damit besch\u00e4ftigt sein werden, ihre Kr\u00e4fte im Ringen um die Macht zu messen.<\/p>\n<p>\u00dcber den internen Machtkampf wird der Aufbau des Landes auf die lange Bank geschoben. Es fehlt zudem an Expertise. Statt mit massenhaften R\u00fcckkehrern ist daher eher mit einem neuen Fl\u00fcchtlingsstrom zu rechnen. Russische Medien sprechen von bis zu 1,5 Millionen Menschen, die sich auf den Weg machen werden.\u00a0<\/p>\n<p>Der Westen hinterl\u00e4sst in Syrien das gleiche Chaos, das er im Irak, in Libyen und in Afghanistan hinterlassen hat. Es gibt lediglich eine Chance f\u00fcr Syrien, und die liegt nicht im Westen.\u00a0<\/p>\n<p>Die neuen Machthaber haben Sicherheit f\u00fcr die russischen Milit\u00e4rbasen und die russische Botschaft garantiert.\u00a0Es ist zu hoffen, dass man dort klar sieht, dass die Impulse f\u00fcr ein Wiederaufbl\u00fchen des Landes nicht aus dem Westen, sondern aus dem Globalen S\u00fcden, aus Russland, aus China und der Kooperation mit den BRICS kommen wird.<\/p>\n<p>Russland hat zu den Taliban in Afghanistan ein pragmatisches Verh\u00e4ltnis aufgebaut. Auch zu den neuen syrischen Machthabern wird das Verh\u00e4ltnis von Pragmatismus gepr\u00e4gt sein. Auf der russischen Botschaft in Damaskus wurde die neue syrische Flagge gehisst. Russland sichert Kooperation zu.<\/p>\n<p>Von diesem Pragmatismus ist westliche und insbesondere deutsche Politik himmelweit entfernt. Dort schw\u00e4chelt man schon in der Analyse, an L\u00f6sungen hat man daher nichts zu bieten, man macht in moralischer Hybris. Mehr hat Deutschland gerade nicht zu bieten.<\/p>\n<p>In Syrien werden auf absehbare Zeit die Minderheitenrechte nicht geachtet. Die Realit\u00e4ten m\u00fcssen anerkannt werden. Die Realit\u00e4ten sind: Der &#8220;Diktator&#8221; ist weg, die Islamisten sind an der Macht, das Land wird zwischen den Interessen im Innern und denen seiner Nachbarn aufgerieben. Besser wird es erstmal nicht. Im Gegenteil. Mit der Realit\u00e4t tut man sich im Westen allerdings schwer und in Berlin nochmal in besonderer Weise. F\u00fcr Syrien und die Syrer ist das eine schlechte Nachricht.\u00a0 \u00a0<\/p>\n<p><strong>Mehr zum Thema<\/strong>\u00a0\u2013 <a rel=\"nofollow noopener\" target=\"_blank\" href=\"https:\/\/freedert.online\/der-nahe-osten\/228827-versagen-bei-versoehnung-mit-syrischem\/\">&#8220;Versagen bei Vers\u00f6hnung mit syrischem Volk&#8221; \u2012 T\u00fcrkei nennt Assads &#8220;gr\u00f6\u00dften Fehler&#8221;<\/a><\/p>\n<div class=\"EmbedBlock-root EmbedBlock-externalVideo EmbedBlock-rumble\">\n<div class=\"VkEmbed\"><iframe class=\"lazyload\" data-src=\"https:\/\/rumble.com\/embed\/v5vcc3h\" frameborder=\"0\" width=\"853\" height=\"480\" allowfullscreen><\/iframe><\/div>\n<\/div>\n<\/div>\n<p><script async src=\"https:\/\/platform.twitter.com\/widgets.js\" charset=\"utf-8\"><\/script><br \/>\n<br \/><br \/>\n<br \/><a href=\"https:\/\/de.rt.com\/meinung\/228939-syrien-chance-minderheiten-auf-teilhabe\/\">Source link <\/a><\/p>\n","protected":false},"excerpt":{"rendered":"<p>Nach dem Sturz von Assad fordern westliche Politiker, die Rechte von Minderheiten m\u00fcsse eine k\u00fcnftige Regierung sch\u00fctzen. Das ist paradox. Der F\u00fchrer, der den gesellschaftlichen Ausgleich suchte, wurde gerade in ihrem Auftrag weggeputscht. Islamismus steht nicht f\u00fcr Minderheitenschutz. Von Gert Ewen Ungar Die Regierung von Baschar al-Assad ist zusammengebrochen. Unterst\u00fctzung hatte er zuletzt keine mehr, [&hellip;]<\/p>\n","protected":false},"author":3,"featured_media":74172,"comment_status":"open","ping_status":"open","sticky":false,"template":"","format":"standard","meta":{"_yoast_indexnow_last_ping":["1733778713"],"wp_automatic_camp":["217"],"259472e659d26ba98c0c0952ba872b34":["Syrien: Die Chance der Minderheiten auf Teilhabe ist vorbei"],"original_link":["https:\/\/de.rt.com\/meinung\/228939-syrien-chance-minderheiten-auf-teilhabe\/"],"_thumbnail_id":["74172"],"_wptgpro_p2tg_sent2tg":["a:1:{i:23737;s:19:\"2024-12-09 23:13:12\";}"],"jnews_social_counter_last_update":["1777159675"]},"categories":[19,23],"tags":[133,8167,82,45,414,28984,783,21065,13481],"yoast_head":"<!-- This site is optimized with the Yoast SEO Premium plugin v22.7 (Yoast SEO v22.7) - https:\/\/yoast.com\/wordpress\/plugins\/seo\/ -->\n<title>Syrien: Die Chance der Minderheiten auf Teilhabe ist vorbei - just-now.NEWS Deutschland<\/title>\n<meta name=\"robots\" content=\"index, follow, max-snippet:-1, max-image-preview:large, max-video-preview:-1\" \/>\n<link rel=\"canonical\" href=\"https:\/\/now-news.de\/de\/deutschland\/syrien-die-chance-der-minderheiten-auf-teilhabe-ist-vorbei\/\" \/>\n<meta property=\"og:locale\" content=\"de_DE\" \/>\n<meta property=\"og:type\" content=\"article\" \/>\n<meta property=\"og:title\" content=\"Syrien: Die Chance der Minderheiten auf Teilhabe ist vorbei\" \/>\n<meta property=\"og:description\" content=\"Nach dem Sturz von Assad fordern westliche Politiker, die Rechte von Minderheiten m\u00fcsse eine k\u00fcnftige Regierung sch\u00fctzen. Das ist paradox. Der F\u00fchrer, der den gesellschaftlichen Ausgleich suchte, wurde gerade in ihrem Auftrag weggeputscht. Islamismus steht nicht f\u00fcr Minderheitenschutz. Von Gert Ewen Ungar Die Regierung von Baschar al-Assad ist zusammengebrochen. Unterst\u00fctzung hatte er zuletzt keine mehr, [&hellip;]\" \/>\n<meta property=\"og:url\" content=\"https:\/\/now-news.de\/de\/deutschland\/syrien-die-chance-der-minderheiten-auf-teilhabe-ist-vorbei\/\" \/>\n<meta property=\"og:site_name\" content=\"just-now.NEWS Deutschland\" \/>\n<meta property=\"article:publisher\" content=\"https:\/\/www.facebook.com\/wirmachenauf\" \/>\n<meta property=\"article:published_time\" content=\"2024-12-09T20:26:54+00:00\" \/>\n<meta property=\"og:image\" content=\"https:\/\/now-news.de\/de\/wp-content\/uploads\/sites\/3\/2024\/12\/6757036eb480cc7738263323.jpg\" \/>\n<meta name=\"author\" content=\"rtnews\" \/>\n<meta name=\"twitter:card\" content=\"summary_large_image\" \/>\n<meta name=\"twitter:creator\" content=\"@WirMachenAuf_de\" \/>\n<meta name=\"twitter:site\" content=\"@WirMachenAuf_de\" \/>\n<meta name=\"twitter:label1\" content=\"Verfasst von\" \/>\n\t<meta name=\"twitter:data1\" content=\"rtnews\" \/>\n\t<meta name=\"twitter:label2\" content=\"Gesch\u00e4tzte Lesezeit\" \/>\n\t<meta name=\"twitter:data2\" content=\"6\u00a0Minuten\" \/>\n<script type=\"application\/ld+json\" class=\"yoast-schema-graph\">{\"@context\":\"https:\/\/schema.org\",\"@graph\":[{\"@type\":\"Article\",\"@id\":\"https:\/\/now-news.de\/de\/deutschland\/syrien-die-chance-der-minderheiten-auf-teilhabe-ist-vorbei\/#article\",\"isPartOf\":{\"@id\":\"https:\/\/now-news.de\/de\/deutschland\/syrien-die-chance-der-minderheiten-auf-teilhabe-ist-vorbei\/\"},\"author\":{\"name\":\"rtnews\",\"@id\":\"https:\/\/now-news.de\/de\/#\/schema\/person\/fb534a4e865501d8b3285208df34a9b5\"},\"headline\":\"Syrien: Die Chance der Minderheiten auf Teilhabe ist vorbei\",\"datePublished\":\"2024-12-09T20:26:54+00:00\",\"dateModified\":\"2024-12-09T20:26:54+00:00\",\"mainEntityOfPage\":{\"@id\":\"https:\/\/now-news.de\/de\/deutschland\/syrien-die-chance-der-minderheiten-auf-teilhabe-ist-vorbei\/\"},\"wordCount\":1161,\"commentCount\":0,\"publisher\":{\"@id\":\"https:\/\/now-news.de\/de\/#organization\"},\"image\":{\"@id\":\"https:\/\/now-news.de\/de\/deutschland\/syrien-die-chance-der-minderheiten-auf-teilhabe-ist-vorbei\/#primaryimage\"},\"thumbnailUrl\":\"https:\/\/now-news.de\/de\/wp-content\/uploads\/sites\/3\/2024\/12\/Syrien-Die-Chance-der-Minderheiten-auf-Teilhabe-ist-vorbei.jpg\",\"keywords\":[\"AUF\",\"Chance\",\"der\",\"die\",\"ist\",\"Minderheiten\",\"Syrien\",\"Teilhabe\",\"vorbei\"],\"articleSection\":[\"Deutschland\",\"Russland\"],\"inLanguage\":\"de\",\"potentialAction\":[{\"@type\":\"CommentAction\",\"name\":\"Comment\",\"target\":[\"https:\/\/now-news.de\/de\/deutschland\/syrien-die-chance-der-minderheiten-auf-teilhabe-ist-vorbei\/#respond\"]}]},{\"@type\":\"WebPage\",\"@id\":\"https:\/\/now-news.de\/de\/deutschland\/syrien-die-chance-der-minderheiten-auf-teilhabe-ist-vorbei\/\",\"url\":\"https:\/\/now-news.de\/de\/deutschland\/syrien-die-chance-der-minderheiten-auf-teilhabe-ist-vorbei\/\",\"name\":\"Syrien: Die Chance der Minderheiten auf Teilhabe ist vorbei - just-now.NEWS Deutschland\",\"isPartOf\":{\"@id\":\"https:\/\/now-news.de\/de\/#website\"},\"primaryImageOfPage\":{\"@id\":\"https:\/\/now-news.de\/de\/deutschland\/syrien-die-chance-der-minderheiten-auf-teilhabe-ist-vorbei\/#primaryimage\"},\"image\":{\"@id\":\"https:\/\/now-news.de\/de\/deutschland\/syrien-die-chance-der-minderheiten-auf-teilhabe-ist-vorbei\/#primaryimage\"},\"thumbnailUrl\":\"https:\/\/now-news.de\/de\/wp-content\/uploads\/sites\/3\/2024\/12\/Syrien-Die-Chance-der-Minderheiten-auf-Teilhabe-ist-vorbei.jpg\",\"datePublished\":\"2024-12-09T20:26:54+00:00\",\"dateModified\":\"2024-12-09T20:26:54+00:00\",\"breadcrumb\":{\"@id\":\"https:\/\/now-news.de\/de\/deutschland\/syrien-die-chance-der-minderheiten-auf-teilhabe-ist-vorbei\/#breadcrumb\"},\"inLanguage\":\"de\",\"potentialAction\":[{\"@type\":\"ReadAction\",\"target\":[\"https:\/\/now-news.de\/de\/deutschland\/syrien-die-chance-der-minderheiten-auf-teilhabe-ist-vorbei\/\"]}]},{\"@type\":\"ImageObject\",\"inLanguage\":\"de\",\"@id\":\"https:\/\/now-news.de\/de\/deutschland\/syrien-die-chance-der-minderheiten-auf-teilhabe-ist-vorbei\/#primaryimage\",\"url\":\"https:\/\/now-news.de\/de\/wp-content\/uploads\/sites\/3\/2024\/12\/Syrien-Die-Chance-der-Minderheiten-auf-Teilhabe-ist-vorbei.jpg\",\"contentUrl\":\"https:\/\/now-news.de\/de\/wp-content\/uploads\/sites\/3\/2024\/12\/Syrien-Die-Chance-der-Minderheiten-auf-Teilhabe-ist-vorbei.jpg\",\"width\":460,\"height\":259,\"caption\":\"Syrien: Die Chance der Minderheiten auf Teilhabe ist vorbei\"},{\"@type\":\"BreadcrumbList\",\"@id\":\"https:\/\/now-news.de\/de\/deutschland\/syrien-die-chance-der-minderheiten-auf-teilhabe-ist-vorbei\/#breadcrumb\",\"itemListElement\":[{\"@type\":\"ListItem\",\"position\":1,\"name\":\"Home\",\"item\":\"https:\/\/now-news.de\/de\/\"},{\"@type\":\"ListItem\",\"position\":2,\"name\":\"Syrien: Die Chance der Minderheiten auf Teilhabe ist vorbei\"}]},{\"@type\":\"WebSite\",\"@id\":\"https:\/\/now-news.de\/de\/#website\",\"url\":\"https:\/\/now-news.de\/de\/\",\"name\":\"just-now.NEWS Deutschland\",\"description\":\"Das Portal f\u00fcr unzensierte Nachrichten aus der Welt\",\"publisher\":{\"@id\":\"https:\/\/now-news.de\/de\/#organization\"},\"potentialAction\":[{\"@type\":\"SearchAction\",\"target\":{\"@type\":\"EntryPoint\",\"urlTemplate\":\"https:\/\/now-news.de\/de\/?s={search_term_string}\"},\"query-input\":\"required name=search_term_string\"}],\"inLanguage\":\"de\"},{\"@type\":\"Organization\",\"@id\":\"https:\/\/now-news.de\/de\/#organization\",\"name\":\"Just Now News\",\"url\":\"https:\/\/now-news.de\/de\/\",\"logo\":{\"@type\":\"ImageObject\",\"inLanguage\":\"de\",\"@id\":\"https:\/\/now-news.de\/de\/#\/schema\/logo\/image\/\",\"url\":\"http:\/\/just-now.news\/de\/wp-content\/uploads\/sites\/3\/2022\/04\/logo500x500.jpg\",\"contentUrl\":\"http:\/\/just-now.news\/de\/wp-content\/uploads\/sites\/3\/2022\/04\/logo500x500.jpg\",\"width\":500,\"height\":500,\"caption\":\"Just Now News\"},\"image\":{\"@id\":\"https:\/\/now-news.de\/de\/#\/schema\/logo\/image\/\"},\"sameAs\":[\"https:\/\/www.facebook.com\/wirmachenauf\",\"https:\/\/x.com\/WirMachenAuf_de\"]},{\"@type\":\"Person\",\"@id\":\"https:\/\/now-news.de\/de\/#\/schema\/person\/fb534a4e865501d8b3285208df34a9b5\",\"name\":\"rtnews\",\"image\":{\"@type\":\"ImageObject\",\"inLanguage\":\"de\",\"@id\":\"https:\/\/now-news.de\/de\/#\/schema\/person\/image\/\",\"url\":\"https:\/\/secure.gravatar.com\/avatar\/82aafea7d8127119dd649515f56e2117?s=96&d=mm&r=g\",\"contentUrl\":\"https:\/\/secure.gravatar.com\/avatar\/82aafea7d8127119dd649515f56e2117?s=96&d=mm&r=g\",\"caption\":\"rtnews\"},\"url\":\"https:\/\/now-news.de\/de\/author\/rnews\/\"}]}<\/script>\n<!-- \/ Yoast SEO Premium plugin. -->","yoast_head_json":{"title":"Syrien: Die Chance der Minderheiten auf Teilhabe ist vorbei - just-now.NEWS Deutschland","robots":{"index":"index","follow":"follow","max-snippet":"max-snippet:-1","max-image-preview":"max-image-preview:large","max-video-preview":"max-video-preview:-1"},"canonical":"https:\/\/now-news.de\/de\/deutschland\/syrien-die-chance-der-minderheiten-auf-teilhabe-ist-vorbei\/","og_locale":"de_DE","og_type":"article","og_title":"Syrien: Die Chance der Minderheiten auf Teilhabe ist vorbei","og_description":"Nach dem Sturz von Assad fordern westliche Politiker, die Rechte von Minderheiten m\u00fcsse eine k\u00fcnftige Regierung sch\u00fctzen. Das ist paradox. Der F\u00fchrer, der den gesellschaftlichen Ausgleich suchte, wurde gerade in ihrem Auftrag weggeputscht. Islamismus steht nicht f\u00fcr Minderheitenschutz. Von Gert Ewen Ungar Die Regierung von Baschar al-Assad ist zusammengebrochen. Unterst\u00fctzung hatte er zuletzt keine mehr, [&hellip;]","og_url":"https:\/\/now-news.de\/de\/deutschland\/syrien-die-chance-der-minderheiten-auf-teilhabe-ist-vorbei\/","og_site_name":"just-now.NEWS Deutschland","article_publisher":"https:\/\/www.facebook.com\/wirmachenauf","article_published_time":"2024-12-09T20:26:54+00:00","og_image":[{"url":"https:\/\/now-news.de\/de\/wp-content\/uploads\/sites\/3\/2024\/12\/6757036eb480cc7738263323.jpg"}],"author":"rtnews","twitter_card":"summary_large_image","twitter_creator":"@WirMachenAuf_de","twitter_site":"@WirMachenAuf_de","twitter_misc":{"Verfasst von":"rtnews","Gesch\u00e4tzte Lesezeit":"6\u00a0Minuten"},"schema":{"@context":"https:\/\/schema.org","@graph":[{"@type":"Article","@id":"https:\/\/now-news.de\/de\/deutschland\/syrien-die-chance-der-minderheiten-auf-teilhabe-ist-vorbei\/#article","isPartOf":{"@id":"https:\/\/now-news.de\/de\/deutschland\/syrien-die-chance-der-minderheiten-auf-teilhabe-ist-vorbei\/"},"author":{"name":"rtnews","@id":"https:\/\/now-news.de\/de\/#\/schema\/person\/fb534a4e865501d8b3285208df34a9b5"},"headline":"Syrien: Die Chance der Minderheiten auf Teilhabe ist vorbei","datePublished":"2024-12-09T20:26:54+00:00","dateModified":"2024-12-09T20:26:54+00:00","mainEntityOfPage":{"@id":"https:\/\/now-news.de\/de\/deutschland\/syrien-die-chance-der-minderheiten-auf-teilhabe-ist-vorbei\/"},"wordCount":1161,"commentCount":0,"publisher":{"@id":"https:\/\/now-news.de\/de\/#organization"},"image":{"@id":"https:\/\/now-news.de\/de\/deutschland\/syrien-die-chance-der-minderheiten-auf-teilhabe-ist-vorbei\/#primaryimage"},"thumbnailUrl":"https:\/\/now-news.de\/de\/wp-content\/uploads\/sites\/3\/2024\/12\/Syrien-Die-Chance-der-Minderheiten-auf-Teilhabe-ist-vorbei.jpg","keywords":["AUF","Chance","der","die","ist","Minderheiten","Syrien","Teilhabe","vorbei"],"articleSection":["Deutschland","Russland"],"inLanguage":"de","potentialAction":[{"@type":"CommentAction","name":"Comment","target":["https:\/\/now-news.de\/de\/deutschland\/syrien-die-chance-der-minderheiten-auf-teilhabe-ist-vorbei\/#respond"]}]},{"@type":"WebPage","@id":"https:\/\/now-news.de\/de\/deutschland\/syrien-die-chance-der-minderheiten-auf-teilhabe-ist-vorbei\/","url":"https:\/\/now-news.de\/de\/deutschland\/syrien-die-chance-der-minderheiten-auf-teilhabe-ist-vorbei\/","name":"Syrien: Die Chance der Minderheiten auf Teilhabe ist vorbei - just-now.NEWS Deutschland","isPartOf":{"@id":"https:\/\/now-news.de\/de\/#website"},"primaryImageOfPage":{"@id":"https:\/\/now-news.de\/de\/deutschland\/syrien-die-chance-der-minderheiten-auf-teilhabe-ist-vorbei\/#primaryimage"},"image":{"@id":"https:\/\/now-news.de\/de\/deutschland\/syrien-die-chance-der-minderheiten-auf-teilhabe-ist-vorbei\/#primaryimage"},"thumbnailUrl":"https:\/\/now-news.de\/de\/wp-content\/uploads\/sites\/3\/2024\/12\/Syrien-Die-Chance-der-Minderheiten-auf-Teilhabe-ist-vorbei.jpg","datePublished":"2024-12-09T20:26:54+00:00","dateModified":"2024-12-09T20:26:54+00:00","breadcrumb":{"@id":"https:\/\/now-news.de\/de\/deutschland\/syrien-die-chance-der-minderheiten-auf-teilhabe-ist-vorbei\/#breadcrumb"},"inLanguage":"de","potentialAction":[{"@type":"ReadAction","target":["https:\/\/now-news.de\/de\/deutschland\/syrien-die-chance-der-minderheiten-auf-teilhabe-ist-vorbei\/"]}]},{"@type":"ImageObject","inLanguage":"de","@id":"https:\/\/now-news.de\/de\/deutschland\/syrien-die-chance-der-minderheiten-auf-teilhabe-ist-vorbei\/#primaryimage","url":"https:\/\/now-news.de\/de\/wp-content\/uploads\/sites\/3\/2024\/12\/Syrien-Die-Chance-der-Minderheiten-auf-Teilhabe-ist-vorbei.jpg","contentUrl":"https:\/\/now-news.de\/de\/wp-content\/uploads\/sites\/3\/2024\/12\/Syrien-Die-Chance-der-Minderheiten-auf-Teilhabe-ist-vorbei.jpg","width":460,"height":259,"caption":"Syrien: Die Chance der Minderheiten auf Teilhabe ist vorbei"},{"@type":"BreadcrumbList","@id":"https:\/\/now-news.de\/de\/deutschland\/syrien-die-chance-der-minderheiten-auf-teilhabe-ist-vorbei\/#breadcrumb","itemListElement":[{"@type":"ListItem","position":1,"name":"Home","item":"https:\/\/now-news.de\/de\/"},{"@type":"ListItem","position":2,"name":"Syrien: Die Chance der Minderheiten auf Teilhabe ist vorbei"}]},{"@type":"WebSite","@id":"https:\/\/now-news.de\/de\/#website","url":"https:\/\/now-news.de\/de\/","name":"just-now.NEWS Deutschland","description":"Das Portal f\u00fcr unzensierte Nachrichten aus der Welt","publisher":{"@id":"https:\/\/now-news.de\/de\/#organization"},"potentialAction":[{"@type":"SearchAction","target":{"@type":"EntryPoint","urlTemplate":"https:\/\/now-news.de\/de\/?s={search_term_string}"},"query-input":"required name=search_term_string"}],"inLanguage":"de"},{"@type":"Organization","@id":"https:\/\/now-news.de\/de\/#organization","name":"Just Now News","url":"https:\/\/now-news.de\/de\/","logo":{"@type":"ImageObject","inLanguage":"de","@id":"https:\/\/now-news.de\/de\/#\/schema\/logo\/image\/","url":"http:\/\/just-now.news\/de\/wp-content\/uploads\/sites\/3\/2022\/04\/logo500x500.jpg","contentUrl":"http:\/\/just-now.news\/de\/wp-content\/uploads\/sites\/3\/2022\/04\/logo500x500.jpg","width":500,"height":500,"caption":"Just Now News"},"image":{"@id":"https:\/\/now-news.de\/de\/#\/schema\/logo\/image\/"},"sameAs":["https:\/\/www.facebook.com\/wirmachenauf","https:\/\/x.com\/WirMachenAuf_de"]},{"@type":"Person","@id":"https:\/\/now-news.de\/de\/#\/schema\/person\/fb534a4e865501d8b3285208df34a9b5","name":"rtnews","image":{"@type":"ImageObject","inLanguage":"de","@id":"https:\/\/now-news.de\/de\/#\/schema\/person\/image\/","url":"https:\/\/secure.gravatar.com\/avatar\/82aafea7d8127119dd649515f56e2117?s=96&d=mm&r=g","contentUrl":"https:\/\/secure.gravatar.com\/avatar\/82aafea7d8127119dd649515f56e2117?s=96&d=mm&r=g","caption":"rtnews"},"url":"https:\/\/now-news.de\/de\/author\/rnews\/"}]}},"_links":{"self":[{"href":"https:\/\/now-news.de\/de\/wp-json\/wp\/v2\/posts\/74171"}],"collection":[{"href":"https:\/\/now-news.de\/de\/wp-json\/wp\/v2\/posts"}],"about":[{"href":"https:\/\/now-news.de\/de\/wp-json\/wp\/v2\/types\/post"}],"author":[{"embeddable":true,"href":"https:\/\/now-news.de\/de\/wp-json\/wp\/v2\/users\/3"}],"replies":[{"embeddable":true,"href":"https:\/\/now-news.de\/de\/wp-json\/wp\/v2\/comments?post=74171"}],"version-history":[{"count":0,"href":"https:\/\/now-news.de\/de\/wp-json\/wp\/v2\/posts\/74171\/revisions"}],"wp:featuredmedia":[{"embeddable":true,"href":"https:\/\/now-news.de\/de\/wp-json\/wp\/v2\/media\/74172"}],"wp:attachment":[{"href":"https:\/\/now-news.de\/de\/wp-json\/wp\/v2\/media?parent=74171"}],"wp:term":[{"taxonomy":"category","embeddable":true,"href":"https:\/\/now-news.de\/de\/wp-json\/wp\/v2\/categories?post=74171"},{"taxonomy":"post_tag","embeddable":true,"href":"https:\/\/now-news.de\/de\/wp-json\/wp\/v2\/tags?post=74171"}],"curies":[{"name":"wp","href":"https:\/\/api.w.org\/{rel}","templated":true}]}}