{"id":74169,"date":"2024-12-09T22:49:09","date_gmt":"2024-12-09T20:49:09","guid":{"rendered":"https:\/\/now-news.de\/de\/deutschland\/urteil-im-fall-dr-weber-ein-jahr-und-zehn-monate-haft-auf-bewaehrung\/"},"modified":"2024-12-09T22:49:09","modified_gmt":"2024-12-09T20:49:09","slug":"urteil-im-fall-dr-weber-ein-jahr-und-zehn-monate-haft-auf-bewaehrung","status":"publish","type":"post","link":"https:\/\/now-news.de\/de\/deutschland\/urteil-im-fall-dr-weber-ein-jahr-und-zehn-monate-haft-auf-bewaehrung\/","title":{"rendered":"Urteil im Fall Dr. Weber: Ein Jahr und zehn Monate Haft auf Bew\u00e4hrung"},"content":{"rendered":"<p><img decoding=\"async\" src=\"https:\/\/now-news.de\/de\/wp-content\/uploads\/sites\/3\/2024\/12\/67574f55b480cc4d166dcf07.jpg\" \/><\/p>\n<div class=\"Text-root Text-type_1 \">\n                Das Landgericht Hamburg hat am Freitag den ma\u00dfnahmenkritischen Arzt Dr. Walter Weber zu einer Freiheitsstrafe von einem Jahr und zehn Monaten, ausgesetzt zur Bew\u00e4hrung, verurteilt. Mediziner und Juristen kritisierten das Urteil.\n            <\/div>\n<p><\/p>\n<div class=\"Text-root Text-type_5 ArticleView-text ViewText-root \">\n<p>Am Freitag endete das Strafverfahren gegen den Hamburger\u00a0Mediziner Dr. Walter Weber mit einem harten Urteil. Zwar muss der Internist vorerst nicht ins Gef\u00e4ngnis; sollte er jedoch erneut Handlungen begehen, die der Staat als strafbar wertet, oder gegen seine Bew\u00e4hrungsauflagen versto\u00dfen, wird gegen ihn eine Freiheitsstrafe von einem Jahr und zehn Monaten vollstreckt werden.\u00a0<\/p>\n<p>Dr. Weber wird vorgeworfen, zwischen April 2020 und September 2021 in seiner privat\u00e4rztlichen Praxis im Hamburger Stadtteil Winterhude 57 &#8220;falsche&#8221; Befreiungen von der Pflicht zum Tragen von Masken f\u00fcr seine Patienten ausgestellt zu haben. Als Gr\u00fcnde f\u00fcr die Maskenbefreiung der Patienten dienten Diagnosen wie &#8220;Symptome einer CO\u2082-Vergiftung&#8221;, &#8220;Panikattacken&#8221; oder &#8220;Asthma bronchiale&#8221;. Die Staatsanwaltschaft betrachtet diese Atteste des 80-j\u00e4hrigen Spezialisten f\u00fcr Krebserkrankungen und psychosomatische Erkrankungen als &#8220;falsch&#8221;.<\/p>\n<p>Angeblich habe Weber seine Patienten vor der Ausstellung der Atteste teilweise nicht untersucht oder seine Diagnosen nicht fach\u00e4rztlich abkl\u00e4ren lassen. In einigen F\u00e4llen soll er vers\u00e4umt haben, Diagnosen auf den Attesten anzugeben. Das Landgericht Hamburg hat sich nun zumindest f\u00fcr einen beachtlichen Teil der Einzelf\u00e4lle dieser Einsch\u00e4tzung angeschlossen.<\/p>\n<p>Das Urteil wird von Juristen bereits kritisiert. So schrieb Professor Dr. Martin Schwab, Hochschullehrer an der Universit\u00e4t Bielefeld, am Abend auf seinem Telegram-Kanal:<\/p>\n<blockquote>\n<p><em>&#8220;Die Jagd der Justiz auf die kritische \u00c4rzteschaft wird zur Folge haben, dass es in k\u00fcnftigen &#8216;Pandemien&#8217;, die \u2013 wie es bei Corona liquide beweisbar der Fall war \u2013 vors\u00e4tzlich auf der Grundlage von medizinisch falschen Annahmen ausgerufen werden, keine \u00c4rzte mehr geben wird, die ihre Patienten sch\u00fctzen werden. Allerdings haben sich das die Patienten dann auch ein St\u00fcck weit selbst zuzuschreiben. Die Unterst\u00fctzung der betroffenen \u00c4rzte durch die Patienten, die von ihnen Hilfe bekommen hatten, blieb insgesamt viel zu sp\u00e4rlich.&#8221;<\/em><\/p>\n<\/blockquote>\n<p>Aus juristischer Sicht wird zudem \u2013 von der fraglichen Beweisbarkeit der Vorw\u00fcrfe, dem desastr\u00f6sen Eingriff in das Vertrauensverh\u00e4ltnis zwischen Arzt und Patient sowie dem Ausschluss jedes praktikablen \u00e4rztlichen Beurteilungsspielraums abgesehen \u2013 kritisiert, dass die Anklage vor dem Landgericht viel zu hoch getrieben wurde. Das hat auch zur Folge, dass dem verurteilten Mediziner das Rechtsmittel der Berufung verwehrt bleibt. Nur auf dem Weg der Berufung lassen sich Fehler in der Beweisaufnahme korrigieren; das Revisionsgericht f\u00fchrt anders als das Berufungsgericht keine erneute Beweisaufnahme durch.<\/p>\n<p>Dar\u00fcber hinaus wurde der Verdacht ge\u00e4u\u00dfert, dass der renommierte Arzt weniger f\u00fcr die 57 Atteste (ein Patientenaufkommen von h\u00f6chstens drei Tagen in einer durchschnittlichen Praxis) als vielmehr f\u00fcr sein ma\u00dfnahmenkritisches Wirken w\u00e4hrend der sogenannten &#8220;Corona-Pandemie&#8221; der Repression eines solchen Verfahrens unterzogen wird. Von Anfang an machte sich Weber damit einen Namen, dass er das offizielle Corona-Narrativ der Bundesregierung und dementsprechend auch die Ma\u00dfnahmen \u00f6ffentlich anzweifelte und kritisierte. Als Mitbegr\u00fcnder der &#8220;<a rel=\"nofollow noopener\" target=\"_blank\" href=\"https:\/\/www.aerzte-fuer-aufklaerung.de\/\">\u00c4rzte f\u00fcr Aufkl\u00e4rung<\/a>&#8221; initiierte Weber ein bundesweites Netzwerk von coronakritischen Medizinern. Dessen Mitglieder verfolgen seither das Ziel, die Bev\u00f6lkerung insbesondere \u00fcber die Wirkungen und Nebenwirkungen der Corona-Impfungen aufzukl\u00e4ren.<\/p>\n<p>Das Urteil ist noch nicht rechtskr\u00e4ftig. Die Verteidigung hat bereits angek\u00fcndigt, Revision einzulegen.<\/p>\n<p><strong>Mehr zum Thema<\/strong> &#8211; <a rel=\"nofollow noopener\" target=\"_blank\" href=\"https:\/\/freedert.online\/inland\/204981-prozessauftakt-gegen-hamburger-internisten-walter\/\">Prozessauftakt gegen den Hamburger Internisten Walter Weber \u2013 Gr\u00fcnder der &#8220;\u00c4rzte f\u00fcr Aufkl\u00e4rung&#8221;<\/a><\/p>\n<\/div>\n<p><br \/>\n<br \/><a href=\"https:\/\/de.rt.com\/inland\/228980-urteil-im-fall-dr-weber\/\">Source link <\/a><\/p>\n","protected":false},"excerpt":{"rendered":"<p>Das Landgericht Hamburg hat am Freitag den ma\u00dfnahmenkritischen Arzt Dr. Walter Weber zu einer Freiheitsstrafe von einem Jahr und zehn Monaten, ausgesetzt zur Bew\u00e4hrung, verurteilt. Mediziner und Juristen kritisierten das Urteil. Am Freitag endete das Strafverfahren gegen den Hamburger\u00a0Mediziner Dr. Walter Weber mit einem harten Urteil. Zwar muss der Internist vorerst nicht ins Gef\u00e4ngnis; sollte [&hellip;]<\/p>\n","protected":false},"author":3,"featured_media":74170,"comment_status":"open","ping_status":"open","sticky":false,"template":"","format":"standard","meta":{"_yoast_indexnow_last_ping":["1733777764"],"wp_automatic_camp":["217"],"de9209f54cfc60a6c82bca1126182b31":["Urteil im Fall Dr. Weber: Ein Jahr und zehn Monate Haft auf Bew\u00e4hrung"],"original_link":["https:\/\/de.rt.com\/inland\/228980-urteil-im-fall-dr-weber\/"],"_thumbnail_id":["74170"],"_wptgpro_p2tg_sent2tg":["a:1:{i:23737;s:19:\"2024-12-09 22:57:04\";}"],"jnews_social_counter_last_update":["1777154813"]},"categories":[19,23],"tags":[133,24595,357,1657,19011,1615,7077,140,11769,22312,7076],"yoast_head":"<!-- This site is optimized with the Yoast SEO Premium plugin v22.7 (Yoast SEO v22.7) - https:\/\/yoast.com\/wordpress\/plugins\/seo\/ -->\n<title>Urteil im Fall Dr. Weber: Ein Jahr und zehn Monate Haft auf Bew\u00e4hrung - just-now.NEWS Deutschland<\/title>\n<meta name=\"robots\" content=\"index, follow, max-snippet:-1, max-image-preview:large, max-video-preview:-1\" \/>\n<link rel=\"canonical\" href=\"https:\/\/now-news.de\/de\/deutschland\/urteil-im-fall-dr-weber-ein-jahr-und-zehn-monate-haft-auf-bewaehrung\/\" \/>\n<meta property=\"og:locale\" content=\"de_DE\" \/>\n<meta property=\"og:type\" content=\"article\" \/>\n<meta property=\"og:title\" content=\"Urteil im Fall Dr. Weber: Ein Jahr und zehn Monate Haft auf Bew\u00e4hrung\" \/>\n<meta property=\"og:description\" content=\"Das Landgericht Hamburg hat am Freitag den ma\u00dfnahmenkritischen Arzt Dr. Walter Weber zu einer Freiheitsstrafe von einem Jahr und zehn Monaten, ausgesetzt zur Bew\u00e4hrung, verurteilt. Mediziner und Juristen kritisierten das Urteil. Am Freitag endete das Strafverfahren gegen den Hamburger\u00a0Mediziner Dr. Walter Weber mit einem harten Urteil. Zwar muss der Internist vorerst nicht ins Gef\u00e4ngnis; sollte [&hellip;]\" \/>\n<meta property=\"og:url\" content=\"https:\/\/now-news.de\/de\/deutschland\/urteil-im-fall-dr-weber-ein-jahr-und-zehn-monate-haft-auf-bewaehrung\/\" \/>\n<meta property=\"og:site_name\" content=\"just-now.NEWS Deutschland\" \/>\n<meta property=\"article:publisher\" content=\"https:\/\/www.facebook.com\/wirmachenauf\" \/>\n<meta property=\"article:published_time\" content=\"2024-12-09T20:49:09+00:00\" \/>\n<meta property=\"og:image\" content=\"https:\/\/now-news.de\/de\/wp-content\/uploads\/sites\/3\/2024\/12\/67574f55b480cc4d166dcf07.jpg\" \/>\n<meta name=\"author\" content=\"rtnews\" \/>\n<meta name=\"twitter:card\" content=\"summary_large_image\" \/>\n<meta name=\"twitter:creator\" content=\"@WirMachenAuf_de\" \/>\n<meta name=\"twitter:site\" content=\"@WirMachenAuf_de\" \/>\n<meta name=\"twitter:label1\" content=\"Verfasst von\" \/>\n\t<meta name=\"twitter:data1\" content=\"rtnews\" \/>\n\t<meta name=\"twitter:label2\" content=\"Gesch\u00e4tzte Lesezeit\" \/>\n\t<meta name=\"twitter:data2\" content=\"3\u00a0Minuten\" \/>\n<script type=\"application\/ld+json\" class=\"yoast-schema-graph\">{\"@context\":\"https:\/\/schema.org\",\"@graph\":[{\"@type\":\"Article\",\"@id\":\"https:\/\/now-news.de\/de\/deutschland\/urteil-im-fall-dr-weber-ein-jahr-und-zehn-monate-haft-auf-bewaehrung\/#article\",\"isPartOf\":{\"@id\":\"https:\/\/now-news.de\/de\/deutschland\/urteil-im-fall-dr-weber-ein-jahr-und-zehn-monate-haft-auf-bewaehrung\/\"},\"author\":{\"name\":\"rtnews\",\"@id\":\"https:\/\/now-news.de\/de\/#\/schema\/person\/fb534a4e865501d8b3285208df34a9b5\"},\"headline\":\"Urteil im Fall Dr. Weber: Ein Jahr und zehn Monate Haft auf Bew\u00e4hrung\",\"datePublished\":\"2024-12-09T20:49:09+00:00\",\"dateModified\":\"2024-12-09T20:49:09+00:00\",\"mainEntityOfPage\":{\"@id\":\"https:\/\/now-news.de\/de\/deutschland\/urteil-im-fall-dr-weber-ein-jahr-und-zehn-monate-haft-auf-bewaehrung\/\"},\"wordCount\":570,\"commentCount\":0,\"publisher\":{\"@id\":\"https:\/\/now-news.de\/de\/#organization\"},\"image\":{\"@id\":\"https:\/\/now-news.de\/de\/deutschland\/urteil-im-fall-dr-weber-ein-jahr-und-zehn-monate-haft-auf-bewaehrung\/#primaryimage\"},\"thumbnailUrl\":\"https:\/\/now-news.de\/de\/wp-content\/uploads\/sites\/3\/2024\/12\/Urteil-im-Fall-Dr-Weber-Ein-Jahr-und-zehn-Monate.jpg\",\"keywords\":[\"AUF\",\"Bew\u00e4hrung\",\"ein\",\"fall\",\"Haft\",\"Jahr\",\"Monate\",\"und\",\"Urteil\",\"Weber\",\"zehn\"],\"articleSection\":[\"Deutschland\",\"Russland\"],\"inLanguage\":\"de\",\"potentialAction\":[{\"@type\":\"CommentAction\",\"name\":\"Comment\",\"target\":[\"https:\/\/now-news.de\/de\/deutschland\/urteil-im-fall-dr-weber-ein-jahr-und-zehn-monate-haft-auf-bewaehrung\/#respond\"]}]},{\"@type\":\"WebPage\",\"@id\":\"https:\/\/now-news.de\/de\/deutschland\/urteil-im-fall-dr-weber-ein-jahr-und-zehn-monate-haft-auf-bewaehrung\/\",\"url\":\"https:\/\/now-news.de\/de\/deutschland\/urteil-im-fall-dr-weber-ein-jahr-und-zehn-monate-haft-auf-bewaehrung\/\",\"name\":\"Urteil im Fall Dr. Weber: Ein Jahr und zehn Monate Haft auf Bew\u00e4hrung - just-now.NEWS Deutschland\",\"isPartOf\":{\"@id\":\"https:\/\/now-news.de\/de\/#website\"},\"primaryImageOfPage\":{\"@id\":\"https:\/\/now-news.de\/de\/deutschland\/urteil-im-fall-dr-weber-ein-jahr-und-zehn-monate-haft-auf-bewaehrung\/#primaryimage\"},\"image\":{\"@id\":\"https:\/\/now-news.de\/de\/deutschland\/urteil-im-fall-dr-weber-ein-jahr-und-zehn-monate-haft-auf-bewaehrung\/#primaryimage\"},\"thumbnailUrl\":\"https:\/\/now-news.de\/de\/wp-content\/uploads\/sites\/3\/2024\/12\/Urteil-im-Fall-Dr-Weber-Ein-Jahr-und-zehn-Monate.jpg\",\"datePublished\":\"2024-12-09T20:49:09+00:00\",\"dateModified\":\"2024-12-09T20:49:09+00:00\",\"breadcrumb\":{\"@id\":\"https:\/\/now-news.de\/de\/deutschland\/urteil-im-fall-dr-weber-ein-jahr-und-zehn-monate-haft-auf-bewaehrung\/#breadcrumb\"},\"inLanguage\":\"de\",\"potentialAction\":[{\"@type\":\"ReadAction\",\"target\":[\"https:\/\/now-news.de\/de\/deutschland\/urteil-im-fall-dr-weber-ein-jahr-und-zehn-monate-haft-auf-bewaehrung\/\"]}]},{\"@type\":\"ImageObject\",\"inLanguage\":\"de\",\"@id\":\"https:\/\/now-news.de\/de\/deutschland\/urteil-im-fall-dr-weber-ein-jahr-und-zehn-monate-haft-auf-bewaehrung\/#primaryimage\",\"url\":\"https:\/\/now-news.de\/de\/wp-content\/uploads\/sites\/3\/2024\/12\/Urteil-im-Fall-Dr-Weber-Ein-Jahr-und-zehn-Monate.jpg\",\"contentUrl\":\"https:\/\/now-news.de\/de\/wp-content\/uploads\/sites\/3\/2024\/12\/Urteil-im-Fall-Dr-Weber-Ein-Jahr-und-zehn-Monate.jpg\",\"width\":460,\"height\":259,\"caption\":\"Urteil im Fall Dr. Weber: Ein Jahr und zehn Monate Haft auf Bew\u00e4hrung\"},{\"@type\":\"BreadcrumbList\",\"@id\":\"https:\/\/now-news.de\/de\/deutschland\/urteil-im-fall-dr-weber-ein-jahr-und-zehn-monate-haft-auf-bewaehrung\/#breadcrumb\",\"itemListElement\":[{\"@type\":\"ListItem\",\"position\":1,\"name\":\"Home\",\"item\":\"https:\/\/now-news.de\/de\/\"},{\"@type\":\"ListItem\",\"position\":2,\"name\":\"Urteil im Fall Dr. Weber: Ein Jahr und zehn Monate Haft auf Bew\u00e4hrung\"}]},{\"@type\":\"WebSite\",\"@id\":\"https:\/\/now-news.de\/de\/#website\",\"url\":\"https:\/\/now-news.de\/de\/\",\"name\":\"just-now.NEWS Deutschland\",\"description\":\"Das Portal f\u00fcr unzensierte Nachrichten aus der Welt\",\"publisher\":{\"@id\":\"https:\/\/now-news.de\/de\/#organization\"},\"potentialAction\":[{\"@type\":\"SearchAction\",\"target\":{\"@type\":\"EntryPoint\",\"urlTemplate\":\"https:\/\/now-news.de\/de\/?s={search_term_string}\"},\"query-input\":\"required name=search_term_string\"}],\"inLanguage\":\"de\"},{\"@type\":\"Organization\",\"@id\":\"https:\/\/now-news.de\/de\/#organization\",\"name\":\"Just Now News\",\"url\":\"https:\/\/now-news.de\/de\/\",\"logo\":{\"@type\":\"ImageObject\",\"inLanguage\":\"de\",\"@id\":\"https:\/\/now-news.de\/de\/#\/schema\/logo\/image\/\",\"url\":\"http:\/\/just-now.news\/de\/wp-content\/uploads\/sites\/3\/2022\/04\/logo500x500.jpg\",\"contentUrl\":\"http:\/\/just-now.news\/de\/wp-content\/uploads\/sites\/3\/2022\/04\/logo500x500.jpg\",\"width\":500,\"height\":500,\"caption\":\"Just Now News\"},\"image\":{\"@id\":\"https:\/\/now-news.de\/de\/#\/schema\/logo\/image\/\"},\"sameAs\":[\"https:\/\/www.facebook.com\/wirmachenauf\",\"https:\/\/x.com\/WirMachenAuf_de\"]},{\"@type\":\"Person\",\"@id\":\"https:\/\/now-news.de\/de\/#\/schema\/person\/fb534a4e865501d8b3285208df34a9b5\",\"name\":\"rtnews\",\"image\":{\"@type\":\"ImageObject\",\"inLanguage\":\"de\",\"@id\":\"https:\/\/now-news.de\/de\/#\/schema\/person\/image\/\",\"url\":\"https:\/\/secure.gravatar.com\/avatar\/82aafea7d8127119dd649515f56e2117?s=96&d=mm&r=g\",\"contentUrl\":\"https:\/\/secure.gravatar.com\/avatar\/82aafea7d8127119dd649515f56e2117?s=96&d=mm&r=g\",\"caption\":\"rtnews\"},\"url\":\"https:\/\/now-news.de\/de\/author\/rnews\/\"}]}<\/script>\n<!-- \/ Yoast SEO Premium plugin. -->","yoast_head_json":{"title":"Urteil im Fall Dr. Weber: Ein Jahr und zehn Monate Haft auf Bew\u00e4hrung - just-now.NEWS Deutschland","robots":{"index":"index","follow":"follow","max-snippet":"max-snippet:-1","max-image-preview":"max-image-preview:large","max-video-preview":"max-video-preview:-1"},"canonical":"https:\/\/now-news.de\/de\/deutschland\/urteil-im-fall-dr-weber-ein-jahr-und-zehn-monate-haft-auf-bewaehrung\/","og_locale":"de_DE","og_type":"article","og_title":"Urteil im Fall Dr. Weber: Ein Jahr und zehn Monate Haft auf Bew\u00e4hrung","og_description":"Das Landgericht Hamburg hat am Freitag den ma\u00dfnahmenkritischen Arzt Dr. Walter Weber zu einer Freiheitsstrafe von einem Jahr und zehn Monaten, ausgesetzt zur Bew\u00e4hrung, verurteilt. Mediziner und Juristen kritisierten das Urteil. Am Freitag endete das Strafverfahren gegen den Hamburger\u00a0Mediziner Dr. Walter Weber mit einem harten Urteil. Zwar muss der Internist vorerst nicht ins Gef\u00e4ngnis; sollte [&hellip;]","og_url":"https:\/\/now-news.de\/de\/deutschland\/urteil-im-fall-dr-weber-ein-jahr-und-zehn-monate-haft-auf-bewaehrung\/","og_site_name":"just-now.NEWS Deutschland","article_publisher":"https:\/\/www.facebook.com\/wirmachenauf","article_published_time":"2024-12-09T20:49:09+00:00","og_image":[{"url":"https:\/\/now-news.de\/de\/wp-content\/uploads\/sites\/3\/2024\/12\/67574f55b480cc4d166dcf07.jpg"}],"author":"rtnews","twitter_card":"summary_large_image","twitter_creator":"@WirMachenAuf_de","twitter_site":"@WirMachenAuf_de","twitter_misc":{"Verfasst von":"rtnews","Gesch\u00e4tzte Lesezeit":"3\u00a0Minuten"},"schema":{"@context":"https:\/\/schema.org","@graph":[{"@type":"Article","@id":"https:\/\/now-news.de\/de\/deutschland\/urteil-im-fall-dr-weber-ein-jahr-und-zehn-monate-haft-auf-bewaehrung\/#article","isPartOf":{"@id":"https:\/\/now-news.de\/de\/deutschland\/urteil-im-fall-dr-weber-ein-jahr-und-zehn-monate-haft-auf-bewaehrung\/"},"author":{"name":"rtnews","@id":"https:\/\/now-news.de\/de\/#\/schema\/person\/fb534a4e865501d8b3285208df34a9b5"},"headline":"Urteil im Fall Dr. Weber: Ein Jahr und zehn Monate Haft auf Bew\u00e4hrung","datePublished":"2024-12-09T20:49:09+00:00","dateModified":"2024-12-09T20:49:09+00:00","mainEntityOfPage":{"@id":"https:\/\/now-news.de\/de\/deutschland\/urteil-im-fall-dr-weber-ein-jahr-und-zehn-monate-haft-auf-bewaehrung\/"},"wordCount":570,"commentCount":0,"publisher":{"@id":"https:\/\/now-news.de\/de\/#organization"},"image":{"@id":"https:\/\/now-news.de\/de\/deutschland\/urteil-im-fall-dr-weber-ein-jahr-und-zehn-monate-haft-auf-bewaehrung\/#primaryimage"},"thumbnailUrl":"https:\/\/now-news.de\/de\/wp-content\/uploads\/sites\/3\/2024\/12\/Urteil-im-Fall-Dr-Weber-Ein-Jahr-und-zehn-Monate.jpg","keywords":["AUF","Bew\u00e4hrung","ein","fall","Haft","Jahr","Monate","und","Urteil","Weber","zehn"],"articleSection":["Deutschland","Russland"],"inLanguage":"de","potentialAction":[{"@type":"CommentAction","name":"Comment","target":["https:\/\/now-news.de\/de\/deutschland\/urteil-im-fall-dr-weber-ein-jahr-und-zehn-monate-haft-auf-bewaehrung\/#respond"]}]},{"@type":"WebPage","@id":"https:\/\/now-news.de\/de\/deutschland\/urteil-im-fall-dr-weber-ein-jahr-und-zehn-monate-haft-auf-bewaehrung\/","url":"https:\/\/now-news.de\/de\/deutschland\/urteil-im-fall-dr-weber-ein-jahr-und-zehn-monate-haft-auf-bewaehrung\/","name":"Urteil im Fall Dr. Weber: Ein Jahr und zehn Monate Haft auf Bew\u00e4hrung - just-now.NEWS Deutschland","isPartOf":{"@id":"https:\/\/now-news.de\/de\/#website"},"primaryImageOfPage":{"@id":"https:\/\/now-news.de\/de\/deutschland\/urteil-im-fall-dr-weber-ein-jahr-und-zehn-monate-haft-auf-bewaehrung\/#primaryimage"},"image":{"@id":"https:\/\/now-news.de\/de\/deutschland\/urteil-im-fall-dr-weber-ein-jahr-und-zehn-monate-haft-auf-bewaehrung\/#primaryimage"},"thumbnailUrl":"https:\/\/now-news.de\/de\/wp-content\/uploads\/sites\/3\/2024\/12\/Urteil-im-Fall-Dr-Weber-Ein-Jahr-und-zehn-Monate.jpg","datePublished":"2024-12-09T20:49:09+00:00","dateModified":"2024-12-09T20:49:09+00:00","breadcrumb":{"@id":"https:\/\/now-news.de\/de\/deutschland\/urteil-im-fall-dr-weber-ein-jahr-und-zehn-monate-haft-auf-bewaehrung\/#breadcrumb"},"inLanguage":"de","potentialAction":[{"@type":"ReadAction","target":["https:\/\/now-news.de\/de\/deutschland\/urteil-im-fall-dr-weber-ein-jahr-und-zehn-monate-haft-auf-bewaehrung\/"]}]},{"@type":"ImageObject","inLanguage":"de","@id":"https:\/\/now-news.de\/de\/deutschland\/urteil-im-fall-dr-weber-ein-jahr-und-zehn-monate-haft-auf-bewaehrung\/#primaryimage","url":"https:\/\/now-news.de\/de\/wp-content\/uploads\/sites\/3\/2024\/12\/Urteil-im-Fall-Dr-Weber-Ein-Jahr-und-zehn-Monate.jpg","contentUrl":"https:\/\/now-news.de\/de\/wp-content\/uploads\/sites\/3\/2024\/12\/Urteil-im-Fall-Dr-Weber-Ein-Jahr-und-zehn-Monate.jpg","width":460,"height":259,"caption":"Urteil im Fall Dr. Weber: Ein Jahr und zehn Monate Haft auf Bew\u00e4hrung"},{"@type":"BreadcrumbList","@id":"https:\/\/now-news.de\/de\/deutschland\/urteil-im-fall-dr-weber-ein-jahr-und-zehn-monate-haft-auf-bewaehrung\/#breadcrumb","itemListElement":[{"@type":"ListItem","position":1,"name":"Home","item":"https:\/\/now-news.de\/de\/"},{"@type":"ListItem","position":2,"name":"Urteil im Fall Dr. Weber: Ein Jahr und zehn Monate Haft auf Bew\u00e4hrung"}]},{"@type":"WebSite","@id":"https:\/\/now-news.de\/de\/#website","url":"https:\/\/now-news.de\/de\/","name":"just-now.NEWS Deutschland","description":"Das Portal f\u00fcr unzensierte Nachrichten aus der Welt","publisher":{"@id":"https:\/\/now-news.de\/de\/#organization"},"potentialAction":[{"@type":"SearchAction","target":{"@type":"EntryPoint","urlTemplate":"https:\/\/now-news.de\/de\/?s={search_term_string}"},"query-input":"required name=search_term_string"}],"inLanguage":"de"},{"@type":"Organization","@id":"https:\/\/now-news.de\/de\/#organization","name":"Just Now News","url":"https:\/\/now-news.de\/de\/","logo":{"@type":"ImageObject","inLanguage":"de","@id":"https:\/\/now-news.de\/de\/#\/schema\/logo\/image\/","url":"http:\/\/just-now.news\/de\/wp-content\/uploads\/sites\/3\/2022\/04\/logo500x500.jpg","contentUrl":"http:\/\/just-now.news\/de\/wp-content\/uploads\/sites\/3\/2022\/04\/logo500x500.jpg","width":500,"height":500,"caption":"Just Now News"},"image":{"@id":"https:\/\/now-news.de\/de\/#\/schema\/logo\/image\/"},"sameAs":["https:\/\/www.facebook.com\/wirmachenauf","https:\/\/x.com\/WirMachenAuf_de"]},{"@type":"Person","@id":"https:\/\/now-news.de\/de\/#\/schema\/person\/fb534a4e865501d8b3285208df34a9b5","name":"rtnews","image":{"@type":"ImageObject","inLanguage":"de","@id":"https:\/\/now-news.de\/de\/#\/schema\/person\/image\/","url":"https:\/\/secure.gravatar.com\/avatar\/82aafea7d8127119dd649515f56e2117?s=96&d=mm&r=g","contentUrl":"https:\/\/secure.gravatar.com\/avatar\/82aafea7d8127119dd649515f56e2117?s=96&d=mm&r=g","caption":"rtnews"},"url":"https:\/\/now-news.de\/de\/author\/rnews\/"}]}},"_links":{"self":[{"href":"https:\/\/now-news.de\/de\/wp-json\/wp\/v2\/posts\/74169"}],"collection":[{"href":"https:\/\/now-news.de\/de\/wp-json\/wp\/v2\/posts"}],"about":[{"href":"https:\/\/now-news.de\/de\/wp-json\/wp\/v2\/types\/post"}],"author":[{"embeddable":true,"href":"https:\/\/now-news.de\/de\/wp-json\/wp\/v2\/users\/3"}],"replies":[{"embeddable":true,"href":"https:\/\/now-news.de\/de\/wp-json\/wp\/v2\/comments?post=74169"}],"version-history":[{"count":0,"href":"https:\/\/now-news.de\/de\/wp-json\/wp\/v2\/posts\/74169\/revisions"}],"wp:featuredmedia":[{"embeddable":true,"href":"https:\/\/now-news.de\/de\/wp-json\/wp\/v2\/media\/74170"}],"wp:attachment":[{"href":"https:\/\/now-news.de\/de\/wp-json\/wp\/v2\/media?parent=74169"}],"wp:term":[{"taxonomy":"category","embeddable":true,"href":"https:\/\/now-news.de\/de\/wp-json\/wp\/v2\/categories?post=74169"},{"taxonomy":"post_tag","embeddable":true,"href":"https:\/\/now-news.de\/de\/wp-json\/wp\/v2\/tags?post=74169"}],"curies":[{"name":"wp","href":"https:\/\/api.w.org\/{rel}","templated":true}]}}