{"id":74118,"date":"2024-12-09T13:12:57","date_gmt":"2024-12-09T11:12:57","guid":{"rendered":"https:\/\/now-news.de\/de\/deutschland\/syrische-demonstration-in-wien-geraet-ausser-kontrolle\/"},"modified":"2024-12-09T13:12:57","modified_gmt":"2024-12-09T11:12:57","slug":"syrische-demonstration-in-wien-geraet-ausser-kontrolle","status":"publish","type":"post","link":"https:\/\/now-news.de\/de\/deutschland\/syrische-demonstration-in-wien-geraet-ausser-kontrolle\/","title":{"rendered":"Syrische Demonstration in Wien ger\u00e4t au\u00dfer Kontrolle"},"content":{"rendered":"<p><img decoding=\"async\" src=\"https:\/\/now-news.de\/de\/wp-content\/uploads\/sites\/3\/2024\/12\/6756bff148fbef7e4b062504.png\" \/><\/p>\n<div class=\"Text-root Text-type_1 \">\n                Nach dem Sturz von Bashar al-Assad feiern tausende Syrer den Regimewechsel in ihrer Heimat \u2013 und bringen die Wiener Innenstadt an ihre Grenzen. Die FP\u00d6 schl\u00e4gt Alarm und fordert Konsequenzen.\n            <\/div>\n<p><\/p>\n<div class=\"Text-root Text-type_5 ArticleView-text ViewText-root \">\n<p>Die Wiener Innenstadt wurde am Feiertag &#8220;Mari\u00e4 Empf\u00e4ngnis&#8221; zum Schauplatz einer kontroversen Gro\u00dfkundgebung. Tausende Syrer versammelten sich, um den Sturz des langj\u00e4hrigen syrischen Machthabers Bashar al-Assad zu feiern.<\/p>\n<p>Urspr\u00fcnglich mit 3.000 Teilnehmern angemeldet, war die Zahl der Demonstranten laut internen Polizeisch\u00e4tzungen auf \u00fcber 12.000 angestiegen.<\/p>\n<div class=\"EmbedBlock-root EmbedBlock-twitter\">\n<div class=\"TwitterEmbed\">\n<blockquote class=\"twitter-tweet lazyload\" data-twitter=\"twitter-tweet\">\n<p lang=\"en\" dir=\"ltr\">Today in Vienna.The airport is the other direction!<a rel=\"nofollow noopener\" target=\"_blank\" href=\"https:\/\/twitter.com\/hashtag\/Remigration?src=hash&amp;ref_src=twsrc%5Etfw\">#Remigration<\/a><a rel=\"nofollow noopener\" target=\"_blank\" href=\"https:\/\/t.co\/HHyJBeOLhy\">pic.twitter.com\/HHyJBeOLhy<\/a><\/p>\n<p>\u2014 Martin Sellner (@Martin_Sellner) <a rel=\"nofollow noopener\" target=\"_blank\" href=\"https:\/\/twitter.com\/Martin_Sellner\/status\/1865822901620117627?ref_src=twsrc%5Etfw\">December 8, 2024<\/a><\/p><\/blockquote>\n<\/div>\n<\/div>\n<p>Die Situation stellte die Wiener Polizei vor erhebliche Herausforderungen. Laut dem freiheitlichen Sicherheitssprecher Hannes Amesbauer fehlten Einsatzkr\u00e4fte, da ein Gro\u00dfteil der Beamten, die f\u00fcr andere Aufgaben \u2013 wie die Absicherung eines Fu\u00dfballspiels \u2013 eingeplant waren, in die Innenstadt umgeleitet werden musste.<\/p>\n<blockquote>\n<p>&#8220;Es herrscht bereits jetzt v\u00f6lliges Chaos&#8221;, so Amesbauer.<\/p>\n<\/blockquote>\n<p>W\u00e4hrend Medien von Feuerwerksk\u00f6rpern berichten, seien laut ihm auch Freudensch\u00fcsse aus Schreckschusswaffen gefallen. Die Polizei wies jedoch darauf hin, dass bislang keine gravierenden Vorf\u00e4lle gemeldet wurden.<\/p>\n<div class=\"EmbedBlock-root EmbedBlock-twitter\">\n<div class=\"TwitterEmbed\">\n<blockquote class=\"twitter-tweet lazyload\" data-twitter=\"twitter-tweet\" data-media-max-width=\"560\">\n<p lang=\"de\" dir=\"ltr\">Hunderte, m\u00f6glicherweise sogar Tausende Syrer str\u00f6men derzeit zur Wiener Oper. Sp\u00e4ter soll es am Ring eine Marschkundgebung geben.Die Polizei ist vor Ort und sichert die Versammlung mit Kr\u00e4ften der Ordnungsdiensteinheit und der Landesverkehrsabteilung ab.<a rel=\"nofollow noopener\" target=\"_blank\" href=\"https:\/\/twitter.com\/hashtag\/w0812?src=hash&amp;ref_src=twsrc%5Etfw\">#w0812<\/a><a rel=\"nofollow noopener\" target=\"_blank\" href=\"https:\/\/t.co\/rKY2SPo0SL\">pic.twitter.com\/rKY2SPo0SL<\/a><\/p>\n<p>\u2014 Esterreicherr (@Esterreicherr) <a rel=\"nofollow noopener\" target=\"_blank\" href=\"https:\/\/twitter.com\/Esterreicherr\/status\/1865723170994712984?ref_src=twsrc%5Etfw\">December 8, 2024<\/a><\/p><\/blockquote>\n<\/div>\n<\/div>\n<p>In der ausgelassenen Stimmung erkennen Vertreter der FP\u00d6 eine Gelegenheit: Der FP\u00d6-Sicherheitssprecher Amesbauer und der Wiener FP\u00d6-Chef Dominik Nepp betonen die Notwendigkeit, die gefl\u00fcchteten Syrer zur R\u00fcckkehr in ihre Heimat zu bewegen.<\/p>\n<div class=\"EmbedBlock-root EmbedBlock-twitter\">\n<div class=\"TwitterEmbed\">\n<blockquote class=\"twitter-tweet lazyload\" data-twitter=\"twitter-tweet\">\n<p lang=\"de\" dir=\"ltr\">Tausende Syrer feiern den Regimewechsel. Ab sofort sollen sie am Wiederaufbau ihrer Heimat mithelfen, statt in Wien Sozialhilfe zu kassieren. Go for it \u2708\ufe0f <a rel=\"nofollow noopener\" target=\"_blank\" href=\"https:\/\/t.co\/d4UnTJbQd0\">https:\/\/t.co\/d4UnTJbQd0<\/a><\/p>\n<p>\u2014 Dominik Nepp (@DominikNepp) <a rel=\"nofollow noopener\" target=\"_blank\" href=\"https:\/\/twitter.com\/DominikNepp\/status\/1865749406676365779?ref_src=twsrc%5Etfw\">December 8, 2024<\/a><\/p><\/blockquote>\n<\/div>\n<\/div>\n<p>&#8220;Tausende Syrer feiern den Regimewechsel. Ab sofort sollen sie am Wiederaufbau ihrer Heimat mithelfen, statt in Wien Sozialhilfe zu kassieren&#8221;, schrieb Nepp auf der Plattform X (ehemals Twitter).<\/p>\n<div class=\"EmbedBlock-root EmbedBlock-twitter\">\n<div class=\"TwitterEmbed\">\n<blockquote class=\"twitter-tweet lazyload\" data-twitter=\"twitter-tweet\">\n<p lang=\"de\" dir=\"ltr\">Top! Kickl fordert <a rel=\"nofollow noopener\" target=\"_blank\" href=\"https:\/\/twitter.com\/hashtag\/remigration?src=hash&amp;ref_src=twsrc%5Etfw\">#remigration<\/a> f\u00fcr Syrien. <a rel=\"nofollow noopener\" target=\"_blank\" href=\"https:\/\/t.co\/RmEwHGknyM\">pic.twitter.com\/RmEwHGknyM<\/a><\/p>\n<p>\u2014 Martin Sellner (@Martin_Sellner) <a rel=\"nofollow noopener\" target=\"_blank\" href=\"https:\/\/twitter.com\/Martin_Sellner\/status\/1866037403669958763?ref_src=twsrc%5Etfw\">December 9, 2024<\/a><\/p><\/blockquote>\n<\/div>\n<\/div>\n<p>Die FP\u00d6 nutzte die Gelegenheit auch, um scharfe Kritik an Innenminister Gerhard Karner (\u00d6VP), der Wiener Landespolizeidirektion und dem Verfassungsschutz zu \u00fcben. Nepp sprach von einem &#8220;totalen Versagen&#8221; im Umgang mit der Kundgebung.<\/p>\n<p>&#8220;W\u00e4hrend heimische B\u00fcrger bei regierungskritischen Demonstrationen eingekesselt und durch Wasserwerfer bedroht werden, l\u00e4sst man einen syrischen Mob ungehindert durch Wien marschieren&#8221;, erkl\u00e4rte Nepp. Amesbauer forderte daher den R\u00fccktritt von Innenminister Karner und DSN-Chef Omar Haijawi-Pirchner.<\/p>\n<div class=\"EmbedBlock-root EmbedBlock-twitter\">\n<div class=\"TwitterEmbed\">\n<blockquote class=\"twitter-tweet lazyload\" data-twitter=\"twitter-tweet\">\n<p lang=\"de\" dir=\"ltr\">Wien, Ringstra\u00dfe, Parlament: tausende Syrer feietn den Sturz von <a rel=\"nofollow noopener\" target=\"_blank\" href=\"https:\/\/twitter.com\/hashtag\/Assad?src=hash&amp;ref_src=twsrc%5Etfw\">#Assad<\/a>, die Menge wird immer gr\u00f6\u00dfer &#8230; <a rel=\"nofollow noopener\" target=\"_blank\" href=\"https:\/\/twitter.com\/hashtag\/syria?src=hash&amp;ref_src=twsrc%5Etfw\">#syria<\/a><a rel=\"nofollow noopener\" target=\"_blank\" href=\"https:\/\/twitter.com\/hashtag\/austria?src=hash&amp;ref_src=twsrc%5Etfw\">#austria<\/a><a rel=\"nofollow noopener\" target=\"_blank\" href=\"https:\/\/twitter.com\/hashtag\/vienna?src=hash&amp;ref_src=twsrc%5Etfw\">#vienna<\/a><a rel=\"nofollow noopener\" target=\"_blank\" href=\"https:\/\/t.co\/R4jkgS0adK\">pic.twitter.com\/R4jkgS0adK<\/a><\/p>\n<p>\u2014 WienTV (@WienTV) <a rel=\"nofollow noopener\" target=\"_blank\" href=\"https:\/\/twitter.com\/WienTV\/status\/1865752297277718906?ref_src=twsrc%5Etfw\">December 8, 2024<\/a><\/p><\/blockquote>\n<\/div>\n<\/div>\n<p>Die Kundgebung l\u00f6ste nicht nur Verkehrschaos auf der Ringstra\u00dfe aus, sondern auch hitzige Debatten. Viele Wiener f\u00fchlen sich durch die hohe Zahl an Demonstranten und die lauten Freudenbekundungen \u00fcberfordert. Gleichzeitig gibt es auch Stimmen, die Verst\u00e4ndnis f\u00fcr die Feierlichkeiten zeigen und die Freude der Syrer \u00fcber den Sturz Assads nachvollziehen k\u00f6nnen.<\/p>\n<p>Der Vorfall zeigt einmal mehr, wie angespannt die gesellschaftliche und politische Lage in \u00d6sterreich ist. W\u00e4hrend die FP\u00d6 die Kundgebung als Argument f\u00fcr eine konsequente R\u00fcckf\u00fchrungspolitik nutzt, stellt sich die Frage, ob der Staat ausreichend vorbereitet war, um ein solches Ereignis zu bew\u00e4ltigen. Die Debatte wird sicher noch lange nachhallen \u2013 und die politischen Gr\u00e4ben weiter vertiefen.<\/p>\n<p><strong>Mehr zum Thema<\/strong>\u00a0&#8211;\u00a0<a rel=\"nofollow noopener\" target=\"_blank\" href=\"https:\/\/freedert.online\/oesterreich\/225121-droht-europa-ein-winter-ohne-gas\/\">Unsicherer Gastransit durch die Ukraine: Droht Europa ein kalter Winter?<\/a><\/p>\n<div class=\"EmbedBlock-root EmbedBlock-externalVideo EmbedBlock-rumble\">\n<div class=\"VkEmbed\"><iframe class=\"lazyload\" data-src=\"https:\/\/rumble.com\/embed\/v5nrnlb\" frameborder=\"0\" width=\"853\" height=\"480\" allowfullscreen><\/iframe><\/div>\n<\/div>\n<\/div>\n<p><script async src=\"https:\/\/platform.twitter.com\/widgets.js\" charset=\"utf-8\"><\/script><br \/>\n<br \/><br \/>\n<br \/><a href=\"https:\/\/de.rt.com\/oesterreich\/228878-syrische-demonstration-in-wien-geraet\/\">Source link <\/a><\/p>\n","protected":false},"excerpt":{"rendered":"<p>Nach dem Sturz von Bashar al-Assad feiern tausende Syrer den Regimewechsel in ihrer Heimat \u2013 und bringen die Wiener Innenstadt an ihre Grenzen. Die FP\u00d6 schl\u00e4gt Alarm und fordert Konsequenzen. Die Wiener Innenstadt wurde am Feiertag &#8220;Mari\u00e4 Empf\u00e4ngnis&#8221; zum Schauplatz einer kontroversen Gro\u00dfkundgebung. Tausende Syrer versammelten sich, um den Sturz des langj\u00e4hrigen syrischen Machthabers Bashar [&hellip;]<\/p>\n","protected":false},"author":3,"featured_media":74119,"comment_status":"open","ping_status":"open","sticky":false,"template":"","format":"standard","meta":{"_yoast_indexnow_last_ping":["1733743097"],"wp_automatic_camp":["217"],"ed7dd5a9b00e4bf579e585d6e2ef391d":["Syrische Demonstration in Wien ger\u00e4t au\u00dfer Kontrolle"],"original_link":["https:\/\/de.rt.com\/oesterreich\/228878-syrische-demonstration-in-wien-geraet\/"],"_thumbnail_id":["74119"],"_wptgpro_p2tg_sent2tg":["a:1:{i:23737;s:19:\"2024-12-09 13:20:45\";}"],"jnews_social_counter_last_update":["1777160919"]},"categories":[19,23],"tags":[8672,32282,20822,4567,5520,22652],"yoast_head":"<!-- This site is optimized with the Yoast SEO Premium plugin v22.7 (Yoast SEO v22.7) - https:\/\/yoast.com\/wordpress\/plugins\/seo\/ -->\n<title>Syrische Demonstration in Wien ger\u00e4t au\u00dfer Kontrolle - just-now.NEWS Deutschland<\/title>\n<meta name=\"robots\" content=\"index, follow, max-snippet:-1, max-image-preview:large, max-video-preview:-1\" \/>\n<link rel=\"canonical\" href=\"https:\/\/now-news.de\/de\/deutschland\/syrische-demonstration-in-wien-geraet-ausser-kontrolle\/\" \/>\n<meta property=\"og:locale\" content=\"de_DE\" \/>\n<meta property=\"og:type\" content=\"article\" \/>\n<meta property=\"og:title\" content=\"Syrische Demonstration in Wien ger\u00e4t au\u00dfer Kontrolle\" \/>\n<meta property=\"og:description\" content=\"Nach dem Sturz von Bashar al-Assad feiern tausende Syrer den Regimewechsel in ihrer Heimat \u2013 und bringen die Wiener Innenstadt an ihre Grenzen. Die FP\u00d6 schl\u00e4gt Alarm und fordert Konsequenzen. Die Wiener Innenstadt wurde am Feiertag &#8220;Mari\u00e4 Empf\u00e4ngnis&#8221; zum Schauplatz einer kontroversen Gro\u00dfkundgebung. Tausende Syrer versammelten sich, um den Sturz des langj\u00e4hrigen syrischen Machthabers Bashar [&hellip;]\" \/>\n<meta property=\"og:url\" content=\"https:\/\/now-news.de\/de\/deutschland\/syrische-demonstration-in-wien-geraet-ausser-kontrolle\/\" \/>\n<meta property=\"og:site_name\" content=\"just-now.NEWS Deutschland\" \/>\n<meta property=\"article:publisher\" content=\"https:\/\/www.facebook.com\/wirmachenauf\" \/>\n<meta property=\"article:published_time\" content=\"2024-12-09T11:12:57+00:00\" \/>\n<meta property=\"og:image\" content=\"https:\/\/now-news.de\/de\/wp-content\/uploads\/sites\/3\/2024\/12\/6756bff148fbef7e4b062504.png\" \/>\n<meta name=\"author\" content=\"rtnews\" \/>\n<meta name=\"twitter:card\" content=\"summary_large_image\" \/>\n<meta name=\"twitter:creator\" content=\"@WirMachenAuf_de\" \/>\n<meta name=\"twitter:site\" content=\"@WirMachenAuf_de\" \/>\n<meta name=\"twitter:label1\" content=\"Verfasst von\" \/>\n\t<meta name=\"twitter:data1\" content=\"rtnews\" \/>\n\t<meta name=\"twitter:label2\" content=\"Gesch\u00e4tzte Lesezeit\" \/>\n\t<meta name=\"twitter:data2\" content=\"3\u00a0Minuten\" \/>\n<script type=\"application\/ld+json\" class=\"yoast-schema-graph\">{\"@context\":\"https:\/\/schema.org\",\"@graph\":[{\"@type\":\"Article\",\"@id\":\"https:\/\/now-news.de\/de\/deutschland\/syrische-demonstration-in-wien-geraet-ausser-kontrolle\/#article\",\"isPartOf\":{\"@id\":\"https:\/\/now-news.de\/de\/deutschland\/syrische-demonstration-in-wien-geraet-ausser-kontrolle\/\"},\"author\":{\"name\":\"rtnews\",\"@id\":\"https:\/\/now-news.de\/de\/#\/schema\/person\/fb534a4e865501d8b3285208df34a9b5\"},\"headline\":\"Syrische Demonstration in Wien ger\u00e4t au\u00dfer Kontrolle\",\"datePublished\":\"2024-12-09T11:12:57+00:00\",\"dateModified\":\"2024-12-09T11:12:57+00:00\",\"mainEntityOfPage\":{\"@id\":\"https:\/\/now-news.de\/de\/deutschland\/syrische-demonstration-in-wien-geraet-ausser-kontrolle\/\"},\"wordCount\":587,\"commentCount\":0,\"publisher\":{\"@id\":\"https:\/\/now-news.de\/de\/#organization\"},\"image\":{\"@id\":\"https:\/\/now-news.de\/de\/deutschland\/syrische-demonstration-in-wien-geraet-ausser-kontrolle\/#primaryimage\"},\"thumbnailUrl\":\"https:\/\/now-news.de\/de\/wp-content\/uploads\/sites\/3\/2024\/12\/Syrische-Demonstration-in-Wien-geraet-ausser-Kontrolle.png\",\"keywords\":[\"au\u00dfer\",\"Demonstration\",\"ger\u00e4t\",\"Kontrolle\",\"Syrische\",\"Wien\"],\"articleSection\":[\"Deutschland\",\"Russland\"],\"inLanguage\":\"de\",\"potentialAction\":[{\"@type\":\"CommentAction\",\"name\":\"Comment\",\"target\":[\"https:\/\/now-news.de\/de\/deutschland\/syrische-demonstration-in-wien-geraet-ausser-kontrolle\/#respond\"]}]},{\"@type\":\"WebPage\",\"@id\":\"https:\/\/now-news.de\/de\/deutschland\/syrische-demonstration-in-wien-geraet-ausser-kontrolle\/\",\"url\":\"https:\/\/now-news.de\/de\/deutschland\/syrische-demonstration-in-wien-geraet-ausser-kontrolle\/\",\"name\":\"Syrische Demonstration in Wien ger\u00e4t au\u00dfer Kontrolle - just-now.NEWS Deutschland\",\"isPartOf\":{\"@id\":\"https:\/\/now-news.de\/de\/#website\"},\"primaryImageOfPage\":{\"@id\":\"https:\/\/now-news.de\/de\/deutschland\/syrische-demonstration-in-wien-geraet-ausser-kontrolle\/#primaryimage\"},\"image\":{\"@id\":\"https:\/\/now-news.de\/de\/deutschland\/syrische-demonstration-in-wien-geraet-ausser-kontrolle\/#primaryimage\"},\"thumbnailUrl\":\"https:\/\/now-news.de\/de\/wp-content\/uploads\/sites\/3\/2024\/12\/Syrische-Demonstration-in-Wien-geraet-ausser-Kontrolle.png\",\"datePublished\":\"2024-12-09T11:12:57+00:00\",\"dateModified\":\"2024-12-09T11:12:57+00:00\",\"breadcrumb\":{\"@id\":\"https:\/\/now-news.de\/de\/deutschland\/syrische-demonstration-in-wien-geraet-ausser-kontrolle\/#breadcrumb\"},\"inLanguage\":\"de\",\"potentialAction\":[{\"@type\":\"ReadAction\",\"target\":[\"https:\/\/now-news.de\/de\/deutschland\/syrische-demonstration-in-wien-geraet-ausser-kontrolle\/\"]}]},{\"@type\":\"ImageObject\",\"inLanguage\":\"de\",\"@id\":\"https:\/\/now-news.de\/de\/deutschland\/syrische-demonstration-in-wien-geraet-ausser-kontrolle\/#primaryimage\",\"url\":\"https:\/\/now-news.de\/de\/wp-content\/uploads\/sites\/3\/2024\/12\/Syrische-Demonstration-in-Wien-geraet-ausser-Kontrolle.png\",\"contentUrl\":\"https:\/\/now-news.de\/de\/wp-content\/uploads\/sites\/3\/2024\/12\/Syrische-Demonstration-in-Wien-geraet-ausser-Kontrolle.png\",\"width\":460,\"height\":259,\"caption\":\"Syrische Demonstration in Wien ger\u00e4t au\u00dfer Kontrolle\"},{\"@type\":\"BreadcrumbList\",\"@id\":\"https:\/\/now-news.de\/de\/deutschland\/syrische-demonstration-in-wien-geraet-ausser-kontrolle\/#breadcrumb\",\"itemListElement\":[{\"@type\":\"ListItem\",\"position\":1,\"name\":\"Home\",\"item\":\"https:\/\/now-news.de\/de\/\"},{\"@type\":\"ListItem\",\"position\":2,\"name\":\"Syrische Demonstration in Wien ger\u00e4t au\u00dfer Kontrolle\"}]},{\"@type\":\"WebSite\",\"@id\":\"https:\/\/now-news.de\/de\/#website\",\"url\":\"https:\/\/now-news.de\/de\/\",\"name\":\"just-now.NEWS Deutschland\",\"description\":\"Das Portal f\u00fcr unzensierte Nachrichten aus der Welt\",\"publisher\":{\"@id\":\"https:\/\/now-news.de\/de\/#organization\"},\"potentialAction\":[{\"@type\":\"SearchAction\",\"target\":{\"@type\":\"EntryPoint\",\"urlTemplate\":\"https:\/\/now-news.de\/de\/?s={search_term_string}\"},\"query-input\":\"required name=search_term_string\"}],\"inLanguage\":\"de\"},{\"@type\":\"Organization\",\"@id\":\"https:\/\/now-news.de\/de\/#organization\",\"name\":\"Just Now News\",\"url\":\"https:\/\/now-news.de\/de\/\",\"logo\":{\"@type\":\"ImageObject\",\"inLanguage\":\"de\",\"@id\":\"https:\/\/now-news.de\/de\/#\/schema\/logo\/image\/\",\"url\":\"http:\/\/just-now.news\/de\/wp-content\/uploads\/sites\/3\/2022\/04\/logo500x500.jpg\",\"contentUrl\":\"http:\/\/just-now.news\/de\/wp-content\/uploads\/sites\/3\/2022\/04\/logo500x500.jpg\",\"width\":500,\"height\":500,\"caption\":\"Just Now News\"},\"image\":{\"@id\":\"https:\/\/now-news.de\/de\/#\/schema\/logo\/image\/\"},\"sameAs\":[\"https:\/\/www.facebook.com\/wirmachenauf\",\"https:\/\/x.com\/WirMachenAuf_de\"]},{\"@type\":\"Person\",\"@id\":\"https:\/\/now-news.de\/de\/#\/schema\/person\/fb534a4e865501d8b3285208df34a9b5\",\"name\":\"rtnews\",\"image\":{\"@type\":\"ImageObject\",\"inLanguage\":\"de\",\"@id\":\"https:\/\/now-news.de\/de\/#\/schema\/person\/image\/\",\"url\":\"https:\/\/secure.gravatar.com\/avatar\/82aafea7d8127119dd649515f56e2117?s=96&d=mm&r=g\",\"contentUrl\":\"https:\/\/secure.gravatar.com\/avatar\/82aafea7d8127119dd649515f56e2117?s=96&d=mm&r=g\",\"caption\":\"rtnews\"},\"url\":\"https:\/\/now-news.de\/de\/author\/rnews\/\"}]}<\/script>\n<!-- \/ Yoast SEO Premium plugin. -->","yoast_head_json":{"title":"Syrische Demonstration in Wien ger\u00e4t au\u00dfer Kontrolle - just-now.NEWS Deutschland","robots":{"index":"index","follow":"follow","max-snippet":"max-snippet:-1","max-image-preview":"max-image-preview:large","max-video-preview":"max-video-preview:-1"},"canonical":"https:\/\/now-news.de\/de\/deutschland\/syrische-demonstration-in-wien-geraet-ausser-kontrolle\/","og_locale":"de_DE","og_type":"article","og_title":"Syrische Demonstration in Wien ger\u00e4t au\u00dfer Kontrolle","og_description":"Nach dem Sturz von Bashar al-Assad feiern tausende Syrer den Regimewechsel in ihrer Heimat \u2013 und bringen die Wiener Innenstadt an ihre Grenzen. Die FP\u00d6 schl\u00e4gt Alarm und fordert Konsequenzen. Die Wiener Innenstadt wurde am Feiertag &#8220;Mari\u00e4 Empf\u00e4ngnis&#8221; zum Schauplatz einer kontroversen Gro\u00dfkundgebung. Tausende Syrer versammelten sich, um den Sturz des langj\u00e4hrigen syrischen Machthabers Bashar [&hellip;]","og_url":"https:\/\/now-news.de\/de\/deutschland\/syrische-demonstration-in-wien-geraet-ausser-kontrolle\/","og_site_name":"just-now.NEWS Deutschland","article_publisher":"https:\/\/www.facebook.com\/wirmachenauf","article_published_time":"2024-12-09T11:12:57+00:00","og_image":[{"url":"https:\/\/now-news.de\/de\/wp-content\/uploads\/sites\/3\/2024\/12\/6756bff148fbef7e4b062504.png"}],"author":"rtnews","twitter_card":"summary_large_image","twitter_creator":"@WirMachenAuf_de","twitter_site":"@WirMachenAuf_de","twitter_misc":{"Verfasst von":"rtnews","Gesch\u00e4tzte Lesezeit":"3\u00a0Minuten"},"schema":{"@context":"https:\/\/schema.org","@graph":[{"@type":"Article","@id":"https:\/\/now-news.de\/de\/deutschland\/syrische-demonstration-in-wien-geraet-ausser-kontrolle\/#article","isPartOf":{"@id":"https:\/\/now-news.de\/de\/deutschland\/syrische-demonstration-in-wien-geraet-ausser-kontrolle\/"},"author":{"name":"rtnews","@id":"https:\/\/now-news.de\/de\/#\/schema\/person\/fb534a4e865501d8b3285208df34a9b5"},"headline":"Syrische Demonstration in Wien ger\u00e4t au\u00dfer Kontrolle","datePublished":"2024-12-09T11:12:57+00:00","dateModified":"2024-12-09T11:12:57+00:00","mainEntityOfPage":{"@id":"https:\/\/now-news.de\/de\/deutschland\/syrische-demonstration-in-wien-geraet-ausser-kontrolle\/"},"wordCount":587,"commentCount":0,"publisher":{"@id":"https:\/\/now-news.de\/de\/#organization"},"image":{"@id":"https:\/\/now-news.de\/de\/deutschland\/syrische-demonstration-in-wien-geraet-ausser-kontrolle\/#primaryimage"},"thumbnailUrl":"https:\/\/now-news.de\/de\/wp-content\/uploads\/sites\/3\/2024\/12\/Syrische-Demonstration-in-Wien-geraet-ausser-Kontrolle.png","keywords":["au\u00dfer","Demonstration","ger\u00e4t","Kontrolle","Syrische","Wien"],"articleSection":["Deutschland","Russland"],"inLanguage":"de","potentialAction":[{"@type":"CommentAction","name":"Comment","target":["https:\/\/now-news.de\/de\/deutschland\/syrische-demonstration-in-wien-geraet-ausser-kontrolle\/#respond"]}]},{"@type":"WebPage","@id":"https:\/\/now-news.de\/de\/deutschland\/syrische-demonstration-in-wien-geraet-ausser-kontrolle\/","url":"https:\/\/now-news.de\/de\/deutschland\/syrische-demonstration-in-wien-geraet-ausser-kontrolle\/","name":"Syrische Demonstration in Wien ger\u00e4t au\u00dfer Kontrolle - just-now.NEWS Deutschland","isPartOf":{"@id":"https:\/\/now-news.de\/de\/#website"},"primaryImageOfPage":{"@id":"https:\/\/now-news.de\/de\/deutschland\/syrische-demonstration-in-wien-geraet-ausser-kontrolle\/#primaryimage"},"image":{"@id":"https:\/\/now-news.de\/de\/deutschland\/syrische-demonstration-in-wien-geraet-ausser-kontrolle\/#primaryimage"},"thumbnailUrl":"https:\/\/now-news.de\/de\/wp-content\/uploads\/sites\/3\/2024\/12\/Syrische-Demonstration-in-Wien-geraet-ausser-Kontrolle.png","datePublished":"2024-12-09T11:12:57+00:00","dateModified":"2024-12-09T11:12:57+00:00","breadcrumb":{"@id":"https:\/\/now-news.de\/de\/deutschland\/syrische-demonstration-in-wien-geraet-ausser-kontrolle\/#breadcrumb"},"inLanguage":"de","potentialAction":[{"@type":"ReadAction","target":["https:\/\/now-news.de\/de\/deutschland\/syrische-demonstration-in-wien-geraet-ausser-kontrolle\/"]}]},{"@type":"ImageObject","inLanguage":"de","@id":"https:\/\/now-news.de\/de\/deutschland\/syrische-demonstration-in-wien-geraet-ausser-kontrolle\/#primaryimage","url":"https:\/\/now-news.de\/de\/wp-content\/uploads\/sites\/3\/2024\/12\/Syrische-Demonstration-in-Wien-geraet-ausser-Kontrolle.png","contentUrl":"https:\/\/now-news.de\/de\/wp-content\/uploads\/sites\/3\/2024\/12\/Syrische-Demonstration-in-Wien-geraet-ausser-Kontrolle.png","width":460,"height":259,"caption":"Syrische Demonstration in Wien ger\u00e4t au\u00dfer Kontrolle"},{"@type":"BreadcrumbList","@id":"https:\/\/now-news.de\/de\/deutschland\/syrische-demonstration-in-wien-geraet-ausser-kontrolle\/#breadcrumb","itemListElement":[{"@type":"ListItem","position":1,"name":"Home","item":"https:\/\/now-news.de\/de\/"},{"@type":"ListItem","position":2,"name":"Syrische Demonstration in Wien ger\u00e4t au\u00dfer Kontrolle"}]},{"@type":"WebSite","@id":"https:\/\/now-news.de\/de\/#website","url":"https:\/\/now-news.de\/de\/","name":"just-now.NEWS Deutschland","description":"Das Portal f\u00fcr unzensierte Nachrichten aus der Welt","publisher":{"@id":"https:\/\/now-news.de\/de\/#organization"},"potentialAction":[{"@type":"SearchAction","target":{"@type":"EntryPoint","urlTemplate":"https:\/\/now-news.de\/de\/?s={search_term_string}"},"query-input":"required name=search_term_string"}],"inLanguage":"de"},{"@type":"Organization","@id":"https:\/\/now-news.de\/de\/#organization","name":"Just Now News","url":"https:\/\/now-news.de\/de\/","logo":{"@type":"ImageObject","inLanguage":"de","@id":"https:\/\/now-news.de\/de\/#\/schema\/logo\/image\/","url":"http:\/\/just-now.news\/de\/wp-content\/uploads\/sites\/3\/2022\/04\/logo500x500.jpg","contentUrl":"http:\/\/just-now.news\/de\/wp-content\/uploads\/sites\/3\/2022\/04\/logo500x500.jpg","width":500,"height":500,"caption":"Just Now News"},"image":{"@id":"https:\/\/now-news.de\/de\/#\/schema\/logo\/image\/"},"sameAs":["https:\/\/www.facebook.com\/wirmachenauf","https:\/\/x.com\/WirMachenAuf_de"]},{"@type":"Person","@id":"https:\/\/now-news.de\/de\/#\/schema\/person\/fb534a4e865501d8b3285208df34a9b5","name":"rtnews","image":{"@type":"ImageObject","inLanguage":"de","@id":"https:\/\/now-news.de\/de\/#\/schema\/person\/image\/","url":"https:\/\/secure.gravatar.com\/avatar\/82aafea7d8127119dd649515f56e2117?s=96&d=mm&r=g","contentUrl":"https:\/\/secure.gravatar.com\/avatar\/82aafea7d8127119dd649515f56e2117?s=96&d=mm&r=g","caption":"rtnews"},"url":"https:\/\/now-news.de\/de\/author\/rnews\/"}]}},"_links":{"self":[{"href":"https:\/\/now-news.de\/de\/wp-json\/wp\/v2\/posts\/74118"}],"collection":[{"href":"https:\/\/now-news.de\/de\/wp-json\/wp\/v2\/posts"}],"about":[{"href":"https:\/\/now-news.de\/de\/wp-json\/wp\/v2\/types\/post"}],"author":[{"embeddable":true,"href":"https:\/\/now-news.de\/de\/wp-json\/wp\/v2\/users\/3"}],"replies":[{"embeddable":true,"href":"https:\/\/now-news.de\/de\/wp-json\/wp\/v2\/comments?post=74118"}],"version-history":[{"count":0,"href":"https:\/\/now-news.de\/de\/wp-json\/wp\/v2\/posts\/74118\/revisions"}],"wp:featuredmedia":[{"embeddable":true,"href":"https:\/\/now-news.de\/de\/wp-json\/wp\/v2\/media\/74119"}],"wp:attachment":[{"href":"https:\/\/now-news.de\/de\/wp-json\/wp\/v2\/media?parent=74118"}],"wp:term":[{"taxonomy":"category","embeddable":true,"href":"https:\/\/now-news.de\/de\/wp-json\/wp\/v2\/categories?post=74118"},{"taxonomy":"post_tag","embeddable":true,"href":"https:\/\/now-news.de\/de\/wp-json\/wp\/v2\/tags?post=74118"}],"curies":[{"name":"wp","href":"https:\/\/api.w.org\/{rel}","templated":true}]}}