{"id":74116,"date":"2024-12-09T12:52:28","date_gmt":"2024-12-09T10:52:28","guid":{"rendered":"https:\/\/now-news.de\/de\/deutschland\/erdogan-gibt-nur-noch-zwei-fuehrer-in-der-welt-mich-und-putin\/"},"modified":"2024-12-09T12:52:28","modified_gmt":"2024-12-09T10:52:28","slug":"erdogan-gibt-nur-noch-zwei-fuehrer-in-der-welt-mich-und-putin","status":"publish","type":"post","link":"https:\/\/now-news.de\/de\/deutschland\/erdogan-gibt-nur-noch-zwei-fuehrer-in-der-welt-mich-und-putin\/","title":{"rendered":"Erdo\u011fan: &quot;Gibt nur noch zwei F\u00fchrer in der Welt \u2013 mich und Putin&quot;"},"content":{"rendered":"<p><img decoding=\"async\" src=\"https:\/\/now-news.de\/de\/wp-content\/uploads\/sites\/3\/2024\/12\/6756c53748fbef7d0e3fc9ac.jpg\" \/><\/p>\n<div class=\"Text-root Text-type_1 \">\n                Es gibt es nur noch zwei F\u00fchrer auf der Welt, ihn selbst und Wladimir Putin. Das erkl\u00e4rte der t\u00fcrkische Pr\u00e4sident  Recep Tayyip Erdo\u011fan in einem Gespr\u00e4ch mit Jugendlichen am Sonntag. Auch zu Deutschland hatte Erdo\u011fan Bemerkenswertes zu sagen.\n            <\/div>\n<p><\/p>\n<div class=\"Text-root Text-type_5 ArticleView-text ViewText-root \">\n<p>Der t\u00fcrkische Pr\u00e4sident Recep Tayyip Erdo\u011fan\u00a0hat erkl\u00e4rt, dass es in der Welt nur noch zwei F\u00fchrer gebe: ihn selbst und den russischen Pr\u00e4sidenten. Nur wenige Stunden nach dem\u00a0Sturz des syrischen Pr\u00e4sidenten Baschar al-Assad\u00a0sagte Erdo\u011fan\u00a0bei einem Jugendforum in Gaziantep im S\u00fcdosten der T\u00fcrkei am Sonntag, es sei \u00e4u\u00dferst wichtig,\u00a0einen Mechanismus f\u00fcr den Dialog mit ausl\u00e4ndischen Staatschefs\u00a0aufrechtzuerhalten:<\/p>\n<p><em>&#8220;Jetzt gibt es nur noch zwei\u00a0F\u00fchrer auf der Welt: mich und Wladimir Putin. Und ich sage das nicht, weil es um mich geht, sondern einfach, weil ich eine Tatsache feststelle. Immerhin arbeite ich seit 22 Jahren, und Herr Putin hatte fast genauso viel Arbeit. Alle anderen wurden, so k\u00f6nnte man sagen, ausgeschaltet. Der Prozess geht weiter. Ich hoffe, dass wir diese Beziehungen im Rahmen des Dialogs weiter ausbauen werden.&#8221;<\/em><\/p>\n<p>Erdo\u011fan ging auch auf Deutschland ein, wo die Politik mit dem Abgang von Angela Merkel einfach &#8220;geendet&#8221; habe:<\/p>\n<p><em>&#8220;Merkel hatte ihre eigene Rolle in der deutschen Politik. Aber nach ihrem Weggang endete die Politik in Deutschland einfach \u2013 das ist sehr merkw\u00fcrdig.&#8221;<\/em><\/p>\n<p>Der Pr\u00e4sident lobte in diesem Zusammenhang Merkels Vorg\u00e4nger Gerhard Schr\u00f6der, und das beinahe \u00fcberschw\u00e4nglich:<\/p>\n<p><em>&#8220;Von den deutschen Regierungschefs habe ich besonderen Respekt vor Schr\u00f6der. Er hatte eine ganz andere Einstellung uns gegen\u00fcber, und er war in der Tat ein starker Anf\u00fchrer. Unsere Beziehung zu ihm war etwas ganz Besonderes. Zum Beispiel trank er w\u00e4hrend des Ramadan, als er an meinem Tisch sa\u00df, nie Bier. Er war ein Mann mit gro\u00dfem Respekt vor unserer Kultur, ein ganz besonderer Mensch.&#8221;<\/em><\/p>\n<div class=\"EmbedBlock-root EmbedBlock-twitter\">\n<div class=\"TwitterEmbed\">\n<blockquote class=\"twitter-tweet lazyload\" data-twitter=\"twitter-tweet\">\n<p lang=\"en\" dir=\"ltr\">\ud83c\udde9\ud83c\uddea\ud83c\uddf7\ud83c\uddfa\ud83c\uddf9\ud83c\uddf7 ERDOGAN: There are only two people left among the leaders in the world. Me and Putin. \u2026The last strong politician in Germany was Schroeder, I wish politicians like him for Turkey\u201d <a rel=\"nofollow noopener\" target=\"_blank\" href=\"https:\/\/t.co\/o8TlqVx1qY\">pic.twitter.com\/o8TlqVx1qY<\/a><\/p>\n<p>\u2014 Lord Bebo (@MyLordBebo) <a rel=\"nofollow noopener\" target=\"_blank\" href=\"https:\/\/twitter.com\/MyLordBebo\/status\/1865862484135223527?ref_src=twsrc%5Etfw\">December 8, 2024<\/a><\/p><\/blockquote>\n<\/div>\n<\/div>\n<p>Auch jetzt noch sei er im Dialog mit Schr\u00f6der, der\u00a0von Zeit zu Zeit in die T\u00fcrkei komme. Er w\u00fcrde sich\u00a0Politiker wie Schr\u00f6der in der t\u00fcrkischen Politik w\u00fcnschen.\u00a0Erdo\u011fan erkl\u00e4rte auch, dass die n\u00e4chsten zwei bis drei Monate von gro\u00dfer Bedeutung f\u00fcr die Welt und f\u00fcr die T\u00fcrkei seien.<\/p>\n<p><strong>Mehr zum Thema<\/strong> &#8211;\u00a0<a rel=\"nofollow noopener\" target=\"_blank\" href=\"https:\/\/freedert.online\/der-nahe-osten\/228673-erdogan-wuenscht-terroristen-in-syrien\/\">Erdo\u011fan w\u00fcnscht den Terroristen in Syrien alles Gute beim Vormarsch auf Damaskus<\/a><\/p>\n<div class=\"EmbedBlock-root EmbedBlock-externalVideo EmbedBlock-rumble\">\n<div class=\"VkEmbed\"><iframe class=\"lazyload\" data-src=\"https:\/\/rumble.com\/embed\/v5g0hvl\" frameborder=\"0\" width=\"853\" height=\"480\" allowfullscreen><\/iframe><\/div>\n<\/div>\n<\/div>\n<p><script async src=\"https:\/\/platform.twitter.com\/widgets.js\" charset=\"utf-8\"><\/script><br \/>\n<br \/><br \/>\n<br \/><a href=\"https:\/\/de.rt.com\/international\/228874-erdogan-gibt-nur-noch-zwei\/\">Source link <\/a><\/p>\n","protected":false},"excerpt":{"rendered":"<p>Es gibt es nur noch zwei F\u00fchrer auf der Welt, ihn selbst und Wladimir Putin. Das erkl\u00e4rte der t\u00fcrkische Pr\u00e4sident Recep Tayyip Erdo\u011fan in einem Gespr\u00e4ch mit Jugendlichen am Sonntag. Auch zu Deutschland hatte Erdo\u011fan Bemerkenswertes zu sagen. Der t\u00fcrkische Pr\u00e4sident Recep Tayyip Erdo\u011fan\u00a0hat erkl\u00e4rt, dass es in der Welt nur noch zwei F\u00fchrer gebe: [&hellip;]<\/p>\n","protected":false},"author":3,"featured_media":74117,"comment_status":"open","ping_status":"open","sticky":false,"template":"","format":"standard","meta":{"_yoast_indexnow_last_ping":["1733742159"],"wp_automatic_camp":["217"],"7a5002c59599f8d9c97299bdfc458595":["Erdo\u011fan: &quot;Gibt nur noch zwei F\u00fchrer in der Welt \u2013 mich und Putin&quot;"],"original_link":["https:\/\/de.rt.com\/international\/228874-erdogan-gibt-nur-noch-zwei\/"],"_thumbnail_id":["74117"],"_wptgpro_p2tg_sent2tg":["a:1:{i:23737;s:19:\"2024-12-09 13:05:21\";}"],"jnews_social_counter_last_update":["1777606562"]},"categories":[19,23],"tags":[82,13697,4532,3568,1674,4230,22883,60877,140,778,1003],"yoast_head":"<!-- This site is optimized with the Yoast SEO Premium plugin v22.7 (Yoast SEO v22.7) - https:\/\/yoast.com\/wordpress\/plugins\/seo\/ -->\n<title>Erdo\u011fan: &quot;Gibt nur noch zwei F\u00fchrer in der Welt \u2013 mich und Putin&quot; - just-now.NEWS Deutschland<\/title>\n<meta name=\"robots\" content=\"index, follow, max-snippet:-1, max-image-preview:large, max-video-preview:-1\" \/>\n<link rel=\"canonical\" href=\"https:\/\/now-news.de\/de\/deutschland\/erdogan-gibt-nur-noch-zwei-fuehrer-in-der-welt-mich-und-putin\/\" \/>\n<meta property=\"og:locale\" content=\"de_DE\" \/>\n<meta property=\"og:type\" content=\"article\" \/>\n<meta property=\"og:title\" content=\"Erdo\u011fan: &quot;Gibt nur noch zwei F\u00fchrer in der Welt \u2013 mich und Putin&quot;\" \/>\n<meta property=\"og:description\" content=\"Es gibt es nur noch zwei F\u00fchrer auf der Welt, ihn selbst und Wladimir Putin. Das erkl\u00e4rte der t\u00fcrkische Pr\u00e4sident Recep Tayyip Erdo\u011fan in einem Gespr\u00e4ch mit Jugendlichen am Sonntag. Auch zu Deutschland hatte Erdo\u011fan Bemerkenswertes zu sagen. Der t\u00fcrkische Pr\u00e4sident Recep Tayyip Erdo\u011fan\u00a0hat erkl\u00e4rt, dass es in der Welt nur noch zwei F\u00fchrer gebe: [&hellip;]\" \/>\n<meta property=\"og:url\" content=\"https:\/\/now-news.de\/de\/deutschland\/erdogan-gibt-nur-noch-zwei-fuehrer-in-der-welt-mich-und-putin\/\" \/>\n<meta property=\"og:site_name\" content=\"just-now.NEWS Deutschland\" \/>\n<meta property=\"article:publisher\" content=\"https:\/\/www.facebook.com\/wirmachenauf\" \/>\n<meta property=\"article:published_time\" content=\"2024-12-09T10:52:28+00:00\" \/>\n<meta property=\"og:image\" content=\"https:\/\/now-news.de\/de\/wp-content\/uploads\/sites\/3\/2024\/12\/6756c53748fbef7d0e3fc9ac.jpg\" \/>\n<meta name=\"author\" content=\"rtnews\" \/>\n<meta name=\"twitter:card\" content=\"summary_large_image\" \/>\n<meta name=\"twitter:creator\" content=\"@WirMachenAuf_de\" \/>\n<meta name=\"twitter:site\" content=\"@WirMachenAuf_de\" \/>\n<meta name=\"twitter:label1\" content=\"Verfasst von\" \/>\n\t<meta name=\"twitter:data1\" content=\"rtnews\" \/>\n\t<meta name=\"twitter:label2\" content=\"Gesch\u00e4tzte Lesezeit\" \/>\n\t<meta name=\"twitter:data2\" content=\"2\u00a0Minuten\" \/>\n<script type=\"application\/ld+json\" class=\"yoast-schema-graph\">{\"@context\":\"https:\/\/schema.org\",\"@graph\":[{\"@type\":\"Article\",\"@id\":\"https:\/\/now-news.de\/de\/deutschland\/erdogan-gibt-nur-noch-zwei-fuehrer-in-der-welt-mich-und-putin\/#article\",\"isPartOf\":{\"@id\":\"https:\/\/now-news.de\/de\/deutschland\/erdogan-gibt-nur-noch-zwei-fuehrer-in-der-welt-mich-und-putin\/\"},\"author\":{\"name\":\"rtnews\",\"@id\":\"https:\/\/now-news.de\/de\/#\/schema\/person\/fb534a4e865501d8b3285208df34a9b5\"},\"headline\":\"Erdo\u011fan: &quot;Gibt nur noch zwei F\u00fchrer in der Welt \u2013 mich und Putin&quot;\",\"datePublished\":\"2024-12-09T10:52:28+00:00\",\"dateModified\":\"2024-12-09T10:52:28+00:00\",\"mainEntityOfPage\":{\"@id\":\"https:\/\/now-news.de\/de\/deutschland\/erdogan-gibt-nur-noch-zwei-fuehrer-in-der-welt-mich-und-putin\/\"},\"wordCount\":461,\"commentCount\":0,\"publisher\":{\"@id\":\"https:\/\/now-news.de\/de\/#organization\"},\"image\":{\"@id\":\"https:\/\/now-news.de\/de\/deutschland\/erdogan-gibt-nur-noch-zwei-fuehrer-in-der-welt-mich-und-putin\/#primaryimage\"},\"thumbnailUrl\":\"https:\/\/now-news.de\/de\/wp-content\/uploads\/sites\/3\/2024\/12\/Erdogan-quotGibt-nur-noch-zwei-Fuehrer-in-der-Welt-\u2013.jpg\",\"keywords\":[\"der\",\"Erdo\u011fan\",\"F\u00fchrer\",\"mich\",\"noch\",\"NUR\",\"Putinquot\",\"quotGibt\",\"und\",\"Welt\",\"zwei\"],\"articleSection\":[\"Deutschland\",\"Russland\"],\"inLanguage\":\"de\",\"potentialAction\":[{\"@type\":\"CommentAction\",\"name\":\"Comment\",\"target\":[\"https:\/\/now-news.de\/de\/deutschland\/erdogan-gibt-nur-noch-zwei-fuehrer-in-der-welt-mich-und-putin\/#respond\"]}]},{\"@type\":\"WebPage\",\"@id\":\"https:\/\/now-news.de\/de\/deutschland\/erdogan-gibt-nur-noch-zwei-fuehrer-in-der-welt-mich-und-putin\/\",\"url\":\"https:\/\/now-news.de\/de\/deutschland\/erdogan-gibt-nur-noch-zwei-fuehrer-in-der-welt-mich-und-putin\/\",\"name\":\"Erdo\u011fan: &quot;Gibt nur noch zwei F\u00fchrer in der Welt \u2013 mich und Putin&quot; - just-now.NEWS Deutschland\",\"isPartOf\":{\"@id\":\"https:\/\/now-news.de\/de\/#website\"},\"primaryImageOfPage\":{\"@id\":\"https:\/\/now-news.de\/de\/deutschland\/erdogan-gibt-nur-noch-zwei-fuehrer-in-der-welt-mich-und-putin\/#primaryimage\"},\"image\":{\"@id\":\"https:\/\/now-news.de\/de\/deutschland\/erdogan-gibt-nur-noch-zwei-fuehrer-in-der-welt-mich-und-putin\/#primaryimage\"},\"thumbnailUrl\":\"https:\/\/now-news.de\/de\/wp-content\/uploads\/sites\/3\/2024\/12\/Erdogan-quotGibt-nur-noch-zwei-Fuehrer-in-der-Welt-\u2013.jpg\",\"datePublished\":\"2024-12-09T10:52:28+00:00\",\"dateModified\":\"2024-12-09T10:52:28+00:00\",\"breadcrumb\":{\"@id\":\"https:\/\/now-news.de\/de\/deutschland\/erdogan-gibt-nur-noch-zwei-fuehrer-in-der-welt-mich-und-putin\/#breadcrumb\"},\"inLanguage\":\"de\",\"potentialAction\":[{\"@type\":\"ReadAction\",\"target\":[\"https:\/\/now-news.de\/de\/deutschland\/erdogan-gibt-nur-noch-zwei-fuehrer-in-der-welt-mich-und-putin\/\"]}]},{\"@type\":\"ImageObject\",\"inLanguage\":\"de\",\"@id\":\"https:\/\/now-news.de\/de\/deutschland\/erdogan-gibt-nur-noch-zwei-fuehrer-in-der-welt-mich-und-putin\/#primaryimage\",\"url\":\"https:\/\/now-news.de\/de\/wp-content\/uploads\/sites\/3\/2024\/12\/Erdogan-quotGibt-nur-noch-zwei-Fuehrer-in-der-Welt-\u2013.jpg\",\"contentUrl\":\"https:\/\/now-news.de\/de\/wp-content\/uploads\/sites\/3\/2024\/12\/Erdogan-quotGibt-nur-noch-zwei-Fuehrer-in-der-Welt-\u2013.jpg\",\"width\":460,\"height\":259,\"caption\":\"Erdo\u011fan: &quot;Gibt nur noch zwei F\u00fchrer in der Welt \u2013 mich und Putin&quot;\"},{\"@type\":\"BreadcrumbList\",\"@id\":\"https:\/\/now-news.de\/de\/deutschland\/erdogan-gibt-nur-noch-zwei-fuehrer-in-der-welt-mich-und-putin\/#breadcrumb\",\"itemListElement\":[{\"@type\":\"ListItem\",\"position\":1,\"name\":\"Home\",\"item\":\"https:\/\/now-news.de\/de\/\"},{\"@type\":\"ListItem\",\"position\":2,\"name\":\"Erdo\u011fan: &quot;Gibt nur noch zwei F\u00fchrer in der Welt \u2013 mich und Putin&quot;\"}]},{\"@type\":\"WebSite\",\"@id\":\"https:\/\/now-news.de\/de\/#website\",\"url\":\"https:\/\/now-news.de\/de\/\",\"name\":\"just-now.NEWS Deutschland\",\"description\":\"Das Portal f\u00fcr unzensierte Nachrichten aus der Welt\",\"publisher\":{\"@id\":\"https:\/\/now-news.de\/de\/#organization\"},\"potentialAction\":[{\"@type\":\"SearchAction\",\"target\":{\"@type\":\"EntryPoint\",\"urlTemplate\":\"https:\/\/now-news.de\/de\/?s={search_term_string}\"},\"query-input\":\"required name=search_term_string\"}],\"inLanguage\":\"de\"},{\"@type\":\"Organization\",\"@id\":\"https:\/\/now-news.de\/de\/#organization\",\"name\":\"Just Now News\",\"url\":\"https:\/\/now-news.de\/de\/\",\"logo\":{\"@type\":\"ImageObject\",\"inLanguage\":\"de\",\"@id\":\"https:\/\/now-news.de\/de\/#\/schema\/logo\/image\/\",\"url\":\"http:\/\/just-now.news\/de\/wp-content\/uploads\/sites\/3\/2022\/04\/logo500x500.jpg\",\"contentUrl\":\"http:\/\/just-now.news\/de\/wp-content\/uploads\/sites\/3\/2022\/04\/logo500x500.jpg\",\"width\":500,\"height\":500,\"caption\":\"Just Now News\"},\"image\":{\"@id\":\"https:\/\/now-news.de\/de\/#\/schema\/logo\/image\/\"},\"sameAs\":[\"https:\/\/www.facebook.com\/wirmachenauf\",\"https:\/\/x.com\/WirMachenAuf_de\"]},{\"@type\":\"Person\",\"@id\":\"https:\/\/now-news.de\/de\/#\/schema\/person\/fb534a4e865501d8b3285208df34a9b5\",\"name\":\"rtnews\",\"image\":{\"@type\":\"ImageObject\",\"inLanguage\":\"de\",\"@id\":\"https:\/\/now-news.de\/de\/#\/schema\/person\/image\/\",\"url\":\"https:\/\/secure.gravatar.com\/avatar\/82aafea7d8127119dd649515f56e2117?s=96&d=mm&r=g\",\"contentUrl\":\"https:\/\/secure.gravatar.com\/avatar\/82aafea7d8127119dd649515f56e2117?s=96&d=mm&r=g\",\"caption\":\"rtnews\"},\"url\":\"https:\/\/now-news.de\/de\/author\/rnews\/\"}]}<\/script>\n<!-- \/ Yoast SEO Premium plugin. -->","yoast_head_json":{"title":"Erdo\u011fan: &quot;Gibt nur noch zwei F\u00fchrer in der Welt \u2013 mich und Putin&quot; - just-now.NEWS Deutschland","robots":{"index":"index","follow":"follow","max-snippet":"max-snippet:-1","max-image-preview":"max-image-preview:large","max-video-preview":"max-video-preview:-1"},"canonical":"https:\/\/now-news.de\/de\/deutschland\/erdogan-gibt-nur-noch-zwei-fuehrer-in-der-welt-mich-und-putin\/","og_locale":"de_DE","og_type":"article","og_title":"Erdo\u011fan: &quot;Gibt nur noch zwei F\u00fchrer in der Welt \u2013 mich und Putin&quot;","og_description":"Es gibt es nur noch zwei F\u00fchrer auf der Welt, ihn selbst und Wladimir Putin. Das erkl\u00e4rte der t\u00fcrkische Pr\u00e4sident Recep Tayyip Erdo\u011fan in einem Gespr\u00e4ch mit Jugendlichen am Sonntag. Auch zu Deutschland hatte Erdo\u011fan Bemerkenswertes zu sagen. Der t\u00fcrkische Pr\u00e4sident Recep Tayyip Erdo\u011fan\u00a0hat erkl\u00e4rt, dass es in der Welt nur noch zwei F\u00fchrer gebe: [&hellip;]","og_url":"https:\/\/now-news.de\/de\/deutschland\/erdogan-gibt-nur-noch-zwei-fuehrer-in-der-welt-mich-und-putin\/","og_site_name":"just-now.NEWS Deutschland","article_publisher":"https:\/\/www.facebook.com\/wirmachenauf","article_published_time":"2024-12-09T10:52:28+00:00","og_image":[{"url":"https:\/\/now-news.de\/de\/wp-content\/uploads\/sites\/3\/2024\/12\/6756c53748fbef7d0e3fc9ac.jpg"}],"author":"rtnews","twitter_card":"summary_large_image","twitter_creator":"@WirMachenAuf_de","twitter_site":"@WirMachenAuf_de","twitter_misc":{"Verfasst von":"rtnews","Gesch\u00e4tzte Lesezeit":"2\u00a0Minuten"},"schema":{"@context":"https:\/\/schema.org","@graph":[{"@type":"Article","@id":"https:\/\/now-news.de\/de\/deutschland\/erdogan-gibt-nur-noch-zwei-fuehrer-in-der-welt-mich-und-putin\/#article","isPartOf":{"@id":"https:\/\/now-news.de\/de\/deutschland\/erdogan-gibt-nur-noch-zwei-fuehrer-in-der-welt-mich-und-putin\/"},"author":{"name":"rtnews","@id":"https:\/\/now-news.de\/de\/#\/schema\/person\/fb534a4e865501d8b3285208df34a9b5"},"headline":"Erdo\u011fan: &quot;Gibt nur noch zwei F\u00fchrer in der Welt \u2013 mich und Putin&quot;","datePublished":"2024-12-09T10:52:28+00:00","dateModified":"2024-12-09T10:52:28+00:00","mainEntityOfPage":{"@id":"https:\/\/now-news.de\/de\/deutschland\/erdogan-gibt-nur-noch-zwei-fuehrer-in-der-welt-mich-und-putin\/"},"wordCount":461,"commentCount":0,"publisher":{"@id":"https:\/\/now-news.de\/de\/#organization"},"image":{"@id":"https:\/\/now-news.de\/de\/deutschland\/erdogan-gibt-nur-noch-zwei-fuehrer-in-der-welt-mich-und-putin\/#primaryimage"},"thumbnailUrl":"https:\/\/now-news.de\/de\/wp-content\/uploads\/sites\/3\/2024\/12\/Erdogan-quotGibt-nur-noch-zwei-Fuehrer-in-der-Welt-\u2013.jpg","keywords":["der","Erdo\u011fan","F\u00fchrer","mich","noch","NUR","Putinquot","quotGibt","und","Welt","zwei"],"articleSection":["Deutschland","Russland"],"inLanguage":"de","potentialAction":[{"@type":"CommentAction","name":"Comment","target":["https:\/\/now-news.de\/de\/deutschland\/erdogan-gibt-nur-noch-zwei-fuehrer-in-der-welt-mich-und-putin\/#respond"]}]},{"@type":"WebPage","@id":"https:\/\/now-news.de\/de\/deutschland\/erdogan-gibt-nur-noch-zwei-fuehrer-in-der-welt-mich-und-putin\/","url":"https:\/\/now-news.de\/de\/deutschland\/erdogan-gibt-nur-noch-zwei-fuehrer-in-der-welt-mich-und-putin\/","name":"Erdo\u011fan: &quot;Gibt nur noch zwei F\u00fchrer in der Welt \u2013 mich und Putin&quot; - just-now.NEWS Deutschland","isPartOf":{"@id":"https:\/\/now-news.de\/de\/#website"},"primaryImageOfPage":{"@id":"https:\/\/now-news.de\/de\/deutschland\/erdogan-gibt-nur-noch-zwei-fuehrer-in-der-welt-mich-und-putin\/#primaryimage"},"image":{"@id":"https:\/\/now-news.de\/de\/deutschland\/erdogan-gibt-nur-noch-zwei-fuehrer-in-der-welt-mich-und-putin\/#primaryimage"},"thumbnailUrl":"https:\/\/now-news.de\/de\/wp-content\/uploads\/sites\/3\/2024\/12\/Erdogan-quotGibt-nur-noch-zwei-Fuehrer-in-der-Welt-\u2013.jpg","datePublished":"2024-12-09T10:52:28+00:00","dateModified":"2024-12-09T10:52:28+00:00","breadcrumb":{"@id":"https:\/\/now-news.de\/de\/deutschland\/erdogan-gibt-nur-noch-zwei-fuehrer-in-der-welt-mich-und-putin\/#breadcrumb"},"inLanguage":"de","potentialAction":[{"@type":"ReadAction","target":["https:\/\/now-news.de\/de\/deutschland\/erdogan-gibt-nur-noch-zwei-fuehrer-in-der-welt-mich-und-putin\/"]}]},{"@type":"ImageObject","inLanguage":"de","@id":"https:\/\/now-news.de\/de\/deutschland\/erdogan-gibt-nur-noch-zwei-fuehrer-in-der-welt-mich-und-putin\/#primaryimage","url":"https:\/\/now-news.de\/de\/wp-content\/uploads\/sites\/3\/2024\/12\/Erdogan-quotGibt-nur-noch-zwei-Fuehrer-in-der-Welt-\u2013.jpg","contentUrl":"https:\/\/now-news.de\/de\/wp-content\/uploads\/sites\/3\/2024\/12\/Erdogan-quotGibt-nur-noch-zwei-Fuehrer-in-der-Welt-\u2013.jpg","width":460,"height":259,"caption":"Erdo\u011fan: &quot;Gibt nur noch zwei F\u00fchrer in der Welt \u2013 mich und Putin&quot;"},{"@type":"BreadcrumbList","@id":"https:\/\/now-news.de\/de\/deutschland\/erdogan-gibt-nur-noch-zwei-fuehrer-in-der-welt-mich-und-putin\/#breadcrumb","itemListElement":[{"@type":"ListItem","position":1,"name":"Home","item":"https:\/\/now-news.de\/de\/"},{"@type":"ListItem","position":2,"name":"Erdo\u011fan: &quot;Gibt nur noch zwei F\u00fchrer in der Welt \u2013 mich und Putin&quot;"}]},{"@type":"WebSite","@id":"https:\/\/now-news.de\/de\/#website","url":"https:\/\/now-news.de\/de\/","name":"just-now.NEWS Deutschland","description":"Das Portal f\u00fcr unzensierte Nachrichten aus der Welt","publisher":{"@id":"https:\/\/now-news.de\/de\/#organization"},"potentialAction":[{"@type":"SearchAction","target":{"@type":"EntryPoint","urlTemplate":"https:\/\/now-news.de\/de\/?s={search_term_string}"},"query-input":"required name=search_term_string"}],"inLanguage":"de"},{"@type":"Organization","@id":"https:\/\/now-news.de\/de\/#organization","name":"Just Now News","url":"https:\/\/now-news.de\/de\/","logo":{"@type":"ImageObject","inLanguage":"de","@id":"https:\/\/now-news.de\/de\/#\/schema\/logo\/image\/","url":"http:\/\/just-now.news\/de\/wp-content\/uploads\/sites\/3\/2022\/04\/logo500x500.jpg","contentUrl":"http:\/\/just-now.news\/de\/wp-content\/uploads\/sites\/3\/2022\/04\/logo500x500.jpg","width":500,"height":500,"caption":"Just Now News"},"image":{"@id":"https:\/\/now-news.de\/de\/#\/schema\/logo\/image\/"},"sameAs":["https:\/\/www.facebook.com\/wirmachenauf","https:\/\/x.com\/WirMachenAuf_de"]},{"@type":"Person","@id":"https:\/\/now-news.de\/de\/#\/schema\/person\/fb534a4e865501d8b3285208df34a9b5","name":"rtnews","image":{"@type":"ImageObject","inLanguage":"de","@id":"https:\/\/now-news.de\/de\/#\/schema\/person\/image\/","url":"https:\/\/secure.gravatar.com\/avatar\/82aafea7d8127119dd649515f56e2117?s=96&d=mm&r=g","contentUrl":"https:\/\/secure.gravatar.com\/avatar\/82aafea7d8127119dd649515f56e2117?s=96&d=mm&r=g","caption":"rtnews"},"url":"https:\/\/now-news.de\/de\/author\/rnews\/"}]}},"_links":{"self":[{"href":"https:\/\/now-news.de\/de\/wp-json\/wp\/v2\/posts\/74116"}],"collection":[{"href":"https:\/\/now-news.de\/de\/wp-json\/wp\/v2\/posts"}],"about":[{"href":"https:\/\/now-news.de\/de\/wp-json\/wp\/v2\/types\/post"}],"author":[{"embeddable":true,"href":"https:\/\/now-news.de\/de\/wp-json\/wp\/v2\/users\/3"}],"replies":[{"embeddable":true,"href":"https:\/\/now-news.de\/de\/wp-json\/wp\/v2\/comments?post=74116"}],"version-history":[{"count":0,"href":"https:\/\/now-news.de\/de\/wp-json\/wp\/v2\/posts\/74116\/revisions"}],"wp:featuredmedia":[{"embeddable":true,"href":"https:\/\/now-news.de\/de\/wp-json\/wp\/v2\/media\/74117"}],"wp:attachment":[{"href":"https:\/\/now-news.de\/de\/wp-json\/wp\/v2\/media?parent=74116"}],"wp:term":[{"taxonomy":"category","embeddable":true,"href":"https:\/\/now-news.de\/de\/wp-json\/wp\/v2\/categories?post=74116"},{"taxonomy":"post_tag","embeddable":true,"href":"https:\/\/now-news.de\/de\/wp-json\/wp\/v2\/tags?post=74116"}],"curies":[{"name":"wp","href":"https:\/\/api.w.org\/{rel}","templated":true}]}}