{"id":74114,"date":"2024-12-09T12:02:09","date_gmt":"2024-12-09T10:02:09","guid":{"rendered":"https:\/\/now-news.de\/de\/deutschland\/us-rapper-jay-z-zusammen-mit-sean-diddy-combs-in-klageschrift-wegen-sexueller-noetigung-genannt\/"},"modified":"2024-12-09T12:02:09","modified_gmt":"2024-12-09T10:02:09","slug":"us-rapper-jay-z-zusammen-mit-sean-diddy-combs-in-klageschrift-wegen-sexueller-noetigung-genannt","status":"publish","type":"post","link":"https:\/\/now-news.de\/de\/deutschland\/us-rapper-jay-z-zusammen-mit-sean-diddy-combs-in-klageschrift-wegen-sexueller-noetigung-genannt\/","title":{"rendered":"US-Rapper Jay-Z zusammen mit Sean &#039;Diddy&#039; Combs in Klageschrift wegen sexueller N\u00f6tigung genannt"},"content":{"rendered":"<p><img decoding=\"async\" src=\"https:\/\/now-news.de\/de\/wp-content\/uploads\/sites\/3\/2024\/12\/67569e0db480cc290a13d7ce.jpg\" \/><\/p>\n<div class=\"Text-root Text-type_1 \">\n                Der US-Musiker Jay-Z wird in einer Klage massiv beschuldigt, zusammen mit dem bereits inhaftierten Sean Combs im Jahr 2000 ein 13-j\u00e4hriges M\u00e4dchen vergewaltigt zu haben. Der Rap-Star bestritt umgehend die Anschuldigung und unterstellt dem Anwalt der Kl\u00e4gerin Erpressung.\n            <\/div>\n<p><\/p>\n<div class=\"Text-root Text-type_5 ArticleView-text ViewText-root \">\n<p>Der US-Rap-Million\u00e4r Shawn Carter,\u00a0besser bekannt unter seinem K\u00fcnstlernamen Jay-Z, wird laut US-Medien seit Sonntag in einer Zivilklage massiv beschuldigt, im Jahr 2000 zusammen mit dem bereits inhaftierten Sean &#8216;Diddy&#8217; Combs ein 13-j\u00e4hriges M\u00e4dchen vergewaltigt zu haben. Die Klage, die erstmals im Oktober dieses Jahres eingereicht wurde, hatte laut den Berichten urspr\u00fcnglich nur Combs als Beklagten aufgef\u00fchrt. Inzwischen wurde sie neu eingereicht, um auch Carters Namen zu nennen. Der Beschuldigte nennt die Vorw\u00fcrfe &#8220;idiotic&#8221; und spricht von einer Kampagne samt Erpressungsversuchen.<\/p>\n<p>Die detaillierte Anschuldigung stammt von einer anonymen sogenannten &#8220;Jane Doe&#8221;, die laut Anklageschrift behauptet, Combs und Carter zusammen h\u00e4tten das Opfer im Jahr 2000 vergewaltigt.<\/p>\n<p>Der Vorfall sei in Anwesenheit einer &#8220;prominenten Frau&#8221; geschehen, die stillschweigend zugesehen habe. Ob es sich dabei um die damalige Lebensgef\u00e4hrtin von &#8220;P. Diddy&#8221; aka Combs handelte\u00a0\u2013 Jennifer Lopez, auch als J-Lo bekannt\u00a0\u2013, wird in der Anklage nicht explizit genannt. Von 1999 bis 2001 waren Jennifer Lopez und Combs ein Paar.<\/p>\n<p>So hei\u00dft es <a rel=\"nofollow noopener\" target=\"_blank\" href=\"https:\/\/www.documentcloud.org\/documents\/25449342-diddy-lawsuit-naming-jay-z\/\">w\u00f6rtlich<\/a> in der Klageschrift:<\/p>\n<p><em>&#8220;Der Angeklagte Sean Combs (alias &#8216;P. Diddy&#8217;, alias &#8216;Puff Daddy&#8217;, alias &#8216;Diddy&#8217;, alias &#8216;PD&#8217; und alias &#8216;Love&#8217;) hat zusammen mit seinem langj\u00e4hrigen Freund und Mitarbeiter Shawn Carter (alias &#8216;Jay-Z&#8217;) ein dreizehnj\u00e4hriges M\u00e4dchen auf einer Afterparty nach den MTV Video Music Awards 2000 unter Drogen gesetzt und vergewaltigt. Ein anderer Prominenter sah dabei zu, wie Combs und Carter sich abwechselnd an der Kleinen vergriffen. Viele andere waren bei der Afterparty anwesend, unternahmen jedoch nichts, um den \u00dcbergriff zu verhindern.&#8221;<\/em><\/p>\n<div class=\"EmbedBlock-root EmbedBlock-twitter\">\n<div class=\"TwitterEmbed\">\n<blockquote class=\"twitter-tweet lazyload\" data-twitter=\"twitter-tweet\">\n<p lang=\"en\" dir=\"ltr\">Jay-Z accused of sexually assaulting a 13-year-old in a 2000 incident along with Sean &#8220;Diddy&#8221; Combs in an amended lawsuit. <a rel=\"nofollow noopener\" target=\"_blank\" href=\"https:\/\/t.co\/HRfBkLu6zE\">https:\/\/t.co\/HRfBkLu6zE<\/a><\/p>\n<p>\u2014 CNN Breaking News (@cnnbrk) <a rel=\"nofollow noopener\" target=\"_blank\" href=\"https:\/\/twitter.com\/cnnbrk\/status\/1865922386517803160?ref_src=twsrc%5Etfw\">December 9, 2024<\/a><\/p><\/blockquote>\n<\/div>\n<\/div>\n<p>Carter wiederum beschuldigt nach den massiven Vorw\u00fcrfen und der erweiterten Klageschrift mit seiner Namensnennung den Anwalt des ungenannten Opfers der L\u00fcge und Erpressung. In einem <em>CNN<\/em>&#8211;<a rel=\"nofollow noopener\" target=\"_blank\" href=\"https:\/\/edition.cnn.com\/2024\/12\/08\/entertainment\/jay-z-accused-13-year-old-sean-diddy-combs\/index.html?Date=20241209&amp;Profile=cnnbrk&amp;utm_content=1733705470&amp;utm_medium=social&amp;utm_source=twitter\">Artikel <\/a>hei\u00dft es zu der j\u00fcngsten Entwicklung in dem Missbrauchsskandal:<\/p>\n<p><em>&#8220;In einer an CNN gerichteten Erkl\u00e4rung bezeichnete Carter die Anschuldigungen als &#8216;so abscheulich, dass ich Sie inst\u00e4ndig bitte, eine Strafanzeige einzureichen, nicht eine Zivilklage! Wer ein solches Verbrechen an einem Minderj\u00e4hrigen begeht, sollte weggesperrt werden, finden Sie nicht auch?'&#8221;<\/em><\/p>\n<p>Das<em> Rolling Stone<\/em>-Magazin <a rel=\"nofollow noopener\" target=\"_blank\" href=\"https:\/\/www.rollingstone.com\/music\/music-news\/jay-z-sean-combs-accused-rape-1235197025\/\">berichtet<\/a> zu den Vorw\u00fcrfen und der Vorgeschichte bis zur unterstellten Vergewaltigung:<\/p>\n<p><em>&#8220;In der ge\u00e4nderten Klageschrift, die dem Rolling Stone vorliegt, hei\u00dft es, dass Doe sich von einem Freund in der N\u00e4he der Radio City Music Hall absetzen lie\u00df, damit sie versuchen konnte, die VMAs zu besuchen, aber sie hatte keine Eintrittskarte. Da sie die Show oder eine Afterparty besuchen wollte, habe sie sich an Limousinenfahrer gewandt und versucht, sich von ihnen Einlass zu verschaffen. Einer der Fahrer gab an, f\u00fcr Combs zu arbeiten und lud sie zu einer Afterparty ein.&#8221;<\/em><\/p>\n<p>Aktuell sitzt P. Diddy bereits in Haft. Ihm werden Menschenhandel, Drogenmissbrauch und sexuelle Gewalt vorgeworfen. Mehrere potenzielle Opfer haben sich bereits detailliert zu massiven sexuellen \u00dcbergriffen seitens Combs ge\u00e4u\u00dfert. Ende November wurde bekannt, dass der Beschuldigte auch weiterhin im Gef\u00e4ngnis bleiben muss. Ein zust\u00e4ndiger Richter wies einen erneuten Antrag auf Entlassung auf Kaution ab, dies bereits zum dritten Mal.<\/p>\n<p>Shawn Carters Anwalt reagierte demnach nicht auf die Bitte des <em>Rolling Stone<\/em> um einen Kommentar. In einer \u00f6ffentlichen Erkl\u00e4rung seitens &#8220;Jay-Z&#8221; beschuldigte dieser nun den Anwalt von &#8220;Jane Doe&#8221;, einen Tony Buzbee, &#8220;der Erpressung in Form eines Forderungsschreibens&#8221;. Carter erkl\u00e4rt in seinem Statement:<\/p>\n<p><em>&#8220;Er [Buzbee] hatte damit gerechnet, dass die Art dieser Anschuldigungen und die \u00f6ffentliche Aufmerksamkeit mich dazu bringen w\u00fcrden, einen Vergleich zu schlie\u00dfen. Nein, Sir, es hatte den gegenteiligen Effekt! Es hat mich dazu gebracht, Sie als den Betr\u00fcger zu entlarven, der Sie sind, und zwar auf sehr \u00f6ffentliche Weise.&#8221;<\/em><\/p>\n<div class=\"EmbedBlock-root EmbedBlock-twitter\">\n<div class=\"TwitterEmbed\">\n<blockquote class=\"twitter-tweet lazyload\" data-twitter=\"twitter-tweet\">\n<p lang=\"zxx\" dir=\"ltr\"><a rel=\"nofollow noopener\" target=\"_blank\" href=\"https:\/\/t.co\/jl8sgOllCM\">pic.twitter.com\/jl8sgOllCM<\/a><\/p>\n<p>\u2014 Roc Nation (@RocNation) <a rel=\"nofollow noopener\" target=\"_blank\" href=\"https:\/\/twitter.com\/RocNation\/status\/1865917852542247358?ref_src=twsrc%5Etfw\">December 9, 2024<\/a><\/p><\/blockquote>\n<\/div>\n<\/div>\n<p>Laut Carter <a rel=\"nofollow noopener\" target=\"_blank\" href=\"https:\/\/variety.com\/2024\/music\/news\/jay-z-named-with-sean-diddy-combs-sexual-assault-lawsuit-1236242857\/\">w\u00fcrden<\/a> nur Unterst\u00fctzer aus Buzbees &#8220;Netzwerk von Verschw\u00f6rungstheoretikern, falschen Physikern, diese idiotischen Behauptungen glauben, die Sie gegen mich aufgestellt haben und die nur l\u00e4cherlich w\u00e4ren, wenn es sich nicht um die ernsthafte Sch\u00e4digung\u00a0von Kindern handeln w\u00fcrde.&#8221;<\/p>\n<p>Anwalt Buzbee hatte im Oktober dieses Jahres mitgeteilt, rund 120 Personen mit Vorw\u00fcrfen gegen den Rapper Sean Combs zu vertreten. Die Kanzlei hat seitdem mehrere Zivilklagen von M\u00e4nnern und Frauen wegen sexueller \u00dcbergriffe eingereicht. Aktuell hei\u00dft es in einem X-Statment:<\/p>\n<p><em>&#8220;Herr Carter hat zuvor bestritten, derjenige zu sein, der mich und meine Kanzlei verklagt hat. Er reichte seine leichtfertige Klage unter einem Pseudonym ein. Was er in seiner j\u00fcngsten Erkl\u00e4rung verschweigt, ist, dass meine Kanzlei seinem Anwalt ein Forderungsschreiben im Namen eines ungenannten Opfers geschickt hat und dass dieses Opfer nie einen Penny von ihm gefordert hat.&#8221;<\/em><\/p>\n<div class=\"EmbedBlock-root EmbedBlock-twitter\">\n<div class=\"TwitterEmbed\">\n<blockquote class=\"twitter-tweet lazyload\" data-twitter=\"twitter-tweet\">\n<p lang=\"en\" dir=\"ltr\">Regarding the Jay Z case and his efforts to silence my clients: Mr. Carter previously denied being the one who sued me and my firm. He filed his frivolous case under a pseudonym. What he fails to say in his recent statement is my firm sent his lawyer a demand letter on behalf of\u2026<\/p>\n<p>\u2014 Tony Buzbee (@TonyBuzbee2) <a rel=\"nofollow noopener\" target=\"_blank\" href=\"https:\/\/twitter.com\/TonyBuzbee2\/status\/1865928354114814391?ref_src=twsrc%5Etfw\">December 9, 2024<\/a><\/p><\/blockquote>\n<\/div>\n<\/div>\n<p>In den sozialen Medien tauchen nun wiederum <a rel=\"nofollow noopener\" target=\"_blank\" href=\"https:\/\/www.threads.net\/@theratchetgentleman_\/post\/DDVwr7BxKh7\">Berichte<\/a> auf, Buzbee w\u00fcrde zudem behaupten, dass er und seine Familie &#8220;bel\u00e4stigt und &#8216;von mysteri\u00f6sen Personen verfolgt&#8217; werden&#8221; und dass Kollegen, Mitarbeiter\u00a0sowie Kunden &#8220;kontaktiert werden, um sie gegen ihn [Buzbee] aufzubringen.&#8221;\u00a0Der Anwalt schreibt in seinem X-Beitrag:<\/p>\n<p><em>&#8220;Seit ich das Schreiben in ihrem [Does] Namen versandt habe, hat Herr Carter mich nicht nur verklagt, sondern auch versucht, mich und die Kl\u00e4gerin zu schikanieren und zu bel\u00e4stigen.&#8221;<\/em><\/p>\n<p>&#8220;Jay-Z&#8221; ist seit dem Jahr 2008 mit der US-K\u00fcnstlerin Beyonc\u00e9 verheiratet, sie haben drei gemeinsame Kinder. Bereits seit den 1990ern sorgte Carter immer wieder f\u00fcr fragliche Schlagzeilen aufgrund seiner nachweislichen Vorliebe f\u00fcr junge Frauen.<\/p>\n<p>So traf er offiziell die US-S\u00e4ngerin Foxy Brown, als diese erst 15 Jahre alt war und er 23. Zudem den aufstrebenden R&#8217;n&#8217;B Jungstar Aaliyah (<a rel=\"nofollow noopener\" target=\"_blank\" href=\"https:\/\/www.spiegel.de\/kultur\/musik\/flugzeugabsturz-soul-saengerin-aaliyah-stirbt-auf-den-bahamas-a-152112.html\">t\u00f6dlich verungl\u00fcckt<\/a> bei einem Flugzeugabsturz im Jahr 2001), als diese 16 Jahre alt war und er 27. Seine Ehefrau Beyonc\u00e9 lernte er kennen, als sie 18 Jahre alt war und er 30.<\/p>\n<p>Der Rapper soll zudem eine enge Verbindung zu dem Musikerkollegen R. Kelly gehabt haben, der seit 2022 wegen Kinderpornografie in Haft sitzt. Beide ver\u00f6ffentlichten im Jahr 2002 das gemeinsame Album &#8220;The Best of Both Worlds&#8221;.<\/p>\n<p><strong>Mehr zum Thema &#8211;<\/strong>\u00a0<a rel=\"nofollow noopener\" target=\"_blank\" href=\"https:\/\/freedert.online\/nordamerika\/191902-korrupte-system-jeffrey-epstein-hervorbrachte\/\">Das korrupte System, das Jeffrey Epstein hervorbrachte, wird seinen Untergang \u00fcberleben <\/a><\/p>\n<div class=\"EmbedBlock-root EmbedBlock-externalVideo EmbedBlock-rumble\">\n<div class=\"VkEmbed\"><iframe class=\"lazyload\" data-src=\"https:\/\/rumble.com\/embed\/v5fufpd\" frameborder=\"0\" width=\"853\" height=\"480\" allowfullscreen><\/iframe><\/div>\n<\/div>\n<\/div>\n<p><script async src=\"https:\/\/platform.twitter.com\/widgets.js\" charset=\"utf-8\"><\/script><br \/>\n<br \/><br \/>\n<br \/><a href=\"https:\/\/de.rt.com\/nordamerika\/228865-us-rapper-jay-z-zusammen\/\">Source link <\/a><\/p>\n","protected":false},"excerpt":{"rendered":"<p>Der US-Musiker Jay-Z wird in einer Klage massiv beschuldigt, zusammen mit dem bereits inhaftierten Sean Combs im Jahr 2000 ein 13-j\u00e4hriges M\u00e4dchen vergewaltigt zu haben. Der Rap-Star bestritt umgehend die Anschuldigung und unterstellt dem Anwalt der Kl\u00e4gerin Erpressung. Der US-Rap-Million\u00e4r Shawn Carter,\u00a0besser bekannt unter seinem K\u00fcnstlernamen Jay-Z, wird laut US-Medien seit Sonntag in einer Zivilklage [&hellip;]<\/p>\n","protected":false},"author":3,"featured_media":74115,"comment_status":"open","ping_status":"open","sticky":false,"template":"","format":"standard","meta":{"_yoast_indexnow_last_ping":["1733739313"],"wp_automatic_camp":["217"],"ac094bb126dacbd7361e2380bbcffbfc":["US-Rapper Jay-Z zusammen mit Sean &#039;Diddy&#039; Combs in Klageschrift wegen sexueller N\u00f6tigung genannt"],"original_link":["https:\/\/de.rt.com\/nordamerika\/228865-us-rapper-jay-z-zusammen\/"],"_thumbnail_id":["74115"],"_wptgpro_p2tg_sent2tg":["a:1:{i:23737;s:19:\"2024-12-09 12:17:16\";}"],"jnews_social_counter_last_update":["1777601954"]},"categories":[19,23],"tags":[60874,60875,26602,60873,60876,419,5924,4122,19749,60872,145,6580],"yoast_head":"<!-- This site is optimized with the Yoast SEO Premium plugin v22.7 (Yoast SEO v22.7) - https:\/\/yoast.com\/wordpress\/plugins\/seo\/ -->\n<title>US-Rapper Jay-Z zusammen mit Sean &#039;Diddy&#039; Combs in Klageschrift wegen sexueller N\u00f6tigung genannt - just-now.NEWS Deutschland<\/title>\n<meta name=\"robots\" content=\"index, follow, max-snippet:-1, max-image-preview:large, max-video-preview:-1\" \/>\n<link rel=\"canonical\" href=\"https:\/\/now-news.de\/de\/deutschland\/us-rapper-jay-z-zusammen-mit-sean-diddy-combs-in-klageschrift-wegen-sexueller-noetigung-genannt\/\" \/>\n<meta property=\"og:locale\" content=\"de_DE\" \/>\n<meta property=\"og:type\" content=\"article\" \/>\n<meta property=\"og:title\" content=\"US-Rapper Jay-Z zusammen mit Sean &#039;Diddy&#039; Combs in Klageschrift wegen sexueller N\u00f6tigung genannt\" \/>\n<meta property=\"og:description\" content=\"Der US-Musiker Jay-Z wird in einer Klage massiv beschuldigt, zusammen mit dem bereits inhaftierten Sean Combs im Jahr 2000 ein 13-j\u00e4hriges M\u00e4dchen vergewaltigt zu haben. Der Rap-Star bestritt umgehend die Anschuldigung und unterstellt dem Anwalt der Kl\u00e4gerin Erpressung. Der US-Rap-Million\u00e4r Shawn Carter,\u00a0besser bekannt unter seinem K\u00fcnstlernamen Jay-Z, wird laut US-Medien seit Sonntag in einer Zivilklage [&hellip;]\" \/>\n<meta property=\"og:url\" content=\"https:\/\/now-news.de\/de\/deutschland\/us-rapper-jay-z-zusammen-mit-sean-diddy-combs-in-klageschrift-wegen-sexueller-noetigung-genannt\/\" \/>\n<meta property=\"og:site_name\" content=\"just-now.NEWS Deutschland\" \/>\n<meta property=\"article:publisher\" content=\"https:\/\/www.facebook.com\/wirmachenauf\" \/>\n<meta property=\"article:published_time\" content=\"2024-12-09T10:02:09+00:00\" \/>\n<meta property=\"og:image\" content=\"https:\/\/now-news.de\/de\/wp-content\/uploads\/sites\/3\/2024\/12\/67569e0db480cc290a13d7ce.jpg\" \/>\n<meta name=\"author\" content=\"rtnews\" \/>\n<meta name=\"twitter:card\" content=\"summary_large_image\" \/>\n<meta name=\"twitter:creator\" content=\"@WirMachenAuf_de\" \/>\n<meta name=\"twitter:site\" content=\"@WirMachenAuf_de\" \/>\n<meta name=\"twitter:label1\" content=\"Verfasst von\" \/>\n\t<meta name=\"twitter:data1\" content=\"rtnews\" \/>\n\t<meta name=\"twitter:label2\" content=\"Gesch\u00e4tzte Lesezeit\" \/>\n\t<meta name=\"twitter:data2\" content=\"5\u00a0Minuten\" \/>\n<script type=\"application\/ld+json\" class=\"yoast-schema-graph\">{\"@context\":\"https:\/\/schema.org\",\"@graph\":[{\"@type\":\"Article\",\"@id\":\"https:\/\/now-news.de\/de\/deutschland\/us-rapper-jay-z-zusammen-mit-sean-diddy-combs-in-klageschrift-wegen-sexueller-noetigung-genannt\/#article\",\"isPartOf\":{\"@id\":\"https:\/\/now-news.de\/de\/deutschland\/us-rapper-jay-z-zusammen-mit-sean-diddy-combs-in-klageschrift-wegen-sexueller-noetigung-genannt\/\"},\"author\":{\"name\":\"rtnews\",\"@id\":\"https:\/\/now-news.de\/de\/#\/schema\/person\/fb534a4e865501d8b3285208df34a9b5\"},\"headline\":\"US-Rapper Jay-Z zusammen mit Sean &#039;Diddy&#039; Combs in Klageschrift wegen sexueller N\u00f6tigung genannt\",\"datePublished\":\"2024-12-09T10:02:09+00:00\",\"dateModified\":\"2024-12-09T10:02:09+00:00\",\"mainEntityOfPage\":{\"@id\":\"https:\/\/now-news.de\/de\/deutschland\/us-rapper-jay-z-zusammen-mit-sean-diddy-combs-in-klageschrift-wegen-sexueller-noetigung-genannt\/\"},\"wordCount\":1108,\"commentCount\":0,\"publisher\":{\"@id\":\"https:\/\/now-news.de\/de\/#organization\"},\"image\":{\"@id\":\"https:\/\/now-news.de\/de\/deutschland\/us-rapper-jay-z-zusammen-mit-sean-diddy-combs-in-klageschrift-wegen-sexueller-noetigung-genannt\/#primaryimage\"},\"thumbnailUrl\":\"https:\/\/now-news.de\/de\/wp-content\/uploads\/sites\/3\/2024\/12\/US-Rapper-Jay-Z-zusammen-mit-Sean-039Diddy039-Combs-in-Klageschrift-wegen.jpg\",\"keywords\":[\"039Diddy039\",\"Combs\",\"genannt\",\"JayZ\",\"Klageschrift\",\"mit\",\"N\u00f6tigung\",\"Sean\",\"sexueller\",\"USRapper\",\"wegen\",\"zusammen\"],\"articleSection\":[\"Deutschland\",\"Russland\"],\"inLanguage\":\"de\",\"potentialAction\":[{\"@type\":\"CommentAction\",\"name\":\"Comment\",\"target\":[\"https:\/\/now-news.de\/de\/deutschland\/us-rapper-jay-z-zusammen-mit-sean-diddy-combs-in-klageschrift-wegen-sexueller-noetigung-genannt\/#respond\"]}]},{\"@type\":\"WebPage\",\"@id\":\"https:\/\/now-news.de\/de\/deutschland\/us-rapper-jay-z-zusammen-mit-sean-diddy-combs-in-klageschrift-wegen-sexueller-noetigung-genannt\/\",\"url\":\"https:\/\/now-news.de\/de\/deutschland\/us-rapper-jay-z-zusammen-mit-sean-diddy-combs-in-klageschrift-wegen-sexueller-noetigung-genannt\/\",\"name\":\"US-Rapper Jay-Z zusammen mit Sean &#039;Diddy&#039; Combs in Klageschrift wegen sexueller N\u00f6tigung genannt - just-now.NEWS Deutschland\",\"isPartOf\":{\"@id\":\"https:\/\/now-news.de\/de\/#website\"},\"primaryImageOfPage\":{\"@id\":\"https:\/\/now-news.de\/de\/deutschland\/us-rapper-jay-z-zusammen-mit-sean-diddy-combs-in-klageschrift-wegen-sexueller-noetigung-genannt\/#primaryimage\"},\"image\":{\"@id\":\"https:\/\/now-news.de\/de\/deutschland\/us-rapper-jay-z-zusammen-mit-sean-diddy-combs-in-klageschrift-wegen-sexueller-noetigung-genannt\/#primaryimage\"},\"thumbnailUrl\":\"https:\/\/now-news.de\/de\/wp-content\/uploads\/sites\/3\/2024\/12\/US-Rapper-Jay-Z-zusammen-mit-Sean-039Diddy039-Combs-in-Klageschrift-wegen.jpg\",\"datePublished\":\"2024-12-09T10:02:09+00:00\",\"dateModified\":\"2024-12-09T10:02:09+00:00\",\"breadcrumb\":{\"@id\":\"https:\/\/now-news.de\/de\/deutschland\/us-rapper-jay-z-zusammen-mit-sean-diddy-combs-in-klageschrift-wegen-sexueller-noetigung-genannt\/#breadcrumb\"},\"inLanguage\":\"de\",\"potentialAction\":[{\"@type\":\"ReadAction\",\"target\":[\"https:\/\/now-news.de\/de\/deutschland\/us-rapper-jay-z-zusammen-mit-sean-diddy-combs-in-klageschrift-wegen-sexueller-noetigung-genannt\/\"]}]},{\"@type\":\"ImageObject\",\"inLanguage\":\"de\",\"@id\":\"https:\/\/now-news.de\/de\/deutschland\/us-rapper-jay-z-zusammen-mit-sean-diddy-combs-in-klageschrift-wegen-sexueller-noetigung-genannt\/#primaryimage\",\"url\":\"https:\/\/now-news.de\/de\/wp-content\/uploads\/sites\/3\/2024\/12\/US-Rapper-Jay-Z-zusammen-mit-Sean-039Diddy039-Combs-in-Klageschrift-wegen.jpg\",\"contentUrl\":\"https:\/\/now-news.de\/de\/wp-content\/uploads\/sites\/3\/2024\/12\/US-Rapper-Jay-Z-zusammen-mit-Sean-039Diddy039-Combs-in-Klageschrift-wegen.jpg\",\"width\":460,\"height\":259,\"caption\":\"US-Rapper Jay-Z zusammen mit Sean &#039;Diddy&#039; Combs in Klageschrift wegen sexueller N\u00f6tigung genannt\"},{\"@type\":\"BreadcrumbList\",\"@id\":\"https:\/\/now-news.de\/de\/deutschland\/us-rapper-jay-z-zusammen-mit-sean-diddy-combs-in-klageschrift-wegen-sexueller-noetigung-genannt\/#breadcrumb\",\"itemListElement\":[{\"@type\":\"ListItem\",\"position\":1,\"name\":\"Home\",\"item\":\"https:\/\/now-news.de\/de\/\"},{\"@type\":\"ListItem\",\"position\":2,\"name\":\"US-Rapper Jay-Z zusammen mit Sean &#039;Diddy&#039; Combs in Klageschrift wegen sexueller N\u00f6tigung genannt\"}]},{\"@type\":\"WebSite\",\"@id\":\"https:\/\/now-news.de\/de\/#website\",\"url\":\"https:\/\/now-news.de\/de\/\",\"name\":\"just-now.NEWS Deutschland\",\"description\":\"Das Portal f\u00fcr unzensierte Nachrichten aus der Welt\",\"publisher\":{\"@id\":\"https:\/\/now-news.de\/de\/#organization\"},\"potentialAction\":[{\"@type\":\"SearchAction\",\"target\":{\"@type\":\"EntryPoint\",\"urlTemplate\":\"https:\/\/now-news.de\/de\/?s={search_term_string}\"},\"query-input\":\"required name=search_term_string\"}],\"inLanguage\":\"de\"},{\"@type\":\"Organization\",\"@id\":\"https:\/\/now-news.de\/de\/#organization\",\"name\":\"Just Now News\",\"url\":\"https:\/\/now-news.de\/de\/\",\"logo\":{\"@type\":\"ImageObject\",\"inLanguage\":\"de\",\"@id\":\"https:\/\/now-news.de\/de\/#\/schema\/logo\/image\/\",\"url\":\"http:\/\/just-now.news\/de\/wp-content\/uploads\/sites\/3\/2022\/04\/logo500x500.jpg\",\"contentUrl\":\"http:\/\/just-now.news\/de\/wp-content\/uploads\/sites\/3\/2022\/04\/logo500x500.jpg\",\"width\":500,\"height\":500,\"caption\":\"Just Now News\"},\"image\":{\"@id\":\"https:\/\/now-news.de\/de\/#\/schema\/logo\/image\/\"},\"sameAs\":[\"https:\/\/www.facebook.com\/wirmachenauf\",\"https:\/\/x.com\/WirMachenAuf_de\"]},{\"@type\":\"Person\",\"@id\":\"https:\/\/now-news.de\/de\/#\/schema\/person\/fb534a4e865501d8b3285208df34a9b5\",\"name\":\"rtnews\",\"image\":{\"@type\":\"ImageObject\",\"inLanguage\":\"de\",\"@id\":\"https:\/\/now-news.de\/de\/#\/schema\/person\/image\/\",\"url\":\"https:\/\/secure.gravatar.com\/avatar\/82aafea7d8127119dd649515f56e2117?s=96&d=mm&r=g\",\"contentUrl\":\"https:\/\/secure.gravatar.com\/avatar\/82aafea7d8127119dd649515f56e2117?s=96&d=mm&r=g\",\"caption\":\"rtnews\"},\"url\":\"https:\/\/now-news.de\/de\/author\/rnews\/\"}]}<\/script>\n<!-- \/ Yoast SEO Premium plugin. -->","yoast_head_json":{"title":"US-Rapper Jay-Z zusammen mit Sean &#039;Diddy&#039; Combs in Klageschrift wegen sexueller N\u00f6tigung genannt - just-now.NEWS Deutschland","robots":{"index":"index","follow":"follow","max-snippet":"max-snippet:-1","max-image-preview":"max-image-preview:large","max-video-preview":"max-video-preview:-1"},"canonical":"https:\/\/now-news.de\/de\/deutschland\/us-rapper-jay-z-zusammen-mit-sean-diddy-combs-in-klageschrift-wegen-sexueller-noetigung-genannt\/","og_locale":"de_DE","og_type":"article","og_title":"US-Rapper Jay-Z zusammen mit Sean &#039;Diddy&#039; Combs in Klageschrift wegen sexueller N\u00f6tigung genannt","og_description":"Der US-Musiker Jay-Z wird in einer Klage massiv beschuldigt, zusammen mit dem bereits inhaftierten Sean Combs im Jahr 2000 ein 13-j\u00e4hriges M\u00e4dchen vergewaltigt zu haben. Der Rap-Star bestritt umgehend die Anschuldigung und unterstellt dem Anwalt der Kl\u00e4gerin Erpressung. Der US-Rap-Million\u00e4r Shawn Carter,\u00a0besser bekannt unter seinem K\u00fcnstlernamen Jay-Z, wird laut US-Medien seit Sonntag in einer Zivilklage [&hellip;]","og_url":"https:\/\/now-news.de\/de\/deutschland\/us-rapper-jay-z-zusammen-mit-sean-diddy-combs-in-klageschrift-wegen-sexueller-noetigung-genannt\/","og_site_name":"just-now.NEWS Deutschland","article_publisher":"https:\/\/www.facebook.com\/wirmachenauf","article_published_time":"2024-12-09T10:02:09+00:00","og_image":[{"url":"https:\/\/now-news.de\/de\/wp-content\/uploads\/sites\/3\/2024\/12\/67569e0db480cc290a13d7ce.jpg"}],"author":"rtnews","twitter_card":"summary_large_image","twitter_creator":"@WirMachenAuf_de","twitter_site":"@WirMachenAuf_de","twitter_misc":{"Verfasst von":"rtnews","Gesch\u00e4tzte Lesezeit":"5\u00a0Minuten"},"schema":{"@context":"https:\/\/schema.org","@graph":[{"@type":"Article","@id":"https:\/\/now-news.de\/de\/deutschland\/us-rapper-jay-z-zusammen-mit-sean-diddy-combs-in-klageschrift-wegen-sexueller-noetigung-genannt\/#article","isPartOf":{"@id":"https:\/\/now-news.de\/de\/deutschland\/us-rapper-jay-z-zusammen-mit-sean-diddy-combs-in-klageschrift-wegen-sexueller-noetigung-genannt\/"},"author":{"name":"rtnews","@id":"https:\/\/now-news.de\/de\/#\/schema\/person\/fb534a4e865501d8b3285208df34a9b5"},"headline":"US-Rapper Jay-Z zusammen mit Sean &#039;Diddy&#039; Combs in Klageschrift wegen sexueller N\u00f6tigung genannt","datePublished":"2024-12-09T10:02:09+00:00","dateModified":"2024-12-09T10:02:09+00:00","mainEntityOfPage":{"@id":"https:\/\/now-news.de\/de\/deutschland\/us-rapper-jay-z-zusammen-mit-sean-diddy-combs-in-klageschrift-wegen-sexueller-noetigung-genannt\/"},"wordCount":1108,"commentCount":0,"publisher":{"@id":"https:\/\/now-news.de\/de\/#organization"},"image":{"@id":"https:\/\/now-news.de\/de\/deutschland\/us-rapper-jay-z-zusammen-mit-sean-diddy-combs-in-klageschrift-wegen-sexueller-noetigung-genannt\/#primaryimage"},"thumbnailUrl":"https:\/\/now-news.de\/de\/wp-content\/uploads\/sites\/3\/2024\/12\/US-Rapper-Jay-Z-zusammen-mit-Sean-039Diddy039-Combs-in-Klageschrift-wegen.jpg","keywords":["039Diddy039","Combs","genannt","JayZ","Klageschrift","mit","N\u00f6tigung","Sean","sexueller","USRapper","wegen","zusammen"],"articleSection":["Deutschland","Russland"],"inLanguage":"de","potentialAction":[{"@type":"CommentAction","name":"Comment","target":["https:\/\/now-news.de\/de\/deutschland\/us-rapper-jay-z-zusammen-mit-sean-diddy-combs-in-klageschrift-wegen-sexueller-noetigung-genannt\/#respond"]}]},{"@type":"WebPage","@id":"https:\/\/now-news.de\/de\/deutschland\/us-rapper-jay-z-zusammen-mit-sean-diddy-combs-in-klageschrift-wegen-sexueller-noetigung-genannt\/","url":"https:\/\/now-news.de\/de\/deutschland\/us-rapper-jay-z-zusammen-mit-sean-diddy-combs-in-klageschrift-wegen-sexueller-noetigung-genannt\/","name":"US-Rapper Jay-Z zusammen mit Sean &#039;Diddy&#039; Combs in Klageschrift wegen sexueller N\u00f6tigung genannt - just-now.NEWS Deutschland","isPartOf":{"@id":"https:\/\/now-news.de\/de\/#website"},"primaryImageOfPage":{"@id":"https:\/\/now-news.de\/de\/deutschland\/us-rapper-jay-z-zusammen-mit-sean-diddy-combs-in-klageschrift-wegen-sexueller-noetigung-genannt\/#primaryimage"},"image":{"@id":"https:\/\/now-news.de\/de\/deutschland\/us-rapper-jay-z-zusammen-mit-sean-diddy-combs-in-klageschrift-wegen-sexueller-noetigung-genannt\/#primaryimage"},"thumbnailUrl":"https:\/\/now-news.de\/de\/wp-content\/uploads\/sites\/3\/2024\/12\/US-Rapper-Jay-Z-zusammen-mit-Sean-039Diddy039-Combs-in-Klageschrift-wegen.jpg","datePublished":"2024-12-09T10:02:09+00:00","dateModified":"2024-12-09T10:02:09+00:00","breadcrumb":{"@id":"https:\/\/now-news.de\/de\/deutschland\/us-rapper-jay-z-zusammen-mit-sean-diddy-combs-in-klageschrift-wegen-sexueller-noetigung-genannt\/#breadcrumb"},"inLanguage":"de","potentialAction":[{"@type":"ReadAction","target":["https:\/\/now-news.de\/de\/deutschland\/us-rapper-jay-z-zusammen-mit-sean-diddy-combs-in-klageschrift-wegen-sexueller-noetigung-genannt\/"]}]},{"@type":"ImageObject","inLanguage":"de","@id":"https:\/\/now-news.de\/de\/deutschland\/us-rapper-jay-z-zusammen-mit-sean-diddy-combs-in-klageschrift-wegen-sexueller-noetigung-genannt\/#primaryimage","url":"https:\/\/now-news.de\/de\/wp-content\/uploads\/sites\/3\/2024\/12\/US-Rapper-Jay-Z-zusammen-mit-Sean-039Diddy039-Combs-in-Klageschrift-wegen.jpg","contentUrl":"https:\/\/now-news.de\/de\/wp-content\/uploads\/sites\/3\/2024\/12\/US-Rapper-Jay-Z-zusammen-mit-Sean-039Diddy039-Combs-in-Klageschrift-wegen.jpg","width":460,"height":259,"caption":"US-Rapper Jay-Z zusammen mit Sean &#039;Diddy&#039; Combs in Klageschrift wegen sexueller N\u00f6tigung genannt"},{"@type":"BreadcrumbList","@id":"https:\/\/now-news.de\/de\/deutschland\/us-rapper-jay-z-zusammen-mit-sean-diddy-combs-in-klageschrift-wegen-sexueller-noetigung-genannt\/#breadcrumb","itemListElement":[{"@type":"ListItem","position":1,"name":"Home","item":"https:\/\/now-news.de\/de\/"},{"@type":"ListItem","position":2,"name":"US-Rapper Jay-Z zusammen mit Sean &#039;Diddy&#039; Combs in Klageschrift wegen sexueller N\u00f6tigung genannt"}]},{"@type":"WebSite","@id":"https:\/\/now-news.de\/de\/#website","url":"https:\/\/now-news.de\/de\/","name":"just-now.NEWS Deutschland","description":"Das Portal f\u00fcr unzensierte Nachrichten aus der Welt","publisher":{"@id":"https:\/\/now-news.de\/de\/#organization"},"potentialAction":[{"@type":"SearchAction","target":{"@type":"EntryPoint","urlTemplate":"https:\/\/now-news.de\/de\/?s={search_term_string}"},"query-input":"required name=search_term_string"}],"inLanguage":"de"},{"@type":"Organization","@id":"https:\/\/now-news.de\/de\/#organization","name":"Just Now News","url":"https:\/\/now-news.de\/de\/","logo":{"@type":"ImageObject","inLanguage":"de","@id":"https:\/\/now-news.de\/de\/#\/schema\/logo\/image\/","url":"http:\/\/just-now.news\/de\/wp-content\/uploads\/sites\/3\/2022\/04\/logo500x500.jpg","contentUrl":"http:\/\/just-now.news\/de\/wp-content\/uploads\/sites\/3\/2022\/04\/logo500x500.jpg","width":500,"height":500,"caption":"Just Now News"},"image":{"@id":"https:\/\/now-news.de\/de\/#\/schema\/logo\/image\/"},"sameAs":["https:\/\/www.facebook.com\/wirmachenauf","https:\/\/x.com\/WirMachenAuf_de"]},{"@type":"Person","@id":"https:\/\/now-news.de\/de\/#\/schema\/person\/fb534a4e865501d8b3285208df34a9b5","name":"rtnews","image":{"@type":"ImageObject","inLanguage":"de","@id":"https:\/\/now-news.de\/de\/#\/schema\/person\/image\/","url":"https:\/\/secure.gravatar.com\/avatar\/82aafea7d8127119dd649515f56e2117?s=96&d=mm&r=g","contentUrl":"https:\/\/secure.gravatar.com\/avatar\/82aafea7d8127119dd649515f56e2117?s=96&d=mm&r=g","caption":"rtnews"},"url":"https:\/\/now-news.de\/de\/author\/rnews\/"}]}},"_links":{"self":[{"href":"https:\/\/now-news.de\/de\/wp-json\/wp\/v2\/posts\/74114"}],"collection":[{"href":"https:\/\/now-news.de\/de\/wp-json\/wp\/v2\/posts"}],"about":[{"href":"https:\/\/now-news.de\/de\/wp-json\/wp\/v2\/types\/post"}],"author":[{"embeddable":true,"href":"https:\/\/now-news.de\/de\/wp-json\/wp\/v2\/users\/3"}],"replies":[{"embeddable":true,"href":"https:\/\/now-news.de\/de\/wp-json\/wp\/v2\/comments?post=74114"}],"version-history":[{"count":0,"href":"https:\/\/now-news.de\/de\/wp-json\/wp\/v2\/posts\/74114\/revisions"}],"wp:featuredmedia":[{"embeddable":true,"href":"https:\/\/now-news.de\/de\/wp-json\/wp\/v2\/media\/74115"}],"wp:attachment":[{"href":"https:\/\/now-news.de\/de\/wp-json\/wp\/v2\/media?parent=74114"}],"wp:term":[{"taxonomy":"category","embeddable":true,"href":"https:\/\/now-news.de\/de\/wp-json\/wp\/v2\/categories?post=74114"},{"taxonomy":"post_tag","embeddable":true,"href":"https:\/\/now-news.de\/de\/wp-json\/wp\/v2\/tags?post=74114"}],"curies":[{"name":"wp","href":"https:\/\/api.w.org\/{rel}","templated":true}]}}