{"id":74089,"date":"2024-12-08T21:15:15","date_gmt":"2024-12-08T19:15:15","guid":{"rendered":"https:\/\/now-news.de\/de\/deutschland\/keine-territorialen-zugestaendnisse-selenskij-lehnt-trump-friedensplan-ab\/"},"modified":"2024-12-08T21:15:15","modified_gmt":"2024-12-08T19:15:15","slug":"keine-territorialen-zugestaendnisse-selenskij-lehnt-trump-friedensplan-ab","status":"publish","type":"post","link":"https:\/\/now-news.de\/de\/deutschland\/keine-territorialen-zugestaendnisse-selenskij-lehnt-trump-friedensplan-ab\/","title":{"rendered":"Keine territorialen Zugest\u00e4ndnisse: Selenskij lehnt Trump-Friedensplan ab"},"content":{"rendered":"<p><img decoding=\"async\" src=\"https:\/\/now-news.de\/de\/wp-content\/uploads\/sites\/3\/2024\/12\/6755c32348fbef7b9d59435f.jpg\" \/><\/p>\n<div class=\"Text-root Text-type_1 \">\n                Der Konflikt mit Russland k\u00f6nne &#8220;nicht einfach mit einem St\u00fcck Papier und ein paar Unterschriften beendet werden&#8221;, sagte Wladimir Selenskij. Der ukrainische Staatschef betonte erneut, dass Kiew nicht zu territorialen Zugest\u00e4ndnissen bereit ist.\n            <\/div>\n<p><\/p>\n<div class=\"Text-root Text-type_5 ArticleView-text ViewText-root \">\n<p>Der ukrainische Staatschef Wladimir Selenskij hat die Forderung des designierten US-Pr\u00e4sidenten Donald Trump nach einem sofortigen Waffenstillstand und Friedensgespr\u00e4chen zwischen der Ukraine und Russland zur\u00fcckgewiesen.<\/p>\n<p>Nach einem Treffen zwischen Trump, Selenskij und dem franz\u00f6sischen Pr\u00e4sidenten Emmanuel Macron am Samstag in Paris ver\u00f6ffentlichte Trump einen langen Beitrag auf seiner Plattform <em>Truth Social<\/em>. Darin forderte er einen sofortigen Waffenstillstand und erkl\u00e4rte, dass umgehend Verhandlungen zur Beilegung des Ukraine-Konflikts beginnen sollten. Trump zufolge w\u00fcrde die Ukraine &#8220;gerne eine Einigung erzielen und den Wahnsinn beenden&#8221;.<\/p>\n<p>Dass dies keineswegs nicht der Fall sei, machte Selenskij in einem noch l\u00e4ngeren Beitrag deutlich, der am Sonntag auf X ver\u00f6ffentlicht wurde. Darin sagt er, der Konflikt k\u00f6nne &#8220;nicht einfach mit einem St\u00fcck Papier und ein paar Unterschriften beendet werden&#8221;.<\/p>\n<p>&#8220;Ein Waffenstillstand ohne Garantien kann jederzeit wieder aufflammen. \u2026 Um sicherzustellen, dass die Ukrainer keine Verluste mehr erleiden, m\u00fcssen wir die Verl\u00e4sslichkeit des Friedens garantieren und d\u00fcrfen die Augen nicht vor der Besatzung verschlie\u00dfen&#8221;, erkl\u00e4rte der ukrainische Staatschef.<\/p>\n<p>Er betonte, dass &#8220;in den besetzten Gebieten der Ukraine noch mindestens mehrere Millionen Menschen leben&#8221;, und schloss erneut aus, dass Kiew im Gegenzug f\u00fcr den Frieden irgendwelche territorialen Zugest\u00e4ndnisse an Moskau machen k\u00f6nnte.<\/p>\n<p>&#8220;Genau \u00fcber einen solchen Frieden durch St\u00e4rke diskutieren wir mit all unseren Partnern, ebenso wie \u00fcber die Schritte und Garantien, die f\u00fcr die Menschen und den von Russland angegriffenen Staat notwendig sind&#8221;, sagte Selenskij.<\/p>\n<p>Trump hat wiederholt behauptet, er k\u00f6nne den Ukraine-Konflikt innerhalb eines Tages nach seiner R\u00fcckkehr ins Wei\u00dfe Haus beenden. Zugleich kritisierte er die scheidende US-Regierung daf\u00fcr, dass sie zu viel Geld f\u00fcr die Bewaffnung Kiews ausgebe. Fr\u00fcheren Medienberichten zufolge k\u00f6nnte Trump versuchen, ein Einfrieren des Konflikts entlang der derzeitigen Kampflinien zu erzwingen und die US-Hilfe f\u00fcr Kiew als Druckmittel einzusetzen.<\/p>\n<p>Moskau hat wiederholt erkl\u00e4rt, es halte ein Einfrieren des Konflikts f\u00fcr inakzeptabel. Es hat darauf bestanden, dass eine Beilegung des Konflikts nur m\u00f6glich ist, wenn die Ukraine ihre Streitkr\u00e4fte aus dem russischen Hoheitsgebiet, einschlie\u00dflich der ehemaligen ukrainischen Gebiete, abzieht, die Rechte der russischsprachigen Bev\u00f6lkerung gew\u00e4hrleistet und sich zu milit\u00e4rischer Neutralit\u00e4t verpflichtet.<\/p>\n<p><strong>Mehr zum Thema<\/strong> &#8211; <a rel=\"nofollow noopener\" target=\"_blank\" href=\"https:\/\/freedert.online\/europa\/228535-mit-eiskaltem-kalkuel-treibt-blinken\/\">Mit eiskaltem Kalk\u00fcl treibt Blinken die ukrainische Jugend in den Tod<\/a><\/p>\n<div class=\"EmbedBlock-root EmbedBlock-externalVideo EmbedBlock-rumble\">\n<div class=\"VkEmbed\"><iframe class=\"lazyload\" data-src=\"https:\/\/rumble.com\/embed\/v5up1j5\" frameborder=\"0\" width=\"853\" height=\"480\" allowfullscreen><\/iframe><\/div>\n<\/div>\n<\/div>\n<p><br \/>\n<br \/><a href=\"https:\/\/de.rt.com\/europa\/228820-keine-territorialen-zugestaendnisse-selenskij-lehnt\/\">Source link <\/a><\/p>\n","protected":false},"excerpt":{"rendered":"<p>Der Konflikt mit Russland k\u00f6nne &#8220;nicht einfach mit einem St\u00fcck Papier und ein paar Unterschriften beendet werden&#8221;, sagte Wladimir Selenskij. Der ukrainische Staatschef betonte erneut, dass Kiew nicht zu territorialen Zugest\u00e4ndnissen bereit ist. Der ukrainische Staatschef Wladimir Selenskij hat die Forderung des designierten US-Pr\u00e4sidenten Donald Trump nach einem sofortigen Waffenstillstand und Friedensgespr\u00e4chen zwischen der Ukraine [&hellip;]<\/p>\n","protected":false},"author":3,"featured_media":74090,"comment_status":"open","ping_status":"open","sticky":false,"template":"","format":"standard","meta":{"_yoast_indexnow_last_ping":["1733685436"],"wp_automatic_camp":["217"],"334419ae38869306d9be9ad35c2f8b3d":["Keine territorialen Zugest\u00e4ndnisse: Selenskij lehnt Trump-Friedensplan ab"],"original_link":["https:\/\/de.rt.com\/europa\/228820-keine-territorialen-zugestaendnisse-selenskij-lehnt\/"],"_thumbnail_id":["74090"],"_wptgpro_p2tg_sent2tg":["a:1:{i:23737;s:19:\"2024-12-08 21:18:21\";}"],"jnews_social_counter_last_update":["1777185802"]},"categories":[19,23],"tags":[375,2034,6158,25114,60866,44741],"yoast_head":"<!-- This site is optimized with the Yoast SEO Premium plugin v22.7 (Yoast SEO v22.7) - https:\/\/yoast.com\/wordpress\/plugins\/seo\/ -->\n<title>Keine territorialen Zugest\u00e4ndnisse: Selenskij lehnt Trump-Friedensplan ab - just-now.NEWS Deutschland<\/title>\n<meta name=\"robots\" content=\"index, follow, max-snippet:-1, max-image-preview:large, max-video-preview:-1\" \/>\n<link rel=\"canonical\" href=\"https:\/\/now-news.de\/de\/deutschland\/keine-territorialen-zugestaendnisse-selenskij-lehnt-trump-friedensplan-ab\/\" \/>\n<meta property=\"og:locale\" content=\"de_DE\" \/>\n<meta property=\"og:type\" content=\"article\" \/>\n<meta property=\"og:title\" content=\"Keine territorialen Zugest\u00e4ndnisse: Selenskij lehnt Trump-Friedensplan ab\" \/>\n<meta property=\"og:description\" content=\"Der Konflikt mit Russland k\u00f6nne &#8220;nicht einfach mit einem St\u00fcck Papier und ein paar Unterschriften beendet werden&#8221;, sagte Wladimir Selenskij. Der ukrainische Staatschef betonte erneut, dass Kiew nicht zu territorialen Zugest\u00e4ndnissen bereit ist. Der ukrainische Staatschef Wladimir Selenskij hat die Forderung des designierten US-Pr\u00e4sidenten Donald Trump nach einem sofortigen Waffenstillstand und Friedensgespr\u00e4chen zwischen der Ukraine [&hellip;]\" \/>\n<meta property=\"og:url\" content=\"https:\/\/now-news.de\/de\/deutschland\/keine-territorialen-zugestaendnisse-selenskij-lehnt-trump-friedensplan-ab\/\" \/>\n<meta property=\"og:site_name\" content=\"just-now.NEWS Deutschland\" \/>\n<meta property=\"article:publisher\" content=\"https:\/\/www.facebook.com\/wirmachenauf\" \/>\n<meta property=\"article:published_time\" content=\"2024-12-08T19:15:15+00:00\" \/>\n<meta property=\"og:image\" content=\"https:\/\/now-news.de\/de\/wp-content\/uploads\/sites\/3\/2024\/12\/6755c32348fbef7b9d59435f.jpg\" \/>\n<meta name=\"author\" content=\"rtnews\" \/>\n<meta name=\"twitter:card\" content=\"summary_large_image\" \/>\n<meta name=\"twitter:creator\" content=\"@WirMachenAuf_de\" \/>\n<meta name=\"twitter:site\" content=\"@WirMachenAuf_de\" \/>\n<meta name=\"twitter:label1\" content=\"Verfasst von\" \/>\n\t<meta name=\"twitter:data1\" content=\"rtnews\" \/>\n\t<meta name=\"twitter:label2\" content=\"Gesch\u00e4tzte Lesezeit\" \/>\n\t<meta name=\"twitter:data2\" content=\"2\u00a0Minuten\" \/>\n<script type=\"application\/ld+json\" class=\"yoast-schema-graph\">{\"@context\":\"https:\/\/schema.org\",\"@graph\":[{\"@type\":\"Article\",\"@id\":\"https:\/\/now-news.de\/de\/deutschland\/keine-territorialen-zugestaendnisse-selenskij-lehnt-trump-friedensplan-ab\/#article\",\"isPartOf\":{\"@id\":\"https:\/\/now-news.de\/de\/deutschland\/keine-territorialen-zugestaendnisse-selenskij-lehnt-trump-friedensplan-ab\/\"},\"author\":{\"name\":\"rtnews\",\"@id\":\"https:\/\/now-news.de\/de\/#\/schema\/person\/fb534a4e865501d8b3285208df34a9b5\"},\"headline\":\"Keine territorialen Zugest\u00e4ndnisse: Selenskij lehnt Trump-Friedensplan ab\",\"datePublished\":\"2024-12-08T19:15:15+00:00\",\"dateModified\":\"2024-12-08T19:15:15+00:00\",\"mainEntityOfPage\":{\"@id\":\"https:\/\/now-news.de\/de\/deutschland\/keine-territorialen-zugestaendnisse-selenskij-lehnt-trump-friedensplan-ab\/\"},\"wordCount\":437,\"commentCount\":0,\"publisher\":{\"@id\":\"https:\/\/now-news.de\/de\/#organization\"},\"image\":{\"@id\":\"https:\/\/now-news.de\/de\/deutschland\/keine-territorialen-zugestaendnisse-selenskij-lehnt-trump-friedensplan-ab\/#primaryimage\"},\"thumbnailUrl\":\"https:\/\/now-news.de\/de\/wp-content\/uploads\/sites\/3\/2024\/12\/Keine-territorialen-Zugestaendnisse-Selenskij-lehnt-Trump-Friedensplan-ab.jpg\",\"keywords\":[\"keine\",\"lehnt\",\"Selenskij\",\"territorialen\",\"TrumpFriedensplan\",\"Zugest\u00e4ndnisse\"],\"articleSection\":[\"Deutschland\",\"Russland\"],\"inLanguage\":\"de\",\"potentialAction\":[{\"@type\":\"CommentAction\",\"name\":\"Comment\",\"target\":[\"https:\/\/now-news.de\/de\/deutschland\/keine-territorialen-zugestaendnisse-selenskij-lehnt-trump-friedensplan-ab\/#respond\"]}]},{\"@type\":\"WebPage\",\"@id\":\"https:\/\/now-news.de\/de\/deutschland\/keine-territorialen-zugestaendnisse-selenskij-lehnt-trump-friedensplan-ab\/\",\"url\":\"https:\/\/now-news.de\/de\/deutschland\/keine-territorialen-zugestaendnisse-selenskij-lehnt-trump-friedensplan-ab\/\",\"name\":\"Keine territorialen Zugest\u00e4ndnisse: Selenskij lehnt Trump-Friedensplan ab - just-now.NEWS Deutschland\",\"isPartOf\":{\"@id\":\"https:\/\/now-news.de\/de\/#website\"},\"primaryImageOfPage\":{\"@id\":\"https:\/\/now-news.de\/de\/deutschland\/keine-territorialen-zugestaendnisse-selenskij-lehnt-trump-friedensplan-ab\/#primaryimage\"},\"image\":{\"@id\":\"https:\/\/now-news.de\/de\/deutschland\/keine-territorialen-zugestaendnisse-selenskij-lehnt-trump-friedensplan-ab\/#primaryimage\"},\"thumbnailUrl\":\"https:\/\/now-news.de\/de\/wp-content\/uploads\/sites\/3\/2024\/12\/Keine-territorialen-Zugestaendnisse-Selenskij-lehnt-Trump-Friedensplan-ab.jpg\",\"datePublished\":\"2024-12-08T19:15:15+00:00\",\"dateModified\":\"2024-12-08T19:15:15+00:00\",\"breadcrumb\":{\"@id\":\"https:\/\/now-news.de\/de\/deutschland\/keine-territorialen-zugestaendnisse-selenskij-lehnt-trump-friedensplan-ab\/#breadcrumb\"},\"inLanguage\":\"de\",\"potentialAction\":[{\"@type\":\"ReadAction\",\"target\":[\"https:\/\/now-news.de\/de\/deutschland\/keine-territorialen-zugestaendnisse-selenskij-lehnt-trump-friedensplan-ab\/\"]}]},{\"@type\":\"ImageObject\",\"inLanguage\":\"de\",\"@id\":\"https:\/\/now-news.de\/de\/deutschland\/keine-territorialen-zugestaendnisse-selenskij-lehnt-trump-friedensplan-ab\/#primaryimage\",\"url\":\"https:\/\/now-news.de\/de\/wp-content\/uploads\/sites\/3\/2024\/12\/Keine-territorialen-Zugestaendnisse-Selenskij-lehnt-Trump-Friedensplan-ab.jpg\",\"contentUrl\":\"https:\/\/now-news.de\/de\/wp-content\/uploads\/sites\/3\/2024\/12\/Keine-territorialen-Zugestaendnisse-Selenskij-lehnt-Trump-Friedensplan-ab.jpg\",\"width\":460,\"height\":259,\"caption\":\"Keine territorialen Zugest\u00e4ndnisse: Selenskij lehnt Trump-Friedensplan ab\"},{\"@type\":\"BreadcrumbList\",\"@id\":\"https:\/\/now-news.de\/de\/deutschland\/keine-territorialen-zugestaendnisse-selenskij-lehnt-trump-friedensplan-ab\/#breadcrumb\",\"itemListElement\":[{\"@type\":\"ListItem\",\"position\":1,\"name\":\"Home\",\"item\":\"https:\/\/now-news.de\/de\/\"},{\"@type\":\"ListItem\",\"position\":2,\"name\":\"Keine territorialen Zugest\u00e4ndnisse: Selenskij lehnt Trump-Friedensplan ab\"}]},{\"@type\":\"WebSite\",\"@id\":\"https:\/\/now-news.de\/de\/#website\",\"url\":\"https:\/\/now-news.de\/de\/\",\"name\":\"just-now.NEWS Deutschland\",\"description\":\"Das Portal f\u00fcr unzensierte Nachrichten aus der Welt\",\"publisher\":{\"@id\":\"https:\/\/now-news.de\/de\/#organization\"},\"potentialAction\":[{\"@type\":\"SearchAction\",\"target\":{\"@type\":\"EntryPoint\",\"urlTemplate\":\"https:\/\/now-news.de\/de\/?s={search_term_string}\"},\"query-input\":\"required name=search_term_string\"}],\"inLanguage\":\"de\"},{\"@type\":\"Organization\",\"@id\":\"https:\/\/now-news.de\/de\/#organization\",\"name\":\"Just Now News\",\"url\":\"https:\/\/now-news.de\/de\/\",\"logo\":{\"@type\":\"ImageObject\",\"inLanguage\":\"de\",\"@id\":\"https:\/\/now-news.de\/de\/#\/schema\/logo\/image\/\",\"url\":\"http:\/\/just-now.news\/de\/wp-content\/uploads\/sites\/3\/2022\/04\/logo500x500.jpg\",\"contentUrl\":\"http:\/\/just-now.news\/de\/wp-content\/uploads\/sites\/3\/2022\/04\/logo500x500.jpg\",\"width\":500,\"height\":500,\"caption\":\"Just Now News\"},\"image\":{\"@id\":\"https:\/\/now-news.de\/de\/#\/schema\/logo\/image\/\"},\"sameAs\":[\"https:\/\/www.facebook.com\/wirmachenauf\",\"https:\/\/x.com\/WirMachenAuf_de\"]},{\"@type\":\"Person\",\"@id\":\"https:\/\/now-news.de\/de\/#\/schema\/person\/fb534a4e865501d8b3285208df34a9b5\",\"name\":\"rtnews\",\"image\":{\"@type\":\"ImageObject\",\"inLanguage\":\"de\",\"@id\":\"https:\/\/now-news.de\/de\/#\/schema\/person\/image\/\",\"url\":\"https:\/\/secure.gravatar.com\/avatar\/82aafea7d8127119dd649515f56e2117?s=96&d=mm&r=g\",\"contentUrl\":\"https:\/\/secure.gravatar.com\/avatar\/82aafea7d8127119dd649515f56e2117?s=96&d=mm&r=g\",\"caption\":\"rtnews\"},\"url\":\"https:\/\/now-news.de\/de\/author\/rnews\/\"}]}<\/script>\n<!-- \/ Yoast SEO Premium plugin. -->","yoast_head_json":{"title":"Keine territorialen Zugest\u00e4ndnisse: Selenskij lehnt Trump-Friedensplan ab - just-now.NEWS Deutschland","robots":{"index":"index","follow":"follow","max-snippet":"max-snippet:-1","max-image-preview":"max-image-preview:large","max-video-preview":"max-video-preview:-1"},"canonical":"https:\/\/now-news.de\/de\/deutschland\/keine-territorialen-zugestaendnisse-selenskij-lehnt-trump-friedensplan-ab\/","og_locale":"de_DE","og_type":"article","og_title":"Keine territorialen Zugest\u00e4ndnisse: Selenskij lehnt Trump-Friedensplan ab","og_description":"Der Konflikt mit Russland k\u00f6nne &#8220;nicht einfach mit einem St\u00fcck Papier und ein paar Unterschriften beendet werden&#8221;, sagte Wladimir Selenskij. Der ukrainische Staatschef betonte erneut, dass Kiew nicht zu territorialen Zugest\u00e4ndnissen bereit ist. Der ukrainische Staatschef Wladimir Selenskij hat die Forderung des designierten US-Pr\u00e4sidenten Donald Trump nach einem sofortigen Waffenstillstand und Friedensgespr\u00e4chen zwischen der Ukraine [&hellip;]","og_url":"https:\/\/now-news.de\/de\/deutschland\/keine-territorialen-zugestaendnisse-selenskij-lehnt-trump-friedensplan-ab\/","og_site_name":"just-now.NEWS Deutschland","article_publisher":"https:\/\/www.facebook.com\/wirmachenauf","article_published_time":"2024-12-08T19:15:15+00:00","og_image":[{"url":"https:\/\/now-news.de\/de\/wp-content\/uploads\/sites\/3\/2024\/12\/6755c32348fbef7b9d59435f.jpg"}],"author":"rtnews","twitter_card":"summary_large_image","twitter_creator":"@WirMachenAuf_de","twitter_site":"@WirMachenAuf_de","twitter_misc":{"Verfasst von":"rtnews","Gesch\u00e4tzte Lesezeit":"2\u00a0Minuten"},"schema":{"@context":"https:\/\/schema.org","@graph":[{"@type":"Article","@id":"https:\/\/now-news.de\/de\/deutschland\/keine-territorialen-zugestaendnisse-selenskij-lehnt-trump-friedensplan-ab\/#article","isPartOf":{"@id":"https:\/\/now-news.de\/de\/deutschland\/keine-territorialen-zugestaendnisse-selenskij-lehnt-trump-friedensplan-ab\/"},"author":{"name":"rtnews","@id":"https:\/\/now-news.de\/de\/#\/schema\/person\/fb534a4e865501d8b3285208df34a9b5"},"headline":"Keine territorialen Zugest\u00e4ndnisse: Selenskij lehnt Trump-Friedensplan ab","datePublished":"2024-12-08T19:15:15+00:00","dateModified":"2024-12-08T19:15:15+00:00","mainEntityOfPage":{"@id":"https:\/\/now-news.de\/de\/deutschland\/keine-territorialen-zugestaendnisse-selenskij-lehnt-trump-friedensplan-ab\/"},"wordCount":437,"commentCount":0,"publisher":{"@id":"https:\/\/now-news.de\/de\/#organization"},"image":{"@id":"https:\/\/now-news.de\/de\/deutschland\/keine-territorialen-zugestaendnisse-selenskij-lehnt-trump-friedensplan-ab\/#primaryimage"},"thumbnailUrl":"https:\/\/now-news.de\/de\/wp-content\/uploads\/sites\/3\/2024\/12\/Keine-territorialen-Zugestaendnisse-Selenskij-lehnt-Trump-Friedensplan-ab.jpg","keywords":["keine","lehnt","Selenskij","territorialen","TrumpFriedensplan","Zugest\u00e4ndnisse"],"articleSection":["Deutschland","Russland"],"inLanguage":"de","potentialAction":[{"@type":"CommentAction","name":"Comment","target":["https:\/\/now-news.de\/de\/deutschland\/keine-territorialen-zugestaendnisse-selenskij-lehnt-trump-friedensplan-ab\/#respond"]}]},{"@type":"WebPage","@id":"https:\/\/now-news.de\/de\/deutschland\/keine-territorialen-zugestaendnisse-selenskij-lehnt-trump-friedensplan-ab\/","url":"https:\/\/now-news.de\/de\/deutschland\/keine-territorialen-zugestaendnisse-selenskij-lehnt-trump-friedensplan-ab\/","name":"Keine territorialen Zugest\u00e4ndnisse: Selenskij lehnt Trump-Friedensplan ab - just-now.NEWS Deutschland","isPartOf":{"@id":"https:\/\/now-news.de\/de\/#website"},"primaryImageOfPage":{"@id":"https:\/\/now-news.de\/de\/deutschland\/keine-territorialen-zugestaendnisse-selenskij-lehnt-trump-friedensplan-ab\/#primaryimage"},"image":{"@id":"https:\/\/now-news.de\/de\/deutschland\/keine-territorialen-zugestaendnisse-selenskij-lehnt-trump-friedensplan-ab\/#primaryimage"},"thumbnailUrl":"https:\/\/now-news.de\/de\/wp-content\/uploads\/sites\/3\/2024\/12\/Keine-territorialen-Zugestaendnisse-Selenskij-lehnt-Trump-Friedensplan-ab.jpg","datePublished":"2024-12-08T19:15:15+00:00","dateModified":"2024-12-08T19:15:15+00:00","breadcrumb":{"@id":"https:\/\/now-news.de\/de\/deutschland\/keine-territorialen-zugestaendnisse-selenskij-lehnt-trump-friedensplan-ab\/#breadcrumb"},"inLanguage":"de","potentialAction":[{"@type":"ReadAction","target":["https:\/\/now-news.de\/de\/deutschland\/keine-territorialen-zugestaendnisse-selenskij-lehnt-trump-friedensplan-ab\/"]}]},{"@type":"ImageObject","inLanguage":"de","@id":"https:\/\/now-news.de\/de\/deutschland\/keine-territorialen-zugestaendnisse-selenskij-lehnt-trump-friedensplan-ab\/#primaryimage","url":"https:\/\/now-news.de\/de\/wp-content\/uploads\/sites\/3\/2024\/12\/Keine-territorialen-Zugestaendnisse-Selenskij-lehnt-Trump-Friedensplan-ab.jpg","contentUrl":"https:\/\/now-news.de\/de\/wp-content\/uploads\/sites\/3\/2024\/12\/Keine-territorialen-Zugestaendnisse-Selenskij-lehnt-Trump-Friedensplan-ab.jpg","width":460,"height":259,"caption":"Keine territorialen Zugest\u00e4ndnisse: Selenskij lehnt Trump-Friedensplan ab"},{"@type":"BreadcrumbList","@id":"https:\/\/now-news.de\/de\/deutschland\/keine-territorialen-zugestaendnisse-selenskij-lehnt-trump-friedensplan-ab\/#breadcrumb","itemListElement":[{"@type":"ListItem","position":1,"name":"Home","item":"https:\/\/now-news.de\/de\/"},{"@type":"ListItem","position":2,"name":"Keine territorialen Zugest\u00e4ndnisse: Selenskij lehnt Trump-Friedensplan ab"}]},{"@type":"WebSite","@id":"https:\/\/now-news.de\/de\/#website","url":"https:\/\/now-news.de\/de\/","name":"just-now.NEWS Deutschland","description":"Das Portal f\u00fcr unzensierte Nachrichten aus der Welt","publisher":{"@id":"https:\/\/now-news.de\/de\/#organization"},"potentialAction":[{"@type":"SearchAction","target":{"@type":"EntryPoint","urlTemplate":"https:\/\/now-news.de\/de\/?s={search_term_string}"},"query-input":"required name=search_term_string"}],"inLanguage":"de"},{"@type":"Organization","@id":"https:\/\/now-news.de\/de\/#organization","name":"Just Now News","url":"https:\/\/now-news.de\/de\/","logo":{"@type":"ImageObject","inLanguage":"de","@id":"https:\/\/now-news.de\/de\/#\/schema\/logo\/image\/","url":"http:\/\/just-now.news\/de\/wp-content\/uploads\/sites\/3\/2022\/04\/logo500x500.jpg","contentUrl":"http:\/\/just-now.news\/de\/wp-content\/uploads\/sites\/3\/2022\/04\/logo500x500.jpg","width":500,"height":500,"caption":"Just Now News"},"image":{"@id":"https:\/\/now-news.de\/de\/#\/schema\/logo\/image\/"},"sameAs":["https:\/\/www.facebook.com\/wirmachenauf","https:\/\/x.com\/WirMachenAuf_de"]},{"@type":"Person","@id":"https:\/\/now-news.de\/de\/#\/schema\/person\/fb534a4e865501d8b3285208df34a9b5","name":"rtnews","image":{"@type":"ImageObject","inLanguage":"de","@id":"https:\/\/now-news.de\/de\/#\/schema\/person\/image\/","url":"https:\/\/secure.gravatar.com\/avatar\/82aafea7d8127119dd649515f56e2117?s=96&d=mm&r=g","contentUrl":"https:\/\/secure.gravatar.com\/avatar\/82aafea7d8127119dd649515f56e2117?s=96&d=mm&r=g","caption":"rtnews"},"url":"https:\/\/now-news.de\/de\/author\/rnews\/"}]}},"_links":{"self":[{"href":"https:\/\/now-news.de\/de\/wp-json\/wp\/v2\/posts\/74089"}],"collection":[{"href":"https:\/\/now-news.de\/de\/wp-json\/wp\/v2\/posts"}],"about":[{"href":"https:\/\/now-news.de\/de\/wp-json\/wp\/v2\/types\/post"}],"author":[{"embeddable":true,"href":"https:\/\/now-news.de\/de\/wp-json\/wp\/v2\/users\/3"}],"replies":[{"embeddable":true,"href":"https:\/\/now-news.de\/de\/wp-json\/wp\/v2\/comments?post=74089"}],"version-history":[{"count":0,"href":"https:\/\/now-news.de\/de\/wp-json\/wp\/v2\/posts\/74089\/revisions"}],"wp:featuredmedia":[{"embeddable":true,"href":"https:\/\/now-news.de\/de\/wp-json\/wp\/v2\/media\/74090"}],"wp:attachment":[{"href":"https:\/\/now-news.de\/de\/wp-json\/wp\/v2\/media?parent=74089"}],"wp:term":[{"taxonomy":"category","embeddable":true,"href":"https:\/\/now-news.de\/de\/wp-json\/wp\/v2\/categories?post=74089"},{"taxonomy":"post_tag","embeddable":true,"href":"https:\/\/now-news.de\/de\/wp-json\/wp\/v2\/tags?post=74089"}],"curies":[{"name":"wp","href":"https:\/\/api.w.org\/{rel}","templated":true}]}}