{"id":74082,"date":"2024-12-08T19:17:19","date_gmt":"2024-12-08T17:17:19","guid":{"rendered":"https:\/\/now-news.de\/de\/deutschland\/saemtliche-zivilisten-auf-der-stelle-zu-erschiessen-die-verbrechen-einer-wehrmacht-spezialeinheit\/"},"modified":"2024-12-08T19:17:19","modified_gmt":"2024-12-08T17:17:19","slug":"saemtliche-zivilisten-auf-der-stelle-zu-erschiessen-die-verbrechen-einer-wehrmacht-spezialeinheit","status":"publish","type":"post","link":"https:\/\/now-news.de\/de\/deutschland\/saemtliche-zivilisten-auf-der-stelle-zu-erschiessen-die-verbrechen-einer-wehrmacht-spezialeinheit\/","title":{"rendered":"&quot;S\u00e4mtliche Zivilisten auf der Stelle zu erschie\u00dfen&quot; \u2013 die Verbrechen einer Wehrmacht-Spezialeinheit"},"content":{"rendered":"<p><img decoding=\"async\" src=\"https:\/\/now-news.de\/de\/wp-content\/uploads\/sites\/3\/2024\/12\/6751aeccb480cc7496247b68.jpg\" \/><\/p>\n<div class=\"Text-root Text-type_1 \">\n                Russlands Inlandsgeheimdienst FSB ver\u00f6ffentlicht historische Dokumente zur deutschen Spezialeinheit &#8220;Brandenburg&#8221;. Die Unterlagen geben Einblicke in die Geschichte und Struktur der Formation, aber auch auf brutale Kriegsf\u00fchrungsmethoden in der Sowjetunion im Rahmen der &#8220;Partisanenbek\u00e4mpfung&#8221;.\n            <\/div>\n<p><\/p>\n<div class=\"Text-root Text-type_5 ArticleView-text ViewText-root \">\n<p>Eine der bekanntesten Spezialeinheiten des Zweiten Weltkrieges stellte die als &#8220;Brandenburg-800&#8221; bekannte deutsche Formation dar. Gegr\u00fcndet im Oktober 1939 unter der Tarnbezeichnung &#8220;Baulehrkompanie z. b. V. (zur besonderen Verf\u00fcgung)&#8221;, erhielt sie ihren Namen, nachdem sie im Sommer 1940 zum &#8220;Lehr-Regiment Brandenburg z. b. V. 800&#8221; erweitert wurde und unterstand urspr\u00fcnglich dem Amt Ausland\/Abwehr II. Im April 1943 wurde die inzwischen zu einer Division erweiterte &#8220;Brandenburg&#8221; dem Oberkommando der Wehrmacht unterstellt.<\/p>\n<p>Bis zur Umwandlung der Einheit in eine regul\u00e4re Panzergrenadier-Division im September 1944 umfassten die Aufgaben der Formation &#8220;Kommandounternehmen&#8221; \u2013 Einnahmen wichtiger Objekte im gegnerischen Hinterland, Aufkl\u00e4rung und Sabotageakte. K\u00e4mpfer der Einheit nahmen an den Kampagnen der Wehrmacht in Polen, Belgien, Frankreich sowie am \u00dcberfall auf die Sowjetunion teil. An der sowjetisch-deutschen Front tarnten sie sich oft bei ihren Eins\u00e4tzen unter Verletzung der Haager Landkriegsordnung als Rotarmisten. Nach dem Beginn des deutschen R\u00fcckzugs an der Ostfront wurden Einheiten der Division seit Anfang 1943 zunehmend zur Bek\u00e4mpfung von Partisanen in besetzten Gebieten eingesetzt.<\/p>\n<p>Als eine deutsche Spezialeinheit gerieten die &#8220;Brandenburger&#8221; ins Visier der sowjetischen Gegenaufkl\u00e4rung Smersch (vom russischen &#8220;Smert spionam&#8221; \u2013 &#8220;Tod den Spionen&#8221;). Sowjetische Nachrichtendienste sammelten und dokumentierten Informationen \u00fcber die Zusammensetzung und Taktik, aber auch \u00fcber Kriegsverbrechen der &#8220;Brandenburger&#8221; und versuchten, Angeh\u00f6rige der Spezialeinheit unter anderen Kriegsgefangenen ausfindig zu machen.<\/p>\n<div class=\"EmbedBlock-root EmbedBlock-externalVideo EmbedBlock-rumble\">\n<div class=\"VkEmbed\"><iframe class=\"lazyload\" data-src=\"https:\/\/rumble.com\/embed\/v5uh1hz\" frameborder=\"0\" width=\"853\" height=\"480\" allowfullscreen><\/iframe><\/div>\n<\/div>\n<p>Der Pressedienst des russischen Inlandsgeheimdiensts FSB macht am 6. Dezember digitalisierte Dokumente mit Bezug auf die Brandenburg-Division aus dem Jahr 1944 aus dem Archiv der Verwaltung der FSB im Gebiet Omsk erstmals der \u00d6ffentlichkeit zug\u00e4nglich. Die internen Smersch-Meldungen der 1. Wei\u00dfrussischen Front sowie Verh\u00f6rprotokolle von zwei gefangen genommenen &#8220;Brandenburgern&#8221; geben Einblicke in die Struktur, Eins\u00e4tze und Taktiken des deutschen Spezialverbands, aber auch in die Kriegsverbrechen, die von den Divisions-Angeh\u00f6rigen im Rahmen des Vernichtungskriegs gegen die Sowjetunion ver\u00fcbt wurden.<\/p>\n<p>So meldete am 14. Juni 1944 Oberst W. I. Budarew, Leiter der Smersch der sowjetischen 61. Armee, seinem Vorgesetzten, Generalleutnant A. A. Wadis, Sabotageaktionen der Brandenburg-Division im Frontbereich der 61. Armee. Als eine &#8220;bezeichnende Tatsache&#8221; f\u00fchrte er dabei an, dass K\u00e4mpfer der deutschen Spezialeinheit sich mit sowjetischen Uniformen verkleidet h\u00e4tten:<\/p>\n<p><em>&#8220;Am 30. Mai 1944 um 12:30 Uhr n\u00e4herten sich der Beobachtungsstelle des 89. Sch\u00fctzenregiments der 23. Sch\u00fctzendivision, wo sich eine Gruppe Aufkl\u00e4rer aufhielt, sieben Deutsche, von denen vier die Uniform der Roten Armee und drei Frauenkleider trugen. Dank der Unachtsamkeit der Aufkl\u00e4rer nahmen die Deutschen zwei Beobachter gefangen und f\u00fchrten sie auf die gegnerische Seite \u00fcber und nahmen ein Telefon mit, ohne auf Widerstand zu sto\u00dfen.&#8221;<\/em><\/p>\n<p>Der im Mai 1944 gefangen genommene Feldwebel der 9. Kompanie des 3. Bataillons des 3. Regiments der Brandenburg-Division, Hubert Kerstges, gab an, dass seine Einheit seit dem Angriff auf die Sowjetunion Uniformen der Roten Armee f\u00fcr Spezialeins\u00e4tze nutzte. Der erste solcher Eins\u00e4tze sei bereits am Tag des \u00dcberfalls am 22. Juni 1941 erfolgt. Zu den Aufgaben der &#8220;Brandenburger&#8221; geh\u00f6rte der Durchbruch von gegnerischen Linien und die Besetzung von Objekten, die f\u00fcr sp\u00e4tere Offensiven eine wichtige Bedeutung hatten.<\/p>\n<p>Der im Jahr 1922 im damaligen Bezirk Aachen in der Stadt B\u00fcllingen (im heutigen Belgien) geborene Kerstges geh\u00f6rte der Formation seit Dezember 1940 an. W\u00e4hrend des \u00dcberfalls auf die Sowjetunion im Sommer 1941 nahm sein Bataillon an K\u00e4mpfen bei Brest-Litowsk, Minsk, Slonim und Smolensk teil. Seit April 1943 betrieb die Einheit Partisanenbek\u00e4mpfung im Bezirk Karatschew des russischen Gebiets Brjansk.<\/p>\n<p>Vor Kerstges\u2019 Gefangennahme im Mai 1944 war sein Bataillon in der N\u00e4he der Stadt Rogatschow im heutigen Wei\u00dfrussland stationiert. Zu diesem Zeitpunkt befanden sich zwei Bataillone des 3. Regiments der Brandenburg-Division in der UdSSR, ein drittes in Westeuropa. Drei andere der insgesamt vier Regimenter der Brandenburg-Division waren auf dem Balkan stationiert.<\/p>\n<p>F\u00fcr Sabotageeins\u00e4tze wurden in die Brandenburg-Division auch Menschen mit Kenntnissen der einheimischen Sprachen angeworben. So berichtete Kerstges, dass jede vierte Kompanie der vier Bataillone seines Regiments &#8220;Legion\u00e4rkompanie&#8221; hie\u00df und etwa zur H\u00e4lfte aus sowjetischen \u00dcberl\u00e4ufern bestand. Dabei gab er allerdings an, dass diese Kompanie in seinem eigenen Bataillon im Januar 1943 &#8220;wegen Unzuverl\u00e4ssigkeit&#8221; aufgel\u00f6st wurde.<\/p>\n<p>Ein Beispiel f\u00fcr \u00dcberl\u00e4ufer bei der Brandenburg-Division lieferte der zweite befragte Gefangene, Gefreiter Heinrich Koch. Als Wolgadeutscher, der 1917 geboren wurde, diente er seit August 1941 in der Roten Armee, wurde aber am 18. Oktober 1941 bei Orjol gefangen genommen. Im April 1942 trat er der Wehrmacht bei. &#8220;Ich glaubte an einen Sieg Deutschlands und daran, dass aus dem eroberten Russland alle Deutschen nach Deutschland umgesiedelt werden&#8221;, f\u00fchrte er w\u00e4hrend des Verh\u00f6rs seine Beweggr\u00fcnde an. Wegen seiner Russischkenntnisse wurde Koch dem Brandenburg-Regiment zugewiesen und diente seit Mai 1944 in derselben Einheit wie Kerstges.<\/p>\n<p>Kerstges\u2019 und Kochs Aussagen zur &#8220;Partisanenbek\u00e4mpfung&#8221; durch ihre Einheit verdeutlichen, dass unter diesem Deckmantel tats\u00e4chlich eher eine Vernichtung der sowjetischen unbewaffneten Zivilbev\u00f6lkerung stattgefunden hat. Das 3. Bataillon nahm nach Angaben des Feldwebels an vier dieser Eins\u00e4tze teil.<\/p>\n<p>Im August 1942 zerst\u00f6rte die Einheit im Rahmen einer &#8220;S\u00e4uberungsaktion&#8221; das Dorf Maloje Kowaljowo bei Roslawl. Bewohner, die sich weigerten, ihre H\u00e4user zu verlassen \u2013 etwa zehn Frauen, zw\u00f6lf Kinder sowie f\u00fcnf \u00e4ltere Menschen \u2013 wurden erschossen, der Rest in die Gefangenschaft verschleppt. &#8220;Ich selbst setzte mit meiner Gruppe f\u00fcnfzehn H\u00e4user in Brand. In einem lag eine erschossene Frau mit drei Kindern&#8221;, erinnerte sich Kerstges. Anfang Dezember 1943 erschoss Kerstges einen \u00e4lteren Zivilisten, nachdem seine Einheit das Dorf Nowo-Bolotscha (im heutigen Gebiet Minsk in Wei\u00dfrussland) niedergebrannt hatte.<\/p>\n<p>Am 31. Dezember 1943 \u00fcberfiel Kerstges\u2019 Bataillon ein &#8220;Partisanenlager&#8221; in der N\u00e4he des Dorfs Poljana bei Bobruisk. Der Feldwebel gab dabei an, dass die &#8220;Partisanen&#8221; beim Angriff widerstandslos geflohen seien. Zu dieser Aussage vermerkte Oberst Budarew in seinem Bericht, dass es sich um ein Lager von gefl\u00fcchteten Zivilisten aus den umliegenden D\u00f6rfern gehandelt habe. Letzteres legt auch die Opferstatistik nahe: Die &#8220;Brandenburger&#8221; erschossen im Lager acht Frauen, sieben Kinder und vier \u00e4ltere Menschen.<\/p>\n<p>Ende April 1944 hatte Kerstges\u2019 Kompanie auf Befehl des 23. Armeekorps das Dorf Powtschen in der N\u00e4he der wei\u00dfrussischen Stadt Turow &#8220;von der Landkarte getilgt&#8221;. Gruppen von etwa 50 sowie etwa 25 gefasster Zivilisten wurden in zwei H\u00e4user eingesperrt. Kerstges erhielt &#8220;den unangenehmen Befehl&#8221;, 50 Menschen zu erschie\u00dfen, den er ausf\u00fchrte:<\/p>\n<p><em>&#8220;Das Haus, in dem ich die Dorfbewohner erschossen hatte, steckte ich selbst in Brand, nachdem ich mich versichert habe, dass sie alle tot sind.&#8221;<\/em><\/p>\n<p>Seinerseits berichtete Koch von einer gro\u00dfen Strafexpedition gegen Partisanen, die vom 18. Oktober bis zum 20. November 1943 im Raum Bobruisk \u2013 Bychow \u2013 Rogatschow im heutigen Wei\u00dfrussland vom 3. Bataillon gemeinsam mit anderen r\u00fcckw\u00e4rtigen Verb\u00e4nden der Wehrmacht ausgef\u00fchrt wurde:<\/p>\n<p><em>&#8220;Auf Befehl des Kommandos des r\u00fcckw\u00e4rtigen Armeegebiets waren in dieser Gegend s\u00e4mtliche D\u00f6rfer niederzubrennen und s\u00e4mtliche Zivilisten, die sich in W\u00e4ldern versteckten, auf der Stelle zu erschie\u00dfen.&#8221;<\/em><\/p>\n<p>Koch soll pers\u00f6nlich einen Fall beobachtet haben, bei dem Mitte November eine Gruppe von Zivilisten, die beim Durchk\u00e4mmen eines Waldgebiets gefasst worden waren, erschossen wurde: &#8220;Insgesamt wurden etwa zehn M\u00e4nner, zehn Frauen und acht Kinder im Alter zwischen zwei und dreizehn Jahren erschossen.&#8221; W\u00e4hrend der gesamten Strafexpedition hat allein das 3. Bataillon des 3. Regiments der Brandenburg-Division im Umland des Dorfs Tschetschewitschi bis zu acht D\u00f6rfer zerst\u00f6rt und mindestens 200 Zivilisten ermordet.<\/p>\n<p>Der sowjetische Bericht vermerkt, dass Kerstges und Koch vor ein Milit\u00e4rgericht gestellt wurden. \u00dcber ihren Verbleib geben die ver\u00f6ffentlichten Dokumente keine Auskunft. Insgesamt wurden w\u00e4hrend des deutschen Vernichtungskriegs gegen die Sowjetunion allein in Wei\u00dfrussland 9.200 Siedlungen zerst\u00f6rt, davon knapp 5.300 teilweise oder vollst\u00e4ndig inklusive der Ermordung ihrer Bev\u00f6lkerung.<\/p>\n<p><strong>Mehr zum Thema:\u00a0<\/strong><a rel=\"nofollow noopener\" target=\"_blank\" href=\"https:\/\/freedert.online\/meinung\/219616-vergessene-voelkermord-nazis-in-weissrussland\/\">Der vergessene V\u00f6lkermord der Nazis in Wei\u00dfrussland \u2013 Vernissage in K\u00f6ln h\u00e4lt die Erinnerung wach<\/a><\/p>\n<div class=\"EmbedBlock-root EmbedBlock-externalVideo EmbedBlock-odysee\">\n<div class=\"VkEmbed\"><iframe class=\"lazyload\" data-src=\"https:\/\/odysee.com\/%24\/embed\/%40RTDE%3Ae%2FZum-80-Jahrestag-der-Befreiung-von-NS-Besatzern-in-Wei%C3%9Frussland-Historischer-R%C3%BCckblick%3Af\" frameborder=\"0\" width=\"853\" height=\"480\" allowfullscreen><\/iframe><\/div>\n<\/div>\n<\/div>\n<p><br \/>\n<br \/><a href=\"https:\/\/de.rt.com\/russland\/228482-saemtliche-zivilisten-auf-stelle-zu\/\">Source link <\/a><\/p>\n","protected":false},"excerpt":{"rendered":"<p>Russlands Inlandsgeheimdienst FSB ver\u00f6ffentlicht historische Dokumente zur deutschen Spezialeinheit &#8220;Brandenburg&#8221;. Die Unterlagen geben Einblicke in die Geschichte und Struktur der Formation, aber auch auf brutale Kriegsf\u00fchrungsmethoden in der Sowjetunion im Rahmen der &#8220;Partisanenbek\u00e4mpfung&#8221;. Eine der bekanntesten Spezialeinheiten des Zweiten Weltkrieges stellte die als &#8220;Brandenburg-800&#8221; bekannte deutsche Formation dar. Gegr\u00fcndet im Oktober 1939 unter der Tarnbezeichnung [&hellip;]<\/p>\n","protected":false},"author":3,"featured_media":74083,"comment_status":"open","ping_status":"open","sticky":false,"template":"","format":"standard","meta":{"_yoast_indexnow_last_ping":["1733678584"],"wp_automatic_camp":["217"],"75dee9486c3c88933824513f2bfa773b":["&quot;S\u00e4mtliche Zivilisten auf der Stelle zu erschie\u00dfen&quot; \u2013 die Verbrechen einer Wehrmacht-Spezialeinheit"],"original_link":["https:\/\/de.rt.com\/russland\/228482-saemtliche-zivilisten-auf-stelle-zu\/"],"_thumbnail_id":["74083"],"_wptgpro_p2tg_sent2tg":["a:1:{i:23737;s:19:\"2024-12-08 19:24:08\";}"],"jnews_social_counter_last_update":["1777607728"]},"categories":[19,23],"tags":[133,82,45,212,36423,60864,4439,4252,60865,7539],"yoast_head":"<!-- This site is optimized with the Yoast SEO Premium plugin v22.7 (Yoast SEO v22.7) - https:\/\/yoast.com\/wordpress\/plugins\/seo\/ -->\n<title>&quot;S\u00e4mtliche Zivilisten auf der Stelle zu erschie\u00dfen&quot; \u2013 die Verbrechen einer Wehrmacht-Spezialeinheit - just-now.NEWS Deutschland<\/title>\n<meta name=\"robots\" content=\"index, follow, max-snippet:-1, max-image-preview:large, max-video-preview:-1\" \/>\n<link rel=\"canonical\" href=\"https:\/\/now-news.de\/de\/deutschland\/saemtliche-zivilisten-auf-der-stelle-zu-erschiessen-die-verbrechen-einer-wehrmacht-spezialeinheit\/\" \/>\n<meta property=\"og:locale\" content=\"de_DE\" \/>\n<meta property=\"og:type\" content=\"article\" \/>\n<meta property=\"og:title\" content=\"&quot;S\u00e4mtliche Zivilisten auf der Stelle zu erschie\u00dfen&quot; \u2013 die Verbrechen einer Wehrmacht-Spezialeinheit\" \/>\n<meta property=\"og:description\" content=\"Russlands Inlandsgeheimdienst FSB ver\u00f6ffentlicht historische Dokumente zur deutschen Spezialeinheit &#8220;Brandenburg&#8221;. Die Unterlagen geben Einblicke in die Geschichte und Struktur der Formation, aber auch auf brutale Kriegsf\u00fchrungsmethoden in der Sowjetunion im Rahmen der &#8220;Partisanenbek\u00e4mpfung&#8221;. Eine der bekanntesten Spezialeinheiten des Zweiten Weltkrieges stellte die als &#8220;Brandenburg-800&#8221; bekannte deutsche Formation dar. Gegr\u00fcndet im Oktober 1939 unter der Tarnbezeichnung [&hellip;]\" \/>\n<meta property=\"og:url\" content=\"https:\/\/now-news.de\/de\/deutschland\/saemtliche-zivilisten-auf-der-stelle-zu-erschiessen-die-verbrechen-einer-wehrmacht-spezialeinheit\/\" \/>\n<meta property=\"og:site_name\" content=\"just-now.NEWS Deutschland\" \/>\n<meta property=\"article:publisher\" content=\"https:\/\/www.facebook.com\/wirmachenauf\" \/>\n<meta property=\"article:published_time\" content=\"2024-12-08T17:17:19+00:00\" \/>\n<meta property=\"og:image\" content=\"https:\/\/now-news.de\/de\/wp-content\/uploads\/sites\/3\/2024\/12\/6751aeccb480cc7496247b68.jpg\" \/>\n<meta name=\"author\" content=\"rtnews\" \/>\n<meta name=\"twitter:card\" content=\"summary_large_image\" \/>\n<meta name=\"twitter:creator\" content=\"@WirMachenAuf_de\" \/>\n<meta name=\"twitter:site\" content=\"@WirMachenAuf_de\" \/>\n<meta name=\"twitter:label1\" content=\"Verfasst von\" \/>\n\t<meta name=\"twitter:data1\" content=\"rtnews\" \/>\n\t<meta name=\"twitter:label2\" content=\"Gesch\u00e4tzte Lesezeit\" \/>\n\t<meta name=\"twitter:data2\" content=\"6\u00a0Minuten\" \/>\n<script type=\"application\/ld+json\" class=\"yoast-schema-graph\">{\"@context\":\"https:\/\/schema.org\",\"@graph\":[{\"@type\":\"Article\",\"@id\":\"https:\/\/now-news.de\/de\/deutschland\/saemtliche-zivilisten-auf-der-stelle-zu-erschiessen-die-verbrechen-einer-wehrmacht-spezialeinheit\/#article\",\"isPartOf\":{\"@id\":\"https:\/\/now-news.de\/de\/deutschland\/saemtliche-zivilisten-auf-der-stelle-zu-erschiessen-die-verbrechen-einer-wehrmacht-spezialeinheit\/\"},\"author\":{\"name\":\"rtnews\",\"@id\":\"https:\/\/now-news.de\/de\/#\/schema\/person\/fb534a4e865501d8b3285208df34a9b5\"},\"headline\":\"&quot;S\u00e4mtliche Zivilisten auf der Stelle zu erschie\u00dfen&quot; \u2013 die Verbrechen einer Wehrmacht-Spezialeinheit\",\"datePublished\":\"2024-12-08T17:17:19+00:00\",\"dateModified\":\"2024-12-08T17:17:19+00:00\",\"mainEntityOfPage\":{\"@id\":\"https:\/\/now-news.de\/de\/deutschland\/saemtliche-zivilisten-auf-der-stelle-zu-erschiessen-die-verbrechen-einer-wehrmacht-spezialeinheit\/\"},\"wordCount\":1311,\"commentCount\":0,\"publisher\":{\"@id\":\"https:\/\/now-news.de\/de\/#organization\"},\"image\":{\"@id\":\"https:\/\/now-news.de\/de\/deutschland\/saemtliche-zivilisten-auf-der-stelle-zu-erschiessen-die-verbrechen-einer-wehrmacht-spezialeinheit\/#primaryimage\"},\"thumbnailUrl\":\"https:\/\/now-news.de\/de\/wp-content\/uploads\/sites\/3\/2024\/12\/quotSaemtliche-Zivilisten-auf-der-Stelle-zu-erschiessenquot-\u2013-die-Verbrechen.jpg\",\"keywords\":[\"AUF\",\"der\",\"die\",\"einer\",\"erschie\u00dfenquot\",\"quotS\u00e4mtliche\",\"Stelle\",\"Verbrechen\",\"WehrmachtSpezialeinheit\",\"Zivilisten\"],\"articleSection\":[\"Deutschland\",\"Russland\"],\"inLanguage\":\"de\",\"potentialAction\":[{\"@type\":\"CommentAction\",\"name\":\"Comment\",\"target\":[\"https:\/\/now-news.de\/de\/deutschland\/saemtliche-zivilisten-auf-der-stelle-zu-erschiessen-die-verbrechen-einer-wehrmacht-spezialeinheit\/#respond\"]}]},{\"@type\":\"WebPage\",\"@id\":\"https:\/\/now-news.de\/de\/deutschland\/saemtliche-zivilisten-auf-der-stelle-zu-erschiessen-die-verbrechen-einer-wehrmacht-spezialeinheit\/\",\"url\":\"https:\/\/now-news.de\/de\/deutschland\/saemtliche-zivilisten-auf-der-stelle-zu-erschiessen-die-verbrechen-einer-wehrmacht-spezialeinheit\/\",\"name\":\"&quot;S\u00e4mtliche Zivilisten auf der Stelle zu erschie\u00dfen&quot; \u2013 die Verbrechen einer Wehrmacht-Spezialeinheit - just-now.NEWS Deutschland\",\"isPartOf\":{\"@id\":\"https:\/\/now-news.de\/de\/#website\"},\"primaryImageOfPage\":{\"@id\":\"https:\/\/now-news.de\/de\/deutschland\/saemtliche-zivilisten-auf-der-stelle-zu-erschiessen-die-verbrechen-einer-wehrmacht-spezialeinheit\/#primaryimage\"},\"image\":{\"@id\":\"https:\/\/now-news.de\/de\/deutschland\/saemtliche-zivilisten-auf-der-stelle-zu-erschiessen-die-verbrechen-einer-wehrmacht-spezialeinheit\/#primaryimage\"},\"thumbnailUrl\":\"https:\/\/now-news.de\/de\/wp-content\/uploads\/sites\/3\/2024\/12\/quotSaemtliche-Zivilisten-auf-der-Stelle-zu-erschiessenquot-\u2013-die-Verbrechen.jpg\",\"datePublished\":\"2024-12-08T17:17:19+00:00\",\"dateModified\":\"2024-12-08T17:17:19+00:00\",\"breadcrumb\":{\"@id\":\"https:\/\/now-news.de\/de\/deutschland\/saemtliche-zivilisten-auf-der-stelle-zu-erschiessen-die-verbrechen-einer-wehrmacht-spezialeinheit\/#breadcrumb\"},\"inLanguage\":\"de\",\"potentialAction\":[{\"@type\":\"ReadAction\",\"target\":[\"https:\/\/now-news.de\/de\/deutschland\/saemtliche-zivilisten-auf-der-stelle-zu-erschiessen-die-verbrechen-einer-wehrmacht-spezialeinheit\/\"]}]},{\"@type\":\"ImageObject\",\"inLanguage\":\"de\",\"@id\":\"https:\/\/now-news.de\/de\/deutschland\/saemtliche-zivilisten-auf-der-stelle-zu-erschiessen-die-verbrechen-einer-wehrmacht-spezialeinheit\/#primaryimage\",\"url\":\"https:\/\/now-news.de\/de\/wp-content\/uploads\/sites\/3\/2024\/12\/quotSaemtliche-Zivilisten-auf-der-Stelle-zu-erschiessenquot-\u2013-die-Verbrechen.jpg\",\"contentUrl\":\"https:\/\/now-news.de\/de\/wp-content\/uploads\/sites\/3\/2024\/12\/quotSaemtliche-Zivilisten-auf-der-Stelle-zu-erschiessenquot-\u2013-die-Verbrechen.jpg\",\"width\":460,\"height\":259,\"caption\":\"&quot;S\u00e4mtliche Zivilisten auf der Stelle zu erschie\u00dfen&quot; \u2013 die Verbrechen einer Wehrmacht-Spezialeinheit\"},{\"@type\":\"BreadcrumbList\",\"@id\":\"https:\/\/now-news.de\/de\/deutschland\/saemtliche-zivilisten-auf-der-stelle-zu-erschiessen-die-verbrechen-einer-wehrmacht-spezialeinheit\/#breadcrumb\",\"itemListElement\":[{\"@type\":\"ListItem\",\"position\":1,\"name\":\"Home\",\"item\":\"https:\/\/now-news.de\/de\/\"},{\"@type\":\"ListItem\",\"position\":2,\"name\":\"&quot;S\u00e4mtliche Zivilisten auf der Stelle zu erschie\u00dfen&quot; \u2013 die Verbrechen einer Wehrmacht-Spezialeinheit\"}]},{\"@type\":\"WebSite\",\"@id\":\"https:\/\/now-news.de\/de\/#website\",\"url\":\"https:\/\/now-news.de\/de\/\",\"name\":\"just-now.NEWS Deutschland\",\"description\":\"Das Portal f\u00fcr unzensierte Nachrichten aus der Welt\",\"publisher\":{\"@id\":\"https:\/\/now-news.de\/de\/#organization\"},\"potentialAction\":[{\"@type\":\"SearchAction\",\"target\":{\"@type\":\"EntryPoint\",\"urlTemplate\":\"https:\/\/now-news.de\/de\/?s={search_term_string}\"},\"query-input\":\"required name=search_term_string\"}],\"inLanguage\":\"de\"},{\"@type\":\"Organization\",\"@id\":\"https:\/\/now-news.de\/de\/#organization\",\"name\":\"Just Now News\",\"url\":\"https:\/\/now-news.de\/de\/\",\"logo\":{\"@type\":\"ImageObject\",\"inLanguage\":\"de\",\"@id\":\"https:\/\/now-news.de\/de\/#\/schema\/logo\/image\/\",\"url\":\"http:\/\/just-now.news\/de\/wp-content\/uploads\/sites\/3\/2022\/04\/logo500x500.jpg\",\"contentUrl\":\"http:\/\/just-now.news\/de\/wp-content\/uploads\/sites\/3\/2022\/04\/logo500x500.jpg\",\"width\":500,\"height\":500,\"caption\":\"Just Now News\"},\"image\":{\"@id\":\"https:\/\/now-news.de\/de\/#\/schema\/logo\/image\/\"},\"sameAs\":[\"https:\/\/www.facebook.com\/wirmachenauf\",\"https:\/\/x.com\/WirMachenAuf_de\"]},{\"@type\":\"Person\",\"@id\":\"https:\/\/now-news.de\/de\/#\/schema\/person\/fb534a4e865501d8b3285208df34a9b5\",\"name\":\"rtnews\",\"image\":{\"@type\":\"ImageObject\",\"inLanguage\":\"de\",\"@id\":\"https:\/\/now-news.de\/de\/#\/schema\/person\/image\/\",\"url\":\"https:\/\/secure.gravatar.com\/avatar\/82aafea7d8127119dd649515f56e2117?s=96&d=mm&r=g\",\"contentUrl\":\"https:\/\/secure.gravatar.com\/avatar\/82aafea7d8127119dd649515f56e2117?s=96&d=mm&r=g\",\"caption\":\"rtnews\"},\"url\":\"https:\/\/now-news.de\/de\/author\/rnews\/\"}]}<\/script>\n<!-- \/ Yoast SEO Premium plugin. -->","yoast_head_json":{"title":"&quot;S\u00e4mtliche Zivilisten auf der Stelle zu erschie\u00dfen&quot; \u2013 die Verbrechen einer Wehrmacht-Spezialeinheit - just-now.NEWS Deutschland","robots":{"index":"index","follow":"follow","max-snippet":"max-snippet:-1","max-image-preview":"max-image-preview:large","max-video-preview":"max-video-preview:-1"},"canonical":"https:\/\/now-news.de\/de\/deutschland\/saemtliche-zivilisten-auf-der-stelle-zu-erschiessen-die-verbrechen-einer-wehrmacht-spezialeinheit\/","og_locale":"de_DE","og_type":"article","og_title":"&quot;S\u00e4mtliche Zivilisten auf der Stelle zu erschie\u00dfen&quot; \u2013 die Verbrechen einer Wehrmacht-Spezialeinheit","og_description":"Russlands Inlandsgeheimdienst FSB ver\u00f6ffentlicht historische Dokumente zur deutschen Spezialeinheit &#8220;Brandenburg&#8221;. Die Unterlagen geben Einblicke in die Geschichte und Struktur der Formation, aber auch auf brutale Kriegsf\u00fchrungsmethoden in der Sowjetunion im Rahmen der &#8220;Partisanenbek\u00e4mpfung&#8221;. Eine der bekanntesten Spezialeinheiten des Zweiten Weltkrieges stellte die als &#8220;Brandenburg-800&#8221; bekannte deutsche Formation dar. Gegr\u00fcndet im Oktober 1939 unter der Tarnbezeichnung [&hellip;]","og_url":"https:\/\/now-news.de\/de\/deutschland\/saemtliche-zivilisten-auf-der-stelle-zu-erschiessen-die-verbrechen-einer-wehrmacht-spezialeinheit\/","og_site_name":"just-now.NEWS Deutschland","article_publisher":"https:\/\/www.facebook.com\/wirmachenauf","article_published_time":"2024-12-08T17:17:19+00:00","og_image":[{"url":"https:\/\/now-news.de\/de\/wp-content\/uploads\/sites\/3\/2024\/12\/6751aeccb480cc7496247b68.jpg"}],"author":"rtnews","twitter_card":"summary_large_image","twitter_creator":"@WirMachenAuf_de","twitter_site":"@WirMachenAuf_de","twitter_misc":{"Verfasst von":"rtnews","Gesch\u00e4tzte Lesezeit":"6\u00a0Minuten"},"schema":{"@context":"https:\/\/schema.org","@graph":[{"@type":"Article","@id":"https:\/\/now-news.de\/de\/deutschland\/saemtliche-zivilisten-auf-der-stelle-zu-erschiessen-die-verbrechen-einer-wehrmacht-spezialeinheit\/#article","isPartOf":{"@id":"https:\/\/now-news.de\/de\/deutschland\/saemtliche-zivilisten-auf-der-stelle-zu-erschiessen-die-verbrechen-einer-wehrmacht-spezialeinheit\/"},"author":{"name":"rtnews","@id":"https:\/\/now-news.de\/de\/#\/schema\/person\/fb534a4e865501d8b3285208df34a9b5"},"headline":"&quot;S\u00e4mtliche Zivilisten auf der Stelle zu erschie\u00dfen&quot; \u2013 die Verbrechen einer Wehrmacht-Spezialeinheit","datePublished":"2024-12-08T17:17:19+00:00","dateModified":"2024-12-08T17:17:19+00:00","mainEntityOfPage":{"@id":"https:\/\/now-news.de\/de\/deutschland\/saemtliche-zivilisten-auf-der-stelle-zu-erschiessen-die-verbrechen-einer-wehrmacht-spezialeinheit\/"},"wordCount":1311,"commentCount":0,"publisher":{"@id":"https:\/\/now-news.de\/de\/#organization"},"image":{"@id":"https:\/\/now-news.de\/de\/deutschland\/saemtliche-zivilisten-auf-der-stelle-zu-erschiessen-die-verbrechen-einer-wehrmacht-spezialeinheit\/#primaryimage"},"thumbnailUrl":"https:\/\/now-news.de\/de\/wp-content\/uploads\/sites\/3\/2024\/12\/quotSaemtliche-Zivilisten-auf-der-Stelle-zu-erschiessenquot-\u2013-die-Verbrechen.jpg","keywords":["AUF","der","die","einer","erschie\u00dfenquot","quotS\u00e4mtliche","Stelle","Verbrechen","WehrmachtSpezialeinheit","Zivilisten"],"articleSection":["Deutschland","Russland"],"inLanguage":"de","potentialAction":[{"@type":"CommentAction","name":"Comment","target":["https:\/\/now-news.de\/de\/deutschland\/saemtliche-zivilisten-auf-der-stelle-zu-erschiessen-die-verbrechen-einer-wehrmacht-spezialeinheit\/#respond"]}]},{"@type":"WebPage","@id":"https:\/\/now-news.de\/de\/deutschland\/saemtliche-zivilisten-auf-der-stelle-zu-erschiessen-die-verbrechen-einer-wehrmacht-spezialeinheit\/","url":"https:\/\/now-news.de\/de\/deutschland\/saemtliche-zivilisten-auf-der-stelle-zu-erschiessen-die-verbrechen-einer-wehrmacht-spezialeinheit\/","name":"&quot;S\u00e4mtliche Zivilisten auf der Stelle zu erschie\u00dfen&quot; \u2013 die Verbrechen einer Wehrmacht-Spezialeinheit - just-now.NEWS Deutschland","isPartOf":{"@id":"https:\/\/now-news.de\/de\/#website"},"primaryImageOfPage":{"@id":"https:\/\/now-news.de\/de\/deutschland\/saemtliche-zivilisten-auf-der-stelle-zu-erschiessen-die-verbrechen-einer-wehrmacht-spezialeinheit\/#primaryimage"},"image":{"@id":"https:\/\/now-news.de\/de\/deutschland\/saemtliche-zivilisten-auf-der-stelle-zu-erschiessen-die-verbrechen-einer-wehrmacht-spezialeinheit\/#primaryimage"},"thumbnailUrl":"https:\/\/now-news.de\/de\/wp-content\/uploads\/sites\/3\/2024\/12\/quotSaemtliche-Zivilisten-auf-der-Stelle-zu-erschiessenquot-\u2013-die-Verbrechen.jpg","datePublished":"2024-12-08T17:17:19+00:00","dateModified":"2024-12-08T17:17:19+00:00","breadcrumb":{"@id":"https:\/\/now-news.de\/de\/deutschland\/saemtliche-zivilisten-auf-der-stelle-zu-erschiessen-die-verbrechen-einer-wehrmacht-spezialeinheit\/#breadcrumb"},"inLanguage":"de","potentialAction":[{"@type":"ReadAction","target":["https:\/\/now-news.de\/de\/deutschland\/saemtliche-zivilisten-auf-der-stelle-zu-erschiessen-die-verbrechen-einer-wehrmacht-spezialeinheit\/"]}]},{"@type":"ImageObject","inLanguage":"de","@id":"https:\/\/now-news.de\/de\/deutschland\/saemtliche-zivilisten-auf-der-stelle-zu-erschiessen-die-verbrechen-einer-wehrmacht-spezialeinheit\/#primaryimage","url":"https:\/\/now-news.de\/de\/wp-content\/uploads\/sites\/3\/2024\/12\/quotSaemtliche-Zivilisten-auf-der-Stelle-zu-erschiessenquot-\u2013-die-Verbrechen.jpg","contentUrl":"https:\/\/now-news.de\/de\/wp-content\/uploads\/sites\/3\/2024\/12\/quotSaemtliche-Zivilisten-auf-der-Stelle-zu-erschiessenquot-\u2013-die-Verbrechen.jpg","width":460,"height":259,"caption":"&quot;S\u00e4mtliche Zivilisten auf der Stelle zu erschie\u00dfen&quot; \u2013 die Verbrechen einer Wehrmacht-Spezialeinheit"},{"@type":"BreadcrumbList","@id":"https:\/\/now-news.de\/de\/deutschland\/saemtliche-zivilisten-auf-der-stelle-zu-erschiessen-die-verbrechen-einer-wehrmacht-spezialeinheit\/#breadcrumb","itemListElement":[{"@type":"ListItem","position":1,"name":"Home","item":"https:\/\/now-news.de\/de\/"},{"@type":"ListItem","position":2,"name":"&quot;S\u00e4mtliche Zivilisten auf der Stelle zu erschie\u00dfen&quot; \u2013 die Verbrechen einer Wehrmacht-Spezialeinheit"}]},{"@type":"WebSite","@id":"https:\/\/now-news.de\/de\/#website","url":"https:\/\/now-news.de\/de\/","name":"just-now.NEWS Deutschland","description":"Das Portal f\u00fcr unzensierte Nachrichten aus der Welt","publisher":{"@id":"https:\/\/now-news.de\/de\/#organization"},"potentialAction":[{"@type":"SearchAction","target":{"@type":"EntryPoint","urlTemplate":"https:\/\/now-news.de\/de\/?s={search_term_string}"},"query-input":"required name=search_term_string"}],"inLanguage":"de"},{"@type":"Organization","@id":"https:\/\/now-news.de\/de\/#organization","name":"Just Now News","url":"https:\/\/now-news.de\/de\/","logo":{"@type":"ImageObject","inLanguage":"de","@id":"https:\/\/now-news.de\/de\/#\/schema\/logo\/image\/","url":"http:\/\/just-now.news\/de\/wp-content\/uploads\/sites\/3\/2022\/04\/logo500x500.jpg","contentUrl":"http:\/\/just-now.news\/de\/wp-content\/uploads\/sites\/3\/2022\/04\/logo500x500.jpg","width":500,"height":500,"caption":"Just Now News"},"image":{"@id":"https:\/\/now-news.de\/de\/#\/schema\/logo\/image\/"},"sameAs":["https:\/\/www.facebook.com\/wirmachenauf","https:\/\/x.com\/WirMachenAuf_de"]},{"@type":"Person","@id":"https:\/\/now-news.de\/de\/#\/schema\/person\/fb534a4e865501d8b3285208df34a9b5","name":"rtnews","image":{"@type":"ImageObject","inLanguage":"de","@id":"https:\/\/now-news.de\/de\/#\/schema\/person\/image\/","url":"https:\/\/secure.gravatar.com\/avatar\/82aafea7d8127119dd649515f56e2117?s=96&d=mm&r=g","contentUrl":"https:\/\/secure.gravatar.com\/avatar\/82aafea7d8127119dd649515f56e2117?s=96&d=mm&r=g","caption":"rtnews"},"url":"https:\/\/now-news.de\/de\/author\/rnews\/"}]}},"_links":{"self":[{"href":"https:\/\/now-news.de\/de\/wp-json\/wp\/v2\/posts\/74082"}],"collection":[{"href":"https:\/\/now-news.de\/de\/wp-json\/wp\/v2\/posts"}],"about":[{"href":"https:\/\/now-news.de\/de\/wp-json\/wp\/v2\/types\/post"}],"author":[{"embeddable":true,"href":"https:\/\/now-news.de\/de\/wp-json\/wp\/v2\/users\/3"}],"replies":[{"embeddable":true,"href":"https:\/\/now-news.de\/de\/wp-json\/wp\/v2\/comments?post=74082"}],"version-history":[{"count":0,"href":"https:\/\/now-news.de\/de\/wp-json\/wp\/v2\/posts\/74082\/revisions"}],"wp:featuredmedia":[{"embeddable":true,"href":"https:\/\/now-news.de\/de\/wp-json\/wp\/v2\/media\/74083"}],"wp:attachment":[{"href":"https:\/\/now-news.de\/de\/wp-json\/wp\/v2\/media?parent=74082"}],"wp:term":[{"taxonomy":"category","embeddable":true,"href":"https:\/\/now-news.de\/de\/wp-json\/wp\/v2\/categories?post=74082"},{"taxonomy":"post_tag","embeddable":true,"href":"https:\/\/now-news.de\/de\/wp-json\/wp\/v2\/tags?post=74082"}],"curies":[{"name":"wp","href":"https:\/\/api.w.org\/{rel}","templated":true}]}}