{"id":7404,"date":"2022-05-11T15:59:01","date_gmt":"2022-05-11T13:59:01","guid":{"rendered":"http:\/\/just-now.news\/de\/deutschland\/ex-facebook-moderator-in-kenia-klagt-gegen-meta-wegen-arbeitsbedingungen-und-menschenhandels\/"},"modified":"2022-05-11T15:59:01","modified_gmt":"2022-05-11T13:59:01","slug":"ex-facebook-moderator-in-kenia-klagt-gegen-meta-wegen-arbeitsbedingungen-und-menschenhandels","status":"publish","type":"post","link":"https:\/\/now-news.de\/de\/deutschland\/ex-facebook-moderator-in-kenia-klagt-gegen-meta-wegen-arbeitsbedingungen-und-menschenhandels\/","title":{"rendered":"Ex-Facebook-Moderator in Kenia klagt gegen Meta: Wegen Arbeitsbedingungen und Menschenhandels"},"content":{"rendered":"<p><\/p>\n<p>Einem Bericht der Nachrichtenagentur <em>Reuters<\/em> zufolge hat ein ehemaliger Moderator von Facebook in Kenia, Daniel Motaung, Klage gegen den Mutterkonzern Meta und dessen lokalen Partner Sama eingereicht. In der Klage wirft der ehemalige Mitarbeiter den beiden Unternehmen vor, dass die Facebook-Moderatoren in Kenia unzumutbaren Arbeitsbedingungen ausgesetzt seien. Dies umfasse unregelm\u00e4\u00dfige Bezahlung, unzureichende psychologischer Betreuung, Gewerkschaftsfeindlichkeit und die Verletzung der Privatsph\u00e4re und W\u00fcrde der Mitarbeiter.<\/p>\n<p>Motaung, der die Klage im Namen einer Gruppe einreichte, verlangt eine finanzielle Entsch\u00e4digung. Zudem sollen die &#8220;ausgelagerten&#8221; Moderatoren die gleiche Gesundheitsversorgung und den gleichen Lohn wie die unmittelbaren Meta-Besch\u00e4ftigten erhalten. Au\u00dferdem sollen Gewerkschaftsrechte gesch\u00fctzt und solle eine unabh\u00e4ngige Pr\u00fcfung des Unternehmens durchgef\u00fchrt werden.<\/p>\n<p>Motaung wurde laut eigenen Angaben 2019 aus S\u00fcdafrika rekrutiert, um f\u00fcr Sama in Nairobi zu arbeiten. Motaung erkl\u00e4rte, dass ihm vor seiner Ankunft keine Einzelheiten \u00fcber die Art der Arbeit mitgeteilt wurden, bei der er Facebook-Posts \u00fcberpr\u00fcfte. Die Mitarbeiter w\u00fcrden mit irref\u00fchrenden Stellenangeboten in anderen L\u00e4ndern rekrutiert und w\u00e4ren unter falschen Versprechungen nach Kenia geflogen worden. Das sei mit Menschenhandel gleichzusetzen, so der Kl\u00e4ger.<\/p>\n<p>Das erste Video, das Motaung nach eigenen Angaben moderierte, habe eine Enthauptung gezeigt. Der ehemalige Mitarbeiter sagte, weder sein Gehalt und noch die psychologische Unterst\u00fctzung seien ausreichend, um mit derartigen, verst\u00f6renden Inhalten fertig zu werden. Gegen\u00fcber <em>Reuters<\/em> sagte Motaung:<\/p>\n<blockquote>\n<p><em>&#8220;Bei mir wurde eine schwere PTBS (posttraumatische Belastungsst\u00f6rung) diagnostiziert [&#8230;] Ich lebe &#8230; wie in einem Horrorfilm.&#8221;<\/em><\/p>\n<\/blockquote>\n<p>Die Anw\u00e4lte von Motaung erkl\u00e4rten, dass Meta und Sama ein gef\u00e4hrliches und entw\u00fcrdigendes Umfeld geschaffen h\u00e4tten, in dem die Arbeitnehmer nicht den gleichen Schutz genie\u00dfen wie in anderen L\u00e4ndern. So sagte seine Anw\u00e4ltin Mercy Mutemi:<\/p>\n<blockquote>\n<p><em>&#8220;Wenn man sich in Dublin nicht zwei Stunden lang sch\u00e4dliche Inhalte ansehen darf, sollte das \u00fcberall die Regel sein.&#8221;<\/em><\/p>\n<\/blockquote>\n<p>Und sie erg\u00e4nzte:<\/p>\n<blockquote>\n<p><em>&#8220;Wenn sie [dort] einen Psychologen auf Abruf haben m\u00fcssen, sollte das \u00fcberall gelten.&#8221;<\/em><\/p>\n<\/blockquote>\n<p>Kurz nachdem er bei Sama angefangen hatte, soll Motaung auch versucht haben, eine Gewerkschaft zu gr\u00fcnden, um sich f\u00fcr die rund 200 Besch\u00e4ftigten des Unternehmens in Nairobi einzusetzen. Kurz darauf sei er entlassen worden, was er und seine Anw\u00e4lte auf seinen Versuch einer Gewerkschaftsgr\u00fcndung zur\u00fcckf\u00fchren. Die Kl\u00e4ger weisen dabei darauf hin, dass jedoch Gewerkschaftsrechte in der kenianischen Verfassung verankert seien. Die Erfahrungen von Motaung wurden erstmals in einem Bericht aufgedeckt, den das <em>Time Magazine<\/em> im Februar ver\u00f6ffentlichte.<\/p>\n<p>Ein Meta-Sprecher erkl\u00e4rte zu den Vorw\u00fcrfen gegen\u00fcber <em>Reuters<\/em>:<\/p>\n<blockquote>\n<p><em>&#8220;Wir nehmen unsere Verantwortung gegen\u00fcber den Menschen, die Inhalte f\u00fcr Meta pr\u00fcfen, sehr ernst und verlangen von unseren Partnern, dass sie branchenf\u00fchrende Geh\u00e4lter, Leistungen und Unterst\u00fctzung bieten. Au\u00dferdem ermutigen wir die Pr\u00fcfer von Inhalten, Probleme anzusprechen, wenn sie darauf aufmerksam werden, und f\u00fchren regelm\u00e4\u00dfig unabh\u00e4ngige Audits durch, um sicherzustellen, dass unsere Partner die hohen Standards erf\u00fcllen, die wir erwarten.&#8221;<\/em><\/p>\n<\/blockquote>\n<p>Das Partnerunternehmen von Meta vor Ort, die Firma Sama, lehnte <em>Reuters<\/em> zufolge eine Stellungnahme zu dem Fall ab. Die konkreten Forderungen der Klage sind detaillierter und weitreichender als in fr\u00fcheren F\u00e4llen und k\u00f6nnten auch \u00fcber Kenia hinaus Wirkung zeigen. Odanga Madung, ein Mitarbeiter der &#8220;Mozilla Foundation&#8221;, einer in den USA ans\u00e4ssigen gemeinn\u00fctzigen Organisation, die sich f\u00fcr die Rechte im Internet einsetzt, sagte gegen\u00fcber der Nachrichtenagentur:<\/p>\n<blockquote>\n<p><em>&#8220;Dies k\u00f6nnte Auswirkungen haben. Facebook wird viel dar\u00fcber preisgeben m\u00fcssen, wie es seine Moderation einsetzt.&#8221;<\/em><\/p>\n<\/blockquote>\n<p>Weltweit \u00fcberpr\u00fcfen Tausende von Moderatoren Beitr\u00e4ge in sozialen Medien, die Gewalt, Sex, Rassismus oder andere anst\u00f6\u00dfige Inhalte darstellen k\u00f6nnten. Viele von ihnen arbeiten nicht direkt f\u00fcr das Technologieunternehmen, sondern f\u00fcr dessen externe Auftragnehmer.<\/p>\n<p>Meta wurde bereits wegen der Arbeitsbedingungen von Moderatoren unter die Lupe genommen. Letztes Jahr genehmigte ein kalifornischer Richter einen 85-Millionen-US-Dollar-Vergleich zwischen Facebook und mehr als 10.000 Moderatoren, die das Unternehmen beschuldigt hatten, sie nicht vor psychischen Sch\u00e4den gesch\u00fctzt zu haben, die durch den Kontakt mit grafischen und gewaltt\u00e4tigen Bildern entstanden waren.<\/p>\n<p>Facebook r\u00e4umte in dem kalifornischen Fall zwar kein Fehlverhalten ein, erkl\u00e4rte sich aber zumindest bereit, Ma\u00dfnahmen zu ergreifen, um solchen Moderatoren, die bei Drittanbietern besch\u00e4ftigt sind, ein sichereres Arbeitsumfeld bieten zu lassen.<\/p>\n<p><strong>Mehr zum Thema<\/strong> \u2013\u00a0<a rel=\"nofollow noopener\" target=\"_blank\" href=\"https:\/\/deutsch.rt.com\/meinung\/136852-twitter-im-besitz-von-elon\/\">Ein Twitter im Besitz von Elon Musk ist eine be\u00e4ngstigende Vorstellung f\u00fcr das Establishment<\/a><\/p>\n<p><br \/>\n<br \/><a href=\"https:\/\/de.rt.com\/afrika\/138173-ex-facebook-moderator-in-kenia-gegen-meta-wegen-arbeitsbedingungen-und-menschenhandel\/\">Source link <\/a><\/p>\n","protected":false},"excerpt":{"rendered":"<p>Einem Bericht der Nachrichtenagentur Reuters zufolge hat ein ehemaliger Moderator von Facebook in Kenia, Daniel Motaung, Klage gegen den Mutterkonzern Meta und dessen lokalen Partner Sama eingereicht. In der Klage wirft der ehemalige Mitarbeiter den beiden Unternehmen vor, dass die Facebook-Moderatoren in Kenia unzumutbaren Arbeitsbedingungen ausgesetzt seien. Dies umfasse unregelm\u00e4\u00dfige Bezahlung, unzureichende psychologischer Betreuung, Gewerkschaftsfeindlichkeit [&hellip;]<\/p>\n","protected":false},"author":3,"featured_media":7405,"comment_status":"open","ping_status":"open","sticky":false,"template":"","format":"standard","meta":{"wp_automatic_camp":["217"],"b2adea7ae65eb759844970ea85df18d7":["Ex-Facebook-Moderator in Kenia klagt gegen Meta: Wegen Arbeitsbedingungen und Menschenhandels"],"original_link":["https:\/\/de.rt.com\/afrika\/138173-ex-facebook-moderator-in-kenia-gegen-meta-wegen-arbeitsbedingungen-und-menschenhandel\/"],"_thumbnail_id":["7405"],"wp_automatic_remove_first_image":["yes"],"jnews_social_counter_last_update":["1777181727"]},"categories":[19,23],"tags":[19655,19652,278,19653,19654,19656,1577,140,145],"yoast_head":"<!-- This site is optimized with the Yoast SEO Premium plugin v22.7 (Yoast SEO v22.7) - https:\/\/yoast.com\/wordpress\/plugins\/seo\/ -->\n<title>Ex-Facebook-Moderator in Kenia klagt gegen Meta: Wegen Arbeitsbedingungen und Menschenhandels - just-now.NEWS Deutschland<\/title>\n<meta name=\"robots\" content=\"index, follow, max-snippet:-1, max-image-preview:large, max-video-preview:-1\" \/>\n<link rel=\"canonical\" href=\"https:\/\/now-news.de\/de\/deutschland\/ex-facebook-moderator-in-kenia-klagt-gegen-meta-wegen-arbeitsbedingungen-und-menschenhandels\/\" \/>\n<meta property=\"og:locale\" content=\"de_DE\" \/>\n<meta property=\"og:type\" content=\"article\" \/>\n<meta property=\"og:title\" content=\"Ex-Facebook-Moderator in Kenia klagt gegen Meta: Wegen Arbeitsbedingungen und Menschenhandels\" \/>\n<meta property=\"og:description\" content=\"Einem Bericht der Nachrichtenagentur Reuters zufolge hat ein ehemaliger Moderator von Facebook in Kenia, Daniel Motaung, Klage gegen den Mutterkonzern Meta und dessen lokalen Partner Sama eingereicht. In der Klage wirft der ehemalige Mitarbeiter den beiden Unternehmen vor, dass die Facebook-Moderatoren in Kenia unzumutbaren Arbeitsbedingungen ausgesetzt seien. Dies umfasse unregelm\u00e4\u00dfige Bezahlung, unzureichende psychologischer Betreuung, Gewerkschaftsfeindlichkeit [&hellip;]\" \/>\n<meta property=\"og:url\" content=\"https:\/\/now-news.de\/de\/deutschland\/ex-facebook-moderator-in-kenia-klagt-gegen-meta-wegen-arbeitsbedingungen-und-menschenhandels\/\" \/>\n<meta property=\"og:site_name\" content=\"just-now.NEWS Deutschland\" \/>\n<meta property=\"article:publisher\" content=\"https:\/\/www.facebook.com\/wirmachenauf\" \/>\n<meta property=\"article:published_time\" content=\"2022-05-11T13:59:01+00:00\" \/>\n<meta property=\"og:image\" content=\"https:\/\/now-news.de\/de\/wp-content\/uploads\/sites\/3\/2022\/05\/Ex-Facebook-Moderator-in-Kenia-klagt-gegen-Meta-Wegen-Arbeitsbedingungen-und-Menschenhandels.jpg\" \/>\n\t<meta property=\"og:image:width\" content=\"460\" \/>\n\t<meta property=\"og:image:height\" content=\"259\" \/>\n\t<meta property=\"og:image:type\" content=\"image\/jpeg\" \/>\n<meta name=\"author\" content=\"rtnews\" \/>\n<meta name=\"twitter:card\" content=\"summary_large_image\" \/>\n<meta name=\"twitter:creator\" content=\"@WirMachenAuf_de\" \/>\n<meta name=\"twitter:site\" content=\"@WirMachenAuf_de\" \/>\n<meta name=\"twitter:label1\" content=\"Verfasst von\" \/>\n\t<meta name=\"twitter:data1\" content=\"rtnews\" \/>\n\t<meta name=\"twitter:label2\" content=\"Gesch\u00e4tzte Lesezeit\" \/>\n\t<meta name=\"twitter:data2\" content=\"4\u00a0Minuten\" \/>\n<script type=\"application\/ld+json\" class=\"yoast-schema-graph\">{\"@context\":\"https:\/\/schema.org\",\"@graph\":[{\"@type\":\"Article\",\"@id\":\"https:\/\/now-news.de\/de\/deutschland\/ex-facebook-moderator-in-kenia-klagt-gegen-meta-wegen-arbeitsbedingungen-und-menschenhandels\/#article\",\"isPartOf\":{\"@id\":\"https:\/\/now-news.de\/de\/deutschland\/ex-facebook-moderator-in-kenia-klagt-gegen-meta-wegen-arbeitsbedingungen-und-menschenhandels\/\"},\"author\":{\"name\":\"rtnews\",\"@id\":\"https:\/\/now-news.de\/de\/#\/schema\/person\/fb534a4e865501d8b3285208df34a9b5\"},\"headline\":\"Ex-Facebook-Moderator in Kenia klagt gegen Meta: Wegen Arbeitsbedingungen und Menschenhandels\",\"datePublished\":\"2022-05-11T13:59:01+00:00\",\"dateModified\":\"2022-05-11T13:59:01+00:00\",\"mainEntityOfPage\":{\"@id\":\"https:\/\/now-news.de\/de\/deutschland\/ex-facebook-moderator-in-kenia-klagt-gegen-meta-wegen-arbeitsbedingungen-und-menschenhandels\/\"},\"wordCount\":745,\"commentCount\":0,\"publisher\":{\"@id\":\"https:\/\/now-news.de\/de\/#organization\"},\"image\":{\"@id\":\"https:\/\/now-news.de\/de\/deutschland\/ex-facebook-moderator-in-kenia-klagt-gegen-meta-wegen-arbeitsbedingungen-und-menschenhandels\/#primaryimage\"},\"thumbnailUrl\":\"https:\/\/now-news.de\/de\/wp-content\/uploads\/sites\/3\/2022\/05\/Ex-Facebook-Moderator-in-Kenia-klagt-gegen-Meta-Wegen-Arbeitsbedingungen-und-Menschenhandels.jpg\",\"keywords\":[\"Arbeitsbedingungen\",\"ExFacebookModerator\",\"gegen\",\"Kenia\",\"klagt\",\"Menschenhandels\",\"meta\",\"und\",\"wegen\"],\"articleSection\":[\"Deutschland\",\"Russland\"],\"inLanguage\":\"de\",\"potentialAction\":[{\"@type\":\"CommentAction\",\"name\":\"Comment\",\"target\":[\"https:\/\/now-news.de\/de\/deutschland\/ex-facebook-moderator-in-kenia-klagt-gegen-meta-wegen-arbeitsbedingungen-und-menschenhandels\/#respond\"]}]},{\"@type\":\"WebPage\",\"@id\":\"https:\/\/now-news.de\/de\/deutschland\/ex-facebook-moderator-in-kenia-klagt-gegen-meta-wegen-arbeitsbedingungen-und-menschenhandels\/\",\"url\":\"https:\/\/now-news.de\/de\/deutschland\/ex-facebook-moderator-in-kenia-klagt-gegen-meta-wegen-arbeitsbedingungen-und-menschenhandels\/\",\"name\":\"Ex-Facebook-Moderator in Kenia klagt gegen Meta: Wegen Arbeitsbedingungen und Menschenhandels - just-now.NEWS Deutschland\",\"isPartOf\":{\"@id\":\"https:\/\/now-news.de\/de\/#website\"},\"primaryImageOfPage\":{\"@id\":\"https:\/\/now-news.de\/de\/deutschland\/ex-facebook-moderator-in-kenia-klagt-gegen-meta-wegen-arbeitsbedingungen-und-menschenhandels\/#primaryimage\"},\"image\":{\"@id\":\"https:\/\/now-news.de\/de\/deutschland\/ex-facebook-moderator-in-kenia-klagt-gegen-meta-wegen-arbeitsbedingungen-und-menschenhandels\/#primaryimage\"},\"thumbnailUrl\":\"https:\/\/now-news.de\/de\/wp-content\/uploads\/sites\/3\/2022\/05\/Ex-Facebook-Moderator-in-Kenia-klagt-gegen-Meta-Wegen-Arbeitsbedingungen-und-Menschenhandels.jpg\",\"datePublished\":\"2022-05-11T13:59:01+00:00\",\"dateModified\":\"2022-05-11T13:59:01+00:00\",\"breadcrumb\":{\"@id\":\"https:\/\/now-news.de\/de\/deutschland\/ex-facebook-moderator-in-kenia-klagt-gegen-meta-wegen-arbeitsbedingungen-und-menschenhandels\/#breadcrumb\"},\"inLanguage\":\"de\",\"potentialAction\":[{\"@type\":\"ReadAction\",\"target\":[\"https:\/\/now-news.de\/de\/deutschland\/ex-facebook-moderator-in-kenia-klagt-gegen-meta-wegen-arbeitsbedingungen-und-menschenhandels\/\"]}]},{\"@type\":\"ImageObject\",\"inLanguage\":\"de\",\"@id\":\"https:\/\/now-news.de\/de\/deutschland\/ex-facebook-moderator-in-kenia-klagt-gegen-meta-wegen-arbeitsbedingungen-und-menschenhandels\/#primaryimage\",\"url\":\"https:\/\/now-news.de\/de\/wp-content\/uploads\/sites\/3\/2022\/05\/Ex-Facebook-Moderator-in-Kenia-klagt-gegen-Meta-Wegen-Arbeitsbedingungen-und-Menschenhandels.jpg\",\"contentUrl\":\"https:\/\/now-news.de\/de\/wp-content\/uploads\/sites\/3\/2022\/05\/Ex-Facebook-Moderator-in-Kenia-klagt-gegen-Meta-Wegen-Arbeitsbedingungen-und-Menschenhandels.jpg\",\"width\":460,\"height\":259},{\"@type\":\"BreadcrumbList\",\"@id\":\"https:\/\/now-news.de\/de\/deutschland\/ex-facebook-moderator-in-kenia-klagt-gegen-meta-wegen-arbeitsbedingungen-und-menschenhandels\/#breadcrumb\",\"itemListElement\":[{\"@type\":\"ListItem\",\"position\":1,\"name\":\"Home\",\"item\":\"https:\/\/now-news.de\/de\/\"},{\"@type\":\"ListItem\",\"position\":2,\"name\":\"Ex-Facebook-Moderator in Kenia klagt gegen Meta: Wegen Arbeitsbedingungen und Menschenhandels\"}]},{\"@type\":\"WebSite\",\"@id\":\"https:\/\/now-news.de\/de\/#website\",\"url\":\"https:\/\/now-news.de\/de\/\",\"name\":\"just-now.NEWS Deutschland\",\"description\":\"Das Portal f\u00fcr unzensierte Nachrichten aus der Welt\",\"publisher\":{\"@id\":\"https:\/\/now-news.de\/de\/#organization\"},\"potentialAction\":[{\"@type\":\"SearchAction\",\"target\":{\"@type\":\"EntryPoint\",\"urlTemplate\":\"https:\/\/now-news.de\/de\/?s={search_term_string}\"},\"query-input\":\"required name=search_term_string\"}],\"inLanguage\":\"de\"},{\"@type\":\"Organization\",\"@id\":\"https:\/\/now-news.de\/de\/#organization\",\"name\":\"Just Now News\",\"url\":\"https:\/\/now-news.de\/de\/\",\"logo\":{\"@type\":\"ImageObject\",\"inLanguage\":\"de\",\"@id\":\"https:\/\/now-news.de\/de\/#\/schema\/logo\/image\/\",\"url\":\"http:\/\/just-now.news\/de\/wp-content\/uploads\/sites\/3\/2022\/04\/logo500x500.jpg\",\"contentUrl\":\"http:\/\/just-now.news\/de\/wp-content\/uploads\/sites\/3\/2022\/04\/logo500x500.jpg\",\"width\":500,\"height\":500,\"caption\":\"Just Now News\"},\"image\":{\"@id\":\"https:\/\/now-news.de\/de\/#\/schema\/logo\/image\/\"},\"sameAs\":[\"https:\/\/www.facebook.com\/wirmachenauf\",\"https:\/\/x.com\/WirMachenAuf_de\"]},{\"@type\":\"Person\",\"@id\":\"https:\/\/now-news.de\/de\/#\/schema\/person\/fb534a4e865501d8b3285208df34a9b5\",\"name\":\"rtnews\",\"image\":{\"@type\":\"ImageObject\",\"inLanguage\":\"de\",\"@id\":\"https:\/\/now-news.de\/de\/#\/schema\/person\/image\/\",\"url\":\"https:\/\/secure.gravatar.com\/avatar\/82aafea7d8127119dd649515f56e2117?s=96&d=mm&r=g\",\"contentUrl\":\"https:\/\/secure.gravatar.com\/avatar\/82aafea7d8127119dd649515f56e2117?s=96&d=mm&r=g\",\"caption\":\"rtnews\"},\"url\":\"https:\/\/now-news.de\/de\/author\/rnews\/\"}]}<\/script>\n<!-- \/ Yoast SEO Premium plugin. -->","yoast_head_json":{"title":"Ex-Facebook-Moderator in Kenia klagt gegen Meta: Wegen Arbeitsbedingungen und Menschenhandels - just-now.NEWS Deutschland","robots":{"index":"index","follow":"follow","max-snippet":"max-snippet:-1","max-image-preview":"max-image-preview:large","max-video-preview":"max-video-preview:-1"},"canonical":"https:\/\/now-news.de\/de\/deutschland\/ex-facebook-moderator-in-kenia-klagt-gegen-meta-wegen-arbeitsbedingungen-und-menschenhandels\/","og_locale":"de_DE","og_type":"article","og_title":"Ex-Facebook-Moderator in Kenia klagt gegen Meta: Wegen Arbeitsbedingungen und Menschenhandels","og_description":"Einem Bericht der Nachrichtenagentur Reuters zufolge hat ein ehemaliger Moderator von Facebook in Kenia, Daniel Motaung, Klage gegen den Mutterkonzern Meta und dessen lokalen Partner Sama eingereicht. In der Klage wirft der ehemalige Mitarbeiter den beiden Unternehmen vor, dass die Facebook-Moderatoren in Kenia unzumutbaren Arbeitsbedingungen ausgesetzt seien. Dies umfasse unregelm\u00e4\u00dfige Bezahlung, unzureichende psychologischer Betreuung, Gewerkschaftsfeindlichkeit [&hellip;]","og_url":"https:\/\/now-news.de\/de\/deutschland\/ex-facebook-moderator-in-kenia-klagt-gegen-meta-wegen-arbeitsbedingungen-und-menschenhandels\/","og_site_name":"just-now.NEWS Deutschland","article_publisher":"https:\/\/www.facebook.com\/wirmachenauf","article_published_time":"2022-05-11T13:59:01+00:00","og_image":[{"width":460,"height":259,"url":"https:\/\/now-news.de\/de\/wp-content\/uploads\/sites\/3\/2022\/05\/Ex-Facebook-Moderator-in-Kenia-klagt-gegen-Meta-Wegen-Arbeitsbedingungen-und-Menschenhandels.jpg","type":"image\/jpeg"}],"author":"rtnews","twitter_card":"summary_large_image","twitter_creator":"@WirMachenAuf_de","twitter_site":"@WirMachenAuf_de","twitter_misc":{"Verfasst von":"rtnews","Gesch\u00e4tzte Lesezeit":"4\u00a0Minuten"},"schema":{"@context":"https:\/\/schema.org","@graph":[{"@type":"Article","@id":"https:\/\/now-news.de\/de\/deutschland\/ex-facebook-moderator-in-kenia-klagt-gegen-meta-wegen-arbeitsbedingungen-und-menschenhandels\/#article","isPartOf":{"@id":"https:\/\/now-news.de\/de\/deutschland\/ex-facebook-moderator-in-kenia-klagt-gegen-meta-wegen-arbeitsbedingungen-und-menschenhandels\/"},"author":{"name":"rtnews","@id":"https:\/\/now-news.de\/de\/#\/schema\/person\/fb534a4e865501d8b3285208df34a9b5"},"headline":"Ex-Facebook-Moderator in Kenia klagt gegen Meta: Wegen Arbeitsbedingungen und Menschenhandels","datePublished":"2022-05-11T13:59:01+00:00","dateModified":"2022-05-11T13:59:01+00:00","mainEntityOfPage":{"@id":"https:\/\/now-news.de\/de\/deutschland\/ex-facebook-moderator-in-kenia-klagt-gegen-meta-wegen-arbeitsbedingungen-und-menschenhandels\/"},"wordCount":745,"commentCount":0,"publisher":{"@id":"https:\/\/now-news.de\/de\/#organization"},"image":{"@id":"https:\/\/now-news.de\/de\/deutschland\/ex-facebook-moderator-in-kenia-klagt-gegen-meta-wegen-arbeitsbedingungen-und-menschenhandels\/#primaryimage"},"thumbnailUrl":"https:\/\/now-news.de\/de\/wp-content\/uploads\/sites\/3\/2022\/05\/Ex-Facebook-Moderator-in-Kenia-klagt-gegen-Meta-Wegen-Arbeitsbedingungen-und-Menschenhandels.jpg","keywords":["Arbeitsbedingungen","ExFacebookModerator","gegen","Kenia","klagt","Menschenhandels","meta","und","wegen"],"articleSection":["Deutschland","Russland"],"inLanguage":"de","potentialAction":[{"@type":"CommentAction","name":"Comment","target":["https:\/\/now-news.de\/de\/deutschland\/ex-facebook-moderator-in-kenia-klagt-gegen-meta-wegen-arbeitsbedingungen-und-menschenhandels\/#respond"]}]},{"@type":"WebPage","@id":"https:\/\/now-news.de\/de\/deutschland\/ex-facebook-moderator-in-kenia-klagt-gegen-meta-wegen-arbeitsbedingungen-und-menschenhandels\/","url":"https:\/\/now-news.de\/de\/deutschland\/ex-facebook-moderator-in-kenia-klagt-gegen-meta-wegen-arbeitsbedingungen-und-menschenhandels\/","name":"Ex-Facebook-Moderator in Kenia klagt gegen Meta: Wegen Arbeitsbedingungen und Menschenhandels - just-now.NEWS Deutschland","isPartOf":{"@id":"https:\/\/now-news.de\/de\/#website"},"primaryImageOfPage":{"@id":"https:\/\/now-news.de\/de\/deutschland\/ex-facebook-moderator-in-kenia-klagt-gegen-meta-wegen-arbeitsbedingungen-und-menschenhandels\/#primaryimage"},"image":{"@id":"https:\/\/now-news.de\/de\/deutschland\/ex-facebook-moderator-in-kenia-klagt-gegen-meta-wegen-arbeitsbedingungen-und-menschenhandels\/#primaryimage"},"thumbnailUrl":"https:\/\/now-news.de\/de\/wp-content\/uploads\/sites\/3\/2022\/05\/Ex-Facebook-Moderator-in-Kenia-klagt-gegen-Meta-Wegen-Arbeitsbedingungen-und-Menschenhandels.jpg","datePublished":"2022-05-11T13:59:01+00:00","dateModified":"2022-05-11T13:59:01+00:00","breadcrumb":{"@id":"https:\/\/now-news.de\/de\/deutschland\/ex-facebook-moderator-in-kenia-klagt-gegen-meta-wegen-arbeitsbedingungen-und-menschenhandels\/#breadcrumb"},"inLanguage":"de","potentialAction":[{"@type":"ReadAction","target":["https:\/\/now-news.de\/de\/deutschland\/ex-facebook-moderator-in-kenia-klagt-gegen-meta-wegen-arbeitsbedingungen-und-menschenhandels\/"]}]},{"@type":"ImageObject","inLanguage":"de","@id":"https:\/\/now-news.de\/de\/deutschland\/ex-facebook-moderator-in-kenia-klagt-gegen-meta-wegen-arbeitsbedingungen-und-menschenhandels\/#primaryimage","url":"https:\/\/now-news.de\/de\/wp-content\/uploads\/sites\/3\/2022\/05\/Ex-Facebook-Moderator-in-Kenia-klagt-gegen-Meta-Wegen-Arbeitsbedingungen-und-Menschenhandels.jpg","contentUrl":"https:\/\/now-news.de\/de\/wp-content\/uploads\/sites\/3\/2022\/05\/Ex-Facebook-Moderator-in-Kenia-klagt-gegen-Meta-Wegen-Arbeitsbedingungen-und-Menschenhandels.jpg","width":460,"height":259},{"@type":"BreadcrumbList","@id":"https:\/\/now-news.de\/de\/deutschland\/ex-facebook-moderator-in-kenia-klagt-gegen-meta-wegen-arbeitsbedingungen-und-menschenhandels\/#breadcrumb","itemListElement":[{"@type":"ListItem","position":1,"name":"Home","item":"https:\/\/now-news.de\/de\/"},{"@type":"ListItem","position":2,"name":"Ex-Facebook-Moderator in Kenia klagt gegen Meta: Wegen Arbeitsbedingungen und Menschenhandels"}]},{"@type":"WebSite","@id":"https:\/\/now-news.de\/de\/#website","url":"https:\/\/now-news.de\/de\/","name":"just-now.NEWS Deutschland","description":"Das Portal f\u00fcr unzensierte Nachrichten aus der Welt","publisher":{"@id":"https:\/\/now-news.de\/de\/#organization"},"potentialAction":[{"@type":"SearchAction","target":{"@type":"EntryPoint","urlTemplate":"https:\/\/now-news.de\/de\/?s={search_term_string}"},"query-input":"required name=search_term_string"}],"inLanguage":"de"},{"@type":"Organization","@id":"https:\/\/now-news.de\/de\/#organization","name":"Just Now News","url":"https:\/\/now-news.de\/de\/","logo":{"@type":"ImageObject","inLanguage":"de","@id":"https:\/\/now-news.de\/de\/#\/schema\/logo\/image\/","url":"http:\/\/just-now.news\/de\/wp-content\/uploads\/sites\/3\/2022\/04\/logo500x500.jpg","contentUrl":"http:\/\/just-now.news\/de\/wp-content\/uploads\/sites\/3\/2022\/04\/logo500x500.jpg","width":500,"height":500,"caption":"Just Now News"},"image":{"@id":"https:\/\/now-news.de\/de\/#\/schema\/logo\/image\/"},"sameAs":["https:\/\/www.facebook.com\/wirmachenauf","https:\/\/x.com\/WirMachenAuf_de"]},{"@type":"Person","@id":"https:\/\/now-news.de\/de\/#\/schema\/person\/fb534a4e865501d8b3285208df34a9b5","name":"rtnews","image":{"@type":"ImageObject","inLanguage":"de","@id":"https:\/\/now-news.de\/de\/#\/schema\/person\/image\/","url":"https:\/\/secure.gravatar.com\/avatar\/82aafea7d8127119dd649515f56e2117?s=96&d=mm&r=g","contentUrl":"https:\/\/secure.gravatar.com\/avatar\/82aafea7d8127119dd649515f56e2117?s=96&d=mm&r=g","caption":"rtnews"},"url":"https:\/\/now-news.de\/de\/author\/rnews\/"}]}},"_links":{"self":[{"href":"https:\/\/now-news.de\/de\/wp-json\/wp\/v2\/posts\/7404"}],"collection":[{"href":"https:\/\/now-news.de\/de\/wp-json\/wp\/v2\/posts"}],"about":[{"href":"https:\/\/now-news.de\/de\/wp-json\/wp\/v2\/types\/post"}],"author":[{"embeddable":true,"href":"https:\/\/now-news.de\/de\/wp-json\/wp\/v2\/users\/3"}],"replies":[{"embeddable":true,"href":"https:\/\/now-news.de\/de\/wp-json\/wp\/v2\/comments?post=7404"}],"version-history":[{"count":0,"href":"https:\/\/now-news.de\/de\/wp-json\/wp\/v2\/posts\/7404\/revisions"}],"wp:featuredmedia":[{"embeddable":true,"href":"https:\/\/now-news.de\/de\/wp-json\/wp\/v2\/media\/7405"}],"wp:attachment":[{"href":"https:\/\/now-news.de\/de\/wp-json\/wp\/v2\/media?parent=7404"}],"wp:term":[{"taxonomy":"category","embeddable":true,"href":"https:\/\/now-news.de\/de\/wp-json\/wp\/v2\/categories?post=7404"},{"taxonomy":"post_tag","embeddable":true,"href":"https:\/\/now-news.de\/de\/wp-json\/wp\/v2\/tags?post=7404"}],"curies":[{"name":"wp","href":"https:\/\/api.w.org\/{rel}","templated":true}]}}