{"id":74036,"date":"2024-12-07T18:34:27","date_gmt":"2024-12-07T16:34:27","guid":{"rendered":"https:\/\/now-news.de\/de\/deutschland\/assad-muss-gegen-erdogan-staerke-zeigen\/"},"modified":"2024-12-07T18:34:27","modified_gmt":"2024-12-07T16:34:27","slug":"assad-muss-gegen-erdogan-staerke-zeigen","status":"publish","type":"post","link":"https:\/\/now-news.de\/de\/deutschland\/assad-muss-gegen-erdogan-staerke-zeigen\/","title":{"rendered":"Assad muss gegen Erdo\u011fan St\u00e4rke zeigen"},"content":{"rendered":"<p><img decoding=\"async\" src=\"https:\/\/now-news.de\/de\/wp-content\/uploads\/sites\/3\/2024\/12\/675463ce48fbef4fcc289985.jpg\" \/><\/p>\n<div class=\"Text-root Text-type_1 \">\n                Die syrische Armee zieht sich im Kampf gegen die Terroristen weiter zur\u00fcck. Der t\u00fcrkische Pr\u00e4sident hofft, dass die Dschihadisten ihren Marsch auf die syrische Hauptstadt Damaskus fortsetzen. Wie wahrscheinlich ist ein solches Szenario und wie kann es verhindert werden?\n            <\/div>\n<p><\/p>\n<div class=\"Text-root Text-type_5 ArticleView-text ViewText-root \">\n<p><em>Von Roman Krezul<\/em><\/p>\n<p>Einheiten der syrischen Armee haben am Freitag einen versuchten militanten Angriff auf die K\u00fcstenprovinz Latakia vereitelt. Nach Angaben der Zeitung <em>Al Watan<\/em> wurde der Angriff von Terroristen der (in Russland verbotenen) Islamischen Partei Turkistans und ihr angeschlossenen Milizen vorbereitet.<\/p>\n<p>Die syrischen Truppen setzen ihren\u00a0Kampf\u00a0gegen terroristische Vereinigungen fort. Nach Angaben des syrischen Verteidigungsministeriums hat Damaskus mit Unterst\u00fctzung der russischen Luftwaffe Angriffe auf militante Konzentrationen im Norden und S\u00fcden der Provinz Hama geflogen. Dabei wurden Dutzende Terroristen ausgeschaltet und verwundet sowie milit\u00e4rische Ausr\u00fcstung und Fahrzeuge zerst\u00f6rt, berichtet die Nachrichtenagentur <em>TASS<\/em>.<\/p>\n<p>Oleg Ignasjuk, stellvertretender Leiter des Zentrums f\u00fcr die Auss\u00f6hnung der verfeindeten Parteien in Syrien, sagt, dass Flugzeuge der Allrussischen Luftstreitkr\u00e4fte und der syrischen Luftwaffe mindestens 300 Terroristen get\u00f6tet h\u00e4tten. Au\u00dferdem h\u00e4tten sie wichtige milit\u00e4rische Einrichtungen in den Provinzen Idlib, Hama und Aleppo zerst\u00f6rt. Dar\u00fcber hinaus seien neun Mehrfachraketenwerfer, sieben Panzer, 28 gepanzerte Kampffahrzeuge, 14 Fahrzeuge, ein Gefechtsstand, ein Munitionsdepot und ein Drohnendepot getroffen worden.<\/p>\n<p>Gleichzeitig registrieren die kurdischen Syrischen Demokratischen Kr\u00e4fte die Aktivit\u00e4t von K\u00e4mpfern in der syrischen W\u00fcste, im S\u00fcden und Westen der Provinz Deir ez-Zor und in der Provinz Raqqa, berichtet die Nachrichtenagentur <em>Reuters<\/em>. Unterdessen riet die russische Botschaft in Damaskus russischen Staatsb\u00fcrgern, kommerzielle Fl\u00fcge zu ihrer Evakuierung aus Syrien zu nutzen.<\/p>\n<p>Vor dem Hintergrund der eskalierenden Krise in Syrien \u00e4u\u00dferte der russische Au\u00dfenminister Sergei Lawrow die Hoffnung auf eine diplomatische Beilegung des Konflikts. In einem Interview mit dem US-Journalisten Tucker Carlson erinnerte er an das Astana-Format unter Beteiligung Russlands, der T\u00fcrkei und Irans. In diesem Format soll in naher Zukunft ein Treffen von Vertretern Moskaus, Ankaras und Teherans stattfinden.<\/p>\n<p>&#8220;Ich hoffe, dass es m\u00f6glich sein wird, sich in Doha am Rande der internationalen Konferenz zu treffen. Wir m\u00f6chten \u00fcber die Notwendigkeit sprechen, zur strikten Umsetzung der Vereinbarungen von Idlib zur\u00fcckzukehren, denn die Deeskalationszone von Idlib ist zu dem Ort geworden, von dem aus die Terroristen auf Aleppo vorr\u00fccken&#8221;, sagte der Minister.<\/p>\n<p>Er wies darauf hin, dass die Geschehnisse in Syrien ein komplexes Spiel seien, an dem viele Akteure beteiligt seien. Lawrow\u00a0\u00e4u\u00dferte zudem die Hoffnung, dass die f\u00fcr diese Woche geplanten Treffen zur Stabilisierung der Lage beitragen werden. Nach Angaben einer <em>TASS<\/em>-Quelle soll am Samstag, dem 7. Dezember, ein Treffen im Astana-Format auf Ebene der Au\u00dfenminister in der katarischen Hauptstadt im Doha-Forum stattfinden.<\/p>\n<p>Unterdessen erkl\u00e4rte der t\u00fcrkische Pr\u00e4sident Recep Tayyip Erdo\u011fan, er habe an Pr\u00e4sident Baschar al-Assad appelliert, &#8220;sich zu treffen und die Zukunft Syriens gemeinsam zu bestimmen&#8221;, doch es habe keine positive Antwort gegeben. Er f\u00fcgte hinzu, er hoffe, dass der Vormarsch der Oppositionskr\u00e4fte in Syrien &#8220;ohne Probleme weitergehen&#8221; werde.<\/p>\n<p>&#8220;Der Vormarsch der Opposition geht weiter. Bei Idlib ist bereits alles entschieden. Homs ist in den H\u00e4nden der Opposition und es geht um ihren Vorsto\u00df auf Damaskus. Die Region befindet sich in einer schwierigen Situation und diese Aufm\u00e4rsche sind nicht das, was wir uns w\u00fcnschen. Das wollen wir auf keinen Fall&#8221; sagte Erdo\u011fan.<\/p>\n<p>Gleichzeitig verdeutliche die Aufgabe von Hama, wie tief die syrische Milit\u00e4rmaschinerie gesunken sei, meint Milit\u00e4rkorrespondent Alexander Koz. &#8220;Ich glaube nicht, dass die T\u00fcrken und Briten mit einem so durchschlagenden Erfolg gerechnet haben. Sie hatten vielmehr vor, einen Spannungspunkt f\u00fcr uns zu schaffen, auf den wir einen Teil unserer Ressourcen umlenken w\u00fcrden. Aber jetzt ist die Bedrohung f\u00fcr unsere St\u00fctzpunkte in Tartus und Hmeimim nicht mehr illusorisch&#8221;, stellt er fest.<\/p>\n<p>Der Milit\u00e4rexperte Juri Ljamin vertritt einen \u00e4hnlichen Standpunkt. Seiner Meinung nach nehmen die Risiken f\u00fcr die russischen St\u00fctzpunkte in Syrien zu: Die K\u00e4mpfer bewegen sich auf die Grenzen zu, von denen aus Kamikazedrohnen auf die K\u00fcstenst\u00e4dte, in denen sich die St\u00fctzpunkte befinden, gestartet werden k\u00f6nnen.<\/p>\n<p>Solche Anschl\u00e4ge hat es schon fr\u00fcher gegeben, aber jetzt k\u00f6nnen die Terroristen sie h\u00e4ufiger und in viel gr\u00f6\u00dferem Umfang ver\u00fcben.<\/p>\n<p>&#8220;Es gibt ein weiteres Problem: Die St\u00e4dte Hama und Homs sind die Achse, die die verschiedenen Teile Syriens miteinander verbindet. Jetzt haben die K\u00e4mpfer Hama eingenommen. Wenn es ihnen gelingt, weiter vorzur\u00fccken, besteht die Gefahr, dass die K\u00fcste vom Rest des Landes abgeschnitten wird. Die Situation entwickelt sich bereits\u00a0in Richtung eines sehr schlechten Szenarios, und wenn die Terroristen nicht aufgehalten werden, dann ist ein katastrophales Szenario m\u00f6glich: Die Terroristen k\u00f6nnten teilweise nach Damaskus und teilweise an die K\u00fcste vordringen&#8221;, sagt der Experte.<\/p>\n<p>In einer solchen Situation k\u00f6nnte die Suche nach diplomatischen L\u00f6sungen, von denen Lawrow sprach, tats\u00e4chlich der beste Weg aus der Krise sein, meint der Orientalist Kirill Semenow. Er erkl\u00e4rt:<\/p>\n<p>&#8220;Vielleicht wird damit gerechnet, dass die T\u00fcrkei in der Lage sein wird, den Vormarsch der Terroristen zu stoppen. Dann werden diplomatische Bem\u00fchungen relevant, denn bisher k\u00f6nnen sie nicht aufgehalten werden. Vielleicht werden L\u00f6sungen anderer Art gefunden. Jetzt sind alle Mittel recht. Aber es ist nicht sicher, dass die Terroristen auf die Meinung Ankaras h\u00f6ren werden. Sie sind auf dem Vormarsch und im Gro\u00dfen und Ganzen nicht mehr so abh\u00e4ngig von der t\u00fcrkischen Unterst\u00fctzung. Die Dinge sind dort sehr kompliziert. Die T\u00fcrkei selbst hat einen solchen Durchbruch nicht erwartet. Die Situation \u00e4ndert sich schneller als in Afghanistan im Jahr 2021.&#8221;<\/p>\n<p>Sergei Lawrow habe absolut recht, wenn er der Diplomatie eine entscheidende Rolle bei der Beilegung\u00a0der Konflikte im Nahen Osten zuweise, meint Stanislaw Tkatschenko, Professor f\u00fcr Europ\u00e4ische Studien an der Fakult\u00e4t f\u00fcr Internationale Beziehungen der Staatlichen Universit\u00e4t Sankt Petersburg und Experte des Waldai-Clubs. &#8220;Wenn wir \u00fcber einen kurzfristigen Waffenstillstand sprechen, sind Verhandlungen der beste Weg, um dies zu erreichen&#8221;, so Tkatschenko.<\/p>\n<p>&#8220;Das Problem kann jedoch nur durch ein B\u00fcndel von Ma\u00dfnahmen vollst\u00e4ndig gel\u00f6st werden, zu denen neben der Diplomatie auch eine Machtdemonstration geh\u00f6ren sollte. Der Orient ist eine heikle Angelegenheit. Nat\u00fcrlich wird hier die F\u00e4higkeit, einen Kompromiss zu finden, gesch\u00e4tzt, aber milit\u00e4rische Macht wird im Nahen Osten mehr respektiert. Vom Standpunkt des Nahen Ostens aus betrachtet, sieht Erdo\u011fan wie ein Gewinner der Situation aus&#8221;, meint der Experte des Waldai-Clubs.<\/p>\n<p>&#8220;Er ist auf der Welle geritten, hat gro\u00dfes Gl\u00fcck gehabt. Es macht keinen Sinn f\u00fcr ihn, aufzuh\u00f6ren. Daher ist es sehr wahrscheinlich, dass die Partner von Assad St\u00e4rke zeigen und eine gleichwertige Antwort geben m\u00fcssen. Danach werden die endg\u00fcltigen Machtverh\u00e4ltnisse klar sein, und die Parteien k\u00f6nnen sich einer vollst\u00e4ndigen Beilegung des Konflikts ann\u00e4hern&#8221;, betont Tkatschenko.<\/p>\n<p>&#8220;Im Prinzip ist der Orient durch ein zirkul\u00e4res Muster von Krieg und Diplomatie gekennzeichnet, die\u00a0sich abwechseln.\u00a0 Das bedeutet nicht, dass Russland und andere L\u00e4nder keine Verhandlungsprozesse in Gang setzen m\u00fcssen. Aber angesichts der Besonderheiten des Nahen Ostens m\u00fcssen wir uns auch auf gewaltsame Methoden zur L\u00f6sung von Widerspr\u00fcchen vorbereiten&#8221;, schlie\u00dft der Experte.<\/p>\n<p><em><strong>Roman Krezul<\/strong> ist ein Analyst bei der Zeitung Wsgljad.<\/em><\/p>\n<p><em>\u00dcbersetzt aus dem <a rel=\"nofollow noopener\" target=\"_blank\" href=\"https:\/\/vz.ru\/world\/2024\/12\/7\/1302067.html\">Russischen<\/a>. Der Artikel ist am 7. Dezember 2024 zuerst in der Zeitung Wsgljad erschienen.<\/em><\/p>\n<p><strong>Mehr zum Thema<\/strong> \u2013 <a rel=\"nofollow noopener\" target=\"_blank\" href=\"https:\/\/freedert.online\/der-nahe-osten\/228637-syrien-kurden-milizen-nehmen-deir\/\" data-tb-shadow-region-link=\"0\" data-tb-shadow-region-title=\"0\"> Syrien: Kurden-Milizen nehmen Deir ez-Zor ein<\/a><\/p>\n<div class=\"EmbedBlock-root EmbedBlock-externalVideo EmbedBlock-rumble\">\n<div class=\"VkEmbed\"><iframe class=\"lazyload\" data-src=\"https:\/\/rumble.com\/embed\/v5upuf5\" frameborder=\"0\" width=\"853\" height=\"480\" allowfullscreen><\/iframe><\/div>\n<\/div>\n<\/div>\n<p><br \/>\n<br \/><a href=\"https:\/\/de.rt.com\/der-nahe-osten\/228691-assad-muss-gegen-erdogan-staerke-zeigen\/\">Source link <\/a><\/p>\n","protected":false},"excerpt":{"rendered":"<p>Die syrische Armee zieht sich im Kampf gegen die Terroristen weiter zur\u00fcck. Der t\u00fcrkische Pr\u00e4sident hofft, dass die Dschihadisten ihren Marsch auf die syrische Hauptstadt Damaskus fortsetzen. Wie wahrscheinlich ist ein solches Szenario und wie kann es verhindert werden? Von Roman Krezul Einheiten der syrischen Armee haben am Freitag einen versuchten militanten Angriff auf die [&hellip;]<\/p>\n","protected":false},"author":3,"featured_media":74037,"comment_status":"open","ping_status":"open","sticky":false,"template":"","format":"standard","meta":{"_yoast_indexnow_last_ping":["1733589912"],"wp_automatic_camp":["217"],"e6acd77f47ee92c33dbd163e85ac8445":["Assad muss gegen Erdo\u011fan St\u00e4rke zeigen"],"original_link":["https:\/\/de.rt.com\/der-nahe-osten\/228691-assad-muss-gegen-erdogan-staerke-zeigen\/"],"_thumbnail_id":["74037"],"_wptgpro_p2tg_sent2tg":["a:1:{i:23737;s:19:\"2024-12-07 18:46:18\";}"],"jnews_social_counter_last_update":["1777203357"]},"categories":[19,23],"tags":[12982,13697,278,534,17070,6047],"yoast_head":"<!-- This site is optimized with the Yoast SEO Premium plugin v22.7 (Yoast SEO v22.7) - https:\/\/yoast.com\/wordpress\/plugins\/seo\/ -->\n<title>Assad muss gegen Erdo\u011fan St\u00e4rke zeigen - just-now.NEWS Deutschland<\/title>\n<meta name=\"robots\" content=\"index, follow, max-snippet:-1, max-image-preview:large, max-video-preview:-1\" \/>\n<link rel=\"canonical\" href=\"https:\/\/now-news.de\/de\/deutschland\/assad-muss-gegen-erdogan-staerke-zeigen\/\" \/>\n<meta property=\"og:locale\" content=\"de_DE\" \/>\n<meta property=\"og:type\" content=\"article\" \/>\n<meta property=\"og:title\" content=\"Assad muss gegen Erdo\u011fan St\u00e4rke zeigen\" \/>\n<meta property=\"og:description\" content=\"Die syrische Armee zieht sich im Kampf gegen die Terroristen weiter zur\u00fcck. Der t\u00fcrkische Pr\u00e4sident hofft, dass die Dschihadisten ihren Marsch auf die syrische Hauptstadt Damaskus fortsetzen. Wie wahrscheinlich ist ein solches Szenario und wie kann es verhindert werden? Von Roman Krezul Einheiten der syrischen Armee haben am Freitag einen versuchten militanten Angriff auf die [&hellip;]\" \/>\n<meta property=\"og:url\" content=\"https:\/\/now-news.de\/de\/deutschland\/assad-muss-gegen-erdogan-staerke-zeigen\/\" \/>\n<meta property=\"og:site_name\" content=\"just-now.NEWS Deutschland\" \/>\n<meta property=\"article:publisher\" content=\"https:\/\/www.facebook.com\/wirmachenauf\" \/>\n<meta property=\"article:published_time\" content=\"2024-12-07T16:34:27+00:00\" \/>\n<meta property=\"og:image\" content=\"https:\/\/now-news.de\/de\/wp-content\/uploads\/sites\/3\/2024\/12\/675463ce48fbef4fcc289985.jpg\" \/>\n<meta name=\"author\" content=\"rtnews\" \/>\n<meta name=\"twitter:card\" content=\"summary_large_image\" \/>\n<meta name=\"twitter:creator\" content=\"@WirMachenAuf_de\" \/>\n<meta name=\"twitter:site\" content=\"@WirMachenAuf_de\" \/>\n<meta name=\"twitter:label1\" content=\"Verfasst von\" \/>\n\t<meta name=\"twitter:data1\" content=\"rtnews\" \/>\n\t<meta name=\"twitter:label2\" content=\"Gesch\u00e4tzte Lesezeit\" \/>\n\t<meta name=\"twitter:data2\" content=\"6\u00a0Minuten\" \/>\n<script type=\"application\/ld+json\" class=\"yoast-schema-graph\">{\"@context\":\"https:\/\/schema.org\",\"@graph\":[{\"@type\":\"Article\",\"@id\":\"https:\/\/now-news.de\/de\/deutschland\/assad-muss-gegen-erdogan-staerke-zeigen\/#article\",\"isPartOf\":{\"@id\":\"https:\/\/now-news.de\/de\/deutschland\/assad-muss-gegen-erdogan-staerke-zeigen\/\"},\"author\":{\"name\":\"rtnews\",\"@id\":\"https:\/\/now-news.de\/de\/#\/schema\/person\/fb534a4e865501d8b3285208df34a9b5\"},\"headline\":\"Assad muss gegen Erdo\u011fan St\u00e4rke zeigen\",\"datePublished\":\"2024-12-07T16:34:27+00:00\",\"dateModified\":\"2024-12-07T16:34:27+00:00\",\"mainEntityOfPage\":{\"@id\":\"https:\/\/now-news.de\/de\/deutschland\/assad-muss-gegen-erdogan-staerke-zeigen\/\"},\"wordCount\":1262,\"commentCount\":0,\"publisher\":{\"@id\":\"https:\/\/now-news.de\/de\/#organization\"},\"image\":{\"@id\":\"https:\/\/now-news.de\/de\/deutschland\/assad-muss-gegen-erdogan-staerke-zeigen\/#primaryimage\"},\"thumbnailUrl\":\"https:\/\/now-news.de\/de\/wp-content\/uploads\/sites\/3\/2024\/12\/Assad-muss-gegen-Erdogan-Staerke-zeigen.jpg\",\"keywords\":[\"Assad\",\"Erdo\u011fan\",\"gegen\",\"muss\",\"Starke\",\"zeigen\"],\"articleSection\":[\"Deutschland\",\"Russland\"],\"inLanguage\":\"de\",\"potentialAction\":[{\"@type\":\"CommentAction\",\"name\":\"Comment\",\"target\":[\"https:\/\/now-news.de\/de\/deutschland\/assad-muss-gegen-erdogan-staerke-zeigen\/#respond\"]}]},{\"@type\":\"WebPage\",\"@id\":\"https:\/\/now-news.de\/de\/deutschland\/assad-muss-gegen-erdogan-staerke-zeigen\/\",\"url\":\"https:\/\/now-news.de\/de\/deutschland\/assad-muss-gegen-erdogan-staerke-zeigen\/\",\"name\":\"Assad muss gegen Erdo\u011fan St\u00e4rke zeigen - just-now.NEWS Deutschland\",\"isPartOf\":{\"@id\":\"https:\/\/now-news.de\/de\/#website\"},\"primaryImageOfPage\":{\"@id\":\"https:\/\/now-news.de\/de\/deutschland\/assad-muss-gegen-erdogan-staerke-zeigen\/#primaryimage\"},\"image\":{\"@id\":\"https:\/\/now-news.de\/de\/deutschland\/assad-muss-gegen-erdogan-staerke-zeigen\/#primaryimage\"},\"thumbnailUrl\":\"https:\/\/now-news.de\/de\/wp-content\/uploads\/sites\/3\/2024\/12\/Assad-muss-gegen-Erdogan-Staerke-zeigen.jpg\",\"datePublished\":\"2024-12-07T16:34:27+00:00\",\"dateModified\":\"2024-12-07T16:34:27+00:00\",\"breadcrumb\":{\"@id\":\"https:\/\/now-news.de\/de\/deutschland\/assad-muss-gegen-erdogan-staerke-zeigen\/#breadcrumb\"},\"inLanguage\":\"de\",\"potentialAction\":[{\"@type\":\"ReadAction\",\"target\":[\"https:\/\/now-news.de\/de\/deutschland\/assad-muss-gegen-erdogan-staerke-zeigen\/\"]}]},{\"@type\":\"ImageObject\",\"inLanguage\":\"de\",\"@id\":\"https:\/\/now-news.de\/de\/deutschland\/assad-muss-gegen-erdogan-staerke-zeigen\/#primaryimage\",\"url\":\"https:\/\/now-news.de\/de\/wp-content\/uploads\/sites\/3\/2024\/12\/Assad-muss-gegen-Erdogan-Staerke-zeigen.jpg\",\"contentUrl\":\"https:\/\/now-news.de\/de\/wp-content\/uploads\/sites\/3\/2024\/12\/Assad-muss-gegen-Erdogan-Staerke-zeigen.jpg\",\"width\":460,\"height\":259,\"caption\":\"Assad muss gegen Erdo\u011fan St\u00e4rke zeigen\"},{\"@type\":\"BreadcrumbList\",\"@id\":\"https:\/\/now-news.de\/de\/deutschland\/assad-muss-gegen-erdogan-staerke-zeigen\/#breadcrumb\",\"itemListElement\":[{\"@type\":\"ListItem\",\"position\":1,\"name\":\"Home\",\"item\":\"https:\/\/now-news.de\/de\/\"},{\"@type\":\"ListItem\",\"position\":2,\"name\":\"Assad muss gegen Erdo\u011fan St\u00e4rke zeigen\"}]},{\"@type\":\"WebSite\",\"@id\":\"https:\/\/now-news.de\/de\/#website\",\"url\":\"https:\/\/now-news.de\/de\/\",\"name\":\"just-now.NEWS Deutschland\",\"description\":\"Das Portal f\u00fcr unzensierte Nachrichten aus der Welt\",\"publisher\":{\"@id\":\"https:\/\/now-news.de\/de\/#organization\"},\"potentialAction\":[{\"@type\":\"SearchAction\",\"target\":{\"@type\":\"EntryPoint\",\"urlTemplate\":\"https:\/\/now-news.de\/de\/?s={search_term_string}\"},\"query-input\":\"required name=search_term_string\"}],\"inLanguage\":\"de\"},{\"@type\":\"Organization\",\"@id\":\"https:\/\/now-news.de\/de\/#organization\",\"name\":\"Just Now News\",\"url\":\"https:\/\/now-news.de\/de\/\",\"logo\":{\"@type\":\"ImageObject\",\"inLanguage\":\"de\",\"@id\":\"https:\/\/now-news.de\/de\/#\/schema\/logo\/image\/\",\"url\":\"http:\/\/just-now.news\/de\/wp-content\/uploads\/sites\/3\/2022\/04\/logo500x500.jpg\",\"contentUrl\":\"http:\/\/just-now.news\/de\/wp-content\/uploads\/sites\/3\/2022\/04\/logo500x500.jpg\",\"width\":500,\"height\":500,\"caption\":\"Just Now News\"},\"image\":{\"@id\":\"https:\/\/now-news.de\/de\/#\/schema\/logo\/image\/\"},\"sameAs\":[\"https:\/\/www.facebook.com\/wirmachenauf\",\"https:\/\/x.com\/WirMachenAuf_de\"]},{\"@type\":\"Person\",\"@id\":\"https:\/\/now-news.de\/de\/#\/schema\/person\/fb534a4e865501d8b3285208df34a9b5\",\"name\":\"rtnews\",\"image\":{\"@type\":\"ImageObject\",\"inLanguage\":\"de\",\"@id\":\"https:\/\/now-news.de\/de\/#\/schema\/person\/image\/\",\"url\":\"https:\/\/secure.gravatar.com\/avatar\/82aafea7d8127119dd649515f56e2117?s=96&d=mm&r=g\",\"contentUrl\":\"https:\/\/secure.gravatar.com\/avatar\/82aafea7d8127119dd649515f56e2117?s=96&d=mm&r=g\",\"caption\":\"rtnews\"},\"url\":\"https:\/\/now-news.de\/de\/author\/rnews\/\"}]}<\/script>\n<!-- \/ Yoast SEO Premium plugin. -->","yoast_head_json":{"title":"Assad muss gegen Erdo\u011fan St\u00e4rke zeigen - just-now.NEWS Deutschland","robots":{"index":"index","follow":"follow","max-snippet":"max-snippet:-1","max-image-preview":"max-image-preview:large","max-video-preview":"max-video-preview:-1"},"canonical":"https:\/\/now-news.de\/de\/deutschland\/assad-muss-gegen-erdogan-staerke-zeigen\/","og_locale":"de_DE","og_type":"article","og_title":"Assad muss gegen Erdo\u011fan St\u00e4rke zeigen","og_description":"Die syrische Armee zieht sich im Kampf gegen die Terroristen weiter zur\u00fcck. Der t\u00fcrkische Pr\u00e4sident hofft, dass die Dschihadisten ihren Marsch auf die syrische Hauptstadt Damaskus fortsetzen. Wie wahrscheinlich ist ein solches Szenario und wie kann es verhindert werden? Von Roman Krezul Einheiten der syrischen Armee haben am Freitag einen versuchten militanten Angriff auf die [&hellip;]","og_url":"https:\/\/now-news.de\/de\/deutschland\/assad-muss-gegen-erdogan-staerke-zeigen\/","og_site_name":"just-now.NEWS Deutschland","article_publisher":"https:\/\/www.facebook.com\/wirmachenauf","article_published_time":"2024-12-07T16:34:27+00:00","og_image":[{"url":"https:\/\/now-news.de\/de\/wp-content\/uploads\/sites\/3\/2024\/12\/675463ce48fbef4fcc289985.jpg"}],"author":"rtnews","twitter_card":"summary_large_image","twitter_creator":"@WirMachenAuf_de","twitter_site":"@WirMachenAuf_de","twitter_misc":{"Verfasst von":"rtnews","Gesch\u00e4tzte Lesezeit":"6\u00a0Minuten"},"schema":{"@context":"https:\/\/schema.org","@graph":[{"@type":"Article","@id":"https:\/\/now-news.de\/de\/deutschland\/assad-muss-gegen-erdogan-staerke-zeigen\/#article","isPartOf":{"@id":"https:\/\/now-news.de\/de\/deutschland\/assad-muss-gegen-erdogan-staerke-zeigen\/"},"author":{"name":"rtnews","@id":"https:\/\/now-news.de\/de\/#\/schema\/person\/fb534a4e865501d8b3285208df34a9b5"},"headline":"Assad muss gegen Erdo\u011fan St\u00e4rke zeigen","datePublished":"2024-12-07T16:34:27+00:00","dateModified":"2024-12-07T16:34:27+00:00","mainEntityOfPage":{"@id":"https:\/\/now-news.de\/de\/deutschland\/assad-muss-gegen-erdogan-staerke-zeigen\/"},"wordCount":1262,"commentCount":0,"publisher":{"@id":"https:\/\/now-news.de\/de\/#organization"},"image":{"@id":"https:\/\/now-news.de\/de\/deutschland\/assad-muss-gegen-erdogan-staerke-zeigen\/#primaryimage"},"thumbnailUrl":"https:\/\/now-news.de\/de\/wp-content\/uploads\/sites\/3\/2024\/12\/Assad-muss-gegen-Erdogan-Staerke-zeigen.jpg","keywords":["Assad","Erdo\u011fan","gegen","muss","Starke","zeigen"],"articleSection":["Deutschland","Russland"],"inLanguage":"de","potentialAction":[{"@type":"CommentAction","name":"Comment","target":["https:\/\/now-news.de\/de\/deutschland\/assad-muss-gegen-erdogan-staerke-zeigen\/#respond"]}]},{"@type":"WebPage","@id":"https:\/\/now-news.de\/de\/deutschland\/assad-muss-gegen-erdogan-staerke-zeigen\/","url":"https:\/\/now-news.de\/de\/deutschland\/assad-muss-gegen-erdogan-staerke-zeigen\/","name":"Assad muss gegen Erdo\u011fan St\u00e4rke zeigen - just-now.NEWS Deutschland","isPartOf":{"@id":"https:\/\/now-news.de\/de\/#website"},"primaryImageOfPage":{"@id":"https:\/\/now-news.de\/de\/deutschland\/assad-muss-gegen-erdogan-staerke-zeigen\/#primaryimage"},"image":{"@id":"https:\/\/now-news.de\/de\/deutschland\/assad-muss-gegen-erdogan-staerke-zeigen\/#primaryimage"},"thumbnailUrl":"https:\/\/now-news.de\/de\/wp-content\/uploads\/sites\/3\/2024\/12\/Assad-muss-gegen-Erdogan-Staerke-zeigen.jpg","datePublished":"2024-12-07T16:34:27+00:00","dateModified":"2024-12-07T16:34:27+00:00","breadcrumb":{"@id":"https:\/\/now-news.de\/de\/deutschland\/assad-muss-gegen-erdogan-staerke-zeigen\/#breadcrumb"},"inLanguage":"de","potentialAction":[{"@type":"ReadAction","target":["https:\/\/now-news.de\/de\/deutschland\/assad-muss-gegen-erdogan-staerke-zeigen\/"]}]},{"@type":"ImageObject","inLanguage":"de","@id":"https:\/\/now-news.de\/de\/deutschland\/assad-muss-gegen-erdogan-staerke-zeigen\/#primaryimage","url":"https:\/\/now-news.de\/de\/wp-content\/uploads\/sites\/3\/2024\/12\/Assad-muss-gegen-Erdogan-Staerke-zeigen.jpg","contentUrl":"https:\/\/now-news.de\/de\/wp-content\/uploads\/sites\/3\/2024\/12\/Assad-muss-gegen-Erdogan-Staerke-zeigen.jpg","width":460,"height":259,"caption":"Assad muss gegen Erdo\u011fan St\u00e4rke zeigen"},{"@type":"BreadcrumbList","@id":"https:\/\/now-news.de\/de\/deutschland\/assad-muss-gegen-erdogan-staerke-zeigen\/#breadcrumb","itemListElement":[{"@type":"ListItem","position":1,"name":"Home","item":"https:\/\/now-news.de\/de\/"},{"@type":"ListItem","position":2,"name":"Assad muss gegen Erdo\u011fan St\u00e4rke zeigen"}]},{"@type":"WebSite","@id":"https:\/\/now-news.de\/de\/#website","url":"https:\/\/now-news.de\/de\/","name":"just-now.NEWS Deutschland","description":"Das Portal f\u00fcr unzensierte Nachrichten aus der Welt","publisher":{"@id":"https:\/\/now-news.de\/de\/#organization"},"potentialAction":[{"@type":"SearchAction","target":{"@type":"EntryPoint","urlTemplate":"https:\/\/now-news.de\/de\/?s={search_term_string}"},"query-input":"required name=search_term_string"}],"inLanguage":"de"},{"@type":"Organization","@id":"https:\/\/now-news.de\/de\/#organization","name":"Just Now News","url":"https:\/\/now-news.de\/de\/","logo":{"@type":"ImageObject","inLanguage":"de","@id":"https:\/\/now-news.de\/de\/#\/schema\/logo\/image\/","url":"http:\/\/just-now.news\/de\/wp-content\/uploads\/sites\/3\/2022\/04\/logo500x500.jpg","contentUrl":"http:\/\/just-now.news\/de\/wp-content\/uploads\/sites\/3\/2022\/04\/logo500x500.jpg","width":500,"height":500,"caption":"Just Now News"},"image":{"@id":"https:\/\/now-news.de\/de\/#\/schema\/logo\/image\/"},"sameAs":["https:\/\/www.facebook.com\/wirmachenauf","https:\/\/x.com\/WirMachenAuf_de"]},{"@type":"Person","@id":"https:\/\/now-news.de\/de\/#\/schema\/person\/fb534a4e865501d8b3285208df34a9b5","name":"rtnews","image":{"@type":"ImageObject","inLanguage":"de","@id":"https:\/\/now-news.de\/de\/#\/schema\/person\/image\/","url":"https:\/\/secure.gravatar.com\/avatar\/82aafea7d8127119dd649515f56e2117?s=96&d=mm&r=g","contentUrl":"https:\/\/secure.gravatar.com\/avatar\/82aafea7d8127119dd649515f56e2117?s=96&d=mm&r=g","caption":"rtnews"},"url":"https:\/\/now-news.de\/de\/author\/rnews\/"}]}},"_links":{"self":[{"href":"https:\/\/now-news.de\/de\/wp-json\/wp\/v2\/posts\/74036"}],"collection":[{"href":"https:\/\/now-news.de\/de\/wp-json\/wp\/v2\/posts"}],"about":[{"href":"https:\/\/now-news.de\/de\/wp-json\/wp\/v2\/types\/post"}],"author":[{"embeddable":true,"href":"https:\/\/now-news.de\/de\/wp-json\/wp\/v2\/users\/3"}],"replies":[{"embeddable":true,"href":"https:\/\/now-news.de\/de\/wp-json\/wp\/v2\/comments?post=74036"}],"version-history":[{"count":0,"href":"https:\/\/now-news.de\/de\/wp-json\/wp\/v2\/posts\/74036\/revisions"}],"wp:featuredmedia":[{"embeddable":true,"href":"https:\/\/now-news.de\/de\/wp-json\/wp\/v2\/media\/74037"}],"wp:attachment":[{"href":"https:\/\/now-news.de\/de\/wp-json\/wp\/v2\/media?parent=74036"}],"wp:term":[{"taxonomy":"category","embeddable":true,"href":"https:\/\/now-news.de\/de\/wp-json\/wp\/v2\/categories?post=74036"},{"taxonomy":"post_tag","embeddable":true,"href":"https:\/\/now-news.de\/de\/wp-json\/wp\/v2\/tags?post=74036"}],"curies":[{"name":"wp","href":"https:\/\/api.w.org\/{rel}","templated":true}]}}