{"id":74032,"date":"2024-12-07T17:50:26","date_gmt":"2024-12-07T15:50:26","guid":{"rendered":"https:\/\/now-news.de\/de\/deutschland\/protestaktion-gegen-bundeswehr-unterricht-in-einer-leipziger-schule-und-was-daraus-wurde\/"},"modified":"2024-12-07T17:50:26","modified_gmt":"2024-12-07T15:50:26","slug":"protestaktion-gegen-bundeswehr-unterricht-in-einer-leipziger-schule-und-was-daraus-wurde","status":"publish","type":"post","link":"https:\/\/now-news.de\/de\/deutschland\/protestaktion-gegen-bundeswehr-unterricht-in-einer-leipziger-schule-und-was-daraus-wurde\/","title":{"rendered":"Protestaktion gegen Bundeswehr-Unterricht in einer Leipziger Schule \u2013 und was daraus wurde"},"content":{"rendered":"<div class=\"Text-root Text-type_1 \">\n                Im Oktober haben mehrere Sch\u00fcler in Leipzig gegen einen Besuch der Jungoffiziere der Bundeswehr protestiert. Ihrem Anf\u00fchrer wurde ein Schulverweis angedroht. Antikriegsaktivisten haben dagegen eine Online-Petition gestartet.\n            <\/div>\n<p><\/p>\n<div class=\"Text-root Text-type_5 ArticleView-text ViewText-root \">\n<p>Es geschah an der Humboldtschule im Stadtteil Reudnitz-Thonberg in Leipzig im Oktober: Obwohl der Protest auf dem Schulhof nur wenige Minuten dauerte, k\u00f6nnte er f\u00fcr die Beteiligte nun ernste Konsequenzen nach sich ziehen. Vier Sch\u00fcler legten sich bei der Aktion auf den Boden und stellten sich tot, w\u00e4hrend ein 16-j\u00e4hriger Mitsch\u00fcler mit einem Megaphon in der Hand eine Rede hielt. Als klar wurde, worum es in der Rede ging, kam eine Lehrkraft, entriss dem Sch\u00fcler das Megaphon und drohte ihm mit einem Schulverweis. Die Rede des Sch\u00fclers hat das Webportal <em>wsws.org<\/em>\u00a0<a rel=\"nofollow noopener\" target=\"_blank\" href=\"https:\/\/www.wsws.org\/de\/articles\/2024\/12\/04\/mili-d04.html\">dokumentiert<\/a>:<\/p>\n<blockquote>\n<p><em>&#8220;Habt ihr Lust an die Ostfront zu ziehen? Und da f\u00fcr Deutschland zu sterben? Ich f\u00fcr meinen Teil habe da keinen Bock drauf. Ich habe keinen Bock darauf, mit 18 in irgendeinem Sch\u00fctzengraben zu liegen und mich zu fragen: Komme ich hier mit meinem Leben raus oder ist es nur ein Bein und meine Menschlichkeit, die ich verliere?&#8221;<\/em><\/p>\n<\/blockquote>\n<p>Protestiert hatte die Gruppe, zwei Tage bevor auf Initiative der Schulleitung ein Projektunterricht mit Bundeswehr-Offizieren an der Schule stattfinden sollte \u2013 um den Sch\u00fclern den Krieg &#8220;schmackhaft zu machen&#8221;. Die Sch\u00fcler glaubten jedoch nicht, dass es wirklich um &#8220;Frieden&#8221; und den &#8220;Schutz Deutschlands&#8221; geht. Sie hinterfragen:<\/p>\n<blockquote>\n<p><em>&#8220;Um wessen Interessen geht es, wenn mit deutschen Waffen in Pal\u00e4stina und Kurdistan gemordet wird? \u00dcber wessen Freiheit reden wir, wenn Kriegsflugzeuge den Pazifik \u00fcberqueren?&#8221;<\/em><\/p>\n<\/blockquote>\n<figure class=\"RTImage-root\">\n<div class=\"RTImage-image RTImage-original\"><picture class=\"Picture-root Picture-original\"><!--[if IE 9]><video style=\"display: none;\"><![endif]--><source media=\"(-webkit-min-device-pixel-ratio: 2) and (min-resolution: 120dpi)\" data-srcset=\" \nhttps:\/\/now-news.de\/de\/wp-content\/uploads\/sites\/3\/2024\/12\/67542949b480cc2deb7c5bb3.jpg 850w,\n                https:\/\/now-news.de\/de\/wp-content\/uploads\/sites\/3\/2024\/12\/67542949b480cc2deb7c5bb3.jpg 1960w,            \" ><source data-srcset=\" \nhttps:\/\/now-news.de\/de\/wp-content\/uploads\/sites\/3\/2024\/12\/67542949b480cc2deb7c5bb3.jpg 460w,\n              https:\/\/now-news.de\/de\/wp-content\/uploads\/sites\/3\/2024\/12\/67542949b480cc2deb7c5bb3.jpg 980w,\n            \" ><!--[if IE 9]><\/video><![endif]--><img decoding=\"async\" data- src=\"data:image\/png;base64,iVBORw0KGgoAAAANSUhEUgAAABAAAAAJCAQAAACRI2S5AAAAEElEQVR42mNkIAAYRxWAAQAG9gAKqv6+AwAAAABJRU5ErkJggg==\" class=\"Picture-root Picture-original lazyload\" data-src=\"https:\/\/now-news.de\/de\/wp-content\/uploads\/sites\/3\/2024\/12\/67542949b480cc2deb7c5bb3.jpg\" alt=\"\"><\/source><\/source><\/picture><!-- noscript pattern --><noscript><img decoding=\"async\" src=\"https:\/\/now-news.de\/de\/wp-content\/uploads\/sites\/3\/2024\/12\/67542949b480cc2deb7c5bb3.jpg\" alt=\"\"><\/noscript><\/div><figcaption class=\"RTImage-footer\"><span class=\"RTImage-caption\"><span class=\"RTImage-captionItem\">Protestaktion an der Humboldschule in Leipzig.<\/span><\/span><span class=\"RTImage-source\"><span class=\"RTImage-captionItem\">wsws.org<\/span><\/span><\/figcaption><\/figure>\n<p>Daraufhin erschien die Lehrerin und beendete das Geschehen. Die Schulleitung bezeichnet die Protestaktion als &#8220;massive St\u00f6rung des Schulfriedens&#8221;.\u00a0Wie die <em>Leipziger Volkszeitung<\/em>, die einen betroffenen Sch\u00fcler interviewt hat, am Mittwoch berichtete, seien diesem direkt nach dem Protest &#8220;Ordnungsma\u00dfnahmen&#8221; angedroht worden. In der folgenden Schulstunde habe seine Lehrerin den Vorfall erneut thematisiert. Anschlie\u00dfend fand ein Gespr\u00e4ch mit der Schulleitung statt: Er habe den Schulfrieden gest\u00f6rt, lautet der Vorwurf.<\/p>\n<p>Das Landesamt f\u00fcr Schule und Bildung stellte sich hinter die Schulleitung und behauptete, die Sch\u00fcler h\u00e4tten mit ihrer Protestaktion die &#8220;erfolgreiche Unterrichts- und Erziehungsarbeit&#8221; beeintr\u00e4chtigt. Daher sei der Schule der Griff zu Ordnungsma\u00dfnahmen erlaubt.<\/p>\n<p>Nun formiert sich eine Online-<a rel=\"nofollow noopener\" target=\"_blank\" href=\"https:\/\/www.change.org\/p\/gegen-den-schulverweis-von-iven-bundeswehr-raus-aus-den-schulen?recruiter=1356231781&amp;recruited_by_id=40d270f0-9717-11ef-a0d8-7b8d1da5986a&amp;utm_source=share_petition&amp;utm_campaign=share_for_starters_page&amp;utm_medium=copylink\">Petition<\/a> gegen die Androhung des Schulverweises, die von der Gruppe Internationale Jugend Leipzig initiiert wurde. Es sind schon \u00fcber 3.600 Unterschriften gesammelt. Darin hei\u00dft es: &#8220;Die Schule ist kein Platz, um Werbung daf\u00fcr zu machen, dass Jugendliche an der Front f\u00fcr deutsche Profitinteressen sterben.&#8221;<\/p>\n<p>Laut <em>wsws.org<\/em> opponieren die Sch\u00fcler auch in anderen Bundesl\u00e4ndern gegen das Auftreten der Bundeswehr an ihren Schulen. Mit\u00a0der wachsenden Pr\u00e4senz junger Bundeswehr-Offiziere in den Schulen und weiteren Bildungseinrichtungen werde die Militarisierung in Deutschland immer offensichtlicher. &#8220;Um den Jugendlichen eine Arbeit und einen Dienst bei der Bundeswehr schmackhaft zu machen, sollen ihre Vorbehalte gegen das Milit\u00e4r und den Krieg untergraben werden&#8221;, kritisiert das sozialistische Portal.<\/p>\n<p>Die Bundeswehr befindet sich in der Tat auf gro\u00dfer Werbetour. Einberufungsplakate auf den\u00a0Stra\u00dfen, Bundeswehr-Dokus im Fernsehen, Jungoffiziere in Schulen und auf TikTok (<em>RT DE<\/em>\u00a0<a rel=\"nofollow noopener\" target=\"_blank\" href=\"https:\/\/freedert.online\/inland\/225952-sympatische-bundeswehr-jungoffiziere-klaeren-schueler-die-schuler-auf-wir-muesen-krieg-fueren-koenne\/\">berichtete<\/a>). Die Bundeswehr selbst <a rel=\"nofollow noopener\" target=\"_blank\" href=\"https:\/\/www.bundeswehr.de\/resource\/blob\/5808806\/d5cf753896d38fbc4c6c9e9e088792f2\/jahresbericht-2023-data.pdf\">pr\u00e4sentiert<\/a> dazu stolze Zahlen. Im vergangenen Jahr sollen 121.965 Sch\u00fcler und Studenten sowie 36.184 Multiplikatoren an den Veranstaltungen mit Jungoffizieren teilgenommen haben. &#8220;Im Jahr 2023 wurden 158.149 Teilnehmende erreicht, was einem Zuwachs von 5,4 % gegen\u00fcber dem Vorjahr entspricht&#8221;, teilt das Milit\u00e4r mit. Es stellt eine f\u00fcr sich positive Tendenz fest:<\/p>\n<blockquote>\n<p><em>&#8220;Generell war festzustellen, dass sich die zumeist positive Grundstimmung der Teilnehmenden gegen\u00fcber der Bundeswehr seit Beginn der russischen Invasion in der Ukraine und in 2023 mit der \u00f6ffentlichen Diskussion um die Zeitenwende, die Kriegst\u00fcchtigkeit der Bundeswehr sowie die wahrgenommene Bedrohung Deutschlands nochmals gesteigert hat&#8221;.\u00a0<\/em><\/p>\n<\/blockquote>\n<p><strong>Mehr zum Thema<\/strong> &#8211; <a rel=\"nofollow noopener\" target=\"_blank\" href=\"https:\/\/freedert.online\/europa\/225706-german-angst-total-wie-studie\/\">German Angst total \u2013 Wie eine Studie gezielt die Angst vor Russland, China und Iran sch\u00fcrt<\/a><\/p>\n<div class=\"EmbedBlock-root EmbedBlock-externalVideo EmbedBlock-rumble\">\n<div class=\"VkEmbed\"><iframe class=\"lazyload\" data-src=\"https:\/\/rumble.com\/embed\/v5ucsih\" frameborder=\"0\" width=\"853\" height=\"480\" allowfullscreen><\/iframe><\/div>\n<\/div>\n<\/div>\n<p><br \/>\n<br \/><a href=\"https:\/\/de.rt.com\/inland\/228645-protestaktion-gegen-bundeswehr-unterricht-in\/\">Source link <\/a><\/p>\n","protected":false},"excerpt":{"rendered":"<p>Im Oktober haben mehrere Sch\u00fcler in Leipzig gegen einen Besuch der Jungoffiziere der Bundeswehr protestiert. Ihrem Anf\u00fchrer wurde ein Schulverweis angedroht. Antikriegsaktivisten haben dagegen eine Online-Petition gestartet. Es geschah an der Humboldtschule im Stadtteil Reudnitz-Thonberg in Leipzig im Oktober: Obwohl der Protest auf dem Schulhof nur wenige Minuten dauerte, k\u00f6nnte er f\u00fcr die Beteiligte nun [&hellip;]<\/p>\n","protected":false},"author":3,"featured_media":74033,"comment_status":"open","ping_status":"open","sticky":false,"template":"","format":"standard","meta":{"_yoast_indexnow_last_ping":["1733587036"],"wp_automatic_camp":["217"],"2d5fde5b9b078c95949a5f4de3c832ac":["Protestaktion gegen Bundeswehr-Unterricht in einer Leipziger Schule \u2013 und was daraus wurde"],"original_link":["https:\/\/de.rt.com\/inland\/228645-protestaktion-gegen-bundeswehr-unterricht-in\/"],"_thumbnail_id":["74033"],"_wptgpro_p2tg_sent2tg":["a:1:{i:23737;s:19:\"2024-12-07 17:58:32\";}"],"jnews_social_counter_last_update":["1777185555"]},"categories":[19,23],"tags":[60848,60849,212,278,34957,40219,3235,140,528],"yoast_head":"<!-- This site is optimized with the Yoast SEO Premium plugin v22.7 (Yoast SEO v22.7) - https:\/\/yoast.com\/wordpress\/plugins\/seo\/ -->\n<title>Protestaktion gegen Bundeswehr-Unterricht in einer Leipziger Schule \u2013 und was daraus wurde - just-now.NEWS Deutschland<\/title>\n<meta name=\"robots\" content=\"index, follow, max-snippet:-1, max-image-preview:large, max-video-preview:-1\" \/>\n<link rel=\"canonical\" href=\"https:\/\/now-news.de\/de\/deutschland\/protestaktion-gegen-bundeswehr-unterricht-in-einer-leipziger-schule-und-was-daraus-wurde\/\" \/>\n<meta property=\"og:locale\" content=\"de_DE\" \/>\n<meta property=\"og:type\" content=\"article\" \/>\n<meta property=\"og:title\" content=\"Protestaktion gegen Bundeswehr-Unterricht in einer Leipziger Schule \u2013 und was daraus wurde\" \/>\n<meta property=\"og:description\" content=\"Im Oktober haben mehrere Sch\u00fcler in Leipzig gegen einen Besuch der Jungoffiziere der Bundeswehr protestiert. Ihrem Anf\u00fchrer wurde ein Schulverweis angedroht. Antikriegsaktivisten haben dagegen eine Online-Petition gestartet. Es geschah an der Humboldtschule im Stadtteil Reudnitz-Thonberg in Leipzig im Oktober: Obwohl der Protest auf dem Schulhof nur wenige Minuten dauerte, k\u00f6nnte er f\u00fcr die Beteiligte nun [&hellip;]\" \/>\n<meta property=\"og:url\" content=\"https:\/\/now-news.de\/de\/deutschland\/protestaktion-gegen-bundeswehr-unterricht-in-einer-leipziger-schule-und-was-daraus-wurde\/\" \/>\n<meta property=\"og:site_name\" content=\"just-now.NEWS Deutschland\" \/>\n<meta property=\"article:publisher\" content=\"https:\/\/www.facebook.com\/wirmachenauf\" \/>\n<meta property=\"article:published_time\" content=\"2024-12-07T15:50:26+00:00\" \/>\n<meta property=\"og:image\" content=\"https:\/\/now-news.de\/de\/wp-content\/uploads\/sites\/3\/2024\/12\/67542949b480cc2deb7c5bb3.jpg\" \/>\n<meta name=\"author\" content=\"rtnews\" \/>\n<meta name=\"twitter:card\" content=\"summary_large_image\" \/>\n<meta name=\"twitter:creator\" content=\"@WirMachenAuf_de\" \/>\n<meta name=\"twitter:site\" content=\"@WirMachenAuf_de\" \/>\n<meta name=\"twitter:label1\" content=\"Verfasst von\" \/>\n\t<meta name=\"twitter:data1\" content=\"rtnews\" \/>\n\t<meta name=\"twitter:label2\" content=\"Gesch\u00e4tzte Lesezeit\" \/>\n\t<meta name=\"twitter:data2\" content=\"3\u00a0Minuten\" \/>\n<script type=\"application\/ld+json\" class=\"yoast-schema-graph\">{\"@context\":\"https:\/\/schema.org\",\"@graph\":[{\"@type\":\"Article\",\"@id\":\"https:\/\/now-news.de\/de\/deutschland\/protestaktion-gegen-bundeswehr-unterricht-in-einer-leipziger-schule-und-was-daraus-wurde\/#article\",\"isPartOf\":{\"@id\":\"https:\/\/now-news.de\/de\/deutschland\/protestaktion-gegen-bundeswehr-unterricht-in-einer-leipziger-schule-und-was-daraus-wurde\/\"},\"author\":{\"name\":\"rtnews\",\"@id\":\"https:\/\/now-news.de\/de\/#\/schema\/person\/fb534a4e865501d8b3285208df34a9b5\"},\"headline\":\"Protestaktion gegen Bundeswehr-Unterricht in einer Leipziger Schule \u2013 und was daraus wurde\",\"datePublished\":\"2024-12-07T15:50:26+00:00\",\"dateModified\":\"2024-12-07T15:50:26+00:00\",\"mainEntityOfPage\":{\"@id\":\"https:\/\/now-news.de\/de\/deutschland\/protestaktion-gegen-bundeswehr-unterricht-in-einer-leipziger-schule-und-was-daraus-wurde\/\"},\"wordCount\":663,\"commentCount\":0,\"publisher\":{\"@id\":\"https:\/\/now-news.de\/de\/#organization\"},\"image\":{\"@id\":\"https:\/\/now-news.de\/de\/deutschland\/protestaktion-gegen-bundeswehr-unterricht-in-einer-leipziger-schule-und-was-daraus-wurde\/#primaryimage\"},\"thumbnailUrl\":\"https:\/\/now-news.de\/de\/wp-content\/uploads\/sites\/3\/2024\/12\/Protestaktion-gegen-Bundeswehr-Unterricht-in-einer-Leipziger-Schule-\u2013-und-was.jpg\",\"keywords\":[\"BundeswehrUnterricht\",\"daraus\",\"einer\",\"gegen\",\"Leipziger\",\"Protestaktion\",\"Schule\",\"und\",\"wurde\"],\"articleSection\":[\"Deutschland\",\"Russland\"],\"inLanguage\":\"de\",\"potentialAction\":[{\"@type\":\"CommentAction\",\"name\":\"Comment\",\"target\":[\"https:\/\/now-news.de\/de\/deutschland\/protestaktion-gegen-bundeswehr-unterricht-in-einer-leipziger-schule-und-was-daraus-wurde\/#respond\"]}]},{\"@type\":\"WebPage\",\"@id\":\"https:\/\/now-news.de\/de\/deutschland\/protestaktion-gegen-bundeswehr-unterricht-in-einer-leipziger-schule-und-was-daraus-wurde\/\",\"url\":\"https:\/\/now-news.de\/de\/deutschland\/protestaktion-gegen-bundeswehr-unterricht-in-einer-leipziger-schule-und-was-daraus-wurde\/\",\"name\":\"Protestaktion gegen Bundeswehr-Unterricht in einer Leipziger Schule \u2013 und was daraus wurde - just-now.NEWS Deutschland\",\"isPartOf\":{\"@id\":\"https:\/\/now-news.de\/de\/#website\"},\"primaryImageOfPage\":{\"@id\":\"https:\/\/now-news.de\/de\/deutschland\/protestaktion-gegen-bundeswehr-unterricht-in-einer-leipziger-schule-und-was-daraus-wurde\/#primaryimage\"},\"image\":{\"@id\":\"https:\/\/now-news.de\/de\/deutschland\/protestaktion-gegen-bundeswehr-unterricht-in-einer-leipziger-schule-und-was-daraus-wurde\/#primaryimage\"},\"thumbnailUrl\":\"https:\/\/now-news.de\/de\/wp-content\/uploads\/sites\/3\/2024\/12\/Protestaktion-gegen-Bundeswehr-Unterricht-in-einer-Leipziger-Schule-\u2013-und-was.jpg\",\"datePublished\":\"2024-12-07T15:50:26+00:00\",\"dateModified\":\"2024-12-07T15:50:26+00:00\",\"breadcrumb\":{\"@id\":\"https:\/\/now-news.de\/de\/deutschland\/protestaktion-gegen-bundeswehr-unterricht-in-einer-leipziger-schule-und-was-daraus-wurde\/#breadcrumb\"},\"inLanguage\":\"de\",\"potentialAction\":[{\"@type\":\"ReadAction\",\"target\":[\"https:\/\/now-news.de\/de\/deutschland\/protestaktion-gegen-bundeswehr-unterricht-in-einer-leipziger-schule-und-was-daraus-wurde\/\"]}]},{\"@type\":\"ImageObject\",\"inLanguage\":\"de\",\"@id\":\"https:\/\/now-news.de\/de\/deutschland\/protestaktion-gegen-bundeswehr-unterricht-in-einer-leipziger-schule-und-was-daraus-wurde\/#primaryimage\",\"url\":\"https:\/\/now-news.de\/de\/wp-content\/uploads\/sites\/3\/2024\/12\/Protestaktion-gegen-Bundeswehr-Unterricht-in-einer-Leipziger-Schule-\u2013-und-was.jpg\",\"contentUrl\":\"https:\/\/now-news.de\/de\/wp-content\/uploads\/sites\/3\/2024\/12\/Protestaktion-gegen-Bundeswehr-Unterricht-in-einer-Leipziger-Schule-\u2013-und-was.jpg\",\"width\":1280,\"height\":720,\"caption\":\"Protestaktion gegen Bundeswehr-Unterricht in einer Leipziger Schule \u2013 und was daraus wurde\"},{\"@type\":\"BreadcrumbList\",\"@id\":\"https:\/\/now-news.de\/de\/deutschland\/protestaktion-gegen-bundeswehr-unterricht-in-einer-leipziger-schule-und-was-daraus-wurde\/#breadcrumb\",\"itemListElement\":[{\"@type\":\"ListItem\",\"position\":1,\"name\":\"Home\",\"item\":\"https:\/\/now-news.de\/de\/\"},{\"@type\":\"ListItem\",\"position\":2,\"name\":\"Protestaktion gegen Bundeswehr-Unterricht in einer Leipziger Schule \u2013 und was daraus wurde\"}]},{\"@type\":\"WebSite\",\"@id\":\"https:\/\/now-news.de\/de\/#website\",\"url\":\"https:\/\/now-news.de\/de\/\",\"name\":\"just-now.NEWS Deutschland\",\"description\":\"Das Portal f\u00fcr unzensierte Nachrichten aus der Welt\",\"publisher\":{\"@id\":\"https:\/\/now-news.de\/de\/#organization\"},\"potentialAction\":[{\"@type\":\"SearchAction\",\"target\":{\"@type\":\"EntryPoint\",\"urlTemplate\":\"https:\/\/now-news.de\/de\/?s={search_term_string}\"},\"query-input\":\"required name=search_term_string\"}],\"inLanguage\":\"de\"},{\"@type\":\"Organization\",\"@id\":\"https:\/\/now-news.de\/de\/#organization\",\"name\":\"Just Now News\",\"url\":\"https:\/\/now-news.de\/de\/\",\"logo\":{\"@type\":\"ImageObject\",\"inLanguage\":\"de\",\"@id\":\"https:\/\/now-news.de\/de\/#\/schema\/logo\/image\/\",\"url\":\"http:\/\/just-now.news\/de\/wp-content\/uploads\/sites\/3\/2022\/04\/logo500x500.jpg\",\"contentUrl\":\"http:\/\/just-now.news\/de\/wp-content\/uploads\/sites\/3\/2022\/04\/logo500x500.jpg\",\"width\":500,\"height\":500,\"caption\":\"Just Now News\"},\"image\":{\"@id\":\"https:\/\/now-news.de\/de\/#\/schema\/logo\/image\/\"},\"sameAs\":[\"https:\/\/www.facebook.com\/wirmachenauf\",\"https:\/\/x.com\/WirMachenAuf_de\"]},{\"@type\":\"Person\",\"@id\":\"https:\/\/now-news.de\/de\/#\/schema\/person\/fb534a4e865501d8b3285208df34a9b5\",\"name\":\"rtnews\",\"image\":{\"@type\":\"ImageObject\",\"inLanguage\":\"de\",\"@id\":\"https:\/\/now-news.de\/de\/#\/schema\/person\/image\/\",\"url\":\"https:\/\/secure.gravatar.com\/avatar\/82aafea7d8127119dd649515f56e2117?s=96&d=mm&r=g\",\"contentUrl\":\"https:\/\/secure.gravatar.com\/avatar\/82aafea7d8127119dd649515f56e2117?s=96&d=mm&r=g\",\"caption\":\"rtnews\"},\"url\":\"https:\/\/now-news.de\/de\/author\/rnews\/\"}]}<\/script>\n<!-- \/ Yoast SEO Premium plugin. -->","yoast_head_json":{"title":"Protestaktion gegen Bundeswehr-Unterricht in einer Leipziger Schule \u2013 und was daraus wurde - just-now.NEWS Deutschland","robots":{"index":"index","follow":"follow","max-snippet":"max-snippet:-1","max-image-preview":"max-image-preview:large","max-video-preview":"max-video-preview:-1"},"canonical":"https:\/\/now-news.de\/de\/deutschland\/protestaktion-gegen-bundeswehr-unterricht-in-einer-leipziger-schule-und-was-daraus-wurde\/","og_locale":"de_DE","og_type":"article","og_title":"Protestaktion gegen Bundeswehr-Unterricht in einer Leipziger Schule \u2013 und was daraus wurde","og_description":"Im Oktober haben mehrere Sch\u00fcler in Leipzig gegen einen Besuch der Jungoffiziere der Bundeswehr protestiert. Ihrem Anf\u00fchrer wurde ein Schulverweis angedroht. Antikriegsaktivisten haben dagegen eine Online-Petition gestartet. Es geschah an der Humboldtschule im Stadtteil Reudnitz-Thonberg in Leipzig im Oktober: Obwohl der Protest auf dem Schulhof nur wenige Minuten dauerte, k\u00f6nnte er f\u00fcr die Beteiligte nun [&hellip;]","og_url":"https:\/\/now-news.de\/de\/deutschland\/protestaktion-gegen-bundeswehr-unterricht-in-einer-leipziger-schule-und-was-daraus-wurde\/","og_site_name":"just-now.NEWS Deutschland","article_publisher":"https:\/\/www.facebook.com\/wirmachenauf","article_published_time":"2024-12-07T15:50:26+00:00","og_image":[{"url":"https:\/\/now-news.de\/de\/wp-content\/uploads\/sites\/3\/2024\/12\/67542949b480cc2deb7c5bb3.jpg"}],"author":"rtnews","twitter_card":"summary_large_image","twitter_creator":"@WirMachenAuf_de","twitter_site":"@WirMachenAuf_de","twitter_misc":{"Verfasst von":"rtnews","Gesch\u00e4tzte Lesezeit":"3\u00a0Minuten"},"schema":{"@context":"https:\/\/schema.org","@graph":[{"@type":"Article","@id":"https:\/\/now-news.de\/de\/deutschland\/protestaktion-gegen-bundeswehr-unterricht-in-einer-leipziger-schule-und-was-daraus-wurde\/#article","isPartOf":{"@id":"https:\/\/now-news.de\/de\/deutschland\/protestaktion-gegen-bundeswehr-unterricht-in-einer-leipziger-schule-und-was-daraus-wurde\/"},"author":{"name":"rtnews","@id":"https:\/\/now-news.de\/de\/#\/schema\/person\/fb534a4e865501d8b3285208df34a9b5"},"headline":"Protestaktion gegen Bundeswehr-Unterricht in einer Leipziger Schule \u2013 und was daraus wurde","datePublished":"2024-12-07T15:50:26+00:00","dateModified":"2024-12-07T15:50:26+00:00","mainEntityOfPage":{"@id":"https:\/\/now-news.de\/de\/deutschland\/protestaktion-gegen-bundeswehr-unterricht-in-einer-leipziger-schule-und-was-daraus-wurde\/"},"wordCount":663,"commentCount":0,"publisher":{"@id":"https:\/\/now-news.de\/de\/#organization"},"image":{"@id":"https:\/\/now-news.de\/de\/deutschland\/protestaktion-gegen-bundeswehr-unterricht-in-einer-leipziger-schule-und-was-daraus-wurde\/#primaryimage"},"thumbnailUrl":"https:\/\/now-news.de\/de\/wp-content\/uploads\/sites\/3\/2024\/12\/Protestaktion-gegen-Bundeswehr-Unterricht-in-einer-Leipziger-Schule-\u2013-und-was.jpg","keywords":["BundeswehrUnterricht","daraus","einer","gegen","Leipziger","Protestaktion","Schule","und","wurde"],"articleSection":["Deutschland","Russland"],"inLanguage":"de","potentialAction":[{"@type":"CommentAction","name":"Comment","target":["https:\/\/now-news.de\/de\/deutschland\/protestaktion-gegen-bundeswehr-unterricht-in-einer-leipziger-schule-und-was-daraus-wurde\/#respond"]}]},{"@type":"WebPage","@id":"https:\/\/now-news.de\/de\/deutschland\/protestaktion-gegen-bundeswehr-unterricht-in-einer-leipziger-schule-und-was-daraus-wurde\/","url":"https:\/\/now-news.de\/de\/deutschland\/protestaktion-gegen-bundeswehr-unterricht-in-einer-leipziger-schule-und-was-daraus-wurde\/","name":"Protestaktion gegen Bundeswehr-Unterricht in einer Leipziger Schule \u2013 und was daraus wurde - just-now.NEWS Deutschland","isPartOf":{"@id":"https:\/\/now-news.de\/de\/#website"},"primaryImageOfPage":{"@id":"https:\/\/now-news.de\/de\/deutschland\/protestaktion-gegen-bundeswehr-unterricht-in-einer-leipziger-schule-und-was-daraus-wurde\/#primaryimage"},"image":{"@id":"https:\/\/now-news.de\/de\/deutschland\/protestaktion-gegen-bundeswehr-unterricht-in-einer-leipziger-schule-und-was-daraus-wurde\/#primaryimage"},"thumbnailUrl":"https:\/\/now-news.de\/de\/wp-content\/uploads\/sites\/3\/2024\/12\/Protestaktion-gegen-Bundeswehr-Unterricht-in-einer-Leipziger-Schule-\u2013-und-was.jpg","datePublished":"2024-12-07T15:50:26+00:00","dateModified":"2024-12-07T15:50:26+00:00","breadcrumb":{"@id":"https:\/\/now-news.de\/de\/deutschland\/protestaktion-gegen-bundeswehr-unterricht-in-einer-leipziger-schule-und-was-daraus-wurde\/#breadcrumb"},"inLanguage":"de","potentialAction":[{"@type":"ReadAction","target":["https:\/\/now-news.de\/de\/deutschland\/protestaktion-gegen-bundeswehr-unterricht-in-einer-leipziger-schule-und-was-daraus-wurde\/"]}]},{"@type":"ImageObject","inLanguage":"de","@id":"https:\/\/now-news.de\/de\/deutschland\/protestaktion-gegen-bundeswehr-unterricht-in-einer-leipziger-schule-und-was-daraus-wurde\/#primaryimage","url":"https:\/\/now-news.de\/de\/wp-content\/uploads\/sites\/3\/2024\/12\/Protestaktion-gegen-Bundeswehr-Unterricht-in-einer-Leipziger-Schule-\u2013-und-was.jpg","contentUrl":"https:\/\/now-news.de\/de\/wp-content\/uploads\/sites\/3\/2024\/12\/Protestaktion-gegen-Bundeswehr-Unterricht-in-einer-Leipziger-Schule-\u2013-und-was.jpg","width":1280,"height":720,"caption":"Protestaktion gegen Bundeswehr-Unterricht in einer Leipziger Schule \u2013 und was daraus wurde"},{"@type":"BreadcrumbList","@id":"https:\/\/now-news.de\/de\/deutschland\/protestaktion-gegen-bundeswehr-unterricht-in-einer-leipziger-schule-und-was-daraus-wurde\/#breadcrumb","itemListElement":[{"@type":"ListItem","position":1,"name":"Home","item":"https:\/\/now-news.de\/de\/"},{"@type":"ListItem","position":2,"name":"Protestaktion gegen Bundeswehr-Unterricht in einer Leipziger Schule \u2013 und was daraus wurde"}]},{"@type":"WebSite","@id":"https:\/\/now-news.de\/de\/#website","url":"https:\/\/now-news.de\/de\/","name":"just-now.NEWS Deutschland","description":"Das Portal f\u00fcr unzensierte Nachrichten aus der Welt","publisher":{"@id":"https:\/\/now-news.de\/de\/#organization"},"potentialAction":[{"@type":"SearchAction","target":{"@type":"EntryPoint","urlTemplate":"https:\/\/now-news.de\/de\/?s={search_term_string}"},"query-input":"required name=search_term_string"}],"inLanguage":"de"},{"@type":"Organization","@id":"https:\/\/now-news.de\/de\/#organization","name":"Just Now News","url":"https:\/\/now-news.de\/de\/","logo":{"@type":"ImageObject","inLanguage":"de","@id":"https:\/\/now-news.de\/de\/#\/schema\/logo\/image\/","url":"http:\/\/just-now.news\/de\/wp-content\/uploads\/sites\/3\/2022\/04\/logo500x500.jpg","contentUrl":"http:\/\/just-now.news\/de\/wp-content\/uploads\/sites\/3\/2022\/04\/logo500x500.jpg","width":500,"height":500,"caption":"Just Now News"},"image":{"@id":"https:\/\/now-news.de\/de\/#\/schema\/logo\/image\/"},"sameAs":["https:\/\/www.facebook.com\/wirmachenauf","https:\/\/x.com\/WirMachenAuf_de"]},{"@type":"Person","@id":"https:\/\/now-news.de\/de\/#\/schema\/person\/fb534a4e865501d8b3285208df34a9b5","name":"rtnews","image":{"@type":"ImageObject","inLanguage":"de","@id":"https:\/\/now-news.de\/de\/#\/schema\/person\/image\/","url":"https:\/\/secure.gravatar.com\/avatar\/82aafea7d8127119dd649515f56e2117?s=96&d=mm&r=g","contentUrl":"https:\/\/secure.gravatar.com\/avatar\/82aafea7d8127119dd649515f56e2117?s=96&d=mm&r=g","caption":"rtnews"},"url":"https:\/\/now-news.de\/de\/author\/rnews\/"}]}},"_links":{"self":[{"href":"https:\/\/now-news.de\/de\/wp-json\/wp\/v2\/posts\/74032"}],"collection":[{"href":"https:\/\/now-news.de\/de\/wp-json\/wp\/v2\/posts"}],"about":[{"href":"https:\/\/now-news.de\/de\/wp-json\/wp\/v2\/types\/post"}],"author":[{"embeddable":true,"href":"https:\/\/now-news.de\/de\/wp-json\/wp\/v2\/users\/3"}],"replies":[{"embeddable":true,"href":"https:\/\/now-news.de\/de\/wp-json\/wp\/v2\/comments?post=74032"}],"version-history":[{"count":0,"href":"https:\/\/now-news.de\/de\/wp-json\/wp\/v2\/posts\/74032\/revisions"}],"wp:featuredmedia":[{"embeddable":true,"href":"https:\/\/now-news.de\/de\/wp-json\/wp\/v2\/media\/74033"}],"wp:attachment":[{"href":"https:\/\/now-news.de\/de\/wp-json\/wp\/v2\/media?parent=74032"}],"wp:term":[{"taxonomy":"category","embeddable":true,"href":"https:\/\/now-news.de\/de\/wp-json\/wp\/v2\/categories?post=74032"},{"taxonomy":"post_tag","embeddable":true,"href":"https:\/\/now-news.de\/de\/wp-json\/wp\/v2\/tags?post=74032"}],"curies":[{"name":"wp","href":"https:\/\/api.w.org\/{rel}","templated":true}]}}