{"id":73991,"date":"2024-12-06T21:58:47","date_gmt":"2024-12-06T19:58:47","guid":{"rendered":"https:\/\/now-news.de\/de\/deutschland\/syrien-kurden-milizen-nehmen-deir-ez-zor-ein\/"},"modified":"2024-12-06T21:58:47","modified_gmt":"2024-12-06T19:58:47","slug":"syrien-kurden-milizen-nehmen-deir-ez-zor-ein","status":"publish","type":"post","link":"https:\/\/now-news.de\/de\/deutschland\/syrien-kurden-milizen-nehmen-deir-ez-zor-ein\/","title":{"rendered":"Syrien: Kurden-Milizen nehmen Deir ez-Zor ein"},"content":{"rendered":"<p><img decoding=\"async\" src=\"https:\/\/now-news.de\/de\/wp-content\/uploads\/sites\/3\/2024\/12\/6753508348fbef52c732cda5.jpg\" \/><\/p>\n<div class=\"Text-root Text-type_1 \">\n                In Syrien haben von den USA unterst\u00fctzte Antiregierungskr\u00e4fte eine weitere wichtige Stadt eingenommen. Dieses Mal handelt es sich um kurdische Kr\u00e4fte des SDF. Besorgniserregend ist, dass diese offenbar mit Dschihadisten zusammenarbeiten.\n            <\/div>\n<p><\/p>\n<div class=\"Text-root Text-type_5 ArticleView-text ViewText-root \">\n<p>Die &#8220;Syrischen Demokratischen Kr\u00e4fte&#8221; (SDF), eine von den USA unterst\u00fctzte Milit\u00e4rkoalition, die von kurdischen Gruppen dominiert wird, hat nach Angaben von <em>Reuters<\/em> die ostsyrische Stadt Deir ez-Zor eingenommen. Zwei in Ostsyrien ans\u00e4ssige Sicherheitsquellen sollen der Nachrichtenagentur mitgeteilt haben, dass die SDF die Stadt am Freitagnachmittag vollst\u00e4ndig unter ihre Kontrolle gebracht h\u00e4tten.<\/p>\n<p>SDF-Kr\u00e4fte kontrollieren Berichten zufolge auch mehrere Stadtteile in Aleppo, die von islamistischen Aufst\u00e4ndischen umzingelt sind. Aktivisten eines lokalen Medienunternehmens mit Kontakten in der Stadt sagten gegen\u00fcber Reuters, dass sich die syrischen Regierungstruppen und die von Iran unterst\u00fctzten irakischen K\u00e4mpfer aus Deir ez-Zor zur\u00fcckgezogen h\u00e4tten, bevor die SDF einmarschierten.<\/p>\n<p>Die SDF r\u00fcckten Berichten zufolge auch auf die syrische Stadt Al-Bukamal vor. Eine irakische Sicherheitsquelle wies darauf hin, dass die Grenzstadt innerhalb der n\u00e4chsten 24 Stunden eingenommen werden k\u00f6nnte.<\/p>\n<p>Der Vormarsch der SDF folgt auf den \u00dcberraschungsangriff militanter Kr\u00e4fte in Syrien in der vergangenen Woche, der von der Terrorgruppe Hai\u02beat Tahrir asch-Scham (HTS), fr\u00fcher bekannt als Al-Nusra-Front, angef\u00fchrt wurde. Die Aufst\u00e4ndischen haben die Regierungstruppen zur\u00fcckgedr\u00e4ngt, gro\u00dfe Teile des Territoriums in Aleppo und der Provinz Idlib erobert und am Donnerstag die strategisch wichtige Stadt Hama umzingelt. Medienberichten vom Freitag zufolge r\u00fccken sie derzeit in Richtung Homs, der drittgr\u00f6\u00dften Stadt Syriens, vor.<\/p>\n<p>Der Oberbefehlshaber der SDF, Mazlum Abdi, sagte am Freitag auf einer Pressekonferenz, man stehe in Kontakt mit der HTS:<\/p>\n<p><em>&#8220;Wir haben \u00fcber viele Kan\u00e4le Kontakt mit Tahrir asch-Scham, vor allem, was den Schutz unserer Leute in Aleppo betrifft. Offensichtlich sind wir nie mit ihnen zusammengesto\u00dfen.&#8221;<\/em><\/p>\n<p>Die 2015 gegr\u00fcndete SDF ist eine breite Koalition kurdischer und arabischer Milizen, die gegen die Terroristen des Islamischen Staates (IS, fr\u00fcher ISIS) k\u00e4mpft und von diesen gehaltene Gebiete in Ostsyrien erobert hat.<\/p>\n<p>Die SDF werden von der T\u00fcrkei bek\u00e4mpft, die der Ansicht ist, dass die Gruppe direkte Verbindungen zur verbotenen Arbeiterpartei Kurdistans (PKK) hat, die Ankara als terroristische Gruppe betrachtet.<\/p>\n<p>Ende 2019 r\u00fchmten sich die mit den SDF verbundenen Gruppen, rund 40.000 K\u00e4mpfer in ihren Reihen zu haben. Die USA haben Berichten zufolge rund 900 Soldaten in Syrien, die die kurdischen Kr\u00e4fte des Landes beraten.<\/p>\n<p>In dieser Woche erkl\u00e4rte ein US-Beamter gegen\u00fcber der Website <em>The War Zone<\/em>, dass das US-Milit\u00e4r eine Offensivoperation der SDF in der Gegend von Deir ez-Zor unterst\u00fctzt habe. &#8220;Sie haben um Unterst\u00fctzung gebeten und wir haben sie unterst\u00fctzt&#8221;, erkl\u00e4rte der ungenannte Beamte, der keine weiteren Einzelheiten nennen wollte.<\/p>\n<p><strong>Mehr zum Thema<\/strong> &#8211; <a rel=\"nofollow noopener\" target=\"_blank\" href=\"https:\/\/freedert.online\/international\/228615-moskau-westen-unterstuetzt-terroristen-in\/\">Moskau: Westen unterst\u00fctzt Terroristen in Syrien<\/a><\/p>\n<div class=\"EmbedBlock-root EmbedBlock-externalVideo EmbedBlock-rumble\">\n<div class=\"VkEmbed\"><iframe class=\"lazyload\" data-src=\"https:\/\/rumble.com\/embed\/v5uebhn\" frameborder=\"0\" width=\"853\" height=\"480\" allowfullscreen><\/iframe><\/div>\n<\/div>\n<\/div>\n<p><br \/>\n<br \/><a href=\"https:\/\/de.rt.com\/der-nahe-osten\/228637-syrien-kurden-milizen-nehmen-deir\/\">Source link <\/a><\/p>\n","protected":false},"excerpt":{"rendered":"<p>In Syrien haben von den USA unterst\u00fctzte Antiregierungskr\u00e4fte eine weitere wichtige Stadt eingenommen. Dieses Mal handelt es sich um kurdische Kr\u00e4fte des SDF. Besorgniserregend ist, dass diese offenbar mit Dschihadisten zusammenarbeiten. Die &#8220;Syrischen Demokratischen Kr\u00e4fte&#8221; (SDF), eine von den USA unterst\u00fctzte Milit\u00e4rkoalition, die von kurdischen Gruppen dominiert wird, hat nach Angaben von Reuters die ostsyrische [&hellip;]<\/p>\n","protected":false},"author":3,"featured_media":73992,"comment_status":"open","ping_status":"open","sticky":false,"template":"","format":"standard","meta":{"_yoast_indexnow_last_ping":["1733515341"],"wp_automatic_camp":["217"],"f8cb7cdab1bd82b7ef8d555eeda06358":["Syrien: Kurden-Milizen nehmen Deir ez-Zor ein"],"original_link":["https:\/\/de.rt.com\/der-nahe-osten\/228637-syrien-kurden-milizen-nehmen-deir\/"],"_thumbnail_id":["73992"],"_wptgpro_p2tg_sent2tg":["a:1:{i:23737;s:19:\"2024-12-06 22:03:22\";}"],"jnews_social_counter_last_update":["1777670729"]},"categories":[19,23],"tags":[57050,357,60835,40029,7299,783],"yoast_head":"<!-- This site is optimized with the Yoast SEO Premium plugin v22.7 (Yoast SEO v22.7) - https:\/\/yoast.com\/wordpress\/plugins\/seo\/ -->\n<title>Syrien: Kurden-Milizen nehmen Deir ez-Zor ein - just-now.NEWS Deutschland<\/title>\n<meta name=\"robots\" content=\"index, follow, max-snippet:-1, max-image-preview:large, max-video-preview:-1\" \/>\n<link rel=\"canonical\" href=\"https:\/\/now-news.de\/de\/deutschland\/syrien-kurden-milizen-nehmen-deir-ez-zor-ein\/\" \/>\n<meta property=\"og:locale\" content=\"de_DE\" \/>\n<meta property=\"og:type\" content=\"article\" \/>\n<meta property=\"og:title\" content=\"Syrien: Kurden-Milizen nehmen Deir ez-Zor ein\" \/>\n<meta property=\"og:description\" content=\"In Syrien haben von den USA unterst\u00fctzte Antiregierungskr\u00e4fte eine weitere wichtige Stadt eingenommen. Dieses Mal handelt es sich um kurdische Kr\u00e4fte des SDF. Besorgniserregend ist, dass diese offenbar mit Dschihadisten zusammenarbeiten. Die &#8220;Syrischen Demokratischen Kr\u00e4fte&#8221; (SDF), eine von den USA unterst\u00fctzte Milit\u00e4rkoalition, die von kurdischen Gruppen dominiert wird, hat nach Angaben von Reuters die ostsyrische [&hellip;]\" \/>\n<meta property=\"og:url\" content=\"https:\/\/now-news.de\/de\/deutschland\/syrien-kurden-milizen-nehmen-deir-ez-zor-ein\/\" \/>\n<meta property=\"og:site_name\" content=\"just-now.NEWS Deutschland\" \/>\n<meta property=\"article:publisher\" content=\"https:\/\/www.facebook.com\/wirmachenauf\" \/>\n<meta property=\"article:published_time\" content=\"2024-12-06T19:58:47+00:00\" \/>\n<meta property=\"og:image\" content=\"https:\/\/now-news.de\/de\/wp-content\/uploads\/sites\/3\/2024\/12\/6753508348fbef52c732cda5.jpg\" \/>\n<meta name=\"author\" content=\"rtnews\" \/>\n<meta name=\"twitter:card\" content=\"summary_large_image\" \/>\n<meta name=\"twitter:creator\" content=\"@WirMachenAuf_de\" \/>\n<meta name=\"twitter:site\" content=\"@WirMachenAuf_de\" \/>\n<meta name=\"twitter:label1\" content=\"Verfasst von\" \/>\n\t<meta name=\"twitter:data1\" content=\"rtnews\" \/>\n\t<meta name=\"twitter:label2\" content=\"Gesch\u00e4tzte Lesezeit\" \/>\n\t<meta name=\"twitter:data2\" content=\"2\u00a0Minuten\" \/>\n<script type=\"application\/ld+json\" class=\"yoast-schema-graph\">{\"@context\":\"https:\/\/schema.org\",\"@graph\":[{\"@type\":\"Article\",\"@id\":\"https:\/\/now-news.de\/de\/deutschland\/syrien-kurden-milizen-nehmen-deir-ez-zor-ein\/#article\",\"isPartOf\":{\"@id\":\"https:\/\/now-news.de\/de\/deutschland\/syrien-kurden-milizen-nehmen-deir-ez-zor-ein\/\"},\"author\":{\"name\":\"rtnews\",\"@id\":\"https:\/\/now-news.de\/de\/#\/schema\/person\/fb534a4e865501d8b3285208df34a9b5\"},\"headline\":\"Syrien: Kurden-Milizen nehmen Deir ez-Zor ein\",\"datePublished\":\"2024-12-06T19:58:47+00:00\",\"dateModified\":\"2024-12-06T19:58:47+00:00\",\"mainEntityOfPage\":{\"@id\":\"https:\/\/now-news.de\/de\/deutschland\/syrien-kurden-milizen-nehmen-deir-ez-zor-ein\/\"},\"wordCount\":478,\"commentCount\":0,\"publisher\":{\"@id\":\"https:\/\/now-news.de\/de\/#organization\"},\"image\":{\"@id\":\"https:\/\/now-news.de\/de\/deutschland\/syrien-kurden-milizen-nehmen-deir-ez-zor-ein\/#primaryimage\"},\"thumbnailUrl\":\"https:\/\/now-news.de\/de\/wp-content\/uploads\/sites\/3\/2024\/12\/Syrien-Kurden-Milizen-nehmen-Deir-ez-Zor-ein.jpg\",\"keywords\":[\"Deir\",\"ein\",\"ezZor\",\"Kurdenmilizen\",\"nehmen\",\"Syrien\"],\"articleSection\":[\"Deutschland\",\"Russland\"],\"inLanguage\":\"de\",\"potentialAction\":[{\"@type\":\"CommentAction\",\"name\":\"Comment\",\"target\":[\"https:\/\/now-news.de\/de\/deutschland\/syrien-kurden-milizen-nehmen-deir-ez-zor-ein\/#respond\"]}]},{\"@type\":\"WebPage\",\"@id\":\"https:\/\/now-news.de\/de\/deutschland\/syrien-kurden-milizen-nehmen-deir-ez-zor-ein\/\",\"url\":\"https:\/\/now-news.de\/de\/deutschland\/syrien-kurden-milizen-nehmen-deir-ez-zor-ein\/\",\"name\":\"Syrien: Kurden-Milizen nehmen Deir ez-Zor ein - just-now.NEWS Deutschland\",\"isPartOf\":{\"@id\":\"https:\/\/now-news.de\/de\/#website\"},\"primaryImageOfPage\":{\"@id\":\"https:\/\/now-news.de\/de\/deutschland\/syrien-kurden-milizen-nehmen-deir-ez-zor-ein\/#primaryimage\"},\"image\":{\"@id\":\"https:\/\/now-news.de\/de\/deutschland\/syrien-kurden-milizen-nehmen-deir-ez-zor-ein\/#primaryimage\"},\"thumbnailUrl\":\"https:\/\/now-news.de\/de\/wp-content\/uploads\/sites\/3\/2024\/12\/Syrien-Kurden-Milizen-nehmen-Deir-ez-Zor-ein.jpg\",\"datePublished\":\"2024-12-06T19:58:47+00:00\",\"dateModified\":\"2024-12-06T19:58:47+00:00\",\"breadcrumb\":{\"@id\":\"https:\/\/now-news.de\/de\/deutschland\/syrien-kurden-milizen-nehmen-deir-ez-zor-ein\/#breadcrumb\"},\"inLanguage\":\"de\",\"potentialAction\":[{\"@type\":\"ReadAction\",\"target\":[\"https:\/\/now-news.de\/de\/deutschland\/syrien-kurden-milizen-nehmen-deir-ez-zor-ein\/\"]}]},{\"@type\":\"ImageObject\",\"inLanguage\":\"de\",\"@id\":\"https:\/\/now-news.de\/de\/deutschland\/syrien-kurden-milizen-nehmen-deir-ez-zor-ein\/#primaryimage\",\"url\":\"https:\/\/now-news.de\/de\/wp-content\/uploads\/sites\/3\/2024\/12\/Syrien-Kurden-Milizen-nehmen-Deir-ez-Zor-ein.jpg\",\"contentUrl\":\"https:\/\/now-news.de\/de\/wp-content\/uploads\/sites\/3\/2024\/12\/Syrien-Kurden-Milizen-nehmen-Deir-ez-Zor-ein.jpg\",\"width\":460,\"height\":259,\"caption\":\"Syrien: Kurden-Milizen nehmen Deir ez-Zor ein\"},{\"@type\":\"BreadcrumbList\",\"@id\":\"https:\/\/now-news.de\/de\/deutschland\/syrien-kurden-milizen-nehmen-deir-ez-zor-ein\/#breadcrumb\",\"itemListElement\":[{\"@type\":\"ListItem\",\"position\":1,\"name\":\"Home\",\"item\":\"https:\/\/now-news.de\/de\/\"},{\"@type\":\"ListItem\",\"position\":2,\"name\":\"Syrien: Kurden-Milizen nehmen Deir ez-Zor ein\"}]},{\"@type\":\"WebSite\",\"@id\":\"https:\/\/now-news.de\/de\/#website\",\"url\":\"https:\/\/now-news.de\/de\/\",\"name\":\"just-now.NEWS Deutschland\",\"description\":\"Das Portal f\u00fcr unzensierte Nachrichten aus der Welt\",\"publisher\":{\"@id\":\"https:\/\/now-news.de\/de\/#organization\"},\"potentialAction\":[{\"@type\":\"SearchAction\",\"target\":{\"@type\":\"EntryPoint\",\"urlTemplate\":\"https:\/\/now-news.de\/de\/?s={search_term_string}\"},\"query-input\":\"required name=search_term_string\"}],\"inLanguage\":\"de\"},{\"@type\":\"Organization\",\"@id\":\"https:\/\/now-news.de\/de\/#organization\",\"name\":\"Just Now News\",\"url\":\"https:\/\/now-news.de\/de\/\",\"logo\":{\"@type\":\"ImageObject\",\"inLanguage\":\"de\",\"@id\":\"https:\/\/now-news.de\/de\/#\/schema\/logo\/image\/\",\"url\":\"http:\/\/just-now.news\/de\/wp-content\/uploads\/sites\/3\/2022\/04\/logo500x500.jpg\",\"contentUrl\":\"http:\/\/just-now.news\/de\/wp-content\/uploads\/sites\/3\/2022\/04\/logo500x500.jpg\",\"width\":500,\"height\":500,\"caption\":\"Just Now News\"},\"image\":{\"@id\":\"https:\/\/now-news.de\/de\/#\/schema\/logo\/image\/\"},\"sameAs\":[\"https:\/\/www.facebook.com\/wirmachenauf\",\"https:\/\/x.com\/WirMachenAuf_de\"]},{\"@type\":\"Person\",\"@id\":\"https:\/\/now-news.de\/de\/#\/schema\/person\/fb534a4e865501d8b3285208df34a9b5\",\"name\":\"rtnews\",\"image\":{\"@type\":\"ImageObject\",\"inLanguage\":\"de\",\"@id\":\"https:\/\/now-news.de\/de\/#\/schema\/person\/image\/\",\"url\":\"https:\/\/secure.gravatar.com\/avatar\/82aafea7d8127119dd649515f56e2117?s=96&d=mm&r=g\",\"contentUrl\":\"https:\/\/secure.gravatar.com\/avatar\/82aafea7d8127119dd649515f56e2117?s=96&d=mm&r=g\",\"caption\":\"rtnews\"},\"url\":\"https:\/\/now-news.de\/de\/author\/rnews\/\"}]}<\/script>\n<!-- \/ Yoast SEO Premium plugin. -->","yoast_head_json":{"title":"Syrien: Kurden-Milizen nehmen Deir ez-Zor ein - just-now.NEWS Deutschland","robots":{"index":"index","follow":"follow","max-snippet":"max-snippet:-1","max-image-preview":"max-image-preview:large","max-video-preview":"max-video-preview:-1"},"canonical":"https:\/\/now-news.de\/de\/deutschland\/syrien-kurden-milizen-nehmen-deir-ez-zor-ein\/","og_locale":"de_DE","og_type":"article","og_title":"Syrien: Kurden-Milizen nehmen Deir ez-Zor ein","og_description":"In Syrien haben von den USA unterst\u00fctzte Antiregierungskr\u00e4fte eine weitere wichtige Stadt eingenommen. Dieses Mal handelt es sich um kurdische Kr\u00e4fte des SDF. Besorgniserregend ist, dass diese offenbar mit Dschihadisten zusammenarbeiten. Die &#8220;Syrischen Demokratischen Kr\u00e4fte&#8221; (SDF), eine von den USA unterst\u00fctzte Milit\u00e4rkoalition, die von kurdischen Gruppen dominiert wird, hat nach Angaben von Reuters die ostsyrische [&hellip;]","og_url":"https:\/\/now-news.de\/de\/deutschland\/syrien-kurden-milizen-nehmen-deir-ez-zor-ein\/","og_site_name":"just-now.NEWS Deutschland","article_publisher":"https:\/\/www.facebook.com\/wirmachenauf","article_published_time":"2024-12-06T19:58:47+00:00","og_image":[{"url":"https:\/\/now-news.de\/de\/wp-content\/uploads\/sites\/3\/2024\/12\/6753508348fbef52c732cda5.jpg"}],"author":"rtnews","twitter_card":"summary_large_image","twitter_creator":"@WirMachenAuf_de","twitter_site":"@WirMachenAuf_de","twitter_misc":{"Verfasst von":"rtnews","Gesch\u00e4tzte Lesezeit":"2\u00a0Minuten"},"schema":{"@context":"https:\/\/schema.org","@graph":[{"@type":"Article","@id":"https:\/\/now-news.de\/de\/deutschland\/syrien-kurden-milizen-nehmen-deir-ez-zor-ein\/#article","isPartOf":{"@id":"https:\/\/now-news.de\/de\/deutschland\/syrien-kurden-milizen-nehmen-deir-ez-zor-ein\/"},"author":{"name":"rtnews","@id":"https:\/\/now-news.de\/de\/#\/schema\/person\/fb534a4e865501d8b3285208df34a9b5"},"headline":"Syrien: Kurden-Milizen nehmen Deir ez-Zor ein","datePublished":"2024-12-06T19:58:47+00:00","dateModified":"2024-12-06T19:58:47+00:00","mainEntityOfPage":{"@id":"https:\/\/now-news.de\/de\/deutschland\/syrien-kurden-milizen-nehmen-deir-ez-zor-ein\/"},"wordCount":478,"commentCount":0,"publisher":{"@id":"https:\/\/now-news.de\/de\/#organization"},"image":{"@id":"https:\/\/now-news.de\/de\/deutschland\/syrien-kurden-milizen-nehmen-deir-ez-zor-ein\/#primaryimage"},"thumbnailUrl":"https:\/\/now-news.de\/de\/wp-content\/uploads\/sites\/3\/2024\/12\/Syrien-Kurden-Milizen-nehmen-Deir-ez-Zor-ein.jpg","keywords":["Deir","ein","ezZor","Kurdenmilizen","nehmen","Syrien"],"articleSection":["Deutschland","Russland"],"inLanguage":"de","potentialAction":[{"@type":"CommentAction","name":"Comment","target":["https:\/\/now-news.de\/de\/deutschland\/syrien-kurden-milizen-nehmen-deir-ez-zor-ein\/#respond"]}]},{"@type":"WebPage","@id":"https:\/\/now-news.de\/de\/deutschland\/syrien-kurden-milizen-nehmen-deir-ez-zor-ein\/","url":"https:\/\/now-news.de\/de\/deutschland\/syrien-kurden-milizen-nehmen-deir-ez-zor-ein\/","name":"Syrien: Kurden-Milizen nehmen Deir ez-Zor ein - just-now.NEWS Deutschland","isPartOf":{"@id":"https:\/\/now-news.de\/de\/#website"},"primaryImageOfPage":{"@id":"https:\/\/now-news.de\/de\/deutschland\/syrien-kurden-milizen-nehmen-deir-ez-zor-ein\/#primaryimage"},"image":{"@id":"https:\/\/now-news.de\/de\/deutschland\/syrien-kurden-milizen-nehmen-deir-ez-zor-ein\/#primaryimage"},"thumbnailUrl":"https:\/\/now-news.de\/de\/wp-content\/uploads\/sites\/3\/2024\/12\/Syrien-Kurden-Milizen-nehmen-Deir-ez-Zor-ein.jpg","datePublished":"2024-12-06T19:58:47+00:00","dateModified":"2024-12-06T19:58:47+00:00","breadcrumb":{"@id":"https:\/\/now-news.de\/de\/deutschland\/syrien-kurden-milizen-nehmen-deir-ez-zor-ein\/#breadcrumb"},"inLanguage":"de","potentialAction":[{"@type":"ReadAction","target":["https:\/\/now-news.de\/de\/deutschland\/syrien-kurden-milizen-nehmen-deir-ez-zor-ein\/"]}]},{"@type":"ImageObject","inLanguage":"de","@id":"https:\/\/now-news.de\/de\/deutschland\/syrien-kurden-milizen-nehmen-deir-ez-zor-ein\/#primaryimage","url":"https:\/\/now-news.de\/de\/wp-content\/uploads\/sites\/3\/2024\/12\/Syrien-Kurden-Milizen-nehmen-Deir-ez-Zor-ein.jpg","contentUrl":"https:\/\/now-news.de\/de\/wp-content\/uploads\/sites\/3\/2024\/12\/Syrien-Kurden-Milizen-nehmen-Deir-ez-Zor-ein.jpg","width":460,"height":259,"caption":"Syrien: Kurden-Milizen nehmen Deir ez-Zor ein"},{"@type":"BreadcrumbList","@id":"https:\/\/now-news.de\/de\/deutschland\/syrien-kurden-milizen-nehmen-deir-ez-zor-ein\/#breadcrumb","itemListElement":[{"@type":"ListItem","position":1,"name":"Home","item":"https:\/\/now-news.de\/de\/"},{"@type":"ListItem","position":2,"name":"Syrien: Kurden-Milizen nehmen Deir ez-Zor ein"}]},{"@type":"WebSite","@id":"https:\/\/now-news.de\/de\/#website","url":"https:\/\/now-news.de\/de\/","name":"just-now.NEWS Deutschland","description":"Das Portal f\u00fcr unzensierte Nachrichten aus der Welt","publisher":{"@id":"https:\/\/now-news.de\/de\/#organization"},"potentialAction":[{"@type":"SearchAction","target":{"@type":"EntryPoint","urlTemplate":"https:\/\/now-news.de\/de\/?s={search_term_string}"},"query-input":"required name=search_term_string"}],"inLanguage":"de"},{"@type":"Organization","@id":"https:\/\/now-news.de\/de\/#organization","name":"Just Now News","url":"https:\/\/now-news.de\/de\/","logo":{"@type":"ImageObject","inLanguage":"de","@id":"https:\/\/now-news.de\/de\/#\/schema\/logo\/image\/","url":"http:\/\/just-now.news\/de\/wp-content\/uploads\/sites\/3\/2022\/04\/logo500x500.jpg","contentUrl":"http:\/\/just-now.news\/de\/wp-content\/uploads\/sites\/3\/2022\/04\/logo500x500.jpg","width":500,"height":500,"caption":"Just Now News"},"image":{"@id":"https:\/\/now-news.de\/de\/#\/schema\/logo\/image\/"},"sameAs":["https:\/\/www.facebook.com\/wirmachenauf","https:\/\/x.com\/WirMachenAuf_de"]},{"@type":"Person","@id":"https:\/\/now-news.de\/de\/#\/schema\/person\/fb534a4e865501d8b3285208df34a9b5","name":"rtnews","image":{"@type":"ImageObject","inLanguage":"de","@id":"https:\/\/now-news.de\/de\/#\/schema\/person\/image\/","url":"https:\/\/secure.gravatar.com\/avatar\/82aafea7d8127119dd649515f56e2117?s=96&d=mm&r=g","contentUrl":"https:\/\/secure.gravatar.com\/avatar\/82aafea7d8127119dd649515f56e2117?s=96&d=mm&r=g","caption":"rtnews"},"url":"https:\/\/now-news.de\/de\/author\/rnews\/"}]}},"_links":{"self":[{"href":"https:\/\/now-news.de\/de\/wp-json\/wp\/v2\/posts\/73991"}],"collection":[{"href":"https:\/\/now-news.de\/de\/wp-json\/wp\/v2\/posts"}],"about":[{"href":"https:\/\/now-news.de\/de\/wp-json\/wp\/v2\/types\/post"}],"author":[{"embeddable":true,"href":"https:\/\/now-news.de\/de\/wp-json\/wp\/v2\/users\/3"}],"replies":[{"embeddable":true,"href":"https:\/\/now-news.de\/de\/wp-json\/wp\/v2\/comments?post=73991"}],"version-history":[{"count":0,"href":"https:\/\/now-news.de\/de\/wp-json\/wp\/v2\/posts\/73991\/revisions"}],"wp:featuredmedia":[{"embeddable":true,"href":"https:\/\/now-news.de\/de\/wp-json\/wp\/v2\/media\/73992"}],"wp:attachment":[{"href":"https:\/\/now-news.de\/de\/wp-json\/wp\/v2\/media?parent=73991"}],"wp:term":[{"taxonomy":"category","embeddable":true,"href":"https:\/\/now-news.de\/de\/wp-json\/wp\/v2\/categories?post=73991"},{"taxonomy":"post_tag","embeddable":true,"href":"https:\/\/now-news.de\/de\/wp-json\/wp\/v2\/tags?post=73991"}],"curies":[{"name":"wp","href":"https:\/\/api.w.org\/{rel}","templated":true}]}}