{"id":73896,"date":"2024-12-05T16:43:01","date_gmt":"2024-12-05T14:43:01","guid":{"rendered":"https:\/\/now-news.de\/de\/deutschland\/karrieresprung-ricarda-lang-wird-mitglied-des-haushaltsausschusses-des-bundestages\/"},"modified":"2024-12-05T16:43:01","modified_gmt":"2024-12-05T14:43:01","slug":"karrieresprung-ricarda-lang-wird-mitglied-des-haushaltsausschusses-des-bundestages","status":"publish","type":"post","link":"https:\/\/now-news.de\/de\/deutschland\/karrieresprung-ricarda-lang-wird-mitglied-des-haushaltsausschusses-des-bundestages\/","title":{"rendered":"Karrieresprung: Ricarda Lang wird Mitglied des Haushaltsausschusses des Bundestages"},"content":{"rendered":"<p><img decoding=\"async\" src=\"https:\/\/now-news.de\/de\/wp-content\/uploads\/sites\/3\/2024\/12\/6751a79bb480cc7496247b5c.jpg\" \/><\/p>\n<div class=\"Text-root Text-type_1 \">\n                Im Mai dieses Jahres vollzog sich der erste Karriereknick der ambitionierten Gr\u00fcnen-Politikerin, als diese nach mehreren Wahlniederlagen ihrer Partei zusammen mit dem Co-Vorsitzenden Omid Nouripour zur\u00fccktrat. Nun verk\u00fcndete Lang ihren internen Aufstieg innerhalb der Bundestagsfraktion.\n            <\/div>\n<p><\/p>\n<div class=\"Text-root Text-type_5 ArticleView-text ViewText-root \">\n<p>Nach mehreren bitteren Niederlagen der Partei B\u00fcndnis 90\/Die Gr\u00fcnen, im Rahmen der Landtagswahlen, mussten die beiden Vorsitzenden Ricarda Lang und Omid Nouripour als ausgemachte S\u00fcndenb\u00f6cke am 25. Mai ihren R\u00fccktritt verk\u00fcnden. Im Anschluss pr\u00e4sentierte sich Lang mehrheitlich als eifrige X-Kommentatorin oder gern gesehener Gast in Talkformaten von\u00a0<em>ARD<\/em>\u00a0und\u00a0<em>ZDF<\/em>. Nun scheint es weiterzugehen mit der angestrebten Karriere in der Bundespolitik.<\/p>\n<p>Lang informiert im Rahmen eines X-Postings am 5. Dezember:<\/p>\n<p><em>&#8220;Gestern hat die gr\u00fcne Bundestagsfraktion mich in den Haushaltsausschuss entsandt. Ich freue mich sehr darauf, das K\u00f6nigsrecht des Parlaments besser kennenzulernen und auf die Zusammenarbeit mit Kollegen wie Sven Kindler [MdB, gr\u00fcner Sprecher f\u00fcr Haushaltspolitik].&#8221;<\/em><\/p>\n<p>Die erste Drohung an die Steuerzahler lautet so gleich:<\/p>\n<p><em>&#8220;Es sind nur noch ein paar Wochen, aber es gibt noch einiges zu tun!&#8221;<\/em><\/p>\n<div class=\"EmbedBlock-root EmbedBlock-twitter\">\n<div class=\"TwitterEmbed\">\n<blockquote class=\"twitter-tweet lazyload\" data-twitter=\"twitter-tweet\">\n<p lang=\"de\" dir=\"ltr\">Gestern hat <a rel=\"nofollow noopener\" target=\"_blank\" href=\"https:\/\/twitter.com\/GrueneBundestag?ref_src=twsrc%5Etfw\">@GrueneBundestag<\/a> mich den Haushaltsausschuss entsandt. Ich freue mich sehr darauf, das K\u00f6nigsrecht des Parlaments besser kennen zu lernen und auf die Zusammenarbeit mit Kollegen wie <a rel=\"nofollow noopener\" target=\"_blank\" href=\"https:\/\/twitter.com\/sven_kindler?ref_src=twsrc%5Etfw\">@sven_kindler<\/a>. Es sind nur noch ein paar Wochen, aber es gibt noch einiges zu tun! <a rel=\"nofollow noopener\" target=\"_blank\" href=\"https:\/\/t.co\/o6IITwG9r7\">pic.twitter.com\/o6IITwG9r7<\/a><\/p>\n<p>\u2014 Ricarda Lang (@Ricarda_Lang) <a rel=\"nofollow noopener\" target=\"_blank\" href=\"https:\/\/twitter.com\/Ricarda_Lang\/status\/1864375209693769918?ref_src=twsrc%5Etfw\">December 4, 2024<\/a><\/p><\/blockquote>\n<\/div>\n<\/div>\n<p>Die Webseite des Deutschen Bundestags\u00a0<a rel=\"nofollow noopener\" target=\"_blank\" href=\"https:\/\/www.bundestag.de\/webarchiv\/Ausschuesse\/ausschuesse18\/a08\/arbeit_und_aufgaben-260606\">informiert\u00a0<\/a>zum neuen Arbeitsbereich von Frau Lang, den &#8220;Aufgaben des Haushaltsausschusses&#8221;:<\/p>\n<p><em>&#8220;Der Haushaltsausschuss ist mit 41 Mitgliedern einer der gr\u00f6\u00dften st\u00e4ndigen Aussch\u00fcsse des Deutschen Bundestags in der 18. Wahlperiode. Seine Hauptaufgabe besteht darin, alle Haushaltsvorlagen federf\u00fchrend zu beraten, vor allem den von der Bundesregierung j\u00e4hrlich vorzulegenden Entwurf des Bundeshaushalts.&#8221;<\/em><\/p>\n<p>Detaillierter hei\u00dft es zur Eigenwahrnehmung und dem Selbstverst\u00e4ndnis handelnder Akteure in der politischen Gegenwart, vermeintlicher Eignungen ohne themenbezogene Ausbildungen oder entsprechende Studienabschl\u00fcsse:<\/p>\n<p><em>&#8220;Der Ausschuss setzt zu diesem Zweck f\u00fcr jeden Einzelplan des Haushalts ein Mitglied jeder Fraktion als Berichterstatter(in) ein. Diese Berichterstatter(innen) besch\u00e4ftigen sich nach Vorlage des Haushaltsentwurfs intensiv mit dem Finanzierungsbedarf des jeweiligen Verfassungsorgans oder Ministeriums.&#8221;<\/em><\/p>\n<p>Bereits zwei Tage zuvor informierte der\u00a0<em>Deutschlandfunk<\/em>\u00a0\u00fcber die parallele Freizeitgestaltung des ehemaligen Wegbegleiters von Ricarda Lang. So lautete die\u00a0<a rel=\"nofollow noopener\" target=\"_blank\" href=\"https:\/\/www.deutschlandfunk.de\/ex-gruenen-chef-nouripour-uebernimmt-posten-im-aufsichtsrat-von-eintracht-frankfurt-102.html\">Meldung<\/a>:<\/p>\n<p><em>&#8220;Ex-Gr\u00fcnen-Chef Nouripour \u00fcbernimmt Posten im Aufsichtsrat von Eintracht Frankfurt.&#8221;<\/em><\/p>\n<p>Als &#8220;bekennender Fan&#8221; des Fu\u00dfballvereins wird Nouripour laut Mitteilung von dem Vereinsvorstand &#8220;<a rel=\"nofollow noopener\" target=\"_blank\" href=\"https:\/\/freedert.online\/inland\/227584-urteil-afd-nazis-und-sympathisanten\/\">Nachhaltigkeitsberater\u00a0<\/a>des Aufsichtsrats und nimmt an dessen Sitzungen teil&#8221;.<em>\u00a0<\/em><\/p>\n<p><strong>Mehr zum Thema &#8211; <\/strong><a rel=\"nofollow noopener\" target=\"_blank\" href=\"https:\/\/freedert.online\/meinung\/228009-habecks-kuechentisch-saga-folge-2\/\">Habecks K\u00fcchentisch-Saga Folge 2: &#8220;Das hei\u00dft, du w\u00e4hlst ihn immer noch nicht?&#8221;<em><\/em><\/a><\/p>\n<div class=\"EmbedBlock-root EmbedBlock-externalVideo EmbedBlock-rumble\">\n<div class=\"VkEmbed\"><iframe class=\"lazyload\" data-src=\"https:\/\/rumble.com\/embed\/v5u0ll8\" frameborder=\"0\" width=\"853\" height=\"480\" allowfullscreen><\/iframe><\/div>\n<\/div>\n<\/div>\n<p><script async src=\"https:\/\/platform.twitter.com\/widgets.js\" charset=\"utf-8\"><\/script><br \/>\n<br \/><br \/>\n<br \/><a href=\"https:\/\/de.rt.com\/inland\/228480-karriersprung-ricarda-lang-wird-mitglied\/\">Source link <\/a><\/p>\n","protected":false},"excerpt":{"rendered":"<p>Im Mai dieses Jahres vollzog sich der erste Karriereknick der ambitionierten Gr\u00fcnen-Politikerin, als diese nach mehreren Wahlniederlagen ihrer Partei zusammen mit dem Co-Vorsitzenden Omid Nouripour zur\u00fccktrat. Nun verk\u00fcndete Lang ihren internen Aufstieg innerhalb der Bundestagsfraktion. Nach mehreren bitteren Niederlagen der Partei B\u00fcndnis 90\/Die Gr\u00fcnen, im Rahmen der Landtagswahlen, mussten die beiden Vorsitzenden Ricarda Lang und [&hellip;]<\/p>\n","protected":false},"author":3,"featured_media":73897,"comment_status":"open","ping_status":"open","sticky":false,"template":"","format":"standard","meta":{"_yoast_indexnow_last_ping":["1733410330"],"wp_automatic_camp":["217"],"10f4b4672f9444822d2bd013606d338d":["Karrieresprung: Ricarda Lang wird Mitglied des Haushaltsausschusses des Bundestages"],"original_link":["https:\/\/de.rt.com\/inland\/228480-karriersprung-ricarda-lang-wird-mitglied\/"],"_thumbnail_id":["73897"],"_wptgpro_p2tg_sent2tg":["a:1:{i:23737;s:19:\"2024-12-05 16:53:29\";}"],"jnews_social_counter_last_update":["1777436113"]},"categories":[19,23],"tags":[19465,583,60799,46713,3655,20376,32254,374],"yoast_head":"<!-- This site is optimized with the Yoast SEO Premium plugin v22.7 (Yoast SEO v22.7) - https:\/\/yoast.com\/wordpress\/plugins\/seo\/ -->\n<title>Karrieresprung: Ricarda Lang wird Mitglied des Haushaltsausschusses des Bundestages - just-now.NEWS Deutschland<\/title>\n<meta name=\"robots\" content=\"index, follow, max-snippet:-1, max-image-preview:large, max-video-preview:-1\" \/>\n<link rel=\"canonical\" href=\"https:\/\/now-news.de\/de\/deutschland\/karrieresprung-ricarda-lang-wird-mitglied-des-haushaltsausschusses-des-bundestages\/\" \/>\n<meta property=\"og:locale\" content=\"de_DE\" \/>\n<meta property=\"og:type\" content=\"article\" \/>\n<meta property=\"og:title\" content=\"Karrieresprung: Ricarda Lang wird Mitglied des Haushaltsausschusses des Bundestages\" \/>\n<meta property=\"og:description\" content=\"Im Mai dieses Jahres vollzog sich der erste Karriereknick der ambitionierten Gr\u00fcnen-Politikerin, als diese nach mehreren Wahlniederlagen ihrer Partei zusammen mit dem Co-Vorsitzenden Omid Nouripour zur\u00fccktrat. Nun verk\u00fcndete Lang ihren internen Aufstieg innerhalb der Bundestagsfraktion. Nach mehreren bitteren Niederlagen der Partei B\u00fcndnis 90\/Die Gr\u00fcnen, im Rahmen der Landtagswahlen, mussten die beiden Vorsitzenden Ricarda Lang und [&hellip;]\" \/>\n<meta property=\"og:url\" content=\"https:\/\/now-news.de\/de\/deutschland\/karrieresprung-ricarda-lang-wird-mitglied-des-haushaltsausschusses-des-bundestages\/\" \/>\n<meta property=\"og:site_name\" content=\"just-now.NEWS Deutschland\" \/>\n<meta property=\"article:publisher\" content=\"https:\/\/www.facebook.com\/wirmachenauf\" \/>\n<meta property=\"article:published_time\" content=\"2024-12-05T14:43:01+00:00\" \/>\n<meta property=\"og:image\" content=\"https:\/\/now-news.de\/de\/wp-content\/uploads\/sites\/3\/2024\/12\/6751a79bb480cc7496247b5c.jpg\" \/>\n<meta name=\"author\" content=\"rtnews\" \/>\n<meta name=\"twitter:card\" content=\"summary_large_image\" \/>\n<meta name=\"twitter:creator\" content=\"@WirMachenAuf_de\" \/>\n<meta name=\"twitter:site\" content=\"@WirMachenAuf_de\" \/>\n<meta name=\"twitter:label1\" content=\"Verfasst von\" \/>\n\t<meta name=\"twitter:data1\" content=\"rtnews\" \/>\n\t<meta name=\"twitter:label2\" content=\"Gesch\u00e4tzte Lesezeit\" \/>\n\t<meta name=\"twitter:data2\" content=\"2\u00a0Minuten\" \/>\n<script type=\"application\/ld+json\" class=\"yoast-schema-graph\">{\"@context\":\"https:\/\/schema.org\",\"@graph\":[{\"@type\":\"Article\",\"@id\":\"https:\/\/now-news.de\/de\/deutschland\/karrieresprung-ricarda-lang-wird-mitglied-des-haushaltsausschusses-des-bundestages\/#article\",\"isPartOf\":{\"@id\":\"https:\/\/now-news.de\/de\/deutschland\/karrieresprung-ricarda-lang-wird-mitglied-des-haushaltsausschusses-des-bundestages\/\"},\"author\":{\"name\":\"rtnews\",\"@id\":\"https:\/\/now-news.de\/de\/#\/schema\/person\/fb534a4e865501d8b3285208df34a9b5\"},\"headline\":\"Karrieresprung: Ricarda Lang wird Mitglied des Haushaltsausschusses des Bundestages\",\"datePublished\":\"2024-12-05T14:43:01+00:00\",\"dateModified\":\"2024-12-05T14:43:01+00:00\",\"mainEntityOfPage\":{\"@id\":\"https:\/\/now-news.de\/de\/deutschland\/karrieresprung-ricarda-lang-wird-mitglied-des-haushaltsausschusses-des-bundestages\/\"},\"wordCount\":434,\"commentCount\":0,\"publisher\":{\"@id\":\"https:\/\/now-news.de\/de\/#organization\"},\"image\":{\"@id\":\"https:\/\/now-news.de\/de\/deutschland\/karrieresprung-ricarda-lang-wird-mitglied-des-haushaltsausschusses-des-bundestages\/#primaryimage\"},\"thumbnailUrl\":\"https:\/\/now-news.de\/de\/wp-content\/uploads\/sites\/3\/2024\/12\/Karrieresprung-Ricarda-Lang-wird-Mitglied-des-Haushaltsausschusses-des-Bundestages.jpg\",\"keywords\":[\"Bundestages\",\"des\",\"Haushaltsausschusses\",\"Karrieresprung\",\"lang\",\"Mitglied\",\"Ricarda\",\"wird\"],\"articleSection\":[\"Deutschland\",\"Russland\"],\"inLanguage\":\"de\",\"potentialAction\":[{\"@type\":\"CommentAction\",\"name\":\"Comment\",\"target\":[\"https:\/\/now-news.de\/de\/deutschland\/karrieresprung-ricarda-lang-wird-mitglied-des-haushaltsausschusses-des-bundestages\/#respond\"]}]},{\"@type\":\"WebPage\",\"@id\":\"https:\/\/now-news.de\/de\/deutschland\/karrieresprung-ricarda-lang-wird-mitglied-des-haushaltsausschusses-des-bundestages\/\",\"url\":\"https:\/\/now-news.de\/de\/deutschland\/karrieresprung-ricarda-lang-wird-mitglied-des-haushaltsausschusses-des-bundestages\/\",\"name\":\"Karrieresprung: Ricarda Lang wird Mitglied des Haushaltsausschusses des Bundestages - just-now.NEWS Deutschland\",\"isPartOf\":{\"@id\":\"https:\/\/now-news.de\/de\/#website\"},\"primaryImageOfPage\":{\"@id\":\"https:\/\/now-news.de\/de\/deutschland\/karrieresprung-ricarda-lang-wird-mitglied-des-haushaltsausschusses-des-bundestages\/#primaryimage\"},\"image\":{\"@id\":\"https:\/\/now-news.de\/de\/deutschland\/karrieresprung-ricarda-lang-wird-mitglied-des-haushaltsausschusses-des-bundestages\/#primaryimage\"},\"thumbnailUrl\":\"https:\/\/now-news.de\/de\/wp-content\/uploads\/sites\/3\/2024\/12\/Karrieresprung-Ricarda-Lang-wird-Mitglied-des-Haushaltsausschusses-des-Bundestages.jpg\",\"datePublished\":\"2024-12-05T14:43:01+00:00\",\"dateModified\":\"2024-12-05T14:43:01+00:00\",\"breadcrumb\":{\"@id\":\"https:\/\/now-news.de\/de\/deutschland\/karrieresprung-ricarda-lang-wird-mitglied-des-haushaltsausschusses-des-bundestages\/#breadcrumb\"},\"inLanguage\":\"de\",\"potentialAction\":[{\"@type\":\"ReadAction\",\"target\":[\"https:\/\/now-news.de\/de\/deutschland\/karrieresprung-ricarda-lang-wird-mitglied-des-haushaltsausschusses-des-bundestages\/\"]}]},{\"@type\":\"ImageObject\",\"inLanguage\":\"de\",\"@id\":\"https:\/\/now-news.de\/de\/deutschland\/karrieresprung-ricarda-lang-wird-mitglied-des-haushaltsausschusses-des-bundestages\/#primaryimage\",\"url\":\"https:\/\/now-news.de\/de\/wp-content\/uploads\/sites\/3\/2024\/12\/Karrieresprung-Ricarda-Lang-wird-Mitglied-des-Haushaltsausschusses-des-Bundestages.jpg\",\"contentUrl\":\"https:\/\/now-news.de\/de\/wp-content\/uploads\/sites\/3\/2024\/12\/Karrieresprung-Ricarda-Lang-wird-Mitglied-des-Haushaltsausschusses-des-Bundestages.jpg\",\"width\":460,\"height\":259,\"caption\":\"Karrieresprung: Ricarda Lang wird Mitglied des Haushaltsausschusses des Bundestages\"},{\"@type\":\"BreadcrumbList\",\"@id\":\"https:\/\/now-news.de\/de\/deutschland\/karrieresprung-ricarda-lang-wird-mitglied-des-haushaltsausschusses-des-bundestages\/#breadcrumb\",\"itemListElement\":[{\"@type\":\"ListItem\",\"position\":1,\"name\":\"Home\",\"item\":\"https:\/\/now-news.de\/de\/\"},{\"@type\":\"ListItem\",\"position\":2,\"name\":\"Karrieresprung: Ricarda Lang wird Mitglied des Haushaltsausschusses des Bundestages\"}]},{\"@type\":\"WebSite\",\"@id\":\"https:\/\/now-news.de\/de\/#website\",\"url\":\"https:\/\/now-news.de\/de\/\",\"name\":\"just-now.NEWS Deutschland\",\"description\":\"Das Portal f\u00fcr unzensierte Nachrichten aus der Welt\",\"publisher\":{\"@id\":\"https:\/\/now-news.de\/de\/#organization\"},\"potentialAction\":[{\"@type\":\"SearchAction\",\"target\":{\"@type\":\"EntryPoint\",\"urlTemplate\":\"https:\/\/now-news.de\/de\/?s={search_term_string}\"},\"query-input\":\"required name=search_term_string\"}],\"inLanguage\":\"de\"},{\"@type\":\"Organization\",\"@id\":\"https:\/\/now-news.de\/de\/#organization\",\"name\":\"Just Now News\",\"url\":\"https:\/\/now-news.de\/de\/\",\"logo\":{\"@type\":\"ImageObject\",\"inLanguage\":\"de\",\"@id\":\"https:\/\/now-news.de\/de\/#\/schema\/logo\/image\/\",\"url\":\"http:\/\/just-now.news\/de\/wp-content\/uploads\/sites\/3\/2022\/04\/logo500x500.jpg\",\"contentUrl\":\"http:\/\/just-now.news\/de\/wp-content\/uploads\/sites\/3\/2022\/04\/logo500x500.jpg\",\"width\":500,\"height\":500,\"caption\":\"Just Now News\"},\"image\":{\"@id\":\"https:\/\/now-news.de\/de\/#\/schema\/logo\/image\/\"},\"sameAs\":[\"https:\/\/www.facebook.com\/wirmachenauf\",\"https:\/\/x.com\/WirMachenAuf_de\"]},{\"@type\":\"Person\",\"@id\":\"https:\/\/now-news.de\/de\/#\/schema\/person\/fb534a4e865501d8b3285208df34a9b5\",\"name\":\"rtnews\",\"image\":{\"@type\":\"ImageObject\",\"inLanguage\":\"de\",\"@id\":\"https:\/\/now-news.de\/de\/#\/schema\/person\/image\/\",\"url\":\"https:\/\/secure.gravatar.com\/avatar\/82aafea7d8127119dd649515f56e2117?s=96&d=mm&r=g\",\"contentUrl\":\"https:\/\/secure.gravatar.com\/avatar\/82aafea7d8127119dd649515f56e2117?s=96&d=mm&r=g\",\"caption\":\"rtnews\"},\"url\":\"https:\/\/now-news.de\/de\/author\/rnews\/\"}]}<\/script>\n<!-- \/ Yoast SEO Premium plugin. -->","yoast_head_json":{"title":"Karrieresprung: Ricarda Lang wird Mitglied des Haushaltsausschusses des Bundestages - just-now.NEWS Deutschland","robots":{"index":"index","follow":"follow","max-snippet":"max-snippet:-1","max-image-preview":"max-image-preview:large","max-video-preview":"max-video-preview:-1"},"canonical":"https:\/\/now-news.de\/de\/deutschland\/karrieresprung-ricarda-lang-wird-mitglied-des-haushaltsausschusses-des-bundestages\/","og_locale":"de_DE","og_type":"article","og_title":"Karrieresprung: Ricarda Lang wird Mitglied des Haushaltsausschusses des Bundestages","og_description":"Im Mai dieses Jahres vollzog sich der erste Karriereknick der ambitionierten Gr\u00fcnen-Politikerin, als diese nach mehreren Wahlniederlagen ihrer Partei zusammen mit dem Co-Vorsitzenden Omid Nouripour zur\u00fccktrat. Nun verk\u00fcndete Lang ihren internen Aufstieg innerhalb der Bundestagsfraktion. Nach mehreren bitteren Niederlagen der Partei B\u00fcndnis 90\/Die Gr\u00fcnen, im Rahmen der Landtagswahlen, mussten die beiden Vorsitzenden Ricarda Lang und [&hellip;]","og_url":"https:\/\/now-news.de\/de\/deutschland\/karrieresprung-ricarda-lang-wird-mitglied-des-haushaltsausschusses-des-bundestages\/","og_site_name":"just-now.NEWS Deutschland","article_publisher":"https:\/\/www.facebook.com\/wirmachenauf","article_published_time":"2024-12-05T14:43:01+00:00","og_image":[{"url":"https:\/\/now-news.de\/de\/wp-content\/uploads\/sites\/3\/2024\/12\/6751a79bb480cc7496247b5c.jpg"}],"author":"rtnews","twitter_card":"summary_large_image","twitter_creator":"@WirMachenAuf_de","twitter_site":"@WirMachenAuf_de","twitter_misc":{"Verfasst von":"rtnews","Gesch\u00e4tzte Lesezeit":"2\u00a0Minuten"},"schema":{"@context":"https:\/\/schema.org","@graph":[{"@type":"Article","@id":"https:\/\/now-news.de\/de\/deutschland\/karrieresprung-ricarda-lang-wird-mitglied-des-haushaltsausschusses-des-bundestages\/#article","isPartOf":{"@id":"https:\/\/now-news.de\/de\/deutschland\/karrieresprung-ricarda-lang-wird-mitglied-des-haushaltsausschusses-des-bundestages\/"},"author":{"name":"rtnews","@id":"https:\/\/now-news.de\/de\/#\/schema\/person\/fb534a4e865501d8b3285208df34a9b5"},"headline":"Karrieresprung: Ricarda Lang wird Mitglied des Haushaltsausschusses des Bundestages","datePublished":"2024-12-05T14:43:01+00:00","dateModified":"2024-12-05T14:43:01+00:00","mainEntityOfPage":{"@id":"https:\/\/now-news.de\/de\/deutschland\/karrieresprung-ricarda-lang-wird-mitglied-des-haushaltsausschusses-des-bundestages\/"},"wordCount":434,"commentCount":0,"publisher":{"@id":"https:\/\/now-news.de\/de\/#organization"},"image":{"@id":"https:\/\/now-news.de\/de\/deutschland\/karrieresprung-ricarda-lang-wird-mitglied-des-haushaltsausschusses-des-bundestages\/#primaryimage"},"thumbnailUrl":"https:\/\/now-news.de\/de\/wp-content\/uploads\/sites\/3\/2024\/12\/Karrieresprung-Ricarda-Lang-wird-Mitglied-des-Haushaltsausschusses-des-Bundestages.jpg","keywords":["Bundestages","des","Haushaltsausschusses","Karrieresprung","lang","Mitglied","Ricarda","wird"],"articleSection":["Deutschland","Russland"],"inLanguage":"de","potentialAction":[{"@type":"CommentAction","name":"Comment","target":["https:\/\/now-news.de\/de\/deutschland\/karrieresprung-ricarda-lang-wird-mitglied-des-haushaltsausschusses-des-bundestages\/#respond"]}]},{"@type":"WebPage","@id":"https:\/\/now-news.de\/de\/deutschland\/karrieresprung-ricarda-lang-wird-mitglied-des-haushaltsausschusses-des-bundestages\/","url":"https:\/\/now-news.de\/de\/deutschland\/karrieresprung-ricarda-lang-wird-mitglied-des-haushaltsausschusses-des-bundestages\/","name":"Karrieresprung: Ricarda Lang wird Mitglied des Haushaltsausschusses des Bundestages - just-now.NEWS Deutschland","isPartOf":{"@id":"https:\/\/now-news.de\/de\/#website"},"primaryImageOfPage":{"@id":"https:\/\/now-news.de\/de\/deutschland\/karrieresprung-ricarda-lang-wird-mitglied-des-haushaltsausschusses-des-bundestages\/#primaryimage"},"image":{"@id":"https:\/\/now-news.de\/de\/deutschland\/karrieresprung-ricarda-lang-wird-mitglied-des-haushaltsausschusses-des-bundestages\/#primaryimage"},"thumbnailUrl":"https:\/\/now-news.de\/de\/wp-content\/uploads\/sites\/3\/2024\/12\/Karrieresprung-Ricarda-Lang-wird-Mitglied-des-Haushaltsausschusses-des-Bundestages.jpg","datePublished":"2024-12-05T14:43:01+00:00","dateModified":"2024-12-05T14:43:01+00:00","breadcrumb":{"@id":"https:\/\/now-news.de\/de\/deutschland\/karrieresprung-ricarda-lang-wird-mitglied-des-haushaltsausschusses-des-bundestages\/#breadcrumb"},"inLanguage":"de","potentialAction":[{"@type":"ReadAction","target":["https:\/\/now-news.de\/de\/deutschland\/karrieresprung-ricarda-lang-wird-mitglied-des-haushaltsausschusses-des-bundestages\/"]}]},{"@type":"ImageObject","inLanguage":"de","@id":"https:\/\/now-news.de\/de\/deutschland\/karrieresprung-ricarda-lang-wird-mitglied-des-haushaltsausschusses-des-bundestages\/#primaryimage","url":"https:\/\/now-news.de\/de\/wp-content\/uploads\/sites\/3\/2024\/12\/Karrieresprung-Ricarda-Lang-wird-Mitglied-des-Haushaltsausschusses-des-Bundestages.jpg","contentUrl":"https:\/\/now-news.de\/de\/wp-content\/uploads\/sites\/3\/2024\/12\/Karrieresprung-Ricarda-Lang-wird-Mitglied-des-Haushaltsausschusses-des-Bundestages.jpg","width":460,"height":259,"caption":"Karrieresprung: Ricarda Lang wird Mitglied des Haushaltsausschusses des Bundestages"},{"@type":"BreadcrumbList","@id":"https:\/\/now-news.de\/de\/deutschland\/karrieresprung-ricarda-lang-wird-mitglied-des-haushaltsausschusses-des-bundestages\/#breadcrumb","itemListElement":[{"@type":"ListItem","position":1,"name":"Home","item":"https:\/\/now-news.de\/de\/"},{"@type":"ListItem","position":2,"name":"Karrieresprung: Ricarda Lang wird Mitglied des Haushaltsausschusses des Bundestages"}]},{"@type":"WebSite","@id":"https:\/\/now-news.de\/de\/#website","url":"https:\/\/now-news.de\/de\/","name":"just-now.NEWS Deutschland","description":"Das Portal f\u00fcr unzensierte Nachrichten aus der Welt","publisher":{"@id":"https:\/\/now-news.de\/de\/#organization"},"potentialAction":[{"@type":"SearchAction","target":{"@type":"EntryPoint","urlTemplate":"https:\/\/now-news.de\/de\/?s={search_term_string}"},"query-input":"required name=search_term_string"}],"inLanguage":"de"},{"@type":"Organization","@id":"https:\/\/now-news.de\/de\/#organization","name":"Just Now News","url":"https:\/\/now-news.de\/de\/","logo":{"@type":"ImageObject","inLanguage":"de","@id":"https:\/\/now-news.de\/de\/#\/schema\/logo\/image\/","url":"http:\/\/just-now.news\/de\/wp-content\/uploads\/sites\/3\/2022\/04\/logo500x500.jpg","contentUrl":"http:\/\/just-now.news\/de\/wp-content\/uploads\/sites\/3\/2022\/04\/logo500x500.jpg","width":500,"height":500,"caption":"Just Now News"},"image":{"@id":"https:\/\/now-news.de\/de\/#\/schema\/logo\/image\/"},"sameAs":["https:\/\/www.facebook.com\/wirmachenauf","https:\/\/x.com\/WirMachenAuf_de"]},{"@type":"Person","@id":"https:\/\/now-news.de\/de\/#\/schema\/person\/fb534a4e865501d8b3285208df34a9b5","name":"rtnews","image":{"@type":"ImageObject","inLanguage":"de","@id":"https:\/\/now-news.de\/de\/#\/schema\/person\/image\/","url":"https:\/\/secure.gravatar.com\/avatar\/82aafea7d8127119dd649515f56e2117?s=96&d=mm&r=g","contentUrl":"https:\/\/secure.gravatar.com\/avatar\/82aafea7d8127119dd649515f56e2117?s=96&d=mm&r=g","caption":"rtnews"},"url":"https:\/\/now-news.de\/de\/author\/rnews\/"}]}},"_links":{"self":[{"href":"https:\/\/now-news.de\/de\/wp-json\/wp\/v2\/posts\/73896"}],"collection":[{"href":"https:\/\/now-news.de\/de\/wp-json\/wp\/v2\/posts"}],"about":[{"href":"https:\/\/now-news.de\/de\/wp-json\/wp\/v2\/types\/post"}],"author":[{"embeddable":true,"href":"https:\/\/now-news.de\/de\/wp-json\/wp\/v2\/users\/3"}],"replies":[{"embeddable":true,"href":"https:\/\/now-news.de\/de\/wp-json\/wp\/v2\/comments?post=73896"}],"version-history":[{"count":0,"href":"https:\/\/now-news.de\/de\/wp-json\/wp\/v2\/posts\/73896\/revisions"}],"wp:featuredmedia":[{"embeddable":true,"href":"https:\/\/now-news.de\/de\/wp-json\/wp\/v2\/media\/73897"}],"wp:attachment":[{"href":"https:\/\/now-news.de\/de\/wp-json\/wp\/v2\/media?parent=73896"}],"wp:term":[{"taxonomy":"category","embeddable":true,"href":"https:\/\/now-news.de\/de\/wp-json\/wp\/v2\/categories?post=73896"},{"taxonomy":"post_tag","embeddable":true,"href":"https:\/\/now-news.de\/de\/wp-json\/wp\/v2\/tags?post=73896"}],"curies":[{"name":"wp","href":"https:\/\/api.w.org\/{rel}","templated":true}]}}