{"id":73834,"date":"2024-12-04T18:31:56","date_gmt":"2024-12-04T16:31:56","guid":{"rendered":"https:\/\/now-news.de\/de\/deutschland\/szijjarto-kein-konsens-ueber-nato-einladung-fuer-kiew\/"},"modified":"2024-12-04T18:31:56","modified_gmt":"2024-12-04T16:31:56","slug":"szijjarto-kein-konsens-ueber-nato-einladung-fuer-kiew","status":"publish","type":"post","link":"https:\/\/now-news.de\/de\/deutschland\/szijjarto-kein-konsens-ueber-nato-einladung-fuer-kiew\/","title":{"rendered":"Szijj\u00e1rt\u00f3: &quot;Kein Konsens&quot; \u00fcber NATO-Einladung f\u00fcr Kiew"},"content":{"rendered":"<p><img decoding=\"async\" src=\"https:\/\/now-news.de\/de\/wp-content\/uploads\/sites\/3\/2024\/12\/6750667fb480cc64166cb929.jpg\" \/><\/p>\n<div class=\"Text-root Text-type_1 \">\n                Der ungarische Au\u00dfenminister Szijj\u00e1rt\u00f3 gab bekannt, dass es in der NATO keine Einigung \u00fcber eine m\u00f6gliche Einladung an die Ukraine gebe, der Milit\u00e4rallianz beizutreten. Der Politiker kritisierte mehrere Verb\u00fcndete Kiews und warnte, dass die Erh\u00f6hung der Waffenlieferungen zu einer Eskalation des Krieges f\u00fchren k\u00f6nnte.\n            <\/div>\n<p><\/p>\n<div class=\"Text-root Text-type_5 ArticleView-text ViewText-root \">\n<p>Das Treffen der Au\u00dfenminister der 32 NATO-Staaten in Br\u00fcssel am Mittwoch hat keine guten Nachrichten f\u00fcr Kiew gebracht.\u00a0Der ungarische Au\u00dfenminister P\u00e9ter Szijj\u00e1rt\u00f3 erkl\u00e4rte, dass keine Einigung \u00fcber die Perspektive einer Einladung der Ukraine zum NATO-Beitritt erzielt wurde. Kiew betrachtet die Einladung als wesentliche Voraussetzung f\u00fcr die Beendigung des Krieges mit Moskau.<\/p>\n<p>Der ungarische Politiker kritisierte einige westliche L\u00e4nder, die nach der Wiederwahl von Donald Trump ihre milit\u00e4rische Unterst\u00fctzung f\u00fcr Kiew aufgestockt haben, weil diese Schritte zu einer Eskalation des Konflikts f\u00fchren k\u00f6nnten. &#8220;Die Ukraine in die NATO einzuladen, w\u00e4re gleichbedeutend mit dem Beginn eines dritten Weltkriegs&#8221;, warnte er. &#8220;Wir glauben, dass die Ukraine in ihrer gegenw\u00e4rtigen Situation nicht in der Lage w\u00e4re, zur europ\u00e4ischen Sicherheit beizutragen. Wenn wir die Ukraine als ein Land, das sich im Krieg befindet, in die NATO einladen w\u00fcrden, w\u00fcrden wir die Gefahr eines Krieges zwischen NATO und Russland riskieren, n\u00e4mlich die Gefahr eines NATO-Russland-Krieges&#8221;, erkl\u00e4rte Szijj\u00e1rt\u00f3 auf einer Pressekonferenz.<\/p>\n<p>W\u00e4hrend seiner Wahlkampagne hatte der designierte US-Pr\u00e4sident Donald Trump die milliardenschwere US-Hilfe f\u00fcr Kiew kritisiert und wiederholt versprochen, diese zu reduzieren und den Krieg binnen 24 Stunden zu beenden. Diese \u00c4u\u00dferungen k\u00f6nnten darauf hinweisen, dass er die Ukraine zur \u00dcbergabe von Gebieten dr\u00e4ngen w\u00fcrde, die jetzt unter Russlands Kontrolle sind, <a rel=\"nofollow noopener\" target=\"_blank\" href=\"https:\/\/apnews.com\/article\/hungary-nato-ukraine-membership-81ba9ba245b1d4a5eeebea8740c9c483\">schreibt<\/a>\u00a0die Nachrichtenagentur <em>AP<\/em>.<\/p>\n<p>Auf dem NATO-Gipfel in Washington im Juli hatten die Mitglieder der Allianz erkl\u00e4rt, dass das B\u00fcndnis die Ukraine nun auf einem &#8220;unumkehrbaren Weg zur vollst\u00e4ndigen euro-atlantischen Integration einschlie\u00dflich einer NATO-Mitgliedschaft&#8221; sehe, <a rel=\"nofollow noopener\" target=\"_blank\" href=\"https:\/\/www.nato.int\/cps\/en\/natohq\/official_texts_227678.htm\">hei\u00dft<\/a> es in der Abschlusserkl\u00e4rung des Treffens. Weder wurde eine formelle Einladung ausgesprochen, noch ein Zeitplan f\u00fcr die Mitgliedschaft festgelegt.<\/p>\n<p>Im Vorfeld des Treffens der Au\u00dfenminister der 32 NATO-Staaten in Br\u00fcssel wich NATO-Generalsekret\u00e4r Mark Rutte jedoch Fragen \u00fcber eine m\u00f6gliche Mitgliedschaft der Ukraine aus. Er erkl\u00e4rte, dass die Priorit\u00e4t jetzt darin bestehen m\u00fcsse, die Position des Landes in k\u00fcnftigen Friedensgespr\u00e4chen mit Russland durch die Erh\u00f6hung der Lieferungen zu st\u00e4rken. F\u00fcr die Aufnahme neuer Mitglieder ist ein Konsens aller NATO-L\u00e4nder erforderlich.<\/p>\n<p>Vergangene Woche <a rel=\"nofollow noopener\" target=\"_blank\" href=\"https:\/\/news.sky.com\/story\/zelenskyy-suggests-hes-prepared-to-end-ukraine-war-in-return-for-nato-membership-even-if-russia-doesnt-immediately-return-seized-land-13263085\">erkl\u00e4rte<\/a> der ukrainische Pr\u00e4sident Wladimir Selenskij, dass Kiew zu einem Waffenstillstand mit Russland bereit sei. Zugleich stellte er jedoch die Bedingung, dass die NATO die von Russland nicht kontrollierten Gebiete der Ukraine besch\u00fctzt. &#8220;Wenn wir die hei\u00dfe Phase des Krieges beenden wollen, sollten wir das Territorium unter den Schutzschirm nehmen, das wir unter Kontrolle haben&#8221;, sagte Selenskij in einem Interview mit dem britischen Fernsehsender <em>Sky News.<\/em>\u00a0<\/p>\n<p>Szijj\u00e1rt\u00f3 \u00e4u\u00dferte sich am Mittwoch jedoch skeptisch, dass eine verst\u00e4rkte Unterst\u00fctzung vonseiten des Westens den Konflikt zugunsten der Ukraine beeinflussen k\u00f6nne. Er betonte, dass sich die Situation auf dem Schlachtfeld jeden Tag trotz der Waffenlieferungen verschlechtere. &#8220;Wenn jemand davon spricht, dass die Verbesserung der Lage der Ukrainer auf dem Schlachtfeld ein leichtes Ziel sei, dann t\u00e4uscht er nicht nur sich selbst, sondern auch die Ukrainer.&#8221;<\/p>\n<p><strong>Mehr zum Thema \u2013 <\/strong><a rel=\"nofollow noopener\" target=\"_blank\" href=\"https:\/\/freedert.online\/international\/228147-ukraine-will-keinen-ersatz\/\">Ukraine will kein &#8220;Surrogat&#8221; f\u00fcr NATO-Mitgliedschaft<\/a><\/p>\n<div class=\"EmbedBlock-root EmbedBlock-externalVideo EmbedBlock-rumble\">\n<div class=\"VkEmbed\"><iframe class=\"lazyload\" data-src=\"https:\/\/rumble.com\/embed\/v5t0n7q\" frameborder=\"0\" width=\"853\" height=\"480\" allowfullscreen><\/iframe><\/div>\n<\/div>\n<\/div>\n<p><br \/>\n<br \/><a href=\"https:\/\/de.rt.com\/europa\/228349-szijjarto-keinen-konsens-ueber-nato\/\">Source link <\/a><\/p>\n","protected":false},"excerpt":{"rendered":"<p>Der ungarische Au\u00dfenminister Szijj\u00e1rt\u00f3 gab bekannt, dass es in der NATO keine Einigung \u00fcber eine m\u00f6gliche Einladung an die Ukraine gebe, der Milit\u00e4rallianz beizutreten. Der Politiker kritisierte mehrere Verb\u00fcndete Kiews und warnte, dass die Erh\u00f6hung der Waffenlieferungen zu einer Eskalation des Krieges f\u00fchren k\u00f6nnte. Das Treffen der Au\u00dfenminister der 32 NATO-Staaten in Br\u00fcssel am Mittwoch [&hellip;]<\/p>\n","protected":false},"author":3,"featured_media":73835,"comment_status":"open","ping_status":"open","sticky":false,"template":"","format":"standard","meta":{"_yoast_indexnow_last_ping":["1733330164"],"wp_automatic_camp":["217"],"6c7b9b50225ce509193a38b9be8a17a1":["Szijj\u00e1rt\u00f3: &quot;Kein Konsens&quot; \u00fcber NATO-Einladung f\u00fcr Kiew"],"original_link":["https:\/\/de.rt.com\/europa\/228349-szijjarto-keinen-konsens-ueber-nato\/"],"_thumbnail_id":["73835"],"_wptgpro_p2tg_sent2tg":["a:1:{i:23737;s:19:\"2024-12-04 18:37:42\";}"],"jnews_social_counter_last_update":["1777263548"]},"categories":[19,23],"tags":[221,1025,60778,56084,19818,31849,139],"yoast_head":"<!-- This site is optimized with the Yoast SEO Premium plugin v22.7 (Yoast SEO v22.7) - https:\/\/yoast.com\/wordpress\/plugins\/seo\/ -->\n<title>Szijj\u00e1rt\u00f3: &quot;Kein Konsens&quot; \u00fcber NATO-Einladung f\u00fcr Kiew - just-now.NEWS Deutschland<\/title>\n<meta name=\"robots\" content=\"index, follow, max-snippet:-1, max-image-preview:large, max-video-preview:-1\" \/>\n<link rel=\"canonical\" href=\"https:\/\/now-news.de\/de\/deutschland\/szijjarto-kein-konsens-ueber-nato-einladung-fuer-kiew\/\" \/>\n<meta property=\"og:locale\" content=\"de_DE\" \/>\n<meta property=\"og:type\" content=\"article\" \/>\n<meta property=\"og:title\" content=\"Szijj\u00e1rt\u00f3: &quot;Kein Konsens&quot; \u00fcber NATO-Einladung f\u00fcr Kiew\" \/>\n<meta property=\"og:description\" content=\"Der ungarische Au\u00dfenminister Szijj\u00e1rt\u00f3 gab bekannt, dass es in der NATO keine Einigung \u00fcber eine m\u00f6gliche Einladung an die Ukraine gebe, der Milit\u00e4rallianz beizutreten. Der Politiker kritisierte mehrere Verb\u00fcndete Kiews und warnte, dass die Erh\u00f6hung der Waffenlieferungen zu einer Eskalation des Krieges f\u00fchren k\u00f6nnte. Das Treffen der Au\u00dfenminister der 32 NATO-Staaten in Br\u00fcssel am Mittwoch [&hellip;]\" \/>\n<meta property=\"og:url\" content=\"https:\/\/now-news.de\/de\/deutschland\/szijjarto-kein-konsens-ueber-nato-einladung-fuer-kiew\/\" \/>\n<meta property=\"og:site_name\" content=\"just-now.NEWS Deutschland\" \/>\n<meta property=\"article:publisher\" content=\"https:\/\/www.facebook.com\/wirmachenauf\" \/>\n<meta property=\"article:published_time\" content=\"2024-12-04T16:31:56+00:00\" \/>\n<meta property=\"og:image\" content=\"https:\/\/now-news.de\/de\/wp-content\/uploads\/sites\/3\/2024\/12\/6750667fb480cc64166cb929.jpg\" \/>\n<meta name=\"author\" content=\"rtnews\" \/>\n<meta name=\"twitter:card\" content=\"summary_large_image\" \/>\n<meta name=\"twitter:creator\" content=\"@WirMachenAuf_de\" \/>\n<meta name=\"twitter:site\" content=\"@WirMachenAuf_de\" \/>\n<meta name=\"twitter:label1\" content=\"Verfasst von\" \/>\n\t<meta name=\"twitter:data1\" content=\"rtnews\" \/>\n\t<meta name=\"twitter:label2\" content=\"Gesch\u00e4tzte Lesezeit\" \/>\n\t<meta name=\"twitter:data2\" content=\"3\u00a0Minuten\" \/>\n<script type=\"application\/ld+json\" class=\"yoast-schema-graph\">{\"@context\":\"https:\/\/schema.org\",\"@graph\":[{\"@type\":\"Article\",\"@id\":\"https:\/\/now-news.de\/de\/deutschland\/szijjarto-kein-konsens-ueber-nato-einladung-fuer-kiew\/#article\",\"isPartOf\":{\"@id\":\"https:\/\/now-news.de\/de\/deutschland\/szijjarto-kein-konsens-ueber-nato-einladung-fuer-kiew\/\"},\"author\":{\"name\":\"rtnews\",\"@id\":\"https:\/\/now-news.de\/de\/#\/schema\/person\/fb534a4e865501d8b3285208df34a9b5\"},\"headline\":\"Szijj\u00e1rt\u00f3: &quot;Kein Konsens&quot; \u00fcber NATO-Einladung f\u00fcr Kiew\",\"datePublished\":\"2024-12-04T16:31:56+00:00\",\"dateModified\":\"2024-12-04T16:31:56+00:00\",\"mainEntityOfPage\":{\"@id\":\"https:\/\/now-news.de\/de\/deutschland\/szijjarto-kein-konsens-ueber-nato-einladung-fuer-kiew\/\"},\"wordCount\":586,\"commentCount\":0,\"publisher\":{\"@id\":\"https:\/\/now-news.de\/de\/#organization\"},\"image\":{\"@id\":\"https:\/\/now-news.de\/de\/deutschland\/szijjarto-kein-konsens-ueber-nato-einladung-fuer-kiew\/#primaryimage\"},\"thumbnailUrl\":\"https:\/\/now-news.de\/de\/wp-content\/uploads\/sites\/3\/2024\/12\/Szijjarto-quotKein-Konsensquot-ueber-NATO-Einladung-fuer-Kiew.jpg\",\"keywords\":[\"f\u00fcr\",\"Kiew\",\"Konsensquot\",\"NATOEinladung\",\"quotKein\",\"Szijj\u00e1rt\u00f3\",\"\u00fcber\"],\"articleSection\":[\"Deutschland\",\"Russland\"],\"inLanguage\":\"de\",\"potentialAction\":[{\"@type\":\"CommentAction\",\"name\":\"Comment\",\"target\":[\"https:\/\/now-news.de\/de\/deutschland\/szijjarto-kein-konsens-ueber-nato-einladung-fuer-kiew\/#respond\"]}]},{\"@type\":\"WebPage\",\"@id\":\"https:\/\/now-news.de\/de\/deutschland\/szijjarto-kein-konsens-ueber-nato-einladung-fuer-kiew\/\",\"url\":\"https:\/\/now-news.de\/de\/deutschland\/szijjarto-kein-konsens-ueber-nato-einladung-fuer-kiew\/\",\"name\":\"Szijj\u00e1rt\u00f3: &quot;Kein Konsens&quot; \u00fcber NATO-Einladung f\u00fcr Kiew - just-now.NEWS Deutschland\",\"isPartOf\":{\"@id\":\"https:\/\/now-news.de\/de\/#website\"},\"primaryImageOfPage\":{\"@id\":\"https:\/\/now-news.de\/de\/deutschland\/szijjarto-kein-konsens-ueber-nato-einladung-fuer-kiew\/#primaryimage\"},\"image\":{\"@id\":\"https:\/\/now-news.de\/de\/deutschland\/szijjarto-kein-konsens-ueber-nato-einladung-fuer-kiew\/#primaryimage\"},\"thumbnailUrl\":\"https:\/\/now-news.de\/de\/wp-content\/uploads\/sites\/3\/2024\/12\/Szijjarto-quotKein-Konsensquot-ueber-NATO-Einladung-fuer-Kiew.jpg\",\"datePublished\":\"2024-12-04T16:31:56+00:00\",\"dateModified\":\"2024-12-04T16:31:56+00:00\",\"breadcrumb\":{\"@id\":\"https:\/\/now-news.de\/de\/deutschland\/szijjarto-kein-konsens-ueber-nato-einladung-fuer-kiew\/#breadcrumb\"},\"inLanguage\":\"de\",\"potentialAction\":[{\"@type\":\"ReadAction\",\"target\":[\"https:\/\/now-news.de\/de\/deutschland\/szijjarto-kein-konsens-ueber-nato-einladung-fuer-kiew\/\"]}]},{\"@type\":\"ImageObject\",\"inLanguage\":\"de\",\"@id\":\"https:\/\/now-news.de\/de\/deutschland\/szijjarto-kein-konsens-ueber-nato-einladung-fuer-kiew\/#primaryimage\",\"url\":\"https:\/\/now-news.de\/de\/wp-content\/uploads\/sites\/3\/2024\/12\/Szijjarto-quotKein-Konsensquot-ueber-NATO-Einladung-fuer-Kiew.jpg\",\"contentUrl\":\"https:\/\/now-news.de\/de\/wp-content\/uploads\/sites\/3\/2024\/12\/Szijjarto-quotKein-Konsensquot-ueber-NATO-Einladung-fuer-Kiew.jpg\",\"width\":460,\"height\":259,\"caption\":\"Szijj\u00e1rt\u00f3: &quot;Kein Konsens&quot; \u00fcber NATO-Einladung f\u00fcr Kiew\"},{\"@type\":\"BreadcrumbList\",\"@id\":\"https:\/\/now-news.de\/de\/deutschland\/szijjarto-kein-konsens-ueber-nato-einladung-fuer-kiew\/#breadcrumb\",\"itemListElement\":[{\"@type\":\"ListItem\",\"position\":1,\"name\":\"Home\",\"item\":\"https:\/\/now-news.de\/de\/\"},{\"@type\":\"ListItem\",\"position\":2,\"name\":\"Szijj\u00e1rt\u00f3: &quot;Kein Konsens&quot; \u00fcber NATO-Einladung f\u00fcr Kiew\"}]},{\"@type\":\"WebSite\",\"@id\":\"https:\/\/now-news.de\/de\/#website\",\"url\":\"https:\/\/now-news.de\/de\/\",\"name\":\"just-now.NEWS Deutschland\",\"description\":\"Das Portal f\u00fcr unzensierte Nachrichten aus der Welt\",\"publisher\":{\"@id\":\"https:\/\/now-news.de\/de\/#organization\"},\"potentialAction\":[{\"@type\":\"SearchAction\",\"target\":{\"@type\":\"EntryPoint\",\"urlTemplate\":\"https:\/\/now-news.de\/de\/?s={search_term_string}\"},\"query-input\":\"required name=search_term_string\"}],\"inLanguage\":\"de\"},{\"@type\":\"Organization\",\"@id\":\"https:\/\/now-news.de\/de\/#organization\",\"name\":\"Just Now News\",\"url\":\"https:\/\/now-news.de\/de\/\",\"logo\":{\"@type\":\"ImageObject\",\"inLanguage\":\"de\",\"@id\":\"https:\/\/now-news.de\/de\/#\/schema\/logo\/image\/\",\"url\":\"http:\/\/just-now.news\/de\/wp-content\/uploads\/sites\/3\/2022\/04\/logo500x500.jpg\",\"contentUrl\":\"http:\/\/just-now.news\/de\/wp-content\/uploads\/sites\/3\/2022\/04\/logo500x500.jpg\",\"width\":500,\"height\":500,\"caption\":\"Just Now News\"},\"image\":{\"@id\":\"https:\/\/now-news.de\/de\/#\/schema\/logo\/image\/\"},\"sameAs\":[\"https:\/\/www.facebook.com\/wirmachenauf\",\"https:\/\/x.com\/WirMachenAuf_de\"]},{\"@type\":\"Person\",\"@id\":\"https:\/\/now-news.de\/de\/#\/schema\/person\/fb534a4e865501d8b3285208df34a9b5\",\"name\":\"rtnews\",\"image\":{\"@type\":\"ImageObject\",\"inLanguage\":\"de\",\"@id\":\"https:\/\/now-news.de\/de\/#\/schema\/person\/image\/\",\"url\":\"https:\/\/secure.gravatar.com\/avatar\/82aafea7d8127119dd649515f56e2117?s=96&d=mm&r=g\",\"contentUrl\":\"https:\/\/secure.gravatar.com\/avatar\/82aafea7d8127119dd649515f56e2117?s=96&d=mm&r=g\",\"caption\":\"rtnews\"},\"url\":\"https:\/\/now-news.de\/de\/author\/rnews\/\"}]}<\/script>\n<!-- \/ Yoast SEO Premium plugin. -->","yoast_head_json":{"title":"Szijj\u00e1rt\u00f3: &quot;Kein Konsens&quot; \u00fcber NATO-Einladung f\u00fcr Kiew - just-now.NEWS Deutschland","robots":{"index":"index","follow":"follow","max-snippet":"max-snippet:-1","max-image-preview":"max-image-preview:large","max-video-preview":"max-video-preview:-1"},"canonical":"https:\/\/now-news.de\/de\/deutschland\/szijjarto-kein-konsens-ueber-nato-einladung-fuer-kiew\/","og_locale":"de_DE","og_type":"article","og_title":"Szijj\u00e1rt\u00f3: &quot;Kein Konsens&quot; \u00fcber NATO-Einladung f\u00fcr Kiew","og_description":"Der ungarische Au\u00dfenminister Szijj\u00e1rt\u00f3 gab bekannt, dass es in der NATO keine Einigung \u00fcber eine m\u00f6gliche Einladung an die Ukraine gebe, der Milit\u00e4rallianz beizutreten. Der Politiker kritisierte mehrere Verb\u00fcndete Kiews und warnte, dass die Erh\u00f6hung der Waffenlieferungen zu einer Eskalation des Krieges f\u00fchren k\u00f6nnte. Das Treffen der Au\u00dfenminister der 32 NATO-Staaten in Br\u00fcssel am Mittwoch [&hellip;]","og_url":"https:\/\/now-news.de\/de\/deutschland\/szijjarto-kein-konsens-ueber-nato-einladung-fuer-kiew\/","og_site_name":"just-now.NEWS Deutschland","article_publisher":"https:\/\/www.facebook.com\/wirmachenauf","article_published_time":"2024-12-04T16:31:56+00:00","og_image":[{"url":"https:\/\/now-news.de\/de\/wp-content\/uploads\/sites\/3\/2024\/12\/6750667fb480cc64166cb929.jpg"}],"author":"rtnews","twitter_card":"summary_large_image","twitter_creator":"@WirMachenAuf_de","twitter_site":"@WirMachenAuf_de","twitter_misc":{"Verfasst von":"rtnews","Gesch\u00e4tzte Lesezeit":"3\u00a0Minuten"},"schema":{"@context":"https:\/\/schema.org","@graph":[{"@type":"Article","@id":"https:\/\/now-news.de\/de\/deutschland\/szijjarto-kein-konsens-ueber-nato-einladung-fuer-kiew\/#article","isPartOf":{"@id":"https:\/\/now-news.de\/de\/deutschland\/szijjarto-kein-konsens-ueber-nato-einladung-fuer-kiew\/"},"author":{"name":"rtnews","@id":"https:\/\/now-news.de\/de\/#\/schema\/person\/fb534a4e865501d8b3285208df34a9b5"},"headline":"Szijj\u00e1rt\u00f3: &quot;Kein Konsens&quot; \u00fcber NATO-Einladung f\u00fcr Kiew","datePublished":"2024-12-04T16:31:56+00:00","dateModified":"2024-12-04T16:31:56+00:00","mainEntityOfPage":{"@id":"https:\/\/now-news.de\/de\/deutschland\/szijjarto-kein-konsens-ueber-nato-einladung-fuer-kiew\/"},"wordCount":586,"commentCount":0,"publisher":{"@id":"https:\/\/now-news.de\/de\/#organization"},"image":{"@id":"https:\/\/now-news.de\/de\/deutschland\/szijjarto-kein-konsens-ueber-nato-einladung-fuer-kiew\/#primaryimage"},"thumbnailUrl":"https:\/\/now-news.de\/de\/wp-content\/uploads\/sites\/3\/2024\/12\/Szijjarto-quotKein-Konsensquot-ueber-NATO-Einladung-fuer-Kiew.jpg","keywords":["f\u00fcr","Kiew","Konsensquot","NATOEinladung","quotKein","Szijj\u00e1rt\u00f3","\u00fcber"],"articleSection":["Deutschland","Russland"],"inLanguage":"de","potentialAction":[{"@type":"CommentAction","name":"Comment","target":["https:\/\/now-news.de\/de\/deutschland\/szijjarto-kein-konsens-ueber-nato-einladung-fuer-kiew\/#respond"]}]},{"@type":"WebPage","@id":"https:\/\/now-news.de\/de\/deutschland\/szijjarto-kein-konsens-ueber-nato-einladung-fuer-kiew\/","url":"https:\/\/now-news.de\/de\/deutschland\/szijjarto-kein-konsens-ueber-nato-einladung-fuer-kiew\/","name":"Szijj\u00e1rt\u00f3: &quot;Kein Konsens&quot; \u00fcber NATO-Einladung f\u00fcr Kiew - just-now.NEWS Deutschland","isPartOf":{"@id":"https:\/\/now-news.de\/de\/#website"},"primaryImageOfPage":{"@id":"https:\/\/now-news.de\/de\/deutschland\/szijjarto-kein-konsens-ueber-nato-einladung-fuer-kiew\/#primaryimage"},"image":{"@id":"https:\/\/now-news.de\/de\/deutschland\/szijjarto-kein-konsens-ueber-nato-einladung-fuer-kiew\/#primaryimage"},"thumbnailUrl":"https:\/\/now-news.de\/de\/wp-content\/uploads\/sites\/3\/2024\/12\/Szijjarto-quotKein-Konsensquot-ueber-NATO-Einladung-fuer-Kiew.jpg","datePublished":"2024-12-04T16:31:56+00:00","dateModified":"2024-12-04T16:31:56+00:00","breadcrumb":{"@id":"https:\/\/now-news.de\/de\/deutschland\/szijjarto-kein-konsens-ueber-nato-einladung-fuer-kiew\/#breadcrumb"},"inLanguage":"de","potentialAction":[{"@type":"ReadAction","target":["https:\/\/now-news.de\/de\/deutschland\/szijjarto-kein-konsens-ueber-nato-einladung-fuer-kiew\/"]}]},{"@type":"ImageObject","inLanguage":"de","@id":"https:\/\/now-news.de\/de\/deutschland\/szijjarto-kein-konsens-ueber-nato-einladung-fuer-kiew\/#primaryimage","url":"https:\/\/now-news.de\/de\/wp-content\/uploads\/sites\/3\/2024\/12\/Szijjarto-quotKein-Konsensquot-ueber-NATO-Einladung-fuer-Kiew.jpg","contentUrl":"https:\/\/now-news.de\/de\/wp-content\/uploads\/sites\/3\/2024\/12\/Szijjarto-quotKein-Konsensquot-ueber-NATO-Einladung-fuer-Kiew.jpg","width":460,"height":259,"caption":"Szijj\u00e1rt\u00f3: &quot;Kein Konsens&quot; \u00fcber NATO-Einladung f\u00fcr Kiew"},{"@type":"BreadcrumbList","@id":"https:\/\/now-news.de\/de\/deutschland\/szijjarto-kein-konsens-ueber-nato-einladung-fuer-kiew\/#breadcrumb","itemListElement":[{"@type":"ListItem","position":1,"name":"Home","item":"https:\/\/now-news.de\/de\/"},{"@type":"ListItem","position":2,"name":"Szijj\u00e1rt\u00f3: &quot;Kein Konsens&quot; \u00fcber NATO-Einladung f\u00fcr Kiew"}]},{"@type":"WebSite","@id":"https:\/\/now-news.de\/de\/#website","url":"https:\/\/now-news.de\/de\/","name":"just-now.NEWS Deutschland","description":"Das Portal f\u00fcr unzensierte Nachrichten aus der Welt","publisher":{"@id":"https:\/\/now-news.de\/de\/#organization"},"potentialAction":[{"@type":"SearchAction","target":{"@type":"EntryPoint","urlTemplate":"https:\/\/now-news.de\/de\/?s={search_term_string}"},"query-input":"required name=search_term_string"}],"inLanguage":"de"},{"@type":"Organization","@id":"https:\/\/now-news.de\/de\/#organization","name":"Just Now News","url":"https:\/\/now-news.de\/de\/","logo":{"@type":"ImageObject","inLanguage":"de","@id":"https:\/\/now-news.de\/de\/#\/schema\/logo\/image\/","url":"http:\/\/just-now.news\/de\/wp-content\/uploads\/sites\/3\/2022\/04\/logo500x500.jpg","contentUrl":"http:\/\/just-now.news\/de\/wp-content\/uploads\/sites\/3\/2022\/04\/logo500x500.jpg","width":500,"height":500,"caption":"Just Now News"},"image":{"@id":"https:\/\/now-news.de\/de\/#\/schema\/logo\/image\/"},"sameAs":["https:\/\/www.facebook.com\/wirmachenauf","https:\/\/x.com\/WirMachenAuf_de"]},{"@type":"Person","@id":"https:\/\/now-news.de\/de\/#\/schema\/person\/fb534a4e865501d8b3285208df34a9b5","name":"rtnews","image":{"@type":"ImageObject","inLanguage":"de","@id":"https:\/\/now-news.de\/de\/#\/schema\/person\/image\/","url":"https:\/\/secure.gravatar.com\/avatar\/82aafea7d8127119dd649515f56e2117?s=96&d=mm&r=g","contentUrl":"https:\/\/secure.gravatar.com\/avatar\/82aafea7d8127119dd649515f56e2117?s=96&d=mm&r=g","caption":"rtnews"},"url":"https:\/\/now-news.de\/de\/author\/rnews\/"}]}},"_links":{"self":[{"href":"https:\/\/now-news.de\/de\/wp-json\/wp\/v2\/posts\/73834"}],"collection":[{"href":"https:\/\/now-news.de\/de\/wp-json\/wp\/v2\/posts"}],"about":[{"href":"https:\/\/now-news.de\/de\/wp-json\/wp\/v2\/types\/post"}],"author":[{"embeddable":true,"href":"https:\/\/now-news.de\/de\/wp-json\/wp\/v2\/users\/3"}],"replies":[{"embeddable":true,"href":"https:\/\/now-news.de\/de\/wp-json\/wp\/v2\/comments?post=73834"}],"version-history":[{"count":0,"href":"https:\/\/now-news.de\/de\/wp-json\/wp\/v2\/posts\/73834\/revisions"}],"wp:featuredmedia":[{"embeddable":true,"href":"https:\/\/now-news.de\/de\/wp-json\/wp\/v2\/media\/73835"}],"wp:attachment":[{"href":"https:\/\/now-news.de\/de\/wp-json\/wp\/v2\/media?parent=73834"}],"wp:term":[{"taxonomy":"category","embeddable":true,"href":"https:\/\/now-news.de\/de\/wp-json\/wp\/v2\/categories?post=73834"},{"taxonomy":"post_tag","embeddable":true,"href":"https:\/\/now-news.de\/de\/wp-json\/wp\/v2\/tags?post=73834"}],"curies":[{"name":"wp","href":"https:\/\/api.w.org\/{rel}","templated":true}]}}