{"id":73754,"date":"2024-12-03T17:12:34","date_gmt":"2024-12-03T15:12:34","guid":{"rendered":"https:\/\/now-news.de\/de\/deutschland\/antifaschistische-traditionspflege-nva-fallschirmjaeger-gedenken-in-berlin-des-unbekannten-soldaten\/"},"modified":"2024-12-03T17:12:34","modified_gmt":"2024-12-03T15:12:34","slug":"antifaschistische-traditionspflege-nva-fallschirmjaeger-gedenken-in-berlin-des-unbekannten-soldaten","status":"publish","type":"post","link":"https:\/\/now-news.de\/de\/deutschland\/antifaschistische-traditionspflege-nva-fallschirmjaeger-gedenken-in-berlin-des-unbekannten-soldaten\/","title":{"rendered":"Antifaschistische Traditionspflege: NVA-Fallschirmj\u00e4ger gedenken in Berlin des Unbekannten Soldaten"},"content":{"rendered":"<p><img decoding=\"async\" src=\"https:\/\/now-news.de\/de\/wp-content\/uploads\/sites\/3\/2024\/12\/674ef4b6b480cc4f0d02c81b.jpg\" \/><\/p>\n<div class=\"Text-root Text-type_1 \">\n                In Berlin-Tiergarten fand eine kurze, aber wichtige Gedenkzeremonie statt. Erinnert wurde an die im Zweiten Weltkrieg gefallenen sowjetischen Soldaten und damit an all jene, die im Kampf gegen den Faschismus gestorben sind.\n            <\/div>\n<p><\/p>\n<div class=\"Text-root Text-type_5 ArticleView-text ViewText-root \">\n<p>Der 3.\u00a0Dezember ist in Russland ein trauriges Datum,\u00a0an dem\u00a0derjenigen gedacht wird, die ihr Leben f\u00fcr das Vaterland geopfert haben, deren Namen aber unbekannt bleiben. Dazu z\u00e4hlen vor allem Soldaten, die im Kampf gegen den\u00a0deutschen Faschismus im\u00a0Zweiten Weltkrieg ihr Leben gelassen haben. Insgesamt sind im Krieg 14\u00a0Millionen sowjetischer Milit\u00e4rangeh\u00f6riger gestorben.<\/p>\n<p>In Berlin fand eine Gedenkzeremonie am Sowjetischen Ehrenmal im Tiergarten statt. Nach Mitteilung der russischen Botschaft nahmen Botschafter Sergei Netschajew, Milit\u00e4rattach\u00e9 Alexei Klimow sowie russische Diplomaten und Vertreter der deutschen \u00d6ffentlichkeit daran teil.\u00a0Von deutscher Seite waren vor allem Mitglieder der Gesellschaft f\u00fcr Deutsch-Russische Freundschaft und Vertreter diverser NVA-Verb\u00e4nde\u00a0anwesend. Mitglieder des Fallschirmj\u00e4ger Traditionsverbandes Ost e.\u00a0V. legten einen Kranz nieder.<\/p>\n<p>Das Ehrenmal im Tiergarten ist eines der gr\u00f6\u00dften sowjetischen Kriegsgr\u00e4ber in Berlin, wo etwa 2.500\u00a0K\u00e4mpfer ruhen, die ihr Leben f\u00fcr die Befreiung Deutschlands und Europas vom Nazismus geopfert haben. Das Monument wurde auf Beschluss des Milit\u00e4rrats der 1.\u00a0Wei\u00dfrussischen Front als eines der ersten im befreiten Berlin geschaffen und am 11.\u00a0November\u00a01945 feierlich er\u00f6ffnet.<\/p>\n<div class=\"EmbedBlock-root EmbedBlock-twitter\">\n<div class=\"TwitterEmbed\">\n<blockquote class=\"twitter-tweet lazyload\" data-twitter=\"twitter-tweet\">\n<p lang=\"de\" dir=\"ltr\">Die Ehrung des Unbekannten Soldaten am Sowjetischen Ehrenmal in Berlin-Tiergarten. Auch Mitglieder des Fallschirmj\u00e4ger Traditionsverbandes Ost e.V. legen einen Kranz nieder. <a rel=\"nofollow noopener\" target=\"_blank\" href=\"https:\/\/t.co\/CHnp30D7dH\">pic.twitter.com\/CHnp30D7dH<\/a><\/p>\n<p>\u2014 Wlad Sankin (@wladsan) <a rel=\"nofollow noopener\" target=\"_blank\" href=\"https:\/\/twitter.com\/wladsan\/status\/1863922051653808440?ref_src=twsrc%5Etfw\">December 3, 2024<\/a><\/p><\/blockquote>\n<\/div>\n<\/div>\n<p>Botschafter Netschajew hielt anschlie\u00dfend eine kurze Ansprache an die deutschen Teilnehmer der Gedenkaktion. Er bedankte sich bei den &#8220;langj\u00e4hrigen Freunden&#8221; Russlands und versprach, sie zu den Veranstaltungen zum 80.\u00a0Jahrestag des Sieges im Mai\u00a02025 einzuladen. Danach stellten sich die Teilnehmer f\u00fcr ein gemeinsames Foto auf.<\/p>\n<p>Ehemalige Angeh\u00f6rige der Nationalen Volksarmee nehmen regelm\u00e4\u00dfig an Gedenkaktionen zur Erinnerung an die Soldaten der Roten Armee teil. Damit machen sie deutlich, dass sie im Gegensatz zur Bundeswehr, die ihre Vorbilder in Soldaten der Wehrmacht sieht, dem Geist des Kampfes gegen den Faschismus verpflichtet sind und damit auf der richtigen Seite der Geschichte stehen.<\/p>\n<p><strong>Mehr zum Thema \u2013\u00a0<\/strong><a rel=\"nofollow noopener\" target=\"_blank\" href=\"https:\/\/freedert.online\/meinung\/221862-werden-sowjetischen-toten-emslandlager-vergessen\/\">Werden die sowjetischen Toten der Emslandlager vergessen?<\/a><\/p>\n<div class=\"EmbedBlock-root EmbedBlock-externalVideo EmbedBlock-odysee\">\n<div class=\"VkEmbed\"><iframe class=\"lazyload\" data-src=\"https:\/\/odysee.com\/%24\/embed\/%40RTDE%3Ae%2FWeltweite-Gedenkaktion-zum-83.-Jahrestag-des-Nazi-%C3%9Cberfalls-auf-Sowjetunion%3A7\" frameborder=\"0\" width=\"853\" height=\"480\" allowfullscreen><\/iframe><\/div>\n<\/div>\n<\/div>\n<p><script async src=\"https:\/\/platform.twitter.com\/widgets.js\" charset=\"utf-8\"><\/script><br \/>\n<br \/><br \/>\n<br \/><a href=\"https:\/\/de.rt.com\/inland\/228161-antifaschistische-traditionspflege-nva-fallschirmjaeger-gedenken-berlin-des-unbekannten-soldaten\/\">Source link <\/a><\/p>\n","protected":false},"excerpt":{"rendered":"<p>In Berlin-Tiergarten fand eine kurze, aber wichtige Gedenkzeremonie statt. Erinnert wurde an die im Zweiten Weltkrieg gefallenen sowjetischen Soldaten und damit an all jene, die im Kampf gegen den Faschismus gestorben sind. Der 3.\u00a0Dezember ist in Russland ein trauriges Datum,\u00a0an dem\u00a0derjenigen gedacht wird, die ihr Leben f\u00fcr das Vaterland geopfert haben, deren Namen aber unbekannt [&hellip;]<\/p>\n","protected":false},"author":3,"featured_media":73755,"comment_status":"open","ping_status":"open","sticky":false,"template":"","format":"standard","meta":{"_yoast_indexnow_last_ping":["1733238862"],"wp_automatic_camp":["217"],"06658bc87d16c5bb1b1a0970b10c2770":["Antifaschistische Traditionspflege: NVA-Fallschirmj\u00e4ger gedenken in Berlin des Unbekannten Soldaten"],"original_link":["https:\/\/de.rt.com\/inland\/228161-antifaschistische-traditionspflege-nva-fallschirmjaeger-gedenken-berlin-des-unbekannten-soldaten\/"],"_thumbnail_id":["73755"],"_wptgpro_p2tg_sent2tg":["a:1:{i:23737;s:19:\"2024-12-03 17:16:09\";}"],"jnews_social_counter_last_update":["1777262759"]},"categories":[19,23],"tags":[60749,943,583,19371,60750,2333,39624,25454],"yoast_head":"<!-- This site is optimized with the Yoast SEO Premium plugin v22.7 (Yoast SEO v22.7) - https:\/\/yoast.com\/wordpress\/plugins\/seo\/ -->\n<title>Antifaschistische Traditionspflege: NVA-Fallschirmj\u00e4ger gedenken in Berlin des Unbekannten Soldaten - just-now.NEWS Deutschland<\/title>\n<meta name=\"robots\" content=\"index, follow, max-snippet:-1, max-image-preview:large, max-video-preview:-1\" \/>\n<link rel=\"canonical\" href=\"https:\/\/now-news.de\/de\/deutschland\/antifaschistische-traditionspflege-nva-fallschirmjaeger-gedenken-in-berlin-des-unbekannten-soldaten\/\" \/>\n<meta property=\"og:locale\" content=\"de_DE\" \/>\n<meta property=\"og:type\" content=\"article\" \/>\n<meta property=\"og:title\" content=\"Antifaschistische Traditionspflege: NVA-Fallschirmj\u00e4ger gedenken in Berlin des Unbekannten Soldaten\" \/>\n<meta property=\"og:description\" content=\"In Berlin-Tiergarten fand eine kurze, aber wichtige Gedenkzeremonie statt. Erinnert wurde an die im Zweiten Weltkrieg gefallenen sowjetischen Soldaten und damit an all jene, die im Kampf gegen den Faschismus gestorben sind. Der 3.\u00a0Dezember ist in Russland ein trauriges Datum,\u00a0an dem\u00a0derjenigen gedacht wird, die ihr Leben f\u00fcr das Vaterland geopfert haben, deren Namen aber unbekannt [&hellip;]\" \/>\n<meta property=\"og:url\" content=\"https:\/\/now-news.de\/de\/deutschland\/antifaschistische-traditionspflege-nva-fallschirmjaeger-gedenken-in-berlin-des-unbekannten-soldaten\/\" \/>\n<meta property=\"og:site_name\" content=\"just-now.NEWS Deutschland\" \/>\n<meta property=\"article:publisher\" content=\"https:\/\/www.facebook.com\/wirmachenauf\" \/>\n<meta property=\"article:published_time\" content=\"2024-12-03T15:12:34+00:00\" \/>\n<meta property=\"og:image\" content=\"https:\/\/now-news.de\/de\/wp-content\/uploads\/sites\/3\/2024\/12\/674ef4b6b480cc4f0d02c81b.jpg\" \/>\n<meta name=\"author\" content=\"rtnews\" \/>\n<meta name=\"twitter:card\" content=\"summary_large_image\" \/>\n<meta name=\"twitter:creator\" content=\"@WirMachenAuf_de\" \/>\n<meta name=\"twitter:site\" content=\"@WirMachenAuf_de\" \/>\n<meta name=\"twitter:label1\" content=\"Verfasst von\" \/>\n\t<meta name=\"twitter:data1\" content=\"rtnews\" \/>\n\t<meta name=\"twitter:label2\" content=\"Gesch\u00e4tzte Lesezeit\" \/>\n\t<meta name=\"twitter:data2\" content=\"2\u00a0Minuten\" \/>\n<script type=\"application\/ld+json\" class=\"yoast-schema-graph\">{\"@context\":\"https:\/\/schema.org\",\"@graph\":[{\"@type\":\"Article\",\"@id\":\"https:\/\/now-news.de\/de\/deutschland\/antifaschistische-traditionspflege-nva-fallschirmjaeger-gedenken-in-berlin-des-unbekannten-soldaten\/#article\",\"isPartOf\":{\"@id\":\"https:\/\/now-news.de\/de\/deutschland\/antifaschistische-traditionspflege-nva-fallschirmjaeger-gedenken-in-berlin-des-unbekannten-soldaten\/\"},\"author\":{\"name\":\"rtnews\",\"@id\":\"https:\/\/now-news.de\/de\/#\/schema\/person\/fb534a4e865501d8b3285208df34a9b5\"},\"headline\":\"Antifaschistische Traditionspflege: NVA-Fallschirmj\u00e4ger gedenken in Berlin des Unbekannten Soldaten\",\"datePublished\":\"2024-12-03T15:12:34+00:00\",\"dateModified\":\"2024-12-03T15:12:34+00:00\",\"mainEntityOfPage\":{\"@id\":\"https:\/\/now-news.de\/de\/deutschland\/antifaschistische-traditionspflege-nva-fallschirmjaeger-gedenken-in-berlin-des-unbekannten-soldaten\/\"},\"wordCount\":372,\"commentCount\":0,\"publisher\":{\"@id\":\"https:\/\/now-news.de\/de\/#organization\"},\"image\":{\"@id\":\"https:\/\/now-news.de\/de\/deutschland\/antifaschistische-traditionspflege-nva-fallschirmjaeger-gedenken-in-berlin-des-unbekannten-soldaten\/#primaryimage\"},\"thumbnailUrl\":\"https:\/\/now-news.de\/de\/wp-content\/uploads\/sites\/3\/2024\/12\/Antifaschistische-Traditionspflege-NVA-Fallschirmjaeger-gedenken-in-Berlin-des-Unbekannten-Soldaten.jpg\",\"keywords\":[\"Antifaschistische\",\"Berlin\",\"des\",\"Gedenken\",\"NVAFallschirmj\u00e4ger\",\"Soldaten\",\"Traditionspflege\",\"Unbekannten\"],\"articleSection\":[\"Deutschland\",\"Russland\"],\"inLanguage\":\"de\",\"potentialAction\":[{\"@type\":\"CommentAction\",\"name\":\"Comment\",\"target\":[\"https:\/\/now-news.de\/de\/deutschland\/antifaschistische-traditionspflege-nva-fallschirmjaeger-gedenken-in-berlin-des-unbekannten-soldaten\/#respond\"]}]},{\"@type\":\"WebPage\",\"@id\":\"https:\/\/now-news.de\/de\/deutschland\/antifaschistische-traditionspflege-nva-fallschirmjaeger-gedenken-in-berlin-des-unbekannten-soldaten\/\",\"url\":\"https:\/\/now-news.de\/de\/deutschland\/antifaschistische-traditionspflege-nva-fallschirmjaeger-gedenken-in-berlin-des-unbekannten-soldaten\/\",\"name\":\"Antifaschistische Traditionspflege: NVA-Fallschirmj\u00e4ger gedenken in Berlin des Unbekannten Soldaten - just-now.NEWS Deutschland\",\"isPartOf\":{\"@id\":\"https:\/\/now-news.de\/de\/#website\"},\"primaryImageOfPage\":{\"@id\":\"https:\/\/now-news.de\/de\/deutschland\/antifaschistische-traditionspflege-nva-fallschirmjaeger-gedenken-in-berlin-des-unbekannten-soldaten\/#primaryimage\"},\"image\":{\"@id\":\"https:\/\/now-news.de\/de\/deutschland\/antifaschistische-traditionspflege-nva-fallschirmjaeger-gedenken-in-berlin-des-unbekannten-soldaten\/#primaryimage\"},\"thumbnailUrl\":\"https:\/\/now-news.de\/de\/wp-content\/uploads\/sites\/3\/2024\/12\/Antifaschistische-Traditionspflege-NVA-Fallschirmjaeger-gedenken-in-Berlin-des-Unbekannten-Soldaten.jpg\",\"datePublished\":\"2024-12-03T15:12:34+00:00\",\"dateModified\":\"2024-12-03T15:12:34+00:00\",\"breadcrumb\":{\"@id\":\"https:\/\/now-news.de\/de\/deutschland\/antifaschistische-traditionspflege-nva-fallschirmjaeger-gedenken-in-berlin-des-unbekannten-soldaten\/#breadcrumb\"},\"inLanguage\":\"de\",\"potentialAction\":[{\"@type\":\"ReadAction\",\"target\":[\"https:\/\/now-news.de\/de\/deutschland\/antifaschistische-traditionspflege-nva-fallschirmjaeger-gedenken-in-berlin-des-unbekannten-soldaten\/\"]}]},{\"@type\":\"ImageObject\",\"inLanguage\":\"de\",\"@id\":\"https:\/\/now-news.de\/de\/deutschland\/antifaschistische-traditionspflege-nva-fallschirmjaeger-gedenken-in-berlin-des-unbekannten-soldaten\/#primaryimage\",\"url\":\"https:\/\/now-news.de\/de\/wp-content\/uploads\/sites\/3\/2024\/12\/Antifaschistische-Traditionspflege-NVA-Fallschirmjaeger-gedenken-in-Berlin-des-Unbekannten-Soldaten.jpg\",\"contentUrl\":\"https:\/\/now-news.de\/de\/wp-content\/uploads\/sites\/3\/2024\/12\/Antifaschistische-Traditionspflege-NVA-Fallschirmjaeger-gedenken-in-Berlin-des-Unbekannten-Soldaten.jpg\",\"width\":460,\"height\":259,\"caption\":\"Antifaschistische Traditionspflege: NVA-Fallschirmj\u00e4ger gedenken in Berlin des Unbekannten Soldaten\"},{\"@type\":\"BreadcrumbList\",\"@id\":\"https:\/\/now-news.de\/de\/deutschland\/antifaschistische-traditionspflege-nva-fallschirmjaeger-gedenken-in-berlin-des-unbekannten-soldaten\/#breadcrumb\",\"itemListElement\":[{\"@type\":\"ListItem\",\"position\":1,\"name\":\"Home\",\"item\":\"https:\/\/now-news.de\/de\/\"},{\"@type\":\"ListItem\",\"position\":2,\"name\":\"Antifaschistische Traditionspflege: NVA-Fallschirmj\u00e4ger gedenken in Berlin des Unbekannten Soldaten\"}]},{\"@type\":\"WebSite\",\"@id\":\"https:\/\/now-news.de\/de\/#website\",\"url\":\"https:\/\/now-news.de\/de\/\",\"name\":\"just-now.NEWS Deutschland\",\"description\":\"Das Portal f\u00fcr unzensierte Nachrichten aus der Welt\",\"publisher\":{\"@id\":\"https:\/\/now-news.de\/de\/#organization\"},\"potentialAction\":[{\"@type\":\"SearchAction\",\"target\":{\"@type\":\"EntryPoint\",\"urlTemplate\":\"https:\/\/now-news.de\/de\/?s={search_term_string}\"},\"query-input\":\"required name=search_term_string\"}],\"inLanguage\":\"de\"},{\"@type\":\"Organization\",\"@id\":\"https:\/\/now-news.de\/de\/#organization\",\"name\":\"Just Now News\",\"url\":\"https:\/\/now-news.de\/de\/\",\"logo\":{\"@type\":\"ImageObject\",\"inLanguage\":\"de\",\"@id\":\"https:\/\/now-news.de\/de\/#\/schema\/logo\/image\/\",\"url\":\"http:\/\/just-now.news\/de\/wp-content\/uploads\/sites\/3\/2022\/04\/logo500x500.jpg\",\"contentUrl\":\"http:\/\/just-now.news\/de\/wp-content\/uploads\/sites\/3\/2022\/04\/logo500x500.jpg\",\"width\":500,\"height\":500,\"caption\":\"Just Now News\"},\"image\":{\"@id\":\"https:\/\/now-news.de\/de\/#\/schema\/logo\/image\/\"},\"sameAs\":[\"https:\/\/www.facebook.com\/wirmachenauf\",\"https:\/\/x.com\/WirMachenAuf_de\"]},{\"@type\":\"Person\",\"@id\":\"https:\/\/now-news.de\/de\/#\/schema\/person\/fb534a4e865501d8b3285208df34a9b5\",\"name\":\"rtnews\",\"image\":{\"@type\":\"ImageObject\",\"inLanguage\":\"de\",\"@id\":\"https:\/\/now-news.de\/de\/#\/schema\/person\/image\/\",\"url\":\"https:\/\/secure.gravatar.com\/avatar\/82aafea7d8127119dd649515f56e2117?s=96&d=mm&r=g\",\"contentUrl\":\"https:\/\/secure.gravatar.com\/avatar\/82aafea7d8127119dd649515f56e2117?s=96&d=mm&r=g\",\"caption\":\"rtnews\"},\"url\":\"https:\/\/now-news.de\/de\/author\/rnews\/\"}]}<\/script>\n<!-- \/ Yoast SEO Premium plugin. -->","yoast_head_json":{"title":"Antifaschistische Traditionspflege: NVA-Fallschirmj\u00e4ger gedenken in Berlin des Unbekannten Soldaten - just-now.NEWS Deutschland","robots":{"index":"index","follow":"follow","max-snippet":"max-snippet:-1","max-image-preview":"max-image-preview:large","max-video-preview":"max-video-preview:-1"},"canonical":"https:\/\/now-news.de\/de\/deutschland\/antifaschistische-traditionspflege-nva-fallschirmjaeger-gedenken-in-berlin-des-unbekannten-soldaten\/","og_locale":"de_DE","og_type":"article","og_title":"Antifaschistische Traditionspflege: NVA-Fallschirmj\u00e4ger gedenken in Berlin des Unbekannten Soldaten","og_description":"In Berlin-Tiergarten fand eine kurze, aber wichtige Gedenkzeremonie statt. Erinnert wurde an die im Zweiten Weltkrieg gefallenen sowjetischen Soldaten und damit an all jene, die im Kampf gegen den Faschismus gestorben sind. Der 3.\u00a0Dezember ist in Russland ein trauriges Datum,\u00a0an dem\u00a0derjenigen gedacht wird, die ihr Leben f\u00fcr das Vaterland geopfert haben, deren Namen aber unbekannt [&hellip;]","og_url":"https:\/\/now-news.de\/de\/deutschland\/antifaschistische-traditionspflege-nva-fallschirmjaeger-gedenken-in-berlin-des-unbekannten-soldaten\/","og_site_name":"just-now.NEWS Deutschland","article_publisher":"https:\/\/www.facebook.com\/wirmachenauf","article_published_time":"2024-12-03T15:12:34+00:00","og_image":[{"url":"https:\/\/now-news.de\/de\/wp-content\/uploads\/sites\/3\/2024\/12\/674ef4b6b480cc4f0d02c81b.jpg"}],"author":"rtnews","twitter_card":"summary_large_image","twitter_creator":"@WirMachenAuf_de","twitter_site":"@WirMachenAuf_de","twitter_misc":{"Verfasst von":"rtnews","Gesch\u00e4tzte Lesezeit":"2\u00a0Minuten"},"schema":{"@context":"https:\/\/schema.org","@graph":[{"@type":"Article","@id":"https:\/\/now-news.de\/de\/deutschland\/antifaschistische-traditionspflege-nva-fallschirmjaeger-gedenken-in-berlin-des-unbekannten-soldaten\/#article","isPartOf":{"@id":"https:\/\/now-news.de\/de\/deutschland\/antifaschistische-traditionspflege-nva-fallschirmjaeger-gedenken-in-berlin-des-unbekannten-soldaten\/"},"author":{"name":"rtnews","@id":"https:\/\/now-news.de\/de\/#\/schema\/person\/fb534a4e865501d8b3285208df34a9b5"},"headline":"Antifaschistische Traditionspflege: NVA-Fallschirmj\u00e4ger gedenken in Berlin des Unbekannten Soldaten","datePublished":"2024-12-03T15:12:34+00:00","dateModified":"2024-12-03T15:12:34+00:00","mainEntityOfPage":{"@id":"https:\/\/now-news.de\/de\/deutschland\/antifaschistische-traditionspflege-nva-fallschirmjaeger-gedenken-in-berlin-des-unbekannten-soldaten\/"},"wordCount":372,"commentCount":0,"publisher":{"@id":"https:\/\/now-news.de\/de\/#organization"},"image":{"@id":"https:\/\/now-news.de\/de\/deutschland\/antifaschistische-traditionspflege-nva-fallschirmjaeger-gedenken-in-berlin-des-unbekannten-soldaten\/#primaryimage"},"thumbnailUrl":"https:\/\/now-news.de\/de\/wp-content\/uploads\/sites\/3\/2024\/12\/Antifaschistische-Traditionspflege-NVA-Fallschirmjaeger-gedenken-in-Berlin-des-Unbekannten-Soldaten.jpg","keywords":["Antifaschistische","Berlin","des","Gedenken","NVAFallschirmj\u00e4ger","Soldaten","Traditionspflege","Unbekannten"],"articleSection":["Deutschland","Russland"],"inLanguage":"de","potentialAction":[{"@type":"CommentAction","name":"Comment","target":["https:\/\/now-news.de\/de\/deutschland\/antifaschistische-traditionspflege-nva-fallschirmjaeger-gedenken-in-berlin-des-unbekannten-soldaten\/#respond"]}]},{"@type":"WebPage","@id":"https:\/\/now-news.de\/de\/deutschland\/antifaschistische-traditionspflege-nva-fallschirmjaeger-gedenken-in-berlin-des-unbekannten-soldaten\/","url":"https:\/\/now-news.de\/de\/deutschland\/antifaschistische-traditionspflege-nva-fallschirmjaeger-gedenken-in-berlin-des-unbekannten-soldaten\/","name":"Antifaschistische Traditionspflege: NVA-Fallschirmj\u00e4ger gedenken in Berlin des Unbekannten Soldaten - just-now.NEWS Deutschland","isPartOf":{"@id":"https:\/\/now-news.de\/de\/#website"},"primaryImageOfPage":{"@id":"https:\/\/now-news.de\/de\/deutschland\/antifaschistische-traditionspflege-nva-fallschirmjaeger-gedenken-in-berlin-des-unbekannten-soldaten\/#primaryimage"},"image":{"@id":"https:\/\/now-news.de\/de\/deutschland\/antifaschistische-traditionspflege-nva-fallschirmjaeger-gedenken-in-berlin-des-unbekannten-soldaten\/#primaryimage"},"thumbnailUrl":"https:\/\/now-news.de\/de\/wp-content\/uploads\/sites\/3\/2024\/12\/Antifaschistische-Traditionspflege-NVA-Fallschirmjaeger-gedenken-in-Berlin-des-Unbekannten-Soldaten.jpg","datePublished":"2024-12-03T15:12:34+00:00","dateModified":"2024-12-03T15:12:34+00:00","breadcrumb":{"@id":"https:\/\/now-news.de\/de\/deutschland\/antifaschistische-traditionspflege-nva-fallschirmjaeger-gedenken-in-berlin-des-unbekannten-soldaten\/#breadcrumb"},"inLanguage":"de","potentialAction":[{"@type":"ReadAction","target":["https:\/\/now-news.de\/de\/deutschland\/antifaschistische-traditionspflege-nva-fallschirmjaeger-gedenken-in-berlin-des-unbekannten-soldaten\/"]}]},{"@type":"ImageObject","inLanguage":"de","@id":"https:\/\/now-news.de\/de\/deutschland\/antifaschistische-traditionspflege-nva-fallschirmjaeger-gedenken-in-berlin-des-unbekannten-soldaten\/#primaryimage","url":"https:\/\/now-news.de\/de\/wp-content\/uploads\/sites\/3\/2024\/12\/Antifaschistische-Traditionspflege-NVA-Fallschirmjaeger-gedenken-in-Berlin-des-Unbekannten-Soldaten.jpg","contentUrl":"https:\/\/now-news.de\/de\/wp-content\/uploads\/sites\/3\/2024\/12\/Antifaschistische-Traditionspflege-NVA-Fallschirmjaeger-gedenken-in-Berlin-des-Unbekannten-Soldaten.jpg","width":460,"height":259,"caption":"Antifaschistische Traditionspflege: NVA-Fallschirmj\u00e4ger gedenken in Berlin des Unbekannten Soldaten"},{"@type":"BreadcrumbList","@id":"https:\/\/now-news.de\/de\/deutschland\/antifaschistische-traditionspflege-nva-fallschirmjaeger-gedenken-in-berlin-des-unbekannten-soldaten\/#breadcrumb","itemListElement":[{"@type":"ListItem","position":1,"name":"Home","item":"https:\/\/now-news.de\/de\/"},{"@type":"ListItem","position":2,"name":"Antifaschistische Traditionspflege: NVA-Fallschirmj\u00e4ger gedenken in Berlin des Unbekannten Soldaten"}]},{"@type":"WebSite","@id":"https:\/\/now-news.de\/de\/#website","url":"https:\/\/now-news.de\/de\/","name":"just-now.NEWS Deutschland","description":"Das Portal f\u00fcr unzensierte Nachrichten aus der Welt","publisher":{"@id":"https:\/\/now-news.de\/de\/#organization"},"potentialAction":[{"@type":"SearchAction","target":{"@type":"EntryPoint","urlTemplate":"https:\/\/now-news.de\/de\/?s={search_term_string}"},"query-input":"required name=search_term_string"}],"inLanguage":"de"},{"@type":"Organization","@id":"https:\/\/now-news.de\/de\/#organization","name":"Just Now News","url":"https:\/\/now-news.de\/de\/","logo":{"@type":"ImageObject","inLanguage":"de","@id":"https:\/\/now-news.de\/de\/#\/schema\/logo\/image\/","url":"http:\/\/just-now.news\/de\/wp-content\/uploads\/sites\/3\/2022\/04\/logo500x500.jpg","contentUrl":"http:\/\/just-now.news\/de\/wp-content\/uploads\/sites\/3\/2022\/04\/logo500x500.jpg","width":500,"height":500,"caption":"Just Now News"},"image":{"@id":"https:\/\/now-news.de\/de\/#\/schema\/logo\/image\/"},"sameAs":["https:\/\/www.facebook.com\/wirmachenauf","https:\/\/x.com\/WirMachenAuf_de"]},{"@type":"Person","@id":"https:\/\/now-news.de\/de\/#\/schema\/person\/fb534a4e865501d8b3285208df34a9b5","name":"rtnews","image":{"@type":"ImageObject","inLanguage":"de","@id":"https:\/\/now-news.de\/de\/#\/schema\/person\/image\/","url":"https:\/\/secure.gravatar.com\/avatar\/82aafea7d8127119dd649515f56e2117?s=96&d=mm&r=g","contentUrl":"https:\/\/secure.gravatar.com\/avatar\/82aafea7d8127119dd649515f56e2117?s=96&d=mm&r=g","caption":"rtnews"},"url":"https:\/\/now-news.de\/de\/author\/rnews\/"}]}},"_links":{"self":[{"href":"https:\/\/now-news.de\/de\/wp-json\/wp\/v2\/posts\/73754"}],"collection":[{"href":"https:\/\/now-news.de\/de\/wp-json\/wp\/v2\/posts"}],"about":[{"href":"https:\/\/now-news.de\/de\/wp-json\/wp\/v2\/types\/post"}],"author":[{"embeddable":true,"href":"https:\/\/now-news.de\/de\/wp-json\/wp\/v2\/users\/3"}],"replies":[{"embeddable":true,"href":"https:\/\/now-news.de\/de\/wp-json\/wp\/v2\/comments?post=73754"}],"version-history":[{"count":0,"href":"https:\/\/now-news.de\/de\/wp-json\/wp\/v2\/posts\/73754\/revisions"}],"wp:featuredmedia":[{"embeddable":true,"href":"https:\/\/now-news.de\/de\/wp-json\/wp\/v2\/media\/73755"}],"wp:attachment":[{"href":"https:\/\/now-news.de\/de\/wp-json\/wp\/v2\/media?parent=73754"}],"wp:term":[{"taxonomy":"category","embeddable":true,"href":"https:\/\/now-news.de\/de\/wp-json\/wp\/v2\/categories?post=73754"},{"taxonomy":"post_tag","embeddable":true,"href":"https:\/\/now-news.de\/de\/wp-json\/wp\/v2\/tags?post=73754"}],"curies":[{"name":"wp","href":"https:\/\/api.w.org\/{rel}","templated":true}]}}