{"id":73741,"date":"2024-12-03T13:46:51","date_gmt":"2024-12-03T11:46:51","guid":{"rendered":"https:\/\/now-news.de\/de\/deutschland\/alarmstimmung-in-schweden-und-finnland-internetstoerung-wegen-sabotage-oder-fehler-bei-bauarbeiten\/"},"modified":"2024-12-03T13:46:51","modified_gmt":"2024-12-03T11:46:51","slug":"alarmstimmung-in-schweden-und-finnland-internetstoerung-wegen-sabotage-oder-fehler-bei-bauarbeiten","status":"publish","type":"post","link":"https:\/\/now-news.de\/de\/deutschland\/alarmstimmung-in-schweden-und-finnland-internetstoerung-wegen-sabotage-oder-fehler-bei-bauarbeiten\/","title":{"rendered":"Alarmstimmung in Schweden und Finnland: Internetst\u00f6rung wegen Sabotage oder Fehler bei Bauarbeiten?"},"content":{"rendered":"<p><img decoding=\"async\" src=\"https:\/\/now-news.de\/de\/wp-content\/uploads\/sites\/3\/2024\/12\/674edf6648fbef5102272d3f.jpg\" \/><\/p>\n<div class=\"Text-root Text-type_1 \">\n                Abermals wird aus der Ostseeregion die Besch\u00e4digung eines Internetkabels gemeldet, nachdem erst in der zweiten Novemberh\u00e4lfte Unterseekabel besch\u00e4digt worden waren. Auch jetzt wird wieder von Sabotage gesprochen. Die Beh\u00f6rden zeigen sich alarmiert.\n            <\/div>\n<p><\/p>\n<div class=\"Text-root Text-type_5 ArticleView-text ViewText-root \">\n<p>Wie Medien in Schweden und Finnland berichten, ist es am heutigen Dienstagmorgen zu einem &#8220;gr\u00f6\u00dferen Ausfall&#8221; der Internetverbindungen zwischen Schweden und Finnland gekommen. Im Unterschied zu den Besch\u00e4digungen vom November seien die Leitungen diesmal an Land besch\u00e4digt worden. Es seien zwei Kabelbr\u00fcche in Finnland festgestellt worden. Wie die schwedische Zeitung\u00a0<em>Dagens Nyheter<\/em>\u00a0schreibt, soll eines der Kabel versehentlich durchtrennt worden sein. Die finnischen Beh\u00f6rden seien noch dabei herauszufinden, was im zweiten Fall zu der St\u00f6rung gef\u00fchrt habe.<\/p>\n<p>&#8220;GlobalConnect&#8221;, ein d\u00e4nisches Datenkommunikationsunternehmen, hatte am Dienstagmorgen mitgeteilt, dass es in Finnland zu einem <em>&#8220;gr\u00f6\u00dferen Ausfall gekommen ist, der durch separate Vorf\u00e4lle in unserem Netz verursacht wurde&#8221;<\/em>. Ursache f\u00fcr die St\u00f6rungen sei gewesen, dass zwei Glasfaserkabel in den Orten Espoo und Vihti durchtrennt worden seien. Eines der Kabel sei bereits wieder repariert worden.<\/p>\n<p>Wie die\u00a0<em>Berliner Zeitung<\/em>\u00a0berichtet, teilte die finnische Ministerin Lulu Ranne per Twitter\/X mit, die Beh\u00f6rden ihres Landes w\u00fcrden gemeinsam mit dem Kabeltbetreiber ermitteln und den Vorfall <em>&#8220;ernst&#8221;<\/em> nehmen. Laut der schwedischen Zeitung\u00a0<em>Aftonbladet<\/em>\u00a0ging die Polizei von Sabotage aus.<\/p>\n<p>Auch Carl-Oskar Bohlin, der schwedische Minister f\u00fcr Zivilschutz, hat gegen\u00fcber\u00a0<em>AFP<\/em>\u00a0erkl\u00e4rt, angesichts der Umst\u00e4nde m\u00fcsse man von Sabotage ausgehen.<\/p>\n<p>Dagegen schreibt die finnische Zeitung\u00a0<em>Helsingin Sanomat<\/em>, der Schaden sei vermutlich bei Bauarbeiten entstanden, als ein Bagger versehentlich die Kabel durchtrennte.<\/p>\n<div class=\"EmbedBlock-root EmbedBlock-twitter\">\n<div class=\"TwitterEmbed\">\n<blockquote class=\"twitter-tweet lazyload\" data-twitter=\"twitter-tweet\">\n<p lang=\"fi\" dir=\"ltr\">Viranomaiset selvitt\u00e4v\u00e4t asiaa yhdess\u00e4 yrityksen kanssa. Suhtaudumme tilanteeseen vakavasti. <a rel=\"nofollow noopener\" target=\"_blank\" href=\"https:\/\/t.co\/8H7y3PxgKk\">https:\/\/t.co\/8H7y3PxgKk<\/a><\/p>\n<p>\u2014 Lulu Ranne (@LuluRanne) <a rel=\"nofollow noopener\" target=\"_blank\" href=\"https:\/\/twitter.com\/LuluRanne\/status\/1863837964444316079?ref_src=twsrc%5Etfw\">December 3, 2024<\/a><\/p><\/blockquote>\n<\/div>\n<\/div>\n<p>Bereits im November waren Datenkabel, die Ostseeanrainerstaaten verbinden, besch\u00e4digt worden \u2013 so eine Datenverbindung zwischen Finnland und Deutschland sowie ein Kabel, das von Schweden nach Litauen verl\u00e4uft. Obwohl die Ursache f\u00fcr die St\u00f6rung noch nicht ermittelt ist, erkl\u00e4rten westliche Politiker, dass es sich um Sabotage gehandelt haben m\u00fcsse, so etwa Bundesverteidigungsminister Boris Pistorius (<em>RT DE<\/em>\u00a0<a rel=\"nofollow noopener\" target=\"_blank\" href=\"https:\/\/dert.site\/kurzclips\/video\/226628-verteidigungsminister-pistorius-beschaedigung-unterseekabel-ist\/\">berichtete<\/a>).<\/p>\n<p>Vor dem Hintergrund der Spannungen zwischen den USA und den NATO-L\u00e4ndern einerseits und Russland andererseits wurde angedeutet, dass Moskau oder das mit Russland freundschaftlich verbundene Peking einen Akt der &#8220;hybriden&#8221; Kriegsf\u00fchrung begangen h\u00e4tten \u2013 eine unbeabsichtigte Besch\u00e4digung der Kabel durch Schiffsanker sei wenig glaubw\u00fcrdig und man m\u00fcsse von Sabotage sprechen.<\/p>\n<p>Zwar laufen die Ermittlungen noch, doch lenken die ermittelnden Staaten den Verdacht auf den chinesischen Frachter &#8220;Yi Peng 3&#8221;, der zum Zeitpunkt der Besch\u00e4digungen in der N\u00e4he der Seekabel unterwegs gewesen sein soll. Chinesische Beh\u00f6rden weisen dagegen jegliche Verwicklung ihres Landes in den Fall zur\u00fcck, betonten jedoch ihre Bereitschaft, bei den Ermittlungen zu kooperieren.<\/p>\n<p>In den Medien wurde mehrfach behauptet, dass im November eine Ostseeleitung zwischen Schweden und Deutschland besch\u00e4digt worden sei, was jedoch offenkundig eine Verwechslung darstellt; gemeint ist vermutlich das im Vormonat besch\u00e4digte Unterseekabel zwischen Finnland und Deutschland.<\/p>\n<p><strong>Mehr zum Thema<\/strong> &#8211; <a rel=\"nofollow noopener\" target=\"_blank\" href=\"https:\/\/dert.site\/inland\/226423-unterseekabel-zwischen-finnland-und-deutschland-beschaedigt-ursache-unbekannt\/\">Unterseekabel zwischen Finnland und Deutschland besch\u00e4digt: Ursache unbekannt<\/a><\/p>\n<div class=\"EmbedBlock-root EmbedBlock-externalVideo EmbedBlock-rumble\">\n<div class=\"VkEmbed\"><iframe class=\"lazyload\" data-src=\"https:\/\/rumble.com\/embed\/v5tajdt\" frameborder=\"0\" width=\"853\" height=\"480\" allowfullscreen><\/iframe><\/div>\n<\/div>\n<\/div>\n<p><script async src=\"https:\/\/platform.twitter.com\/widgets.js\" charset=\"utf-8\"><\/script><br \/>\n<br \/><br \/>\n<br \/><a href=\"https:\/\/de.rt.com\/europa\/228138-alarmstimung-in-schweden-und-finnland\/\">Source link <\/a><\/p>\n","protected":false},"excerpt":{"rendered":"<p>Abermals wird aus der Ostseeregion die Besch\u00e4digung eines Internetkabels gemeldet, nachdem erst in der zweiten Novemberh\u00e4lfte Unterseekabel besch\u00e4digt worden waren. Auch jetzt wird wieder von Sabotage gesprochen. Die Beh\u00f6rden zeigen sich alarmiert. Wie Medien in Schweden und Finnland berichten, ist es am heutigen Dienstagmorgen zu einem &#8220;gr\u00f6\u00dferen Ausfall&#8221; der Internetverbindungen zwischen Schweden und Finnland gekommen. [&hellip;]<\/p>\n","protected":false},"author":3,"featured_media":73742,"comment_status":"open","ping_status":"open","sticky":false,"template":"","format":"standard","meta":{"_yoast_indexnow_last_ping":["1733232128"],"wp_automatic_camp":["217"],"c1e72bf3f0ee5d6797103392c054b177":["Alarmstimmung in Schweden und Finnland: Internetst\u00f6rung wegen Sabotage oder Fehler bei Bauarbeiten?"],"original_link":["https:\/\/de.rt.com\/europa\/228138-alarmstimung-in-schweden-und-finnland\/"],"_thumbnail_id":["73742"],"_wptgpro_p2tg_sent2tg":["a:1:{i:23737;s:19:\"2024-12-03 15:23:31\";}"],"jnews_social_counter_last_update":["1777389202"]},"categories":[19,23],"tags":[46650,40839,363,1936,1906,60745,268,30977,599,140,145],"yoast_head":"<!-- This site is optimized with the Yoast SEO Premium plugin v22.7 (Yoast SEO v22.7) - https:\/\/yoast.com\/wordpress\/plugins\/seo\/ -->\n<title>Alarmstimmung in Schweden und Finnland: Internetst\u00f6rung wegen Sabotage oder Fehler bei Bauarbeiten? - just-now.NEWS Deutschland<\/title>\n<meta name=\"robots\" content=\"index, follow, max-snippet:-1, max-image-preview:large, max-video-preview:-1\" \/>\n<link rel=\"canonical\" href=\"https:\/\/now-news.de\/de\/deutschland\/alarmstimmung-in-schweden-und-finnland-internetstoerung-wegen-sabotage-oder-fehler-bei-bauarbeiten\/\" \/>\n<meta property=\"og:locale\" content=\"de_DE\" \/>\n<meta property=\"og:type\" content=\"article\" \/>\n<meta property=\"og:title\" content=\"Alarmstimmung in Schweden und Finnland: Internetst\u00f6rung wegen Sabotage oder Fehler bei Bauarbeiten?\" \/>\n<meta property=\"og:description\" content=\"Abermals wird aus der Ostseeregion die Besch\u00e4digung eines Internetkabels gemeldet, nachdem erst in der zweiten Novemberh\u00e4lfte Unterseekabel besch\u00e4digt worden waren. Auch jetzt wird wieder von Sabotage gesprochen. Die Beh\u00f6rden zeigen sich alarmiert. Wie Medien in Schweden und Finnland berichten, ist es am heutigen Dienstagmorgen zu einem &#8220;gr\u00f6\u00dferen Ausfall&#8221; der Internetverbindungen zwischen Schweden und Finnland gekommen. [&hellip;]\" \/>\n<meta property=\"og:url\" content=\"https:\/\/now-news.de\/de\/deutschland\/alarmstimmung-in-schweden-und-finnland-internetstoerung-wegen-sabotage-oder-fehler-bei-bauarbeiten\/\" \/>\n<meta property=\"og:site_name\" content=\"just-now.NEWS Deutschland\" \/>\n<meta property=\"article:publisher\" content=\"https:\/\/www.facebook.com\/wirmachenauf\" \/>\n<meta property=\"article:published_time\" content=\"2024-12-03T11:46:51+00:00\" \/>\n<meta property=\"og:image\" content=\"https:\/\/now-news.de\/de\/wp-content\/uploads\/sites\/3\/2024\/12\/674edf6648fbef5102272d3f.jpg\" \/>\n<meta name=\"author\" content=\"rtnews\" \/>\n<meta name=\"twitter:card\" content=\"summary_large_image\" \/>\n<meta name=\"twitter:creator\" content=\"@WirMachenAuf_de\" \/>\n<meta name=\"twitter:site\" content=\"@WirMachenAuf_de\" \/>\n<meta name=\"twitter:label1\" content=\"Verfasst von\" \/>\n\t<meta name=\"twitter:data1\" content=\"rtnews\" \/>\n\t<meta name=\"twitter:label2\" content=\"Gesch\u00e4tzte Lesezeit\" \/>\n\t<meta name=\"twitter:data2\" content=\"3\u00a0Minuten\" \/>\n<script type=\"application\/ld+json\" class=\"yoast-schema-graph\">{\"@context\":\"https:\/\/schema.org\",\"@graph\":[{\"@type\":\"Article\",\"@id\":\"https:\/\/now-news.de\/de\/deutschland\/alarmstimmung-in-schweden-und-finnland-internetstoerung-wegen-sabotage-oder-fehler-bei-bauarbeiten\/#article\",\"isPartOf\":{\"@id\":\"https:\/\/now-news.de\/de\/deutschland\/alarmstimmung-in-schweden-und-finnland-internetstoerung-wegen-sabotage-oder-fehler-bei-bauarbeiten\/\"},\"author\":{\"name\":\"rtnews\",\"@id\":\"https:\/\/now-news.de\/de\/#\/schema\/person\/fb534a4e865501d8b3285208df34a9b5\"},\"headline\":\"Alarmstimmung in Schweden und Finnland: Internetst\u00f6rung wegen Sabotage oder Fehler bei Bauarbeiten?\",\"datePublished\":\"2024-12-03T11:46:51+00:00\",\"dateModified\":\"2024-12-03T11:46:51+00:00\",\"mainEntityOfPage\":{\"@id\":\"https:\/\/now-news.de\/de\/deutschland\/alarmstimmung-in-schweden-und-finnland-internetstoerung-wegen-sabotage-oder-fehler-bei-bauarbeiten\/\"},\"wordCount\":528,\"commentCount\":0,\"publisher\":{\"@id\":\"https:\/\/now-news.de\/de\/#organization\"},\"image\":{\"@id\":\"https:\/\/now-news.de\/de\/deutschland\/alarmstimmung-in-schweden-und-finnland-internetstoerung-wegen-sabotage-oder-fehler-bei-bauarbeiten\/#primaryimage\"},\"thumbnailUrl\":\"https:\/\/now-news.de\/de\/wp-content\/uploads\/sites\/3\/2024\/12\/Alarmstimmung-in-Schweden-und-Finnland-Internetstoerung-wegen-Sabotage-oder-Fehler.jpg\",\"keywords\":[\"Alarmstimmung\",\"Bauarbeiten\",\"bei\",\"Fehler\",\"Finnland\",\"Internetst\u00f6rung\",\"oder\",\"Sabotage\",\"Schweden\",\"und\",\"wegen\"],\"articleSection\":[\"Deutschland\",\"Russland\"],\"inLanguage\":\"de\",\"potentialAction\":[{\"@type\":\"CommentAction\",\"name\":\"Comment\",\"target\":[\"https:\/\/now-news.de\/de\/deutschland\/alarmstimmung-in-schweden-und-finnland-internetstoerung-wegen-sabotage-oder-fehler-bei-bauarbeiten\/#respond\"]}]},{\"@type\":\"WebPage\",\"@id\":\"https:\/\/now-news.de\/de\/deutschland\/alarmstimmung-in-schweden-und-finnland-internetstoerung-wegen-sabotage-oder-fehler-bei-bauarbeiten\/\",\"url\":\"https:\/\/now-news.de\/de\/deutschland\/alarmstimmung-in-schweden-und-finnland-internetstoerung-wegen-sabotage-oder-fehler-bei-bauarbeiten\/\",\"name\":\"Alarmstimmung in Schweden und Finnland: Internetst\u00f6rung wegen Sabotage oder Fehler bei Bauarbeiten? - just-now.NEWS Deutschland\",\"isPartOf\":{\"@id\":\"https:\/\/now-news.de\/de\/#website\"},\"primaryImageOfPage\":{\"@id\":\"https:\/\/now-news.de\/de\/deutschland\/alarmstimmung-in-schweden-und-finnland-internetstoerung-wegen-sabotage-oder-fehler-bei-bauarbeiten\/#primaryimage\"},\"image\":{\"@id\":\"https:\/\/now-news.de\/de\/deutschland\/alarmstimmung-in-schweden-und-finnland-internetstoerung-wegen-sabotage-oder-fehler-bei-bauarbeiten\/#primaryimage\"},\"thumbnailUrl\":\"https:\/\/now-news.de\/de\/wp-content\/uploads\/sites\/3\/2024\/12\/Alarmstimmung-in-Schweden-und-Finnland-Internetstoerung-wegen-Sabotage-oder-Fehler.jpg\",\"datePublished\":\"2024-12-03T11:46:51+00:00\",\"dateModified\":\"2024-12-03T11:46:51+00:00\",\"breadcrumb\":{\"@id\":\"https:\/\/now-news.de\/de\/deutschland\/alarmstimmung-in-schweden-und-finnland-internetstoerung-wegen-sabotage-oder-fehler-bei-bauarbeiten\/#breadcrumb\"},\"inLanguage\":\"de\",\"potentialAction\":[{\"@type\":\"ReadAction\",\"target\":[\"https:\/\/now-news.de\/de\/deutschland\/alarmstimmung-in-schweden-und-finnland-internetstoerung-wegen-sabotage-oder-fehler-bei-bauarbeiten\/\"]}]},{\"@type\":\"ImageObject\",\"inLanguage\":\"de\",\"@id\":\"https:\/\/now-news.de\/de\/deutschland\/alarmstimmung-in-schweden-und-finnland-internetstoerung-wegen-sabotage-oder-fehler-bei-bauarbeiten\/#primaryimage\",\"url\":\"https:\/\/now-news.de\/de\/wp-content\/uploads\/sites\/3\/2024\/12\/Alarmstimmung-in-Schweden-und-Finnland-Internetstoerung-wegen-Sabotage-oder-Fehler.jpg\",\"contentUrl\":\"https:\/\/now-news.de\/de\/wp-content\/uploads\/sites\/3\/2024\/12\/Alarmstimmung-in-Schweden-und-Finnland-Internetstoerung-wegen-Sabotage-oder-Fehler.jpg\",\"width\":460,\"height\":259,\"caption\":\"Alarmstimmung in Schweden und Finnland: Internetst\u00f6rung wegen Sabotage oder Fehler bei Bauarbeiten?\"},{\"@type\":\"BreadcrumbList\",\"@id\":\"https:\/\/now-news.de\/de\/deutschland\/alarmstimmung-in-schweden-und-finnland-internetstoerung-wegen-sabotage-oder-fehler-bei-bauarbeiten\/#breadcrumb\",\"itemListElement\":[{\"@type\":\"ListItem\",\"position\":1,\"name\":\"Home\",\"item\":\"https:\/\/now-news.de\/de\/\"},{\"@type\":\"ListItem\",\"position\":2,\"name\":\"Alarmstimmung in Schweden und Finnland: Internetst\u00f6rung wegen Sabotage oder Fehler bei Bauarbeiten?\"}]},{\"@type\":\"WebSite\",\"@id\":\"https:\/\/now-news.de\/de\/#website\",\"url\":\"https:\/\/now-news.de\/de\/\",\"name\":\"just-now.NEWS Deutschland\",\"description\":\"Das Portal f\u00fcr unzensierte Nachrichten aus der Welt\",\"publisher\":{\"@id\":\"https:\/\/now-news.de\/de\/#organization\"},\"potentialAction\":[{\"@type\":\"SearchAction\",\"target\":{\"@type\":\"EntryPoint\",\"urlTemplate\":\"https:\/\/now-news.de\/de\/?s={search_term_string}\"},\"query-input\":\"required name=search_term_string\"}],\"inLanguage\":\"de\"},{\"@type\":\"Organization\",\"@id\":\"https:\/\/now-news.de\/de\/#organization\",\"name\":\"Just Now News\",\"url\":\"https:\/\/now-news.de\/de\/\",\"logo\":{\"@type\":\"ImageObject\",\"inLanguage\":\"de\",\"@id\":\"https:\/\/now-news.de\/de\/#\/schema\/logo\/image\/\",\"url\":\"http:\/\/just-now.news\/de\/wp-content\/uploads\/sites\/3\/2022\/04\/logo500x500.jpg\",\"contentUrl\":\"http:\/\/just-now.news\/de\/wp-content\/uploads\/sites\/3\/2022\/04\/logo500x500.jpg\",\"width\":500,\"height\":500,\"caption\":\"Just Now News\"},\"image\":{\"@id\":\"https:\/\/now-news.de\/de\/#\/schema\/logo\/image\/\"},\"sameAs\":[\"https:\/\/www.facebook.com\/wirmachenauf\",\"https:\/\/x.com\/WirMachenAuf_de\"]},{\"@type\":\"Person\",\"@id\":\"https:\/\/now-news.de\/de\/#\/schema\/person\/fb534a4e865501d8b3285208df34a9b5\",\"name\":\"rtnews\",\"image\":{\"@type\":\"ImageObject\",\"inLanguage\":\"de\",\"@id\":\"https:\/\/now-news.de\/de\/#\/schema\/person\/image\/\",\"url\":\"https:\/\/secure.gravatar.com\/avatar\/82aafea7d8127119dd649515f56e2117?s=96&d=mm&r=g\",\"contentUrl\":\"https:\/\/secure.gravatar.com\/avatar\/82aafea7d8127119dd649515f56e2117?s=96&d=mm&r=g\",\"caption\":\"rtnews\"},\"url\":\"https:\/\/now-news.de\/de\/author\/rnews\/\"}]}<\/script>\n<!-- \/ Yoast SEO Premium plugin. -->","yoast_head_json":{"title":"Alarmstimmung in Schweden und Finnland: Internetst\u00f6rung wegen Sabotage oder Fehler bei Bauarbeiten? - just-now.NEWS Deutschland","robots":{"index":"index","follow":"follow","max-snippet":"max-snippet:-1","max-image-preview":"max-image-preview:large","max-video-preview":"max-video-preview:-1"},"canonical":"https:\/\/now-news.de\/de\/deutschland\/alarmstimmung-in-schweden-und-finnland-internetstoerung-wegen-sabotage-oder-fehler-bei-bauarbeiten\/","og_locale":"de_DE","og_type":"article","og_title":"Alarmstimmung in Schweden und Finnland: Internetst\u00f6rung wegen Sabotage oder Fehler bei Bauarbeiten?","og_description":"Abermals wird aus der Ostseeregion die Besch\u00e4digung eines Internetkabels gemeldet, nachdem erst in der zweiten Novemberh\u00e4lfte Unterseekabel besch\u00e4digt worden waren. Auch jetzt wird wieder von Sabotage gesprochen. Die Beh\u00f6rden zeigen sich alarmiert. Wie Medien in Schweden und Finnland berichten, ist es am heutigen Dienstagmorgen zu einem &#8220;gr\u00f6\u00dferen Ausfall&#8221; der Internetverbindungen zwischen Schweden und Finnland gekommen. [&hellip;]","og_url":"https:\/\/now-news.de\/de\/deutschland\/alarmstimmung-in-schweden-und-finnland-internetstoerung-wegen-sabotage-oder-fehler-bei-bauarbeiten\/","og_site_name":"just-now.NEWS Deutschland","article_publisher":"https:\/\/www.facebook.com\/wirmachenauf","article_published_time":"2024-12-03T11:46:51+00:00","og_image":[{"url":"https:\/\/now-news.de\/de\/wp-content\/uploads\/sites\/3\/2024\/12\/674edf6648fbef5102272d3f.jpg"}],"author":"rtnews","twitter_card":"summary_large_image","twitter_creator":"@WirMachenAuf_de","twitter_site":"@WirMachenAuf_de","twitter_misc":{"Verfasst von":"rtnews","Gesch\u00e4tzte Lesezeit":"3\u00a0Minuten"},"schema":{"@context":"https:\/\/schema.org","@graph":[{"@type":"Article","@id":"https:\/\/now-news.de\/de\/deutschland\/alarmstimmung-in-schweden-und-finnland-internetstoerung-wegen-sabotage-oder-fehler-bei-bauarbeiten\/#article","isPartOf":{"@id":"https:\/\/now-news.de\/de\/deutschland\/alarmstimmung-in-schweden-und-finnland-internetstoerung-wegen-sabotage-oder-fehler-bei-bauarbeiten\/"},"author":{"name":"rtnews","@id":"https:\/\/now-news.de\/de\/#\/schema\/person\/fb534a4e865501d8b3285208df34a9b5"},"headline":"Alarmstimmung in Schweden und Finnland: Internetst\u00f6rung wegen Sabotage oder Fehler bei Bauarbeiten?","datePublished":"2024-12-03T11:46:51+00:00","dateModified":"2024-12-03T11:46:51+00:00","mainEntityOfPage":{"@id":"https:\/\/now-news.de\/de\/deutschland\/alarmstimmung-in-schweden-und-finnland-internetstoerung-wegen-sabotage-oder-fehler-bei-bauarbeiten\/"},"wordCount":528,"commentCount":0,"publisher":{"@id":"https:\/\/now-news.de\/de\/#organization"},"image":{"@id":"https:\/\/now-news.de\/de\/deutschland\/alarmstimmung-in-schweden-und-finnland-internetstoerung-wegen-sabotage-oder-fehler-bei-bauarbeiten\/#primaryimage"},"thumbnailUrl":"https:\/\/now-news.de\/de\/wp-content\/uploads\/sites\/3\/2024\/12\/Alarmstimmung-in-Schweden-und-Finnland-Internetstoerung-wegen-Sabotage-oder-Fehler.jpg","keywords":["Alarmstimmung","Bauarbeiten","bei","Fehler","Finnland","Internetst\u00f6rung","oder","Sabotage","Schweden","und","wegen"],"articleSection":["Deutschland","Russland"],"inLanguage":"de","potentialAction":[{"@type":"CommentAction","name":"Comment","target":["https:\/\/now-news.de\/de\/deutschland\/alarmstimmung-in-schweden-und-finnland-internetstoerung-wegen-sabotage-oder-fehler-bei-bauarbeiten\/#respond"]}]},{"@type":"WebPage","@id":"https:\/\/now-news.de\/de\/deutschland\/alarmstimmung-in-schweden-und-finnland-internetstoerung-wegen-sabotage-oder-fehler-bei-bauarbeiten\/","url":"https:\/\/now-news.de\/de\/deutschland\/alarmstimmung-in-schweden-und-finnland-internetstoerung-wegen-sabotage-oder-fehler-bei-bauarbeiten\/","name":"Alarmstimmung in Schweden und Finnland: Internetst\u00f6rung wegen Sabotage oder Fehler bei Bauarbeiten? - just-now.NEWS Deutschland","isPartOf":{"@id":"https:\/\/now-news.de\/de\/#website"},"primaryImageOfPage":{"@id":"https:\/\/now-news.de\/de\/deutschland\/alarmstimmung-in-schweden-und-finnland-internetstoerung-wegen-sabotage-oder-fehler-bei-bauarbeiten\/#primaryimage"},"image":{"@id":"https:\/\/now-news.de\/de\/deutschland\/alarmstimmung-in-schweden-und-finnland-internetstoerung-wegen-sabotage-oder-fehler-bei-bauarbeiten\/#primaryimage"},"thumbnailUrl":"https:\/\/now-news.de\/de\/wp-content\/uploads\/sites\/3\/2024\/12\/Alarmstimmung-in-Schweden-und-Finnland-Internetstoerung-wegen-Sabotage-oder-Fehler.jpg","datePublished":"2024-12-03T11:46:51+00:00","dateModified":"2024-12-03T11:46:51+00:00","breadcrumb":{"@id":"https:\/\/now-news.de\/de\/deutschland\/alarmstimmung-in-schweden-und-finnland-internetstoerung-wegen-sabotage-oder-fehler-bei-bauarbeiten\/#breadcrumb"},"inLanguage":"de","potentialAction":[{"@type":"ReadAction","target":["https:\/\/now-news.de\/de\/deutschland\/alarmstimmung-in-schweden-und-finnland-internetstoerung-wegen-sabotage-oder-fehler-bei-bauarbeiten\/"]}]},{"@type":"ImageObject","inLanguage":"de","@id":"https:\/\/now-news.de\/de\/deutschland\/alarmstimmung-in-schweden-und-finnland-internetstoerung-wegen-sabotage-oder-fehler-bei-bauarbeiten\/#primaryimage","url":"https:\/\/now-news.de\/de\/wp-content\/uploads\/sites\/3\/2024\/12\/Alarmstimmung-in-Schweden-und-Finnland-Internetstoerung-wegen-Sabotage-oder-Fehler.jpg","contentUrl":"https:\/\/now-news.de\/de\/wp-content\/uploads\/sites\/3\/2024\/12\/Alarmstimmung-in-Schweden-und-Finnland-Internetstoerung-wegen-Sabotage-oder-Fehler.jpg","width":460,"height":259,"caption":"Alarmstimmung in Schweden und Finnland: Internetst\u00f6rung wegen Sabotage oder Fehler bei Bauarbeiten?"},{"@type":"BreadcrumbList","@id":"https:\/\/now-news.de\/de\/deutschland\/alarmstimmung-in-schweden-und-finnland-internetstoerung-wegen-sabotage-oder-fehler-bei-bauarbeiten\/#breadcrumb","itemListElement":[{"@type":"ListItem","position":1,"name":"Home","item":"https:\/\/now-news.de\/de\/"},{"@type":"ListItem","position":2,"name":"Alarmstimmung in Schweden und Finnland: Internetst\u00f6rung wegen Sabotage oder Fehler bei Bauarbeiten?"}]},{"@type":"WebSite","@id":"https:\/\/now-news.de\/de\/#website","url":"https:\/\/now-news.de\/de\/","name":"just-now.NEWS Deutschland","description":"Das Portal f\u00fcr unzensierte Nachrichten aus der Welt","publisher":{"@id":"https:\/\/now-news.de\/de\/#organization"},"potentialAction":[{"@type":"SearchAction","target":{"@type":"EntryPoint","urlTemplate":"https:\/\/now-news.de\/de\/?s={search_term_string}"},"query-input":"required name=search_term_string"}],"inLanguage":"de"},{"@type":"Organization","@id":"https:\/\/now-news.de\/de\/#organization","name":"Just Now News","url":"https:\/\/now-news.de\/de\/","logo":{"@type":"ImageObject","inLanguage":"de","@id":"https:\/\/now-news.de\/de\/#\/schema\/logo\/image\/","url":"http:\/\/just-now.news\/de\/wp-content\/uploads\/sites\/3\/2022\/04\/logo500x500.jpg","contentUrl":"http:\/\/just-now.news\/de\/wp-content\/uploads\/sites\/3\/2022\/04\/logo500x500.jpg","width":500,"height":500,"caption":"Just Now News"},"image":{"@id":"https:\/\/now-news.de\/de\/#\/schema\/logo\/image\/"},"sameAs":["https:\/\/www.facebook.com\/wirmachenauf","https:\/\/x.com\/WirMachenAuf_de"]},{"@type":"Person","@id":"https:\/\/now-news.de\/de\/#\/schema\/person\/fb534a4e865501d8b3285208df34a9b5","name":"rtnews","image":{"@type":"ImageObject","inLanguage":"de","@id":"https:\/\/now-news.de\/de\/#\/schema\/person\/image\/","url":"https:\/\/secure.gravatar.com\/avatar\/82aafea7d8127119dd649515f56e2117?s=96&d=mm&r=g","contentUrl":"https:\/\/secure.gravatar.com\/avatar\/82aafea7d8127119dd649515f56e2117?s=96&d=mm&r=g","caption":"rtnews"},"url":"https:\/\/now-news.de\/de\/author\/rnews\/"}]}},"_links":{"self":[{"href":"https:\/\/now-news.de\/de\/wp-json\/wp\/v2\/posts\/73741"}],"collection":[{"href":"https:\/\/now-news.de\/de\/wp-json\/wp\/v2\/posts"}],"about":[{"href":"https:\/\/now-news.de\/de\/wp-json\/wp\/v2\/types\/post"}],"author":[{"embeddable":true,"href":"https:\/\/now-news.de\/de\/wp-json\/wp\/v2\/users\/3"}],"replies":[{"embeddable":true,"href":"https:\/\/now-news.de\/de\/wp-json\/wp\/v2\/comments?post=73741"}],"version-history":[{"count":0,"href":"https:\/\/now-news.de\/de\/wp-json\/wp\/v2\/posts\/73741\/revisions"}],"wp:featuredmedia":[{"embeddable":true,"href":"https:\/\/now-news.de\/de\/wp-json\/wp\/v2\/media\/73742"}],"wp:attachment":[{"href":"https:\/\/now-news.de\/de\/wp-json\/wp\/v2\/media?parent=73741"}],"wp:term":[{"taxonomy":"category","embeddable":true,"href":"https:\/\/now-news.de\/de\/wp-json\/wp\/v2\/categories?post=73741"},{"taxonomy":"post_tag","embeddable":true,"href":"https:\/\/now-news.de\/de\/wp-json\/wp\/v2\/tags?post=73741"}],"curies":[{"name":"wp","href":"https:\/\/api.w.org\/{rel}","templated":true}]}}