{"id":73706,"date":"2024-12-03T07:30:00","date_gmt":"2024-12-03T05:30:00","guid":{"rendered":"https:\/\/now-news.de\/de\/deutschland\/habecks-kuechentisch-saga-folge-2-das-heisst-du-waehlst-ihn-immer-noch-nicht\/"},"modified":"2024-12-03T07:30:00","modified_gmt":"2024-12-03T05:30:00","slug":"habecks-kuechentisch-saga-folge-2-das-heisst-du-waehlst-ihn-immer-noch-nicht","status":"publish","type":"post","link":"https:\/\/now-news.de\/de\/deutschland\/habecks-kuechentisch-saga-folge-2-das-heisst-du-waehlst-ihn-immer-noch-nicht\/","title":{"rendered":"Habecks K\u00fcchentisch-Saga Folge 2: &quot;Das hei\u00dft, du w\u00e4hlst ihn immer noch nicht?&quot;"},"content":{"rendered":"<p><img decoding=\"async\" src=\"https:\/\/now-news.de\/de\/wp-content\/uploads\/sites\/3\/2024\/12\/674da313b480cc34eb62158f.jpg\" \/><\/p>\n<div class=\"Text-root Text-type_1 \">\n                Der Teil 2 der gecasteten Gespr\u00e4che am K\u00fcchentisch zeigt: F\u00fcr den ambitionierten Kanzlerkandidaten der Gr\u00fcnen hei\u00dft es mitgefangen, mitgehangen in der nervigen Marketingstrategie des sensiblen B\u00fcrgerfl\u00fcsterers. Schon jetzt bemerkt der Zuschauer: Irgendwie muss es ja weitergehen, also wurde halbherzig improvisiert.\n            <\/div>\n<p><\/p>\n<div class=\"Text-root Text-type_5 ArticleView-text ViewText-root \">\n<p><em>Von Bernhard Loyen<\/em><\/p>\n<p>Sehr ambitioniert, zu engagiert, ging Robert Habeck im ersten Teil an die Sache heran. Dies wurde von der teuren betreuenden Marketingagentur Jung von Matt anscheinend professionell erkannt und moniert. Also hie\u00df es f\u00fcr Teil 2 vom &#8220;Gespr\u00e4ch am K\u00fcchentisch: Andrea und Robert&#8221;, das gesamte Konzept wird versuchsweise mal eben um 180 Grad gedreht.<\/p>\n<p>Das erneut knapp 5-min\u00fctige Video startet wieder mit den &#8220;rein zuf\u00e4llig&#8221; ausgew\u00e4hlten notwendigen Hilfsprotagonisten, diesmal einem Ehepaar, der Mann hei\u00dft dabei rein zuf\u00e4llig auch Robert. Klein schaut er aus, der Kanzlerkandidat mit seinen 1,77 Metern, neben seinem diesmal dramaturgisch sehr engagiert wirkenden Gastgeber Robert Nummer 2. Dieser fragt gleich frech und forsch:<\/p>\n<p><em>&#8220;Wie sprechen wir miteinander? Also h\u00f6flich vermutlich, aber wie wollen wir uns ansprechen?&#8221;<\/em><\/p>\n<div class=\"EmbedBlock-root EmbedBlock-twitter\">\n<div class=\"TwitterEmbed\">\n<blockquote class=\"twitter-tweet lazyload\" data-twitter=\"twitter-tweet\">\n<p lang=\"de\" dir=\"ltr\">Am K\u00fcchentisch von Andrea und Robert ging es um ganz unterschiedliche Themen \u2013 so, wie das wohl bei den meisten von uns zu Hause ist. Einen Ausschnitt aus unserem Gespr\u00e4ch findet ihr hier: <a rel=\"nofollow noopener\" target=\"_blank\" href=\"https:\/\/t.co\/MiHItr3E9Y\">https:\/\/t.co\/MiHItr3E9Y<\/a><a rel=\"nofollow noopener\" target=\"_blank\" href=\"https:\/\/t.co\/75UNhv9i2W\">pic.twitter.com\/75UNhv9i2W<\/a><\/p>\n<p>\u2014 Robert Habeck (@roberthabeck) <a rel=\"nofollow noopener\" target=\"_blank\" href=\"https:\/\/twitter.com\/roberthabeck\/status\/1862526702137581889?ref_src=twsrc%5Etfw\">November 29, 2024<\/a><\/p><\/blockquote>\n<\/div>\n<\/div>\n<p>Nat\u00fcrlich auf Du und Du, soviel Gr\u00fcnen-Basisherzlichkeit muss geheuchelt werden. Die Ehefrau gibt dann einleitend zu Protokoll, ihr Eindruck vom Profipolitiker und Medien-Darling Habeck habe sich &#8220;best\u00e4tigt&#8221;. Der Mann fragt erneut keck zu Seite: &#8220;Dass hei\u00dft, du w\u00e4hlst ihn immer noch nicht?&#8221; Beim Gatten h\u00e4tte es sich auch best\u00e4tigt, das Bild, aber: &#8220;Kann schon sein, dass ich ihn w\u00e4hle.&#8221; Begeisterung sieht anders aus. Dar\u00fcber lernt der Zuschauer erst einmal, dass der Vize-Kanzler sapperlot auch mit m\u00f6glichen Habeck-Nichtverstehern konfrontiert wird.<\/p>\n<p>Die zuvor auserw\u00e4hlte, mehrheitlich rein zuh\u00f6rende Tischnachbarin flo\u00df n\u00e4mlich in Folge 1 vor Aufregung und Habeck-Hingabe zu offensichtlich dahin. Ein redaktioneller Fehler, der korrigiert werden musste.<\/p>\n<p>Auf &#8220;<em>Brigitte<\/em>-Illustrierte trifft <a rel=\"nofollow noopener\" target=\"_blank\" href=\"https:\/\/www.grueneerde.com\/?utm_source=google&amp;utm_medium=cpc&amp;utm_campaign=always-on_branded_search_de&amp;utm_term=gr%C3%BCne%20erde&amp;utm_id=110623317&amp;adgroupid=138912440373&amp;matchtype=e&amp;gad_source=1&amp;gclid=CjwKCAiA0rW6BhAcEiwAQH28IkjzNUkbFLPHnyJPOZEXNOo9igRdctlQCFJfaHojVxLeahWNSZJwVxoCj1oQAvD_BwE\">Gr\u00fcne Erde<\/a> Mitgliedsmagazin&#8221;-Niveau schreibt das Social-Media-Team zur j\u00fcngsten Folge sch\u00f6n oberfl\u00e4chlich gl\u00e4nzend:<\/p>\n<p><em>&#8220;Am K\u00fcchentisch von Andrea und Robert ging es um ganz unterschiedliche Themen \u2013 so, wie das wohl bei den meisten von uns zu Hause ist. Da waren pers\u00f6nliche Sorgen, wenn es um Kriminalit\u00e4t und die eigene Sicherheit geht, wirtschaftliche Fragen zu Einzelhandel und Logistik und das Nachdenken dar\u00fcber, wie sich das aktuelle gesellschaftliche Klima auch auf unsere Kinder auswirkt.&#8221;<\/em><\/p>\n<p>Beibehalten wurde die Einblendung: &#8220;Eine Stunde vorher&#8230;&#8221;, bedeutet, nach vorsichtigem Abtasten, erstem Warmreden, m\u00f6glichen Unterbrechungen und Abschiedseinleitung bleiben realistisch 30 Minuten Plauderei. Ausreichend Zeit f\u00fcr ein &#8220;ehrliches Gespr\u00e4ch&#8221; auf Augenh\u00f6he zwischen B\u00fcrger und Spitzenpolitiker, oder doch eher ein leicht durchschaubares, teures und berechenbares Wahlkampf-Marketingtool? Nat\u00fcrlich Zweitgenanntes oder, wie Habeck zu Beginn einschleimend unglaubw\u00fcrdig formulierte: &#8220;Also, f\u00fcr mich eine Ehre, danke dass ihr geschrieben habt.&#8221;<\/p>\n<p>Zweite offensichtliche Neuerung: Der Meister aller Klassen und Kanzlerkandidat erkl\u00e4rt den Gastgebern nicht die Welt, sondern er ist diesmal mehr ein konzentrierter, ehrlich interessierter Zuh\u00f6rer. Die Lebenstipps und politischen Erkl\u00e4rungen erfolgen dabei nicht erwartbar gemeinsam vor der Kamera, sondern\u00a0\u2013 jetzt neu redaktionell erdacht\u00a0\u2013 separat, jeweils nach dem Gespr\u00e4ch und Abschied aufgezeichnet. Habeck steht daf\u00fcr im abgesperrten Hausflur an einer Treppe.<\/p>\n<p>Der soweit subjektiv spannenste Moment erfolgte nach einer Erkl\u00e4rung der Gastgeberin, aufgezeichnet aus der Parallelwelt einer irritierten Mitb\u00fcrgerin:<\/p>\n<p><em>&#8220;Was wirklich f\u00fcr mich unverst\u00e4ndlich ist, wie diese Gewaltkriminalit\u00e4t so ansteigen kann, in den letzten Jahren, und es wird ja immer mehr. Also es wird ja nicht besser und ich hab&#8217; nicht das Gef\u00fchl, dass da wirklich gegengearbeitet wird?&#8221;<\/em><\/p>\n<p>Sie pers\u00f6nlich w\u00fcrde sich dabei &#8220;nicht f\u00fchlen&#8221;, als ob sie &#8220;ihre Feiheit aufgeben w\u00fcrde&#8221;, sollten seitens der Politik &#8220;mehr Kameras installiert werden.&#8221; Sie habe aber die unsicher vorgetragene &#8220;Hoffnung, dass das mehr abschreckt.&#8221; Da nickt Herr Habeck wohlwollend und dankt f\u00fcr den Spielball, und vor allem daf\u00fcr, dass vollkommen unbeabsichtigt, vielleicht abgesprochen, die &#8220;rechten&#8221; Begriffe &#8220;Fl\u00fcchtlingskrise&#8221;, Migrationsprobleme&#8221;, &#8220;Ausl\u00e4ndergewalt und -kriminalit\u00e4t&#8221; sowie die Realit\u00e4t von steigender Armut und Elend auf der Stra\u00dfe nicht mit einbezogen wurden.<\/p>\n<p>Robert, der Erste, nickt mehrfach wohlwollend und einf\u00fchlsam, um dann im Hausflur sp\u00e4ter gewohnt stammelnd zu erkl\u00e4ren:<\/p>\n<p><em>&#8220;Und ich verstehe das [es folgt offensichtlich ein Schnitt im Video], dass Polizisten auf der Stra\u00dfe erstens wirklich sch\u00fctzen und zweitens Menschen das Sicherheitsgef\u00fchl geben; und an jedenfalls Pl\u00e4tzen, wo Kriminalit\u00e4tsdelikte hoch sind, Video\u00fcberwachungen helfen, den Menschen ein Sicherheitsgef\u00fchl zu geben oder die Taten zu verhindern oder aufzukl\u00e4ren.&#8221;<\/em><\/p>\n<p>Im gleichen Atemzug kl\u00e4rt er die Zuschauer dann noch auf, die Stichpunkte des Spickzettels an der Kamera abarbeitend, dass er mit Robert und Andrea auch noch \u00fcber &#8220;die allgemeine politische Lage&#8221;, den &#8220;Populismus&#8221; im Lande und nat\u00fcrlich \u00fcber die b\u00f6sen &#8220;Parteien&#8221; geplaudert habe, die sich laut dem Vize-Kanzler &#8220;von dem, was wir als normalen demokratischen Diskurs begreifen, immer st\u00e4rker entfernen.&#8221;<\/p>\n<p>Nein, rot wurde er dabei nat\u00fcrlich nicht, ebenso wenig wie im Sommer 2021, als er sehr genau den B\u00fcrgern im <em>ZDF<\/em> erkl\u00e4rte, wie seine Vorstellung von verbrieften Grundrechten in der &#8220;Impfdiskussion&#8221; etwas modifiziert, dabei restriktiv einschr\u00e4nkend auszusehen haben:<\/p>\n<div class=\"EmbedBlock-root EmbedBlock-twitter\">\n<div class=\"TwitterEmbed\">\n<blockquote class=\"twitter-tweet lazyload\" data-twitter=\"twitter-tweet\" data-media-max-width=\"560\">\n<p lang=\"de\" dir=\"ltr\">Auch in Hospize durften Besucher nur geimpft hinein, wie Robert Habeck in seinem Sommerinterview positiv herausstellte. Selbst Todgeweihte wurden so vermeintlich zwangsgesch\u00fctzt und mussten allein sterben.\u00dcber 300.000 Menschen in Deutschland ging es so! <a rel=\"nofollow noopener\" target=\"_blank\" href=\"https:\/\/t.co\/HUgjQOmZEv\">pic.twitter.com\/HUgjQOmZEv<\/a><\/p>\n<p>\u2014 Mrs M \ud83d\udd4a\ufe0f (@MrsMertes) <a rel=\"nofollow noopener\" target=\"_blank\" href=\"https:\/\/twitter.com\/MrsMertes\/status\/1795537399805845656?ref_src=twsrc%5Etfw\">May 28, 2024<\/a><\/p><\/blockquote>\n<\/div>\n<\/div>\n<p>F\u00fcr Robert und Andreas war es laut dem Videoende\u00a0angeblich &#8220;ein sch\u00f6nes Gespr\u00e4ch&#8221;. Was ihnen in Erinnerung bleibt? &#8220;Er hat nichts gegessen&#8221;, der termingestresste Kanzlerkandidat der Gr\u00fcnen. Da lachen alle und schon sind die Sorgen vor &#8220;dieser Gewaltkriminalit\u00e4t&#8221; f\u00fcr einen Moment einfach weg, vergessen und verdr\u00e4ngt.<\/p>\n<p>Toll, was so ein geerdetes K\u00fcchengespr\u00e4ch alles bewirken kann \u2013 Ironie off.<\/p>\n<p><strong>Mehr zum Thema &#8211;<\/strong>\u00a0<a rel=\"nofollow noopener\" target=\"_blank\" href=\"https:\/\/freedert.online\/inland\/227011-es-geht-nicht-um-mich-habecks-einschaetzung-zum-aus-der-ampel\/\">&#8220;Es geht nicht um mich&#8221; \u2013 Habecks Einsch\u00e4tzungen zum Aus der Ampel <\/a><\/p>\n<div class=\"EmbedBlock-root EmbedBlock-externalVideo EmbedBlock-rumble\">\n<div class=\"VkEmbed\"><iframe class=\"lazyload\" data-src=\"https:\/\/rumble.com\/embed\/v5sxrzw\" frameborder=\"0\" width=\"853\" height=\"480\" allowfullscreen><\/iframe><\/div>\n<\/div>\n<\/div>\n<p><script async src=\"https:\/\/platform.twitter.com\/widgets.js\" charset=\"utf-8\"><\/script><br \/>\n<br \/><br \/>\n<br \/><a href=\"https:\/\/de.rt.com\/meinung\/228009-habecks-kuechentisch-saga-folge-2\/\">Source link <\/a><\/p>\n","protected":false},"excerpt":{"rendered":"<p>Der Teil 2 der gecasteten Gespr\u00e4che am K\u00fcchentisch zeigt: F\u00fcr den ambitionierten Kanzlerkandidaten der Gr\u00fcnen hei\u00dft es mitgefangen, mitgehangen in der nervigen Marketingstrategie des sensiblen B\u00fcrgerfl\u00fcsterers. Schon jetzt bemerkt der Zuschauer: Irgendwie muss es ja weitergehen, also wurde halbherzig improvisiert. Von Bernhard Loyen Sehr ambitioniert, zu engagiert, ging Robert Habeck im ersten Teil an die [&hellip;]<\/p>\n","protected":false},"author":3,"featured_media":73707,"comment_status":"open","ping_status":"open","sticky":false,"template":"","format":"standard","meta":{"_yoast_indexnow_last_ping":["1733204054"],"wp_automatic_camp":["217"],"2043e1716e4482c3d2afc69343bdc174":["Habecks K\u00fcchentisch-Saga Folge 2: &quot;Das hei\u00dft, du w\u00e4hlst ihn immer noch nicht?&quot;"],"original_link":["https:\/\/de.rt.com\/meinung\/228009-habecks-kuechentisch-saga-folge-2\/"],"_thumbnail_id":["73707"],"_wptgpro_p2tg_sent2tg":["a:1:{i:23737;s:19:\"2024-12-03 07:35:29\";}"],"jnews_social_counter_last_update":["1777386797"]},"categories":[19,23],"tags":[4959,27726,28412,6582,2062,60532,19434,1674,4209,60731],"yoast_head":"<!-- This site is optimized with the Yoast SEO Premium plugin v22.7 (Yoast SEO v22.7) - https:\/\/yoast.com\/wordpress\/plugins\/seo\/ -->\n<title>Habecks K\u00fcchentisch-Saga Folge 2: &quot;Das hei\u00dft, du w\u00e4hlst ihn immer noch nicht?&quot; - just-now.NEWS Deutschland<\/title>\n<meta name=\"robots\" content=\"index, follow, max-snippet:-1, max-image-preview:large, max-video-preview:-1\" \/>\n<link rel=\"canonical\" href=\"https:\/\/now-news.de\/de\/deutschland\/habecks-kuechentisch-saga-folge-2-das-heisst-du-waehlst-ihn-immer-noch-nicht\/\" \/>\n<meta property=\"og:locale\" content=\"de_DE\" \/>\n<meta property=\"og:type\" content=\"article\" \/>\n<meta property=\"og:title\" content=\"Habecks K\u00fcchentisch-Saga Folge 2: &quot;Das hei\u00dft, du w\u00e4hlst ihn immer noch nicht?&quot;\" \/>\n<meta property=\"og:description\" content=\"Der Teil 2 der gecasteten Gespr\u00e4che am K\u00fcchentisch zeigt: F\u00fcr den ambitionierten Kanzlerkandidaten der Gr\u00fcnen hei\u00dft es mitgefangen, mitgehangen in der nervigen Marketingstrategie des sensiblen B\u00fcrgerfl\u00fcsterers. Schon jetzt bemerkt der Zuschauer: Irgendwie muss es ja weitergehen, also wurde halbherzig improvisiert. Von Bernhard Loyen Sehr ambitioniert, zu engagiert, ging Robert Habeck im ersten Teil an die [&hellip;]\" \/>\n<meta property=\"og:url\" content=\"https:\/\/now-news.de\/de\/deutschland\/habecks-kuechentisch-saga-folge-2-das-heisst-du-waehlst-ihn-immer-noch-nicht\/\" \/>\n<meta property=\"og:site_name\" content=\"just-now.NEWS Deutschland\" \/>\n<meta property=\"article:publisher\" content=\"https:\/\/www.facebook.com\/wirmachenauf\" \/>\n<meta property=\"article:published_time\" content=\"2024-12-03T05:30:00+00:00\" \/>\n<meta property=\"og:image\" content=\"https:\/\/now-news.de\/de\/wp-content\/uploads\/sites\/3\/2024\/12\/674da313b480cc34eb62158f.jpg\" \/>\n<meta name=\"author\" content=\"rtnews\" \/>\n<meta name=\"twitter:card\" content=\"summary_large_image\" \/>\n<meta name=\"twitter:creator\" content=\"@WirMachenAuf_de\" \/>\n<meta name=\"twitter:site\" content=\"@WirMachenAuf_de\" \/>\n<meta name=\"twitter:label1\" content=\"Verfasst von\" \/>\n\t<meta name=\"twitter:data1\" content=\"rtnews\" \/>\n\t<meta name=\"twitter:label2\" content=\"Gesch\u00e4tzte Lesezeit\" \/>\n\t<meta name=\"twitter:data2\" content=\"5\u00a0Minuten\" \/>\n<script type=\"application\/ld+json\" class=\"yoast-schema-graph\">{\"@context\":\"https:\/\/schema.org\",\"@graph\":[{\"@type\":\"Article\",\"@id\":\"https:\/\/now-news.de\/de\/deutschland\/habecks-kuechentisch-saga-folge-2-das-heisst-du-waehlst-ihn-immer-noch-nicht\/#article\",\"isPartOf\":{\"@id\":\"https:\/\/now-news.de\/de\/deutschland\/habecks-kuechentisch-saga-folge-2-das-heisst-du-waehlst-ihn-immer-noch-nicht\/\"},\"author\":{\"name\":\"rtnews\",\"@id\":\"https:\/\/now-news.de\/de\/#\/schema\/person\/fb534a4e865501d8b3285208df34a9b5\"},\"headline\":\"Habecks K\u00fcchentisch-Saga Folge 2: &quot;Das hei\u00dft, du w\u00e4hlst ihn immer noch nicht?&quot;\",\"datePublished\":\"2024-12-03T05:30:00+00:00\",\"dateModified\":\"2024-12-03T05:30:00+00:00\",\"mainEntityOfPage\":{\"@id\":\"https:\/\/now-news.de\/de\/deutschland\/habecks-kuechentisch-saga-folge-2-das-heisst-du-waehlst-ihn-immer-noch-nicht\/\"},\"wordCount\":1031,\"commentCount\":0,\"publisher\":{\"@id\":\"https:\/\/now-news.de\/de\/#organization\"},\"image\":{\"@id\":\"https:\/\/now-news.de\/de\/deutschland\/habecks-kuechentisch-saga-folge-2-das-heisst-du-waehlst-ihn-immer-noch-nicht\/#primaryimage\"},\"thumbnailUrl\":\"https:\/\/now-news.de\/de\/wp-content\/uploads\/sites\/3\/2024\/12\/Habecks-Kuechentisch-Saga-Folge-2-quotDas-heisst-du-waehlst-ihn-immer.jpg\",\"keywords\":[\"Folge\",\"Habecks\",\"hei\u00dft\",\"ihn\",\"Immer\",\"K\u00fcchentischSaga\",\"nichtquot\",\"noch\",\"quotDas\",\"w\u00e4hlst\"],\"articleSection\":[\"Deutschland\",\"Russland\"],\"inLanguage\":\"de\",\"potentialAction\":[{\"@type\":\"CommentAction\",\"name\":\"Comment\",\"target\":[\"https:\/\/now-news.de\/de\/deutschland\/habecks-kuechentisch-saga-folge-2-das-heisst-du-waehlst-ihn-immer-noch-nicht\/#respond\"]}]},{\"@type\":\"WebPage\",\"@id\":\"https:\/\/now-news.de\/de\/deutschland\/habecks-kuechentisch-saga-folge-2-das-heisst-du-waehlst-ihn-immer-noch-nicht\/\",\"url\":\"https:\/\/now-news.de\/de\/deutschland\/habecks-kuechentisch-saga-folge-2-das-heisst-du-waehlst-ihn-immer-noch-nicht\/\",\"name\":\"Habecks K\u00fcchentisch-Saga Folge 2: &quot;Das hei\u00dft, du w\u00e4hlst ihn immer noch nicht?&quot; - just-now.NEWS Deutschland\",\"isPartOf\":{\"@id\":\"https:\/\/now-news.de\/de\/#website\"},\"primaryImageOfPage\":{\"@id\":\"https:\/\/now-news.de\/de\/deutschland\/habecks-kuechentisch-saga-folge-2-das-heisst-du-waehlst-ihn-immer-noch-nicht\/#primaryimage\"},\"image\":{\"@id\":\"https:\/\/now-news.de\/de\/deutschland\/habecks-kuechentisch-saga-folge-2-das-heisst-du-waehlst-ihn-immer-noch-nicht\/#primaryimage\"},\"thumbnailUrl\":\"https:\/\/now-news.de\/de\/wp-content\/uploads\/sites\/3\/2024\/12\/Habecks-Kuechentisch-Saga-Folge-2-quotDas-heisst-du-waehlst-ihn-immer.jpg\",\"datePublished\":\"2024-12-03T05:30:00+00:00\",\"dateModified\":\"2024-12-03T05:30:00+00:00\",\"breadcrumb\":{\"@id\":\"https:\/\/now-news.de\/de\/deutschland\/habecks-kuechentisch-saga-folge-2-das-heisst-du-waehlst-ihn-immer-noch-nicht\/#breadcrumb\"},\"inLanguage\":\"de\",\"potentialAction\":[{\"@type\":\"ReadAction\",\"target\":[\"https:\/\/now-news.de\/de\/deutschland\/habecks-kuechentisch-saga-folge-2-das-heisst-du-waehlst-ihn-immer-noch-nicht\/\"]}]},{\"@type\":\"ImageObject\",\"inLanguage\":\"de\",\"@id\":\"https:\/\/now-news.de\/de\/deutschland\/habecks-kuechentisch-saga-folge-2-das-heisst-du-waehlst-ihn-immer-noch-nicht\/#primaryimage\",\"url\":\"https:\/\/now-news.de\/de\/wp-content\/uploads\/sites\/3\/2024\/12\/Habecks-Kuechentisch-Saga-Folge-2-quotDas-heisst-du-waehlst-ihn-immer.jpg\",\"contentUrl\":\"https:\/\/now-news.de\/de\/wp-content\/uploads\/sites\/3\/2024\/12\/Habecks-Kuechentisch-Saga-Folge-2-quotDas-heisst-du-waehlst-ihn-immer.jpg\",\"width\":460,\"height\":259,\"caption\":\"Habecks K\u00fcchentisch-Saga Folge 2: &quot;Das hei\u00dft, du w\u00e4hlst ihn immer noch nicht?&quot;\"},{\"@type\":\"BreadcrumbList\",\"@id\":\"https:\/\/now-news.de\/de\/deutschland\/habecks-kuechentisch-saga-folge-2-das-heisst-du-waehlst-ihn-immer-noch-nicht\/#breadcrumb\",\"itemListElement\":[{\"@type\":\"ListItem\",\"position\":1,\"name\":\"Home\",\"item\":\"https:\/\/now-news.de\/de\/\"},{\"@type\":\"ListItem\",\"position\":2,\"name\":\"Habecks K\u00fcchentisch-Saga Folge 2: &quot;Das hei\u00dft, du w\u00e4hlst ihn immer noch nicht?&quot;\"}]},{\"@type\":\"WebSite\",\"@id\":\"https:\/\/now-news.de\/de\/#website\",\"url\":\"https:\/\/now-news.de\/de\/\",\"name\":\"just-now.NEWS Deutschland\",\"description\":\"Das Portal f\u00fcr unzensierte Nachrichten aus der Welt\",\"publisher\":{\"@id\":\"https:\/\/now-news.de\/de\/#organization\"},\"potentialAction\":[{\"@type\":\"SearchAction\",\"target\":{\"@type\":\"EntryPoint\",\"urlTemplate\":\"https:\/\/now-news.de\/de\/?s={search_term_string}\"},\"query-input\":\"required name=search_term_string\"}],\"inLanguage\":\"de\"},{\"@type\":\"Organization\",\"@id\":\"https:\/\/now-news.de\/de\/#organization\",\"name\":\"Just Now News\",\"url\":\"https:\/\/now-news.de\/de\/\",\"logo\":{\"@type\":\"ImageObject\",\"inLanguage\":\"de\",\"@id\":\"https:\/\/now-news.de\/de\/#\/schema\/logo\/image\/\",\"url\":\"http:\/\/just-now.news\/de\/wp-content\/uploads\/sites\/3\/2022\/04\/logo500x500.jpg\",\"contentUrl\":\"http:\/\/just-now.news\/de\/wp-content\/uploads\/sites\/3\/2022\/04\/logo500x500.jpg\",\"width\":500,\"height\":500,\"caption\":\"Just Now News\"},\"image\":{\"@id\":\"https:\/\/now-news.de\/de\/#\/schema\/logo\/image\/\"},\"sameAs\":[\"https:\/\/www.facebook.com\/wirmachenauf\",\"https:\/\/x.com\/WirMachenAuf_de\"]},{\"@type\":\"Person\",\"@id\":\"https:\/\/now-news.de\/de\/#\/schema\/person\/fb534a4e865501d8b3285208df34a9b5\",\"name\":\"rtnews\",\"image\":{\"@type\":\"ImageObject\",\"inLanguage\":\"de\",\"@id\":\"https:\/\/now-news.de\/de\/#\/schema\/person\/image\/\",\"url\":\"https:\/\/secure.gravatar.com\/avatar\/82aafea7d8127119dd649515f56e2117?s=96&d=mm&r=g\",\"contentUrl\":\"https:\/\/secure.gravatar.com\/avatar\/82aafea7d8127119dd649515f56e2117?s=96&d=mm&r=g\",\"caption\":\"rtnews\"},\"url\":\"https:\/\/now-news.de\/de\/author\/rnews\/\"}]}<\/script>\n<!-- \/ Yoast SEO Premium plugin. -->","yoast_head_json":{"title":"Habecks K\u00fcchentisch-Saga Folge 2: &quot;Das hei\u00dft, du w\u00e4hlst ihn immer noch nicht?&quot; - just-now.NEWS Deutschland","robots":{"index":"index","follow":"follow","max-snippet":"max-snippet:-1","max-image-preview":"max-image-preview:large","max-video-preview":"max-video-preview:-1"},"canonical":"https:\/\/now-news.de\/de\/deutschland\/habecks-kuechentisch-saga-folge-2-das-heisst-du-waehlst-ihn-immer-noch-nicht\/","og_locale":"de_DE","og_type":"article","og_title":"Habecks K\u00fcchentisch-Saga Folge 2: &quot;Das hei\u00dft, du w\u00e4hlst ihn immer noch nicht?&quot;","og_description":"Der Teil 2 der gecasteten Gespr\u00e4che am K\u00fcchentisch zeigt: F\u00fcr den ambitionierten Kanzlerkandidaten der Gr\u00fcnen hei\u00dft es mitgefangen, mitgehangen in der nervigen Marketingstrategie des sensiblen B\u00fcrgerfl\u00fcsterers. Schon jetzt bemerkt der Zuschauer: Irgendwie muss es ja weitergehen, also wurde halbherzig improvisiert. Von Bernhard Loyen Sehr ambitioniert, zu engagiert, ging Robert Habeck im ersten Teil an die [&hellip;]","og_url":"https:\/\/now-news.de\/de\/deutschland\/habecks-kuechentisch-saga-folge-2-das-heisst-du-waehlst-ihn-immer-noch-nicht\/","og_site_name":"just-now.NEWS Deutschland","article_publisher":"https:\/\/www.facebook.com\/wirmachenauf","article_published_time":"2024-12-03T05:30:00+00:00","og_image":[{"url":"https:\/\/now-news.de\/de\/wp-content\/uploads\/sites\/3\/2024\/12\/674da313b480cc34eb62158f.jpg"}],"author":"rtnews","twitter_card":"summary_large_image","twitter_creator":"@WirMachenAuf_de","twitter_site":"@WirMachenAuf_de","twitter_misc":{"Verfasst von":"rtnews","Gesch\u00e4tzte Lesezeit":"5\u00a0Minuten"},"schema":{"@context":"https:\/\/schema.org","@graph":[{"@type":"Article","@id":"https:\/\/now-news.de\/de\/deutschland\/habecks-kuechentisch-saga-folge-2-das-heisst-du-waehlst-ihn-immer-noch-nicht\/#article","isPartOf":{"@id":"https:\/\/now-news.de\/de\/deutschland\/habecks-kuechentisch-saga-folge-2-das-heisst-du-waehlst-ihn-immer-noch-nicht\/"},"author":{"name":"rtnews","@id":"https:\/\/now-news.de\/de\/#\/schema\/person\/fb534a4e865501d8b3285208df34a9b5"},"headline":"Habecks K\u00fcchentisch-Saga Folge 2: &quot;Das hei\u00dft, du w\u00e4hlst ihn immer noch nicht?&quot;","datePublished":"2024-12-03T05:30:00+00:00","dateModified":"2024-12-03T05:30:00+00:00","mainEntityOfPage":{"@id":"https:\/\/now-news.de\/de\/deutschland\/habecks-kuechentisch-saga-folge-2-das-heisst-du-waehlst-ihn-immer-noch-nicht\/"},"wordCount":1031,"commentCount":0,"publisher":{"@id":"https:\/\/now-news.de\/de\/#organization"},"image":{"@id":"https:\/\/now-news.de\/de\/deutschland\/habecks-kuechentisch-saga-folge-2-das-heisst-du-waehlst-ihn-immer-noch-nicht\/#primaryimage"},"thumbnailUrl":"https:\/\/now-news.de\/de\/wp-content\/uploads\/sites\/3\/2024\/12\/Habecks-Kuechentisch-Saga-Folge-2-quotDas-heisst-du-waehlst-ihn-immer.jpg","keywords":["Folge","Habecks","hei\u00dft","ihn","Immer","K\u00fcchentischSaga","nichtquot","noch","quotDas","w\u00e4hlst"],"articleSection":["Deutschland","Russland"],"inLanguage":"de","potentialAction":[{"@type":"CommentAction","name":"Comment","target":["https:\/\/now-news.de\/de\/deutschland\/habecks-kuechentisch-saga-folge-2-das-heisst-du-waehlst-ihn-immer-noch-nicht\/#respond"]}]},{"@type":"WebPage","@id":"https:\/\/now-news.de\/de\/deutschland\/habecks-kuechentisch-saga-folge-2-das-heisst-du-waehlst-ihn-immer-noch-nicht\/","url":"https:\/\/now-news.de\/de\/deutschland\/habecks-kuechentisch-saga-folge-2-das-heisst-du-waehlst-ihn-immer-noch-nicht\/","name":"Habecks K\u00fcchentisch-Saga Folge 2: &quot;Das hei\u00dft, du w\u00e4hlst ihn immer noch nicht?&quot; - just-now.NEWS Deutschland","isPartOf":{"@id":"https:\/\/now-news.de\/de\/#website"},"primaryImageOfPage":{"@id":"https:\/\/now-news.de\/de\/deutschland\/habecks-kuechentisch-saga-folge-2-das-heisst-du-waehlst-ihn-immer-noch-nicht\/#primaryimage"},"image":{"@id":"https:\/\/now-news.de\/de\/deutschland\/habecks-kuechentisch-saga-folge-2-das-heisst-du-waehlst-ihn-immer-noch-nicht\/#primaryimage"},"thumbnailUrl":"https:\/\/now-news.de\/de\/wp-content\/uploads\/sites\/3\/2024\/12\/Habecks-Kuechentisch-Saga-Folge-2-quotDas-heisst-du-waehlst-ihn-immer.jpg","datePublished":"2024-12-03T05:30:00+00:00","dateModified":"2024-12-03T05:30:00+00:00","breadcrumb":{"@id":"https:\/\/now-news.de\/de\/deutschland\/habecks-kuechentisch-saga-folge-2-das-heisst-du-waehlst-ihn-immer-noch-nicht\/#breadcrumb"},"inLanguage":"de","potentialAction":[{"@type":"ReadAction","target":["https:\/\/now-news.de\/de\/deutschland\/habecks-kuechentisch-saga-folge-2-das-heisst-du-waehlst-ihn-immer-noch-nicht\/"]}]},{"@type":"ImageObject","inLanguage":"de","@id":"https:\/\/now-news.de\/de\/deutschland\/habecks-kuechentisch-saga-folge-2-das-heisst-du-waehlst-ihn-immer-noch-nicht\/#primaryimage","url":"https:\/\/now-news.de\/de\/wp-content\/uploads\/sites\/3\/2024\/12\/Habecks-Kuechentisch-Saga-Folge-2-quotDas-heisst-du-waehlst-ihn-immer.jpg","contentUrl":"https:\/\/now-news.de\/de\/wp-content\/uploads\/sites\/3\/2024\/12\/Habecks-Kuechentisch-Saga-Folge-2-quotDas-heisst-du-waehlst-ihn-immer.jpg","width":460,"height":259,"caption":"Habecks K\u00fcchentisch-Saga Folge 2: &quot;Das hei\u00dft, du w\u00e4hlst ihn immer noch nicht?&quot;"},{"@type":"BreadcrumbList","@id":"https:\/\/now-news.de\/de\/deutschland\/habecks-kuechentisch-saga-folge-2-das-heisst-du-waehlst-ihn-immer-noch-nicht\/#breadcrumb","itemListElement":[{"@type":"ListItem","position":1,"name":"Home","item":"https:\/\/now-news.de\/de\/"},{"@type":"ListItem","position":2,"name":"Habecks K\u00fcchentisch-Saga Folge 2: &quot;Das hei\u00dft, du w\u00e4hlst ihn immer noch nicht?&quot;"}]},{"@type":"WebSite","@id":"https:\/\/now-news.de\/de\/#website","url":"https:\/\/now-news.de\/de\/","name":"just-now.NEWS Deutschland","description":"Das Portal f\u00fcr unzensierte Nachrichten aus der Welt","publisher":{"@id":"https:\/\/now-news.de\/de\/#organization"},"potentialAction":[{"@type":"SearchAction","target":{"@type":"EntryPoint","urlTemplate":"https:\/\/now-news.de\/de\/?s={search_term_string}"},"query-input":"required name=search_term_string"}],"inLanguage":"de"},{"@type":"Organization","@id":"https:\/\/now-news.de\/de\/#organization","name":"Just Now News","url":"https:\/\/now-news.de\/de\/","logo":{"@type":"ImageObject","inLanguage":"de","@id":"https:\/\/now-news.de\/de\/#\/schema\/logo\/image\/","url":"http:\/\/just-now.news\/de\/wp-content\/uploads\/sites\/3\/2022\/04\/logo500x500.jpg","contentUrl":"http:\/\/just-now.news\/de\/wp-content\/uploads\/sites\/3\/2022\/04\/logo500x500.jpg","width":500,"height":500,"caption":"Just Now News"},"image":{"@id":"https:\/\/now-news.de\/de\/#\/schema\/logo\/image\/"},"sameAs":["https:\/\/www.facebook.com\/wirmachenauf","https:\/\/x.com\/WirMachenAuf_de"]},{"@type":"Person","@id":"https:\/\/now-news.de\/de\/#\/schema\/person\/fb534a4e865501d8b3285208df34a9b5","name":"rtnews","image":{"@type":"ImageObject","inLanguage":"de","@id":"https:\/\/now-news.de\/de\/#\/schema\/person\/image\/","url":"https:\/\/secure.gravatar.com\/avatar\/82aafea7d8127119dd649515f56e2117?s=96&d=mm&r=g","contentUrl":"https:\/\/secure.gravatar.com\/avatar\/82aafea7d8127119dd649515f56e2117?s=96&d=mm&r=g","caption":"rtnews"},"url":"https:\/\/now-news.de\/de\/author\/rnews\/"}]}},"_links":{"self":[{"href":"https:\/\/now-news.de\/de\/wp-json\/wp\/v2\/posts\/73706"}],"collection":[{"href":"https:\/\/now-news.de\/de\/wp-json\/wp\/v2\/posts"}],"about":[{"href":"https:\/\/now-news.de\/de\/wp-json\/wp\/v2\/types\/post"}],"author":[{"embeddable":true,"href":"https:\/\/now-news.de\/de\/wp-json\/wp\/v2\/users\/3"}],"replies":[{"embeddable":true,"href":"https:\/\/now-news.de\/de\/wp-json\/wp\/v2\/comments?post=73706"}],"version-history":[{"count":0,"href":"https:\/\/now-news.de\/de\/wp-json\/wp\/v2\/posts\/73706\/revisions"}],"wp:featuredmedia":[{"embeddable":true,"href":"https:\/\/now-news.de\/de\/wp-json\/wp\/v2\/media\/73707"}],"wp:attachment":[{"href":"https:\/\/now-news.de\/de\/wp-json\/wp\/v2\/media?parent=73706"}],"wp:term":[{"taxonomy":"category","embeddable":true,"href":"https:\/\/now-news.de\/de\/wp-json\/wp\/v2\/categories?post=73706"},{"taxonomy":"post_tag","embeddable":true,"href":"https:\/\/now-news.de\/de\/wp-json\/wp\/v2\/tags?post=73706"}],"curies":[{"name":"wp","href":"https:\/\/api.w.org\/{rel}","templated":true}]}}