{"id":73672,"date":"2024-12-02T14:30:34","date_gmt":"2024-12-02T12:30:34","guid":{"rendered":"https:\/\/now-news.de\/de\/deutschland\/trump-vor-der-tuer-selenskij-gibt-sich-immer-geschmeidiger\/"},"modified":"2024-12-02T14:30:34","modified_gmt":"2024-12-02T12:30:34","slug":"trump-vor-der-tuer-selenskij-gibt-sich-immer-geschmeidiger","status":"publish","type":"post","link":"https:\/\/now-news.de\/de\/deutschland\/trump-vor-der-tuer-selenskij-gibt-sich-immer-geschmeidiger\/","title":{"rendered":"Trump vor der T\u00fcr: Selenskij gibt sich immer geschmeidiger"},"content":{"rendered":"<p><img decoding=\"async\" src=\"https:\/\/now-news.de\/de\/wp-content\/uploads\/sites\/3\/2024\/12\/674da8da48fbef492e68594e.jpg\" \/><\/p>\n<div class=\"Text-root Text-type_1 \">\n                Je n\u00e4her die Amtseinf\u00fchrung von Donald Trumps r\u00fcckt, desto mehr ist Wladimir Selenskij gezwungen, sich auf \u00c4nderungen in Washingtons Au\u00dfenpolitik gefasst zu machen. Er muss Bereitschaft zeigen, verschiedene Optionen f\u00fcr das Ende des Krieges in Betracht zu ziehen.\n            <\/div>\n<p><\/p>\n<div class=\"Text-root Text-type_5 ArticleView-text ViewText-root \">\n<p>Der designierte US-Pr\u00e4sident Donald Trump wird in zwei Monaten sein Amt antreten und besch\u00e4ftigt sich aktiv mit der Zusammenstellung seiner Regierung. Obwohl der US-Senat Trumps Nominierungen f\u00fcr die k\u00fcnftige US-Regierung noch best\u00e4tigen muss, bevor diese ihre Arbeit aufnehmen k\u00f6nnen, beeinflussen Trumps Entscheidungen bereits jetzt die Weltpolitik.<\/p>\n<p>Vergangene Woche nominierte Trump den pensionierten Armeegeneral Keith Kellogg als Sondergesandten f\u00fcr die Ukraine und Russland. Kelloggs Kandidatur f\u00fcr diesen Posten habe die ukrainische F\u00fchrung bis zu einem gewissen Grad beruhigt, <a rel=\"nofollow noopener\" target=\"_blank\" href=\"https:\/\/www.politico.eu\/article\/ukraine-president-volodymyr-zelenskyy-diplomatic-play-donald-trump\/\">schreibt<\/a> die Zeitschrift <em>Politico<\/em>. Denn Kellogg hat \u00f6ffentlich bef\u00fcrwortet, dass jede Initiative f\u00fcr die Beendigung des Ukraine-Krieges Sicherheitsgarantien f\u00fcr die Ukraine umfassen m\u00fcsse, um einen dauerhaften Frieden sicherzustellen und eine weitere Invasion durch Russland zu verhindern.<\/p>\n<p>Au\u00dferdem unterst\u00fctzte Kellogg die Entscheidung des scheidenden US-Pr\u00e4sidenten Joe Biden, Kiew den Einsatz von US-Langstreckenraketen zu genehmigen, um Ziele auf russischem Staatsgebiet anzugreifen. Laut Kellogg habe dies Trump &#8220;mehr Druckmittel gegeben&#8221;.<\/p>\n<p>Im Gegensatz zu Kellogg haben mehrere von Trumps Anh\u00e4ngern Bidens Entscheidung scharf kritisiert. Richard Grenell, der in Trumps erster Amtszeit stellvertretender Direktor des Inlandsgeheimdienstes war, <a rel=\"nofollow noopener\" target=\"_blank\" href=\"https:\/\/x.com\/RichardGrenell\/status\/1858254082026430742\">schrieb<\/a> auf X: &#8220;Niemand hat damit gerechnet, dass Joe Biden den Krieg in der Ukraine w\u00e4hrend dem \u00dcbergang der Amtsgesch\u00e4fte eskalieren w\u00fcrde. Das ist so, als ob er einen ganz neuen Krieg anzetteln w\u00fcrde.&#8221; Donald Trumps \u00e4ltester Sohn, Donald Trump Jr., beschuldigte Biden, dass\u00a0er den Dritten Weltkrieg ausl\u00f6sen wolle, bevor sein Vater &#8220;die Chance hat, Frieden zu schaffen und Leben zu retten&#8221;. In dieser Hinsicht weist <em>Politico<\/em> darauf hin, dass Kellogg der Mann sei, mit dem der ukrainische Pr\u00e4sident Wladimir Selenskij und sein Team zusammenarbeiten k\u00f6nnten.<\/p>\n<p>Selenskij gew\u00f6hne sich bereits geschickt an die sich ver\u00e4ndernde Politik in Washington und in Europa, indem er Bereitschaft zeige, sich an den Verhandlungstisch zu sitzen, so die Zeitschrift. Gerade zu dieser Haltung h\u00e4tten seine Partner in den USA den ukrainischen Staatschef gedr\u00e4ngt. Andernfalls riskiere er, Trumps Zorn zu erregen.<\/p>\n<p>Genau das <a rel=\"nofollow noopener\" target=\"_blank\" href=\"https:\/\/news.sky.com\/story\/zelenskyy-suggests-hes-prepared-to-end-ukraine-war-in-return-for-nato-membership-even-if-russia-doesnt-immediately-return-seized-land-13263085\">habe<\/a> Selenskij in einem j\u00fcngsten Interview mit dem britischen Fernsehsender <em>Sky News<\/em> erkl\u00e4rt, das <em>Politico<\/em> nicht weniger als &#8220;eine Meisterklasse in geschickten diplomatischen Man\u00f6vern&#8221; bezeichnet. Selenskij sei bereit f\u00fcr einen Waffenstillstand mit Russland, aber unter der Bedingung, dass die NATO die von Russland nicht kontrollierten Gebiete der Ukraine besch\u00fctze. &#8220;Wenn wir die hei\u00dfe Phase des Krieges beenden wollen, sollten wir das Territorium unter den Schutzschirm nehmen, den wir unter Kontrolle haben&#8221;, sagte Selenskij. &#8220;Das m\u00fcssen wir schnell tun. Und dann kann die Ukraine die anderen Gebiete auf diplomatischem Wege zur\u00fcckerlangen.&#8221;<\/p>\n<p><em>Politico<\/em> weist darauf hin, dass Selenskij in dem Interview mit <em>Sky News<\/em> zum ersten Mal angedeutet habe, Kiew k\u00f6nnte bereit sein, Gebiete abzugeben. Was die Mitgliedschaft in der NATO angehe, sei es unwahrscheinlich, dass Trump einen NATO-Beitritt der Ukraine bef\u00fcrworte. Russland habe wiederholt deutlich gemacht, dass es einem NATO-Beitritt der Ukraine niemals zustimmen werde.<\/p>\n<p>Aber vielleicht hatte Selenskij in seinem Interview eine andere Botschaft, schreibt <em>Politico<\/em>. Selenskijs \u00c4u\u00dferungen h\u00e4tten scheinbar eher darauf abgezielt, seine Bereitschaft zu zeigen, verschiedene Optionen in Betracht zu ziehen. Der ukrainische Staatschef habe deutlich gemacht, dass er mit Trump unter vier Augen verhandeln wolle. &#8220;Ich m\u00f6chte mit ihm Ideen austauschen und von ihm h\u00f6ren&#8221;, sagte Selenskij.<\/p>\n<p>Kiew wisse, dass man sich an die Ver\u00e4nderungen in der US-Politik anpassen und darauf achten m\u00fcsse, sich bei Trump nicht unbeliebt zu machen, erkl\u00e4rte der ehemalige ukrainische Au\u00dfenminister Dmitri Kuleba in einem Interview mit <em>Politico<\/em>. Deswegen betone Selenskij die Bedeutung diplomatischer L\u00f6sungen, so Kuleba. &#8220;H\u00f6ren Sie sich seine j\u00fcngsten Interviews an, in denen er sagt: &#8216;Wir m\u00fcssen nach diplomatischen L\u00f6sungen suchen&#8217;, &#8216;wir m\u00fcssen die Krim diplomatisch zur\u00fcckgewinnen&#8217;, &#8216;wir sind nicht stark genug, um unsere Grenzen von 1991 wiederherzustellen&#8217;. Das sind Botschaften an Trump&#8221;, so Kuleba.<\/p>\n<p>Der ehemalige Minister vermute, dass Trump schnell handeln werde, um den Krieg zu beenden, betonte aber, dass &#8220;weder Selenskij noch Putin an einer schnellen L\u00f6sung interessiert sind, weil sie beide glauben, dass dies auf ihre Kosten gehen w\u00fcrde&#8221;.<\/p>\n<p><strong>Mehr zum Thema\u00a0\u2013\u00a0<\/strong><a rel=\"nofollow noopener\" target=\"_blank\" href=\"https:\/\/freedert.online\/meinung\/227646-selenskijs-vereinbarung-mit-trump-ist\/\">Selenskijs Vereinbarung mit Trump ist von vornherein zum Scheitern verurteilt<\/a><\/p>\n<div class=\"EmbedBlock-root EmbedBlock-externalVideo EmbedBlock-rumble\">\n<div class=\"VkEmbed\"><iframe class=\"lazyload\" data-src=\"https:\/\/rumble.com\/embed\/v5rpwrt\" frameborder=\"0\" width=\"853\" height=\"480\" allowfullscreen><\/iframe><\/div>\n<\/div>\n<\/div>\n<p><br \/>\n<br \/><a href=\"https:\/\/de.rt.com\/international\/227995-selenskij-setzt-auf-diplomatie-in\/\">Source link <\/a><\/p>\n","protected":false},"excerpt":{"rendered":"<p>Je n\u00e4her die Amtseinf\u00fchrung von Donald Trumps r\u00fcckt, desto mehr ist Wladimir Selenskij gezwungen, sich auf \u00c4nderungen in Washingtons Au\u00dfenpolitik gefasst zu machen. Er muss Bereitschaft zeigen, verschiedene Optionen f\u00fcr das Ende des Krieges in Betracht zu ziehen. Der designierte US-Pr\u00e4sident Donald Trump wird in zwei Monaten sein Amt antreten und besch\u00e4ftigt sich aktiv mit [&hellip;]<\/p>\n","protected":false},"author":3,"featured_media":73673,"comment_status":"open","ping_status":"open","sticky":false,"template":"","format":"standard","meta":{"_yoast_indexnow_last_ping":["1733143206"],"wp_automatic_camp":["217"],"e4cafbe146516d12f86ffc84e1810109":["Trump vor der T\u00fcr: Selenskij gibt sich immer geschmeidiger"],"original_link":["https:\/\/de.rt.com\/international\/227995-selenskij-setzt-auf-diplomatie-in\/"],"_thumbnail_id":["73673"],"_wptgpro_p2tg_sent2tg":["a:1:{i:23737;s:19:\"2024-12-02 14:41:09\";}"],"jnews_social_counter_last_update":["1777314475"]},"categories":[19,23],"tags":[82,60714,1002,2062,6158,434,1639,22163,320],"yoast_head":"<!-- This site is optimized with the Yoast SEO Premium plugin v22.7 (Yoast SEO v22.7) - https:\/\/yoast.com\/wordpress\/plugins\/seo\/ -->\n<title>Trump vor der T\u00fcr: Selenskij gibt sich immer geschmeidiger - just-now.NEWS Deutschland<\/title>\n<meta name=\"robots\" content=\"index, follow, max-snippet:-1, max-image-preview:large, max-video-preview:-1\" \/>\n<link rel=\"canonical\" href=\"https:\/\/now-news.de\/de\/deutschland\/trump-vor-der-tuer-selenskij-gibt-sich-immer-geschmeidiger\/\" \/>\n<meta property=\"og:locale\" content=\"de_DE\" \/>\n<meta property=\"og:type\" content=\"article\" \/>\n<meta property=\"og:title\" content=\"Trump vor der T\u00fcr: Selenskij gibt sich immer geschmeidiger\" \/>\n<meta property=\"og:description\" content=\"Je n\u00e4her die Amtseinf\u00fchrung von Donald Trumps r\u00fcckt, desto mehr ist Wladimir Selenskij gezwungen, sich auf \u00c4nderungen in Washingtons Au\u00dfenpolitik gefasst zu machen. Er muss Bereitschaft zeigen, verschiedene Optionen f\u00fcr das Ende des Krieges in Betracht zu ziehen. Der designierte US-Pr\u00e4sident Donald Trump wird in zwei Monaten sein Amt antreten und besch\u00e4ftigt sich aktiv mit [&hellip;]\" \/>\n<meta property=\"og:url\" content=\"https:\/\/now-news.de\/de\/deutschland\/trump-vor-der-tuer-selenskij-gibt-sich-immer-geschmeidiger\/\" \/>\n<meta property=\"og:site_name\" content=\"just-now.NEWS Deutschland\" \/>\n<meta property=\"article:publisher\" content=\"https:\/\/www.facebook.com\/wirmachenauf\" \/>\n<meta property=\"article:published_time\" content=\"2024-12-02T12:30:34+00:00\" \/>\n<meta property=\"og:image\" content=\"https:\/\/now-news.de\/de\/wp-content\/uploads\/sites\/3\/2024\/12\/674da8da48fbef492e68594e.jpg\" \/>\n<meta name=\"author\" content=\"rtnews\" \/>\n<meta name=\"twitter:card\" content=\"summary_large_image\" \/>\n<meta name=\"twitter:creator\" content=\"@WirMachenAuf_de\" \/>\n<meta name=\"twitter:site\" content=\"@WirMachenAuf_de\" \/>\n<meta name=\"twitter:label1\" content=\"Verfasst von\" \/>\n\t<meta name=\"twitter:data1\" content=\"rtnews\" \/>\n\t<meta name=\"twitter:label2\" content=\"Gesch\u00e4tzte Lesezeit\" \/>\n\t<meta name=\"twitter:data2\" content=\"4\u00a0Minuten\" \/>\n<script type=\"application\/ld+json\" class=\"yoast-schema-graph\">{\"@context\":\"https:\/\/schema.org\",\"@graph\":[{\"@type\":\"Article\",\"@id\":\"https:\/\/now-news.de\/de\/deutschland\/trump-vor-der-tuer-selenskij-gibt-sich-immer-geschmeidiger\/#article\",\"isPartOf\":{\"@id\":\"https:\/\/now-news.de\/de\/deutschland\/trump-vor-der-tuer-selenskij-gibt-sich-immer-geschmeidiger\/\"},\"author\":{\"name\":\"rtnews\",\"@id\":\"https:\/\/now-news.de\/de\/#\/schema\/person\/fb534a4e865501d8b3285208df34a9b5\"},\"headline\":\"Trump vor der T\u00fcr: Selenskij gibt sich immer geschmeidiger\",\"datePublished\":\"2024-12-02T12:30:34+00:00\",\"dateModified\":\"2024-12-02T12:30:34+00:00\",\"mainEntityOfPage\":{\"@id\":\"https:\/\/now-news.de\/de\/deutschland\/trump-vor-der-tuer-selenskij-gibt-sich-immer-geschmeidiger\/\"},\"wordCount\":753,\"commentCount\":0,\"publisher\":{\"@id\":\"https:\/\/now-news.de\/de\/#organization\"},\"image\":{\"@id\":\"https:\/\/now-news.de\/de\/deutschland\/trump-vor-der-tuer-selenskij-gibt-sich-immer-geschmeidiger\/#primaryimage\"},\"thumbnailUrl\":\"https:\/\/now-news.de\/de\/wp-content\/uploads\/sites\/3\/2024\/12\/Trump-vor-der-Tuer-Selenskij-gibt-sich-immer-geschmeidiger.jpg\",\"keywords\":[\"der\",\"geschmeidiger\",\"gibt\",\"Immer\",\"Selenskij\",\"sich\",\"trump\",\"T\u00fcr\",\"vor\"],\"articleSection\":[\"Deutschland\",\"Russland\"],\"inLanguage\":\"de\",\"potentialAction\":[{\"@type\":\"CommentAction\",\"name\":\"Comment\",\"target\":[\"https:\/\/now-news.de\/de\/deutschland\/trump-vor-der-tuer-selenskij-gibt-sich-immer-geschmeidiger\/#respond\"]}]},{\"@type\":\"WebPage\",\"@id\":\"https:\/\/now-news.de\/de\/deutschland\/trump-vor-der-tuer-selenskij-gibt-sich-immer-geschmeidiger\/\",\"url\":\"https:\/\/now-news.de\/de\/deutschland\/trump-vor-der-tuer-selenskij-gibt-sich-immer-geschmeidiger\/\",\"name\":\"Trump vor der T\u00fcr: Selenskij gibt sich immer geschmeidiger - just-now.NEWS Deutschland\",\"isPartOf\":{\"@id\":\"https:\/\/now-news.de\/de\/#website\"},\"primaryImageOfPage\":{\"@id\":\"https:\/\/now-news.de\/de\/deutschland\/trump-vor-der-tuer-selenskij-gibt-sich-immer-geschmeidiger\/#primaryimage\"},\"image\":{\"@id\":\"https:\/\/now-news.de\/de\/deutschland\/trump-vor-der-tuer-selenskij-gibt-sich-immer-geschmeidiger\/#primaryimage\"},\"thumbnailUrl\":\"https:\/\/now-news.de\/de\/wp-content\/uploads\/sites\/3\/2024\/12\/Trump-vor-der-Tuer-Selenskij-gibt-sich-immer-geschmeidiger.jpg\",\"datePublished\":\"2024-12-02T12:30:34+00:00\",\"dateModified\":\"2024-12-02T12:30:34+00:00\",\"breadcrumb\":{\"@id\":\"https:\/\/now-news.de\/de\/deutschland\/trump-vor-der-tuer-selenskij-gibt-sich-immer-geschmeidiger\/#breadcrumb\"},\"inLanguage\":\"de\",\"potentialAction\":[{\"@type\":\"ReadAction\",\"target\":[\"https:\/\/now-news.de\/de\/deutschland\/trump-vor-der-tuer-selenskij-gibt-sich-immer-geschmeidiger\/\"]}]},{\"@type\":\"ImageObject\",\"inLanguage\":\"de\",\"@id\":\"https:\/\/now-news.de\/de\/deutschland\/trump-vor-der-tuer-selenskij-gibt-sich-immer-geschmeidiger\/#primaryimage\",\"url\":\"https:\/\/now-news.de\/de\/wp-content\/uploads\/sites\/3\/2024\/12\/Trump-vor-der-Tuer-Selenskij-gibt-sich-immer-geschmeidiger.jpg\",\"contentUrl\":\"https:\/\/now-news.de\/de\/wp-content\/uploads\/sites\/3\/2024\/12\/Trump-vor-der-Tuer-Selenskij-gibt-sich-immer-geschmeidiger.jpg\",\"width\":460,\"height\":259,\"caption\":\"Trump vor der T\u00fcr: Selenskij gibt sich immer geschmeidiger\"},{\"@type\":\"BreadcrumbList\",\"@id\":\"https:\/\/now-news.de\/de\/deutschland\/trump-vor-der-tuer-selenskij-gibt-sich-immer-geschmeidiger\/#breadcrumb\",\"itemListElement\":[{\"@type\":\"ListItem\",\"position\":1,\"name\":\"Home\",\"item\":\"https:\/\/now-news.de\/de\/\"},{\"@type\":\"ListItem\",\"position\":2,\"name\":\"Trump vor der T\u00fcr: Selenskij gibt sich immer geschmeidiger\"}]},{\"@type\":\"WebSite\",\"@id\":\"https:\/\/now-news.de\/de\/#website\",\"url\":\"https:\/\/now-news.de\/de\/\",\"name\":\"just-now.NEWS Deutschland\",\"description\":\"Das Portal f\u00fcr unzensierte Nachrichten aus der Welt\",\"publisher\":{\"@id\":\"https:\/\/now-news.de\/de\/#organization\"},\"potentialAction\":[{\"@type\":\"SearchAction\",\"target\":{\"@type\":\"EntryPoint\",\"urlTemplate\":\"https:\/\/now-news.de\/de\/?s={search_term_string}\"},\"query-input\":\"required name=search_term_string\"}],\"inLanguage\":\"de\"},{\"@type\":\"Organization\",\"@id\":\"https:\/\/now-news.de\/de\/#organization\",\"name\":\"Just Now News\",\"url\":\"https:\/\/now-news.de\/de\/\",\"logo\":{\"@type\":\"ImageObject\",\"inLanguage\":\"de\",\"@id\":\"https:\/\/now-news.de\/de\/#\/schema\/logo\/image\/\",\"url\":\"http:\/\/just-now.news\/de\/wp-content\/uploads\/sites\/3\/2022\/04\/logo500x500.jpg\",\"contentUrl\":\"http:\/\/just-now.news\/de\/wp-content\/uploads\/sites\/3\/2022\/04\/logo500x500.jpg\",\"width\":500,\"height\":500,\"caption\":\"Just Now News\"},\"image\":{\"@id\":\"https:\/\/now-news.de\/de\/#\/schema\/logo\/image\/\"},\"sameAs\":[\"https:\/\/www.facebook.com\/wirmachenauf\",\"https:\/\/x.com\/WirMachenAuf_de\"]},{\"@type\":\"Person\",\"@id\":\"https:\/\/now-news.de\/de\/#\/schema\/person\/fb534a4e865501d8b3285208df34a9b5\",\"name\":\"rtnews\",\"image\":{\"@type\":\"ImageObject\",\"inLanguage\":\"de\",\"@id\":\"https:\/\/now-news.de\/de\/#\/schema\/person\/image\/\",\"url\":\"https:\/\/secure.gravatar.com\/avatar\/82aafea7d8127119dd649515f56e2117?s=96&d=mm&r=g\",\"contentUrl\":\"https:\/\/secure.gravatar.com\/avatar\/82aafea7d8127119dd649515f56e2117?s=96&d=mm&r=g\",\"caption\":\"rtnews\"},\"url\":\"https:\/\/now-news.de\/de\/author\/rnews\/\"}]}<\/script>\n<!-- \/ Yoast SEO Premium plugin. -->","yoast_head_json":{"title":"Trump vor der T\u00fcr: Selenskij gibt sich immer geschmeidiger - just-now.NEWS Deutschland","robots":{"index":"index","follow":"follow","max-snippet":"max-snippet:-1","max-image-preview":"max-image-preview:large","max-video-preview":"max-video-preview:-1"},"canonical":"https:\/\/now-news.de\/de\/deutschland\/trump-vor-der-tuer-selenskij-gibt-sich-immer-geschmeidiger\/","og_locale":"de_DE","og_type":"article","og_title":"Trump vor der T\u00fcr: Selenskij gibt sich immer geschmeidiger","og_description":"Je n\u00e4her die Amtseinf\u00fchrung von Donald Trumps r\u00fcckt, desto mehr ist Wladimir Selenskij gezwungen, sich auf \u00c4nderungen in Washingtons Au\u00dfenpolitik gefasst zu machen. Er muss Bereitschaft zeigen, verschiedene Optionen f\u00fcr das Ende des Krieges in Betracht zu ziehen. Der designierte US-Pr\u00e4sident Donald Trump wird in zwei Monaten sein Amt antreten und besch\u00e4ftigt sich aktiv mit [&hellip;]","og_url":"https:\/\/now-news.de\/de\/deutschland\/trump-vor-der-tuer-selenskij-gibt-sich-immer-geschmeidiger\/","og_site_name":"just-now.NEWS Deutschland","article_publisher":"https:\/\/www.facebook.com\/wirmachenauf","article_published_time":"2024-12-02T12:30:34+00:00","og_image":[{"url":"https:\/\/now-news.de\/de\/wp-content\/uploads\/sites\/3\/2024\/12\/674da8da48fbef492e68594e.jpg"}],"author":"rtnews","twitter_card":"summary_large_image","twitter_creator":"@WirMachenAuf_de","twitter_site":"@WirMachenAuf_de","twitter_misc":{"Verfasst von":"rtnews","Gesch\u00e4tzte Lesezeit":"4\u00a0Minuten"},"schema":{"@context":"https:\/\/schema.org","@graph":[{"@type":"Article","@id":"https:\/\/now-news.de\/de\/deutschland\/trump-vor-der-tuer-selenskij-gibt-sich-immer-geschmeidiger\/#article","isPartOf":{"@id":"https:\/\/now-news.de\/de\/deutschland\/trump-vor-der-tuer-selenskij-gibt-sich-immer-geschmeidiger\/"},"author":{"name":"rtnews","@id":"https:\/\/now-news.de\/de\/#\/schema\/person\/fb534a4e865501d8b3285208df34a9b5"},"headline":"Trump vor der T\u00fcr: Selenskij gibt sich immer geschmeidiger","datePublished":"2024-12-02T12:30:34+00:00","dateModified":"2024-12-02T12:30:34+00:00","mainEntityOfPage":{"@id":"https:\/\/now-news.de\/de\/deutschland\/trump-vor-der-tuer-selenskij-gibt-sich-immer-geschmeidiger\/"},"wordCount":753,"commentCount":0,"publisher":{"@id":"https:\/\/now-news.de\/de\/#organization"},"image":{"@id":"https:\/\/now-news.de\/de\/deutschland\/trump-vor-der-tuer-selenskij-gibt-sich-immer-geschmeidiger\/#primaryimage"},"thumbnailUrl":"https:\/\/now-news.de\/de\/wp-content\/uploads\/sites\/3\/2024\/12\/Trump-vor-der-Tuer-Selenskij-gibt-sich-immer-geschmeidiger.jpg","keywords":["der","geschmeidiger","gibt","Immer","Selenskij","sich","trump","T\u00fcr","vor"],"articleSection":["Deutschland","Russland"],"inLanguage":"de","potentialAction":[{"@type":"CommentAction","name":"Comment","target":["https:\/\/now-news.de\/de\/deutschland\/trump-vor-der-tuer-selenskij-gibt-sich-immer-geschmeidiger\/#respond"]}]},{"@type":"WebPage","@id":"https:\/\/now-news.de\/de\/deutschland\/trump-vor-der-tuer-selenskij-gibt-sich-immer-geschmeidiger\/","url":"https:\/\/now-news.de\/de\/deutschland\/trump-vor-der-tuer-selenskij-gibt-sich-immer-geschmeidiger\/","name":"Trump vor der T\u00fcr: Selenskij gibt sich immer geschmeidiger - just-now.NEWS Deutschland","isPartOf":{"@id":"https:\/\/now-news.de\/de\/#website"},"primaryImageOfPage":{"@id":"https:\/\/now-news.de\/de\/deutschland\/trump-vor-der-tuer-selenskij-gibt-sich-immer-geschmeidiger\/#primaryimage"},"image":{"@id":"https:\/\/now-news.de\/de\/deutschland\/trump-vor-der-tuer-selenskij-gibt-sich-immer-geschmeidiger\/#primaryimage"},"thumbnailUrl":"https:\/\/now-news.de\/de\/wp-content\/uploads\/sites\/3\/2024\/12\/Trump-vor-der-Tuer-Selenskij-gibt-sich-immer-geschmeidiger.jpg","datePublished":"2024-12-02T12:30:34+00:00","dateModified":"2024-12-02T12:30:34+00:00","breadcrumb":{"@id":"https:\/\/now-news.de\/de\/deutschland\/trump-vor-der-tuer-selenskij-gibt-sich-immer-geschmeidiger\/#breadcrumb"},"inLanguage":"de","potentialAction":[{"@type":"ReadAction","target":["https:\/\/now-news.de\/de\/deutschland\/trump-vor-der-tuer-selenskij-gibt-sich-immer-geschmeidiger\/"]}]},{"@type":"ImageObject","inLanguage":"de","@id":"https:\/\/now-news.de\/de\/deutschland\/trump-vor-der-tuer-selenskij-gibt-sich-immer-geschmeidiger\/#primaryimage","url":"https:\/\/now-news.de\/de\/wp-content\/uploads\/sites\/3\/2024\/12\/Trump-vor-der-Tuer-Selenskij-gibt-sich-immer-geschmeidiger.jpg","contentUrl":"https:\/\/now-news.de\/de\/wp-content\/uploads\/sites\/3\/2024\/12\/Trump-vor-der-Tuer-Selenskij-gibt-sich-immer-geschmeidiger.jpg","width":460,"height":259,"caption":"Trump vor der T\u00fcr: Selenskij gibt sich immer geschmeidiger"},{"@type":"BreadcrumbList","@id":"https:\/\/now-news.de\/de\/deutschland\/trump-vor-der-tuer-selenskij-gibt-sich-immer-geschmeidiger\/#breadcrumb","itemListElement":[{"@type":"ListItem","position":1,"name":"Home","item":"https:\/\/now-news.de\/de\/"},{"@type":"ListItem","position":2,"name":"Trump vor der T\u00fcr: Selenskij gibt sich immer geschmeidiger"}]},{"@type":"WebSite","@id":"https:\/\/now-news.de\/de\/#website","url":"https:\/\/now-news.de\/de\/","name":"just-now.NEWS Deutschland","description":"Das Portal f\u00fcr unzensierte Nachrichten aus der Welt","publisher":{"@id":"https:\/\/now-news.de\/de\/#organization"},"potentialAction":[{"@type":"SearchAction","target":{"@type":"EntryPoint","urlTemplate":"https:\/\/now-news.de\/de\/?s={search_term_string}"},"query-input":"required name=search_term_string"}],"inLanguage":"de"},{"@type":"Organization","@id":"https:\/\/now-news.de\/de\/#organization","name":"Just Now News","url":"https:\/\/now-news.de\/de\/","logo":{"@type":"ImageObject","inLanguage":"de","@id":"https:\/\/now-news.de\/de\/#\/schema\/logo\/image\/","url":"http:\/\/just-now.news\/de\/wp-content\/uploads\/sites\/3\/2022\/04\/logo500x500.jpg","contentUrl":"http:\/\/just-now.news\/de\/wp-content\/uploads\/sites\/3\/2022\/04\/logo500x500.jpg","width":500,"height":500,"caption":"Just Now News"},"image":{"@id":"https:\/\/now-news.de\/de\/#\/schema\/logo\/image\/"},"sameAs":["https:\/\/www.facebook.com\/wirmachenauf","https:\/\/x.com\/WirMachenAuf_de"]},{"@type":"Person","@id":"https:\/\/now-news.de\/de\/#\/schema\/person\/fb534a4e865501d8b3285208df34a9b5","name":"rtnews","image":{"@type":"ImageObject","inLanguage":"de","@id":"https:\/\/now-news.de\/de\/#\/schema\/person\/image\/","url":"https:\/\/secure.gravatar.com\/avatar\/82aafea7d8127119dd649515f56e2117?s=96&d=mm&r=g","contentUrl":"https:\/\/secure.gravatar.com\/avatar\/82aafea7d8127119dd649515f56e2117?s=96&d=mm&r=g","caption":"rtnews"},"url":"https:\/\/now-news.de\/de\/author\/rnews\/"}]}},"_links":{"self":[{"href":"https:\/\/now-news.de\/de\/wp-json\/wp\/v2\/posts\/73672"}],"collection":[{"href":"https:\/\/now-news.de\/de\/wp-json\/wp\/v2\/posts"}],"about":[{"href":"https:\/\/now-news.de\/de\/wp-json\/wp\/v2\/types\/post"}],"author":[{"embeddable":true,"href":"https:\/\/now-news.de\/de\/wp-json\/wp\/v2\/users\/3"}],"replies":[{"embeddable":true,"href":"https:\/\/now-news.de\/de\/wp-json\/wp\/v2\/comments?post=73672"}],"version-history":[{"count":0,"href":"https:\/\/now-news.de\/de\/wp-json\/wp\/v2\/posts\/73672\/revisions"}],"wp:featuredmedia":[{"embeddable":true,"href":"https:\/\/now-news.de\/de\/wp-json\/wp\/v2\/media\/73673"}],"wp:attachment":[{"href":"https:\/\/now-news.de\/de\/wp-json\/wp\/v2\/media?parent=73672"}],"wp:term":[{"taxonomy":"category","embeddable":true,"href":"https:\/\/now-news.de\/de\/wp-json\/wp\/v2\/categories?post=73672"},{"taxonomy":"post_tag","embeddable":true,"href":"https:\/\/now-news.de\/de\/wp-json\/wp\/v2\/tags?post=73672"}],"curies":[{"name":"wp","href":"https:\/\/api.w.org\/{rel}","templated":true}]}}