{"id":73664,"date":"2024-12-02T12:16:24","date_gmt":"2024-12-02T10:16:24","guid":{"rendered":"https:\/\/now-news.de\/de\/deutschland\/proteste-in-wien-friedensdemonstration-gegen-regierung-und-establishment\/"},"modified":"2024-12-02T12:16:24","modified_gmt":"2024-12-02T10:16:24","slug":"proteste-in-wien-friedensdemonstration-gegen-regierung-und-establishment","status":"publish","type":"post","link":"https:\/\/now-news.de\/de\/deutschland\/proteste-in-wien-friedensdemonstration-gegen-regierung-und-establishment\/","title":{"rendered":"Proteste in Wien: Friedensdemonstration gegen Regierung und Establishment"},"content":{"rendered":"<div class=\"Text-root Text-type_1 \">\n                Am Samstag versammelten sich tausende B\u00fcrger in Wien am Heldenplatz, um f\u00fcr Frieden, Neutralit\u00e4t und demokratische Werte einzutreten. Sie forderten ein Ende der wirtschaftlichen Sanktionen, lehnten eine st\u00e4rkere Ann\u00e4herung an die NATO ab und kritisierten die derzeitige Regierungspolitik. Trotz polizeilicher Kontrollen und Sicherheitsma\u00dfnahmen verlief der Protest weitgehend friedlich.\n            <\/div>\n<p><\/p>\n<div class=\"Text-root Text-type_5 ArticleView-text ViewText-root \">\n<p>Am\u00a030. November\u00a0versammelten sich tausende Menschen am Wiener Heldenplatz, um ihrem Unmut Ausdruck zu verleihen \u00fcber die aktuelle Regierungspolitik und die als &#8220;Zuckerlkoalition&#8221; bezeichnete Allianz aus \u00d6VP, SP\u00d6 und NEOS.<\/p>\n<p>Die Demonstration, organisiert von den B\u00fcndnissen &#8220;Fairdenken Austria&#8221; und &#8220;Menschheitsfamilie&#8221;, zielte auf Frieden, Neutralit\u00e4t und die\u00a0Achtung demokratischer Prinzipien ab.<\/p>\n<div class=\"EmbedBlock-root EmbedBlock-twitter\">\n<div class=\"TwitterEmbed\">\n<blockquote class=\"twitter-tweet lazyload\" data-twitter=\"twitter-tweet\">\n<p lang=\"de\" dir=\"ltr\">2 Wasserwerfer, 6 Autos der Hundestaffel, Dutzende Polizisten, Sanit\u00e4tswagen &#8211; nur f\u00fcr eine friedliche Demo gegen die sich bildende Regierungs-Packelei. Die Polizei denkt wohl, das sei eine Antifa-Demo am Heldenplatz.<a rel=\"nofollow noopener\" target=\"_blank\" href=\"https:\/\/twitter.com\/hashtag\/demo?src=hash&amp;ref_src=twsrc%5Etfw\">#demo<\/a><a rel=\"nofollow noopener\" target=\"_blank\" href=\"https:\/\/twitter.com\/hashtag\/wien?src=hash&amp;ref_src=twsrc%5Etfw\">#wien<\/a><a rel=\"nofollow noopener\" target=\"_blank\" href=\"https:\/\/t.co\/I7u3x97N67\">pic.twitter.com\/I7u3x97N67<\/a><\/p>\n<p>\u2014 Richard Schmitt (@Schmitt_News) <a rel=\"nofollow noopener\" target=\"_blank\" href=\"https:\/\/twitter.com\/Schmitt_News\/status\/1862823107901141121?ref_src=twsrc%5Etfw\">November 30, 2024<\/a><\/p><\/blockquote>\n<\/div>\n<\/div>\n<p>Die Protestveranstaltung war zun\u00e4chst von der Wiener Landespolizeidirektion untersagt worden. Als Begr\u00fcndung wurde die St\u00f6rung des vorweihnachtlichen Einkaufsverkehrs genannt. Nach massiver Kritik und einer neuen Routenplanung genehmigten die Beh\u00f6rden die Demonstration schlie\u00dflich, wohl auch aufgrund der mobilisierenden Wirkung sozialer Medien.<\/p>\n<div class=\"EmbedBlock-root EmbedBlock-twitter\">\n<div class=\"TwitterEmbed\">\n<blockquote class=\"twitter-tweet lazyload\" data-twitter=\"twitter-tweet\">\n<p lang=\"de\" dir=\"ltr\">Wien Demo 2024-11-30 MASSEN VON UNS FRIEDENSDEMONSTRANTEN ABGESPERRT VOR DEM PR\u00c4SIDENTAMT Die vom Diktatur-Regime haben offensichtlich gewaltig Angst vor dem hier endlich wieder stattfindenden Volksaufstand\ud83c\udde6\ud83c\uddf9 <a rel=\"nofollow noopener\" target=\"_blank\" href=\"https:\/\/t.co\/tlRvQgpyK3\">pic.twitter.com\/tlRvQgpyK3<\/a><\/p>\n<p>\u2014 Alfred Nagl (@AlfredNagl) <a rel=\"nofollow noopener\" target=\"_blank\" href=\"https:\/\/twitter.com\/AlfredNagl\/status\/1862861373098561759?ref_src=twsrc%5Etfw\">November 30, 2024<\/a><\/p><\/blockquote>\n<\/div>\n<\/div>\n<p>Die Teilnehmenden, ausger\u00fcstet mit Transparenten und Fahnen, kritisierten unter anderem die \u00f6sterreichische Unterst\u00fctzung der EU-Sanktionen gegen Russland und die geplante Ann\u00e4herung an die NATO. Ebenso wurden Forderungen nach einer R\u00fccknahme der wirtschaftlichen Sanktionen und einer R\u00fcckkehr zur Neutralit\u00e4t laut. Einige Teilnehmer \u00e4u\u00dferten sich auch kritisch zur Belastung des Sozialsystems durch Wirtschaftsfl\u00fcchtlinge.<\/p>\n<figure class=\"RTImage-root\">\n<div class=\"RTImage-image RTImage-original\"><picture class=\"Picture-root Picture-original\"><!--[if IE 9]><video style=\"display: none;\"><![endif]--><source media=\"(-webkit-min-device-pixel-ratio: 2) and (min-resolution: 120dpi)\" data-srcset=\" \nhttps:\/\/now-news.de\/de\/wp-content\/uploads\/sites\/3\/2024\/12\/674d7c1cb480cc4ec21d1211.jpg 850w,\n                https:\/\/now-news.de\/de\/wp-content\/uploads\/sites\/3\/2024\/12\/674d7c1cb480cc4ec21d1211.jpg 1960w,            \" ><source data-srcset=\" \nhttps:\/\/now-news.de\/de\/wp-content\/uploads\/sites\/3\/2024\/12\/674d7c1cb480cc4ec21d1211.jpg 460w,\n              https:\/\/now-news.de\/de\/wp-content\/uploads\/sites\/3\/2024\/12\/674d7c1cb480cc4ec21d1211.jpg 980w,\n            \" ><!--[if IE 9]><\/video><![endif]--><img decoding=\"async\" data- src=\"data:image\/png;base64,iVBORw0KGgoAAAANSUhEUgAAABAAAAAJCAQAAACRI2S5AAAAEElEQVR42mNkIAAYRxWAAQAG9gAKqv6+AwAAAABJRU5ErkJggg==\" class=\"Picture-root Picture-original lazyload\" data-src=\"https:\/\/now-news.de\/de\/wp-content\/uploads\/sites\/3\/2024\/12\/674d7c1cb480cc4ec21d1211.jpg\" alt=\"\"><\/source><\/source><\/picture><!-- noscript pattern --><noscript><img decoding=\"async\" src=\"https:\/\/now-news.de\/de\/wp-content\/uploads\/sites\/3\/2024\/12\/674d7c1cb480cc4ec21d1211.jpg\" alt=\"\"><\/noscript><\/div><figcaption class=\"RTImage-footer\"><span class=\"RTImage-caption\"><\/span><span class=\"RTImage-source\"><span class=\"RTImage-captionItem\">x<\/span><\/span><\/figcaption><\/figure>\n<p>Obwohl die Demonstration weitgehend friedlich verlief, kam es zu Polizeieins\u00e4tzen. Offiziell gab es 400 Anzeigen. Demonstranten berichteten, sie seien trotz Aufforderungen, den Platz zu verlassen, in einem Polizeikessel festgehalten worden.<\/p>\n<div class=\"EmbedBlock-root EmbedBlock-twitter\">\n<div class=\"TwitterEmbed\">\n<blockquote class=\"twitter-tweet lazyload\" data-twitter=\"twitter-tweet\">\n<p lang=\"de\" dir=\"ltr\">Die Friedensdemo in Wien am Heldenplatz startet\u2026<a rel=\"nofollow noopener\" target=\"_blank\" href=\"https:\/\/twitter.com\/hashtag\/Wien?src=hash&amp;ref_src=twsrc%5Etfw\">#Wien<\/a><a rel=\"nofollow noopener\" target=\"_blank\" href=\"https:\/\/twitter.com\/hashtag\/W3011?src=hash&amp;ref_src=twsrc%5Etfw\">#W3011<\/a><a rel=\"nofollow noopener\" target=\"_blank\" href=\"https:\/\/twitter.com\/hashtag\/Vienna?src=hash&amp;ref_src=twsrc%5Etfw\">#Vienna<\/a><a rel=\"nofollow noopener\" target=\"_blank\" href=\"https:\/\/twitter.com\/hashtag\/Demonstration?src=hash&amp;ref_src=twsrc%5Etfw\">#Demonstration<\/a><a rel=\"nofollow noopener\" target=\"_blank\" href=\"https:\/\/twitter.com\/hashtag\/Protest?src=hash&amp;ref_src=twsrc%5Etfw\">#Protest<\/a><a rel=\"nofollow noopener\" target=\"_blank\" href=\"https:\/\/twitter.com\/hashtag\/Demo?src=hash&amp;ref_src=twsrc%5Etfw\">#Demo<\/a><a rel=\"nofollow noopener\" target=\"_blank\" href=\"https:\/\/twitter.com\/hashtag\/Frieden?src=hash&amp;ref_src=twsrc%5Etfw\">#Frieden<\/a><a rel=\"nofollow noopener\" target=\"_blank\" href=\"https:\/\/t.co\/OSKBGC1kr0\">pic.twitter.com\/OSKBGC1kr0<\/a><\/p>\n<p>\u2014 austrianpsycho (@austrianpsycho) <a rel=\"nofollow noopener\" target=\"_blank\" href=\"https:\/\/twitter.com\/austrianpsycho\/status\/1862820530832712050?ref_src=twsrc%5Etfw\">November 30, 2024<\/a><\/p><\/blockquote>\n<\/div>\n<\/div>\n<p>Der <em>ORF<\/em> und andere gro\u00dfe Medien berichteten zur\u00fcckhaltend \u00fcber die Veranstaltung, w\u00e4hrend Teilnehmer und Veranstalter von einer bewussten Ignoranz der Mainstream-Medien sprachen. Beobachter erkennen Parallelen zu den Protesten w\u00e4hrend der Corona-Pandemie, sowohl hinsichtlich der Organisation als auch der medialen Berichterstattung.<\/p>\n<p>Die Demonstration ist ein Indikator f\u00fcr die wachsende Unzufriedenheit mit der politischen Landschaft in \u00d6sterreich. Die Ablehnung der geplanten Regierungskoalition und die Skepsis gegen\u00fcber dem medialen Establishment k\u00f6nnten auf eine weitere Polarisierung hindeuten. Ob und wie die Regierung auf diesen Protest reagiert, bleibt abzuwarten.<\/p>\n<p><a rel=\"nofollow noopener\" target=\"_blank\" href=\"https:\/\/freedert.online\/oesterreich\/227327-oesterreichs-kanzler-als-brueckenbauer-nehammer\/\">\u00d6sterreichs Kanzler als Br\u00fcckenbauer: Nehammer spricht mit Trump \u00fcber Russland<\/a><\/p>\n<div class=\"EmbedBlock-root EmbedBlock-externalVideo EmbedBlock-rumble\">\n<div class=\"VkEmbed\"><iframe class=\"lazyload\" data-src=\"https:\/\/rumble.com\/embed\/v5nrnlb\" frameborder=\"0\" width=\"853\" height=\"480\" allowfullscreen><\/iframe><\/div>\n<\/div>\n<\/div>\n<p><script async src=\"https:\/\/platform.twitter.com\/widgets.js\" charset=\"utf-8\"><\/script><br \/>\n<br \/><br \/>\n<br \/><a href=\"https:\/\/de.rt.com\/oesterreich\/227989-proteste-in-wien-friedensdemonstration-gegen\/\">Source link <\/a><\/p>\n","protected":false},"excerpt":{"rendered":"<p>Am Samstag versammelten sich tausende B\u00fcrger in Wien am Heldenplatz, um f\u00fcr Frieden, Neutralit\u00e4t und demokratische Werte einzutreten. Sie forderten ein Ende der wirtschaftlichen Sanktionen, lehnten eine st\u00e4rkere Ann\u00e4herung an die NATO ab und kritisierten die derzeitige Regierungspolitik. Trotz polizeilicher Kontrollen und Sicherheitsma\u00dfnahmen verlief der Protest weitgehend friedlich. Am\u00a030. November\u00a0versammelten sich tausende Menschen am Wiener [&hellip;]<\/p>\n","protected":false},"author":3,"featured_media":73665,"comment_status":"open","ping_status":"open","sticky":false,"template":"","format":"standard","meta":{"_yoast_indexnow_last_ping":["1733135468"],"wp_automatic_camp":["217"],"fd5a76d758daffb7174e0b64104dcbb4":["Proteste in Wien: Friedensdemonstration gegen Regierung und Establishment"],"original_link":["https:\/\/de.rt.com\/oesterreich\/227989-proteste-in-wien-friedensdemonstration-gegen\/"],"_thumbnail_id":["73665"],"_wptgpro_p2tg_sent2tg":["a:1:{i:23737;s:19:\"2024-12-02 12:32:23\";}"],"jnews_social_counter_last_update":["1777022047"]},"categories":[19,23],"tags":[9079,58404,278,3824,46,140,22652],"yoast_head":"<!-- This site is optimized with the Yoast SEO Premium plugin v22.7 (Yoast SEO v22.7) - https:\/\/yoast.com\/wordpress\/plugins\/seo\/ -->\n<title>Proteste in Wien: Friedensdemonstration gegen Regierung und Establishment - just-now.NEWS Deutschland<\/title>\n<meta name=\"robots\" content=\"index, follow, max-snippet:-1, max-image-preview:large, max-video-preview:-1\" \/>\n<link rel=\"canonical\" href=\"https:\/\/now-news.de\/de\/deutschland\/proteste-in-wien-friedensdemonstration-gegen-regierung-und-establishment\/\" \/>\n<meta property=\"og:locale\" content=\"de_DE\" \/>\n<meta property=\"og:type\" content=\"article\" \/>\n<meta property=\"og:title\" content=\"Proteste in Wien: Friedensdemonstration gegen Regierung und Establishment\" \/>\n<meta property=\"og:description\" content=\"Am Samstag versammelten sich tausende B\u00fcrger in Wien am Heldenplatz, um f\u00fcr Frieden, Neutralit\u00e4t und demokratische Werte einzutreten. Sie forderten ein Ende der wirtschaftlichen Sanktionen, lehnten eine st\u00e4rkere Ann\u00e4herung an die NATO ab und kritisierten die derzeitige Regierungspolitik. Trotz polizeilicher Kontrollen und Sicherheitsma\u00dfnahmen verlief der Protest weitgehend friedlich. Am\u00a030. November\u00a0versammelten sich tausende Menschen am Wiener [&hellip;]\" \/>\n<meta property=\"og:url\" content=\"https:\/\/now-news.de\/de\/deutschland\/proteste-in-wien-friedensdemonstration-gegen-regierung-und-establishment\/\" \/>\n<meta property=\"og:site_name\" content=\"just-now.NEWS Deutschland\" \/>\n<meta property=\"article:publisher\" content=\"https:\/\/www.facebook.com\/wirmachenauf\" \/>\n<meta property=\"article:published_time\" content=\"2024-12-02T10:16:24+00:00\" \/>\n<meta property=\"og:image\" content=\"https:\/\/now-news.de\/de\/wp-content\/uploads\/sites\/3\/2024\/12\/674d7c1cb480cc4ec21d1211.jpg\" \/>\n<meta name=\"author\" content=\"rtnews\" \/>\n<meta name=\"twitter:card\" content=\"summary_large_image\" \/>\n<meta name=\"twitter:creator\" content=\"@WirMachenAuf_de\" \/>\n<meta name=\"twitter:site\" content=\"@WirMachenAuf_de\" \/>\n<meta name=\"twitter:label1\" content=\"Verfasst von\" \/>\n\t<meta name=\"twitter:data1\" content=\"rtnews\" \/>\n\t<meta name=\"twitter:label2\" content=\"Gesch\u00e4tzte Lesezeit\" \/>\n\t<meta name=\"twitter:data2\" content=\"2\u00a0Minuten\" \/>\n<script type=\"application\/ld+json\" class=\"yoast-schema-graph\">{\"@context\":\"https:\/\/schema.org\",\"@graph\":[{\"@type\":\"Article\",\"@id\":\"https:\/\/now-news.de\/de\/deutschland\/proteste-in-wien-friedensdemonstration-gegen-regierung-und-establishment\/#article\",\"isPartOf\":{\"@id\":\"https:\/\/now-news.de\/de\/deutschland\/proteste-in-wien-friedensdemonstration-gegen-regierung-und-establishment\/\"},\"author\":{\"name\":\"rtnews\",\"@id\":\"https:\/\/now-news.de\/de\/#\/schema\/person\/fb534a4e865501d8b3285208df34a9b5\"},\"headline\":\"Proteste in Wien: Friedensdemonstration gegen Regierung und Establishment\",\"datePublished\":\"2024-12-02T10:16:24+00:00\",\"dateModified\":\"2024-12-02T10:16:24+00:00\",\"mainEntityOfPage\":{\"@id\":\"https:\/\/now-news.de\/de\/deutschland\/proteste-in-wien-friedensdemonstration-gegen-regierung-und-establishment\/\"},\"wordCount\":455,\"commentCount\":0,\"publisher\":{\"@id\":\"https:\/\/now-news.de\/de\/#organization\"},\"image\":{\"@id\":\"https:\/\/now-news.de\/de\/deutschland\/proteste-in-wien-friedensdemonstration-gegen-regierung-und-establishment\/#primaryimage\"},\"thumbnailUrl\":\"https:\/\/now-news.de\/de\/wp-content\/uploads\/sites\/3\/2024\/12\/Proteste-in-Wien-Friedensdemonstration-gegen-Regierung-und-Establishment.jpg\",\"keywords\":[\"Establishment\",\"Friedensdemonstration\",\"gegen\",\"Proteste\",\"Regierung\",\"und\",\"Wien\"],\"articleSection\":[\"Deutschland\",\"Russland\"],\"inLanguage\":\"de\",\"potentialAction\":[{\"@type\":\"CommentAction\",\"name\":\"Comment\",\"target\":[\"https:\/\/now-news.de\/de\/deutschland\/proteste-in-wien-friedensdemonstration-gegen-regierung-und-establishment\/#respond\"]}]},{\"@type\":\"WebPage\",\"@id\":\"https:\/\/now-news.de\/de\/deutschland\/proteste-in-wien-friedensdemonstration-gegen-regierung-und-establishment\/\",\"url\":\"https:\/\/now-news.de\/de\/deutschland\/proteste-in-wien-friedensdemonstration-gegen-regierung-und-establishment\/\",\"name\":\"Proteste in Wien: Friedensdemonstration gegen Regierung und Establishment - just-now.NEWS Deutschland\",\"isPartOf\":{\"@id\":\"https:\/\/now-news.de\/de\/#website\"},\"primaryImageOfPage\":{\"@id\":\"https:\/\/now-news.de\/de\/deutschland\/proteste-in-wien-friedensdemonstration-gegen-regierung-und-establishment\/#primaryimage\"},\"image\":{\"@id\":\"https:\/\/now-news.de\/de\/deutschland\/proteste-in-wien-friedensdemonstration-gegen-regierung-und-establishment\/#primaryimage\"},\"thumbnailUrl\":\"https:\/\/now-news.de\/de\/wp-content\/uploads\/sites\/3\/2024\/12\/Proteste-in-Wien-Friedensdemonstration-gegen-Regierung-und-Establishment.jpg\",\"datePublished\":\"2024-12-02T10:16:24+00:00\",\"dateModified\":\"2024-12-02T10:16:24+00:00\",\"breadcrumb\":{\"@id\":\"https:\/\/now-news.de\/de\/deutschland\/proteste-in-wien-friedensdemonstration-gegen-regierung-und-establishment\/#breadcrumb\"},\"inLanguage\":\"de\",\"potentialAction\":[{\"@type\":\"ReadAction\",\"target\":[\"https:\/\/now-news.de\/de\/deutschland\/proteste-in-wien-friedensdemonstration-gegen-regierung-und-establishment\/\"]}]},{\"@type\":\"ImageObject\",\"inLanguage\":\"de\",\"@id\":\"https:\/\/now-news.de\/de\/deutschland\/proteste-in-wien-friedensdemonstration-gegen-regierung-und-establishment\/#primaryimage\",\"url\":\"https:\/\/now-news.de\/de\/wp-content\/uploads\/sites\/3\/2024\/12\/Proteste-in-Wien-Friedensdemonstration-gegen-Regierung-und-Establishment.jpg\",\"contentUrl\":\"https:\/\/now-news.de\/de\/wp-content\/uploads\/sites\/3\/2024\/12\/Proteste-in-Wien-Friedensdemonstration-gegen-Regierung-und-Establishment.jpg\",\"width\":1920,\"height\":553,\"caption\":\"Proteste in Wien: Friedensdemonstration gegen Regierung und Establishment\"},{\"@type\":\"BreadcrumbList\",\"@id\":\"https:\/\/now-news.de\/de\/deutschland\/proteste-in-wien-friedensdemonstration-gegen-regierung-und-establishment\/#breadcrumb\",\"itemListElement\":[{\"@type\":\"ListItem\",\"position\":1,\"name\":\"Home\",\"item\":\"https:\/\/now-news.de\/de\/\"},{\"@type\":\"ListItem\",\"position\":2,\"name\":\"Proteste in Wien: Friedensdemonstration gegen Regierung und Establishment\"}]},{\"@type\":\"WebSite\",\"@id\":\"https:\/\/now-news.de\/de\/#website\",\"url\":\"https:\/\/now-news.de\/de\/\",\"name\":\"just-now.NEWS Deutschland\",\"description\":\"Das Portal f\u00fcr unzensierte Nachrichten aus der Welt\",\"publisher\":{\"@id\":\"https:\/\/now-news.de\/de\/#organization\"},\"potentialAction\":[{\"@type\":\"SearchAction\",\"target\":{\"@type\":\"EntryPoint\",\"urlTemplate\":\"https:\/\/now-news.de\/de\/?s={search_term_string}\"},\"query-input\":\"required name=search_term_string\"}],\"inLanguage\":\"de\"},{\"@type\":\"Organization\",\"@id\":\"https:\/\/now-news.de\/de\/#organization\",\"name\":\"Just Now News\",\"url\":\"https:\/\/now-news.de\/de\/\",\"logo\":{\"@type\":\"ImageObject\",\"inLanguage\":\"de\",\"@id\":\"https:\/\/now-news.de\/de\/#\/schema\/logo\/image\/\",\"url\":\"http:\/\/just-now.news\/de\/wp-content\/uploads\/sites\/3\/2022\/04\/logo500x500.jpg\",\"contentUrl\":\"http:\/\/just-now.news\/de\/wp-content\/uploads\/sites\/3\/2022\/04\/logo500x500.jpg\",\"width\":500,\"height\":500,\"caption\":\"Just Now News\"},\"image\":{\"@id\":\"https:\/\/now-news.de\/de\/#\/schema\/logo\/image\/\"},\"sameAs\":[\"https:\/\/www.facebook.com\/wirmachenauf\",\"https:\/\/x.com\/WirMachenAuf_de\"]},{\"@type\":\"Person\",\"@id\":\"https:\/\/now-news.de\/de\/#\/schema\/person\/fb534a4e865501d8b3285208df34a9b5\",\"name\":\"rtnews\",\"image\":{\"@type\":\"ImageObject\",\"inLanguage\":\"de\",\"@id\":\"https:\/\/now-news.de\/de\/#\/schema\/person\/image\/\",\"url\":\"https:\/\/secure.gravatar.com\/avatar\/82aafea7d8127119dd649515f56e2117?s=96&d=mm&r=g\",\"contentUrl\":\"https:\/\/secure.gravatar.com\/avatar\/82aafea7d8127119dd649515f56e2117?s=96&d=mm&r=g\",\"caption\":\"rtnews\"},\"url\":\"https:\/\/now-news.de\/de\/author\/rnews\/\"}]}<\/script>\n<!-- \/ Yoast SEO Premium plugin. -->","yoast_head_json":{"title":"Proteste in Wien: Friedensdemonstration gegen Regierung und Establishment - just-now.NEWS Deutschland","robots":{"index":"index","follow":"follow","max-snippet":"max-snippet:-1","max-image-preview":"max-image-preview:large","max-video-preview":"max-video-preview:-1"},"canonical":"https:\/\/now-news.de\/de\/deutschland\/proteste-in-wien-friedensdemonstration-gegen-regierung-und-establishment\/","og_locale":"de_DE","og_type":"article","og_title":"Proteste in Wien: Friedensdemonstration gegen Regierung und Establishment","og_description":"Am Samstag versammelten sich tausende B\u00fcrger in Wien am Heldenplatz, um f\u00fcr Frieden, Neutralit\u00e4t und demokratische Werte einzutreten. Sie forderten ein Ende der wirtschaftlichen Sanktionen, lehnten eine st\u00e4rkere Ann\u00e4herung an die NATO ab und kritisierten die derzeitige Regierungspolitik. Trotz polizeilicher Kontrollen und Sicherheitsma\u00dfnahmen verlief der Protest weitgehend friedlich. Am\u00a030. November\u00a0versammelten sich tausende Menschen am Wiener [&hellip;]","og_url":"https:\/\/now-news.de\/de\/deutschland\/proteste-in-wien-friedensdemonstration-gegen-regierung-und-establishment\/","og_site_name":"just-now.NEWS Deutschland","article_publisher":"https:\/\/www.facebook.com\/wirmachenauf","article_published_time":"2024-12-02T10:16:24+00:00","og_image":[{"url":"https:\/\/now-news.de\/de\/wp-content\/uploads\/sites\/3\/2024\/12\/674d7c1cb480cc4ec21d1211.jpg"}],"author":"rtnews","twitter_card":"summary_large_image","twitter_creator":"@WirMachenAuf_de","twitter_site":"@WirMachenAuf_de","twitter_misc":{"Verfasst von":"rtnews","Gesch\u00e4tzte Lesezeit":"2\u00a0Minuten"},"schema":{"@context":"https:\/\/schema.org","@graph":[{"@type":"Article","@id":"https:\/\/now-news.de\/de\/deutschland\/proteste-in-wien-friedensdemonstration-gegen-regierung-und-establishment\/#article","isPartOf":{"@id":"https:\/\/now-news.de\/de\/deutschland\/proteste-in-wien-friedensdemonstration-gegen-regierung-und-establishment\/"},"author":{"name":"rtnews","@id":"https:\/\/now-news.de\/de\/#\/schema\/person\/fb534a4e865501d8b3285208df34a9b5"},"headline":"Proteste in Wien: Friedensdemonstration gegen Regierung und Establishment","datePublished":"2024-12-02T10:16:24+00:00","dateModified":"2024-12-02T10:16:24+00:00","mainEntityOfPage":{"@id":"https:\/\/now-news.de\/de\/deutschland\/proteste-in-wien-friedensdemonstration-gegen-regierung-und-establishment\/"},"wordCount":455,"commentCount":0,"publisher":{"@id":"https:\/\/now-news.de\/de\/#organization"},"image":{"@id":"https:\/\/now-news.de\/de\/deutschland\/proteste-in-wien-friedensdemonstration-gegen-regierung-und-establishment\/#primaryimage"},"thumbnailUrl":"https:\/\/now-news.de\/de\/wp-content\/uploads\/sites\/3\/2024\/12\/Proteste-in-Wien-Friedensdemonstration-gegen-Regierung-und-Establishment.jpg","keywords":["Establishment","Friedensdemonstration","gegen","Proteste","Regierung","und","Wien"],"articleSection":["Deutschland","Russland"],"inLanguage":"de","potentialAction":[{"@type":"CommentAction","name":"Comment","target":["https:\/\/now-news.de\/de\/deutschland\/proteste-in-wien-friedensdemonstration-gegen-regierung-und-establishment\/#respond"]}]},{"@type":"WebPage","@id":"https:\/\/now-news.de\/de\/deutschland\/proteste-in-wien-friedensdemonstration-gegen-regierung-und-establishment\/","url":"https:\/\/now-news.de\/de\/deutschland\/proteste-in-wien-friedensdemonstration-gegen-regierung-und-establishment\/","name":"Proteste in Wien: Friedensdemonstration gegen Regierung und Establishment - just-now.NEWS Deutschland","isPartOf":{"@id":"https:\/\/now-news.de\/de\/#website"},"primaryImageOfPage":{"@id":"https:\/\/now-news.de\/de\/deutschland\/proteste-in-wien-friedensdemonstration-gegen-regierung-und-establishment\/#primaryimage"},"image":{"@id":"https:\/\/now-news.de\/de\/deutschland\/proteste-in-wien-friedensdemonstration-gegen-regierung-und-establishment\/#primaryimage"},"thumbnailUrl":"https:\/\/now-news.de\/de\/wp-content\/uploads\/sites\/3\/2024\/12\/Proteste-in-Wien-Friedensdemonstration-gegen-Regierung-und-Establishment.jpg","datePublished":"2024-12-02T10:16:24+00:00","dateModified":"2024-12-02T10:16:24+00:00","breadcrumb":{"@id":"https:\/\/now-news.de\/de\/deutschland\/proteste-in-wien-friedensdemonstration-gegen-regierung-und-establishment\/#breadcrumb"},"inLanguage":"de","potentialAction":[{"@type":"ReadAction","target":["https:\/\/now-news.de\/de\/deutschland\/proteste-in-wien-friedensdemonstration-gegen-regierung-und-establishment\/"]}]},{"@type":"ImageObject","inLanguage":"de","@id":"https:\/\/now-news.de\/de\/deutschland\/proteste-in-wien-friedensdemonstration-gegen-regierung-und-establishment\/#primaryimage","url":"https:\/\/now-news.de\/de\/wp-content\/uploads\/sites\/3\/2024\/12\/Proteste-in-Wien-Friedensdemonstration-gegen-Regierung-und-Establishment.jpg","contentUrl":"https:\/\/now-news.de\/de\/wp-content\/uploads\/sites\/3\/2024\/12\/Proteste-in-Wien-Friedensdemonstration-gegen-Regierung-und-Establishment.jpg","width":1920,"height":553,"caption":"Proteste in Wien: Friedensdemonstration gegen Regierung und Establishment"},{"@type":"BreadcrumbList","@id":"https:\/\/now-news.de\/de\/deutschland\/proteste-in-wien-friedensdemonstration-gegen-regierung-und-establishment\/#breadcrumb","itemListElement":[{"@type":"ListItem","position":1,"name":"Home","item":"https:\/\/now-news.de\/de\/"},{"@type":"ListItem","position":2,"name":"Proteste in Wien: Friedensdemonstration gegen Regierung und Establishment"}]},{"@type":"WebSite","@id":"https:\/\/now-news.de\/de\/#website","url":"https:\/\/now-news.de\/de\/","name":"just-now.NEWS Deutschland","description":"Das Portal f\u00fcr unzensierte Nachrichten aus der Welt","publisher":{"@id":"https:\/\/now-news.de\/de\/#organization"},"potentialAction":[{"@type":"SearchAction","target":{"@type":"EntryPoint","urlTemplate":"https:\/\/now-news.de\/de\/?s={search_term_string}"},"query-input":"required name=search_term_string"}],"inLanguage":"de"},{"@type":"Organization","@id":"https:\/\/now-news.de\/de\/#organization","name":"Just Now News","url":"https:\/\/now-news.de\/de\/","logo":{"@type":"ImageObject","inLanguage":"de","@id":"https:\/\/now-news.de\/de\/#\/schema\/logo\/image\/","url":"http:\/\/just-now.news\/de\/wp-content\/uploads\/sites\/3\/2022\/04\/logo500x500.jpg","contentUrl":"http:\/\/just-now.news\/de\/wp-content\/uploads\/sites\/3\/2022\/04\/logo500x500.jpg","width":500,"height":500,"caption":"Just Now News"},"image":{"@id":"https:\/\/now-news.de\/de\/#\/schema\/logo\/image\/"},"sameAs":["https:\/\/www.facebook.com\/wirmachenauf","https:\/\/x.com\/WirMachenAuf_de"]},{"@type":"Person","@id":"https:\/\/now-news.de\/de\/#\/schema\/person\/fb534a4e865501d8b3285208df34a9b5","name":"rtnews","image":{"@type":"ImageObject","inLanguage":"de","@id":"https:\/\/now-news.de\/de\/#\/schema\/person\/image\/","url":"https:\/\/secure.gravatar.com\/avatar\/82aafea7d8127119dd649515f56e2117?s=96&d=mm&r=g","contentUrl":"https:\/\/secure.gravatar.com\/avatar\/82aafea7d8127119dd649515f56e2117?s=96&d=mm&r=g","caption":"rtnews"},"url":"https:\/\/now-news.de\/de\/author\/rnews\/"}]}},"_links":{"self":[{"href":"https:\/\/now-news.de\/de\/wp-json\/wp\/v2\/posts\/73664"}],"collection":[{"href":"https:\/\/now-news.de\/de\/wp-json\/wp\/v2\/posts"}],"about":[{"href":"https:\/\/now-news.de\/de\/wp-json\/wp\/v2\/types\/post"}],"author":[{"embeddable":true,"href":"https:\/\/now-news.de\/de\/wp-json\/wp\/v2\/users\/3"}],"replies":[{"embeddable":true,"href":"https:\/\/now-news.de\/de\/wp-json\/wp\/v2\/comments?post=73664"}],"version-history":[{"count":0,"href":"https:\/\/now-news.de\/de\/wp-json\/wp\/v2\/posts\/73664\/revisions"}],"wp:featuredmedia":[{"embeddable":true,"href":"https:\/\/now-news.de\/de\/wp-json\/wp\/v2\/media\/73665"}],"wp:attachment":[{"href":"https:\/\/now-news.de\/de\/wp-json\/wp\/v2\/media?parent=73664"}],"wp:term":[{"taxonomy":"category","embeddable":true,"href":"https:\/\/now-news.de\/de\/wp-json\/wp\/v2\/categories?post=73664"},{"taxonomy":"post_tag","embeddable":true,"href":"https:\/\/now-news.de\/de\/wp-json\/wp\/v2\/tags?post=73664"}],"curies":[{"name":"wp","href":"https:\/\/api.w.org\/{rel}","templated":true}]}}