{"id":73639,"date":"2024-12-01T21:00:12","date_gmt":"2024-12-01T19:00:12","guid":{"rendered":"https:\/\/now-news.de\/de\/deutschland\/was-ist-schon-krah-dagegen-wie-emmanuel-macron-die-ss-rehabilitiert\/"},"modified":"2024-12-01T21:00:12","modified_gmt":"2024-12-01T19:00:12","slug":"was-ist-schon-krah-dagegen-wie-emmanuel-macron-die-ss-rehabilitiert","status":"publish","type":"post","link":"https:\/\/now-news.de\/de\/deutschland\/was-ist-schon-krah-dagegen-wie-emmanuel-macron-die-ss-rehabilitiert\/","title":{"rendered":"Was ist schon Krah dagegen? Wie Emmanuel Macron die SS rehabilitiert"},"content":{"rendered":"<p><img decoding=\"async\" src=\"https:\/\/now-news.de\/de\/wp-content\/uploads\/sites\/3\/2024\/12\/6747725ab480cc3b692ba5d1.jpg\" \/><\/p>\n<div class=\"Text-root Text-type_1 \">\n                Frankreichs Pr\u00e4sident Emmanuel Macron hielt diese Woche eine Rede aus Anlass des 80. Jahrestages der Befreiung Strasbourgs, in der er 130.000 Els\u00e4sser, die im Zweiten Weltkrieg deutsche Uniformen trugen, pauschal zu &#8220;Opfern des Faschismus&#8221; erkl\u00e4rte. Als Deutscher hat man da einige Fragen.\n            <\/div>\n<p><\/p>\n<div class=\"Text-root Text-type_5 ArticleView-text ViewText-root \">\n<p><em>Von Anton Gentzen<\/em><\/p>\n<p>Der franz\u00f6sische Staatschef Emmanuel Macron hat neulich dazu aufgerufen, die Els\u00e4sser, die &#8220;unter Zwang&#8221; in Hitlers Streitkr\u00e4ften gek\u00e4mpft haben (&#8220;Malgr\u00e9-nous&#8221; \u2013 der Begriff kommt von der Schutzbehauptung els\u00e4ssischer Kollaborateure, sie seien gegen ihren Willen zur Zusammenarbeit mit den Deutschen gezwungen worden), mit den Opfern des Faschismus gleichzusetzen. Dabei ging er allerdings weiter und z\u00e4hlte zu &#8220;Frankreichs verlorenen S\u00f6hnen&#8221;, die nun der Nachsicht bed\u00fcrften, ausdr\u00fccklich auch diejenigen, die sich freiwillig f\u00fcr Hitlerdeutschland engagiert haben.<\/p>\n<p>Die &#8220;Trag\u00f6die&#8221; der Malgr\u00e9-nous im Elsass m\u00fcsse nun &#8220;anerkannt und gelehrt&#8221; werden, forderte Macron in seiner am Sonnabend in Strasbourg ausgerechnet aus Anlass des 80-j\u00e4hrigen Jubil\u00e4ums der Befreiung der Stadt durch die alliierten Truppen vorgetragenen Rede. Die Geschichte der mehr als 130.000 M\u00e4nner aus dem Elsass und der Mosel, die zwischen 1940 und 1944 in deutscher Uniform dienten, sei in Frankreich &#8220;zu wenig bekannt&#8221;, beklagte der Pr\u00e4sident und dr\u00fcckte auf die Tr\u00e4nendr\u00fcse:<\/p>\n<p><em>&#8220;Etwa 40.000 kehrten nie zur\u00fcck. 30.000 kamen bei K\u00e4mpfen oder in Gefangenschaft ums Leben und 10.000 bis 12.000 gelten als vermisst.&#8221;<\/em><\/p>\n<p>Sie seien, behauptete Macron in seiner Rede, von den Nazis gezwungen worden, die deutsche Uniform anzuziehen, &#8220;da ihnen sonst Vergeltungsma\u00dfnahmen gegen ihre Familien drohten&#8221;.<\/p>\n<p>Dar\u00fcber l\u00e4sst sich gewiss streiten. Das Elsass und der westliche Teil Lothringens waren 1940 immerhin zum integralen Teil des Deutschen Reiches geworden. Nach der damaligen Sprachregelung kamen die Gebiete &#8220;heim ins Reich&#8221;, und hier galt wie \u00fcberall sonst die Wehrpflicht. Gr\u00e4ber der vom NS-Regime exekutierten Kriegsdienstverweigerer finden sich in jeder Stadt, die zum Dritten Reich geh\u00f6rte, und gewiss zog nicht jeder Deutsche v\u00f6llig freiwillig die Wehrmachtsuniform an. Das gilt f\u00fcr das Elsass im selben Umfang \u2013 nicht mehr und nicht weniger \u2013 wie f\u00fcr Sachsen, Preu\u00dfen oder Bayern.<\/p>\n<p>Doch \u2013 genau wie im Falle des Sachsen, Preu\u00dfen oder Bayern \u2013 macht dies denjenigen Els\u00e4sser, der die Wehrmachtsuniform dann doch anzog, nicht zum Opfer der Faschismus. Je nach individueller Schuld ist und bleibt er mindestens zittriger Mitl\u00e4ufer, in vielen F\u00e4llen eben auch gl\u00fchender Anh\u00e4nger und T\u00e4ter. Gewiss, nicht jeder musste verurteilt werden, nur wenige wurden verurteilt. Aber gleich &#8220;Opfer des Faschismus&#8221;?<\/p>\n<p>Der Wiederanschluss an das Deutsche Reich wurde im Elsass von gro\u00dfen Teilen der Bev\u00f6lkerung freudig begr\u00fc\u00dft. Gewiss, es gab hier auch diejenigen, die sich f\u00fcr Franzosen hielten und denen die Revision der Versailler Vertr\u00e4ge gar nicht schmeckte. Doch Macron schert eben alle \u00fcber einen Kamm: die Franzosen, die Deutschen, die Freiwilligen, die Unfreiwilligen. Und Widerstandsk\u00e4mpfer waren unter den &#8220;Malgr\u00e9-nous&#8221; ohnehin nicht zu finden.<\/p>\n<p>Und auch denjenigen Els\u00e4sser, der nicht die Wehrmachts-, sondern gleich die SS-Uniform anzog, schert Macron \u00fcber denselben Kamm des vermeintlichen &#8220;Opfers&#8221;. Verdeutlichen wir das an einem Beispiel, dem Beispiel eines der bekannteren deutschen Kriegsverbrechen in Frankreich.<\/p>\n<p>Am 10. Juni 1944 ermordete eine Kompanie der Waffen-SS-Division &#8220;Das Reich&#8221;, deren stilisiertes Emblem heute auf den Chevrons des ukrainischen Asow-Regiments prangt, brutal 643 Zivilisten in dem Dorf Oradour-sur-Glane, weil sie der Kollaboration mit der R\u00e9sistance verd\u00e4chtig waren. Die Division verf\u00fcgte \u00fcber umfangreiche Erfahrungen mit \u00e4hnlichen &#8220;Strafaktionen&#8221; in der Sowjetunion.<\/p>\n<p>Am 12. Januar 1953 verhandelte ein Milit\u00e4rtribunal in Bordeaux die Anklage gegen mehrere T\u00e4ter des Massakers von Oradour-sur-Glane. Sieben der Angeklagten waren deutsche Staatsb\u00fcrger, aber vierzehn waren Els\u00e4sser, eben die besagten &#8220;Malgr\u00e9-nous&#8221;. Einer von ihnen hatte den Mut zu erkl\u00e4ren, dass er sich freiwillig zur Waffen-SS gemeldet hatte, w\u00e4hrend die anderen, in der Hoffnung, einer Strafe zu entgehen, immer wieder das bekannte &#8220;gegen unseren Willen&#8221; sagten.<\/p>\n<p>Am 11. Februar 1953 wurden 19 der 21 Angeklagten verurteilt. Nur zwei wurden hingerichtet. Am 19. Februar erlie\u00df das franz\u00f6sische Parlament eine Amnestie f\u00fcr alle els\u00e4ssischen SS-M\u00e4nner, was Proteste in der Region Limousin ausl\u00f6ste. Bis 1958 wurden auch die deutschen SS-M\u00e4nner, die an dem Massaker beteiligt waren, freigelassen. SS-General Heinz Lammerding, der das Massaker anordnete, starb 1971 in Bad T\u00f6lz, nach einer erfolgreichen Gesch\u00e4ftskarriere.<\/p>\n<p>1983 wurde SS-Obersturmf\u00fchrer Heinz Barth, einer der T\u00e4ter des Massakers, in der DDR gefasst und zu lebenslanger Haft verurteilt. Der letzte \u00fcberlebende Augenzeuge der Ereignisse in Oradour, Robert H\u00e9bras, war Zeuge der Anklage im Prozess gegen Barth und sagte aus, dass dieser pers\u00f6nlich 15 bis 17 Menschen get\u00f6tet hat, um seinen Untergebenen ein Vorbild zu sein.<\/p>\n<p>Im Jahr 1997 wurde der SS-Mann Barth von den Beh\u00f6rden des wiedervereinigten Deutschlands freigelassen, und 2012 klagte eine &#8220;Veteranenorganisation&#8221; aus dem Elsass gegen H\u00e9bras, weil er in seinem Buch den Dienst von Els\u00e4ssern in der SS-Division &#8220;Das Reich&#8221; und ihre Beteiligung an der Zerst\u00f6rung von Oradour erw\u00e4hnt hatte. Der Klage wurde in erster Instanz stattgegeben, zur Ehrenrettung der franz\u00f6sischen Justiz jedoch ein Jahr sp\u00e4ter in der Berufungsinstanz abgewiesen.<\/p>\n<p>Im Jahr 2017 besuchte Macron, damals Pr\u00e4sidentschaftskandidat, Oradour und traf sich mit H\u00e9bras. Jetzt, als Pr\u00e4sident, fordert er, dass die Geschichte der els\u00e4ssischen SS-M\u00e4nner in den Lehrplan franz\u00f6sischer Schulen aufgenommen wird, wo sie als &#8220;Opfer einer Trag\u00f6die&#8221; dargestellt werden sollen, die sehr gelitten h\u00e4tten, weil sie gezwungen waren, Menschen zu t\u00f6ten. Sie haben get\u00f6tet, aber sie haben dabei gelitten, und deshalb sollen sie jetzt \u2013 gleichrangig mit denen, die von ihnen ermordet wurden \u2013 als Opfer des Faschismus anerkannt werden.<\/p>\n<p>Die gr\u00fcne B\u00fcrgermeisterin von Strasbourg, Jeanne Barseghian, schlug sogar vor, den Familien der im Krieg gefallenen &#8220;Malgr\u00e9-nous&#8221; eine Entsch\u00e4digung zu zahlen.\u00a0<\/p>\n<p>Als Deutscher hat man da einige Fragen. Erstens, was unterscheidet Macron und die Gr\u00fcne (&#8220;Gr\u00fcn ist das junge Braun, Braun ist das verwelkte Gr\u00fcn&#8221;, lehrt uns die Natur) Barseghian eigentlich noch von dem AfD-Abgeordneten Maximilian Krah mit seinem Differenzierungsversuch unter SS-M\u00e4nnern kurz vor der Europawahl? Zweitens, warum ist Marine Le Pen, die wegen Krah jede Zusammenarbeit mit der deutschen AfD aufgek\u00fcndigt hat, die Rechtsradikale und nicht Emmanuel Macron, der nicht weniger, sondern deutlich mehr die Schuld von SS-Leuten relativiert, als es Krah in einem Nebensatz getan hatte?\u00a0<\/p>\n<p>Die wichtigste Frage ist jedoch: Brauchen tats\u00e4chlich nur die Deutschen eine neue Portion Denazifizierung in diesem Europa, das in seinem Hass auf Russen offenbar jede Orientierung und jeden Begriff von Gut und B\u00f6se verloren hat?\u00a0<\/p>\n<p><em>Die Zusammenfassung des Kriegsverbrechens von\u00a0Oradour-sur-Glane und der Geschichte seiner juristischen Aufarbeitung beruht auf einer Ausarbeitung des Telegram-Kanals &#8220;<a rel=\"nofollow noopener\" target=\"_blank\" href=\"https:\/\/t.me\/red_wolf_says\/1915\">RedWolf<\/a>&#8220;<\/em>.<\/p>\n<p><strong>Mehr zum Thema<\/strong> &#8211; <a rel=\"nofollow noopener\" target=\"_blank\" href=\"https:\/\/freedert.online\/meinung\/161448-kleine-nazis-in-niederen-funktionen\/\">&#8220;Kleine Nazis in niederen Funktionen&#8221; \u2013 &#8220;Berliner Zeitung&#8221; in Trauer um KZ-M\u00f6rder<\/a><\/p>\n<div class=\"EmbedBlock-root EmbedBlock-externalVideo EmbedBlock-rumble\">\n<div class=\"VkEmbed\"><iframe class=\"lazyload\" data-src=\"https:\/\/rumble.com\/embed\/v58puv1\" frameborder=\"0\" width=\"853\" height=\"480\" allowfullscreen><\/iframe><\/div>\n<\/div>\n<\/div>\n<p><br \/>\n<br \/><a href=\"https:\/\/de.rt.com\/meinung\/227557-was-ist-schon-krah-dagegen\/\">Source link <\/a><\/p>\n","protected":false},"excerpt":{"rendered":"<p>Frankreichs Pr\u00e4sident Emmanuel Macron hielt diese Woche eine Rede aus Anlass des 80. Jahrestages der Befreiung Strasbourgs, in der er 130.000 Els\u00e4sser, die im Zweiten Weltkrieg deutsche Uniformen trugen, pauschal zu &#8220;Opfern des Faschismus&#8221; erkl\u00e4rte. Als Deutscher hat man da einige Fragen. Von Anton Gentzen Der franz\u00f6sische Staatschef Emmanuel Macron hat neulich dazu aufgerufen, die [&hellip;]<\/p>\n","protected":false},"author":3,"featured_media":73640,"comment_status":"open","ping_status":"open","sticky":false,"template":"","format":"standard","meta":{"_yoast_indexnow_last_ping":["1733079727"],"wp_automatic_camp":["217"],"5d295ebdb4e682bf9c33b4cf108c358f":["Was ist schon Krah dagegen? Wie Emmanuel Macron die SS rehabilitiert"],"original_link":["https:\/\/de.rt.com\/meinung\/227557-was-ist-schon-krah-dagegen\/"],"_thumbnail_id":["73640"],"_wptgpro_p2tg_sent2tg":["a:1:{i:23737;s:19:\"2024-12-01 21:03:47\";}"],"jnews_social_counter_last_update":["1777410314"]},"categories":[19,23],"tags":[29282,45,9152,414,47486,1711,60699,5652,579],"yoast_head":"<!-- This site is optimized with the Yoast SEO Premium plugin v22.7 (Yoast SEO v22.7) - https:\/\/yoast.com\/wordpress\/plugins\/seo\/ -->\n<title>Was ist schon Krah dagegen? Wie Emmanuel Macron die SS rehabilitiert - just-now.NEWS Deutschland<\/title>\n<meta name=\"robots\" content=\"index, follow, max-snippet:-1, max-image-preview:large, max-video-preview:-1\" \/>\n<link rel=\"canonical\" href=\"https:\/\/now-news.de\/de\/deutschland\/was-ist-schon-krah-dagegen-wie-emmanuel-macron-die-ss-rehabilitiert\/\" \/>\n<meta property=\"og:locale\" content=\"de_DE\" \/>\n<meta property=\"og:type\" content=\"article\" \/>\n<meta property=\"og:title\" content=\"Was ist schon Krah dagegen? Wie Emmanuel Macron die SS rehabilitiert\" \/>\n<meta property=\"og:description\" content=\"Frankreichs Pr\u00e4sident Emmanuel Macron hielt diese Woche eine Rede aus Anlass des 80. Jahrestages der Befreiung Strasbourgs, in der er 130.000 Els\u00e4sser, die im Zweiten Weltkrieg deutsche Uniformen trugen, pauschal zu &#8220;Opfern des Faschismus&#8221; erkl\u00e4rte. Als Deutscher hat man da einige Fragen. Von Anton Gentzen Der franz\u00f6sische Staatschef Emmanuel Macron hat neulich dazu aufgerufen, die [&hellip;]\" \/>\n<meta property=\"og:url\" content=\"https:\/\/now-news.de\/de\/deutschland\/was-ist-schon-krah-dagegen-wie-emmanuel-macron-die-ss-rehabilitiert\/\" \/>\n<meta property=\"og:site_name\" content=\"just-now.NEWS Deutschland\" \/>\n<meta property=\"article:publisher\" content=\"https:\/\/www.facebook.com\/wirmachenauf\" \/>\n<meta property=\"article:published_time\" content=\"2024-12-01T19:00:12+00:00\" \/>\n<meta property=\"og:image\" content=\"https:\/\/now-news.de\/de\/wp-content\/uploads\/sites\/3\/2024\/12\/6747725ab480cc3b692ba5d1.jpg\" \/>\n<meta name=\"author\" content=\"rtnews\" \/>\n<meta name=\"twitter:card\" content=\"summary_large_image\" \/>\n<meta name=\"twitter:creator\" content=\"@WirMachenAuf_de\" \/>\n<meta name=\"twitter:site\" content=\"@WirMachenAuf_de\" \/>\n<meta name=\"twitter:label1\" content=\"Verfasst von\" \/>\n\t<meta name=\"twitter:data1\" content=\"rtnews\" \/>\n\t<meta name=\"twitter:label2\" content=\"Gesch\u00e4tzte Lesezeit\" \/>\n\t<meta name=\"twitter:data2\" content=\"6\u00a0Minuten\" \/>\n<script type=\"application\/ld+json\" class=\"yoast-schema-graph\">{\"@context\":\"https:\/\/schema.org\",\"@graph\":[{\"@type\":\"Article\",\"@id\":\"https:\/\/now-news.de\/de\/deutschland\/was-ist-schon-krah-dagegen-wie-emmanuel-macron-die-ss-rehabilitiert\/#article\",\"isPartOf\":{\"@id\":\"https:\/\/now-news.de\/de\/deutschland\/was-ist-schon-krah-dagegen-wie-emmanuel-macron-die-ss-rehabilitiert\/\"},\"author\":{\"name\":\"rtnews\",\"@id\":\"https:\/\/now-news.de\/de\/#\/schema\/person\/fb534a4e865501d8b3285208df34a9b5\"},\"headline\":\"Was ist schon Krah dagegen? Wie Emmanuel Macron die SS rehabilitiert\",\"datePublished\":\"2024-12-01T19:00:12+00:00\",\"dateModified\":\"2024-12-01T19:00:12+00:00\",\"mainEntityOfPage\":{\"@id\":\"https:\/\/now-news.de\/de\/deutschland\/was-ist-schon-krah-dagegen-wie-emmanuel-macron-die-ss-rehabilitiert\/\"},\"wordCount\":1126,\"commentCount\":0,\"publisher\":{\"@id\":\"https:\/\/now-news.de\/de\/#organization\"},\"image\":{\"@id\":\"https:\/\/now-news.de\/de\/deutschland\/was-ist-schon-krah-dagegen-wie-emmanuel-macron-die-ss-rehabilitiert\/#primaryimage\"},\"thumbnailUrl\":\"https:\/\/now-news.de\/de\/wp-content\/uploads\/sites\/3\/2024\/12\/Was-ist-schon-Krah-dagegen-Wie-Emmanuel-Macron-die-SS.jpg\",\"keywords\":[\"dagegen\",\"die\",\"Emmanuel\",\"ist\",\"Krah\",\"macron\",\"rehabilitiert\",\"schon\",\"Wie\"],\"articleSection\":[\"Deutschland\",\"Russland\"],\"inLanguage\":\"de\",\"potentialAction\":[{\"@type\":\"CommentAction\",\"name\":\"Comment\",\"target\":[\"https:\/\/now-news.de\/de\/deutschland\/was-ist-schon-krah-dagegen-wie-emmanuel-macron-die-ss-rehabilitiert\/#respond\"]}]},{\"@type\":\"WebPage\",\"@id\":\"https:\/\/now-news.de\/de\/deutschland\/was-ist-schon-krah-dagegen-wie-emmanuel-macron-die-ss-rehabilitiert\/\",\"url\":\"https:\/\/now-news.de\/de\/deutschland\/was-ist-schon-krah-dagegen-wie-emmanuel-macron-die-ss-rehabilitiert\/\",\"name\":\"Was ist schon Krah dagegen? Wie Emmanuel Macron die SS rehabilitiert - just-now.NEWS Deutschland\",\"isPartOf\":{\"@id\":\"https:\/\/now-news.de\/de\/#website\"},\"primaryImageOfPage\":{\"@id\":\"https:\/\/now-news.de\/de\/deutschland\/was-ist-schon-krah-dagegen-wie-emmanuel-macron-die-ss-rehabilitiert\/#primaryimage\"},\"image\":{\"@id\":\"https:\/\/now-news.de\/de\/deutschland\/was-ist-schon-krah-dagegen-wie-emmanuel-macron-die-ss-rehabilitiert\/#primaryimage\"},\"thumbnailUrl\":\"https:\/\/now-news.de\/de\/wp-content\/uploads\/sites\/3\/2024\/12\/Was-ist-schon-Krah-dagegen-Wie-Emmanuel-Macron-die-SS.jpg\",\"datePublished\":\"2024-12-01T19:00:12+00:00\",\"dateModified\":\"2024-12-01T19:00:12+00:00\",\"breadcrumb\":{\"@id\":\"https:\/\/now-news.de\/de\/deutschland\/was-ist-schon-krah-dagegen-wie-emmanuel-macron-die-ss-rehabilitiert\/#breadcrumb\"},\"inLanguage\":\"de\",\"potentialAction\":[{\"@type\":\"ReadAction\",\"target\":[\"https:\/\/now-news.de\/de\/deutschland\/was-ist-schon-krah-dagegen-wie-emmanuel-macron-die-ss-rehabilitiert\/\"]}]},{\"@type\":\"ImageObject\",\"inLanguage\":\"de\",\"@id\":\"https:\/\/now-news.de\/de\/deutschland\/was-ist-schon-krah-dagegen-wie-emmanuel-macron-die-ss-rehabilitiert\/#primaryimage\",\"url\":\"https:\/\/now-news.de\/de\/wp-content\/uploads\/sites\/3\/2024\/12\/Was-ist-schon-Krah-dagegen-Wie-Emmanuel-Macron-die-SS.jpg\",\"contentUrl\":\"https:\/\/now-news.de\/de\/wp-content\/uploads\/sites\/3\/2024\/12\/Was-ist-schon-Krah-dagegen-Wie-Emmanuel-Macron-die-SS.jpg\",\"width\":460,\"height\":259,\"caption\":\"Was ist schon Krah dagegen? Wie Emmanuel Macron die SS rehabilitiert\"},{\"@type\":\"BreadcrumbList\",\"@id\":\"https:\/\/now-news.de\/de\/deutschland\/was-ist-schon-krah-dagegen-wie-emmanuel-macron-die-ss-rehabilitiert\/#breadcrumb\",\"itemListElement\":[{\"@type\":\"ListItem\",\"position\":1,\"name\":\"Home\",\"item\":\"https:\/\/now-news.de\/de\/\"},{\"@type\":\"ListItem\",\"position\":2,\"name\":\"Was ist schon Krah dagegen? Wie Emmanuel Macron die SS rehabilitiert\"}]},{\"@type\":\"WebSite\",\"@id\":\"https:\/\/now-news.de\/de\/#website\",\"url\":\"https:\/\/now-news.de\/de\/\",\"name\":\"just-now.NEWS Deutschland\",\"description\":\"Das Portal f\u00fcr unzensierte Nachrichten aus der Welt\",\"publisher\":{\"@id\":\"https:\/\/now-news.de\/de\/#organization\"},\"potentialAction\":[{\"@type\":\"SearchAction\",\"target\":{\"@type\":\"EntryPoint\",\"urlTemplate\":\"https:\/\/now-news.de\/de\/?s={search_term_string}\"},\"query-input\":\"required name=search_term_string\"}],\"inLanguage\":\"de\"},{\"@type\":\"Organization\",\"@id\":\"https:\/\/now-news.de\/de\/#organization\",\"name\":\"Just Now News\",\"url\":\"https:\/\/now-news.de\/de\/\",\"logo\":{\"@type\":\"ImageObject\",\"inLanguage\":\"de\",\"@id\":\"https:\/\/now-news.de\/de\/#\/schema\/logo\/image\/\",\"url\":\"http:\/\/just-now.news\/de\/wp-content\/uploads\/sites\/3\/2022\/04\/logo500x500.jpg\",\"contentUrl\":\"http:\/\/just-now.news\/de\/wp-content\/uploads\/sites\/3\/2022\/04\/logo500x500.jpg\",\"width\":500,\"height\":500,\"caption\":\"Just Now News\"},\"image\":{\"@id\":\"https:\/\/now-news.de\/de\/#\/schema\/logo\/image\/\"},\"sameAs\":[\"https:\/\/www.facebook.com\/wirmachenauf\",\"https:\/\/x.com\/WirMachenAuf_de\"]},{\"@type\":\"Person\",\"@id\":\"https:\/\/now-news.de\/de\/#\/schema\/person\/fb534a4e865501d8b3285208df34a9b5\",\"name\":\"rtnews\",\"image\":{\"@type\":\"ImageObject\",\"inLanguage\":\"de\",\"@id\":\"https:\/\/now-news.de\/de\/#\/schema\/person\/image\/\",\"url\":\"https:\/\/secure.gravatar.com\/avatar\/82aafea7d8127119dd649515f56e2117?s=96&d=mm&r=g\",\"contentUrl\":\"https:\/\/secure.gravatar.com\/avatar\/82aafea7d8127119dd649515f56e2117?s=96&d=mm&r=g\",\"caption\":\"rtnews\"},\"url\":\"https:\/\/now-news.de\/de\/author\/rnews\/\"}]}<\/script>\n<!-- \/ Yoast SEO Premium plugin. -->","yoast_head_json":{"title":"Was ist schon Krah dagegen? Wie Emmanuel Macron die SS rehabilitiert - just-now.NEWS Deutschland","robots":{"index":"index","follow":"follow","max-snippet":"max-snippet:-1","max-image-preview":"max-image-preview:large","max-video-preview":"max-video-preview:-1"},"canonical":"https:\/\/now-news.de\/de\/deutschland\/was-ist-schon-krah-dagegen-wie-emmanuel-macron-die-ss-rehabilitiert\/","og_locale":"de_DE","og_type":"article","og_title":"Was ist schon Krah dagegen? Wie Emmanuel Macron die SS rehabilitiert","og_description":"Frankreichs Pr\u00e4sident Emmanuel Macron hielt diese Woche eine Rede aus Anlass des 80. Jahrestages der Befreiung Strasbourgs, in der er 130.000 Els\u00e4sser, die im Zweiten Weltkrieg deutsche Uniformen trugen, pauschal zu &#8220;Opfern des Faschismus&#8221; erkl\u00e4rte. Als Deutscher hat man da einige Fragen. Von Anton Gentzen Der franz\u00f6sische Staatschef Emmanuel Macron hat neulich dazu aufgerufen, die [&hellip;]","og_url":"https:\/\/now-news.de\/de\/deutschland\/was-ist-schon-krah-dagegen-wie-emmanuel-macron-die-ss-rehabilitiert\/","og_site_name":"just-now.NEWS Deutschland","article_publisher":"https:\/\/www.facebook.com\/wirmachenauf","article_published_time":"2024-12-01T19:00:12+00:00","og_image":[{"url":"https:\/\/now-news.de\/de\/wp-content\/uploads\/sites\/3\/2024\/12\/6747725ab480cc3b692ba5d1.jpg"}],"author":"rtnews","twitter_card":"summary_large_image","twitter_creator":"@WirMachenAuf_de","twitter_site":"@WirMachenAuf_de","twitter_misc":{"Verfasst von":"rtnews","Gesch\u00e4tzte Lesezeit":"6\u00a0Minuten"},"schema":{"@context":"https:\/\/schema.org","@graph":[{"@type":"Article","@id":"https:\/\/now-news.de\/de\/deutschland\/was-ist-schon-krah-dagegen-wie-emmanuel-macron-die-ss-rehabilitiert\/#article","isPartOf":{"@id":"https:\/\/now-news.de\/de\/deutschland\/was-ist-schon-krah-dagegen-wie-emmanuel-macron-die-ss-rehabilitiert\/"},"author":{"name":"rtnews","@id":"https:\/\/now-news.de\/de\/#\/schema\/person\/fb534a4e865501d8b3285208df34a9b5"},"headline":"Was ist schon Krah dagegen? Wie Emmanuel Macron die SS rehabilitiert","datePublished":"2024-12-01T19:00:12+00:00","dateModified":"2024-12-01T19:00:12+00:00","mainEntityOfPage":{"@id":"https:\/\/now-news.de\/de\/deutschland\/was-ist-schon-krah-dagegen-wie-emmanuel-macron-die-ss-rehabilitiert\/"},"wordCount":1126,"commentCount":0,"publisher":{"@id":"https:\/\/now-news.de\/de\/#organization"},"image":{"@id":"https:\/\/now-news.de\/de\/deutschland\/was-ist-schon-krah-dagegen-wie-emmanuel-macron-die-ss-rehabilitiert\/#primaryimage"},"thumbnailUrl":"https:\/\/now-news.de\/de\/wp-content\/uploads\/sites\/3\/2024\/12\/Was-ist-schon-Krah-dagegen-Wie-Emmanuel-Macron-die-SS.jpg","keywords":["dagegen","die","Emmanuel","ist","Krah","macron","rehabilitiert","schon","Wie"],"articleSection":["Deutschland","Russland"],"inLanguage":"de","potentialAction":[{"@type":"CommentAction","name":"Comment","target":["https:\/\/now-news.de\/de\/deutschland\/was-ist-schon-krah-dagegen-wie-emmanuel-macron-die-ss-rehabilitiert\/#respond"]}]},{"@type":"WebPage","@id":"https:\/\/now-news.de\/de\/deutschland\/was-ist-schon-krah-dagegen-wie-emmanuel-macron-die-ss-rehabilitiert\/","url":"https:\/\/now-news.de\/de\/deutschland\/was-ist-schon-krah-dagegen-wie-emmanuel-macron-die-ss-rehabilitiert\/","name":"Was ist schon Krah dagegen? Wie Emmanuel Macron die SS rehabilitiert - just-now.NEWS Deutschland","isPartOf":{"@id":"https:\/\/now-news.de\/de\/#website"},"primaryImageOfPage":{"@id":"https:\/\/now-news.de\/de\/deutschland\/was-ist-schon-krah-dagegen-wie-emmanuel-macron-die-ss-rehabilitiert\/#primaryimage"},"image":{"@id":"https:\/\/now-news.de\/de\/deutschland\/was-ist-schon-krah-dagegen-wie-emmanuel-macron-die-ss-rehabilitiert\/#primaryimage"},"thumbnailUrl":"https:\/\/now-news.de\/de\/wp-content\/uploads\/sites\/3\/2024\/12\/Was-ist-schon-Krah-dagegen-Wie-Emmanuel-Macron-die-SS.jpg","datePublished":"2024-12-01T19:00:12+00:00","dateModified":"2024-12-01T19:00:12+00:00","breadcrumb":{"@id":"https:\/\/now-news.de\/de\/deutschland\/was-ist-schon-krah-dagegen-wie-emmanuel-macron-die-ss-rehabilitiert\/#breadcrumb"},"inLanguage":"de","potentialAction":[{"@type":"ReadAction","target":["https:\/\/now-news.de\/de\/deutschland\/was-ist-schon-krah-dagegen-wie-emmanuel-macron-die-ss-rehabilitiert\/"]}]},{"@type":"ImageObject","inLanguage":"de","@id":"https:\/\/now-news.de\/de\/deutschland\/was-ist-schon-krah-dagegen-wie-emmanuel-macron-die-ss-rehabilitiert\/#primaryimage","url":"https:\/\/now-news.de\/de\/wp-content\/uploads\/sites\/3\/2024\/12\/Was-ist-schon-Krah-dagegen-Wie-Emmanuel-Macron-die-SS.jpg","contentUrl":"https:\/\/now-news.de\/de\/wp-content\/uploads\/sites\/3\/2024\/12\/Was-ist-schon-Krah-dagegen-Wie-Emmanuel-Macron-die-SS.jpg","width":460,"height":259,"caption":"Was ist schon Krah dagegen? Wie Emmanuel Macron die SS rehabilitiert"},{"@type":"BreadcrumbList","@id":"https:\/\/now-news.de\/de\/deutschland\/was-ist-schon-krah-dagegen-wie-emmanuel-macron-die-ss-rehabilitiert\/#breadcrumb","itemListElement":[{"@type":"ListItem","position":1,"name":"Home","item":"https:\/\/now-news.de\/de\/"},{"@type":"ListItem","position":2,"name":"Was ist schon Krah dagegen? Wie Emmanuel Macron die SS rehabilitiert"}]},{"@type":"WebSite","@id":"https:\/\/now-news.de\/de\/#website","url":"https:\/\/now-news.de\/de\/","name":"just-now.NEWS Deutschland","description":"Das Portal f\u00fcr unzensierte Nachrichten aus der Welt","publisher":{"@id":"https:\/\/now-news.de\/de\/#organization"},"potentialAction":[{"@type":"SearchAction","target":{"@type":"EntryPoint","urlTemplate":"https:\/\/now-news.de\/de\/?s={search_term_string}"},"query-input":"required name=search_term_string"}],"inLanguage":"de"},{"@type":"Organization","@id":"https:\/\/now-news.de\/de\/#organization","name":"Just Now News","url":"https:\/\/now-news.de\/de\/","logo":{"@type":"ImageObject","inLanguage":"de","@id":"https:\/\/now-news.de\/de\/#\/schema\/logo\/image\/","url":"http:\/\/just-now.news\/de\/wp-content\/uploads\/sites\/3\/2022\/04\/logo500x500.jpg","contentUrl":"http:\/\/just-now.news\/de\/wp-content\/uploads\/sites\/3\/2022\/04\/logo500x500.jpg","width":500,"height":500,"caption":"Just Now News"},"image":{"@id":"https:\/\/now-news.de\/de\/#\/schema\/logo\/image\/"},"sameAs":["https:\/\/www.facebook.com\/wirmachenauf","https:\/\/x.com\/WirMachenAuf_de"]},{"@type":"Person","@id":"https:\/\/now-news.de\/de\/#\/schema\/person\/fb534a4e865501d8b3285208df34a9b5","name":"rtnews","image":{"@type":"ImageObject","inLanguage":"de","@id":"https:\/\/now-news.de\/de\/#\/schema\/person\/image\/","url":"https:\/\/secure.gravatar.com\/avatar\/82aafea7d8127119dd649515f56e2117?s=96&d=mm&r=g","contentUrl":"https:\/\/secure.gravatar.com\/avatar\/82aafea7d8127119dd649515f56e2117?s=96&d=mm&r=g","caption":"rtnews"},"url":"https:\/\/now-news.de\/de\/author\/rnews\/"}]}},"_links":{"self":[{"href":"https:\/\/now-news.de\/de\/wp-json\/wp\/v2\/posts\/73639"}],"collection":[{"href":"https:\/\/now-news.de\/de\/wp-json\/wp\/v2\/posts"}],"about":[{"href":"https:\/\/now-news.de\/de\/wp-json\/wp\/v2\/types\/post"}],"author":[{"embeddable":true,"href":"https:\/\/now-news.de\/de\/wp-json\/wp\/v2\/users\/3"}],"replies":[{"embeddable":true,"href":"https:\/\/now-news.de\/de\/wp-json\/wp\/v2\/comments?post=73639"}],"version-history":[{"count":0,"href":"https:\/\/now-news.de\/de\/wp-json\/wp\/v2\/posts\/73639\/revisions"}],"wp:featuredmedia":[{"embeddable":true,"href":"https:\/\/now-news.de\/de\/wp-json\/wp\/v2\/media\/73640"}],"wp:attachment":[{"href":"https:\/\/now-news.de\/de\/wp-json\/wp\/v2\/media?parent=73639"}],"wp:term":[{"taxonomy":"category","embeddable":true,"href":"https:\/\/now-news.de\/de\/wp-json\/wp\/v2\/categories?post=73639"},{"taxonomy":"post_tag","embeddable":true,"href":"https:\/\/now-news.de\/de\/wp-json\/wp\/v2\/tags?post=73639"}],"curies":[{"name":"wp","href":"https:\/\/api.w.org\/{rel}","templated":true}]}}