{"id":73619,"date":"2024-12-01T15:25:04","date_gmt":"2024-12-01T13:25:04","guid":{"rendered":"https:\/\/now-news.de\/de\/deutschland\/wer-wird-der-naechste-praesident-polens\/"},"modified":"2024-12-01T15:25:04","modified_gmt":"2024-12-01T13:25:04","slug":"wer-wird-der-naechste-praesident-polens","status":"publish","type":"post","link":"https:\/\/now-news.de\/de\/deutschland\/wer-wird-der-naechste-praesident-polens\/","title":{"rendered":"Wer wird der n\u00e4chste Pr\u00e4sident Polens?"},"content":{"rendered":"<p><img decoding=\"async\" src=\"https:\/\/now-news.de\/de\/wp-content\/uploads\/sites\/3\/2024\/12\/6745d66cb480cc53c55346d8.jpg\" \/><\/p>\n<div class=\"Text-root Text-type_1 \">\n                Kurzum: Es ist vollkommen irrelevant. Polens Schicksal wurde bereits vor 35 Jahren auf unflexible, starre Schienen gestellt. Zu Unterhaltungszwecken kann man sich die beiden Zwillingskandidaten der Volksparteien aber durchaus einmal anschauen.\n            <\/div>\n<p><\/p>\n<div class=\"Text-root Text-type_5 ArticleView-text ViewText-root \">\n<p><em>Von Elem Chintsky<\/em><\/p>\n<p>Vor wenigen Tagen hat die polnische Regierungspartei B\u00fcrgerplattform (Platforma Obywatelska \u2013 PO) in einer Vorwahl entschieden, ob Rados\u0142aw Sikorski oder Rafa\u0142 Trzaskowski als Kandidat f\u00fcr die Pr\u00e4sidentschaftswahlen n\u00e4chstes Jahr gesetzt\u00a0wird. Der jetzige Chefdiplomat Polens, Sikorski, musste in dieser parteiinternen Abstimmung dem amtierenden Warschauer Stadtpr\u00e4sidenten Trzaskowski <a rel=\"nofollow noopener\" target=\"_blank\" href=\"https:\/\/notesfrompoland.com\/2024\/11\/23\/main-polish-ruling-party-names-rafal-trzaskowski-as-presidential-candidate-after-primary-election\/\">den Vortritt lassen<\/a>.\u00a0<\/p>\n<p><strong><\/strong>Falls es Trzaskowski gelingen sollte, im Mai 2025 den Volkswillen an der Wahlurne f\u00fcr sich zu entscheiden, w\u00e4re er der zweite (nach Lech Kaczy\u0144ski, 2002\u20132005), der vom Stadtpr\u00e4sidenten Warschaus zum Staatspr\u00e4sidenten der gesamten polnischen Republik avanciert. Im Jahr 2020 hatte er\u00a0schon einmal f\u00fcr die PO kandidiert, unterlag aber Andrzej Duda auf dessen erfolgreichem Weg in die zweite Kadenz. Trzaskowski gilt als liberal-progressiver LGBTQ-Sympathisant sowie kompromissloser EU- und NATO-Verfechter, und hat damit die Chance, vor allem die Begeisterung der Gro\u00dfst\u00e4dte Polens an sich zu rei\u00dfen.<\/p>\n<p>Obwohl die PO seine urspr\u00fcngliche Partei darstellt, startet er gegen die PiS offiziell von der mehrparteiigen B\u00fcrgerkoalition aus, die au\u00dfer die PO auch die polnischen Gr\u00fcnen und die wirtschaftsliberalen von der Nowoczesna in sich vereint. Hierbei handelt es sich um dieselbe B\u00fcrgerkoalition, die Donald Tusk zu dem sehr knappen Sieg bei der Parlamentswahl im Oktober 2023 verhalf.<\/p>\n<p><strong><\/strong>Da bekanntlich zum Tango immer zwei geh\u00f6ren, mit passenden K\u00f6rpern und willigen Herzen \u2013 worauf ein polnischer Pop-Song aus dem Jahr 1997 <a rel=\"nofollow noopener\" target=\"_blank\" href=\"https:\/\/www.youtube.com\/watch?v=_4_p3FM88jA\">so vehement besteht<\/a> \u2013 darf auch der Kandidat der Oppositionspartei Recht und Gerechtigkeit (Prawo i Sprawiedliwosc, PiS) nie weit weg sein: Nur einen Tag nach der Ausrufung Trzaskowskis hat Jaros\u0142aw Kaczy\u0144skis rechtskonservative PiS einen f\u00e4higen\u00a0Konkurrenten\u00a0<a rel=\"nofollow noopener\" target=\"_blank\" href=\"https:\/\/www.polsatnews.pl\/wiadomosc\/2024-11-24\/kandydat-pis-na-prezydenta-jaroslaw-kaczynski-podjal-decyzje\/\">ernannt<\/a>. Es ist der derzeitige Direktor des Instituts f\u00fcr Nationale Erinnerung (Instytut Pami\u0119ci Narodowej, IPN), Karol Nawrocki.<\/p>\n<p>Das IPN ist besonders verhasst unter polnischen Liberalen (also Donald Tusk, und alles leicht rechts und links von ihm) aufgrund der &#8220;rechtskonservativen&#8221; Unterwanderung durch den Erzfeind PiS seit 2015. Diese soll sich unter anderem darin ge\u00e4u\u00dfert haben, dass \u2013 trotz der seit Februar 2022 lauten, normativen Agenda &#8220;Wir unterst\u00fctzen die Ukrainer bedingungslos&#8221; \u2013 das IPN derselben Zeitspanne, den kontroversen, polnisch-ukrainischen Geschichtskapiteln aus dem Zweiten Weltkrieg (vor allem das Wolhynien-Massaker der Ukrainer an ihren polnischen Nachbarn) immer mal wieder mit Erinnerungsarbeit, Ausstellungen und dergleichen gedacht hat. Dasselbe IPN hatte aber unter Nawrocki auch die massenhafte, von Geschichtsrevisionismus getriebene Vernichtung von Denkm\u00e4lern aus der Sowjetzeit im heutigen Polen zu verantworten.<\/p>\n<p><strong><\/strong>Der Fairness halber seien als weitere Kandidaten noch der gegenw\u00e4rtige Sejmmarschall Szymon Ho\u0142ownia (Gr\u00fcnder der Donald Tusk h\u00f6rigen Zentrumspartei Polska 2050) und der Monarchist S\u0142awomir Mentzen von der libert\u00e4r-konservativen Konfederacja genannt. Lediglich Mentzen, der die EU als faschistisches Konstrukt erachtet, kann hier als halbwegs \u2013 Russland gegen\u00fcber \u2013 &#8220;gem\u00e4\u00dfigt&#8221; verstanden werden.<\/p>\n<p><strong><\/strong>Das ganze, von h\u00f6lzernen Spektakeln betreute Schmierentheater \u2013 wenn erst einmal gr\u00fcndlich dekodiert \u2013 wird, wie der scharfsinnige<em> My\u015bl Polska-<\/em>Autor \u0141ukasz Jastrz\u0119bski <a rel=\"nofollow noopener\" target=\"_blank\" href=\"https:\/\/myslpolska.info\/2024\/11\/25\/trzaskowski-czy-nawrocki-kogo-tu-wybrac-obaj-tacy-ladni-amerykanscy\/\">vor kurzem erl\u00e4uterte<\/a>, schmerzhaft offenkundig:<\/p>\n<p><em>&#8220;F\u00fcr die Polen macht es kaum einen Unterschied, welcher der Kandidaten des jeweiligen Gegners Pr\u00e4sident Polens werden wird. Unabh\u00e4ngig davon, wer von ihnen in den Pr\u00e4sidentenpalast einzieht, wird Polen Vasallenbeziehungen zu den USA, dem Vereinigten K\u00f6nigreich oder Israel unterhalten. Der Wahnsinn der gegenseitigen <a rel=\"nofollow noopener\" target=\"_blank\" href=\"https:\/\/de.wikipedia.org\/wiki\/Lustration\">Lustration<\/a>, des Durchst\u00f6berns von Lebensl\u00e4ufen und des Vorwurfs, ein russischer Spion zu sein, wird weitergehen \u2013 das alte Prinzip des Widersachers, auf beide Seiten zu setzen, ist hier im Spiel. Die alte Methode: Kuro\u0144 oder Olszewski, Geremek oder Macierewicz, Blumstejn oder Wildstein, Tusk oder Kaczy\u0144ski, Trzaskowski oder Nawrocki? Ob von links oder von rechts, sie alle dienen dieser amerikanischen Synagoge. Es ist ein k\u00fcnstliches und uns Polen aufgezwungenes System.&#8221;<\/em><\/p>\n<p><strong><\/strong>Jastrz\u0119bski erinnert uns zudem daran, wie hoch die &#8220;verh\u00e4ngnisvolle&#8221; Grundspannung dieser Wahlen in Polen wirklich ist. Trzaskowski <a rel=\"nofollow noopener\" target=\"_blank\" href=\"https:\/\/en.wikipedia.org\/wiki\/Cranbrook_Schools#Notable_alumni\">schloss<\/a> erst die private Cranbrook-Kingswood High School in Bloomfield Hills im US-Bundesstaat Michigan ab, bevor er dann (gro\u00dfz\u00fcgig von einem Stipendienprogramm von George Soros getragen) an die Oxford Universit\u00e4t gelangte, um sp\u00e4ter weiter an EU-Institutionen seine Expertise in Internationalen Beziehungen bis in die Unkenntlichkeit zu verfeinern.<\/p>\n<p><strong><\/strong>Dagegen hatte der &#8220;traditionelle und konservative&#8221; Karol Nawrocki sich \u2013 fern von George Soros, versteht sich \u2013 vom International Visitor Leadership Program (IVLP) ausbilden und politisch verfeinern lassen. Das IVLP ist eine entscheidende ideologische Schmiede des US-Au\u00dfenministeriums.<\/p>\n<p><strong><\/strong>Das formwandelnde Geschenkpapier, in das jeweils Nawrocki und Trzaskowski f\u00fcr das polnische Volk m\u00fchsam eingepackt wurden, unterscheidet sich stark in seinen Mustern, Farben und Symbolen. Der faule, russophobe und Polen selbst langfristig sch\u00e4digende Inhalt dagegen ist bei beiden nahezu deckungsgleich. Beide Kandidaten, von beiden &#8220;politischen Polen&#8221; Polens, nehmen sich nicht viel in ihrer Aversion gegen\u00fcber dem finsteren und ewig unbegreiflichen Kreml, w\u00e4hrend sie sich in ihrer bedingungslosen Unterw\u00fcrfigkeit zu Onkel Sam unerm\u00fcdlich zu \u00fcberbieten suchen werden \u2013 selbstverst\u00e4ndlich auch unter Trump.<\/p>\n<p><strong><\/strong><em>Elem Chintsky ist ein deutsch-polnischer Journalist, der zu geopolitischen, historischen, finanziellen und kulturellen Themen schreibt. Die fruchtbare Zusammenarbeit mit RT DE besteht seit 2017. Seit Anfang 2020 lebt und arbeitet der freischaffende Autor im russischen Sankt Petersburg. Der urspr\u00fcnglich als Filmregisseur und Drehbuchautor ausgebildete Chintsky betreibt au\u00dferdem einen eigenen <a rel=\"nofollow noopener\" target=\"_blank\" href=\"https:\/\/t.me\/elemread\">Kanal auf Telegram<\/a>, auf dem man noch mehr von ihm lesen kann.<\/em><\/p>\n<p><strong>Mehr zum Thema<\/strong>\u00a0\u2013 <a rel=\"nofollow noopener\" target=\"_blank\" href=\"https:\/\/freedert.online\/international\/226787-medien-polnische-geheimdienste-bereiten-kaempfer\/\">Medien: Polnische Geheimdienste bereiten K\u00e4mpfer f\u00fcr Angriff auf Wei\u00dfrussland vor<\/a><\/p>\n<div class=\"EmbedBlock-root EmbedBlock-externalVideo EmbedBlock-rumble\">\n<div class=\"VkEmbed\"><iframe class=\"lazyload\" data-src=\"https:\/\/rumble.com\/embed\/v5qti6q\" frameborder=\"0\" width=\"853\" height=\"480\" allowfullscreen><\/iframe><\/div>\n<\/div>\n<\/div>\n<p><br \/>\n<br \/><a href=\"https:\/\/de.rt.com\/europa\/227356-wer-wird-naechste-praesident-polens\/\">Source link <\/a><\/p>\n","protected":false},"excerpt":{"rendered":"<p>Kurzum: Es ist vollkommen irrelevant. Polens Schicksal wurde bereits vor 35 Jahren auf unflexible, starre Schienen gestellt. Zu Unterhaltungszwecken kann man sich die beiden Zwillingskandidaten der Volksparteien aber durchaus einmal anschauen. Von Elem Chintsky Vor wenigen Tagen hat die polnische Regierungspartei B\u00fcrgerplattform (Platforma Obywatelska \u2013 PO) in einer Vorwahl entschieden, ob Rados\u0142aw Sikorski oder Rafa\u0142 [&hellip;]<\/p>\n","protected":false},"author":3,"featured_media":73620,"comment_status":"open","ping_status":"open","sticky":false,"template":"","format":"standard","meta":{"_yoast_indexnow_last_ping":["1733060171"],"wp_automatic_camp":["217"],"51d52b0dcb0f15c94093cbf9bae953c9":["Wer wird der n\u00e4chste Pr\u00e4sident Polens?"],"original_link":["https:\/\/de.rt.com\/europa\/227356-wer-wird-naechste-praesident-polens\/"],"_thumbnail_id":["73620"],"_wptgpro_p2tg_sent2tg":["a:1:{i:23737;s:19:\"2024-12-01 15:37:30\";}"],"jnews_social_counter_last_update":["1777156576"]},"categories":[19,23],"tags":[82,5590,14418,3464,8965,374],"yoast_head":"<!-- This site is optimized with the Yoast SEO Premium plugin v22.7 (Yoast SEO v22.7) - https:\/\/yoast.com\/wordpress\/plugins\/seo\/ -->\n<title>Wer wird der n\u00e4chste Pr\u00e4sident Polens? - just-now.NEWS Deutschland<\/title>\n<meta name=\"robots\" content=\"index, follow, max-snippet:-1, max-image-preview:large, max-video-preview:-1\" \/>\n<link rel=\"canonical\" href=\"https:\/\/now-news.de\/de\/deutschland\/wer-wird-der-naechste-praesident-polens\/\" \/>\n<meta property=\"og:locale\" content=\"de_DE\" \/>\n<meta property=\"og:type\" content=\"article\" \/>\n<meta property=\"og:title\" content=\"Wer wird der n\u00e4chste Pr\u00e4sident Polens?\" \/>\n<meta property=\"og:description\" content=\"Kurzum: Es ist vollkommen irrelevant. Polens Schicksal wurde bereits vor 35 Jahren auf unflexible, starre Schienen gestellt. Zu Unterhaltungszwecken kann man sich die beiden Zwillingskandidaten der Volksparteien aber durchaus einmal anschauen. Von Elem Chintsky Vor wenigen Tagen hat die polnische Regierungspartei B\u00fcrgerplattform (Platforma Obywatelska \u2013 PO) in einer Vorwahl entschieden, ob Rados\u0142aw Sikorski oder Rafa\u0142 [&hellip;]\" \/>\n<meta property=\"og:url\" content=\"https:\/\/now-news.de\/de\/deutschland\/wer-wird-der-naechste-praesident-polens\/\" \/>\n<meta property=\"og:site_name\" content=\"just-now.NEWS Deutschland\" \/>\n<meta property=\"article:publisher\" content=\"https:\/\/www.facebook.com\/wirmachenauf\" \/>\n<meta property=\"article:published_time\" content=\"2024-12-01T13:25:04+00:00\" \/>\n<meta property=\"og:image\" content=\"https:\/\/now-news.de\/de\/wp-content\/uploads\/sites\/3\/2024\/12\/6745d66cb480cc53c55346d8.jpg\" \/>\n<meta name=\"author\" content=\"rtnews\" \/>\n<meta name=\"twitter:card\" content=\"summary_large_image\" \/>\n<meta name=\"twitter:creator\" content=\"@WirMachenAuf_de\" \/>\n<meta name=\"twitter:site\" content=\"@WirMachenAuf_de\" \/>\n<meta name=\"twitter:label1\" content=\"Verfasst von\" \/>\n\t<meta name=\"twitter:data1\" content=\"rtnews\" \/>\n\t<meta name=\"twitter:label2\" content=\"Gesch\u00e4tzte Lesezeit\" \/>\n\t<meta name=\"twitter:data2\" content=\"5\u00a0Minuten\" \/>\n<script type=\"application\/ld+json\" class=\"yoast-schema-graph\">{\"@context\":\"https:\/\/schema.org\",\"@graph\":[{\"@type\":\"Article\",\"@id\":\"https:\/\/now-news.de\/de\/deutschland\/wer-wird-der-naechste-praesident-polens\/#article\",\"isPartOf\":{\"@id\":\"https:\/\/now-news.de\/de\/deutschland\/wer-wird-der-naechste-praesident-polens\/\"},\"author\":{\"name\":\"rtnews\",\"@id\":\"https:\/\/now-news.de\/de\/#\/schema\/person\/fb534a4e865501d8b3285208df34a9b5\"},\"headline\":\"Wer wird der n\u00e4chste Pr\u00e4sident Polens?\",\"datePublished\":\"2024-12-01T13:25:04+00:00\",\"dateModified\":\"2024-12-01T13:25:04+00:00\",\"mainEntityOfPage\":{\"@id\":\"https:\/\/now-news.de\/de\/deutschland\/wer-wird-der-naechste-praesident-polens\/\"},\"wordCount\":913,\"commentCount\":0,\"publisher\":{\"@id\":\"https:\/\/now-news.de\/de\/#organization\"},\"image\":{\"@id\":\"https:\/\/now-news.de\/de\/deutschland\/wer-wird-der-naechste-praesident-polens\/#primaryimage\"},\"thumbnailUrl\":\"https:\/\/now-news.de\/de\/wp-content\/uploads\/sites\/3\/2024\/12\/Wer-wird-der-naechste-Praesident-Polens.jpg\",\"keywords\":[\"der\",\"n\u00e4chste\",\"Polens\",\"Pr\u00e4sident\",\"Wer\",\"wird\"],\"articleSection\":[\"Deutschland\",\"Russland\"],\"inLanguage\":\"de\",\"potentialAction\":[{\"@type\":\"CommentAction\",\"name\":\"Comment\",\"target\":[\"https:\/\/now-news.de\/de\/deutschland\/wer-wird-der-naechste-praesident-polens\/#respond\"]}]},{\"@type\":\"WebPage\",\"@id\":\"https:\/\/now-news.de\/de\/deutschland\/wer-wird-der-naechste-praesident-polens\/\",\"url\":\"https:\/\/now-news.de\/de\/deutschland\/wer-wird-der-naechste-praesident-polens\/\",\"name\":\"Wer wird der n\u00e4chste Pr\u00e4sident Polens? - just-now.NEWS Deutschland\",\"isPartOf\":{\"@id\":\"https:\/\/now-news.de\/de\/#website\"},\"primaryImageOfPage\":{\"@id\":\"https:\/\/now-news.de\/de\/deutschland\/wer-wird-der-naechste-praesident-polens\/#primaryimage\"},\"image\":{\"@id\":\"https:\/\/now-news.de\/de\/deutschland\/wer-wird-der-naechste-praesident-polens\/#primaryimage\"},\"thumbnailUrl\":\"https:\/\/now-news.de\/de\/wp-content\/uploads\/sites\/3\/2024\/12\/Wer-wird-der-naechste-Praesident-Polens.jpg\",\"datePublished\":\"2024-12-01T13:25:04+00:00\",\"dateModified\":\"2024-12-01T13:25:04+00:00\",\"breadcrumb\":{\"@id\":\"https:\/\/now-news.de\/de\/deutschland\/wer-wird-der-naechste-praesident-polens\/#breadcrumb\"},\"inLanguage\":\"de\",\"potentialAction\":[{\"@type\":\"ReadAction\",\"target\":[\"https:\/\/now-news.de\/de\/deutschland\/wer-wird-der-naechste-praesident-polens\/\"]}]},{\"@type\":\"ImageObject\",\"inLanguage\":\"de\",\"@id\":\"https:\/\/now-news.de\/de\/deutschland\/wer-wird-der-naechste-praesident-polens\/#primaryimage\",\"url\":\"https:\/\/now-news.de\/de\/wp-content\/uploads\/sites\/3\/2024\/12\/Wer-wird-der-naechste-Praesident-Polens.jpg\",\"contentUrl\":\"https:\/\/now-news.de\/de\/wp-content\/uploads\/sites\/3\/2024\/12\/Wer-wird-der-naechste-Praesident-Polens.jpg\",\"width\":460,\"height\":259,\"caption\":\"Wer wird der n\u00e4chste Pr\u00e4sident Polens?\"},{\"@type\":\"BreadcrumbList\",\"@id\":\"https:\/\/now-news.de\/de\/deutschland\/wer-wird-der-naechste-praesident-polens\/#breadcrumb\",\"itemListElement\":[{\"@type\":\"ListItem\",\"position\":1,\"name\":\"Home\",\"item\":\"https:\/\/now-news.de\/de\/\"},{\"@type\":\"ListItem\",\"position\":2,\"name\":\"Wer wird der n\u00e4chste Pr\u00e4sident Polens?\"}]},{\"@type\":\"WebSite\",\"@id\":\"https:\/\/now-news.de\/de\/#website\",\"url\":\"https:\/\/now-news.de\/de\/\",\"name\":\"just-now.NEWS Deutschland\",\"description\":\"Das Portal f\u00fcr unzensierte Nachrichten aus der Welt\",\"publisher\":{\"@id\":\"https:\/\/now-news.de\/de\/#organization\"},\"potentialAction\":[{\"@type\":\"SearchAction\",\"target\":{\"@type\":\"EntryPoint\",\"urlTemplate\":\"https:\/\/now-news.de\/de\/?s={search_term_string}\"},\"query-input\":\"required name=search_term_string\"}],\"inLanguage\":\"de\"},{\"@type\":\"Organization\",\"@id\":\"https:\/\/now-news.de\/de\/#organization\",\"name\":\"Just Now News\",\"url\":\"https:\/\/now-news.de\/de\/\",\"logo\":{\"@type\":\"ImageObject\",\"inLanguage\":\"de\",\"@id\":\"https:\/\/now-news.de\/de\/#\/schema\/logo\/image\/\",\"url\":\"http:\/\/just-now.news\/de\/wp-content\/uploads\/sites\/3\/2022\/04\/logo500x500.jpg\",\"contentUrl\":\"http:\/\/just-now.news\/de\/wp-content\/uploads\/sites\/3\/2022\/04\/logo500x500.jpg\",\"width\":500,\"height\":500,\"caption\":\"Just Now News\"},\"image\":{\"@id\":\"https:\/\/now-news.de\/de\/#\/schema\/logo\/image\/\"},\"sameAs\":[\"https:\/\/www.facebook.com\/wirmachenauf\",\"https:\/\/x.com\/WirMachenAuf_de\"]},{\"@type\":\"Person\",\"@id\":\"https:\/\/now-news.de\/de\/#\/schema\/person\/fb534a4e865501d8b3285208df34a9b5\",\"name\":\"rtnews\",\"image\":{\"@type\":\"ImageObject\",\"inLanguage\":\"de\",\"@id\":\"https:\/\/now-news.de\/de\/#\/schema\/person\/image\/\",\"url\":\"https:\/\/secure.gravatar.com\/avatar\/82aafea7d8127119dd649515f56e2117?s=96&d=mm&r=g\",\"contentUrl\":\"https:\/\/secure.gravatar.com\/avatar\/82aafea7d8127119dd649515f56e2117?s=96&d=mm&r=g\",\"caption\":\"rtnews\"},\"url\":\"https:\/\/now-news.de\/de\/author\/rnews\/\"}]}<\/script>\n<!-- \/ Yoast SEO Premium plugin. -->","yoast_head_json":{"title":"Wer wird der n\u00e4chste Pr\u00e4sident Polens? - just-now.NEWS Deutschland","robots":{"index":"index","follow":"follow","max-snippet":"max-snippet:-1","max-image-preview":"max-image-preview:large","max-video-preview":"max-video-preview:-1"},"canonical":"https:\/\/now-news.de\/de\/deutschland\/wer-wird-der-naechste-praesident-polens\/","og_locale":"de_DE","og_type":"article","og_title":"Wer wird der n\u00e4chste Pr\u00e4sident Polens?","og_description":"Kurzum: Es ist vollkommen irrelevant. Polens Schicksal wurde bereits vor 35 Jahren auf unflexible, starre Schienen gestellt. Zu Unterhaltungszwecken kann man sich die beiden Zwillingskandidaten der Volksparteien aber durchaus einmal anschauen. Von Elem Chintsky Vor wenigen Tagen hat die polnische Regierungspartei B\u00fcrgerplattform (Platforma Obywatelska \u2013 PO) in einer Vorwahl entschieden, ob Rados\u0142aw Sikorski oder Rafa\u0142 [&hellip;]","og_url":"https:\/\/now-news.de\/de\/deutschland\/wer-wird-der-naechste-praesident-polens\/","og_site_name":"just-now.NEWS Deutschland","article_publisher":"https:\/\/www.facebook.com\/wirmachenauf","article_published_time":"2024-12-01T13:25:04+00:00","og_image":[{"url":"https:\/\/now-news.de\/de\/wp-content\/uploads\/sites\/3\/2024\/12\/6745d66cb480cc53c55346d8.jpg"}],"author":"rtnews","twitter_card":"summary_large_image","twitter_creator":"@WirMachenAuf_de","twitter_site":"@WirMachenAuf_de","twitter_misc":{"Verfasst von":"rtnews","Gesch\u00e4tzte Lesezeit":"5\u00a0Minuten"},"schema":{"@context":"https:\/\/schema.org","@graph":[{"@type":"Article","@id":"https:\/\/now-news.de\/de\/deutschland\/wer-wird-der-naechste-praesident-polens\/#article","isPartOf":{"@id":"https:\/\/now-news.de\/de\/deutschland\/wer-wird-der-naechste-praesident-polens\/"},"author":{"name":"rtnews","@id":"https:\/\/now-news.de\/de\/#\/schema\/person\/fb534a4e865501d8b3285208df34a9b5"},"headline":"Wer wird der n\u00e4chste Pr\u00e4sident Polens?","datePublished":"2024-12-01T13:25:04+00:00","dateModified":"2024-12-01T13:25:04+00:00","mainEntityOfPage":{"@id":"https:\/\/now-news.de\/de\/deutschland\/wer-wird-der-naechste-praesident-polens\/"},"wordCount":913,"commentCount":0,"publisher":{"@id":"https:\/\/now-news.de\/de\/#organization"},"image":{"@id":"https:\/\/now-news.de\/de\/deutschland\/wer-wird-der-naechste-praesident-polens\/#primaryimage"},"thumbnailUrl":"https:\/\/now-news.de\/de\/wp-content\/uploads\/sites\/3\/2024\/12\/Wer-wird-der-naechste-Praesident-Polens.jpg","keywords":["der","n\u00e4chste","Polens","Pr\u00e4sident","Wer","wird"],"articleSection":["Deutschland","Russland"],"inLanguage":"de","potentialAction":[{"@type":"CommentAction","name":"Comment","target":["https:\/\/now-news.de\/de\/deutschland\/wer-wird-der-naechste-praesident-polens\/#respond"]}]},{"@type":"WebPage","@id":"https:\/\/now-news.de\/de\/deutschland\/wer-wird-der-naechste-praesident-polens\/","url":"https:\/\/now-news.de\/de\/deutschland\/wer-wird-der-naechste-praesident-polens\/","name":"Wer wird der n\u00e4chste Pr\u00e4sident Polens? - just-now.NEWS Deutschland","isPartOf":{"@id":"https:\/\/now-news.de\/de\/#website"},"primaryImageOfPage":{"@id":"https:\/\/now-news.de\/de\/deutschland\/wer-wird-der-naechste-praesident-polens\/#primaryimage"},"image":{"@id":"https:\/\/now-news.de\/de\/deutschland\/wer-wird-der-naechste-praesident-polens\/#primaryimage"},"thumbnailUrl":"https:\/\/now-news.de\/de\/wp-content\/uploads\/sites\/3\/2024\/12\/Wer-wird-der-naechste-Praesident-Polens.jpg","datePublished":"2024-12-01T13:25:04+00:00","dateModified":"2024-12-01T13:25:04+00:00","breadcrumb":{"@id":"https:\/\/now-news.de\/de\/deutschland\/wer-wird-der-naechste-praesident-polens\/#breadcrumb"},"inLanguage":"de","potentialAction":[{"@type":"ReadAction","target":["https:\/\/now-news.de\/de\/deutschland\/wer-wird-der-naechste-praesident-polens\/"]}]},{"@type":"ImageObject","inLanguage":"de","@id":"https:\/\/now-news.de\/de\/deutschland\/wer-wird-der-naechste-praesident-polens\/#primaryimage","url":"https:\/\/now-news.de\/de\/wp-content\/uploads\/sites\/3\/2024\/12\/Wer-wird-der-naechste-Praesident-Polens.jpg","contentUrl":"https:\/\/now-news.de\/de\/wp-content\/uploads\/sites\/3\/2024\/12\/Wer-wird-der-naechste-Praesident-Polens.jpg","width":460,"height":259,"caption":"Wer wird der n\u00e4chste Pr\u00e4sident Polens?"},{"@type":"BreadcrumbList","@id":"https:\/\/now-news.de\/de\/deutschland\/wer-wird-der-naechste-praesident-polens\/#breadcrumb","itemListElement":[{"@type":"ListItem","position":1,"name":"Home","item":"https:\/\/now-news.de\/de\/"},{"@type":"ListItem","position":2,"name":"Wer wird der n\u00e4chste Pr\u00e4sident Polens?"}]},{"@type":"WebSite","@id":"https:\/\/now-news.de\/de\/#website","url":"https:\/\/now-news.de\/de\/","name":"just-now.NEWS Deutschland","description":"Das Portal f\u00fcr unzensierte Nachrichten aus der Welt","publisher":{"@id":"https:\/\/now-news.de\/de\/#organization"},"potentialAction":[{"@type":"SearchAction","target":{"@type":"EntryPoint","urlTemplate":"https:\/\/now-news.de\/de\/?s={search_term_string}"},"query-input":"required name=search_term_string"}],"inLanguage":"de"},{"@type":"Organization","@id":"https:\/\/now-news.de\/de\/#organization","name":"Just Now News","url":"https:\/\/now-news.de\/de\/","logo":{"@type":"ImageObject","inLanguage":"de","@id":"https:\/\/now-news.de\/de\/#\/schema\/logo\/image\/","url":"http:\/\/just-now.news\/de\/wp-content\/uploads\/sites\/3\/2022\/04\/logo500x500.jpg","contentUrl":"http:\/\/just-now.news\/de\/wp-content\/uploads\/sites\/3\/2022\/04\/logo500x500.jpg","width":500,"height":500,"caption":"Just Now News"},"image":{"@id":"https:\/\/now-news.de\/de\/#\/schema\/logo\/image\/"},"sameAs":["https:\/\/www.facebook.com\/wirmachenauf","https:\/\/x.com\/WirMachenAuf_de"]},{"@type":"Person","@id":"https:\/\/now-news.de\/de\/#\/schema\/person\/fb534a4e865501d8b3285208df34a9b5","name":"rtnews","image":{"@type":"ImageObject","inLanguage":"de","@id":"https:\/\/now-news.de\/de\/#\/schema\/person\/image\/","url":"https:\/\/secure.gravatar.com\/avatar\/82aafea7d8127119dd649515f56e2117?s=96&d=mm&r=g","contentUrl":"https:\/\/secure.gravatar.com\/avatar\/82aafea7d8127119dd649515f56e2117?s=96&d=mm&r=g","caption":"rtnews"},"url":"https:\/\/now-news.de\/de\/author\/rnews\/"}]}},"_links":{"self":[{"href":"https:\/\/now-news.de\/de\/wp-json\/wp\/v2\/posts\/73619"}],"collection":[{"href":"https:\/\/now-news.de\/de\/wp-json\/wp\/v2\/posts"}],"about":[{"href":"https:\/\/now-news.de\/de\/wp-json\/wp\/v2\/types\/post"}],"author":[{"embeddable":true,"href":"https:\/\/now-news.de\/de\/wp-json\/wp\/v2\/users\/3"}],"replies":[{"embeddable":true,"href":"https:\/\/now-news.de\/de\/wp-json\/wp\/v2\/comments?post=73619"}],"version-history":[{"count":0,"href":"https:\/\/now-news.de\/de\/wp-json\/wp\/v2\/posts\/73619\/revisions"}],"wp:featuredmedia":[{"embeddable":true,"href":"https:\/\/now-news.de\/de\/wp-json\/wp\/v2\/media\/73620"}],"wp:attachment":[{"href":"https:\/\/now-news.de\/de\/wp-json\/wp\/v2\/media?parent=73619"}],"wp:term":[{"taxonomy":"category","embeddable":true,"href":"https:\/\/now-news.de\/de\/wp-json\/wp\/v2\/categories?post=73619"},{"taxonomy":"post_tag","embeddable":true,"href":"https:\/\/now-news.de\/de\/wp-json\/wp\/v2\/tags?post=73619"}],"curies":[{"name":"wp","href":"https:\/\/api.w.org\/{rel}","templated":true}]}}