{"id":73601,"date":"2024-11-30T22:37:56","date_gmt":"2024-11-30T20:37:56","guid":{"rendered":"https:\/\/now-news.de\/de\/deutschland\/polen-kuendigt-ausweitung-des-oestlichen-schildes-auf-grenze-zur-ukraine-an\/"},"modified":"2024-11-30T22:37:56","modified_gmt":"2024-11-30T20:37:56","slug":"polen-kuendigt-ausweitung-des-oestlichen-schildes-auf-grenze-zur-ukraine-an","status":"publish","type":"post","link":"https:\/\/now-news.de\/de\/deutschland\/polen-kuendigt-ausweitung-des-oestlichen-schildes-auf-grenze-zur-ukraine-an\/","title":{"rendered":"Polen k\u00fcndigt Ausweitung des &quot;\u00d6stlichen Schildes&quot; auf Grenze zur Ukraine an"},"content":{"rendered":"<p><img decoding=\"async\" src=\"https:\/\/now-news.de\/de\/wp-content\/uploads\/sites\/3\/2024\/11\/674b40aab480cc41be146ce9.jpg\" \/><\/p>\n<div class=\"Text-root Text-type_1 \">\n                Der polnische Premierminister Tusk hat den ersten Abschnitt des Ostschilds besucht und dessen Ausweitung bis zur Grenze zur Ukraine angek\u00fcndigt, um f\u00fcr ein st\u00e4rkeres Sicherheitsgef\u00fchl in Europa zu sorgen. Derzeit wird an den Verteidigungsanlagen in der N\u00e4he des Gebiets Kaliningrad gebaut.\n            <\/div>\n<p><\/p>\n<div class=\"Text-root Text-type_5 ArticleView-text ViewText-root \">\n<p>Die polnische Verteidigungslinie &#8220;\u00d6stlicher Schild&#8221; wird bis zur Grenze mit der Ukraine verl\u00e4ngert, teilte der Premierminister Donald Tusk bei einem Besuch des ersten gebauten Abschnitts mit. Er sagte:<strong><\/strong><\/p>\n<blockquote>\n<p><em>&#8220;Alles, was wir hier tun, und wir werden es auch an der Grenze zu Wei\u00dfrussland und der Ukraine tun, zielt darauf ab, einen m\u00f6glichen Aggressor abzuschrecken und zu vereiteln, dies ist also wirklich eine Investition in den Frieden. Wir werden daf\u00fcr Milliarden von Z\u0142oty ausgeben. Aber ganz Europa beobachtet dies mit Genugtuung und wird die Investition und unsere Ma\u00dfnahmen, wenn n\u00f6tig, unterst\u00fctzen.&#8221;<\/em><\/p>\n<\/blockquote>\n<p>Polens Ministerpr\u00e4sident behauptete, dass der Bau des Ostschildes an der Grenze zur Ukraine von dem Wunsch getragen werde, &#8220;sich an der gesamten Ostgrenze sicher zu f\u00fchlen&#8221;. Er f\u00fcgte hinzu, dass &#8220;die polnische Grenze umso unzug\u00e4nglicher f\u00fcr diejenigen sein wird, die schlechte Absichten hegen, je besser sie Grenze bewacht wird&#8221;. Tusk merkte an:<\/p>\n<blockquote>\n<p><em>&#8220;Es war eine sehr moderne Idee, wie man die Grenze sch\u00fctzen kann, indem man verschiedene Infrastrukturelemente wie sogenannte Betonhecken, Panzerabwehrgr\u00e4ben und auch Elemente der nat\u00fcrlichen Umgebung einbezieht.&#8221;<\/em><\/p>\n<\/blockquote>\n<p>Tusk hatte am 1. November den Start der Errichtung des &#8220;\u00d6stlichen Schildes&#8221; angek\u00fcndigt. Die erste Phase umfasste den Bau von Verteidigungsanlagen entlang der 400 Kilometer langen Grenze zu Russland und Wei\u00dfrussland. Das russische Gebiet Kaliningrad grenzt direkt an Polen. Die Kosten f\u00fcr die Arbeiten wurden auf 2,6 Milliarden US-Dollar gesch\u00e4tzt. Dem polnischen Premier zufolge sind die Bauarbeiten dem Zeitplan voraus. <\/p>\n<p>Nach dem Beginn der milit\u00e4rischen Sonderoperation in der Ukraine haben westliche Politiker wiederholt angedeutet, dass Russland auch NATO-L\u00e4nder angreifen wolle. Pr\u00e4sident Wladimir Putin bezeichnete solche \u00c4u\u00dferungen als &#8220;Unsinn&#8221;. Moskau sei nicht an einem Krieg mit den B\u00fcndnismitgliedern interessiert, erkl\u00e4rte er. Die Sprecherin des russischen Au\u00dfenministeriums, Maria Sacharowa, sagte ihrerseits, die NATO habe aggressive Absichten gegen Russland.<\/p>\n<p><strong>Mehr zum Thema<\/strong> &#8211; <a rel=\"nofollow noopener\" target=\"_blank\" href=\"https:\/\/freedert.online\/europa\/227759-polen-ruestet-weiter-auf-klein\/\">Klein, aber unbeirrt \u2013 Polen r\u00fcstet weiter auf<\/a><\/p>\n<\/div>\n<p><br \/>\n<br \/><a href=\"https:\/\/de.rt.com\/europa\/227847-polen-kuendigt-ausweitung-oestlichen-schildes\/\">Source link <\/a><\/p>\n","protected":false},"excerpt":{"rendered":"<p>Der polnische Premierminister Tusk hat den ersten Abschnitt des Ostschilds besucht und dessen Ausweitung bis zur Grenze zur Ukraine angek\u00fcndigt, um f\u00fcr ein st\u00e4rkeres Sicherheitsgef\u00fchl in Europa zu sorgen. Derzeit wird an den Verteidigungsanlagen in der N\u00e4he des Gebiets Kaliningrad gebaut. Die polnische Verteidigungslinie &#8220;\u00d6stlicher Schild&#8221; wird bis zur Grenze mit der Ukraine verl\u00e4ngert, teilte [&hellip;]<\/p>\n","protected":false},"author":3,"featured_media":73602,"comment_status":"open","ping_status":"open","sticky":false,"template":"","format":"standard","meta":{"_yoast_indexnow_last_ping":["1732999208"],"wp_automatic_camp":["217"],"38660e4ada2a8c02d6d7c7e253c72ba1":["Polen k\u00fcndigt Ausweitung des &quot;\u00d6stlichen Schildes&quot; auf Grenze zur Ukraine an"],"original_link":["https:\/\/de.rt.com\/europa\/227847-polen-kuendigt-ausweitung-oestlichen-schildes\/"],"_thumbnail_id":["73602"],"_wptgpro_p2tg_sent2tg":["a:1:{i:23737;s:19:\"2024-11-30 22:41:12\";}"],"jnews_social_counter_last_update":["1776659449"]},"categories":[19,23],"tags":[133,19013,583,366,4224,5850,60688,60689,127,581],"yoast_head":"<!-- This site is optimized with the Yoast SEO Premium plugin v22.7 (Yoast SEO v22.7) - https:\/\/yoast.com\/wordpress\/plugins\/seo\/ -->\n<title>Polen k\u00fcndigt Ausweitung des &quot;\u00d6stlichen Schildes&quot; auf Grenze zur Ukraine an - just-now.NEWS Deutschland<\/title>\n<meta name=\"robots\" content=\"index, follow, max-snippet:-1, max-image-preview:large, max-video-preview:-1\" \/>\n<link rel=\"canonical\" href=\"https:\/\/now-news.de\/de\/deutschland\/polen-kuendigt-ausweitung-des-oestlichen-schildes-auf-grenze-zur-ukraine-an\/\" \/>\n<meta property=\"og:locale\" content=\"de_DE\" \/>\n<meta property=\"og:type\" content=\"article\" \/>\n<meta property=\"og:title\" content=\"Polen k\u00fcndigt Ausweitung des &quot;\u00d6stlichen Schildes&quot; auf Grenze zur Ukraine an\" \/>\n<meta property=\"og:description\" content=\"Der polnische Premierminister Tusk hat den ersten Abschnitt des Ostschilds besucht und dessen Ausweitung bis zur Grenze zur Ukraine angek\u00fcndigt, um f\u00fcr ein st\u00e4rkeres Sicherheitsgef\u00fchl in Europa zu sorgen. Derzeit wird an den Verteidigungsanlagen in der N\u00e4he des Gebiets Kaliningrad gebaut. Die polnische Verteidigungslinie &#8220;\u00d6stlicher Schild&#8221; wird bis zur Grenze mit der Ukraine verl\u00e4ngert, teilte [&hellip;]\" \/>\n<meta property=\"og:url\" content=\"https:\/\/now-news.de\/de\/deutschland\/polen-kuendigt-ausweitung-des-oestlichen-schildes-auf-grenze-zur-ukraine-an\/\" \/>\n<meta property=\"og:site_name\" content=\"just-now.NEWS Deutschland\" \/>\n<meta property=\"article:publisher\" content=\"https:\/\/www.facebook.com\/wirmachenauf\" \/>\n<meta property=\"article:published_time\" content=\"2024-11-30T20:37:56+00:00\" \/>\n<meta property=\"og:image\" content=\"https:\/\/now-news.de\/de\/wp-content\/uploads\/sites\/3\/2024\/11\/674b40aab480cc41be146ce9.jpg\" \/>\n<meta name=\"author\" content=\"rtnews\" \/>\n<meta name=\"twitter:card\" content=\"summary_large_image\" \/>\n<meta name=\"twitter:creator\" content=\"@WirMachenAuf_de\" \/>\n<meta name=\"twitter:site\" content=\"@WirMachenAuf_de\" \/>\n<meta name=\"twitter:label1\" content=\"Verfasst von\" \/>\n\t<meta name=\"twitter:data1\" content=\"rtnews\" \/>\n\t<meta name=\"twitter:label2\" content=\"Gesch\u00e4tzte Lesezeit\" \/>\n\t<meta name=\"twitter:data2\" content=\"2\u00a0Minuten\" \/>\n<script type=\"application\/ld+json\" class=\"yoast-schema-graph\">{\"@context\":\"https:\/\/schema.org\",\"@graph\":[{\"@type\":\"Article\",\"@id\":\"https:\/\/now-news.de\/de\/deutschland\/polen-kuendigt-ausweitung-des-oestlichen-schildes-auf-grenze-zur-ukraine-an\/#article\",\"isPartOf\":{\"@id\":\"https:\/\/now-news.de\/de\/deutschland\/polen-kuendigt-ausweitung-des-oestlichen-schildes-auf-grenze-zur-ukraine-an\/\"},\"author\":{\"name\":\"rtnews\",\"@id\":\"https:\/\/now-news.de\/de\/#\/schema\/person\/fb534a4e865501d8b3285208df34a9b5\"},\"headline\":\"Polen k\u00fcndigt Ausweitung des &quot;\u00d6stlichen Schildes&quot; auf Grenze zur Ukraine an\",\"datePublished\":\"2024-11-30T20:37:56+00:00\",\"dateModified\":\"2024-11-30T20:37:56+00:00\",\"mainEntityOfPage\":{\"@id\":\"https:\/\/now-news.de\/de\/deutschland\/polen-kuendigt-ausweitung-des-oestlichen-schildes-auf-grenze-zur-ukraine-an\/\"},\"wordCount\":384,\"commentCount\":0,\"publisher\":{\"@id\":\"https:\/\/now-news.de\/de\/#organization\"},\"image\":{\"@id\":\"https:\/\/now-news.de\/de\/deutschland\/polen-kuendigt-ausweitung-des-oestlichen-schildes-auf-grenze-zur-ukraine-an\/#primaryimage\"},\"thumbnailUrl\":\"https:\/\/now-news.de\/de\/wp-content\/uploads\/sites\/3\/2024\/11\/Polen-kuendigt-Ausweitung-des-quotOestlichen-Schildesquot-auf-Grenze-zur-Ukraine.jpg\",\"keywords\":[\"AUF\",\"Ausweitung\",\"des\",\"Grenze\",\"k\u00fcndigt\",\"Polen\",\"quot\u00d6stlichen\",\"Schildesquot\",\"ukraine\",\"zur\"],\"articleSection\":[\"Deutschland\",\"Russland\"],\"inLanguage\":\"de\",\"potentialAction\":[{\"@type\":\"CommentAction\",\"name\":\"Comment\",\"target\":[\"https:\/\/now-news.de\/de\/deutschland\/polen-kuendigt-ausweitung-des-oestlichen-schildes-auf-grenze-zur-ukraine-an\/#respond\"]}]},{\"@type\":\"WebPage\",\"@id\":\"https:\/\/now-news.de\/de\/deutschland\/polen-kuendigt-ausweitung-des-oestlichen-schildes-auf-grenze-zur-ukraine-an\/\",\"url\":\"https:\/\/now-news.de\/de\/deutschland\/polen-kuendigt-ausweitung-des-oestlichen-schildes-auf-grenze-zur-ukraine-an\/\",\"name\":\"Polen k\u00fcndigt Ausweitung des &quot;\u00d6stlichen Schildes&quot; auf Grenze zur Ukraine an - just-now.NEWS Deutschland\",\"isPartOf\":{\"@id\":\"https:\/\/now-news.de\/de\/#website\"},\"primaryImageOfPage\":{\"@id\":\"https:\/\/now-news.de\/de\/deutschland\/polen-kuendigt-ausweitung-des-oestlichen-schildes-auf-grenze-zur-ukraine-an\/#primaryimage\"},\"image\":{\"@id\":\"https:\/\/now-news.de\/de\/deutschland\/polen-kuendigt-ausweitung-des-oestlichen-schildes-auf-grenze-zur-ukraine-an\/#primaryimage\"},\"thumbnailUrl\":\"https:\/\/now-news.de\/de\/wp-content\/uploads\/sites\/3\/2024\/11\/Polen-kuendigt-Ausweitung-des-quotOestlichen-Schildesquot-auf-Grenze-zur-Ukraine.jpg\",\"datePublished\":\"2024-11-30T20:37:56+00:00\",\"dateModified\":\"2024-11-30T20:37:56+00:00\",\"breadcrumb\":{\"@id\":\"https:\/\/now-news.de\/de\/deutschland\/polen-kuendigt-ausweitung-des-oestlichen-schildes-auf-grenze-zur-ukraine-an\/#breadcrumb\"},\"inLanguage\":\"de\",\"potentialAction\":[{\"@type\":\"ReadAction\",\"target\":[\"https:\/\/now-news.de\/de\/deutschland\/polen-kuendigt-ausweitung-des-oestlichen-schildes-auf-grenze-zur-ukraine-an\/\"]}]},{\"@type\":\"ImageObject\",\"inLanguage\":\"de\",\"@id\":\"https:\/\/now-news.de\/de\/deutschland\/polen-kuendigt-ausweitung-des-oestlichen-schildes-auf-grenze-zur-ukraine-an\/#primaryimage\",\"url\":\"https:\/\/now-news.de\/de\/wp-content\/uploads\/sites\/3\/2024\/11\/Polen-kuendigt-Ausweitung-des-quotOestlichen-Schildesquot-auf-Grenze-zur-Ukraine.jpg\",\"contentUrl\":\"https:\/\/now-news.de\/de\/wp-content\/uploads\/sites\/3\/2024\/11\/Polen-kuendigt-Ausweitung-des-quotOestlichen-Schildesquot-auf-Grenze-zur-Ukraine.jpg\",\"width\":460,\"height\":259,\"caption\":\"Polen k\u00fcndigt Ausweitung des &quot;\u00d6stlichen Schildes&quot; auf Grenze zur Ukraine an\"},{\"@type\":\"BreadcrumbList\",\"@id\":\"https:\/\/now-news.de\/de\/deutschland\/polen-kuendigt-ausweitung-des-oestlichen-schildes-auf-grenze-zur-ukraine-an\/#breadcrumb\",\"itemListElement\":[{\"@type\":\"ListItem\",\"position\":1,\"name\":\"Home\",\"item\":\"https:\/\/now-news.de\/de\/\"},{\"@type\":\"ListItem\",\"position\":2,\"name\":\"Polen k\u00fcndigt Ausweitung des &quot;\u00d6stlichen Schildes&quot; auf Grenze zur Ukraine an\"}]},{\"@type\":\"WebSite\",\"@id\":\"https:\/\/now-news.de\/de\/#website\",\"url\":\"https:\/\/now-news.de\/de\/\",\"name\":\"just-now.NEWS Deutschland\",\"description\":\"Das Portal f\u00fcr unzensierte Nachrichten aus der Welt\",\"publisher\":{\"@id\":\"https:\/\/now-news.de\/de\/#organization\"},\"potentialAction\":[{\"@type\":\"SearchAction\",\"target\":{\"@type\":\"EntryPoint\",\"urlTemplate\":\"https:\/\/now-news.de\/de\/?s={search_term_string}\"},\"query-input\":\"required name=search_term_string\"}],\"inLanguage\":\"de\"},{\"@type\":\"Organization\",\"@id\":\"https:\/\/now-news.de\/de\/#organization\",\"name\":\"Just Now News\",\"url\":\"https:\/\/now-news.de\/de\/\",\"logo\":{\"@type\":\"ImageObject\",\"inLanguage\":\"de\",\"@id\":\"https:\/\/now-news.de\/de\/#\/schema\/logo\/image\/\",\"url\":\"http:\/\/just-now.news\/de\/wp-content\/uploads\/sites\/3\/2022\/04\/logo500x500.jpg\",\"contentUrl\":\"http:\/\/just-now.news\/de\/wp-content\/uploads\/sites\/3\/2022\/04\/logo500x500.jpg\",\"width\":500,\"height\":500,\"caption\":\"Just Now News\"},\"image\":{\"@id\":\"https:\/\/now-news.de\/de\/#\/schema\/logo\/image\/\"},\"sameAs\":[\"https:\/\/www.facebook.com\/wirmachenauf\",\"https:\/\/x.com\/WirMachenAuf_de\"]},{\"@type\":\"Person\",\"@id\":\"https:\/\/now-news.de\/de\/#\/schema\/person\/fb534a4e865501d8b3285208df34a9b5\",\"name\":\"rtnews\",\"image\":{\"@type\":\"ImageObject\",\"inLanguage\":\"de\",\"@id\":\"https:\/\/now-news.de\/de\/#\/schema\/person\/image\/\",\"url\":\"https:\/\/secure.gravatar.com\/avatar\/82aafea7d8127119dd649515f56e2117?s=96&d=mm&r=g\",\"contentUrl\":\"https:\/\/secure.gravatar.com\/avatar\/82aafea7d8127119dd649515f56e2117?s=96&d=mm&r=g\",\"caption\":\"rtnews\"},\"url\":\"https:\/\/now-news.de\/de\/author\/rnews\/\"}]}<\/script>\n<!-- \/ Yoast SEO Premium plugin. -->","yoast_head_json":{"title":"Polen k\u00fcndigt Ausweitung des &quot;\u00d6stlichen Schildes&quot; auf Grenze zur Ukraine an - just-now.NEWS Deutschland","robots":{"index":"index","follow":"follow","max-snippet":"max-snippet:-1","max-image-preview":"max-image-preview:large","max-video-preview":"max-video-preview:-1"},"canonical":"https:\/\/now-news.de\/de\/deutschland\/polen-kuendigt-ausweitung-des-oestlichen-schildes-auf-grenze-zur-ukraine-an\/","og_locale":"de_DE","og_type":"article","og_title":"Polen k\u00fcndigt Ausweitung des &quot;\u00d6stlichen Schildes&quot; auf Grenze zur Ukraine an","og_description":"Der polnische Premierminister Tusk hat den ersten Abschnitt des Ostschilds besucht und dessen Ausweitung bis zur Grenze zur Ukraine angek\u00fcndigt, um f\u00fcr ein st\u00e4rkeres Sicherheitsgef\u00fchl in Europa zu sorgen. Derzeit wird an den Verteidigungsanlagen in der N\u00e4he des Gebiets Kaliningrad gebaut. Die polnische Verteidigungslinie &#8220;\u00d6stlicher Schild&#8221; wird bis zur Grenze mit der Ukraine verl\u00e4ngert, teilte [&hellip;]","og_url":"https:\/\/now-news.de\/de\/deutschland\/polen-kuendigt-ausweitung-des-oestlichen-schildes-auf-grenze-zur-ukraine-an\/","og_site_name":"just-now.NEWS Deutschland","article_publisher":"https:\/\/www.facebook.com\/wirmachenauf","article_published_time":"2024-11-30T20:37:56+00:00","og_image":[{"url":"https:\/\/now-news.de\/de\/wp-content\/uploads\/sites\/3\/2024\/11\/674b40aab480cc41be146ce9.jpg"}],"author":"rtnews","twitter_card":"summary_large_image","twitter_creator":"@WirMachenAuf_de","twitter_site":"@WirMachenAuf_de","twitter_misc":{"Verfasst von":"rtnews","Gesch\u00e4tzte Lesezeit":"2\u00a0Minuten"},"schema":{"@context":"https:\/\/schema.org","@graph":[{"@type":"Article","@id":"https:\/\/now-news.de\/de\/deutschland\/polen-kuendigt-ausweitung-des-oestlichen-schildes-auf-grenze-zur-ukraine-an\/#article","isPartOf":{"@id":"https:\/\/now-news.de\/de\/deutschland\/polen-kuendigt-ausweitung-des-oestlichen-schildes-auf-grenze-zur-ukraine-an\/"},"author":{"name":"rtnews","@id":"https:\/\/now-news.de\/de\/#\/schema\/person\/fb534a4e865501d8b3285208df34a9b5"},"headline":"Polen k\u00fcndigt Ausweitung des &quot;\u00d6stlichen Schildes&quot; auf Grenze zur Ukraine an","datePublished":"2024-11-30T20:37:56+00:00","dateModified":"2024-11-30T20:37:56+00:00","mainEntityOfPage":{"@id":"https:\/\/now-news.de\/de\/deutschland\/polen-kuendigt-ausweitung-des-oestlichen-schildes-auf-grenze-zur-ukraine-an\/"},"wordCount":384,"commentCount":0,"publisher":{"@id":"https:\/\/now-news.de\/de\/#organization"},"image":{"@id":"https:\/\/now-news.de\/de\/deutschland\/polen-kuendigt-ausweitung-des-oestlichen-schildes-auf-grenze-zur-ukraine-an\/#primaryimage"},"thumbnailUrl":"https:\/\/now-news.de\/de\/wp-content\/uploads\/sites\/3\/2024\/11\/Polen-kuendigt-Ausweitung-des-quotOestlichen-Schildesquot-auf-Grenze-zur-Ukraine.jpg","keywords":["AUF","Ausweitung","des","Grenze","k\u00fcndigt","Polen","quot\u00d6stlichen","Schildesquot","ukraine","zur"],"articleSection":["Deutschland","Russland"],"inLanguage":"de","potentialAction":[{"@type":"CommentAction","name":"Comment","target":["https:\/\/now-news.de\/de\/deutschland\/polen-kuendigt-ausweitung-des-oestlichen-schildes-auf-grenze-zur-ukraine-an\/#respond"]}]},{"@type":"WebPage","@id":"https:\/\/now-news.de\/de\/deutschland\/polen-kuendigt-ausweitung-des-oestlichen-schildes-auf-grenze-zur-ukraine-an\/","url":"https:\/\/now-news.de\/de\/deutschland\/polen-kuendigt-ausweitung-des-oestlichen-schildes-auf-grenze-zur-ukraine-an\/","name":"Polen k\u00fcndigt Ausweitung des &quot;\u00d6stlichen Schildes&quot; auf Grenze zur Ukraine an - just-now.NEWS Deutschland","isPartOf":{"@id":"https:\/\/now-news.de\/de\/#website"},"primaryImageOfPage":{"@id":"https:\/\/now-news.de\/de\/deutschland\/polen-kuendigt-ausweitung-des-oestlichen-schildes-auf-grenze-zur-ukraine-an\/#primaryimage"},"image":{"@id":"https:\/\/now-news.de\/de\/deutschland\/polen-kuendigt-ausweitung-des-oestlichen-schildes-auf-grenze-zur-ukraine-an\/#primaryimage"},"thumbnailUrl":"https:\/\/now-news.de\/de\/wp-content\/uploads\/sites\/3\/2024\/11\/Polen-kuendigt-Ausweitung-des-quotOestlichen-Schildesquot-auf-Grenze-zur-Ukraine.jpg","datePublished":"2024-11-30T20:37:56+00:00","dateModified":"2024-11-30T20:37:56+00:00","breadcrumb":{"@id":"https:\/\/now-news.de\/de\/deutschland\/polen-kuendigt-ausweitung-des-oestlichen-schildes-auf-grenze-zur-ukraine-an\/#breadcrumb"},"inLanguage":"de","potentialAction":[{"@type":"ReadAction","target":["https:\/\/now-news.de\/de\/deutschland\/polen-kuendigt-ausweitung-des-oestlichen-schildes-auf-grenze-zur-ukraine-an\/"]}]},{"@type":"ImageObject","inLanguage":"de","@id":"https:\/\/now-news.de\/de\/deutschland\/polen-kuendigt-ausweitung-des-oestlichen-schildes-auf-grenze-zur-ukraine-an\/#primaryimage","url":"https:\/\/now-news.de\/de\/wp-content\/uploads\/sites\/3\/2024\/11\/Polen-kuendigt-Ausweitung-des-quotOestlichen-Schildesquot-auf-Grenze-zur-Ukraine.jpg","contentUrl":"https:\/\/now-news.de\/de\/wp-content\/uploads\/sites\/3\/2024\/11\/Polen-kuendigt-Ausweitung-des-quotOestlichen-Schildesquot-auf-Grenze-zur-Ukraine.jpg","width":460,"height":259,"caption":"Polen k\u00fcndigt Ausweitung des &quot;\u00d6stlichen Schildes&quot; auf Grenze zur Ukraine an"},{"@type":"BreadcrumbList","@id":"https:\/\/now-news.de\/de\/deutschland\/polen-kuendigt-ausweitung-des-oestlichen-schildes-auf-grenze-zur-ukraine-an\/#breadcrumb","itemListElement":[{"@type":"ListItem","position":1,"name":"Home","item":"https:\/\/now-news.de\/de\/"},{"@type":"ListItem","position":2,"name":"Polen k\u00fcndigt Ausweitung des &quot;\u00d6stlichen Schildes&quot; auf Grenze zur Ukraine an"}]},{"@type":"WebSite","@id":"https:\/\/now-news.de\/de\/#website","url":"https:\/\/now-news.de\/de\/","name":"just-now.NEWS Deutschland","description":"Das Portal f\u00fcr unzensierte Nachrichten aus der Welt","publisher":{"@id":"https:\/\/now-news.de\/de\/#organization"},"potentialAction":[{"@type":"SearchAction","target":{"@type":"EntryPoint","urlTemplate":"https:\/\/now-news.de\/de\/?s={search_term_string}"},"query-input":"required name=search_term_string"}],"inLanguage":"de"},{"@type":"Organization","@id":"https:\/\/now-news.de\/de\/#organization","name":"Just Now News","url":"https:\/\/now-news.de\/de\/","logo":{"@type":"ImageObject","inLanguage":"de","@id":"https:\/\/now-news.de\/de\/#\/schema\/logo\/image\/","url":"http:\/\/just-now.news\/de\/wp-content\/uploads\/sites\/3\/2022\/04\/logo500x500.jpg","contentUrl":"http:\/\/just-now.news\/de\/wp-content\/uploads\/sites\/3\/2022\/04\/logo500x500.jpg","width":500,"height":500,"caption":"Just Now News"},"image":{"@id":"https:\/\/now-news.de\/de\/#\/schema\/logo\/image\/"},"sameAs":["https:\/\/www.facebook.com\/wirmachenauf","https:\/\/x.com\/WirMachenAuf_de"]},{"@type":"Person","@id":"https:\/\/now-news.de\/de\/#\/schema\/person\/fb534a4e865501d8b3285208df34a9b5","name":"rtnews","image":{"@type":"ImageObject","inLanguage":"de","@id":"https:\/\/now-news.de\/de\/#\/schema\/person\/image\/","url":"https:\/\/secure.gravatar.com\/avatar\/82aafea7d8127119dd649515f56e2117?s=96&d=mm&r=g","contentUrl":"https:\/\/secure.gravatar.com\/avatar\/82aafea7d8127119dd649515f56e2117?s=96&d=mm&r=g","caption":"rtnews"},"url":"https:\/\/now-news.de\/de\/author\/rnews\/"}]}},"_links":{"self":[{"href":"https:\/\/now-news.de\/de\/wp-json\/wp\/v2\/posts\/73601"}],"collection":[{"href":"https:\/\/now-news.de\/de\/wp-json\/wp\/v2\/posts"}],"about":[{"href":"https:\/\/now-news.de\/de\/wp-json\/wp\/v2\/types\/post"}],"author":[{"embeddable":true,"href":"https:\/\/now-news.de\/de\/wp-json\/wp\/v2\/users\/3"}],"replies":[{"embeddable":true,"href":"https:\/\/now-news.de\/de\/wp-json\/wp\/v2\/comments?post=73601"}],"version-history":[{"count":0,"href":"https:\/\/now-news.de\/de\/wp-json\/wp\/v2\/posts\/73601\/revisions"}],"wp:featuredmedia":[{"embeddable":true,"href":"https:\/\/now-news.de\/de\/wp-json\/wp\/v2\/media\/73602"}],"wp:attachment":[{"href":"https:\/\/now-news.de\/de\/wp-json\/wp\/v2\/media?parent=73601"}],"wp:term":[{"taxonomy":"category","embeddable":true,"href":"https:\/\/now-news.de\/de\/wp-json\/wp\/v2\/categories?post=73601"},{"taxonomy":"post_tag","embeddable":true,"href":"https:\/\/now-news.de\/de\/wp-json\/wp\/v2\/tags?post=73601"}],"curies":[{"name":"wp","href":"https:\/\/api.w.org\/{rel}","templated":true}]}}