{"id":73566,"date":"2024-11-30T10:25:18","date_gmt":"2024-11-30T08:25:18","guid":{"rendered":"https:\/\/now-news.de\/de\/deutschland\/die-usa-wollen-junge-ukrainer-zu-kanonenfutter-machen\/"},"modified":"2024-11-30T10:25:18","modified_gmt":"2024-11-30T08:25:18","slug":"die-usa-wollen-junge-ukrainer-zu-kanonenfutter-machen","status":"publish","type":"post","link":"https:\/\/now-news.de\/de\/deutschland\/die-usa-wollen-junge-ukrainer-zu-kanonenfutter-machen\/","title":{"rendered":"Die USA wollen junge Ukrainer zu Kanonenfutter machen"},"content":{"rendered":"<p><img decoding=\"async\" src=\"https:\/\/now-news.de\/de\/wp-content\/uploads\/sites\/3\/2024\/11\/6748ae8b48fbef12b769d0be.jpg\" \/><\/p>\n<div class=\"Text-root Text-type_1 \">\n                Washington besteht darauf, das Mobilisierungsalter in der Ukraine auf 18 Jahre zu senken. Der Grund ist die Unzufriedenheit mit den ukrainischen Ergebnissen aufgrund des Mangels an Personal. Das B\u00fcro von Selenskij hingegen behauptet, die Effizienz der Armee sinke wegen Waffenmangels.\n            <\/div>\n<p><\/p>\n<div class=\"Text-root Text-type_5 ArticleView-text ViewText-root \">\n<p><em>Von Oleg Issaitschenko<\/em><strong><\/strong><\/p>\n<p>Die ukrainischen Beh\u00f6rden haben einen US-Vorschlag zur Herabsetzung des Wehrpflichtalters abgelehnt. Der <em>Financial Times<\/em> zufolge <a rel=\"nofollow noopener\" target=\"_blank\" href=\"https:\/\/www.ft.com\/content\/328141b2-fc6e-43a1-aa6b-262358b9ac0e\">sagte<\/a> die stellvertretende Ministerpr\u00e4sidentin der Ukraine f\u00fcr europ\u00e4ische und euroatlantische Integration, Olga Stefanischina, dass Washington sich auf die Lieferung von Waffen an die ukrainischen Streitkr\u00e4fte konzentrieren sollte. Ihrer Meinung nach muss das Wei\u00dfe Haus nicht nur die Ausbildung der Brigaden sicherstellen, sondern auch deren Ausr\u00fcstung mit Kampfwaffen.<strong><\/strong><\/p>\n<p>Dmitri Litwin, ein Berater des B\u00fcros von Wladimir Selenskij, sprach sich ebenfalls gegen die Initiative aus. Er sagte, es sei wenig sinnvoll, junge Menschen zu rekrutieren, da &#8220;die angek\u00fcndigte Ausr\u00fcstung nicht rechtzeitig eintrifft&#8221;. Ihm zufolge verf\u00fcgen die ukrainischen Streitkr\u00e4fte aufgrund der derzeitigen Situation nicht einmal \u00fcber gen\u00fcgend Waffen f\u00fcr die bereits mobilisierten Soldaten.<strong><\/strong><\/p>\n<p>Wir m\u00f6chten Sie daran erinnern, dass am Dienstag (26. November) bekannt wurde, dass die US-Beh\u00f6rden der Ukraine empfohlen haben, das Wehrpflichtalter von 25 auf 18 Jahre zu senken. <em>Reuters<\/em>\u00a0<a rel=\"nofollow noopener\" target=\"_blank\" href=\"https:\/\/www.reuters.com\/world\/us-urges-ukraine-lower-fighting-age-18-bolster-ranks-official-says-2024-11-27\/\">zitierte<\/a> einen US-Beamten mit den Worten:<strong><\/strong><\/p>\n<blockquote>\n<p><em>&#8220;Die Russen machen erhebliche Fortschritte im Osten und beginnen, die Positionen der ukrainischen Streitkr\u00e4fte im Gebiet Kursk zur\u00fcckzudr\u00e4ngen. Mobilisierung und zus\u00e4tzliches Personal k\u00f6nnten f\u00fcr Kiew eine wichtige Rolle spielen.&#8221;<\/em><strong><\/strong><\/p>\n<\/blockquote>\n<p>Seiner Einsch\u00e4tzung nach ist der Mangel an Munition und Fahrzeugen nicht das wichtigste Problem der ukrainischen Armee. Er wies darauf hin, dass die ukrainischen Streitkr\u00e4fte derzeit \u00fcber eine gro\u00dfe Zahl von Soldaten verf\u00fcgen, die aufgrund des akuten Personalmangels nicht &#8220;zur Erholung, zur zus\u00e4tzlichen Ausbildung oder zur Umr\u00fcstung&#8221; abziehen k\u00f6nnen. Ein Zustrom von neuen Rekruten k\u00f6nnte diesen Prozess erleichtern.<strong><\/strong><\/p>\n<p>Gleichzeitig sind die Vereinigten Staaten laut John Kirby, dem Koordinator f\u00fcr strategische Kommunikation im Nationalen Sicherheitsrat des Wei\u00dfen Hauses, bereit, die Ausbildungsma\u00dfnahmen f\u00fcr das Milit\u00e4r zu erh\u00f6hen, wenn Kiew in der Lage ist, den Personalmangel in der Armee zu beheben. Er f\u00fcgte hinzu, dass die personelle Aufstockung der ukrainischen Streitkr\u00e4fte die wichtigste Notwendigkeit sei.<strong><\/strong><\/p>\n<p>Zur Erinnerung: Die Senkung des Mobilisierungsalters ist in der Ukraine bereits im April 2024 erfolgt. Damals erlaubte Selenskij die Mobilisierung von B\u00fcrgern, die \u00e4lter als 25 Jahre waren (vorher lag die Schwelle bei 27 Jahren). Im Vorgriff auf diese Entscheidung wurde in der Ukraine schon lange die M\u00f6glichkeit diskutiert, das Wehrpflichtalter auf 18 Jahre zu senken. Zugleich traten weitere Einschr\u00e4nkungen f\u00fcr ukrainische M\u00e4nner in Kraft.<strong><\/strong><\/p>\n<p>Gleichzeitig werden dem Land durch die Diskussion \u00fcber die Rekrutierung der gestrigen Sch\u00fcler f\u00fcr die Armee junge Menschen entzogen. So haben 300.000 Sch\u00fcler die Ukraine vor Beginn des Schuljahres verlassen und im Mai 2024 haben etwa 200.000 bis 250.000 Menschen in dem Land ihren Schulabschluss gemacht. All dies geschieht vor dem Hintergrund der Tatsache, dass in den vergangenen vier Jahren 2.100 Schulen (20 Prozent in D\u00f6rfern und f\u00fcnf Prozent in St\u00e4dten) geschlossen worden sind.<strong><\/strong><\/p>\n<p>Das Einberufungsverfahren selbst wird im Staat von regelm\u00e4\u00dfigen F\u00e4llen der &#8220;Bussifizierung&#8221; begleitet \u2013 M\u00e4nner werden auf der Stra\u00dfe aufgegriffen und zwangsweise an die Front geschickt. Nach Ansicht von Experten k\u00f6nnte Selenskijs B\u00fcro tats\u00e4chlich zustimmen, die Altersgrenze f\u00fcr die Mobilisierung auf Gehei\u00df der USA zu senken, was jedoch zu ernsthafter Unzufriedenheit in der Gesellschaft f\u00fchren k\u00f6nnte. Wladimir Skatschko, Kolumnist des Nachrichtenportals <em>Ukraine.ru<\/em>, merkte an:<strong><\/strong><\/p>\n<blockquote>\n<p><em>&#8220;Gespr\u00e4che \u00fcber die Herabsetzung des Mobilisierungsalters in der Ukraine auf 18 Jahre gibt es schon seit geraumer Zeit. Der Westen argumentiert damit, dass die USA w\u00e4hrend des Vietnamkonflikts junge Menschen eingezogen haben, die erst vor einem Jahr ihren Schulabschluss gemacht hatten.&#8221;<\/em><strong><\/strong><\/p>\n<\/blockquote>\n<p>Seiner Meinung nach sind die aktuellen Forderungen Washingtons \u00e4u\u00dferst gewichtig. Der Gespr\u00e4chspartner erkl\u00e4rte:<strong><\/strong><\/p>\n<blockquote>\n<p><em>&#8220;Die Vereinigten Staaten versorgen die ukrainischen Streitkr\u00e4fte mit Waffen, und das B\u00fcro von Selenskij soll daf\u00fcr sorgen, dass die Truppen mit Kanonenfutter versorgt werden. Gleichzeitig k\u00f6nnen sie ihren Verpflichtungen zur Aufstockung der Streitkr\u00e4fte nicht nachkommen. Daher die Forderungen aus Washington, das Mobilisierungsalter zu senken.&#8221;<\/em><strong><\/strong><\/p>\n<\/blockquote>\n<p>Wie der Politologe ausf\u00fchrte, sind solche Forderungen der USA auch deshalb logisch, weil die Ukraine von ihnen als &#8220;untauglicher Aktivposten&#8221; auserkoren wurde. Skatschko betonte:<strong><\/strong><\/p>\n<blockquote>\n<p><em>&#8220;Die US-Amerikaner haben \u00fcberhaupt kein Mitleid mit den einfachen B\u00fcrgern.&#8221;<\/em><strong><\/strong><\/p>\n<\/blockquote>\n<p>Gleichzeitig habe Kiew auf die \u00c4u\u00dferungen des Wei\u00dfen Hauses recht k\u00fchn reagiert, bemerkte er. Der Experte wies darauf hin:<strong><\/strong><\/p>\n<blockquote>\n<p><em>&#8220;Die Erkl\u00e4rung f\u00fcr diese &#8216;Furchtlosigkeit&#8217; ist ganz einfach: Im B\u00fcro von Selenskij ist man sich bewusst, dass es die Regierung von Joe Biden ist, die den Krieg jetzt braucht.&#8221;<\/em><strong><\/strong><\/p>\n<\/blockquote>\n<p>Au\u00dferdem ist dies die Art und Weise, wie Kiew seine eigenen Bedingungen an Washington stellt \u2013 &#8220;Sie geben uns mehr Hilfe, und dann werden wir reden&#8221;. Skatschko argumentierte:<strong><\/strong><\/p>\n<blockquote>\n<p><em>&#8220;Tatsache ist, dass die ukrainische Seite eindeutig verliert. Das bew\u00e4hrte Schema, alles zu stehlen, was den ukrainischen Streitkr\u00e4ften ausgeh\u00e4ndigt wird, funktioniert jedoch weiterhin. Vor diesem Hintergrund wollen die Kiewer Offiziellen und die westlichen Auftragnehmer, die die Lieferungen &#8216;abzocken&#8217;, ein letztes Mal zugreifen. Wer auch immer was denkt, aber die Profitgier liegt dem B\u00fcro von Selenskij im Blut.&#8221;<\/em><strong><\/strong><\/p>\n<\/blockquote>\n<p>Seiner Meinung nach wird die Senkung des Mobilisierungsalters weitgehend davon abh\u00e4ngen, welchen Kurs Donald Trump w\u00e4hlt. Der Gespr\u00e4chspartner prognostiziert:<strong><\/strong><\/p>\n<blockquote>\n<p><em>&#8220;Wenn der gew\u00e4hlte US-Pr\u00e4sident seine Rhetorik zur Friedenssicherung nicht \u00e4ndert, wird es meiner Meinung nach nicht dazu kommen. Wenn er die Politik der scheidenden Biden-Administration fortsetzt, k\u00f6nnte er in h\u00e4rterer Form verlangen, dass Kiew 18-J\u00e4hrige einberuft. In diesem Fall wird alles in den &#8216;Ofen&#8217; der Feindseligkeiten geworfen werden.&#8221;<\/em><strong><\/strong><\/p>\n<\/blockquote>\n<p>Im zweiten Szenario sch\u00e4tzt der Politologe, dass bis zu einer Million Menschen f\u00fcr die ukrainischen Streitkr\u00e4fte mobilisiert werden k\u00f6nnten. Skatschko glaubt:<strong><\/strong><\/p>\n<blockquote>\n<p><em>&#8220;Hinzu kommt, dass sie schlecht ausgebildet sein werden, wenn sie \u00fcberhaupt eine Kampfausbildung erhalten. Diese Ma\u00dfnahmen Kiews werden den Vormarsch der russischen Truppen nicht aufhalten. Aber innerhalb der Ukraine k\u00f6nnten die n\u00e4chsten Sch\u00fcsse der &#8216;Bussifizierung&#8217; regionale Antikriegsunruhen ausl\u00f6sen.&#8221;<\/em><strong><\/strong><\/p>\n<\/blockquote>\n<p>Das Mobilisierungspotenzial der Ukraine ist um ein Vielfaches geringer als die von westlichen Experten genannten Zahlen, so die politische Analystin Larissa Schesler. Ihrer Meinung nach erkl\u00e4rt sich diese Diskrepanz durch die Tatsache, dass Selenskij &#8220;seine Handlanger von Anfang an get\u00e4uscht hat&#8221;. Die Gespr\u00e4chspartnerin pr\u00e4zisierte:<strong><\/strong><\/p>\n<blockquote>\n<p><em>&#8220;Tatsache ist, dass die Daten, die in den USA und der EU ver\u00f6ffentlicht werden, die Abwanderung der ukrainischen Bev\u00f6lkerung von 2014 bis 2021 \u00fcberhaupt nicht ber\u00fccksichtigen. In diesem Zeitraum verlie\u00dfen die B\u00fcrger das Land massenhaft, nachdem sie die Visafreiheit erhalten hatten, und dies wurde praktisch nirgendwo erfasst. Es ist \u00e4u\u00dferst schwierig, Informationen \u00fcber sie zu erhalten.&#8221;<\/em><strong><\/strong><\/p>\n<\/blockquote>\n<p>Die politische Analystin sagte:<strong><\/strong><\/p>\n<blockquote>\n<p><em>&#8220;Selenskij hat den Westen offenbar davon \u00fcberzeugt, dass das Hauptproblem Kiews der Mangel an Waffen ist. Und jetzt sind sie verwirrt \u2013 wo sind die Menschen? Bislang f\u00fchren sie es auf die &#8216;hohe&#8217; Untergrenze des Mobilisierungsalters \u2013 25 Jahre \u2013 zur\u00fcck. Es scheint ihnen, dass die Einberufung in der Ukraine wie ein Uhrwerk funktioniert, wenn die H\u00fcrde gesenkt wird. Aber die Dinge liegen ganz anders.&#8221;<\/em><strong><\/strong><\/p>\n<\/blockquote>\n<p>Sie erinnerte daran, dass der Anteil der Ukrainer zwischen 20 und 25 Jahren eine kleinere Bev\u00f6lkerungsschicht darstellt. Die Expertin begr\u00fcndete dies:<strong><\/strong><\/p>\n<blockquote>\n<p><em>&#8220;Die sp\u00e4ten 1990er bis fr\u00fchen 2000er Jahre waren die Zeit der niedrigsten Geburtenrate. Au\u00dferdem haben seit 2022 sehr viele Jungen die Ukraine verlassen.<\/em><strong><\/strong><\/p>\n<p><em>Daher ist es l\u00e4cherlich zu erwarten, dass die Herabsetzung des Wehrpflichtalters eine generelle Ver\u00e4nderung der Mobilisierungsf\u00e4higkeit nach sich ziehen wird. Im Durchschnitt gibt es 250.000 junge Menschen, die vor drei oder vier Jahren die Schule abgeschlossen haben.<\/em><strong><\/strong><\/p>\n<p><em>Nehmen wir an, dass die H\u00e4lfte von ihnen die Flucht aus dem Land geschafft hat. Dann bleiben etwa 125.000, von denen h\u00f6chstens ein Drittel wehrf\u00e4hig w\u00e4re. Wenn man beschlie\u00dft, sie alle zu mobilisieren, unabh\u00e4ngig von ihrem Gesundheitszustand, bedeutet das die totale Vernichtung der betreffenden Altersgruppe.&#8221;<\/em><strong><\/strong><\/p>\n<\/blockquote>\n<p>Von einer milit\u00e4rischen Ausbildung ist nicht die Rede. Sie glaubt:<strong><\/strong><\/p>\n<blockquote>\n<p><em>&#8220;Die Ukraine ist erfolgreich dabei, Jugendliche mit Nazi-Ideologie vollzupumpen. Es mag durchaus eine &#8216;Selenskij-Jugend&#8217; im Lande geben. Aber Professionalit\u00e4t wird f\u00fcr die jungen K\u00e4mpfer keine Rolle spielen, auch wenn sie einige von den USA organisierte Schnellkurse besuchen.&#8221;<\/em><strong><\/strong><\/p>\n<\/blockquote>\n<p>Schesler erinnerte daran, dass in der Kampfzone h\u00e4ufiger &#8220;frisch mobilisierte, untrainierte, psychologisch nicht auf milit\u00e4rische Aktionen vorbereitete&#8221; B\u00fcrger get\u00f6tet werden und f\u00fcr die Rolle des Kanonenfutters bestimmt sind. Die Politikwissenschaftlerin f\u00fcgte hinzu:<strong><\/strong><\/p>\n<blockquote>\n<p><em>&#8220;Au\u00dferdem stehen Berufsmilit\u00e4rs solchen Soldaten zynisch gegen\u00fcber und schicken sie vor sich her in die Eins\u00e4tze.&#8221;<\/em><strong><\/strong><\/p>\n<\/blockquote>\n<p>Gleichzeitig hat die Generation der 18- bis 25-J\u00e4hrigen f\u00fcr Selenskijs Regime einen zus\u00e4tzlichen Wert als soziale Gruppe, die recht loyal gegen\u00fcber den Beh\u00f6rden und antirussisch eingestellt ist. Die Gespr\u00e4chspartnerin erkl\u00e4rte:<strong><\/strong><\/p>\n<blockquote>\n<p><em>&#8220;In Kiew werden junge Menschen als unantastbare Reserve gehirngewaschener Jugendlicher wahrgenommen.<\/em><strong><\/strong><\/p>\n<p><em>Junge M\u00e4nner, die nach dem Euromaidan eine individuelle Ausbildung durchlaufen haben, sind f\u00fcr die Nazi-Ideologie am empf\u00e4nglichsten. Doch die ukrainischen Politiker, die sich gegen eine Herabsetzung des Mobilisierungsalters aussprechen, lassen sich nicht von der Tatsache leiten, dass es wichtig ist, sie f\u00fcr die Zukunft der ukrainischen Gesellschaft zu erhalten. Sie sind sich vor allem dar\u00fcber im Klaren, dass ein solcher Schritt nichts an der Situation an der Front \u00e4ndern wird.&#8221;<\/em><strong><\/strong><\/p>\n<\/blockquote>\n<p>Die zweite Folge ist eine deutliche Verschlechterung der Einstellung der Eltern gegen\u00fcber Selenskijs Macht, f\u00fcgte die Expertin hinzu. Schesler fasste zusammen:<strong><\/strong><\/p>\n<blockquote>\n<p><em>&#8220;In einer Zeit der allgemeinen Infantilisierung werden junge M\u00e4nner selbst in ihren 20ern in den Familien als Kinder wahrgenommen. Ihre Mobilisierung wird den Hass auf die Beh\u00f6rden sch\u00fcren. Selenskijs B\u00fcro hat Angst vor der Emp\u00f6rung der M\u00fctter.&#8221;<\/em><strong><\/strong><\/p>\n<\/blockquote>\n<p><em>\u00dcbersetzt aus dem\u00a0<\/em><a rel=\"nofollow noopener\" target=\"_blank\" href=\"https:\/\/vz.ru\/politics\/2024\/11\/28\/1300423.html\"><em>Russischen<\/em><\/a><em>.\u00a0Der Artikel ist am 28. November\u00a02024 zuerst auf der Webseite der Zeitung Wsgljad\u00a0erschienen.<\/em><strong><\/strong><\/p>\n<p><strong><em>Oleg Issaitschenko<\/em><\/strong><em> ist ein russischer Journalist.<\/em><\/p>\n<p><strong>Mehr zum Thema<\/strong> &#8211; <a rel=\"nofollow noopener\" target=\"_blank\" href=\"https:\/\/freedert.online\/meinung\/227549-neue-globale-phase-konfrontation-zwischen\/\">Eine neue globale Phase der Konfrontation zwischen Russland und dem Westen hat begonnen<\/a><\/p>\n<\/div>\n<p><br \/>\n<br \/><a href=\"https:\/\/de.rt.com\/meinung\/227679-usa-wollen-junge-ukrainer-zu\/\">Source link <\/a><\/p>\n","protected":false},"excerpt":{"rendered":"<p>Washington besteht darauf, das Mobilisierungsalter in der Ukraine auf 18 Jahre zu senken. Der Grund ist die Unzufriedenheit mit den ukrainischen Ergebnissen aufgrund des Mangels an Personal. Das B\u00fcro von Selenskij hingegen behauptet, die Effizienz der Armee sinke wegen Waffenmangels. Von Oleg Issaitschenko Die ukrainischen Beh\u00f6rden haben einen US-Vorschlag zur Herabsetzung des Wehrpflichtalters abgelehnt. Der [&hellip;]<\/p>\n","protected":false},"author":3,"featured_media":73567,"comment_status":"open","ping_status":"open","sticky":false,"template":"","format":"standard","meta":{"_yoast_indexnow_last_ping":["1732955707"],"wp_automatic_camp":["217"],"53be3b048f26501ebc574929194ae84c":["Die USA wollen junge Ukrainer zu Kanonenfutter machen"],"original_link":["https:\/\/de.rt.com\/meinung\/227679-usa-wollen-junge-ukrainer-zu\/"],"_thumbnail_id":["73567"],"_wptgpro_p2tg_sent2tg":["a:1:{i:23737;s:19:\"2024-11-30 10:36:10\";}"],"jnews_social_counter_last_update":["1777084205"]},"categories":[19,23],"tags":[45,25595,31114,3570,5757,193,1050],"yoast_head":"<!-- This site is optimized with the Yoast SEO Premium plugin v22.7 (Yoast SEO v22.7) - https:\/\/yoast.com\/wordpress\/plugins\/seo\/ -->\n<title>Die USA wollen junge Ukrainer zu Kanonenfutter machen - just-now.NEWS Deutschland<\/title>\n<meta name=\"robots\" content=\"index, follow, max-snippet:-1, max-image-preview:large, max-video-preview:-1\" \/>\n<link rel=\"canonical\" href=\"https:\/\/now-news.de\/de\/deutschland\/die-usa-wollen-junge-ukrainer-zu-kanonenfutter-machen\/\" \/>\n<meta property=\"og:locale\" content=\"de_DE\" \/>\n<meta property=\"og:type\" content=\"article\" \/>\n<meta property=\"og:title\" content=\"Die USA wollen junge Ukrainer zu Kanonenfutter machen\" \/>\n<meta property=\"og:description\" content=\"Washington besteht darauf, das Mobilisierungsalter in der Ukraine auf 18 Jahre zu senken. Der Grund ist die Unzufriedenheit mit den ukrainischen Ergebnissen aufgrund des Mangels an Personal. Das B\u00fcro von Selenskij hingegen behauptet, die Effizienz der Armee sinke wegen Waffenmangels. Von Oleg Issaitschenko Die ukrainischen Beh\u00f6rden haben einen US-Vorschlag zur Herabsetzung des Wehrpflichtalters abgelehnt. Der [&hellip;]\" \/>\n<meta property=\"og:url\" content=\"https:\/\/now-news.de\/de\/deutschland\/die-usa-wollen-junge-ukrainer-zu-kanonenfutter-machen\/\" \/>\n<meta property=\"og:site_name\" content=\"just-now.NEWS Deutschland\" \/>\n<meta property=\"article:publisher\" content=\"https:\/\/www.facebook.com\/wirmachenauf\" \/>\n<meta property=\"article:published_time\" content=\"2024-11-30T08:25:18+00:00\" \/>\n<meta property=\"og:image\" content=\"https:\/\/now-news.de\/de\/wp-content\/uploads\/sites\/3\/2024\/11\/6748ae8b48fbef12b769d0be.jpg\" \/>\n<meta name=\"author\" content=\"rtnews\" \/>\n<meta name=\"twitter:card\" content=\"summary_large_image\" \/>\n<meta name=\"twitter:creator\" content=\"@WirMachenAuf_de\" \/>\n<meta name=\"twitter:site\" content=\"@WirMachenAuf_de\" \/>\n<meta name=\"twitter:label1\" content=\"Verfasst von\" \/>\n\t<meta name=\"twitter:data1\" content=\"rtnews\" \/>\n\t<meta name=\"twitter:label2\" content=\"Gesch\u00e4tzte Lesezeit\" \/>\n\t<meta name=\"twitter:data2\" content=\"8\u00a0Minuten\" \/>\n<script type=\"application\/ld+json\" class=\"yoast-schema-graph\">{\"@context\":\"https:\/\/schema.org\",\"@graph\":[{\"@type\":\"Article\",\"@id\":\"https:\/\/now-news.de\/de\/deutschland\/die-usa-wollen-junge-ukrainer-zu-kanonenfutter-machen\/#article\",\"isPartOf\":{\"@id\":\"https:\/\/now-news.de\/de\/deutschland\/die-usa-wollen-junge-ukrainer-zu-kanonenfutter-machen\/\"},\"author\":{\"name\":\"rtnews\",\"@id\":\"https:\/\/now-news.de\/de\/#\/schema\/person\/fb534a4e865501d8b3285208df34a9b5\"},\"headline\":\"Die USA wollen junge Ukrainer zu Kanonenfutter machen\",\"datePublished\":\"2024-11-30T08:25:18+00:00\",\"dateModified\":\"2024-11-30T08:25:18+00:00\",\"mainEntityOfPage\":{\"@id\":\"https:\/\/now-news.de\/de\/deutschland\/die-usa-wollen-junge-ukrainer-zu-kanonenfutter-machen\/\"},\"wordCount\":1671,\"commentCount\":0,\"publisher\":{\"@id\":\"https:\/\/now-news.de\/de\/#organization\"},\"image\":{\"@id\":\"https:\/\/now-news.de\/de\/deutschland\/die-usa-wollen-junge-ukrainer-zu-kanonenfutter-machen\/#primaryimage\"},\"thumbnailUrl\":\"https:\/\/now-news.de\/de\/wp-content\/uploads\/sites\/3\/2024\/11\/Die-USA-wollen-junge-Ukrainer-zu-Kanonenfutter-machen.jpg\",\"keywords\":[\"die\",\"Junge\",\"Kanonenfutter\",\"machen\",\"Ukrainer\",\"USA\",\"wollen\"],\"articleSection\":[\"Deutschland\",\"Russland\"],\"inLanguage\":\"de\",\"potentialAction\":[{\"@type\":\"CommentAction\",\"name\":\"Comment\",\"target\":[\"https:\/\/now-news.de\/de\/deutschland\/die-usa-wollen-junge-ukrainer-zu-kanonenfutter-machen\/#respond\"]}]},{\"@type\":\"WebPage\",\"@id\":\"https:\/\/now-news.de\/de\/deutschland\/die-usa-wollen-junge-ukrainer-zu-kanonenfutter-machen\/\",\"url\":\"https:\/\/now-news.de\/de\/deutschland\/die-usa-wollen-junge-ukrainer-zu-kanonenfutter-machen\/\",\"name\":\"Die USA wollen junge Ukrainer zu Kanonenfutter machen - just-now.NEWS Deutschland\",\"isPartOf\":{\"@id\":\"https:\/\/now-news.de\/de\/#website\"},\"primaryImageOfPage\":{\"@id\":\"https:\/\/now-news.de\/de\/deutschland\/die-usa-wollen-junge-ukrainer-zu-kanonenfutter-machen\/#primaryimage\"},\"image\":{\"@id\":\"https:\/\/now-news.de\/de\/deutschland\/die-usa-wollen-junge-ukrainer-zu-kanonenfutter-machen\/#primaryimage\"},\"thumbnailUrl\":\"https:\/\/now-news.de\/de\/wp-content\/uploads\/sites\/3\/2024\/11\/Die-USA-wollen-junge-Ukrainer-zu-Kanonenfutter-machen.jpg\",\"datePublished\":\"2024-11-30T08:25:18+00:00\",\"dateModified\":\"2024-11-30T08:25:18+00:00\",\"breadcrumb\":{\"@id\":\"https:\/\/now-news.de\/de\/deutschland\/die-usa-wollen-junge-ukrainer-zu-kanonenfutter-machen\/#breadcrumb\"},\"inLanguage\":\"de\",\"potentialAction\":[{\"@type\":\"ReadAction\",\"target\":[\"https:\/\/now-news.de\/de\/deutschland\/die-usa-wollen-junge-ukrainer-zu-kanonenfutter-machen\/\"]}]},{\"@type\":\"ImageObject\",\"inLanguage\":\"de\",\"@id\":\"https:\/\/now-news.de\/de\/deutschland\/die-usa-wollen-junge-ukrainer-zu-kanonenfutter-machen\/#primaryimage\",\"url\":\"https:\/\/now-news.de\/de\/wp-content\/uploads\/sites\/3\/2024\/11\/Die-USA-wollen-junge-Ukrainer-zu-Kanonenfutter-machen.jpg\",\"contentUrl\":\"https:\/\/now-news.de\/de\/wp-content\/uploads\/sites\/3\/2024\/11\/Die-USA-wollen-junge-Ukrainer-zu-Kanonenfutter-machen.jpg\",\"width\":460,\"height\":259,\"caption\":\"Die USA wollen junge Ukrainer zu Kanonenfutter machen\"},{\"@type\":\"BreadcrumbList\",\"@id\":\"https:\/\/now-news.de\/de\/deutschland\/die-usa-wollen-junge-ukrainer-zu-kanonenfutter-machen\/#breadcrumb\",\"itemListElement\":[{\"@type\":\"ListItem\",\"position\":1,\"name\":\"Home\",\"item\":\"https:\/\/now-news.de\/de\/\"},{\"@type\":\"ListItem\",\"position\":2,\"name\":\"Die USA wollen junge Ukrainer zu Kanonenfutter machen\"}]},{\"@type\":\"WebSite\",\"@id\":\"https:\/\/now-news.de\/de\/#website\",\"url\":\"https:\/\/now-news.de\/de\/\",\"name\":\"just-now.NEWS Deutschland\",\"description\":\"Das Portal f\u00fcr unzensierte Nachrichten aus der Welt\",\"publisher\":{\"@id\":\"https:\/\/now-news.de\/de\/#organization\"},\"potentialAction\":[{\"@type\":\"SearchAction\",\"target\":{\"@type\":\"EntryPoint\",\"urlTemplate\":\"https:\/\/now-news.de\/de\/?s={search_term_string}\"},\"query-input\":\"required name=search_term_string\"}],\"inLanguage\":\"de\"},{\"@type\":\"Organization\",\"@id\":\"https:\/\/now-news.de\/de\/#organization\",\"name\":\"Just Now News\",\"url\":\"https:\/\/now-news.de\/de\/\",\"logo\":{\"@type\":\"ImageObject\",\"inLanguage\":\"de\",\"@id\":\"https:\/\/now-news.de\/de\/#\/schema\/logo\/image\/\",\"url\":\"http:\/\/just-now.news\/de\/wp-content\/uploads\/sites\/3\/2022\/04\/logo500x500.jpg\",\"contentUrl\":\"http:\/\/just-now.news\/de\/wp-content\/uploads\/sites\/3\/2022\/04\/logo500x500.jpg\",\"width\":500,\"height\":500,\"caption\":\"Just Now News\"},\"image\":{\"@id\":\"https:\/\/now-news.de\/de\/#\/schema\/logo\/image\/\"},\"sameAs\":[\"https:\/\/www.facebook.com\/wirmachenauf\",\"https:\/\/x.com\/WirMachenAuf_de\"]},{\"@type\":\"Person\",\"@id\":\"https:\/\/now-news.de\/de\/#\/schema\/person\/fb534a4e865501d8b3285208df34a9b5\",\"name\":\"rtnews\",\"image\":{\"@type\":\"ImageObject\",\"inLanguage\":\"de\",\"@id\":\"https:\/\/now-news.de\/de\/#\/schema\/person\/image\/\",\"url\":\"https:\/\/secure.gravatar.com\/avatar\/82aafea7d8127119dd649515f56e2117?s=96&d=mm&r=g\",\"contentUrl\":\"https:\/\/secure.gravatar.com\/avatar\/82aafea7d8127119dd649515f56e2117?s=96&d=mm&r=g\",\"caption\":\"rtnews\"},\"url\":\"https:\/\/now-news.de\/de\/author\/rnews\/\"}]}<\/script>\n<!-- \/ Yoast SEO Premium plugin. -->","yoast_head_json":{"title":"Die USA wollen junge Ukrainer zu Kanonenfutter machen - just-now.NEWS Deutschland","robots":{"index":"index","follow":"follow","max-snippet":"max-snippet:-1","max-image-preview":"max-image-preview:large","max-video-preview":"max-video-preview:-1"},"canonical":"https:\/\/now-news.de\/de\/deutschland\/die-usa-wollen-junge-ukrainer-zu-kanonenfutter-machen\/","og_locale":"de_DE","og_type":"article","og_title":"Die USA wollen junge Ukrainer zu Kanonenfutter machen","og_description":"Washington besteht darauf, das Mobilisierungsalter in der Ukraine auf 18 Jahre zu senken. Der Grund ist die Unzufriedenheit mit den ukrainischen Ergebnissen aufgrund des Mangels an Personal. Das B\u00fcro von Selenskij hingegen behauptet, die Effizienz der Armee sinke wegen Waffenmangels. Von Oleg Issaitschenko Die ukrainischen Beh\u00f6rden haben einen US-Vorschlag zur Herabsetzung des Wehrpflichtalters abgelehnt. Der [&hellip;]","og_url":"https:\/\/now-news.de\/de\/deutschland\/die-usa-wollen-junge-ukrainer-zu-kanonenfutter-machen\/","og_site_name":"just-now.NEWS Deutschland","article_publisher":"https:\/\/www.facebook.com\/wirmachenauf","article_published_time":"2024-11-30T08:25:18+00:00","og_image":[{"url":"https:\/\/now-news.de\/de\/wp-content\/uploads\/sites\/3\/2024\/11\/6748ae8b48fbef12b769d0be.jpg"}],"author":"rtnews","twitter_card":"summary_large_image","twitter_creator":"@WirMachenAuf_de","twitter_site":"@WirMachenAuf_de","twitter_misc":{"Verfasst von":"rtnews","Gesch\u00e4tzte Lesezeit":"8\u00a0Minuten"},"schema":{"@context":"https:\/\/schema.org","@graph":[{"@type":"Article","@id":"https:\/\/now-news.de\/de\/deutschland\/die-usa-wollen-junge-ukrainer-zu-kanonenfutter-machen\/#article","isPartOf":{"@id":"https:\/\/now-news.de\/de\/deutschland\/die-usa-wollen-junge-ukrainer-zu-kanonenfutter-machen\/"},"author":{"name":"rtnews","@id":"https:\/\/now-news.de\/de\/#\/schema\/person\/fb534a4e865501d8b3285208df34a9b5"},"headline":"Die USA wollen junge Ukrainer zu Kanonenfutter machen","datePublished":"2024-11-30T08:25:18+00:00","dateModified":"2024-11-30T08:25:18+00:00","mainEntityOfPage":{"@id":"https:\/\/now-news.de\/de\/deutschland\/die-usa-wollen-junge-ukrainer-zu-kanonenfutter-machen\/"},"wordCount":1671,"commentCount":0,"publisher":{"@id":"https:\/\/now-news.de\/de\/#organization"},"image":{"@id":"https:\/\/now-news.de\/de\/deutschland\/die-usa-wollen-junge-ukrainer-zu-kanonenfutter-machen\/#primaryimage"},"thumbnailUrl":"https:\/\/now-news.de\/de\/wp-content\/uploads\/sites\/3\/2024\/11\/Die-USA-wollen-junge-Ukrainer-zu-Kanonenfutter-machen.jpg","keywords":["die","Junge","Kanonenfutter","machen","Ukrainer","USA","wollen"],"articleSection":["Deutschland","Russland"],"inLanguage":"de","potentialAction":[{"@type":"CommentAction","name":"Comment","target":["https:\/\/now-news.de\/de\/deutschland\/die-usa-wollen-junge-ukrainer-zu-kanonenfutter-machen\/#respond"]}]},{"@type":"WebPage","@id":"https:\/\/now-news.de\/de\/deutschland\/die-usa-wollen-junge-ukrainer-zu-kanonenfutter-machen\/","url":"https:\/\/now-news.de\/de\/deutschland\/die-usa-wollen-junge-ukrainer-zu-kanonenfutter-machen\/","name":"Die USA wollen junge Ukrainer zu Kanonenfutter machen - just-now.NEWS Deutschland","isPartOf":{"@id":"https:\/\/now-news.de\/de\/#website"},"primaryImageOfPage":{"@id":"https:\/\/now-news.de\/de\/deutschland\/die-usa-wollen-junge-ukrainer-zu-kanonenfutter-machen\/#primaryimage"},"image":{"@id":"https:\/\/now-news.de\/de\/deutschland\/die-usa-wollen-junge-ukrainer-zu-kanonenfutter-machen\/#primaryimage"},"thumbnailUrl":"https:\/\/now-news.de\/de\/wp-content\/uploads\/sites\/3\/2024\/11\/Die-USA-wollen-junge-Ukrainer-zu-Kanonenfutter-machen.jpg","datePublished":"2024-11-30T08:25:18+00:00","dateModified":"2024-11-30T08:25:18+00:00","breadcrumb":{"@id":"https:\/\/now-news.de\/de\/deutschland\/die-usa-wollen-junge-ukrainer-zu-kanonenfutter-machen\/#breadcrumb"},"inLanguage":"de","potentialAction":[{"@type":"ReadAction","target":["https:\/\/now-news.de\/de\/deutschland\/die-usa-wollen-junge-ukrainer-zu-kanonenfutter-machen\/"]}]},{"@type":"ImageObject","inLanguage":"de","@id":"https:\/\/now-news.de\/de\/deutschland\/die-usa-wollen-junge-ukrainer-zu-kanonenfutter-machen\/#primaryimage","url":"https:\/\/now-news.de\/de\/wp-content\/uploads\/sites\/3\/2024\/11\/Die-USA-wollen-junge-Ukrainer-zu-Kanonenfutter-machen.jpg","contentUrl":"https:\/\/now-news.de\/de\/wp-content\/uploads\/sites\/3\/2024\/11\/Die-USA-wollen-junge-Ukrainer-zu-Kanonenfutter-machen.jpg","width":460,"height":259,"caption":"Die USA wollen junge Ukrainer zu Kanonenfutter machen"},{"@type":"BreadcrumbList","@id":"https:\/\/now-news.de\/de\/deutschland\/die-usa-wollen-junge-ukrainer-zu-kanonenfutter-machen\/#breadcrumb","itemListElement":[{"@type":"ListItem","position":1,"name":"Home","item":"https:\/\/now-news.de\/de\/"},{"@type":"ListItem","position":2,"name":"Die USA wollen junge Ukrainer zu Kanonenfutter machen"}]},{"@type":"WebSite","@id":"https:\/\/now-news.de\/de\/#website","url":"https:\/\/now-news.de\/de\/","name":"just-now.NEWS Deutschland","description":"Das Portal f\u00fcr unzensierte Nachrichten aus der Welt","publisher":{"@id":"https:\/\/now-news.de\/de\/#organization"},"potentialAction":[{"@type":"SearchAction","target":{"@type":"EntryPoint","urlTemplate":"https:\/\/now-news.de\/de\/?s={search_term_string}"},"query-input":"required name=search_term_string"}],"inLanguage":"de"},{"@type":"Organization","@id":"https:\/\/now-news.de\/de\/#organization","name":"Just Now News","url":"https:\/\/now-news.de\/de\/","logo":{"@type":"ImageObject","inLanguage":"de","@id":"https:\/\/now-news.de\/de\/#\/schema\/logo\/image\/","url":"http:\/\/just-now.news\/de\/wp-content\/uploads\/sites\/3\/2022\/04\/logo500x500.jpg","contentUrl":"http:\/\/just-now.news\/de\/wp-content\/uploads\/sites\/3\/2022\/04\/logo500x500.jpg","width":500,"height":500,"caption":"Just Now News"},"image":{"@id":"https:\/\/now-news.de\/de\/#\/schema\/logo\/image\/"},"sameAs":["https:\/\/www.facebook.com\/wirmachenauf","https:\/\/x.com\/WirMachenAuf_de"]},{"@type":"Person","@id":"https:\/\/now-news.de\/de\/#\/schema\/person\/fb534a4e865501d8b3285208df34a9b5","name":"rtnews","image":{"@type":"ImageObject","inLanguage":"de","@id":"https:\/\/now-news.de\/de\/#\/schema\/person\/image\/","url":"https:\/\/secure.gravatar.com\/avatar\/82aafea7d8127119dd649515f56e2117?s=96&d=mm&r=g","contentUrl":"https:\/\/secure.gravatar.com\/avatar\/82aafea7d8127119dd649515f56e2117?s=96&d=mm&r=g","caption":"rtnews"},"url":"https:\/\/now-news.de\/de\/author\/rnews\/"}]}},"_links":{"self":[{"href":"https:\/\/now-news.de\/de\/wp-json\/wp\/v2\/posts\/73566"}],"collection":[{"href":"https:\/\/now-news.de\/de\/wp-json\/wp\/v2\/posts"}],"about":[{"href":"https:\/\/now-news.de\/de\/wp-json\/wp\/v2\/types\/post"}],"author":[{"embeddable":true,"href":"https:\/\/now-news.de\/de\/wp-json\/wp\/v2\/users\/3"}],"replies":[{"embeddable":true,"href":"https:\/\/now-news.de\/de\/wp-json\/wp\/v2\/comments?post=73566"}],"version-history":[{"count":0,"href":"https:\/\/now-news.de\/de\/wp-json\/wp\/v2\/posts\/73566\/revisions"}],"wp:featuredmedia":[{"embeddable":true,"href":"https:\/\/now-news.de\/de\/wp-json\/wp\/v2\/media\/73567"}],"wp:attachment":[{"href":"https:\/\/now-news.de\/de\/wp-json\/wp\/v2\/media?parent=73566"}],"wp:term":[{"taxonomy":"category","embeddable":true,"href":"https:\/\/now-news.de\/de\/wp-json\/wp\/v2\/categories?post=73566"},{"taxonomy":"post_tag","embeddable":true,"href":"https:\/\/now-news.de\/de\/wp-json\/wp\/v2\/tags?post=73566"}],"curies":[{"name":"wp","href":"https:\/\/api.w.org\/{rel}","templated":true}]}}