{"id":73548,"date":"2024-11-29T21:03:07","date_gmt":"2024-11-29T19:03:07","guid":{"rendered":"https:\/\/now-news.de\/de\/deutschland\/atomausstieg-akw-betreiber-widersprechen-habeck-im-untersuchungsausschuss-politisch-motiviert\/"},"modified":"2024-11-29T21:03:07","modified_gmt":"2024-11-29T19:03:07","slug":"atomausstieg-akw-betreiber-widersprechen-habeck-im-untersuchungsausschuss-politisch-motiviert","status":"publish","type":"post","link":"https:\/\/now-news.de\/de\/deutschland\/atomausstieg-akw-betreiber-widersprechen-habeck-im-untersuchungsausschuss-politisch-motiviert\/","title":{"rendered":"Atomausstieg: AKW-Betreiber widersprechen Habeck im Untersuchungsausschuss \u2013 &quot;politisch motiviert&quot;"},"content":{"rendered":"<p><img decoding=\"async\" src=\"https:\/\/now-news.de\/de\/wp-content\/uploads\/sites\/3\/2024\/11\/6749e1c348fbef11d37d8e34.jpg\" \/><\/p>\n<div class=\"Text-root Text-type_1 \">\n                Die Widerspr\u00fcche um den von Klimaminister Habeck betriebenen Atomausstieg mehren sich. Die Minister der Gr\u00fcnen wollten einen Weiterbetrieb um jeden Preis verhindern. Dazu verbreiteten sie auch Falschbehauptungen \u00fcber die Haltung der AKW-Betreiber.\n            <\/div>\n<p><\/p>\n<div class=\"Text-root Text-type_5 ArticleView-text ViewText-root \">\n<p>Am gestrigen Donnerstag tagte der Untersuchungsausschuss des Bundestages zum Atomausstieg. Zu der 14. Sitzung des Ausschusses waren die 2022 verantwortlichen Chefs der AKW-Betreiber-Konzerne als Zeugen geladen. Wirtschafts- und Klimaminister Robert Habeck sowie Umweltministerin Steffi Lemke (beide B\u00fcndnis90\/Gr\u00fcne) waren bereits im ersten Jahr der &#8220;Ampel&#8221;-Regierung mit der Energiekrise konfrontiert, die sie im Zuge der antirussischen EU-Sanktionen gegen russisches Gas und \u00d6l, den Verzicht auf die Inbetriebnahme von Nord Stream 2 und eben den Atomausstieg selbst bef\u00f6rderten.<\/p>\n<p>Da damals bereits ein Abschaltdatum f\u00fcr die verbliebenen deutschen Kernkraftwerke vorgesehen war \u2013 der 31. Dezember 2022 \u2013 , wurde von der Politik und in der \u00d6ffentlichkeit \u00fcber einen sogenannten &#8220;Streckbetrieb&#8221; der letzten deutschen AKWs diskutiert. Zu den technischen M\u00f6glichkeiten einer solchen Betriebsverl\u00e4ngerung wurden nun die Konzernverantwortlichen im Bundestag befragt.<\/p>\n<p>Wie Guido Knott, Chef der PreussenElektra und zust\u00e4ndig f\u00fcr das Atomkraftwerk Bayern 2, und RWE-Chef Markus Krebber, verantwortlich f\u00fcr das Atomkraftwerk Emsland, bei der Anh\u00f6rung verdeutlichten, w\u00e4re ein solcher Streckbetrieb technisch durchaus machbar gewesen. Damit widersprachen sie den Ministern Habeck und Lemke, die zur damaligen Zeit\u00a0behaupteten, die Stromkonzerne w\u00fcrden eine Verl\u00e4ngerung der Laufzeit ihrer AKWs ablehnen.<\/p>\n<p>In dem Ausschuss wurde deutlich, dass es prinzipiell keine technischen Schwierigkeiten gegeben h\u00e4tte und daher m\u00f6glich gewesen w\u00e4re, die Betriebsdauer der Kernkraftwerke zu verl\u00e4ngern. Wie das Portal <em>Apollo News<\/em> berichtet, habe RWE-Chef Krebber zwar unterstrichen, dass sein Unternehmen nicht gewillt gewesen sei, das finanzielle Risiko eines Streckbetriebs zu tragen und dass kurzfristig wom\u00f6glich die Beschaffung von Brennst\u00e4ben Schwierigkeiten h\u00e4tte verursachen k\u00f6nnen.<\/p>\n<p>Doch Knott von der PreussenElektra habe davon nichts wissen wollen, da Brennst\u00e4be innerhalb eines Jahres zu beschaffen gewesen w\u00e4ren \u2013 allein die Debatte \u00fcber die Beschaffung habe l\u00e4nger gedauert. Zudem h\u00e4tten die zust\u00e4ndigen Minister nicht den Kontakt zum Betreiberunternehmen gesucht.<\/p>\n<p>Daher habe man bei der PreussenElektra die Entscheidung f\u00fcr die Abschaltung der letzten Atomkraftwerke f\u00fcr &#8220;politisch motiviert&#8221; und &#8220;erwartbar&#8221; gehalten. Allerdings wurden die Stromkonzerne davon \u00fcberrascht, dass die Politik falsche Behauptungen verbreitete:<\/p>\n<blockquote>\n<p><em>&#8220;Unerwartet ist, dass es technische Falschbehauptungen gab oder es am Unwillen der Betreiber gelegen haben soll.&#8221;<\/em><\/p>\n<\/blockquote>\n<p>Knott erkl\u00e4rte im Untersuchungsausschuss, dass er bereits im Februar 2022, als sich die Energiekrise abzeichnete, den Weiterbetrieb des Kernkraftwerks Bayern 2 angeboten habe. Auch unter Sicherheitsgesichtspunkten sei es unproblematisch gewesen, die AKWs \u00fcber den Jahreswechsel 2022\/23 hinaus weiterzubetreiben.<\/p>\n<p>Ein pikantes Detail: Obwohl Knott bereits fr\u00fchzeitig Gespr\u00e4che angeboten habe, habe Minister Habeck darauf nicht reagiert, sondern sich direkt an den Konzernchef von E.On, Leonhard Birnbaum, gewandt. PreussenElektra geh\u00f6rt zu E.On. Und Birnbaum habe gegen\u00fcber Habeck einen m\u00f6glichen Streckbetrieb abgelehnt.<\/p>\n<p>Auch RWE-Chef Krebber unterstrich, technisch sei eine Betriebsverl\u00e4ngerung m\u00f6glich gewesen:\u00a0&#8220;Grunds\u00e4tzlich galt und gilt: Technisch ist fast alles machbar.&#8221;\u00a0Allerdings war sein Unternehmen nicht bereit, das wirtschaftliche Risiko des Weiterbetriebs zu tragen, da die Politik grunds\u00e4tzlich den Atomausstieg beschlossen hatte. Krebber dazu:\u00a0&#8220;Es fehlte uns das Vertrauen, dass das politisch stabil ist.&#8221;\u00a0RWE w\u00e4re unter der Voraussetzung, dass der Staat die Kosten \u00fcbernimmt, zu einem Weiterbetrieb bereit gewesen:<\/p>\n<blockquote>\n<p><em>&#8220;Wenn das gemacht werden soll, dann machen wir das, aber wir wollen das politische Risiko nicht \u00fcbernehmen.&#8221;<\/em><\/p>\n<\/blockquote>\n<p>Erst als im Sommer 2022 sich die Energiekrise versch\u00e4rfte \u2013 Sanktionen gegen Nord Stream 1 und andauernde Wartungsarbeiten in den franz\u00f6sischen Kernkraftwerken \u2013 h\u00e4tten Habeck und Lemke ihre Meinung zum Streckbetrieb der deutschen AKWs ge\u00e4ndert. Wirtschaftsminister Habeck wandte sich in seiner Not sogar in einem pers\u00f6nlich gehaltenen Bittbrief an seine franz\u00f6sische Amtskollegin, der von seinem Ministerium als Geheimsache behandelt wurde (<em>RT DE<\/em>\u00a0<a rel=\"nofollow noopener\" target=\"_blank\" href=\"https:\/\/dert.site\/inland\/227556-atomausstieg-in-deutschland-habeck-bat\/\">berichtete<\/a>).<\/p>\n<p>Wie die Befragung der Konzernchefs ergeben hat, scheint sich das zu best\u00e4tigen, was sich bereits 2022 im Zuge der Debatten \u00fcber die Abschaltung der Kernkraftwerke abzeichnete: Die Minister Habeck und Lemke haben offensichtlich keineswegs ergebnisoffen eine Laufzeitverl\u00e4ngerung der deutschen AKWs gepr\u00fcft. Die politische Entscheidung, die Atomkraftwerke abzuschalten, stand von vornherein fest. Der Streckbetrieb endete dann im April 2023.<\/p>\n<p><strong>Mehr zum Thema<\/strong> &#8211; <a rel=\"nofollow noopener\" target=\"_blank\" href=\"https:\/\/dert.site\/meinung\/227474-wer-deutschland-wirklich-gashahn-zudreht\/\">Wer Deutschland wirklich den Gashahn zudreht<\/a><\/p>\n<div class=\"EmbedBlock-root EmbedBlock-externalVideo EmbedBlock-rumble\">\n<div class=\"VkEmbed\"><iframe class=\"lazyload\" data-src=\"https:\/\/rumble.com\/embed\/v5ru4ae\" frameborder=\"0\" width=\"853\" height=\"480\" allowfullscreen><\/iframe><\/div>\n<\/div>\n<\/div>\n<p><br \/>\n<br \/><a href=\"https:\/\/de.rt.com\/wirtschaft\/227777-atomausstieg-akw-betreiber-widersprechen-habeck\/\">Source link <\/a><\/p>\n","protected":false},"excerpt":{"rendered":"<p>Die Widerspr\u00fcche um den von Klimaminister Habeck betriebenen Atomausstieg mehren sich. Die Minister der Gr\u00fcnen wollten einen Weiterbetrieb um jeden Preis verhindern. Dazu verbreiteten sie auch Falschbehauptungen \u00fcber die Haltung der AKW-Betreiber. Am gestrigen Donnerstag tagte der Untersuchungsausschuss des Bundestages zum Atomausstieg. Zu der 14. Sitzung des Ausschusses waren die 2022 verantwortlichen Chefs der AKW-Betreiber-Konzerne [&hellip;]<\/p>\n","protected":false},"author":3,"featured_media":73549,"comment_status":"open","ping_status":"open","sticky":false,"template":"","format":"standard","meta":{"_yoast_indexnow_last_ping":["1732907346"],"wp_automatic_camp":["217"],"d071cb69c78872db07bcafe26f7f3b42":["Atomausstieg: AKW-Betreiber widersprechen Habeck im Untersuchungsausschuss \u2013 &quot;politisch motiviert&quot;"],"original_link":["https:\/\/de.rt.com\/wirtschaft\/227777-atomausstieg-akw-betreiber-widersprechen-habeck\/"],"_thumbnail_id":["73549"],"jnews_social_counter_last_update":["1777586107"],"_wptgpro_p2tg_sent2tg":["a:1:{i:23737;s:19:\"2024-11-29 21:10:09\";}"]},"categories":[19,23],"tags":[60666,43001,911,60667,59050,5582,46055],"yoast_head":"<!-- This site is optimized with the Yoast SEO Premium plugin v22.7 (Yoast SEO v22.7) - https:\/\/yoast.com\/wordpress\/plugins\/seo\/ -->\n<title>Atomausstieg: AKW-Betreiber widersprechen Habeck im Untersuchungsausschuss \u2013 &quot;politisch motiviert&quot; - just-now.NEWS Deutschland<\/title>\n<meta name=\"robots\" content=\"index, follow, max-snippet:-1, max-image-preview:large, max-video-preview:-1\" \/>\n<link rel=\"canonical\" href=\"https:\/\/now-news.de\/de\/deutschland\/atomausstieg-akw-betreiber-widersprechen-habeck-im-untersuchungsausschuss-politisch-motiviert\/\" \/>\n<meta property=\"og:locale\" content=\"de_DE\" \/>\n<meta property=\"og:type\" content=\"article\" \/>\n<meta property=\"og:title\" content=\"Atomausstieg: AKW-Betreiber widersprechen Habeck im Untersuchungsausschuss \u2013 &quot;politisch motiviert&quot;\" \/>\n<meta property=\"og:description\" content=\"Die Widerspr\u00fcche um den von Klimaminister Habeck betriebenen Atomausstieg mehren sich. Die Minister der Gr\u00fcnen wollten einen Weiterbetrieb um jeden Preis verhindern. Dazu verbreiteten sie auch Falschbehauptungen \u00fcber die Haltung der AKW-Betreiber. Am gestrigen Donnerstag tagte der Untersuchungsausschuss des Bundestages zum Atomausstieg. Zu der 14. Sitzung des Ausschusses waren die 2022 verantwortlichen Chefs der AKW-Betreiber-Konzerne [&hellip;]\" \/>\n<meta property=\"og:url\" content=\"https:\/\/now-news.de\/de\/deutschland\/atomausstieg-akw-betreiber-widersprechen-habeck-im-untersuchungsausschuss-politisch-motiviert\/\" \/>\n<meta property=\"og:site_name\" content=\"just-now.NEWS Deutschland\" \/>\n<meta property=\"article:publisher\" content=\"https:\/\/www.facebook.com\/wirmachenauf\" \/>\n<meta property=\"article:published_time\" content=\"2024-11-29T19:03:07+00:00\" \/>\n<meta property=\"og:image\" content=\"https:\/\/now-news.de\/de\/wp-content\/uploads\/sites\/3\/2024\/11\/6749e1c348fbef11d37d8e34.jpg\" \/>\n<meta name=\"author\" content=\"rtnews\" \/>\n<meta name=\"twitter:card\" content=\"summary_large_image\" \/>\n<meta name=\"twitter:creator\" content=\"@WirMachenAuf_de\" \/>\n<meta name=\"twitter:site\" content=\"@WirMachenAuf_de\" \/>\n<meta name=\"twitter:label1\" content=\"Verfasst von\" \/>\n\t<meta name=\"twitter:data1\" content=\"rtnews\" \/>\n\t<meta name=\"twitter:label2\" content=\"Gesch\u00e4tzte Lesezeit\" \/>\n\t<meta name=\"twitter:data2\" content=\"3\u00a0Minuten\" \/>\n<script type=\"application\/ld+json\" class=\"yoast-schema-graph\">{\"@context\":\"https:\/\/schema.org\",\"@graph\":[{\"@type\":\"Article\",\"@id\":\"https:\/\/now-news.de\/de\/deutschland\/atomausstieg-akw-betreiber-widersprechen-habeck-im-untersuchungsausschuss-politisch-motiviert\/#article\",\"isPartOf\":{\"@id\":\"https:\/\/now-news.de\/de\/deutschland\/atomausstieg-akw-betreiber-widersprechen-habeck-im-untersuchungsausschuss-politisch-motiviert\/\"},\"author\":{\"name\":\"rtnews\",\"@id\":\"https:\/\/now-news.de\/de\/#\/schema\/person\/fb534a4e865501d8b3285208df34a9b5\"},\"headline\":\"Atomausstieg: AKW-Betreiber widersprechen Habeck im Untersuchungsausschuss \u2013 &quot;politisch motiviert&quot;\",\"datePublished\":\"2024-11-29T19:03:07+00:00\",\"dateModified\":\"2024-11-29T19:03:07+00:00\",\"mainEntityOfPage\":{\"@id\":\"https:\/\/now-news.de\/de\/deutschland\/atomausstieg-akw-betreiber-widersprechen-habeck-im-untersuchungsausschuss-politisch-motiviert\/\"},\"wordCount\":705,\"commentCount\":0,\"publisher\":{\"@id\":\"https:\/\/now-news.de\/de\/#organization\"},\"image\":{\"@id\":\"https:\/\/now-news.de\/de\/deutschland\/atomausstieg-akw-betreiber-widersprechen-habeck-im-untersuchungsausschuss-politisch-motiviert\/#primaryimage\"},\"thumbnailUrl\":\"https:\/\/now-news.de\/de\/wp-content\/uploads\/sites\/3\/2024\/11\/Atomausstieg-AKW-Betreiber-widersprechen-Habeck-im-Untersuchungsausschuss-\u2013-quotpolitisch-motiviertquot.jpg\",\"keywords\":[\"AKWBetreiber\",\"Atomausstieg\",\"Habeck\",\"motiviertquot\",\"quotPolitisch\",\"Untersuchungsausschuss\",\"widersprechen\"],\"articleSection\":[\"Deutschland\",\"Russland\"],\"inLanguage\":\"de\",\"potentialAction\":[{\"@type\":\"CommentAction\",\"name\":\"Comment\",\"target\":[\"https:\/\/now-news.de\/de\/deutschland\/atomausstieg-akw-betreiber-widersprechen-habeck-im-untersuchungsausschuss-politisch-motiviert\/#respond\"]}]},{\"@type\":\"WebPage\",\"@id\":\"https:\/\/now-news.de\/de\/deutschland\/atomausstieg-akw-betreiber-widersprechen-habeck-im-untersuchungsausschuss-politisch-motiviert\/\",\"url\":\"https:\/\/now-news.de\/de\/deutschland\/atomausstieg-akw-betreiber-widersprechen-habeck-im-untersuchungsausschuss-politisch-motiviert\/\",\"name\":\"Atomausstieg: AKW-Betreiber widersprechen Habeck im Untersuchungsausschuss \u2013 &quot;politisch motiviert&quot; - just-now.NEWS Deutschland\",\"isPartOf\":{\"@id\":\"https:\/\/now-news.de\/de\/#website\"},\"primaryImageOfPage\":{\"@id\":\"https:\/\/now-news.de\/de\/deutschland\/atomausstieg-akw-betreiber-widersprechen-habeck-im-untersuchungsausschuss-politisch-motiviert\/#primaryimage\"},\"image\":{\"@id\":\"https:\/\/now-news.de\/de\/deutschland\/atomausstieg-akw-betreiber-widersprechen-habeck-im-untersuchungsausschuss-politisch-motiviert\/#primaryimage\"},\"thumbnailUrl\":\"https:\/\/now-news.de\/de\/wp-content\/uploads\/sites\/3\/2024\/11\/Atomausstieg-AKW-Betreiber-widersprechen-Habeck-im-Untersuchungsausschuss-\u2013-quotpolitisch-motiviertquot.jpg\",\"datePublished\":\"2024-11-29T19:03:07+00:00\",\"dateModified\":\"2024-11-29T19:03:07+00:00\",\"breadcrumb\":{\"@id\":\"https:\/\/now-news.de\/de\/deutschland\/atomausstieg-akw-betreiber-widersprechen-habeck-im-untersuchungsausschuss-politisch-motiviert\/#breadcrumb\"},\"inLanguage\":\"de\",\"potentialAction\":[{\"@type\":\"ReadAction\",\"target\":[\"https:\/\/now-news.de\/de\/deutschland\/atomausstieg-akw-betreiber-widersprechen-habeck-im-untersuchungsausschuss-politisch-motiviert\/\"]}]},{\"@type\":\"ImageObject\",\"inLanguage\":\"de\",\"@id\":\"https:\/\/now-news.de\/de\/deutschland\/atomausstieg-akw-betreiber-widersprechen-habeck-im-untersuchungsausschuss-politisch-motiviert\/#primaryimage\",\"url\":\"https:\/\/now-news.de\/de\/wp-content\/uploads\/sites\/3\/2024\/11\/Atomausstieg-AKW-Betreiber-widersprechen-Habeck-im-Untersuchungsausschuss-\u2013-quotpolitisch-motiviertquot.jpg\",\"contentUrl\":\"https:\/\/now-news.de\/de\/wp-content\/uploads\/sites\/3\/2024\/11\/Atomausstieg-AKW-Betreiber-widersprechen-Habeck-im-Untersuchungsausschuss-\u2013-quotpolitisch-motiviertquot.jpg\",\"width\":460,\"height\":259,\"caption\":\"Atomausstieg: AKW-Betreiber widersprechen Habeck im Untersuchungsausschuss \u2013 &quot;politisch motiviert&quot;\"},{\"@type\":\"BreadcrumbList\",\"@id\":\"https:\/\/now-news.de\/de\/deutschland\/atomausstieg-akw-betreiber-widersprechen-habeck-im-untersuchungsausschuss-politisch-motiviert\/#breadcrumb\",\"itemListElement\":[{\"@type\":\"ListItem\",\"position\":1,\"name\":\"Home\",\"item\":\"https:\/\/now-news.de\/de\/\"},{\"@type\":\"ListItem\",\"position\":2,\"name\":\"Atomausstieg: AKW-Betreiber widersprechen Habeck im Untersuchungsausschuss \u2013 &quot;politisch motiviert&quot;\"}]},{\"@type\":\"WebSite\",\"@id\":\"https:\/\/now-news.de\/de\/#website\",\"url\":\"https:\/\/now-news.de\/de\/\",\"name\":\"just-now.NEWS Deutschland\",\"description\":\"Das Portal f\u00fcr unzensierte Nachrichten aus der Welt\",\"publisher\":{\"@id\":\"https:\/\/now-news.de\/de\/#organization\"},\"potentialAction\":[{\"@type\":\"SearchAction\",\"target\":{\"@type\":\"EntryPoint\",\"urlTemplate\":\"https:\/\/now-news.de\/de\/?s={search_term_string}\"},\"query-input\":\"required name=search_term_string\"}],\"inLanguage\":\"de\"},{\"@type\":\"Organization\",\"@id\":\"https:\/\/now-news.de\/de\/#organization\",\"name\":\"Just Now News\",\"url\":\"https:\/\/now-news.de\/de\/\",\"logo\":{\"@type\":\"ImageObject\",\"inLanguage\":\"de\",\"@id\":\"https:\/\/now-news.de\/de\/#\/schema\/logo\/image\/\",\"url\":\"http:\/\/just-now.news\/de\/wp-content\/uploads\/sites\/3\/2022\/04\/logo500x500.jpg\",\"contentUrl\":\"http:\/\/just-now.news\/de\/wp-content\/uploads\/sites\/3\/2022\/04\/logo500x500.jpg\",\"width\":500,\"height\":500,\"caption\":\"Just Now News\"},\"image\":{\"@id\":\"https:\/\/now-news.de\/de\/#\/schema\/logo\/image\/\"},\"sameAs\":[\"https:\/\/www.facebook.com\/wirmachenauf\",\"https:\/\/x.com\/WirMachenAuf_de\"]},{\"@type\":\"Person\",\"@id\":\"https:\/\/now-news.de\/de\/#\/schema\/person\/fb534a4e865501d8b3285208df34a9b5\",\"name\":\"rtnews\",\"image\":{\"@type\":\"ImageObject\",\"inLanguage\":\"de\",\"@id\":\"https:\/\/now-news.de\/de\/#\/schema\/person\/image\/\",\"url\":\"https:\/\/secure.gravatar.com\/avatar\/82aafea7d8127119dd649515f56e2117?s=96&d=mm&r=g\",\"contentUrl\":\"https:\/\/secure.gravatar.com\/avatar\/82aafea7d8127119dd649515f56e2117?s=96&d=mm&r=g\",\"caption\":\"rtnews\"},\"url\":\"https:\/\/now-news.de\/de\/author\/rnews\/\"}]}<\/script>\n<!-- \/ Yoast SEO Premium plugin. -->","yoast_head_json":{"title":"Atomausstieg: AKW-Betreiber widersprechen Habeck im Untersuchungsausschuss \u2013 &quot;politisch motiviert&quot; - just-now.NEWS Deutschland","robots":{"index":"index","follow":"follow","max-snippet":"max-snippet:-1","max-image-preview":"max-image-preview:large","max-video-preview":"max-video-preview:-1"},"canonical":"https:\/\/now-news.de\/de\/deutschland\/atomausstieg-akw-betreiber-widersprechen-habeck-im-untersuchungsausschuss-politisch-motiviert\/","og_locale":"de_DE","og_type":"article","og_title":"Atomausstieg: AKW-Betreiber widersprechen Habeck im Untersuchungsausschuss \u2013 &quot;politisch motiviert&quot;","og_description":"Die Widerspr\u00fcche um den von Klimaminister Habeck betriebenen Atomausstieg mehren sich. Die Minister der Gr\u00fcnen wollten einen Weiterbetrieb um jeden Preis verhindern. Dazu verbreiteten sie auch Falschbehauptungen \u00fcber die Haltung der AKW-Betreiber. Am gestrigen Donnerstag tagte der Untersuchungsausschuss des Bundestages zum Atomausstieg. Zu der 14. Sitzung des Ausschusses waren die 2022 verantwortlichen Chefs der AKW-Betreiber-Konzerne [&hellip;]","og_url":"https:\/\/now-news.de\/de\/deutschland\/atomausstieg-akw-betreiber-widersprechen-habeck-im-untersuchungsausschuss-politisch-motiviert\/","og_site_name":"just-now.NEWS Deutschland","article_publisher":"https:\/\/www.facebook.com\/wirmachenauf","article_published_time":"2024-11-29T19:03:07+00:00","og_image":[{"url":"https:\/\/now-news.de\/de\/wp-content\/uploads\/sites\/3\/2024\/11\/6749e1c348fbef11d37d8e34.jpg"}],"author":"rtnews","twitter_card":"summary_large_image","twitter_creator":"@WirMachenAuf_de","twitter_site":"@WirMachenAuf_de","twitter_misc":{"Verfasst von":"rtnews","Gesch\u00e4tzte Lesezeit":"3\u00a0Minuten"},"schema":{"@context":"https:\/\/schema.org","@graph":[{"@type":"Article","@id":"https:\/\/now-news.de\/de\/deutschland\/atomausstieg-akw-betreiber-widersprechen-habeck-im-untersuchungsausschuss-politisch-motiviert\/#article","isPartOf":{"@id":"https:\/\/now-news.de\/de\/deutschland\/atomausstieg-akw-betreiber-widersprechen-habeck-im-untersuchungsausschuss-politisch-motiviert\/"},"author":{"name":"rtnews","@id":"https:\/\/now-news.de\/de\/#\/schema\/person\/fb534a4e865501d8b3285208df34a9b5"},"headline":"Atomausstieg: AKW-Betreiber widersprechen Habeck im Untersuchungsausschuss \u2013 &quot;politisch motiviert&quot;","datePublished":"2024-11-29T19:03:07+00:00","dateModified":"2024-11-29T19:03:07+00:00","mainEntityOfPage":{"@id":"https:\/\/now-news.de\/de\/deutschland\/atomausstieg-akw-betreiber-widersprechen-habeck-im-untersuchungsausschuss-politisch-motiviert\/"},"wordCount":705,"commentCount":0,"publisher":{"@id":"https:\/\/now-news.de\/de\/#organization"},"image":{"@id":"https:\/\/now-news.de\/de\/deutschland\/atomausstieg-akw-betreiber-widersprechen-habeck-im-untersuchungsausschuss-politisch-motiviert\/#primaryimage"},"thumbnailUrl":"https:\/\/now-news.de\/de\/wp-content\/uploads\/sites\/3\/2024\/11\/Atomausstieg-AKW-Betreiber-widersprechen-Habeck-im-Untersuchungsausschuss-\u2013-quotpolitisch-motiviertquot.jpg","keywords":["AKWBetreiber","Atomausstieg","Habeck","motiviertquot","quotPolitisch","Untersuchungsausschuss","widersprechen"],"articleSection":["Deutschland","Russland"],"inLanguage":"de","potentialAction":[{"@type":"CommentAction","name":"Comment","target":["https:\/\/now-news.de\/de\/deutschland\/atomausstieg-akw-betreiber-widersprechen-habeck-im-untersuchungsausschuss-politisch-motiviert\/#respond"]}]},{"@type":"WebPage","@id":"https:\/\/now-news.de\/de\/deutschland\/atomausstieg-akw-betreiber-widersprechen-habeck-im-untersuchungsausschuss-politisch-motiviert\/","url":"https:\/\/now-news.de\/de\/deutschland\/atomausstieg-akw-betreiber-widersprechen-habeck-im-untersuchungsausschuss-politisch-motiviert\/","name":"Atomausstieg: AKW-Betreiber widersprechen Habeck im Untersuchungsausschuss \u2013 &quot;politisch motiviert&quot; - just-now.NEWS Deutschland","isPartOf":{"@id":"https:\/\/now-news.de\/de\/#website"},"primaryImageOfPage":{"@id":"https:\/\/now-news.de\/de\/deutschland\/atomausstieg-akw-betreiber-widersprechen-habeck-im-untersuchungsausschuss-politisch-motiviert\/#primaryimage"},"image":{"@id":"https:\/\/now-news.de\/de\/deutschland\/atomausstieg-akw-betreiber-widersprechen-habeck-im-untersuchungsausschuss-politisch-motiviert\/#primaryimage"},"thumbnailUrl":"https:\/\/now-news.de\/de\/wp-content\/uploads\/sites\/3\/2024\/11\/Atomausstieg-AKW-Betreiber-widersprechen-Habeck-im-Untersuchungsausschuss-\u2013-quotpolitisch-motiviertquot.jpg","datePublished":"2024-11-29T19:03:07+00:00","dateModified":"2024-11-29T19:03:07+00:00","breadcrumb":{"@id":"https:\/\/now-news.de\/de\/deutschland\/atomausstieg-akw-betreiber-widersprechen-habeck-im-untersuchungsausschuss-politisch-motiviert\/#breadcrumb"},"inLanguage":"de","potentialAction":[{"@type":"ReadAction","target":["https:\/\/now-news.de\/de\/deutschland\/atomausstieg-akw-betreiber-widersprechen-habeck-im-untersuchungsausschuss-politisch-motiviert\/"]}]},{"@type":"ImageObject","inLanguage":"de","@id":"https:\/\/now-news.de\/de\/deutschland\/atomausstieg-akw-betreiber-widersprechen-habeck-im-untersuchungsausschuss-politisch-motiviert\/#primaryimage","url":"https:\/\/now-news.de\/de\/wp-content\/uploads\/sites\/3\/2024\/11\/Atomausstieg-AKW-Betreiber-widersprechen-Habeck-im-Untersuchungsausschuss-\u2013-quotpolitisch-motiviertquot.jpg","contentUrl":"https:\/\/now-news.de\/de\/wp-content\/uploads\/sites\/3\/2024\/11\/Atomausstieg-AKW-Betreiber-widersprechen-Habeck-im-Untersuchungsausschuss-\u2013-quotpolitisch-motiviertquot.jpg","width":460,"height":259,"caption":"Atomausstieg: AKW-Betreiber widersprechen Habeck im Untersuchungsausschuss \u2013 &quot;politisch motiviert&quot;"},{"@type":"BreadcrumbList","@id":"https:\/\/now-news.de\/de\/deutschland\/atomausstieg-akw-betreiber-widersprechen-habeck-im-untersuchungsausschuss-politisch-motiviert\/#breadcrumb","itemListElement":[{"@type":"ListItem","position":1,"name":"Home","item":"https:\/\/now-news.de\/de\/"},{"@type":"ListItem","position":2,"name":"Atomausstieg: AKW-Betreiber widersprechen Habeck im Untersuchungsausschuss \u2013 &quot;politisch motiviert&quot;"}]},{"@type":"WebSite","@id":"https:\/\/now-news.de\/de\/#website","url":"https:\/\/now-news.de\/de\/","name":"just-now.NEWS Deutschland","description":"Das Portal f\u00fcr unzensierte Nachrichten aus der Welt","publisher":{"@id":"https:\/\/now-news.de\/de\/#organization"},"potentialAction":[{"@type":"SearchAction","target":{"@type":"EntryPoint","urlTemplate":"https:\/\/now-news.de\/de\/?s={search_term_string}"},"query-input":"required name=search_term_string"}],"inLanguage":"de"},{"@type":"Organization","@id":"https:\/\/now-news.de\/de\/#organization","name":"Just Now News","url":"https:\/\/now-news.de\/de\/","logo":{"@type":"ImageObject","inLanguage":"de","@id":"https:\/\/now-news.de\/de\/#\/schema\/logo\/image\/","url":"http:\/\/just-now.news\/de\/wp-content\/uploads\/sites\/3\/2022\/04\/logo500x500.jpg","contentUrl":"http:\/\/just-now.news\/de\/wp-content\/uploads\/sites\/3\/2022\/04\/logo500x500.jpg","width":500,"height":500,"caption":"Just Now News"},"image":{"@id":"https:\/\/now-news.de\/de\/#\/schema\/logo\/image\/"},"sameAs":["https:\/\/www.facebook.com\/wirmachenauf","https:\/\/x.com\/WirMachenAuf_de"]},{"@type":"Person","@id":"https:\/\/now-news.de\/de\/#\/schema\/person\/fb534a4e865501d8b3285208df34a9b5","name":"rtnews","image":{"@type":"ImageObject","inLanguage":"de","@id":"https:\/\/now-news.de\/de\/#\/schema\/person\/image\/","url":"https:\/\/secure.gravatar.com\/avatar\/82aafea7d8127119dd649515f56e2117?s=96&d=mm&r=g","contentUrl":"https:\/\/secure.gravatar.com\/avatar\/82aafea7d8127119dd649515f56e2117?s=96&d=mm&r=g","caption":"rtnews"},"url":"https:\/\/now-news.de\/de\/author\/rnews\/"}]}},"_links":{"self":[{"href":"https:\/\/now-news.de\/de\/wp-json\/wp\/v2\/posts\/73548"}],"collection":[{"href":"https:\/\/now-news.de\/de\/wp-json\/wp\/v2\/posts"}],"about":[{"href":"https:\/\/now-news.de\/de\/wp-json\/wp\/v2\/types\/post"}],"author":[{"embeddable":true,"href":"https:\/\/now-news.de\/de\/wp-json\/wp\/v2\/users\/3"}],"replies":[{"embeddable":true,"href":"https:\/\/now-news.de\/de\/wp-json\/wp\/v2\/comments?post=73548"}],"version-history":[{"count":0,"href":"https:\/\/now-news.de\/de\/wp-json\/wp\/v2\/posts\/73548\/revisions"}],"wp:featuredmedia":[{"embeddable":true,"href":"https:\/\/now-news.de\/de\/wp-json\/wp\/v2\/media\/73549"}],"wp:attachment":[{"href":"https:\/\/now-news.de\/de\/wp-json\/wp\/v2\/media?parent=73548"}],"wp:term":[{"taxonomy":"category","embeddable":true,"href":"https:\/\/now-news.de\/de\/wp-json\/wp\/v2\/categories?post=73548"},{"taxonomy":"post_tag","embeddable":true,"href":"https:\/\/now-news.de\/de\/wp-json\/wp\/v2\/tags?post=73548"}],"curies":[{"name":"wp","href":"https:\/\/api.w.org\/{rel}","templated":true}]}}