{"id":73546,"date":"2024-11-29T20:00:14","date_gmt":"2024-11-29T18:00:14","guid":{"rendered":"https:\/\/now-news.de\/de\/deutschland\/ukrainischer-aussenminister-draengt-auf-nato-einladung-fuer-kiew\/"},"modified":"2024-11-29T20:00:14","modified_gmt":"2024-11-29T18:00:14","slug":"ukrainischer-aussenminister-draengt-auf-nato-einladung-fuer-kiew","status":"publish","type":"post","link":"https:\/\/now-news.de\/de\/deutschland\/ukrainischer-aussenminister-draengt-auf-nato-einladung-fuer-kiew\/","title":{"rendered":"Ukrainischer Au\u00dfenminister dr\u00e4ngt auf NATO-Einladung f\u00fcr Kiew"},"content":{"rendered":"<p><img decoding=\"async\" src=\"https:\/\/now-news.de\/de\/wp-content\/uploads\/sites\/3\/2024\/11\/6749fb36b480cc1a546be7cc.jpg\" \/><\/p>\n<div class=\"Text-root Text-type_1 \">\n                Laut der Nachrichtenagentur &#8220;Reuters&#8221; hat der Minister einen Brief an die NATO-Verb\u00fcndeten gesandt, in dem er offiziell eine Einladung der Ukraine in das B\u00fcndnis fordert. Andrei Sibiga betonte, dass Kiew versteht, dass ein Beitritt zur NATO erst nach dem Ende des Krieges m\u00f6glich sei.\n            <\/div>\n<p><\/p>\n<div class=\"Text-root Text-type_5 ArticleView-text ViewText-root \">\n<p>Der ukrainische Au\u00dfenminister Andrei Sibiga hat die NATO-Partner in einem Schreiben dazu aufgefordert, Kiew bereits in der kommenden Woche offiziell in die westliche Verteidigungsallianz einzuladen. Sein Brief, der <em><a rel=\"nofollow noopener\" target=\"_blank\" href=\"https:\/\/www.reuters.com\/world\/europe\/ukraine-asks-nato-membership-invite-next-week-letter-shows-2024-11-29\/\">Reuters<\/a><\/em>\u00a0vorliegt, richtet sich an die Au\u00dfenminister der Mitgliedstaaten, die sich am 3. und 4. Dezember in Br\u00fcssel treffen werden.<\/p>\n<p>Sibiga betonte, dass die Zeit f\u00fcr eine Einladung jetzt reif sei \u2013 auch wenn der Ukraine bewusst sei, dass ein tats\u00e4chlicher Beitritt erst nach Kriegsende m\u00f6glich ist. Eine Einladung w\u00e4re ein klares Signal an den Kreml.<\/p>\n<p>Sibiga appellierte an die NATO-Staaten, die Einladung an Kiew als eines der zentralen Ergebnisse des Br\u00fcsseler Treffens zu verabschieden:<\/p>\n<blockquote>\n<p><em>&#8220;Ich fordere Sie auf, diese Entscheidung zu unterst\u00fctzen, um der Ukraine die Perspektive einer Mitgliedschaft in der Allianz zu er\u00f6ffnen.&#8221;<\/em><\/p>\n<\/blockquote>\n<h3>Die Ukraine und die NATO \u2013 ein schwieriger Balanceakt<\/h3>\n<p>Bereits im Oktober hatte Wladimir Selenskij seinen &#8220;Plan f\u00fcr den Sieg&#8221; vorgestellt, in dem eine Einladung zur NATO als ein wesentlicher Bestandteil genannt wurde. Selenskij unterstrich, dass eine Mitgliedschaft zwar erst nach Kriegsende realistisch sei, eine Einladung jedoch ein entscheidender Schritt sei, um die Position der Ukraine zu st\u00e4rken.<\/p>\n<div class=\"EmbedBlock-root EmbedBlock-twitter\">\n<div class=\"TwitterEmbed\">\n<blockquote class=\"twitter-tweet lazyload\" data-twitter=\"twitter-tweet\">\n<p lang=\"en\" dir=\"ltr\">Glad to welcome <a rel=\"nofollow noopener\" target=\"_blank\" href=\"https:\/\/twitter.com\/ABaerbock?ref_src=twsrc%5Etfw\">@ABaerbock<\/a> in Kyiv.Important visit demonstrating Germany\u2019s unwavering leadership in supporting Ukraine at this critical time.We discussed further military and energy assistance, investment in Ukraine\u2019s defense industry, and ways to scale up drone production. <a rel=\"nofollow noopener\" target=\"_blank\" href=\"https:\/\/t.co\/9M7e1dwjuh\">pic.twitter.com\/9M7e1dwjuh<\/a><\/p>\n<p>\u2014 Andrii Sybiha \ud83c\uddfa\ud83c\udde6 (@andrii_sybiha) <a rel=\"nofollow noopener\" target=\"_blank\" href=\"https:\/\/twitter.com\/andrii_sybiha\/status\/1853528736953421954?ref_src=twsrc%5Etfw\">November 4, 2024<\/a><\/p><\/blockquote>\n<\/div>\n<\/div>\n<p>Auf dem NATO-Gipfel im litauischen Vilnius im Juli 2023 hatte Generalsekret\u00e4r Jens Stoltenberg erkl\u00e4rt, dass die Ukraine der Allianz beitreten wird, sobald die Alliierten zustimmen w\u00fcrden und bestimmte Bedingungen erf\u00fcllt seien. Der Prozess f\u00fcr einen Beitritt wurde durch den Verzicht auf den bisher obligatorischen Aktionsplan (MAP) vereinfacht. Doch trotz dieser Schritte fehlt bis heute eine formelle Einladung oder ein verbindlicher Zeitplan.<\/p>\n<p>Innerhalb der NATO bleibt das Thema umstritten. W\u00e4hrend L\u00e4nder wie Polen und die baltischen Staaten einen schnellen Beitritt der Ukraine unterst\u00fctzen, zeigen sich vor allem westliche Staaten wie Deutschland, Frankreich und die USA zur\u00fcckhaltend. Die Sorge vor einer direkten milit\u00e4rischen Konfrontation mit Russland pr\u00e4gt weiterhin die Debatte.<\/p>\n<p>F\u00fcr die Ukraine w\u00e4re eine Einladung zum NATO-Beitritt mehr als nur ein symbolischer Schritt. Sie w\u00fcrde nicht nur die Widerstandsf\u00e4higkeit des Landes st\u00e4rken, sondern auch die Entschlossenheit und Geschlossenheit der westlichen Allianz demonstrieren.<\/p>\n<p>Ob die NATO-Au\u00dfenminister Sibigas Forderung nachkommen werden, bleibt abzuwarten. Doch die Diskussion zeigt, wie tiefgreifend der Krieg in der Ukraine die strategischen \u00dcberlegungen innerhalb der Allianz ver\u00e4ndert hat. Klar ist, dass jede Entscheidung \u00fcber die NATO-Integration der Ukraine weitreichende geopolitische Konsequenzen nach sich ziehen wird \u2013 nicht nur f\u00fcr die Ukraine, sondern f\u00fcr die gesamte Sicherheitsordnung Europas.<\/p>\n<p><strong>Mehr zum Thema\u00a0<\/strong>\u2013\u00a0<a rel=\"nofollow noopener\" target=\"_blank\" href=\"https:\/\/freedert.online\/europa\/220733-el-pais-druck-von-aussen\/\">El Pa\u00eds: Druck von au\u00dfen auf Kiew f\u00fcr Verhandlungen mit Moskau nimmt zu<\/a><\/p>\n<div class=\"EmbedBlock-root EmbedBlock-externalVideo EmbedBlock-rumble\">\n<div class=\"VkEmbed\"><iframe class=\"lazyload\" data-src=\"https:\/\/rumble.com\/embed\/v5eom99\" frameborder=\"0\" width=\"853\" height=\"480\" allowfullscreen><\/iframe><\/div>\n<\/div>\n<\/div>\n<p><script async src=\"https:\/\/platform.twitter.com\/widgets.js\" charset=\"utf-8\"><\/script><br \/>\n<br \/><br \/>\n<br \/><a href=\"https:\/\/de.rt.com\/europa\/227788-ukrainische-aussenminister-draengt-auf-nato\/\">Source link <\/a><\/p>\n","protected":false},"excerpt":{"rendered":"<p>Laut der Nachrichtenagentur &#8220;Reuters&#8221; hat der Minister einen Brief an die NATO-Verb\u00fcndeten gesandt, in dem er offiziell eine Einladung der Ukraine in das B\u00fcndnis fordert. Andrei Sibiga betonte, dass Kiew versteht, dass ein Beitritt zur NATO erst nach dem Ende des Krieges m\u00f6glich sei. Der ukrainische Au\u00dfenminister Andrei Sibiga hat die NATO-Partner in einem Schreiben [&hellip;]<\/p>\n","protected":false},"author":3,"featured_media":73547,"comment_status":"open","ping_status":"open","sticky":false,"template":"","format":"standard","meta":{"_yoast_indexnow_last_ping":["1732903511"],"wp_automatic_camp":["217"],"af034d41ad9a087fba9ec0cc7c8b3535":["Ukrainischer Au\u00dfenminister dr\u00e4ngt auf NATO-Einladung f\u00fcr Kiew"],"original_link":["https:\/\/de.rt.com\/europa\/227788-ukrainische-aussenminister-draengt-auf-nato\/"],"_thumbnail_id":["73547"],"jnews_social_counter_last_update":["1777437655"],"_wptgpro_p2tg_sent2tg":["a:1:{i:23737;s:19:\"2024-11-29 20:06:15\";}"]},"categories":[19,23],"tags":[133,13830,1336,221,1025,56084,488],"yoast_head":"<!-- This site is optimized with the Yoast SEO Premium plugin v22.7 (Yoast SEO v22.7) - https:\/\/yoast.com\/wordpress\/plugins\/seo\/ -->\n<title>Ukrainischer Au\u00dfenminister dr\u00e4ngt auf NATO-Einladung f\u00fcr Kiew - just-now.NEWS Deutschland<\/title>\n<meta name=\"robots\" content=\"index, follow, max-snippet:-1, max-image-preview:large, max-video-preview:-1\" \/>\n<link rel=\"canonical\" href=\"https:\/\/now-news.de\/de\/deutschland\/ukrainischer-aussenminister-draengt-auf-nato-einladung-fuer-kiew\/\" \/>\n<meta property=\"og:locale\" content=\"de_DE\" \/>\n<meta property=\"og:type\" content=\"article\" \/>\n<meta property=\"og:title\" content=\"Ukrainischer Au\u00dfenminister dr\u00e4ngt auf NATO-Einladung f\u00fcr Kiew\" \/>\n<meta property=\"og:description\" content=\"Laut der Nachrichtenagentur &#8220;Reuters&#8221; hat der Minister einen Brief an die NATO-Verb\u00fcndeten gesandt, in dem er offiziell eine Einladung der Ukraine in das B\u00fcndnis fordert. Andrei Sibiga betonte, dass Kiew versteht, dass ein Beitritt zur NATO erst nach dem Ende des Krieges m\u00f6glich sei. Der ukrainische Au\u00dfenminister Andrei Sibiga hat die NATO-Partner in einem Schreiben [&hellip;]\" \/>\n<meta property=\"og:url\" content=\"https:\/\/now-news.de\/de\/deutschland\/ukrainischer-aussenminister-draengt-auf-nato-einladung-fuer-kiew\/\" \/>\n<meta property=\"og:site_name\" content=\"just-now.NEWS Deutschland\" \/>\n<meta property=\"article:publisher\" content=\"https:\/\/www.facebook.com\/wirmachenauf\" \/>\n<meta property=\"article:published_time\" content=\"2024-11-29T18:00:14+00:00\" \/>\n<meta property=\"og:image\" content=\"https:\/\/now-news.de\/de\/wp-content\/uploads\/sites\/3\/2024\/11\/6749fb36b480cc1a546be7cc.jpg\" \/>\n<meta name=\"author\" content=\"rtnews\" \/>\n<meta name=\"twitter:card\" content=\"summary_large_image\" \/>\n<meta name=\"twitter:creator\" content=\"@WirMachenAuf_de\" \/>\n<meta name=\"twitter:site\" content=\"@WirMachenAuf_de\" \/>\n<meta name=\"twitter:label1\" content=\"Verfasst von\" \/>\n\t<meta name=\"twitter:data1\" content=\"rtnews\" \/>\n\t<meta name=\"twitter:label2\" content=\"Gesch\u00e4tzte Lesezeit\" \/>\n\t<meta name=\"twitter:data2\" content=\"3\u00a0Minuten\" \/>\n<script type=\"application\/ld+json\" class=\"yoast-schema-graph\">{\"@context\":\"https:\/\/schema.org\",\"@graph\":[{\"@type\":\"Article\",\"@id\":\"https:\/\/now-news.de\/de\/deutschland\/ukrainischer-aussenminister-draengt-auf-nato-einladung-fuer-kiew\/#article\",\"isPartOf\":{\"@id\":\"https:\/\/now-news.de\/de\/deutschland\/ukrainischer-aussenminister-draengt-auf-nato-einladung-fuer-kiew\/\"},\"author\":{\"name\":\"rtnews\",\"@id\":\"https:\/\/now-news.de\/de\/#\/schema\/person\/fb534a4e865501d8b3285208df34a9b5\"},\"headline\":\"Ukrainischer Au\u00dfenminister dr\u00e4ngt auf NATO-Einladung f\u00fcr Kiew\",\"datePublished\":\"2024-11-29T18:00:14+00:00\",\"dateModified\":\"2024-11-29T18:00:14+00:00\",\"mainEntityOfPage\":{\"@id\":\"https:\/\/now-news.de\/de\/deutschland\/ukrainischer-aussenminister-draengt-auf-nato-einladung-fuer-kiew\/\"},\"wordCount\":535,\"commentCount\":0,\"publisher\":{\"@id\":\"https:\/\/now-news.de\/de\/#organization\"},\"image\":{\"@id\":\"https:\/\/now-news.de\/de\/deutschland\/ukrainischer-aussenminister-draengt-auf-nato-einladung-fuer-kiew\/#primaryimage\"},\"thumbnailUrl\":\"https:\/\/now-news.de\/de\/wp-content\/uploads\/sites\/3\/2024\/11\/Ukrainischer-Aussenminister-draengt-auf-NATO-Einladung-fuer-Kiew.jpg\",\"keywords\":[\"AUF\",\"Au\u00dfenminister\",\"dr\u00e4ngt\",\"f\u00fcr\",\"Kiew\",\"NATOEinladung\",\"Ukrainischer\"],\"articleSection\":[\"Deutschland\",\"Russland\"],\"inLanguage\":\"de\",\"potentialAction\":[{\"@type\":\"CommentAction\",\"name\":\"Comment\",\"target\":[\"https:\/\/now-news.de\/de\/deutschland\/ukrainischer-aussenminister-draengt-auf-nato-einladung-fuer-kiew\/#respond\"]}]},{\"@type\":\"WebPage\",\"@id\":\"https:\/\/now-news.de\/de\/deutschland\/ukrainischer-aussenminister-draengt-auf-nato-einladung-fuer-kiew\/\",\"url\":\"https:\/\/now-news.de\/de\/deutschland\/ukrainischer-aussenminister-draengt-auf-nato-einladung-fuer-kiew\/\",\"name\":\"Ukrainischer Au\u00dfenminister dr\u00e4ngt auf NATO-Einladung f\u00fcr Kiew - just-now.NEWS Deutschland\",\"isPartOf\":{\"@id\":\"https:\/\/now-news.de\/de\/#website\"},\"primaryImageOfPage\":{\"@id\":\"https:\/\/now-news.de\/de\/deutschland\/ukrainischer-aussenminister-draengt-auf-nato-einladung-fuer-kiew\/#primaryimage\"},\"image\":{\"@id\":\"https:\/\/now-news.de\/de\/deutschland\/ukrainischer-aussenminister-draengt-auf-nato-einladung-fuer-kiew\/#primaryimage\"},\"thumbnailUrl\":\"https:\/\/now-news.de\/de\/wp-content\/uploads\/sites\/3\/2024\/11\/Ukrainischer-Aussenminister-draengt-auf-NATO-Einladung-fuer-Kiew.jpg\",\"datePublished\":\"2024-11-29T18:00:14+00:00\",\"dateModified\":\"2024-11-29T18:00:14+00:00\",\"breadcrumb\":{\"@id\":\"https:\/\/now-news.de\/de\/deutschland\/ukrainischer-aussenminister-draengt-auf-nato-einladung-fuer-kiew\/#breadcrumb\"},\"inLanguage\":\"de\",\"potentialAction\":[{\"@type\":\"ReadAction\",\"target\":[\"https:\/\/now-news.de\/de\/deutschland\/ukrainischer-aussenminister-draengt-auf-nato-einladung-fuer-kiew\/\"]}]},{\"@type\":\"ImageObject\",\"inLanguage\":\"de\",\"@id\":\"https:\/\/now-news.de\/de\/deutschland\/ukrainischer-aussenminister-draengt-auf-nato-einladung-fuer-kiew\/#primaryimage\",\"url\":\"https:\/\/now-news.de\/de\/wp-content\/uploads\/sites\/3\/2024\/11\/Ukrainischer-Aussenminister-draengt-auf-NATO-Einladung-fuer-Kiew.jpg\",\"contentUrl\":\"https:\/\/now-news.de\/de\/wp-content\/uploads\/sites\/3\/2024\/11\/Ukrainischer-Aussenminister-draengt-auf-NATO-Einladung-fuer-Kiew.jpg\",\"width\":460,\"height\":259,\"caption\":\"Ukrainischer Au\u00dfenminister dr\u00e4ngt auf NATO-Einladung f\u00fcr Kiew\"},{\"@type\":\"BreadcrumbList\",\"@id\":\"https:\/\/now-news.de\/de\/deutschland\/ukrainischer-aussenminister-draengt-auf-nato-einladung-fuer-kiew\/#breadcrumb\",\"itemListElement\":[{\"@type\":\"ListItem\",\"position\":1,\"name\":\"Home\",\"item\":\"https:\/\/now-news.de\/de\/\"},{\"@type\":\"ListItem\",\"position\":2,\"name\":\"Ukrainischer Au\u00dfenminister dr\u00e4ngt auf NATO-Einladung f\u00fcr Kiew\"}]},{\"@type\":\"WebSite\",\"@id\":\"https:\/\/now-news.de\/de\/#website\",\"url\":\"https:\/\/now-news.de\/de\/\",\"name\":\"just-now.NEWS Deutschland\",\"description\":\"Das Portal f\u00fcr unzensierte Nachrichten aus der Welt\",\"publisher\":{\"@id\":\"https:\/\/now-news.de\/de\/#organization\"},\"potentialAction\":[{\"@type\":\"SearchAction\",\"target\":{\"@type\":\"EntryPoint\",\"urlTemplate\":\"https:\/\/now-news.de\/de\/?s={search_term_string}\"},\"query-input\":\"required name=search_term_string\"}],\"inLanguage\":\"de\"},{\"@type\":\"Organization\",\"@id\":\"https:\/\/now-news.de\/de\/#organization\",\"name\":\"Just Now News\",\"url\":\"https:\/\/now-news.de\/de\/\",\"logo\":{\"@type\":\"ImageObject\",\"inLanguage\":\"de\",\"@id\":\"https:\/\/now-news.de\/de\/#\/schema\/logo\/image\/\",\"url\":\"http:\/\/just-now.news\/de\/wp-content\/uploads\/sites\/3\/2022\/04\/logo500x500.jpg\",\"contentUrl\":\"http:\/\/just-now.news\/de\/wp-content\/uploads\/sites\/3\/2022\/04\/logo500x500.jpg\",\"width\":500,\"height\":500,\"caption\":\"Just Now News\"},\"image\":{\"@id\":\"https:\/\/now-news.de\/de\/#\/schema\/logo\/image\/\"},\"sameAs\":[\"https:\/\/www.facebook.com\/wirmachenauf\",\"https:\/\/x.com\/WirMachenAuf_de\"]},{\"@type\":\"Person\",\"@id\":\"https:\/\/now-news.de\/de\/#\/schema\/person\/fb534a4e865501d8b3285208df34a9b5\",\"name\":\"rtnews\",\"image\":{\"@type\":\"ImageObject\",\"inLanguage\":\"de\",\"@id\":\"https:\/\/now-news.de\/de\/#\/schema\/person\/image\/\",\"url\":\"https:\/\/secure.gravatar.com\/avatar\/82aafea7d8127119dd649515f56e2117?s=96&d=mm&r=g\",\"contentUrl\":\"https:\/\/secure.gravatar.com\/avatar\/82aafea7d8127119dd649515f56e2117?s=96&d=mm&r=g\",\"caption\":\"rtnews\"},\"url\":\"https:\/\/now-news.de\/de\/author\/rnews\/\"}]}<\/script>\n<!-- \/ Yoast SEO Premium plugin. -->","yoast_head_json":{"title":"Ukrainischer Au\u00dfenminister dr\u00e4ngt auf NATO-Einladung f\u00fcr Kiew - just-now.NEWS Deutschland","robots":{"index":"index","follow":"follow","max-snippet":"max-snippet:-1","max-image-preview":"max-image-preview:large","max-video-preview":"max-video-preview:-1"},"canonical":"https:\/\/now-news.de\/de\/deutschland\/ukrainischer-aussenminister-draengt-auf-nato-einladung-fuer-kiew\/","og_locale":"de_DE","og_type":"article","og_title":"Ukrainischer Au\u00dfenminister dr\u00e4ngt auf NATO-Einladung f\u00fcr Kiew","og_description":"Laut der Nachrichtenagentur &#8220;Reuters&#8221; hat der Minister einen Brief an die NATO-Verb\u00fcndeten gesandt, in dem er offiziell eine Einladung der Ukraine in das B\u00fcndnis fordert. Andrei Sibiga betonte, dass Kiew versteht, dass ein Beitritt zur NATO erst nach dem Ende des Krieges m\u00f6glich sei. Der ukrainische Au\u00dfenminister Andrei Sibiga hat die NATO-Partner in einem Schreiben [&hellip;]","og_url":"https:\/\/now-news.de\/de\/deutschland\/ukrainischer-aussenminister-draengt-auf-nato-einladung-fuer-kiew\/","og_site_name":"just-now.NEWS Deutschland","article_publisher":"https:\/\/www.facebook.com\/wirmachenauf","article_published_time":"2024-11-29T18:00:14+00:00","og_image":[{"url":"https:\/\/now-news.de\/de\/wp-content\/uploads\/sites\/3\/2024\/11\/6749fb36b480cc1a546be7cc.jpg"}],"author":"rtnews","twitter_card":"summary_large_image","twitter_creator":"@WirMachenAuf_de","twitter_site":"@WirMachenAuf_de","twitter_misc":{"Verfasst von":"rtnews","Gesch\u00e4tzte Lesezeit":"3\u00a0Minuten"},"schema":{"@context":"https:\/\/schema.org","@graph":[{"@type":"Article","@id":"https:\/\/now-news.de\/de\/deutschland\/ukrainischer-aussenminister-draengt-auf-nato-einladung-fuer-kiew\/#article","isPartOf":{"@id":"https:\/\/now-news.de\/de\/deutschland\/ukrainischer-aussenminister-draengt-auf-nato-einladung-fuer-kiew\/"},"author":{"name":"rtnews","@id":"https:\/\/now-news.de\/de\/#\/schema\/person\/fb534a4e865501d8b3285208df34a9b5"},"headline":"Ukrainischer Au\u00dfenminister dr\u00e4ngt auf NATO-Einladung f\u00fcr Kiew","datePublished":"2024-11-29T18:00:14+00:00","dateModified":"2024-11-29T18:00:14+00:00","mainEntityOfPage":{"@id":"https:\/\/now-news.de\/de\/deutschland\/ukrainischer-aussenminister-draengt-auf-nato-einladung-fuer-kiew\/"},"wordCount":535,"commentCount":0,"publisher":{"@id":"https:\/\/now-news.de\/de\/#organization"},"image":{"@id":"https:\/\/now-news.de\/de\/deutschland\/ukrainischer-aussenminister-draengt-auf-nato-einladung-fuer-kiew\/#primaryimage"},"thumbnailUrl":"https:\/\/now-news.de\/de\/wp-content\/uploads\/sites\/3\/2024\/11\/Ukrainischer-Aussenminister-draengt-auf-NATO-Einladung-fuer-Kiew.jpg","keywords":["AUF","Au\u00dfenminister","dr\u00e4ngt","f\u00fcr","Kiew","NATOEinladung","Ukrainischer"],"articleSection":["Deutschland","Russland"],"inLanguage":"de","potentialAction":[{"@type":"CommentAction","name":"Comment","target":["https:\/\/now-news.de\/de\/deutschland\/ukrainischer-aussenminister-draengt-auf-nato-einladung-fuer-kiew\/#respond"]}]},{"@type":"WebPage","@id":"https:\/\/now-news.de\/de\/deutschland\/ukrainischer-aussenminister-draengt-auf-nato-einladung-fuer-kiew\/","url":"https:\/\/now-news.de\/de\/deutschland\/ukrainischer-aussenminister-draengt-auf-nato-einladung-fuer-kiew\/","name":"Ukrainischer Au\u00dfenminister dr\u00e4ngt auf NATO-Einladung f\u00fcr Kiew - just-now.NEWS Deutschland","isPartOf":{"@id":"https:\/\/now-news.de\/de\/#website"},"primaryImageOfPage":{"@id":"https:\/\/now-news.de\/de\/deutschland\/ukrainischer-aussenminister-draengt-auf-nato-einladung-fuer-kiew\/#primaryimage"},"image":{"@id":"https:\/\/now-news.de\/de\/deutschland\/ukrainischer-aussenminister-draengt-auf-nato-einladung-fuer-kiew\/#primaryimage"},"thumbnailUrl":"https:\/\/now-news.de\/de\/wp-content\/uploads\/sites\/3\/2024\/11\/Ukrainischer-Aussenminister-draengt-auf-NATO-Einladung-fuer-Kiew.jpg","datePublished":"2024-11-29T18:00:14+00:00","dateModified":"2024-11-29T18:00:14+00:00","breadcrumb":{"@id":"https:\/\/now-news.de\/de\/deutschland\/ukrainischer-aussenminister-draengt-auf-nato-einladung-fuer-kiew\/#breadcrumb"},"inLanguage":"de","potentialAction":[{"@type":"ReadAction","target":["https:\/\/now-news.de\/de\/deutschland\/ukrainischer-aussenminister-draengt-auf-nato-einladung-fuer-kiew\/"]}]},{"@type":"ImageObject","inLanguage":"de","@id":"https:\/\/now-news.de\/de\/deutschland\/ukrainischer-aussenminister-draengt-auf-nato-einladung-fuer-kiew\/#primaryimage","url":"https:\/\/now-news.de\/de\/wp-content\/uploads\/sites\/3\/2024\/11\/Ukrainischer-Aussenminister-draengt-auf-NATO-Einladung-fuer-Kiew.jpg","contentUrl":"https:\/\/now-news.de\/de\/wp-content\/uploads\/sites\/3\/2024\/11\/Ukrainischer-Aussenminister-draengt-auf-NATO-Einladung-fuer-Kiew.jpg","width":460,"height":259,"caption":"Ukrainischer Au\u00dfenminister dr\u00e4ngt auf NATO-Einladung f\u00fcr Kiew"},{"@type":"BreadcrumbList","@id":"https:\/\/now-news.de\/de\/deutschland\/ukrainischer-aussenminister-draengt-auf-nato-einladung-fuer-kiew\/#breadcrumb","itemListElement":[{"@type":"ListItem","position":1,"name":"Home","item":"https:\/\/now-news.de\/de\/"},{"@type":"ListItem","position":2,"name":"Ukrainischer Au\u00dfenminister dr\u00e4ngt auf NATO-Einladung f\u00fcr Kiew"}]},{"@type":"WebSite","@id":"https:\/\/now-news.de\/de\/#website","url":"https:\/\/now-news.de\/de\/","name":"just-now.NEWS Deutschland","description":"Das Portal f\u00fcr unzensierte Nachrichten aus der Welt","publisher":{"@id":"https:\/\/now-news.de\/de\/#organization"},"potentialAction":[{"@type":"SearchAction","target":{"@type":"EntryPoint","urlTemplate":"https:\/\/now-news.de\/de\/?s={search_term_string}"},"query-input":"required name=search_term_string"}],"inLanguage":"de"},{"@type":"Organization","@id":"https:\/\/now-news.de\/de\/#organization","name":"Just Now News","url":"https:\/\/now-news.de\/de\/","logo":{"@type":"ImageObject","inLanguage":"de","@id":"https:\/\/now-news.de\/de\/#\/schema\/logo\/image\/","url":"http:\/\/just-now.news\/de\/wp-content\/uploads\/sites\/3\/2022\/04\/logo500x500.jpg","contentUrl":"http:\/\/just-now.news\/de\/wp-content\/uploads\/sites\/3\/2022\/04\/logo500x500.jpg","width":500,"height":500,"caption":"Just Now News"},"image":{"@id":"https:\/\/now-news.de\/de\/#\/schema\/logo\/image\/"},"sameAs":["https:\/\/www.facebook.com\/wirmachenauf","https:\/\/x.com\/WirMachenAuf_de"]},{"@type":"Person","@id":"https:\/\/now-news.de\/de\/#\/schema\/person\/fb534a4e865501d8b3285208df34a9b5","name":"rtnews","image":{"@type":"ImageObject","inLanguage":"de","@id":"https:\/\/now-news.de\/de\/#\/schema\/person\/image\/","url":"https:\/\/secure.gravatar.com\/avatar\/82aafea7d8127119dd649515f56e2117?s=96&d=mm&r=g","contentUrl":"https:\/\/secure.gravatar.com\/avatar\/82aafea7d8127119dd649515f56e2117?s=96&d=mm&r=g","caption":"rtnews"},"url":"https:\/\/now-news.de\/de\/author\/rnews\/"}]}},"_links":{"self":[{"href":"https:\/\/now-news.de\/de\/wp-json\/wp\/v2\/posts\/73546"}],"collection":[{"href":"https:\/\/now-news.de\/de\/wp-json\/wp\/v2\/posts"}],"about":[{"href":"https:\/\/now-news.de\/de\/wp-json\/wp\/v2\/types\/post"}],"author":[{"embeddable":true,"href":"https:\/\/now-news.de\/de\/wp-json\/wp\/v2\/users\/3"}],"replies":[{"embeddable":true,"href":"https:\/\/now-news.de\/de\/wp-json\/wp\/v2\/comments?post=73546"}],"version-history":[{"count":0,"href":"https:\/\/now-news.de\/de\/wp-json\/wp\/v2\/posts\/73546\/revisions"}],"wp:featuredmedia":[{"embeddable":true,"href":"https:\/\/now-news.de\/de\/wp-json\/wp\/v2\/media\/73547"}],"wp:attachment":[{"href":"https:\/\/now-news.de\/de\/wp-json\/wp\/v2\/media?parent=73546"}],"wp:term":[{"taxonomy":"category","embeddable":true,"href":"https:\/\/now-news.de\/de\/wp-json\/wp\/v2\/categories?post=73546"},{"taxonomy":"post_tag","embeddable":true,"href":"https:\/\/now-news.de\/de\/wp-json\/wp\/v2\/tags?post=73546"}],"curies":[{"name":"wp","href":"https:\/\/api.w.org\/{rel}","templated":true}]}}