{"id":73520,"date":"2024-11-29T14:46:49","date_gmt":"2024-11-29T12:46:49","guid":{"rendered":"https:\/\/now-news.de\/de\/deutschland\/bin-ausser-gefecht-gesetzt-freier-rt-mitarbeiter-in-tiflis-durch-gummigeschoss-verletzt\/"},"modified":"2024-11-29T14:46:49","modified_gmt":"2024-11-29T12:46:49","slug":"bin-ausser-gefecht-gesetzt-freier-rt-mitarbeiter-in-tiflis-durch-gummigeschoss-verletzt","status":"publish","type":"post","link":"https:\/\/now-news.de\/de\/deutschland\/bin-ausser-gefecht-gesetzt-freier-rt-mitarbeiter-in-tiflis-durch-gummigeschoss-verletzt\/","title":{"rendered":"&quot;Bin au\u00dfer Gefecht gesetzt&quot; \u2013 Freier RT-Mitarbeiter in Tiflis durch Gummigeschoss verletzt"},"content":{"rendered":"<p><img decoding=\"async\" src=\"https:\/\/now-news.de\/de\/wp-content\/uploads\/sites\/3\/2024\/11\/6749bc1148fbef0ef57e2b17.jpg\" \/><\/p>\n<div class=\"Text-root Text-type_1 \">\n                Der freiberufliche Journalist und Anti-Spiegel-Co-Moderator Dominik Reichert wurde bei Protesten in Tiflis am Kopf verletzt. Mutma\u00dflich wurde er von einem Gummigeschoss getroffen. Anschlie\u00dfend wurde er ins Krankenhaus eingeliefert, sein Leben ist au\u00dfer Gefahr.\n            <\/div>\n<p><\/p>\n<div class=\"Text-root Text-type_5 ArticleView-text ViewText-root \">\n<p>Der freischaffende Journalist <em>RT<\/em>\u00a0und Co-Moderator des popul\u00e4ren Programms <em>Anti-Spiegel-TV,<\/em> Dominik Reichert, ist bei den erneuten oppositionellen Protesten in der georgischen Hauptstadt Tiflis am Kopf verwundet worden.\u00a0W\u00e4hrend des Angriffs filmte er, als er durch die Wucht des Treffers zu Boden ging.<\/p>\n<p>Reichert erz\u00e4hlte seine Geschichte. Ihm zufolge seien zum Zeitpunkt des Unfalls die Demonstranten vom Parlament weg gedr\u00e4ngt worden. Sie h\u00e4tten Barrikaden errichtet und M\u00fclltonnen angez\u00fcndet, w\u00e4hrend die Polizei vorger\u00fcckt sei. Der\u00a0Journalist sei einen Schritt zur\u00fcckgegangen und habe sich kurz umgedreht, um wegzugehen. Ferner habe sich die Situation wie folgt gestaltet:<\/p>\n<blockquote>\n<p><em>&#8220;In dem Moment knallt es ganz laut f\u00fcr mich, ohrenbet\u00e4ubend laut wortw\u00f6rtlich, denn es hat meine Ohren bet\u00e4ubt. Ich konnte [\u2026] drei bis vier Sekunden \u00fcberhaupt gar nichts h\u00f6ren. Ich habe \u00fcbrigens nichts gef\u00fchlt, ich habe gar nichts gesp\u00fcrt, aber dann merke ich auf einmal, dass mir \u00fcbelst das Blut den Kopf runterl\u00e4uft.&#8221;<\/em><\/p>\n<\/blockquote>\n<p>Gleich danach h\u00e4tten die Anwesenden\u00a0Reichert zum Krankenwagen gebracht. Die \u00c4rzte entschieden vor Ort, den Journalisten ins Krankenhaus einzuliefern. Dort wurde er medizinisch versorgt. Sein Leben ist au\u00dfer Gefahr. Laut dem Verletzten gingen sowohl die \u00c4rzte als auch ein Polizist davon aus, dass er sehr wahrscheinlich von einem Gummigeschoss getroffen worden sei. Dominik Reichert stimmte dieser Vermutung ebenfalls zu:<\/p>\n<blockquote>\n<p><em>&#8220;Mir f\u00e4llt keine, eine andere Erkl\u00e4rung ein, was da passiert sein k\u00f6nnte au\u00dfer Gummigeschoss.&#8221;<\/em><\/p>\n<\/blockquote>\n<p>Reichert war kurze Zeit als fest angestellter Moderator und Korrespondent f\u00fcr <em>RT DE<\/em> t\u00e4tig. Seit dem Jahr 2024 arbeitet er als freier Journalist und moderiert neben Thomas R\u00f6per den Podcast <em>Anti-Spiegel<\/em>.\u00a0<\/p>\n<p>Am 28. November brachen in Georgien Proteste aus, nachdem die Regierung entschieden hatte, die Beitrittsgespr\u00e4che zur EU zu suspendieren. Es kam zu Zusammenst\u00f6\u00dfen zwischen der Polizei und den Demonstranten. Als Reaktion auf die Errichtung von Barrikaden, die Besch\u00e4digung des Eigentums der Stadtverwaltung und das Werfen von Glasflaschen, Steinen, Eisengegenst\u00e4nden und Pyrotechnik auf die Polizei setzten die Sicherheitskr\u00e4fte Tr\u00e4nengas und Wasserwerfer ein. Bei den Tumulten wurden 32 Polizeibeamte verletzt. Die Zahl der verletzten Protestierenden ist bisher nicht bekannt, aber die \u00c4rzte pr\u00e4zisierten, dass keine schweren Verletzungen verzeichnet worden seien.<\/p>\n<p><strong>Mehr zum Thema<\/strong> \u2013\u00a0<a rel=\"nofollow noopener\" target=\"_blank\" href=\"https:\/\/freedert.online\/international\/227715-georgien-proteste-nach-ukrainischem-szenario\/\">Georgien: Proteste nach ukrainischem Szenario ausgebrochen<\/a><\/p>\n<div class=\"EmbedBlock-root EmbedBlock-externalVideo EmbedBlock-rumble\">\n<div class=\"VkEmbed\"><iframe class=\"lazyload\" data-src=\"https:\/\/rumble.com\/embed\/v5qg2vz\" frameborder=\"0\" width=\"853\" height=\"480\" allowfullscreen><\/iframe><\/div>\n<\/div>\n<\/div>\n<p><br \/>\n<br \/><a href=\"https:\/\/de.rt.com\/international\/227748-freier-rt-mitarbeiter-dominik-reichert\/\">Source link <\/a><\/p>\n","protected":false},"excerpt":{"rendered":"<p>Der freiberufliche Journalist und Anti-Spiegel-Co-Moderator Dominik Reichert wurde bei Protesten in Tiflis am Kopf verletzt. Mutma\u00dflich wurde er von einem Gummigeschoss getroffen. Anschlie\u00dfend wurde er ins Krankenhaus eingeliefert, sein Leben ist au\u00dfer Gefahr. Der freischaffende Journalist RT\u00a0und Co-Moderator des popul\u00e4ren Programms Anti-Spiegel-TV, Dominik Reichert, ist bei den erneuten oppositionellen Protesten in der georgischen Hauptstadt Tiflis [&hellip;]<\/p>\n","protected":false},"author":3,"featured_media":73521,"comment_status":"open","ping_status":"open","sticky":false,"template":"","format":"standard","meta":{"_yoast_indexnow_last_ping":["1732886166"],"wp_automatic_camp":["217"],"9cbfeecbd68d00c06eff995213ca1313":["&quot;Bin au\u00dfer Gefecht gesetzt&quot; \u2013 Freier RT-Mitarbeiter in Tiflis durch Gummigeschoss verletzt"],"original_link":["https:\/\/de.rt.com\/international\/227748-freier-rt-mitarbeiter-dominik-reichert\/"],"_thumbnail_id":["73521"],"jnews_social_counter_last_update":["1777276603"],"_wptgpro_p2tg_sent2tg":["a:1:{i:23737;s:19:\"2024-11-29 15:17:11\";}"]},"categories":[19,23],"tags":[8672,1024,27881,36918,60650,60651,29207,58547,41745,7584],"yoast_head":"<!-- This site is optimized with the Yoast SEO Premium plugin v22.7 (Yoast SEO v22.7) - https:\/\/yoast.com\/wordpress\/plugins\/seo\/ -->\n<title>&quot;Bin au\u00dfer Gefecht gesetzt&quot; \u2013 Freier RT-Mitarbeiter in Tiflis durch Gummigeschoss verletzt - just-now.NEWS Deutschland<\/title>\n<meta name=\"robots\" content=\"index, follow, max-snippet:-1, max-image-preview:large, max-video-preview:-1\" \/>\n<link rel=\"canonical\" href=\"https:\/\/now-news.de\/de\/deutschland\/bin-ausser-gefecht-gesetzt-freier-rt-mitarbeiter-in-tiflis-durch-gummigeschoss-verletzt\/\" \/>\n<meta property=\"og:locale\" content=\"de_DE\" \/>\n<meta property=\"og:type\" content=\"article\" \/>\n<meta property=\"og:title\" content=\"&quot;Bin au\u00dfer Gefecht gesetzt&quot; \u2013 Freier RT-Mitarbeiter in Tiflis durch Gummigeschoss verletzt\" \/>\n<meta property=\"og:description\" content=\"Der freiberufliche Journalist und Anti-Spiegel-Co-Moderator Dominik Reichert wurde bei Protesten in Tiflis am Kopf verletzt. Mutma\u00dflich wurde er von einem Gummigeschoss getroffen. Anschlie\u00dfend wurde er ins Krankenhaus eingeliefert, sein Leben ist au\u00dfer Gefahr. Der freischaffende Journalist RT\u00a0und Co-Moderator des popul\u00e4ren Programms Anti-Spiegel-TV, Dominik Reichert, ist bei den erneuten oppositionellen Protesten in der georgischen Hauptstadt Tiflis [&hellip;]\" \/>\n<meta property=\"og:url\" content=\"https:\/\/now-news.de\/de\/deutschland\/bin-ausser-gefecht-gesetzt-freier-rt-mitarbeiter-in-tiflis-durch-gummigeschoss-verletzt\/\" \/>\n<meta property=\"og:site_name\" content=\"just-now.NEWS Deutschland\" \/>\n<meta property=\"article:publisher\" content=\"https:\/\/www.facebook.com\/wirmachenauf\" \/>\n<meta property=\"article:published_time\" content=\"2024-11-29T12:46:49+00:00\" \/>\n<meta property=\"og:image\" content=\"https:\/\/now-news.de\/de\/wp-content\/uploads\/sites\/3\/2024\/11\/6749bc1148fbef0ef57e2b17.jpg\" \/>\n<meta name=\"author\" content=\"rtnews\" \/>\n<meta name=\"twitter:card\" content=\"summary_large_image\" \/>\n<meta name=\"twitter:creator\" content=\"@WirMachenAuf_de\" \/>\n<meta name=\"twitter:site\" content=\"@WirMachenAuf_de\" \/>\n<meta name=\"twitter:label1\" content=\"Verfasst von\" \/>\n\t<meta name=\"twitter:data1\" content=\"rtnews\" \/>\n\t<meta name=\"twitter:label2\" content=\"Gesch\u00e4tzte Lesezeit\" \/>\n\t<meta name=\"twitter:data2\" content=\"2\u00a0Minuten\" \/>\n<script type=\"application\/ld+json\" class=\"yoast-schema-graph\">{\"@context\":\"https:\/\/schema.org\",\"@graph\":[{\"@type\":\"Article\",\"@id\":\"https:\/\/now-news.de\/de\/deutschland\/bin-ausser-gefecht-gesetzt-freier-rt-mitarbeiter-in-tiflis-durch-gummigeschoss-verletzt\/#article\",\"isPartOf\":{\"@id\":\"https:\/\/now-news.de\/de\/deutschland\/bin-ausser-gefecht-gesetzt-freier-rt-mitarbeiter-in-tiflis-durch-gummigeschoss-verletzt\/\"},\"author\":{\"name\":\"rtnews\",\"@id\":\"https:\/\/now-news.de\/de\/#\/schema\/person\/fb534a4e865501d8b3285208df34a9b5\"},\"headline\":\"&quot;Bin au\u00dfer Gefecht gesetzt&quot; \u2013 Freier RT-Mitarbeiter in Tiflis durch Gummigeschoss verletzt\",\"datePublished\":\"2024-11-29T12:46:49+00:00\",\"dateModified\":\"2024-11-29T12:46:49+00:00\",\"mainEntityOfPage\":{\"@id\":\"https:\/\/now-news.de\/de\/deutschland\/bin-ausser-gefecht-gesetzt-freier-rt-mitarbeiter-in-tiflis-durch-gummigeschoss-verletzt\/\"},\"wordCount\":430,\"commentCount\":0,\"publisher\":{\"@id\":\"https:\/\/now-news.de\/de\/#organization\"},\"image\":{\"@id\":\"https:\/\/now-news.de\/de\/deutschland\/bin-ausser-gefecht-gesetzt-freier-rt-mitarbeiter-in-tiflis-durch-gummigeschoss-verletzt\/#primaryimage\"},\"thumbnailUrl\":\"https:\/\/now-news.de\/de\/wp-content\/uploads\/sites\/3\/2024\/11\/quotBin-ausser-Gefecht-gesetztquot-\u2013-Freier-RT-Mitarbeiter-in-Tiflis-durch.jpg\",\"keywords\":[\"au\u00dfer\",\"durch\",\"freier\",\"Gefecht\",\"gesetztquot\",\"Gummigeschoss\",\"quotBin\",\"RTMitarbeiter\",\"Tiflis\",\"verletzt\"],\"articleSection\":[\"Deutschland\",\"Russland\"],\"inLanguage\":\"de\",\"potentialAction\":[{\"@type\":\"CommentAction\",\"name\":\"Comment\",\"target\":[\"https:\/\/now-news.de\/de\/deutschland\/bin-ausser-gefecht-gesetzt-freier-rt-mitarbeiter-in-tiflis-durch-gummigeschoss-verletzt\/#respond\"]}]},{\"@type\":\"WebPage\",\"@id\":\"https:\/\/now-news.de\/de\/deutschland\/bin-ausser-gefecht-gesetzt-freier-rt-mitarbeiter-in-tiflis-durch-gummigeschoss-verletzt\/\",\"url\":\"https:\/\/now-news.de\/de\/deutschland\/bin-ausser-gefecht-gesetzt-freier-rt-mitarbeiter-in-tiflis-durch-gummigeschoss-verletzt\/\",\"name\":\"&quot;Bin au\u00dfer Gefecht gesetzt&quot; \u2013 Freier RT-Mitarbeiter in Tiflis durch Gummigeschoss verletzt - just-now.NEWS Deutschland\",\"isPartOf\":{\"@id\":\"https:\/\/now-news.de\/de\/#website\"},\"primaryImageOfPage\":{\"@id\":\"https:\/\/now-news.de\/de\/deutschland\/bin-ausser-gefecht-gesetzt-freier-rt-mitarbeiter-in-tiflis-durch-gummigeschoss-verletzt\/#primaryimage\"},\"image\":{\"@id\":\"https:\/\/now-news.de\/de\/deutschland\/bin-ausser-gefecht-gesetzt-freier-rt-mitarbeiter-in-tiflis-durch-gummigeschoss-verletzt\/#primaryimage\"},\"thumbnailUrl\":\"https:\/\/now-news.de\/de\/wp-content\/uploads\/sites\/3\/2024\/11\/quotBin-ausser-Gefecht-gesetztquot-\u2013-Freier-RT-Mitarbeiter-in-Tiflis-durch.jpg\",\"datePublished\":\"2024-11-29T12:46:49+00:00\",\"dateModified\":\"2024-11-29T12:46:49+00:00\",\"breadcrumb\":{\"@id\":\"https:\/\/now-news.de\/de\/deutschland\/bin-ausser-gefecht-gesetzt-freier-rt-mitarbeiter-in-tiflis-durch-gummigeschoss-verletzt\/#breadcrumb\"},\"inLanguage\":\"de\",\"potentialAction\":[{\"@type\":\"ReadAction\",\"target\":[\"https:\/\/now-news.de\/de\/deutschland\/bin-ausser-gefecht-gesetzt-freier-rt-mitarbeiter-in-tiflis-durch-gummigeschoss-verletzt\/\"]}]},{\"@type\":\"ImageObject\",\"inLanguage\":\"de\",\"@id\":\"https:\/\/now-news.de\/de\/deutschland\/bin-ausser-gefecht-gesetzt-freier-rt-mitarbeiter-in-tiflis-durch-gummigeschoss-verletzt\/#primaryimage\",\"url\":\"https:\/\/now-news.de\/de\/wp-content\/uploads\/sites\/3\/2024\/11\/quotBin-ausser-Gefecht-gesetztquot-\u2013-Freier-RT-Mitarbeiter-in-Tiflis-durch.jpg\",\"contentUrl\":\"https:\/\/now-news.de\/de\/wp-content\/uploads\/sites\/3\/2024\/11\/quotBin-ausser-Gefecht-gesetztquot-\u2013-Freier-RT-Mitarbeiter-in-Tiflis-durch.jpg\",\"width\":460,\"height\":259,\"caption\":\"&quot;Bin au\u00dfer Gefecht gesetzt&quot; \u2013 Freier RT-Mitarbeiter in Tiflis durch Gummigeschoss verletzt\"},{\"@type\":\"BreadcrumbList\",\"@id\":\"https:\/\/now-news.de\/de\/deutschland\/bin-ausser-gefecht-gesetzt-freier-rt-mitarbeiter-in-tiflis-durch-gummigeschoss-verletzt\/#breadcrumb\",\"itemListElement\":[{\"@type\":\"ListItem\",\"position\":1,\"name\":\"Home\",\"item\":\"https:\/\/now-news.de\/de\/\"},{\"@type\":\"ListItem\",\"position\":2,\"name\":\"&quot;Bin au\u00dfer Gefecht gesetzt&quot; \u2013 Freier RT-Mitarbeiter in Tiflis durch Gummigeschoss verletzt\"}]},{\"@type\":\"WebSite\",\"@id\":\"https:\/\/now-news.de\/de\/#website\",\"url\":\"https:\/\/now-news.de\/de\/\",\"name\":\"just-now.NEWS Deutschland\",\"description\":\"Das Portal f\u00fcr unzensierte Nachrichten aus der Welt\",\"publisher\":{\"@id\":\"https:\/\/now-news.de\/de\/#organization\"},\"potentialAction\":[{\"@type\":\"SearchAction\",\"target\":{\"@type\":\"EntryPoint\",\"urlTemplate\":\"https:\/\/now-news.de\/de\/?s={search_term_string}\"},\"query-input\":\"required name=search_term_string\"}],\"inLanguage\":\"de\"},{\"@type\":\"Organization\",\"@id\":\"https:\/\/now-news.de\/de\/#organization\",\"name\":\"Just Now News\",\"url\":\"https:\/\/now-news.de\/de\/\",\"logo\":{\"@type\":\"ImageObject\",\"inLanguage\":\"de\",\"@id\":\"https:\/\/now-news.de\/de\/#\/schema\/logo\/image\/\",\"url\":\"http:\/\/just-now.news\/de\/wp-content\/uploads\/sites\/3\/2022\/04\/logo500x500.jpg\",\"contentUrl\":\"http:\/\/just-now.news\/de\/wp-content\/uploads\/sites\/3\/2022\/04\/logo500x500.jpg\",\"width\":500,\"height\":500,\"caption\":\"Just Now News\"},\"image\":{\"@id\":\"https:\/\/now-news.de\/de\/#\/schema\/logo\/image\/\"},\"sameAs\":[\"https:\/\/www.facebook.com\/wirmachenauf\",\"https:\/\/x.com\/WirMachenAuf_de\"]},{\"@type\":\"Person\",\"@id\":\"https:\/\/now-news.de\/de\/#\/schema\/person\/fb534a4e865501d8b3285208df34a9b5\",\"name\":\"rtnews\",\"image\":{\"@type\":\"ImageObject\",\"inLanguage\":\"de\",\"@id\":\"https:\/\/now-news.de\/de\/#\/schema\/person\/image\/\",\"url\":\"https:\/\/secure.gravatar.com\/avatar\/82aafea7d8127119dd649515f56e2117?s=96&d=mm&r=g\",\"contentUrl\":\"https:\/\/secure.gravatar.com\/avatar\/82aafea7d8127119dd649515f56e2117?s=96&d=mm&r=g\",\"caption\":\"rtnews\"},\"url\":\"https:\/\/now-news.de\/de\/author\/rnews\/\"}]}<\/script>\n<!-- \/ Yoast SEO Premium plugin. -->","yoast_head_json":{"title":"&quot;Bin au\u00dfer Gefecht gesetzt&quot; \u2013 Freier RT-Mitarbeiter in Tiflis durch Gummigeschoss verletzt - just-now.NEWS Deutschland","robots":{"index":"index","follow":"follow","max-snippet":"max-snippet:-1","max-image-preview":"max-image-preview:large","max-video-preview":"max-video-preview:-1"},"canonical":"https:\/\/now-news.de\/de\/deutschland\/bin-ausser-gefecht-gesetzt-freier-rt-mitarbeiter-in-tiflis-durch-gummigeschoss-verletzt\/","og_locale":"de_DE","og_type":"article","og_title":"&quot;Bin au\u00dfer Gefecht gesetzt&quot; \u2013 Freier RT-Mitarbeiter in Tiflis durch Gummigeschoss verletzt","og_description":"Der freiberufliche Journalist und Anti-Spiegel-Co-Moderator Dominik Reichert wurde bei Protesten in Tiflis am Kopf verletzt. Mutma\u00dflich wurde er von einem Gummigeschoss getroffen. Anschlie\u00dfend wurde er ins Krankenhaus eingeliefert, sein Leben ist au\u00dfer Gefahr. Der freischaffende Journalist RT\u00a0und Co-Moderator des popul\u00e4ren Programms Anti-Spiegel-TV, Dominik Reichert, ist bei den erneuten oppositionellen Protesten in der georgischen Hauptstadt Tiflis [&hellip;]","og_url":"https:\/\/now-news.de\/de\/deutschland\/bin-ausser-gefecht-gesetzt-freier-rt-mitarbeiter-in-tiflis-durch-gummigeschoss-verletzt\/","og_site_name":"just-now.NEWS Deutschland","article_publisher":"https:\/\/www.facebook.com\/wirmachenauf","article_published_time":"2024-11-29T12:46:49+00:00","og_image":[{"url":"https:\/\/now-news.de\/de\/wp-content\/uploads\/sites\/3\/2024\/11\/6749bc1148fbef0ef57e2b17.jpg"}],"author":"rtnews","twitter_card":"summary_large_image","twitter_creator":"@WirMachenAuf_de","twitter_site":"@WirMachenAuf_de","twitter_misc":{"Verfasst von":"rtnews","Gesch\u00e4tzte Lesezeit":"2\u00a0Minuten"},"schema":{"@context":"https:\/\/schema.org","@graph":[{"@type":"Article","@id":"https:\/\/now-news.de\/de\/deutschland\/bin-ausser-gefecht-gesetzt-freier-rt-mitarbeiter-in-tiflis-durch-gummigeschoss-verletzt\/#article","isPartOf":{"@id":"https:\/\/now-news.de\/de\/deutschland\/bin-ausser-gefecht-gesetzt-freier-rt-mitarbeiter-in-tiflis-durch-gummigeschoss-verletzt\/"},"author":{"name":"rtnews","@id":"https:\/\/now-news.de\/de\/#\/schema\/person\/fb534a4e865501d8b3285208df34a9b5"},"headline":"&quot;Bin au\u00dfer Gefecht gesetzt&quot; \u2013 Freier RT-Mitarbeiter in Tiflis durch Gummigeschoss verletzt","datePublished":"2024-11-29T12:46:49+00:00","dateModified":"2024-11-29T12:46:49+00:00","mainEntityOfPage":{"@id":"https:\/\/now-news.de\/de\/deutschland\/bin-ausser-gefecht-gesetzt-freier-rt-mitarbeiter-in-tiflis-durch-gummigeschoss-verletzt\/"},"wordCount":430,"commentCount":0,"publisher":{"@id":"https:\/\/now-news.de\/de\/#organization"},"image":{"@id":"https:\/\/now-news.de\/de\/deutschland\/bin-ausser-gefecht-gesetzt-freier-rt-mitarbeiter-in-tiflis-durch-gummigeschoss-verletzt\/#primaryimage"},"thumbnailUrl":"https:\/\/now-news.de\/de\/wp-content\/uploads\/sites\/3\/2024\/11\/quotBin-ausser-Gefecht-gesetztquot-\u2013-Freier-RT-Mitarbeiter-in-Tiflis-durch.jpg","keywords":["au\u00dfer","durch","freier","Gefecht","gesetztquot","Gummigeschoss","quotBin","RTMitarbeiter","Tiflis","verletzt"],"articleSection":["Deutschland","Russland"],"inLanguage":"de","potentialAction":[{"@type":"CommentAction","name":"Comment","target":["https:\/\/now-news.de\/de\/deutschland\/bin-ausser-gefecht-gesetzt-freier-rt-mitarbeiter-in-tiflis-durch-gummigeschoss-verletzt\/#respond"]}]},{"@type":"WebPage","@id":"https:\/\/now-news.de\/de\/deutschland\/bin-ausser-gefecht-gesetzt-freier-rt-mitarbeiter-in-tiflis-durch-gummigeschoss-verletzt\/","url":"https:\/\/now-news.de\/de\/deutschland\/bin-ausser-gefecht-gesetzt-freier-rt-mitarbeiter-in-tiflis-durch-gummigeschoss-verletzt\/","name":"&quot;Bin au\u00dfer Gefecht gesetzt&quot; \u2013 Freier RT-Mitarbeiter in Tiflis durch Gummigeschoss verletzt - just-now.NEWS Deutschland","isPartOf":{"@id":"https:\/\/now-news.de\/de\/#website"},"primaryImageOfPage":{"@id":"https:\/\/now-news.de\/de\/deutschland\/bin-ausser-gefecht-gesetzt-freier-rt-mitarbeiter-in-tiflis-durch-gummigeschoss-verletzt\/#primaryimage"},"image":{"@id":"https:\/\/now-news.de\/de\/deutschland\/bin-ausser-gefecht-gesetzt-freier-rt-mitarbeiter-in-tiflis-durch-gummigeschoss-verletzt\/#primaryimage"},"thumbnailUrl":"https:\/\/now-news.de\/de\/wp-content\/uploads\/sites\/3\/2024\/11\/quotBin-ausser-Gefecht-gesetztquot-\u2013-Freier-RT-Mitarbeiter-in-Tiflis-durch.jpg","datePublished":"2024-11-29T12:46:49+00:00","dateModified":"2024-11-29T12:46:49+00:00","breadcrumb":{"@id":"https:\/\/now-news.de\/de\/deutschland\/bin-ausser-gefecht-gesetzt-freier-rt-mitarbeiter-in-tiflis-durch-gummigeschoss-verletzt\/#breadcrumb"},"inLanguage":"de","potentialAction":[{"@type":"ReadAction","target":["https:\/\/now-news.de\/de\/deutschland\/bin-ausser-gefecht-gesetzt-freier-rt-mitarbeiter-in-tiflis-durch-gummigeschoss-verletzt\/"]}]},{"@type":"ImageObject","inLanguage":"de","@id":"https:\/\/now-news.de\/de\/deutschland\/bin-ausser-gefecht-gesetzt-freier-rt-mitarbeiter-in-tiflis-durch-gummigeschoss-verletzt\/#primaryimage","url":"https:\/\/now-news.de\/de\/wp-content\/uploads\/sites\/3\/2024\/11\/quotBin-ausser-Gefecht-gesetztquot-\u2013-Freier-RT-Mitarbeiter-in-Tiflis-durch.jpg","contentUrl":"https:\/\/now-news.de\/de\/wp-content\/uploads\/sites\/3\/2024\/11\/quotBin-ausser-Gefecht-gesetztquot-\u2013-Freier-RT-Mitarbeiter-in-Tiflis-durch.jpg","width":460,"height":259,"caption":"&quot;Bin au\u00dfer Gefecht gesetzt&quot; \u2013 Freier RT-Mitarbeiter in Tiflis durch Gummigeschoss verletzt"},{"@type":"BreadcrumbList","@id":"https:\/\/now-news.de\/de\/deutschland\/bin-ausser-gefecht-gesetzt-freier-rt-mitarbeiter-in-tiflis-durch-gummigeschoss-verletzt\/#breadcrumb","itemListElement":[{"@type":"ListItem","position":1,"name":"Home","item":"https:\/\/now-news.de\/de\/"},{"@type":"ListItem","position":2,"name":"&quot;Bin au\u00dfer Gefecht gesetzt&quot; \u2013 Freier RT-Mitarbeiter in Tiflis durch Gummigeschoss verletzt"}]},{"@type":"WebSite","@id":"https:\/\/now-news.de\/de\/#website","url":"https:\/\/now-news.de\/de\/","name":"just-now.NEWS Deutschland","description":"Das Portal f\u00fcr unzensierte Nachrichten aus der Welt","publisher":{"@id":"https:\/\/now-news.de\/de\/#organization"},"potentialAction":[{"@type":"SearchAction","target":{"@type":"EntryPoint","urlTemplate":"https:\/\/now-news.de\/de\/?s={search_term_string}"},"query-input":"required name=search_term_string"}],"inLanguage":"de"},{"@type":"Organization","@id":"https:\/\/now-news.de\/de\/#organization","name":"Just Now News","url":"https:\/\/now-news.de\/de\/","logo":{"@type":"ImageObject","inLanguage":"de","@id":"https:\/\/now-news.de\/de\/#\/schema\/logo\/image\/","url":"http:\/\/just-now.news\/de\/wp-content\/uploads\/sites\/3\/2022\/04\/logo500x500.jpg","contentUrl":"http:\/\/just-now.news\/de\/wp-content\/uploads\/sites\/3\/2022\/04\/logo500x500.jpg","width":500,"height":500,"caption":"Just Now News"},"image":{"@id":"https:\/\/now-news.de\/de\/#\/schema\/logo\/image\/"},"sameAs":["https:\/\/www.facebook.com\/wirmachenauf","https:\/\/x.com\/WirMachenAuf_de"]},{"@type":"Person","@id":"https:\/\/now-news.de\/de\/#\/schema\/person\/fb534a4e865501d8b3285208df34a9b5","name":"rtnews","image":{"@type":"ImageObject","inLanguage":"de","@id":"https:\/\/now-news.de\/de\/#\/schema\/person\/image\/","url":"https:\/\/secure.gravatar.com\/avatar\/82aafea7d8127119dd649515f56e2117?s=96&d=mm&r=g","contentUrl":"https:\/\/secure.gravatar.com\/avatar\/82aafea7d8127119dd649515f56e2117?s=96&d=mm&r=g","caption":"rtnews"},"url":"https:\/\/now-news.de\/de\/author\/rnews\/"}]}},"_links":{"self":[{"href":"https:\/\/now-news.de\/de\/wp-json\/wp\/v2\/posts\/73520"}],"collection":[{"href":"https:\/\/now-news.de\/de\/wp-json\/wp\/v2\/posts"}],"about":[{"href":"https:\/\/now-news.de\/de\/wp-json\/wp\/v2\/types\/post"}],"author":[{"embeddable":true,"href":"https:\/\/now-news.de\/de\/wp-json\/wp\/v2\/users\/3"}],"replies":[{"embeddable":true,"href":"https:\/\/now-news.de\/de\/wp-json\/wp\/v2\/comments?post=73520"}],"version-history":[{"count":0,"href":"https:\/\/now-news.de\/de\/wp-json\/wp\/v2\/posts\/73520\/revisions"}],"wp:featuredmedia":[{"embeddable":true,"href":"https:\/\/now-news.de\/de\/wp-json\/wp\/v2\/media\/73521"}],"wp:attachment":[{"href":"https:\/\/now-news.de\/de\/wp-json\/wp\/v2\/media?parent=73520"}],"wp:term":[{"taxonomy":"category","embeddable":true,"href":"https:\/\/now-news.de\/de\/wp-json\/wp\/v2\/categories?post=73520"},{"taxonomy":"post_tag","embeddable":true,"href":"https:\/\/now-news.de\/de\/wp-json\/wp\/v2\/tags?post=73520"}],"curies":[{"name":"wp","href":"https:\/\/api.w.org\/{rel}","templated":true}]}}