{"id":73518,"date":"2024-11-29T14:56:19","date_gmt":"2024-11-29T12:56:19","guid":{"rendered":"https:\/\/now-news.de\/de\/deutschland\/chaostage-in-der-fdp-generalsekretaer-tritt-zurueck\/"},"modified":"2024-11-29T14:56:19","modified_gmt":"2024-11-29T12:56:19","slug":"chaostage-in-der-fdp-generalsekretaer-tritt-zurueck","status":"publish","type":"post","link":"https:\/\/now-news.de\/de\/deutschland\/chaostage-in-der-fdp-generalsekretaer-tritt-zurueck\/","title":{"rendered":"Chaostage in der FDP \u2013 Generalsekret\u00e4r tritt zur\u00fcck"},"content":{"rendered":"<p><img decoding=\"async\" src=\"https:\/\/now-news.de\/de\/wp-content\/uploads\/sites\/3\/2024\/11\/6749adb4b480cc1a6d08df48.jpg\" \/><\/p>\n<div class=\"Text-root Text-type_1 \">\n                Im Streit um die Deutungshoheit zum Ampel-Aus ger\u00e4t die FDP unter Druck. Grund ist ein Papier, laut dem die FDP den Bruch lange im Voraus geplant hat. Die Vorsitzende der Jungen Liberalen forderte den R\u00fccktritt des Generalsekret\u00e4rs Djir-Sarai. Dieser \u00fcbernahm nun die Verantwortung und legte sein Amt nieder.\n            <\/div>\n<p><\/p>\n<div class=\"Text-root Text-type_5 ArticleView-text ViewText-root \">\n<p>\u00dcber die Verwendung des <strong><\/strong>Begriffs &#8220;D-Day&#8221; im Zusammenhang mit dem Bruch der Ampelkoalition ist FDP-intern ein heftiger Streit ausgebrochen. Generalsekret\u00e4r\u00a0Bijan Djir-Sarai hat bereits seinen R\u00fccktritt erkl\u00e4rt. Die Vorsitzende der Jungen Liberalen, Franziska Brandmann, hatte zuvor Djir-Sarais R\u00fccktritt gefordert.\u00a0<\/p>\n<div class=\"EmbedBlock-root EmbedBlock-twitter\">\n<div class=\"TwitterEmbed\">\n<blockquote class=\"twitter-tweet lazyload\" data-twitter=\"twitter-tweet\" data-media-max-width=\"560\">\n<p lang=\"de\" dir=\"ltr\">\u201e\u00dcbernehme die politische Verantwortung\u201c \u2013 FDP-Generalsekret\u00e4r Bijan Djir-Sarai tritt zur\u00fcck. Er ziehe damit die Konsequenzen aus den \u201eD-Day\u201c-Enth\u00fcllungen. Er habe \u201eunwissentlich falsch \u00fcber ein internes Dokument informiert\u201c. <a rel=\"nofollow noopener\" target=\"_blank\" href=\"https:\/\/t.co\/xAamOQ0Dmo\">pic.twitter.com\/xAamOQ0Dmo<\/a><\/p>\n<p>\u2014 Bericht aus Berlin (@ARD_BaB) <a rel=\"nofollow noopener\" target=\"_blank\" href=\"https:\/\/twitter.com\/ARD_BaB\/status\/1862453340455534735?ref_src=twsrc%5Etfw\">November 29, 2024<\/a><\/p><\/blockquote>\n<\/div>\n<\/div>\n<p>Hintergrund des parteiinternen Streits ist das sogenannte D-Day-Papier, das die FDP inzwischen auf ihrer <a rel=\"nofollow noopener\" target=\"_blank\" href=\"https:\/\/www.fdp.de\/erklaerung-des-bundesgeschaeftsfuehrers-der-fdp\">Website<\/a> zug\u00e4nglich gemacht hat. Darin werden Szenarien f\u00fcr die Kommunikation des Ausstiegs aus der &#8220;Ampel-Koalition&#8221; diskutiert. F\u00fcr die Erstellung des Papiers sei der\u00a0Generalsekret\u00e4r\u00a0verantwortlich gewesen, hei\u00dft es auf der Website der FDP. Djir-Sarai \u00fcbernimmt als Vorsitzender mit seinem R\u00fccktritt Verantwortung f\u00fcr das Papier, teilte aber gleichzeitig mit, selbst keine Kenntnis von dessen Existenz gehabt zu haben.\u00a0<\/p>\n<p>Djir-Sarai hatte \u00f6ffentlich geleugnet, der Begriff &#8220;D-Day&#8221; sei im Zusammenhang mit Planungen zum Koalitionsbruch verwendet worden. Nach Bekanntwerden des Papiers behauptete er, aus der F\u00fchrungsspitze der FDP habe niemand das Papier gekannt. Daher habe er unwissentlich falsch \u00fcber den Vorgang berichtet. &#8220;Daf\u00fcr entschuldige ich mich&#8221;, sagte er gegen\u00fcber Vertretern der Presse.\u00a0<\/p>\n<p>Der FDP-Vorsitzende Christian Lindner stand bis zum Schluss hinter Djir-Sarai. Das Papier sei lediglich ein von Mitarbeitern erarbeiteter Entwurf, der in die \u00d6ffentlichkeit gelangt sei.\u00a0<\/p>\n<p>Brandmann dagegen machte Djir-Sarai f\u00fcr das im Anschluss entstandene PR-Desaster verantwortlich. &#8220;Um weiteren Schaden von der Partei abzuwenden&#8221;, sei der R\u00fccktritt unausweichlich, sagte Brandmann.\u00a0<\/p>\n<p>Nach dem Aus der Ampel tobt unter den ehemaligen Koalitionspartnern ein Streit um die Deutungshoheit \u00fcber die Frage, wer die Verantwortung f\u00fcr das Scheitern der Koalition tr\u00e4gt. SPD und Gr\u00fcne machen die FDP verantwortlich. Die FDP sieht die Schuld dagegen bei Rot und Gr\u00fcn. Zentraler Streitpunkt war der Umgang mit der Schuldenbremse.<\/p>\n<p><strong>Mehr zum Thema<\/strong>\u00a0\u2013\u00a0<a rel=\"nofollow noopener\" target=\"_blank\" href=\"https:\/\/freedert.online\/inland\/227489-strack-zimmermann-beschaeftigt-mit-klageflut\/\">Strack-Zimmermann besch\u00e4ftigt mit Klageflut f\u00fcnf Staatsanw\u00e4lte<\/a><\/p>\n<div class=\"EmbedBlock-root EmbedBlock-externalVideo EmbedBlock-rumble\">\n<div class=\"VkEmbed\"><iframe class=\"lazyload\" data-src=\"https:\/\/rumble.com\/embed\/v5rp4vn\" frameborder=\"0\" width=\"853\" height=\"480\" allowfullscreen><\/iframe><\/div>\n<\/div>\n<\/div>\n<p><script async src=\"https:\/\/platform.twitter.com\/widgets.js\" charset=\"utf-8\"><\/script><br \/>\n<br \/><br \/>\n<br \/><a href=\"https:\/\/de.rt.com\/inland\/227743-chaostage-in-fdp-generalsekretaer-tritt\/\">Source link <\/a><\/p>\n","protected":false},"excerpt":{"rendered":"<p>Im Streit um die Deutungshoheit zum Ampel-Aus ger\u00e4t die FDP unter Druck. Grund ist ein Papier, laut dem die FDP den Bruch lange im Voraus geplant hat. Die Vorsitzende der Jungen Liberalen forderte den R\u00fccktritt des Generalsekret\u00e4rs Djir-Sarai. Dieser \u00fcbernahm nun die Verantwortung und legte sein Amt nieder. \u00dcber die Verwendung des Begriffs &#8220;D-Day&#8221; im [&hellip;]<\/p>\n","protected":false},"author":3,"featured_media":73519,"comment_status":"open","ping_status":"open","sticky":false,"template":"","format":"standard","meta":{"_yoast_indexnow_last_ping":["1732885206"],"wp_automatic_camp":["217"],"e045068f195dd9602a163cefe55f64dc":["Chaostage in der FDP \u2013 Generalsekret\u00e4r tritt zur\u00fcck"],"original_link":["https:\/\/de.rt.com\/inland\/227743-chaostage-in-fdp-generalsekretaer-tritt\/"],"_thumbnail_id":["73519"],"jnews_social_counter_last_update":["1777411196"],"_wptgpro_p2tg_sent2tg":["a:1:{i:23737;s:19:\"2024-11-29 15:01:11\";}"]},"categories":[19,23],"tags":[43052,82,6334,45782,3470,3337],"yoast_head":"<!-- This site is optimized with the Yoast SEO Premium plugin v22.7 (Yoast SEO v22.7) - https:\/\/yoast.com\/wordpress\/plugins\/seo\/ -->\n<title>Chaostage in der FDP \u2013 Generalsekret\u00e4r tritt zur\u00fcck - just-now.NEWS Deutschland<\/title>\n<meta name=\"robots\" content=\"index, follow, max-snippet:-1, max-image-preview:large, max-video-preview:-1\" \/>\n<link rel=\"canonical\" href=\"https:\/\/now-news.de\/de\/deutschland\/chaostage-in-der-fdp-generalsekretaer-tritt-zurueck\/\" \/>\n<meta property=\"og:locale\" content=\"de_DE\" \/>\n<meta property=\"og:type\" content=\"article\" \/>\n<meta property=\"og:title\" content=\"Chaostage in der FDP \u2013 Generalsekret\u00e4r tritt zur\u00fcck\" \/>\n<meta property=\"og:description\" content=\"Im Streit um die Deutungshoheit zum Ampel-Aus ger\u00e4t die FDP unter Druck. Grund ist ein Papier, laut dem die FDP den Bruch lange im Voraus geplant hat. Die Vorsitzende der Jungen Liberalen forderte den R\u00fccktritt des Generalsekret\u00e4rs Djir-Sarai. Dieser \u00fcbernahm nun die Verantwortung und legte sein Amt nieder. \u00dcber die Verwendung des Begriffs &#8220;D-Day&#8221; im [&hellip;]\" \/>\n<meta property=\"og:url\" content=\"https:\/\/now-news.de\/de\/deutschland\/chaostage-in-der-fdp-generalsekretaer-tritt-zurueck\/\" \/>\n<meta property=\"og:site_name\" content=\"just-now.NEWS Deutschland\" \/>\n<meta property=\"article:publisher\" content=\"https:\/\/www.facebook.com\/wirmachenauf\" \/>\n<meta property=\"article:published_time\" content=\"2024-11-29T12:56:19+00:00\" \/>\n<meta property=\"og:image\" content=\"https:\/\/now-news.de\/de\/wp-content\/uploads\/sites\/3\/2024\/11\/6749adb4b480cc1a6d08df48.jpg\" \/>\n<meta name=\"author\" content=\"rtnews\" \/>\n<meta name=\"twitter:card\" content=\"summary_large_image\" \/>\n<meta name=\"twitter:creator\" content=\"@WirMachenAuf_de\" \/>\n<meta name=\"twitter:site\" content=\"@WirMachenAuf_de\" \/>\n<meta name=\"twitter:label1\" content=\"Verfasst von\" \/>\n\t<meta name=\"twitter:data1\" content=\"rtnews\" \/>\n\t<meta name=\"twitter:label2\" content=\"Gesch\u00e4tzte Lesezeit\" \/>\n\t<meta name=\"twitter:data2\" content=\"2\u00a0Minuten\" \/>\n<script type=\"application\/ld+json\" class=\"yoast-schema-graph\">{\"@context\":\"https:\/\/schema.org\",\"@graph\":[{\"@type\":\"Article\",\"@id\":\"https:\/\/now-news.de\/de\/deutschland\/chaostage-in-der-fdp-generalsekretaer-tritt-zurueck\/#article\",\"isPartOf\":{\"@id\":\"https:\/\/now-news.de\/de\/deutschland\/chaostage-in-der-fdp-generalsekretaer-tritt-zurueck\/\"},\"author\":{\"name\":\"rtnews\",\"@id\":\"https:\/\/now-news.de\/de\/#\/schema\/person\/fb534a4e865501d8b3285208df34a9b5\"},\"headline\":\"Chaostage in der FDP \u2013 Generalsekret\u00e4r tritt zur\u00fcck\",\"datePublished\":\"2024-11-29T12:56:19+00:00\",\"dateModified\":\"2024-11-29T12:56:19+00:00\",\"mainEntityOfPage\":{\"@id\":\"https:\/\/now-news.de\/de\/deutschland\/chaostage-in-der-fdp-generalsekretaer-tritt-zurueck\/\"},\"wordCount\":398,\"commentCount\":0,\"publisher\":{\"@id\":\"https:\/\/now-news.de\/de\/#organization\"},\"image\":{\"@id\":\"https:\/\/now-news.de\/de\/deutschland\/chaostage-in-der-fdp-generalsekretaer-tritt-zurueck\/#primaryimage\"},\"thumbnailUrl\":\"https:\/\/now-news.de\/de\/wp-content\/uploads\/sites\/3\/2024\/11\/Chaostage-in-der-FDP-\u2013-Generalsekretaer-tritt-zurueck.jpg\",\"keywords\":[\"Chaostage\",\"der\",\"FDP\",\"Generalsekret\u00e4r\",\"tritt\",\"zur\u00fcck\"],\"articleSection\":[\"Deutschland\",\"Russland\"],\"inLanguage\":\"de\",\"potentialAction\":[{\"@type\":\"CommentAction\",\"name\":\"Comment\",\"target\":[\"https:\/\/now-news.de\/de\/deutschland\/chaostage-in-der-fdp-generalsekretaer-tritt-zurueck\/#respond\"]}]},{\"@type\":\"WebPage\",\"@id\":\"https:\/\/now-news.de\/de\/deutschland\/chaostage-in-der-fdp-generalsekretaer-tritt-zurueck\/\",\"url\":\"https:\/\/now-news.de\/de\/deutschland\/chaostage-in-der-fdp-generalsekretaer-tritt-zurueck\/\",\"name\":\"Chaostage in der FDP \u2013 Generalsekret\u00e4r tritt zur\u00fcck - just-now.NEWS Deutschland\",\"isPartOf\":{\"@id\":\"https:\/\/now-news.de\/de\/#website\"},\"primaryImageOfPage\":{\"@id\":\"https:\/\/now-news.de\/de\/deutschland\/chaostage-in-der-fdp-generalsekretaer-tritt-zurueck\/#primaryimage\"},\"image\":{\"@id\":\"https:\/\/now-news.de\/de\/deutschland\/chaostage-in-der-fdp-generalsekretaer-tritt-zurueck\/#primaryimage\"},\"thumbnailUrl\":\"https:\/\/now-news.de\/de\/wp-content\/uploads\/sites\/3\/2024\/11\/Chaostage-in-der-FDP-\u2013-Generalsekretaer-tritt-zurueck.jpg\",\"datePublished\":\"2024-11-29T12:56:19+00:00\",\"dateModified\":\"2024-11-29T12:56:19+00:00\",\"breadcrumb\":{\"@id\":\"https:\/\/now-news.de\/de\/deutschland\/chaostage-in-der-fdp-generalsekretaer-tritt-zurueck\/#breadcrumb\"},\"inLanguage\":\"de\",\"potentialAction\":[{\"@type\":\"ReadAction\",\"target\":[\"https:\/\/now-news.de\/de\/deutschland\/chaostage-in-der-fdp-generalsekretaer-tritt-zurueck\/\"]}]},{\"@type\":\"ImageObject\",\"inLanguage\":\"de\",\"@id\":\"https:\/\/now-news.de\/de\/deutschland\/chaostage-in-der-fdp-generalsekretaer-tritt-zurueck\/#primaryimage\",\"url\":\"https:\/\/now-news.de\/de\/wp-content\/uploads\/sites\/3\/2024\/11\/Chaostage-in-der-FDP-\u2013-Generalsekretaer-tritt-zurueck.jpg\",\"contentUrl\":\"https:\/\/now-news.de\/de\/wp-content\/uploads\/sites\/3\/2024\/11\/Chaostage-in-der-FDP-\u2013-Generalsekretaer-tritt-zurueck.jpg\",\"width\":460,\"height\":259,\"caption\":\"Chaostage in der FDP \u2013 Generalsekret\u00e4r tritt zur\u00fcck\"},{\"@type\":\"BreadcrumbList\",\"@id\":\"https:\/\/now-news.de\/de\/deutschland\/chaostage-in-der-fdp-generalsekretaer-tritt-zurueck\/#breadcrumb\",\"itemListElement\":[{\"@type\":\"ListItem\",\"position\":1,\"name\":\"Home\",\"item\":\"https:\/\/now-news.de\/de\/\"},{\"@type\":\"ListItem\",\"position\":2,\"name\":\"Chaostage in der FDP \u2013 Generalsekret\u00e4r tritt zur\u00fcck\"}]},{\"@type\":\"WebSite\",\"@id\":\"https:\/\/now-news.de\/de\/#website\",\"url\":\"https:\/\/now-news.de\/de\/\",\"name\":\"just-now.NEWS Deutschland\",\"description\":\"Das Portal f\u00fcr unzensierte Nachrichten aus der Welt\",\"publisher\":{\"@id\":\"https:\/\/now-news.de\/de\/#organization\"},\"potentialAction\":[{\"@type\":\"SearchAction\",\"target\":{\"@type\":\"EntryPoint\",\"urlTemplate\":\"https:\/\/now-news.de\/de\/?s={search_term_string}\"},\"query-input\":\"required name=search_term_string\"}],\"inLanguage\":\"de\"},{\"@type\":\"Organization\",\"@id\":\"https:\/\/now-news.de\/de\/#organization\",\"name\":\"Just Now News\",\"url\":\"https:\/\/now-news.de\/de\/\",\"logo\":{\"@type\":\"ImageObject\",\"inLanguage\":\"de\",\"@id\":\"https:\/\/now-news.de\/de\/#\/schema\/logo\/image\/\",\"url\":\"http:\/\/just-now.news\/de\/wp-content\/uploads\/sites\/3\/2022\/04\/logo500x500.jpg\",\"contentUrl\":\"http:\/\/just-now.news\/de\/wp-content\/uploads\/sites\/3\/2022\/04\/logo500x500.jpg\",\"width\":500,\"height\":500,\"caption\":\"Just Now News\"},\"image\":{\"@id\":\"https:\/\/now-news.de\/de\/#\/schema\/logo\/image\/\"},\"sameAs\":[\"https:\/\/www.facebook.com\/wirmachenauf\",\"https:\/\/x.com\/WirMachenAuf_de\"]},{\"@type\":\"Person\",\"@id\":\"https:\/\/now-news.de\/de\/#\/schema\/person\/fb534a4e865501d8b3285208df34a9b5\",\"name\":\"rtnews\",\"image\":{\"@type\":\"ImageObject\",\"inLanguage\":\"de\",\"@id\":\"https:\/\/now-news.de\/de\/#\/schema\/person\/image\/\",\"url\":\"https:\/\/secure.gravatar.com\/avatar\/82aafea7d8127119dd649515f56e2117?s=96&d=mm&r=g\",\"contentUrl\":\"https:\/\/secure.gravatar.com\/avatar\/82aafea7d8127119dd649515f56e2117?s=96&d=mm&r=g\",\"caption\":\"rtnews\"},\"url\":\"https:\/\/now-news.de\/de\/author\/rnews\/\"}]}<\/script>\n<!-- \/ Yoast SEO Premium plugin. -->","yoast_head_json":{"title":"Chaostage in der FDP \u2013 Generalsekret\u00e4r tritt zur\u00fcck - just-now.NEWS Deutschland","robots":{"index":"index","follow":"follow","max-snippet":"max-snippet:-1","max-image-preview":"max-image-preview:large","max-video-preview":"max-video-preview:-1"},"canonical":"https:\/\/now-news.de\/de\/deutschland\/chaostage-in-der-fdp-generalsekretaer-tritt-zurueck\/","og_locale":"de_DE","og_type":"article","og_title":"Chaostage in der FDP \u2013 Generalsekret\u00e4r tritt zur\u00fcck","og_description":"Im Streit um die Deutungshoheit zum Ampel-Aus ger\u00e4t die FDP unter Druck. Grund ist ein Papier, laut dem die FDP den Bruch lange im Voraus geplant hat. Die Vorsitzende der Jungen Liberalen forderte den R\u00fccktritt des Generalsekret\u00e4rs Djir-Sarai. Dieser \u00fcbernahm nun die Verantwortung und legte sein Amt nieder. \u00dcber die Verwendung des Begriffs &#8220;D-Day&#8221; im [&hellip;]","og_url":"https:\/\/now-news.de\/de\/deutschland\/chaostage-in-der-fdp-generalsekretaer-tritt-zurueck\/","og_site_name":"just-now.NEWS Deutschland","article_publisher":"https:\/\/www.facebook.com\/wirmachenauf","article_published_time":"2024-11-29T12:56:19+00:00","og_image":[{"url":"https:\/\/now-news.de\/de\/wp-content\/uploads\/sites\/3\/2024\/11\/6749adb4b480cc1a6d08df48.jpg"}],"author":"rtnews","twitter_card":"summary_large_image","twitter_creator":"@WirMachenAuf_de","twitter_site":"@WirMachenAuf_de","twitter_misc":{"Verfasst von":"rtnews","Gesch\u00e4tzte Lesezeit":"2\u00a0Minuten"},"schema":{"@context":"https:\/\/schema.org","@graph":[{"@type":"Article","@id":"https:\/\/now-news.de\/de\/deutschland\/chaostage-in-der-fdp-generalsekretaer-tritt-zurueck\/#article","isPartOf":{"@id":"https:\/\/now-news.de\/de\/deutschland\/chaostage-in-der-fdp-generalsekretaer-tritt-zurueck\/"},"author":{"name":"rtnews","@id":"https:\/\/now-news.de\/de\/#\/schema\/person\/fb534a4e865501d8b3285208df34a9b5"},"headline":"Chaostage in der FDP \u2013 Generalsekret\u00e4r tritt zur\u00fcck","datePublished":"2024-11-29T12:56:19+00:00","dateModified":"2024-11-29T12:56:19+00:00","mainEntityOfPage":{"@id":"https:\/\/now-news.de\/de\/deutschland\/chaostage-in-der-fdp-generalsekretaer-tritt-zurueck\/"},"wordCount":398,"commentCount":0,"publisher":{"@id":"https:\/\/now-news.de\/de\/#organization"},"image":{"@id":"https:\/\/now-news.de\/de\/deutschland\/chaostage-in-der-fdp-generalsekretaer-tritt-zurueck\/#primaryimage"},"thumbnailUrl":"https:\/\/now-news.de\/de\/wp-content\/uploads\/sites\/3\/2024\/11\/Chaostage-in-der-FDP-\u2013-Generalsekretaer-tritt-zurueck.jpg","keywords":["Chaostage","der","FDP","Generalsekret\u00e4r","tritt","zur\u00fcck"],"articleSection":["Deutschland","Russland"],"inLanguage":"de","potentialAction":[{"@type":"CommentAction","name":"Comment","target":["https:\/\/now-news.de\/de\/deutschland\/chaostage-in-der-fdp-generalsekretaer-tritt-zurueck\/#respond"]}]},{"@type":"WebPage","@id":"https:\/\/now-news.de\/de\/deutschland\/chaostage-in-der-fdp-generalsekretaer-tritt-zurueck\/","url":"https:\/\/now-news.de\/de\/deutschland\/chaostage-in-der-fdp-generalsekretaer-tritt-zurueck\/","name":"Chaostage in der FDP \u2013 Generalsekret\u00e4r tritt zur\u00fcck - just-now.NEWS Deutschland","isPartOf":{"@id":"https:\/\/now-news.de\/de\/#website"},"primaryImageOfPage":{"@id":"https:\/\/now-news.de\/de\/deutschland\/chaostage-in-der-fdp-generalsekretaer-tritt-zurueck\/#primaryimage"},"image":{"@id":"https:\/\/now-news.de\/de\/deutschland\/chaostage-in-der-fdp-generalsekretaer-tritt-zurueck\/#primaryimage"},"thumbnailUrl":"https:\/\/now-news.de\/de\/wp-content\/uploads\/sites\/3\/2024\/11\/Chaostage-in-der-FDP-\u2013-Generalsekretaer-tritt-zurueck.jpg","datePublished":"2024-11-29T12:56:19+00:00","dateModified":"2024-11-29T12:56:19+00:00","breadcrumb":{"@id":"https:\/\/now-news.de\/de\/deutschland\/chaostage-in-der-fdp-generalsekretaer-tritt-zurueck\/#breadcrumb"},"inLanguage":"de","potentialAction":[{"@type":"ReadAction","target":["https:\/\/now-news.de\/de\/deutschland\/chaostage-in-der-fdp-generalsekretaer-tritt-zurueck\/"]}]},{"@type":"ImageObject","inLanguage":"de","@id":"https:\/\/now-news.de\/de\/deutschland\/chaostage-in-der-fdp-generalsekretaer-tritt-zurueck\/#primaryimage","url":"https:\/\/now-news.de\/de\/wp-content\/uploads\/sites\/3\/2024\/11\/Chaostage-in-der-FDP-\u2013-Generalsekretaer-tritt-zurueck.jpg","contentUrl":"https:\/\/now-news.de\/de\/wp-content\/uploads\/sites\/3\/2024\/11\/Chaostage-in-der-FDP-\u2013-Generalsekretaer-tritt-zurueck.jpg","width":460,"height":259,"caption":"Chaostage in der FDP \u2013 Generalsekret\u00e4r tritt zur\u00fcck"},{"@type":"BreadcrumbList","@id":"https:\/\/now-news.de\/de\/deutschland\/chaostage-in-der-fdp-generalsekretaer-tritt-zurueck\/#breadcrumb","itemListElement":[{"@type":"ListItem","position":1,"name":"Home","item":"https:\/\/now-news.de\/de\/"},{"@type":"ListItem","position":2,"name":"Chaostage in der FDP \u2013 Generalsekret\u00e4r tritt zur\u00fcck"}]},{"@type":"WebSite","@id":"https:\/\/now-news.de\/de\/#website","url":"https:\/\/now-news.de\/de\/","name":"just-now.NEWS Deutschland","description":"Das Portal f\u00fcr unzensierte Nachrichten aus der Welt","publisher":{"@id":"https:\/\/now-news.de\/de\/#organization"},"potentialAction":[{"@type":"SearchAction","target":{"@type":"EntryPoint","urlTemplate":"https:\/\/now-news.de\/de\/?s={search_term_string}"},"query-input":"required name=search_term_string"}],"inLanguage":"de"},{"@type":"Organization","@id":"https:\/\/now-news.de\/de\/#organization","name":"Just Now News","url":"https:\/\/now-news.de\/de\/","logo":{"@type":"ImageObject","inLanguage":"de","@id":"https:\/\/now-news.de\/de\/#\/schema\/logo\/image\/","url":"http:\/\/just-now.news\/de\/wp-content\/uploads\/sites\/3\/2022\/04\/logo500x500.jpg","contentUrl":"http:\/\/just-now.news\/de\/wp-content\/uploads\/sites\/3\/2022\/04\/logo500x500.jpg","width":500,"height":500,"caption":"Just Now News"},"image":{"@id":"https:\/\/now-news.de\/de\/#\/schema\/logo\/image\/"},"sameAs":["https:\/\/www.facebook.com\/wirmachenauf","https:\/\/x.com\/WirMachenAuf_de"]},{"@type":"Person","@id":"https:\/\/now-news.de\/de\/#\/schema\/person\/fb534a4e865501d8b3285208df34a9b5","name":"rtnews","image":{"@type":"ImageObject","inLanguage":"de","@id":"https:\/\/now-news.de\/de\/#\/schema\/person\/image\/","url":"https:\/\/secure.gravatar.com\/avatar\/82aafea7d8127119dd649515f56e2117?s=96&d=mm&r=g","contentUrl":"https:\/\/secure.gravatar.com\/avatar\/82aafea7d8127119dd649515f56e2117?s=96&d=mm&r=g","caption":"rtnews"},"url":"https:\/\/now-news.de\/de\/author\/rnews\/"}]}},"_links":{"self":[{"href":"https:\/\/now-news.de\/de\/wp-json\/wp\/v2\/posts\/73518"}],"collection":[{"href":"https:\/\/now-news.de\/de\/wp-json\/wp\/v2\/posts"}],"about":[{"href":"https:\/\/now-news.de\/de\/wp-json\/wp\/v2\/types\/post"}],"author":[{"embeddable":true,"href":"https:\/\/now-news.de\/de\/wp-json\/wp\/v2\/users\/3"}],"replies":[{"embeddable":true,"href":"https:\/\/now-news.de\/de\/wp-json\/wp\/v2\/comments?post=73518"}],"version-history":[{"count":0,"href":"https:\/\/now-news.de\/de\/wp-json\/wp\/v2\/posts\/73518\/revisions"}],"wp:featuredmedia":[{"embeddable":true,"href":"https:\/\/now-news.de\/de\/wp-json\/wp\/v2\/media\/73519"}],"wp:attachment":[{"href":"https:\/\/now-news.de\/de\/wp-json\/wp\/v2\/media?parent=73518"}],"wp:term":[{"taxonomy":"category","embeddable":true,"href":"https:\/\/now-news.de\/de\/wp-json\/wp\/v2\/categories?post=73518"},{"taxonomy":"post_tag","embeddable":true,"href":"https:\/\/now-news.de\/de\/wp-json\/wp\/v2\/tags?post=73518"}],"curies":[{"name":"wp","href":"https:\/\/api.w.org\/{rel}","templated":true}]}}