{"id":73516,"date":"2024-11-29T14:15:36","date_gmt":"2024-11-29T12:15:36","guid":{"rendered":"https:\/\/now-news.de\/de\/deutschland\/weil-er-oeffnung-der-grenze-zu-russland-vorschlug-finnischer-abgeordneter-tritt-zurueck\/"},"modified":"2024-11-29T14:15:36","modified_gmt":"2024-11-29T12:15:36","slug":"weil-er-oeffnung-der-grenze-zu-russland-vorschlug-finnischer-abgeordneter-tritt-zurueck","status":"publish","type":"post","link":"https:\/\/now-news.de\/de\/deutschland\/weil-er-oeffnung-der-grenze-zu-russland-vorschlug-finnischer-abgeordneter-tritt-zurueck\/","title":{"rendered":"Weil er \u00d6ffnung der Grenze zu Russland vorschlug: Finnischer Abgeordneter tritt zur\u00fcck"},"content":{"rendered":"<p><img decoding=\"async\" src=\"https:\/\/now-news.de\/de\/wp-content\/uploads\/sites\/3\/2024\/11\/6749a972b480cc19bb723988.jpg\" \/><\/p>\n<div class=\"Text-root Text-type_1 \">\n                Ein Abgeordneter im finnischen Parlament muss sich f\u00fcr seine \u00c4u\u00dferungen zur \u00d6ffnung der Grenze zu Russland entschuldigen. Er hatte sich f\u00fcr eine Wiederaufnahme des Reiseverkehrs ausgesprochen. Kritik hagelte es auch aus den eigenen Reihen. Nun verl\u00e4sst er sein Amt.\n            <\/div>\n<p><\/p>\n<div class=\"Text-root Text-type_5 ArticleView-text ViewText-root \">\n<p>Kimmo Kiljunen, der Vorsitzende\u00a0des Ausw\u00e4rtigen\u00a0Ausschuss\u00a0im\u00a0finnischen Parlament, hat sich f\u00fcr seine j\u00fcngsten \u00c4u\u00dferungen zur \u00d6ffnung der finnisch-russischen Grenze entschuldigt. In einer Erkl\u00e4rung r\u00e4umte er ein, dass seine Worte v\u00f6llig un\u00fcberlegt gewesen seien und bat um Entschuldigung.<\/p>\n<blockquote>\n<p><em>&#8220;Meine \u00c4u\u00dferungen spiegeln weder die Linie der Sozialdemokraten noch die Au\u00dfenpolitik des Parlaments wider.&#8221;<\/em><\/p>\n<\/blockquote>\n<p>Anlass der Kontroverse war ein Treffen mit Vertretern eines finnisch-russischen Vereins Ende Oktober, bei dem Kiljunen f\u00fcr die Wiederaufnahme des Reiseverkehrs zwischen Finnland und Russland pl\u00e4dierte. Er betonte, dass er diesen Vorschlag mit seinen Kollegen im Parlament diskutieren wolle.<\/p>\n<p>Diese \u00c4u\u00dferung rief jedoch heftige Kritik in seiner eigenen Partei hervor, unter anderem von der ehemaligen finnischen Europaministerin Tytti Tuppurainen und der stellvertretenden Vorsitzenden des au\u00dfenpolitischen Ausschusses Sofia Vikman. Beide betonten, dass Kiljunens \u00c4u\u00dferungen nicht der offiziellen au\u00dfenpolitischen Linie Finnlands entspr\u00e4chen.<\/p>\n<p>In seiner Entschuldigung erkl\u00e4rte Kiljunen, dass ihn die Lage an der Ostgrenze pers\u00f6nlich betreffe, da seine Frau russischer Abstammung sei. Er r\u00e4umte ein, dass er sich in seiner Funktion der Auswirkungen seiner \u00c4u\u00dferungen besser h\u00e4tte bewusst sein m\u00fcssen.<\/p>\n<p>Kiljunen kritisierte in dem Gespr\u00e4ch auch die finnische Medienlandschaft und sprach von einem &#8220;schweren hybriden Einfluss&#8221;, der seiner Meinung nach von den finnischen Boulevardzeitungen ausgehe. Er warf den Medien vor, in gewisser Weise &#8220;den russischen Trollen zu dienen&#8221;, die versuchten, Finnland negativ zu beeinflussen.\u00a0Nach einem \u00f6ffentlichen Aufschrei relativierte Kiljunen seine \u00c4u\u00dferungen und beteuerte, er habe gro\u00dfen Respekt vor der Pressefreiheit und dem finnischen Journalismus, der f\u00fcr seine Unabh\u00e4ngigkeit und Qualit\u00e4t gesch\u00e4tzt werde.<\/p>\n<p>Am Freitag k\u00fcndigte Kiljunen seinen R\u00fccktritt als Ausschussvorsitzender an.<\/p>\n<p>Die Grenze zwischen Russland und Finnland ist auf Beschluss der finnischen Beh\u00f6rden seit einem Jahr bis auf Weiteres geschlossen. Helsinki wirft Moskau vor, gezielt illegale Einwanderer an die Grenze geschickt zu haben. Kremlsprecher Dmitri Peskow sagte, die Entscheidung der finnischen Beh\u00f6rden sei bedauerlich.<\/p>\n<p><strong>Mehr zum Thema<\/strong> &#8211; <a rel=\"nofollow noopener\" target=\"_blank\" href=\"https:\/\/freedert.online\/inland\/226423-unterseekabel-zwischen-finnland-und-deutschland-beschaedigt-ursache-unbekannt\/\">Unterseekabel zwischen Finnland und Deutschland besch\u00e4digt: Ursache unbekannt<\/a><\/p>\n<div class=\"EmbedBlock-root EmbedBlock-externalVideo EmbedBlock-rumble\">\n<div class=\"VkEmbed\"><iframe class=\"lazyload\" data-src=\"https:\/\/rumble.com\/embed\/v5hkvzf\" frameborder=\"0\" width=\"853\" height=\"480\" allowfullscreen><\/iframe><\/div>\n<\/div>\n<\/div>\n<p><br \/>\n<br \/><a href=\"https:\/\/de.rt.com\/europa\/227745-weil-er-oeffnung-grenze-zu\/\">Source link <\/a><\/p>\n","protected":false},"excerpt":{"rendered":"<p>Ein Abgeordneter im finnischen Parlament muss sich f\u00fcr seine \u00c4u\u00dferungen zur \u00d6ffnung der Grenze zu Russland entschuldigen. Er hatte sich f\u00fcr eine Wiederaufnahme des Reiseverkehrs ausgesprochen. Kritik hagelte es auch aus den eigenen Reihen. Nun verl\u00e4sst er sein Amt. Kimmo Kiljunen, der Vorsitzende\u00a0des Ausw\u00e4rtigen\u00a0Ausschuss\u00a0im\u00a0finnischen Parlament, hat sich f\u00fcr seine j\u00fcngsten \u00c4u\u00dferungen zur \u00d6ffnung der finnisch-russischen [&hellip;]<\/p>\n","protected":false},"author":3,"featured_media":73517,"comment_status":"open","ping_status":"open","sticky":false,"template":"","format":"standard","meta":{"_yoast_indexnow_last_ping":["1732883287"],"wp_automatic_camp":["217"],"0d530b5af7dd6271e9db8c6e064903fa":["Weil er \u00d6ffnung der Grenze zu Russland vorschlug: Finnischer Abgeordneter tritt zur\u00fcck"],"original_link":["https:\/\/de.rt.com\/europa\/227745-weil-er-oeffnung-grenze-zu\/"],"_thumbnail_id":["73517"],"jnews_social_counter_last_update":["1777260987"],"_wptgpro_p2tg_sent2tg":["a:1:{i:23737;s:19:\"2024-11-29 14:29:07\";}"]},"categories":[19,23],"tags":[7288,82,39914,366,9987,126,3470,60649,9228,3337],"yoast_head":"<!-- This site is optimized with the Yoast SEO Premium plugin v22.7 (Yoast SEO v22.7) - https:\/\/yoast.com\/wordpress\/plugins\/seo\/ -->\n<title>Weil er \u00d6ffnung der Grenze zu Russland vorschlug: Finnischer Abgeordneter tritt zur\u00fcck - just-now.NEWS Deutschland<\/title>\n<meta name=\"robots\" content=\"index, follow, max-snippet:-1, max-image-preview:large, max-video-preview:-1\" \/>\n<link rel=\"canonical\" href=\"https:\/\/now-news.de\/de\/deutschland\/weil-er-oeffnung-der-grenze-zu-russland-vorschlug-finnischer-abgeordneter-tritt-zurueck\/\" \/>\n<meta property=\"og:locale\" content=\"de_DE\" \/>\n<meta property=\"og:type\" content=\"article\" \/>\n<meta property=\"og:title\" content=\"Weil er \u00d6ffnung der Grenze zu Russland vorschlug: Finnischer Abgeordneter tritt zur\u00fcck\" \/>\n<meta property=\"og:description\" content=\"Ein Abgeordneter im finnischen Parlament muss sich f\u00fcr seine \u00c4u\u00dferungen zur \u00d6ffnung der Grenze zu Russland entschuldigen. Er hatte sich f\u00fcr eine Wiederaufnahme des Reiseverkehrs ausgesprochen. Kritik hagelte es auch aus den eigenen Reihen. Nun verl\u00e4sst er sein Amt. Kimmo Kiljunen, der Vorsitzende\u00a0des Ausw\u00e4rtigen\u00a0Ausschuss\u00a0im\u00a0finnischen Parlament, hat sich f\u00fcr seine j\u00fcngsten \u00c4u\u00dferungen zur \u00d6ffnung der finnisch-russischen [&hellip;]\" \/>\n<meta property=\"og:url\" content=\"https:\/\/now-news.de\/de\/deutschland\/weil-er-oeffnung-der-grenze-zu-russland-vorschlug-finnischer-abgeordneter-tritt-zurueck\/\" \/>\n<meta property=\"og:site_name\" content=\"just-now.NEWS Deutschland\" \/>\n<meta property=\"article:publisher\" content=\"https:\/\/www.facebook.com\/wirmachenauf\" \/>\n<meta property=\"article:published_time\" content=\"2024-11-29T12:15:36+00:00\" \/>\n<meta property=\"og:image\" content=\"https:\/\/now-news.de\/de\/wp-content\/uploads\/sites\/3\/2024\/11\/6749a972b480cc19bb723988.jpg\" \/>\n<meta name=\"author\" content=\"rtnews\" \/>\n<meta name=\"twitter:card\" content=\"summary_large_image\" \/>\n<meta name=\"twitter:creator\" content=\"@WirMachenAuf_de\" \/>\n<meta name=\"twitter:site\" content=\"@WirMachenAuf_de\" \/>\n<meta name=\"twitter:label1\" content=\"Verfasst von\" \/>\n\t<meta name=\"twitter:data1\" content=\"rtnews\" \/>\n\t<meta name=\"twitter:label2\" content=\"Gesch\u00e4tzte Lesezeit\" \/>\n\t<meta name=\"twitter:data2\" content=\"2\u00a0Minuten\" \/>\n<script type=\"application\/ld+json\" class=\"yoast-schema-graph\">{\"@context\":\"https:\/\/schema.org\",\"@graph\":[{\"@type\":\"Article\",\"@id\":\"https:\/\/now-news.de\/de\/deutschland\/weil-er-oeffnung-der-grenze-zu-russland-vorschlug-finnischer-abgeordneter-tritt-zurueck\/#article\",\"isPartOf\":{\"@id\":\"https:\/\/now-news.de\/de\/deutschland\/weil-er-oeffnung-der-grenze-zu-russland-vorschlug-finnischer-abgeordneter-tritt-zurueck\/\"},\"author\":{\"name\":\"rtnews\",\"@id\":\"https:\/\/now-news.de\/de\/#\/schema\/person\/fb534a4e865501d8b3285208df34a9b5\"},\"headline\":\"Weil er \u00d6ffnung der Grenze zu Russland vorschlug: Finnischer Abgeordneter tritt zur\u00fcck\",\"datePublished\":\"2024-11-29T12:15:36+00:00\",\"dateModified\":\"2024-11-29T12:15:36+00:00\",\"mainEntityOfPage\":{\"@id\":\"https:\/\/now-news.de\/de\/deutschland\/weil-er-oeffnung-der-grenze-zu-russland-vorschlug-finnischer-abgeordneter-tritt-zurueck\/\"},\"wordCount\":402,\"commentCount\":0,\"publisher\":{\"@id\":\"https:\/\/now-news.de\/de\/#organization\"},\"image\":{\"@id\":\"https:\/\/now-news.de\/de\/deutschland\/weil-er-oeffnung-der-grenze-zu-russland-vorschlug-finnischer-abgeordneter-tritt-zurueck\/#primaryimage\"},\"thumbnailUrl\":\"https:\/\/now-news.de\/de\/wp-content\/uploads\/sites\/3\/2024\/11\/Weil-er-Oeffnung-der-Grenze-zu-Russland-vorschlug-Finnischer-Abgeordneter.jpg\",\"keywords\":[\"Abgeordneter\",\"der\",\"Finnischer\",\"Grenze\",\"\u00d6ffnung\",\"russland\",\"tritt\",\"vorschlug\",\"weil\",\"zur\u00fcck\"],\"articleSection\":[\"Deutschland\",\"Russland\"],\"inLanguage\":\"de\",\"potentialAction\":[{\"@type\":\"CommentAction\",\"name\":\"Comment\",\"target\":[\"https:\/\/now-news.de\/de\/deutschland\/weil-er-oeffnung-der-grenze-zu-russland-vorschlug-finnischer-abgeordneter-tritt-zurueck\/#respond\"]}]},{\"@type\":\"WebPage\",\"@id\":\"https:\/\/now-news.de\/de\/deutschland\/weil-er-oeffnung-der-grenze-zu-russland-vorschlug-finnischer-abgeordneter-tritt-zurueck\/\",\"url\":\"https:\/\/now-news.de\/de\/deutschland\/weil-er-oeffnung-der-grenze-zu-russland-vorschlug-finnischer-abgeordneter-tritt-zurueck\/\",\"name\":\"Weil er \u00d6ffnung der Grenze zu Russland vorschlug: Finnischer Abgeordneter tritt zur\u00fcck - just-now.NEWS Deutschland\",\"isPartOf\":{\"@id\":\"https:\/\/now-news.de\/de\/#website\"},\"primaryImageOfPage\":{\"@id\":\"https:\/\/now-news.de\/de\/deutschland\/weil-er-oeffnung-der-grenze-zu-russland-vorschlug-finnischer-abgeordneter-tritt-zurueck\/#primaryimage\"},\"image\":{\"@id\":\"https:\/\/now-news.de\/de\/deutschland\/weil-er-oeffnung-der-grenze-zu-russland-vorschlug-finnischer-abgeordneter-tritt-zurueck\/#primaryimage\"},\"thumbnailUrl\":\"https:\/\/now-news.de\/de\/wp-content\/uploads\/sites\/3\/2024\/11\/Weil-er-Oeffnung-der-Grenze-zu-Russland-vorschlug-Finnischer-Abgeordneter.jpg\",\"datePublished\":\"2024-11-29T12:15:36+00:00\",\"dateModified\":\"2024-11-29T12:15:36+00:00\",\"breadcrumb\":{\"@id\":\"https:\/\/now-news.de\/de\/deutschland\/weil-er-oeffnung-der-grenze-zu-russland-vorschlug-finnischer-abgeordneter-tritt-zurueck\/#breadcrumb\"},\"inLanguage\":\"de\",\"potentialAction\":[{\"@type\":\"ReadAction\",\"target\":[\"https:\/\/now-news.de\/de\/deutschland\/weil-er-oeffnung-der-grenze-zu-russland-vorschlug-finnischer-abgeordneter-tritt-zurueck\/\"]}]},{\"@type\":\"ImageObject\",\"inLanguage\":\"de\",\"@id\":\"https:\/\/now-news.de\/de\/deutschland\/weil-er-oeffnung-der-grenze-zu-russland-vorschlug-finnischer-abgeordneter-tritt-zurueck\/#primaryimage\",\"url\":\"https:\/\/now-news.de\/de\/wp-content\/uploads\/sites\/3\/2024\/11\/Weil-er-Oeffnung-der-Grenze-zu-Russland-vorschlug-Finnischer-Abgeordneter.jpg\",\"contentUrl\":\"https:\/\/now-news.de\/de\/wp-content\/uploads\/sites\/3\/2024\/11\/Weil-er-Oeffnung-der-Grenze-zu-Russland-vorschlug-Finnischer-Abgeordneter.jpg\",\"width\":460,\"height\":259,\"caption\":\"Weil er \u00d6ffnung der Grenze zu Russland vorschlug: Finnischer Abgeordneter tritt zur\u00fcck\"},{\"@type\":\"BreadcrumbList\",\"@id\":\"https:\/\/now-news.de\/de\/deutschland\/weil-er-oeffnung-der-grenze-zu-russland-vorschlug-finnischer-abgeordneter-tritt-zurueck\/#breadcrumb\",\"itemListElement\":[{\"@type\":\"ListItem\",\"position\":1,\"name\":\"Home\",\"item\":\"https:\/\/now-news.de\/de\/\"},{\"@type\":\"ListItem\",\"position\":2,\"name\":\"Weil er \u00d6ffnung der Grenze zu Russland vorschlug: Finnischer Abgeordneter tritt zur\u00fcck\"}]},{\"@type\":\"WebSite\",\"@id\":\"https:\/\/now-news.de\/de\/#website\",\"url\":\"https:\/\/now-news.de\/de\/\",\"name\":\"just-now.NEWS Deutschland\",\"description\":\"Das Portal f\u00fcr unzensierte Nachrichten aus der Welt\",\"publisher\":{\"@id\":\"https:\/\/now-news.de\/de\/#organization\"},\"potentialAction\":[{\"@type\":\"SearchAction\",\"target\":{\"@type\":\"EntryPoint\",\"urlTemplate\":\"https:\/\/now-news.de\/de\/?s={search_term_string}\"},\"query-input\":\"required name=search_term_string\"}],\"inLanguage\":\"de\"},{\"@type\":\"Organization\",\"@id\":\"https:\/\/now-news.de\/de\/#organization\",\"name\":\"Just Now News\",\"url\":\"https:\/\/now-news.de\/de\/\",\"logo\":{\"@type\":\"ImageObject\",\"inLanguage\":\"de\",\"@id\":\"https:\/\/now-news.de\/de\/#\/schema\/logo\/image\/\",\"url\":\"http:\/\/just-now.news\/de\/wp-content\/uploads\/sites\/3\/2022\/04\/logo500x500.jpg\",\"contentUrl\":\"http:\/\/just-now.news\/de\/wp-content\/uploads\/sites\/3\/2022\/04\/logo500x500.jpg\",\"width\":500,\"height\":500,\"caption\":\"Just Now News\"},\"image\":{\"@id\":\"https:\/\/now-news.de\/de\/#\/schema\/logo\/image\/\"},\"sameAs\":[\"https:\/\/www.facebook.com\/wirmachenauf\",\"https:\/\/x.com\/WirMachenAuf_de\"]},{\"@type\":\"Person\",\"@id\":\"https:\/\/now-news.de\/de\/#\/schema\/person\/fb534a4e865501d8b3285208df34a9b5\",\"name\":\"rtnews\",\"image\":{\"@type\":\"ImageObject\",\"inLanguage\":\"de\",\"@id\":\"https:\/\/now-news.de\/de\/#\/schema\/person\/image\/\",\"url\":\"https:\/\/secure.gravatar.com\/avatar\/82aafea7d8127119dd649515f56e2117?s=96&d=mm&r=g\",\"contentUrl\":\"https:\/\/secure.gravatar.com\/avatar\/82aafea7d8127119dd649515f56e2117?s=96&d=mm&r=g\",\"caption\":\"rtnews\"},\"url\":\"https:\/\/now-news.de\/de\/author\/rnews\/\"}]}<\/script>\n<!-- \/ Yoast SEO Premium plugin. -->","yoast_head_json":{"title":"Weil er \u00d6ffnung der Grenze zu Russland vorschlug: Finnischer Abgeordneter tritt zur\u00fcck - just-now.NEWS Deutschland","robots":{"index":"index","follow":"follow","max-snippet":"max-snippet:-1","max-image-preview":"max-image-preview:large","max-video-preview":"max-video-preview:-1"},"canonical":"https:\/\/now-news.de\/de\/deutschland\/weil-er-oeffnung-der-grenze-zu-russland-vorschlug-finnischer-abgeordneter-tritt-zurueck\/","og_locale":"de_DE","og_type":"article","og_title":"Weil er \u00d6ffnung der Grenze zu Russland vorschlug: Finnischer Abgeordneter tritt zur\u00fcck","og_description":"Ein Abgeordneter im finnischen Parlament muss sich f\u00fcr seine \u00c4u\u00dferungen zur \u00d6ffnung der Grenze zu Russland entschuldigen. Er hatte sich f\u00fcr eine Wiederaufnahme des Reiseverkehrs ausgesprochen. Kritik hagelte es auch aus den eigenen Reihen. Nun verl\u00e4sst er sein Amt. Kimmo Kiljunen, der Vorsitzende\u00a0des Ausw\u00e4rtigen\u00a0Ausschuss\u00a0im\u00a0finnischen Parlament, hat sich f\u00fcr seine j\u00fcngsten \u00c4u\u00dferungen zur \u00d6ffnung der finnisch-russischen [&hellip;]","og_url":"https:\/\/now-news.de\/de\/deutschland\/weil-er-oeffnung-der-grenze-zu-russland-vorschlug-finnischer-abgeordneter-tritt-zurueck\/","og_site_name":"just-now.NEWS Deutschland","article_publisher":"https:\/\/www.facebook.com\/wirmachenauf","article_published_time":"2024-11-29T12:15:36+00:00","og_image":[{"url":"https:\/\/now-news.de\/de\/wp-content\/uploads\/sites\/3\/2024\/11\/6749a972b480cc19bb723988.jpg"}],"author":"rtnews","twitter_card":"summary_large_image","twitter_creator":"@WirMachenAuf_de","twitter_site":"@WirMachenAuf_de","twitter_misc":{"Verfasst von":"rtnews","Gesch\u00e4tzte Lesezeit":"2\u00a0Minuten"},"schema":{"@context":"https:\/\/schema.org","@graph":[{"@type":"Article","@id":"https:\/\/now-news.de\/de\/deutschland\/weil-er-oeffnung-der-grenze-zu-russland-vorschlug-finnischer-abgeordneter-tritt-zurueck\/#article","isPartOf":{"@id":"https:\/\/now-news.de\/de\/deutschland\/weil-er-oeffnung-der-grenze-zu-russland-vorschlug-finnischer-abgeordneter-tritt-zurueck\/"},"author":{"name":"rtnews","@id":"https:\/\/now-news.de\/de\/#\/schema\/person\/fb534a4e865501d8b3285208df34a9b5"},"headline":"Weil er \u00d6ffnung der Grenze zu Russland vorschlug: Finnischer Abgeordneter tritt zur\u00fcck","datePublished":"2024-11-29T12:15:36+00:00","dateModified":"2024-11-29T12:15:36+00:00","mainEntityOfPage":{"@id":"https:\/\/now-news.de\/de\/deutschland\/weil-er-oeffnung-der-grenze-zu-russland-vorschlug-finnischer-abgeordneter-tritt-zurueck\/"},"wordCount":402,"commentCount":0,"publisher":{"@id":"https:\/\/now-news.de\/de\/#organization"},"image":{"@id":"https:\/\/now-news.de\/de\/deutschland\/weil-er-oeffnung-der-grenze-zu-russland-vorschlug-finnischer-abgeordneter-tritt-zurueck\/#primaryimage"},"thumbnailUrl":"https:\/\/now-news.de\/de\/wp-content\/uploads\/sites\/3\/2024\/11\/Weil-er-Oeffnung-der-Grenze-zu-Russland-vorschlug-Finnischer-Abgeordneter.jpg","keywords":["Abgeordneter","der","Finnischer","Grenze","\u00d6ffnung","russland","tritt","vorschlug","weil","zur\u00fcck"],"articleSection":["Deutschland","Russland"],"inLanguage":"de","potentialAction":[{"@type":"CommentAction","name":"Comment","target":["https:\/\/now-news.de\/de\/deutschland\/weil-er-oeffnung-der-grenze-zu-russland-vorschlug-finnischer-abgeordneter-tritt-zurueck\/#respond"]}]},{"@type":"WebPage","@id":"https:\/\/now-news.de\/de\/deutschland\/weil-er-oeffnung-der-grenze-zu-russland-vorschlug-finnischer-abgeordneter-tritt-zurueck\/","url":"https:\/\/now-news.de\/de\/deutschland\/weil-er-oeffnung-der-grenze-zu-russland-vorschlug-finnischer-abgeordneter-tritt-zurueck\/","name":"Weil er \u00d6ffnung der Grenze zu Russland vorschlug: Finnischer Abgeordneter tritt zur\u00fcck - just-now.NEWS Deutschland","isPartOf":{"@id":"https:\/\/now-news.de\/de\/#website"},"primaryImageOfPage":{"@id":"https:\/\/now-news.de\/de\/deutschland\/weil-er-oeffnung-der-grenze-zu-russland-vorschlug-finnischer-abgeordneter-tritt-zurueck\/#primaryimage"},"image":{"@id":"https:\/\/now-news.de\/de\/deutschland\/weil-er-oeffnung-der-grenze-zu-russland-vorschlug-finnischer-abgeordneter-tritt-zurueck\/#primaryimage"},"thumbnailUrl":"https:\/\/now-news.de\/de\/wp-content\/uploads\/sites\/3\/2024\/11\/Weil-er-Oeffnung-der-Grenze-zu-Russland-vorschlug-Finnischer-Abgeordneter.jpg","datePublished":"2024-11-29T12:15:36+00:00","dateModified":"2024-11-29T12:15:36+00:00","breadcrumb":{"@id":"https:\/\/now-news.de\/de\/deutschland\/weil-er-oeffnung-der-grenze-zu-russland-vorschlug-finnischer-abgeordneter-tritt-zurueck\/#breadcrumb"},"inLanguage":"de","potentialAction":[{"@type":"ReadAction","target":["https:\/\/now-news.de\/de\/deutschland\/weil-er-oeffnung-der-grenze-zu-russland-vorschlug-finnischer-abgeordneter-tritt-zurueck\/"]}]},{"@type":"ImageObject","inLanguage":"de","@id":"https:\/\/now-news.de\/de\/deutschland\/weil-er-oeffnung-der-grenze-zu-russland-vorschlug-finnischer-abgeordneter-tritt-zurueck\/#primaryimage","url":"https:\/\/now-news.de\/de\/wp-content\/uploads\/sites\/3\/2024\/11\/Weil-er-Oeffnung-der-Grenze-zu-Russland-vorschlug-Finnischer-Abgeordneter.jpg","contentUrl":"https:\/\/now-news.de\/de\/wp-content\/uploads\/sites\/3\/2024\/11\/Weil-er-Oeffnung-der-Grenze-zu-Russland-vorschlug-Finnischer-Abgeordneter.jpg","width":460,"height":259,"caption":"Weil er \u00d6ffnung der Grenze zu Russland vorschlug: Finnischer Abgeordneter tritt zur\u00fcck"},{"@type":"BreadcrumbList","@id":"https:\/\/now-news.de\/de\/deutschland\/weil-er-oeffnung-der-grenze-zu-russland-vorschlug-finnischer-abgeordneter-tritt-zurueck\/#breadcrumb","itemListElement":[{"@type":"ListItem","position":1,"name":"Home","item":"https:\/\/now-news.de\/de\/"},{"@type":"ListItem","position":2,"name":"Weil er \u00d6ffnung der Grenze zu Russland vorschlug: Finnischer Abgeordneter tritt zur\u00fcck"}]},{"@type":"WebSite","@id":"https:\/\/now-news.de\/de\/#website","url":"https:\/\/now-news.de\/de\/","name":"just-now.NEWS Deutschland","description":"Das Portal f\u00fcr unzensierte Nachrichten aus der Welt","publisher":{"@id":"https:\/\/now-news.de\/de\/#organization"},"potentialAction":[{"@type":"SearchAction","target":{"@type":"EntryPoint","urlTemplate":"https:\/\/now-news.de\/de\/?s={search_term_string}"},"query-input":"required name=search_term_string"}],"inLanguage":"de"},{"@type":"Organization","@id":"https:\/\/now-news.de\/de\/#organization","name":"Just Now News","url":"https:\/\/now-news.de\/de\/","logo":{"@type":"ImageObject","inLanguage":"de","@id":"https:\/\/now-news.de\/de\/#\/schema\/logo\/image\/","url":"http:\/\/just-now.news\/de\/wp-content\/uploads\/sites\/3\/2022\/04\/logo500x500.jpg","contentUrl":"http:\/\/just-now.news\/de\/wp-content\/uploads\/sites\/3\/2022\/04\/logo500x500.jpg","width":500,"height":500,"caption":"Just Now News"},"image":{"@id":"https:\/\/now-news.de\/de\/#\/schema\/logo\/image\/"},"sameAs":["https:\/\/www.facebook.com\/wirmachenauf","https:\/\/x.com\/WirMachenAuf_de"]},{"@type":"Person","@id":"https:\/\/now-news.de\/de\/#\/schema\/person\/fb534a4e865501d8b3285208df34a9b5","name":"rtnews","image":{"@type":"ImageObject","inLanguage":"de","@id":"https:\/\/now-news.de\/de\/#\/schema\/person\/image\/","url":"https:\/\/secure.gravatar.com\/avatar\/82aafea7d8127119dd649515f56e2117?s=96&d=mm&r=g","contentUrl":"https:\/\/secure.gravatar.com\/avatar\/82aafea7d8127119dd649515f56e2117?s=96&d=mm&r=g","caption":"rtnews"},"url":"https:\/\/now-news.de\/de\/author\/rnews\/"}]}},"_links":{"self":[{"href":"https:\/\/now-news.de\/de\/wp-json\/wp\/v2\/posts\/73516"}],"collection":[{"href":"https:\/\/now-news.de\/de\/wp-json\/wp\/v2\/posts"}],"about":[{"href":"https:\/\/now-news.de\/de\/wp-json\/wp\/v2\/types\/post"}],"author":[{"embeddable":true,"href":"https:\/\/now-news.de\/de\/wp-json\/wp\/v2\/users\/3"}],"replies":[{"embeddable":true,"href":"https:\/\/now-news.de\/de\/wp-json\/wp\/v2\/comments?post=73516"}],"version-history":[{"count":0,"href":"https:\/\/now-news.de\/de\/wp-json\/wp\/v2\/posts\/73516\/revisions"}],"wp:featuredmedia":[{"embeddable":true,"href":"https:\/\/now-news.de\/de\/wp-json\/wp\/v2\/media\/73517"}],"wp:attachment":[{"href":"https:\/\/now-news.de\/de\/wp-json\/wp\/v2\/media?parent=73516"}],"wp:term":[{"taxonomy":"category","embeddable":true,"href":"https:\/\/now-news.de\/de\/wp-json\/wp\/v2\/categories?post=73516"},{"taxonomy":"post_tag","embeddable":true,"href":"https:\/\/now-news.de\/de\/wp-json\/wp\/v2\/tags?post=73516"}],"curies":[{"name":"wp","href":"https:\/\/api.w.org\/{rel}","templated":true}]}}