{"id":73492,"date":"2024-11-29T10:05:01","date_gmt":"2024-11-29T08:05:01","guid":{"rendered":"https:\/\/now-news.de\/de\/deutschland\/ueberraschender-erfolg-vor-gericht-afd-politiker-maier-darf-richter-pension-behalten\/"},"modified":"2024-11-29T10:05:01","modified_gmt":"2024-11-29T08:05:01","slug":"ueberraschender-erfolg-vor-gericht-afd-politiker-maier-darf-richter-pension-behalten","status":"publish","type":"post","link":"https:\/\/now-news.de\/de\/deutschland\/ueberraschender-erfolg-vor-gericht-afd-politiker-maier-darf-richter-pension-behalten\/","title":{"rendered":"\u00dcberraschender Erfolg vor Gericht: AfD-Politiker Maier darf Richter-Pension behalten"},"content":{"rendered":"<p><img decoding=\"async\" src=\"https:\/\/now-news.de\/de\/wp-content\/uploads\/sites\/3\/2024\/11\/6748bd4fb480cc5490108918.jpg\" \/><\/p>\n<div class=\"Text-root Text-type_1 \">\n                Das vorerst noch von Gr\u00fcnen gef\u00fchrte Justizministerium Sachsens ist mit dem Antrag, dem fr\u00fcheren AfD-Bundestagsabgeordneten Jens Maier seine Richter-Ruhegeldbez\u00fcge abzuerkennen, gescheitert. Das zust\u00e4ndige Gericht in Leipzig hat am Donnerstagabend Maier Recht gegeben.\n            <\/div>\n<p><\/p>\n<div class=\"Text-root Text-type_5 ArticleView-text ViewText-root \">\n<p>Der fr\u00fchere AfD-Bundestagsabgeordnete und Richter am Landgericht Dresden a.D. Jens Maier (62) darf seine Richter-Pension behalten. Die Disziplinarklage des Freistaates Sachsen, mit der Maier das Ruhegehalt aberkannt werden sollte, sei unbegr\u00fcndet, entschied das zust\u00e4ndige Gericht in Leipzig am Donnerstagabend. In der Beweisaufnahme h\u00e4tten sich die Vorw\u00fcrfe gegen den Juristen &#8220;in erheblichen Teilen nicht best\u00e4tigt&#8221;, so die Begr\u00fcndung.\u00a0<\/p>\n<p><em>RT DE<\/em> hatte \u00fcber den Fall des &#8220;AfD-Richters&#8221; Maier <a rel=\"nofollow noopener\" target=\"_blank\" href=\"https:\/\/freedert.online\/inland\/178143-sachsen-neue-disziplinarklage-gegen-afd\/\">berichtet<\/a>.\u00a0Der 1962 in Bremen geborene Jens Maier stand seit 1991 im Dienst der s\u00e4chsischen Justiz, bis er 2017 f\u00fcr die AfD in den Deutschen Bundestag gew\u00e4hlt wurde. Das Beamtenrecht gibt Bundestagsabgeordneten das Recht zur R\u00fcckkehr in das Amt und in die Position, die sie vor ihrer Wahl innehatten. Diese gesetzliche Garantie wurde im Fall\u00a0von Jens Maier nach dessen Ausscheiden aus dem Bundestag 2021 durch &#8220;kreatives&#8221; Vorgehen des von den Gr\u00fcnen gef\u00fchrten Justizministeriums in Dresden ausgehebelt.<\/p>\n<p>Bereits im M\u00e4rz 2022 hatte das Richterdienstgericht in Leipzig <a rel=\"nofollow noopener\" target=\"_blank\" href=\"https:\/\/freedert.online\/inland\/134677-saechsisches-dienstgericht-suspendiert-afd-richter-maier\/\">entschieden<\/a>, Maier mit sofortiger Wirkung vorl\u00e4ufig die F\u00fchrung der Amtsgesch\u00e4fte zu untersagen. Damit entsprach das Gericht dem Antrag des Staatsministeriums der Justiz und f\u00fcr Demokratie, Europa und Gleichstellung vom 11. Februar 2022.\u00a0Mit Urteil vom 1. Dezember 2022 gab das Dienstgericht dem Antrag auf Versetzung des Richters in den Ruhestand auch in der Hauptsache statt. Der Bundesgerichtshof best\u00e4tigte diese Entscheidung am 5. Oktober 2023.<\/p>\n<p>In dem nun abgeschlossenen Verfahren wollte das Justizministerium Maier auch seine Dienstbez\u00fcge, einschlie\u00dflich der Pension, aberkennen. Es sah darin eine &#8220;angemessene Disziplinarma\u00dfnahme f\u00fcr Dienstvergehen&#8221;. Dem Juristen wurde eine &#8220;schuldhafte Verletzung von Dienstpflichten&#8221; in seinem fr\u00fcheren Richteramt vorgeworfen. Maier habe gegen das M\u00e4\u00dfigungsgebot und die Pflicht zur Verfassungstreue versto\u00dfen, zitiert die <em>Leipziger Volkszeitung<\/em>\u00a0<em>(LVZ)<\/em> Nadja Anders vom Justizministerium.<\/p>\n<p>Konkret ging es um folgende F\u00e4lle:<\/p>\n<p>Nach einer Wahlsendung im <em>ZDF\u00a0<\/em>Anfang September 2017 soll Maier einen Facebook-Eintrag \u00fcber die Journalistin Marietta Slomka verantwortet haben:<\/p>\n<blockquote>\n<p><em>&#8220;GEZ abschaffen, Slomka entsorgen!&#8221;<\/em><\/p>\n<\/blockquote>\n<p>Im April 2017 habe er bei einer Rede in einer Gastst\u00e4tte in Pirna \u00fcber den norwegischen Terroristen Anders Breivik ge\u00e4u\u00dfert, dieser sei &#8220;aus Verzweiflung&#8221; zum Massenm\u00f6rder geworden. Zudem habe er gefragt, ob der um sich greifende Multikulturalismus, die Vermischung der Kulturen innerhalb westlicher Gesellschaften durch die Einwanderung von Kulturfremden, nicht zum Wahnsinnigwerden sei.<\/p>\n<p>Ausschlie\u00dflich um diese Aussage bei einer Veranstaltung des <em>Compact<\/em>-Magazins zum Thema Migration ging es laut <a rel=\"nofollow noopener\" target=\"_blank\" href=\"https:\/\/www.lvz.de\/der-osten\/urteil-in-leipzig-afd-politiker-maier-darf-richter-pension-behalten-H6MGUMN3Z5AYDGFVFLBNMLYWJE.html\">Verhandlungsbericht<\/a> der <em>LVZ<\/em> beim zweiten Verhandlungstermin am Donnerstag. Bevor das Gericht sein Urteil f\u00e4llte, habe es \u00fcber Stunden hinweg zwei Zeugen befragt: einen Journalisten, der mit Beitr\u00e4gen f\u00fcr die SPD-Parteizeitung <em>Vorw\u00e4rts<\/em> die Causa Maier ins Rollen brachte, und einen AfD-Landtagsabgeordneten.<\/p>\n<p>Der SPD-Journalist hatte die Veranstaltung 2017 via Livestream verfolgt. Grundlage seiner Berichterstattung sei ein wortgetreues Transkript von Maiers Rede gewesen, sagte er heute. Dieses liege ihm allerdings nicht mehr vor. An konkrete Aussagen und deren Kontext konnte er sich nicht mehr erinnern. Der AfD-Landtagsabgeordnete Norbert Mayer, der bei dem Treffen nahe Pirna dabei war, sagte aus, er habe Maiers Breivik-Aussage als Warnung wahrgenommen, auch angesichts der Spaltung in der Gesellschaft in der politischen Auseinandersetzung friedlich zu bleiben.\u00a0<\/p>\n<p>Am Ende der Verhandlung beklagte der inzwischen wohl an Krebs erkrankte Maier, er wisse nicht, wie es ohne Altersbez\u00fcge weitergehen soll. Damals sei er &#8220;der aufsteigende Stern der AfD in Sachsen&#8221; gewesen.<\/p>\n<p><strong>Mehr zum Thema<\/strong>\u00a0\u2012\u00a0<a rel=\"nofollow noopener\" target=\"_blank\" href=\"https:\/\/freedert.online\/inland\/131329-causa-maier\/\">Causa Maier: Wie sehr AfD darf ein Richter sein?<\/a><\/p>\n<div class=\"EmbedBlock-root EmbedBlock-externalVideo EmbedBlock-rumble\">\n<div class=\"VkEmbed\"><iframe class=\"lazyload\" data-src=\"https:\/\/rumble.com\/embed\/v4xmcux\" frameborder=\"0\" width=\"853\" height=\"480\" allowfullscreen><\/iframe><\/div>\n<\/div>\n<\/div>\n<p><br \/>\n<br \/><a href=\"https:\/\/de.rt.com\/inland\/227683-ueberraschender-erfolg-vor-gericht-afd-fuer-richter-maier\/\">Source link <\/a><\/p>\n","protected":false},"excerpt":{"rendered":"<p>Das vorerst noch von Gr\u00fcnen gef\u00fchrte Justizministerium Sachsens ist mit dem Antrag, dem fr\u00fcheren AfD-Bundestagsabgeordneten Jens Maier seine Richter-Ruhegeldbez\u00fcge abzuerkennen, gescheitert. Das zust\u00e4ndige Gericht in Leipzig hat am Donnerstagabend Maier Recht gegeben. Der fr\u00fchere AfD-Bundestagsabgeordnete und Richter am Landgericht Dresden a.D. Jens Maier (62) darf seine Richter-Pension behalten. Die Disziplinarklage des Freistaates Sachsen, mit der [&hellip;]<\/p>\n","protected":false},"author":3,"featured_media":73493,"comment_status":"open","ping_status":"open","sticky":false,"template":"","format":"standard","meta":{"_yoast_indexnow_last_ping":["1732867924"],"wp_automatic_camp":["217"],"e350b2d71e7316a13f3f151bea57cd84":["\u00dcberraschender Erfolg vor Gericht: AfD-Politiker Maier darf Richter-Pension behalten"],"original_link":["https:\/\/de.rt.com\/inland\/227683-ueberraschender-erfolg-vor-gericht-afd-fuer-richter-maier\/"],"_thumbnail_id":["73493"],"jnews_social_counter_last_update":["1777318254"],"_wptgpro_p2tg_sent2tg":["a:1:{i:23737;s:19:\"2024-11-29 10:13:08\";}"]},"categories":[19,23],"tags":[38951,28226,5310,591,3348,27136,60642,26803,320],"yoast_head":"<!-- This site is optimized with the Yoast SEO Premium plugin v22.7 (Yoast SEO v22.7) - https:\/\/yoast.com\/wordpress\/plugins\/seo\/ -->\n<title>\u00dcberraschender Erfolg vor Gericht: AfD-Politiker Maier darf Richter-Pension behalten - just-now.NEWS Deutschland<\/title>\n<meta name=\"robots\" content=\"index, follow, max-snippet:-1, max-image-preview:large, max-video-preview:-1\" \/>\n<link rel=\"canonical\" href=\"https:\/\/now-news.de\/de\/deutschland\/ueberraschender-erfolg-vor-gericht-afd-politiker-maier-darf-richter-pension-behalten\/\" \/>\n<meta property=\"og:locale\" content=\"de_DE\" \/>\n<meta property=\"og:type\" content=\"article\" \/>\n<meta property=\"og:title\" content=\"\u00dcberraschender Erfolg vor Gericht: AfD-Politiker Maier darf Richter-Pension behalten\" \/>\n<meta property=\"og:description\" content=\"Das vorerst noch von Gr\u00fcnen gef\u00fchrte Justizministerium Sachsens ist mit dem Antrag, dem fr\u00fcheren AfD-Bundestagsabgeordneten Jens Maier seine Richter-Ruhegeldbez\u00fcge abzuerkennen, gescheitert. Das zust\u00e4ndige Gericht in Leipzig hat am Donnerstagabend Maier Recht gegeben. Der fr\u00fchere AfD-Bundestagsabgeordnete und Richter am Landgericht Dresden a.D. Jens Maier (62) darf seine Richter-Pension behalten. Die Disziplinarklage des Freistaates Sachsen, mit der [&hellip;]\" \/>\n<meta property=\"og:url\" content=\"https:\/\/now-news.de\/de\/deutschland\/ueberraschender-erfolg-vor-gericht-afd-politiker-maier-darf-richter-pension-behalten\/\" \/>\n<meta property=\"og:site_name\" content=\"just-now.NEWS Deutschland\" \/>\n<meta property=\"article:publisher\" content=\"https:\/\/www.facebook.com\/wirmachenauf\" \/>\n<meta property=\"article:published_time\" content=\"2024-11-29T08:05:01+00:00\" \/>\n<meta property=\"og:image\" content=\"https:\/\/now-news.de\/de\/wp-content\/uploads\/sites\/3\/2024\/11\/6748bd4fb480cc5490108918.jpg\" \/>\n<meta name=\"author\" content=\"rtnews\" \/>\n<meta name=\"twitter:card\" content=\"summary_large_image\" \/>\n<meta name=\"twitter:creator\" content=\"@WirMachenAuf_de\" \/>\n<meta name=\"twitter:site\" content=\"@WirMachenAuf_de\" \/>\n<meta name=\"twitter:label1\" content=\"Verfasst von\" \/>\n\t<meta name=\"twitter:data1\" content=\"rtnews\" \/>\n\t<meta name=\"twitter:label2\" content=\"Gesch\u00e4tzte Lesezeit\" \/>\n\t<meta name=\"twitter:data2\" content=\"3\u00a0Minuten\" \/>\n<script type=\"application\/ld+json\" class=\"yoast-schema-graph\">{\"@context\":\"https:\/\/schema.org\",\"@graph\":[{\"@type\":\"Article\",\"@id\":\"https:\/\/now-news.de\/de\/deutschland\/ueberraschender-erfolg-vor-gericht-afd-politiker-maier-darf-richter-pension-behalten\/#article\",\"isPartOf\":{\"@id\":\"https:\/\/now-news.de\/de\/deutschland\/ueberraschender-erfolg-vor-gericht-afd-politiker-maier-darf-richter-pension-behalten\/\"},\"author\":{\"name\":\"rtnews\",\"@id\":\"https:\/\/now-news.de\/de\/#\/schema\/person\/fb534a4e865501d8b3285208df34a9b5\"},\"headline\":\"\u00dcberraschender Erfolg vor Gericht: AfD-Politiker Maier darf Richter-Pension behalten\",\"datePublished\":\"2024-11-29T08:05:01+00:00\",\"dateModified\":\"2024-11-29T08:05:01+00:00\",\"mainEntityOfPage\":{\"@id\":\"https:\/\/now-news.de\/de\/deutschland\/ueberraschender-erfolg-vor-gericht-afd-politiker-maier-darf-richter-pension-behalten\/\"},\"wordCount\":603,\"commentCount\":0,\"publisher\":{\"@id\":\"https:\/\/now-news.de\/de\/#organization\"},\"image\":{\"@id\":\"https:\/\/now-news.de\/de\/deutschland\/ueberraschender-erfolg-vor-gericht-afd-politiker-maier-darf-richter-pension-behalten\/#primaryimage\"},\"thumbnailUrl\":\"https:\/\/now-news.de\/de\/wp-content\/uploads\/sites\/3\/2024\/11\/Ueberraschender-Erfolg-vor-Gericht-AfD-Politiker-Maier-darf-Richter-Pension-behalten.jpg\",\"keywords\":[\"AfDPolitiker\",\"behalten\",\"darf\",\"Erfolg\",\"Gericht\",\"Maier\",\"RichterPension\",\"\u00dcberraschender\",\"vor\"],\"articleSection\":[\"Deutschland\",\"Russland\"],\"inLanguage\":\"de\",\"potentialAction\":[{\"@type\":\"CommentAction\",\"name\":\"Comment\",\"target\":[\"https:\/\/now-news.de\/de\/deutschland\/ueberraschender-erfolg-vor-gericht-afd-politiker-maier-darf-richter-pension-behalten\/#respond\"]}]},{\"@type\":\"WebPage\",\"@id\":\"https:\/\/now-news.de\/de\/deutschland\/ueberraschender-erfolg-vor-gericht-afd-politiker-maier-darf-richter-pension-behalten\/\",\"url\":\"https:\/\/now-news.de\/de\/deutschland\/ueberraschender-erfolg-vor-gericht-afd-politiker-maier-darf-richter-pension-behalten\/\",\"name\":\"\u00dcberraschender Erfolg vor Gericht: AfD-Politiker Maier darf Richter-Pension behalten - just-now.NEWS Deutschland\",\"isPartOf\":{\"@id\":\"https:\/\/now-news.de\/de\/#website\"},\"primaryImageOfPage\":{\"@id\":\"https:\/\/now-news.de\/de\/deutschland\/ueberraschender-erfolg-vor-gericht-afd-politiker-maier-darf-richter-pension-behalten\/#primaryimage\"},\"image\":{\"@id\":\"https:\/\/now-news.de\/de\/deutschland\/ueberraschender-erfolg-vor-gericht-afd-politiker-maier-darf-richter-pension-behalten\/#primaryimage\"},\"thumbnailUrl\":\"https:\/\/now-news.de\/de\/wp-content\/uploads\/sites\/3\/2024\/11\/Ueberraschender-Erfolg-vor-Gericht-AfD-Politiker-Maier-darf-Richter-Pension-behalten.jpg\",\"datePublished\":\"2024-11-29T08:05:01+00:00\",\"dateModified\":\"2024-11-29T08:05:01+00:00\",\"breadcrumb\":{\"@id\":\"https:\/\/now-news.de\/de\/deutschland\/ueberraschender-erfolg-vor-gericht-afd-politiker-maier-darf-richter-pension-behalten\/#breadcrumb\"},\"inLanguage\":\"de\",\"potentialAction\":[{\"@type\":\"ReadAction\",\"target\":[\"https:\/\/now-news.de\/de\/deutschland\/ueberraschender-erfolg-vor-gericht-afd-politiker-maier-darf-richter-pension-behalten\/\"]}]},{\"@type\":\"ImageObject\",\"inLanguage\":\"de\",\"@id\":\"https:\/\/now-news.de\/de\/deutschland\/ueberraschender-erfolg-vor-gericht-afd-politiker-maier-darf-richter-pension-behalten\/#primaryimage\",\"url\":\"https:\/\/now-news.de\/de\/wp-content\/uploads\/sites\/3\/2024\/11\/Ueberraschender-Erfolg-vor-Gericht-AfD-Politiker-Maier-darf-Richter-Pension-behalten.jpg\",\"contentUrl\":\"https:\/\/now-news.de\/de\/wp-content\/uploads\/sites\/3\/2024\/11\/Ueberraschender-Erfolg-vor-Gericht-AfD-Politiker-Maier-darf-Richter-Pension-behalten.jpg\",\"width\":460,\"height\":259,\"caption\":\"\u00dcberraschender Erfolg vor Gericht: AfD-Politiker Maier darf Richter-Pension behalten\"},{\"@type\":\"BreadcrumbList\",\"@id\":\"https:\/\/now-news.de\/de\/deutschland\/ueberraschender-erfolg-vor-gericht-afd-politiker-maier-darf-richter-pension-behalten\/#breadcrumb\",\"itemListElement\":[{\"@type\":\"ListItem\",\"position\":1,\"name\":\"Home\",\"item\":\"https:\/\/now-news.de\/de\/\"},{\"@type\":\"ListItem\",\"position\":2,\"name\":\"\u00dcberraschender Erfolg vor Gericht: AfD-Politiker Maier darf Richter-Pension behalten\"}]},{\"@type\":\"WebSite\",\"@id\":\"https:\/\/now-news.de\/de\/#website\",\"url\":\"https:\/\/now-news.de\/de\/\",\"name\":\"just-now.NEWS Deutschland\",\"description\":\"Das Portal f\u00fcr unzensierte Nachrichten aus der Welt\",\"publisher\":{\"@id\":\"https:\/\/now-news.de\/de\/#organization\"},\"potentialAction\":[{\"@type\":\"SearchAction\",\"target\":{\"@type\":\"EntryPoint\",\"urlTemplate\":\"https:\/\/now-news.de\/de\/?s={search_term_string}\"},\"query-input\":\"required name=search_term_string\"}],\"inLanguage\":\"de\"},{\"@type\":\"Organization\",\"@id\":\"https:\/\/now-news.de\/de\/#organization\",\"name\":\"Just Now News\",\"url\":\"https:\/\/now-news.de\/de\/\",\"logo\":{\"@type\":\"ImageObject\",\"inLanguage\":\"de\",\"@id\":\"https:\/\/now-news.de\/de\/#\/schema\/logo\/image\/\",\"url\":\"http:\/\/just-now.news\/de\/wp-content\/uploads\/sites\/3\/2022\/04\/logo500x500.jpg\",\"contentUrl\":\"http:\/\/just-now.news\/de\/wp-content\/uploads\/sites\/3\/2022\/04\/logo500x500.jpg\",\"width\":500,\"height\":500,\"caption\":\"Just Now News\"},\"image\":{\"@id\":\"https:\/\/now-news.de\/de\/#\/schema\/logo\/image\/\"},\"sameAs\":[\"https:\/\/www.facebook.com\/wirmachenauf\",\"https:\/\/x.com\/WirMachenAuf_de\"]},{\"@type\":\"Person\",\"@id\":\"https:\/\/now-news.de\/de\/#\/schema\/person\/fb534a4e865501d8b3285208df34a9b5\",\"name\":\"rtnews\",\"image\":{\"@type\":\"ImageObject\",\"inLanguage\":\"de\",\"@id\":\"https:\/\/now-news.de\/de\/#\/schema\/person\/image\/\",\"url\":\"https:\/\/secure.gravatar.com\/avatar\/82aafea7d8127119dd649515f56e2117?s=96&d=mm&r=g\",\"contentUrl\":\"https:\/\/secure.gravatar.com\/avatar\/82aafea7d8127119dd649515f56e2117?s=96&d=mm&r=g\",\"caption\":\"rtnews\"},\"url\":\"https:\/\/now-news.de\/de\/author\/rnews\/\"}]}<\/script>\n<!-- \/ Yoast SEO Premium plugin. -->","yoast_head_json":{"title":"\u00dcberraschender Erfolg vor Gericht: AfD-Politiker Maier darf Richter-Pension behalten - just-now.NEWS Deutschland","robots":{"index":"index","follow":"follow","max-snippet":"max-snippet:-1","max-image-preview":"max-image-preview:large","max-video-preview":"max-video-preview:-1"},"canonical":"https:\/\/now-news.de\/de\/deutschland\/ueberraschender-erfolg-vor-gericht-afd-politiker-maier-darf-richter-pension-behalten\/","og_locale":"de_DE","og_type":"article","og_title":"\u00dcberraschender Erfolg vor Gericht: AfD-Politiker Maier darf Richter-Pension behalten","og_description":"Das vorerst noch von Gr\u00fcnen gef\u00fchrte Justizministerium Sachsens ist mit dem Antrag, dem fr\u00fcheren AfD-Bundestagsabgeordneten Jens Maier seine Richter-Ruhegeldbez\u00fcge abzuerkennen, gescheitert. Das zust\u00e4ndige Gericht in Leipzig hat am Donnerstagabend Maier Recht gegeben. Der fr\u00fchere AfD-Bundestagsabgeordnete und Richter am Landgericht Dresden a.D. Jens Maier (62) darf seine Richter-Pension behalten. Die Disziplinarklage des Freistaates Sachsen, mit der [&hellip;]","og_url":"https:\/\/now-news.de\/de\/deutschland\/ueberraschender-erfolg-vor-gericht-afd-politiker-maier-darf-richter-pension-behalten\/","og_site_name":"just-now.NEWS Deutschland","article_publisher":"https:\/\/www.facebook.com\/wirmachenauf","article_published_time":"2024-11-29T08:05:01+00:00","og_image":[{"url":"https:\/\/now-news.de\/de\/wp-content\/uploads\/sites\/3\/2024\/11\/6748bd4fb480cc5490108918.jpg"}],"author":"rtnews","twitter_card":"summary_large_image","twitter_creator":"@WirMachenAuf_de","twitter_site":"@WirMachenAuf_de","twitter_misc":{"Verfasst von":"rtnews","Gesch\u00e4tzte Lesezeit":"3\u00a0Minuten"},"schema":{"@context":"https:\/\/schema.org","@graph":[{"@type":"Article","@id":"https:\/\/now-news.de\/de\/deutschland\/ueberraschender-erfolg-vor-gericht-afd-politiker-maier-darf-richter-pension-behalten\/#article","isPartOf":{"@id":"https:\/\/now-news.de\/de\/deutschland\/ueberraschender-erfolg-vor-gericht-afd-politiker-maier-darf-richter-pension-behalten\/"},"author":{"name":"rtnews","@id":"https:\/\/now-news.de\/de\/#\/schema\/person\/fb534a4e865501d8b3285208df34a9b5"},"headline":"\u00dcberraschender Erfolg vor Gericht: AfD-Politiker Maier darf Richter-Pension behalten","datePublished":"2024-11-29T08:05:01+00:00","dateModified":"2024-11-29T08:05:01+00:00","mainEntityOfPage":{"@id":"https:\/\/now-news.de\/de\/deutschland\/ueberraschender-erfolg-vor-gericht-afd-politiker-maier-darf-richter-pension-behalten\/"},"wordCount":603,"commentCount":0,"publisher":{"@id":"https:\/\/now-news.de\/de\/#organization"},"image":{"@id":"https:\/\/now-news.de\/de\/deutschland\/ueberraschender-erfolg-vor-gericht-afd-politiker-maier-darf-richter-pension-behalten\/#primaryimage"},"thumbnailUrl":"https:\/\/now-news.de\/de\/wp-content\/uploads\/sites\/3\/2024\/11\/Ueberraschender-Erfolg-vor-Gericht-AfD-Politiker-Maier-darf-Richter-Pension-behalten.jpg","keywords":["AfDPolitiker","behalten","darf","Erfolg","Gericht","Maier","RichterPension","\u00dcberraschender","vor"],"articleSection":["Deutschland","Russland"],"inLanguage":"de","potentialAction":[{"@type":"CommentAction","name":"Comment","target":["https:\/\/now-news.de\/de\/deutschland\/ueberraschender-erfolg-vor-gericht-afd-politiker-maier-darf-richter-pension-behalten\/#respond"]}]},{"@type":"WebPage","@id":"https:\/\/now-news.de\/de\/deutschland\/ueberraschender-erfolg-vor-gericht-afd-politiker-maier-darf-richter-pension-behalten\/","url":"https:\/\/now-news.de\/de\/deutschland\/ueberraschender-erfolg-vor-gericht-afd-politiker-maier-darf-richter-pension-behalten\/","name":"\u00dcberraschender Erfolg vor Gericht: AfD-Politiker Maier darf Richter-Pension behalten - just-now.NEWS Deutschland","isPartOf":{"@id":"https:\/\/now-news.de\/de\/#website"},"primaryImageOfPage":{"@id":"https:\/\/now-news.de\/de\/deutschland\/ueberraschender-erfolg-vor-gericht-afd-politiker-maier-darf-richter-pension-behalten\/#primaryimage"},"image":{"@id":"https:\/\/now-news.de\/de\/deutschland\/ueberraschender-erfolg-vor-gericht-afd-politiker-maier-darf-richter-pension-behalten\/#primaryimage"},"thumbnailUrl":"https:\/\/now-news.de\/de\/wp-content\/uploads\/sites\/3\/2024\/11\/Ueberraschender-Erfolg-vor-Gericht-AfD-Politiker-Maier-darf-Richter-Pension-behalten.jpg","datePublished":"2024-11-29T08:05:01+00:00","dateModified":"2024-11-29T08:05:01+00:00","breadcrumb":{"@id":"https:\/\/now-news.de\/de\/deutschland\/ueberraschender-erfolg-vor-gericht-afd-politiker-maier-darf-richter-pension-behalten\/#breadcrumb"},"inLanguage":"de","potentialAction":[{"@type":"ReadAction","target":["https:\/\/now-news.de\/de\/deutschland\/ueberraschender-erfolg-vor-gericht-afd-politiker-maier-darf-richter-pension-behalten\/"]}]},{"@type":"ImageObject","inLanguage":"de","@id":"https:\/\/now-news.de\/de\/deutschland\/ueberraschender-erfolg-vor-gericht-afd-politiker-maier-darf-richter-pension-behalten\/#primaryimage","url":"https:\/\/now-news.de\/de\/wp-content\/uploads\/sites\/3\/2024\/11\/Ueberraschender-Erfolg-vor-Gericht-AfD-Politiker-Maier-darf-Richter-Pension-behalten.jpg","contentUrl":"https:\/\/now-news.de\/de\/wp-content\/uploads\/sites\/3\/2024\/11\/Ueberraschender-Erfolg-vor-Gericht-AfD-Politiker-Maier-darf-Richter-Pension-behalten.jpg","width":460,"height":259,"caption":"\u00dcberraschender Erfolg vor Gericht: AfD-Politiker Maier darf Richter-Pension behalten"},{"@type":"BreadcrumbList","@id":"https:\/\/now-news.de\/de\/deutschland\/ueberraschender-erfolg-vor-gericht-afd-politiker-maier-darf-richter-pension-behalten\/#breadcrumb","itemListElement":[{"@type":"ListItem","position":1,"name":"Home","item":"https:\/\/now-news.de\/de\/"},{"@type":"ListItem","position":2,"name":"\u00dcberraschender Erfolg vor Gericht: AfD-Politiker Maier darf Richter-Pension behalten"}]},{"@type":"WebSite","@id":"https:\/\/now-news.de\/de\/#website","url":"https:\/\/now-news.de\/de\/","name":"just-now.NEWS Deutschland","description":"Das Portal f\u00fcr unzensierte Nachrichten aus der Welt","publisher":{"@id":"https:\/\/now-news.de\/de\/#organization"},"potentialAction":[{"@type":"SearchAction","target":{"@type":"EntryPoint","urlTemplate":"https:\/\/now-news.de\/de\/?s={search_term_string}"},"query-input":"required name=search_term_string"}],"inLanguage":"de"},{"@type":"Organization","@id":"https:\/\/now-news.de\/de\/#organization","name":"Just Now News","url":"https:\/\/now-news.de\/de\/","logo":{"@type":"ImageObject","inLanguage":"de","@id":"https:\/\/now-news.de\/de\/#\/schema\/logo\/image\/","url":"http:\/\/just-now.news\/de\/wp-content\/uploads\/sites\/3\/2022\/04\/logo500x500.jpg","contentUrl":"http:\/\/just-now.news\/de\/wp-content\/uploads\/sites\/3\/2022\/04\/logo500x500.jpg","width":500,"height":500,"caption":"Just Now News"},"image":{"@id":"https:\/\/now-news.de\/de\/#\/schema\/logo\/image\/"},"sameAs":["https:\/\/www.facebook.com\/wirmachenauf","https:\/\/x.com\/WirMachenAuf_de"]},{"@type":"Person","@id":"https:\/\/now-news.de\/de\/#\/schema\/person\/fb534a4e865501d8b3285208df34a9b5","name":"rtnews","image":{"@type":"ImageObject","inLanguage":"de","@id":"https:\/\/now-news.de\/de\/#\/schema\/person\/image\/","url":"https:\/\/secure.gravatar.com\/avatar\/82aafea7d8127119dd649515f56e2117?s=96&d=mm&r=g","contentUrl":"https:\/\/secure.gravatar.com\/avatar\/82aafea7d8127119dd649515f56e2117?s=96&d=mm&r=g","caption":"rtnews"},"url":"https:\/\/now-news.de\/de\/author\/rnews\/"}]}},"_links":{"self":[{"href":"https:\/\/now-news.de\/de\/wp-json\/wp\/v2\/posts\/73492"}],"collection":[{"href":"https:\/\/now-news.de\/de\/wp-json\/wp\/v2\/posts"}],"about":[{"href":"https:\/\/now-news.de\/de\/wp-json\/wp\/v2\/types\/post"}],"author":[{"embeddable":true,"href":"https:\/\/now-news.de\/de\/wp-json\/wp\/v2\/users\/3"}],"replies":[{"embeddable":true,"href":"https:\/\/now-news.de\/de\/wp-json\/wp\/v2\/comments?post=73492"}],"version-history":[{"count":0,"href":"https:\/\/now-news.de\/de\/wp-json\/wp\/v2\/posts\/73492\/revisions"}],"wp:featuredmedia":[{"embeddable":true,"href":"https:\/\/now-news.de\/de\/wp-json\/wp\/v2\/media\/73493"}],"wp:attachment":[{"href":"https:\/\/now-news.de\/de\/wp-json\/wp\/v2\/media?parent=73492"}],"wp:term":[{"taxonomy":"category","embeddable":true,"href":"https:\/\/now-news.de\/de\/wp-json\/wp\/v2\/categories?post=73492"},{"taxonomy":"post_tag","embeddable":true,"href":"https:\/\/now-news.de\/de\/wp-json\/wp\/v2\/tags?post=73492"}],"curies":[{"name":"wp","href":"https:\/\/api.w.org\/{rel}","templated":true}]}}