{"id":73461,"date":"2024-11-28T17:02:05","date_gmt":"2024-11-28T15:02:05","guid":{"rendered":"https:\/\/now-news.de\/de\/deutschland\/exklusiv-was-im-versagungs-und-ausweisungsbescheid-der-russischen-journalisten-steht\/"},"modified":"2024-11-28T17:02:05","modified_gmt":"2024-11-28T15:02:05","slug":"exklusiv-was-im-versagungs-und-ausweisungsbescheid-der-russischen-journalisten-steht","status":"publish","type":"post","link":"https:\/\/now-news.de\/de\/deutschland\/exklusiv-was-im-versagungs-und-ausweisungsbescheid-der-russischen-journalisten-steht\/","title":{"rendered":"Exklusiv: Was im Versagungs- und Ausweisungsbescheid der russischen Journalisten steht"},"content":{"rendered":"<div class=\"Text-root Text-type_1 \">\n                RT DE konnte exklusiv Einblick in den Versagungsbescheid gegen die ausgewiesenen russischen TV-Reporter nehmen. Die Begr\u00fcndung wirft ein Schlaglicht darauf, wie das Berliner Landesamt Meinungs- und Pressefreiheit versteht.\n            <\/div>\n<p><\/p>\n<div class=\"Text-root Text-type_5 ArticleView-text ViewText-root \">\n<p><em>Von Alexej Danckwardt<\/em><\/p>\n<p><em>RT\u00a0DE<\/em> liegen exklusiv Ausz\u00fcge aus dem Bescheid des Landesamtes f\u00fcr Einwanderung des Landes Berlin vor, mit dem dem Reporter des russischen Fernsehsenders <em>Perwy Kanal<\/em>\u00a0Iwan Blagoi die Verl\u00e4ngerung seiner Aufenthaltserlaubnis f\u00fcr Deutschland verweigert, er zur Ausreise aufgefordert und ihm die zwangsweise Abschiebung angedroht wird.<\/p>\n<p>Die Versagung der Aufenthaltserlaubnis erfolgt ausdr\u00fccklich wegen der journalistischen T\u00e4tigkeit Blagois. W\u00f6rtliches Zitat aus dem Bescheid, die Schreibweise des Originals wurden hier und im Folgenden beibehalten:<\/p>\n<blockquote>\n<p><em>&#8220;Channel One Russia (Der erste Kanal &#8216;Pervyj Kanal&#8217;) versteht sich als der Haupt-TV-Sender in Russland, und dessen Hauptnachrichtenprogramm &#8216;Vremya&#8217; ist ein Nachfolger des Nachrichtenprogramms &#8216;Vremya&#8217; des sowjetischen Fernsehkanals Programme One. Als zentrales staatlich kontrolliertes Fernsehen aus der Sowjetzeit genie\u00dft die Nachrichtensendung &#8216;Vremya&#8217; aufgrund der unver\u00e4nderten, vertrauten Art der Ausstrahlung und Pr\u00e4sentation der Nachrichten weiterhin gro\u00dfes Vertrauen bei Migranten aus der ehemaligen Sowjetunion. Channel One Russia reagiert auf Sanktionen seitens der Europ\u00e4ischen Union schon seit 2014 mit einer Verunglimpfung &#8216;des Westens&#8217;. So propagierten die russischen Medien eine &#8216;Dekadenz des Westens&#8217; und den wirtschaftlichen Niedergang Europas.&#8221;<\/em><\/p>\n<\/blockquote>\n<p>W\u00fcrden die Europ\u00e4er etwa ohne das russische (und russischsprachige) Fernsehen selbst nicht merken, wie es um Europa, die Deutschen nicht, wie es um Deutschland bestellt ist?<\/p>\n<p>Die gro\u00dfe Furcht der hinter dieser pr\u00e4zedenzlosen Entscheidung stehenden Politiker und Beamten ist es, dass die russischsprachige Diaspora in Deutschland erwacht, dass sie bei ihr \u00fcber kein exklusives Propagandamonopol verf\u00fcgen, um sie zu kontrollieren:<\/p>\n<blockquote>\n<p><em>&#8220;Dieses Narrativ und andere rechtsextreme Narrative verfestigten sich bei vielen russischsprachigen Menschen, dies verursacht Misstrauen gegen\u00fcber den Strukturen des deutschen Staates und der Europ\u00e4ischen Union und beeinflusst auch rechtsradikale Gruppen in Deutschland. Desinformation ist aus sicherheitspolitischer Sicht als hybriden Bedrohungen zuzuordnen, die das Vertrauen in demokratische Institutionen untergr\u00e4bt.&#8221;<\/em><\/p>\n<\/blockquote>\n<p>&#8220;Rechtsextremes Narrativ&#8221;? Muss man wirklich rechtsextrem sein, um zu merken, dass etwas gewaltig schiefl\u00e4uft in Deutschland und Europa? Ist es &#8220;rechtsextrem&#8221;, sich gegen die auf ethnischen und sprachlich-kulturellen Merkmalen beruhende Unterdr\u00fcckung, Diskriminierung und schleichende Vernichtung von Russen und Russischsprachigen in der Ukraine zu wehren? Ist es &#8220;rechtsextrem&#8221;, wenn man auf die zahlreichen Denkm\u00e4ler und Stra\u00dfennamen zu Ehren von Hitlers Schergen und auf den Abriss der Denkm\u00e4ler f\u00fcr sowjetische Soldaten hinweist, die im Zweiten Weltkrieg gegen Hitler k\u00e4mpfend fielen?<\/p>\n<p>Und &#8220;Desinformation&#8221;? Wir warten seit Jahren darauf, dass uns und anderen russischen Medien wenigstens eine bewusste Falschinformation nachgewiesen wird. Kann Wahrheit &#8220;Desinformation&#8221; sein? Im Verst\u00e4ndnis deutscher und Berliner Beamter offenbar schon. Jedenfalls findet sich auch im besagten Bescheid kein einziger Nachweis, kein einziges Beispiel f\u00fcr unwahre Berichterstattung.<\/p>\n<p>Im Bescheid hei\u00dft es weiter:<\/p>\n<blockquote>\n<p><em>&#8220;Channel One Russia ist weiterhin im Internet abrufbar, wird in Telegrammkan\u00e4len verbreitet und beeinflusst mittels Propaganda und Desinformation weiterhin auch die russischsprachige Bev\u00f6lkerung in Deutschland als Instrument der Kriegspropaganda, die die milit\u00e4rische Intervention Russlands in der Ukraine rechtfertige, den Hass gegen\u00fcber Ukrainern sch\u00fcrt und die Verteidiger der ukrainischen Demokratie mit Nazis gleichstellt, indem die Botschaft verbreitet wird, dass diese Verteidiger, wenn sie an der Macht w\u00e4ren, die von den Nazis ver\u00fcbten Verbrechen wiederholen w\u00fcrden.&#8221;<\/em><\/p>\n<\/blockquote>\n<p>Kein russischer Sender, auch der <em>Perwy Kanal<\/em> nicht, hat jemals Hass auf Ukrainer gesch\u00fcrt. Im Gegenteil, nur in russischen Medien haben Millionen Ukrainer, die gegen das derzeit in Kiew herrschende Regime sind, gegen den 2014 von Anh\u00e4ngern des Euromaidan vom Zaun gebrochenen B\u00fcrgerkrieg, gegen den Westkurs ihrer Machthaber, gegen den die Stimmung im Land vergiftenden russophoben und Bandera ehrenden Nationalismus, noch eine Stimme. <em>RT\u00a0DE<\/em> beispielsweise l\u00e4sst Ukrainer wie Tatjana Montjan und Oleg Jassinski regelm\u00e4\u00dfig zu Wort kommen, im eigenen Land haben sie keine Plattform mehr und ist ihr Leben bedroht.<\/p>\n<p>Auch ist es ein merkw\u00fcrdiges Verst\u00e4ndnis von Demokratie, wenn die Verfasser des Bescheids tats\u00e4chlich meinen, sie sei es, die Wladimir Selenskijs Truppen verteidigten. Ist es Demokratie, wenn 73\u00a0Prozent des Volkes Poroschenko und dessen West- und Kriegskurs, dessen Politik der Unterdr\u00fcckung der russischen Sprache und der Verfolgung der Ukrainisch-Orthodoxen Kirche klar und deutlich abw\u00e4hlen, aber mit Selenskij entgegen dessen Vorwahlreden einen Poroschenko im Quadrat bekommen? Das, was in der Ukraine 2019 geschehen ist, verdient eher die Bezeichnung &#8220;gro\u00df angelegter Betrug&#8221; denn &#8220;Demokratie&#8221;.<\/p>\n<p>Ist es Demokratie, wenn alle Oppositionssender des Antimaidan-Spektrums\u00a0\u2013 noch lange vor der &#8220;russischen milit\u00e4rischen Intervention&#8221;\u00a0\u2013 verboten und abgeschaltet werden, kurze Zeit sp\u00e4ter auch alle Parteien des Antimaidan-Spektrums? Ist es Demokratie, wenn Andersdenkende zu Tausenden f\u00fcr ihre Meinung im Gef\u00e4ngnis sitzen und vom Geheimdienst SBU gefoltert werden? Wenn selbst das Posten eines Marx-Zitats einem eine Freiheitsstrafe einbringt?\u00a0<\/p>\n<figure class=\"RTImage-root\">\n<div class=\"RTImage-image RTImage-original\"><picture class=\"Picture-root Picture-original\"><!--[if IE 9]><video style=\"display: none;\"><![endif]--><source media=\"(-webkit-min-device-pixel-ratio: 2) and (min-resolution: 120dpi)\" data-srcset=\" \nhttps:\/\/now-news.de\/de\/wp-content\/uploads\/sites\/3\/2024\/11\/6748784648fbef120850fada.jpg 850w,\n                https:\/\/now-news.de\/de\/wp-content\/uploads\/sites\/3\/2024\/11\/6748784648fbef120850fada.jpg 1960w,            \" ><source data-srcset=\" \nhttps:\/\/now-news.de\/de\/wp-content\/uploads\/sites\/3\/2024\/11\/6748784648fbef120850fada.jpg 460w,\n              https:\/\/now-news.de\/de\/wp-content\/uploads\/sites\/3\/2024\/11\/6748784648fbef120850fada.jpg 980w,\n            \" ><!--[if IE 9]><\/video><![endif]--><img decoding=\"async\" data- src=\"data:image\/png;base64,iVBORw0KGgoAAAANSUhEUgAAABAAAAAJCAQAAACRI2S5AAAAEElEQVR42mNkIAAYRxWAAQAG9gAKqv6+AwAAAABJRU5ErkJggg==\" class=\"Picture-root Picture-original lazyload\" data-src=\"https:\/\/now-news.de\/de\/wp-content\/uploads\/sites\/3\/2024\/11\/6748784648fbef120850fada.jpg\" alt=\"\"><\/source><\/source><\/picture><!-- noscript pattern --><noscript><img decoding=\"async\" src=\"https:\/\/now-news.de\/de\/wp-content\/uploads\/sites\/3\/2024\/11\/6748784648fbef120850fada.jpg\" alt=\"\"><\/noscript><\/div><figcaption class=\"RTImage-footer\"><span class=\"RTImage-caption\"><span class=\"RTImage-captionItem\">Eine Aufnahme des Versagungsbescheids gegen Iwan Blagoi<\/span><\/span><span class=\"RTImage-source\"><span class=\"RTImage-captionItem\">RT<\/span><\/span><\/figcaption><\/figure>\n<p>Wo sind eigentlich die l\u00e4ngst \u00fcberf\u00e4lligen Pr\u00e4sidentschafts- und Parlamentswahlen in der Ukraine? Demokratie ganz ohne Wahlen, sogar ohne die betr\u00fcgerischen, polittechnologisch manipulierten?<\/p>\n<p>Wenn das alles zum Demokratie-Bild deutscher Landes- und Bundesbeamter passt, dann muss man sich hierzulande auch \u00fcber nichts mehr wundern.<\/p>\n<p>Nochmals wird im Bescheid betont, dass die Versagung des weiteren Aufenthalts f\u00fcr den russischen Journalisten nur auf dessen beruflicher T\u00e4tigkeit beruht:<\/p>\n<blockquote>\n<p><em>&#8220;Aufgrund der Tatsache, dass weiterhin nachweislich Falschinformationen und manipulierende Desinformationen der zuvor beschriebenen Medien mit dem Ziel vorangetrieben werden, die freiheitlich demokratische (Rechtschreibung des Originals beibehalten) Grundordnung zu destabilisieren, sind Mitarbeitende dieser Unternehmen, Tochterunternehmen und Tarnfirmen als aktive Mithelfer einzuordnen und k\u00f6nnen somit ebenfalls als eine Gefahr f\u00fcr die freiheitlich demokratische Grundordnung der Bundesrepublik Deutschland eingeordnet werden.&#8221;<\/em><\/p>\n<\/blockquote>\n<p>Nachweislich? Wie schon erw\u00e4hnt, auf den Nachweis von &#8220;Falschinformationen und manipulierenden Desinformationen&#8221; warten wir bis heute, im Bescheid findet sich nichts Konkretes dazu.<\/p>\n<p>Es muss nicht einmal so dezidiert und argumentiert sein, wie wir es regelm\u00e4\u00dfig tun, wenn wir der <em>Tagesschau<\/em> ihre L\u00fcgen \u00fcber Russland und die Ukraine vorhalten. Wenigstens ein Hinweis, wenn schon kein Nachweis? Bis heute\u00a0\u2013 nichts!<\/p>\n<p>Und dass ein Journalist, sein gesprochenes oder geschriebenes Wort, eine Gefahr f\u00fcr die freiheitlich-demokratische Grundordnung darstellt, die eigentlich genau darin besteht, dass jeder sagen und schreiben darf, was ihm beliebt, ist selbstentlarvend.<\/p>\n<p>Das Verdikt:<\/p>\n<blockquote>\n<p><em>&#8220;Ihr weiterer Aufenthalt in Deutschland w\u00fcrde die Umsetzung der Sanktionsrichtlinien untergraben und somit die Interessen der Bundesrepublik Deutschland erheblich angreifen, sowie die sicherheitspolitischen und sonstige \u00f6ffentlichen Interessen Deutschlands gef\u00e4hrden, die schwerer ins Gewicht fallen als Ihr Interesse daran, sich weiterhin in Deutschland aufzuhalten.&#8221;<\/em><\/p>\n<\/blockquote>\n<p>Als die besagten EU-Sanktionen gegen russische Medien, darunter <em>RT\u00a0DE<\/em>, beschlossen wurden, hat das bereits von Annalena Baerbock gef\u00fchrte Ausw\u00e4rtige Amt \u00f6ffentlich und aus eigenem Antrieb das Versprechen abgegeben, dass die Sanktionen die Arbeit russischer Journalisten nicht tangieren werden. Diese d\u00fcrften weiterhin ihrer Arbeit in Deutschland nachgehen, hie\u00df es damals, zu gleichen Bedingungen wie Journalisten anderer L\u00e4nder recherchieren, filmen, berichten. Dieses Versprechen wurde nun eklatant gebrochen.<\/p>\n<p>Nach Bekanntwerden der Ausweisung Blagois und seines Kameramanns beeilte sich das Ausw\u00e4rtige Amt, die Nachricht\u00a0in den sozialen Netzwerken als &#8220;Fake News&#8221; darzustellen. Man selbst habe &#8220;kein B\u00fcro geschlossen&#8221;, wurde verlautbart.<\/p>\n<p>Dabei ist es v\u00f6llig unerheblich, wer die russischen Journalisten ausweist. Die interne Struktur des deutschen Gesamtstaates ist so, dass Landesbeh\u00f6rden f\u00fcr Aufenthaltserlaubnisse ausl\u00e4ndischer Journalisten zust\u00e4ndig sind. Eine Versagung der Aufenthaltserlaubnis, die ein faktischer Angriff in die Pressefreiheit ist und die journalistische Arbeit eben faktisch unm\u00f6glich macht, ist und bleibt aus v\u00f6lkerrechtlicher Sicht ein Handeln Deutschlands und der Bundesrepublik und ihren Bundesbeh\u00f6rden zurechenbar.<\/p>\n<p>Au\u00dferdem kann mir niemand erz\u00e4hlen, dass Landesbeh\u00f6rden Entscheidungen dieser Tragweite ohne Konsultationen mit dem Ausw\u00e4rtigen Amt und anderen Organen des Bundes treffen. Einflussm\u00f6glichkeiten h\u00e4tte man da allemal, zumindest politisch, wohl auch rechtlich. Die faktische Schlie\u00dfung des Korrespondentenb\u00fcros durch Ausweisung seiner einzigen Mitarbeiter zu leugnen, den Betroffenen L\u00fcgen zu unterstellen und sich dann auch noch emp\u00f6rt zu zeigen, wenn Russland es mit gleicher M\u00fcnze heimzahlt, ist sch\u00e4big. Nicht, dass uns das noch wundern w\u00fcrde.<\/p>\n<p><strong>Mehr zum Thema \u2013\u00a0<\/strong><a rel=\"nofollow noopener\" target=\"_blank\" href=\"https:\/\/freedert.online\/europa\/227552-rache-fuer-erfolge-russischer-truppen-russischer-journalist-blagoj-seiner-ausweisung-aus-berlin\/\">&#8220;Rache f\u00fcr Erfolge russischer Truppen&#8221; \u2013 Journalist Blagoi zu seiner Ausweisung aus Berlin<\/a><\/p>\n<div class=\"EmbedBlock-root EmbedBlock-externalVideo EmbedBlock-rumble\">\n<div class=\"VkEmbed\"><iframe class=\"lazyload\" data-src=\"https:\/\/rumble.com\/embed\/v5rpr88\" frameborder=\"0\" width=\"853\" height=\"480\" allowfullscreen><\/iframe><\/div>\n<\/div>\n<\/div>\n<p><br \/>\n<br \/><a href=\"https:\/\/de.rt.com\/inland\/227640-exklusiv-was-im-versagungs-und-abschiebebescheid-steht\/\">Source link <\/a><\/p>\n","protected":false},"excerpt":{"rendered":"<p>RT DE konnte exklusiv Einblick in den Versagungsbescheid gegen die ausgewiesenen russischen TV-Reporter nehmen. Die Begr\u00fcndung wirft ein Schlaglicht darauf, wie das Berliner Landesamt Meinungs- und Pressefreiheit versteht. Von Alexej Danckwardt RT\u00a0DE liegen exklusiv Ausz\u00fcge aus dem Bescheid des Landesamtes f\u00fcr Einwanderung des Landes Berlin vor, mit dem dem Reporter des russischen Fernsehsenders Perwy Kanal\u00a0Iwan [&hellip;]<\/p>\n","protected":false},"author":3,"featured_media":73462,"comment_status":"open","ping_status":"open","sticky":false,"template":"","format":"standard","meta":{"_yoast_indexnow_last_ping":["1732806246"],"wp_automatic_camp":["217"],"af7e8f3ab006ff39722a15841f3c7ed6":["Exklusiv: Was im Versagungs- und Ausweisungsbescheid der russischen Journalisten steht"],"original_link":["https:\/\/de.rt.com\/inland\/227640-exklusiv-was-im-versagungs-und-abschiebebescheid-steht\/"],"_thumbnail_id":["73462"],"jnews_social_counter_last_update":["1777198098"],"_wptgpro_p2tg_sent2tg":["a:1:{i:23737;s:19:\"2024-11-28 17:05:11\";}"]},"categories":[19,23],"tags":[60629,82,314,2726,973,1606,140,60628],"yoast_head":"<!-- This site is optimized with the Yoast SEO Premium plugin v22.7 (Yoast SEO v22.7) - https:\/\/yoast.com\/wordpress\/plugins\/seo\/ -->\n<title>Exklusiv: Was im Versagungs- und Ausweisungsbescheid der russischen Journalisten steht - just-now.NEWS Deutschland<\/title>\n<meta name=\"robots\" content=\"index, follow, max-snippet:-1, max-image-preview:large, max-video-preview:-1\" \/>\n<link rel=\"canonical\" href=\"https:\/\/now-news.de\/de\/deutschland\/exklusiv-was-im-versagungs-und-ausweisungsbescheid-der-russischen-journalisten-steht\/\" \/>\n<meta property=\"og:locale\" content=\"de_DE\" \/>\n<meta property=\"og:type\" content=\"article\" \/>\n<meta property=\"og:title\" content=\"Exklusiv: Was im Versagungs- und Ausweisungsbescheid der russischen Journalisten steht\" \/>\n<meta property=\"og:description\" content=\"RT DE konnte exklusiv Einblick in den Versagungsbescheid gegen die ausgewiesenen russischen TV-Reporter nehmen. Die Begr\u00fcndung wirft ein Schlaglicht darauf, wie das Berliner Landesamt Meinungs- und Pressefreiheit versteht. Von Alexej Danckwardt RT\u00a0DE liegen exklusiv Ausz\u00fcge aus dem Bescheid des Landesamtes f\u00fcr Einwanderung des Landes Berlin vor, mit dem dem Reporter des russischen Fernsehsenders Perwy Kanal\u00a0Iwan [&hellip;]\" \/>\n<meta property=\"og:url\" content=\"https:\/\/now-news.de\/de\/deutschland\/exklusiv-was-im-versagungs-und-ausweisungsbescheid-der-russischen-journalisten-steht\/\" \/>\n<meta property=\"og:site_name\" content=\"just-now.NEWS Deutschland\" \/>\n<meta property=\"article:publisher\" content=\"https:\/\/www.facebook.com\/wirmachenauf\" \/>\n<meta property=\"article:published_time\" content=\"2024-11-28T15:02:05+00:00\" \/>\n<meta property=\"og:image\" content=\"https:\/\/now-news.de\/de\/wp-content\/uploads\/sites\/3\/2024\/11\/6748784648fbef120850fada.jpg\" \/>\n<meta name=\"author\" content=\"rtnews\" \/>\n<meta name=\"twitter:card\" content=\"summary_large_image\" \/>\n<meta name=\"twitter:creator\" content=\"@WirMachenAuf_de\" \/>\n<meta name=\"twitter:site\" content=\"@WirMachenAuf_de\" \/>\n<meta name=\"twitter:label1\" content=\"Verfasst von\" \/>\n\t<meta name=\"twitter:data1\" content=\"rtnews\" \/>\n\t<meta name=\"twitter:label2\" content=\"Gesch\u00e4tzte Lesezeit\" \/>\n\t<meta name=\"twitter:data2\" content=\"7\u00a0Minuten\" \/>\n<script type=\"application\/ld+json\" class=\"yoast-schema-graph\">{\"@context\":\"https:\/\/schema.org\",\"@graph\":[{\"@type\":\"Article\",\"@id\":\"https:\/\/now-news.de\/de\/deutschland\/exklusiv-was-im-versagungs-und-ausweisungsbescheid-der-russischen-journalisten-steht\/#article\",\"isPartOf\":{\"@id\":\"https:\/\/now-news.de\/de\/deutschland\/exklusiv-was-im-versagungs-und-ausweisungsbescheid-der-russischen-journalisten-steht\/\"},\"author\":{\"name\":\"rtnews\",\"@id\":\"https:\/\/now-news.de\/de\/#\/schema\/person\/fb534a4e865501d8b3285208df34a9b5\"},\"headline\":\"Exklusiv: Was im Versagungs- und Ausweisungsbescheid der russischen Journalisten steht\",\"datePublished\":\"2024-11-28T15:02:05+00:00\",\"dateModified\":\"2024-11-28T15:02:05+00:00\",\"mainEntityOfPage\":{\"@id\":\"https:\/\/now-news.de\/de\/deutschland\/exklusiv-was-im-versagungs-und-ausweisungsbescheid-der-russischen-journalisten-steht\/\"},\"wordCount\":1352,\"commentCount\":0,\"publisher\":{\"@id\":\"https:\/\/now-news.de\/de\/#organization\"},\"image\":{\"@id\":\"https:\/\/now-news.de\/de\/deutschland\/exklusiv-was-im-versagungs-und-ausweisungsbescheid-der-russischen-journalisten-steht\/#primaryimage\"},\"thumbnailUrl\":\"https:\/\/now-news.de\/de\/wp-content\/uploads\/sites\/3\/2024\/11\/Exklusiv-Was-im-Versagungs-und-Ausweisungsbescheid-der-russischen-Journalisten-steht.jpg\",\"keywords\":[\"Ausweisungsbescheid\",\"der\",\"exklusiv\",\"Journalisten\",\"russischen\",\"steht\",\"und\",\"Versagungs\"],\"articleSection\":[\"Deutschland\",\"Russland\"],\"inLanguage\":\"de\",\"potentialAction\":[{\"@type\":\"CommentAction\",\"name\":\"Comment\",\"target\":[\"https:\/\/now-news.de\/de\/deutschland\/exklusiv-was-im-versagungs-und-ausweisungsbescheid-der-russischen-journalisten-steht\/#respond\"]}]},{\"@type\":\"WebPage\",\"@id\":\"https:\/\/now-news.de\/de\/deutschland\/exklusiv-was-im-versagungs-und-ausweisungsbescheid-der-russischen-journalisten-steht\/\",\"url\":\"https:\/\/now-news.de\/de\/deutschland\/exklusiv-was-im-versagungs-und-ausweisungsbescheid-der-russischen-journalisten-steht\/\",\"name\":\"Exklusiv: Was im Versagungs- und Ausweisungsbescheid der russischen Journalisten steht - just-now.NEWS Deutschland\",\"isPartOf\":{\"@id\":\"https:\/\/now-news.de\/de\/#website\"},\"primaryImageOfPage\":{\"@id\":\"https:\/\/now-news.de\/de\/deutschland\/exklusiv-was-im-versagungs-und-ausweisungsbescheid-der-russischen-journalisten-steht\/#primaryimage\"},\"image\":{\"@id\":\"https:\/\/now-news.de\/de\/deutschland\/exklusiv-was-im-versagungs-und-ausweisungsbescheid-der-russischen-journalisten-steht\/#primaryimage\"},\"thumbnailUrl\":\"https:\/\/now-news.de\/de\/wp-content\/uploads\/sites\/3\/2024\/11\/Exklusiv-Was-im-Versagungs-und-Ausweisungsbescheid-der-russischen-Journalisten-steht.jpg\",\"datePublished\":\"2024-11-28T15:02:05+00:00\",\"dateModified\":\"2024-11-28T15:02:05+00:00\",\"breadcrumb\":{\"@id\":\"https:\/\/now-news.de\/de\/deutschland\/exklusiv-was-im-versagungs-und-ausweisungsbescheid-der-russischen-journalisten-steht\/#breadcrumb\"},\"inLanguage\":\"de\",\"potentialAction\":[{\"@type\":\"ReadAction\",\"target\":[\"https:\/\/now-news.de\/de\/deutschland\/exklusiv-was-im-versagungs-und-ausweisungsbescheid-der-russischen-journalisten-steht\/\"]}]},{\"@type\":\"ImageObject\",\"inLanguage\":\"de\",\"@id\":\"https:\/\/now-news.de\/de\/deutschland\/exklusiv-was-im-versagungs-und-ausweisungsbescheid-der-russischen-journalisten-steht\/#primaryimage\",\"url\":\"https:\/\/now-news.de\/de\/wp-content\/uploads\/sites\/3\/2024\/11\/Exklusiv-Was-im-Versagungs-und-Ausweisungsbescheid-der-russischen-Journalisten-steht.jpg\",\"contentUrl\":\"https:\/\/now-news.de\/de\/wp-content\/uploads\/sites\/3\/2024\/11\/Exklusiv-Was-im-Versagungs-und-Ausweisungsbescheid-der-russischen-Journalisten-steht.jpg\",\"width\":1280,\"height\":960,\"caption\":\"Exklusiv: Was im Versagungs- und Ausweisungsbescheid der russischen Journalisten steht\"},{\"@type\":\"BreadcrumbList\",\"@id\":\"https:\/\/now-news.de\/de\/deutschland\/exklusiv-was-im-versagungs-und-ausweisungsbescheid-der-russischen-journalisten-steht\/#breadcrumb\",\"itemListElement\":[{\"@type\":\"ListItem\",\"position\":1,\"name\":\"Home\",\"item\":\"https:\/\/now-news.de\/de\/\"},{\"@type\":\"ListItem\",\"position\":2,\"name\":\"Exklusiv: Was im Versagungs- und Ausweisungsbescheid der russischen Journalisten steht\"}]},{\"@type\":\"WebSite\",\"@id\":\"https:\/\/now-news.de\/de\/#website\",\"url\":\"https:\/\/now-news.de\/de\/\",\"name\":\"just-now.NEWS Deutschland\",\"description\":\"Das Portal f\u00fcr unzensierte Nachrichten aus der Welt\",\"publisher\":{\"@id\":\"https:\/\/now-news.de\/de\/#organization\"},\"potentialAction\":[{\"@type\":\"SearchAction\",\"target\":{\"@type\":\"EntryPoint\",\"urlTemplate\":\"https:\/\/now-news.de\/de\/?s={search_term_string}\"},\"query-input\":\"required name=search_term_string\"}],\"inLanguage\":\"de\"},{\"@type\":\"Organization\",\"@id\":\"https:\/\/now-news.de\/de\/#organization\",\"name\":\"Just Now News\",\"url\":\"https:\/\/now-news.de\/de\/\",\"logo\":{\"@type\":\"ImageObject\",\"inLanguage\":\"de\",\"@id\":\"https:\/\/now-news.de\/de\/#\/schema\/logo\/image\/\",\"url\":\"http:\/\/just-now.news\/de\/wp-content\/uploads\/sites\/3\/2022\/04\/logo500x500.jpg\",\"contentUrl\":\"http:\/\/just-now.news\/de\/wp-content\/uploads\/sites\/3\/2022\/04\/logo500x500.jpg\",\"width\":500,\"height\":500,\"caption\":\"Just Now News\"},\"image\":{\"@id\":\"https:\/\/now-news.de\/de\/#\/schema\/logo\/image\/\"},\"sameAs\":[\"https:\/\/www.facebook.com\/wirmachenauf\",\"https:\/\/x.com\/WirMachenAuf_de\"]},{\"@type\":\"Person\",\"@id\":\"https:\/\/now-news.de\/de\/#\/schema\/person\/fb534a4e865501d8b3285208df34a9b5\",\"name\":\"rtnews\",\"image\":{\"@type\":\"ImageObject\",\"inLanguage\":\"de\",\"@id\":\"https:\/\/now-news.de\/de\/#\/schema\/person\/image\/\",\"url\":\"https:\/\/secure.gravatar.com\/avatar\/82aafea7d8127119dd649515f56e2117?s=96&d=mm&r=g\",\"contentUrl\":\"https:\/\/secure.gravatar.com\/avatar\/82aafea7d8127119dd649515f56e2117?s=96&d=mm&r=g\",\"caption\":\"rtnews\"},\"url\":\"https:\/\/now-news.de\/de\/author\/rnews\/\"}]}<\/script>\n<!-- \/ Yoast SEO Premium plugin. -->","yoast_head_json":{"title":"Exklusiv: Was im Versagungs- und Ausweisungsbescheid der russischen Journalisten steht - just-now.NEWS Deutschland","robots":{"index":"index","follow":"follow","max-snippet":"max-snippet:-1","max-image-preview":"max-image-preview:large","max-video-preview":"max-video-preview:-1"},"canonical":"https:\/\/now-news.de\/de\/deutschland\/exklusiv-was-im-versagungs-und-ausweisungsbescheid-der-russischen-journalisten-steht\/","og_locale":"de_DE","og_type":"article","og_title":"Exklusiv: Was im Versagungs- und Ausweisungsbescheid der russischen Journalisten steht","og_description":"RT DE konnte exklusiv Einblick in den Versagungsbescheid gegen die ausgewiesenen russischen TV-Reporter nehmen. Die Begr\u00fcndung wirft ein Schlaglicht darauf, wie das Berliner Landesamt Meinungs- und Pressefreiheit versteht. Von Alexej Danckwardt RT\u00a0DE liegen exklusiv Ausz\u00fcge aus dem Bescheid des Landesamtes f\u00fcr Einwanderung des Landes Berlin vor, mit dem dem Reporter des russischen Fernsehsenders Perwy Kanal\u00a0Iwan [&hellip;]","og_url":"https:\/\/now-news.de\/de\/deutschland\/exklusiv-was-im-versagungs-und-ausweisungsbescheid-der-russischen-journalisten-steht\/","og_site_name":"just-now.NEWS Deutschland","article_publisher":"https:\/\/www.facebook.com\/wirmachenauf","article_published_time":"2024-11-28T15:02:05+00:00","og_image":[{"url":"https:\/\/now-news.de\/de\/wp-content\/uploads\/sites\/3\/2024\/11\/6748784648fbef120850fada.jpg"}],"author":"rtnews","twitter_card":"summary_large_image","twitter_creator":"@WirMachenAuf_de","twitter_site":"@WirMachenAuf_de","twitter_misc":{"Verfasst von":"rtnews","Gesch\u00e4tzte Lesezeit":"7\u00a0Minuten"},"schema":{"@context":"https:\/\/schema.org","@graph":[{"@type":"Article","@id":"https:\/\/now-news.de\/de\/deutschland\/exklusiv-was-im-versagungs-und-ausweisungsbescheid-der-russischen-journalisten-steht\/#article","isPartOf":{"@id":"https:\/\/now-news.de\/de\/deutschland\/exklusiv-was-im-versagungs-und-ausweisungsbescheid-der-russischen-journalisten-steht\/"},"author":{"name":"rtnews","@id":"https:\/\/now-news.de\/de\/#\/schema\/person\/fb534a4e865501d8b3285208df34a9b5"},"headline":"Exklusiv: Was im Versagungs- und Ausweisungsbescheid der russischen Journalisten steht","datePublished":"2024-11-28T15:02:05+00:00","dateModified":"2024-11-28T15:02:05+00:00","mainEntityOfPage":{"@id":"https:\/\/now-news.de\/de\/deutschland\/exklusiv-was-im-versagungs-und-ausweisungsbescheid-der-russischen-journalisten-steht\/"},"wordCount":1352,"commentCount":0,"publisher":{"@id":"https:\/\/now-news.de\/de\/#organization"},"image":{"@id":"https:\/\/now-news.de\/de\/deutschland\/exklusiv-was-im-versagungs-und-ausweisungsbescheid-der-russischen-journalisten-steht\/#primaryimage"},"thumbnailUrl":"https:\/\/now-news.de\/de\/wp-content\/uploads\/sites\/3\/2024\/11\/Exklusiv-Was-im-Versagungs-und-Ausweisungsbescheid-der-russischen-Journalisten-steht.jpg","keywords":["Ausweisungsbescheid","der","exklusiv","Journalisten","russischen","steht","und","Versagungs"],"articleSection":["Deutschland","Russland"],"inLanguage":"de","potentialAction":[{"@type":"CommentAction","name":"Comment","target":["https:\/\/now-news.de\/de\/deutschland\/exklusiv-was-im-versagungs-und-ausweisungsbescheid-der-russischen-journalisten-steht\/#respond"]}]},{"@type":"WebPage","@id":"https:\/\/now-news.de\/de\/deutschland\/exklusiv-was-im-versagungs-und-ausweisungsbescheid-der-russischen-journalisten-steht\/","url":"https:\/\/now-news.de\/de\/deutschland\/exklusiv-was-im-versagungs-und-ausweisungsbescheid-der-russischen-journalisten-steht\/","name":"Exklusiv: Was im Versagungs- und Ausweisungsbescheid der russischen Journalisten steht - just-now.NEWS Deutschland","isPartOf":{"@id":"https:\/\/now-news.de\/de\/#website"},"primaryImageOfPage":{"@id":"https:\/\/now-news.de\/de\/deutschland\/exklusiv-was-im-versagungs-und-ausweisungsbescheid-der-russischen-journalisten-steht\/#primaryimage"},"image":{"@id":"https:\/\/now-news.de\/de\/deutschland\/exklusiv-was-im-versagungs-und-ausweisungsbescheid-der-russischen-journalisten-steht\/#primaryimage"},"thumbnailUrl":"https:\/\/now-news.de\/de\/wp-content\/uploads\/sites\/3\/2024\/11\/Exklusiv-Was-im-Versagungs-und-Ausweisungsbescheid-der-russischen-Journalisten-steht.jpg","datePublished":"2024-11-28T15:02:05+00:00","dateModified":"2024-11-28T15:02:05+00:00","breadcrumb":{"@id":"https:\/\/now-news.de\/de\/deutschland\/exklusiv-was-im-versagungs-und-ausweisungsbescheid-der-russischen-journalisten-steht\/#breadcrumb"},"inLanguage":"de","potentialAction":[{"@type":"ReadAction","target":["https:\/\/now-news.de\/de\/deutschland\/exklusiv-was-im-versagungs-und-ausweisungsbescheid-der-russischen-journalisten-steht\/"]}]},{"@type":"ImageObject","inLanguage":"de","@id":"https:\/\/now-news.de\/de\/deutschland\/exklusiv-was-im-versagungs-und-ausweisungsbescheid-der-russischen-journalisten-steht\/#primaryimage","url":"https:\/\/now-news.de\/de\/wp-content\/uploads\/sites\/3\/2024\/11\/Exklusiv-Was-im-Versagungs-und-Ausweisungsbescheid-der-russischen-Journalisten-steht.jpg","contentUrl":"https:\/\/now-news.de\/de\/wp-content\/uploads\/sites\/3\/2024\/11\/Exklusiv-Was-im-Versagungs-und-Ausweisungsbescheid-der-russischen-Journalisten-steht.jpg","width":1280,"height":960,"caption":"Exklusiv: Was im Versagungs- und Ausweisungsbescheid der russischen Journalisten steht"},{"@type":"BreadcrumbList","@id":"https:\/\/now-news.de\/de\/deutschland\/exklusiv-was-im-versagungs-und-ausweisungsbescheid-der-russischen-journalisten-steht\/#breadcrumb","itemListElement":[{"@type":"ListItem","position":1,"name":"Home","item":"https:\/\/now-news.de\/de\/"},{"@type":"ListItem","position":2,"name":"Exklusiv: Was im Versagungs- und Ausweisungsbescheid der russischen Journalisten steht"}]},{"@type":"WebSite","@id":"https:\/\/now-news.de\/de\/#website","url":"https:\/\/now-news.de\/de\/","name":"just-now.NEWS Deutschland","description":"Das Portal f\u00fcr unzensierte Nachrichten aus der Welt","publisher":{"@id":"https:\/\/now-news.de\/de\/#organization"},"potentialAction":[{"@type":"SearchAction","target":{"@type":"EntryPoint","urlTemplate":"https:\/\/now-news.de\/de\/?s={search_term_string}"},"query-input":"required name=search_term_string"}],"inLanguage":"de"},{"@type":"Organization","@id":"https:\/\/now-news.de\/de\/#organization","name":"Just Now News","url":"https:\/\/now-news.de\/de\/","logo":{"@type":"ImageObject","inLanguage":"de","@id":"https:\/\/now-news.de\/de\/#\/schema\/logo\/image\/","url":"http:\/\/just-now.news\/de\/wp-content\/uploads\/sites\/3\/2022\/04\/logo500x500.jpg","contentUrl":"http:\/\/just-now.news\/de\/wp-content\/uploads\/sites\/3\/2022\/04\/logo500x500.jpg","width":500,"height":500,"caption":"Just Now News"},"image":{"@id":"https:\/\/now-news.de\/de\/#\/schema\/logo\/image\/"},"sameAs":["https:\/\/www.facebook.com\/wirmachenauf","https:\/\/x.com\/WirMachenAuf_de"]},{"@type":"Person","@id":"https:\/\/now-news.de\/de\/#\/schema\/person\/fb534a4e865501d8b3285208df34a9b5","name":"rtnews","image":{"@type":"ImageObject","inLanguage":"de","@id":"https:\/\/now-news.de\/de\/#\/schema\/person\/image\/","url":"https:\/\/secure.gravatar.com\/avatar\/82aafea7d8127119dd649515f56e2117?s=96&d=mm&r=g","contentUrl":"https:\/\/secure.gravatar.com\/avatar\/82aafea7d8127119dd649515f56e2117?s=96&d=mm&r=g","caption":"rtnews"},"url":"https:\/\/now-news.de\/de\/author\/rnews\/"}]}},"_links":{"self":[{"href":"https:\/\/now-news.de\/de\/wp-json\/wp\/v2\/posts\/73461"}],"collection":[{"href":"https:\/\/now-news.de\/de\/wp-json\/wp\/v2\/posts"}],"about":[{"href":"https:\/\/now-news.de\/de\/wp-json\/wp\/v2\/types\/post"}],"author":[{"embeddable":true,"href":"https:\/\/now-news.de\/de\/wp-json\/wp\/v2\/users\/3"}],"replies":[{"embeddable":true,"href":"https:\/\/now-news.de\/de\/wp-json\/wp\/v2\/comments?post=73461"}],"version-history":[{"count":0,"href":"https:\/\/now-news.de\/de\/wp-json\/wp\/v2\/posts\/73461\/revisions"}],"wp:featuredmedia":[{"embeddable":true,"href":"https:\/\/now-news.de\/de\/wp-json\/wp\/v2\/media\/73462"}],"wp:attachment":[{"href":"https:\/\/now-news.de\/de\/wp-json\/wp\/v2\/media?parent=73461"}],"wp:term":[{"taxonomy":"category","embeddable":true,"href":"https:\/\/now-news.de\/de\/wp-json\/wp\/v2\/categories?post=73461"},{"taxonomy":"post_tag","embeddable":true,"href":"https:\/\/now-news.de\/de\/wp-json\/wp\/v2\/tags?post=73461"}],"curies":[{"name":"wp","href":"https:\/\/api.w.org\/{rel}","templated":true}]}}