{"id":73426,"date":"2024-11-28T10:41:52","date_gmt":"2024-11-28T08:41:52","guid":{"rendered":"https:\/\/now-news.de\/de\/deutschland\/washington-fordert-von-kiew-senkung-des-mobilisierungsalters-von-25-auf-18-jahre\/"},"modified":"2024-11-28T10:41:52","modified_gmt":"2024-11-28T08:41:52","slug":"washington-fordert-von-kiew-senkung-des-mobilisierungsalters-von-25-auf-18-jahre","status":"publish","type":"post","link":"https:\/\/now-news.de\/de\/deutschland\/washington-fordert-von-kiew-senkung-des-mobilisierungsalters-von-25-auf-18-jahre\/","title":{"rendered":"Washington fordert von Kiew Senkung des Mobilisierungsalters von 25 auf 18 Jahre"},"content":{"rendered":"<p><img decoding=\"async\" src=\"https:\/\/now-news.de\/de\/wp-content\/uploads\/sites\/3\/2024\/11\/6747879a48fbef6aa83126f3.jpg\" \/><\/p>\n<div class=\"Text-root Text-type_1 \">\n                Um den Krieg fortf\u00fchren zu k\u00f6nnen, braucht die Ukraine neue Soldaten. Dies kann nur durch eine drastische Senkung des Mindestalters f\u00fcr die Mobilisierung schnell erreicht werden, hei\u00dft es aus Washington. Bisher lehnt Kiew ab, auf diesen Vorschlag einzugehen.\n            <\/div>\n<p><\/p>\n<div class=\"Text-root Text-type_5 ArticleView-text ViewText-root \">\n<p>Die Regierung von US-Pr\u00e4sident Joe Biden hat die Ukraine aufgefordert, das Mindestalter f\u00fcr die Mobilisierung von derzeit 25 auf 18 Jahre herabzusetzen, um die Zahl ihrer Soldaten rasch zu erh\u00f6hen, berichtetet <em>Associated Press (AP)<\/em> unter Berufung auf eine Quelle sowie <em>Reuters<\/em>.<strong><\/strong><\/p>\n<p>In Kiew sch\u00e4tzt man die Zahl der ben\u00f6tigten Rekruten auf 160.000, aber das Wei\u00dfe Haus geht davon aus, dass die ukrainischen Streitkr\u00e4fte wahrscheinlich mehr Personal brauchen werden, so die Quelle gegen\u00fcber <em>AP<\/em>. Wie die Nachrichtenagentur berichtet, ist die US-Regierung der Ansicht, dass Kiew \u00fcber alle notwendigen Waffen verf\u00fcgt und nun seine Armee deutlich aufstocken muss, wenn die Ukraine den Konflikt mit Moskau fortsetzen will. <em>Reuters<\/em> zitiert einen US-Beamten mit den Worten:<\/p>\n<blockquote>\n<p><em>&#8220;Im Moment brauchen sie Personal. Die Russen machen tats\u00e4chlich Fortschritte, stetige Fortschritte, im Osten, und sie beginnen, ukrainische Soldaten aus Stellungen bei Kursk zur\u00fcckzudr\u00e4ngen. Die Mobilisierung und die Aufstockung der Truppenst\u00e4rke k\u00f6nnte zu diesem Zeitpunkt einen bedeutenden Unterschied machen, wenn wir uns das Schlachtfeld heute ansehen.&#8221;<\/em><\/p>\n<\/blockquote>\n<p>Kiew hat einger\u00e4umt, dass die USA in der Frage der Herabsetzung der Altersgrenze f\u00fcr die Mobilisierung Druck aus\u00fcben. Politiker sowohl der Demokratischen als auch der Republikanischen Partei bestehen darauf, gab Sergei Leschtschenko, ein Berater des Chefs des ukrainischen Pr\u00e4sidialamtes, Mitte Oktober bekannt. Auf Telegram schrieb er, in Washington argumentiere man damit, dass die USA im Vietnamkrieg M\u00e4nner ab dem Alter von 19 Jahren rekrutiert h\u00e4tten. Leschtschenkos Fazit:<\/p>\n<blockquote>\n<p><em>&#8220;Die US-Amerikaner deuten also an: Westliche Waffen allein reichen nicht aus, wir brauchen eine Mobilisierung ab 18 Jahren. Pr\u00e4sident Selenskij hat dem Druck nicht nachgegeben und \u00fcberredet weiterhin Politiker beider Parteien, Waffen zu liefern, ohne das Einberufungsalter zu \u00e4ndern.&#8221;<\/em><\/p>\n<\/blockquote>\n<p>Einer derjenigen, die diese Forderung \u00f6ffentlich \u00e4u\u00dferten, war der republikanische Senator Lindsey Graham. Im Fr\u00fchjahr reiste er nach Kiew, traf sich mit Selenskij und sprach mit Journalisten. Damals berieten die ukrainischen Abgeordneten \u00fcber einen Gesetzentwurf zur Senkung des Mobilisierungsalters von 27 auf 25 Jahre. Graham verk\u00fcndete, er unterst\u00fctze eine solche Ma\u00dfnahme nachdr\u00fccklich:<\/p>\n<blockquote>\n<p><em>&#8220;Ich w\u00fcrde mir w\u00fcnschen, dass diejenigen, die das Recht haben, in der ukrainischen Armee zu dienen, ihr beitreten. Ich kann nicht glauben, dass es ab 27 Jahren erforderlich ist. Ihr k\u00e4mpft um euer Leben, also m\u00fcsst ihr dienen, und nicht erst ab 25 oder 27.&#8221;<\/em><\/p>\n<\/blockquote>\n<p>Zudem forderte Graham die Ukrainer auf, bei der Entscheidung, ob sie den ukrainischen Streitkr\u00e4ften beitreten wollen, nicht auf die USA zu schauen:<\/p>\n<blockquote>\n<p><em>&#8220;Egal, was wir tun, ihr m\u00fcsst k\u00e4mpfen. Egal, was wir tun, ihr k\u00e4mpft f\u00fcr euch selbst.&#8221;<\/em><\/p>\n<\/blockquote>\n<p>In der Folge hat die Ukraine in diesem Jahr das Mindestalter f\u00fcr die Mobilisierung auf 25 Jahre gesenkt, w\u00e4hrend das H\u00f6chstalter mit 60 Jahren gleich geblieben ist. Gleichzeitig ist es allen wehrpflichtigen Personen zwischen 18 und 60 Jahren untersagt, das Land zu verlassen. Eine weitere Neuerung ist die Abschaffung der Kategorie der eingeschr\u00e4nkt Tauglichen. Nun gibt es in der Ukraine nur noch zwei Kategorien: &#8220;tauglich&#8221; und &#8220;untauglich&#8221; f\u00fcr den Milit\u00e4rdienst.<\/p>\n<p><strong>Mehr zum Thema<\/strong> &#8211; <a rel=\"nofollow noopener\" target=\"_blank\" href=\"https:\/\/freedert.online\/europa\/227523-the-economist-schaetzt-verluste-ukraine\/\">&#8220;Economist&#8221; sch\u00e4tzt Verluste der Ukraine auf 500.000 Mann \u2013 tot oder verletzt<\/a><\/p>\n<div class=\"EmbedBlock-root EmbedBlock-externalVideo EmbedBlock-rumble\">\n<div class=\"VkEmbed\"><iframe class=\"lazyload\" data-src=\"https:\/\/rumble.com\/embed\/v5rbu75\" frameborder=\"0\" width=\"853\" height=\"480\" allowfullscreen><\/iframe><\/div>\n<\/div>\n<\/div>\n<p><br \/>\n<br \/><a href=\"https:\/\/de.rt.com\/international\/227571-usa-draengen-ukraine-mobilisierungsalter-von\/\">Source link <\/a><\/p>\n","protected":false},"excerpt":{"rendered":"<p>Um den Krieg fortf\u00fchren zu k\u00f6nnen, braucht die Ukraine neue Soldaten. Dies kann nur durch eine drastische Senkung des Mindestalters f\u00fcr die Mobilisierung schnell erreicht werden, hei\u00dft es aus Washington. Bisher lehnt Kiew ab, auf diesen Vorschlag einzugehen. Die Regierung von US-Pr\u00e4sident Joe Biden hat die Ukraine aufgefordert, das Mindestalter f\u00fcr die Mobilisierung von derzeit [&hellip;]<\/p>\n","protected":false},"author":3,"featured_media":73427,"comment_status":"open","ping_status":"open","sticky":false,"template":"","format":"standard","meta":{"_yoast_indexnow_last_ping":["1732784040"],"wp_automatic_camp":["217"],"f4d2a877da9995585d7a918b0e8295f2":["Washington fordert von Kiew Senkung des Mobilisierungsalters von 25 auf 18 Jahre"],"original_link":["https:\/\/de.rt.com\/international\/227571-usa-draengen-ukraine-mobilisierungsalter-von\/"],"_thumbnail_id":["73427"],"jnews_social_counter_last_update":["1777649008"],"_wptgpro_p2tg_sent2tg":["a:1:{i:23737;s:19:\"2024-11-28 10:55:02\";}"]},"categories":[19,23],"tags":[133,583,355,7530,1025,60611,23345,50,1039],"yoast_head":"<!-- This site is optimized with the Yoast SEO Premium plugin v22.7 (Yoast SEO v22.7) - https:\/\/yoast.com\/wordpress\/plugins\/seo\/ -->\n<title>Washington fordert von Kiew Senkung des Mobilisierungsalters von 25 auf 18 Jahre - just-now.NEWS Deutschland<\/title>\n<meta name=\"robots\" content=\"index, follow, max-snippet:-1, max-image-preview:large, max-video-preview:-1\" \/>\n<link rel=\"canonical\" href=\"https:\/\/now-news.de\/de\/deutschland\/washington-fordert-von-kiew-senkung-des-mobilisierungsalters-von-25-auf-18-jahre\/\" \/>\n<meta property=\"og:locale\" content=\"de_DE\" \/>\n<meta property=\"og:type\" content=\"article\" \/>\n<meta property=\"og:title\" content=\"Washington fordert von Kiew Senkung des Mobilisierungsalters von 25 auf 18 Jahre\" \/>\n<meta property=\"og:description\" content=\"Um den Krieg fortf\u00fchren zu k\u00f6nnen, braucht die Ukraine neue Soldaten. Dies kann nur durch eine drastische Senkung des Mindestalters f\u00fcr die Mobilisierung schnell erreicht werden, hei\u00dft es aus Washington. Bisher lehnt Kiew ab, auf diesen Vorschlag einzugehen. Die Regierung von US-Pr\u00e4sident Joe Biden hat die Ukraine aufgefordert, das Mindestalter f\u00fcr die Mobilisierung von derzeit [&hellip;]\" \/>\n<meta property=\"og:url\" content=\"https:\/\/now-news.de\/de\/deutschland\/washington-fordert-von-kiew-senkung-des-mobilisierungsalters-von-25-auf-18-jahre\/\" \/>\n<meta property=\"og:site_name\" content=\"just-now.NEWS Deutschland\" \/>\n<meta property=\"article:publisher\" content=\"https:\/\/www.facebook.com\/wirmachenauf\" \/>\n<meta property=\"article:published_time\" content=\"2024-11-28T08:41:52+00:00\" \/>\n<meta property=\"og:image\" content=\"https:\/\/now-news.de\/de\/wp-content\/uploads\/sites\/3\/2024\/11\/6747879a48fbef6aa83126f3.jpg\" \/>\n<meta name=\"author\" content=\"rtnews\" \/>\n<meta name=\"twitter:card\" content=\"summary_large_image\" \/>\n<meta name=\"twitter:creator\" content=\"@WirMachenAuf_de\" \/>\n<meta name=\"twitter:site\" content=\"@WirMachenAuf_de\" \/>\n<meta name=\"twitter:label1\" content=\"Verfasst von\" \/>\n\t<meta name=\"twitter:data1\" content=\"rtnews\" \/>\n\t<meta name=\"twitter:label2\" content=\"Gesch\u00e4tzte Lesezeit\" \/>\n\t<meta name=\"twitter:data2\" content=\"3\u00a0Minuten\" \/>\n<script type=\"application\/ld+json\" class=\"yoast-schema-graph\">{\"@context\":\"https:\/\/schema.org\",\"@graph\":[{\"@type\":\"Article\",\"@id\":\"https:\/\/now-news.de\/de\/deutschland\/washington-fordert-von-kiew-senkung-des-mobilisierungsalters-von-25-auf-18-jahre\/#article\",\"isPartOf\":{\"@id\":\"https:\/\/now-news.de\/de\/deutschland\/washington-fordert-von-kiew-senkung-des-mobilisierungsalters-von-25-auf-18-jahre\/\"},\"author\":{\"name\":\"rtnews\",\"@id\":\"https:\/\/now-news.de\/de\/#\/schema\/person\/fb534a4e865501d8b3285208df34a9b5\"},\"headline\":\"Washington fordert von Kiew Senkung des Mobilisierungsalters von 25 auf 18 Jahre\",\"datePublished\":\"2024-11-28T08:41:52+00:00\",\"dateModified\":\"2024-11-28T08:41:52+00:00\",\"mainEntityOfPage\":{\"@id\":\"https:\/\/now-news.de\/de\/deutschland\/washington-fordert-von-kiew-senkung-des-mobilisierungsalters-von-25-auf-18-jahre\/\"},\"wordCount\":567,\"commentCount\":0,\"publisher\":{\"@id\":\"https:\/\/now-news.de\/de\/#organization\"},\"image\":{\"@id\":\"https:\/\/now-news.de\/de\/deutschland\/washington-fordert-von-kiew-senkung-des-mobilisierungsalters-von-25-auf-18-jahre\/#primaryimage\"},\"thumbnailUrl\":\"https:\/\/now-news.de\/de\/wp-content\/uploads\/sites\/3\/2024\/11\/Washington-fordert-von-Kiew-Senkung-des-Mobilisierungsalters-von-25-auf.jpg\",\"keywords\":[\"AUF\",\"des\",\"fordert\",\"Jahre\",\"Kiew\",\"Mobilisierungsalters\",\"Senkung\",\"von\",\"Washington\"],\"articleSection\":[\"Deutschland\",\"Russland\"],\"inLanguage\":\"de\",\"potentialAction\":[{\"@type\":\"CommentAction\",\"name\":\"Comment\",\"target\":[\"https:\/\/now-news.de\/de\/deutschland\/washington-fordert-von-kiew-senkung-des-mobilisierungsalters-von-25-auf-18-jahre\/#respond\"]}]},{\"@type\":\"WebPage\",\"@id\":\"https:\/\/now-news.de\/de\/deutschland\/washington-fordert-von-kiew-senkung-des-mobilisierungsalters-von-25-auf-18-jahre\/\",\"url\":\"https:\/\/now-news.de\/de\/deutschland\/washington-fordert-von-kiew-senkung-des-mobilisierungsalters-von-25-auf-18-jahre\/\",\"name\":\"Washington fordert von Kiew Senkung des Mobilisierungsalters von 25 auf 18 Jahre - just-now.NEWS Deutschland\",\"isPartOf\":{\"@id\":\"https:\/\/now-news.de\/de\/#website\"},\"primaryImageOfPage\":{\"@id\":\"https:\/\/now-news.de\/de\/deutschland\/washington-fordert-von-kiew-senkung-des-mobilisierungsalters-von-25-auf-18-jahre\/#primaryimage\"},\"image\":{\"@id\":\"https:\/\/now-news.de\/de\/deutschland\/washington-fordert-von-kiew-senkung-des-mobilisierungsalters-von-25-auf-18-jahre\/#primaryimage\"},\"thumbnailUrl\":\"https:\/\/now-news.de\/de\/wp-content\/uploads\/sites\/3\/2024\/11\/Washington-fordert-von-Kiew-Senkung-des-Mobilisierungsalters-von-25-auf.jpg\",\"datePublished\":\"2024-11-28T08:41:52+00:00\",\"dateModified\":\"2024-11-28T08:41:52+00:00\",\"breadcrumb\":{\"@id\":\"https:\/\/now-news.de\/de\/deutschland\/washington-fordert-von-kiew-senkung-des-mobilisierungsalters-von-25-auf-18-jahre\/#breadcrumb\"},\"inLanguage\":\"de\",\"potentialAction\":[{\"@type\":\"ReadAction\",\"target\":[\"https:\/\/now-news.de\/de\/deutschland\/washington-fordert-von-kiew-senkung-des-mobilisierungsalters-von-25-auf-18-jahre\/\"]}]},{\"@type\":\"ImageObject\",\"inLanguage\":\"de\",\"@id\":\"https:\/\/now-news.de\/de\/deutschland\/washington-fordert-von-kiew-senkung-des-mobilisierungsalters-von-25-auf-18-jahre\/#primaryimage\",\"url\":\"https:\/\/now-news.de\/de\/wp-content\/uploads\/sites\/3\/2024\/11\/Washington-fordert-von-Kiew-Senkung-des-Mobilisierungsalters-von-25-auf.jpg\",\"contentUrl\":\"https:\/\/now-news.de\/de\/wp-content\/uploads\/sites\/3\/2024\/11\/Washington-fordert-von-Kiew-Senkung-des-Mobilisierungsalters-von-25-auf.jpg\",\"width\":460,\"height\":259,\"caption\":\"Washington fordert von Kiew Senkung des Mobilisierungsalters von 25 auf 18 Jahre\"},{\"@type\":\"BreadcrumbList\",\"@id\":\"https:\/\/now-news.de\/de\/deutschland\/washington-fordert-von-kiew-senkung-des-mobilisierungsalters-von-25-auf-18-jahre\/#breadcrumb\",\"itemListElement\":[{\"@type\":\"ListItem\",\"position\":1,\"name\":\"Home\",\"item\":\"https:\/\/now-news.de\/de\/\"},{\"@type\":\"ListItem\",\"position\":2,\"name\":\"Washington fordert von Kiew Senkung des Mobilisierungsalters von 25 auf 18 Jahre\"}]},{\"@type\":\"WebSite\",\"@id\":\"https:\/\/now-news.de\/de\/#website\",\"url\":\"https:\/\/now-news.de\/de\/\",\"name\":\"just-now.NEWS Deutschland\",\"description\":\"Das Portal f\u00fcr unzensierte Nachrichten aus der Welt\",\"publisher\":{\"@id\":\"https:\/\/now-news.de\/de\/#organization\"},\"potentialAction\":[{\"@type\":\"SearchAction\",\"target\":{\"@type\":\"EntryPoint\",\"urlTemplate\":\"https:\/\/now-news.de\/de\/?s={search_term_string}\"},\"query-input\":\"required name=search_term_string\"}],\"inLanguage\":\"de\"},{\"@type\":\"Organization\",\"@id\":\"https:\/\/now-news.de\/de\/#organization\",\"name\":\"Just Now News\",\"url\":\"https:\/\/now-news.de\/de\/\",\"logo\":{\"@type\":\"ImageObject\",\"inLanguage\":\"de\",\"@id\":\"https:\/\/now-news.de\/de\/#\/schema\/logo\/image\/\",\"url\":\"http:\/\/just-now.news\/de\/wp-content\/uploads\/sites\/3\/2022\/04\/logo500x500.jpg\",\"contentUrl\":\"http:\/\/just-now.news\/de\/wp-content\/uploads\/sites\/3\/2022\/04\/logo500x500.jpg\",\"width\":500,\"height\":500,\"caption\":\"Just Now News\"},\"image\":{\"@id\":\"https:\/\/now-news.de\/de\/#\/schema\/logo\/image\/\"},\"sameAs\":[\"https:\/\/www.facebook.com\/wirmachenauf\",\"https:\/\/x.com\/WirMachenAuf_de\"]},{\"@type\":\"Person\",\"@id\":\"https:\/\/now-news.de\/de\/#\/schema\/person\/fb534a4e865501d8b3285208df34a9b5\",\"name\":\"rtnews\",\"image\":{\"@type\":\"ImageObject\",\"inLanguage\":\"de\",\"@id\":\"https:\/\/now-news.de\/de\/#\/schema\/person\/image\/\",\"url\":\"https:\/\/secure.gravatar.com\/avatar\/82aafea7d8127119dd649515f56e2117?s=96&d=mm&r=g\",\"contentUrl\":\"https:\/\/secure.gravatar.com\/avatar\/82aafea7d8127119dd649515f56e2117?s=96&d=mm&r=g\",\"caption\":\"rtnews\"},\"url\":\"https:\/\/now-news.de\/de\/author\/rnews\/\"}]}<\/script>\n<!-- \/ Yoast SEO Premium plugin. -->","yoast_head_json":{"title":"Washington fordert von Kiew Senkung des Mobilisierungsalters von 25 auf 18 Jahre - just-now.NEWS Deutschland","robots":{"index":"index","follow":"follow","max-snippet":"max-snippet:-1","max-image-preview":"max-image-preview:large","max-video-preview":"max-video-preview:-1"},"canonical":"https:\/\/now-news.de\/de\/deutschland\/washington-fordert-von-kiew-senkung-des-mobilisierungsalters-von-25-auf-18-jahre\/","og_locale":"de_DE","og_type":"article","og_title":"Washington fordert von Kiew Senkung des Mobilisierungsalters von 25 auf 18 Jahre","og_description":"Um den Krieg fortf\u00fchren zu k\u00f6nnen, braucht die Ukraine neue Soldaten. Dies kann nur durch eine drastische Senkung des Mindestalters f\u00fcr die Mobilisierung schnell erreicht werden, hei\u00dft es aus Washington. Bisher lehnt Kiew ab, auf diesen Vorschlag einzugehen. Die Regierung von US-Pr\u00e4sident Joe Biden hat die Ukraine aufgefordert, das Mindestalter f\u00fcr die Mobilisierung von derzeit [&hellip;]","og_url":"https:\/\/now-news.de\/de\/deutschland\/washington-fordert-von-kiew-senkung-des-mobilisierungsalters-von-25-auf-18-jahre\/","og_site_name":"just-now.NEWS Deutschland","article_publisher":"https:\/\/www.facebook.com\/wirmachenauf","article_published_time":"2024-11-28T08:41:52+00:00","og_image":[{"url":"https:\/\/now-news.de\/de\/wp-content\/uploads\/sites\/3\/2024\/11\/6747879a48fbef6aa83126f3.jpg"}],"author":"rtnews","twitter_card":"summary_large_image","twitter_creator":"@WirMachenAuf_de","twitter_site":"@WirMachenAuf_de","twitter_misc":{"Verfasst von":"rtnews","Gesch\u00e4tzte Lesezeit":"3\u00a0Minuten"},"schema":{"@context":"https:\/\/schema.org","@graph":[{"@type":"Article","@id":"https:\/\/now-news.de\/de\/deutschland\/washington-fordert-von-kiew-senkung-des-mobilisierungsalters-von-25-auf-18-jahre\/#article","isPartOf":{"@id":"https:\/\/now-news.de\/de\/deutschland\/washington-fordert-von-kiew-senkung-des-mobilisierungsalters-von-25-auf-18-jahre\/"},"author":{"name":"rtnews","@id":"https:\/\/now-news.de\/de\/#\/schema\/person\/fb534a4e865501d8b3285208df34a9b5"},"headline":"Washington fordert von Kiew Senkung des Mobilisierungsalters von 25 auf 18 Jahre","datePublished":"2024-11-28T08:41:52+00:00","dateModified":"2024-11-28T08:41:52+00:00","mainEntityOfPage":{"@id":"https:\/\/now-news.de\/de\/deutschland\/washington-fordert-von-kiew-senkung-des-mobilisierungsalters-von-25-auf-18-jahre\/"},"wordCount":567,"commentCount":0,"publisher":{"@id":"https:\/\/now-news.de\/de\/#organization"},"image":{"@id":"https:\/\/now-news.de\/de\/deutschland\/washington-fordert-von-kiew-senkung-des-mobilisierungsalters-von-25-auf-18-jahre\/#primaryimage"},"thumbnailUrl":"https:\/\/now-news.de\/de\/wp-content\/uploads\/sites\/3\/2024\/11\/Washington-fordert-von-Kiew-Senkung-des-Mobilisierungsalters-von-25-auf.jpg","keywords":["AUF","des","fordert","Jahre","Kiew","Mobilisierungsalters","Senkung","von","Washington"],"articleSection":["Deutschland","Russland"],"inLanguage":"de","potentialAction":[{"@type":"CommentAction","name":"Comment","target":["https:\/\/now-news.de\/de\/deutschland\/washington-fordert-von-kiew-senkung-des-mobilisierungsalters-von-25-auf-18-jahre\/#respond"]}]},{"@type":"WebPage","@id":"https:\/\/now-news.de\/de\/deutschland\/washington-fordert-von-kiew-senkung-des-mobilisierungsalters-von-25-auf-18-jahre\/","url":"https:\/\/now-news.de\/de\/deutschland\/washington-fordert-von-kiew-senkung-des-mobilisierungsalters-von-25-auf-18-jahre\/","name":"Washington fordert von Kiew Senkung des Mobilisierungsalters von 25 auf 18 Jahre - just-now.NEWS Deutschland","isPartOf":{"@id":"https:\/\/now-news.de\/de\/#website"},"primaryImageOfPage":{"@id":"https:\/\/now-news.de\/de\/deutschland\/washington-fordert-von-kiew-senkung-des-mobilisierungsalters-von-25-auf-18-jahre\/#primaryimage"},"image":{"@id":"https:\/\/now-news.de\/de\/deutschland\/washington-fordert-von-kiew-senkung-des-mobilisierungsalters-von-25-auf-18-jahre\/#primaryimage"},"thumbnailUrl":"https:\/\/now-news.de\/de\/wp-content\/uploads\/sites\/3\/2024\/11\/Washington-fordert-von-Kiew-Senkung-des-Mobilisierungsalters-von-25-auf.jpg","datePublished":"2024-11-28T08:41:52+00:00","dateModified":"2024-11-28T08:41:52+00:00","breadcrumb":{"@id":"https:\/\/now-news.de\/de\/deutschland\/washington-fordert-von-kiew-senkung-des-mobilisierungsalters-von-25-auf-18-jahre\/#breadcrumb"},"inLanguage":"de","potentialAction":[{"@type":"ReadAction","target":["https:\/\/now-news.de\/de\/deutschland\/washington-fordert-von-kiew-senkung-des-mobilisierungsalters-von-25-auf-18-jahre\/"]}]},{"@type":"ImageObject","inLanguage":"de","@id":"https:\/\/now-news.de\/de\/deutschland\/washington-fordert-von-kiew-senkung-des-mobilisierungsalters-von-25-auf-18-jahre\/#primaryimage","url":"https:\/\/now-news.de\/de\/wp-content\/uploads\/sites\/3\/2024\/11\/Washington-fordert-von-Kiew-Senkung-des-Mobilisierungsalters-von-25-auf.jpg","contentUrl":"https:\/\/now-news.de\/de\/wp-content\/uploads\/sites\/3\/2024\/11\/Washington-fordert-von-Kiew-Senkung-des-Mobilisierungsalters-von-25-auf.jpg","width":460,"height":259,"caption":"Washington fordert von Kiew Senkung des Mobilisierungsalters von 25 auf 18 Jahre"},{"@type":"BreadcrumbList","@id":"https:\/\/now-news.de\/de\/deutschland\/washington-fordert-von-kiew-senkung-des-mobilisierungsalters-von-25-auf-18-jahre\/#breadcrumb","itemListElement":[{"@type":"ListItem","position":1,"name":"Home","item":"https:\/\/now-news.de\/de\/"},{"@type":"ListItem","position":2,"name":"Washington fordert von Kiew Senkung des Mobilisierungsalters von 25 auf 18 Jahre"}]},{"@type":"WebSite","@id":"https:\/\/now-news.de\/de\/#website","url":"https:\/\/now-news.de\/de\/","name":"just-now.NEWS Deutschland","description":"Das Portal f\u00fcr unzensierte Nachrichten aus der Welt","publisher":{"@id":"https:\/\/now-news.de\/de\/#organization"},"potentialAction":[{"@type":"SearchAction","target":{"@type":"EntryPoint","urlTemplate":"https:\/\/now-news.de\/de\/?s={search_term_string}"},"query-input":"required name=search_term_string"}],"inLanguage":"de"},{"@type":"Organization","@id":"https:\/\/now-news.de\/de\/#organization","name":"Just Now News","url":"https:\/\/now-news.de\/de\/","logo":{"@type":"ImageObject","inLanguage":"de","@id":"https:\/\/now-news.de\/de\/#\/schema\/logo\/image\/","url":"http:\/\/just-now.news\/de\/wp-content\/uploads\/sites\/3\/2022\/04\/logo500x500.jpg","contentUrl":"http:\/\/just-now.news\/de\/wp-content\/uploads\/sites\/3\/2022\/04\/logo500x500.jpg","width":500,"height":500,"caption":"Just Now News"},"image":{"@id":"https:\/\/now-news.de\/de\/#\/schema\/logo\/image\/"},"sameAs":["https:\/\/www.facebook.com\/wirmachenauf","https:\/\/x.com\/WirMachenAuf_de"]},{"@type":"Person","@id":"https:\/\/now-news.de\/de\/#\/schema\/person\/fb534a4e865501d8b3285208df34a9b5","name":"rtnews","image":{"@type":"ImageObject","inLanguage":"de","@id":"https:\/\/now-news.de\/de\/#\/schema\/person\/image\/","url":"https:\/\/secure.gravatar.com\/avatar\/82aafea7d8127119dd649515f56e2117?s=96&d=mm&r=g","contentUrl":"https:\/\/secure.gravatar.com\/avatar\/82aafea7d8127119dd649515f56e2117?s=96&d=mm&r=g","caption":"rtnews"},"url":"https:\/\/now-news.de\/de\/author\/rnews\/"}]}},"_links":{"self":[{"href":"https:\/\/now-news.de\/de\/wp-json\/wp\/v2\/posts\/73426"}],"collection":[{"href":"https:\/\/now-news.de\/de\/wp-json\/wp\/v2\/posts"}],"about":[{"href":"https:\/\/now-news.de\/de\/wp-json\/wp\/v2\/types\/post"}],"author":[{"embeddable":true,"href":"https:\/\/now-news.de\/de\/wp-json\/wp\/v2\/users\/3"}],"replies":[{"embeddable":true,"href":"https:\/\/now-news.de\/de\/wp-json\/wp\/v2\/comments?post=73426"}],"version-history":[{"count":0,"href":"https:\/\/now-news.de\/de\/wp-json\/wp\/v2\/posts\/73426\/revisions"}],"wp:featuredmedia":[{"embeddable":true,"href":"https:\/\/now-news.de\/de\/wp-json\/wp\/v2\/media\/73427"}],"wp:attachment":[{"href":"https:\/\/now-news.de\/de\/wp-json\/wp\/v2\/media?parent=73426"}],"wp:term":[{"taxonomy":"category","embeddable":true,"href":"https:\/\/now-news.de\/de\/wp-json\/wp\/v2\/categories?post=73426"},{"taxonomy":"post_tag","embeddable":true,"href":"https:\/\/now-news.de\/de\/wp-json\/wp\/v2\/tags?post=73426"}],"curies":[{"name":"wp","href":"https:\/\/api.w.org\/{rel}","templated":true}]}}