{"id":73402,"date":"2024-11-27T19:52:50","date_gmt":"2024-11-27T17:52:50","guid":{"rendered":"https:\/\/now-news.de\/de\/deutschland\/ukrainischer-ex-aussenminister-kuleba-westen-ist-psychologisch-nicht-zum-neuen-krieg-bereit\/"},"modified":"2024-11-27T19:52:50","modified_gmt":"2024-11-27T17:52:50","slug":"ukrainischer-ex-aussenminister-kuleba-westen-ist-psychologisch-nicht-zum-neuen-krieg-bereit","status":"publish","type":"post","link":"https:\/\/now-news.de\/de\/deutschland\/ukrainischer-ex-aussenminister-kuleba-westen-ist-psychologisch-nicht-zum-neuen-krieg-bereit\/","title":{"rendered":"Ukrainischer Ex-Au\u00dfenminister Kuleba: Westen ist psychologisch nicht zum neuen Krieg bereit"},"content":{"rendered":"<p><img decoding=\"async\" src=\"https:\/\/now-news.de\/de\/wp-content\/uploads\/sites\/3\/2024\/11\/6747240cb480cc6d5d63cdef.jpg\" \/><\/p>\n<div class=\"Text-root Text-type_1 \">\n                Ex-Au\u00dfenminister der Ukraine Kuleba bezweifelte die psychologische Bereitschaft des Westens, in den Krieg zu ziehen. Kuleba sieht es dabei als gr\u00f6\u00dften Fehler, dass die europ\u00e4ischen Spitzenpolitiker den Vorschlag Macrons verurteilten, Truppen in die Ukraine zu entsenden.\n            <\/div>\n<p><\/p>\n<div class=\"Text-root Text-type_5 ArticleView-text ViewText-root \">\n<p>Der ehemalige ukrainische Au\u00dfenminister Dmitri Kuleba hat in einem Interview mit der europ\u00e4ischen Version von\u00a0<em>Politico<\/em>\u00a0die Worte des ehemaligen Chefs der ukrainischen Streitkr\u00e4fte Waleri Saluschny kommentiert, dass &#8220;der dritte Weltkrieg bereits begonnen hat&#8221;. Kuleba ist mit Saluschny &#8220;aus einem einfachen Grund nicht einverstanden&#8221;:<\/p>\n<blockquote>\n<p><em>&#8220;Weil der Westen psychologisch nicht bereit ist, zu k\u00e4mpfen.&#8221;<\/em><\/p>\n<\/blockquote>\n<p>Kuleba hob auch hervor, was er f\u00fcr den gr\u00f6\u00dften Fehler des Westens im vergangenen Jahr h\u00e4lt:<\/p>\n<blockquote>\n<p><em>&#8220;Ich w\u00fcrde die w\u00fctende \u00f6ffentliche Verurteilung des Vorschlags von Emmanuel Macron, Truppen in die Ukraine zu schicken, durch die europ\u00e4ischen Staats- und Regierungschefs nennen [&#8230;] Das war ein Schock f\u00fcr mich.&#8221;<\/em><\/p>\n<\/blockquote>\n<p>Nach Ansicht von Kuleba sei mit einer weiteren Eskalation des Konflikts zu rechnen, der aber nicht au\u00dfer Kontrolle geraten werde. Er behauptete, &#8220;die Seiten kalibrieren genau ihre Handlungen und signalisieren ihre Absichten, die Wahrscheinlichkeit einer Fehlkalkulation, die zu einer Katastrophe f\u00fchren k\u00f6nnte, zu verringern&#8221;. Er f\u00fcgte hinzu, dass die Ukraine die Langstreckenwaffen des Westens nur begrenzt einsetzen k\u00f6nne.<\/p>\n<p>Am 21. November erkl\u00e4rte Saluschny, dass der dritte Weltkrieg &#8220;bereits begonnen hat&#8221;. Er brachte dies damit in Verbindung, dass Russland im Konflikt in der Ukraine vom Iran und von der DVRK unterst\u00fctzt werde. Es sei laut Saluschny immer noch m\u00f6glich, alles auf dem Territorium der Ukraine, zu beenden. Aber die Partner Kiews &#8220;wollen das aus irgendeinem Grund nicht verstehen&#8221;. Es sei &#8220;offensichtlich, dass die Ukraine bereits zu viele Feinde hat&#8221;, so Saluschny.<\/p>\n<p>Mitte November erlaubten die USA der Ukraine den Einsatz von Langstreckenwaffen f\u00fcr Angriffe tief in Russland. Als Grund f\u00fcr diese Entscheidung wurden Spekulationen \u00fcber die Verlegung von Milit\u00e4rpersonal aus der DVRK in das Gebiet Kursk genannt. Moskau best\u00e4tigte dies offiziell nicht.<\/p>\n<p><strong>Mehr zum Thema<\/strong> \u2013 <a rel=\"nofollow noopener\" target=\"_blank\" href=\"https:\/\/freedert.online\/meinung\/227390-kiesewetter-erklaert-vorkiegszustand\/\">Kiesewetter erkl\u00e4rt Vorkriegszustand<\/a><\/p>\n<div class=\"EmbedBlock-root EmbedBlock-externalVideo EmbedBlock-rumble\">\n<div class=\"VkEmbed\"><iframe class=\"lazyload\" data-src=\"https:\/\/rumble.com\/embed\/v5rdiqb\" frameborder=\"0\" width=\"853\" height=\"480\" allowfullscreen><\/iframe><\/div>\n<\/div>\n<\/div>\n<p><br \/>\n<br \/><a href=\"https:\/\/de.rt.com\/europa\/227509-ukrainischer-ex-aussenminister-kuleba-westen\/\">Source link <\/a><\/p>\n","protected":false},"excerpt":{"rendered":"<p>Ex-Au\u00dfenminister der Ukraine Kuleba bezweifelte die psychologische Bereitschaft des Westens, in den Krieg zu ziehen. Kuleba sieht es dabei als gr\u00f6\u00dften Fehler, dass die europ\u00e4ischen Spitzenpolitiker den Vorschlag Macrons verurteilten, Truppen in die Ukraine zu entsenden. Der ehemalige ukrainische Au\u00dfenminister Dmitri Kuleba hat in einem Interview mit der europ\u00e4ischen Version von\u00a0Politico\u00a0die Worte des ehemaligen Chefs [&hellip;]<\/p>\n","protected":false},"author":3,"featured_media":73403,"comment_status":"open","ping_status":"open","sticky":false,"template":"","format":"standard","meta":{"_yoast_indexnow_last_ping":["1732730043"],"wp_automatic_camp":["217"],"ee5c487f7aa51e5b8ef6135a0ee46f3a":["Ukrainischer Ex-Au\u00dfenminister Kuleba: Westen ist psychologisch nicht zum neuen Krieg bereit"],"original_link":["https:\/\/de.rt.com\/europa\/227509-ukrainischer-ex-aussenminister-kuleba-westen\/"],"_thumbnail_id":["73403"],"jnews_social_counter_last_update":["1777279056"],"_wptgpro_p2tg_sent2tg":["a:1:{i:23737;s:19:\"2024-11-27 19:55:03\";}"]},"categories":[19,23],"tags":[964,21745,414,130,34315,213,800,60595,488,378,565],"yoast_head":"<!-- This site is optimized with the Yoast SEO Premium plugin v22.7 (Yoast SEO v22.7) - https:\/\/yoast.com\/wordpress\/plugins\/seo\/ -->\n<title>Ukrainischer Ex-Au\u00dfenminister Kuleba: Westen ist psychologisch nicht zum neuen Krieg bereit - just-now.NEWS Deutschland<\/title>\n<meta name=\"robots\" content=\"index, follow, max-snippet:-1, max-image-preview:large, max-video-preview:-1\" \/>\n<link rel=\"canonical\" href=\"https:\/\/now-news.de\/de\/deutschland\/ukrainischer-ex-aussenminister-kuleba-westen-ist-psychologisch-nicht-zum-neuen-krieg-bereit\/\" \/>\n<meta property=\"og:locale\" content=\"de_DE\" \/>\n<meta property=\"og:type\" content=\"article\" \/>\n<meta property=\"og:title\" content=\"Ukrainischer Ex-Au\u00dfenminister Kuleba: Westen ist psychologisch nicht zum neuen Krieg bereit\" \/>\n<meta property=\"og:description\" content=\"Ex-Au\u00dfenminister der Ukraine Kuleba bezweifelte die psychologische Bereitschaft des Westens, in den Krieg zu ziehen. Kuleba sieht es dabei als gr\u00f6\u00dften Fehler, dass die europ\u00e4ischen Spitzenpolitiker den Vorschlag Macrons verurteilten, Truppen in die Ukraine zu entsenden. Der ehemalige ukrainische Au\u00dfenminister Dmitri Kuleba hat in einem Interview mit der europ\u00e4ischen Version von\u00a0Politico\u00a0die Worte des ehemaligen Chefs [&hellip;]\" \/>\n<meta property=\"og:url\" content=\"https:\/\/now-news.de\/de\/deutschland\/ukrainischer-ex-aussenminister-kuleba-westen-ist-psychologisch-nicht-zum-neuen-krieg-bereit\/\" \/>\n<meta property=\"og:site_name\" content=\"just-now.NEWS Deutschland\" \/>\n<meta property=\"article:publisher\" content=\"https:\/\/www.facebook.com\/wirmachenauf\" \/>\n<meta property=\"article:published_time\" content=\"2024-11-27T17:52:50+00:00\" \/>\n<meta property=\"og:image\" content=\"https:\/\/now-news.de\/de\/wp-content\/uploads\/sites\/3\/2024\/11\/6747240cb480cc6d5d63cdef.jpg\" \/>\n<meta name=\"author\" content=\"rtnews\" \/>\n<meta name=\"twitter:card\" content=\"summary_large_image\" \/>\n<meta name=\"twitter:creator\" content=\"@WirMachenAuf_de\" \/>\n<meta name=\"twitter:site\" content=\"@WirMachenAuf_de\" \/>\n<meta name=\"twitter:label1\" content=\"Verfasst von\" \/>\n\t<meta name=\"twitter:data1\" content=\"rtnews\" \/>\n\t<meta name=\"twitter:label2\" content=\"Gesch\u00e4tzte Lesezeit\" \/>\n\t<meta name=\"twitter:data2\" content=\"2\u00a0Minuten\" \/>\n<script type=\"application\/ld+json\" class=\"yoast-schema-graph\">{\"@context\":\"https:\/\/schema.org\",\"@graph\":[{\"@type\":\"Article\",\"@id\":\"https:\/\/now-news.de\/de\/deutschland\/ukrainischer-ex-aussenminister-kuleba-westen-ist-psychologisch-nicht-zum-neuen-krieg-bereit\/#article\",\"isPartOf\":{\"@id\":\"https:\/\/now-news.de\/de\/deutschland\/ukrainischer-ex-aussenminister-kuleba-westen-ist-psychologisch-nicht-zum-neuen-krieg-bereit\/\"},\"author\":{\"name\":\"rtnews\",\"@id\":\"https:\/\/now-news.de\/de\/#\/schema\/person\/fb534a4e865501d8b3285208df34a9b5\"},\"headline\":\"Ukrainischer Ex-Au\u00dfenminister Kuleba: Westen ist psychologisch nicht zum neuen Krieg bereit\",\"datePublished\":\"2024-11-27T17:52:50+00:00\",\"dateModified\":\"2024-11-27T17:52:50+00:00\",\"mainEntityOfPage\":{\"@id\":\"https:\/\/now-news.de\/de\/deutschland\/ukrainischer-ex-aussenminister-kuleba-westen-ist-psychologisch-nicht-zum-neuen-krieg-bereit\/\"},\"wordCount\":353,\"commentCount\":0,\"publisher\":{\"@id\":\"https:\/\/now-news.de\/de\/#organization\"},\"image\":{\"@id\":\"https:\/\/now-news.de\/de\/deutschland\/ukrainischer-ex-aussenminister-kuleba-westen-ist-psychologisch-nicht-zum-neuen-krieg-bereit\/#primaryimage\"},\"thumbnailUrl\":\"https:\/\/now-news.de\/de\/wp-content\/uploads\/sites\/3\/2024\/11\/Ukrainischer-Ex-Aussenminister-Kuleba-Westen-ist-psychologisch-nicht-zum-neuen-Krieg.jpg\",\"keywords\":[\"bereit\",\"ExAu\u00dfenminister\",\"ist\",\"krieg\",\"Kuleba\",\"neuen\",\"nicht\",\"psychologisch\",\"Ukrainischer\",\"Westen\",\"zum\"],\"articleSection\":[\"Deutschland\",\"Russland\"],\"inLanguage\":\"de\",\"potentialAction\":[{\"@type\":\"CommentAction\",\"name\":\"Comment\",\"target\":[\"https:\/\/now-news.de\/de\/deutschland\/ukrainischer-ex-aussenminister-kuleba-westen-ist-psychologisch-nicht-zum-neuen-krieg-bereit\/#respond\"]}]},{\"@type\":\"WebPage\",\"@id\":\"https:\/\/now-news.de\/de\/deutschland\/ukrainischer-ex-aussenminister-kuleba-westen-ist-psychologisch-nicht-zum-neuen-krieg-bereit\/\",\"url\":\"https:\/\/now-news.de\/de\/deutschland\/ukrainischer-ex-aussenminister-kuleba-westen-ist-psychologisch-nicht-zum-neuen-krieg-bereit\/\",\"name\":\"Ukrainischer Ex-Au\u00dfenminister Kuleba: Westen ist psychologisch nicht zum neuen Krieg bereit - just-now.NEWS Deutschland\",\"isPartOf\":{\"@id\":\"https:\/\/now-news.de\/de\/#website\"},\"primaryImageOfPage\":{\"@id\":\"https:\/\/now-news.de\/de\/deutschland\/ukrainischer-ex-aussenminister-kuleba-westen-ist-psychologisch-nicht-zum-neuen-krieg-bereit\/#primaryimage\"},\"image\":{\"@id\":\"https:\/\/now-news.de\/de\/deutschland\/ukrainischer-ex-aussenminister-kuleba-westen-ist-psychologisch-nicht-zum-neuen-krieg-bereit\/#primaryimage\"},\"thumbnailUrl\":\"https:\/\/now-news.de\/de\/wp-content\/uploads\/sites\/3\/2024\/11\/Ukrainischer-Ex-Aussenminister-Kuleba-Westen-ist-psychologisch-nicht-zum-neuen-Krieg.jpg\",\"datePublished\":\"2024-11-27T17:52:50+00:00\",\"dateModified\":\"2024-11-27T17:52:50+00:00\",\"breadcrumb\":{\"@id\":\"https:\/\/now-news.de\/de\/deutschland\/ukrainischer-ex-aussenminister-kuleba-westen-ist-psychologisch-nicht-zum-neuen-krieg-bereit\/#breadcrumb\"},\"inLanguage\":\"de\",\"potentialAction\":[{\"@type\":\"ReadAction\",\"target\":[\"https:\/\/now-news.de\/de\/deutschland\/ukrainischer-ex-aussenminister-kuleba-westen-ist-psychologisch-nicht-zum-neuen-krieg-bereit\/\"]}]},{\"@type\":\"ImageObject\",\"inLanguage\":\"de\",\"@id\":\"https:\/\/now-news.de\/de\/deutschland\/ukrainischer-ex-aussenminister-kuleba-westen-ist-psychologisch-nicht-zum-neuen-krieg-bereit\/#primaryimage\",\"url\":\"https:\/\/now-news.de\/de\/wp-content\/uploads\/sites\/3\/2024\/11\/Ukrainischer-Ex-Aussenminister-Kuleba-Westen-ist-psychologisch-nicht-zum-neuen-Krieg.jpg\",\"contentUrl\":\"https:\/\/now-news.de\/de\/wp-content\/uploads\/sites\/3\/2024\/11\/Ukrainischer-Ex-Aussenminister-Kuleba-Westen-ist-psychologisch-nicht-zum-neuen-Krieg.jpg\",\"width\":460,\"height\":259,\"caption\":\"Ukrainischer Ex-Au\u00dfenminister Kuleba: Westen ist psychologisch nicht zum neuen Krieg bereit\"},{\"@type\":\"BreadcrumbList\",\"@id\":\"https:\/\/now-news.de\/de\/deutschland\/ukrainischer-ex-aussenminister-kuleba-westen-ist-psychologisch-nicht-zum-neuen-krieg-bereit\/#breadcrumb\",\"itemListElement\":[{\"@type\":\"ListItem\",\"position\":1,\"name\":\"Home\",\"item\":\"https:\/\/now-news.de\/de\/\"},{\"@type\":\"ListItem\",\"position\":2,\"name\":\"Ukrainischer Ex-Au\u00dfenminister Kuleba: Westen ist psychologisch nicht zum neuen Krieg bereit\"}]},{\"@type\":\"WebSite\",\"@id\":\"https:\/\/now-news.de\/de\/#website\",\"url\":\"https:\/\/now-news.de\/de\/\",\"name\":\"just-now.NEWS Deutschland\",\"description\":\"Das Portal f\u00fcr unzensierte Nachrichten aus der Welt\",\"publisher\":{\"@id\":\"https:\/\/now-news.de\/de\/#organization\"},\"potentialAction\":[{\"@type\":\"SearchAction\",\"target\":{\"@type\":\"EntryPoint\",\"urlTemplate\":\"https:\/\/now-news.de\/de\/?s={search_term_string}\"},\"query-input\":\"required name=search_term_string\"}],\"inLanguage\":\"de\"},{\"@type\":\"Organization\",\"@id\":\"https:\/\/now-news.de\/de\/#organization\",\"name\":\"Just Now News\",\"url\":\"https:\/\/now-news.de\/de\/\",\"logo\":{\"@type\":\"ImageObject\",\"inLanguage\":\"de\",\"@id\":\"https:\/\/now-news.de\/de\/#\/schema\/logo\/image\/\",\"url\":\"http:\/\/just-now.news\/de\/wp-content\/uploads\/sites\/3\/2022\/04\/logo500x500.jpg\",\"contentUrl\":\"http:\/\/just-now.news\/de\/wp-content\/uploads\/sites\/3\/2022\/04\/logo500x500.jpg\",\"width\":500,\"height\":500,\"caption\":\"Just Now News\"},\"image\":{\"@id\":\"https:\/\/now-news.de\/de\/#\/schema\/logo\/image\/\"},\"sameAs\":[\"https:\/\/www.facebook.com\/wirmachenauf\",\"https:\/\/x.com\/WirMachenAuf_de\"]},{\"@type\":\"Person\",\"@id\":\"https:\/\/now-news.de\/de\/#\/schema\/person\/fb534a4e865501d8b3285208df34a9b5\",\"name\":\"rtnews\",\"image\":{\"@type\":\"ImageObject\",\"inLanguage\":\"de\",\"@id\":\"https:\/\/now-news.de\/de\/#\/schema\/person\/image\/\",\"url\":\"https:\/\/secure.gravatar.com\/avatar\/82aafea7d8127119dd649515f56e2117?s=96&d=mm&r=g\",\"contentUrl\":\"https:\/\/secure.gravatar.com\/avatar\/82aafea7d8127119dd649515f56e2117?s=96&d=mm&r=g\",\"caption\":\"rtnews\"},\"url\":\"https:\/\/now-news.de\/de\/author\/rnews\/\"}]}<\/script>\n<!-- \/ Yoast SEO Premium plugin. -->","yoast_head_json":{"title":"Ukrainischer Ex-Au\u00dfenminister Kuleba: Westen ist psychologisch nicht zum neuen Krieg bereit - just-now.NEWS Deutschland","robots":{"index":"index","follow":"follow","max-snippet":"max-snippet:-1","max-image-preview":"max-image-preview:large","max-video-preview":"max-video-preview:-1"},"canonical":"https:\/\/now-news.de\/de\/deutschland\/ukrainischer-ex-aussenminister-kuleba-westen-ist-psychologisch-nicht-zum-neuen-krieg-bereit\/","og_locale":"de_DE","og_type":"article","og_title":"Ukrainischer Ex-Au\u00dfenminister Kuleba: Westen ist psychologisch nicht zum neuen Krieg bereit","og_description":"Ex-Au\u00dfenminister der Ukraine Kuleba bezweifelte die psychologische Bereitschaft des Westens, in den Krieg zu ziehen. Kuleba sieht es dabei als gr\u00f6\u00dften Fehler, dass die europ\u00e4ischen Spitzenpolitiker den Vorschlag Macrons verurteilten, Truppen in die Ukraine zu entsenden. Der ehemalige ukrainische Au\u00dfenminister Dmitri Kuleba hat in einem Interview mit der europ\u00e4ischen Version von\u00a0Politico\u00a0die Worte des ehemaligen Chefs [&hellip;]","og_url":"https:\/\/now-news.de\/de\/deutschland\/ukrainischer-ex-aussenminister-kuleba-westen-ist-psychologisch-nicht-zum-neuen-krieg-bereit\/","og_site_name":"just-now.NEWS Deutschland","article_publisher":"https:\/\/www.facebook.com\/wirmachenauf","article_published_time":"2024-11-27T17:52:50+00:00","og_image":[{"url":"https:\/\/now-news.de\/de\/wp-content\/uploads\/sites\/3\/2024\/11\/6747240cb480cc6d5d63cdef.jpg"}],"author":"rtnews","twitter_card":"summary_large_image","twitter_creator":"@WirMachenAuf_de","twitter_site":"@WirMachenAuf_de","twitter_misc":{"Verfasst von":"rtnews","Gesch\u00e4tzte Lesezeit":"2\u00a0Minuten"},"schema":{"@context":"https:\/\/schema.org","@graph":[{"@type":"Article","@id":"https:\/\/now-news.de\/de\/deutschland\/ukrainischer-ex-aussenminister-kuleba-westen-ist-psychologisch-nicht-zum-neuen-krieg-bereit\/#article","isPartOf":{"@id":"https:\/\/now-news.de\/de\/deutschland\/ukrainischer-ex-aussenminister-kuleba-westen-ist-psychologisch-nicht-zum-neuen-krieg-bereit\/"},"author":{"name":"rtnews","@id":"https:\/\/now-news.de\/de\/#\/schema\/person\/fb534a4e865501d8b3285208df34a9b5"},"headline":"Ukrainischer Ex-Au\u00dfenminister Kuleba: Westen ist psychologisch nicht zum neuen Krieg bereit","datePublished":"2024-11-27T17:52:50+00:00","dateModified":"2024-11-27T17:52:50+00:00","mainEntityOfPage":{"@id":"https:\/\/now-news.de\/de\/deutschland\/ukrainischer-ex-aussenminister-kuleba-westen-ist-psychologisch-nicht-zum-neuen-krieg-bereit\/"},"wordCount":353,"commentCount":0,"publisher":{"@id":"https:\/\/now-news.de\/de\/#organization"},"image":{"@id":"https:\/\/now-news.de\/de\/deutschland\/ukrainischer-ex-aussenminister-kuleba-westen-ist-psychologisch-nicht-zum-neuen-krieg-bereit\/#primaryimage"},"thumbnailUrl":"https:\/\/now-news.de\/de\/wp-content\/uploads\/sites\/3\/2024\/11\/Ukrainischer-Ex-Aussenminister-Kuleba-Westen-ist-psychologisch-nicht-zum-neuen-Krieg.jpg","keywords":["bereit","ExAu\u00dfenminister","ist","krieg","Kuleba","neuen","nicht","psychologisch","Ukrainischer","Westen","zum"],"articleSection":["Deutschland","Russland"],"inLanguage":"de","potentialAction":[{"@type":"CommentAction","name":"Comment","target":["https:\/\/now-news.de\/de\/deutschland\/ukrainischer-ex-aussenminister-kuleba-westen-ist-psychologisch-nicht-zum-neuen-krieg-bereit\/#respond"]}]},{"@type":"WebPage","@id":"https:\/\/now-news.de\/de\/deutschland\/ukrainischer-ex-aussenminister-kuleba-westen-ist-psychologisch-nicht-zum-neuen-krieg-bereit\/","url":"https:\/\/now-news.de\/de\/deutschland\/ukrainischer-ex-aussenminister-kuleba-westen-ist-psychologisch-nicht-zum-neuen-krieg-bereit\/","name":"Ukrainischer Ex-Au\u00dfenminister Kuleba: Westen ist psychologisch nicht zum neuen Krieg bereit - just-now.NEWS Deutschland","isPartOf":{"@id":"https:\/\/now-news.de\/de\/#website"},"primaryImageOfPage":{"@id":"https:\/\/now-news.de\/de\/deutschland\/ukrainischer-ex-aussenminister-kuleba-westen-ist-psychologisch-nicht-zum-neuen-krieg-bereit\/#primaryimage"},"image":{"@id":"https:\/\/now-news.de\/de\/deutschland\/ukrainischer-ex-aussenminister-kuleba-westen-ist-psychologisch-nicht-zum-neuen-krieg-bereit\/#primaryimage"},"thumbnailUrl":"https:\/\/now-news.de\/de\/wp-content\/uploads\/sites\/3\/2024\/11\/Ukrainischer-Ex-Aussenminister-Kuleba-Westen-ist-psychologisch-nicht-zum-neuen-Krieg.jpg","datePublished":"2024-11-27T17:52:50+00:00","dateModified":"2024-11-27T17:52:50+00:00","breadcrumb":{"@id":"https:\/\/now-news.de\/de\/deutschland\/ukrainischer-ex-aussenminister-kuleba-westen-ist-psychologisch-nicht-zum-neuen-krieg-bereit\/#breadcrumb"},"inLanguage":"de","potentialAction":[{"@type":"ReadAction","target":["https:\/\/now-news.de\/de\/deutschland\/ukrainischer-ex-aussenminister-kuleba-westen-ist-psychologisch-nicht-zum-neuen-krieg-bereit\/"]}]},{"@type":"ImageObject","inLanguage":"de","@id":"https:\/\/now-news.de\/de\/deutschland\/ukrainischer-ex-aussenminister-kuleba-westen-ist-psychologisch-nicht-zum-neuen-krieg-bereit\/#primaryimage","url":"https:\/\/now-news.de\/de\/wp-content\/uploads\/sites\/3\/2024\/11\/Ukrainischer-Ex-Aussenminister-Kuleba-Westen-ist-psychologisch-nicht-zum-neuen-Krieg.jpg","contentUrl":"https:\/\/now-news.de\/de\/wp-content\/uploads\/sites\/3\/2024\/11\/Ukrainischer-Ex-Aussenminister-Kuleba-Westen-ist-psychologisch-nicht-zum-neuen-Krieg.jpg","width":460,"height":259,"caption":"Ukrainischer Ex-Au\u00dfenminister Kuleba: Westen ist psychologisch nicht zum neuen Krieg bereit"},{"@type":"BreadcrumbList","@id":"https:\/\/now-news.de\/de\/deutschland\/ukrainischer-ex-aussenminister-kuleba-westen-ist-psychologisch-nicht-zum-neuen-krieg-bereit\/#breadcrumb","itemListElement":[{"@type":"ListItem","position":1,"name":"Home","item":"https:\/\/now-news.de\/de\/"},{"@type":"ListItem","position":2,"name":"Ukrainischer Ex-Au\u00dfenminister Kuleba: Westen ist psychologisch nicht zum neuen Krieg bereit"}]},{"@type":"WebSite","@id":"https:\/\/now-news.de\/de\/#website","url":"https:\/\/now-news.de\/de\/","name":"just-now.NEWS Deutschland","description":"Das Portal f\u00fcr unzensierte Nachrichten aus der Welt","publisher":{"@id":"https:\/\/now-news.de\/de\/#organization"},"potentialAction":[{"@type":"SearchAction","target":{"@type":"EntryPoint","urlTemplate":"https:\/\/now-news.de\/de\/?s={search_term_string}"},"query-input":"required name=search_term_string"}],"inLanguage":"de"},{"@type":"Organization","@id":"https:\/\/now-news.de\/de\/#organization","name":"Just Now News","url":"https:\/\/now-news.de\/de\/","logo":{"@type":"ImageObject","inLanguage":"de","@id":"https:\/\/now-news.de\/de\/#\/schema\/logo\/image\/","url":"http:\/\/just-now.news\/de\/wp-content\/uploads\/sites\/3\/2022\/04\/logo500x500.jpg","contentUrl":"http:\/\/just-now.news\/de\/wp-content\/uploads\/sites\/3\/2022\/04\/logo500x500.jpg","width":500,"height":500,"caption":"Just Now News"},"image":{"@id":"https:\/\/now-news.de\/de\/#\/schema\/logo\/image\/"},"sameAs":["https:\/\/www.facebook.com\/wirmachenauf","https:\/\/x.com\/WirMachenAuf_de"]},{"@type":"Person","@id":"https:\/\/now-news.de\/de\/#\/schema\/person\/fb534a4e865501d8b3285208df34a9b5","name":"rtnews","image":{"@type":"ImageObject","inLanguage":"de","@id":"https:\/\/now-news.de\/de\/#\/schema\/person\/image\/","url":"https:\/\/secure.gravatar.com\/avatar\/82aafea7d8127119dd649515f56e2117?s=96&d=mm&r=g","contentUrl":"https:\/\/secure.gravatar.com\/avatar\/82aafea7d8127119dd649515f56e2117?s=96&d=mm&r=g","caption":"rtnews"},"url":"https:\/\/now-news.de\/de\/author\/rnews\/"}]}},"_links":{"self":[{"href":"https:\/\/now-news.de\/de\/wp-json\/wp\/v2\/posts\/73402"}],"collection":[{"href":"https:\/\/now-news.de\/de\/wp-json\/wp\/v2\/posts"}],"about":[{"href":"https:\/\/now-news.de\/de\/wp-json\/wp\/v2\/types\/post"}],"author":[{"embeddable":true,"href":"https:\/\/now-news.de\/de\/wp-json\/wp\/v2\/users\/3"}],"replies":[{"embeddable":true,"href":"https:\/\/now-news.de\/de\/wp-json\/wp\/v2\/comments?post=73402"}],"version-history":[{"count":0,"href":"https:\/\/now-news.de\/de\/wp-json\/wp\/v2\/posts\/73402\/revisions"}],"wp:featuredmedia":[{"embeddable":true,"href":"https:\/\/now-news.de\/de\/wp-json\/wp\/v2\/media\/73403"}],"wp:attachment":[{"href":"https:\/\/now-news.de\/de\/wp-json\/wp\/v2\/media?parent=73402"}],"wp:term":[{"taxonomy":"category","embeddable":true,"href":"https:\/\/now-news.de\/de\/wp-json\/wp\/v2\/categories?post=73402"},{"taxonomy":"post_tag","embeddable":true,"href":"https:\/\/now-news.de\/de\/wp-json\/wp\/v2\/tags?post=73402"}],"curies":[{"name":"wp","href":"https:\/\/api.w.org\/{rel}","templated":true}]}}