{"id":7339,"date":"2022-05-10T23:05:00","date_gmt":"2022-05-10T21:05:00","guid":{"rendered":"http:\/\/just-now.news\/de\/usa\/schumer-befuerwortet-kriminelles-verhalten-wenn-er-gefragt-wird-ob-er-mit-protesten-vor-den-haeusern-konservativer-richter-des-obersten-gerichtshofs-einverstanden-ist-video\/"},"modified":"2022-05-10T23:05:00","modified_gmt":"2022-05-10T21:05:00","slug":"schumer-befuerwortet-kriminelles-verhalten-wenn-er-gefragt-wird-ob-er-mit-protesten-vor-den-haeusern-konservativer-richter-des-obersten-gerichtshofs-einverstanden-ist-video","status":"publish","type":"post","link":"https:\/\/now-news.de\/de\/usa\/schumer-befuerwortet-kriminelles-verhalten-wenn-er-gefragt-wird-ob-er-mit-protesten-vor-den-haeusern-konservativer-richter-des-obersten-gerichtshofs-einverstanden-ist-video\/","title":{"rendered":"Schumer bef\u00fcrwortet kriminelles Verhalten, wenn er gefragt wird, ob er mit Protesten vor den H\u00e4usern konservativer Richter des Obersten Gerichtshofs einverstanden ist (VIDEO)"},"content":{"rendered":"<div class=\"entry-content\">\n<p><\/p>\n<p>Der Mehrheitsf\u00fchrer des Senats, Chuck Schumer (D-NY), billigte am Dienstag kriminelles Verhalten, als er Abtreibungsaktivisten ermutigte, vor den H\u00e4usern konservativer Richter des Obersten Gerichtshofs zu protestieren.<\/p>\n<p>Gottlose Abtreibungsbef\u00fcrworter protestierten diese Woche vor dem Haus von Richter Alito.<\/p>\n<div id=\"IC1-ad\" class=\"sponsor IC1\">\n<p class=\"ad-notice flipboard-remove\" fl:fl-noexcerpt=\"true\">Werbung \u2013 die Geschichte geht unten weiter<\/p>\n<div id=\"IC1\">\n<script>\n\t\t\t\t\tif( FFADS.units.IC1 && FFADS.units.IC1.ad_type == 'custom' && FFADS.units.IC1.custom_ads && ! getCookie( 'ff_subbed' ) ) {\n\t\t\t\t\t\tdocument.getElementById( 'IC1' ).innerHTML = FFADS.units.IC1.custom_ads[0].code;\n\t\t\t\t\t\tif( ! FFADS.units.IC1.lazy_load ) eval( FFADS.units.IC1.custom_ads[0].rendering_script );\n\t\t\t\t\t}\n\t\t\t\t\telse if( FFADS.units.IC1 && ! getCookie( 'ff_subbed' ) ) {\n\t\t\t\t\t\tif( 'IC' != 'SB' && 'IC' != 'SA' && FFADS.use_fixed_containers ) {\n\t\t\t\t\t\t\tlet max_wh = firefly_size_list_to_max_wh( FFADS.units.IC1.sizes );\n\t\t\t\t\t\t\tlet el = document.querySelector( '#IC1' );\n\t\t\t\t\t\t\tif( 'IC' != 'SA' && FFADS.slide_pixels ) {\n\t\t\t\t\t\t\t\tmax_wh[1] += parseInt( FFADS.slide_pixels );\n\t\t\t\t\t\t\t\tel.classList.add( 'sliding' );\n\t\t\t\t\t\t\t}\n\t\t\t\t\t\t\tel.style.width = max_wh[0] + 'px';\n\t\t\t\t\t\t\tel.style.height = max_wh[1] + 'px';\n\t\t\t\t\t\t\tel.classList.add( 'fixed-size' );\n\t\t\t\t\t\t}\n\t\t\t\t\t\tgoogletag.cmd.push( function() {\n\t\t\t\t\t\t\tFFADS.debug( 'googletag.displaying IC1' );\n\t\t\t\t\t\t\tgoogletag.display( 'IC1' );\n\t\t\t\t\t\t} );\n\t\t\t\t\t}\n\t\t\t\t\telse {\n\t\t\t\t\t\tdocument.querySelector( '#IC1-ad' ).style.display = 'none';}\n\t\t\t\t<\/script><\/div>\n<\/div>\n<p>Demonstranten versuchen, konservative Richter einzusch\u00fcchtern, um den Gutachtenentwurf zu Roe v Wade zu \u00e4ndern.<\/p>\n<p>Der fr\u00fchere Generalstaatsanwalt Bill Barr sagte am Montagabend gegen\u00fcber Fox News-Moderator Jesse Watters, dass es ein Verbrechen sei, zum Wohnsitz eines Richters zu gehen, um Entscheidungen zu beeinflussen.<\/p>\n<p><script>\n\t\t\t\t\tif( ! getCookie( 'ff_subbed' ) ) if( typeof FFADS.replace_ict != 'undefined' ) if( FFADS.replace_ict ) eval( FFADS.replace_ict );\n\t\t\t\t<\/script><\/p>\n<p>\u201e[It\u2019s] keine g\u00fcltige Form des Protests, da es sich um einen Gesetzesversto\u00df handelt.  Es gibt Zeit und Platz f\u00fcr Proteste, und das Bundesgesetz macht deutlich, wenn Sie zum Haus eines Richters gehen, dem Wohnsitz eines Richters, um den Richter in seinen Entscheidungen zu beeinflussen und zu demonstrieren, dass dies ein Bundesverbrechen ist \u201c, sagte Bill Barr zu Jesse Watter.<\/p>\n<p>BEOBACHTEN:<\/p>\n<div id=\"IC2-ad\" class=\"sponsor IC2\">\n<p class=\"ad-notice flipboard-remove\" fl:fl-noexcerpt=\"true\">Werbung \u2013 die Geschichte geht unten weiter<\/p>\n<div id=\"IC2\">\n<script>\n\t\t\t\t\tif( FFADS.units.IC2 && FFADS.units.IC2.ad_type == 'custom' && FFADS.units.IC2.custom_ads && ! getCookie( 'ff_subbed' ) ) {\n\t\t\t\t\t\tdocument.getElementById( 'IC2' ).innerHTML = FFADS.units.IC2.custom_ads[0].code;\n\t\t\t\t\t\tif( ! FFADS.units.IC2.lazy_load ) eval( FFADS.units.IC2.custom_ads[0].rendering_script );\n\t\t\t\t\t}\n\t\t\t\t\telse if( FFADS.units.IC2 && ! getCookie( 'ff_subbed' ) ) {\n\t\t\t\t\t\tif( 'IC' != 'SB' && 'IC' != 'SA' && FFADS.use_fixed_containers ) {\n\t\t\t\t\t\t\tlet max_wh = firefly_size_list_to_max_wh( FFADS.units.IC2.sizes );\n\t\t\t\t\t\t\tlet el = document.querySelector( '#IC2' );\n\t\t\t\t\t\t\tif( 'IC' != 'SA' && FFADS.slide_pixels ) {\n\t\t\t\t\t\t\t\tmax_wh[1] += parseInt( FFADS.slide_pixels );\n\t\t\t\t\t\t\t\tel.classList.add( 'sliding' );\n\t\t\t\t\t\t\t}\n\t\t\t\t\t\t\tel.style.width = max_wh[0] + 'px';\n\t\t\t\t\t\t\tel.style.height = max_wh[1] + 'px';\n\t\t\t\t\t\t\tel.classList.add( 'fixed-size' );\n\t\t\t\t\t\t}\n\t\t\t\t\t\tgoogletag.cmd.push( function() {\n\t\t\t\t\t\t\tFFADS.debug( 'googletag.displaying IC2' );\n\t\t\t\t\t\t\tgoogletag.display( 'IC2' );\n\t\t\t\t\t\t} );\n\t\t\t\t\t}\n\t\t\t\t\telse {\n\t\t\t\t\t\tdocument.querySelector( '#IC2-ad' ).style.display = 'none';}\n\t\t\t\t<\/script><\/div>\n<\/div>\n<div class=\"jeg_video_container jeg_video_content\"><iframe loading=\"lazy\" title=\"Barr: SCOTUS home protesters violating federal law\" width=\"500\" height=\"281\" src=\"https:\/\/www.youtube.com\/embed\/zqKyR-FVTWk?feature=oembed\" frameborder=\"0\" allow=\"accelerometer; autoplay; clipboard-write; encrypted-media; gyroscope; picture-in-picture; web-share\" referrerpolicy=\"strict-origin-when-cross-origin\" allowfullscreen><\/iframe><\/div>\n<p>Ein Reporter fragte Schumer am Dienstag, ob er die Proteste vor den H\u00e4usern der SCOTUS-Richter unterst\u00fctze.<\/p>\n<p>\u201eF\u00fchlen Sie sich wohl mit den Protesten, die wir am Wochenende vor den H\u00e4usern der Richter des Obersten Gerichtshofs gesehen haben?\u201c  Manu Raju von CNN fragte Schumer.<\/p>\n<p>Schumer billigte kriminelles Verhalten.<\/p>\n<p>\u201eWenn die Proteste friedlich verlaufen, ja.  Vor meinem Haus gibt es drei-, viermal pro Woche Proteste\u201c, sagte Schumer.<\/p>\n<div id=\"IC3-ad\" class=\"sponsor IC3\">\n<p class=\"ad-notice flipboard-remove\" fl:fl-noexcerpt=\"true\">Werbung \u2013 die Geschichte geht unten weiter<\/p>\n<div id=\"IC3\">\n<script>\n\t\t\t\t\tif( FFADS.units.IC3 && FFADS.units.IC3.ad_type == 'custom' && FFADS.units.IC3.custom_ads && ! getCookie( 'ff_subbed' ) ) {\n\t\t\t\t\t\tdocument.getElementById( 'IC3' ).innerHTML = FFADS.units.IC3.custom_ads[0].code;\n\t\t\t\t\t\tif( ! FFADS.units.IC3.lazy_load ) eval( FFADS.units.IC3.custom_ads[0].rendering_script );\n\t\t\t\t\t}\n\t\t\t\t\telse if( FFADS.units.IC3 && ! getCookie( 'ff_subbed' ) ) {\n\t\t\t\t\t\tif( 'IC' != 'SB' && 'IC' != 'SA' && FFADS.use_fixed_containers ) {\n\t\t\t\t\t\t\tlet max_wh = firefly_size_list_to_max_wh( FFADS.units.IC3.sizes );\n\t\t\t\t\t\t\tlet el = document.querySelector( '#IC3' );\n\t\t\t\t\t\t\tif( 'IC' != 'SA' && FFADS.slide_pixels ) {\n\t\t\t\t\t\t\t\tmax_wh[1] += parseInt( FFADS.slide_pixels );\n\t\t\t\t\t\t\t\tel.classList.add( 'sliding' );\n\t\t\t\t\t\t\t}\n\t\t\t\t\t\t\tel.style.width = max_wh[0] + 'px';\n\t\t\t\t\t\t\tel.style.height = max_wh[1] + 'px';\n\t\t\t\t\t\t\tel.classList.add( 'fixed-size' );\n\t\t\t\t\t\t}\n\t\t\t\t\t\tgoogletag.cmd.push( function() {\n\t\t\t\t\t\t\tFFADS.debug( 'googletag.displaying IC3' );\n\t\t\t\t\t\t\tgoogletag.display( 'IC3' );\n\t\t\t\t\t\t} );\n\t\t\t\t\t}\n\t\t\t\t\telse {\n\t\t\t\t\t\tdocument.querySelector( '#IC3-ad' ).style.display = 'none';}\n\t\t\t\t<\/script><\/div>\n<\/div>\n<p>Schumer ist kein Richter, also ist es nicht ann\u00e4hernd dasselbe.<\/p>\n<p>VIDEO:<\/p>\n<blockquote class=\"twitter-tweet\">\n<p dir=\"ltr\" lang=\"en\">F: \u201eF\u00fchlen Sie sich wohl mit den Protesten, die wir am Wochenende vor den H\u00e4usern der Richter des Obersten Gerichtshofs gesehen haben?\u201c<a rel=\"nofollow noopener\" target=\"_blank\" href=\"https:\/\/twitter.com\/SenSchumer\">@SenSchumer<\/a>: \u201eWenn Proteste friedlich sind;  ja.  Mein Haus, es gibt 3-4 Mal pro Woche Proteste vor meinem Haus.\u201c <a rel=\"nofollow noopener\" target=\"_blank\" href=\"https:\/\/t.co\/Mlu5dbHDbr\">pic.twitter.com\/Mlu5dbHDbr<\/a><\/p>\n<p>\u2014 CSPAN (@cspan) <a rel=\"nofollow noopener\" target=\"_blank\" href=\"https:\/\/twitter.com\/cspan\/status\/1524098988827418628\">10. Mai 2022<\/a><\/p>\n<\/blockquote>\n<p><script async src=\"https:\/\/platform.twitter.com\/widgets.js\" charset=\"utf-8\"><\/script><\/p>\n<p class=\"article-ask\"><span class=\"ask\"><script>\n  if( getParameterByName( \"utm_source\" ) == \"testpage\" ) {\n    !function(e,t,a,n,g){e[n]=e[n]||[],e[n].push({\"gtm.start\":(new Date).getTime(),event:\"gtm.js\"});var m=t.getElementsByTagName(a)[0],r=t.createElement(a);r.async=!0,r.src=\"https:\/\/www.googletagmanager.com\/gtm.js?id=GTM-PL4PD49\",m.parentNode.insertBefore(r,m)}(window.parent,window.parent.document,\"script\",\"dataLayer\");\n    var iframe=window.parent.document.createElement(\"iframe\");iframe.src=\"https:\/\/www.googletagmanager.com\/ns.html?id=GTM-PL4PD49\";iframe.height=\"0\";iframe.width=\"0\";iframe.style=\"display:none;visibility:hidden\";window.parent.document.body.appendChild(iframe);\n    window.parent[\"$$mm-analytics\"] = window.parent[\"$$mm-analytics\"] || {};if (typeof window.parent[\"$$mm-analytics\"].firstEmbed === \"undefined\") {window.parent[\"$$mm-analytics\"].firstEmbed = Date.now();}\n    let as1 = document.createElement( \"script\" );\n    as1.src = \"https:\/\/bucket1.mm-syringe.com\/prod\/configs\/ee2300c8-43d2-7f0b-dac0-40aaf31c9d3d.js\";\n    document.body.appendChild( as1 );\n    let as2 = document.createElement( \"script\" );\n    as2.src = \"https:\/\/bucket1.mm-syringe.com\/prod\/injector\/injector.1.5.3.js\";\n    document.body.appendChild( as2 );\n  }\n<\/script><\/p>\n<div class=\"apester-media\" data-token=\"5f10a39f94902bc81d3d59a7\" data-context=\"true\" data-tags=\"\" data-fallback=\"true\" height=\"350\"><\/div>\n<p><script id=\"apester_script\" src=\"https:\/\/static.apester.com\/js\/sdk\/latest\/apester-sdk.js\" async><\/script><script async src=\"https:\/\/www.googletagmanager.com\/gtag\/js?id=G-EFE91RJVSQ\"><\/script><script>\n  window.dataLayer = window.dataLayer || [];\n  function gtag(){dataLayer.push(arguments);}\n  gtag(\\'js\\', new Date());\n  gtag(\\'config\\', \\'G-EFE91RJVSQ\\');\n<\/script><\/span><\/p>\n<\/div>\n<p><br \/>\n<br \/><a href=\"https:\/\/www.thegatewaypundit.com\/2022\/05\/schumer-endorses-criminal-conduct-asked-comfortable-protests-outside-homes-conservative-supreme-court-justices-video\/\">Source link <\/a><\/p>\n","protected":false},"excerpt":{"rendered":"<p>Der Mehrheitsf\u00fchrer des Senats, Chuck Schumer (D-NY), billigte am Dienstag kriminelles Verhalten, als er Abtreibungsaktivisten ermutigte, vor den H\u00e4usern konservativer Richter des Obersten Gerichtshofs zu protestieren. Gottlose Abtreibungsbef\u00fcrworter protestierten diese Woche vor dem Haus von Richter Alito. Werbung \u2013 die Geschichte geht unten weiter Demonstranten versuchen, konservative Richter einzusch\u00fcchtern, um den Gutachtenentwurf zu Roe v [&hellip;]<\/p>\n","protected":false},"author":5,"featured_media":7340,"comment_status":"open","ping_status":"open","sticky":false,"template":"","format":"standard","meta":{"_oembed_78266fd36bb0cf6995494ae1332fbe23":["<iframe title=\"Barr: SCOTUS home protesters violating federal law\" width=\"500\" height=\"281\" src=\"https:\/\/www.youtube.com\/embed\/zqKyR-FVTWk?feature=oembed\" frameborder=\"0\" allow=\"accelerometer; autoplay; clipboard-write; encrypted-media; gyroscope; picture-in-picture\" allowfullscreen><\/iframe>"],"_oembed_time_78266fd36bb0cf6995494ae1332fbe23":["1652217810"],"wp_automatic_camp":["1161"],"97112abf4bc1eea7fe2ca47f4b3b6103":["Schumer bef\u00fcrwortet kriminelles Verhalten, wenn er gefragt wird, ob er mit Protesten vor den H\u00e4usern konservativer Richter des Obersten Gerichtshofs einverstanden ist (VIDEO)\n"],"original_link":["https:\/\/www.thegatewaypundit.com\/2022\/05\/schumer-endorses-criminal-conduct-asked-comfortable-protests-outside-homes-conservative-supreme-court-justices-video\/"],"_thumbnail_id":["7340"],"wp_automatic_remove_first_image":["yes"],"jnews_social_counter_last_update":["1777655686"],"_oembed_ab44d7db2c53dd3306fa0cb262b8f3cc":["<iframe title=\"Barr: SCOTUS home protesters violating federal law\" width=\"500\" height=\"281\" src=\"https:\/\/www.youtube.com\/embed\/zqKyR-FVTWk?feature=oembed\" frameborder=\"0\" allow=\"accelerometer; autoplay; clipboard-write; encrypted-media; gyroscope; picture-in-picture; web-share\" referrerpolicy=\"strict-origin-when-cross-origin\" allowfullscreen><\/iframe>"],"_oembed_time_ab44d7db2c53dd3306fa0cb262b8f3cc":["1718225120"]},"categories":[25],"tags":[19560,48,583,19563,6241,17728,7716,414,18832,19561,419,6801,19562,3949,6795,3926,173,320,4218,374],"yoast_head":"<!-- This site is optimized with the Yoast SEO Premium plugin v22.7 (Yoast SEO v22.7) - https:\/\/yoast.com\/wordpress\/plugins\/seo\/ -->\n<title>Schumer bef\u00fcrwortet kriminelles Verhalten, wenn er gefragt wird, ob er mit Protesten vor den H\u00e4usern konservativer Richter des Obersten Gerichtshofs einverstanden ist (VIDEO) - just-now.NEWS Deutschland<\/title>\n<meta name=\"robots\" content=\"index, follow, max-snippet:-1, max-image-preview:large, max-video-preview:-1\" \/>\n<link rel=\"canonical\" href=\"https:\/\/now-news.de\/de\/usa\/schumer-befuerwortet-kriminelles-verhalten-wenn-er-gefragt-wird-ob-er-mit-protesten-vor-den-haeusern-konservativer-richter-des-obersten-gerichtshofs-einverstanden-ist-video\/\" \/>\n<meta property=\"og:locale\" content=\"de_DE\" \/>\n<meta property=\"og:type\" content=\"article\" \/>\n<meta property=\"og:title\" content=\"Schumer bef\u00fcrwortet kriminelles Verhalten, wenn er gefragt wird, ob er mit Protesten vor den H\u00e4usern konservativer Richter des Obersten Gerichtshofs einverstanden ist (VIDEO)\" \/>\n<meta property=\"og:description\" content=\"Der Mehrheitsf\u00fchrer des Senats, Chuck Schumer (D-NY), billigte am Dienstag kriminelles Verhalten, als er Abtreibungsaktivisten ermutigte, vor den H\u00e4usern konservativer Richter des Obersten Gerichtshofs zu protestieren. Gottlose Abtreibungsbef\u00fcrworter protestierten diese Woche vor dem Haus von Richter Alito. Werbung \u2013 die Geschichte geht unten weiter Demonstranten versuchen, konservative Richter einzusch\u00fcchtern, um den Gutachtenentwurf zu Roe v [&hellip;]\" \/>\n<meta property=\"og:url\" content=\"https:\/\/now-news.de\/de\/usa\/schumer-befuerwortet-kriminelles-verhalten-wenn-er-gefragt-wird-ob-er-mit-protesten-vor-den-haeusern-konservativer-richter-des-obersten-gerichtshofs-einverstanden-ist-video\/\" \/>\n<meta property=\"og:site_name\" content=\"just-now.NEWS Deutschland\" \/>\n<meta property=\"article:publisher\" content=\"https:\/\/www.facebook.com\/wirmachenauf\" \/>\n<meta property=\"article:published_time\" content=\"2022-05-10T21:05:00+00:00\" \/>\n<meta property=\"og:image\" content=\"https:\/\/now-news.de\/de\/wp-content\/uploads\/sites\/3\/2022\/05\/Schumer-befuerwortet-kriminelles-Verhalten-wenn-er-gefragt-wird-ob-er.jpg\" \/>\n\t<meta property=\"og:image:width\" content=\"1169\" \/>\n\t<meta property=\"og:image:height\" content=\"619\" \/>\n\t<meta property=\"og:image:type\" content=\"image\/jpeg\" \/>\n<meta name=\"author\" content=\"greatreset\" \/>\n<meta name=\"twitter:card\" content=\"summary_large_image\" \/>\n<meta name=\"twitter:creator\" content=\"@WirMachenAuf_de\" \/>\n<meta name=\"twitter:site\" content=\"@WirMachenAuf_de\" \/>\n<meta name=\"twitter:label1\" content=\"Verfasst von\" \/>\n\t<meta name=\"twitter:data1\" content=\"greatreset\" \/>\n\t<meta name=\"twitter:label2\" content=\"Gesch\u00e4tzte Lesezeit\" \/>\n\t<meta name=\"twitter:data2\" content=\"2\u00a0Minuten\" \/>\n<script type=\"application\/ld+json\" class=\"yoast-schema-graph\">{\"@context\":\"https:\/\/schema.org\",\"@graph\":[{\"@type\":\"Article\",\"@id\":\"https:\/\/now-news.de\/de\/usa\/schumer-befuerwortet-kriminelles-verhalten-wenn-er-gefragt-wird-ob-er-mit-protesten-vor-den-haeusern-konservativer-richter-des-obersten-gerichtshofs-einverstanden-ist-video\/#article\",\"isPartOf\":{\"@id\":\"https:\/\/now-news.de\/de\/usa\/schumer-befuerwortet-kriminelles-verhalten-wenn-er-gefragt-wird-ob-er-mit-protesten-vor-den-haeusern-konservativer-richter-des-obersten-gerichtshofs-einverstanden-ist-video\/\"},\"author\":{\"name\":\"greatreset\",\"@id\":\"https:\/\/now-news.de\/de\/#\/schema\/person\/8afb4cd92b68572db7902c13a349ffcb\"},\"headline\":\"Schumer bef\u00fcrwortet kriminelles Verhalten, wenn er gefragt wird, ob er mit Protesten vor den H\u00e4usern konservativer Richter des Obersten Gerichtshofs einverstanden ist (VIDEO)\",\"datePublished\":\"2022-05-10T21:05:00+00:00\",\"dateModified\":\"2022-05-10T21:05:00+00:00\",\"mainEntityOfPage\":{\"@id\":\"https:\/\/now-news.de\/de\/usa\/schumer-befuerwortet-kriminelles-verhalten-wenn-er-gefragt-wird-ob-er-mit-protesten-vor-den-haeusern-konservativer-richter-des-obersten-gerichtshofs-einverstanden-ist-video\/\"},\"wordCount\":333,\"commentCount\":0,\"publisher\":{\"@id\":\"https:\/\/now-news.de\/de\/#organization\"},\"image\":{\"@id\":\"https:\/\/now-news.de\/de\/usa\/schumer-befuerwortet-kriminelles-verhalten-wenn-er-gefragt-wird-ob-er-mit-protesten-vor-den-haeusern-konservativer-richter-des-obersten-gerichtshofs-einverstanden-ist-video\/#primaryimage\"},\"thumbnailUrl\":\"https:\/\/now-news.de\/de\/wp-content\/uploads\/sites\/3\/2022\/05\/Schumer-befuerwortet-kriminelles-Verhalten-wenn-er-gefragt-wird-ob-er.jpg\",\"keywords\":[\"bef\u00fcrwortet\",\"den\",\"des\",\"einverstanden\",\"gefragt\",\"Gerichtshofs\",\"H\u00e4usern\",\"ist\",\"konservativer\",\"kriminelles\",\"mit\",\"Obersten\",\"Protesten\",\"Richter\",\"Schumer\",\"Verhalten\",\"Video\",\"vor\",\"wenn\",\"wird\"],\"articleSection\":[\"USA\"],\"inLanguage\":\"de\",\"potentialAction\":[{\"@type\":\"CommentAction\",\"name\":\"Comment\",\"target\":[\"https:\/\/now-news.de\/de\/usa\/schumer-befuerwortet-kriminelles-verhalten-wenn-er-gefragt-wird-ob-er-mit-protesten-vor-den-haeusern-konservativer-richter-des-obersten-gerichtshofs-einverstanden-ist-video\/#respond\"]}]},{\"@type\":\"WebPage\",\"@id\":\"https:\/\/now-news.de\/de\/usa\/schumer-befuerwortet-kriminelles-verhalten-wenn-er-gefragt-wird-ob-er-mit-protesten-vor-den-haeusern-konservativer-richter-des-obersten-gerichtshofs-einverstanden-ist-video\/\",\"url\":\"https:\/\/now-news.de\/de\/usa\/schumer-befuerwortet-kriminelles-verhalten-wenn-er-gefragt-wird-ob-er-mit-protesten-vor-den-haeusern-konservativer-richter-des-obersten-gerichtshofs-einverstanden-ist-video\/\",\"name\":\"Schumer bef\u00fcrwortet kriminelles Verhalten, wenn er gefragt wird, ob er mit Protesten vor den H\u00e4usern konservativer Richter des Obersten Gerichtshofs einverstanden ist (VIDEO) - just-now.NEWS Deutschland\",\"isPartOf\":{\"@id\":\"https:\/\/now-news.de\/de\/#website\"},\"primaryImageOfPage\":{\"@id\":\"https:\/\/now-news.de\/de\/usa\/schumer-befuerwortet-kriminelles-verhalten-wenn-er-gefragt-wird-ob-er-mit-protesten-vor-den-haeusern-konservativer-richter-des-obersten-gerichtshofs-einverstanden-ist-video\/#primaryimage\"},\"image\":{\"@id\":\"https:\/\/now-news.de\/de\/usa\/schumer-befuerwortet-kriminelles-verhalten-wenn-er-gefragt-wird-ob-er-mit-protesten-vor-den-haeusern-konservativer-richter-des-obersten-gerichtshofs-einverstanden-ist-video\/#primaryimage\"},\"thumbnailUrl\":\"https:\/\/now-news.de\/de\/wp-content\/uploads\/sites\/3\/2022\/05\/Schumer-befuerwortet-kriminelles-Verhalten-wenn-er-gefragt-wird-ob-er.jpg\",\"datePublished\":\"2022-05-10T21:05:00+00:00\",\"dateModified\":\"2022-05-10T21:05:00+00:00\",\"breadcrumb\":{\"@id\":\"https:\/\/now-news.de\/de\/usa\/schumer-befuerwortet-kriminelles-verhalten-wenn-er-gefragt-wird-ob-er-mit-protesten-vor-den-haeusern-konservativer-richter-des-obersten-gerichtshofs-einverstanden-ist-video\/#breadcrumb\"},\"inLanguage\":\"de\",\"potentialAction\":[{\"@type\":\"ReadAction\",\"target\":[\"https:\/\/now-news.de\/de\/usa\/schumer-befuerwortet-kriminelles-verhalten-wenn-er-gefragt-wird-ob-er-mit-protesten-vor-den-haeusern-konservativer-richter-des-obersten-gerichtshofs-einverstanden-ist-video\/\"]}]},{\"@type\":\"ImageObject\",\"inLanguage\":\"de\",\"@id\":\"https:\/\/now-news.de\/de\/usa\/schumer-befuerwortet-kriminelles-verhalten-wenn-er-gefragt-wird-ob-er-mit-protesten-vor-den-haeusern-konservativer-richter-des-obersten-gerichtshofs-einverstanden-ist-video\/#primaryimage\",\"url\":\"https:\/\/now-news.de\/de\/wp-content\/uploads\/sites\/3\/2022\/05\/Schumer-befuerwortet-kriminelles-Verhalten-wenn-er-gefragt-wird-ob-er.jpg\",\"contentUrl\":\"https:\/\/now-news.de\/de\/wp-content\/uploads\/sites\/3\/2022\/05\/Schumer-befuerwortet-kriminelles-Verhalten-wenn-er-gefragt-wird-ob-er.jpg\",\"width\":1169,\"height\":619},{\"@type\":\"BreadcrumbList\",\"@id\":\"https:\/\/now-news.de\/de\/usa\/schumer-befuerwortet-kriminelles-verhalten-wenn-er-gefragt-wird-ob-er-mit-protesten-vor-den-haeusern-konservativer-richter-des-obersten-gerichtshofs-einverstanden-ist-video\/#breadcrumb\",\"itemListElement\":[{\"@type\":\"ListItem\",\"position\":1,\"name\":\"Home\",\"item\":\"https:\/\/now-news.de\/de\/\"},{\"@type\":\"ListItem\",\"position\":2,\"name\":\"Schumer bef\u00fcrwortet kriminelles Verhalten, wenn er gefragt wird, ob er mit Protesten vor den H\u00e4usern konservativer Richter des Obersten Gerichtshofs einverstanden ist (VIDEO)\"}]},{\"@type\":\"WebSite\",\"@id\":\"https:\/\/now-news.de\/de\/#website\",\"url\":\"https:\/\/now-news.de\/de\/\",\"name\":\"just-now.NEWS Deutschland\",\"description\":\"Das Portal f\u00fcr unzensierte Nachrichten aus der Welt\",\"publisher\":{\"@id\":\"https:\/\/now-news.de\/de\/#organization\"},\"potentialAction\":[{\"@type\":\"SearchAction\",\"target\":{\"@type\":\"EntryPoint\",\"urlTemplate\":\"https:\/\/now-news.de\/de\/?s={search_term_string}\"},\"query-input\":\"required name=search_term_string\"}],\"inLanguage\":\"de\"},{\"@type\":\"Organization\",\"@id\":\"https:\/\/now-news.de\/de\/#organization\",\"name\":\"Just Now News\",\"url\":\"https:\/\/now-news.de\/de\/\",\"logo\":{\"@type\":\"ImageObject\",\"inLanguage\":\"de\",\"@id\":\"https:\/\/now-news.de\/de\/#\/schema\/logo\/image\/\",\"url\":\"http:\/\/just-now.news\/de\/wp-content\/uploads\/sites\/3\/2022\/04\/logo500x500.jpg\",\"contentUrl\":\"http:\/\/just-now.news\/de\/wp-content\/uploads\/sites\/3\/2022\/04\/logo500x500.jpg\",\"width\":500,\"height\":500,\"caption\":\"Just Now News\"},\"image\":{\"@id\":\"https:\/\/now-news.de\/de\/#\/schema\/logo\/image\/\"},\"sameAs\":[\"https:\/\/www.facebook.com\/wirmachenauf\",\"https:\/\/x.com\/WirMachenAuf_de\"]},{\"@type\":\"Person\",\"@id\":\"https:\/\/now-news.de\/de\/#\/schema\/person\/8afb4cd92b68572db7902c13a349ffcb\",\"name\":\"greatreset\",\"image\":{\"@type\":\"ImageObject\",\"inLanguage\":\"de\",\"@id\":\"https:\/\/now-news.de\/de\/#\/schema\/person\/image\/\",\"url\":\"https:\/\/secure.gravatar.com\/avatar\/a088df625d49991c090e78c8b9542592?s=96&d=mm&r=g\",\"contentUrl\":\"https:\/\/secure.gravatar.com\/avatar\/a088df625d49991c090e78c8b9542592?s=96&d=mm&r=g\",\"caption\":\"greatreset\"},\"url\":\"https:\/\/now-news.de\/de\/author\/greatreset\/\"}]}<\/script>\n<!-- \/ Yoast SEO Premium plugin. -->","yoast_head_json":{"title":"Schumer bef\u00fcrwortet kriminelles Verhalten, wenn er gefragt wird, ob er mit Protesten vor den H\u00e4usern konservativer Richter des Obersten Gerichtshofs einverstanden ist (VIDEO) - just-now.NEWS Deutschland","robots":{"index":"index","follow":"follow","max-snippet":"max-snippet:-1","max-image-preview":"max-image-preview:large","max-video-preview":"max-video-preview:-1"},"canonical":"https:\/\/now-news.de\/de\/usa\/schumer-befuerwortet-kriminelles-verhalten-wenn-er-gefragt-wird-ob-er-mit-protesten-vor-den-haeusern-konservativer-richter-des-obersten-gerichtshofs-einverstanden-ist-video\/","og_locale":"de_DE","og_type":"article","og_title":"Schumer bef\u00fcrwortet kriminelles Verhalten, wenn er gefragt wird, ob er mit Protesten vor den H\u00e4usern konservativer Richter des Obersten Gerichtshofs einverstanden ist (VIDEO)","og_description":"Der Mehrheitsf\u00fchrer des Senats, Chuck Schumer (D-NY), billigte am Dienstag kriminelles Verhalten, als er Abtreibungsaktivisten ermutigte, vor den H\u00e4usern konservativer Richter des Obersten Gerichtshofs zu protestieren. Gottlose Abtreibungsbef\u00fcrworter protestierten diese Woche vor dem Haus von Richter Alito. Werbung \u2013 die Geschichte geht unten weiter Demonstranten versuchen, konservative Richter einzusch\u00fcchtern, um den Gutachtenentwurf zu Roe v [&hellip;]","og_url":"https:\/\/now-news.de\/de\/usa\/schumer-befuerwortet-kriminelles-verhalten-wenn-er-gefragt-wird-ob-er-mit-protesten-vor-den-haeusern-konservativer-richter-des-obersten-gerichtshofs-einverstanden-ist-video\/","og_site_name":"just-now.NEWS Deutschland","article_publisher":"https:\/\/www.facebook.com\/wirmachenauf","article_published_time":"2022-05-10T21:05:00+00:00","og_image":[{"width":1169,"height":619,"url":"https:\/\/now-news.de\/de\/wp-content\/uploads\/sites\/3\/2022\/05\/Schumer-befuerwortet-kriminelles-Verhalten-wenn-er-gefragt-wird-ob-er.jpg","type":"image\/jpeg"}],"author":"greatreset","twitter_card":"summary_large_image","twitter_creator":"@WirMachenAuf_de","twitter_site":"@WirMachenAuf_de","twitter_misc":{"Verfasst von":"greatreset","Gesch\u00e4tzte Lesezeit":"2\u00a0Minuten"},"schema":{"@context":"https:\/\/schema.org","@graph":[{"@type":"Article","@id":"https:\/\/now-news.de\/de\/usa\/schumer-befuerwortet-kriminelles-verhalten-wenn-er-gefragt-wird-ob-er-mit-protesten-vor-den-haeusern-konservativer-richter-des-obersten-gerichtshofs-einverstanden-ist-video\/#article","isPartOf":{"@id":"https:\/\/now-news.de\/de\/usa\/schumer-befuerwortet-kriminelles-verhalten-wenn-er-gefragt-wird-ob-er-mit-protesten-vor-den-haeusern-konservativer-richter-des-obersten-gerichtshofs-einverstanden-ist-video\/"},"author":{"name":"greatreset","@id":"https:\/\/now-news.de\/de\/#\/schema\/person\/8afb4cd92b68572db7902c13a349ffcb"},"headline":"Schumer bef\u00fcrwortet kriminelles Verhalten, wenn er gefragt wird, ob er mit Protesten vor den H\u00e4usern konservativer Richter des Obersten Gerichtshofs einverstanden ist (VIDEO)","datePublished":"2022-05-10T21:05:00+00:00","dateModified":"2022-05-10T21:05:00+00:00","mainEntityOfPage":{"@id":"https:\/\/now-news.de\/de\/usa\/schumer-befuerwortet-kriminelles-verhalten-wenn-er-gefragt-wird-ob-er-mit-protesten-vor-den-haeusern-konservativer-richter-des-obersten-gerichtshofs-einverstanden-ist-video\/"},"wordCount":333,"commentCount":0,"publisher":{"@id":"https:\/\/now-news.de\/de\/#organization"},"image":{"@id":"https:\/\/now-news.de\/de\/usa\/schumer-befuerwortet-kriminelles-verhalten-wenn-er-gefragt-wird-ob-er-mit-protesten-vor-den-haeusern-konservativer-richter-des-obersten-gerichtshofs-einverstanden-ist-video\/#primaryimage"},"thumbnailUrl":"https:\/\/now-news.de\/de\/wp-content\/uploads\/sites\/3\/2022\/05\/Schumer-befuerwortet-kriminelles-Verhalten-wenn-er-gefragt-wird-ob-er.jpg","keywords":["bef\u00fcrwortet","den","des","einverstanden","gefragt","Gerichtshofs","H\u00e4usern","ist","konservativer","kriminelles","mit","Obersten","Protesten","Richter","Schumer","Verhalten","Video","vor","wenn","wird"],"articleSection":["USA"],"inLanguage":"de","potentialAction":[{"@type":"CommentAction","name":"Comment","target":["https:\/\/now-news.de\/de\/usa\/schumer-befuerwortet-kriminelles-verhalten-wenn-er-gefragt-wird-ob-er-mit-protesten-vor-den-haeusern-konservativer-richter-des-obersten-gerichtshofs-einverstanden-ist-video\/#respond"]}]},{"@type":"WebPage","@id":"https:\/\/now-news.de\/de\/usa\/schumer-befuerwortet-kriminelles-verhalten-wenn-er-gefragt-wird-ob-er-mit-protesten-vor-den-haeusern-konservativer-richter-des-obersten-gerichtshofs-einverstanden-ist-video\/","url":"https:\/\/now-news.de\/de\/usa\/schumer-befuerwortet-kriminelles-verhalten-wenn-er-gefragt-wird-ob-er-mit-protesten-vor-den-haeusern-konservativer-richter-des-obersten-gerichtshofs-einverstanden-ist-video\/","name":"Schumer bef\u00fcrwortet kriminelles Verhalten, wenn er gefragt wird, ob er mit Protesten vor den H\u00e4usern konservativer Richter des Obersten Gerichtshofs einverstanden ist (VIDEO) - just-now.NEWS Deutschland","isPartOf":{"@id":"https:\/\/now-news.de\/de\/#website"},"primaryImageOfPage":{"@id":"https:\/\/now-news.de\/de\/usa\/schumer-befuerwortet-kriminelles-verhalten-wenn-er-gefragt-wird-ob-er-mit-protesten-vor-den-haeusern-konservativer-richter-des-obersten-gerichtshofs-einverstanden-ist-video\/#primaryimage"},"image":{"@id":"https:\/\/now-news.de\/de\/usa\/schumer-befuerwortet-kriminelles-verhalten-wenn-er-gefragt-wird-ob-er-mit-protesten-vor-den-haeusern-konservativer-richter-des-obersten-gerichtshofs-einverstanden-ist-video\/#primaryimage"},"thumbnailUrl":"https:\/\/now-news.de\/de\/wp-content\/uploads\/sites\/3\/2022\/05\/Schumer-befuerwortet-kriminelles-Verhalten-wenn-er-gefragt-wird-ob-er.jpg","datePublished":"2022-05-10T21:05:00+00:00","dateModified":"2022-05-10T21:05:00+00:00","breadcrumb":{"@id":"https:\/\/now-news.de\/de\/usa\/schumer-befuerwortet-kriminelles-verhalten-wenn-er-gefragt-wird-ob-er-mit-protesten-vor-den-haeusern-konservativer-richter-des-obersten-gerichtshofs-einverstanden-ist-video\/#breadcrumb"},"inLanguage":"de","potentialAction":[{"@type":"ReadAction","target":["https:\/\/now-news.de\/de\/usa\/schumer-befuerwortet-kriminelles-verhalten-wenn-er-gefragt-wird-ob-er-mit-protesten-vor-den-haeusern-konservativer-richter-des-obersten-gerichtshofs-einverstanden-ist-video\/"]}]},{"@type":"ImageObject","inLanguage":"de","@id":"https:\/\/now-news.de\/de\/usa\/schumer-befuerwortet-kriminelles-verhalten-wenn-er-gefragt-wird-ob-er-mit-protesten-vor-den-haeusern-konservativer-richter-des-obersten-gerichtshofs-einverstanden-ist-video\/#primaryimage","url":"https:\/\/now-news.de\/de\/wp-content\/uploads\/sites\/3\/2022\/05\/Schumer-befuerwortet-kriminelles-Verhalten-wenn-er-gefragt-wird-ob-er.jpg","contentUrl":"https:\/\/now-news.de\/de\/wp-content\/uploads\/sites\/3\/2022\/05\/Schumer-befuerwortet-kriminelles-Verhalten-wenn-er-gefragt-wird-ob-er.jpg","width":1169,"height":619},{"@type":"BreadcrumbList","@id":"https:\/\/now-news.de\/de\/usa\/schumer-befuerwortet-kriminelles-verhalten-wenn-er-gefragt-wird-ob-er-mit-protesten-vor-den-haeusern-konservativer-richter-des-obersten-gerichtshofs-einverstanden-ist-video\/#breadcrumb","itemListElement":[{"@type":"ListItem","position":1,"name":"Home","item":"https:\/\/now-news.de\/de\/"},{"@type":"ListItem","position":2,"name":"Schumer bef\u00fcrwortet kriminelles Verhalten, wenn er gefragt wird, ob er mit Protesten vor den H\u00e4usern konservativer Richter des Obersten Gerichtshofs einverstanden ist (VIDEO)"}]},{"@type":"WebSite","@id":"https:\/\/now-news.de\/de\/#website","url":"https:\/\/now-news.de\/de\/","name":"just-now.NEWS Deutschland","description":"Das Portal f\u00fcr unzensierte Nachrichten aus der Welt","publisher":{"@id":"https:\/\/now-news.de\/de\/#organization"},"potentialAction":[{"@type":"SearchAction","target":{"@type":"EntryPoint","urlTemplate":"https:\/\/now-news.de\/de\/?s={search_term_string}"},"query-input":"required name=search_term_string"}],"inLanguage":"de"},{"@type":"Organization","@id":"https:\/\/now-news.de\/de\/#organization","name":"Just Now News","url":"https:\/\/now-news.de\/de\/","logo":{"@type":"ImageObject","inLanguage":"de","@id":"https:\/\/now-news.de\/de\/#\/schema\/logo\/image\/","url":"http:\/\/just-now.news\/de\/wp-content\/uploads\/sites\/3\/2022\/04\/logo500x500.jpg","contentUrl":"http:\/\/just-now.news\/de\/wp-content\/uploads\/sites\/3\/2022\/04\/logo500x500.jpg","width":500,"height":500,"caption":"Just Now News"},"image":{"@id":"https:\/\/now-news.de\/de\/#\/schema\/logo\/image\/"},"sameAs":["https:\/\/www.facebook.com\/wirmachenauf","https:\/\/x.com\/WirMachenAuf_de"]},{"@type":"Person","@id":"https:\/\/now-news.de\/de\/#\/schema\/person\/8afb4cd92b68572db7902c13a349ffcb","name":"greatreset","image":{"@type":"ImageObject","inLanguage":"de","@id":"https:\/\/now-news.de\/de\/#\/schema\/person\/image\/","url":"https:\/\/secure.gravatar.com\/avatar\/a088df625d49991c090e78c8b9542592?s=96&d=mm&r=g","contentUrl":"https:\/\/secure.gravatar.com\/avatar\/a088df625d49991c090e78c8b9542592?s=96&d=mm&r=g","caption":"greatreset"},"url":"https:\/\/now-news.de\/de\/author\/greatreset\/"}]}},"_links":{"self":[{"href":"https:\/\/now-news.de\/de\/wp-json\/wp\/v2\/posts\/7339"}],"collection":[{"href":"https:\/\/now-news.de\/de\/wp-json\/wp\/v2\/posts"}],"about":[{"href":"https:\/\/now-news.de\/de\/wp-json\/wp\/v2\/types\/post"}],"author":[{"embeddable":true,"href":"https:\/\/now-news.de\/de\/wp-json\/wp\/v2\/users\/5"}],"replies":[{"embeddable":true,"href":"https:\/\/now-news.de\/de\/wp-json\/wp\/v2\/comments?post=7339"}],"version-history":[{"count":0,"href":"https:\/\/now-news.de\/de\/wp-json\/wp\/v2\/posts\/7339\/revisions"}],"wp:featuredmedia":[{"embeddable":true,"href":"https:\/\/now-news.de\/de\/wp-json\/wp\/v2\/media\/7340"}],"wp:attachment":[{"href":"https:\/\/now-news.de\/de\/wp-json\/wp\/v2\/media?parent=7339"}],"wp:term":[{"taxonomy":"category","embeddable":true,"href":"https:\/\/now-news.de\/de\/wp-json\/wp\/v2\/categories?post=7339"},{"taxonomy":"post_tag","embeddable":true,"href":"https:\/\/now-news.de\/de\/wp-json\/wp\/v2\/tags?post=7339"}],"curies":[{"name":"wp","href":"https:\/\/api.w.org\/{rel}","templated":true}]}}