{"id":73314,"date":"2024-11-26T17:10:59","date_gmt":"2024-11-26T15:10:59","guid":{"rendered":"https:\/\/now-news.de\/de\/deutschland\/verdacht-auf-terrorismus-und-soeldnertum-22-jaehriger-brite-in-russland-festgenommen\/"},"modified":"2024-11-26T17:10:59","modified_gmt":"2024-11-26T15:10:59","slug":"verdacht-auf-terrorismus-und-soeldnertum-22-jaehriger-brite-in-russland-festgenommen","status":"publish","type":"post","link":"https:\/\/now-news.de\/de\/deutschland\/verdacht-auf-terrorismus-und-soeldnertum-22-jaehriger-brite-in-russland-festgenommen\/","title":{"rendered":"Verdacht auf Terrorismus und S\u00f6ldnertum: 22-j\u00e4hriger Brite in Russland festgenommen"},"content":{"rendered":"<p><img decoding=\"async\" src=\"https:\/\/now-news.de\/de\/wp-content\/uploads\/sites\/3\/2024\/11\/6745c7bd48fbef6cde7f85e9.jpg\" \/><\/p>\n<div class=\"Text-root Text-type_1 \">\n                Ein 22-j\u00e4hriger britischer Staatsb\u00fcrger war am Angriff ukrainischer Truppen auf das russischen Grenzgebiet Kursk beteiligt und wurde nun festgenommen. Ihm drohen bis zu 20 Jahre Haft.\n            <\/div>\n<p><\/p>\n<div class=\"Text-root Text-type_5 ArticleView-text ViewText-root \">\n<p>Der Brite James Scott Rhys Anderson war im November mit ukrainischen Streitkr\u00e4ften in das Grenzgebiet Kursk eingedrungen und wurde dort gefangen genommen. Nun wurden gegen den Mann Ermittlungen eingeleitet, unter anderem wegen des Verdachts auf Terrorismus und S\u00f6ldnertum. Beide Straftatbest\u00e4nde k\u00f6nnen mit einer Freiheitsstrafe von 15 bis 20 Jahren geahndet werden. Nach Angaben eines Bezirksgerichts in Kursk wurde gegen den in Banbury, Oxfordshire, geborenen Anderson vorerst Untersuchungshaft verh\u00e4ngt.\u00a0<\/p>\n<p>Nach Angaben des Gerichts fand die Sitzung unter Ausschluss der \u00d6ffentlichkeit statt.<\/p>\n<p>Der 22-J\u00e4hrige hatte in einem am Wochenende von russischen Medien ver\u00f6ffentlichten Video erkl\u00e4rt, er sei unter Zwang in die Grenzregion Kursk gebracht worden. Man habe ihm Pass und Handy abgenommen und ihn gegen seinen Willen gezwungen, an der Offensive teilzunehmen. Er habe sich der Internationalen Legion der Ukraine angeschlossen, nachdem er seine Arbeit verloren und im Fernsehen Berichte \u00fcber den Krieg gesehen habe. Er sei zun\u00e4chst ins polnische Krakau geflogen und von dort mit dem Bus an die ukrainische Grenze gefahren. Die Aufnahmen zeigen einen b\u00e4rtigen Mann in Milit\u00e4runiform, dessen H\u00e4nde gefesselt sind und der auf Englisch\u00a0spricht.<\/p>\n<div class=\"EmbedBlock-root EmbedBlock-twitter\">\n<div class=\"TwitterEmbed\">\n<blockquote class=\"twitter-tweet lazyload\" data-twitter=\"twitter-tweet\">\n<p lang=\"en\" dir=\"ltr\">\ud83c\uddf7\ud83c\uddfa\u2694\ufe0f British merc captured in the Kursk as viral video, Sunday reveals. \u26a1\ufe0f James Scott Rhys Anderson, 22, former communications specialist for the British Army 1 Signal Brigade says he was kicked out of the army and he found his way to Ukraine. \ud83d\udd75\ufe0f\u200d\u2642\ufe0f Russian military\u2026 <a rel=\"nofollow noopener\" target=\"_blank\" href=\"https:\/\/t.co\/y9QVGQRXHN\">pic.twitter.com\/y9QVGQRXHN<\/a><\/p>\n<p>\u2014 Real Global News (@FelastoryMedia) <a rel=\"nofollow noopener\" target=\"_blank\" href=\"https:\/\/twitter.com\/FelastoryMedia\/status\/1860807697257390269?ref_src=twsrc%5Etfw\">November 24, 2024<\/a><\/p><\/blockquote>\n<\/div>\n<\/div>\n<p>Juri Podoljaka, ein Milit\u00e4rblogger, schrieb auf Telegram, Anderson sei in der N\u00e4he des Dorfes Plechowo\u00a0bei\u00a0Kursk gefangen genommen worden.<\/p>\n<p>Sein Vater sagte der\u00a0<em>Daily Mail<\/em>, er habe seinen Sohn abhalten wollen, in die Ukraine zu gehen. Der junge Mann sei aber \u00fcberzeugt gewesen, das Richtige zu tun. Der Vater \u00e4u\u00dferte die Bef\u00fcrchtung, dass sein Sohn gefoltert werden k\u00f6nnte. &#8220;Ich habe ihn sofort gesehen. Er sah \u00e4ngstlich, ver\u00e4ngstigt und besorgt aus&#8221;, f\u00fcgte er hinzu.<\/p>\n<p>Der britische Au\u00dfenminister David Lammy bekr\u00e4ftigte, dass Gro\u00dfbritannien alles tun werde, um Anderson zu unterst\u00fctzen.<\/p>\n<p><strong>Mehr zum Thema<\/strong>\u00a0&#8211;\u00a0<a rel=\"nofollow noopener\" target=\"_blank\" href=\"https:\/\/freedert.online\/international\/224861-weissrussisches-verteidigungsministerium-nato-bereitet-sich\/\">Wei\u00dfrussisches Verteidigungsministerium: NATO bereitet sich auf Krieg mit Minsk und Moskau vor<\/a><\/p>\n<div class=\"EmbedBlock-root EmbedBlock-externalVideo EmbedBlock-rumble\">\n<div class=\"VkEmbed\"><iframe class=\"lazyload\" data-src=\"https:\/\/rumble.com\/embed\/v5qti6q\" frameborder=\"0\" width=\"853\" height=\"480\" allowfullscreen><\/iframe><\/div>\n<\/div>\n<\/div>\n<p><script async src=\"https:\/\/platform.twitter.com\/widgets.js\" charset=\"utf-8\"><\/script><br \/>\n<br \/><br \/>\n<br \/><a href=\"https:\/\/de.rt.com\/russland\/227357-verdacht-auf-terrorismus-und-soeldnertum\/\">Source link <\/a><\/p>\n","protected":false},"excerpt":{"rendered":"<p>Ein 22-j\u00e4hriger britischer Staatsb\u00fcrger war am Angriff ukrainischer Truppen auf das russischen Grenzgebiet Kursk beteiligt und wurde nun festgenommen. Ihm drohen bis zu 20 Jahre Haft. Der Brite James Scott Rhys Anderson war im November mit ukrainischen Streitkr\u00e4ften in das Grenzgebiet Kursk eingedrungen und wurde dort gefangen genommen. Nun wurden gegen den Mann Ermittlungen eingeleitet, [&hellip;]<\/p>\n","protected":false},"author":3,"featured_media":73315,"comment_status":"open","ping_status":"open","sticky":false,"template":"","format":"standard","meta":{"_yoast_indexnow_last_ping":["1732634695"],"wp_automatic_camp":["217"],"1bc84ce883a8bdf0ff9bd7896f6365ad":["Verdacht auf Terrorismus und S\u00f6ldnertum: 22-j\u00e4hriger Brite in Russland festgenommen"],"original_link":["https:\/\/de.rt.com\/russland\/227357-verdacht-auf-terrorismus-und-soeldnertum\/"],"_thumbnail_id":["73315"],"jnews_social_counter_last_update":["1777298121"],"_wptgpro_p2tg_sent2tg":["a:1:{i:23737;s:19:\"2024-11-26 17:25:57\";}"]},"categories":[19,23],"tags":[26746,133,23948,1356,126,60564,19426,140,6227],"yoast_head":"<!-- This site is optimized with the Yoast SEO Premium plugin v22.7 (Yoast SEO v22.7) - https:\/\/yoast.com\/wordpress\/plugins\/seo\/ -->\n<title>Verdacht auf Terrorismus und S\u00f6ldnertum: 22-j\u00e4hriger Brite in Russland festgenommen - just-now.NEWS Deutschland<\/title>\n<meta name=\"robots\" content=\"index, follow, max-snippet:-1, max-image-preview:large, max-video-preview:-1\" \/>\n<link rel=\"canonical\" href=\"https:\/\/now-news.de\/de\/deutschland\/verdacht-auf-terrorismus-und-soeldnertum-22-jaehriger-brite-in-russland-festgenommen\/\" \/>\n<meta property=\"og:locale\" content=\"de_DE\" \/>\n<meta property=\"og:type\" content=\"article\" \/>\n<meta property=\"og:title\" content=\"Verdacht auf Terrorismus und S\u00f6ldnertum: 22-j\u00e4hriger Brite in Russland festgenommen\" \/>\n<meta property=\"og:description\" content=\"Ein 22-j\u00e4hriger britischer Staatsb\u00fcrger war am Angriff ukrainischer Truppen auf das russischen Grenzgebiet Kursk beteiligt und wurde nun festgenommen. Ihm drohen bis zu 20 Jahre Haft. Der Brite James Scott Rhys Anderson war im November mit ukrainischen Streitkr\u00e4ften in das Grenzgebiet Kursk eingedrungen und wurde dort gefangen genommen. Nun wurden gegen den Mann Ermittlungen eingeleitet, [&hellip;]\" \/>\n<meta property=\"og:url\" content=\"https:\/\/now-news.de\/de\/deutschland\/verdacht-auf-terrorismus-und-soeldnertum-22-jaehriger-brite-in-russland-festgenommen\/\" \/>\n<meta property=\"og:site_name\" content=\"just-now.NEWS Deutschland\" \/>\n<meta property=\"article:publisher\" content=\"https:\/\/www.facebook.com\/wirmachenauf\" \/>\n<meta property=\"article:published_time\" content=\"2024-11-26T15:10:59+00:00\" \/>\n<meta property=\"og:image\" content=\"https:\/\/now-news.de\/de\/wp-content\/uploads\/sites\/3\/2024\/11\/6745c7bd48fbef6cde7f85e9.jpg\" \/>\n<meta name=\"author\" content=\"rtnews\" \/>\n<meta name=\"twitter:card\" content=\"summary_large_image\" \/>\n<meta name=\"twitter:creator\" content=\"@WirMachenAuf_de\" \/>\n<meta name=\"twitter:site\" content=\"@WirMachenAuf_de\" \/>\n<meta name=\"twitter:label1\" content=\"Verfasst von\" \/>\n\t<meta name=\"twitter:data1\" content=\"rtnews\" \/>\n\t<meta name=\"twitter:label2\" content=\"Gesch\u00e4tzte Lesezeit\" \/>\n\t<meta name=\"twitter:data2\" content=\"2\u00a0Minuten\" \/>\n<script type=\"application\/ld+json\" class=\"yoast-schema-graph\">{\"@context\":\"https:\/\/schema.org\",\"@graph\":[{\"@type\":\"Article\",\"@id\":\"https:\/\/now-news.de\/de\/deutschland\/verdacht-auf-terrorismus-und-soeldnertum-22-jaehriger-brite-in-russland-festgenommen\/#article\",\"isPartOf\":{\"@id\":\"https:\/\/now-news.de\/de\/deutschland\/verdacht-auf-terrorismus-und-soeldnertum-22-jaehriger-brite-in-russland-festgenommen\/\"},\"author\":{\"name\":\"rtnews\",\"@id\":\"https:\/\/now-news.de\/de\/#\/schema\/person\/fb534a4e865501d8b3285208df34a9b5\"},\"headline\":\"Verdacht auf Terrorismus und S\u00f6ldnertum: 22-j\u00e4hriger Brite in Russland festgenommen\",\"datePublished\":\"2024-11-26T15:10:59+00:00\",\"dateModified\":\"2024-11-26T15:10:59+00:00\",\"mainEntityOfPage\":{\"@id\":\"https:\/\/now-news.de\/de\/deutschland\/verdacht-auf-terrorismus-und-soeldnertum-22-jaehriger-brite-in-russland-festgenommen\/\"},\"wordCount\":398,\"commentCount\":0,\"publisher\":{\"@id\":\"https:\/\/now-news.de\/de\/#organization\"},\"image\":{\"@id\":\"https:\/\/now-news.de\/de\/deutschland\/verdacht-auf-terrorismus-und-soeldnertum-22-jaehriger-brite-in-russland-festgenommen\/#primaryimage\"},\"thumbnailUrl\":\"https:\/\/now-news.de\/de\/wp-content\/uploads\/sites\/3\/2024\/11\/Verdacht-auf-Terrorismus-und-Soeldnertum-22-jaehriger-Brite-in-Russland-festgenommen.jpg\",\"keywords\":[\"22j\u00e4hriger\",\"AUF\",\"Brite\",\"festgenommen\",\"russland\",\"S\u00f6ldnertum\",\"Terrorismus\",\"und\",\"Verdacht\"],\"articleSection\":[\"Deutschland\",\"Russland\"],\"inLanguage\":\"de\",\"potentialAction\":[{\"@type\":\"CommentAction\",\"name\":\"Comment\",\"target\":[\"https:\/\/now-news.de\/de\/deutschland\/verdacht-auf-terrorismus-und-soeldnertum-22-jaehriger-brite-in-russland-festgenommen\/#respond\"]}]},{\"@type\":\"WebPage\",\"@id\":\"https:\/\/now-news.de\/de\/deutschland\/verdacht-auf-terrorismus-und-soeldnertum-22-jaehriger-brite-in-russland-festgenommen\/\",\"url\":\"https:\/\/now-news.de\/de\/deutschland\/verdacht-auf-terrorismus-und-soeldnertum-22-jaehriger-brite-in-russland-festgenommen\/\",\"name\":\"Verdacht auf Terrorismus und S\u00f6ldnertum: 22-j\u00e4hriger Brite in Russland festgenommen - just-now.NEWS Deutschland\",\"isPartOf\":{\"@id\":\"https:\/\/now-news.de\/de\/#website\"},\"primaryImageOfPage\":{\"@id\":\"https:\/\/now-news.de\/de\/deutschland\/verdacht-auf-terrorismus-und-soeldnertum-22-jaehriger-brite-in-russland-festgenommen\/#primaryimage\"},\"image\":{\"@id\":\"https:\/\/now-news.de\/de\/deutschland\/verdacht-auf-terrorismus-und-soeldnertum-22-jaehriger-brite-in-russland-festgenommen\/#primaryimage\"},\"thumbnailUrl\":\"https:\/\/now-news.de\/de\/wp-content\/uploads\/sites\/3\/2024\/11\/Verdacht-auf-Terrorismus-und-Soeldnertum-22-jaehriger-Brite-in-Russland-festgenommen.jpg\",\"datePublished\":\"2024-11-26T15:10:59+00:00\",\"dateModified\":\"2024-11-26T15:10:59+00:00\",\"breadcrumb\":{\"@id\":\"https:\/\/now-news.de\/de\/deutschland\/verdacht-auf-terrorismus-und-soeldnertum-22-jaehriger-brite-in-russland-festgenommen\/#breadcrumb\"},\"inLanguage\":\"de\",\"potentialAction\":[{\"@type\":\"ReadAction\",\"target\":[\"https:\/\/now-news.de\/de\/deutschland\/verdacht-auf-terrorismus-und-soeldnertum-22-jaehriger-brite-in-russland-festgenommen\/\"]}]},{\"@type\":\"ImageObject\",\"inLanguage\":\"de\",\"@id\":\"https:\/\/now-news.de\/de\/deutschland\/verdacht-auf-terrorismus-und-soeldnertum-22-jaehriger-brite-in-russland-festgenommen\/#primaryimage\",\"url\":\"https:\/\/now-news.de\/de\/wp-content\/uploads\/sites\/3\/2024\/11\/Verdacht-auf-Terrorismus-und-Soeldnertum-22-jaehriger-Brite-in-Russland-festgenommen.jpg\",\"contentUrl\":\"https:\/\/now-news.de\/de\/wp-content\/uploads\/sites\/3\/2024\/11\/Verdacht-auf-Terrorismus-und-Soeldnertum-22-jaehriger-Brite-in-Russland-festgenommen.jpg\",\"width\":460,\"height\":259,\"caption\":\"Verdacht auf Terrorismus und S\u00f6ldnertum: 22-j\u00e4hriger Brite in Russland festgenommen\"},{\"@type\":\"BreadcrumbList\",\"@id\":\"https:\/\/now-news.de\/de\/deutschland\/verdacht-auf-terrorismus-und-soeldnertum-22-jaehriger-brite-in-russland-festgenommen\/#breadcrumb\",\"itemListElement\":[{\"@type\":\"ListItem\",\"position\":1,\"name\":\"Home\",\"item\":\"https:\/\/now-news.de\/de\/\"},{\"@type\":\"ListItem\",\"position\":2,\"name\":\"Verdacht auf Terrorismus und S\u00f6ldnertum: 22-j\u00e4hriger Brite in Russland festgenommen\"}]},{\"@type\":\"WebSite\",\"@id\":\"https:\/\/now-news.de\/de\/#website\",\"url\":\"https:\/\/now-news.de\/de\/\",\"name\":\"just-now.NEWS Deutschland\",\"description\":\"Das Portal f\u00fcr unzensierte Nachrichten aus der Welt\",\"publisher\":{\"@id\":\"https:\/\/now-news.de\/de\/#organization\"},\"potentialAction\":[{\"@type\":\"SearchAction\",\"target\":{\"@type\":\"EntryPoint\",\"urlTemplate\":\"https:\/\/now-news.de\/de\/?s={search_term_string}\"},\"query-input\":\"required name=search_term_string\"}],\"inLanguage\":\"de\"},{\"@type\":\"Organization\",\"@id\":\"https:\/\/now-news.de\/de\/#organization\",\"name\":\"Just Now News\",\"url\":\"https:\/\/now-news.de\/de\/\",\"logo\":{\"@type\":\"ImageObject\",\"inLanguage\":\"de\",\"@id\":\"https:\/\/now-news.de\/de\/#\/schema\/logo\/image\/\",\"url\":\"http:\/\/just-now.news\/de\/wp-content\/uploads\/sites\/3\/2022\/04\/logo500x500.jpg\",\"contentUrl\":\"http:\/\/just-now.news\/de\/wp-content\/uploads\/sites\/3\/2022\/04\/logo500x500.jpg\",\"width\":500,\"height\":500,\"caption\":\"Just Now News\"},\"image\":{\"@id\":\"https:\/\/now-news.de\/de\/#\/schema\/logo\/image\/\"},\"sameAs\":[\"https:\/\/www.facebook.com\/wirmachenauf\",\"https:\/\/x.com\/WirMachenAuf_de\"]},{\"@type\":\"Person\",\"@id\":\"https:\/\/now-news.de\/de\/#\/schema\/person\/fb534a4e865501d8b3285208df34a9b5\",\"name\":\"rtnews\",\"image\":{\"@type\":\"ImageObject\",\"inLanguage\":\"de\",\"@id\":\"https:\/\/now-news.de\/de\/#\/schema\/person\/image\/\",\"url\":\"https:\/\/secure.gravatar.com\/avatar\/82aafea7d8127119dd649515f56e2117?s=96&d=mm&r=g\",\"contentUrl\":\"https:\/\/secure.gravatar.com\/avatar\/82aafea7d8127119dd649515f56e2117?s=96&d=mm&r=g\",\"caption\":\"rtnews\"},\"url\":\"https:\/\/now-news.de\/de\/author\/rnews\/\"}]}<\/script>\n<!-- \/ Yoast SEO Premium plugin. -->","yoast_head_json":{"title":"Verdacht auf Terrorismus und S\u00f6ldnertum: 22-j\u00e4hriger Brite in Russland festgenommen - just-now.NEWS Deutschland","robots":{"index":"index","follow":"follow","max-snippet":"max-snippet:-1","max-image-preview":"max-image-preview:large","max-video-preview":"max-video-preview:-1"},"canonical":"https:\/\/now-news.de\/de\/deutschland\/verdacht-auf-terrorismus-und-soeldnertum-22-jaehriger-brite-in-russland-festgenommen\/","og_locale":"de_DE","og_type":"article","og_title":"Verdacht auf Terrorismus und S\u00f6ldnertum: 22-j\u00e4hriger Brite in Russland festgenommen","og_description":"Ein 22-j\u00e4hriger britischer Staatsb\u00fcrger war am Angriff ukrainischer Truppen auf das russischen Grenzgebiet Kursk beteiligt und wurde nun festgenommen. Ihm drohen bis zu 20 Jahre Haft. Der Brite James Scott Rhys Anderson war im November mit ukrainischen Streitkr\u00e4ften in das Grenzgebiet Kursk eingedrungen und wurde dort gefangen genommen. Nun wurden gegen den Mann Ermittlungen eingeleitet, [&hellip;]","og_url":"https:\/\/now-news.de\/de\/deutschland\/verdacht-auf-terrorismus-und-soeldnertum-22-jaehriger-brite-in-russland-festgenommen\/","og_site_name":"just-now.NEWS Deutschland","article_publisher":"https:\/\/www.facebook.com\/wirmachenauf","article_published_time":"2024-11-26T15:10:59+00:00","og_image":[{"url":"https:\/\/now-news.de\/de\/wp-content\/uploads\/sites\/3\/2024\/11\/6745c7bd48fbef6cde7f85e9.jpg"}],"author":"rtnews","twitter_card":"summary_large_image","twitter_creator":"@WirMachenAuf_de","twitter_site":"@WirMachenAuf_de","twitter_misc":{"Verfasst von":"rtnews","Gesch\u00e4tzte Lesezeit":"2\u00a0Minuten"},"schema":{"@context":"https:\/\/schema.org","@graph":[{"@type":"Article","@id":"https:\/\/now-news.de\/de\/deutschland\/verdacht-auf-terrorismus-und-soeldnertum-22-jaehriger-brite-in-russland-festgenommen\/#article","isPartOf":{"@id":"https:\/\/now-news.de\/de\/deutschland\/verdacht-auf-terrorismus-und-soeldnertum-22-jaehriger-brite-in-russland-festgenommen\/"},"author":{"name":"rtnews","@id":"https:\/\/now-news.de\/de\/#\/schema\/person\/fb534a4e865501d8b3285208df34a9b5"},"headline":"Verdacht auf Terrorismus und S\u00f6ldnertum: 22-j\u00e4hriger Brite in Russland festgenommen","datePublished":"2024-11-26T15:10:59+00:00","dateModified":"2024-11-26T15:10:59+00:00","mainEntityOfPage":{"@id":"https:\/\/now-news.de\/de\/deutschland\/verdacht-auf-terrorismus-und-soeldnertum-22-jaehriger-brite-in-russland-festgenommen\/"},"wordCount":398,"commentCount":0,"publisher":{"@id":"https:\/\/now-news.de\/de\/#organization"},"image":{"@id":"https:\/\/now-news.de\/de\/deutschland\/verdacht-auf-terrorismus-und-soeldnertum-22-jaehriger-brite-in-russland-festgenommen\/#primaryimage"},"thumbnailUrl":"https:\/\/now-news.de\/de\/wp-content\/uploads\/sites\/3\/2024\/11\/Verdacht-auf-Terrorismus-und-Soeldnertum-22-jaehriger-Brite-in-Russland-festgenommen.jpg","keywords":["22j\u00e4hriger","AUF","Brite","festgenommen","russland","S\u00f6ldnertum","Terrorismus","und","Verdacht"],"articleSection":["Deutschland","Russland"],"inLanguage":"de","potentialAction":[{"@type":"CommentAction","name":"Comment","target":["https:\/\/now-news.de\/de\/deutschland\/verdacht-auf-terrorismus-und-soeldnertum-22-jaehriger-brite-in-russland-festgenommen\/#respond"]}]},{"@type":"WebPage","@id":"https:\/\/now-news.de\/de\/deutschland\/verdacht-auf-terrorismus-und-soeldnertum-22-jaehriger-brite-in-russland-festgenommen\/","url":"https:\/\/now-news.de\/de\/deutschland\/verdacht-auf-terrorismus-und-soeldnertum-22-jaehriger-brite-in-russland-festgenommen\/","name":"Verdacht auf Terrorismus und S\u00f6ldnertum: 22-j\u00e4hriger Brite in Russland festgenommen - just-now.NEWS Deutschland","isPartOf":{"@id":"https:\/\/now-news.de\/de\/#website"},"primaryImageOfPage":{"@id":"https:\/\/now-news.de\/de\/deutschland\/verdacht-auf-terrorismus-und-soeldnertum-22-jaehriger-brite-in-russland-festgenommen\/#primaryimage"},"image":{"@id":"https:\/\/now-news.de\/de\/deutschland\/verdacht-auf-terrorismus-und-soeldnertum-22-jaehriger-brite-in-russland-festgenommen\/#primaryimage"},"thumbnailUrl":"https:\/\/now-news.de\/de\/wp-content\/uploads\/sites\/3\/2024\/11\/Verdacht-auf-Terrorismus-und-Soeldnertum-22-jaehriger-Brite-in-Russland-festgenommen.jpg","datePublished":"2024-11-26T15:10:59+00:00","dateModified":"2024-11-26T15:10:59+00:00","breadcrumb":{"@id":"https:\/\/now-news.de\/de\/deutschland\/verdacht-auf-terrorismus-und-soeldnertum-22-jaehriger-brite-in-russland-festgenommen\/#breadcrumb"},"inLanguage":"de","potentialAction":[{"@type":"ReadAction","target":["https:\/\/now-news.de\/de\/deutschland\/verdacht-auf-terrorismus-und-soeldnertum-22-jaehriger-brite-in-russland-festgenommen\/"]}]},{"@type":"ImageObject","inLanguage":"de","@id":"https:\/\/now-news.de\/de\/deutschland\/verdacht-auf-terrorismus-und-soeldnertum-22-jaehriger-brite-in-russland-festgenommen\/#primaryimage","url":"https:\/\/now-news.de\/de\/wp-content\/uploads\/sites\/3\/2024\/11\/Verdacht-auf-Terrorismus-und-Soeldnertum-22-jaehriger-Brite-in-Russland-festgenommen.jpg","contentUrl":"https:\/\/now-news.de\/de\/wp-content\/uploads\/sites\/3\/2024\/11\/Verdacht-auf-Terrorismus-und-Soeldnertum-22-jaehriger-Brite-in-Russland-festgenommen.jpg","width":460,"height":259,"caption":"Verdacht auf Terrorismus und S\u00f6ldnertum: 22-j\u00e4hriger Brite in Russland festgenommen"},{"@type":"BreadcrumbList","@id":"https:\/\/now-news.de\/de\/deutschland\/verdacht-auf-terrorismus-und-soeldnertum-22-jaehriger-brite-in-russland-festgenommen\/#breadcrumb","itemListElement":[{"@type":"ListItem","position":1,"name":"Home","item":"https:\/\/now-news.de\/de\/"},{"@type":"ListItem","position":2,"name":"Verdacht auf Terrorismus und S\u00f6ldnertum: 22-j\u00e4hriger Brite in Russland festgenommen"}]},{"@type":"WebSite","@id":"https:\/\/now-news.de\/de\/#website","url":"https:\/\/now-news.de\/de\/","name":"just-now.NEWS Deutschland","description":"Das Portal f\u00fcr unzensierte Nachrichten aus der Welt","publisher":{"@id":"https:\/\/now-news.de\/de\/#organization"},"potentialAction":[{"@type":"SearchAction","target":{"@type":"EntryPoint","urlTemplate":"https:\/\/now-news.de\/de\/?s={search_term_string}"},"query-input":"required name=search_term_string"}],"inLanguage":"de"},{"@type":"Organization","@id":"https:\/\/now-news.de\/de\/#organization","name":"Just Now News","url":"https:\/\/now-news.de\/de\/","logo":{"@type":"ImageObject","inLanguage":"de","@id":"https:\/\/now-news.de\/de\/#\/schema\/logo\/image\/","url":"http:\/\/just-now.news\/de\/wp-content\/uploads\/sites\/3\/2022\/04\/logo500x500.jpg","contentUrl":"http:\/\/just-now.news\/de\/wp-content\/uploads\/sites\/3\/2022\/04\/logo500x500.jpg","width":500,"height":500,"caption":"Just Now News"},"image":{"@id":"https:\/\/now-news.de\/de\/#\/schema\/logo\/image\/"},"sameAs":["https:\/\/www.facebook.com\/wirmachenauf","https:\/\/x.com\/WirMachenAuf_de"]},{"@type":"Person","@id":"https:\/\/now-news.de\/de\/#\/schema\/person\/fb534a4e865501d8b3285208df34a9b5","name":"rtnews","image":{"@type":"ImageObject","inLanguage":"de","@id":"https:\/\/now-news.de\/de\/#\/schema\/person\/image\/","url":"https:\/\/secure.gravatar.com\/avatar\/82aafea7d8127119dd649515f56e2117?s=96&d=mm&r=g","contentUrl":"https:\/\/secure.gravatar.com\/avatar\/82aafea7d8127119dd649515f56e2117?s=96&d=mm&r=g","caption":"rtnews"},"url":"https:\/\/now-news.de\/de\/author\/rnews\/"}]}},"_links":{"self":[{"href":"https:\/\/now-news.de\/de\/wp-json\/wp\/v2\/posts\/73314"}],"collection":[{"href":"https:\/\/now-news.de\/de\/wp-json\/wp\/v2\/posts"}],"about":[{"href":"https:\/\/now-news.de\/de\/wp-json\/wp\/v2\/types\/post"}],"author":[{"embeddable":true,"href":"https:\/\/now-news.de\/de\/wp-json\/wp\/v2\/users\/3"}],"replies":[{"embeddable":true,"href":"https:\/\/now-news.de\/de\/wp-json\/wp\/v2\/comments?post=73314"}],"version-history":[{"count":0,"href":"https:\/\/now-news.de\/de\/wp-json\/wp\/v2\/posts\/73314\/revisions"}],"wp:featuredmedia":[{"embeddable":true,"href":"https:\/\/now-news.de\/de\/wp-json\/wp\/v2\/media\/73315"}],"wp:attachment":[{"href":"https:\/\/now-news.de\/de\/wp-json\/wp\/v2\/media?parent=73314"}],"wp:term":[{"taxonomy":"category","embeddable":true,"href":"https:\/\/now-news.de\/de\/wp-json\/wp\/v2\/categories?post=73314"},{"taxonomy":"post_tag","embeddable":true,"href":"https:\/\/now-news.de\/de\/wp-json\/wp\/v2\/tags?post=73314"}],"curies":[{"name":"wp","href":"https:\/\/api.w.org\/{rel}","templated":true}]}}