{"id":73304,"date":"2024-11-26T15:18:44","date_gmt":"2024-11-26T13:18:44","guid":{"rendered":"https:\/\/now-news.de\/de\/deutschland\/warum-die-waehler-in-rumaenen-nato-und-ukraine-eine-ohrfeige-verpasst-haben\/"},"modified":"2024-11-26T15:18:44","modified_gmt":"2024-11-26T13:18:44","slug":"warum-die-waehler-in-rumaenen-nato-und-ukraine-eine-ohrfeige-verpasst-haben","status":"publish","type":"post","link":"https:\/\/now-news.de\/de\/deutschland\/warum-die-waehler-in-rumaenen-nato-und-ukraine-eine-ohrfeige-verpasst-haben\/","title":{"rendered":"Warum die W\u00e4hler in Rum\u00e4nen NATO und Ukraine eine &quot;Ohrfeige&quot; verpasst haben"},"content":{"rendered":"<p><img decoding=\"async\" src=\"https:\/\/now-news.de\/de\/wp-content\/uploads\/sites\/3\/2024\/11\/6745be9148fbef68aa1d222d.jpg\" \/><\/p>\n<div class=\"Text-root Text-type_1 \">\n                &#8220;Politisches Erdbeben&#8221; in Rum\u00e4nien. &#8220;Schallende Ohrfeige&#8221; f\u00fcr EU und NATO&#8221;. Solche Kommentare sind heute im Westen \u00fcber den sensationellen Sieg eines Kandidaten in der ersten Runde der rum\u00e4nischen Pr\u00e4sidentschaftswahlen zu h\u00f6ren, der sich Russland gegen\u00fcber positiv verh\u00e4lt. Was ist da los?\n            <\/div>\n<p><\/p>\n<div class=\"Text-root Text-type_5 ArticleView-text ViewText-root \">\n<p><em>Von Geworg Mirsajan<\/em><\/p>\n<p>Die erste Wahlrunde der am 24. November in Rum\u00e4nien abgehaltenen Pr\u00e4sidentschaftswahlen endete mit einem sensationellen ersten Platz f\u00fcr C\u0103lin Georgescu, einen unabh\u00e4ngigen Kandidaten mit rechtsgerichteten Ansichten. Dabei handelt es sich um einen Spezialisten f\u00fcr Landgewinnung, der fr\u00fcher im Au\u00dfen- und im Umweltministerium besch\u00e4ftigt war und dessen Wahlkampf praktisch durch Crowdfunding \u2013 also \u00fcber soziale Netzwerke \u2013 finanziert wurde.<\/p>\n<p>Vor allem aber ist er ein Mann, der der westlichen Unterst\u00fctzung f\u00fcr die Ukraine (die er als &#8220;fiktiven Staat&#8221; bezeichnete), den Kampfhandlungen in diesem Land (die er als Instrument der Manipulation betrachtete) und dem Konflikt mit Russland (zu dem Rum\u00e4nien nach Ansicht von Georgescu gute Beziehungen unterhalten sollte) \u00e4u\u00dferst skeptisch gegen\u00fcbersteht.<\/p>\n<p>Zugleich hat er eine positive Einstellung zum russischen Pr\u00e4sidenten. <em>&#8220;Wladimir Putin ist ein Mann, der sein Land liebt. Meiner Meinung nach handelt es sich um einen Mann, der sich sehr gut mit den diplomatischen Aspekten auskennt und diese beherrscht und von sehr kompetenten Fachleuten umgeben ist&#8221;<\/em>, so Georgescu.<\/p>\n<p>Westliche Medien bezeichneten den Ausgang der ersten Wahlrunde bereits als ein &#8220;politisches Erdbeben&#8221;. Wie\u00a0<em>The Financial Times<\/em>\u00a0in Erinnerung ruft, stellte Georgescu die NATO-Mitgliedschaft Rum\u00e4niens in Frage und sprach sich gegen die Stationierung einer US-Raketenabwehrbasis im Land aus. <em>&#8220;Was f\u00fcr eine schallende Ohrfeige f\u00fcr die EU, die NATO und die Kriegsbef\u00fcrworter!&#8221;<\/em>, reagiert Florian Philippot, ein Politiker der franz\u00f6sischen Partei &#8220;Les Patriotes&#8221;, auf die Ergebnisse der ersten Wahlrunde.<\/p>\n<p>Der russische Pr\u00e4sidentensprecher Dmitri Peskow kommentierte\u00a0Georgescus Sieg in vielf\u00e4ltiger Weise.\u00a0Zum einen erkl\u00e4rte er, dass<em> &#8220;noch keine Prognosen abgegeben werden k\u00f6nnen&#8221;<\/em> und <em>&#8220;wir mit der Sichtweise dieses Kandidaten hinsichtlich der Beziehungen zu unserem Land noch nicht so vertraut sind&#8221;<\/em>. Zum anderen wies er darauf hin, dass die Politik der derzeitigen rum\u00e4nischen F\u00fchrung nicht russlandfreundlich sei. Daher werde\u00a0Georgescus Sieg Russland nicht schlechter stellen.<\/p>\n<blockquote>\n<p>&#8220;<em>Gewinnt Georgescu, k\u00f6nnte er das Ausma\u00df der rum\u00e4nischen Unterst\u00fctzung f\u00fcr die Ukraine reduzieren.\u00a0<\/em><em>Diese Entscheidung wird nach dem Kompromissprinzip zwischen ihm und der euro-atlantischen F\u00fchrung getroffen werden. Gewinnt Elena Lasconi, die es ebenfalls in den zweiten Wahlgang geschafft hat, wird sich gar nichts \u00e4ndern<\/em>&#8220;,\u00a0<\/p>\n<\/blockquote>\n<p>erkl\u00e4rt Wadim Truchatschew, Dozent an der Russischen Staatlichen Universit\u00e4t f\u00fcr Geisteswissenschaften, gegen\u00fcber der Zeitung\u00a0<em>Wsgljad<\/em>.<\/p>\n<p>Der L\u00f6wenanteil der rum\u00e4nischen Medien berichtet nun,\u00a0dass ihre russischen Kollegen \u00fcber den Sieg von Georgescu jubeln und dass man ihn in Moskau als &#8220;Russlands Verb\u00fcndeten&#8221; bezeichnet. Sie sagen, dass Russland sich freut, und sie scherzen, dass sie Russisch lernen sollten. Sie deuten sogar an, dass der Sieger Hilfe aus dem Kreml gehabt habe.<\/p>\n<p><em>&#8220;Noch immer ist nicht ganz klar, ob Georgescus Erfolg nur auf seine kolossale Social-Media-Kampagne in den letzten zwei Wochen zur\u00fcckzuf\u00fchren ist oder ob er auch das Resultat einer Unterst\u00fctzung seitens Russlands darstellt&#8221;<\/em>, schreibt die rum\u00e4nische Niederlassung der <em>Deutschen Welle<\/em> (in Russland als ausl\u00e4ndischer Medienagent anerkannt).<\/p>\n<p>Einige Lokalpolitiker \u00e4u\u00dfern sich sogar ganz direkt dahingehend, dass ihrer Meinung nach der Sieg von Georgescu zweifellos eine russische Spezialoperation darstelle.<\/p>\n<blockquote>\n<p><em>&#8220;Moskau steckt zweifelsohne hinter dieser Operation. Die europ\u00e4ischen Institutionen m\u00fcssen dringend begreifen, was in Europa geschieht und wer unsere Demokratie in den W\u00fcrgegriff nimmt, und zwar mithilfe der raffiniertesten Methoden der Manipulation einer desillusionierten Bev\u00f6lkerung, die auf radikale Revanche gegen ein nicht ihren Erwartungen entsprechendes System sinnt&#8221;<\/em>,<\/p>\n<\/blockquote>\n<p>emp\u00f6rt sich Eugen Tomac, Vorsitzender der rum\u00e4nischen Partei PMP [&#8220;Partidul Mi\u0219carea Popular\u0103&#8221; (Partei der Volksbewegung)].<\/p>\n<p>Und das ist erst der Anfang. Bis zum 8. Dezember (dem Datum des zweiten Wahlgangs) werden zahlreiche weitere derartige Ver\u00f6ffentlichungen erscheinen.\u00a0Es hat den Anschein, dass sie ihre Arbeit tun werden\u00a0\u2013 zwar belegte Georgescu im ersten Wahlgang den ersten Platz, aber lediglich mit 22,94 Prozent.\u00a0Und den ersten Platz konnte er nur erringen, weil Diana \u0218o\u0219oac\u0103, eine andere rechtsextreme Kandidatin, vom Obersten Gerichtshof wegen ihrer radikalen Ansichten \u2013 die unter anderem &#8220;prorussisch, antieurop\u00e4isch und anti-NATO&#8221; sind \u2013 von den Wahlen ausgeschlossen wurde. Daraufhin gingen ihre W\u00e4hler zu Georgescu \u00fcber. Zugleich hat seine Konkurrentin Elena Lasconi, die Vorsitzende der Partei &#8220;Union Rettet Rum\u00e4nien&#8221;, 19,7 Prozent der Stimmen, sodass sie theoretisch die Stimmen der ausgeschiedenen Kandidaten auf sich vereinen k\u00f6nnte.<\/p>\n<p>In der Praxis k\u00f6nnte jedoch das Gegenteil der Fall sein. Das liegt vor allem an Lasconi selbst.<\/p>\n<p><em>&#8220;Was seine Konkurrentin im zweiten Wahlgang betrifft, so hat er sicherlich Gl\u00fcck. Elena Lasconi ist eine ausgewiesene Russenhasserin, die den Rum\u00e4nen im Interesse der Ukraine den letzten Leu aus der Tasche ziehen will. F\u00fcr sie ist die Position der EU und der NATO wichtiger als die Meinung der Rum\u00e4nen&#8221;<\/em>, sagt Wadim Truchatschew.<\/p>\n<p>Und die Rum\u00e4nen denken viel und kritisch \u00fcber ihre Machthaber nach, und sie haben Gr\u00fcnde daf\u00fcr. <em>&#8220;In einem der \u00e4rmsten L\u00e4nder der EU wurde eine halbe Million Ukrainer aufgenommen. Au\u00dferdem hat Rum\u00e4nien ein sehr akutes Roma-Problem, auf das rechtsgerichtete Politiker hinweisen, w\u00e4hrend andere versuchen, nichts davon zu bemerken&#8221;<\/em>, so Wadim\u00a0Truchatschew weiter.<\/p>\n<p>Tats\u00e4chlich wird die zweite Pr\u00e4sidentschaftswahlrunde in Rum\u00e4nien in etwa so verlaufen wie die Pr\u00e4sidentschaftswahlen in den USA 2016 und 2024: Auf der einen Seite ein rechter, manchmal sogar radikal rechter Kandidat \u2013\u00a0auf der anderen Seite ein &#8220;altbackener, absto\u00dfender&#8221; Vertreter des etablierten Establishments.<\/p>\n<p>Doch wen w\u00e4hlt letztendlich die rum\u00e4nische Bev\u00f6lkerung, die laut einem rum\u00e4nischen Medienorgan &#8220;kein Interesse an einem Konflikt mit Russland hat und&#8230; von dem derzeitigen Politiksystem, in dem sie sich von niemandem vertreten f\u00fchlt, extrem entt\u00e4uscht ist&#8221;? Vielleicht f\u00e4llt die Wahl auf jemanden, der den W\u00e4hlern die Befreiung von dem belastenden Gef\u00fchl eines st\u00e4ndigen Konflikts mit Russland verspricht.<\/p>\n<p><em>\u00dcbersetzt aus dem <a rel=\"nofollow noopener\" target=\"_blank\" href=\"https:\/\/vz.ru\/world\/2024\/11\/25\/1299865.html\">Russischen<\/a>. Der Artikel ist am 25. November 2024 zuerst auf der Seite der Zeitung Wsgljad erschienen.<\/em><\/p>\n<p><strong>Mehr zum Thema &#8211;<\/strong>\u00a0<a rel=\"nofollow noopener\" target=\"_blank\" href=\"https:\/\/freedert.online\/international\/227012-ungarn-wirft-den-usa-vor-die-regionale-energiesicherheit-zu-stabilisieren\/\">Ungarn wirft den USA vor, die regionale Energiesicherheit zu destabilisieren <\/a><\/p>\n<div class=\"EmbedBlock-root EmbedBlock-externalVideo EmbedBlock-rumble\">\n<div class=\"VkEmbed\"><iframe class=\"lazyload\" data-src=\"https:\/\/rumble.com\/embed\/v5qti6q\" frameborder=\"0\" width=\"853\" height=\"480\" allowfullscreen><\/iframe><\/div>\n<\/div>\n<\/div>\n<p><br \/>\n<br \/><a href=\"https:\/\/de.rt.com\/meinung\/227332-warum-waehler-in-rumaenen-nato\/\">Source link <\/a><\/p>\n","protected":false},"excerpt":{"rendered":"<p>&#8220;Politisches Erdbeben&#8221; in Rum\u00e4nien. &#8220;Schallende Ohrfeige&#8221; f\u00fcr EU und NATO&#8221;. Solche Kommentare sind heute im Westen \u00fcber den sensationellen Sieg eines Kandidaten in der ersten Runde der rum\u00e4nischen Pr\u00e4sidentschaftswahlen zu h\u00f6ren, der sich Russland gegen\u00fcber positiv verh\u00e4lt. Was ist da los? Von Geworg Mirsajan Die erste Wahlrunde der am 24. November in Rum\u00e4nien abgehaltenen Pr\u00e4sidentschaftswahlen [&hellip;]<\/p>\n","protected":false},"author":3,"featured_media":73305,"comment_status":"open","ping_status":"open","sticky":false,"template":"","format":"standard","meta":{"_yoast_indexnow_last_ping":["1732628930"],"wp_automatic_camp":["217"],"524701c0d51d018f86f81985ecbfd09d":["Warum die W\u00e4hler in Rum\u00e4nen NATO und Ukraine eine &quot;Ohrfeige&quot; verpasst haben"],"original_link":["https:\/\/de.rt.com\/meinung\/227332-warum-waehler-in-rumaenen-nato\/"],"_thumbnail_id":["73305"],"jnews_social_counter_last_update":["1777292178"],"_wptgpro_p2tg_sent2tg":["a:1:{i:23737;s:19:\"2024-11-26 15:49:57\";}"]},"categories":[19,23],"tags":[45,275,771,2697,56932,60563,127,140,10821,13169,1289],"yoast_head":"<!-- This site is optimized with the Yoast SEO Premium plugin v22.7 (Yoast SEO v22.7) - https:\/\/yoast.com\/wordpress\/plugins\/seo\/ -->\n<title>Warum die W\u00e4hler in Rum\u00e4nen NATO und Ukraine eine &quot;Ohrfeige&quot; verpasst haben - just-now.NEWS Deutschland<\/title>\n<meta name=\"robots\" content=\"index, follow, max-snippet:-1, max-image-preview:large, max-video-preview:-1\" \/>\n<link rel=\"canonical\" href=\"https:\/\/now-news.de\/de\/deutschland\/warum-die-waehler-in-rumaenen-nato-und-ukraine-eine-ohrfeige-verpasst-haben\/\" \/>\n<meta property=\"og:locale\" content=\"de_DE\" \/>\n<meta property=\"og:type\" content=\"article\" \/>\n<meta property=\"og:title\" content=\"Warum die W\u00e4hler in Rum\u00e4nen NATO und Ukraine eine &quot;Ohrfeige&quot; verpasst haben\" \/>\n<meta property=\"og:description\" content=\"&#8220;Politisches Erdbeben&#8221; in Rum\u00e4nien. &#8220;Schallende Ohrfeige&#8221; f\u00fcr EU und NATO&#8221;. Solche Kommentare sind heute im Westen \u00fcber den sensationellen Sieg eines Kandidaten in der ersten Runde der rum\u00e4nischen Pr\u00e4sidentschaftswahlen zu h\u00f6ren, der sich Russland gegen\u00fcber positiv verh\u00e4lt. Was ist da los? Von Geworg Mirsajan Die erste Wahlrunde der am 24. November in Rum\u00e4nien abgehaltenen Pr\u00e4sidentschaftswahlen [&hellip;]\" \/>\n<meta property=\"og:url\" content=\"https:\/\/now-news.de\/de\/deutschland\/warum-die-waehler-in-rumaenen-nato-und-ukraine-eine-ohrfeige-verpasst-haben\/\" \/>\n<meta property=\"og:site_name\" content=\"just-now.NEWS Deutschland\" \/>\n<meta property=\"article:publisher\" content=\"https:\/\/www.facebook.com\/wirmachenauf\" \/>\n<meta property=\"article:published_time\" content=\"2024-11-26T13:18:44+00:00\" \/>\n<meta property=\"og:image\" content=\"https:\/\/now-news.de\/de\/wp-content\/uploads\/sites\/3\/2024\/11\/6745be9148fbef68aa1d222d.jpg\" \/>\n<meta name=\"author\" content=\"rtnews\" \/>\n<meta name=\"twitter:card\" content=\"summary_large_image\" \/>\n<meta name=\"twitter:creator\" content=\"@WirMachenAuf_de\" \/>\n<meta name=\"twitter:site\" content=\"@WirMachenAuf_de\" \/>\n<meta name=\"twitter:label1\" content=\"Verfasst von\" \/>\n\t<meta name=\"twitter:data1\" content=\"rtnews\" \/>\n\t<meta name=\"twitter:label2\" content=\"Gesch\u00e4tzte Lesezeit\" \/>\n\t<meta name=\"twitter:data2\" content=\"5\u00a0Minuten\" \/>\n<script type=\"application\/ld+json\" class=\"yoast-schema-graph\">{\"@context\":\"https:\/\/schema.org\",\"@graph\":[{\"@type\":\"Article\",\"@id\":\"https:\/\/now-news.de\/de\/deutschland\/warum-die-waehler-in-rumaenen-nato-und-ukraine-eine-ohrfeige-verpasst-haben\/#article\",\"isPartOf\":{\"@id\":\"https:\/\/now-news.de\/de\/deutschland\/warum-die-waehler-in-rumaenen-nato-und-ukraine-eine-ohrfeige-verpasst-haben\/\"},\"author\":{\"name\":\"rtnews\",\"@id\":\"https:\/\/now-news.de\/de\/#\/schema\/person\/fb534a4e865501d8b3285208df34a9b5\"},\"headline\":\"Warum die W\u00e4hler in Rum\u00e4nen NATO und Ukraine eine &quot;Ohrfeige&quot; verpasst haben\",\"datePublished\":\"2024-11-26T13:18:44+00:00\",\"dateModified\":\"2024-11-26T13:18:44+00:00\",\"mainEntityOfPage\":{\"@id\":\"https:\/\/now-news.de\/de\/deutschland\/warum-die-waehler-in-rumaenen-nato-und-ukraine-eine-ohrfeige-verpasst-haben\/\"},\"wordCount\":1042,\"commentCount\":0,\"publisher\":{\"@id\":\"https:\/\/now-news.de\/de\/#organization\"},\"image\":{\"@id\":\"https:\/\/now-news.de\/de\/deutschland\/warum-die-waehler-in-rumaenen-nato-und-ukraine-eine-ohrfeige-verpasst-haben\/#primaryimage\"},\"thumbnailUrl\":\"https:\/\/now-news.de\/de\/wp-content\/uploads\/sites\/3\/2024\/11\/Warum-die-Waehler-in-Rumaenen-NATO-und-Ukraine-eine-quotOhrfeigequot.jpg\",\"keywords\":[\"die\",\"eine\",\"haben\",\"nato\",\"quotOhrfeigequot\",\"Rum\u00e4nen\",\"ukraine\",\"und\",\"verpasst\",\"W\u00e4hler\",\"Warum\"],\"articleSection\":[\"Deutschland\",\"Russland\"],\"inLanguage\":\"de\",\"potentialAction\":[{\"@type\":\"CommentAction\",\"name\":\"Comment\",\"target\":[\"https:\/\/now-news.de\/de\/deutschland\/warum-die-waehler-in-rumaenen-nato-und-ukraine-eine-ohrfeige-verpasst-haben\/#respond\"]}]},{\"@type\":\"WebPage\",\"@id\":\"https:\/\/now-news.de\/de\/deutschland\/warum-die-waehler-in-rumaenen-nato-und-ukraine-eine-ohrfeige-verpasst-haben\/\",\"url\":\"https:\/\/now-news.de\/de\/deutschland\/warum-die-waehler-in-rumaenen-nato-und-ukraine-eine-ohrfeige-verpasst-haben\/\",\"name\":\"Warum die W\u00e4hler in Rum\u00e4nen NATO und Ukraine eine &quot;Ohrfeige&quot; verpasst haben - just-now.NEWS Deutschland\",\"isPartOf\":{\"@id\":\"https:\/\/now-news.de\/de\/#website\"},\"primaryImageOfPage\":{\"@id\":\"https:\/\/now-news.de\/de\/deutschland\/warum-die-waehler-in-rumaenen-nato-und-ukraine-eine-ohrfeige-verpasst-haben\/#primaryimage\"},\"image\":{\"@id\":\"https:\/\/now-news.de\/de\/deutschland\/warum-die-waehler-in-rumaenen-nato-und-ukraine-eine-ohrfeige-verpasst-haben\/#primaryimage\"},\"thumbnailUrl\":\"https:\/\/now-news.de\/de\/wp-content\/uploads\/sites\/3\/2024\/11\/Warum-die-Waehler-in-Rumaenen-NATO-und-Ukraine-eine-quotOhrfeigequot.jpg\",\"datePublished\":\"2024-11-26T13:18:44+00:00\",\"dateModified\":\"2024-11-26T13:18:44+00:00\",\"breadcrumb\":{\"@id\":\"https:\/\/now-news.de\/de\/deutschland\/warum-die-waehler-in-rumaenen-nato-und-ukraine-eine-ohrfeige-verpasst-haben\/#breadcrumb\"},\"inLanguage\":\"de\",\"potentialAction\":[{\"@type\":\"ReadAction\",\"target\":[\"https:\/\/now-news.de\/de\/deutschland\/warum-die-waehler-in-rumaenen-nato-und-ukraine-eine-ohrfeige-verpasst-haben\/\"]}]},{\"@type\":\"ImageObject\",\"inLanguage\":\"de\",\"@id\":\"https:\/\/now-news.de\/de\/deutschland\/warum-die-waehler-in-rumaenen-nato-und-ukraine-eine-ohrfeige-verpasst-haben\/#primaryimage\",\"url\":\"https:\/\/now-news.de\/de\/wp-content\/uploads\/sites\/3\/2024\/11\/Warum-die-Waehler-in-Rumaenen-NATO-und-Ukraine-eine-quotOhrfeigequot.jpg\",\"contentUrl\":\"https:\/\/now-news.de\/de\/wp-content\/uploads\/sites\/3\/2024\/11\/Warum-die-Waehler-in-Rumaenen-NATO-und-Ukraine-eine-quotOhrfeigequot.jpg\",\"width\":460,\"height\":259,\"caption\":\"Warum die W\u00e4hler in Rum\u00e4nen NATO und Ukraine eine &quot;Ohrfeige&quot; verpasst haben\"},{\"@type\":\"BreadcrumbList\",\"@id\":\"https:\/\/now-news.de\/de\/deutschland\/warum-die-waehler-in-rumaenen-nato-und-ukraine-eine-ohrfeige-verpasst-haben\/#breadcrumb\",\"itemListElement\":[{\"@type\":\"ListItem\",\"position\":1,\"name\":\"Home\",\"item\":\"https:\/\/now-news.de\/de\/\"},{\"@type\":\"ListItem\",\"position\":2,\"name\":\"Warum die W\u00e4hler in Rum\u00e4nen NATO und Ukraine eine &quot;Ohrfeige&quot; verpasst haben\"}]},{\"@type\":\"WebSite\",\"@id\":\"https:\/\/now-news.de\/de\/#website\",\"url\":\"https:\/\/now-news.de\/de\/\",\"name\":\"just-now.NEWS Deutschland\",\"description\":\"Das Portal f\u00fcr unzensierte Nachrichten aus der Welt\",\"publisher\":{\"@id\":\"https:\/\/now-news.de\/de\/#organization\"},\"potentialAction\":[{\"@type\":\"SearchAction\",\"target\":{\"@type\":\"EntryPoint\",\"urlTemplate\":\"https:\/\/now-news.de\/de\/?s={search_term_string}\"},\"query-input\":\"required name=search_term_string\"}],\"inLanguage\":\"de\"},{\"@type\":\"Organization\",\"@id\":\"https:\/\/now-news.de\/de\/#organization\",\"name\":\"Just Now News\",\"url\":\"https:\/\/now-news.de\/de\/\",\"logo\":{\"@type\":\"ImageObject\",\"inLanguage\":\"de\",\"@id\":\"https:\/\/now-news.de\/de\/#\/schema\/logo\/image\/\",\"url\":\"http:\/\/just-now.news\/de\/wp-content\/uploads\/sites\/3\/2022\/04\/logo500x500.jpg\",\"contentUrl\":\"http:\/\/just-now.news\/de\/wp-content\/uploads\/sites\/3\/2022\/04\/logo500x500.jpg\",\"width\":500,\"height\":500,\"caption\":\"Just Now News\"},\"image\":{\"@id\":\"https:\/\/now-news.de\/de\/#\/schema\/logo\/image\/\"},\"sameAs\":[\"https:\/\/www.facebook.com\/wirmachenauf\",\"https:\/\/x.com\/WirMachenAuf_de\"]},{\"@type\":\"Person\",\"@id\":\"https:\/\/now-news.de\/de\/#\/schema\/person\/fb534a4e865501d8b3285208df34a9b5\",\"name\":\"rtnews\",\"image\":{\"@type\":\"ImageObject\",\"inLanguage\":\"de\",\"@id\":\"https:\/\/now-news.de\/de\/#\/schema\/person\/image\/\",\"url\":\"https:\/\/secure.gravatar.com\/avatar\/82aafea7d8127119dd649515f56e2117?s=96&d=mm&r=g\",\"contentUrl\":\"https:\/\/secure.gravatar.com\/avatar\/82aafea7d8127119dd649515f56e2117?s=96&d=mm&r=g\",\"caption\":\"rtnews\"},\"url\":\"https:\/\/now-news.de\/de\/author\/rnews\/\"}]}<\/script>\n<!-- \/ Yoast SEO Premium plugin. -->","yoast_head_json":{"title":"Warum die W\u00e4hler in Rum\u00e4nen NATO und Ukraine eine &quot;Ohrfeige&quot; verpasst haben - just-now.NEWS Deutschland","robots":{"index":"index","follow":"follow","max-snippet":"max-snippet:-1","max-image-preview":"max-image-preview:large","max-video-preview":"max-video-preview:-1"},"canonical":"https:\/\/now-news.de\/de\/deutschland\/warum-die-waehler-in-rumaenen-nato-und-ukraine-eine-ohrfeige-verpasst-haben\/","og_locale":"de_DE","og_type":"article","og_title":"Warum die W\u00e4hler in Rum\u00e4nen NATO und Ukraine eine &quot;Ohrfeige&quot; verpasst haben","og_description":"&#8220;Politisches Erdbeben&#8221; in Rum\u00e4nien. &#8220;Schallende Ohrfeige&#8221; f\u00fcr EU und NATO&#8221;. Solche Kommentare sind heute im Westen \u00fcber den sensationellen Sieg eines Kandidaten in der ersten Runde der rum\u00e4nischen Pr\u00e4sidentschaftswahlen zu h\u00f6ren, der sich Russland gegen\u00fcber positiv verh\u00e4lt. Was ist da los? Von Geworg Mirsajan Die erste Wahlrunde der am 24. November in Rum\u00e4nien abgehaltenen Pr\u00e4sidentschaftswahlen [&hellip;]","og_url":"https:\/\/now-news.de\/de\/deutschland\/warum-die-waehler-in-rumaenen-nato-und-ukraine-eine-ohrfeige-verpasst-haben\/","og_site_name":"just-now.NEWS Deutschland","article_publisher":"https:\/\/www.facebook.com\/wirmachenauf","article_published_time":"2024-11-26T13:18:44+00:00","og_image":[{"url":"https:\/\/now-news.de\/de\/wp-content\/uploads\/sites\/3\/2024\/11\/6745be9148fbef68aa1d222d.jpg"}],"author":"rtnews","twitter_card":"summary_large_image","twitter_creator":"@WirMachenAuf_de","twitter_site":"@WirMachenAuf_de","twitter_misc":{"Verfasst von":"rtnews","Gesch\u00e4tzte Lesezeit":"5\u00a0Minuten"},"schema":{"@context":"https:\/\/schema.org","@graph":[{"@type":"Article","@id":"https:\/\/now-news.de\/de\/deutschland\/warum-die-waehler-in-rumaenen-nato-und-ukraine-eine-ohrfeige-verpasst-haben\/#article","isPartOf":{"@id":"https:\/\/now-news.de\/de\/deutschland\/warum-die-waehler-in-rumaenen-nato-und-ukraine-eine-ohrfeige-verpasst-haben\/"},"author":{"name":"rtnews","@id":"https:\/\/now-news.de\/de\/#\/schema\/person\/fb534a4e865501d8b3285208df34a9b5"},"headline":"Warum die W\u00e4hler in Rum\u00e4nen NATO und Ukraine eine &quot;Ohrfeige&quot; verpasst haben","datePublished":"2024-11-26T13:18:44+00:00","dateModified":"2024-11-26T13:18:44+00:00","mainEntityOfPage":{"@id":"https:\/\/now-news.de\/de\/deutschland\/warum-die-waehler-in-rumaenen-nato-und-ukraine-eine-ohrfeige-verpasst-haben\/"},"wordCount":1042,"commentCount":0,"publisher":{"@id":"https:\/\/now-news.de\/de\/#organization"},"image":{"@id":"https:\/\/now-news.de\/de\/deutschland\/warum-die-waehler-in-rumaenen-nato-und-ukraine-eine-ohrfeige-verpasst-haben\/#primaryimage"},"thumbnailUrl":"https:\/\/now-news.de\/de\/wp-content\/uploads\/sites\/3\/2024\/11\/Warum-die-Waehler-in-Rumaenen-NATO-und-Ukraine-eine-quotOhrfeigequot.jpg","keywords":["die","eine","haben","nato","quotOhrfeigequot","Rum\u00e4nen","ukraine","und","verpasst","W\u00e4hler","Warum"],"articleSection":["Deutschland","Russland"],"inLanguage":"de","potentialAction":[{"@type":"CommentAction","name":"Comment","target":["https:\/\/now-news.de\/de\/deutschland\/warum-die-waehler-in-rumaenen-nato-und-ukraine-eine-ohrfeige-verpasst-haben\/#respond"]}]},{"@type":"WebPage","@id":"https:\/\/now-news.de\/de\/deutschland\/warum-die-waehler-in-rumaenen-nato-und-ukraine-eine-ohrfeige-verpasst-haben\/","url":"https:\/\/now-news.de\/de\/deutschland\/warum-die-waehler-in-rumaenen-nato-und-ukraine-eine-ohrfeige-verpasst-haben\/","name":"Warum die W\u00e4hler in Rum\u00e4nen NATO und Ukraine eine &quot;Ohrfeige&quot; verpasst haben - just-now.NEWS Deutschland","isPartOf":{"@id":"https:\/\/now-news.de\/de\/#website"},"primaryImageOfPage":{"@id":"https:\/\/now-news.de\/de\/deutschland\/warum-die-waehler-in-rumaenen-nato-und-ukraine-eine-ohrfeige-verpasst-haben\/#primaryimage"},"image":{"@id":"https:\/\/now-news.de\/de\/deutschland\/warum-die-waehler-in-rumaenen-nato-und-ukraine-eine-ohrfeige-verpasst-haben\/#primaryimage"},"thumbnailUrl":"https:\/\/now-news.de\/de\/wp-content\/uploads\/sites\/3\/2024\/11\/Warum-die-Waehler-in-Rumaenen-NATO-und-Ukraine-eine-quotOhrfeigequot.jpg","datePublished":"2024-11-26T13:18:44+00:00","dateModified":"2024-11-26T13:18:44+00:00","breadcrumb":{"@id":"https:\/\/now-news.de\/de\/deutschland\/warum-die-waehler-in-rumaenen-nato-und-ukraine-eine-ohrfeige-verpasst-haben\/#breadcrumb"},"inLanguage":"de","potentialAction":[{"@type":"ReadAction","target":["https:\/\/now-news.de\/de\/deutschland\/warum-die-waehler-in-rumaenen-nato-und-ukraine-eine-ohrfeige-verpasst-haben\/"]}]},{"@type":"ImageObject","inLanguage":"de","@id":"https:\/\/now-news.de\/de\/deutschland\/warum-die-waehler-in-rumaenen-nato-und-ukraine-eine-ohrfeige-verpasst-haben\/#primaryimage","url":"https:\/\/now-news.de\/de\/wp-content\/uploads\/sites\/3\/2024\/11\/Warum-die-Waehler-in-Rumaenen-NATO-und-Ukraine-eine-quotOhrfeigequot.jpg","contentUrl":"https:\/\/now-news.de\/de\/wp-content\/uploads\/sites\/3\/2024\/11\/Warum-die-Waehler-in-Rumaenen-NATO-und-Ukraine-eine-quotOhrfeigequot.jpg","width":460,"height":259,"caption":"Warum die W\u00e4hler in Rum\u00e4nen NATO und Ukraine eine &quot;Ohrfeige&quot; verpasst haben"},{"@type":"BreadcrumbList","@id":"https:\/\/now-news.de\/de\/deutschland\/warum-die-waehler-in-rumaenen-nato-und-ukraine-eine-ohrfeige-verpasst-haben\/#breadcrumb","itemListElement":[{"@type":"ListItem","position":1,"name":"Home","item":"https:\/\/now-news.de\/de\/"},{"@type":"ListItem","position":2,"name":"Warum die W\u00e4hler in Rum\u00e4nen NATO und Ukraine eine &quot;Ohrfeige&quot; verpasst haben"}]},{"@type":"WebSite","@id":"https:\/\/now-news.de\/de\/#website","url":"https:\/\/now-news.de\/de\/","name":"just-now.NEWS Deutschland","description":"Das Portal f\u00fcr unzensierte Nachrichten aus der Welt","publisher":{"@id":"https:\/\/now-news.de\/de\/#organization"},"potentialAction":[{"@type":"SearchAction","target":{"@type":"EntryPoint","urlTemplate":"https:\/\/now-news.de\/de\/?s={search_term_string}"},"query-input":"required name=search_term_string"}],"inLanguage":"de"},{"@type":"Organization","@id":"https:\/\/now-news.de\/de\/#organization","name":"Just Now News","url":"https:\/\/now-news.de\/de\/","logo":{"@type":"ImageObject","inLanguage":"de","@id":"https:\/\/now-news.de\/de\/#\/schema\/logo\/image\/","url":"http:\/\/just-now.news\/de\/wp-content\/uploads\/sites\/3\/2022\/04\/logo500x500.jpg","contentUrl":"http:\/\/just-now.news\/de\/wp-content\/uploads\/sites\/3\/2022\/04\/logo500x500.jpg","width":500,"height":500,"caption":"Just Now News"},"image":{"@id":"https:\/\/now-news.de\/de\/#\/schema\/logo\/image\/"},"sameAs":["https:\/\/www.facebook.com\/wirmachenauf","https:\/\/x.com\/WirMachenAuf_de"]},{"@type":"Person","@id":"https:\/\/now-news.de\/de\/#\/schema\/person\/fb534a4e865501d8b3285208df34a9b5","name":"rtnews","image":{"@type":"ImageObject","inLanguage":"de","@id":"https:\/\/now-news.de\/de\/#\/schema\/person\/image\/","url":"https:\/\/secure.gravatar.com\/avatar\/82aafea7d8127119dd649515f56e2117?s=96&d=mm&r=g","contentUrl":"https:\/\/secure.gravatar.com\/avatar\/82aafea7d8127119dd649515f56e2117?s=96&d=mm&r=g","caption":"rtnews"},"url":"https:\/\/now-news.de\/de\/author\/rnews\/"}]}},"_links":{"self":[{"href":"https:\/\/now-news.de\/de\/wp-json\/wp\/v2\/posts\/73304"}],"collection":[{"href":"https:\/\/now-news.de\/de\/wp-json\/wp\/v2\/posts"}],"about":[{"href":"https:\/\/now-news.de\/de\/wp-json\/wp\/v2\/types\/post"}],"author":[{"embeddable":true,"href":"https:\/\/now-news.de\/de\/wp-json\/wp\/v2\/users\/3"}],"replies":[{"embeddable":true,"href":"https:\/\/now-news.de\/de\/wp-json\/wp\/v2\/comments?post=73304"}],"version-history":[{"count":0,"href":"https:\/\/now-news.de\/de\/wp-json\/wp\/v2\/posts\/73304\/revisions"}],"wp:featuredmedia":[{"embeddable":true,"href":"https:\/\/now-news.de\/de\/wp-json\/wp\/v2\/media\/73305"}],"wp:attachment":[{"href":"https:\/\/now-news.de\/de\/wp-json\/wp\/v2\/media?parent=73304"}],"wp:term":[{"taxonomy":"category","embeddable":true,"href":"https:\/\/now-news.de\/de\/wp-json\/wp\/v2\/categories?post=73304"},{"taxonomy":"post_tag","embeddable":true,"href":"https:\/\/now-news.de\/de\/wp-json\/wp\/v2\/tags?post=73304"}],"curies":[{"name":"wp","href":"https:\/\/api.w.org\/{rel}","templated":true}]}}