{"id":73299,"date":"2024-11-26T14:16:51","date_gmt":"2024-11-26T12:16:51","guid":{"rendered":"https:\/\/now-news.de\/de\/deutschland\/merkel-verteidigt-entscheidung-zu-nord-stream-2\/"},"modified":"2024-11-26T14:16:51","modified_gmt":"2024-11-26T12:16:51","slug":"merkel-verteidigt-entscheidung-zu-nord-stream-2","status":"publish","type":"post","link":"https:\/\/now-news.de\/de\/deutschland\/merkel-verteidigt-entscheidung-zu-nord-stream-2\/","title":{"rendered":"Merkel verteidigt Entscheidung zu Nord Stream 2"},"content":{"rendered":"<p><img decoding=\"async\" src=\"https:\/\/now-news.de\/de\/wp-content\/uploads\/sites\/3\/2024\/11\/6745ab5cb480cc019860d608.jpg\" \/><\/p>\n<div class=\"Text-root Text-type_1 \">\n                Ex-Bundeskanzlerin Merkel \u00e4u\u00dfert sich in einem Interview zur Pipeline Nord Stream 2 und ihrer Russlandpolitik. Sie verteidigt ihre Entscheidungen trotz Kritik. W\u00e4hrend ihrer Amtszeit habe sie die wirtschaftlichen Interessen Deutschlands in den Vordergrund gestellt.\n            <\/div>\n<p><\/p>\n<div class=\"Text-root Text-type_5 ArticleView-text ViewText-root \">\n<p>In einem Interview mit der <em>BBC<\/em> verteidigt Angela Merkel, Bundeskanzlerin von 2005 bis 2021, erneut ihre Entscheidung f\u00fcr den Bau der Gaspipeline Nord Stream 2. Trotz des Widerstands sehe sie keine Fehler in ihrer Politik. Sie habe bei der Genehmigung des Projekts die Bedenken sowohl der Ukraine als auch der USA ber\u00fccksichtigt, aber die geopolitischen und wirtschaftlichen Interessen Deutschlands und der EU in den Vordergrund gestellt.<\/p>\n<p>Merkel betont, dass nach dem Ausscheiden von Donald Trump aus dem Wei\u00dfen Haus eine Vereinbarung mit seinem Nachfolger Joe Biden getroffen wurde, die den Bau von Nord Stream 2 unter der Bedingung erm\u00f6glichte, dass Energie nicht als Waffe eingesetzt werde. &#8220;Ich hielt diese Vereinbarung f\u00fcr richtig, aber am Ende ist nie Gas durch Nord Stream 2 geflossen.&#8221;<\/p>\n<p>Im September 2022 wurden beide Nord-Stream-Pipelines gesprengt. Drei der insgesamt vier Str\u00e4nge wurden zerst\u00f6rt. Der russische Pr\u00e4sident Wladimir Putin machte den Westen daf\u00fcr verantwortlich. Die USA h\u00e4tten ein Motiv gehabt, ihr eigenes Gas in Europa zu verkaufen. Angesichts der hohen Energiepreise in Deutschland hatte Putin im vergangenen Jahr Gaslieferungen \u00fcber den letzten noch intakten Strang der Pipeline angeboten.<\/p>\n<p>Der Ukraine-Krieg h\u00e4tte m\u00f6glicherweise fr\u00fcher begonnen, wenn Kiew bereits 2008 den Weg in die NATO eingeschlagen h\u00e4tte, so Merkel. Es sei v\u00f6llig klar, dass Putin nicht tatenlos zugesehen h\u00e4tte, wie die Ukraine Mitglied der NATO geworden w\u00e4re. &#8220;Und damals w\u00e4re die Ukraine milit\u00e4risch sicher nicht so gut vorbereitet gewesen, wie sie es 2022 war.&#8221;\u00a0Diese Position steht im Gegensatz zu der des ukrainischen Pr\u00e4sidenten Wladimir Selenskij, der die damalige Blockade der NATO f\u00fcr eine Fehlentscheidung h\u00e4lt.<\/p>\n<p>Merkel\u00a0habe versucht, Russland durch diplomatische Initiativen wie das Minsker Abkommen von milit\u00e4rischen Aktionen in der Ukraine abzuhalten. Diese Diplomatie habe &#8220;in den ersten Jahren funktioniert, wenn auch nicht perfekt&#8221;.<\/p>\n<p>Abschlie\u00dfend \u00e4u\u00dfert sich\u00a0die Ex-Kanzlerin besorgt \u00fcber die nuklearen Drohungen aus Moskau. Sie betont, dass Europa alles tun m\u00fcsse, um den Einsatz von Atomwaffen zu verhindern. Die westlichen Staaten d\u00fcrften sich nicht von Angst l\u00e4hmen lassen, &#8220;aber wir m\u00fcssen anerkennen, dass Russland neben den USA zu den beiden gr\u00f6\u00dften Nuklearm\u00e4chten der Welt geh\u00f6rt.&#8221;<\/p>\n<p><strong>Mehr zum Thema<\/strong> &#8211; <a rel=\"nofollow noopener\" target=\"_blank\" href=\"https:\/\/freedert.online\/europa\/227180-spaetes-erwachen-merkel-betont-unmoeglichkeit-kriegerische-losung-ukraine\/\">Sp\u00e4tes Erwachen? Merkel betont Unm\u00f6glichkeit rein milit\u00e4rischer Konfliktbeilegung in der Ukraine<\/a><\/p>\n<\/p>\n<\/div>\n<p><br \/>\n<br \/><a href=\"https:\/\/de.rt.com\/europa\/227337-merkel-verteidigt-entscheidung-zu-nord\/\">Source link <\/a><\/p>\n","protected":false},"excerpt":{"rendered":"<p>Ex-Bundeskanzlerin Merkel \u00e4u\u00dfert sich in einem Interview zur Pipeline Nord Stream 2 und ihrer Russlandpolitik. Sie verteidigt ihre Entscheidungen trotz Kritik. W\u00e4hrend ihrer Amtszeit habe sie die wirtschaftlichen Interessen Deutschlands in den Vordergrund gestellt. In einem Interview mit der BBC verteidigt Angela Merkel, Bundeskanzlerin von 2005 bis 2021, erneut ihre Entscheidung f\u00fcr den Bau der [&hellip;]<\/p>\n","protected":false},"author":3,"featured_media":73300,"comment_status":"open","ping_status":"open","sticky":false,"template":"","format":"standard","meta":{"_yoast_indexnow_last_ping":["1732624011"],"wp_automatic_camp":["217"],"5cae8c679b146aefdba96fed943e9f57":["Merkel verteidigt Entscheidung zu Nord Stream 2"],"original_link":["https:\/\/de.rt.com\/europa\/227337-merkel-verteidigt-entscheidung-zu-nord\/"],"_thumbnail_id":["73300"],"jnews_social_counter_last_update":["1777107620"],"_wptgpro_p2tg_sent2tg":["a:1:{i:23737;s:19:\"2024-11-26 14:27:51\";}"]},"categories":[19,23],"tags":[5553,55,11408,8951,4753],"yoast_head":"<!-- This site is optimized with the Yoast SEO Premium plugin v22.7 (Yoast SEO v22.7) - https:\/\/yoast.com\/wordpress\/plugins\/seo\/ -->\n<title>Merkel verteidigt Entscheidung zu Nord Stream 2 - just-now.NEWS Deutschland<\/title>\n<meta name=\"robots\" content=\"index, follow, max-snippet:-1, max-image-preview:large, max-video-preview:-1\" \/>\n<link rel=\"canonical\" href=\"https:\/\/now-news.de\/de\/deutschland\/merkel-verteidigt-entscheidung-zu-nord-stream-2\/\" \/>\n<meta property=\"og:locale\" content=\"de_DE\" \/>\n<meta property=\"og:type\" content=\"article\" \/>\n<meta property=\"og:title\" content=\"Merkel verteidigt Entscheidung zu Nord Stream 2\" \/>\n<meta property=\"og:description\" content=\"Ex-Bundeskanzlerin Merkel \u00e4u\u00dfert sich in einem Interview zur Pipeline Nord Stream 2 und ihrer Russlandpolitik. Sie verteidigt ihre Entscheidungen trotz Kritik. W\u00e4hrend ihrer Amtszeit habe sie die wirtschaftlichen Interessen Deutschlands in den Vordergrund gestellt. In einem Interview mit der BBC verteidigt Angela Merkel, Bundeskanzlerin von 2005 bis 2021, erneut ihre Entscheidung f\u00fcr den Bau der [&hellip;]\" \/>\n<meta property=\"og:url\" content=\"https:\/\/now-news.de\/de\/deutschland\/merkel-verteidigt-entscheidung-zu-nord-stream-2\/\" \/>\n<meta property=\"og:site_name\" content=\"just-now.NEWS Deutschland\" \/>\n<meta property=\"article:publisher\" content=\"https:\/\/www.facebook.com\/wirmachenauf\" \/>\n<meta property=\"article:published_time\" content=\"2024-11-26T12:16:51+00:00\" \/>\n<meta property=\"og:image\" content=\"https:\/\/now-news.de\/de\/wp-content\/uploads\/sites\/3\/2024\/11\/6745ab5cb480cc019860d608.jpg\" \/>\n<meta name=\"author\" content=\"rtnews\" \/>\n<meta name=\"twitter:card\" content=\"summary_large_image\" \/>\n<meta name=\"twitter:creator\" content=\"@WirMachenAuf_de\" \/>\n<meta name=\"twitter:site\" content=\"@WirMachenAuf_de\" \/>\n<meta name=\"twitter:label1\" content=\"Verfasst von\" \/>\n\t<meta name=\"twitter:data1\" content=\"rtnews\" \/>\n\t<meta name=\"twitter:label2\" content=\"Gesch\u00e4tzte Lesezeit\" \/>\n\t<meta name=\"twitter:data2\" content=\"2\u00a0Minuten\" \/>\n<script type=\"application\/ld+json\" class=\"yoast-schema-graph\">{\"@context\":\"https:\/\/schema.org\",\"@graph\":[{\"@type\":\"Article\",\"@id\":\"https:\/\/now-news.de\/de\/deutschland\/merkel-verteidigt-entscheidung-zu-nord-stream-2\/#article\",\"isPartOf\":{\"@id\":\"https:\/\/now-news.de\/de\/deutschland\/merkel-verteidigt-entscheidung-zu-nord-stream-2\/\"},\"author\":{\"name\":\"rtnews\",\"@id\":\"https:\/\/now-news.de\/de\/#\/schema\/person\/fb534a4e865501d8b3285208df34a9b5\"},\"headline\":\"Merkel verteidigt Entscheidung zu Nord Stream 2\",\"datePublished\":\"2024-11-26T12:16:51+00:00\",\"dateModified\":\"2024-11-26T12:16:51+00:00\",\"mainEntityOfPage\":{\"@id\":\"https:\/\/now-news.de\/de\/deutschland\/merkel-verteidigt-entscheidung-zu-nord-stream-2\/\"},\"wordCount\":426,\"commentCount\":0,\"publisher\":{\"@id\":\"https:\/\/now-news.de\/de\/#organization\"},\"image\":{\"@id\":\"https:\/\/now-news.de\/de\/deutschland\/merkel-verteidigt-entscheidung-zu-nord-stream-2\/#primaryimage\"},\"thumbnailUrl\":\"https:\/\/now-news.de\/de\/wp-content\/uploads\/sites\/3\/2024\/11\/Merkel-verteidigt-Entscheidung-zu-Nord-Stream-2.jpg\",\"keywords\":[\"Entscheidung\",\"Merkel\",\"Nord\",\"stream\",\"verteidigt\"],\"articleSection\":[\"Deutschland\",\"Russland\"],\"inLanguage\":\"de\",\"potentialAction\":[{\"@type\":\"CommentAction\",\"name\":\"Comment\",\"target\":[\"https:\/\/now-news.de\/de\/deutschland\/merkel-verteidigt-entscheidung-zu-nord-stream-2\/#respond\"]}]},{\"@type\":\"WebPage\",\"@id\":\"https:\/\/now-news.de\/de\/deutschland\/merkel-verteidigt-entscheidung-zu-nord-stream-2\/\",\"url\":\"https:\/\/now-news.de\/de\/deutschland\/merkel-verteidigt-entscheidung-zu-nord-stream-2\/\",\"name\":\"Merkel verteidigt Entscheidung zu Nord Stream 2 - just-now.NEWS Deutschland\",\"isPartOf\":{\"@id\":\"https:\/\/now-news.de\/de\/#website\"},\"primaryImageOfPage\":{\"@id\":\"https:\/\/now-news.de\/de\/deutschland\/merkel-verteidigt-entscheidung-zu-nord-stream-2\/#primaryimage\"},\"image\":{\"@id\":\"https:\/\/now-news.de\/de\/deutschland\/merkel-verteidigt-entscheidung-zu-nord-stream-2\/#primaryimage\"},\"thumbnailUrl\":\"https:\/\/now-news.de\/de\/wp-content\/uploads\/sites\/3\/2024\/11\/Merkel-verteidigt-Entscheidung-zu-Nord-Stream-2.jpg\",\"datePublished\":\"2024-11-26T12:16:51+00:00\",\"dateModified\":\"2024-11-26T12:16:51+00:00\",\"breadcrumb\":{\"@id\":\"https:\/\/now-news.de\/de\/deutschland\/merkel-verteidigt-entscheidung-zu-nord-stream-2\/#breadcrumb\"},\"inLanguage\":\"de\",\"potentialAction\":[{\"@type\":\"ReadAction\",\"target\":[\"https:\/\/now-news.de\/de\/deutschland\/merkel-verteidigt-entscheidung-zu-nord-stream-2\/\"]}]},{\"@type\":\"ImageObject\",\"inLanguage\":\"de\",\"@id\":\"https:\/\/now-news.de\/de\/deutschland\/merkel-verteidigt-entscheidung-zu-nord-stream-2\/#primaryimage\",\"url\":\"https:\/\/now-news.de\/de\/wp-content\/uploads\/sites\/3\/2024\/11\/Merkel-verteidigt-Entscheidung-zu-Nord-Stream-2.jpg\",\"contentUrl\":\"https:\/\/now-news.de\/de\/wp-content\/uploads\/sites\/3\/2024\/11\/Merkel-verteidigt-Entscheidung-zu-Nord-Stream-2.jpg\",\"width\":460,\"height\":259,\"caption\":\"Merkel verteidigt Entscheidung zu Nord Stream 2\"},{\"@type\":\"BreadcrumbList\",\"@id\":\"https:\/\/now-news.de\/de\/deutschland\/merkel-verteidigt-entscheidung-zu-nord-stream-2\/#breadcrumb\",\"itemListElement\":[{\"@type\":\"ListItem\",\"position\":1,\"name\":\"Home\",\"item\":\"https:\/\/now-news.de\/de\/\"},{\"@type\":\"ListItem\",\"position\":2,\"name\":\"Merkel verteidigt Entscheidung zu Nord Stream 2\"}]},{\"@type\":\"WebSite\",\"@id\":\"https:\/\/now-news.de\/de\/#website\",\"url\":\"https:\/\/now-news.de\/de\/\",\"name\":\"just-now.NEWS Deutschland\",\"description\":\"Das Portal f\u00fcr unzensierte Nachrichten aus der Welt\",\"publisher\":{\"@id\":\"https:\/\/now-news.de\/de\/#organization\"},\"potentialAction\":[{\"@type\":\"SearchAction\",\"target\":{\"@type\":\"EntryPoint\",\"urlTemplate\":\"https:\/\/now-news.de\/de\/?s={search_term_string}\"},\"query-input\":\"required name=search_term_string\"}],\"inLanguage\":\"de\"},{\"@type\":\"Organization\",\"@id\":\"https:\/\/now-news.de\/de\/#organization\",\"name\":\"Just Now News\",\"url\":\"https:\/\/now-news.de\/de\/\",\"logo\":{\"@type\":\"ImageObject\",\"inLanguage\":\"de\",\"@id\":\"https:\/\/now-news.de\/de\/#\/schema\/logo\/image\/\",\"url\":\"http:\/\/just-now.news\/de\/wp-content\/uploads\/sites\/3\/2022\/04\/logo500x500.jpg\",\"contentUrl\":\"http:\/\/just-now.news\/de\/wp-content\/uploads\/sites\/3\/2022\/04\/logo500x500.jpg\",\"width\":500,\"height\":500,\"caption\":\"Just Now News\"},\"image\":{\"@id\":\"https:\/\/now-news.de\/de\/#\/schema\/logo\/image\/\"},\"sameAs\":[\"https:\/\/www.facebook.com\/wirmachenauf\",\"https:\/\/x.com\/WirMachenAuf_de\"]},{\"@type\":\"Person\",\"@id\":\"https:\/\/now-news.de\/de\/#\/schema\/person\/fb534a4e865501d8b3285208df34a9b5\",\"name\":\"rtnews\",\"image\":{\"@type\":\"ImageObject\",\"inLanguage\":\"de\",\"@id\":\"https:\/\/now-news.de\/de\/#\/schema\/person\/image\/\",\"url\":\"https:\/\/secure.gravatar.com\/avatar\/82aafea7d8127119dd649515f56e2117?s=96&d=mm&r=g\",\"contentUrl\":\"https:\/\/secure.gravatar.com\/avatar\/82aafea7d8127119dd649515f56e2117?s=96&d=mm&r=g\",\"caption\":\"rtnews\"},\"url\":\"https:\/\/now-news.de\/de\/author\/rnews\/\"}]}<\/script>\n<!-- \/ Yoast SEO Premium plugin. -->","yoast_head_json":{"title":"Merkel verteidigt Entscheidung zu Nord Stream 2 - just-now.NEWS Deutschland","robots":{"index":"index","follow":"follow","max-snippet":"max-snippet:-1","max-image-preview":"max-image-preview:large","max-video-preview":"max-video-preview:-1"},"canonical":"https:\/\/now-news.de\/de\/deutschland\/merkel-verteidigt-entscheidung-zu-nord-stream-2\/","og_locale":"de_DE","og_type":"article","og_title":"Merkel verteidigt Entscheidung zu Nord Stream 2","og_description":"Ex-Bundeskanzlerin Merkel \u00e4u\u00dfert sich in einem Interview zur Pipeline Nord Stream 2 und ihrer Russlandpolitik. Sie verteidigt ihre Entscheidungen trotz Kritik. W\u00e4hrend ihrer Amtszeit habe sie die wirtschaftlichen Interessen Deutschlands in den Vordergrund gestellt. In einem Interview mit der BBC verteidigt Angela Merkel, Bundeskanzlerin von 2005 bis 2021, erneut ihre Entscheidung f\u00fcr den Bau der [&hellip;]","og_url":"https:\/\/now-news.de\/de\/deutschland\/merkel-verteidigt-entscheidung-zu-nord-stream-2\/","og_site_name":"just-now.NEWS Deutschland","article_publisher":"https:\/\/www.facebook.com\/wirmachenauf","article_published_time":"2024-11-26T12:16:51+00:00","og_image":[{"url":"https:\/\/now-news.de\/de\/wp-content\/uploads\/sites\/3\/2024\/11\/6745ab5cb480cc019860d608.jpg"}],"author":"rtnews","twitter_card":"summary_large_image","twitter_creator":"@WirMachenAuf_de","twitter_site":"@WirMachenAuf_de","twitter_misc":{"Verfasst von":"rtnews","Gesch\u00e4tzte Lesezeit":"2\u00a0Minuten"},"schema":{"@context":"https:\/\/schema.org","@graph":[{"@type":"Article","@id":"https:\/\/now-news.de\/de\/deutschland\/merkel-verteidigt-entscheidung-zu-nord-stream-2\/#article","isPartOf":{"@id":"https:\/\/now-news.de\/de\/deutschland\/merkel-verteidigt-entscheidung-zu-nord-stream-2\/"},"author":{"name":"rtnews","@id":"https:\/\/now-news.de\/de\/#\/schema\/person\/fb534a4e865501d8b3285208df34a9b5"},"headline":"Merkel verteidigt Entscheidung zu Nord Stream 2","datePublished":"2024-11-26T12:16:51+00:00","dateModified":"2024-11-26T12:16:51+00:00","mainEntityOfPage":{"@id":"https:\/\/now-news.de\/de\/deutschland\/merkel-verteidigt-entscheidung-zu-nord-stream-2\/"},"wordCount":426,"commentCount":0,"publisher":{"@id":"https:\/\/now-news.de\/de\/#organization"},"image":{"@id":"https:\/\/now-news.de\/de\/deutschland\/merkel-verteidigt-entscheidung-zu-nord-stream-2\/#primaryimage"},"thumbnailUrl":"https:\/\/now-news.de\/de\/wp-content\/uploads\/sites\/3\/2024\/11\/Merkel-verteidigt-Entscheidung-zu-Nord-Stream-2.jpg","keywords":["Entscheidung","Merkel","Nord","stream","verteidigt"],"articleSection":["Deutschland","Russland"],"inLanguage":"de","potentialAction":[{"@type":"CommentAction","name":"Comment","target":["https:\/\/now-news.de\/de\/deutschland\/merkel-verteidigt-entscheidung-zu-nord-stream-2\/#respond"]}]},{"@type":"WebPage","@id":"https:\/\/now-news.de\/de\/deutschland\/merkel-verteidigt-entscheidung-zu-nord-stream-2\/","url":"https:\/\/now-news.de\/de\/deutschland\/merkel-verteidigt-entscheidung-zu-nord-stream-2\/","name":"Merkel verteidigt Entscheidung zu Nord Stream 2 - just-now.NEWS Deutschland","isPartOf":{"@id":"https:\/\/now-news.de\/de\/#website"},"primaryImageOfPage":{"@id":"https:\/\/now-news.de\/de\/deutschland\/merkel-verteidigt-entscheidung-zu-nord-stream-2\/#primaryimage"},"image":{"@id":"https:\/\/now-news.de\/de\/deutschland\/merkel-verteidigt-entscheidung-zu-nord-stream-2\/#primaryimage"},"thumbnailUrl":"https:\/\/now-news.de\/de\/wp-content\/uploads\/sites\/3\/2024\/11\/Merkel-verteidigt-Entscheidung-zu-Nord-Stream-2.jpg","datePublished":"2024-11-26T12:16:51+00:00","dateModified":"2024-11-26T12:16:51+00:00","breadcrumb":{"@id":"https:\/\/now-news.de\/de\/deutschland\/merkel-verteidigt-entscheidung-zu-nord-stream-2\/#breadcrumb"},"inLanguage":"de","potentialAction":[{"@type":"ReadAction","target":["https:\/\/now-news.de\/de\/deutschland\/merkel-verteidigt-entscheidung-zu-nord-stream-2\/"]}]},{"@type":"ImageObject","inLanguage":"de","@id":"https:\/\/now-news.de\/de\/deutschland\/merkel-verteidigt-entscheidung-zu-nord-stream-2\/#primaryimage","url":"https:\/\/now-news.de\/de\/wp-content\/uploads\/sites\/3\/2024\/11\/Merkel-verteidigt-Entscheidung-zu-Nord-Stream-2.jpg","contentUrl":"https:\/\/now-news.de\/de\/wp-content\/uploads\/sites\/3\/2024\/11\/Merkel-verteidigt-Entscheidung-zu-Nord-Stream-2.jpg","width":460,"height":259,"caption":"Merkel verteidigt Entscheidung zu Nord Stream 2"},{"@type":"BreadcrumbList","@id":"https:\/\/now-news.de\/de\/deutschland\/merkel-verteidigt-entscheidung-zu-nord-stream-2\/#breadcrumb","itemListElement":[{"@type":"ListItem","position":1,"name":"Home","item":"https:\/\/now-news.de\/de\/"},{"@type":"ListItem","position":2,"name":"Merkel verteidigt Entscheidung zu Nord Stream 2"}]},{"@type":"WebSite","@id":"https:\/\/now-news.de\/de\/#website","url":"https:\/\/now-news.de\/de\/","name":"just-now.NEWS Deutschland","description":"Das Portal f\u00fcr unzensierte Nachrichten aus der Welt","publisher":{"@id":"https:\/\/now-news.de\/de\/#organization"},"potentialAction":[{"@type":"SearchAction","target":{"@type":"EntryPoint","urlTemplate":"https:\/\/now-news.de\/de\/?s={search_term_string}"},"query-input":"required name=search_term_string"}],"inLanguage":"de"},{"@type":"Organization","@id":"https:\/\/now-news.de\/de\/#organization","name":"Just Now News","url":"https:\/\/now-news.de\/de\/","logo":{"@type":"ImageObject","inLanguage":"de","@id":"https:\/\/now-news.de\/de\/#\/schema\/logo\/image\/","url":"http:\/\/just-now.news\/de\/wp-content\/uploads\/sites\/3\/2022\/04\/logo500x500.jpg","contentUrl":"http:\/\/just-now.news\/de\/wp-content\/uploads\/sites\/3\/2022\/04\/logo500x500.jpg","width":500,"height":500,"caption":"Just Now News"},"image":{"@id":"https:\/\/now-news.de\/de\/#\/schema\/logo\/image\/"},"sameAs":["https:\/\/www.facebook.com\/wirmachenauf","https:\/\/x.com\/WirMachenAuf_de"]},{"@type":"Person","@id":"https:\/\/now-news.de\/de\/#\/schema\/person\/fb534a4e865501d8b3285208df34a9b5","name":"rtnews","image":{"@type":"ImageObject","inLanguage":"de","@id":"https:\/\/now-news.de\/de\/#\/schema\/person\/image\/","url":"https:\/\/secure.gravatar.com\/avatar\/82aafea7d8127119dd649515f56e2117?s=96&d=mm&r=g","contentUrl":"https:\/\/secure.gravatar.com\/avatar\/82aafea7d8127119dd649515f56e2117?s=96&d=mm&r=g","caption":"rtnews"},"url":"https:\/\/now-news.de\/de\/author\/rnews\/"}]}},"_links":{"self":[{"href":"https:\/\/now-news.de\/de\/wp-json\/wp\/v2\/posts\/73299"}],"collection":[{"href":"https:\/\/now-news.de\/de\/wp-json\/wp\/v2\/posts"}],"about":[{"href":"https:\/\/now-news.de\/de\/wp-json\/wp\/v2\/types\/post"}],"author":[{"embeddable":true,"href":"https:\/\/now-news.de\/de\/wp-json\/wp\/v2\/users\/3"}],"replies":[{"embeddable":true,"href":"https:\/\/now-news.de\/de\/wp-json\/wp\/v2\/comments?post=73299"}],"version-history":[{"count":0,"href":"https:\/\/now-news.de\/de\/wp-json\/wp\/v2\/posts\/73299\/revisions"}],"wp:featuredmedia":[{"embeddable":true,"href":"https:\/\/now-news.de\/de\/wp-json\/wp\/v2\/media\/73300"}],"wp:attachment":[{"href":"https:\/\/now-news.de\/de\/wp-json\/wp\/v2\/media?parent=73299"}],"wp:term":[{"taxonomy":"category","embeddable":true,"href":"https:\/\/now-news.de\/de\/wp-json\/wp\/v2\/categories?post=73299"},{"taxonomy":"post_tag","embeddable":true,"href":"https:\/\/now-news.de\/de\/wp-json\/wp\/v2\/tags?post=73299"}],"curies":[{"name":"wp","href":"https:\/\/api.w.org\/{rel}","templated":true}]}}