{"id":73247,"date":"2024-11-25T19:13:42","date_gmt":"2024-11-25T17:13:42","guid":{"rendered":"https:\/\/now-news.de\/de\/deutschland\/weltweiter-appell-von-scott-ritter-%e2%80%92-aktionstag-gegen-drohenden-nuklearkrieg\/"},"modified":"2024-11-25T19:13:42","modified_gmt":"2024-11-25T17:13:42","slug":"weltweiter-appell-von-scott-ritter-%e2%80%92-aktionstag-gegen-drohenden-nuklearkrieg","status":"publish","type":"post","link":"https:\/\/now-news.de\/de\/deutschland\/weltweiter-appell-von-scott-ritter-%e2%80%92-aktionstag-gegen-drohenden-nuklearkrieg\/","title":{"rendered":"Weltweiter Appell von Scott Ritter \u2012 Aktionstag gegen drohenden Nuklearkrieg"},"content":{"rendered":"<p><img decoding=\"async\" src=\"https:\/\/now-news.de\/de\/wp-content\/uploads\/sites\/3\/2024\/11\/6744a7d648fbef680536da13.jpg\" \/><\/p>\n<div class=\"Text-root Text-type_1 \">\n                Ritters Botschaft ist klar: Die Menschheit steht am Rande der gr\u00f6\u00dften Katastrophe seit dem Beginn des Atomzeitalters, und die Zeit zum Handeln l\u00e4uft ab. &#8220;Dies ist der Kampf unseres Lebens&#8221;, erkl\u00e4rte Ritter. &#8220;Wenn wir verlieren, sterben wir alle. Das ist keine Metapher, sondern die Realit\u00e4t.&#8221;\n            <\/div>\n<p><\/p>\n<div class=\"Text-root Text-type_5 ArticleView-text ViewText-root \">\n<p><em>Von Rainer Rupp<\/em><\/p>\n<p>Am 23. November 2024 hielt Scott Ritter, ehemaliger UN-Waffeninspektor und Offizier des US-Geheimdienstes, eine eindringliche <a rel=\"nofollow noopener\" target=\"_blank\" href=\"https:\/\/www.youtube.com\/watch?v=gHdmVnfihss\">Rede auf der Konferenz<\/a> des Internationalen Schiller-Instituts mit weltweiter Verbreitung. Mit unverbl\u00fcmter Dringlichkeit warnte er vor der akuten Gefahr eines nuklearen Konflikts, der durch die Eskalation der NATO gegen Russland ausgel\u00f6st werden k\u00f6nnte.<\/p>\n<p><strong>Ein Wendepunkt in der Geschichte der Nuklearwaffen<\/strong><\/p>\n<p>&#8220;Wir sind n\u00e4her an einem nuklearen Krieg, als wir es jemals zuvor waren&#8221;, erkl\u00e4rte Ritter. Diese Aussage bezieht sich auf eine Kombination aus geopolitischen Entwicklungen und milit\u00e4rischen Strategien, die seit dem Ende des Kalten Krieges zunehmend instabil geworden sind. Die aktuelle Lage sei durch mehrere gef\u00e4hrliche Trends gepr\u00e4gt, so Ritter:<\/p>\n<ol>\n<li>\n<p><strong>Absenkung der nuklearen Einsatzschwellen:<\/strong> Russland habe seine Nukleardoktrin angepasst, um auf existenzielle Bedrohungen durch die NATO und die USA reagieren zu k\u00f6nnen. Nicht nur nach Ritters Einsch\u00e4tzung k\u00f6nnten Bedingungen f\u00fcr den Einsatz nuklearer Waffen bereits erf\u00fcllt sein.<\/p>\n<\/li>\n<li>\n<p><strong>Aggressive NATO-Strategien:<\/strong> Die Stationierung hochmoderner Offensivsysteme in Europa an den Grenzen zu Russland verst\u00e4rke die Wahrnehmung des Kremls, eingekreist zu werden.<\/p>\n<\/li>\n<li>\n<p><strong>Zeitdruck durch politische Dynamik:<\/strong> Laut Ritter arbeitet die Regierung Biden intensiv daran, bis zum Amtsantritt von Donald Trump am 20. Januar 2025 mit Provokationen und der Lieferung neuer Waffensysteme irreversible Fakten zu schaffen, damit der Krieg in der Ukraine weiter eskaliert und Trump einen Krieg erbt, der in vollem Schwung ist und aus dem selbst er nicht so einfach aussteigen kann, weil die USA bereits als Kriegspartei involviert sind.<\/p>\n<\/li>\n<\/ol>\n<p><strong>NATO-Russland: Eine Eskalationsspirale<\/strong><\/p>\n<p>Ritter stellte klar, dass die Beziehung zwischen der NATO und Russland heute von einseitigen westlichen Provokationen und gegenseitigem Misstrauen sowie mangelnder Kommunikation gepr\u00e4gt sei. Die NATO, die urspr\u00fcnglich als Verteidigungsb\u00fcndnis gegr\u00fcndet wurde, habe sich nach Ritters Ansicht zu einer Organisation entwickelt, die zunehmend offensiv agiert. Er verwies auf die in Deutschland geplante Stationierung des Dark-Eagle-Raketensystems, einer US-Hyperschallwaffe, und auf die Aegis-Ashore-Raketenabwehrsysteme in Osteuropa, die zugleich auch Angriffsraketen abschie\u00dfen k\u00f6nnen.<\/p>\n<p>Obwohl diese US-Systeme laut offizieller Stellungnahmen aus Washington gegen angebliche Bedrohungen aus\u00a0Iran gerichtet seien, interpretiert Russland diese l\u00e4cherliche L\u00fcge als Teil einer umfassenden Vorgehensweise\u00a0zur strategischen Einkreisung. Ritter hob hervor, dass Russland als Reaktion darauf ein eigenes Mittelstrecken-Raketensystem (Oreschnik) entwickelt habe, das in der Lage sei, jedes NATO-Ziel in Europa zu zerst\u00f6ren \u2013 einschlie\u00dflich wichtiger Kommandozentralen und logistischer Einrichtungen.<\/p>\n<p>Ritters Botschaft war eindeutig: &#8220;Russland blufft nicht.&#8221; Die Eskalationslogik sei darauf ausgerichtet, Russland in eine Ecke zu dr\u00e4ngen, was die Gefahr einer Fehlkalkulation oder einer bewussten Provokation erheblich erh\u00f6he.<\/p>\n<p>Ein zentrales Element in Ritters Argumentation ist die Rolle der politischen Agenda der Biden-Regierung. Seiner Meinung nach versucht diese Administration, ihre Politik gegen\u00fcber Russland und der Ukraine &#8220;Trump-sicher&#8221; zu machen, bevor die Amts\u00fcbernahme durch Trump in Washington stattfindet. Damit verbunden sei ein beschleunigter Zeitplan, der den Druck auf alle Seiten erh\u00f6ht.<\/p>\n<p>Dieser Zeitdruck, so Ritter, lasse keinen Raum f\u00fcr Diplomatie oder Deeskalation. &#8220;Ein einziger Fehler k\u00f6nnte alles ausl\u00f6sen \u2013 und wir h\u00e4tten keinen Weg zur\u00fcck&#8221;, warnte er. Das politische Ziel, Russland strategisch zu besiegen, w\u00fcrde um jeden Preis verfolgt, selbst wenn dies das Risiko eines nuklearen Konflikts erh\u00f6he.<\/p>\n<p><strong>Konsequenzen eines Nuklearkriegs: Ritters d\u00fcstere Prognose<\/strong><\/p>\n<p>Die Konsequenzen eines nuklearen Konflikts w\u00e4ren laut Ritter unvorstellbar. Er betonte, dass es keine begrenzten nuklearen Konflikte gebe. Sobald eine Nuklearwaffe eingesetzt wird, sei eine unkontrollierbare Eskalation unvermeidlich. &#8220;Innerhalb von 72 Minuten nach der ersten Explosion w\u00e4ren hunderte Millionen Menschen tot&#8221;, erkl\u00e4rte Ritter und verwies auf milit\u00e4rische Studien und Szenarien, die den Verlauf eines solchen Krieges simulieren.<\/p>\n<p>Besonders alarmierend seien die Aussagen hochrangiger US-Milit\u00e4rs, die \u00f6ffentlich erkl\u00e4rt h\u00e4tten, dass die USA &#8220;bereit f\u00fcr einen nuklearen Austausch mit Russland&#8221; seien. Ritter kritisierte diese Haltung als verantwortungslos und brandmarkte sie als &#8220;kollektiven Todeswunsch&#8221;.<\/p>\n<p><strong>Historischer Kontext: Nukleare Konfrontationen und Lehren der Vergangenheit<\/strong><\/p>\n<p>Ritters Warnungen erinnern an die gef\u00e4hrlichsten Momente des Kalten Krieges, darunter die Kubakrise von 1962. Damals konnte durch direkte Kommunikation zwischen den F\u00fchrern der USA und der Sowjetunion ein nuklearer Krieg knapp abgewendet werden. Doch heute, so Ritter, fehle eine solche Kommunikation. Stattdessen sei die Lage durch Polarisierung, Propaganda und eine kompromisslose Haltung gepr\u00e4gt.<\/p>\n<p>Er zitierte den ber\u00fchmten Satz von John F. Kennedy, der 1963 vor der Eskalation von Konflikten gewarnt hatte, die &#8220;einen Gegner vor die Wahl stellen zwischen einer dem\u00fctigenden Kapitulation oder dem Einsatz von Nuklearwaffen&#8221;. Ritter stellte fest, dass diese Warnung heute aktueller sei denn je. Deshalb forderte er eine R\u00fcckkehr zur Diplomatie und zur Zusammenarbeit. &#8220;Frieden ist keine Selbstverst\u00e4ndlichkeit&#8221;, sagte er. &#8220;Er muss aktiv verteidigt werden.&#8221;<\/p>\n<p><strong>Ritters L\u00f6sungsvorschlag: Ein globaler Aufruf zum Handeln<\/strong><\/p>\n<p>Ritter argumentierte, dass die Stimme der Bev\u00f6lkerung die einzige verbleibende Kraft ist, die in der Lage ist, die Eskalation zu stoppen. Die Dringlichkeit seiner Worte ist ein Weckruf an die Menschheit, die drohende Katastrophe nicht zu ignorieren. Er betonte, dass die kommenden Wochen und Monate entscheidend sein k\u00f6nnten \u2013 nicht nur f\u00fcr den Ausgang des Konflikts in der Ukraine, sondern f\u00fcr das \u00dcberleben der gesamten Menschheit.<\/p>\n<p>Angesichts dieser immensen, realen Gefahr sieht Ritter nur eine L\u00f6sung: Massenmobilisierung und \u00f6ffentlicher Druck. Er rief dazu auf, am 7. Dezember 2024 in Washington, D.C., zu einer Demonstration zu kommen, um ein klares Signal gegen die Eskalation zu setzen. Unter dem Hashtag #SayNoToNuclearWar fordert er Menschen weltweit auf, sich in lokalen Aktionen dem Protest anzuschlie\u00dfen und die Politik ihrer Regierungen kritisch zu hinterfragen.<\/p>\n<p>&#8220;Dies ist der Kampf unseres Lebens&#8221;, erkl\u00e4rte Ritter. &#8220;Wenn wir verlieren, sterben wir alle. Das ist keine Metapher, sondern die Realit\u00e4t.&#8221;<\/p>\n<p><strong>Mehr zum Thema<\/strong> &#8211; <a rel=\"nofollow noopener\" target=\"_blank\" href=\"https:\/\/freedert.online\/international\/226414-warum-biden-raketenangriffe-tief-in-russland-genehmigt\/\">Warum Biden Raketenangriffe tief in Russland genehmigt <\/a><\/p>\n<div class=\"EmbedBlock-root EmbedBlock-externalVideo EmbedBlock-rumble\">\n<div class=\"VkEmbed\"><iframe class=\"lazyload\" data-src=\"https:\/\/rumble.com\/embed\/v5q5qsz\" frameborder=\"0\" width=\"853\" height=\"480\" allowfullscreen><\/iframe><\/div>\n<\/div>\n<\/div>\n<p><br \/>\n<br \/><a href=\"https:\/\/de.rt.com\/international\/227235-weltweiter-appell-von-scott-ritter\/\">Source link <\/a><\/p>\n","protected":false},"excerpt":{"rendered":"<p>Ritters Botschaft ist klar: Die Menschheit steht am Rande der gr\u00f6\u00dften Katastrophe seit dem Beginn des Atomzeitalters, und die Zeit zum Handeln l\u00e4uft ab. &#8220;Dies ist der Kampf unseres Lebens&#8221;, erkl\u00e4rte Ritter. &#8220;Wenn wir verlieren, sterben wir alle. Das ist keine Metapher, sondern die Realit\u00e4t.&#8221; Von Rainer Rupp Am 23. November 2024 hielt Scott Ritter, [&hellip;]<\/p>\n","protected":false},"author":3,"featured_media":73248,"comment_status":"open","ping_status":"open","sticky":false,"template":"","format":"standard","meta":{"_yoast_indexnow_last_ping":["1732555546"],"wp_automatic_camp":["217"],"2a0513f023c12709b106c9b6d6c8b979":["Weltweiter Appell von Scott Ritter \u2012 Aktionstag gegen drohenden Nuklearkrieg"],"original_link":["https:\/\/de.rt.com\/international\/227235-weltweiter-appell-von-scott-ritter\/"],"_thumbnail_id":["73248"],"jnews_social_counter_last_update":["1777335185"],"_wptgpro_p2tg_sent2tg":["a:1:{i:23737;s:19:\"2024-11-25 19:26:49\";}"]},"categories":[19,23],"tags":[52249,24702,32444,278,33903,24863,3221,50,24275],"yoast_head":"<!-- This site is optimized with the Yoast SEO Premium plugin v22.7 (Yoast SEO v22.7) - https:\/\/yoast.com\/wordpress\/plugins\/seo\/ -->\n<title>Weltweiter Appell von Scott Ritter \u2012 Aktionstag gegen drohenden Nuklearkrieg - just-now.NEWS Deutschland<\/title>\n<meta name=\"robots\" content=\"index, follow, max-snippet:-1, max-image-preview:large, max-video-preview:-1\" \/>\n<link rel=\"canonical\" href=\"https:\/\/now-news.de\/de\/deutschland\/weltweiter-appell-von-scott-ritter-\u2012-aktionstag-gegen-drohenden-nuklearkrieg\/\" \/>\n<meta property=\"og:locale\" content=\"de_DE\" \/>\n<meta property=\"og:type\" content=\"article\" \/>\n<meta property=\"og:title\" content=\"Weltweiter Appell von Scott Ritter \u2012 Aktionstag gegen drohenden Nuklearkrieg\" \/>\n<meta property=\"og:description\" content=\"Ritters Botschaft ist klar: Die Menschheit steht am Rande der gr\u00f6\u00dften Katastrophe seit dem Beginn des Atomzeitalters, und die Zeit zum Handeln l\u00e4uft ab. &#8220;Dies ist der Kampf unseres Lebens&#8221;, erkl\u00e4rte Ritter. &#8220;Wenn wir verlieren, sterben wir alle. Das ist keine Metapher, sondern die Realit\u00e4t.&#8221; Von Rainer Rupp Am 23. November 2024 hielt Scott Ritter, [&hellip;]\" \/>\n<meta property=\"og:url\" content=\"https:\/\/now-news.de\/de\/deutschland\/weltweiter-appell-von-scott-ritter-\u2012-aktionstag-gegen-drohenden-nuklearkrieg\/\" \/>\n<meta property=\"og:site_name\" content=\"just-now.NEWS Deutschland\" \/>\n<meta property=\"article:publisher\" content=\"https:\/\/www.facebook.com\/wirmachenauf\" \/>\n<meta property=\"article:published_time\" content=\"2024-11-25T17:13:42+00:00\" \/>\n<meta property=\"og:image\" content=\"https:\/\/now-news.de\/de\/wp-content\/uploads\/sites\/3\/2024\/11\/6744a7d648fbef680536da13.jpg\" \/>\n<meta name=\"author\" content=\"rtnews\" \/>\n<meta name=\"twitter:card\" content=\"summary_large_image\" \/>\n<meta name=\"twitter:creator\" content=\"@WirMachenAuf_de\" \/>\n<meta name=\"twitter:site\" content=\"@WirMachenAuf_de\" \/>\n<meta name=\"twitter:label1\" content=\"Verfasst von\" \/>\n\t<meta name=\"twitter:data1\" content=\"rtnews\" \/>\n\t<meta name=\"twitter:label2\" content=\"Gesch\u00e4tzte Lesezeit\" \/>\n\t<meta name=\"twitter:data2\" content=\"5\u00a0Minuten\" \/>\n<script type=\"application\/ld+json\" class=\"yoast-schema-graph\">{\"@context\":\"https:\/\/schema.org\",\"@graph\":[{\"@type\":\"Article\",\"@id\":\"https:\/\/now-news.de\/de\/deutschland\/weltweiter-appell-von-scott-ritter-%e2%80%92-aktionstag-gegen-drohenden-nuklearkrieg\/#article\",\"isPartOf\":{\"@id\":\"https:\/\/now-news.de\/de\/deutschland\/weltweiter-appell-von-scott-ritter-%e2%80%92-aktionstag-gegen-drohenden-nuklearkrieg\/\"},\"author\":{\"name\":\"rtnews\",\"@id\":\"https:\/\/now-news.de\/de\/#\/schema\/person\/fb534a4e865501d8b3285208df34a9b5\"},\"headline\":\"Weltweiter Appell von Scott Ritter \u2012 Aktionstag gegen drohenden Nuklearkrieg\",\"datePublished\":\"2024-11-25T17:13:42+00:00\",\"dateModified\":\"2024-11-25T17:13:42+00:00\",\"mainEntityOfPage\":{\"@id\":\"https:\/\/now-news.de\/de\/deutschland\/weltweiter-appell-von-scott-ritter-%e2%80%92-aktionstag-gegen-drohenden-nuklearkrieg\/\"},\"wordCount\":998,\"commentCount\":0,\"publisher\":{\"@id\":\"https:\/\/now-news.de\/de\/#organization\"},\"image\":{\"@id\":\"https:\/\/now-news.de\/de\/deutschland\/weltweiter-appell-von-scott-ritter-%e2%80%92-aktionstag-gegen-drohenden-nuklearkrieg\/#primaryimage\"},\"thumbnailUrl\":\"https:\/\/now-news.de\/de\/wp-content\/uploads\/sites\/3\/2024\/11\/Weltweiter-Appell-von-Scott-Ritter-\u2012-Aktionstag-gegen-drohenden-Nuklearkrieg.jpg\",\"keywords\":[\"Aktionstag\",\"Appell\",\"drohenden\",\"gegen\",\"Nuklearkrieg\",\"Ritter\",\"Scott\",\"von\",\"weltweiter\"],\"articleSection\":[\"Deutschland\",\"Russland\"],\"inLanguage\":\"de\",\"potentialAction\":[{\"@type\":\"CommentAction\",\"name\":\"Comment\",\"target\":[\"https:\/\/now-news.de\/de\/deutschland\/weltweiter-appell-von-scott-ritter-%e2%80%92-aktionstag-gegen-drohenden-nuklearkrieg\/#respond\"]}]},{\"@type\":\"WebPage\",\"@id\":\"https:\/\/now-news.de\/de\/deutschland\/weltweiter-appell-von-scott-ritter-%e2%80%92-aktionstag-gegen-drohenden-nuklearkrieg\/\",\"url\":\"https:\/\/now-news.de\/de\/deutschland\/weltweiter-appell-von-scott-ritter-%e2%80%92-aktionstag-gegen-drohenden-nuklearkrieg\/\",\"name\":\"Weltweiter Appell von Scott Ritter \u2012 Aktionstag gegen drohenden Nuklearkrieg - just-now.NEWS Deutschland\",\"isPartOf\":{\"@id\":\"https:\/\/now-news.de\/de\/#website\"},\"primaryImageOfPage\":{\"@id\":\"https:\/\/now-news.de\/de\/deutschland\/weltweiter-appell-von-scott-ritter-%e2%80%92-aktionstag-gegen-drohenden-nuklearkrieg\/#primaryimage\"},\"image\":{\"@id\":\"https:\/\/now-news.de\/de\/deutschland\/weltweiter-appell-von-scott-ritter-%e2%80%92-aktionstag-gegen-drohenden-nuklearkrieg\/#primaryimage\"},\"thumbnailUrl\":\"https:\/\/now-news.de\/de\/wp-content\/uploads\/sites\/3\/2024\/11\/Weltweiter-Appell-von-Scott-Ritter-\u2012-Aktionstag-gegen-drohenden-Nuklearkrieg.jpg\",\"datePublished\":\"2024-11-25T17:13:42+00:00\",\"dateModified\":\"2024-11-25T17:13:42+00:00\",\"breadcrumb\":{\"@id\":\"https:\/\/now-news.de\/de\/deutschland\/weltweiter-appell-von-scott-ritter-%e2%80%92-aktionstag-gegen-drohenden-nuklearkrieg\/#breadcrumb\"},\"inLanguage\":\"de\",\"potentialAction\":[{\"@type\":\"ReadAction\",\"target\":[\"https:\/\/now-news.de\/de\/deutschland\/weltweiter-appell-von-scott-ritter-%e2%80%92-aktionstag-gegen-drohenden-nuklearkrieg\/\"]}]},{\"@type\":\"ImageObject\",\"inLanguage\":\"de\",\"@id\":\"https:\/\/now-news.de\/de\/deutschland\/weltweiter-appell-von-scott-ritter-%e2%80%92-aktionstag-gegen-drohenden-nuklearkrieg\/#primaryimage\",\"url\":\"https:\/\/now-news.de\/de\/wp-content\/uploads\/sites\/3\/2024\/11\/Weltweiter-Appell-von-Scott-Ritter-\u2012-Aktionstag-gegen-drohenden-Nuklearkrieg.jpg\",\"contentUrl\":\"https:\/\/now-news.de\/de\/wp-content\/uploads\/sites\/3\/2024\/11\/Weltweiter-Appell-von-Scott-Ritter-\u2012-Aktionstag-gegen-drohenden-Nuklearkrieg.jpg\",\"width\":460,\"height\":259,\"caption\":\"Weltweiter Appell von Scott Ritter \u2012 Aktionstag gegen drohenden Nuklearkrieg\"},{\"@type\":\"BreadcrumbList\",\"@id\":\"https:\/\/now-news.de\/de\/deutschland\/weltweiter-appell-von-scott-ritter-%e2%80%92-aktionstag-gegen-drohenden-nuklearkrieg\/#breadcrumb\",\"itemListElement\":[{\"@type\":\"ListItem\",\"position\":1,\"name\":\"Home\",\"item\":\"https:\/\/now-news.de\/de\/\"},{\"@type\":\"ListItem\",\"position\":2,\"name\":\"Weltweiter Appell von Scott Ritter \u2012 Aktionstag gegen drohenden Nuklearkrieg\"}]},{\"@type\":\"WebSite\",\"@id\":\"https:\/\/now-news.de\/de\/#website\",\"url\":\"https:\/\/now-news.de\/de\/\",\"name\":\"just-now.NEWS Deutschland\",\"description\":\"Das Portal f\u00fcr unzensierte Nachrichten aus der Welt\",\"publisher\":{\"@id\":\"https:\/\/now-news.de\/de\/#organization\"},\"potentialAction\":[{\"@type\":\"SearchAction\",\"target\":{\"@type\":\"EntryPoint\",\"urlTemplate\":\"https:\/\/now-news.de\/de\/?s={search_term_string}\"},\"query-input\":\"required name=search_term_string\"}],\"inLanguage\":\"de\"},{\"@type\":\"Organization\",\"@id\":\"https:\/\/now-news.de\/de\/#organization\",\"name\":\"Just Now News\",\"url\":\"https:\/\/now-news.de\/de\/\",\"logo\":{\"@type\":\"ImageObject\",\"inLanguage\":\"de\",\"@id\":\"https:\/\/now-news.de\/de\/#\/schema\/logo\/image\/\",\"url\":\"http:\/\/just-now.news\/de\/wp-content\/uploads\/sites\/3\/2022\/04\/logo500x500.jpg\",\"contentUrl\":\"http:\/\/just-now.news\/de\/wp-content\/uploads\/sites\/3\/2022\/04\/logo500x500.jpg\",\"width\":500,\"height\":500,\"caption\":\"Just Now News\"},\"image\":{\"@id\":\"https:\/\/now-news.de\/de\/#\/schema\/logo\/image\/\"},\"sameAs\":[\"https:\/\/www.facebook.com\/wirmachenauf\",\"https:\/\/x.com\/WirMachenAuf_de\"]},{\"@type\":\"Person\",\"@id\":\"https:\/\/now-news.de\/de\/#\/schema\/person\/fb534a4e865501d8b3285208df34a9b5\",\"name\":\"rtnews\",\"image\":{\"@type\":\"ImageObject\",\"inLanguage\":\"de\",\"@id\":\"https:\/\/now-news.de\/de\/#\/schema\/person\/image\/\",\"url\":\"https:\/\/secure.gravatar.com\/avatar\/82aafea7d8127119dd649515f56e2117?s=96&d=mm&r=g\",\"contentUrl\":\"https:\/\/secure.gravatar.com\/avatar\/82aafea7d8127119dd649515f56e2117?s=96&d=mm&r=g\",\"caption\":\"rtnews\"},\"url\":\"https:\/\/now-news.de\/de\/author\/rnews\/\"}]}<\/script>\n<!-- \/ Yoast SEO Premium plugin. -->","yoast_head_json":{"title":"Weltweiter Appell von Scott Ritter \u2012 Aktionstag gegen drohenden Nuklearkrieg - just-now.NEWS Deutschland","robots":{"index":"index","follow":"follow","max-snippet":"max-snippet:-1","max-image-preview":"max-image-preview:large","max-video-preview":"max-video-preview:-1"},"canonical":"https:\/\/now-news.de\/de\/deutschland\/weltweiter-appell-von-scott-ritter-\u2012-aktionstag-gegen-drohenden-nuklearkrieg\/","og_locale":"de_DE","og_type":"article","og_title":"Weltweiter Appell von Scott Ritter \u2012 Aktionstag gegen drohenden Nuklearkrieg","og_description":"Ritters Botschaft ist klar: Die Menschheit steht am Rande der gr\u00f6\u00dften Katastrophe seit dem Beginn des Atomzeitalters, und die Zeit zum Handeln l\u00e4uft ab. &#8220;Dies ist der Kampf unseres Lebens&#8221;, erkl\u00e4rte Ritter. &#8220;Wenn wir verlieren, sterben wir alle. Das ist keine Metapher, sondern die Realit\u00e4t.&#8221; Von Rainer Rupp Am 23. November 2024 hielt Scott Ritter, [&hellip;]","og_url":"https:\/\/now-news.de\/de\/deutschland\/weltweiter-appell-von-scott-ritter-\u2012-aktionstag-gegen-drohenden-nuklearkrieg\/","og_site_name":"just-now.NEWS Deutschland","article_publisher":"https:\/\/www.facebook.com\/wirmachenauf","article_published_time":"2024-11-25T17:13:42+00:00","og_image":[{"url":"https:\/\/now-news.de\/de\/wp-content\/uploads\/sites\/3\/2024\/11\/6744a7d648fbef680536da13.jpg"}],"author":"rtnews","twitter_card":"summary_large_image","twitter_creator":"@WirMachenAuf_de","twitter_site":"@WirMachenAuf_de","twitter_misc":{"Verfasst von":"rtnews","Gesch\u00e4tzte Lesezeit":"5\u00a0Minuten"},"schema":{"@context":"https:\/\/schema.org","@graph":[{"@type":"Article","@id":"https:\/\/now-news.de\/de\/deutschland\/weltweiter-appell-von-scott-ritter-%e2%80%92-aktionstag-gegen-drohenden-nuklearkrieg\/#article","isPartOf":{"@id":"https:\/\/now-news.de\/de\/deutschland\/weltweiter-appell-von-scott-ritter-%e2%80%92-aktionstag-gegen-drohenden-nuklearkrieg\/"},"author":{"name":"rtnews","@id":"https:\/\/now-news.de\/de\/#\/schema\/person\/fb534a4e865501d8b3285208df34a9b5"},"headline":"Weltweiter Appell von Scott Ritter \u2012 Aktionstag gegen drohenden Nuklearkrieg","datePublished":"2024-11-25T17:13:42+00:00","dateModified":"2024-11-25T17:13:42+00:00","mainEntityOfPage":{"@id":"https:\/\/now-news.de\/de\/deutschland\/weltweiter-appell-von-scott-ritter-%e2%80%92-aktionstag-gegen-drohenden-nuklearkrieg\/"},"wordCount":998,"commentCount":0,"publisher":{"@id":"https:\/\/now-news.de\/de\/#organization"},"image":{"@id":"https:\/\/now-news.de\/de\/deutschland\/weltweiter-appell-von-scott-ritter-%e2%80%92-aktionstag-gegen-drohenden-nuklearkrieg\/#primaryimage"},"thumbnailUrl":"https:\/\/now-news.de\/de\/wp-content\/uploads\/sites\/3\/2024\/11\/Weltweiter-Appell-von-Scott-Ritter-\u2012-Aktionstag-gegen-drohenden-Nuklearkrieg.jpg","keywords":["Aktionstag","Appell","drohenden","gegen","Nuklearkrieg","Ritter","Scott","von","weltweiter"],"articleSection":["Deutschland","Russland"],"inLanguage":"de","potentialAction":[{"@type":"CommentAction","name":"Comment","target":["https:\/\/now-news.de\/de\/deutschland\/weltweiter-appell-von-scott-ritter-%e2%80%92-aktionstag-gegen-drohenden-nuklearkrieg\/#respond"]}]},{"@type":"WebPage","@id":"https:\/\/now-news.de\/de\/deutschland\/weltweiter-appell-von-scott-ritter-%e2%80%92-aktionstag-gegen-drohenden-nuklearkrieg\/","url":"https:\/\/now-news.de\/de\/deutschland\/weltweiter-appell-von-scott-ritter-%e2%80%92-aktionstag-gegen-drohenden-nuklearkrieg\/","name":"Weltweiter Appell von Scott Ritter \u2012 Aktionstag gegen drohenden Nuklearkrieg - just-now.NEWS Deutschland","isPartOf":{"@id":"https:\/\/now-news.de\/de\/#website"},"primaryImageOfPage":{"@id":"https:\/\/now-news.de\/de\/deutschland\/weltweiter-appell-von-scott-ritter-%e2%80%92-aktionstag-gegen-drohenden-nuklearkrieg\/#primaryimage"},"image":{"@id":"https:\/\/now-news.de\/de\/deutschland\/weltweiter-appell-von-scott-ritter-%e2%80%92-aktionstag-gegen-drohenden-nuklearkrieg\/#primaryimage"},"thumbnailUrl":"https:\/\/now-news.de\/de\/wp-content\/uploads\/sites\/3\/2024\/11\/Weltweiter-Appell-von-Scott-Ritter-\u2012-Aktionstag-gegen-drohenden-Nuklearkrieg.jpg","datePublished":"2024-11-25T17:13:42+00:00","dateModified":"2024-11-25T17:13:42+00:00","breadcrumb":{"@id":"https:\/\/now-news.de\/de\/deutschland\/weltweiter-appell-von-scott-ritter-%e2%80%92-aktionstag-gegen-drohenden-nuklearkrieg\/#breadcrumb"},"inLanguage":"de","potentialAction":[{"@type":"ReadAction","target":["https:\/\/now-news.de\/de\/deutschland\/weltweiter-appell-von-scott-ritter-%e2%80%92-aktionstag-gegen-drohenden-nuklearkrieg\/"]}]},{"@type":"ImageObject","inLanguage":"de","@id":"https:\/\/now-news.de\/de\/deutschland\/weltweiter-appell-von-scott-ritter-%e2%80%92-aktionstag-gegen-drohenden-nuklearkrieg\/#primaryimage","url":"https:\/\/now-news.de\/de\/wp-content\/uploads\/sites\/3\/2024\/11\/Weltweiter-Appell-von-Scott-Ritter-\u2012-Aktionstag-gegen-drohenden-Nuklearkrieg.jpg","contentUrl":"https:\/\/now-news.de\/de\/wp-content\/uploads\/sites\/3\/2024\/11\/Weltweiter-Appell-von-Scott-Ritter-\u2012-Aktionstag-gegen-drohenden-Nuklearkrieg.jpg","width":460,"height":259,"caption":"Weltweiter Appell von Scott Ritter \u2012 Aktionstag gegen drohenden Nuklearkrieg"},{"@type":"BreadcrumbList","@id":"https:\/\/now-news.de\/de\/deutschland\/weltweiter-appell-von-scott-ritter-%e2%80%92-aktionstag-gegen-drohenden-nuklearkrieg\/#breadcrumb","itemListElement":[{"@type":"ListItem","position":1,"name":"Home","item":"https:\/\/now-news.de\/de\/"},{"@type":"ListItem","position":2,"name":"Weltweiter Appell von Scott Ritter \u2012 Aktionstag gegen drohenden Nuklearkrieg"}]},{"@type":"WebSite","@id":"https:\/\/now-news.de\/de\/#website","url":"https:\/\/now-news.de\/de\/","name":"just-now.NEWS Deutschland","description":"Das Portal f\u00fcr unzensierte Nachrichten aus der Welt","publisher":{"@id":"https:\/\/now-news.de\/de\/#organization"},"potentialAction":[{"@type":"SearchAction","target":{"@type":"EntryPoint","urlTemplate":"https:\/\/now-news.de\/de\/?s={search_term_string}"},"query-input":"required name=search_term_string"}],"inLanguage":"de"},{"@type":"Organization","@id":"https:\/\/now-news.de\/de\/#organization","name":"Just Now News","url":"https:\/\/now-news.de\/de\/","logo":{"@type":"ImageObject","inLanguage":"de","@id":"https:\/\/now-news.de\/de\/#\/schema\/logo\/image\/","url":"http:\/\/just-now.news\/de\/wp-content\/uploads\/sites\/3\/2022\/04\/logo500x500.jpg","contentUrl":"http:\/\/just-now.news\/de\/wp-content\/uploads\/sites\/3\/2022\/04\/logo500x500.jpg","width":500,"height":500,"caption":"Just Now News"},"image":{"@id":"https:\/\/now-news.de\/de\/#\/schema\/logo\/image\/"},"sameAs":["https:\/\/www.facebook.com\/wirmachenauf","https:\/\/x.com\/WirMachenAuf_de"]},{"@type":"Person","@id":"https:\/\/now-news.de\/de\/#\/schema\/person\/fb534a4e865501d8b3285208df34a9b5","name":"rtnews","image":{"@type":"ImageObject","inLanguage":"de","@id":"https:\/\/now-news.de\/de\/#\/schema\/person\/image\/","url":"https:\/\/secure.gravatar.com\/avatar\/82aafea7d8127119dd649515f56e2117?s=96&d=mm&r=g","contentUrl":"https:\/\/secure.gravatar.com\/avatar\/82aafea7d8127119dd649515f56e2117?s=96&d=mm&r=g","caption":"rtnews"},"url":"https:\/\/now-news.de\/de\/author\/rnews\/"}]}},"_links":{"self":[{"href":"https:\/\/now-news.de\/de\/wp-json\/wp\/v2\/posts\/73247"}],"collection":[{"href":"https:\/\/now-news.de\/de\/wp-json\/wp\/v2\/posts"}],"about":[{"href":"https:\/\/now-news.de\/de\/wp-json\/wp\/v2\/types\/post"}],"author":[{"embeddable":true,"href":"https:\/\/now-news.de\/de\/wp-json\/wp\/v2\/users\/3"}],"replies":[{"embeddable":true,"href":"https:\/\/now-news.de\/de\/wp-json\/wp\/v2\/comments?post=73247"}],"version-history":[{"count":0,"href":"https:\/\/now-news.de\/de\/wp-json\/wp\/v2\/posts\/73247\/revisions"}],"wp:featuredmedia":[{"embeddable":true,"href":"https:\/\/now-news.de\/de\/wp-json\/wp\/v2\/media\/73248"}],"wp:attachment":[{"href":"https:\/\/now-news.de\/de\/wp-json\/wp\/v2\/media?parent=73247"}],"wp:term":[{"taxonomy":"category","embeddable":true,"href":"https:\/\/now-news.de\/de\/wp-json\/wp\/v2\/categories?post=73247"},{"taxonomy":"post_tag","embeddable":true,"href":"https:\/\/now-news.de\/de\/wp-json\/wp\/v2\/tags?post=73247"}],"curies":[{"name":"wp","href":"https:\/\/api.w.org\/{rel}","templated":true}]}}