{"id":73239,"date":"2024-11-25T18:17:30","date_gmt":"2024-11-25T16:17:30","guid":{"rendered":"https:\/\/now-news.de\/de\/deutschland\/nach-haftbefehlen-iran-fordert-todesstrafe-fuer-israelische-fuehrung\/"},"modified":"2024-11-25T18:17:30","modified_gmt":"2024-11-25T16:17:30","slug":"nach-haftbefehlen-iran-fordert-todesstrafe-fuer-israelische-fuehrung","status":"publish","type":"post","link":"https:\/\/now-news.de\/de\/deutschland\/nach-haftbefehlen-iran-fordert-todesstrafe-fuer-israelische-fuehrung\/","title":{"rendered":"Nach Haftbefehlen: Iran fordert Todesstrafe f\u00fcr israelische F\u00fchrung"},"content":{"rendered":"<p><img decoding=\"async\" src=\"https:\/\/now-news.de\/de\/wp-content\/uploads\/sites\/3\/2024\/11\/67447063b480cc658c677118.jpg\" \/><\/p>\n<div class=\"Text-root Text-type_1 \">\n                Ein Haftbefehl des IStGH f\u00fcr Premierminister Benjamin Netanjahu gen\u00fcgt nicht, sagte der Oberste F\u00fchrer Ajatollah Ali Chamenei. Der Haftbefehl war in der vergangenen Woche ergangen, nach \u00fcber einem Jahr israelischer Angriffe auf die Zivilbev\u00f6lkerung von Gaza.\n            <\/div>\n<p><\/p>\n<div class=\"Text-root Text-type_5 ArticleView-text ViewText-root \">\n<p>Irans oberster F\u00fchrer Ajatollah Ali Chamenei hat gefordert, ein Todesurteil\u00a0gegen den israelischen Premierminister Benjamin Netanjahu und andere f\u00fchrende Politiker des j\u00fcdischen Staats zu verh\u00e4ngen. Das berichteten iranische Nachrichtenagenturen.<\/p>\n<p>Diese Erkl\u00e4rung folgt auf die Entscheidung des Internationalen Strafgerichtshofs (IStGH) in Den Haag vergangene Woche, Haftbefehle gegen Netanjahu, den ehemaligen israelischen Verteidigungsminister Joaw Galant und den Hamas-F\u00fchrer Mohammed Deif zu erlassen.<\/p>\n<p>In einer Ansprache vor den paramilit\u00e4rischen Basidsch-Truppen, einer Division der Islamischen Revolutionsgarden, erkl\u00e4rte Chamenei am Montag in Teheran, Haftbefehle seien nicht genug f\u00fcr die &#8220;Kriegsverbrechen&#8221;, die &#8220;das zionistische Regime&#8221; in Gaza und im Libanon begangen habe.<\/p>\n<p>&#8220;Sie haben einen Haftbefehl erlassen, das gen\u00fcgt nicht, Netanjahus Todesurteil muss gef\u00e4llt werden. Ein Todesurteil muss ergehen, f\u00fcr diese kriminellen F\u00fchrer&#8221;, sagte Chamenei dem Bericht der Nachrichtenagentur <em>Tasnim<\/em> zufolge.<\/p>\n<p>In ihrer Entscheidung am Donnerstag sagten die Richter des Haager Tribunals, es gebe\u00a0triftige Gr\u00fcnde\u00a0f\u00fcr die Annahme, dass Netanjahu und Galant f\u00fcr Handlungen wie Mord, Verfolgung und den Einsatz von Hunger als Kriegswaffe &#8220;gegen die Zivilbev\u00f6lkerung von Gaza&#8221; strafrechtlich verantwortlich seien.<\/p>\n<p>&#8220;Israel weist angewidert die absurden und falschen\u00a0Ma\u00dfnahmen zur\u00fcck, die der IStGH gegen\u00a0das Land richtet&#8221;, erwiderte Netanjahu darauf.<\/p>\n<p>Der Haftbefehl gegen Deif beinhaltet Vorw\u00fcrfe des Massenmords w\u00e4hrend der Angriffe am 7. Oktober 2023, die den Krieg in Gaza ausl\u00f6sten. Israel hatte behauptet, Deif bei einem Luftangriff im Juli get\u00f6tet zu haben.<\/p>\n<p>Die Feindseligkeiten zwischen Israel und der Hamas in der pal\u00e4stinensischen Enklave flammten auf, als die Hamals am 7. Oktober 2023 S\u00fcdisrael angriff, etwa 1.100 Menschen t\u00f6tete und mehr als 200 Geiseln nahm. Die massive milit\u00e4rische Vergeltung daf\u00fcr hat nach Angaben der pal\u00e4stinensischen Gesundheitsbeh\u00f6rden bisher mehr als 44.000 Leben gefordert.<\/p>\n<p>Israel hat im September auch seinen Feldzug gegen die schiitische Miliz Hisbollah im Libanon verst\u00e4rkt. Nach Aussagen des libanesischen Gesundheitsministeriums vom 23. November liegt die Gesamtzahl der Todesopfer der israelischen Angriffe im Libanon inzwischen bei fast 3.700. Dabei handelt es sich vor allem um Opfer der israelischen Bombardements\u00a0der libanesischen Zivilbev\u00f6lkerung.<\/p>\n<p>Israel und der Iran, der die Hisbollah unterst\u00fctzt, haben in den letzten Monaten, nach der Ermordung mehrerer iranischer und Hisbollah-Kommandeure, die allgemein Israel zugeschrieben wurde, Luftschl\u00e4ge ausgetauscht.<\/p>\n<p><strong>Mehr zum Thema<\/strong> &#8211; <a rel=\"nofollow noopener\" target=\"_blank\" href=\"https:\/\/freedert.online\/der-nahe-osten\/226694-hisbollah-chef-haben-us-vorschlag\/\">Hisbollah-Chef: Haben US-Vorschlag f\u00fcr Waffenruhe im Libanon gepr\u00fcft<\/a><\/p>\n<div class=\"EmbedBlock-root EmbedBlock-externalVideo EmbedBlock-rumble\">\n<div class=\"VkEmbed\"><iframe class=\"lazyload\" data-src=\"https:\/\/rumble.com\/embed\/v5q3w72\" frameborder=\"0\" width=\"853\" height=\"480\" allowfullscreen><\/iframe><\/div>\n<\/div>\n<\/div>\n<p><br \/>\n<br \/><a href=\"https:\/\/de.rt.com\/der-nahe-osten\/227199-iran-fordert-todesstrafe-fuer-israelische\/\">Source link <\/a><\/p>\n","protected":false},"excerpt":{"rendered":"<p>Ein Haftbefehl des IStGH f\u00fcr Premierminister Benjamin Netanjahu gen\u00fcgt nicht, sagte der Oberste F\u00fchrer Ajatollah Ali Chamenei. Der Haftbefehl war in der vergangenen Woche ergangen, nach \u00fcber einem Jahr israelischer Angriffe auf die Zivilbev\u00f6lkerung von Gaza. Irans oberster F\u00fchrer Ajatollah Ali Chamenei hat gefordert, ein Todesurteil\u00a0gegen den israelischen Premierminister Benjamin Netanjahu und andere f\u00fchrende Politiker [&hellip;]<\/p>\n","protected":false},"author":3,"featured_media":73240,"comment_status":"open","ping_status":"open","sticky":false,"template":"","format":"standard","meta":{"_yoast_indexnow_last_ping":["1732551711"],"wp_automatic_camp":["217"],"7b1884aacb9db1135c467aa14c3ea642":["Nach Haftbefehlen: Iran fordert Todesstrafe f\u00fcr israelische F\u00fchrung"],"original_link":["https:\/\/de.rt.com\/der-nahe-osten\/227199-iran-fordert-todesstrafe-fuer-israelische\/"],"_thumbnail_id":["73240"],"jnews_social_counter_last_update":["1777176230"],"_wptgpro_p2tg_sent2tg":["a:1:{i:23737;s:19:\"2024-11-25 18:22:48\";}"]},"categories":[19,23],"tags":[355,19159,221,60528,1786,1166,979,16413],"yoast_head":"<!-- This site is optimized with the Yoast SEO Premium plugin v22.7 (Yoast SEO v22.7) - https:\/\/yoast.com\/wordpress\/plugins\/seo\/ -->\n<title>Nach Haftbefehlen: Iran fordert Todesstrafe f\u00fcr israelische F\u00fchrung - just-now.NEWS Deutschland<\/title>\n<meta name=\"robots\" content=\"index, follow, max-snippet:-1, max-image-preview:large, max-video-preview:-1\" \/>\n<link rel=\"canonical\" href=\"https:\/\/now-news.de\/de\/deutschland\/nach-haftbefehlen-iran-fordert-todesstrafe-fuer-israelische-fuehrung\/\" \/>\n<meta property=\"og:locale\" content=\"de_DE\" \/>\n<meta property=\"og:type\" content=\"article\" \/>\n<meta property=\"og:title\" content=\"Nach Haftbefehlen: Iran fordert Todesstrafe f\u00fcr israelische F\u00fchrung\" \/>\n<meta property=\"og:description\" content=\"Ein Haftbefehl des IStGH f\u00fcr Premierminister Benjamin Netanjahu gen\u00fcgt nicht, sagte der Oberste F\u00fchrer Ajatollah Ali Chamenei. Der Haftbefehl war in der vergangenen Woche ergangen, nach \u00fcber einem Jahr israelischer Angriffe auf die Zivilbev\u00f6lkerung von Gaza. Irans oberster F\u00fchrer Ajatollah Ali Chamenei hat gefordert, ein Todesurteil\u00a0gegen den israelischen Premierminister Benjamin Netanjahu und andere f\u00fchrende Politiker [&hellip;]\" \/>\n<meta property=\"og:url\" content=\"https:\/\/now-news.de\/de\/deutschland\/nach-haftbefehlen-iran-fordert-todesstrafe-fuer-israelische-fuehrung\/\" \/>\n<meta property=\"og:site_name\" content=\"just-now.NEWS Deutschland\" \/>\n<meta property=\"article:publisher\" content=\"https:\/\/www.facebook.com\/wirmachenauf\" \/>\n<meta property=\"article:published_time\" content=\"2024-11-25T16:17:30+00:00\" \/>\n<meta property=\"og:image\" content=\"https:\/\/now-news.de\/de\/wp-content\/uploads\/sites\/3\/2024\/11\/67447063b480cc658c677118.jpg\" \/>\n<meta name=\"author\" content=\"rtnews\" \/>\n<meta name=\"twitter:card\" content=\"summary_large_image\" \/>\n<meta name=\"twitter:creator\" content=\"@WirMachenAuf_de\" \/>\n<meta name=\"twitter:site\" content=\"@WirMachenAuf_de\" \/>\n<meta name=\"twitter:label1\" content=\"Verfasst von\" \/>\n\t<meta name=\"twitter:data1\" content=\"rtnews\" \/>\n\t<meta name=\"twitter:label2\" content=\"Gesch\u00e4tzte Lesezeit\" \/>\n\t<meta name=\"twitter:data2\" content=\"2\u00a0Minuten\" \/>\n<script type=\"application\/ld+json\" class=\"yoast-schema-graph\">{\"@context\":\"https:\/\/schema.org\",\"@graph\":[{\"@type\":\"Article\",\"@id\":\"https:\/\/now-news.de\/de\/deutschland\/nach-haftbefehlen-iran-fordert-todesstrafe-fuer-israelische-fuehrung\/#article\",\"isPartOf\":{\"@id\":\"https:\/\/now-news.de\/de\/deutschland\/nach-haftbefehlen-iran-fordert-todesstrafe-fuer-israelische-fuehrung\/\"},\"author\":{\"name\":\"rtnews\",\"@id\":\"https:\/\/now-news.de\/de\/#\/schema\/person\/fb534a4e865501d8b3285208df34a9b5\"},\"headline\":\"Nach Haftbefehlen: Iran fordert Todesstrafe f\u00fcr israelische F\u00fchrung\",\"datePublished\":\"2024-11-25T16:17:30+00:00\",\"dateModified\":\"2024-11-25T16:17:30+00:00\",\"mainEntityOfPage\":{\"@id\":\"https:\/\/now-news.de\/de\/deutschland\/nach-haftbefehlen-iran-fordert-todesstrafe-fuer-israelische-fuehrung\/\"},\"wordCount\":438,\"commentCount\":0,\"publisher\":{\"@id\":\"https:\/\/now-news.de\/de\/#organization\"},\"image\":{\"@id\":\"https:\/\/now-news.de\/de\/deutschland\/nach-haftbefehlen-iran-fordert-todesstrafe-fuer-israelische-fuehrung\/#primaryimage\"},\"thumbnailUrl\":\"https:\/\/now-news.de\/de\/wp-content\/uploads\/sites\/3\/2024\/11\/Nach-Haftbefehlen-Iran-fordert-Todesstrafe-fuer-israelische-Fuehrung.jpg\",\"keywords\":[\"fordert\",\"F\u00fchrung\",\"f\u00fcr\",\"Haftbefehlen\",\"Iran\",\"Israelische\",\"nach\",\"Todesstrafe\"],\"articleSection\":[\"Deutschland\",\"Russland\"],\"inLanguage\":\"de\",\"potentialAction\":[{\"@type\":\"CommentAction\",\"name\":\"Comment\",\"target\":[\"https:\/\/now-news.de\/de\/deutschland\/nach-haftbefehlen-iran-fordert-todesstrafe-fuer-israelische-fuehrung\/#respond\"]}]},{\"@type\":\"WebPage\",\"@id\":\"https:\/\/now-news.de\/de\/deutschland\/nach-haftbefehlen-iran-fordert-todesstrafe-fuer-israelische-fuehrung\/\",\"url\":\"https:\/\/now-news.de\/de\/deutschland\/nach-haftbefehlen-iran-fordert-todesstrafe-fuer-israelische-fuehrung\/\",\"name\":\"Nach Haftbefehlen: Iran fordert Todesstrafe f\u00fcr israelische F\u00fchrung - just-now.NEWS Deutschland\",\"isPartOf\":{\"@id\":\"https:\/\/now-news.de\/de\/#website\"},\"primaryImageOfPage\":{\"@id\":\"https:\/\/now-news.de\/de\/deutschland\/nach-haftbefehlen-iran-fordert-todesstrafe-fuer-israelische-fuehrung\/#primaryimage\"},\"image\":{\"@id\":\"https:\/\/now-news.de\/de\/deutschland\/nach-haftbefehlen-iran-fordert-todesstrafe-fuer-israelische-fuehrung\/#primaryimage\"},\"thumbnailUrl\":\"https:\/\/now-news.de\/de\/wp-content\/uploads\/sites\/3\/2024\/11\/Nach-Haftbefehlen-Iran-fordert-Todesstrafe-fuer-israelische-Fuehrung.jpg\",\"datePublished\":\"2024-11-25T16:17:30+00:00\",\"dateModified\":\"2024-11-25T16:17:30+00:00\",\"breadcrumb\":{\"@id\":\"https:\/\/now-news.de\/de\/deutschland\/nach-haftbefehlen-iran-fordert-todesstrafe-fuer-israelische-fuehrung\/#breadcrumb\"},\"inLanguage\":\"de\",\"potentialAction\":[{\"@type\":\"ReadAction\",\"target\":[\"https:\/\/now-news.de\/de\/deutschland\/nach-haftbefehlen-iran-fordert-todesstrafe-fuer-israelische-fuehrung\/\"]}]},{\"@type\":\"ImageObject\",\"inLanguage\":\"de\",\"@id\":\"https:\/\/now-news.de\/de\/deutschland\/nach-haftbefehlen-iran-fordert-todesstrafe-fuer-israelische-fuehrung\/#primaryimage\",\"url\":\"https:\/\/now-news.de\/de\/wp-content\/uploads\/sites\/3\/2024\/11\/Nach-Haftbefehlen-Iran-fordert-Todesstrafe-fuer-israelische-Fuehrung.jpg\",\"contentUrl\":\"https:\/\/now-news.de\/de\/wp-content\/uploads\/sites\/3\/2024\/11\/Nach-Haftbefehlen-Iran-fordert-Todesstrafe-fuer-israelische-Fuehrung.jpg\",\"width\":460,\"height\":259,\"caption\":\"Nach Haftbefehlen: Iran fordert Todesstrafe f\u00fcr israelische F\u00fchrung\"},{\"@type\":\"BreadcrumbList\",\"@id\":\"https:\/\/now-news.de\/de\/deutschland\/nach-haftbefehlen-iran-fordert-todesstrafe-fuer-israelische-fuehrung\/#breadcrumb\",\"itemListElement\":[{\"@type\":\"ListItem\",\"position\":1,\"name\":\"Home\",\"item\":\"https:\/\/now-news.de\/de\/\"},{\"@type\":\"ListItem\",\"position\":2,\"name\":\"Nach Haftbefehlen: Iran fordert Todesstrafe f\u00fcr israelische F\u00fchrung\"}]},{\"@type\":\"WebSite\",\"@id\":\"https:\/\/now-news.de\/de\/#website\",\"url\":\"https:\/\/now-news.de\/de\/\",\"name\":\"just-now.NEWS Deutschland\",\"description\":\"Das Portal f\u00fcr unzensierte Nachrichten aus der Welt\",\"publisher\":{\"@id\":\"https:\/\/now-news.de\/de\/#organization\"},\"potentialAction\":[{\"@type\":\"SearchAction\",\"target\":{\"@type\":\"EntryPoint\",\"urlTemplate\":\"https:\/\/now-news.de\/de\/?s={search_term_string}\"},\"query-input\":\"required name=search_term_string\"}],\"inLanguage\":\"de\"},{\"@type\":\"Organization\",\"@id\":\"https:\/\/now-news.de\/de\/#organization\",\"name\":\"Just Now News\",\"url\":\"https:\/\/now-news.de\/de\/\",\"logo\":{\"@type\":\"ImageObject\",\"inLanguage\":\"de\",\"@id\":\"https:\/\/now-news.de\/de\/#\/schema\/logo\/image\/\",\"url\":\"http:\/\/just-now.news\/de\/wp-content\/uploads\/sites\/3\/2022\/04\/logo500x500.jpg\",\"contentUrl\":\"http:\/\/just-now.news\/de\/wp-content\/uploads\/sites\/3\/2022\/04\/logo500x500.jpg\",\"width\":500,\"height\":500,\"caption\":\"Just Now News\"},\"image\":{\"@id\":\"https:\/\/now-news.de\/de\/#\/schema\/logo\/image\/\"},\"sameAs\":[\"https:\/\/www.facebook.com\/wirmachenauf\",\"https:\/\/x.com\/WirMachenAuf_de\"]},{\"@type\":\"Person\",\"@id\":\"https:\/\/now-news.de\/de\/#\/schema\/person\/fb534a4e865501d8b3285208df34a9b5\",\"name\":\"rtnews\",\"image\":{\"@type\":\"ImageObject\",\"inLanguage\":\"de\",\"@id\":\"https:\/\/now-news.de\/de\/#\/schema\/person\/image\/\",\"url\":\"https:\/\/secure.gravatar.com\/avatar\/82aafea7d8127119dd649515f56e2117?s=96&d=mm&r=g\",\"contentUrl\":\"https:\/\/secure.gravatar.com\/avatar\/82aafea7d8127119dd649515f56e2117?s=96&d=mm&r=g\",\"caption\":\"rtnews\"},\"url\":\"https:\/\/now-news.de\/de\/author\/rnews\/\"}]}<\/script>\n<!-- \/ Yoast SEO Premium plugin. -->","yoast_head_json":{"title":"Nach Haftbefehlen: Iran fordert Todesstrafe f\u00fcr israelische F\u00fchrung - just-now.NEWS Deutschland","robots":{"index":"index","follow":"follow","max-snippet":"max-snippet:-1","max-image-preview":"max-image-preview:large","max-video-preview":"max-video-preview:-1"},"canonical":"https:\/\/now-news.de\/de\/deutschland\/nach-haftbefehlen-iran-fordert-todesstrafe-fuer-israelische-fuehrung\/","og_locale":"de_DE","og_type":"article","og_title":"Nach Haftbefehlen: Iran fordert Todesstrafe f\u00fcr israelische F\u00fchrung","og_description":"Ein Haftbefehl des IStGH f\u00fcr Premierminister Benjamin Netanjahu gen\u00fcgt nicht, sagte der Oberste F\u00fchrer Ajatollah Ali Chamenei. Der Haftbefehl war in der vergangenen Woche ergangen, nach \u00fcber einem Jahr israelischer Angriffe auf die Zivilbev\u00f6lkerung von Gaza. Irans oberster F\u00fchrer Ajatollah Ali Chamenei hat gefordert, ein Todesurteil\u00a0gegen den israelischen Premierminister Benjamin Netanjahu und andere f\u00fchrende Politiker [&hellip;]","og_url":"https:\/\/now-news.de\/de\/deutschland\/nach-haftbefehlen-iran-fordert-todesstrafe-fuer-israelische-fuehrung\/","og_site_name":"just-now.NEWS Deutschland","article_publisher":"https:\/\/www.facebook.com\/wirmachenauf","article_published_time":"2024-11-25T16:17:30+00:00","og_image":[{"url":"https:\/\/now-news.de\/de\/wp-content\/uploads\/sites\/3\/2024\/11\/67447063b480cc658c677118.jpg"}],"author":"rtnews","twitter_card":"summary_large_image","twitter_creator":"@WirMachenAuf_de","twitter_site":"@WirMachenAuf_de","twitter_misc":{"Verfasst von":"rtnews","Gesch\u00e4tzte Lesezeit":"2\u00a0Minuten"},"schema":{"@context":"https:\/\/schema.org","@graph":[{"@type":"Article","@id":"https:\/\/now-news.de\/de\/deutschland\/nach-haftbefehlen-iran-fordert-todesstrafe-fuer-israelische-fuehrung\/#article","isPartOf":{"@id":"https:\/\/now-news.de\/de\/deutschland\/nach-haftbefehlen-iran-fordert-todesstrafe-fuer-israelische-fuehrung\/"},"author":{"name":"rtnews","@id":"https:\/\/now-news.de\/de\/#\/schema\/person\/fb534a4e865501d8b3285208df34a9b5"},"headline":"Nach Haftbefehlen: Iran fordert Todesstrafe f\u00fcr israelische F\u00fchrung","datePublished":"2024-11-25T16:17:30+00:00","dateModified":"2024-11-25T16:17:30+00:00","mainEntityOfPage":{"@id":"https:\/\/now-news.de\/de\/deutschland\/nach-haftbefehlen-iran-fordert-todesstrafe-fuer-israelische-fuehrung\/"},"wordCount":438,"commentCount":0,"publisher":{"@id":"https:\/\/now-news.de\/de\/#organization"},"image":{"@id":"https:\/\/now-news.de\/de\/deutschland\/nach-haftbefehlen-iran-fordert-todesstrafe-fuer-israelische-fuehrung\/#primaryimage"},"thumbnailUrl":"https:\/\/now-news.de\/de\/wp-content\/uploads\/sites\/3\/2024\/11\/Nach-Haftbefehlen-Iran-fordert-Todesstrafe-fuer-israelische-Fuehrung.jpg","keywords":["fordert","F\u00fchrung","f\u00fcr","Haftbefehlen","Iran","Israelische","nach","Todesstrafe"],"articleSection":["Deutschland","Russland"],"inLanguage":"de","potentialAction":[{"@type":"CommentAction","name":"Comment","target":["https:\/\/now-news.de\/de\/deutschland\/nach-haftbefehlen-iran-fordert-todesstrafe-fuer-israelische-fuehrung\/#respond"]}]},{"@type":"WebPage","@id":"https:\/\/now-news.de\/de\/deutschland\/nach-haftbefehlen-iran-fordert-todesstrafe-fuer-israelische-fuehrung\/","url":"https:\/\/now-news.de\/de\/deutschland\/nach-haftbefehlen-iran-fordert-todesstrafe-fuer-israelische-fuehrung\/","name":"Nach Haftbefehlen: Iran fordert Todesstrafe f\u00fcr israelische F\u00fchrung - just-now.NEWS Deutschland","isPartOf":{"@id":"https:\/\/now-news.de\/de\/#website"},"primaryImageOfPage":{"@id":"https:\/\/now-news.de\/de\/deutschland\/nach-haftbefehlen-iran-fordert-todesstrafe-fuer-israelische-fuehrung\/#primaryimage"},"image":{"@id":"https:\/\/now-news.de\/de\/deutschland\/nach-haftbefehlen-iran-fordert-todesstrafe-fuer-israelische-fuehrung\/#primaryimage"},"thumbnailUrl":"https:\/\/now-news.de\/de\/wp-content\/uploads\/sites\/3\/2024\/11\/Nach-Haftbefehlen-Iran-fordert-Todesstrafe-fuer-israelische-Fuehrung.jpg","datePublished":"2024-11-25T16:17:30+00:00","dateModified":"2024-11-25T16:17:30+00:00","breadcrumb":{"@id":"https:\/\/now-news.de\/de\/deutschland\/nach-haftbefehlen-iran-fordert-todesstrafe-fuer-israelische-fuehrung\/#breadcrumb"},"inLanguage":"de","potentialAction":[{"@type":"ReadAction","target":["https:\/\/now-news.de\/de\/deutschland\/nach-haftbefehlen-iran-fordert-todesstrafe-fuer-israelische-fuehrung\/"]}]},{"@type":"ImageObject","inLanguage":"de","@id":"https:\/\/now-news.de\/de\/deutschland\/nach-haftbefehlen-iran-fordert-todesstrafe-fuer-israelische-fuehrung\/#primaryimage","url":"https:\/\/now-news.de\/de\/wp-content\/uploads\/sites\/3\/2024\/11\/Nach-Haftbefehlen-Iran-fordert-Todesstrafe-fuer-israelische-Fuehrung.jpg","contentUrl":"https:\/\/now-news.de\/de\/wp-content\/uploads\/sites\/3\/2024\/11\/Nach-Haftbefehlen-Iran-fordert-Todesstrafe-fuer-israelische-Fuehrung.jpg","width":460,"height":259,"caption":"Nach Haftbefehlen: Iran fordert Todesstrafe f\u00fcr israelische F\u00fchrung"},{"@type":"BreadcrumbList","@id":"https:\/\/now-news.de\/de\/deutschland\/nach-haftbefehlen-iran-fordert-todesstrafe-fuer-israelische-fuehrung\/#breadcrumb","itemListElement":[{"@type":"ListItem","position":1,"name":"Home","item":"https:\/\/now-news.de\/de\/"},{"@type":"ListItem","position":2,"name":"Nach Haftbefehlen: Iran fordert Todesstrafe f\u00fcr israelische F\u00fchrung"}]},{"@type":"WebSite","@id":"https:\/\/now-news.de\/de\/#website","url":"https:\/\/now-news.de\/de\/","name":"just-now.NEWS Deutschland","description":"Das Portal f\u00fcr unzensierte Nachrichten aus der Welt","publisher":{"@id":"https:\/\/now-news.de\/de\/#organization"},"potentialAction":[{"@type":"SearchAction","target":{"@type":"EntryPoint","urlTemplate":"https:\/\/now-news.de\/de\/?s={search_term_string}"},"query-input":"required name=search_term_string"}],"inLanguage":"de"},{"@type":"Organization","@id":"https:\/\/now-news.de\/de\/#organization","name":"Just Now News","url":"https:\/\/now-news.de\/de\/","logo":{"@type":"ImageObject","inLanguage":"de","@id":"https:\/\/now-news.de\/de\/#\/schema\/logo\/image\/","url":"http:\/\/just-now.news\/de\/wp-content\/uploads\/sites\/3\/2022\/04\/logo500x500.jpg","contentUrl":"http:\/\/just-now.news\/de\/wp-content\/uploads\/sites\/3\/2022\/04\/logo500x500.jpg","width":500,"height":500,"caption":"Just Now News"},"image":{"@id":"https:\/\/now-news.de\/de\/#\/schema\/logo\/image\/"},"sameAs":["https:\/\/www.facebook.com\/wirmachenauf","https:\/\/x.com\/WirMachenAuf_de"]},{"@type":"Person","@id":"https:\/\/now-news.de\/de\/#\/schema\/person\/fb534a4e865501d8b3285208df34a9b5","name":"rtnews","image":{"@type":"ImageObject","inLanguage":"de","@id":"https:\/\/now-news.de\/de\/#\/schema\/person\/image\/","url":"https:\/\/secure.gravatar.com\/avatar\/82aafea7d8127119dd649515f56e2117?s=96&d=mm&r=g","contentUrl":"https:\/\/secure.gravatar.com\/avatar\/82aafea7d8127119dd649515f56e2117?s=96&d=mm&r=g","caption":"rtnews"},"url":"https:\/\/now-news.de\/de\/author\/rnews\/"}]}},"_links":{"self":[{"href":"https:\/\/now-news.de\/de\/wp-json\/wp\/v2\/posts\/73239"}],"collection":[{"href":"https:\/\/now-news.de\/de\/wp-json\/wp\/v2\/posts"}],"about":[{"href":"https:\/\/now-news.de\/de\/wp-json\/wp\/v2\/types\/post"}],"author":[{"embeddable":true,"href":"https:\/\/now-news.de\/de\/wp-json\/wp\/v2\/users\/3"}],"replies":[{"embeddable":true,"href":"https:\/\/now-news.de\/de\/wp-json\/wp\/v2\/comments?post=73239"}],"version-history":[{"count":0,"href":"https:\/\/now-news.de\/de\/wp-json\/wp\/v2\/posts\/73239\/revisions"}],"wp:featuredmedia":[{"embeddable":true,"href":"https:\/\/now-news.de\/de\/wp-json\/wp\/v2\/media\/73240"}],"wp:attachment":[{"href":"https:\/\/now-news.de\/de\/wp-json\/wp\/v2\/media?parent=73239"}],"wp:term":[{"taxonomy":"category","embeddable":true,"href":"https:\/\/now-news.de\/de\/wp-json\/wp\/v2\/categories?post=73239"},{"taxonomy":"post_tag","embeddable":true,"href":"https:\/\/now-news.de\/de\/wp-json\/wp\/v2\/tags?post=73239"}],"curies":[{"name":"wp","href":"https:\/\/api.w.org\/{rel}","templated":true}]}}