{"id":7322,"date":"2022-05-10T20:49:14","date_gmt":"2022-05-10T18:49:14","guid":{"rendered":"http:\/\/just-now.news\/de\/deutschland\/erster-praesident-der-unabhaengigen-ukraine-krawtschuk-gestorben\/"},"modified":"2022-05-10T20:49:14","modified_gmt":"2022-05-10T18:49:14","slug":"erster-praesident-der-unabhaengigen-ukraine-krawtschuk-gestorben","status":"publish","type":"post","link":"https:\/\/now-news.de\/de\/deutschland\/erster-praesident-der-unabhaengigen-ukraine-krawtschuk-gestorben\/","title":{"rendered":"Erster Pr\u00e4sident der unabh\u00e4ngigen Ukraine Krawtschuk gestorben"},"content":{"rendered":"<p><\/p>\n<div class=\"Text-root Text-type_5 ArticleView-text ViewText-root \">\n<p>Wie <em>TASS<\/em>\u00a0<a rel=\"nofollow noopener\" target=\"_blank\" href=\"https:\/\/tass.ru\/mezhdunarodnaya-panorama\/14590481\">meldet<\/a>, ist der erste Pr\u00e4sident der 1991 unabh\u00e4ngig gewordenen Ukraine, Leonid Krawtschuk, am Dienstag nach langer Krankheit gestorben. Dies berichtete eine Quelle aus der Familie des Politikers gegen\u00fcber <em>Ukrainskie Nowosti<\/em>.<\/p>\n<p>Am 10. Januar wurde Krawtschuk 88 Jahre alt.<\/p>\n<p>Der ehemalige Pr\u00e4sident hatte sich Ende Juni 2021 einer schwierigen Herzoperation unterziehen m\u00fcssen. Daraufhin lag der Politiker lange Zeit im Koma. Krawtschuk hielt sich sp\u00e4ter zur\u00a0 Rehabilitation in einer M\u00fcnchner Klinik auf. Bereits im Mai 2017 musste sich Krawtschuk einen Stent implantieren lassen.<\/p>\n<p>Krawtschuk leitete die ukrainische Delegation in der Kontaktgruppe zur Regelung der Lage in der Ostukraine ab dem 28. Juli 2020. Er diente von 1991 bis 1994 als erster Pr\u00e4sident der Ukraine.<\/p>\n<p><strong>Mehr zum Thema<\/strong> &#8211; <a rel=\"nofollow noopener\" target=\"_blank\" href=\"https:\/\/de.rt.com\/europa\/137661-erster-staatschef-des-unabhaengigen-weissrussland-gestorben\/\">Stanislaw Schuschkewitsch, erster Staatschef vom unabh\u00e4ngigen Wei\u00dfrussland gestorben<\/a><\/p>\n<\/div>\n<p><br \/>\n<br \/><a href=\"https:\/\/de.rt.com\/europa\/138131-erster-prasident-unabhangigen-ukraine-krawtschuk\/\">Source link <\/a><\/p>\n","protected":false},"excerpt":{"rendered":"<p>Wie TASS\u00a0meldet, ist der erste Pr\u00e4sident der 1991 unabh\u00e4ngig gewordenen Ukraine, Leonid Krawtschuk, am Dienstag nach langer Krankheit gestorben. Dies berichtete eine Quelle aus der Familie des Politikers gegen\u00fcber Ukrainskie Nowosti. Am 10. Januar wurde Krawtschuk 88 Jahre alt. Der ehemalige Pr\u00e4sident hatte sich Ende Juni 2021 einer schwierigen Herzoperation unterziehen m\u00fcssen. Daraufhin lag der [&hellip;]<\/p>\n","protected":false},"author":3,"featured_media":7323,"comment_status":"open","ping_status":"open","sticky":false,"template":"","format":"standard","meta":{"wp_automatic_camp":["217"],"48767c5d5c6684f1e363163ca6044c43":["Erster Pr\u00e4sident der unabh\u00e4ngigen Ukraine Krawtschuk gestorben"],"original_link":["https:\/\/de.rt.com\/europa\/138131-erster-prasident-unabhangigen-ukraine-krawtschuk\/"],"_thumbnail_id":["7323"],"wp_automatic_remove_first_image":["yes"],"_wptg_p2tg_sent2tg":["2022-05-10 20:59:33"],"jnews_social_counter_last_update":["1777153419"]},"categories":[19,23],"tags":[82,11409,13278,19548,3464,127,17025],"yoast_head":"<!-- This site is optimized with the Yoast SEO Premium plugin v22.7 (Yoast SEO v22.7) - https:\/\/yoast.com\/wordpress\/plugins\/seo\/ -->\n<title>Erster Pr\u00e4sident der unabh\u00e4ngigen Ukraine Krawtschuk gestorben - just-now.NEWS Deutschland<\/title>\n<meta name=\"robots\" content=\"index, follow, max-snippet:-1, max-image-preview:large, max-video-preview:-1\" \/>\n<link rel=\"canonical\" href=\"https:\/\/now-news.de\/de\/deutschland\/erster-praesident-der-unabhaengigen-ukraine-krawtschuk-gestorben\/\" \/>\n<meta property=\"og:locale\" content=\"de_DE\" \/>\n<meta property=\"og:type\" content=\"article\" \/>\n<meta property=\"og:title\" content=\"Erster Pr\u00e4sident der unabh\u00e4ngigen Ukraine Krawtschuk gestorben\" \/>\n<meta property=\"og:description\" content=\"Wie TASS\u00a0meldet, ist der erste Pr\u00e4sident der 1991 unabh\u00e4ngig gewordenen Ukraine, Leonid Krawtschuk, am Dienstag nach langer Krankheit gestorben. Dies berichtete eine Quelle aus der Familie des Politikers gegen\u00fcber Ukrainskie Nowosti. Am 10. Januar wurde Krawtschuk 88 Jahre alt. Der ehemalige Pr\u00e4sident hatte sich Ende Juni 2021 einer schwierigen Herzoperation unterziehen m\u00fcssen. Daraufhin lag der [&hellip;]\" \/>\n<meta property=\"og:url\" content=\"https:\/\/now-news.de\/de\/deutschland\/erster-praesident-der-unabhaengigen-ukraine-krawtschuk-gestorben\/\" \/>\n<meta property=\"og:site_name\" content=\"just-now.NEWS Deutschland\" \/>\n<meta property=\"article:publisher\" content=\"https:\/\/www.facebook.com\/wirmachenauf\" \/>\n<meta property=\"article:published_time\" content=\"2022-05-10T18:49:14+00:00\" \/>\n<meta property=\"og:image\" content=\"https:\/\/now-news.de\/de\/wp-content\/uploads\/sites\/3\/2022\/05\/Erster-Praesident-der-unabhaengigen-Ukraine-Krawtschuk-gestorben.jpg\" \/>\n\t<meta property=\"og:image:width\" content=\"1104\" \/>\n\t<meta property=\"og:image:height\" content=\"622\" \/>\n\t<meta property=\"og:image:type\" content=\"image\/jpeg\" \/>\n<meta name=\"author\" content=\"rtnews\" \/>\n<meta name=\"twitter:card\" content=\"summary_large_image\" \/>\n<meta name=\"twitter:creator\" content=\"@WirMachenAuf_de\" \/>\n<meta name=\"twitter:site\" content=\"@WirMachenAuf_de\" \/>\n<meta name=\"twitter:label1\" content=\"Verfasst von\" \/>\n\t<meta name=\"twitter:data1\" content=\"rtnews\" \/>\n\t<meta name=\"twitter:label2\" content=\"Gesch\u00e4tzte Lesezeit\" \/>\n\t<meta name=\"twitter:data2\" content=\"1\u00a0Minute\" \/>\n<script type=\"application\/ld+json\" class=\"yoast-schema-graph\">{\"@context\":\"https:\/\/schema.org\",\"@graph\":[{\"@type\":\"Article\",\"@id\":\"https:\/\/now-news.de\/de\/deutschland\/erster-praesident-der-unabhaengigen-ukraine-krawtschuk-gestorben\/#article\",\"isPartOf\":{\"@id\":\"https:\/\/now-news.de\/de\/deutschland\/erster-praesident-der-unabhaengigen-ukraine-krawtschuk-gestorben\/\"},\"author\":{\"name\":\"rtnews\",\"@id\":\"https:\/\/now-news.de\/de\/#\/schema\/person\/fb534a4e865501d8b3285208df34a9b5\"},\"headline\":\"Erster Pr\u00e4sident der unabh\u00e4ngigen Ukraine Krawtschuk gestorben\",\"datePublished\":\"2022-05-10T18:49:14+00:00\",\"dateModified\":\"2022-05-10T18:49:14+00:00\",\"mainEntityOfPage\":{\"@id\":\"https:\/\/now-news.de\/de\/deutschland\/erster-praesident-der-unabhaengigen-ukraine-krawtschuk-gestorben\/\"},\"wordCount\":139,\"commentCount\":0,\"publisher\":{\"@id\":\"https:\/\/now-news.de\/de\/#organization\"},\"image\":{\"@id\":\"https:\/\/now-news.de\/de\/deutschland\/erster-praesident-der-unabhaengigen-ukraine-krawtschuk-gestorben\/#primaryimage\"},\"thumbnailUrl\":\"https:\/\/now-news.de\/de\/wp-content\/uploads\/sites\/3\/2022\/05\/Erster-Praesident-der-unabhaengigen-Ukraine-Krawtschuk-gestorben.jpg\",\"keywords\":[\"der\",\"Erster\",\"gestorben\",\"Krawtschuk\",\"Pr\u00e4sident\",\"ukraine\",\"unabh\u00e4ngigen\"],\"articleSection\":[\"Deutschland\",\"Russland\"],\"inLanguage\":\"de\",\"potentialAction\":[{\"@type\":\"CommentAction\",\"name\":\"Comment\",\"target\":[\"https:\/\/now-news.de\/de\/deutschland\/erster-praesident-der-unabhaengigen-ukraine-krawtschuk-gestorben\/#respond\"]}]},{\"@type\":\"WebPage\",\"@id\":\"https:\/\/now-news.de\/de\/deutschland\/erster-praesident-der-unabhaengigen-ukraine-krawtschuk-gestorben\/\",\"url\":\"https:\/\/now-news.de\/de\/deutschland\/erster-praesident-der-unabhaengigen-ukraine-krawtschuk-gestorben\/\",\"name\":\"Erster Pr\u00e4sident der unabh\u00e4ngigen Ukraine Krawtschuk gestorben - just-now.NEWS Deutschland\",\"isPartOf\":{\"@id\":\"https:\/\/now-news.de\/de\/#website\"},\"primaryImageOfPage\":{\"@id\":\"https:\/\/now-news.de\/de\/deutschland\/erster-praesident-der-unabhaengigen-ukraine-krawtschuk-gestorben\/#primaryimage\"},\"image\":{\"@id\":\"https:\/\/now-news.de\/de\/deutschland\/erster-praesident-der-unabhaengigen-ukraine-krawtschuk-gestorben\/#primaryimage\"},\"thumbnailUrl\":\"https:\/\/now-news.de\/de\/wp-content\/uploads\/sites\/3\/2022\/05\/Erster-Praesident-der-unabhaengigen-Ukraine-Krawtschuk-gestorben.jpg\",\"datePublished\":\"2022-05-10T18:49:14+00:00\",\"dateModified\":\"2022-05-10T18:49:14+00:00\",\"breadcrumb\":{\"@id\":\"https:\/\/now-news.de\/de\/deutschland\/erster-praesident-der-unabhaengigen-ukraine-krawtschuk-gestorben\/#breadcrumb\"},\"inLanguage\":\"de\",\"potentialAction\":[{\"@type\":\"ReadAction\",\"target\":[\"https:\/\/now-news.de\/de\/deutschland\/erster-praesident-der-unabhaengigen-ukraine-krawtschuk-gestorben\/\"]}]},{\"@type\":\"ImageObject\",\"inLanguage\":\"de\",\"@id\":\"https:\/\/now-news.de\/de\/deutschland\/erster-praesident-der-unabhaengigen-ukraine-krawtschuk-gestorben\/#primaryimage\",\"url\":\"https:\/\/now-news.de\/de\/wp-content\/uploads\/sites\/3\/2022\/05\/Erster-Praesident-der-unabhaengigen-Ukraine-Krawtschuk-gestorben.jpg\",\"contentUrl\":\"https:\/\/now-news.de\/de\/wp-content\/uploads\/sites\/3\/2022\/05\/Erster-Praesident-der-unabhaengigen-Ukraine-Krawtschuk-gestorben.jpg\",\"width\":1104,\"height\":622},{\"@type\":\"BreadcrumbList\",\"@id\":\"https:\/\/now-news.de\/de\/deutschland\/erster-praesident-der-unabhaengigen-ukraine-krawtschuk-gestorben\/#breadcrumb\",\"itemListElement\":[{\"@type\":\"ListItem\",\"position\":1,\"name\":\"Home\",\"item\":\"https:\/\/now-news.de\/de\/\"},{\"@type\":\"ListItem\",\"position\":2,\"name\":\"Erster Pr\u00e4sident der unabh\u00e4ngigen Ukraine Krawtschuk gestorben\"}]},{\"@type\":\"WebSite\",\"@id\":\"https:\/\/now-news.de\/de\/#website\",\"url\":\"https:\/\/now-news.de\/de\/\",\"name\":\"just-now.NEWS Deutschland\",\"description\":\"Das Portal f\u00fcr unzensierte Nachrichten aus der Welt\",\"publisher\":{\"@id\":\"https:\/\/now-news.de\/de\/#organization\"},\"potentialAction\":[{\"@type\":\"SearchAction\",\"target\":{\"@type\":\"EntryPoint\",\"urlTemplate\":\"https:\/\/now-news.de\/de\/?s={search_term_string}\"},\"query-input\":\"required name=search_term_string\"}],\"inLanguage\":\"de\"},{\"@type\":\"Organization\",\"@id\":\"https:\/\/now-news.de\/de\/#organization\",\"name\":\"Just Now News\",\"url\":\"https:\/\/now-news.de\/de\/\",\"logo\":{\"@type\":\"ImageObject\",\"inLanguage\":\"de\",\"@id\":\"https:\/\/now-news.de\/de\/#\/schema\/logo\/image\/\",\"url\":\"http:\/\/just-now.news\/de\/wp-content\/uploads\/sites\/3\/2022\/04\/logo500x500.jpg\",\"contentUrl\":\"http:\/\/just-now.news\/de\/wp-content\/uploads\/sites\/3\/2022\/04\/logo500x500.jpg\",\"width\":500,\"height\":500,\"caption\":\"Just Now News\"},\"image\":{\"@id\":\"https:\/\/now-news.de\/de\/#\/schema\/logo\/image\/\"},\"sameAs\":[\"https:\/\/www.facebook.com\/wirmachenauf\",\"https:\/\/x.com\/WirMachenAuf_de\"]},{\"@type\":\"Person\",\"@id\":\"https:\/\/now-news.de\/de\/#\/schema\/person\/fb534a4e865501d8b3285208df34a9b5\",\"name\":\"rtnews\",\"image\":{\"@type\":\"ImageObject\",\"inLanguage\":\"de\",\"@id\":\"https:\/\/now-news.de\/de\/#\/schema\/person\/image\/\",\"url\":\"https:\/\/secure.gravatar.com\/avatar\/82aafea7d8127119dd649515f56e2117?s=96&d=mm&r=g\",\"contentUrl\":\"https:\/\/secure.gravatar.com\/avatar\/82aafea7d8127119dd649515f56e2117?s=96&d=mm&r=g\",\"caption\":\"rtnews\"},\"url\":\"https:\/\/now-news.de\/de\/author\/rnews\/\"}]}<\/script>\n<!-- \/ Yoast SEO Premium plugin. -->","yoast_head_json":{"title":"Erster Pr\u00e4sident der unabh\u00e4ngigen Ukraine Krawtschuk gestorben - just-now.NEWS Deutschland","robots":{"index":"index","follow":"follow","max-snippet":"max-snippet:-1","max-image-preview":"max-image-preview:large","max-video-preview":"max-video-preview:-1"},"canonical":"https:\/\/now-news.de\/de\/deutschland\/erster-praesident-der-unabhaengigen-ukraine-krawtschuk-gestorben\/","og_locale":"de_DE","og_type":"article","og_title":"Erster Pr\u00e4sident der unabh\u00e4ngigen Ukraine Krawtschuk gestorben","og_description":"Wie TASS\u00a0meldet, ist der erste Pr\u00e4sident der 1991 unabh\u00e4ngig gewordenen Ukraine, Leonid Krawtschuk, am Dienstag nach langer Krankheit gestorben. Dies berichtete eine Quelle aus der Familie des Politikers gegen\u00fcber Ukrainskie Nowosti. Am 10. Januar wurde Krawtschuk 88 Jahre alt. Der ehemalige Pr\u00e4sident hatte sich Ende Juni 2021 einer schwierigen Herzoperation unterziehen m\u00fcssen. Daraufhin lag der [&hellip;]","og_url":"https:\/\/now-news.de\/de\/deutschland\/erster-praesident-der-unabhaengigen-ukraine-krawtschuk-gestorben\/","og_site_name":"just-now.NEWS Deutschland","article_publisher":"https:\/\/www.facebook.com\/wirmachenauf","article_published_time":"2022-05-10T18:49:14+00:00","og_image":[{"width":1104,"height":622,"url":"https:\/\/now-news.de\/de\/wp-content\/uploads\/sites\/3\/2022\/05\/Erster-Praesident-der-unabhaengigen-Ukraine-Krawtschuk-gestorben.jpg","type":"image\/jpeg"}],"author":"rtnews","twitter_card":"summary_large_image","twitter_creator":"@WirMachenAuf_de","twitter_site":"@WirMachenAuf_de","twitter_misc":{"Verfasst von":"rtnews","Gesch\u00e4tzte Lesezeit":"1\u00a0Minute"},"schema":{"@context":"https:\/\/schema.org","@graph":[{"@type":"Article","@id":"https:\/\/now-news.de\/de\/deutschland\/erster-praesident-der-unabhaengigen-ukraine-krawtschuk-gestorben\/#article","isPartOf":{"@id":"https:\/\/now-news.de\/de\/deutschland\/erster-praesident-der-unabhaengigen-ukraine-krawtschuk-gestorben\/"},"author":{"name":"rtnews","@id":"https:\/\/now-news.de\/de\/#\/schema\/person\/fb534a4e865501d8b3285208df34a9b5"},"headline":"Erster Pr\u00e4sident der unabh\u00e4ngigen Ukraine Krawtschuk gestorben","datePublished":"2022-05-10T18:49:14+00:00","dateModified":"2022-05-10T18:49:14+00:00","mainEntityOfPage":{"@id":"https:\/\/now-news.de\/de\/deutschland\/erster-praesident-der-unabhaengigen-ukraine-krawtschuk-gestorben\/"},"wordCount":139,"commentCount":0,"publisher":{"@id":"https:\/\/now-news.de\/de\/#organization"},"image":{"@id":"https:\/\/now-news.de\/de\/deutschland\/erster-praesident-der-unabhaengigen-ukraine-krawtschuk-gestorben\/#primaryimage"},"thumbnailUrl":"https:\/\/now-news.de\/de\/wp-content\/uploads\/sites\/3\/2022\/05\/Erster-Praesident-der-unabhaengigen-Ukraine-Krawtschuk-gestorben.jpg","keywords":["der","Erster","gestorben","Krawtschuk","Pr\u00e4sident","ukraine","unabh\u00e4ngigen"],"articleSection":["Deutschland","Russland"],"inLanguage":"de","potentialAction":[{"@type":"CommentAction","name":"Comment","target":["https:\/\/now-news.de\/de\/deutschland\/erster-praesident-der-unabhaengigen-ukraine-krawtschuk-gestorben\/#respond"]}]},{"@type":"WebPage","@id":"https:\/\/now-news.de\/de\/deutschland\/erster-praesident-der-unabhaengigen-ukraine-krawtschuk-gestorben\/","url":"https:\/\/now-news.de\/de\/deutschland\/erster-praesident-der-unabhaengigen-ukraine-krawtschuk-gestorben\/","name":"Erster Pr\u00e4sident der unabh\u00e4ngigen Ukraine Krawtschuk gestorben - just-now.NEWS Deutschland","isPartOf":{"@id":"https:\/\/now-news.de\/de\/#website"},"primaryImageOfPage":{"@id":"https:\/\/now-news.de\/de\/deutschland\/erster-praesident-der-unabhaengigen-ukraine-krawtschuk-gestorben\/#primaryimage"},"image":{"@id":"https:\/\/now-news.de\/de\/deutschland\/erster-praesident-der-unabhaengigen-ukraine-krawtschuk-gestorben\/#primaryimage"},"thumbnailUrl":"https:\/\/now-news.de\/de\/wp-content\/uploads\/sites\/3\/2022\/05\/Erster-Praesident-der-unabhaengigen-Ukraine-Krawtschuk-gestorben.jpg","datePublished":"2022-05-10T18:49:14+00:00","dateModified":"2022-05-10T18:49:14+00:00","breadcrumb":{"@id":"https:\/\/now-news.de\/de\/deutschland\/erster-praesident-der-unabhaengigen-ukraine-krawtschuk-gestorben\/#breadcrumb"},"inLanguage":"de","potentialAction":[{"@type":"ReadAction","target":["https:\/\/now-news.de\/de\/deutschland\/erster-praesident-der-unabhaengigen-ukraine-krawtschuk-gestorben\/"]}]},{"@type":"ImageObject","inLanguage":"de","@id":"https:\/\/now-news.de\/de\/deutschland\/erster-praesident-der-unabhaengigen-ukraine-krawtschuk-gestorben\/#primaryimage","url":"https:\/\/now-news.de\/de\/wp-content\/uploads\/sites\/3\/2022\/05\/Erster-Praesident-der-unabhaengigen-Ukraine-Krawtschuk-gestorben.jpg","contentUrl":"https:\/\/now-news.de\/de\/wp-content\/uploads\/sites\/3\/2022\/05\/Erster-Praesident-der-unabhaengigen-Ukraine-Krawtschuk-gestorben.jpg","width":1104,"height":622},{"@type":"BreadcrumbList","@id":"https:\/\/now-news.de\/de\/deutschland\/erster-praesident-der-unabhaengigen-ukraine-krawtschuk-gestorben\/#breadcrumb","itemListElement":[{"@type":"ListItem","position":1,"name":"Home","item":"https:\/\/now-news.de\/de\/"},{"@type":"ListItem","position":2,"name":"Erster Pr\u00e4sident der unabh\u00e4ngigen Ukraine Krawtschuk gestorben"}]},{"@type":"WebSite","@id":"https:\/\/now-news.de\/de\/#website","url":"https:\/\/now-news.de\/de\/","name":"just-now.NEWS Deutschland","description":"Das Portal f\u00fcr unzensierte Nachrichten aus der Welt","publisher":{"@id":"https:\/\/now-news.de\/de\/#organization"},"potentialAction":[{"@type":"SearchAction","target":{"@type":"EntryPoint","urlTemplate":"https:\/\/now-news.de\/de\/?s={search_term_string}"},"query-input":"required name=search_term_string"}],"inLanguage":"de"},{"@type":"Organization","@id":"https:\/\/now-news.de\/de\/#organization","name":"Just Now News","url":"https:\/\/now-news.de\/de\/","logo":{"@type":"ImageObject","inLanguage":"de","@id":"https:\/\/now-news.de\/de\/#\/schema\/logo\/image\/","url":"http:\/\/just-now.news\/de\/wp-content\/uploads\/sites\/3\/2022\/04\/logo500x500.jpg","contentUrl":"http:\/\/just-now.news\/de\/wp-content\/uploads\/sites\/3\/2022\/04\/logo500x500.jpg","width":500,"height":500,"caption":"Just Now News"},"image":{"@id":"https:\/\/now-news.de\/de\/#\/schema\/logo\/image\/"},"sameAs":["https:\/\/www.facebook.com\/wirmachenauf","https:\/\/x.com\/WirMachenAuf_de"]},{"@type":"Person","@id":"https:\/\/now-news.de\/de\/#\/schema\/person\/fb534a4e865501d8b3285208df34a9b5","name":"rtnews","image":{"@type":"ImageObject","inLanguage":"de","@id":"https:\/\/now-news.de\/de\/#\/schema\/person\/image\/","url":"https:\/\/secure.gravatar.com\/avatar\/82aafea7d8127119dd649515f56e2117?s=96&d=mm&r=g","contentUrl":"https:\/\/secure.gravatar.com\/avatar\/82aafea7d8127119dd649515f56e2117?s=96&d=mm&r=g","caption":"rtnews"},"url":"https:\/\/now-news.de\/de\/author\/rnews\/"}]}},"_links":{"self":[{"href":"https:\/\/now-news.de\/de\/wp-json\/wp\/v2\/posts\/7322"}],"collection":[{"href":"https:\/\/now-news.de\/de\/wp-json\/wp\/v2\/posts"}],"about":[{"href":"https:\/\/now-news.de\/de\/wp-json\/wp\/v2\/types\/post"}],"author":[{"embeddable":true,"href":"https:\/\/now-news.de\/de\/wp-json\/wp\/v2\/users\/3"}],"replies":[{"embeddable":true,"href":"https:\/\/now-news.de\/de\/wp-json\/wp\/v2\/comments?post=7322"}],"version-history":[{"count":0,"href":"https:\/\/now-news.de\/de\/wp-json\/wp\/v2\/posts\/7322\/revisions"}],"wp:featuredmedia":[{"embeddable":true,"href":"https:\/\/now-news.de\/de\/wp-json\/wp\/v2\/media\/7323"}],"wp:attachment":[{"href":"https:\/\/now-news.de\/de\/wp-json\/wp\/v2\/media?parent=7322"}],"wp:term":[{"taxonomy":"category","embeddable":true,"href":"https:\/\/now-news.de\/de\/wp-json\/wp\/v2\/categories?post=7322"},{"taxonomy":"post_tag","embeddable":true,"href":"https:\/\/now-news.de\/de\/wp-json\/wp\/v2\/tags?post=7322"}],"curies":[{"name":"wp","href":"https:\/\/api.w.org\/{rel}","templated":true}]}}