{"id":73184,"date":"2024-11-24T20:01:09","date_gmt":"2024-11-24T18:01:09","guid":{"rendered":"https:\/\/now-news.de\/de\/deutschland\/widerstand-hohe-personelle-verluste-bei-ukrainischen-nationalisten-in-gebiet-sumy\/"},"modified":"2024-11-24T20:01:09","modified_gmt":"2024-11-24T18:01:09","slug":"widerstand-hohe-personelle-verluste-bei-ukrainischen-nationalisten-in-gebiet-sumy","status":"publish","type":"post","link":"https:\/\/now-news.de\/de\/deutschland\/widerstand-hohe-personelle-verluste-bei-ukrainischen-nationalisten-in-gebiet-sumy\/","title":{"rendered":"Widerstand: Hohe personelle Verluste bei ukrainischen Nationalisten in Gebiet Sumy"},"content":{"rendered":"<p><img decoding=\"async\" src=\"https:\/\/now-news.de\/de\/wp-content\/uploads\/sites\/3\/2024\/11\/67431acd48fbef309c5b883c.png\" \/><\/p>\n<div class=\"Text-root Text-type_1 \">\n                Bei Sumy, der Hauptstadt des gleichnamigen Gebiets der ehemaligen Ukrainischen SSR, wurden nach Angaben des Untergrundwiderstands Kasernen mit einer weit \u00fcber 500 Mann starken ukrainischen Nazimiliz durch Russlands Milit\u00e4r mit schweren Lenkflugk\u00f6rpern beschossen \u2013 offenbar mit Erfolg.\n            <\/div>\n<p><\/p>\n<div class=\"Text-root Text-type_5 ArticleView-text ViewText-root \">\n<p>Sergej Lebedew, einer der Koordinatoren der Untergrundbewegung f\u00fcr den Widerstand gegen das heutige Kiewer Regime im s\u00fcdlichen Gebiet Nikolajew, gab unter Verweis auf Kameraden im Norden des Landes einen erfolgreichen Einsatz schwerer russischer Pr\u00e4zisionslenkwaffen am 24. November 2024 gegen ein gro\u00dfes ukrainisches Truppenkontingent <a rel=\"nofollow noopener\" target=\"_blank\" href=\"https:\/\/t.me\/L0HMATIY\/24486\">bekannt<\/a>. Dieses bestehe seinen Daten zufolge aus Rechtsextremen, die er Banderisten nennt. Er schildert:<\/p>\n<blockquote>\n<p><em>&#8220;Um zwei Uhr Nachts war in einer Vorstadt von Sumy eine Explosion zu h\u00f6ren. Da ist etwas sehr Ordentliches eingeschlagen \u2013 allerdings ohne darauffolgende sekund\u00e4re Detonationen. Das Ger\u00e4usch der Explosion kam aus dem Nordosten, und nach kurzer Zeit rasten Rettungswagen in diese Richtung.<\/em><\/p>\n<p><em>Es hat sich herausgestellt, dass den Banderisten die Touristenst\u00fctzpunkte Solnetschnaja Poljana (Sonnige Lichtung), Rossinka (Tautropfen) und Metallurg sehr gefallen haben \u2013 diese liegen unweit der Siedlung Puschkarjowka. Den Lebensmittel- und Essensbestellungen der drei Touristenst\u00fctzpunkte nach zu urteilen, befand sich dort ein etwa 500-k\u00f6pfiges Aufgebot an Bandera-J\u00fcngern.&#8221;<\/em><\/p>\n<\/blockquote>\n<p>Wie viele Tote, Verletzte und Verwundete der Angriff zur Folge hatte, m\u00fcsse die Widerstandsgruppe in Sumy noch ermitteln, so Lebedew. Bekannt sei allerdings, dass die rechtsextremen Milizion\u00e4re ab f\u00fcnf Uhr morgens in den benachbarten Ortschaften Mobilfunkger\u00e4te und Computer durchsuchten, um zu ermitteln, wer m\u00f6glicherweise die &#8220;Zielzuweisung f\u00fcr die russischen Raketen&#8221; gew\u00e4hrleistet hat.<\/p>\n<p>Ebenfalls im Gebiet Sumy, allerdings im Landkreis Romny, habe sich ein weiterer derartiger Angriff ereignet, wie Lebedew <a rel=\"nofollow noopener\" target=\"_blank\" href=\"https:\/\/t.me\/L0HMATIY\/24487\">bekannt gab<\/a>: Unweit der gleichnamigen Stadt habe sich in den, wie es hei\u00dft, zu diesen Zwecken sehr brauchbaren Geb\u00e4uden eines kynologischen Zentrums ein weiteres Aufgebot einer rechtsextremen Miliz einquartiert. Dorthin w\u00fcrden angeschlagene Einheiten dieser nicht n\u00e4her genannten Miliz zwecks Wiederaufstockung verlegt, die am Einfall in das russische Gebiet Kursk beteiligt seien. Die Auswirkungen des Angriffs beschreibt der Nikolajewer Widerstandskoordinator wie folgt:<\/p>\n<blockquote>\n<p><em>&#8220;Eine Truppenrotation wurde verhindert. \u00dcber 40 Verwundete wurden ins Psychiatrieklinikum #1 der Stadt Romny eingeliefert, das die Banderisten als Hospital zweckentfremden. Nach Angaben der \u00f6rtlichen Agentur des Widerstands kamen au\u00dferdem an die 30 Mann ums Leben, Radfahrzeuge wurden besch\u00e4digt und ein kleineres Munitionsdepot zerst\u00f6rt.&#8221;<\/em><\/p>\n<\/blockquote>\n<p>Offenbar unzufrieden mit dem Ergebnis dieses Angriffs f\u00fchrte Russlands Milit\u00e4r kurz darauf einen weiteren Angriff durch, <a rel=\"nofollow noopener\" target=\"_blank\" href=\"https:\/\/t.me\/L0HMATIY\/24488\">f\u00fcgt<\/a> Sergej Lebedew <a rel=\"nofollow noopener\" target=\"_blank\" href=\"https:\/\/t.me\/L0HMATIY\/24488\">hinzu<\/a>. Einzelheiten dazu seien allerdings noch nicht bekannt.<\/p>\n<p><strong>Mehr zum Thema<\/strong>\u00a0\u2013 <a rel=\"nofollow noopener\" target=\"_blank\" href=\"https:\/\/freedert.online\/international\/226414-warum-biden-raketenangriffe-tief-in-russland-genehmigt\/\">Warum Biden Raketenangriffe tief in Russland genehmigt<\/a><\/p>\n<div class=\"EmbedBlock-root EmbedBlock-externalVideo EmbedBlock-rumble\">\n<div class=\"VkEmbed\"><iframe class=\"lazyload\" data-src=\"https:\/\/rumble.com\/embed\/v5qb378\" frameborder=\"0\" width=\"853\" height=\"480\" allowfullscreen><\/iframe><\/div>\n<\/div>\n<\/div>\n<p><br \/>\n<br \/><a href=\"https:\/\/de.rt.com\/europa\/227093-widerstand-hohe-personelle-verluste-bei\/\">Source link <\/a><\/p>\n","protected":false},"excerpt":{"rendered":"<p>Bei Sumy, der Hauptstadt des gleichnamigen Gebiets der ehemaligen Ukrainischen SSR, wurden nach Angaben des Untergrundwiderstands Kasernen mit einer weit \u00fcber 500 Mann starken ukrainischen Nazimiliz durch Russlands Milit\u00e4r mit schweren Lenkflugk\u00f6rpern beschossen \u2013 offenbar mit Erfolg. Sergej Lebedew, einer der Koordinatoren der Untergrundbewegung f\u00fcr den Widerstand gegen das heutige Kiewer Regime im s\u00fcdlichen Gebiet [&hellip;]<\/p>\n","protected":false},"author":3,"featured_media":73185,"comment_status":"open","ping_status":"open","sticky":false,"template":"","format":"standard","meta":{"_yoast_indexnow_last_ping":["1732471726"],"wp_automatic_camp":["217"],"d267c3c09c7399e99860e09fe31ca423":["Widerstand: Hohe personelle Verluste bei ukrainischen Nationalisten in Gebiet Sumy"],"original_link":["https:\/\/de.rt.com\/europa\/227093-widerstand-hohe-personelle-verluste-bei\/"],"_thumbnail_id":["73185"],"_wptgpro_p2tg_sent2tg":["a:1:{i:23737;s:19:\"2024-11-24 20:09:49\";}"],"jnews_social_counter_last_update":["1777630010"]},"categories":[19,23],"tags":[363,23009,1273,906,54947,11454,2332,3385,7547],"yoast_head":"<!-- This site is optimized with the Yoast SEO Premium plugin v22.7 (Yoast SEO v22.7) - https:\/\/yoast.com\/wordpress\/plugins\/seo\/ -->\n<title>Widerstand: Hohe personelle Verluste bei ukrainischen Nationalisten in Gebiet Sumy - just-now.NEWS Deutschland<\/title>\n<meta name=\"robots\" content=\"index, follow, max-snippet:-1, max-image-preview:large, max-video-preview:-1\" \/>\n<link rel=\"canonical\" href=\"https:\/\/now-news.de\/de\/deutschland\/widerstand-hohe-personelle-verluste-bei-ukrainischen-nationalisten-in-gebiet-sumy\/\" \/>\n<meta property=\"og:locale\" content=\"de_DE\" \/>\n<meta property=\"og:type\" content=\"article\" \/>\n<meta property=\"og:title\" content=\"Widerstand: Hohe personelle Verluste bei ukrainischen Nationalisten in Gebiet Sumy\" \/>\n<meta property=\"og:description\" content=\"Bei Sumy, der Hauptstadt des gleichnamigen Gebiets der ehemaligen Ukrainischen SSR, wurden nach Angaben des Untergrundwiderstands Kasernen mit einer weit \u00fcber 500 Mann starken ukrainischen Nazimiliz durch Russlands Milit\u00e4r mit schweren Lenkflugk\u00f6rpern beschossen \u2013 offenbar mit Erfolg. Sergej Lebedew, einer der Koordinatoren der Untergrundbewegung f\u00fcr den Widerstand gegen das heutige Kiewer Regime im s\u00fcdlichen Gebiet [&hellip;]\" \/>\n<meta property=\"og:url\" content=\"https:\/\/now-news.de\/de\/deutschland\/widerstand-hohe-personelle-verluste-bei-ukrainischen-nationalisten-in-gebiet-sumy\/\" \/>\n<meta property=\"og:site_name\" content=\"just-now.NEWS Deutschland\" \/>\n<meta property=\"article:publisher\" content=\"https:\/\/www.facebook.com\/wirmachenauf\" \/>\n<meta property=\"article:published_time\" content=\"2024-11-24T18:01:09+00:00\" \/>\n<meta property=\"og:image\" content=\"https:\/\/now-news.de\/de\/wp-content\/uploads\/sites\/3\/2024\/11\/67431acd48fbef309c5b883c.png\" \/>\n<meta name=\"author\" content=\"rtnews\" \/>\n<meta name=\"twitter:card\" content=\"summary_large_image\" \/>\n<meta name=\"twitter:creator\" content=\"@WirMachenAuf_de\" \/>\n<meta name=\"twitter:site\" content=\"@WirMachenAuf_de\" \/>\n<meta name=\"twitter:label1\" content=\"Verfasst von\" \/>\n\t<meta name=\"twitter:data1\" content=\"rtnews\" \/>\n\t<meta name=\"twitter:label2\" content=\"Gesch\u00e4tzte Lesezeit\" \/>\n\t<meta name=\"twitter:data2\" content=\"2\u00a0Minuten\" \/>\n<script type=\"application\/ld+json\" class=\"yoast-schema-graph\">{\"@context\":\"https:\/\/schema.org\",\"@graph\":[{\"@type\":\"Article\",\"@id\":\"https:\/\/now-news.de\/de\/deutschland\/widerstand-hohe-personelle-verluste-bei-ukrainischen-nationalisten-in-gebiet-sumy\/#article\",\"isPartOf\":{\"@id\":\"https:\/\/now-news.de\/de\/deutschland\/widerstand-hohe-personelle-verluste-bei-ukrainischen-nationalisten-in-gebiet-sumy\/\"},\"author\":{\"name\":\"rtnews\",\"@id\":\"https:\/\/now-news.de\/de\/#\/schema\/person\/fb534a4e865501d8b3285208df34a9b5\"},\"headline\":\"Widerstand: Hohe personelle Verluste bei ukrainischen Nationalisten in Gebiet Sumy\",\"datePublished\":\"2024-11-24T18:01:09+00:00\",\"dateModified\":\"2024-11-24T18:01:09+00:00\",\"mainEntityOfPage\":{\"@id\":\"https:\/\/now-news.de\/de\/deutschland\/widerstand-hohe-personelle-verluste-bei-ukrainischen-nationalisten-in-gebiet-sumy\/\"},\"wordCount\":428,\"commentCount\":0,\"publisher\":{\"@id\":\"https:\/\/now-news.de\/de\/#organization\"},\"image\":{\"@id\":\"https:\/\/now-news.de\/de\/deutschland\/widerstand-hohe-personelle-verluste-bei-ukrainischen-nationalisten-in-gebiet-sumy\/#primaryimage\"},\"thumbnailUrl\":\"https:\/\/now-news.de\/de\/wp-content\/uploads\/sites\/3\/2024\/11\/Widerstand-Hohe-personelle-Verluste-bei-ukrainischen-Nationalisten-in-Gebiet-Sumy.png\",\"keywords\":[\"bei\",\"Gebiet\",\"hohe\",\"Nationalisten\",\"personelle\",\"sumy\",\"ukrainischen\",\"Verluste\",\"Widerstand\"],\"articleSection\":[\"Deutschland\",\"Russland\"],\"inLanguage\":\"de\",\"potentialAction\":[{\"@type\":\"CommentAction\",\"name\":\"Comment\",\"target\":[\"https:\/\/now-news.de\/de\/deutschland\/widerstand-hohe-personelle-verluste-bei-ukrainischen-nationalisten-in-gebiet-sumy\/#respond\"]}]},{\"@type\":\"WebPage\",\"@id\":\"https:\/\/now-news.de\/de\/deutschland\/widerstand-hohe-personelle-verluste-bei-ukrainischen-nationalisten-in-gebiet-sumy\/\",\"url\":\"https:\/\/now-news.de\/de\/deutschland\/widerstand-hohe-personelle-verluste-bei-ukrainischen-nationalisten-in-gebiet-sumy\/\",\"name\":\"Widerstand: Hohe personelle Verluste bei ukrainischen Nationalisten in Gebiet Sumy - just-now.NEWS Deutschland\",\"isPartOf\":{\"@id\":\"https:\/\/now-news.de\/de\/#website\"},\"primaryImageOfPage\":{\"@id\":\"https:\/\/now-news.de\/de\/deutschland\/widerstand-hohe-personelle-verluste-bei-ukrainischen-nationalisten-in-gebiet-sumy\/#primaryimage\"},\"image\":{\"@id\":\"https:\/\/now-news.de\/de\/deutschland\/widerstand-hohe-personelle-verluste-bei-ukrainischen-nationalisten-in-gebiet-sumy\/#primaryimage\"},\"thumbnailUrl\":\"https:\/\/now-news.de\/de\/wp-content\/uploads\/sites\/3\/2024\/11\/Widerstand-Hohe-personelle-Verluste-bei-ukrainischen-Nationalisten-in-Gebiet-Sumy.png\",\"datePublished\":\"2024-11-24T18:01:09+00:00\",\"dateModified\":\"2024-11-24T18:01:09+00:00\",\"breadcrumb\":{\"@id\":\"https:\/\/now-news.de\/de\/deutschland\/widerstand-hohe-personelle-verluste-bei-ukrainischen-nationalisten-in-gebiet-sumy\/#breadcrumb\"},\"inLanguage\":\"de\",\"potentialAction\":[{\"@type\":\"ReadAction\",\"target\":[\"https:\/\/now-news.de\/de\/deutschland\/widerstand-hohe-personelle-verluste-bei-ukrainischen-nationalisten-in-gebiet-sumy\/\"]}]},{\"@type\":\"ImageObject\",\"inLanguage\":\"de\",\"@id\":\"https:\/\/now-news.de\/de\/deutschland\/widerstand-hohe-personelle-verluste-bei-ukrainischen-nationalisten-in-gebiet-sumy\/#primaryimage\",\"url\":\"https:\/\/now-news.de\/de\/wp-content\/uploads\/sites\/3\/2024\/11\/Widerstand-Hohe-personelle-Verluste-bei-ukrainischen-Nationalisten-in-Gebiet-Sumy.png\",\"contentUrl\":\"https:\/\/now-news.de\/de\/wp-content\/uploads\/sites\/3\/2024\/11\/Widerstand-Hohe-personelle-Verluste-bei-ukrainischen-Nationalisten-in-Gebiet-Sumy.png\",\"width\":460,\"height\":259,\"caption\":\"Widerstand: Hohe personelle Verluste bei ukrainischen Nationalisten in Gebiet Sumy\"},{\"@type\":\"BreadcrumbList\",\"@id\":\"https:\/\/now-news.de\/de\/deutschland\/widerstand-hohe-personelle-verluste-bei-ukrainischen-nationalisten-in-gebiet-sumy\/#breadcrumb\",\"itemListElement\":[{\"@type\":\"ListItem\",\"position\":1,\"name\":\"Home\",\"item\":\"https:\/\/now-news.de\/de\/\"},{\"@type\":\"ListItem\",\"position\":2,\"name\":\"Widerstand: Hohe personelle Verluste bei ukrainischen Nationalisten in Gebiet Sumy\"}]},{\"@type\":\"WebSite\",\"@id\":\"https:\/\/now-news.de\/de\/#website\",\"url\":\"https:\/\/now-news.de\/de\/\",\"name\":\"just-now.NEWS Deutschland\",\"description\":\"Das Portal f\u00fcr unzensierte Nachrichten aus der Welt\",\"publisher\":{\"@id\":\"https:\/\/now-news.de\/de\/#organization\"},\"potentialAction\":[{\"@type\":\"SearchAction\",\"target\":{\"@type\":\"EntryPoint\",\"urlTemplate\":\"https:\/\/now-news.de\/de\/?s={search_term_string}\"},\"query-input\":\"required name=search_term_string\"}],\"inLanguage\":\"de\"},{\"@type\":\"Organization\",\"@id\":\"https:\/\/now-news.de\/de\/#organization\",\"name\":\"Just Now News\",\"url\":\"https:\/\/now-news.de\/de\/\",\"logo\":{\"@type\":\"ImageObject\",\"inLanguage\":\"de\",\"@id\":\"https:\/\/now-news.de\/de\/#\/schema\/logo\/image\/\",\"url\":\"http:\/\/just-now.news\/de\/wp-content\/uploads\/sites\/3\/2022\/04\/logo500x500.jpg\",\"contentUrl\":\"http:\/\/just-now.news\/de\/wp-content\/uploads\/sites\/3\/2022\/04\/logo500x500.jpg\",\"width\":500,\"height\":500,\"caption\":\"Just Now News\"},\"image\":{\"@id\":\"https:\/\/now-news.de\/de\/#\/schema\/logo\/image\/\"},\"sameAs\":[\"https:\/\/www.facebook.com\/wirmachenauf\",\"https:\/\/x.com\/WirMachenAuf_de\"]},{\"@type\":\"Person\",\"@id\":\"https:\/\/now-news.de\/de\/#\/schema\/person\/fb534a4e865501d8b3285208df34a9b5\",\"name\":\"rtnews\",\"image\":{\"@type\":\"ImageObject\",\"inLanguage\":\"de\",\"@id\":\"https:\/\/now-news.de\/de\/#\/schema\/person\/image\/\",\"url\":\"https:\/\/secure.gravatar.com\/avatar\/82aafea7d8127119dd649515f56e2117?s=96&d=mm&r=g\",\"contentUrl\":\"https:\/\/secure.gravatar.com\/avatar\/82aafea7d8127119dd649515f56e2117?s=96&d=mm&r=g\",\"caption\":\"rtnews\"},\"url\":\"https:\/\/now-news.de\/de\/author\/rnews\/\"}]}<\/script>\n<!-- \/ Yoast SEO Premium plugin. -->","yoast_head_json":{"title":"Widerstand: Hohe personelle Verluste bei ukrainischen Nationalisten in Gebiet Sumy - just-now.NEWS Deutschland","robots":{"index":"index","follow":"follow","max-snippet":"max-snippet:-1","max-image-preview":"max-image-preview:large","max-video-preview":"max-video-preview:-1"},"canonical":"https:\/\/now-news.de\/de\/deutschland\/widerstand-hohe-personelle-verluste-bei-ukrainischen-nationalisten-in-gebiet-sumy\/","og_locale":"de_DE","og_type":"article","og_title":"Widerstand: Hohe personelle Verluste bei ukrainischen Nationalisten in Gebiet Sumy","og_description":"Bei Sumy, der Hauptstadt des gleichnamigen Gebiets der ehemaligen Ukrainischen SSR, wurden nach Angaben des Untergrundwiderstands Kasernen mit einer weit \u00fcber 500 Mann starken ukrainischen Nazimiliz durch Russlands Milit\u00e4r mit schweren Lenkflugk\u00f6rpern beschossen \u2013 offenbar mit Erfolg. Sergej Lebedew, einer der Koordinatoren der Untergrundbewegung f\u00fcr den Widerstand gegen das heutige Kiewer Regime im s\u00fcdlichen Gebiet [&hellip;]","og_url":"https:\/\/now-news.de\/de\/deutschland\/widerstand-hohe-personelle-verluste-bei-ukrainischen-nationalisten-in-gebiet-sumy\/","og_site_name":"just-now.NEWS Deutschland","article_publisher":"https:\/\/www.facebook.com\/wirmachenauf","article_published_time":"2024-11-24T18:01:09+00:00","og_image":[{"url":"https:\/\/now-news.de\/de\/wp-content\/uploads\/sites\/3\/2024\/11\/67431acd48fbef309c5b883c.png"}],"author":"rtnews","twitter_card":"summary_large_image","twitter_creator":"@WirMachenAuf_de","twitter_site":"@WirMachenAuf_de","twitter_misc":{"Verfasst von":"rtnews","Gesch\u00e4tzte Lesezeit":"2\u00a0Minuten"},"schema":{"@context":"https:\/\/schema.org","@graph":[{"@type":"Article","@id":"https:\/\/now-news.de\/de\/deutschland\/widerstand-hohe-personelle-verluste-bei-ukrainischen-nationalisten-in-gebiet-sumy\/#article","isPartOf":{"@id":"https:\/\/now-news.de\/de\/deutschland\/widerstand-hohe-personelle-verluste-bei-ukrainischen-nationalisten-in-gebiet-sumy\/"},"author":{"name":"rtnews","@id":"https:\/\/now-news.de\/de\/#\/schema\/person\/fb534a4e865501d8b3285208df34a9b5"},"headline":"Widerstand: Hohe personelle Verluste bei ukrainischen Nationalisten in Gebiet Sumy","datePublished":"2024-11-24T18:01:09+00:00","dateModified":"2024-11-24T18:01:09+00:00","mainEntityOfPage":{"@id":"https:\/\/now-news.de\/de\/deutschland\/widerstand-hohe-personelle-verluste-bei-ukrainischen-nationalisten-in-gebiet-sumy\/"},"wordCount":428,"commentCount":0,"publisher":{"@id":"https:\/\/now-news.de\/de\/#organization"},"image":{"@id":"https:\/\/now-news.de\/de\/deutschland\/widerstand-hohe-personelle-verluste-bei-ukrainischen-nationalisten-in-gebiet-sumy\/#primaryimage"},"thumbnailUrl":"https:\/\/now-news.de\/de\/wp-content\/uploads\/sites\/3\/2024\/11\/Widerstand-Hohe-personelle-Verluste-bei-ukrainischen-Nationalisten-in-Gebiet-Sumy.png","keywords":["bei","Gebiet","hohe","Nationalisten","personelle","sumy","ukrainischen","Verluste","Widerstand"],"articleSection":["Deutschland","Russland"],"inLanguage":"de","potentialAction":[{"@type":"CommentAction","name":"Comment","target":["https:\/\/now-news.de\/de\/deutschland\/widerstand-hohe-personelle-verluste-bei-ukrainischen-nationalisten-in-gebiet-sumy\/#respond"]}]},{"@type":"WebPage","@id":"https:\/\/now-news.de\/de\/deutschland\/widerstand-hohe-personelle-verluste-bei-ukrainischen-nationalisten-in-gebiet-sumy\/","url":"https:\/\/now-news.de\/de\/deutschland\/widerstand-hohe-personelle-verluste-bei-ukrainischen-nationalisten-in-gebiet-sumy\/","name":"Widerstand: Hohe personelle Verluste bei ukrainischen Nationalisten in Gebiet Sumy - just-now.NEWS Deutschland","isPartOf":{"@id":"https:\/\/now-news.de\/de\/#website"},"primaryImageOfPage":{"@id":"https:\/\/now-news.de\/de\/deutschland\/widerstand-hohe-personelle-verluste-bei-ukrainischen-nationalisten-in-gebiet-sumy\/#primaryimage"},"image":{"@id":"https:\/\/now-news.de\/de\/deutschland\/widerstand-hohe-personelle-verluste-bei-ukrainischen-nationalisten-in-gebiet-sumy\/#primaryimage"},"thumbnailUrl":"https:\/\/now-news.de\/de\/wp-content\/uploads\/sites\/3\/2024\/11\/Widerstand-Hohe-personelle-Verluste-bei-ukrainischen-Nationalisten-in-Gebiet-Sumy.png","datePublished":"2024-11-24T18:01:09+00:00","dateModified":"2024-11-24T18:01:09+00:00","breadcrumb":{"@id":"https:\/\/now-news.de\/de\/deutschland\/widerstand-hohe-personelle-verluste-bei-ukrainischen-nationalisten-in-gebiet-sumy\/#breadcrumb"},"inLanguage":"de","potentialAction":[{"@type":"ReadAction","target":["https:\/\/now-news.de\/de\/deutschland\/widerstand-hohe-personelle-verluste-bei-ukrainischen-nationalisten-in-gebiet-sumy\/"]}]},{"@type":"ImageObject","inLanguage":"de","@id":"https:\/\/now-news.de\/de\/deutschland\/widerstand-hohe-personelle-verluste-bei-ukrainischen-nationalisten-in-gebiet-sumy\/#primaryimage","url":"https:\/\/now-news.de\/de\/wp-content\/uploads\/sites\/3\/2024\/11\/Widerstand-Hohe-personelle-Verluste-bei-ukrainischen-Nationalisten-in-Gebiet-Sumy.png","contentUrl":"https:\/\/now-news.de\/de\/wp-content\/uploads\/sites\/3\/2024\/11\/Widerstand-Hohe-personelle-Verluste-bei-ukrainischen-Nationalisten-in-Gebiet-Sumy.png","width":460,"height":259,"caption":"Widerstand: Hohe personelle Verluste bei ukrainischen Nationalisten in Gebiet Sumy"},{"@type":"BreadcrumbList","@id":"https:\/\/now-news.de\/de\/deutschland\/widerstand-hohe-personelle-verluste-bei-ukrainischen-nationalisten-in-gebiet-sumy\/#breadcrumb","itemListElement":[{"@type":"ListItem","position":1,"name":"Home","item":"https:\/\/now-news.de\/de\/"},{"@type":"ListItem","position":2,"name":"Widerstand: Hohe personelle Verluste bei ukrainischen Nationalisten in Gebiet Sumy"}]},{"@type":"WebSite","@id":"https:\/\/now-news.de\/de\/#website","url":"https:\/\/now-news.de\/de\/","name":"just-now.NEWS Deutschland","description":"Das Portal f\u00fcr unzensierte Nachrichten aus der Welt","publisher":{"@id":"https:\/\/now-news.de\/de\/#organization"},"potentialAction":[{"@type":"SearchAction","target":{"@type":"EntryPoint","urlTemplate":"https:\/\/now-news.de\/de\/?s={search_term_string}"},"query-input":"required name=search_term_string"}],"inLanguage":"de"},{"@type":"Organization","@id":"https:\/\/now-news.de\/de\/#organization","name":"Just Now News","url":"https:\/\/now-news.de\/de\/","logo":{"@type":"ImageObject","inLanguage":"de","@id":"https:\/\/now-news.de\/de\/#\/schema\/logo\/image\/","url":"http:\/\/just-now.news\/de\/wp-content\/uploads\/sites\/3\/2022\/04\/logo500x500.jpg","contentUrl":"http:\/\/just-now.news\/de\/wp-content\/uploads\/sites\/3\/2022\/04\/logo500x500.jpg","width":500,"height":500,"caption":"Just Now News"},"image":{"@id":"https:\/\/now-news.de\/de\/#\/schema\/logo\/image\/"},"sameAs":["https:\/\/www.facebook.com\/wirmachenauf","https:\/\/x.com\/WirMachenAuf_de"]},{"@type":"Person","@id":"https:\/\/now-news.de\/de\/#\/schema\/person\/fb534a4e865501d8b3285208df34a9b5","name":"rtnews","image":{"@type":"ImageObject","inLanguage":"de","@id":"https:\/\/now-news.de\/de\/#\/schema\/person\/image\/","url":"https:\/\/secure.gravatar.com\/avatar\/82aafea7d8127119dd649515f56e2117?s=96&d=mm&r=g","contentUrl":"https:\/\/secure.gravatar.com\/avatar\/82aafea7d8127119dd649515f56e2117?s=96&d=mm&r=g","caption":"rtnews"},"url":"https:\/\/now-news.de\/de\/author\/rnews\/"}]}},"_links":{"self":[{"href":"https:\/\/now-news.de\/de\/wp-json\/wp\/v2\/posts\/73184"}],"collection":[{"href":"https:\/\/now-news.de\/de\/wp-json\/wp\/v2\/posts"}],"about":[{"href":"https:\/\/now-news.de\/de\/wp-json\/wp\/v2\/types\/post"}],"author":[{"embeddable":true,"href":"https:\/\/now-news.de\/de\/wp-json\/wp\/v2\/users\/3"}],"replies":[{"embeddable":true,"href":"https:\/\/now-news.de\/de\/wp-json\/wp\/v2\/comments?post=73184"}],"version-history":[{"count":0,"href":"https:\/\/now-news.de\/de\/wp-json\/wp\/v2\/posts\/73184\/revisions"}],"wp:featuredmedia":[{"embeddable":true,"href":"https:\/\/now-news.de\/de\/wp-json\/wp\/v2\/media\/73185"}],"wp:attachment":[{"href":"https:\/\/now-news.de\/de\/wp-json\/wp\/v2\/media?parent=73184"}],"wp:term":[{"taxonomy":"category","embeddable":true,"href":"https:\/\/now-news.de\/de\/wp-json\/wp\/v2\/categories?post=73184"},{"taxonomy":"post_tag","embeddable":true,"href":"https:\/\/now-news.de\/de\/wp-json\/wp\/v2\/tags?post=73184"}],"curies":[{"name":"wp","href":"https:\/\/api.w.org\/{rel}","templated":true}]}}