{"id":73162,"date":"2024-11-24T12:11:08","date_gmt":"2024-11-24T10:11:08","guid":{"rendered":"https:\/\/now-news.de\/de\/deutschland\/bayerische-afd-beschliesst-resolution-zum-thema-remigration\/"},"modified":"2024-11-24T12:11:08","modified_gmt":"2024-11-24T10:11:08","slug":"bayerische-afd-beschliesst-resolution-zum-thema-remigration","status":"publish","type":"post","link":"https:\/\/now-news.de\/de\/deutschland\/bayerische-afd-beschliesst-resolution-zum-thema-remigration\/","title":{"rendered":"Bayerische AfD beschlie\u00dft Resolution zum Thema Remigration"},"content":{"rendered":"<p><img decoding=\"async\" src=\"https:\/\/now-news.de\/de\/wp-content\/uploads\/sites\/3\/2024\/11\/6742f40db480cc2a090c5c89.jpg\" \/><\/p>\n<div class=\"Text-root Text-type_1 \">\n                Der Landesparteitag der AfD in Bayern hat mit gro\u00dfer Mehrheit eine Resolution zum Thema Remigration verabschiedet. Abgeschoben werden sollen nicht nur Straft\u00e4ter, sondern auch Ausl\u00e4nder &#8220;mit schwach ausgepr\u00e4gter Integrationsf\u00e4higkeit&#8221;.\n            <\/div>\n<p><\/p>\n<div class=\"Text-root Text-type_5 ArticleView-text ViewText-root \">\n<p data-external=\"Article.FirstParagraph\">Die bayerische AfD hat auf ihrem Landesparteitag in Greding am Sonnabend eine &#8220;bayerische Resolution f\u00fcr Remigration&#8221; beschlossen. In der vom stellvertretenden Landesvorsitzenden Rainer Rothfu\u00df eingebrachten Resolution\u00a0fordert die Partei die massenhafte R\u00fcckkehr von Ausl\u00e4ndern aus Deutschland in ihre Heimatl\u00e4nder. Die Resolution wurde\u00a0mit nur einer Gegenstimme verabschiedet.<\/p>\n<p data-external=\"Article.FirstParagraph\">Rothfu\u00df erkl\u00e4rte in einer Rede, das Thema Remigration geh\u00f6re zum Markenkern der AfD:<\/p>\n<p data-external=\"Article.FirstParagraph\"><em>&#8220;Zu Beginn des Jahres wurde eine Kampagne gestartet, die sogenannte Correctiv-Kampagne, wo versucht wurde, unsere fachlich fundierten Ans\u00e4tze zum Thema Migration und Remigration zu diskreditieren, auf eine Art und Weise, wie sie der Partei enorm geschadet hat. Das war ein Komplott gegen die AfD als wichtigste Oppositionspartei in Deutschland. Und deswegen ist es wichtig, dass wir jetzt dieses Thema, Migration\/Remigration, nicht den anderen Parteien \u00fcberlassen.&#8221;<\/em>\u00a0<\/p>\n<div class=\"EmbedBlock-root EmbedBlock-twitter\">\n<div class=\"TwitterEmbed\">\n<blockquote class=\"twitter-tweet lazyload\" data-twitter=\"twitter-tweet\">\n<p lang=\"de\" dir=\"ltr\">\u25ba\u25ba\u25ba <a rel=\"nofollow noopener\" target=\"_blank\" href=\"https:\/\/t.co\/eSXcbV3fpD\">https:\/\/t.co\/eSXcbV3fpD<\/a>Keine Entmachtung der Mitgliederbasis! <a rel=\"nofollow noopener\" target=\"_blank\" href=\"https:\/\/twitter.com\/hashtag\/Landesparteitag?src=hash&amp;ref_src=twsrc%5Etfw\">#Landesparteitag<\/a> in <a rel=\"nofollow noopener\" target=\"_blank\" href=\"https:\/\/twitter.com\/hashtag\/Greding?src=hash&amp;ref_src=twsrc%5Etfw\">#Greding<\/a>: &#8220;Bayerische Resolution f\u00fcr <a rel=\"nofollow noopener\" target=\"_blank\" href=\"https:\/\/twitter.com\/hashtag\/Remigration?src=hash&amp;ref_src=twsrc%5Etfw\">#Remigration<\/a>&#8221; von fast 500 Mitgliedern mit nur 1 Gegenstimme verabschiedet.\ud83d\udcccTelegram: <a rel=\"nofollow noopener\" target=\"_blank\" href=\"https:\/\/t.co\/JlO9xZ62Ra\">https:\/\/t.co\/JlO9xZ62Ra<\/a>\ud83d\udcccYouTube: <a rel=\"nofollow noopener\" target=\"_blank\" href=\"https:\/\/t.co\/MTSRaM8iZu\">https:\/\/t.co\/MTSRaM8iZu<\/a><a rel=\"nofollow noopener\" target=\"_blank\" href=\"https:\/\/t.co\/AMS4sMdaGx\">pic.twitter.com\/AMS4sMdaGx<\/a><\/p>\n<p>\u2014 Dr. Rainer Rothfuss (@DrRothfuss) <a rel=\"nofollow noopener\" target=\"_blank\" href=\"https:\/\/twitter.com\/DrRothfuss\/status\/1860374009898037316?ref_src=twsrc%5Etfw\">November 23, 2024<\/a><\/p><\/blockquote>\n<\/div>\n<\/div>\n<p data-external=\"Article.FirstParagraph\">Denn diese h\u00e4tten die Konzepte der AfD kopiert, und die Medien h\u00e4tten so getan, als h\u00e4tte es die Forderungen der AfD nie gegeben. Das d\u00fcrfe man nicht zulassen:<\/p>\n<p data-external=\"Article.FirstParagraph\"><em>&#8220;Deswegen pl\u00e4diere ich daf\u00fcr, dass wir bei einem Thema, das unser Markenkern ist, hier geschlossen auftreten, ein Signal nach au\u00dfen senden, heute Morgen schon \u00fcber die Medien, dass dieses Thema eine Kernthematik, ein Kernanliegen unserer AfD ist. Und dass wir dabei auch die Interessen der normalen Bev\u00f6lkerung vertreten, die durch die Medien \u00fcberhaupt nicht mehr vertreten werden.&#8221;<\/em><\/p>\n<p data-external=\"Article.FirstParagraph\">Nach dem Willen der AfD sollen Asylsuchende deutschen Boden k\u00fcnftig gar nicht mehr erst erreichen. In der Resolution hei\u00dft es:<\/p>\n<p data-external=\"Article.FirstParagraph\"><em>&#8220;Schutz vor Krieg und Verfolgung wird v\u00f6lkerrechtskonform gew\u00e4hrt, aber nicht mehr auf deutschem oder europ\u00e4ischem Territorium f\u00fcr au\u00dfereurop\u00e4ische Schutzsuchende. Der Freistaat dr\u00e4ngt darauf, dass Bundesregierung und EU Schutz- und Entwicklungszonen au\u00dferhalb Europas einrichten.&#8221;<\/em><\/p>\n<p data-external=\"Article.FirstParagraph\">Die Medien stellten Migration einseitig als &#8220;Ponyhof&#8221; und &#8220;Wunderland der Segnungen f\u00fcr unsere Gesellschaft, f\u00fcr unsere Wirtschaft, f\u00fcr unser Rentensystem&#8221; dar, verschwiegen aber die Nachteile und das Leid, die die Menschen durch unkontrollierte Einwanderung erfahren.<\/p>\n<p data-external=\"Article.FirstParagraph\">Rothfu\u00df betonte, dass Deutschland nicht zu &#8220;einer H\u00e4ngematte f\u00fcr die ganze Welt&#8221; werden d\u00fcrfe. Laut Resolution sollen nicht nur straff\u00e4llig gewordene Migranten abgeschoben werden. In dem Antrag hei\u00dft es:<\/p>\n<p data-external=\"Article.FirstParagraph\"><em>&#8220;Personengruppen mit schwach ausgepr\u00e4gter Integrationsf\u00e4higkeit und -willigkeit sollen mittels obligatorischer R\u00fcckkehrprogramme in ihre Heimat r\u00fcckgef\u00fchrt und bei der dortigen Reintegration in ihre Herkunftsgesellschaft sowie beim (Wieder-)Aufbau ihrer Heimat unterst\u00fctzt werden.&#8221;<\/em><\/p>\n<p data-external=\"Article.FirstParagraph\">In der <em>dpa<\/em>-Meldung zum Thema hei\u00dft es, dass die bayerische AfD mit der Verabschiedung der Resolution &#8220;den extremen Kr\u00e4ften in ihren Reihen Raum gegeben&#8221; habe.<\/p>\n<p><strong>Mehr zum Thema<\/strong>\u00a0\u2012 <a rel=\"nofollow noopener\" target=\"_blank\" href=\"https:\/\/freedert.online\/gesellschaft\/222667-nach-tv-duell-wagenknecht-weidel\/\">Nach TV-Duell Wagenknecht-Weidel: Bj\u00f6rn H\u00f6cke k\u00fcndigt Klage gegen BSW-Vorsitzende an<\/a><\/p>\n<div class=\"EmbedBlock-root EmbedBlock-externalVideo EmbedBlock-rumble\">\n<div class=\"VkEmbed\"><iframe class=\"lazyload\" data-src=\"https:\/\/rumble.com\/embed\/v5g10kl\" frameborder=\"0\" width=\"853\" height=\"480\" allowfullscreen><\/iframe><\/div>\n<\/div>\n<\/div>\n<p><script async src=\"https:\/\/platform.twitter.com\/widgets.js\" charset=\"utf-8\"><\/script><br \/>\n<br \/><br \/>\n<br \/><a href=\"https:\/\/de.rt.com\/inland\/227079-bayerische-afd-beschliesst-resolution-zum\/\">Source link <\/a><\/p>\n","protected":false},"excerpt":{"rendered":"<p>Der Landesparteitag der AfD in Bayern hat mit gro\u00dfer Mehrheit eine Resolution zum Thema Remigration verabschiedet. Abgeschoben werden sollen nicht nur Straft\u00e4ter, sondern auch Ausl\u00e4nder &#8220;mit schwach ausgepr\u00e4gter Integrationsf\u00e4higkeit&#8221;. Die bayerische AfD hat auf ihrem Landesparteitag in Greding am Sonnabend eine &#8220;bayerische Resolution f\u00fcr Remigration&#8221; beschlossen. In der vom stellvertretenden Landesvorsitzenden Rainer Rothfu\u00df eingebrachten Resolution\u00a0fordert [&hellip;]<\/p>\n","protected":false},"author":3,"featured_media":73163,"comment_status":"open","ping_status":"open","sticky":false,"template":"","format":"standard","meta":{"_yoast_indexnow_last_ping":["1732443725"],"wp_automatic_camp":["217"],"1e23484b525d49836cdc22a66904db5e":["Bayerische AfD beschlie\u00dft Resolution zum Thema Remigration"],"original_link":["https:\/\/de.rt.com\/inland\/227079-bayerische-afd-beschliesst-resolution-zum\/"],"_thumbnail_id":["73163"],"_wptgpro_p2tg_sent2tg":["a:1:{i:23737;s:19:\"2024-11-24 12:23:19\";}"],"jnews_social_counter_last_update":["1777346965"]},"categories":[19,23],"tags":[3815,27169,4228,52468,28910,15832,565],"yoast_head":"<!-- This site is optimized with the Yoast SEO Premium plugin v22.7 (Yoast SEO v22.7) - https:\/\/yoast.com\/wordpress\/plugins\/seo\/ -->\n<title>Bayerische AfD beschlie\u00dft Resolution zum Thema Remigration - just-now.NEWS Deutschland<\/title>\n<meta name=\"robots\" content=\"index, follow, max-snippet:-1, max-image-preview:large, max-video-preview:-1\" \/>\n<link rel=\"canonical\" href=\"https:\/\/now-news.de\/de\/deutschland\/bayerische-afd-beschliesst-resolution-zum-thema-remigration\/\" \/>\n<meta property=\"og:locale\" content=\"de_DE\" \/>\n<meta property=\"og:type\" content=\"article\" \/>\n<meta property=\"og:title\" content=\"Bayerische AfD beschlie\u00dft Resolution zum Thema Remigration\" \/>\n<meta property=\"og:description\" content=\"Der Landesparteitag der AfD in Bayern hat mit gro\u00dfer Mehrheit eine Resolution zum Thema Remigration verabschiedet. Abgeschoben werden sollen nicht nur Straft\u00e4ter, sondern auch Ausl\u00e4nder &#8220;mit schwach ausgepr\u00e4gter Integrationsf\u00e4higkeit&#8221;. Die bayerische AfD hat auf ihrem Landesparteitag in Greding am Sonnabend eine &#8220;bayerische Resolution f\u00fcr Remigration&#8221; beschlossen. In der vom stellvertretenden Landesvorsitzenden Rainer Rothfu\u00df eingebrachten Resolution\u00a0fordert [&hellip;]\" \/>\n<meta property=\"og:url\" content=\"https:\/\/now-news.de\/de\/deutschland\/bayerische-afd-beschliesst-resolution-zum-thema-remigration\/\" \/>\n<meta property=\"og:site_name\" content=\"just-now.NEWS Deutschland\" \/>\n<meta property=\"article:publisher\" content=\"https:\/\/www.facebook.com\/wirmachenauf\" \/>\n<meta property=\"article:published_time\" content=\"2024-11-24T10:11:08+00:00\" \/>\n<meta property=\"og:image\" content=\"https:\/\/now-news.de\/de\/wp-content\/uploads\/sites\/3\/2024\/11\/6742f40db480cc2a090c5c89.jpg\" \/>\n<meta name=\"author\" content=\"rtnews\" \/>\n<meta name=\"twitter:card\" content=\"summary_large_image\" \/>\n<meta name=\"twitter:creator\" content=\"@WirMachenAuf_de\" \/>\n<meta name=\"twitter:site\" content=\"@WirMachenAuf_de\" \/>\n<meta name=\"twitter:label1\" content=\"Verfasst von\" \/>\n\t<meta name=\"twitter:data1\" content=\"rtnews\" \/>\n\t<meta name=\"twitter:label2\" content=\"Gesch\u00e4tzte Lesezeit\" \/>\n\t<meta name=\"twitter:data2\" content=\"3\u00a0Minuten\" \/>\n<script type=\"application\/ld+json\" class=\"yoast-schema-graph\">{\"@context\":\"https:\/\/schema.org\",\"@graph\":[{\"@type\":\"Article\",\"@id\":\"https:\/\/now-news.de\/de\/deutschland\/bayerische-afd-beschliesst-resolution-zum-thema-remigration\/#article\",\"isPartOf\":{\"@id\":\"https:\/\/now-news.de\/de\/deutschland\/bayerische-afd-beschliesst-resolution-zum-thema-remigration\/\"},\"author\":{\"name\":\"rtnews\",\"@id\":\"https:\/\/now-news.de\/de\/#\/schema\/person\/fb534a4e865501d8b3285208df34a9b5\"},\"headline\":\"Bayerische AfD beschlie\u00dft Resolution zum Thema Remigration\",\"datePublished\":\"2024-11-24T10:11:08+00:00\",\"dateModified\":\"2024-11-24T10:11:08+00:00\",\"mainEntityOfPage\":{\"@id\":\"https:\/\/now-news.de\/de\/deutschland\/bayerische-afd-beschliesst-resolution-zum-thema-remigration\/\"},\"wordCount\":532,\"commentCount\":0,\"publisher\":{\"@id\":\"https:\/\/now-news.de\/de\/#organization\"},\"image\":{\"@id\":\"https:\/\/now-news.de\/de\/deutschland\/bayerische-afd-beschliesst-resolution-zum-thema-remigration\/#primaryimage\"},\"thumbnailUrl\":\"https:\/\/now-news.de\/de\/wp-content\/uploads\/sites\/3\/2024\/11\/Bayerische-AfD-beschliesst-Resolution-zum-Thema-Remigration.jpg\",\"keywords\":[\"AfD\",\"bayerische\",\"beschlie\u00dft\",\"Remigration\",\"Resolution\",\"Thema\",\"zum\"],\"articleSection\":[\"Deutschland\",\"Russland\"],\"inLanguage\":\"de\",\"potentialAction\":[{\"@type\":\"CommentAction\",\"name\":\"Comment\",\"target\":[\"https:\/\/now-news.de\/de\/deutschland\/bayerische-afd-beschliesst-resolution-zum-thema-remigration\/#respond\"]}]},{\"@type\":\"WebPage\",\"@id\":\"https:\/\/now-news.de\/de\/deutschland\/bayerische-afd-beschliesst-resolution-zum-thema-remigration\/\",\"url\":\"https:\/\/now-news.de\/de\/deutschland\/bayerische-afd-beschliesst-resolution-zum-thema-remigration\/\",\"name\":\"Bayerische AfD beschlie\u00dft Resolution zum Thema Remigration - just-now.NEWS Deutschland\",\"isPartOf\":{\"@id\":\"https:\/\/now-news.de\/de\/#website\"},\"primaryImageOfPage\":{\"@id\":\"https:\/\/now-news.de\/de\/deutschland\/bayerische-afd-beschliesst-resolution-zum-thema-remigration\/#primaryimage\"},\"image\":{\"@id\":\"https:\/\/now-news.de\/de\/deutschland\/bayerische-afd-beschliesst-resolution-zum-thema-remigration\/#primaryimage\"},\"thumbnailUrl\":\"https:\/\/now-news.de\/de\/wp-content\/uploads\/sites\/3\/2024\/11\/Bayerische-AfD-beschliesst-Resolution-zum-Thema-Remigration.jpg\",\"datePublished\":\"2024-11-24T10:11:08+00:00\",\"dateModified\":\"2024-11-24T10:11:08+00:00\",\"breadcrumb\":{\"@id\":\"https:\/\/now-news.de\/de\/deutschland\/bayerische-afd-beschliesst-resolution-zum-thema-remigration\/#breadcrumb\"},\"inLanguage\":\"de\",\"potentialAction\":[{\"@type\":\"ReadAction\",\"target\":[\"https:\/\/now-news.de\/de\/deutschland\/bayerische-afd-beschliesst-resolution-zum-thema-remigration\/\"]}]},{\"@type\":\"ImageObject\",\"inLanguage\":\"de\",\"@id\":\"https:\/\/now-news.de\/de\/deutschland\/bayerische-afd-beschliesst-resolution-zum-thema-remigration\/#primaryimage\",\"url\":\"https:\/\/now-news.de\/de\/wp-content\/uploads\/sites\/3\/2024\/11\/Bayerische-AfD-beschliesst-Resolution-zum-Thema-Remigration.jpg\",\"contentUrl\":\"https:\/\/now-news.de\/de\/wp-content\/uploads\/sites\/3\/2024\/11\/Bayerische-AfD-beschliesst-Resolution-zum-Thema-Remigration.jpg\",\"width\":460,\"height\":259,\"caption\":\"Bayerische AfD beschlie\u00dft Resolution zum Thema Remigration\"},{\"@type\":\"BreadcrumbList\",\"@id\":\"https:\/\/now-news.de\/de\/deutschland\/bayerische-afd-beschliesst-resolution-zum-thema-remigration\/#breadcrumb\",\"itemListElement\":[{\"@type\":\"ListItem\",\"position\":1,\"name\":\"Home\",\"item\":\"https:\/\/now-news.de\/de\/\"},{\"@type\":\"ListItem\",\"position\":2,\"name\":\"Bayerische AfD beschlie\u00dft Resolution zum Thema Remigration\"}]},{\"@type\":\"WebSite\",\"@id\":\"https:\/\/now-news.de\/de\/#website\",\"url\":\"https:\/\/now-news.de\/de\/\",\"name\":\"just-now.NEWS Deutschland\",\"description\":\"Das Portal f\u00fcr unzensierte Nachrichten aus der Welt\",\"publisher\":{\"@id\":\"https:\/\/now-news.de\/de\/#organization\"},\"potentialAction\":[{\"@type\":\"SearchAction\",\"target\":{\"@type\":\"EntryPoint\",\"urlTemplate\":\"https:\/\/now-news.de\/de\/?s={search_term_string}\"},\"query-input\":\"required name=search_term_string\"}],\"inLanguage\":\"de\"},{\"@type\":\"Organization\",\"@id\":\"https:\/\/now-news.de\/de\/#organization\",\"name\":\"Just Now News\",\"url\":\"https:\/\/now-news.de\/de\/\",\"logo\":{\"@type\":\"ImageObject\",\"inLanguage\":\"de\",\"@id\":\"https:\/\/now-news.de\/de\/#\/schema\/logo\/image\/\",\"url\":\"http:\/\/just-now.news\/de\/wp-content\/uploads\/sites\/3\/2022\/04\/logo500x500.jpg\",\"contentUrl\":\"http:\/\/just-now.news\/de\/wp-content\/uploads\/sites\/3\/2022\/04\/logo500x500.jpg\",\"width\":500,\"height\":500,\"caption\":\"Just Now News\"},\"image\":{\"@id\":\"https:\/\/now-news.de\/de\/#\/schema\/logo\/image\/\"},\"sameAs\":[\"https:\/\/www.facebook.com\/wirmachenauf\",\"https:\/\/x.com\/WirMachenAuf_de\"]},{\"@type\":\"Person\",\"@id\":\"https:\/\/now-news.de\/de\/#\/schema\/person\/fb534a4e865501d8b3285208df34a9b5\",\"name\":\"rtnews\",\"image\":{\"@type\":\"ImageObject\",\"inLanguage\":\"de\",\"@id\":\"https:\/\/now-news.de\/de\/#\/schema\/person\/image\/\",\"url\":\"https:\/\/secure.gravatar.com\/avatar\/82aafea7d8127119dd649515f56e2117?s=96&d=mm&r=g\",\"contentUrl\":\"https:\/\/secure.gravatar.com\/avatar\/82aafea7d8127119dd649515f56e2117?s=96&d=mm&r=g\",\"caption\":\"rtnews\"},\"url\":\"https:\/\/now-news.de\/de\/author\/rnews\/\"}]}<\/script>\n<!-- \/ Yoast SEO Premium plugin. -->","yoast_head_json":{"title":"Bayerische AfD beschlie\u00dft Resolution zum Thema Remigration - just-now.NEWS Deutschland","robots":{"index":"index","follow":"follow","max-snippet":"max-snippet:-1","max-image-preview":"max-image-preview:large","max-video-preview":"max-video-preview:-1"},"canonical":"https:\/\/now-news.de\/de\/deutschland\/bayerische-afd-beschliesst-resolution-zum-thema-remigration\/","og_locale":"de_DE","og_type":"article","og_title":"Bayerische AfD beschlie\u00dft Resolution zum Thema Remigration","og_description":"Der Landesparteitag der AfD in Bayern hat mit gro\u00dfer Mehrheit eine Resolution zum Thema Remigration verabschiedet. Abgeschoben werden sollen nicht nur Straft\u00e4ter, sondern auch Ausl\u00e4nder &#8220;mit schwach ausgepr\u00e4gter Integrationsf\u00e4higkeit&#8221;. Die bayerische AfD hat auf ihrem Landesparteitag in Greding am Sonnabend eine &#8220;bayerische Resolution f\u00fcr Remigration&#8221; beschlossen. In der vom stellvertretenden Landesvorsitzenden Rainer Rothfu\u00df eingebrachten Resolution\u00a0fordert [&hellip;]","og_url":"https:\/\/now-news.de\/de\/deutschland\/bayerische-afd-beschliesst-resolution-zum-thema-remigration\/","og_site_name":"just-now.NEWS Deutschland","article_publisher":"https:\/\/www.facebook.com\/wirmachenauf","article_published_time":"2024-11-24T10:11:08+00:00","og_image":[{"url":"https:\/\/now-news.de\/de\/wp-content\/uploads\/sites\/3\/2024\/11\/6742f40db480cc2a090c5c89.jpg"}],"author":"rtnews","twitter_card":"summary_large_image","twitter_creator":"@WirMachenAuf_de","twitter_site":"@WirMachenAuf_de","twitter_misc":{"Verfasst von":"rtnews","Gesch\u00e4tzte Lesezeit":"3\u00a0Minuten"},"schema":{"@context":"https:\/\/schema.org","@graph":[{"@type":"Article","@id":"https:\/\/now-news.de\/de\/deutschland\/bayerische-afd-beschliesst-resolution-zum-thema-remigration\/#article","isPartOf":{"@id":"https:\/\/now-news.de\/de\/deutschland\/bayerische-afd-beschliesst-resolution-zum-thema-remigration\/"},"author":{"name":"rtnews","@id":"https:\/\/now-news.de\/de\/#\/schema\/person\/fb534a4e865501d8b3285208df34a9b5"},"headline":"Bayerische AfD beschlie\u00dft Resolution zum Thema Remigration","datePublished":"2024-11-24T10:11:08+00:00","dateModified":"2024-11-24T10:11:08+00:00","mainEntityOfPage":{"@id":"https:\/\/now-news.de\/de\/deutschland\/bayerische-afd-beschliesst-resolution-zum-thema-remigration\/"},"wordCount":532,"commentCount":0,"publisher":{"@id":"https:\/\/now-news.de\/de\/#organization"},"image":{"@id":"https:\/\/now-news.de\/de\/deutschland\/bayerische-afd-beschliesst-resolution-zum-thema-remigration\/#primaryimage"},"thumbnailUrl":"https:\/\/now-news.de\/de\/wp-content\/uploads\/sites\/3\/2024\/11\/Bayerische-AfD-beschliesst-Resolution-zum-Thema-Remigration.jpg","keywords":["AfD","bayerische","beschlie\u00dft","Remigration","Resolution","Thema","zum"],"articleSection":["Deutschland","Russland"],"inLanguage":"de","potentialAction":[{"@type":"CommentAction","name":"Comment","target":["https:\/\/now-news.de\/de\/deutschland\/bayerische-afd-beschliesst-resolution-zum-thema-remigration\/#respond"]}]},{"@type":"WebPage","@id":"https:\/\/now-news.de\/de\/deutschland\/bayerische-afd-beschliesst-resolution-zum-thema-remigration\/","url":"https:\/\/now-news.de\/de\/deutschland\/bayerische-afd-beschliesst-resolution-zum-thema-remigration\/","name":"Bayerische AfD beschlie\u00dft Resolution zum Thema Remigration - just-now.NEWS Deutschland","isPartOf":{"@id":"https:\/\/now-news.de\/de\/#website"},"primaryImageOfPage":{"@id":"https:\/\/now-news.de\/de\/deutschland\/bayerische-afd-beschliesst-resolution-zum-thema-remigration\/#primaryimage"},"image":{"@id":"https:\/\/now-news.de\/de\/deutschland\/bayerische-afd-beschliesst-resolution-zum-thema-remigration\/#primaryimage"},"thumbnailUrl":"https:\/\/now-news.de\/de\/wp-content\/uploads\/sites\/3\/2024\/11\/Bayerische-AfD-beschliesst-Resolution-zum-Thema-Remigration.jpg","datePublished":"2024-11-24T10:11:08+00:00","dateModified":"2024-11-24T10:11:08+00:00","breadcrumb":{"@id":"https:\/\/now-news.de\/de\/deutschland\/bayerische-afd-beschliesst-resolution-zum-thema-remigration\/#breadcrumb"},"inLanguage":"de","potentialAction":[{"@type":"ReadAction","target":["https:\/\/now-news.de\/de\/deutschland\/bayerische-afd-beschliesst-resolution-zum-thema-remigration\/"]}]},{"@type":"ImageObject","inLanguage":"de","@id":"https:\/\/now-news.de\/de\/deutschland\/bayerische-afd-beschliesst-resolution-zum-thema-remigration\/#primaryimage","url":"https:\/\/now-news.de\/de\/wp-content\/uploads\/sites\/3\/2024\/11\/Bayerische-AfD-beschliesst-Resolution-zum-Thema-Remigration.jpg","contentUrl":"https:\/\/now-news.de\/de\/wp-content\/uploads\/sites\/3\/2024\/11\/Bayerische-AfD-beschliesst-Resolution-zum-Thema-Remigration.jpg","width":460,"height":259,"caption":"Bayerische AfD beschlie\u00dft Resolution zum Thema Remigration"},{"@type":"BreadcrumbList","@id":"https:\/\/now-news.de\/de\/deutschland\/bayerische-afd-beschliesst-resolution-zum-thema-remigration\/#breadcrumb","itemListElement":[{"@type":"ListItem","position":1,"name":"Home","item":"https:\/\/now-news.de\/de\/"},{"@type":"ListItem","position":2,"name":"Bayerische AfD beschlie\u00dft Resolution zum Thema Remigration"}]},{"@type":"WebSite","@id":"https:\/\/now-news.de\/de\/#website","url":"https:\/\/now-news.de\/de\/","name":"just-now.NEWS Deutschland","description":"Das Portal f\u00fcr unzensierte Nachrichten aus der Welt","publisher":{"@id":"https:\/\/now-news.de\/de\/#organization"},"potentialAction":[{"@type":"SearchAction","target":{"@type":"EntryPoint","urlTemplate":"https:\/\/now-news.de\/de\/?s={search_term_string}"},"query-input":"required name=search_term_string"}],"inLanguage":"de"},{"@type":"Organization","@id":"https:\/\/now-news.de\/de\/#organization","name":"Just Now News","url":"https:\/\/now-news.de\/de\/","logo":{"@type":"ImageObject","inLanguage":"de","@id":"https:\/\/now-news.de\/de\/#\/schema\/logo\/image\/","url":"http:\/\/just-now.news\/de\/wp-content\/uploads\/sites\/3\/2022\/04\/logo500x500.jpg","contentUrl":"http:\/\/just-now.news\/de\/wp-content\/uploads\/sites\/3\/2022\/04\/logo500x500.jpg","width":500,"height":500,"caption":"Just Now News"},"image":{"@id":"https:\/\/now-news.de\/de\/#\/schema\/logo\/image\/"},"sameAs":["https:\/\/www.facebook.com\/wirmachenauf","https:\/\/x.com\/WirMachenAuf_de"]},{"@type":"Person","@id":"https:\/\/now-news.de\/de\/#\/schema\/person\/fb534a4e865501d8b3285208df34a9b5","name":"rtnews","image":{"@type":"ImageObject","inLanguage":"de","@id":"https:\/\/now-news.de\/de\/#\/schema\/person\/image\/","url":"https:\/\/secure.gravatar.com\/avatar\/82aafea7d8127119dd649515f56e2117?s=96&d=mm&r=g","contentUrl":"https:\/\/secure.gravatar.com\/avatar\/82aafea7d8127119dd649515f56e2117?s=96&d=mm&r=g","caption":"rtnews"},"url":"https:\/\/now-news.de\/de\/author\/rnews\/"}]}},"_links":{"self":[{"href":"https:\/\/now-news.de\/de\/wp-json\/wp\/v2\/posts\/73162"}],"collection":[{"href":"https:\/\/now-news.de\/de\/wp-json\/wp\/v2\/posts"}],"about":[{"href":"https:\/\/now-news.de\/de\/wp-json\/wp\/v2\/types\/post"}],"author":[{"embeddable":true,"href":"https:\/\/now-news.de\/de\/wp-json\/wp\/v2\/users\/3"}],"replies":[{"embeddable":true,"href":"https:\/\/now-news.de\/de\/wp-json\/wp\/v2\/comments?post=73162"}],"version-history":[{"count":0,"href":"https:\/\/now-news.de\/de\/wp-json\/wp\/v2\/posts\/73162\/revisions"}],"wp:featuredmedia":[{"embeddable":true,"href":"https:\/\/now-news.de\/de\/wp-json\/wp\/v2\/media\/73163"}],"wp:attachment":[{"href":"https:\/\/now-news.de\/de\/wp-json\/wp\/v2\/media?parent=73162"}],"wp:term":[{"taxonomy":"category","embeddable":true,"href":"https:\/\/now-news.de\/de\/wp-json\/wp\/v2\/categories?post=73162"},{"taxonomy":"post_tag","embeddable":true,"href":"https:\/\/now-news.de\/de\/wp-json\/wp\/v2\/tags?post=73162"}],"curies":[{"name":"wp","href":"https:\/\/api.w.org\/{rel}","templated":true}]}}