{"id":73146,"date":"2024-11-23T22:43:05","date_gmt":"2024-11-23T20:43:05","guid":{"rendered":"https:\/\/now-news.de\/de\/deutschland\/ampel-aufloesung-mit-einer-seifenoper-in-den-merz\/"},"modified":"2024-11-23T22:43:05","modified_gmt":"2024-11-23T20:43:05","slug":"ampel-aufloesung-mit-einer-seifenoper-in-den-merz","status":"publish","type":"post","link":"https:\/\/now-news.de\/de\/deutschland\/ampel-aufloesung-mit-einer-seifenoper-in-den-merz\/","title":{"rendered":"Ampel-Aufl\u00f6sung: Mit einer Seifenoper &quot;in den Merz&quot;"},"content":{"rendered":"<p><img decoding=\"async\" src=\"https:\/\/now-news.de\/de\/wp-content\/uploads\/sites\/3\/2024\/11\/1732395511_763_674192ffb480cc7c062b9c56.jpg\" \/><\/p>\n<div class=\"Text-root Text-type_1 \">\n                Mit gro\u00dfem Theater tritt die Ampel von der B\u00fchne. \u00dcbelt\u00e4ter werden verortet, der demokratische Schein mit einem simulierten Zweifrontenkampf nach US-amerikanischem Vorbild gewahrt. In der Spur steht Hardliner Merz, um das Ampel-Werk zu vollenden: Sozialkahlschlag f\u00fcr den Kriegskurs.\n            <\/div>\n<p><\/p>\n<div class=\"Text-root Text-type_5 ArticleView-text ViewText-root \">\n<p><em>Von Susan Bonath<\/em><\/p>\n<p>Allein die Nachricht von Trumps Wahlsieg gen\u00fcgte, um die US-Aktien und den US-Dollar auf einen H\u00f6henflug zu schicken. Die Wall Street jubelte, die Reichen wurden wieder <a rel=\"nofollow noopener\" target=\"_blank\" href=\"https:\/\/www.manager-magazin.de\/finanzen\/boerse\/trump-trade-dank-trump-zieht-die-wall-street-europas-boersen-davon-a-405b2b72-d074-48be-9cee-f629c413e7cd%20\">etwas reicher<\/a>. Das Zerplatzen der Ampel am selben Tag und die seither aufgef\u00fchrte Seifenoper in Berlin tangierte die B\u00f6rse ungleich weniger.<\/p>\n<p>Warum auch: L\u00e4ngst h\u00e4ngen das Gros des deutschen Kapitals am G\u00e4ngelband diverser US-Oligarchen und gr\u00f6\u00dfere politische Entscheidungen an der Befehlskette aus Washington. Bei der vorgezogenen Neuwahl des Deutschen Bundestages geht es freilich nicht nur um Gesichtswahrung der SPD, deren Neoliberalisierungsprozess sie seit Langem von der Arbeiterklasse entr\u00fcckt hat. Mit CDU-Chef Friedrich (BlackRock) Merz steht zudem ein Kanzlerkandidat f\u00fcr ein beschleunigtes &#8220;Weiter so&#8221; am Start: Business as usual in Germany.<\/p>\n<p><strong>Krieg und Sozialabbau: Noch h\u00e4rter mit Merz<\/strong><\/p>\n<p>Zunehmend erinnert das Politspektakel in Berlin an die US-amerikanischen Schauk\u00e4mpfe, mit denen Republikaner und Demokraten ihr Publikum unterhalten. Zwei Lager einer imperialistischen Einheitsfront beschimpfen sich ein bisschen, unterscheiden sich politisch aber bestenfalls noch in Nuancen. Was SPD und Gr\u00fcne mit der FDP in Deutschland nunmehr vorbereitet haben (man kennt das Vorgehen bereits von Hartz IV), soll nun in die H\u00e4nde der Hardliner, die es zuvor als &#8220;Opposition&#8221; mit vorangetrieben haben.<\/p>\n<p>Die Peinlichkeit von Habeck, Baerbock, Scholz, Lindner und Co., also des Ampel-Personals, sorgen schon daf\u00fcr, dass alles kommt wie von interessierter Kapitalseite erwartet: Hardliner Merz d\u00fcrfte ab kommendem Jahr den Ampel-Job vollenden: noch tiefer unter die Fittiche der NATO-F\u00fchrungsmacht USA zu schl\u00fcpfen, um zu ihren Gunsten als Teil des aggressiven Kriegsb\u00fcndnisses die stockenden Profitraten wieder anzukurbeln\u00a0\u2013 durch Aufr\u00fcstung und Kriegstreiberei, Sozialkahlschlag und: massive Propaganda.<\/p>\n<p>Kaum einer steht f\u00fcr all das so stramm wie Friedrich Merz. Unbehaftet von zwar l\u00e4ngst \u00fcberlebten, aber hartn\u00e4ckigen Klischees wie &#8220;linksgr\u00fcn&#8221; (Gr\u00fcne) oder &#8220;Arbeiterpartei&#8221; (SPD), kann der <a rel=\"nofollow noopener\" target=\"_blank\" href=\"https:\/\/www.fr.de\/wirtschaft\/zukommt-unter-einem-bundeskanzler-friedrich-merz-was-auf-buergergeld-empfaenger-zr-93312458.html%20\">notorische Aufstachler<\/a> zum Armenhass , der in diesem Sinne gerne schon mal selber Fake-News in die\u00a0<a rel=\"nofollow noopener\" target=\"_blank\" href=\"https:\/\/www.zdf.de\/nachrichten\/politik\/deutschland\/faktencheck-merz-gefluechtete-zahnarzt-100.html\">Welt setzt<\/a>, nun demokratisch gew\u00e4hlt von Ampel-Frustrierten den harten &#8220;F\u00fchrer&#8221; <a rel=\"nofollow noopener\" target=\"_blank\" href=\"https:\/\/www.merkur.de\/politik\/ukraine-ultimatum-fuer-putin-merz-plant-bruch-mit-scholz-roter-linie-zr-93406659.html\">gegen Russland<\/a> geben.<\/p>\n<p><strong>&#8220;B\u00fcrgerliche Mitte&#8221; als neoliberale Einheitsfront<\/strong><\/p>\n<p>Merz ist keineswegs die Opposition, als die er sich vermarktet, sondern &#8220;Fleisch vom Fleische&#8221; der Einheitsfront f\u00fcrs Kapital. Die hat sich sogar selber einen Namen gegeben: die sogenannte &#8220;b\u00fcrgerliche Mitte&#8221;. Jeder muss dazugeh\u00f6ren, der nicht Teil der ge\u00e4chteten Gruppe werden will, die Leitmedien von &#8220;liberal&#8221; bis &#8220;konservativ&#8221; heute mit Kampfbegriffen wie &#8220;Russentrolle&#8221; oder &#8220;Wagenknechte&#8221; bedenken.<\/p>\n<p>Eine gute Demokratiesimulation, die nicht als Diktatur des Kapitals erscheinen will, kommt eben ohne politische S\u00fcndenb\u00f6cke nicht aus. Perfekt in diesem Sinne ist es, wenn diese als Blitzableiter wirken und zugleich nicht wirklich schaden. Denn wer wirklich am System zu r\u00fctteln gedachte, ist entweder in der Versenkung verschwunden, zur Kleinstgruppe geschrumpft oder von der &#8220;b\u00fcrgerlichen Mitte&#8221; assimiliert. Das traf schon einige: Gewerkschaften, Friedensbewegung und Parteien wie SPD, Gr\u00fcne und Die Linke.<\/p>\n<p>Das ist kein Wunder: Der Kapitalismus produziert bereits aus sich heraus finanzielle Abh\u00e4ngigkeitsverh\u00e4ltnisse ohne Ende. Wer Geld braucht, passt sich an, wer schon viel hat, kommt nicht von unten. Die Frontlinie gegen den Klassenkampf von oben ist unbesetzt, was bleibt, ist die Konkurrenz aus den eigenen Reihen. Kapitalinteressen sind schlie\u00dflich nicht homogen. Verk\u00fcrzt k\u00f6nnte man sagen: Heute stehen auf der gro\u00dfen politischen B\u00fchne National-Konservative gegen Neoliberale und umgekehrt, die beide, wie praktisch, an den Herrschaftsverh\u00e4ltnissen nicht r\u00fctteln.<\/p>\n<p><strong>Wacklige Opposition auf NATO-Kurs<\/strong><\/p>\n<p>Die Konkurrenz, die Chancen auf einen Einzug in den Bundestag bei den Mitte Februar anvisierten Neuwahlen hat, besteht nunmehr aus zwei Parteien: AfD und BSW. Beide positionieren sich als Gegner der Waffenlieferungen in die Ukraine und als Bef\u00fcrworter von Verhandlungen mit Russland. Immerhin, denn &#8220;ohne Frieden ist alles nichts&#8221;, wie Willy Brandt vor \u00fcber 40 Jahren einst betonte, als in seiner SPD noch ein paar Sozialdemokraten waren.<\/p>\n<p>Man kann das nur pragmatisch sehen. Die AfD erscheint dabei als Wackelkandidatin: Im Bundestag <a rel=\"nofollow noopener\" target=\"_blank\" href=\"https:\/\/www.bundestag.de\/dokumente\/textarchiv\/2024\/kw24-de-exportindustrie-1006806\">sprach sie sich<\/a> f\u00fcr noch mehr Aufr\u00fcstung Deutschlands und weniger Kontrolle der R\u00fcstungsexporte aus.\u00a0<\/p>\n<p>Die Wehrpflicht will sie wie die CDU und gro\u00dfe Teile der Ex-Ampel so schnell wie m\u00f6glich <a rel=\"nofollow noopener\" target=\"_blank\" href=\"https:\/\/www.bundestag.de\/dokumente\/textarchiv\/2020\/kw47-de-wehrpflicht-804254\">wiederbeleben<\/a>. <a rel=\"nofollow noopener\" target=\"_blank\" href=\"https:\/\/www.bundestag.de\/dokumente\/textarchiv\/2022\/kw27-de-nato-freitag-902590\">Auch stimmte sie<\/a> der NATO-Osterweiterung in Richtung Schweden und Finnland zu.<\/p>\n<p>Sie forderte zudem <a rel=\"nofollow noopener\" target=\"_blank\" href=\"https:\/\/www.bundestag.de\/dokumente\/textarchiv\/2024\/kw42-de-aktuelle-stunde-israel-1024606\">mehr Waffenlieferungen<\/a> nach Israel und <a rel=\"nofollow noopener\" target=\"_blank\" href=\"https:\/\/www.bundestag.de\/dokumente\/textarchiv\/2024\/kw45-de-juedisches-leben-1027708\">votierte f\u00fcr<\/a> die Bundestagsresolution &#8220;gegen Antisemitismus&#8221;, die allerdings vor allem dazu dient, Kritik an Israel politisch zu verfolgen.<\/p>\n<p>Dass die AfD weitgehend auf NATO-Linie ist, belegt auch ihr Parteiprogramm. Mit Deutschlands Mitgliedschaft in diesem imperialistischen Milit\u00e4rb\u00fcndnis des Westens unter US-F\u00fchrung hat sie demnach kein Problem, w\u00fcrde lediglich die Positionen Deutschlands darin st\u00e4rken, wenn sie k\u00f6nnte. Das alles, zusammen mit diversen Sozialabbau-Fantasien, stimmt bestens mit dem politischen Kurs der &#8220;Mitte-Parteien&#8221; \u00fcberein. Man kann nun sagen: Immerhin, sie m\u00f6chte zumindest keine Waffen mehr in Richtung Ukraine exportieren.<\/p>\n<p><strong>Wiederbelebte Sozialdemokratie gegen Krieg<\/strong><\/p>\n<p>Um von der Propagandafront des neoliberalen, also rechten Parteienkl\u00fcngels als ultrarechtes \u00dcbel dargestellt zu werden, ist das bereits genug. Man kennt das nun seit Jahren. Doch l\u00e4ngst hat die AfD hier Konkurrenz bekommen, die sie als Oberb\u00f6sewicht zu \u00fcberholen droht, vielleicht sogar schon \u00fcberholt hat: das B\u00fcndnis Sahra Wagenknecht (BSW), weniger auf NATO-Kurs als die AfD, dazu ein bisschen sozialdemokratische Sozialpolitik im Gep\u00e4ck.<\/p>\n<p>Nichts lassen die Leitmedien unversucht, um die BSW-Namensgeberin Sahra Wagenknecht zu diskreditieren. J\u00fcngst sorgte beispielsweise ein Foto f\u00fcr Wirbel, <a rel=\"nofollow noopener\" target=\"_blank\" href=\"https:\/\/www.merkur.de\/politik\/wagenknecht-sobtschak-tochter-putin-ziehvater-selfie-bsw-russland-news-zr-93425520.html\">das sie laut<\/a>\u00a0<em>M\u00fcnchner Merkur<\/em> mit &#8220;der Tochter von Putins Ziehvater&#8221; zeigt.<strong><\/strong>Bl\u00f6derweise sprang die neue Partei \u00fcber dieses St\u00f6ckchen und <a rel=\"nofollow noopener\" target=\"_blank\" href=\"https:\/\/x.com\/Buendnis_SahraW\/status\/1859207660807045557\">rechtfertigte sich<\/a> auf der Plattform X: &#8220;Was f\u00fcr ein Quatsch&#8221;, schrieb das BSW. Das sei nur ein zuf\u00e4lliges Selfie gewesen.<\/p>\n<p><strong>Mit einer Seifenoper &#8220;in den Merz&#8221;<\/strong><\/p>\n<p>Solange die Reste-Ampel noch aushalten muss, wird die Seifenoper weitergehen, auch um die Illusion einer &#8220;demokratischen Richtungsentscheidung&#8221; durch die Neuwahl nicht zu gef\u00e4hrden. SPD und Gr\u00fcne k\u00f6nnen nun nach Lust und Laune noch ein paar Gesetzesentw\u00fcrfe einbringen, ohne eine Umsetzung bef\u00fcrchten zu m\u00fcssen \u2013 was sie fr\u00fcher der FDP in die Schuhe schieben konnten.<\/p>\n<p>Die Medien werden zur Publikumsbelustigung diverse Schandh\u00fcte verteilen, mal diese, mal jene Person als \u00dcbelt\u00e4ter verorten und &#8220;gescheiterte Beziehungen&#8221; aufarbeiten: zwischen Bundeskanzler Olaf Scholz und FDP-Ex-Finanzminister Christian Lindner, Wirtschaftsminister Habeck und Lindner und so weiter. Und noch darf sich Letzterer sogar &#8220;etwas cooler als Merz&#8221; <a rel=\"nofollow noopener\" target=\"_blank\" href=\"https:\/\/ga.de\/news\/politik\/deutschland\/scholz-finde-mich-etwas-cooler-als-merz_aid-120978581\">finden<\/a>.\u00a0<\/p>\n<p>Klar ist schon jetzt: Mit dem Abtritt der Ampel wird die durch Sozialabbau finanzierte Kriegspolitik nicht enden. Eher darf bef\u00fcrchtet werden, dass sich der Mainstream konsolidiert und ein neues Kapitel aufschl\u00e4gt: Was k\u00fcrzlich Noch-Au\u00dfenministerin Annalena Baerbock als &#8220;Moment der Zwischenphase, auf den Putin immer gewartet hat&#8221; bezeichnete, wird wohl eher zur politischen Sto\u00dfl\u00fccke f\u00fcr R\u00fcstungskonzerne werden.<\/p>\n<p><strong>Mehr zum Thema<\/strong> \u2013 <a rel=\"nofollow noopener\" target=\"_blank\" href=\"https:\/\/freedert.online\/gesellschaft\/225969-leistungslos-reich-trotz-krise-fuehrungspersonal\/\">Leistungslos reich trotz Krise: F\u00fchrungspersonal des deutschen Kapitals kassiert ab <\/a><\/p>\n<div class=\"EmbedBlock-root EmbedBlock-externalVideo EmbedBlock-rumble\">\n<div class=\"VkEmbed\"><iframe class=\"lazyload\" data-src=\"https:\/\/rumble.com\/embed\/v5pslsn\" frameborder=\"0\" width=\"853\" height=\"480\" allowfullscreen><\/iframe><\/div>\n<\/div>\n<\/div>\n<p><br \/>\n<br \/><a href=\"https:\/\/de.rt.com\/meinung\/226870-ampel-aufloesung-mit-seifenoper\/\">Source link <\/a><\/p>\n","protected":false},"excerpt":{"rendered":"<p>Mit gro\u00dfem Theater tritt die Ampel von der B\u00fchne. \u00dcbelt\u00e4ter werden verortet, der demokratische Schein mit einem simulierten Zweifrontenkampf nach US-amerikanischem Vorbild gewahrt. In der Spur steht Hardliner Merz, um das Ampel-Werk zu vollenden: Sozialkahlschlag f\u00fcr den Kriegskurs. Von Susan Bonath Allein die Nachricht von Trumps Wahlsieg gen\u00fcgte, um die US-Aktien und den US-Dollar auf [&hellip;]<\/p>\n","protected":false},"author":3,"featured_media":73149,"comment_status":"open","ping_status":"open","sticky":false,"template":"","format":"standard","meta":{"_yoast_indexnow_last_ping":["1732395512"],"wp_automatic_camp":["217"],"45319f697011ba6c576d1e73fe974268":["Ampel-Aufl\u00f6sung: Mit einer Seifenoper &quot;in den Merz&quot;"],"original_link":["https:\/\/de.rt.com\/meinung\/226870-ampel-aufloesung-mit-seifenoper\/"],"_thumbnail_id":["73149"],"jnews_social_counter_last_update":["1777411275"],"_wptgpro_p2tg_sent2tg":["a:1:{i:23737;s:19:\"2024-11-23 22:59:45\";}"]},"categories":[19,23],"tags":[60483,48,212,60484,419,10678,42587],"yoast_head":"<!-- This site is optimized with the Yoast SEO Premium plugin v22.7 (Yoast SEO v22.7) - https:\/\/yoast.com\/wordpress\/plugins\/seo\/ -->\n<title>Ampel-Aufl\u00f6sung: Mit einer Seifenoper &quot;in den Merz&quot; - just-now.NEWS Deutschland<\/title>\n<meta name=\"robots\" content=\"index, follow, max-snippet:-1, max-image-preview:large, max-video-preview:-1\" \/>\n<link rel=\"canonical\" href=\"https:\/\/now-news.de\/de\/deutschland\/ampel-aufloesung-mit-einer-seifenoper-in-den-merz\/\" \/>\n<meta property=\"og:locale\" content=\"de_DE\" \/>\n<meta property=\"og:type\" content=\"article\" \/>\n<meta property=\"og:title\" content=\"Ampel-Aufl\u00f6sung: Mit einer Seifenoper &quot;in den Merz&quot;\" \/>\n<meta property=\"og:description\" content=\"Mit gro\u00dfem Theater tritt die Ampel von der B\u00fchne. \u00dcbelt\u00e4ter werden verortet, der demokratische Schein mit einem simulierten Zweifrontenkampf nach US-amerikanischem Vorbild gewahrt. In der Spur steht Hardliner Merz, um das Ampel-Werk zu vollenden: Sozialkahlschlag f\u00fcr den Kriegskurs. Von Susan Bonath Allein die Nachricht von Trumps Wahlsieg gen\u00fcgte, um die US-Aktien und den US-Dollar auf [&hellip;]\" \/>\n<meta property=\"og:url\" content=\"https:\/\/now-news.de\/de\/deutschland\/ampel-aufloesung-mit-einer-seifenoper-in-den-merz\/\" \/>\n<meta property=\"og:site_name\" content=\"just-now.NEWS Deutschland\" \/>\n<meta property=\"article:publisher\" content=\"https:\/\/www.facebook.com\/wirmachenauf\" \/>\n<meta property=\"article:published_time\" content=\"2024-11-23T20:43:05+00:00\" \/>\n<meta property=\"og:image\" content=\"https:\/\/now-news.de\/de\/wp-content\/uploads\/sites\/3\/2024\/11\/1732395511_763_674192ffb480cc7c062b9c56.jpg\" \/>\n<meta name=\"author\" content=\"rtnews\" \/>\n<meta name=\"twitter:card\" content=\"summary_large_image\" \/>\n<meta name=\"twitter:creator\" content=\"@WirMachenAuf_de\" \/>\n<meta name=\"twitter:site\" content=\"@WirMachenAuf_de\" \/>\n<meta name=\"twitter:label1\" content=\"Verfasst von\" \/>\n\t<meta name=\"twitter:data1\" content=\"rtnews\" \/>\n\t<meta name=\"twitter:label2\" content=\"Gesch\u00e4tzte Lesezeit\" \/>\n\t<meta name=\"twitter:data2\" content=\"6\u00a0Minuten\" \/>\n<script type=\"application\/ld+json\" class=\"yoast-schema-graph\">{\"@context\":\"https:\/\/schema.org\",\"@graph\":[{\"@type\":\"Article\",\"@id\":\"https:\/\/now-news.de\/de\/deutschland\/ampel-aufloesung-mit-einer-seifenoper-in-den-merz\/#article\",\"isPartOf\":{\"@id\":\"https:\/\/now-news.de\/de\/deutschland\/ampel-aufloesung-mit-einer-seifenoper-in-den-merz\/\"},\"author\":{\"name\":\"rtnews\",\"@id\":\"https:\/\/now-news.de\/de\/#\/schema\/person\/fb534a4e865501d8b3285208df34a9b5\"},\"headline\":\"Ampel-Aufl\u00f6sung: Mit einer Seifenoper &quot;in den Merz&quot;\",\"datePublished\":\"2024-11-23T20:43:05+00:00\",\"dateModified\":\"2024-11-23T20:43:05+00:00\",\"mainEntityOfPage\":{\"@id\":\"https:\/\/now-news.de\/de\/deutschland\/ampel-aufloesung-mit-einer-seifenoper-in-den-merz\/\"},\"wordCount\":1188,\"commentCount\":0,\"publisher\":{\"@id\":\"https:\/\/now-news.de\/de\/#organization\"},\"image\":{\"@id\":\"https:\/\/now-news.de\/de\/deutschland\/ampel-aufloesung-mit-einer-seifenoper-in-den-merz\/#primaryimage\"},\"thumbnailUrl\":\"https:\/\/now-news.de\/de\/wp-content\/uploads\/sites\/3\/2024\/11\/Ampel-Aufloesung-Mit-einer-Seifenoper-quotin-den-Merzquot.jpg\",\"keywords\":[\"AmpelAufl\u00f6sung\",\"den\",\"einer\",\"Merzquot\",\"mit\",\"quotin\",\"Seifenoper\"],\"articleSection\":[\"Deutschland\",\"Russland\"],\"inLanguage\":\"de\",\"potentialAction\":[{\"@type\":\"CommentAction\",\"name\":\"Comment\",\"target\":[\"https:\/\/now-news.de\/de\/deutschland\/ampel-aufloesung-mit-einer-seifenoper-in-den-merz\/#respond\"]}]},{\"@type\":\"WebPage\",\"@id\":\"https:\/\/now-news.de\/de\/deutschland\/ampel-aufloesung-mit-einer-seifenoper-in-den-merz\/\",\"url\":\"https:\/\/now-news.de\/de\/deutschland\/ampel-aufloesung-mit-einer-seifenoper-in-den-merz\/\",\"name\":\"Ampel-Aufl\u00f6sung: Mit einer Seifenoper &quot;in den Merz&quot; - just-now.NEWS Deutschland\",\"isPartOf\":{\"@id\":\"https:\/\/now-news.de\/de\/#website\"},\"primaryImageOfPage\":{\"@id\":\"https:\/\/now-news.de\/de\/deutschland\/ampel-aufloesung-mit-einer-seifenoper-in-den-merz\/#primaryimage\"},\"image\":{\"@id\":\"https:\/\/now-news.de\/de\/deutschland\/ampel-aufloesung-mit-einer-seifenoper-in-den-merz\/#primaryimage\"},\"thumbnailUrl\":\"https:\/\/now-news.de\/de\/wp-content\/uploads\/sites\/3\/2024\/11\/Ampel-Aufloesung-Mit-einer-Seifenoper-quotin-den-Merzquot.jpg\",\"datePublished\":\"2024-11-23T20:43:05+00:00\",\"dateModified\":\"2024-11-23T20:43:05+00:00\",\"breadcrumb\":{\"@id\":\"https:\/\/now-news.de\/de\/deutschland\/ampel-aufloesung-mit-einer-seifenoper-in-den-merz\/#breadcrumb\"},\"inLanguage\":\"de\",\"potentialAction\":[{\"@type\":\"ReadAction\",\"target\":[\"https:\/\/now-news.de\/de\/deutschland\/ampel-aufloesung-mit-einer-seifenoper-in-den-merz\/\"]}]},{\"@type\":\"ImageObject\",\"inLanguage\":\"de\",\"@id\":\"https:\/\/now-news.de\/de\/deutschland\/ampel-aufloesung-mit-einer-seifenoper-in-den-merz\/#primaryimage\",\"url\":\"https:\/\/now-news.de\/de\/wp-content\/uploads\/sites\/3\/2024\/11\/Ampel-Aufloesung-Mit-einer-Seifenoper-quotin-den-Merzquot.jpg\",\"contentUrl\":\"https:\/\/now-news.de\/de\/wp-content\/uploads\/sites\/3\/2024\/11\/Ampel-Aufloesung-Mit-einer-Seifenoper-quotin-den-Merzquot.jpg\",\"width\":460,\"height\":259,\"caption\":\"Ampel-Aufl\u00f6sung: Mit einer Seifenoper &quot;in den Merz&quot;\"},{\"@type\":\"BreadcrumbList\",\"@id\":\"https:\/\/now-news.de\/de\/deutschland\/ampel-aufloesung-mit-einer-seifenoper-in-den-merz\/#breadcrumb\",\"itemListElement\":[{\"@type\":\"ListItem\",\"position\":1,\"name\":\"Home\",\"item\":\"https:\/\/now-news.de\/de\/\"},{\"@type\":\"ListItem\",\"position\":2,\"name\":\"Ampel-Aufl\u00f6sung: Mit einer Seifenoper &quot;in den Merz&quot;\"}]},{\"@type\":\"WebSite\",\"@id\":\"https:\/\/now-news.de\/de\/#website\",\"url\":\"https:\/\/now-news.de\/de\/\",\"name\":\"just-now.NEWS Deutschland\",\"description\":\"Das Portal f\u00fcr unzensierte Nachrichten aus der Welt\",\"publisher\":{\"@id\":\"https:\/\/now-news.de\/de\/#organization\"},\"potentialAction\":[{\"@type\":\"SearchAction\",\"target\":{\"@type\":\"EntryPoint\",\"urlTemplate\":\"https:\/\/now-news.de\/de\/?s={search_term_string}\"},\"query-input\":\"required name=search_term_string\"}],\"inLanguage\":\"de\"},{\"@type\":\"Organization\",\"@id\":\"https:\/\/now-news.de\/de\/#organization\",\"name\":\"Just Now News\",\"url\":\"https:\/\/now-news.de\/de\/\",\"logo\":{\"@type\":\"ImageObject\",\"inLanguage\":\"de\",\"@id\":\"https:\/\/now-news.de\/de\/#\/schema\/logo\/image\/\",\"url\":\"http:\/\/just-now.news\/de\/wp-content\/uploads\/sites\/3\/2022\/04\/logo500x500.jpg\",\"contentUrl\":\"http:\/\/just-now.news\/de\/wp-content\/uploads\/sites\/3\/2022\/04\/logo500x500.jpg\",\"width\":500,\"height\":500,\"caption\":\"Just Now News\"},\"image\":{\"@id\":\"https:\/\/now-news.de\/de\/#\/schema\/logo\/image\/\"},\"sameAs\":[\"https:\/\/www.facebook.com\/wirmachenauf\",\"https:\/\/x.com\/WirMachenAuf_de\"]},{\"@type\":\"Person\",\"@id\":\"https:\/\/now-news.de\/de\/#\/schema\/person\/fb534a4e865501d8b3285208df34a9b5\",\"name\":\"rtnews\",\"image\":{\"@type\":\"ImageObject\",\"inLanguage\":\"de\",\"@id\":\"https:\/\/now-news.de\/de\/#\/schema\/person\/image\/\",\"url\":\"https:\/\/secure.gravatar.com\/avatar\/82aafea7d8127119dd649515f56e2117?s=96&d=mm&r=g\",\"contentUrl\":\"https:\/\/secure.gravatar.com\/avatar\/82aafea7d8127119dd649515f56e2117?s=96&d=mm&r=g\",\"caption\":\"rtnews\"},\"url\":\"https:\/\/now-news.de\/de\/author\/rnews\/\"}]}<\/script>\n<!-- \/ Yoast SEO Premium plugin. -->","yoast_head_json":{"title":"Ampel-Aufl\u00f6sung: Mit einer Seifenoper &quot;in den Merz&quot; - just-now.NEWS Deutschland","robots":{"index":"index","follow":"follow","max-snippet":"max-snippet:-1","max-image-preview":"max-image-preview:large","max-video-preview":"max-video-preview:-1"},"canonical":"https:\/\/now-news.de\/de\/deutschland\/ampel-aufloesung-mit-einer-seifenoper-in-den-merz\/","og_locale":"de_DE","og_type":"article","og_title":"Ampel-Aufl\u00f6sung: Mit einer Seifenoper &quot;in den Merz&quot;","og_description":"Mit gro\u00dfem Theater tritt die Ampel von der B\u00fchne. \u00dcbelt\u00e4ter werden verortet, der demokratische Schein mit einem simulierten Zweifrontenkampf nach US-amerikanischem Vorbild gewahrt. In der Spur steht Hardliner Merz, um das Ampel-Werk zu vollenden: Sozialkahlschlag f\u00fcr den Kriegskurs. Von Susan Bonath Allein die Nachricht von Trumps Wahlsieg gen\u00fcgte, um die US-Aktien und den US-Dollar auf [&hellip;]","og_url":"https:\/\/now-news.de\/de\/deutschland\/ampel-aufloesung-mit-einer-seifenoper-in-den-merz\/","og_site_name":"just-now.NEWS Deutschland","article_publisher":"https:\/\/www.facebook.com\/wirmachenauf","article_published_time":"2024-11-23T20:43:05+00:00","og_image":[{"url":"https:\/\/now-news.de\/de\/wp-content\/uploads\/sites\/3\/2024\/11\/1732395511_763_674192ffb480cc7c062b9c56.jpg"}],"author":"rtnews","twitter_card":"summary_large_image","twitter_creator":"@WirMachenAuf_de","twitter_site":"@WirMachenAuf_de","twitter_misc":{"Verfasst von":"rtnews","Gesch\u00e4tzte Lesezeit":"6\u00a0Minuten"},"schema":{"@context":"https:\/\/schema.org","@graph":[{"@type":"Article","@id":"https:\/\/now-news.de\/de\/deutschland\/ampel-aufloesung-mit-einer-seifenoper-in-den-merz\/#article","isPartOf":{"@id":"https:\/\/now-news.de\/de\/deutschland\/ampel-aufloesung-mit-einer-seifenoper-in-den-merz\/"},"author":{"name":"rtnews","@id":"https:\/\/now-news.de\/de\/#\/schema\/person\/fb534a4e865501d8b3285208df34a9b5"},"headline":"Ampel-Aufl\u00f6sung: Mit einer Seifenoper &quot;in den Merz&quot;","datePublished":"2024-11-23T20:43:05+00:00","dateModified":"2024-11-23T20:43:05+00:00","mainEntityOfPage":{"@id":"https:\/\/now-news.de\/de\/deutschland\/ampel-aufloesung-mit-einer-seifenoper-in-den-merz\/"},"wordCount":1188,"commentCount":0,"publisher":{"@id":"https:\/\/now-news.de\/de\/#organization"},"image":{"@id":"https:\/\/now-news.de\/de\/deutschland\/ampel-aufloesung-mit-einer-seifenoper-in-den-merz\/#primaryimage"},"thumbnailUrl":"https:\/\/now-news.de\/de\/wp-content\/uploads\/sites\/3\/2024\/11\/Ampel-Aufloesung-Mit-einer-Seifenoper-quotin-den-Merzquot.jpg","keywords":["AmpelAufl\u00f6sung","den","einer","Merzquot","mit","quotin","Seifenoper"],"articleSection":["Deutschland","Russland"],"inLanguage":"de","potentialAction":[{"@type":"CommentAction","name":"Comment","target":["https:\/\/now-news.de\/de\/deutschland\/ampel-aufloesung-mit-einer-seifenoper-in-den-merz\/#respond"]}]},{"@type":"WebPage","@id":"https:\/\/now-news.de\/de\/deutschland\/ampel-aufloesung-mit-einer-seifenoper-in-den-merz\/","url":"https:\/\/now-news.de\/de\/deutschland\/ampel-aufloesung-mit-einer-seifenoper-in-den-merz\/","name":"Ampel-Aufl\u00f6sung: Mit einer Seifenoper &quot;in den Merz&quot; - just-now.NEWS Deutschland","isPartOf":{"@id":"https:\/\/now-news.de\/de\/#website"},"primaryImageOfPage":{"@id":"https:\/\/now-news.de\/de\/deutschland\/ampel-aufloesung-mit-einer-seifenoper-in-den-merz\/#primaryimage"},"image":{"@id":"https:\/\/now-news.de\/de\/deutschland\/ampel-aufloesung-mit-einer-seifenoper-in-den-merz\/#primaryimage"},"thumbnailUrl":"https:\/\/now-news.de\/de\/wp-content\/uploads\/sites\/3\/2024\/11\/Ampel-Aufloesung-Mit-einer-Seifenoper-quotin-den-Merzquot.jpg","datePublished":"2024-11-23T20:43:05+00:00","dateModified":"2024-11-23T20:43:05+00:00","breadcrumb":{"@id":"https:\/\/now-news.de\/de\/deutschland\/ampel-aufloesung-mit-einer-seifenoper-in-den-merz\/#breadcrumb"},"inLanguage":"de","potentialAction":[{"@type":"ReadAction","target":["https:\/\/now-news.de\/de\/deutschland\/ampel-aufloesung-mit-einer-seifenoper-in-den-merz\/"]}]},{"@type":"ImageObject","inLanguage":"de","@id":"https:\/\/now-news.de\/de\/deutschland\/ampel-aufloesung-mit-einer-seifenoper-in-den-merz\/#primaryimage","url":"https:\/\/now-news.de\/de\/wp-content\/uploads\/sites\/3\/2024\/11\/Ampel-Aufloesung-Mit-einer-Seifenoper-quotin-den-Merzquot.jpg","contentUrl":"https:\/\/now-news.de\/de\/wp-content\/uploads\/sites\/3\/2024\/11\/Ampel-Aufloesung-Mit-einer-Seifenoper-quotin-den-Merzquot.jpg","width":460,"height":259,"caption":"Ampel-Aufl\u00f6sung: Mit einer Seifenoper &quot;in den Merz&quot;"},{"@type":"BreadcrumbList","@id":"https:\/\/now-news.de\/de\/deutschland\/ampel-aufloesung-mit-einer-seifenoper-in-den-merz\/#breadcrumb","itemListElement":[{"@type":"ListItem","position":1,"name":"Home","item":"https:\/\/now-news.de\/de\/"},{"@type":"ListItem","position":2,"name":"Ampel-Aufl\u00f6sung: Mit einer Seifenoper &quot;in den Merz&quot;"}]},{"@type":"WebSite","@id":"https:\/\/now-news.de\/de\/#website","url":"https:\/\/now-news.de\/de\/","name":"just-now.NEWS Deutschland","description":"Das Portal f\u00fcr unzensierte Nachrichten aus der Welt","publisher":{"@id":"https:\/\/now-news.de\/de\/#organization"},"potentialAction":[{"@type":"SearchAction","target":{"@type":"EntryPoint","urlTemplate":"https:\/\/now-news.de\/de\/?s={search_term_string}"},"query-input":"required name=search_term_string"}],"inLanguage":"de"},{"@type":"Organization","@id":"https:\/\/now-news.de\/de\/#organization","name":"Just Now News","url":"https:\/\/now-news.de\/de\/","logo":{"@type":"ImageObject","inLanguage":"de","@id":"https:\/\/now-news.de\/de\/#\/schema\/logo\/image\/","url":"http:\/\/just-now.news\/de\/wp-content\/uploads\/sites\/3\/2022\/04\/logo500x500.jpg","contentUrl":"http:\/\/just-now.news\/de\/wp-content\/uploads\/sites\/3\/2022\/04\/logo500x500.jpg","width":500,"height":500,"caption":"Just Now News"},"image":{"@id":"https:\/\/now-news.de\/de\/#\/schema\/logo\/image\/"},"sameAs":["https:\/\/www.facebook.com\/wirmachenauf","https:\/\/x.com\/WirMachenAuf_de"]},{"@type":"Person","@id":"https:\/\/now-news.de\/de\/#\/schema\/person\/fb534a4e865501d8b3285208df34a9b5","name":"rtnews","image":{"@type":"ImageObject","inLanguage":"de","@id":"https:\/\/now-news.de\/de\/#\/schema\/person\/image\/","url":"https:\/\/secure.gravatar.com\/avatar\/82aafea7d8127119dd649515f56e2117?s=96&d=mm&r=g","contentUrl":"https:\/\/secure.gravatar.com\/avatar\/82aafea7d8127119dd649515f56e2117?s=96&d=mm&r=g","caption":"rtnews"},"url":"https:\/\/now-news.de\/de\/author\/rnews\/"}]}},"_links":{"self":[{"href":"https:\/\/now-news.de\/de\/wp-json\/wp\/v2\/posts\/73146"}],"collection":[{"href":"https:\/\/now-news.de\/de\/wp-json\/wp\/v2\/posts"}],"about":[{"href":"https:\/\/now-news.de\/de\/wp-json\/wp\/v2\/types\/post"}],"author":[{"embeddable":true,"href":"https:\/\/now-news.de\/de\/wp-json\/wp\/v2\/users\/3"}],"replies":[{"embeddable":true,"href":"https:\/\/now-news.de\/de\/wp-json\/wp\/v2\/comments?post=73146"}],"version-history":[{"count":0,"href":"https:\/\/now-news.de\/de\/wp-json\/wp\/v2\/posts\/73146\/revisions"}],"wp:featuredmedia":[{"embeddable":true,"href":"https:\/\/now-news.de\/de\/wp-json\/wp\/v2\/media\/73149"}],"wp:attachment":[{"href":"https:\/\/now-news.de\/de\/wp-json\/wp\/v2\/media?parent=73146"}],"wp:term":[{"taxonomy":"category","embeddable":true,"href":"https:\/\/now-news.de\/de\/wp-json\/wp\/v2\/categories?post=73146"},{"taxonomy":"post_tag","embeddable":true,"href":"https:\/\/now-news.de\/de\/wp-json\/wp\/v2\/tags?post=73146"}],"curies":[{"name":"wp","href":"https:\/\/api.w.org\/{rel}","templated":true}]}}