{"id":73136,"date":"2024-11-23T19:38:36","date_gmt":"2024-11-23T17:38:36","guid":{"rendered":"https:\/\/now-news.de\/de\/deutschland\/in-kanada-brennen-autos-bei-protesten-gegen-die-nato\/"},"modified":"2024-11-23T19:38:36","modified_gmt":"2024-11-23T17:38:36","slug":"in-kanada-brennen-autos-bei-protesten-gegen-die-nato","status":"publish","type":"post","link":"https:\/\/now-news.de\/de\/deutschland\/in-kanada-brennen-autos-bei-protesten-gegen-die-nato\/","title":{"rendered":"In Kanada brennen Autos bei Protesten gegen die NATO"},"content":{"rendered":"<p><img decoding=\"async\" src=\"https:\/\/now-news.de\/de\/wp-content\/uploads\/sites\/3\/2024\/11\/67420b8048fbef2a0852b40f.jpg\" \/><\/p>\n<div class=\"Text-root Text-type_1 \">\n                Als Aufr\u00fchrer vor dem j\u00e4hrlichen Gipfel des Milit\u00e4rb\u00fcndnisses Ladenzeilen angriffen, wurden mehrere festgenommen. Schon am Tag vor den Protesten gegen die NATO hatte es Zusammenst\u00f6\u00dfe in der Universit\u00e4t von Montreal gegeben.\n            <\/div>\n<p><\/p>\n<div class=\"Text-root Text-type_5 ArticleView-text ViewText-root \">\n<p>Mindestes drei Personen wurden festgenommen, nachdem Demonstranten gegen die NATO und f\u00fcr Pal\u00e4stina auf den Stra\u00dfen von Montreal randaliert, Autos angez\u00fcndet, Schaufenster zerst\u00f6rt hatten und mit der Polizei zusammengesto\u00dfen waren. Dieses Wochenende beherbergt die frankophone kanadische Stadt den j\u00e4hrlichen NATO-Gipfel.<\/p>\n<p>Die Menge der Anti-NATO-Demonstranten hatte sich am Freitagnachmittag in einem Park in der Stadtmitte versammelt, ehe sie sich mit einer Demonstration gegen Israel zusammenschloss, die in der N\u00e4he abgehalten wurde, teilte die Polizei \u00f6rtlichen Medien mit.<\/p>\n<p>Auch wenn sie anf\u00e4nglich friedlich gewesen war, wurde der Protest, so die Polizei, gewaltt\u00e4tig, nachdem die Pal\u00e4stina-Demonstranten eine Puppe des israelischen Ministerpr\u00e4sidenten Benjamin Netanjahu verbrannt und angefangen hatten, bengalisches Feuer und Geschosse auf die Polizei zu werfen.<\/p>\n<p>Eine Gruppe maskierter Demonstranten machte sich dann auf den Weg den Boulevard Ren\u00e9-L\u00e9vesque\u00a0hinunter und zerschlug Scheiben in der belebten Einkaufsstra\u00dfe. Zwei Fahrzeuge wurden in Brand gesetzt, ehe die Polizei Tr\u00e4nengas einsetzte, um die Menge zu zerstreuen. Drei Personen wurden wegen eines mutma\u00dflichen Angriffs auf einen Polizisten festgenommen.<\/p>\n<p>Die Proteste fanden statt, w\u00e4hrend hunderte von NATO-Delegierten f\u00fcr den j\u00e4hrlichen Gipfel in Montreal landeten. Von Freitag bis Montag wird der Gipfel hochkar\u00e4tig besetzte Gespr\u00e4che \u00fcber Raketenabwehr, Klimawandel und &#8220;die Ukraine bis zum Sieg unterst\u00fctzen&#8221; bieten, meldet die Website der NATO.<\/p>\n<p>Anfang des Monats\u00a0hatte Wladimir Selenskij mit dem kanadischen Premierminister Justin Trudeau\u00a0gesprochen und danach erkl\u00e4rt, Kanada werde der Ukraine bis Jahresende ein NASAMS-Luftabwehrsystem schicken.<\/p>\n<p>Am Tag vor den Protesten waren Gruppen pro- und antiisraelischer Demonstranten in der Concordia University in Montreal zusammengesto\u00dfen, an der Zehntausende propal\u00e4stinensische Studenten streiken und sich weigern, Kurse zu besuchen. Eine der linken Studentengruppen, die den Streik anf\u00fchrt, sagte, es falle g\u00fcnstig mit dem Gipfel zusammen, und warf der NATO vor, den &#8220;fortgesetzten Genozid&#8221; im Gazastreifen zu unterst\u00fctzen.<\/p>\n<p><strong>Mehr zum Thema \u2013\u00a0<\/strong><a rel=\"nofollow noopener\" target=\"_blank\" href=\"https:\/\/freedert.online\/international\/221291-kanada-bildet-neue-koalition-gegen\/\">Gegen Russland: Kanada bildet neue Koalition in der Arktis<\/a><\/p>\n<div class=\"EmbedBlock-root EmbedBlock-externalVideo EmbedBlock-rumble\">\n<div class=\"VkEmbed\"><iframe class=\"lazyload\" data-src=\"https:\/\/rumble.com\/embed\/v5opdjt\" frameborder=\"0\" width=\"853\" height=\"480\" allowfullscreen><\/iframe><\/div>\n<\/div>\n<\/div>\n<p><br \/>\n<br \/><a href=\"https:\/\/de.rt.com\/nordamerika\/227045-in-kanada-brennen-autos-bei-protesten-gegen-die-nato\/\">Source link <\/a><\/p>\n","protected":false},"excerpt":{"rendered":"<p>Als Aufr\u00fchrer vor dem j\u00e4hrlichen Gipfel des Milit\u00e4rb\u00fcndnisses Ladenzeilen angriffen, wurden mehrere festgenommen. Schon am Tag vor den Protesten gegen die NATO hatte es Zusammenst\u00f6\u00dfe in der Universit\u00e4t von Montreal gegeben. Mindestes drei Personen wurden festgenommen, nachdem Demonstranten gegen die NATO und f\u00fcr Pal\u00e4stina auf den Stra\u00dfen von Montreal randaliert, Autos angez\u00fcndet, Schaufenster zerst\u00f6rt hatten [&hellip;]<\/p>\n","protected":false},"author":3,"featured_media":73137,"comment_status":"open","ping_status":"open","sticky":false,"template":"","format":"standard","meta":{"_yoast_indexnow_last_ping":["1732384893"],"wp_automatic_camp":["217"],"0044810b000f6d82ad7d830583e0d644":["In Kanada brennen Autos bei Protesten gegen die NATO"],"original_link":["https:\/\/de.rt.com\/nordamerika\/227045-in-kanada-brennen-autos-bei-protesten-gegen-die-nato\/"],"_thumbnail_id":["73137"],"_wptgpro_p2tg_sent2tg":["a:1:{i:23737;s:19:\"2024-11-23 20:02:40\";}"],"jnews_social_counter_last_update":["1777218602"]},"categories":[19,23],"tags":[4031,363,1487,45,278,19376,2697,19562],"yoast_head":"<!-- This site is optimized with the Yoast SEO Premium plugin v22.7 (Yoast SEO v22.7) - https:\/\/yoast.com\/wordpress\/plugins\/seo\/ -->\n<title>In Kanada brennen Autos bei Protesten gegen die NATO - just-now.NEWS Deutschland<\/title>\n<meta name=\"robots\" content=\"index, follow, max-snippet:-1, max-image-preview:large, max-video-preview:-1\" \/>\n<link rel=\"canonical\" href=\"https:\/\/now-news.de\/de\/deutschland\/in-kanada-brennen-autos-bei-protesten-gegen-die-nato\/\" \/>\n<meta property=\"og:locale\" content=\"de_DE\" \/>\n<meta property=\"og:type\" content=\"article\" \/>\n<meta property=\"og:title\" content=\"In Kanada brennen Autos bei Protesten gegen die NATO\" \/>\n<meta property=\"og:description\" content=\"Als Aufr\u00fchrer vor dem j\u00e4hrlichen Gipfel des Milit\u00e4rb\u00fcndnisses Ladenzeilen angriffen, wurden mehrere festgenommen. Schon am Tag vor den Protesten gegen die NATO hatte es Zusammenst\u00f6\u00dfe in der Universit\u00e4t von Montreal gegeben. Mindestes drei Personen wurden festgenommen, nachdem Demonstranten gegen die NATO und f\u00fcr Pal\u00e4stina auf den Stra\u00dfen von Montreal randaliert, Autos angez\u00fcndet, Schaufenster zerst\u00f6rt hatten [&hellip;]\" \/>\n<meta property=\"og:url\" content=\"https:\/\/now-news.de\/de\/deutschland\/in-kanada-brennen-autos-bei-protesten-gegen-die-nato\/\" \/>\n<meta property=\"og:site_name\" content=\"just-now.NEWS Deutschland\" \/>\n<meta property=\"article:publisher\" content=\"https:\/\/www.facebook.com\/wirmachenauf\" \/>\n<meta property=\"article:published_time\" content=\"2024-11-23T17:38:36+00:00\" \/>\n<meta property=\"og:image\" content=\"https:\/\/now-news.de\/de\/wp-content\/uploads\/sites\/3\/2024\/11\/67420b8048fbef2a0852b40f.jpg\" \/>\n<meta name=\"author\" content=\"rtnews\" \/>\n<meta name=\"twitter:card\" content=\"summary_large_image\" \/>\n<meta name=\"twitter:creator\" content=\"@WirMachenAuf_de\" \/>\n<meta name=\"twitter:site\" content=\"@WirMachenAuf_de\" \/>\n<meta name=\"twitter:label1\" content=\"Verfasst von\" \/>\n\t<meta name=\"twitter:data1\" content=\"rtnews\" \/>\n\t<meta name=\"twitter:label2\" content=\"Gesch\u00e4tzte Lesezeit\" \/>\n\t<meta name=\"twitter:data2\" content=\"2\u00a0Minuten\" \/>\n<script type=\"application\/ld+json\" class=\"yoast-schema-graph\">{\"@context\":\"https:\/\/schema.org\",\"@graph\":[{\"@type\":\"Article\",\"@id\":\"https:\/\/now-news.de\/de\/deutschland\/in-kanada-brennen-autos-bei-protesten-gegen-die-nato\/#article\",\"isPartOf\":{\"@id\":\"https:\/\/now-news.de\/de\/deutschland\/in-kanada-brennen-autos-bei-protesten-gegen-die-nato\/\"},\"author\":{\"name\":\"rtnews\",\"@id\":\"https:\/\/now-news.de\/de\/#\/schema\/person\/fb534a4e865501d8b3285208df34a9b5\"},\"headline\":\"In Kanada brennen Autos bei Protesten gegen die NATO\",\"datePublished\":\"2024-11-23T17:38:36+00:00\",\"dateModified\":\"2024-11-23T17:38:36+00:00\",\"mainEntityOfPage\":{\"@id\":\"https:\/\/now-news.de\/de\/deutschland\/in-kanada-brennen-autos-bei-protesten-gegen-die-nato\/\"},\"wordCount\":375,\"commentCount\":0,\"publisher\":{\"@id\":\"https:\/\/now-news.de\/de\/#organization\"},\"image\":{\"@id\":\"https:\/\/now-news.de\/de\/deutschland\/in-kanada-brennen-autos-bei-protesten-gegen-die-nato\/#primaryimage\"},\"thumbnailUrl\":\"https:\/\/now-news.de\/de\/wp-content\/uploads\/sites\/3\/2024\/11\/In-Kanada-brennen-Autos-bei-Protesten-gegen-die-NATO.jpg\",\"keywords\":[\"Autos\",\"bei\",\"brennen\",\"die\",\"gegen\",\"Kanada\",\"nato\",\"Protesten\"],\"articleSection\":[\"Deutschland\",\"Russland\"],\"inLanguage\":\"de\",\"potentialAction\":[{\"@type\":\"CommentAction\",\"name\":\"Comment\",\"target\":[\"https:\/\/now-news.de\/de\/deutschland\/in-kanada-brennen-autos-bei-protesten-gegen-die-nato\/#respond\"]}]},{\"@type\":\"WebPage\",\"@id\":\"https:\/\/now-news.de\/de\/deutschland\/in-kanada-brennen-autos-bei-protesten-gegen-die-nato\/\",\"url\":\"https:\/\/now-news.de\/de\/deutschland\/in-kanada-brennen-autos-bei-protesten-gegen-die-nato\/\",\"name\":\"In Kanada brennen Autos bei Protesten gegen die NATO - just-now.NEWS Deutschland\",\"isPartOf\":{\"@id\":\"https:\/\/now-news.de\/de\/#website\"},\"primaryImageOfPage\":{\"@id\":\"https:\/\/now-news.de\/de\/deutschland\/in-kanada-brennen-autos-bei-protesten-gegen-die-nato\/#primaryimage\"},\"image\":{\"@id\":\"https:\/\/now-news.de\/de\/deutschland\/in-kanada-brennen-autos-bei-protesten-gegen-die-nato\/#primaryimage\"},\"thumbnailUrl\":\"https:\/\/now-news.de\/de\/wp-content\/uploads\/sites\/3\/2024\/11\/In-Kanada-brennen-Autos-bei-Protesten-gegen-die-NATO.jpg\",\"datePublished\":\"2024-11-23T17:38:36+00:00\",\"dateModified\":\"2024-11-23T17:38:36+00:00\",\"breadcrumb\":{\"@id\":\"https:\/\/now-news.de\/de\/deutschland\/in-kanada-brennen-autos-bei-protesten-gegen-die-nato\/#breadcrumb\"},\"inLanguage\":\"de\",\"potentialAction\":[{\"@type\":\"ReadAction\",\"target\":[\"https:\/\/now-news.de\/de\/deutschland\/in-kanada-brennen-autos-bei-protesten-gegen-die-nato\/\"]}]},{\"@type\":\"ImageObject\",\"inLanguage\":\"de\",\"@id\":\"https:\/\/now-news.de\/de\/deutschland\/in-kanada-brennen-autos-bei-protesten-gegen-die-nato\/#primaryimage\",\"url\":\"https:\/\/now-news.de\/de\/wp-content\/uploads\/sites\/3\/2024\/11\/In-Kanada-brennen-Autos-bei-Protesten-gegen-die-NATO.jpg\",\"contentUrl\":\"https:\/\/now-news.de\/de\/wp-content\/uploads\/sites\/3\/2024\/11\/In-Kanada-brennen-Autos-bei-Protesten-gegen-die-NATO.jpg\",\"width\":460,\"height\":259,\"caption\":\"In Kanada brennen Autos bei Protesten gegen die NATO\"},{\"@type\":\"BreadcrumbList\",\"@id\":\"https:\/\/now-news.de\/de\/deutschland\/in-kanada-brennen-autos-bei-protesten-gegen-die-nato\/#breadcrumb\",\"itemListElement\":[{\"@type\":\"ListItem\",\"position\":1,\"name\":\"Home\",\"item\":\"https:\/\/now-news.de\/de\/\"},{\"@type\":\"ListItem\",\"position\":2,\"name\":\"In Kanada brennen Autos bei Protesten gegen die NATO\"}]},{\"@type\":\"WebSite\",\"@id\":\"https:\/\/now-news.de\/de\/#website\",\"url\":\"https:\/\/now-news.de\/de\/\",\"name\":\"just-now.NEWS Deutschland\",\"description\":\"Das Portal f\u00fcr unzensierte Nachrichten aus der Welt\",\"publisher\":{\"@id\":\"https:\/\/now-news.de\/de\/#organization\"},\"potentialAction\":[{\"@type\":\"SearchAction\",\"target\":{\"@type\":\"EntryPoint\",\"urlTemplate\":\"https:\/\/now-news.de\/de\/?s={search_term_string}\"},\"query-input\":\"required name=search_term_string\"}],\"inLanguage\":\"de\"},{\"@type\":\"Organization\",\"@id\":\"https:\/\/now-news.de\/de\/#organization\",\"name\":\"Just Now News\",\"url\":\"https:\/\/now-news.de\/de\/\",\"logo\":{\"@type\":\"ImageObject\",\"inLanguage\":\"de\",\"@id\":\"https:\/\/now-news.de\/de\/#\/schema\/logo\/image\/\",\"url\":\"http:\/\/just-now.news\/de\/wp-content\/uploads\/sites\/3\/2022\/04\/logo500x500.jpg\",\"contentUrl\":\"http:\/\/just-now.news\/de\/wp-content\/uploads\/sites\/3\/2022\/04\/logo500x500.jpg\",\"width\":500,\"height\":500,\"caption\":\"Just Now News\"},\"image\":{\"@id\":\"https:\/\/now-news.de\/de\/#\/schema\/logo\/image\/\"},\"sameAs\":[\"https:\/\/www.facebook.com\/wirmachenauf\",\"https:\/\/x.com\/WirMachenAuf_de\"]},{\"@type\":\"Person\",\"@id\":\"https:\/\/now-news.de\/de\/#\/schema\/person\/fb534a4e865501d8b3285208df34a9b5\",\"name\":\"rtnews\",\"image\":{\"@type\":\"ImageObject\",\"inLanguage\":\"de\",\"@id\":\"https:\/\/now-news.de\/de\/#\/schema\/person\/image\/\",\"url\":\"https:\/\/secure.gravatar.com\/avatar\/82aafea7d8127119dd649515f56e2117?s=96&d=mm&r=g\",\"contentUrl\":\"https:\/\/secure.gravatar.com\/avatar\/82aafea7d8127119dd649515f56e2117?s=96&d=mm&r=g\",\"caption\":\"rtnews\"},\"url\":\"https:\/\/now-news.de\/de\/author\/rnews\/\"}]}<\/script>\n<!-- \/ Yoast SEO Premium plugin. -->","yoast_head_json":{"title":"In Kanada brennen Autos bei Protesten gegen die NATO - just-now.NEWS Deutschland","robots":{"index":"index","follow":"follow","max-snippet":"max-snippet:-1","max-image-preview":"max-image-preview:large","max-video-preview":"max-video-preview:-1"},"canonical":"https:\/\/now-news.de\/de\/deutschland\/in-kanada-brennen-autos-bei-protesten-gegen-die-nato\/","og_locale":"de_DE","og_type":"article","og_title":"In Kanada brennen Autos bei Protesten gegen die NATO","og_description":"Als Aufr\u00fchrer vor dem j\u00e4hrlichen Gipfel des Milit\u00e4rb\u00fcndnisses Ladenzeilen angriffen, wurden mehrere festgenommen. Schon am Tag vor den Protesten gegen die NATO hatte es Zusammenst\u00f6\u00dfe in der Universit\u00e4t von Montreal gegeben. Mindestes drei Personen wurden festgenommen, nachdem Demonstranten gegen die NATO und f\u00fcr Pal\u00e4stina auf den Stra\u00dfen von Montreal randaliert, Autos angez\u00fcndet, Schaufenster zerst\u00f6rt hatten [&hellip;]","og_url":"https:\/\/now-news.de\/de\/deutschland\/in-kanada-brennen-autos-bei-protesten-gegen-die-nato\/","og_site_name":"just-now.NEWS Deutschland","article_publisher":"https:\/\/www.facebook.com\/wirmachenauf","article_published_time":"2024-11-23T17:38:36+00:00","og_image":[{"url":"https:\/\/now-news.de\/de\/wp-content\/uploads\/sites\/3\/2024\/11\/67420b8048fbef2a0852b40f.jpg"}],"author":"rtnews","twitter_card":"summary_large_image","twitter_creator":"@WirMachenAuf_de","twitter_site":"@WirMachenAuf_de","twitter_misc":{"Verfasst von":"rtnews","Gesch\u00e4tzte Lesezeit":"2\u00a0Minuten"},"schema":{"@context":"https:\/\/schema.org","@graph":[{"@type":"Article","@id":"https:\/\/now-news.de\/de\/deutschland\/in-kanada-brennen-autos-bei-protesten-gegen-die-nato\/#article","isPartOf":{"@id":"https:\/\/now-news.de\/de\/deutschland\/in-kanada-brennen-autos-bei-protesten-gegen-die-nato\/"},"author":{"name":"rtnews","@id":"https:\/\/now-news.de\/de\/#\/schema\/person\/fb534a4e865501d8b3285208df34a9b5"},"headline":"In Kanada brennen Autos bei Protesten gegen die NATO","datePublished":"2024-11-23T17:38:36+00:00","dateModified":"2024-11-23T17:38:36+00:00","mainEntityOfPage":{"@id":"https:\/\/now-news.de\/de\/deutschland\/in-kanada-brennen-autos-bei-protesten-gegen-die-nato\/"},"wordCount":375,"commentCount":0,"publisher":{"@id":"https:\/\/now-news.de\/de\/#organization"},"image":{"@id":"https:\/\/now-news.de\/de\/deutschland\/in-kanada-brennen-autos-bei-protesten-gegen-die-nato\/#primaryimage"},"thumbnailUrl":"https:\/\/now-news.de\/de\/wp-content\/uploads\/sites\/3\/2024\/11\/In-Kanada-brennen-Autos-bei-Protesten-gegen-die-NATO.jpg","keywords":["Autos","bei","brennen","die","gegen","Kanada","nato","Protesten"],"articleSection":["Deutschland","Russland"],"inLanguage":"de","potentialAction":[{"@type":"CommentAction","name":"Comment","target":["https:\/\/now-news.de\/de\/deutschland\/in-kanada-brennen-autos-bei-protesten-gegen-die-nato\/#respond"]}]},{"@type":"WebPage","@id":"https:\/\/now-news.de\/de\/deutschland\/in-kanada-brennen-autos-bei-protesten-gegen-die-nato\/","url":"https:\/\/now-news.de\/de\/deutschland\/in-kanada-brennen-autos-bei-protesten-gegen-die-nato\/","name":"In Kanada brennen Autos bei Protesten gegen die NATO - just-now.NEWS Deutschland","isPartOf":{"@id":"https:\/\/now-news.de\/de\/#website"},"primaryImageOfPage":{"@id":"https:\/\/now-news.de\/de\/deutschland\/in-kanada-brennen-autos-bei-protesten-gegen-die-nato\/#primaryimage"},"image":{"@id":"https:\/\/now-news.de\/de\/deutschland\/in-kanada-brennen-autos-bei-protesten-gegen-die-nato\/#primaryimage"},"thumbnailUrl":"https:\/\/now-news.de\/de\/wp-content\/uploads\/sites\/3\/2024\/11\/In-Kanada-brennen-Autos-bei-Protesten-gegen-die-NATO.jpg","datePublished":"2024-11-23T17:38:36+00:00","dateModified":"2024-11-23T17:38:36+00:00","breadcrumb":{"@id":"https:\/\/now-news.de\/de\/deutschland\/in-kanada-brennen-autos-bei-protesten-gegen-die-nato\/#breadcrumb"},"inLanguage":"de","potentialAction":[{"@type":"ReadAction","target":["https:\/\/now-news.de\/de\/deutschland\/in-kanada-brennen-autos-bei-protesten-gegen-die-nato\/"]}]},{"@type":"ImageObject","inLanguage":"de","@id":"https:\/\/now-news.de\/de\/deutschland\/in-kanada-brennen-autos-bei-protesten-gegen-die-nato\/#primaryimage","url":"https:\/\/now-news.de\/de\/wp-content\/uploads\/sites\/3\/2024\/11\/In-Kanada-brennen-Autos-bei-Protesten-gegen-die-NATO.jpg","contentUrl":"https:\/\/now-news.de\/de\/wp-content\/uploads\/sites\/3\/2024\/11\/In-Kanada-brennen-Autos-bei-Protesten-gegen-die-NATO.jpg","width":460,"height":259,"caption":"In Kanada brennen Autos bei Protesten gegen die NATO"},{"@type":"BreadcrumbList","@id":"https:\/\/now-news.de\/de\/deutschland\/in-kanada-brennen-autos-bei-protesten-gegen-die-nato\/#breadcrumb","itemListElement":[{"@type":"ListItem","position":1,"name":"Home","item":"https:\/\/now-news.de\/de\/"},{"@type":"ListItem","position":2,"name":"In Kanada brennen Autos bei Protesten gegen die NATO"}]},{"@type":"WebSite","@id":"https:\/\/now-news.de\/de\/#website","url":"https:\/\/now-news.de\/de\/","name":"just-now.NEWS Deutschland","description":"Das Portal f\u00fcr unzensierte Nachrichten aus der Welt","publisher":{"@id":"https:\/\/now-news.de\/de\/#organization"},"potentialAction":[{"@type":"SearchAction","target":{"@type":"EntryPoint","urlTemplate":"https:\/\/now-news.de\/de\/?s={search_term_string}"},"query-input":"required name=search_term_string"}],"inLanguage":"de"},{"@type":"Organization","@id":"https:\/\/now-news.de\/de\/#organization","name":"Just Now News","url":"https:\/\/now-news.de\/de\/","logo":{"@type":"ImageObject","inLanguage":"de","@id":"https:\/\/now-news.de\/de\/#\/schema\/logo\/image\/","url":"http:\/\/just-now.news\/de\/wp-content\/uploads\/sites\/3\/2022\/04\/logo500x500.jpg","contentUrl":"http:\/\/just-now.news\/de\/wp-content\/uploads\/sites\/3\/2022\/04\/logo500x500.jpg","width":500,"height":500,"caption":"Just Now News"},"image":{"@id":"https:\/\/now-news.de\/de\/#\/schema\/logo\/image\/"},"sameAs":["https:\/\/www.facebook.com\/wirmachenauf","https:\/\/x.com\/WirMachenAuf_de"]},{"@type":"Person","@id":"https:\/\/now-news.de\/de\/#\/schema\/person\/fb534a4e865501d8b3285208df34a9b5","name":"rtnews","image":{"@type":"ImageObject","inLanguage":"de","@id":"https:\/\/now-news.de\/de\/#\/schema\/person\/image\/","url":"https:\/\/secure.gravatar.com\/avatar\/82aafea7d8127119dd649515f56e2117?s=96&d=mm&r=g","contentUrl":"https:\/\/secure.gravatar.com\/avatar\/82aafea7d8127119dd649515f56e2117?s=96&d=mm&r=g","caption":"rtnews"},"url":"https:\/\/now-news.de\/de\/author\/rnews\/"}]}},"_links":{"self":[{"href":"https:\/\/now-news.de\/de\/wp-json\/wp\/v2\/posts\/73136"}],"collection":[{"href":"https:\/\/now-news.de\/de\/wp-json\/wp\/v2\/posts"}],"about":[{"href":"https:\/\/now-news.de\/de\/wp-json\/wp\/v2\/types\/post"}],"author":[{"embeddable":true,"href":"https:\/\/now-news.de\/de\/wp-json\/wp\/v2\/users\/3"}],"replies":[{"embeddable":true,"href":"https:\/\/now-news.de\/de\/wp-json\/wp\/v2\/comments?post=73136"}],"version-history":[{"count":0,"href":"https:\/\/now-news.de\/de\/wp-json\/wp\/v2\/posts\/73136\/revisions"}],"wp:featuredmedia":[{"embeddable":true,"href":"https:\/\/now-news.de\/de\/wp-json\/wp\/v2\/media\/73137"}],"wp:attachment":[{"href":"https:\/\/now-news.de\/de\/wp-json\/wp\/v2\/media?parent=73136"}],"wp:term":[{"taxonomy":"category","embeddable":true,"href":"https:\/\/now-news.de\/de\/wp-json\/wp\/v2\/categories?post=73136"},{"taxonomy":"post_tag","embeddable":true,"href":"https:\/\/now-news.de\/de\/wp-json\/wp\/v2\/tags?post=73136"}],"curies":[{"name":"wp","href":"https:\/\/api.w.org\/{rel}","templated":true}]}}