{"id":7313,"date":"2022-05-10T20:04:00","date_gmt":"2022-05-10T18:04:00","guid":{"rendered":"http:\/\/just-now.news\/de\/deutschland\/bas-fordert-schnellen-eu-beitritt-der-ukraine\/"},"modified":"2022-05-10T20:14:56","modified_gmt":"2022-05-10T18:14:56","slug":"bas-fordert-schnellen-eu-beitritt-der-ukraine","status":"publish","type":"post","link":"https:\/\/now-news.de\/de\/deutschland\/bas-fordert-schnellen-eu-beitritt-der-ukraine\/","title":{"rendered":"Bas fordert schnellen EU-Beitritt der Ukraine"},"content":{"rendered":"<div class=\"Text-root Text-type_5 ArticleView-text ViewText-root \">\n<p>Bundestagspr\u00e4sidentin B\u00e4rbel Bas hat sich nach ihrer R\u00fcckkehr aus der Ukraine f\u00fcr einen baldigen EU-Beitritt des osteurop\u00e4ischen Landes ausgesprochen. Im <em>ZDF<\/em> sagte die SPD-Politikerin am Montagabend, sie hoffe anders als Frankreichs Pr\u00e4sident Emmanuel Macron, &#8220;dass es nicht Jahrzehnte braucht&#8221;. Nat\u00fcrlich warteten auch andere L\u00e4nder auf eine Mitgliedschaft in der Europ\u00e4ischen Union. Verfahren und Zeitpl\u00e4ne m\u00fcssten aber so beschleunigt werden, dass eine &#8220;echte Perspektive&#8221; f\u00fcr die Ukraine daraus werde.<\/p>\n<p>Bas hatte am Wochenende Kiew besucht. Dem Sender <em>RTL<\/em> sagte sie, Pr\u00e4sident Wladimir Selenskij w\u00fcnsche sich einen beschleunigten EU-Beitritt seines Landes. Die EU-Kommission will im Juni beurteilen, ob die Ukraine offizieller EU-Beitrittskandidat werden kann. Bei einer positiven Entscheidung br\u00e4uchte es noch die Zustimmung aller EU-Staaten. Erst dann k\u00f6nnten Beitrittsverhandlungen beginnen.<\/p>\n<p>Selenskij erkl\u00e4rte am Montagabend, er hoffe, dass der Ukraine schon im Juni der Status eines Beitrittskandidaten zuerkannt werde.<\/p>\n<div class=\"ReadMore-root Section-root Section-is1to3-xs_is1to1\" data-widgets=\"ReadMore\" data-has-alias=\"\">\n<div class=\"Section-container Section-isRow-isTop-isWrap\">\n<article class=\"Card-root Card-is1to1 \">\n<div class=\"Card-imageWrap\">\n<div class=\"Card-picture\">\n<picture class=\"Picture-root Picture-default\"><!-- [if IE 9]><video style=\"display: none;\"><![endif]--><source media=\"(-webkit-min-device-pixel-ratio: 2) and (min-resolution: 120dpi)\" data-srcset=\" http:\/\/just-now.news\/de\/wp-content\/uploads\/sites\/3\/2022\/05\/622b1e9ab480cc1c5d08a508.jpg 850w, http:\/\/just-now.news\/de\/wp-content\/uploads\/sites\/3\/2022\/05\/1652206207_746_622b1e9ab480cc1c5d08a508.jpg 1960w, \" \/><source data-srcset=\" http:\/\/just-now.news\/de\/wp-content\/uploads\/sites\/3\/2022\/05\/622b1e9ab480cc1c5d08a508.jpg 460w, http:\/\/just-now.news\/de\/wp-content\/uploads\/sites\/3\/2022\/05\/1652206207_746_622b1e9ab480cc1c5d08a508.jpg 980w, \" \/><!-- [if IE 9]><\/video><![endif]--><\/picture><!-- noscript pattern --><noscript><img decoding=\"async\" src=\"http:\/\/just-now.news\/de\/wp-content\/uploads\/sites\/3\/2022\/05\/1652206207_746_622b1e9ab480cc1c5d08a508.jpg\" alt=\"EU-Gipfel in Versailles erteilt baldigem EU-Beitritt der Ukraine eine Absage\"><\/noscript><\/p>\n<\/div>\n<\/div>\n<div class=\"Card-contentWrap\">\n<div class=\"Card-content\">\n<div class=\"Card-title\">\n<div class=\"HeaderNews-root HeaderNews-type_6 \">\n<p><a class=\"Link-root Link-isFullCard \" href=\"https:\/\/de.rt.com\/europa\/133612-ukraine-eu-beitritt-gipfel-versailles\/\" target=\"_blank\" rel=\"nofollow noopener\"><br \/>\nEU-Gipfel in Versailles erteilt baldigem EU-Beitritt der Ukraine eine Absage<br \/>\n<\/a><\/p>\n<\/div>\n<\/div>\n<\/div>\n<\/div>\n<\/article>\n<\/div>\n<\/div>\n<p>Dagegen hat Macron am selben Tag Hoffnungen auf einen schnellen EU-Beitritt der Ukraine ged\u00e4mpft. Das Verfahren k\u00f6nne &#8220;Jahrzehnte&#8221; dauern, sagte\u00a0der franz\u00f6sische Pr\u00e4sident in einer Rede im Europaparlament in Stra\u00dfburg. Stattdessen pl\u00e4dierte er f\u00fcr eine verst\u00e4rkte Zusammenarbeit mit Kiew.<\/p>\n<p>Auch andere Politiker und Experten \u00e4u\u00dferten wiederholt Zweifel, dass die von Korruption gezeichnete, hoch verschuldete Ukraine, deren Wirtschaft derzeit ein Zusammenbruch prognostiziert wird, in absehbarer Zeit f\u00fcr eine EU-Mitgliedschaft ohne j\u00e4hrlichen Zuschussbedarf von mehreren Dutzend Milliarden Euro, f\u00fcr den andere Mitgliedsl\u00e4nder dauerhaft aufkommen m\u00fcssten, bereit sein wird.<\/p>\n<p>Macron weilte am Montag zum Antrittsbesuch seiner zweiten Amtszeit in Berlin. In diesem Zusammenhang stimmte Bundeskanzler Scholz dessen Vorschlag zu, der Ukraine statt einer baldigen EU-Mitgliedschaft eine &#8220;vertiefte Zusammenarbeit&#8221; unter der Bezeichnung &#8220;erweiterte Gemeinschaft&#8221; anzubieten.\u00a0Die vorgeschlagene neue Gemeinschaft k\u00f6nne &#8220;einen neuen Raum f\u00fcr politische Zusammenarbeit, Sicherheit und Kooperation erm\u00f6glichen&#8221;, sagte Macron. Frankreich z\u00e4hlt zu den L\u00e4ndern, die einer Erweiterung der EU zuletzt skeptisch gegen\u00fcberstanden.<\/p>\n<p>Die Ukraine hat am 28. Februar des laufenden Jahres ihre Aufnahme in die Europ\u00e4ische Union beantragt.<\/p>\n<p><strong>Mehr zum Thema<\/strong> &#8211; <a href=\"https:\/\/de.rt.com\/international\/137897-russland-greift-zu-gegenmassnahmen\/\" target=\"_blank\" rel=\"nofollow noopener\">&#8220;\u00c0 la guerre comme \u00e0 la guerre&#8221;: Russland greift zu Gegenma\u00dfnahmen<\/a><\/p>\n<\/div>\n\n<p><a href=\"https:\/\/de.rt.com\/europa\/138125-bas-fordert-schnellen-eu-beitritt-der-ukraine\/\">Source link <\/a><\/p>\n","protected":false},"excerpt":{"rendered":"<p>Bundestagspr\u00e4sidentin B\u00e4rbel Bas hat sich nach ihrer R\u00fcckkehr aus der Ukraine f\u00fcr einen baldigen EU-Beitritt des osteurop\u00e4ischen Landes ausgesprochen. Im ZDF sagte die SPD-Politikerin am Montagabend, sie hoffe anders als Frankreichs Pr\u00e4sident Emmanuel Macron, &#8220;dass es nicht Jahrzehnte braucht&#8221;. Nat\u00fcrlich warteten auch andere L\u00e4nder auf eine Mitgliedschaft in der Europ\u00e4ischen Union. Verfahren und Zeitpl\u00e4ne m\u00fcssten [&hellip;]<\/p>\n","protected":false},"author":3,"featured_media":7314,"comment_status":"open","ping_status":"open","sticky":false,"template":"","format":"standard","meta":{"wp_automatic_camp":["217"],"faa50ea2e527ccb70c704a80fac8a8bd":["Bas fordert schnellen EU-Beitritt der Ukraine"],"original_link":["https:\/\/de.rt.com\/europa\/138125-bas-fordert-schnellen-eu-beitritt-der-ukraine\/"],"_thumbnail_id":["7314"],"wp_automatic_remove_first_image":["yes"],"_wptg_p2tg_sent2tg":["2022-05-10 20:11:14"],"jnews_social_counter_last_update":["1777296527"],"_edit_lock":["1652208767:1"],"_format_video_embed":[""],"_edit_last":["1"],"post_subtitle":[""],"post_subtitle_flag":[""],"onesignal_meta_box_present":["1"],"onesignal_send_notification":[""],"onesignal_modify_title_and_content":[""],"onesignal_notification_custom_heading":[null],"onesignal_notification_custom_content":[null],"_mi_skip_tracking":["0"],"_wpb_vc_js_status":["false"],"_format_gallery_images":["a:0:{}"],"jnews_override_bookmark_settings":["a:2:{s:24:\"override_bookmark_button\";s:1:\"0\";s:29:\"override_show_bookmark_button\";s:1:\"0\";}"],"jnews_override_counter":["a:8:{s:21:\"override_view_counter\";s:1:\"0\";s:19:\"view_counter_number\";s:1:\"0\";s:22:\"override_share_counter\";s:1:\"0\";s:20:\"share_counter_number\";s:1:\"0\";s:21:\"override_like_counter\";s:1:\"0\";s:19:\"like_counter_number\";s:1:\"0\";s:24:\"override_dislike_counter\";s:1:\"0\";s:22:\"dislike_counter_number\";s:1:\"0\";}"],"jnews_single_post":["a:19:{s:11:\"source_name\";s:0:\"\";s:10:\"source_url\";s:0:\"\";s:8:\"via_name\";s:0:\"\";s:7:\"via_url\";s:0:\"\";s:17:\"override_template\";s:1:\"0\";s:8:\"override\";a:1:{i:0;a:32:{s:8:\"template\";s:1:\"6\";s:18:\"single_blog_custom\";s:0:\"\";s:8:\"parallax\";s:1:\"1\";s:10:\"fullscreen\";s:1:\"1\";s:6:\"layout\";s:13:\"right-sidebar\";s:7:\"sidebar\";s:15:\"default-sidebar\";s:14:\"second_sidebar\";s:15:\"default-sidebar\";s:14:\"sticky_sidebar\";s:1:\"1\";s:14:\"share_position\";s:3:\"top\";s:17:\"share_float_style\";s:16:\"share-monocrhome\";s:18:\"show_share_counter\";s:1:\"1\";s:17:\"show_view_counter\";s:1:\"1\";s:13:\"show_featured\";s:1:\"1\";s:14:\"show_post_meta\";s:1:\"1\";s:16:\"show_post_author\";s:1:\"1\";s:22:\"show_post_author_image\";s:1:\"1\";s:14:\"show_post_date\";s:1:\"1\";s:16:\"post_date_format\";s:7:\"default\";s:23:\"post_date_format_custom\";s:5:\"Y\/m\/d\";s:18:\"show_post_category\";s:1:\"0\";s:22:\"show_post_reading_time\";s:1:\"1\";s:21:\"post_reading_time_wpm\";s:3:\"300\";s:16:\"show_zoom_button\";s:1:\"0\";s:20:\"zoom_button_out_step\";s:1:\"2\";s:19:\"zoom_button_in_step\";s:1:\"3\";s:13:\"show_post_tag\";s:1:\"1\";s:19:\"show_prev_next_post\";s:1:\"0\";s:15:\"show_popup_post\";s:1:\"1\";s:17:\"number_popup_post\";s:1:\"2\";s:15:\"show_author_box\";s:1:\"1\";s:17:\"show_post_related\";s:1:\"1\";s:24:\"show_inline_post_related\";s:1:\"0\";}}s:19:\"override_image_size\";s:1:\"0\";s:14:\"image_override\";a:1:{i:0;a:2:{s:26:\"single_post_thumbnail_size\";s:8:\"crop-715\";s:24:\"single_post_gallery_size\";s:8:\"crop-500\";}}s:13:\"trending_post\";s:1:\"0\";s:22:\"trending_post_position\";s:4:\"meta\";s:19:\"trending_post_label\";s:8:\"Trending\";s:14:\"sponsored_post\";s:1:\"0\";s:20:\"sponsored_post_label\";s:12:\"Sponsored by\";s:19:\"sponsored_post_name\";s:0:\"\";s:18:\"sponsored_post_url\";s:0:\"\";s:26:\"sponsored_post_logo_enable\";s:1:\"0\";s:19:\"sponsored_post_logo\";s:0:\"\";s:19:\"sponsored_post_desc\";s:0:\"\";s:10:\"disable_ad\";s:1:\"0\";}"],"jnews_primary_category":["a:1:{s:2:\"id\";s:0:\"\";}"],"_yoast_wpseo_content_score":["60"],"_yoast_wpseo_focuskeywords":["[]"],"_yoast_wpseo_keywordsynonyms":["[\"\"]"],"_yoast_wpseo_estimated-reading-time-minutes":[""],"_yoast_wpseo_opengraph-image":["http:\/\/just-now.news\/de\/wp-content\/uploads\/sites\/3\/2022\/05\/Bas-fordert-schnellen-EU-Beitritt-der-Ukraine-1024x577.jpg"],"_yoast_wpseo_opengraph-image-id":["7314"],"cmplz_hide_cookiebanner":[""]},"categories":[19,23],"tags":[18871,82,19540,355,12969,127],"yoast_head":"<!-- This site is optimized with the Yoast SEO Premium plugin v22.7 (Yoast SEO v22.7) - https:\/\/yoast.com\/wordpress\/plugins\/seo\/ -->\n<title>Bas fordert schnellen EU-Beitritt der Ukraine - just-now.NEWS Deutschland<\/title>\n<meta name=\"robots\" content=\"index, follow, max-snippet:-1, max-image-preview:large, max-video-preview:-1\" \/>\n<link rel=\"canonical\" href=\"https:\/\/now-news.de\/de\/deutschland\/bas-fordert-schnellen-eu-beitritt-der-ukraine\/\" \/>\n<meta property=\"og:locale\" content=\"de_DE\" \/>\n<meta property=\"og:type\" content=\"article\" \/>\n<meta property=\"og:title\" content=\"Bas fordert schnellen EU-Beitritt der Ukraine\" \/>\n<meta property=\"og:description\" content=\"Bundestagspr\u00e4sidentin B\u00e4rbel Bas hat sich nach ihrer R\u00fcckkehr aus der Ukraine f\u00fcr einen baldigen EU-Beitritt des osteurop\u00e4ischen Landes ausgesprochen. Im ZDF sagte die SPD-Politikerin am Montagabend, sie hoffe anders als Frankreichs Pr\u00e4sident Emmanuel Macron, &#8220;dass es nicht Jahrzehnte braucht&#8221;. Nat\u00fcrlich warteten auch andere L\u00e4nder auf eine Mitgliedschaft in der Europ\u00e4ischen Union. Verfahren und Zeitpl\u00e4ne m\u00fcssten [&hellip;]\" \/>\n<meta property=\"og:url\" content=\"https:\/\/now-news.de\/de\/deutschland\/bas-fordert-schnellen-eu-beitritt-der-ukraine\/\" \/>\n<meta property=\"og:site_name\" content=\"just-now.NEWS Deutschland\" \/>\n<meta property=\"article:publisher\" content=\"https:\/\/www.facebook.com\/wirmachenauf\" \/>\n<meta property=\"article:published_time\" content=\"2022-05-10T18:04:00+00:00\" \/>\n<meta property=\"article:modified_time\" content=\"2022-05-10T18:14:56+00:00\" \/>\n<meta property=\"og:image\" content=\"https:\/\/now-news.de\/de\/wp-content\/uploads\/sites\/3\/2022\/05\/Bas-fordert-schnellen-EU-Beitritt-der-Ukraine.jpg\" \/>\n\t<meta property=\"og:image:width\" content=\"1104\" \/>\n\t<meta property=\"og:image:height\" content=\"622\" \/>\n\t<meta property=\"og:image:type\" content=\"image\/jpeg\" \/>\n<meta name=\"author\" content=\"rtnews\" \/>\n<meta name=\"twitter:card\" content=\"summary_large_image\" \/>\n<meta name=\"twitter:creator\" content=\"@WirMachenAuf_de\" \/>\n<meta name=\"twitter:site\" content=\"@WirMachenAuf_de\" \/>\n<meta name=\"twitter:label1\" content=\"Verfasst von\" \/>\n\t<meta name=\"twitter:data1\" content=\"rtnews\" \/>\n\t<meta name=\"twitter:label2\" content=\"Gesch\u00e4tzte Lesezeit\" \/>\n\t<meta name=\"twitter:data2\" content=\"2\u00a0Minuten\" \/>\n<script type=\"application\/ld+json\" class=\"yoast-schema-graph\">{\"@context\":\"https:\/\/schema.org\",\"@graph\":[{\"@type\":\"Article\",\"@id\":\"https:\/\/now-news.de\/de\/deutschland\/bas-fordert-schnellen-eu-beitritt-der-ukraine\/#article\",\"isPartOf\":{\"@id\":\"https:\/\/now-news.de\/de\/deutschland\/bas-fordert-schnellen-eu-beitritt-der-ukraine\/\"},\"author\":{\"name\":\"rtnews\",\"@id\":\"https:\/\/now-news.de\/de\/#\/schema\/person\/fb534a4e865501d8b3285208df34a9b5\"},\"headline\":\"Bas fordert schnellen EU-Beitritt der Ukraine\",\"datePublished\":\"2022-05-10T18:04:00+00:00\",\"dateModified\":\"2022-05-10T18:14:56+00:00\",\"mainEntityOfPage\":{\"@id\":\"https:\/\/now-news.de\/de\/deutschland\/bas-fordert-schnellen-eu-beitritt-der-ukraine\/\"},\"wordCount\":373,\"commentCount\":0,\"publisher\":{\"@id\":\"https:\/\/now-news.de\/de\/#organization\"},\"image\":{\"@id\":\"https:\/\/now-news.de\/de\/deutschland\/bas-fordert-schnellen-eu-beitritt-der-ukraine\/#primaryimage\"},\"thumbnailUrl\":\"https:\/\/now-news.de\/de\/wp-content\/uploads\/sites\/3\/2022\/05\/Bas-fordert-schnellen-EU-Beitritt-der-Ukraine.jpg\",\"keywords\":[\"Bas\",\"der\",\"EUBeitritt\",\"fordert\",\"schnellen\",\"ukraine\"],\"articleSection\":[\"Deutschland\",\"Russland\"],\"inLanguage\":\"de\",\"potentialAction\":[{\"@type\":\"CommentAction\",\"name\":\"Comment\",\"target\":[\"https:\/\/now-news.de\/de\/deutschland\/bas-fordert-schnellen-eu-beitritt-der-ukraine\/#respond\"]}]},{\"@type\":\"WebPage\",\"@id\":\"https:\/\/now-news.de\/de\/deutschland\/bas-fordert-schnellen-eu-beitritt-der-ukraine\/\",\"url\":\"https:\/\/now-news.de\/de\/deutschland\/bas-fordert-schnellen-eu-beitritt-der-ukraine\/\",\"name\":\"Bas fordert schnellen EU-Beitritt der Ukraine - just-now.NEWS Deutschland\",\"isPartOf\":{\"@id\":\"https:\/\/now-news.de\/de\/#website\"},\"primaryImageOfPage\":{\"@id\":\"https:\/\/now-news.de\/de\/deutschland\/bas-fordert-schnellen-eu-beitritt-der-ukraine\/#primaryimage\"},\"image\":{\"@id\":\"https:\/\/now-news.de\/de\/deutschland\/bas-fordert-schnellen-eu-beitritt-der-ukraine\/#primaryimage\"},\"thumbnailUrl\":\"https:\/\/now-news.de\/de\/wp-content\/uploads\/sites\/3\/2022\/05\/Bas-fordert-schnellen-EU-Beitritt-der-Ukraine.jpg\",\"datePublished\":\"2022-05-10T18:04:00+00:00\",\"dateModified\":\"2022-05-10T18:14:56+00:00\",\"breadcrumb\":{\"@id\":\"https:\/\/now-news.de\/de\/deutschland\/bas-fordert-schnellen-eu-beitritt-der-ukraine\/#breadcrumb\"},\"inLanguage\":\"de\",\"potentialAction\":[{\"@type\":\"ReadAction\",\"target\":[\"https:\/\/now-news.de\/de\/deutschland\/bas-fordert-schnellen-eu-beitritt-der-ukraine\/\"]}]},{\"@type\":\"ImageObject\",\"inLanguage\":\"de\",\"@id\":\"https:\/\/now-news.de\/de\/deutschland\/bas-fordert-schnellen-eu-beitritt-der-ukraine\/#primaryimage\",\"url\":\"https:\/\/now-news.de\/de\/wp-content\/uploads\/sites\/3\/2022\/05\/Bas-fordert-schnellen-EU-Beitritt-der-Ukraine.jpg\",\"contentUrl\":\"https:\/\/now-news.de\/de\/wp-content\/uploads\/sites\/3\/2022\/05\/Bas-fordert-schnellen-EU-Beitritt-der-Ukraine.jpg\",\"width\":1104,\"height\":622},{\"@type\":\"BreadcrumbList\",\"@id\":\"https:\/\/now-news.de\/de\/deutschland\/bas-fordert-schnellen-eu-beitritt-der-ukraine\/#breadcrumb\",\"itemListElement\":[{\"@type\":\"ListItem\",\"position\":1,\"name\":\"Home\",\"item\":\"https:\/\/now-news.de\/de\/\"},{\"@type\":\"ListItem\",\"position\":2,\"name\":\"Bas fordert schnellen EU-Beitritt der Ukraine\"}]},{\"@type\":\"WebSite\",\"@id\":\"https:\/\/now-news.de\/de\/#website\",\"url\":\"https:\/\/now-news.de\/de\/\",\"name\":\"just-now.NEWS Deutschland\",\"description\":\"Das Portal f\u00fcr unzensierte Nachrichten aus der Welt\",\"publisher\":{\"@id\":\"https:\/\/now-news.de\/de\/#organization\"},\"potentialAction\":[{\"@type\":\"SearchAction\",\"target\":{\"@type\":\"EntryPoint\",\"urlTemplate\":\"https:\/\/now-news.de\/de\/?s={search_term_string}\"},\"query-input\":\"required name=search_term_string\"}],\"inLanguage\":\"de\"},{\"@type\":\"Organization\",\"@id\":\"https:\/\/now-news.de\/de\/#organization\",\"name\":\"Just Now News\",\"url\":\"https:\/\/now-news.de\/de\/\",\"logo\":{\"@type\":\"ImageObject\",\"inLanguage\":\"de\",\"@id\":\"https:\/\/now-news.de\/de\/#\/schema\/logo\/image\/\",\"url\":\"http:\/\/just-now.news\/de\/wp-content\/uploads\/sites\/3\/2022\/04\/logo500x500.jpg\",\"contentUrl\":\"http:\/\/just-now.news\/de\/wp-content\/uploads\/sites\/3\/2022\/04\/logo500x500.jpg\",\"width\":500,\"height\":500,\"caption\":\"Just Now News\"},\"image\":{\"@id\":\"https:\/\/now-news.de\/de\/#\/schema\/logo\/image\/\"},\"sameAs\":[\"https:\/\/www.facebook.com\/wirmachenauf\",\"https:\/\/x.com\/WirMachenAuf_de\"]},{\"@type\":\"Person\",\"@id\":\"https:\/\/now-news.de\/de\/#\/schema\/person\/fb534a4e865501d8b3285208df34a9b5\",\"name\":\"rtnews\",\"image\":{\"@type\":\"ImageObject\",\"inLanguage\":\"de\",\"@id\":\"https:\/\/now-news.de\/de\/#\/schema\/person\/image\/\",\"url\":\"https:\/\/secure.gravatar.com\/avatar\/82aafea7d8127119dd649515f56e2117?s=96&d=mm&r=g\",\"contentUrl\":\"https:\/\/secure.gravatar.com\/avatar\/82aafea7d8127119dd649515f56e2117?s=96&d=mm&r=g\",\"caption\":\"rtnews\"},\"url\":\"https:\/\/now-news.de\/de\/author\/rnews\/\"}]}<\/script>\n<!-- \/ Yoast SEO Premium plugin. -->","yoast_head_json":{"title":"Bas fordert schnellen EU-Beitritt der Ukraine - just-now.NEWS Deutschland","robots":{"index":"index","follow":"follow","max-snippet":"max-snippet:-1","max-image-preview":"max-image-preview:large","max-video-preview":"max-video-preview:-1"},"canonical":"https:\/\/now-news.de\/de\/deutschland\/bas-fordert-schnellen-eu-beitritt-der-ukraine\/","og_locale":"de_DE","og_type":"article","og_title":"Bas fordert schnellen EU-Beitritt der Ukraine","og_description":"Bundestagspr\u00e4sidentin B\u00e4rbel Bas hat sich nach ihrer R\u00fcckkehr aus der Ukraine f\u00fcr einen baldigen EU-Beitritt des osteurop\u00e4ischen Landes ausgesprochen. Im ZDF sagte die SPD-Politikerin am Montagabend, sie hoffe anders als Frankreichs Pr\u00e4sident Emmanuel Macron, &#8220;dass es nicht Jahrzehnte braucht&#8221;. Nat\u00fcrlich warteten auch andere L\u00e4nder auf eine Mitgliedschaft in der Europ\u00e4ischen Union. Verfahren und Zeitpl\u00e4ne m\u00fcssten [&hellip;]","og_url":"https:\/\/now-news.de\/de\/deutschland\/bas-fordert-schnellen-eu-beitritt-der-ukraine\/","og_site_name":"just-now.NEWS Deutschland","article_publisher":"https:\/\/www.facebook.com\/wirmachenauf","article_published_time":"2022-05-10T18:04:00+00:00","article_modified_time":"2022-05-10T18:14:56+00:00","og_image":[{"width":1104,"height":622,"url":"https:\/\/now-news.de\/de\/wp-content\/uploads\/sites\/3\/2022\/05\/Bas-fordert-schnellen-EU-Beitritt-der-Ukraine.jpg","type":"image\/jpeg"}],"author":"rtnews","twitter_card":"summary_large_image","twitter_creator":"@WirMachenAuf_de","twitter_site":"@WirMachenAuf_de","twitter_misc":{"Verfasst von":"rtnews","Gesch\u00e4tzte Lesezeit":"2\u00a0Minuten"},"schema":{"@context":"https:\/\/schema.org","@graph":[{"@type":"Article","@id":"https:\/\/now-news.de\/de\/deutschland\/bas-fordert-schnellen-eu-beitritt-der-ukraine\/#article","isPartOf":{"@id":"https:\/\/now-news.de\/de\/deutschland\/bas-fordert-schnellen-eu-beitritt-der-ukraine\/"},"author":{"name":"rtnews","@id":"https:\/\/now-news.de\/de\/#\/schema\/person\/fb534a4e865501d8b3285208df34a9b5"},"headline":"Bas fordert schnellen EU-Beitritt der Ukraine","datePublished":"2022-05-10T18:04:00+00:00","dateModified":"2022-05-10T18:14:56+00:00","mainEntityOfPage":{"@id":"https:\/\/now-news.de\/de\/deutschland\/bas-fordert-schnellen-eu-beitritt-der-ukraine\/"},"wordCount":373,"commentCount":0,"publisher":{"@id":"https:\/\/now-news.de\/de\/#organization"},"image":{"@id":"https:\/\/now-news.de\/de\/deutschland\/bas-fordert-schnellen-eu-beitritt-der-ukraine\/#primaryimage"},"thumbnailUrl":"https:\/\/now-news.de\/de\/wp-content\/uploads\/sites\/3\/2022\/05\/Bas-fordert-schnellen-EU-Beitritt-der-Ukraine.jpg","keywords":["Bas","der","EUBeitritt","fordert","schnellen","ukraine"],"articleSection":["Deutschland","Russland"],"inLanguage":"de","potentialAction":[{"@type":"CommentAction","name":"Comment","target":["https:\/\/now-news.de\/de\/deutschland\/bas-fordert-schnellen-eu-beitritt-der-ukraine\/#respond"]}]},{"@type":"WebPage","@id":"https:\/\/now-news.de\/de\/deutschland\/bas-fordert-schnellen-eu-beitritt-der-ukraine\/","url":"https:\/\/now-news.de\/de\/deutschland\/bas-fordert-schnellen-eu-beitritt-der-ukraine\/","name":"Bas fordert schnellen EU-Beitritt der Ukraine - just-now.NEWS Deutschland","isPartOf":{"@id":"https:\/\/now-news.de\/de\/#website"},"primaryImageOfPage":{"@id":"https:\/\/now-news.de\/de\/deutschland\/bas-fordert-schnellen-eu-beitritt-der-ukraine\/#primaryimage"},"image":{"@id":"https:\/\/now-news.de\/de\/deutschland\/bas-fordert-schnellen-eu-beitritt-der-ukraine\/#primaryimage"},"thumbnailUrl":"https:\/\/now-news.de\/de\/wp-content\/uploads\/sites\/3\/2022\/05\/Bas-fordert-schnellen-EU-Beitritt-der-Ukraine.jpg","datePublished":"2022-05-10T18:04:00+00:00","dateModified":"2022-05-10T18:14:56+00:00","breadcrumb":{"@id":"https:\/\/now-news.de\/de\/deutschland\/bas-fordert-schnellen-eu-beitritt-der-ukraine\/#breadcrumb"},"inLanguage":"de","potentialAction":[{"@type":"ReadAction","target":["https:\/\/now-news.de\/de\/deutschland\/bas-fordert-schnellen-eu-beitritt-der-ukraine\/"]}]},{"@type":"ImageObject","inLanguage":"de","@id":"https:\/\/now-news.de\/de\/deutschland\/bas-fordert-schnellen-eu-beitritt-der-ukraine\/#primaryimage","url":"https:\/\/now-news.de\/de\/wp-content\/uploads\/sites\/3\/2022\/05\/Bas-fordert-schnellen-EU-Beitritt-der-Ukraine.jpg","contentUrl":"https:\/\/now-news.de\/de\/wp-content\/uploads\/sites\/3\/2022\/05\/Bas-fordert-schnellen-EU-Beitritt-der-Ukraine.jpg","width":1104,"height":622},{"@type":"BreadcrumbList","@id":"https:\/\/now-news.de\/de\/deutschland\/bas-fordert-schnellen-eu-beitritt-der-ukraine\/#breadcrumb","itemListElement":[{"@type":"ListItem","position":1,"name":"Home","item":"https:\/\/now-news.de\/de\/"},{"@type":"ListItem","position":2,"name":"Bas fordert schnellen EU-Beitritt der Ukraine"}]},{"@type":"WebSite","@id":"https:\/\/now-news.de\/de\/#website","url":"https:\/\/now-news.de\/de\/","name":"just-now.NEWS Deutschland","description":"Das Portal f\u00fcr unzensierte Nachrichten aus der Welt","publisher":{"@id":"https:\/\/now-news.de\/de\/#organization"},"potentialAction":[{"@type":"SearchAction","target":{"@type":"EntryPoint","urlTemplate":"https:\/\/now-news.de\/de\/?s={search_term_string}"},"query-input":"required name=search_term_string"}],"inLanguage":"de"},{"@type":"Organization","@id":"https:\/\/now-news.de\/de\/#organization","name":"Just Now News","url":"https:\/\/now-news.de\/de\/","logo":{"@type":"ImageObject","inLanguage":"de","@id":"https:\/\/now-news.de\/de\/#\/schema\/logo\/image\/","url":"http:\/\/just-now.news\/de\/wp-content\/uploads\/sites\/3\/2022\/04\/logo500x500.jpg","contentUrl":"http:\/\/just-now.news\/de\/wp-content\/uploads\/sites\/3\/2022\/04\/logo500x500.jpg","width":500,"height":500,"caption":"Just Now News"},"image":{"@id":"https:\/\/now-news.de\/de\/#\/schema\/logo\/image\/"},"sameAs":["https:\/\/www.facebook.com\/wirmachenauf","https:\/\/x.com\/WirMachenAuf_de"]},{"@type":"Person","@id":"https:\/\/now-news.de\/de\/#\/schema\/person\/fb534a4e865501d8b3285208df34a9b5","name":"rtnews","image":{"@type":"ImageObject","inLanguage":"de","@id":"https:\/\/now-news.de\/de\/#\/schema\/person\/image\/","url":"https:\/\/secure.gravatar.com\/avatar\/82aafea7d8127119dd649515f56e2117?s=96&d=mm&r=g","contentUrl":"https:\/\/secure.gravatar.com\/avatar\/82aafea7d8127119dd649515f56e2117?s=96&d=mm&r=g","caption":"rtnews"},"url":"https:\/\/now-news.de\/de\/author\/rnews\/"}]}},"_links":{"self":[{"href":"https:\/\/now-news.de\/de\/wp-json\/wp\/v2\/posts\/7313"}],"collection":[{"href":"https:\/\/now-news.de\/de\/wp-json\/wp\/v2\/posts"}],"about":[{"href":"https:\/\/now-news.de\/de\/wp-json\/wp\/v2\/types\/post"}],"author":[{"embeddable":true,"href":"https:\/\/now-news.de\/de\/wp-json\/wp\/v2\/users\/3"}],"replies":[{"embeddable":true,"href":"https:\/\/now-news.de\/de\/wp-json\/wp\/v2\/comments?post=7313"}],"version-history":[{"count":1,"href":"https:\/\/now-news.de\/de\/wp-json\/wp\/v2\/posts\/7313\/revisions"}],"predecessor-version":[{"id":7315,"href":"https:\/\/now-news.de\/de\/wp-json\/wp\/v2\/posts\/7313\/revisions\/7315"}],"wp:featuredmedia":[{"embeddable":true,"href":"https:\/\/now-news.de\/de\/wp-json\/wp\/v2\/media\/7314"}],"wp:attachment":[{"href":"https:\/\/now-news.de\/de\/wp-json\/wp\/v2\/media?parent=7313"}],"wp:term":[{"taxonomy":"category","embeddable":true,"href":"https:\/\/now-news.de\/de\/wp-json\/wp\/v2\/categories?post=7313"},{"taxonomy":"post_tag","embeddable":true,"href":"https:\/\/now-news.de\/de\/wp-json\/wp\/v2\/tags?post=7313"}],"curies":[{"name":"wp","href":"https:\/\/api.w.org\/{rel}","templated":true}]}}