{"id":73126,"date":"2024-11-23T16:57:43","date_gmt":"2024-11-23T14:57:43","guid":{"rendered":"https:\/\/now-news.de\/de\/deutschland\/simonjan-rt-gastautor-scott-bennett-moeglicherweise-wegen-ukraine-berichterstattung-getoetet\/"},"modified":"2024-11-23T16:57:43","modified_gmt":"2024-11-23T14:57:43","slug":"simonjan-rt-gastautor-scott-bennett-moeglicherweise-wegen-ukraine-berichterstattung-getoetet","status":"publish","type":"post","link":"https:\/\/now-news.de\/de\/deutschland\/simonjan-rt-gastautor-scott-bennett-moeglicherweise-wegen-ukraine-berichterstattung-getoetet\/","title":{"rendered":"Simonjan: RT-Gastautor Scott Bennett m\u00f6glicherweise wegen Ukraine-Berichterstattung get\u00f6tet"},"content":{"rendered":"<p><img decoding=\"async\" src=\"https:\/\/now-news.de\/de\/wp-content\/uploads\/sites\/3\/2024\/11\/6741ed15b480cc64eb7b900e.jpg\" \/><\/p>\n<div class=\"Text-root Text-type_1 \">\n                Der unerwartete Tod des ehemaligen Offiziers der milit\u00e4rischen Aufkl\u00e4rung der USA Scott Bennett l\u00f6st Argwohn aus: Der 53-J\u00e4hrige, der sich auch als Journalist und Dokumentarfilmer engagierte, klagte nie \u00fcber gesundheitliche Leiden und zeigte keine Anzeichen einer Erkrankung. Vor einigen Tagen starb er \u2013 offiziell an Pankreaskrebs.\n            <\/div>\n<p><\/p>\n<div class=\"Text-root Text-type_5 ArticleView-text ViewText-root \">\n<p>Margarita Simonjan, die Chefredakteurin der Mediengruppen <em>Rossija Segodnja<\/em> und <em>RT<\/em>, vermutet, dass Scott Bennett, ein amerikanischer Experte, Autor von Dokumentarfilmen des Fernsehsenders und regelm\u00e4\u00dfiger Kommentator f\u00fcr <em>Sputnik<\/em>, get\u00f6tet worden sein k\u00f6nnte. Als Ursache vermutet sie, dass er \u00fcber die Wahrheit \u00fcber die Ereignisse in der Ukraine berichtet hat. Dar\u00fcber schrieb sie in ihrem Telegram-Account sowie im sozialen Netzwerk X.<\/p>\n<blockquote>\n<p><em>&#8220;Wahrscheinlich wurde Scott Bennett get\u00f6tet. M\u00f6glicherweise, weil er die Wahrheit \u00fcber den Konflikt in der Ukraine gesagt hat&#8221;, <\/em>hei\u00dft es in dem Beitrag.<\/p>\n<\/blockquote>\n<p>Weiter erinnert Simonjan daran, dass Scott Bennett Autor zahlreicher Dokumentarfilme war, die <em>RT<\/em> sendete, und &#8220;einer der besten Milit\u00e4rexperten&#8221;. Er war regelm\u00e4\u00dfig auf <em>RT<\/em> und <em>Sputnik<\/em> zu sehen. Als pensionierter Offizier der milit\u00e4rischen Aufkl\u00e4rung des Pentagon reiste er in den Donbass und zeigte, was dort wirklich geschah. Einer der bekannteren Dokumentarfilme von Bennett hei\u00dft &#8220;<a rel=\"nofollow noopener\" target=\"_blank\" href=\"https:\/\/www.rt.com\/shows\/documentary\/593144-us-officer-donbass-diary\/\">Frontline Diary of an American Officer<\/a>&#8221; (&#8220;Fronttagebuch eines amerikanischen Offiziers&#8221;).<\/p>\n<p>Nachdem Bennett seinen Bericht \u00fcber Kiews Verbrechen in der Region Belgorod an den US-amerikanischen Kongress geschickt hatte, schrieb er an seine Freunde, dass er nicht selbstmordgef\u00e4hrdet sei, erl\u00e4utert Simonjan. &#8220;Nur f\u00fcr den Fall, dass ihm etwas zusto\u00dfen sollte.&#8221;<\/p>\n<p>Er habe niemals erw\u00e4hnt, dass er an irgendetwas erkrankt war, f\u00fchrt die <em>RT<\/em>-Chefin weiter aus. Als sie ihn vor vierzehn Tagen zuletzt gesehen habe, war er noch in bester Verfassung. Sein Tod l\u00f6se daher Argwohn aus, sagte Simonjan:<\/p>\n<blockquote>\n<p><em>&#8220;Pl\u00f6tzlich, aus heiterem Himmel, stirbt er an Krebs, den er nach Aussage seiner vielen verschiedenen Freunde nie hatte.&#8221;<\/em><\/p>\n<\/blockquote>\n<p>Den pl\u00f6tzlichen Tod des Journalisten und US-B\u00fcrgers an seinem Wohnort in Kalifornien meldete <em>RT<\/em> unter Berufung auf Freunde und Familie am 22. November. Als Todesursache wird offiziell Pankreaskrebs angegeben. Bennett war 53 Jahre alt. <em>RT DE<\/em> hatte zuletzt am 18. Juni 2024 ein Interview mit ihm ver\u00f6ffentlicht.<\/p>\n<p><strong>Mehr zum Thema<\/strong> &#8211; <a rel=\"nofollow noopener\" target=\"_blank\" href=\"https:\/\/freedert.online\/kurzclips\/video\/209538-us-buerger-muessen-es-erfahren\/\">&#8220;US-B\u00fcrger m\u00fcssen es erfahren&#8221; \u2013 Scott Bennett dokumentiert Angriffe mit NATO-Waffen auf Russland<\/a><\/p>\n<\/div>\n<p><br \/>\n<br \/><a href=\"https:\/\/de.rt.com\/nordamerika\/227015-simonjan-rt-gastautor-scott-bennett\/\">Source link <\/a><\/p>\n","protected":false},"excerpt":{"rendered":"<p>Der unerwartete Tod des ehemaligen Offiziers der milit\u00e4rischen Aufkl\u00e4rung der USA Scott Bennett l\u00f6st Argwohn aus: Der 53-J\u00e4hrige, der sich auch als Journalist und Dokumentarfilmer engagierte, klagte nie \u00fcber gesundheitliche Leiden und zeigte keine Anzeichen einer Erkrankung. Vor einigen Tagen starb er \u2013 offiziell an Pankreaskrebs. Margarita Simonjan, die Chefredakteurin der Mediengruppen Rossija Segodnja und [&hellip;]<\/p>\n","protected":false},"author":3,"featured_media":73127,"comment_status":"open","ping_status":"open","sticky":false,"template":"","format":"standard","meta":{"_yoast_indexnow_last_ping":["1732374333"],"wp_automatic_camp":["217"],"d9b857305b651166525daf60476e606b":["Simonjan: RT-Gastautor Scott Bennett m\u00f6glicherweise wegen Ukraine-Berichterstattung get\u00f6tet"],"original_link":["https:\/\/de.rt.com\/nordamerika\/227015-simonjan-rt-gastautor-scott-bennett\/"],"_thumbnail_id":["73127"],"jnews_social_counter_last_update":["1777397376"],"_wptgpro_p2tg_sent2tg":["a:1:{i:23737;s:19:\"2024-11-23 17:06:37\";}"]},"categories":[19,23],"tags":[6084,367,19997,60477,3221,38162,49618,145],"yoast_head":"<!-- This site is optimized with the Yoast SEO Premium plugin v22.7 (Yoast SEO v22.7) - https:\/\/yoast.com\/wordpress\/plugins\/seo\/ -->\n<title>Simonjan: RT-Gastautor Scott Bennett m\u00f6glicherweise wegen Ukraine-Berichterstattung get\u00f6tet - just-now.NEWS Deutschland<\/title>\n<meta name=\"robots\" content=\"index, follow, max-snippet:-1, max-image-preview:large, max-video-preview:-1\" \/>\n<link rel=\"canonical\" href=\"https:\/\/now-news.de\/de\/deutschland\/simonjan-rt-gastautor-scott-bennett-moeglicherweise-wegen-ukraine-berichterstattung-getoetet\/\" \/>\n<meta property=\"og:locale\" content=\"de_DE\" \/>\n<meta property=\"og:type\" content=\"article\" \/>\n<meta property=\"og:title\" content=\"Simonjan: RT-Gastautor Scott Bennett m\u00f6glicherweise wegen Ukraine-Berichterstattung get\u00f6tet\" \/>\n<meta property=\"og:description\" content=\"Der unerwartete Tod des ehemaligen Offiziers der milit\u00e4rischen Aufkl\u00e4rung der USA Scott Bennett l\u00f6st Argwohn aus: Der 53-J\u00e4hrige, der sich auch als Journalist und Dokumentarfilmer engagierte, klagte nie \u00fcber gesundheitliche Leiden und zeigte keine Anzeichen einer Erkrankung. Vor einigen Tagen starb er \u2013 offiziell an Pankreaskrebs. Margarita Simonjan, die Chefredakteurin der Mediengruppen Rossija Segodnja und [&hellip;]\" \/>\n<meta property=\"og:url\" content=\"https:\/\/now-news.de\/de\/deutschland\/simonjan-rt-gastautor-scott-bennett-moeglicherweise-wegen-ukraine-berichterstattung-getoetet\/\" \/>\n<meta property=\"og:site_name\" content=\"just-now.NEWS Deutschland\" \/>\n<meta property=\"article:publisher\" content=\"https:\/\/www.facebook.com\/wirmachenauf\" \/>\n<meta property=\"article:published_time\" content=\"2024-11-23T14:57:43+00:00\" \/>\n<meta property=\"og:image\" content=\"https:\/\/now-news.de\/de\/wp-content\/uploads\/sites\/3\/2024\/11\/6741ed15b480cc64eb7b900e.jpg\" \/>\n<meta name=\"author\" content=\"rtnews\" \/>\n<meta name=\"twitter:card\" content=\"summary_large_image\" \/>\n<meta name=\"twitter:creator\" content=\"@WirMachenAuf_de\" \/>\n<meta name=\"twitter:site\" content=\"@WirMachenAuf_de\" \/>\n<meta name=\"twitter:label1\" content=\"Verfasst von\" \/>\n\t<meta name=\"twitter:data1\" content=\"rtnews\" \/>\n\t<meta name=\"twitter:label2\" content=\"Gesch\u00e4tzte Lesezeit\" \/>\n\t<meta name=\"twitter:data2\" content=\"2\u00a0Minuten\" \/>\n<script type=\"application\/ld+json\" class=\"yoast-schema-graph\">{\"@context\":\"https:\/\/schema.org\",\"@graph\":[{\"@type\":\"Article\",\"@id\":\"https:\/\/now-news.de\/de\/deutschland\/simonjan-rt-gastautor-scott-bennett-moeglicherweise-wegen-ukraine-berichterstattung-getoetet\/#article\",\"isPartOf\":{\"@id\":\"https:\/\/now-news.de\/de\/deutschland\/simonjan-rt-gastautor-scott-bennett-moeglicherweise-wegen-ukraine-berichterstattung-getoetet\/\"},\"author\":{\"name\":\"rtnews\",\"@id\":\"https:\/\/now-news.de\/de\/#\/schema\/person\/fb534a4e865501d8b3285208df34a9b5\"},\"headline\":\"Simonjan: RT-Gastautor Scott Bennett m\u00f6glicherweise wegen Ukraine-Berichterstattung get\u00f6tet\",\"datePublished\":\"2024-11-23T14:57:43+00:00\",\"dateModified\":\"2024-11-23T14:57:43+00:00\",\"mainEntityOfPage\":{\"@id\":\"https:\/\/now-news.de\/de\/deutschland\/simonjan-rt-gastautor-scott-bennett-moeglicherweise-wegen-ukraine-berichterstattung-getoetet\/\"},\"wordCount\":387,\"commentCount\":0,\"publisher\":{\"@id\":\"https:\/\/now-news.de\/de\/#organization\"},\"image\":{\"@id\":\"https:\/\/now-news.de\/de\/deutschland\/simonjan-rt-gastautor-scott-bennett-moeglicherweise-wegen-ukraine-berichterstattung-getoetet\/#primaryimage\"},\"thumbnailUrl\":\"https:\/\/now-news.de\/de\/wp-content\/uploads\/sites\/3\/2024\/11\/Simonjan-RT-Gastautor-Scott-Bennett-moeglicherweise-wegen-Ukraine-Berichterstattung-getoetet.jpg\",\"keywords\":[\"Bennett\",\"get\u00f6tet\",\"m\u00f6glicherweise\",\"RTGastautor\",\"Scott\",\"Simonjan\",\"UkraineBerichterstattung\",\"wegen\"],\"articleSection\":[\"Deutschland\",\"Russland\"],\"inLanguage\":\"de\",\"potentialAction\":[{\"@type\":\"CommentAction\",\"name\":\"Comment\",\"target\":[\"https:\/\/now-news.de\/de\/deutschland\/simonjan-rt-gastautor-scott-bennett-moeglicherweise-wegen-ukraine-berichterstattung-getoetet\/#respond\"]}]},{\"@type\":\"WebPage\",\"@id\":\"https:\/\/now-news.de\/de\/deutschland\/simonjan-rt-gastautor-scott-bennett-moeglicherweise-wegen-ukraine-berichterstattung-getoetet\/\",\"url\":\"https:\/\/now-news.de\/de\/deutschland\/simonjan-rt-gastautor-scott-bennett-moeglicherweise-wegen-ukraine-berichterstattung-getoetet\/\",\"name\":\"Simonjan: RT-Gastautor Scott Bennett m\u00f6glicherweise wegen Ukraine-Berichterstattung get\u00f6tet - just-now.NEWS Deutschland\",\"isPartOf\":{\"@id\":\"https:\/\/now-news.de\/de\/#website\"},\"primaryImageOfPage\":{\"@id\":\"https:\/\/now-news.de\/de\/deutschland\/simonjan-rt-gastautor-scott-bennett-moeglicherweise-wegen-ukraine-berichterstattung-getoetet\/#primaryimage\"},\"image\":{\"@id\":\"https:\/\/now-news.de\/de\/deutschland\/simonjan-rt-gastautor-scott-bennett-moeglicherweise-wegen-ukraine-berichterstattung-getoetet\/#primaryimage\"},\"thumbnailUrl\":\"https:\/\/now-news.de\/de\/wp-content\/uploads\/sites\/3\/2024\/11\/Simonjan-RT-Gastautor-Scott-Bennett-moeglicherweise-wegen-Ukraine-Berichterstattung-getoetet.jpg\",\"datePublished\":\"2024-11-23T14:57:43+00:00\",\"dateModified\":\"2024-11-23T14:57:43+00:00\",\"breadcrumb\":{\"@id\":\"https:\/\/now-news.de\/de\/deutschland\/simonjan-rt-gastautor-scott-bennett-moeglicherweise-wegen-ukraine-berichterstattung-getoetet\/#breadcrumb\"},\"inLanguage\":\"de\",\"potentialAction\":[{\"@type\":\"ReadAction\",\"target\":[\"https:\/\/now-news.de\/de\/deutschland\/simonjan-rt-gastautor-scott-bennett-moeglicherweise-wegen-ukraine-berichterstattung-getoetet\/\"]}]},{\"@type\":\"ImageObject\",\"inLanguage\":\"de\",\"@id\":\"https:\/\/now-news.de\/de\/deutschland\/simonjan-rt-gastautor-scott-bennett-moeglicherweise-wegen-ukraine-berichterstattung-getoetet\/#primaryimage\",\"url\":\"https:\/\/now-news.de\/de\/wp-content\/uploads\/sites\/3\/2024\/11\/Simonjan-RT-Gastautor-Scott-Bennett-moeglicherweise-wegen-Ukraine-Berichterstattung-getoetet.jpg\",\"contentUrl\":\"https:\/\/now-news.de\/de\/wp-content\/uploads\/sites\/3\/2024\/11\/Simonjan-RT-Gastautor-Scott-Bennett-moeglicherweise-wegen-Ukraine-Berichterstattung-getoetet.jpg\",\"width\":460,\"height\":259,\"caption\":\"Simonjan: RT-Gastautor Scott Bennett m\u00f6glicherweise wegen Ukraine-Berichterstattung get\u00f6tet\"},{\"@type\":\"BreadcrumbList\",\"@id\":\"https:\/\/now-news.de\/de\/deutschland\/simonjan-rt-gastautor-scott-bennett-moeglicherweise-wegen-ukraine-berichterstattung-getoetet\/#breadcrumb\",\"itemListElement\":[{\"@type\":\"ListItem\",\"position\":1,\"name\":\"Home\",\"item\":\"https:\/\/now-news.de\/de\/\"},{\"@type\":\"ListItem\",\"position\":2,\"name\":\"Simonjan: RT-Gastautor Scott Bennett m\u00f6glicherweise wegen Ukraine-Berichterstattung get\u00f6tet\"}]},{\"@type\":\"WebSite\",\"@id\":\"https:\/\/now-news.de\/de\/#website\",\"url\":\"https:\/\/now-news.de\/de\/\",\"name\":\"just-now.NEWS Deutschland\",\"description\":\"Das Portal f\u00fcr unzensierte Nachrichten aus der Welt\",\"publisher\":{\"@id\":\"https:\/\/now-news.de\/de\/#organization\"},\"potentialAction\":[{\"@type\":\"SearchAction\",\"target\":{\"@type\":\"EntryPoint\",\"urlTemplate\":\"https:\/\/now-news.de\/de\/?s={search_term_string}\"},\"query-input\":\"required name=search_term_string\"}],\"inLanguage\":\"de\"},{\"@type\":\"Organization\",\"@id\":\"https:\/\/now-news.de\/de\/#organization\",\"name\":\"Just Now News\",\"url\":\"https:\/\/now-news.de\/de\/\",\"logo\":{\"@type\":\"ImageObject\",\"inLanguage\":\"de\",\"@id\":\"https:\/\/now-news.de\/de\/#\/schema\/logo\/image\/\",\"url\":\"http:\/\/just-now.news\/de\/wp-content\/uploads\/sites\/3\/2022\/04\/logo500x500.jpg\",\"contentUrl\":\"http:\/\/just-now.news\/de\/wp-content\/uploads\/sites\/3\/2022\/04\/logo500x500.jpg\",\"width\":500,\"height\":500,\"caption\":\"Just Now News\"},\"image\":{\"@id\":\"https:\/\/now-news.de\/de\/#\/schema\/logo\/image\/\"},\"sameAs\":[\"https:\/\/www.facebook.com\/wirmachenauf\",\"https:\/\/x.com\/WirMachenAuf_de\"]},{\"@type\":\"Person\",\"@id\":\"https:\/\/now-news.de\/de\/#\/schema\/person\/fb534a4e865501d8b3285208df34a9b5\",\"name\":\"rtnews\",\"image\":{\"@type\":\"ImageObject\",\"inLanguage\":\"de\",\"@id\":\"https:\/\/now-news.de\/de\/#\/schema\/person\/image\/\",\"url\":\"https:\/\/secure.gravatar.com\/avatar\/82aafea7d8127119dd649515f56e2117?s=96&d=mm&r=g\",\"contentUrl\":\"https:\/\/secure.gravatar.com\/avatar\/82aafea7d8127119dd649515f56e2117?s=96&d=mm&r=g\",\"caption\":\"rtnews\"},\"url\":\"https:\/\/now-news.de\/de\/author\/rnews\/\"}]}<\/script>\n<!-- \/ Yoast SEO Premium plugin. -->","yoast_head_json":{"title":"Simonjan: RT-Gastautor Scott Bennett m\u00f6glicherweise wegen Ukraine-Berichterstattung get\u00f6tet - just-now.NEWS Deutschland","robots":{"index":"index","follow":"follow","max-snippet":"max-snippet:-1","max-image-preview":"max-image-preview:large","max-video-preview":"max-video-preview:-1"},"canonical":"https:\/\/now-news.de\/de\/deutschland\/simonjan-rt-gastautor-scott-bennett-moeglicherweise-wegen-ukraine-berichterstattung-getoetet\/","og_locale":"de_DE","og_type":"article","og_title":"Simonjan: RT-Gastautor Scott Bennett m\u00f6glicherweise wegen Ukraine-Berichterstattung get\u00f6tet","og_description":"Der unerwartete Tod des ehemaligen Offiziers der milit\u00e4rischen Aufkl\u00e4rung der USA Scott Bennett l\u00f6st Argwohn aus: Der 53-J\u00e4hrige, der sich auch als Journalist und Dokumentarfilmer engagierte, klagte nie \u00fcber gesundheitliche Leiden und zeigte keine Anzeichen einer Erkrankung. Vor einigen Tagen starb er \u2013 offiziell an Pankreaskrebs. Margarita Simonjan, die Chefredakteurin der Mediengruppen Rossija Segodnja und [&hellip;]","og_url":"https:\/\/now-news.de\/de\/deutschland\/simonjan-rt-gastautor-scott-bennett-moeglicherweise-wegen-ukraine-berichterstattung-getoetet\/","og_site_name":"just-now.NEWS Deutschland","article_publisher":"https:\/\/www.facebook.com\/wirmachenauf","article_published_time":"2024-11-23T14:57:43+00:00","og_image":[{"url":"https:\/\/now-news.de\/de\/wp-content\/uploads\/sites\/3\/2024\/11\/6741ed15b480cc64eb7b900e.jpg"}],"author":"rtnews","twitter_card":"summary_large_image","twitter_creator":"@WirMachenAuf_de","twitter_site":"@WirMachenAuf_de","twitter_misc":{"Verfasst von":"rtnews","Gesch\u00e4tzte Lesezeit":"2\u00a0Minuten"},"schema":{"@context":"https:\/\/schema.org","@graph":[{"@type":"Article","@id":"https:\/\/now-news.de\/de\/deutschland\/simonjan-rt-gastautor-scott-bennett-moeglicherweise-wegen-ukraine-berichterstattung-getoetet\/#article","isPartOf":{"@id":"https:\/\/now-news.de\/de\/deutschland\/simonjan-rt-gastautor-scott-bennett-moeglicherweise-wegen-ukraine-berichterstattung-getoetet\/"},"author":{"name":"rtnews","@id":"https:\/\/now-news.de\/de\/#\/schema\/person\/fb534a4e865501d8b3285208df34a9b5"},"headline":"Simonjan: RT-Gastautor Scott Bennett m\u00f6glicherweise wegen Ukraine-Berichterstattung get\u00f6tet","datePublished":"2024-11-23T14:57:43+00:00","dateModified":"2024-11-23T14:57:43+00:00","mainEntityOfPage":{"@id":"https:\/\/now-news.de\/de\/deutschland\/simonjan-rt-gastautor-scott-bennett-moeglicherweise-wegen-ukraine-berichterstattung-getoetet\/"},"wordCount":387,"commentCount":0,"publisher":{"@id":"https:\/\/now-news.de\/de\/#organization"},"image":{"@id":"https:\/\/now-news.de\/de\/deutschland\/simonjan-rt-gastautor-scott-bennett-moeglicherweise-wegen-ukraine-berichterstattung-getoetet\/#primaryimage"},"thumbnailUrl":"https:\/\/now-news.de\/de\/wp-content\/uploads\/sites\/3\/2024\/11\/Simonjan-RT-Gastautor-Scott-Bennett-moeglicherweise-wegen-Ukraine-Berichterstattung-getoetet.jpg","keywords":["Bennett","get\u00f6tet","m\u00f6glicherweise","RTGastautor","Scott","Simonjan","UkraineBerichterstattung","wegen"],"articleSection":["Deutschland","Russland"],"inLanguage":"de","potentialAction":[{"@type":"CommentAction","name":"Comment","target":["https:\/\/now-news.de\/de\/deutschland\/simonjan-rt-gastautor-scott-bennett-moeglicherweise-wegen-ukraine-berichterstattung-getoetet\/#respond"]}]},{"@type":"WebPage","@id":"https:\/\/now-news.de\/de\/deutschland\/simonjan-rt-gastautor-scott-bennett-moeglicherweise-wegen-ukraine-berichterstattung-getoetet\/","url":"https:\/\/now-news.de\/de\/deutschland\/simonjan-rt-gastautor-scott-bennett-moeglicherweise-wegen-ukraine-berichterstattung-getoetet\/","name":"Simonjan: RT-Gastautor Scott Bennett m\u00f6glicherweise wegen Ukraine-Berichterstattung get\u00f6tet - just-now.NEWS Deutschland","isPartOf":{"@id":"https:\/\/now-news.de\/de\/#website"},"primaryImageOfPage":{"@id":"https:\/\/now-news.de\/de\/deutschland\/simonjan-rt-gastautor-scott-bennett-moeglicherweise-wegen-ukraine-berichterstattung-getoetet\/#primaryimage"},"image":{"@id":"https:\/\/now-news.de\/de\/deutschland\/simonjan-rt-gastautor-scott-bennett-moeglicherweise-wegen-ukraine-berichterstattung-getoetet\/#primaryimage"},"thumbnailUrl":"https:\/\/now-news.de\/de\/wp-content\/uploads\/sites\/3\/2024\/11\/Simonjan-RT-Gastautor-Scott-Bennett-moeglicherweise-wegen-Ukraine-Berichterstattung-getoetet.jpg","datePublished":"2024-11-23T14:57:43+00:00","dateModified":"2024-11-23T14:57:43+00:00","breadcrumb":{"@id":"https:\/\/now-news.de\/de\/deutschland\/simonjan-rt-gastautor-scott-bennett-moeglicherweise-wegen-ukraine-berichterstattung-getoetet\/#breadcrumb"},"inLanguage":"de","potentialAction":[{"@type":"ReadAction","target":["https:\/\/now-news.de\/de\/deutschland\/simonjan-rt-gastautor-scott-bennett-moeglicherweise-wegen-ukraine-berichterstattung-getoetet\/"]}]},{"@type":"ImageObject","inLanguage":"de","@id":"https:\/\/now-news.de\/de\/deutschland\/simonjan-rt-gastautor-scott-bennett-moeglicherweise-wegen-ukraine-berichterstattung-getoetet\/#primaryimage","url":"https:\/\/now-news.de\/de\/wp-content\/uploads\/sites\/3\/2024\/11\/Simonjan-RT-Gastautor-Scott-Bennett-moeglicherweise-wegen-Ukraine-Berichterstattung-getoetet.jpg","contentUrl":"https:\/\/now-news.de\/de\/wp-content\/uploads\/sites\/3\/2024\/11\/Simonjan-RT-Gastautor-Scott-Bennett-moeglicherweise-wegen-Ukraine-Berichterstattung-getoetet.jpg","width":460,"height":259,"caption":"Simonjan: RT-Gastautor Scott Bennett m\u00f6glicherweise wegen Ukraine-Berichterstattung get\u00f6tet"},{"@type":"BreadcrumbList","@id":"https:\/\/now-news.de\/de\/deutschland\/simonjan-rt-gastautor-scott-bennett-moeglicherweise-wegen-ukraine-berichterstattung-getoetet\/#breadcrumb","itemListElement":[{"@type":"ListItem","position":1,"name":"Home","item":"https:\/\/now-news.de\/de\/"},{"@type":"ListItem","position":2,"name":"Simonjan: RT-Gastautor Scott Bennett m\u00f6glicherweise wegen Ukraine-Berichterstattung get\u00f6tet"}]},{"@type":"WebSite","@id":"https:\/\/now-news.de\/de\/#website","url":"https:\/\/now-news.de\/de\/","name":"just-now.NEWS Deutschland","description":"Das Portal f\u00fcr unzensierte Nachrichten aus der Welt","publisher":{"@id":"https:\/\/now-news.de\/de\/#organization"},"potentialAction":[{"@type":"SearchAction","target":{"@type":"EntryPoint","urlTemplate":"https:\/\/now-news.de\/de\/?s={search_term_string}"},"query-input":"required name=search_term_string"}],"inLanguage":"de"},{"@type":"Organization","@id":"https:\/\/now-news.de\/de\/#organization","name":"Just Now News","url":"https:\/\/now-news.de\/de\/","logo":{"@type":"ImageObject","inLanguage":"de","@id":"https:\/\/now-news.de\/de\/#\/schema\/logo\/image\/","url":"http:\/\/just-now.news\/de\/wp-content\/uploads\/sites\/3\/2022\/04\/logo500x500.jpg","contentUrl":"http:\/\/just-now.news\/de\/wp-content\/uploads\/sites\/3\/2022\/04\/logo500x500.jpg","width":500,"height":500,"caption":"Just Now News"},"image":{"@id":"https:\/\/now-news.de\/de\/#\/schema\/logo\/image\/"},"sameAs":["https:\/\/www.facebook.com\/wirmachenauf","https:\/\/x.com\/WirMachenAuf_de"]},{"@type":"Person","@id":"https:\/\/now-news.de\/de\/#\/schema\/person\/fb534a4e865501d8b3285208df34a9b5","name":"rtnews","image":{"@type":"ImageObject","inLanguage":"de","@id":"https:\/\/now-news.de\/de\/#\/schema\/person\/image\/","url":"https:\/\/secure.gravatar.com\/avatar\/82aafea7d8127119dd649515f56e2117?s=96&d=mm&r=g","contentUrl":"https:\/\/secure.gravatar.com\/avatar\/82aafea7d8127119dd649515f56e2117?s=96&d=mm&r=g","caption":"rtnews"},"url":"https:\/\/now-news.de\/de\/author\/rnews\/"}]}},"_links":{"self":[{"href":"https:\/\/now-news.de\/de\/wp-json\/wp\/v2\/posts\/73126"}],"collection":[{"href":"https:\/\/now-news.de\/de\/wp-json\/wp\/v2\/posts"}],"about":[{"href":"https:\/\/now-news.de\/de\/wp-json\/wp\/v2\/types\/post"}],"author":[{"embeddable":true,"href":"https:\/\/now-news.de\/de\/wp-json\/wp\/v2\/users\/3"}],"replies":[{"embeddable":true,"href":"https:\/\/now-news.de\/de\/wp-json\/wp\/v2\/comments?post=73126"}],"version-history":[{"count":0,"href":"https:\/\/now-news.de\/de\/wp-json\/wp\/v2\/posts\/73126\/revisions"}],"wp:featuredmedia":[{"embeddable":true,"href":"https:\/\/now-news.de\/de\/wp-json\/wp\/v2\/media\/73127"}],"wp:attachment":[{"href":"https:\/\/now-news.de\/de\/wp-json\/wp\/v2\/media?parent=73126"}],"wp:term":[{"taxonomy":"category","embeddable":true,"href":"https:\/\/now-news.de\/de\/wp-json\/wp\/v2\/categories?post=73126"},{"taxonomy":"post_tag","embeddable":true,"href":"https:\/\/now-news.de\/de\/wp-json\/wp\/v2\/tags?post=73126"}],"curies":[{"name":"wp","href":"https:\/\/api.w.org\/{rel}","templated":true}]}}