{"id":73112,"date":"2024-11-23T13:38:25","date_gmt":"2024-11-23T11:38:25","guid":{"rendered":"https:\/\/now-news.de\/de\/deutschland\/tass-chef-un-report-zur-sicherheit-der-presse-inakzeptabel\/"},"modified":"2024-11-23T13:38:25","modified_gmt":"2024-11-23T11:38:25","slug":"tass-chef-un-report-zur-sicherheit-der-presse-inakzeptabel","status":"publish","type":"post","link":"https:\/\/now-news.de\/de\/deutschland\/tass-chef-un-report-zur-sicherheit-der-presse-inakzeptabel\/","title":{"rendered":"TASS-Chef: UN-Report zur Sicherheit der Presse &quot;inakzeptabel&quot;"},"content":{"rendered":"<p><img decoding=\"async\" src=\"https:\/\/now-news.de\/de\/wp-content\/uploads\/sites\/3\/2024\/11\/6741a328b480cc64e23f5e1c.jpg\" \/><\/p>\n<div class=\"Text-root Text-type_1 \">\n                Die Organisation habe nicht das Recht, die Morde an russischen Reportern zu ignorieren, sagte der stellvertretende Chef von TASS, Michail Gusman. Zahlreiche russische Journalisten, die teils sogar direkten Anschl\u00e4gen zum Opfer fielen, werden nicht erw\u00e4hnt.\n            <\/div>\n<p><\/p>\n<div class=\"Text-root Text-type_5 ArticleView-text ViewText-root \">\n<p>Der stellvertretende Generaldirektor von <em>TASS<\/em>, Michail Gusman, hat die UN daf\u00fcr kritisiert, Morde an russischen Journalisten in ihrem letzten Bericht zur Pressesicherheit unterschlagen zu haben. In einer Rede auf einer Sitzung des Internationalen Programms zur Entwicklung der Kommunikation (IPDC) der UNESCO am Freitag sagte Gusman, die selektive Herangehensweise der Einrichtung, was Angriffe auf Journalisten angehe, sei inakzeptabel.<\/p>\n<p>Der erfahrene Journalist kommentierte damit den j\u00fcngsten &#8220;Bericht \u00fcber die Sicherheit von Journalisten und die Gefahr der Straflosigkeit&#8221; von UNESCO-Generaldirektorin Audrey Azoulay, der auf dieser Sitzung offiziell pr\u00e4sentiert wurde. Der Bericht, der die Jahre 2022 und 2023 umfasst, stellt fest, in diesem Zeitraum seien 162 Journalisten, Medienarbeiter und Produzenten von sozialen Medien get\u00f6tet worden, eine Zahl, die Gusman <em>&#8220;tragisch&#8221;<\/em> nannte. Das Dokument erw\u00e4hnte jedoch nur die Morde an zwei russischen Journalisten und befasste sich nicht mit anderen t\u00f6dlichen und nicht t\u00f6dlichen Angriffen und Bedrohungen der Medienvertreter des Landes, die seit der Eskalation des Ukraine-Konflikts stattgefunden haben.<\/p>\n<p><em>&#8220;F\u00fcr mich war es \u00fcberraschend, schmerzhaft und inakzeptabel, dass der Report, den die Generaldirektorin vorstellte, meine Journalistenkollegen aus Russland nicht erw\u00e4hnte. Ich kannte einige der verstorbenen Kollegen, sie waren ehrliche Fachleute, die in Aus\u00fcbung ihrer journalistischen Pflicht gestorben sind&#8221;,<\/em> stellte Gusman fest.<\/p>\n<p>Er merkte an, die russischen Medienbesch\u00e4ftigten f\u00e4nden es ungerecht, dass die Namen vieler ihrer Landsleute, die im Verlauf der letzten zwei Jahre get\u00f6tet wurden, im Bericht unterschlagen werden, und zitierte aus einem Brief der Union der Journalisten Russlands, den er f\u00fcr das IPDC mitgebracht hatte.<\/p>\n<p><em>&#8220;[Sie] verstehen nicht, warum die Namen ihrer Kollegen, die gestorben sind, im Bericht keinen Platz finden. Nat\u00fcrlich hat das ihre gerechte Emp\u00f6rung ausgel\u00f6st&#8221;<\/em>, stellte er fest. Gusman richtete den Familien aller verstorbenen Journalisten sein Beileid aus und sagte, ihr Tod sei <em>&#8220;unser gemeinsamer Schmerz [&#8230;] ungeachtet des Landes, in dem sie gestorben sind, unter welchen Bedingungen&#8221;.<\/em><\/p>\n<p>Ein Mitglied der russischen Delegation benannte im weiteren Verlauf der Sitzung mehrere russische Journalisten, die in den Jahren 2022 und 2023 vom Kiewer Regime ermordet wurden, deren Namen aber im Bericht fehlten. Unter ihnen Boris Maksudow, der f\u00fcr den Fernsehsender <em>Rossija 24 TV<\/em> arbeitete, Rostislaw Schurawljew von <em>RIA Nowosti<\/em>, Oleg Klokow von <em>Tawria TV<\/em>, Alexei Iljaschewitsch von <em>RuBaltic<\/em>, der Milit\u00e4rblogger Wladlen Tatarski und die Journalistin Darja Dugina. Er erw\u00e4hnte auch Todesf\u00e4lle, die in j\u00fcngerer Zeit <a rel=\"nofollow noopener\" target=\"_blank\" href=\"https:\/\/www.rt.com\/russia\/607796-russian-journalist-killed-by-ukrainian\/\">geschahen<\/a>, wie den des russischen Nachrichtenfotografen Nikita Zizagi, der im Juni bei einem ukrainischen Drohnenangriff <a rel=\"nofollow noopener\" target=\"_blank\" href=\"https:\/\/www.rt.com\/russia\/599383-russian-news-photographer-ukraine-drone\/\">get\u00f6tet<\/a> wurde, und viele Reporter, die Verletzungen erlitten, w\u00e4hrend sie aus dem Ukraine-Konflikt berichteten.<\/p>\n<p>Moskaus UNESCO-Botschafter Rinat Aljautdinow hatte zuvor bereits Azoulays Bericht eine <em>&#8220;Quelle der Desinformation&#8221;<\/em>\u00a0<a rel=\"nofollow noopener\" target=\"_blank\" href=\"https:\/\/www.rt.com\/russia\/608037-russia-un-report-press-safety\/\">genannt<\/a>. Auf der Sitzung am Donnerstag sagte der Diplomat, Russland habe seine eigenen Erkenntnisse \u00fcber die Morde an russischen Journalisten an die UNESCO geschickt, aber die Einrichtung habe sich offenkundig entschieden,\u00a0diese\u00a0Informationen bei der Erstellung des Berichts zu ignorieren.<\/p>\n<p><strong>Mehr zum Thema<\/strong>\u00a0\u2012 <a rel=\"nofollow noopener\" target=\"_blank\" href=\"https:\/\/freedert.online\/international\/226914-unesco-laesst-russische-journalisten-zu\/\">UNESCO l\u00e4sst keine russischen Journalisten zu IPDC-Sitzung zu<\/a><\/p>\n<div class=\"EmbedBlock-root EmbedBlock-externalVideo EmbedBlock-rumble\">\n<div class=\"VkEmbed\"><iframe class=\"lazyload\" data-src=\"https:\/\/rumble.com\/embed\/v5ihy5x\" frameborder=\"0\" width=\"853\" height=\"480\" allowfullscreen><\/iframe><\/div>\n<\/div>\n<\/div>\n<p><br \/>\n<br \/><a href=\"https:\/\/de.rt.com\/international\/226988-tass-chef-un-report-zur\/\">Source link <\/a><\/p>\n","protected":false},"excerpt":{"rendered":"<p>Die Organisation habe nicht das Recht, die Morde an russischen Reportern zu ignorieren, sagte der stellvertretende Chef von TASS, Michail Gusman. Zahlreiche russische Journalisten, die teils sogar direkten Anschl\u00e4gen zum Opfer fielen, werden nicht erw\u00e4hnt. Der stellvertretende Generaldirektor von TASS, Michail Gusman, hat die UN daf\u00fcr kritisiert, Morde an russischen Journalisten in ihrem letzten Bericht [&hellip;]<\/p>\n","protected":false},"author":3,"featured_media":73113,"comment_status":"open","ping_status":"open","sticky":false,"template":"","format":"standard","meta":{"_yoast_indexnow_last_ping":["1732362758"],"wp_automatic_camp":["217"],"0cec34a0005e00f182f69dca1a01c9cf":["TASS-Chef: UN-Report zur Sicherheit der Presse &quot;inakzeptabel&quot;"],"original_link":["https:\/\/de.rt.com\/international\/226988-tass-chef-un-report-zur\/"],"_thumbnail_id":["73113"],"_wptgpro_p2tg_sent2tg":["a:1:{i:23737;s:19:\"2024-11-23 13:53:50\";}"],"jnews_social_counter_last_update":["1777355654"]},"categories":[19,23],"tags":[82,3359,31503,840,60469,60470,581],"yoast_head":"<!-- This site is optimized with the Yoast SEO Premium plugin v22.7 (Yoast SEO v22.7) - https:\/\/yoast.com\/wordpress\/plugins\/seo\/ -->\n<title>TASS-Chef: UN-Report zur Sicherheit der Presse &quot;inakzeptabel&quot; - just-now.NEWS Deutschland<\/title>\n<meta name=\"robots\" content=\"index, follow, max-snippet:-1, max-image-preview:large, max-video-preview:-1\" \/>\n<link rel=\"canonical\" href=\"https:\/\/now-news.de\/de\/deutschland\/tass-chef-un-report-zur-sicherheit-der-presse-inakzeptabel\/\" \/>\n<meta property=\"og:locale\" content=\"de_DE\" \/>\n<meta property=\"og:type\" content=\"article\" \/>\n<meta property=\"og:title\" content=\"TASS-Chef: UN-Report zur Sicherheit der Presse &quot;inakzeptabel&quot;\" \/>\n<meta property=\"og:description\" content=\"Die Organisation habe nicht das Recht, die Morde an russischen Reportern zu ignorieren, sagte der stellvertretende Chef von TASS, Michail Gusman. Zahlreiche russische Journalisten, die teils sogar direkten Anschl\u00e4gen zum Opfer fielen, werden nicht erw\u00e4hnt. Der stellvertretende Generaldirektor von TASS, Michail Gusman, hat die UN daf\u00fcr kritisiert, Morde an russischen Journalisten in ihrem letzten Bericht [&hellip;]\" \/>\n<meta property=\"og:url\" content=\"https:\/\/now-news.de\/de\/deutschland\/tass-chef-un-report-zur-sicherheit-der-presse-inakzeptabel\/\" \/>\n<meta property=\"og:site_name\" content=\"just-now.NEWS Deutschland\" \/>\n<meta property=\"article:publisher\" content=\"https:\/\/www.facebook.com\/wirmachenauf\" \/>\n<meta property=\"article:published_time\" content=\"2024-11-23T11:38:25+00:00\" \/>\n<meta property=\"og:image\" content=\"https:\/\/now-news.de\/de\/wp-content\/uploads\/sites\/3\/2024\/11\/6741a328b480cc64e23f5e1c.jpg\" \/>\n<meta name=\"author\" content=\"rtnews\" \/>\n<meta name=\"twitter:card\" content=\"summary_large_image\" \/>\n<meta name=\"twitter:creator\" content=\"@WirMachenAuf_de\" \/>\n<meta name=\"twitter:site\" content=\"@WirMachenAuf_de\" \/>\n<meta name=\"twitter:label1\" content=\"Verfasst von\" \/>\n\t<meta name=\"twitter:data1\" content=\"rtnews\" \/>\n\t<meta name=\"twitter:label2\" content=\"Gesch\u00e4tzte Lesezeit\" \/>\n\t<meta name=\"twitter:data2\" content=\"3\u00a0Minuten\" \/>\n<script type=\"application\/ld+json\" class=\"yoast-schema-graph\">{\"@context\":\"https:\/\/schema.org\",\"@graph\":[{\"@type\":\"Article\",\"@id\":\"https:\/\/now-news.de\/de\/deutschland\/tass-chef-un-report-zur-sicherheit-der-presse-inakzeptabel\/#article\",\"isPartOf\":{\"@id\":\"https:\/\/now-news.de\/de\/deutschland\/tass-chef-un-report-zur-sicherheit-der-presse-inakzeptabel\/\"},\"author\":{\"name\":\"rtnews\",\"@id\":\"https:\/\/now-news.de\/de\/#\/schema\/person\/fb534a4e865501d8b3285208df34a9b5\"},\"headline\":\"TASS-Chef: UN-Report zur Sicherheit der Presse &quot;inakzeptabel&quot;\",\"datePublished\":\"2024-11-23T11:38:25+00:00\",\"dateModified\":\"2024-11-23T11:38:25+00:00\",\"mainEntityOfPage\":{\"@id\":\"https:\/\/now-news.de\/de\/deutschland\/tass-chef-un-report-zur-sicherheit-der-presse-inakzeptabel\/\"},\"wordCount\":531,\"commentCount\":0,\"publisher\":{\"@id\":\"https:\/\/now-news.de\/de\/#organization\"},\"image\":{\"@id\":\"https:\/\/now-news.de\/de\/deutschland\/tass-chef-un-report-zur-sicherheit-der-presse-inakzeptabel\/#primaryimage\"},\"thumbnailUrl\":\"https:\/\/now-news.de\/de\/wp-content\/uploads\/sites\/3\/2024\/11\/TASS-Chef-UN-Report-zur-Sicherheit-der-Presse-quotinakzeptabelquot.jpg\",\"keywords\":[\"der\",\"Presse\",\"quotinakzeptabelquot\",\"Sicherheit\",\"TASSChef\",\"UNReport\",\"zur\"],\"articleSection\":[\"Deutschland\",\"Russland\"],\"inLanguage\":\"de\",\"potentialAction\":[{\"@type\":\"CommentAction\",\"name\":\"Comment\",\"target\":[\"https:\/\/now-news.de\/de\/deutschland\/tass-chef-un-report-zur-sicherheit-der-presse-inakzeptabel\/#respond\"]}]},{\"@type\":\"WebPage\",\"@id\":\"https:\/\/now-news.de\/de\/deutschland\/tass-chef-un-report-zur-sicherheit-der-presse-inakzeptabel\/\",\"url\":\"https:\/\/now-news.de\/de\/deutschland\/tass-chef-un-report-zur-sicherheit-der-presse-inakzeptabel\/\",\"name\":\"TASS-Chef: UN-Report zur Sicherheit der Presse &quot;inakzeptabel&quot; - just-now.NEWS Deutschland\",\"isPartOf\":{\"@id\":\"https:\/\/now-news.de\/de\/#website\"},\"primaryImageOfPage\":{\"@id\":\"https:\/\/now-news.de\/de\/deutschland\/tass-chef-un-report-zur-sicherheit-der-presse-inakzeptabel\/#primaryimage\"},\"image\":{\"@id\":\"https:\/\/now-news.de\/de\/deutschland\/tass-chef-un-report-zur-sicherheit-der-presse-inakzeptabel\/#primaryimage\"},\"thumbnailUrl\":\"https:\/\/now-news.de\/de\/wp-content\/uploads\/sites\/3\/2024\/11\/TASS-Chef-UN-Report-zur-Sicherheit-der-Presse-quotinakzeptabelquot.jpg\",\"datePublished\":\"2024-11-23T11:38:25+00:00\",\"dateModified\":\"2024-11-23T11:38:25+00:00\",\"breadcrumb\":{\"@id\":\"https:\/\/now-news.de\/de\/deutschland\/tass-chef-un-report-zur-sicherheit-der-presse-inakzeptabel\/#breadcrumb\"},\"inLanguage\":\"de\",\"potentialAction\":[{\"@type\":\"ReadAction\",\"target\":[\"https:\/\/now-news.de\/de\/deutschland\/tass-chef-un-report-zur-sicherheit-der-presse-inakzeptabel\/\"]}]},{\"@type\":\"ImageObject\",\"inLanguage\":\"de\",\"@id\":\"https:\/\/now-news.de\/de\/deutschland\/tass-chef-un-report-zur-sicherheit-der-presse-inakzeptabel\/#primaryimage\",\"url\":\"https:\/\/now-news.de\/de\/wp-content\/uploads\/sites\/3\/2024\/11\/TASS-Chef-UN-Report-zur-Sicherheit-der-Presse-quotinakzeptabelquot.jpg\",\"contentUrl\":\"https:\/\/now-news.de\/de\/wp-content\/uploads\/sites\/3\/2024\/11\/TASS-Chef-UN-Report-zur-Sicherheit-der-Presse-quotinakzeptabelquot.jpg\",\"width\":460,\"height\":259,\"caption\":\"TASS-Chef: UN-Report zur Sicherheit der Presse &quot;inakzeptabel&quot;\"},{\"@type\":\"BreadcrumbList\",\"@id\":\"https:\/\/now-news.de\/de\/deutschland\/tass-chef-un-report-zur-sicherheit-der-presse-inakzeptabel\/#breadcrumb\",\"itemListElement\":[{\"@type\":\"ListItem\",\"position\":1,\"name\":\"Home\",\"item\":\"https:\/\/now-news.de\/de\/\"},{\"@type\":\"ListItem\",\"position\":2,\"name\":\"TASS-Chef: UN-Report zur Sicherheit der Presse &quot;inakzeptabel&quot;\"}]},{\"@type\":\"WebSite\",\"@id\":\"https:\/\/now-news.de\/de\/#website\",\"url\":\"https:\/\/now-news.de\/de\/\",\"name\":\"just-now.NEWS Deutschland\",\"description\":\"Das Portal f\u00fcr unzensierte Nachrichten aus der Welt\",\"publisher\":{\"@id\":\"https:\/\/now-news.de\/de\/#organization\"},\"potentialAction\":[{\"@type\":\"SearchAction\",\"target\":{\"@type\":\"EntryPoint\",\"urlTemplate\":\"https:\/\/now-news.de\/de\/?s={search_term_string}\"},\"query-input\":\"required name=search_term_string\"}],\"inLanguage\":\"de\"},{\"@type\":\"Organization\",\"@id\":\"https:\/\/now-news.de\/de\/#organization\",\"name\":\"Just Now News\",\"url\":\"https:\/\/now-news.de\/de\/\",\"logo\":{\"@type\":\"ImageObject\",\"inLanguage\":\"de\",\"@id\":\"https:\/\/now-news.de\/de\/#\/schema\/logo\/image\/\",\"url\":\"http:\/\/just-now.news\/de\/wp-content\/uploads\/sites\/3\/2022\/04\/logo500x500.jpg\",\"contentUrl\":\"http:\/\/just-now.news\/de\/wp-content\/uploads\/sites\/3\/2022\/04\/logo500x500.jpg\",\"width\":500,\"height\":500,\"caption\":\"Just Now News\"},\"image\":{\"@id\":\"https:\/\/now-news.de\/de\/#\/schema\/logo\/image\/\"},\"sameAs\":[\"https:\/\/www.facebook.com\/wirmachenauf\",\"https:\/\/x.com\/WirMachenAuf_de\"]},{\"@type\":\"Person\",\"@id\":\"https:\/\/now-news.de\/de\/#\/schema\/person\/fb534a4e865501d8b3285208df34a9b5\",\"name\":\"rtnews\",\"image\":{\"@type\":\"ImageObject\",\"inLanguage\":\"de\",\"@id\":\"https:\/\/now-news.de\/de\/#\/schema\/person\/image\/\",\"url\":\"https:\/\/secure.gravatar.com\/avatar\/82aafea7d8127119dd649515f56e2117?s=96&d=mm&r=g\",\"contentUrl\":\"https:\/\/secure.gravatar.com\/avatar\/82aafea7d8127119dd649515f56e2117?s=96&d=mm&r=g\",\"caption\":\"rtnews\"},\"url\":\"https:\/\/now-news.de\/de\/author\/rnews\/\"}]}<\/script>\n<!-- \/ Yoast SEO Premium plugin. -->","yoast_head_json":{"title":"TASS-Chef: UN-Report zur Sicherheit der Presse &quot;inakzeptabel&quot; - just-now.NEWS Deutschland","robots":{"index":"index","follow":"follow","max-snippet":"max-snippet:-1","max-image-preview":"max-image-preview:large","max-video-preview":"max-video-preview:-1"},"canonical":"https:\/\/now-news.de\/de\/deutschland\/tass-chef-un-report-zur-sicherheit-der-presse-inakzeptabel\/","og_locale":"de_DE","og_type":"article","og_title":"TASS-Chef: UN-Report zur Sicherheit der Presse &quot;inakzeptabel&quot;","og_description":"Die Organisation habe nicht das Recht, die Morde an russischen Reportern zu ignorieren, sagte der stellvertretende Chef von TASS, Michail Gusman. Zahlreiche russische Journalisten, die teils sogar direkten Anschl\u00e4gen zum Opfer fielen, werden nicht erw\u00e4hnt. Der stellvertretende Generaldirektor von TASS, Michail Gusman, hat die UN daf\u00fcr kritisiert, Morde an russischen Journalisten in ihrem letzten Bericht [&hellip;]","og_url":"https:\/\/now-news.de\/de\/deutschland\/tass-chef-un-report-zur-sicherheit-der-presse-inakzeptabel\/","og_site_name":"just-now.NEWS Deutschland","article_publisher":"https:\/\/www.facebook.com\/wirmachenauf","article_published_time":"2024-11-23T11:38:25+00:00","og_image":[{"url":"https:\/\/now-news.de\/de\/wp-content\/uploads\/sites\/3\/2024\/11\/6741a328b480cc64e23f5e1c.jpg"}],"author":"rtnews","twitter_card":"summary_large_image","twitter_creator":"@WirMachenAuf_de","twitter_site":"@WirMachenAuf_de","twitter_misc":{"Verfasst von":"rtnews","Gesch\u00e4tzte Lesezeit":"3\u00a0Minuten"},"schema":{"@context":"https:\/\/schema.org","@graph":[{"@type":"Article","@id":"https:\/\/now-news.de\/de\/deutschland\/tass-chef-un-report-zur-sicherheit-der-presse-inakzeptabel\/#article","isPartOf":{"@id":"https:\/\/now-news.de\/de\/deutschland\/tass-chef-un-report-zur-sicherheit-der-presse-inakzeptabel\/"},"author":{"name":"rtnews","@id":"https:\/\/now-news.de\/de\/#\/schema\/person\/fb534a4e865501d8b3285208df34a9b5"},"headline":"TASS-Chef: UN-Report zur Sicherheit der Presse &quot;inakzeptabel&quot;","datePublished":"2024-11-23T11:38:25+00:00","dateModified":"2024-11-23T11:38:25+00:00","mainEntityOfPage":{"@id":"https:\/\/now-news.de\/de\/deutschland\/tass-chef-un-report-zur-sicherheit-der-presse-inakzeptabel\/"},"wordCount":531,"commentCount":0,"publisher":{"@id":"https:\/\/now-news.de\/de\/#organization"},"image":{"@id":"https:\/\/now-news.de\/de\/deutschland\/tass-chef-un-report-zur-sicherheit-der-presse-inakzeptabel\/#primaryimage"},"thumbnailUrl":"https:\/\/now-news.de\/de\/wp-content\/uploads\/sites\/3\/2024\/11\/TASS-Chef-UN-Report-zur-Sicherheit-der-Presse-quotinakzeptabelquot.jpg","keywords":["der","Presse","quotinakzeptabelquot","Sicherheit","TASSChef","UNReport","zur"],"articleSection":["Deutschland","Russland"],"inLanguage":"de","potentialAction":[{"@type":"CommentAction","name":"Comment","target":["https:\/\/now-news.de\/de\/deutschland\/tass-chef-un-report-zur-sicherheit-der-presse-inakzeptabel\/#respond"]}]},{"@type":"WebPage","@id":"https:\/\/now-news.de\/de\/deutschland\/tass-chef-un-report-zur-sicherheit-der-presse-inakzeptabel\/","url":"https:\/\/now-news.de\/de\/deutschland\/tass-chef-un-report-zur-sicherheit-der-presse-inakzeptabel\/","name":"TASS-Chef: UN-Report zur Sicherheit der Presse &quot;inakzeptabel&quot; - just-now.NEWS Deutschland","isPartOf":{"@id":"https:\/\/now-news.de\/de\/#website"},"primaryImageOfPage":{"@id":"https:\/\/now-news.de\/de\/deutschland\/tass-chef-un-report-zur-sicherheit-der-presse-inakzeptabel\/#primaryimage"},"image":{"@id":"https:\/\/now-news.de\/de\/deutschland\/tass-chef-un-report-zur-sicherheit-der-presse-inakzeptabel\/#primaryimage"},"thumbnailUrl":"https:\/\/now-news.de\/de\/wp-content\/uploads\/sites\/3\/2024\/11\/TASS-Chef-UN-Report-zur-Sicherheit-der-Presse-quotinakzeptabelquot.jpg","datePublished":"2024-11-23T11:38:25+00:00","dateModified":"2024-11-23T11:38:25+00:00","breadcrumb":{"@id":"https:\/\/now-news.de\/de\/deutschland\/tass-chef-un-report-zur-sicherheit-der-presse-inakzeptabel\/#breadcrumb"},"inLanguage":"de","potentialAction":[{"@type":"ReadAction","target":["https:\/\/now-news.de\/de\/deutschland\/tass-chef-un-report-zur-sicherheit-der-presse-inakzeptabel\/"]}]},{"@type":"ImageObject","inLanguage":"de","@id":"https:\/\/now-news.de\/de\/deutschland\/tass-chef-un-report-zur-sicherheit-der-presse-inakzeptabel\/#primaryimage","url":"https:\/\/now-news.de\/de\/wp-content\/uploads\/sites\/3\/2024\/11\/TASS-Chef-UN-Report-zur-Sicherheit-der-Presse-quotinakzeptabelquot.jpg","contentUrl":"https:\/\/now-news.de\/de\/wp-content\/uploads\/sites\/3\/2024\/11\/TASS-Chef-UN-Report-zur-Sicherheit-der-Presse-quotinakzeptabelquot.jpg","width":460,"height":259,"caption":"TASS-Chef: UN-Report zur Sicherheit der Presse &quot;inakzeptabel&quot;"},{"@type":"BreadcrumbList","@id":"https:\/\/now-news.de\/de\/deutschland\/tass-chef-un-report-zur-sicherheit-der-presse-inakzeptabel\/#breadcrumb","itemListElement":[{"@type":"ListItem","position":1,"name":"Home","item":"https:\/\/now-news.de\/de\/"},{"@type":"ListItem","position":2,"name":"TASS-Chef: UN-Report zur Sicherheit der Presse &quot;inakzeptabel&quot;"}]},{"@type":"WebSite","@id":"https:\/\/now-news.de\/de\/#website","url":"https:\/\/now-news.de\/de\/","name":"just-now.NEWS Deutschland","description":"Das Portal f\u00fcr unzensierte Nachrichten aus der Welt","publisher":{"@id":"https:\/\/now-news.de\/de\/#organization"},"potentialAction":[{"@type":"SearchAction","target":{"@type":"EntryPoint","urlTemplate":"https:\/\/now-news.de\/de\/?s={search_term_string}"},"query-input":"required name=search_term_string"}],"inLanguage":"de"},{"@type":"Organization","@id":"https:\/\/now-news.de\/de\/#organization","name":"Just Now News","url":"https:\/\/now-news.de\/de\/","logo":{"@type":"ImageObject","inLanguage":"de","@id":"https:\/\/now-news.de\/de\/#\/schema\/logo\/image\/","url":"http:\/\/just-now.news\/de\/wp-content\/uploads\/sites\/3\/2022\/04\/logo500x500.jpg","contentUrl":"http:\/\/just-now.news\/de\/wp-content\/uploads\/sites\/3\/2022\/04\/logo500x500.jpg","width":500,"height":500,"caption":"Just Now News"},"image":{"@id":"https:\/\/now-news.de\/de\/#\/schema\/logo\/image\/"},"sameAs":["https:\/\/www.facebook.com\/wirmachenauf","https:\/\/x.com\/WirMachenAuf_de"]},{"@type":"Person","@id":"https:\/\/now-news.de\/de\/#\/schema\/person\/fb534a4e865501d8b3285208df34a9b5","name":"rtnews","image":{"@type":"ImageObject","inLanguage":"de","@id":"https:\/\/now-news.de\/de\/#\/schema\/person\/image\/","url":"https:\/\/secure.gravatar.com\/avatar\/82aafea7d8127119dd649515f56e2117?s=96&d=mm&r=g","contentUrl":"https:\/\/secure.gravatar.com\/avatar\/82aafea7d8127119dd649515f56e2117?s=96&d=mm&r=g","caption":"rtnews"},"url":"https:\/\/now-news.de\/de\/author\/rnews\/"}]}},"_links":{"self":[{"href":"https:\/\/now-news.de\/de\/wp-json\/wp\/v2\/posts\/73112"}],"collection":[{"href":"https:\/\/now-news.de\/de\/wp-json\/wp\/v2\/posts"}],"about":[{"href":"https:\/\/now-news.de\/de\/wp-json\/wp\/v2\/types\/post"}],"author":[{"embeddable":true,"href":"https:\/\/now-news.de\/de\/wp-json\/wp\/v2\/users\/3"}],"replies":[{"embeddable":true,"href":"https:\/\/now-news.de\/de\/wp-json\/wp\/v2\/comments?post=73112"}],"version-history":[{"count":0,"href":"https:\/\/now-news.de\/de\/wp-json\/wp\/v2\/posts\/73112\/revisions"}],"wp:featuredmedia":[{"embeddable":true,"href":"https:\/\/now-news.de\/de\/wp-json\/wp\/v2\/media\/73113"}],"wp:attachment":[{"href":"https:\/\/now-news.de\/de\/wp-json\/wp\/v2\/media?parent=73112"}],"wp:term":[{"taxonomy":"category","embeddable":true,"href":"https:\/\/now-news.de\/de\/wp-json\/wp\/v2\/categories?post=73112"},{"taxonomy":"post_tag","embeddable":true,"href":"https:\/\/now-news.de\/de\/wp-json\/wp\/v2\/tags?post=73112"}],"curies":[{"name":"wp","href":"https:\/\/api.w.org\/{rel}","templated":true}]}}