{"id":73094,"date":"2024-11-22T22:30:03","date_gmt":"2024-11-22T20:30:03","guid":{"rendered":"https:\/\/now-news.de\/de\/deutschland\/lukaschenko-die-welt-steht-am-vorabend-des-dritten-weltkriegs\/"},"modified":"2024-11-22T22:30:03","modified_gmt":"2024-11-22T20:30:03","slug":"lukaschenko-die-welt-steht-am-vorabend-des-dritten-weltkriegs","status":"publish","type":"post","link":"https:\/\/now-news.de\/de\/deutschland\/lukaschenko-die-welt-steht-am-vorabend-des-dritten-weltkriegs\/","title":{"rendered":"Lukaschenko: &quot;Die Welt steht am Vorabend des Dritten Weltkriegs&quot;"},"content":{"rendered":"<p><img decoding=\"async\" src=\"https:\/\/now-news.de\/de\/wp-content\/uploads\/sites\/3\/2024\/11\/67407645b480cc536a5a5860.jpg\" \/><\/p>\n<div class=\"Text-root Text-type_1 \">\n                Wei\u00dfrusslands Pr\u00e4sident warnt davor, dass die Welt am Rande eines gro\u00dfen Krieges steht. Am Donnerstag best\u00e4tigte Putin, dass Russland als Reaktion auf Kiews Angriffe mit ATACMS- und Storm-Shadow-Raketen die neueste ballistische Oreschnik-Rakete eingesetzt hat.\n            <\/div>\n<p><\/p>\n<div class=\"Text-root Text-type_5 ArticleView-text ViewText-root \">\n<p>Die Welt steht am Vorabend des dritten Weltkriegs, erkl\u00e4rte der wei\u00dfrussische Pr\u00e4sident Alexander Lukaschenko bei einem Treffen mit Studenten von Universit\u00e4ten mit humanit\u00e4rem Profil.<\/p>\n<p>Ihm zufolge wird aktuell viel dar\u00fcber geredet, dass &#8220;so Gott will, der Dritte Weltkrieg nicht begonnen hat&#8221;. Die Welt befinde sich gerade am Vorabend dieses schrecklichen Ereignisses, doch &#8220;irgendwie verlangsamt sich die Menschheit und ist noch nicht dorthin gest\u00fcrzt&#8221;, sagte Lukaschenko.<\/p>\n<p>Gleichzeitig sei der Informationskrieg bereits seit langer Zeit aktiv im Gange, so der wei\u00dfrussische Staatschef. Es handele sich &#8220;nicht nur um eine Konfrontation, sondern um einen echten Informationskrieg&#8221;.<\/p>\n<p>Waleri Saluschny, der\u00a0ehemalige Oberkommandierende der ukrainischen Truppen und jetzige Botschafter der Ukraine in Gro\u00dfbritannien, erkl\u00e4rte am Donnerstag, es sei eine Tatsache, dass der Dritte Weltkrieg bereits begonnen habe.<\/p>\n<blockquote>\n<p><em>&#8220;Daher glaube ich, dass der Weltkrieg, willkommen \u2013 er hat begonnen.&#8221;<\/em><\/p>\n<\/blockquote>\n<p>Laut Saluschny ist dies dem Umstand geschuldet, dass Russland von anderen L\u00e4ndern wie etwa der DVRK\u00a0und dem Iran unterst\u00fctzt werde.<\/p>\n<p>Der Kreml erkl\u00e4rte, Russland habe andere Staaten nicht um Hilfe bei der Durchf\u00fchrung der milit\u00e4rischen Sonderoperation gebeten. Das Land habe ein eigenes Potenzial f\u00fcr Kampfeins\u00e4tze, betonte Kremlsprecher Dmitri Peskow.<\/p>\n<p>Am Donnerstag hatte der russische Pr\u00e4sident Wladimir Putin best\u00e4tigt, dass Russland in der Ukraine zum ersten Mal die neueste ballistische Mittelstreckenrakete vom Typ Oreschnik in einer nicht-nuklearen Hyperschallkonfiguration eingesetzt habe. Putin zufolge war dies Russlands Antwort auf den Einsatz westlicher Langstreckenraketen vom Typ ATACMS und Storm Shadow durch die ukrainischen Streitkr\u00e4fte bei Angriffen auf die Gebiete Kursk und Brjansk.<\/p>\n<p>Putin betonte, dass aufgrund dieser Ereignisse &#8220;der regionale Konflikt in der Ukraine Elemente globalen Charakters angenommen hat&#8221; und dass Russland sich nun berechtigt sehe, Waffen &#8220;gegen die milit\u00e4rischen Einrichtungen derjenigen L\u00e4nder einzusetzen, die den Einsatz ihrer Waffen gegen unsere Einrichtungen erlauben&#8221;.<\/p>\n<p>Der ukrainische Staatschef Wladimir Selenskij bezeichnete Russlands\u00a0Vorgehen als neue Eskalationsstufe und forderte die Welt auf, hart zu reagieren. Die USA und die UNO \u00e4u\u00dferten sich besorgt \u00fcber den Oreschnik-Einsatz.<\/p>\n<p><strong>Mehr zum Thema<\/strong> &#8211; <a rel=\"nofollow noopener\" target=\"_blank\" href=\"https:\/\/freedert.online\/europa\/226815-putin-bestaetigt-einsatz-neuer-mittelstreckenrakete-ukraine\/\">Putin best\u00e4tigt Einsatz neuer Mittelstreckenrakete in der Ukraine<\/a><\/p>\n<\/div>\n<p><br \/>\n<br \/><a href=\"https:\/\/de.rt.com\/international\/226883-lukaschenko-welt-steht-am-vorabend\/\">Source link <\/a><\/p>\n","protected":false},"excerpt":{"rendered":"<p>Wei\u00dfrusslands Pr\u00e4sident warnt davor, dass die Welt am Rande eines gro\u00dfen Krieges steht. Am Donnerstag best\u00e4tigte Putin, dass Russland als Reaktion auf Kiews Angriffe mit ATACMS- und Storm-Shadow-Raketen die neueste ballistische Oreschnik-Rakete eingesetzt hat. Die Welt steht am Vorabend des dritten Weltkriegs, erkl\u00e4rte der wei\u00dfrussische Pr\u00e4sident Alexander Lukaschenko bei einem Treffen mit Studenten von Universit\u00e4ten [&hellip;]<\/p>\n","protected":false},"author":3,"featured_media":73095,"comment_status":"open","ping_status":"open","sticky":false,"template":"","format":"standard","meta":{"_yoast_indexnow_last_ping":["1732307974"],"wp_automatic_camp":["217"],"7925d31063a670d735b5b73ccd7ba341":["Lukaschenko: &quot;Die Welt steht am Vorabend des Dritten Weltkriegs&quot;"],"original_link":["https:\/\/de.rt.com\/international\/226883-lukaschenko-welt-steht-am-vorabend\/"],"_thumbnail_id":["73095"],"jnews_social_counter_last_update":["1777322702"],"_wptgpro_p2tg_sent2tg":["a:1:{i:23737;s:19:\"2024-11-22 22:40:53\";}"]},"categories":[19,23],"tags":[583,1726,21453,1933,1606,15784,778,42036],"yoast_head":"<!-- This site is optimized with the Yoast SEO Premium plugin v22.7 (Yoast SEO v22.7) - https:\/\/yoast.com\/wordpress\/plugins\/seo\/ -->\n<title>Lukaschenko: &quot;Die Welt steht am Vorabend des Dritten Weltkriegs&quot; - just-now.NEWS Deutschland<\/title>\n<meta name=\"robots\" content=\"index, follow, max-snippet:-1, max-image-preview:large, max-video-preview:-1\" \/>\n<link rel=\"canonical\" href=\"https:\/\/now-news.de\/de\/deutschland\/lukaschenko-die-welt-steht-am-vorabend-des-dritten-weltkriegs\/\" \/>\n<meta property=\"og:locale\" content=\"de_DE\" \/>\n<meta property=\"og:type\" content=\"article\" \/>\n<meta property=\"og:title\" content=\"Lukaschenko: &quot;Die Welt steht am Vorabend des Dritten Weltkriegs&quot;\" \/>\n<meta property=\"og:description\" content=\"Wei\u00dfrusslands Pr\u00e4sident warnt davor, dass die Welt am Rande eines gro\u00dfen Krieges steht. Am Donnerstag best\u00e4tigte Putin, dass Russland als Reaktion auf Kiews Angriffe mit ATACMS- und Storm-Shadow-Raketen die neueste ballistische Oreschnik-Rakete eingesetzt hat. Die Welt steht am Vorabend des dritten Weltkriegs, erkl\u00e4rte der wei\u00dfrussische Pr\u00e4sident Alexander Lukaschenko bei einem Treffen mit Studenten von Universit\u00e4ten [&hellip;]\" \/>\n<meta property=\"og:url\" content=\"https:\/\/now-news.de\/de\/deutschland\/lukaschenko-die-welt-steht-am-vorabend-des-dritten-weltkriegs\/\" \/>\n<meta property=\"og:site_name\" content=\"just-now.NEWS Deutschland\" \/>\n<meta property=\"article:publisher\" content=\"https:\/\/www.facebook.com\/wirmachenauf\" \/>\n<meta property=\"article:published_time\" content=\"2024-11-22T20:30:03+00:00\" \/>\n<meta property=\"og:image\" content=\"https:\/\/now-news.de\/de\/wp-content\/uploads\/sites\/3\/2024\/11\/67407645b480cc536a5a5860.jpg\" \/>\n<meta name=\"author\" content=\"rtnews\" \/>\n<meta name=\"twitter:card\" content=\"summary_large_image\" \/>\n<meta name=\"twitter:creator\" content=\"@WirMachenAuf_de\" \/>\n<meta name=\"twitter:site\" content=\"@WirMachenAuf_de\" \/>\n<meta name=\"twitter:label1\" content=\"Verfasst von\" \/>\n\t<meta name=\"twitter:data1\" content=\"rtnews\" \/>\n\t<meta name=\"twitter:label2\" content=\"Gesch\u00e4tzte Lesezeit\" \/>\n\t<meta name=\"twitter:data2\" content=\"2\u00a0Minuten\" \/>\n<script type=\"application\/ld+json\" class=\"yoast-schema-graph\">{\"@context\":\"https:\/\/schema.org\",\"@graph\":[{\"@type\":\"Article\",\"@id\":\"https:\/\/now-news.de\/de\/deutschland\/lukaschenko-die-welt-steht-am-vorabend-des-dritten-weltkriegs\/#article\",\"isPartOf\":{\"@id\":\"https:\/\/now-news.de\/de\/deutschland\/lukaschenko-die-welt-steht-am-vorabend-des-dritten-weltkriegs\/\"},\"author\":{\"name\":\"rtnews\",\"@id\":\"https:\/\/now-news.de\/de\/#\/schema\/person\/fb534a4e865501d8b3285208df34a9b5\"},\"headline\":\"Lukaschenko: &quot;Die Welt steht am Vorabend des Dritten Weltkriegs&quot;\",\"datePublished\":\"2024-11-22T20:30:03+00:00\",\"dateModified\":\"2024-11-22T20:30:03+00:00\",\"mainEntityOfPage\":{\"@id\":\"https:\/\/now-news.de\/de\/deutschland\/lukaschenko-die-welt-steht-am-vorabend-des-dritten-weltkriegs\/\"},\"wordCount\":400,\"commentCount\":0,\"publisher\":{\"@id\":\"https:\/\/now-news.de\/de\/#organization\"},\"image\":{\"@id\":\"https:\/\/now-news.de\/de\/deutschland\/lukaschenko-die-welt-steht-am-vorabend-des-dritten-weltkriegs\/#primaryimage\"},\"thumbnailUrl\":\"https:\/\/now-news.de\/de\/wp-content\/uploads\/sites\/3\/2024\/11\/Lukaschenko-quotDie-Welt-steht-am-Vorabend-des-Dritten-Weltkriegsquot.jpg\",\"keywords\":[\"des\",\"dritten\",\"Lukaschenko\",\"quotDie\",\"steht\",\"Vorabend\",\"Welt\",\"Weltkriegsquot\"],\"articleSection\":[\"Deutschland\",\"Russland\"],\"inLanguage\":\"de\",\"potentialAction\":[{\"@type\":\"CommentAction\",\"name\":\"Comment\",\"target\":[\"https:\/\/now-news.de\/de\/deutschland\/lukaschenko-die-welt-steht-am-vorabend-des-dritten-weltkriegs\/#respond\"]}]},{\"@type\":\"WebPage\",\"@id\":\"https:\/\/now-news.de\/de\/deutschland\/lukaschenko-die-welt-steht-am-vorabend-des-dritten-weltkriegs\/\",\"url\":\"https:\/\/now-news.de\/de\/deutschland\/lukaschenko-die-welt-steht-am-vorabend-des-dritten-weltkriegs\/\",\"name\":\"Lukaschenko: &quot;Die Welt steht am Vorabend des Dritten Weltkriegs&quot; - just-now.NEWS Deutschland\",\"isPartOf\":{\"@id\":\"https:\/\/now-news.de\/de\/#website\"},\"primaryImageOfPage\":{\"@id\":\"https:\/\/now-news.de\/de\/deutschland\/lukaschenko-die-welt-steht-am-vorabend-des-dritten-weltkriegs\/#primaryimage\"},\"image\":{\"@id\":\"https:\/\/now-news.de\/de\/deutschland\/lukaschenko-die-welt-steht-am-vorabend-des-dritten-weltkriegs\/#primaryimage\"},\"thumbnailUrl\":\"https:\/\/now-news.de\/de\/wp-content\/uploads\/sites\/3\/2024\/11\/Lukaschenko-quotDie-Welt-steht-am-Vorabend-des-Dritten-Weltkriegsquot.jpg\",\"datePublished\":\"2024-11-22T20:30:03+00:00\",\"dateModified\":\"2024-11-22T20:30:03+00:00\",\"breadcrumb\":{\"@id\":\"https:\/\/now-news.de\/de\/deutschland\/lukaschenko-die-welt-steht-am-vorabend-des-dritten-weltkriegs\/#breadcrumb\"},\"inLanguage\":\"de\",\"potentialAction\":[{\"@type\":\"ReadAction\",\"target\":[\"https:\/\/now-news.de\/de\/deutschland\/lukaschenko-die-welt-steht-am-vorabend-des-dritten-weltkriegs\/\"]}]},{\"@type\":\"ImageObject\",\"inLanguage\":\"de\",\"@id\":\"https:\/\/now-news.de\/de\/deutschland\/lukaschenko-die-welt-steht-am-vorabend-des-dritten-weltkriegs\/#primaryimage\",\"url\":\"https:\/\/now-news.de\/de\/wp-content\/uploads\/sites\/3\/2024\/11\/Lukaschenko-quotDie-Welt-steht-am-Vorabend-des-Dritten-Weltkriegsquot.jpg\",\"contentUrl\":\"https:\/\/now-news.de\/de\/wp-content\/uploads\/sites\/3\/2024\/11\/Lukaschenko-quotDie-Welt-steht-am-Vorabend-des-Dritten-Weltkriegsquot.jpg\",\"width\":460,\"height\":259,\"caption\":\"Lukaschenko: &quot;Die Welt steht am Vorabend des Dritten Weltkriegs&quot;\"},{\"@type\":\"BreadcrumbList\",\"@id\":\"https:\/\/now-news.de\/de\/deutschland\/lukaschenko-die-welt-steht-am-vorabend-des-dritten-weltkriegs\/#breadcrumb\",\"itemListElement\":[{\"@type\":\"ListItem\",\"position\":1,\"name\":\"Home\",\"item\":\"https:\/\/now-news.de\/de\/\"},{\"@type\":\"ListItem\",\"position\":2,\"name\":\"Lukaschenko: &quot;Die Welt steht am Vorabend des Dritten Weltkriegs&quot;\"}]},{\"@type\":\"WebSite\",\"@id\":\"https:\/\/now-news.de\/de\/#website\",\"url\":\"https:\/\/now-news.de\/de\/\",\"name\":\"just-now.NEWS Deutschland\",\"description\":\"Das Portal f\u00fcr unzensierte Nachrichten aus der Welt\",\"publisher\":{\"@id\":\"https:\/\/now-news.de\/de\/#organization\"},\"potentialAction\":[{\"@type\":\"SearchAction\",\"target\":{\"@type\":\"EntryPoint\",\"urlTemplate\":\"https:\/\/now-news.de\/de\/?s={search_term_string}\"},\"query-input\":\"required name=search_term_string\"}],\"inLanguage\":\"de\"},{\"@type\":\"Organization\",\"@id\":\"https:\/\/now-news.de\/de\/#organization\",\"name\":\"Just Now News\",\"url\":\"https:\/\/now-news.de\/de\/\",\"logo\":{\"@type\":\"ImageObject\",\"inLanguage\":\"de\",\"@id\":\"https:\/\/now-news.de\/de\/#\/schema\/logo\/image\/\",\"url\":\"http:\/\/just-now.news\/de\/wp-content\/uploads\/sites\/3\/2022\/04\/logo500x500.jpg\",\"contentUrl\":\"http:\/\/just-now.news\/de\/wp-content\/uploads\/sites\/3\/2022\/04\/logo500x500.jpg\",\"width\":500,\"height\":500,\"caption\":\"Just Now News\"},\"image\":{\"@id\":\"https:\/\/now-news.de\/de\/#\/schema\/logo\/image\/\"},\"sameAs\":[\"https:\/\/www.facebook.com\/wirmachenauf\",\"https:\/\/x.com\/WirMachenAuf_de\"]},{\"@type\":\"Person\",\"@id\":\"https:\/\/now-news.de\/de\/#\/schema\/person\/fb534a4e865501d8b3285208df34a9b5\",\"name\":\"rtnews\",\"image\":{\"@type\":\"ImageObject\",\"inLanguage\":\"de\",\"@id\":\"https:\/\/now-news.de\/de\/#\/schema\/person\/image\/\",\"url\":\"https:\/\/secure.gravatar.com\/avatar\/82aafea7d8127119dd649515f56e2117?s=96&d=mm&r=g\",\"contentUrl\":\"https:\/\/secure.gravatar.com\/avatar\/82aafea7d8127119dd649515f56e2117?s=96&d=mm&r=g\",\"caption\":\"rtnews\"},\"url\":\"https:\/\/now-news.de\/de\/author\/rnews\/\"}]}<\/script>\n<!-- \/ Yoast SEO Premium plugin. -->","yoast_head_json":{"title":"Lukaschenko: &quot;Die Welt steht am Vorabend des Dritten Weltkriegs&quot; - just-now.NEWS Deutschland","robots":{"index":"index","follow":"follow","max-snippet":"max-snippet:-1","max-image-preview":"max-image-preview:large","max-video-preview":"max-video-preview:-1"},"canonical":"https:\/\/now-news.de\/de\/deutschland\/lukaschenko-die-welt-steht-am-vorabend-des-dritten-weltkriegs\/","og_locale":"de_DE","og_type":"article","og_title":"Lukaschenko: &quot;Die Welt steht am Vorabend des Dritten Weltkriegs&quot;","og_description":"Wei\u00dfrusslands Pr\u00e4sident warnt davor, dass die Welt am Rande eines gro\u00dfen Krieges steht. Am Donnerstag best\u00e4tigte Putin, dass Russland als Reaktion auf Kiews Angriffe mit ATACMS- und Storm-Shadow-Raketen die neueste ballistische Oreschnik-Rakete eingesetzt hat. Die Welt steht am Vorabend des dritten Weltkriegs, erkl\u00e4rte der wei\u00dfrussische Pr\u00e4sident Alexander Lukaschenko bei einem Treffen mit Studenten von Universit\u00e4ten [&hellip;]","og_url":"https:\/\/now-news.de\/de\/deutschland\/lukaschenko-die-welt-steht-am-vorabend-des-dritten-weltkriegs\/","og_site_name":"just-now.NEWS Deutschland","article_publisher":"https:\/\/www.facebook.com\/wirmachenauf","article_published_time":"2024-11-22T20:30:03+00:00","og_image":[{"url":"https:\/\/now-news.de\/de\/wp-content\/uploads\/sites\/3\/2024\/11\/67407645b480cc536a5a5860.jpg"}],"author":"rtnews","twitter_card":"summary_large_image","twitter_creator":"@WirMachenAuf_de","twitter_site":"@WirMachenAuf_de","twitter_misc":{"Verfasst von":"rtnews","Gesch\u00e4tzte Lesezeit":"2\u00a0Minuten"},"schema":{"@context":"https:\/\/schema.org","@graph":[{"@type":"Article","@id":"https:\/\/now-news.de\/de\/deutschland\/lukaschenko-die-welt-steht-am-vorabend-des-dritten-weltkriegs\/#article","isPartOf":{"@id":"https:\/\/now-news.de\/de\/deutschland\/lukaschenko-die-welt-steht-am-vorabend-des-dritten-weltkriegs\/"},"author":{"name":"rtnews","@id":"https:\/\/now-news.de\/de\/#\/schema\/person\/fb534a4e865501d8b3285208df34a9b5"},"headline":"Lukaschenko: &quot;Die Welt steht am Vorabend des Dritten Weltkriegs&quot;","datePublished":"2024-11-22T20:30:03+00:00","dateModified":"2024-11-22T20:30:03+00:00","mainEntityOfPage":{"@id":"https:\/\/now-news.de\/de\/deutschland\/lukaschenko-die-welt-steht-am-vorabend-des-dritten-weltkriegs\/"},"wordCount":400,"commentCount":0,"publisher":{"@id":"https:\/\/now-news.de\/de\/#organization"},"image":{"@id":"https:\/\/now-news.de\/de\/deutschland\/lukaschenko-die-welt-steht-am-vorabend-des-dritten-weltkriegs\/#primaryimage"},"thumbnailUrl":"https:\/\/now-news.de\/de\/wp-content\/uploads\/sites\/3\/2024\/11\/Lukaschenko-quotDie-Welt-steht-am-Vorabend-des-Dritten-Weltkriegsquot.jpg","keywords":["des","dritten","Lukaschenko","quotDie","steht","Vorabend","Welt","Weltkriegsquot"],"articleSection":["Deutschland","Russland"],"inLanguage":"de","potentialAction":[{"@type":"CommentAction","name":"Comment","target":["https:\/\/now-news.de\/de\/deutschland\/lukaschenko-die-welt-steht-am-vorabend-des-dritten-weltkriegs\/#respond"]}]},{"@type":"WebPage","@id":"https:\/\/now-news.de\/de\/deutschland\/lukaschenko-die-welt-steht-am-vorabend-des-dritten-weltkriegs\/","url":"https:\/\/now-news.de\/de\/deutschland\/lukaschenko-die-welt-steht-am-vorabend-des-dritten-weltkriegs\/","name":"Lukaschenko: &quot;Die Welt steht am Vorabend des Dritten Weltkriegs&quot; - just-now.NEWS Deutschland","isPartOf":{"@id":"https:\/\/now-news.de\/de\/#website"},"primaryImageOfPage":{"@id":"https:\/\/now-news.de\/de\/deutschland\/lukaschenko-die-welt-steht-am-vorabend-des-dritten-weltkriegs\/#primaryimage"},"image":{"@id":"https:\/\/now-news.de\/de\/deutschland\/lukaschenko-die-welt-steht-am-vorabend-des-dritten-weltkriegs\/#primaryimage"},"thumbnailUrl":"https:\/\/now-news.de\/de\/wp-content\/uploads\/sites\/3\/2024\/11\/Lukaschenko-quotDie-Welt-steht-am-Vorabend-des-Dritten-Weltkriegsquot.jpg","datePublished":"2024-11-22T20:30:03+00:00","dateModified":"2024-11-22T20:30:03+00:00","breadcrumb":{"@id":"https:\/\/now-news.de\/de\/deutschland\/lukaschenko-die-welt-steht-am-vorabend-des-dritten-weltkriegs\/#breadcrumb"},"inLanguage":"de","potentialAction":[{"@type":"ReadAction","target":["https:\/\/now-news.de\/de\/deutschland\/lukaschenko-die-welt-steht-am-vorabend-des-dritten-weltkriegs\/"]}]},{"@type":"ImageObject","inLanguage":"de","@id":"https:\/\/now-news.de\/de\/deutschland\/lukaschenko-die-welt-steht-am-vorabend-des-dritten-weltkriegs\/#primaryimage","url":"https:\/\/now-news.de\/de\/wp-content\/uploads\/sites\/3\/2024\/11\/Lukaschenko-quotDie-Welt-steht-am-Vorabend-des-Dritten-Weltkriegsquot.jpg","contentUrl":"https:\/\/now-news.de\/de\/wp-content\/uploads\/sites\/3\/2024\/11\/Lukaschenko-quotDie-Welt-steht-am-Vorabend-des-Dritten-Weltkriegsquot.jpg","width":460,"height":259,"caption":"Lukaschenko: &quot;Die Welt steht am Vorabend des Dritten Weltkriegs&quot;"},{"@type":"BreadcrumbList","@id":"https:\/\/now-news.de\/de\/deutschland\/lukaschenko-die-welt-steht-am-vorabend-des-dritten-weltkriegs\/#breadcrumb","itemListElement":[{"@type":"ListItem","position":1,"name":"Home","item":"https:\/\/now-news.de\/de\/"},{"@type":"ListItem","position":2,"name":"Lukaschenko: &quot;Die Welt steht am Vorabend des Dritten Weltkriegs&quot;"}]},{"@type":"WebSite","@id":"https:\/\/now-news.de\/de\/#website","url":"https:\/\/now-news.de\/de\/","name":"just-now.NEWS Deutschland","description":"Das Portal f\u00fcr unzensierte Nachrichten aus der Welt","publisher":{"@id":"https:\/\/now-news.de\/de\/#organization"},"potentialAction":[{"@type":"SearchAction","target":{"@type":"EntryPoint","urlTemplate":"https:\/\/now-news.de\/de\/?s={search_term_string}"},"query-input":"required name=search_term_string"}],"inLanguage":"de"},{"@type":"Organization","@id":"https:\/\/now-news.de\/de\/#organization","name":"Just Now News","url":"https:\/\/now-news.de\/de\/","logo":{"@type":"ImageObject","inLanguage":"de","@id":"https:\/\/now-news.de\/de\/#\/schema\/logo\/image\/","url":"http:\/\/just-now.news\/de\/wp-content\/uploads\/sites\/3\/2022\/04\/logo500x500.jpg","contentUrl":"http:\/\/just-now.news\/de\/wp-content\/uploads\/sites\/3\/2022\/04\/logo500x500.jpg","width":500,"height":500,"caption":"Just Now News"},"image":{"@id":"https:\/\/now-news.de\/de\/#\/schema\/logo\/image\/"},"sameAs":["https:\/\/www.facebook.com\/wirmachenauf","https:\/\/x.com\/WirMachenAuf_de"]},{"@type":"Person","@id":"https:\/\/now-news.de\/de\/#\/schema\/person\/fb534a4e865501d8b3285208df34a9b5","name":"rtnews","image":{"@type":"ImageObject","inLanguage":"de","@id":"https:\/\/now-news.de\/de\/#\/schema\/person\/image\/","url":"https:\/\/secure.gravatar.com\/avatar\/82aafea7d8127119dd649515f56e2117?s=96&d=mm&r=g","contentUrl":"https:\/\/secure.gravatar.com\/avatar\/82aafea7d8127119dd649515f56e2117?s=96&d=mm&r=g","caption":"rtnews"},"url":"https:\/\/now-news.de\/de\/author\/rnews\/"}]}},"_links":{"self":[{"href":"https:\/\/now-news.de\/de\/wp-json\/wp\/v2\/posts\/73094"}],"collection":[{"href":"https:\/\/now-news.de\/de\/wp-json\/wp\/v2\/posts"}],"about":[{"href":"https:\/\/now-news.de\/de\/wp-json\/wp\/v2\/types\/post"}],"author":[{"embeddable":true,"href":"https:\/\/now-news.de\/de\/wp-json\/wp\/v2\/users\/3"}],"replies":[{"embeddable":true,"href":"https:\/\/now-news.de\/de\/wp-json\/wp\/v2\/comments?post=73094"}],"version-history":[{"count":0,"href":"https:\/\/now-news.de\/de\/wp-json\/wp\/v2\/posts\/73094\/revisions"}],"wp:featuredmedia":[{"embeddable":true,"href":"https:\/\/now-news.de\/de\/wp-json\/wp\/v2\/media\/73095"}],"wp:attachment":[{"href":"https:\/\/now-news.de\/de\/wp-json\/wp\/v2\/media?parent=73094"}],"wp:term":[{"taxonomy":"category","embeddable":true,"href":"https:\/\/now-news.de\/de\/wp-json\/wp\/v2\/categories?post=73094"},{"taxonomy":"post_tag","embeddable":true,"href":"https:\/\/now-news.de\/de\/wp-json\/wp\/v2\/tags?post=73094"}],"curies":[{"name":"wp","href":"https:\/\/api.w.org\/{rel}","templated":true}]}}